{"id":221663,"date":"2021-07-14T12:25:15","date_gmt":"2021-07-14T10:25:15","guid":{"rendered":"https:\/\/www.radiopiu.net\/wordpress\/?p=221663"},"modified":"2021-07-14T14:19:00","modified_gmt":"2021-07-14T12:19:00","slug":"landamento-della-pandemia-le-ultime-notizie-da-venezia-parla-zaia","status":"publish","type":"post","link":"https:\/\/www.radiopiu.net\/wordpress\/landamento-della-pandemia-le-ultime-notizie-da-venezia-parla-zaia\/","title":{"rendered":"L&#8217;ANDAMENTO DELLA PANDEMIA, LE ULTIME NOTIZIE DA VENEZIA &#8211; PARLA ZAIA"},"content":{"rendered":"<p>&nbsp;<\/p>\n<h2>NELLE ULTIME 24 ORE<\/h2>\n<p style=\"padding-left: 40px; text-align: left;\"><strong>IN VENETO <\/strong>TAMPONI\u00a0 MOLECLARI 5.786.230 TAMPONI RAPIDI\u00a0 5.420.000<strong>,<\/strong> POSITIVI TOTALI\u00a0 427004 <span style=\"color: #ff0000;\">(+261)\u00a0 <span style=\"color: #000000;\">SU 27465 TAMPONI INCIDENZA 0,95\u00a0 <\/span><\/span>ATTUALMENTE POSITIVI\u00a0 5492\u00a0 <span style=\"color: #ff0000;\">(+194) \u00a0<\/span> DECEDUTI 11624 (+1<span style=\"color: #000000;\">)<\/span>\u00a0 NEGATIVIZZATI\u00a0 409786 <span style=\"color: #ff0000;\">(+31)<\/span> \u00a0RICOVERATI AREA NON CRITICA 233<span style=\"color: #ff0000;\"> () <\/span>\u00a0IN TERAPIA INTENSIVA 16 <span style=\"color: #ff0000;\">()<span style=\"color: #000000;\"> TERAPIA INTENSIVA NO COVID 351 DIMESSI 22.220 (+4)<\/span><\/span><\/p>\n<p><strong>IN PROVINCIA<\/strong> POSITIVI DAL 21 FEBBRAIO 21521 <span style=\"color: #0000ff;\">(+4)<\/span>\u00a0 \u00a0ATTUALMENTE POSITIVI 83 <span style=\"color: #0000ff;\">(-1)<\/span> DECEDUTI DAL 21 FEBBRAIO 644 (0)\u00a0 NEGATIVIZZATI\u00a0 20794 (+5<span style=\"color: #0000ff;\">)\u00a0 PAZIENTI RICOVERATI A BELLUNO IN AREA NON CRITICA 1 (0)<\/span><\/p>\n<p>&nbsp;<\/p>\n<blockquote>\n<h3>LEGGI LA CONFERENZA STAMPA DI LUCA ZAIA, AGGIORNAMENTO IN TEMPO REALE<\/h3>\n<p><em>I giovani\u00a0 15 &#8211; 24 sono i pi\u00f9 colpiti dalla variante Delta, i vaccini sono per tutti, ma l&#8217;appello \u00e8 per i pi\u00f9 giovani. Grandi navi: \u00a0auspico una rinegoziazione della concessione<\/em><\/p><\/blockquote>\n<p><strong>SITUAZIONE<\/strong> Continuiamo a dire che la correlazione positivo-ricoveri \u00e8 di gran lunga inferiore rispetto alle altre ondate. L&#8217;Inghilterra ha fatto 210mila positivi in una settimana con 3000 ricoveri, di gran lunga inferiore ai precedenti. Contiamo di andare avanti con i tamponi. Continuo a fare appello a livello nazionale perch\u00e9 si faccia in modo che l&#8217;incidenza (positivi su 100 mila abitanti) sia un valore\u00a0 depotenziato per il passaggio di colore, altrimenti diventa controproducente fare i tamponi. <strong>CAMBIO DI COLORE<\/strong> Con 50 positivi a settimana si passa da un colore all&#8217;altro.\u00a0 Il dato vero \u00e8 quello dei sintomi e ospedalizzazione. Abbiamo 276mila posti liberi fino a settembre per la vaccinazione a disposizione di chi vuole mettersi in sicurezza. Ad agosto siamo aperti e non chiusi per ferie, i centri vaccinali lavoreranno a pieno ritmo con il grazie ai sanitari e ai volontari. <strong>IL VENETO RISCHIA LA FASCIA GIALLA?<\/strong> Non abbiamo parametri. Non avverto il rischio, i parametri incidenza e ospedalizzazioni sono praticamente a zero, va incentivata la campagna dei tamponi e ritarata l&#8217;incidenza, come ci dicessero di correre (fare tamponi) e poi ci sanzionano perch\u00e9 abbiamo corso pi\u00f9 degli altri. Se va cos\u00ec ci mettiamo a riposo e facciamo quello che prevede la legge: 7500 tamponi, di norma ne facciamo 27mila dando un grande servizio ai cittadini.<strong> IN FRANCIA PASS VACCINALE ANCHE PER IL CAFFE&#8217; (O TAMPONE)<\/strong> Intanto queste devono essere iniziative coordinate e valutate con seriet\u00e0. Si aprono alcuni scenari: vaccino obbligatorio per muoversi di casa; c&#8217;\u00e8 il tema della privacy, siamo l&#8217;unica Regione bachettata dal garante perch\u00e9 chiediamo il green pass all&#8217;ingresso degli ospedali; quando si introduce una norma come quella di macron bisogna anche garantire il vaccino per tutti. E&#8217; un partita per il CTS, ci sar\u00e0 sicuramente un dibattito. <strong>BIMBI NON GHETIZZATI<\/strong>\u00a0 Sono contrario a classi di vaccinati e classi di non vaccinati. <strong>AUMENTO CONTAGI E RISCHIO GIALLO<\/strong> E&#8217; materia scientifica per il CTS \u00e8 logico che il virus abbia la sua evoluzione e piani di sanit\u00e0 pubblica adeguati alla situazione. Dovremo essere proporzionali in base allo scenario. Oggi ci sono tanti asintomatici e bassa ospedalizzazione. <strong>GRANDI NAVI<\/strong>\u00a0 Noi siamo per far uscire le navi dal canale della Giudecca e del bacino di San Marco, lo diciamo da 9 anni e mezzo, i litigi tra Ministeri, Beni Culturali e Ambiente non hanno portato a soluzioni. Ho ricordato\u00a0 a Draghi che la concessionaria Venezia Terminal non avr\u00e0 ulteriori transiti, la societ\u00e0 \u00e8 della Regione con le compagnie di crociere, servono i ristori per i mancati proventi (Draghi concorda) e poi \u00e8 un tema di comunicazione internazionale e non pu\u00f2 passare l&#8217;idea che in Italia si spegne l&#8217;interrutore e tutti a casa.<\/p>\n<blockquote>\n<h3>MANUELA LANZARIN assesore Regione Veneto<\/h3>\n<\/blockquote>\n<p><strong>COMMISSIONE D&#8217;INCHIESTA COVID<\/strong> Ieri ho portato il saluto e ho detto che siamo tranquilli e sereni. Sar\u00e0 una commissione costruttiva per fare luce rispetto alla gestione dell&#8217;emergenza e varie ondate, potr\u00e0 anche mettere a fuoco alcune questione e quindi risultare utile. Verr\u00f2 sentita verso la fine dopo aver toccato le varie materie, \u00e8 necessario un ordine degli interventi concentrando le sedute per argomento.<\/p>\n<p>&nbsp;<\/p>\n<blockquote>\n<h3>INGEGNER PAOLO FATTORI tecnico Regione Veneto<\/h3>\n<p><strong>PUNTO VACCINI<\/strong> \u00a02.281.000 persone hanno ricevuto almeno una dose, pari al 64% della popolazione vaccinabile. All&#8217;8 settembre ci sono 298.000 over 12 che hanno gi\u00e0 fatto la prenotazione (70% della popolazione che ha intrapreso il percorso vaccinale), pi\u00f9 di 200.000 posti liberi (80% della popolazione vaccinata).\u00a0 <strong>SECONDA DOSE OVER 60 <\/strong>88% degli over 60 ha ricevuto una prima dose ed entro fine luglio sar\u00e0 inoculata la seconda.\u00a0 <strong>CONSEGNA VACCINI<\/strong>: Pfizer\u00a0 -2,59% sulle previsioni nel primo trimestre, oggi riduzione delle consegne del -17%. Moderna primo trimestre -20% nelle consegne,\u00a0 oggi -40%. AstraZeneca\u00a0e\u00a0Johnson&amp;Johnson\u00a0non sono pi\u00f9 di interesse\u00a0avendo quasi concluso la fascia over 60.<\/p><\/blockquote>\n<p>&nbsp;<\/p>\n<p><a href=\"https:\/\/www.facebook.com\/zaiaufficiale\/videos\/474472397322450\">https:\/\/www.facebook.com\/zaiaufficiale\/videos\/474472397322450<\/a><\/p>\n","protected":false},"excerpt":{"rendered":"<p>&nbsp; NELLE ULTIME 24 ORE IN VENETO TAMPONI\u00a0 MOLECLARI 5.786.230 TAMPONI RAPIDI\u00a0 5.420.000, POSITIVI TOTALI\u00a0 427004 (+261)\u00a0 SU 27465 TAMPONI INCIDENZA 0,95\u00a0 ATTUALMENTE POSITIVI\u00a0 5492\u00a0 (+194) \u00a0 DECEDUTI 11624 (+1)\u00a0 NEGATIVIZZATI\u00a0 409786 (+31) \u00a0RICOVERATI AREA NON CRITICA 233 () \u00a0IN TERAPIA INTENSIVA 16 () TERAPIA INTENSIVA NO COVID 351 DIMESSI 22.220 (+4) IN PROVINCIA POSITIVI&hellip;<\/p>\n","protected":false},"author":4,"featured_media":175390,"comment_status":"closed","ping_status":"open","sticky":false,"template":"","format":"standard","meta":{"_monsterinsights_skip_tracking":false,"_monsterinsights_sitenote_active":false,"_monsterinsights_sitenote_note":"","_monsterinsights_sitenote_category":0,"footnotes":""},"categories":[51,49],"tags":[],"class_list":["post-221663","post","type-post","status-publish","format-standard","has-post-thumbnail","hentry","category-evidenza-top","category-news-18","category-51","category-49","description-off"],"img_url":"https:\/\/www.radiopiu.net\/wordpress\/wp-content\/uploads\/2020\/11\/ZAIA-2.jpg","_links":{"self":[{"href":"https:\/\/www.radiopiu.net\/wordpress\/wp-json\/wp\/v2\/posts\/221663","targetHints":{"allow":["GET"]}}],"collection":[{"href":"https:\/\/www.radiopiu.net\/wordpress\/wp-json\/wp\/v2\/posts"}],"about":[{"href":"https:\/\/www.radiopiu.net\/wordpress\/wp-json\/wp\/v2\/types\/post"}],"author":[{"embeddable":true,"href":"https:\/\/www.radiopiu.net\/wordpress\/wp-json\/wp\/v2\/users\/4"}],"replies":[{"embeddable":true,"href":"https:\/\/www.radiopiu.net\/wordpress\/wp-json\/wp\/v2\/comments?post=221663"}],"version-history":[{"count":0,"href":"https:\/\/www.radiopiu.net\/wordpress\/wp-json\/wp\/v2\/posts\/221663\/revisions"}],"wp:featuredmedia":[{"embeddable":true,"href":"https:\/\/www.radiopiu.net\/wordpress\/wp-json\/wp\/v2\/media\/175390"}],"wp:attachment":[{"href":"https:\/\/www.radiopiu.net\/wordpress\/wp-json\/wp\/v2\/media?parent=221663"}],"wp:term":[{"taxonomy":"category","embeddable":true,"href":"https:\/\/www.radiopiu.net\/wordpress\/wp-json\/wp\/v2\/categories?post=221663"},{"taxonomy":"post_tag","embeddable":true,"href":"https:\/\/www.radiopiu.net\/wordpress\/wp-json\/wp\/v2\/tags?post=221663"}],"curies":[{"name":"wp","href":"https:\/\/api.w.org\/{rel}","templated":true}]}}