{"id":221693,"date":"2021-07-14T14:36:54","date_gmt":"2021-07-14T12:36:54","guid":{"rendered":"https:\/\/www.radiopiu.net\/wordpress\/?p=221693"},"modified":"2021-07-15T06:08:17","modified_gmt":"2021-07-15T04:08:17","slug":"caro-presidente-zaia-a-proposito-del-prossimo-giro-ditalia-di-ciclismo","status":"publish","type":"post","link":"https:\/\/www.radiopiu.net\/wordpress\/caro-presidente-zaia-a-proposito-del-prossimo-giro-ditalia-di-ciclismo\/","title":{"rendered":"CARO PRESIDENTE ZAIA&#8230;. A PROPOSITO DEL PROSSIMO GIRO D&#8217;ITALIA DI CICLISMO"},"content":{"rendered":"<p><strong>BELLUNO<\/strong> Belluno Alpina ha scritto una lettera al\u00a0 presidente Zaia per il Giro d&#8217;Italia 2022 chiedendo che il prossimo Giro d&#8217;Italia di ciclismo\u00a0 passi per le Prealpi della Valbelluna. La richiesta metterlo nero su bianco. L&#8217;appello va a rafforzare il progetto gi\u00e0 inviato dai comuni di Alpago, Chies, Tambre, Belluno, Ponte nelle Alpi e Limana.<\/p>\n<p><strong>LA LETTERA<\/strong><\/p>\n<blockquote><p><em><img decoding=\"async\" class=\"alignleft\" src=\"https:\/\/www.radiopiu.net\/wordpress\/wp-content\/uploads\/2021\/07\/th-10.jpg\" \/>\u201cOra tocca a noi, c&#8217;\u00e8 un intero comprensorio che da tempo sta lavorando per la cura, la manutenzione e la promozione del suo territorio\u201d, spiegano dall&#8217;associazione \u201ce non c&#8217;\u00e8 occasione migliore del Giro d&#8217;Italia del prossimo anno per dare ulteriore valore alle Prealpi\u201d. Nella lettera, si sottolinea come il comprensorio sar\u00e0 gi\u00e0 \u201ctestato\u201d in occasione della prima edizione della Granfondo del Dragone, organizzata da una realt\u00e0 storica e consolidata nel mondo del ciclismo come la Dolomiti PSG, che si terr\u00e0 a fine agosto e che attraverser\u00e0 le localit\u00e0 alpine e prealpine dei comuni coinvolti. \u201cNel 1968 si registr\u00f2 uno storico passaggio della corsa rosa in queste terre prealpine, con Merckx in maglia rosa e una dura selezione sulla salita di Ronce\u201d si ricorda nella lettera \u201ce vogliamo dare ai nostri giovani un altro grande evento da ricordare\u201d. A coronare poi l&#8217;evento ci sarebbe un anniversario importante che tocca uno dei bellunesi pi\u00f9 conosciuti in Italia e nel mondo: \u201cNel cinquantesimo anniversario della scomparsa di Dino Buzzati, il passaggio del Giro e tutti gli eventi ad esso correlati possono dare nuovi stimoli per continuare a vivere e investire in queste zone. Sarebbe il coronamento del lavoro che come cittadini, come montanari, abbiamo portato avanti duramente in questi anni per migliorare la qualit\u00e0 della vita degli abitanti dei territori prealpini della Valbelluna\u201d. \u201cSiamo un comprensorio che vuole continuare a vivere, e che per farlo ha bisogno di investimenti, di residenti e di nuove forze giovani\u201d, concludono da Belluno Alpina. \u201cConfidiamo che, in queste settimane decisive per la definizione dell&#8217;itinerario del Giro del prossimo anno, si possa trovare spazio per questo territorio che ha bisogno come non mai di attenzioni e di occasioni di visibilit\u00e0\u201d.<\/em><\/p>\n<p>&nbsp;<\/p><\/blockquote>\n","protected":false},"excerpt":{"rendered":"<p>BELLUNO Belluno Alpina ha scritto una lettera al\u00a0 presidente Zaia per il Giro d&#8217;Italia 2022 chiedendo che il prossimo Giro d&#8217;Italia di ciclismo\u00a0 passi per le Prealpi della Valbelluna. La richiesta metterlo nero su bianco. L&#8217;appello va a rafforzare il progetto gi\u00e0 inviato dai comuni di Alpago, Chies, Tambre, Belluno, Ponte nelle Alpi e Limana.&hellip;<\/p>\n","protected":false},"author":4,"featured_media":221695,"comment_status":"closed","ping_status":"open","sticky":false,"template":"","format":"standard","meta":{"_monsterinsights_skip_tracking":false,"_monsterinsights_sitenote_active":false,"_monsterinsights_sitenote_note":"","_monsterinsights_sitenote_category":0,"footnotes":""},"categories":[1,49],"tags":[],"class_list":["post-221693","post","type-post","status-publish","format-standard","has-post-thumbnail","hentry","category-senza-categoria","category-news-18","category-1","category-49","description-off"],"img_url":"https:\/\/www.radiopiu.net\/wordpress\/wp-content\/uploads\/2021\/07\/th-10.jpg","_links":{"self":[{"href":"https:\/\/www.radiopiu.net\/wordpress\/wp-json\/wp\/v2\/posts\/221693","targetHints":{"allow":["GET"]}}],"collection":[{"href":"https:\/\/www.radiopiu.net\/wordpress\/wp-json\/wp\/v2\/posts"}],"about":[{"href":"https:\/\/www.radiopiu.net\/wordpress\/wp-json\/wp\/v2\/types\/post"}],"author":[{"embeddable":true,"href":"https:\/\/www.radiopiu.net\/wordpress\/wp-json\/wp\/v2\/users\/4"}],"replies":[{"embeddable":true,"href":"https:\/\/www.radiopiu.net\/wordpress\/wp-json\/wp\/v2\/comments?post=221693"}],"version-history":[{"count":0,"href":"https:\/\/www.radiopiu.net\/wordpress\/wp-json\/wp\/v2\/posts\/221693\/revisions"}],"wp:featuredmedia":[{"embeddable":true,"href":"https:\/\/www.radiopiu.net\/wordpress\/wp-json\/wp\/v2\/media\/221695"}],"wp:attachment":[{"href":"https:\/\/www.radiopiu.net\/wordpress\/wp-json\/wp\/v2\/media?parent=221693"}],"wp:term":[{"taxonomy":"category","embeddable":true,"href":"https:\/\/www.radiopiu.net\/wordpress\/wp-json\/wp\/v2\/categories?post=221693"},{"taxonomy":"post_tag","embeddable":true,"href":"https:\/\/www.radiopiu.net\/wordpress\/wp-json\/wp\/v2\/tags?post=221693"}],"curies":[{"name":"wp","href":"https:\/\/api.w.org\/{rel}","templated":true}]}}