{"id":221748,"date":"2021-07-14T17:04:28","date_gmt":"2021-07-14T15:04:28","guid":{"rendered":"https:\/\/www.radiopiu.net\/wordpress\/?p=221748"},"modified":"2021-07-15T06:08:04","modified_gmt":"2021-07-15T04:08:04","slug":"incontro-con-il-ministro-dinca-sul-tavolo-i-temi-della-montagna-e-il-futuro-del-bellunese","status":"publish","type":"post","link":"https:\/\/www.radiopiu.net\/wordpress\/incontro-con-il-ministro-dinca-sul-tavolo-i-temi-della-montagna-e-il-futuro-del-bellunese\/","title":{"rendered":"INCONTRO CON IL MINISTRO D\u2019INC\u00c0, SUL TAVOLO I TEMI DELLA MONTAGNA E IL FUTURO DEL BELLUNESE"},"content":{"rendered":"<p><span class=\"s1\"><strong><a href=\"https:\/\/www.radiopiu.net\/wordpress\/giornale-radiopiu-15-luglio-2021-direttore-mirko-mezzacasa\/img_0366\/\" rel=\"attachment wp-att-221749\"><img loading=\"lazy\" decoding=\"async\" class=\"size-medium wp-image-221749 alignleft\" src=\"https:\/\/www.radiopiu.net\/wordpress\/wp-content\/uploads\/2021\/07\/IMG_0366-300x225.jpg\" alt=\"\" width=\"300\" height=\"225\" srcset=\"https:\/\/www.radiopiu.net\/wordpress\/wp-content\/uploads\/2021\/07\/IMG_0366-300x225.jpg 300w, https:\/\/www.radiopiu.net\/wordpress\/wp-content\/uploads\/2021\/07\/IMG_0366-1024x768.jpg 1024w, https:\/\/www.radiopiu.net\/wordpress\/wp-content\/uploads\/2021\/07\/IMG_0366-768x576.jpg 768w, https:\/\/www.radiopiu.net\/wordpress\/wp-content\/uploads\/2021\/07\/IMG_0366-1536x1152.jpg 1536w, https:\/\/www.radiopiu.net\/wordpress\/wp-content\/uploads\/2021\/07\/IMG_0366.jpg 2016w\" sizes=\"auto, (max-width: 300px) 100vw, 300px\" \/><\/a>ROMA <\/strong>La Provincia di Belluno ha incontrato a Roma, nella sede del Dipartimento per i Rapporti con il Parlamento, il Ministro Federico D\u2019Inc\u00e0. Sul tavolo, i temi della montagna gi\u00e0 affrontati nei precedenti incontri, il ristoro dei danni da maltempo delle ultime emergenze, la progettazione di nuove infrastrutture sportive nel Bellunese, e anche la situazione delle crisi industriali della Valbelluna. Erano presenti insieme al Ministro D\u2019Inc\u00e0, il presidente Padrin, i consiglieri delegati Bortoluzzi, De Bon, De Toni, e il deputato Roger De Menech.\u00a0<\/span><span class=\"s1\">\u00ab<em>La montagna pu\u00f2 essere un territorio strategico su cui sperimentare buone pratiche politiche, utili anche per i territori di pianura ed esportabili. E il Ministro D\u2019Inc\u00e0 ci ha assicurato il suo impegno a proseguire nel percorso gi\u00e0 tracciato &#8211; commenta il presidente Padrin -. Inoltre, abbiamo raccolto la disponibilit\u00e0 del Ministro, che ringraziamo, a organizzare a Belluno un tavolo strategico sul lavoro, in cui affrontare a tutto tondo le prospettive future per il nostro territorio, a cominciare dalle crisi aziendali della Valbelluna<\/em>\u00bb. <\/span><span class=\"s1\">\u00ab<em>C\u2019\u00e8 un\u2019importante visione sulla montagna e sul Bellunese e per questo ritengo che l\u2019incontro di oggi, frutto di un preciso percorso di sinergia istituzionale che abbiamo costruito con il presidente Padrin e l\u2019onorevole De Menech, sia particolarmente importante per il futuro del nostro territorio. Personalmente, ho ribadito la piena disponibilit\u00e0 nel recepire le istanze che mi sono state presentate per rappresentarle nelle sedi opportune. Ho anche confermato al presidente Padrin l\u2019interesse sulle proposte per una legge dedicata alla Montagna e sono sicuro che con il lavoro di squadra istituzionale e territoriale saranno presentate idee valide per rilanciare le aree montane sotto il profilo imprenditoriale, sociale e turistico<\/em>\u00bb ha dichiarato al termine dell\u2019incontro il Ministro D\u2019Inc\u00e0. <\/span><span class=\"s1\">Con il Ministro D\u2019Inc\u00e0 si \u00e8 anche discusso della vicenda legata allo stabilimento Acc di Borgo Valbelluna: \u00ab<em>Sto seguendo con attenzione l\u2019iter del decreto attuativo dell\u2019articolo 37 contenuto nel decreto Sostegni che, attualmente, \u00e8 al vaglio della Corte dei Conti per le opportune verifiche e mi auguro che il percorso si possa chiudere in tempi brevi \u2013 dichiara ancora D\u2019Inc\u00e0 -: Acc e Ideal Standard rivestono un\u2019importanza strategica nel nostro Paese e per questo motivo continuer\u00f2 a portare all\u2019attenzione del Governo la situazione dei due stabilimenti<\/em>\u00bb. <\/span><span class=\"s1\">\u00ab<em>\u00c8 fondamentale, tanto pi\u00f9 in questo preciso momento storico, lavorare tutti insieme per la provincia di Belluno &#8211; commenta il deputato Roger De Menech -. Lo richiedono le esigenze del territorio e delle persone che vogliono continuare a viverci: al centro delle nostre politiche questo deve esserci. Tutto questo in un momento storico in cui sono a disposizione risorse importantissime<\/em>\u00bb.<\/span><\/p>\n<p>&nbsp;<\/p>\n<p>&nbsp;<\/p>\n<p>&nbsp;<\/p>\n<p>****<\/p>\n","protected":false},"excerpt":{"rendered":"<p>ROMA La Provincia di Belluno ha incontrato a Roma, nella sede del Dipartimento per i Rapporti con il Parlamento, il Ministro Federico D\u2019Inc\u00e0. Sul tavolo, i temi della montagna gi\u00e0 affrontati nei precedenti incontri, il ristoro dei danni da maltempo delle ultime emergenze, la progettazione di nuove infrastrutture sportive nel Bellunese, e anche la situazione&hellip;<\/p>\n","protected":false},"author":4,"featured_media":221749,"comment_status":"closed","ping_status":"open","sticky":false,"template":"","format":"standard","meta":{"_monsterinsights_skip_tracking":false,"_monsterinsights_sitenote_active":false,"_monsterinsights_sitenote_note":"","_monsterinsights_sitenote_category":0,"footnotes":""},"categories":[51,49],"tags":[],"class_list":["post-221748","post","type-post","status-publish","format-standard","has-post-thumbnail","hentry","category-evidenza-top","category-news-18","category-51","category-49","description-off"],"img_url":"https:\/\/www.radiopiu.net\/wordpress\/wp-content\/uploads\/2021\/07\/IMG_0366.jpg","_links":{"self":[{"href":"https:\/\/www.radiopiu.net\/wordpress\/wp-json\/wp\/v2\/posts\/221748","targetHints":{"allow":["GET"]}}],"collection":[{"href":"https:\/\/www.radiopiu.net\/wordpress\/wp-json\/wp\/v2\/posts"}],"about":[{"href":"https:\/\/www.radiopiu.net\/wordpress\/wp-json\/wp\/v2\/types\/post"}],"author":[{"embeddable":true,"href":"https:\/\/www.radiopiu.net\/wordpress\/wp-json\/wp\/v2\/users\/4"}],"replies":[{"embeddable":true,"href":"https:\/\/www.radiopiu.net\/wordpress\/wp-json\/wp\/v2\/comments?post=221748"}],"version-history":[{"count":0,"href":"https:\/\/www.radiopiu.net\/wordpress\/wp-json\/wp\/v2\/posts\/221748\/revisions"}],"wp:featuredmedia":[{"embeddable":true,"href":"https:\/\/www.radiopiu.net\/wordpress\/wp-json\/wp\/v2\/media\/221749"}],"wp:attachment":[{"href":"https:\/\/www.radiopiu.net\/wordpress\/wp-json\/wp\/v2\/media?parent=221748"}],"wp:term":[{"taxonomy":"category","embeddable":true,"href":"https:\/\/www.radiopiu.net\/wordpress\/wp-json\/wp\/v2\/categories?post=221748"},{"taxonomy":"post_tag","embeddable":true,"href":"https:\/\/www.radiopiu.net\/wordpress\/wp-json\/wp\/v2\/tags?post=221748"}],"curies":[{"name":"wp","href":"https:\/\/api.w.org\/{rel}","templated":true}]}}