{"id":221889,"date":"2021-07-15T14:48:28","date_gmt":"2021-07-15T12:48:28","guid":{"rendered":"https:\/\/www.radiopiu.net\/wordpress\/?p=221889"},"modified":"2021-07-15T18:02:17","modified_gmt":"2021-07-15T16:02:17","slug":"lago-di-santa-croce-i-tre-punti-monitorati-sono-tutti-entro-i-limiti-di-legge","status":"publish","type":"post","link":"https:\/\/www.radiopiu.net\/wordpress\/lago-di-santa-croce-i-tre-punti-monitorati-sono-tutti-entro-i-limiti-di-legge\/","title":{"rendered":"LAGO DI SANTA CROCE I TRE PUNTI MONITORATI SONO TUTTI ENTRO I LIMITI DI LEGGE"},"content":{"rendered":"<p><strong>ALPAGO<\/strong>\u00a0 Sono stati tre i punti monitorati quest\u2019anno dalla Goletta nelle acque del Lago di Santa Croce e sottoposti ad analisi microbiologiche. Tutti e tre sono risultati nei limiti di legge. Nel mirino ci sono sempre canali e foci, i principali veicoli con cui l\u2019inquinamento microbiologico, causato da cattiva depurazione o scarichi illegali, arriva nei laghi. \u00c8 questa in sintesi la fotografia scattata nella tappa veneta lungo le sponde bellunesi del Lago di Santa Croce da un team di tecnici e volontari di Goletta dei Laghi, la campagna di Legambiente dedicata al monitoraggio ed all\u2019informazione sullo stato di salute dei bacini lacustri italiani. I risultati sono stati presentati all\u2019interno di una conferenze stampa a cui hanno partecipato il Presidente di Legambiente Veneto, Luigi Lazzaro; il Portavoce della Goletta dei Laghi, Simone Nuglio; il\u00a0 Sindaco di Alpago, Umberto Soccal;\u00a0 il Sindaco di Sospirolo, Mario De Bon; la Direttrice del Dipartimento Provinciale Arpav Belluno, Anna Favero; l\u2019Assessore Regionale all&#8217;Ambiente, Gianpaolo Bottacin. Sono stati campionati tre punti, sul lago Santa Croce, ricadenti nel comune di Alpago, tutti i prelievi risultano nella norma. I campioni sono stati prelevati nell&#8217;area di balneazione, nell&#8217;area kitesurf e nell&#8217;area barche-Pojatto.\u00a0 Il monitoraggio di Legambiente non vuole sostituirsi ai controlli ufficiali, ma punta a scovare le criticit\u00e0 ancora presenti nei sistemi depurativi per porre rimedio all\u2019inquinamento dei nostri laghi, prendendo prevalentemente in considerazione i punti scelti in base al \u201cmaggior rischio\u201d presunto di inquinamento, individuati dalle segnalazioni dei circoli di Legambiente e degli stessi cittadini attraverso il servizio SOS Goletta. Foci di fiumi e torrenti, scarichi e piccoli canali che spesso troviamo lungo le sponde dei nostri laghi, rappresentano i veicoli principali di contaminazione batterica dovuta alla insufficiente depurazione dei reflui urbani o agli scarichi illegali che, attraverso i corsi d\u2019acqua, arrivano nei bacini lacustri. Il monitoraggio delle acque del Lago Santa Croce \u00e8 stato eseguito lo scorso 30 giugno .<\/p>\n<p>&nbsp;<\/p>\n<blockquote><p><strong>L&#8217;ASSESSORE GIANPAOLO BOTTACIN:<\/strong> <em>Stamattina, dopo aver partecipato ai lavori della Commissione Consiliare Ambiente, insieme ad <a class=\"oajrlxb2 g5ia77u1 qu0x051f esr5mh6w e9989ue4 r7d6kgcz rq0escxv nhd2j8a9 nc684nl6 p7hjln8o kvgmc6g5 cxmmr5t8 oygrvhab hcukyx3x jb3vyjys rz4wbd8a qt6c0cv9 a8nywdso i1ao9s8h esuyzwwr f1sip0of lzcic4wl q66pz984 gpro0wi8 b1v8xokw\" tabindex=\"0\" role=\"link\" href=\"https:\/\/www.facebook.com\/hashtag\/arpav?__eep__=6&amp;__cft__[0]=AZWGoiJWN2dCrbtbc4c1w5ulq2NDiFqOhBFKQMymChn39jBA1Y_8FF8ZK1GFIK_oF2uYyRWLxj0OI_S47Xi6vkkZOk4yNOvfVBuN6lDQS8LOrjh-3hNGCyeJZxzOMSlc43rUw7_YmbJ0hSv5Cndj5OxR&amp;__tn__=*NK-R\">#Arpav<\/a> e #LegAmbiente sono sul lago di Santa Croce per presentare i risultati della qualit\u00e0 delle acque bellunesi ai fini della <a class=\"oajrlxb2 g5ia77u1 qu0x051f esr5mh6w e9989ue4 r7d6kgcz rq0escxv nhd2j8a9 nc684nl6 p7hjln8o kvgmc6g5 cxmmr5t8 oygrvhab hcukyx3x jb3vyjys rz4wbd8a qt6c0cv9 a8nywdso i1ao9s8h esuyzwwr f1sip0of lzcic4wl q66pz984 gpro0wi8 b1v8xokw\" tabindex=\"0\" role=\"link\" href=\"https:\/\/www.facebook.com\/hashtag\/balneazione?__eep__=6&amp;__cft__[0]=AZWGoiJWN2dCrbtbc4c1w5ulq2NDiFqOhBFKQMymChn39jBA1Y_8FF8ZK1GFIK_oF2uYyRWLxj0OI_S47Xi6vkkZOk4yNOvfVBuN6lDQS8LOrjh-3hNGCyeJZxzOMSlc43rUw7_YmbJ0hSv5Cndj5OxR&amp;__tn__=*NK-R\">#balneazione<\/a>, che hanno quasi dappertutto un livello di &#8220;<a class=\"oajrlxb2 g5ia77u1 qu0x051f esr5mh6w e9989ue4 r7d6kgcz rq0escxv nhd2j8a9 nc684nl6 p7hjln8o kvgmc6g5 cxmmr5t8 oygrvhab hcukyx3x jb3vyjys rz4wbd8a qt6c0cv9 a8nywdso i1ao9s8h esuyzwwr f1sip0of lzcic4wl q66pz984 gpro0wi8 b1v8xokw\" tabindex=\"0\" role=\"link\" href=\"https:\/\/www.facebook.com\/hashtag\/eccellenza?__eep__=6&amp;__cft__[0]=AZWGoiJWN2dCrbtbc4c1w5ulq2NDiFqOhBFKQMymChn39jBA1Y_8FF8ZK1GFIK_oF2uYyRWLxj0OI_S47Xi6vkkZOk4yNOvfVBuN6lDQS8LOrjh-3hNGCyeJZxzOMSlc43rUw7_YmbJ0hSv5Cndj5OxR&amp;__tn__=*NK-R\">#eccellenza<\/a>&#8220;, ovvero il massimo dei punteggi possibili. <\/em><em>Da met\u00e0 maggio a met\u00e0 settembre, su ogni punto di controllo i tecnici del nostro braccio operativo rappresentato da Arpav eseguono, con frequenza, una serie di indagini che comprendono ispezioni di natura visiva delle aree, impiego di strumentazione da campo per rilevazioni istantanee di parametri ambientali e prelievi di campioni d\u2019acqua per le analisi di laboratorio relative alla caratterizzazione microbiologica. <\/em><em>A <a class=\"oajrlxb2 g5ia77u1 qu0x051f esr5mh6w e9989ue4 r7d6kgcz rq0escxv nhd2j8a9 nc684nl6 p7hjln8o kvgmc6g5 cxmmr5t8 oygrvhab hcukyx3x jb3vyjys rz4wbd8a qt6c0cv9 a8nywdso i1ao9s8h esuyzwwr f1sip0of lzcic4wl q66pz984 gpro0wi8 b1v8xokw\" tabindex=\"0\" role=\"link\" href=\"https:\/\/www.facebook.com\/hashtag\/santa_croce?__eep__=6&amp;__cft__[0]=AZWGoiJWN2dCrbtbc4c1w5ulq2NDiFqOhBFKQMymChn39jBA1Y_8FF8ZK1GFIK_oF2uYyRWLxj0OI_S47Xi6vkkZOk4yNOvfVBuN6lDQS8LOrjh-3hNGCyeJZxzOMSlc43rUw7_YmbJ0hSv5Cndj5OxR&amp;__tn__=*NK-R\">#Santa_Croce<\/a>, ad esempio, i tratti idonei alla balneazione si trovano in comune di Alpago nelle localit\u00e0 Poiatte, Sarathei, Santa Croce, gi\u00e0 presenti nella rete di balneazione da oltre vent&#8217;anni e Baia delle Sirene, introdotta pi\u00f9 di recente. L\u2019ultima classificazione effettuata alla fine della stagione balneare 2020, con i dati raccolti dal 2017 al 2020, valida per l\u2019inizio della stagione balneare 2021, attribuisce a tutti e quattro i tratti il valore di \u201ceccellente\u201d. <\/em><em>Lo stesso dicasi per il lago del <a class=\"oajrlxb2 g5ia77u1 qu0x051f esr5mh6w e9989ue4 r7d6kgcz rq0escxv nhd2j8a9 nc684nl6 p7hjln8o kvgmc6g5 cxmmr5t8 oygrvhab hcukyx3x jb3vyjys rz4wbd8a qt6c0cv9 a8nywdso i1ao9s8h esuyzwwr f1sip0of lzcic4wl q66pz984 gpro0wi8 b1v8xokw\" tabindex=\"0\" role=\"link\" href=\"https:\/\/www.facebook.com\/hashtag\/mis?__eep__=6&amp;__cft__[0]=AZWGoiJWN2dCrbtbc4c1w5ulq2NDiFqOhBFKQMymChn39jBA1Y_8FF8ZK1GFIK_oF2uYyRWLxj0OI_S47Xi6vkkZOk4yNOvfVBuN6lDQS8LOrjh-3hNGCyeJZxzOMSlc43rUw7_YmbJ0hSv5Cndj5OxR&amp;__tn__=*NK-R\">#Mis<\/a> a Sospirolo. Nel lago <a class=\"oajrlxb2 g5ia77u1 qu0x051f esr5mh6w e9989ue4 r7d6kgcz rq0escxv nhd2j8a9 nc684nl6 p7hjln8o kvgmc6g5 cxmmr5t8 oygrvhab hcukyx3x jb3vyjys rz4wbd8a qt6c0cv9 a8nywdso i1ao9s8h esuyzwwr f1sip0of lzcic4wl q66pz984 gpro0wi8 b1v8xokw\" tabindex=\"0\" role=\"link\" href=\"https:\/\/www.facebook.com\/hashtag\/centro_cadore?__eep__=6&amp;__cft__[0]=AZWGoiJWN2dCrbtbc4c1w5ulq2NDiFqOhBFKQMymChn39jBA1Y_8FF8ZK1GFIK_oF2uYyRWLxj0OI_S47Xi6vkkZOk4yNOvfVBuN6lDQS8LOrjh-3hNGCyeJZxzOMSlc43rUw7_YmbJ0hSv5Cndj5OxR&amp;__tn__=*NK-R\">#Centro_Cadore<\/a> la situazione ha invece tre punti su quattro a livello di eccellenza e solo un punto non balneabile (Vallesella casette). <\/em><em>Anche <a class=\"oajrlxb2 g5ia77u1 qu0x051f esr5mh6w e9989ue4 r7d6kgcz rq0escxv nhd2j8a9 nc684nl6 p7hjln8o kvgmc6g5 cxmmr5t8 oygrvhab hcukyx3x jb3vyjys rz4wbd8a qt6c0cv9 a8nywdso i1ao9s8h esuyzwwr f1sip0of lzcic4wl q66pz984 gpro0wi8 b1v8xokw\" tabindex=\"0\" role=\"link\" href=\"https:\/\/www.facebook.com\/hashtag\/legambiente?__eep__=6&amp;__cft__[0]=AZWGoiJWN2dCrbtbc4c1w5ulq2NDiFqOhBFKQMymChn39jBA1Y_8FF8ZK1GFIK_oF2uYyRWLxj0OI_S47Xi6vkkZOk4yNOvfVBuN6lDQS8LOrjh-3hNGCyeJZxzOMSlc43rUw7_YmbJ0hSv5Cndj5OxR&amp;__tn__=*NK-R\">#LegAmbiente<\/a>, insieme al <a class=\"oajrlxb2 g5ia77u1 qu0x051f esr5mh6w e9989ue4 r7d6kgcz rq0escxv nhd2j8a9 nc684nl6 p7hjln8o kvgmc6g5 cxmmr5t8 oygrvhab hcukyx3x jb3vyjys rz4wbd8a qt6c0cv9 a8nywdso i1ao9s8h esuyzwwr f1sip0of lzcic4wl q66pz984 gpro0wi8 b1v8xokw\" tabindex=\"0\" role=\"link\" href=\"https:\/\/www.facebook.com\/hashtag\/touring_club_italiano?__eep__=6&amp;__cft__[0]=AZWGoiJWN2dCrbtbc4c1w5ulq2NDiFqOhBFKQMymChn39jBA1Y_8FF8ZK1GFIK_oF2uYyRWLxj0OI_S47Xi6vkkZOk4yNOvfVBuN6lDQS8LOrjh-3hNGCyeJZxzOMSlc43rUw7_YmbJ0hSv5Cndj5OxR&amp;__tn__=*NK-R\">#Touring_Club_Italiano<\/a> riconosce questa eccellenza assegnando ai primi due laghi 4 e 5 <a class=\"oajrlxb2 g5ia77u1 qu0x051f esr5mh6w e9989ue4 r7d6kgcz rq0escxv nhd2j8a9 nc684nl6 p7hjln8o kvgmc6g5 cxmmr5t8 oygrvhab hcukyx3x jb3vyjys rz4wbd8a qt6c0cv9 a8nywdso i1ao9s8h esuyzwwr f1sip0of lzcic4wl q66pz984 gpro0wi8 b1v8xokw\" tabindex=\"0\" role=\"link\" href=\"https:\/\/www.facebook.com\/hashtag\/vele?__eep__=6&amp;__cft__[0]=AZWGoiJWN2dCrbtbc4c1w5ulq2NDiFqOhBFKQMymChn39jBA1Y_8FF8ZK1GFIK_oF2uYyRWLxj0OI_S47Xi6vkkZOk4yNOvfVBuN6lDQS8LOrjh-3hNGCyeJZxzOMSlc43rUw7_YmbJ0hSv5Cndj5OxR&amp;__tn__=*NK-R\">#vele<\/a>. <\/em><em>Molti altri monitoraggi con Arpav li facciamo anche sul lago di sAlleghe, <a class=\"oajrlxb2 g5ia77u1 qu0x051f esr5mh6w e9989ue4 r7d6kgcz rq0escxv nhd2j8a9 nc684nl6 p7hjln8o kvgmc6g5 cxmmr5t8 oygrvhab hcukyx3x jb3vyjys rz4wbd8a qt6c0cv9 a8nywdso i1ao9s8h esuyzwwr f1sip0of lzcic4wl q66pz984 gpro0wi8 b1v8xokw\" tabindex=\"0\" role=\"link\" href=\"https:\/\/www.facebook.com\/hashtag\/corlo?__eep__=6&amp;__cft__[0]=AZWGoiJWN2dCrbtbc4c1w5ulq2NDiFqOhBFKQMymChn39jBA1Y_8FF8ZK1GFIK_oF2uYyRWLxj0OI_S47Xi6vkkZOk4yNOvfVBuN6lDQS8LOrjh-3hNGCyeJZxzOMSlc43rUw7_YmbJ0hSv5Cndj5OxR&amp;__tn__=*NK-R\">#Corlo<\/a>, <a class=\"oajrlxb2 g5ia77u1 qu0x051f esr5mh6w e9989ue4 r7d6kgcz rq0escxv nhd2j8a9 nc684nl6 p7hjln8o kvgmc6g5 cxmmr5t8 oygrvhab hcukyx3x jb3vyjys rz4wbd8a qt6c0cv9 a8nywdso i1ao9s8h esuyzwwr f1sip0of lzcic4wl q66pz984 gpro0wi8 b1v8xokw\" tabindex=\"0\" role=\"link\" href=\"https:\/\/www.facebook.com\/hashtag\/misurina?__eep__=6&amp;__cft__[0]=AZWGoiJWN2dCrbtbc4c1w5ulq2NDiFqOhBFKQMymChn39jBA1Y_8FF8ZK1GFIK_oF2uYyRWLxj0OI_S47Xi6vkkZOk4yNOvfVBuN6lDQS8LOrjh-3hNGCyeJZxzOMSlc43rUw7_YmbJ0hSv5Cndj5OxR&amp;__tn__=*NK-R\">#Misurina<\/a> e <a class=\"oajrlxb2 g5ia77u1 qu0x051f esr5mh6w e9989ue4 r7d6kgcz rq0escxv nhd2j8a9 nc684nl6 p7hjln8o kvgmc6g5 cxmmr5t8 oygrvhab hcukyx3x jb3vyjys rz4wbd8a qt6c0cv9 a8nywdso i1ao9s8h esuyzwwr f1sip0of lzcic4wl q66pz984 gpro0wi8 b1v8xokw\" tabindex=\"0\" role=\"link\" href=\"https:\/\/www.facebook.com\/hashtag\/santa_caterina?__eep__=6&amp;__cft__[0]=AZWGoiJWN2dCrbtbc4c1w5ulq2NDiFqOhBFKQMymChn39jBA1Y_8FF8ZK1GFIK_oF2uYyRWLxj0OI_S47Xi6vkkZOk4yNOvfVBuN6lDQS8LOrjh-3hNGCyeJZxzOMSlc43rUw7_YmbJ0hSv5Cndj5OxR&amp;__tn__=*NK-R\">#Santa_Caterina<\/a> per restare nel Bellunese; ma anche sul lago di <a class=\"oajrlxb2 g5ia77u1 qu0x051f esr5mh6w e9989ue4 r7d6kgcz rq0escxv nhd2j8a9 nc684nl6 p7hjln8o kvgmc6g5 cxmmr5t8 oygrvhab hcukyx3x jb3vyjys rz4wbd8a qt6c0cv9 a8nywdso i1ao9s8h esuyzwwr f1sip0of lzcic4wl q66pz984 gpro0wi8 b1v8xokw\" tabindex=\"0\" role=\"link\" href=\"https:\/\/www.facebook.com\/hashtag\/lago?__eep__=6&amp;__cft__[0]=AZWGoiJWN2dCrbtbc4c1w5ulq2NDiFqOhBFKQMymChn39jBA1Y_8FF8ZK1GFIK_oF2uYyRWLxj0OI_S47Xi6vkkZOk4yNOvfVBuN6lDQS8LOrjh-3hNGCyeJZxzOMSlc43rUw7_YmbJ0hSv5Cndj5OxR&amp;__tn__=*NK-R\">#Lago<\/a> e quello di <a class=\"oajrlxb2 g5ia77u1 qu0x051f esr5mh6w e9989ue4 r7d6kgcz rq0escxv nhd2j8a9 nc684nl6 p7hjln8o kvgmc6g5 cxmmr5t8 oygrvhab hcukyx3x jb3vyjys rz4wbd8a qt6c0cv9 a8nywdso i1ao9s8h esuyzwwr f1sip0of lzcic4wl q66pz984 gpro0wi8 b1v8xokw\" tabindex=\"0\" role=\"link\" href=\"https:\/\/www.facebook.com\/hashtag\/santa_maria?__eep__=6&amp;__cft__[0]=AZWGoiJWN2dCrbtbc4c1w5ulq2NDiFqOhBFKQMymChn39jBA1Y_8FF8ZK1GFIK_oF2uYyRWLxj0OI_S47Xi6vkkZOk4yNOvfVBuN6lDQS8LOrjh-3hNGCyeJZxzOMSlc43rUw7_YmbJ0hSv5Cndj5OxR&amp;__tn__=*NK-R\">#Santa_Maria<\/a> in provincia di Treviso, sul <a class=\"oajrlxb2 g5ia77u1 qu0x051f esr5mh6w e9989ue4 r7d6kgcz rq0escxv nhd2j8a9 nc684nl6 p7hjln8o kvgmc6g5 cxmmr5t8 oygrvhab hcukyx3x jb3vyjys rz4wbd8a qt6c0cv9 a8nywdso i1ao9s8h esuyzwwr f1sip0of lzcic4wl q66pz984 gpro0wi8 b1v8xokw\" tabindex=\"0\" role=\"link\" href=\"https:\/\/www.facebook.com\/hashtag\/garda?__eep__=6&amp;__cft__[0]=AZWGoiJWN2dCrbtbc4c1w5ulq2NDiFqOhBFKQMymChn39jBA1Y_8FF8ZK1GFIK_oF2uYyRWLxj0OI_S47Xi6vkkZOk4yNOvfVBuN6lDQS8LOrjh-3hNGCyeJZxzOMSlc43rUw7_YmbJ0hSv5Cndj5OxR&amp;__tn__=*NK-R\">#Garda<\/a> e <a class=\"oajrlxb2 g5ia77u1 qu0x051f esr5mh6w e9989ue4 r7d6kgcz rq0escxv nhd2j8a9 nc684nl6 p7hjln8o kvgmc6g5 cxmmr5t8 oygrvhab hcukyx3x jb3vyjys rz4wbd8a qt6c0cv9 a8nywdso i1ao9s8h esuyzwwr f1sip0of lzcic4wl q66pz984 gpro0wi8 b1v8xokw\" tabindex=\"0\" role=\"link\" href=\"https:\/\/www.facebook.com\/hashtag\/frassino?__eep__=6&amp;__cft__[0]=AZWGoiJWN2dCrbtbc4c1w5ulq2NDiFqOhBFKQMymChn39jBA1Y_8FF8ZK1GFIK_oF2uYyRWLxj0OI_S47Xi6vkkZOk4yNOvfVBuN6lDQS8LOrjh-3hNGCyeJZxzOMSlc43rUw7_YmbJ0hSv5Cndj5OxR&amp;__tn__=*NK-R\">#Frassino<\/a> nel Veronese e sul <a class=\"oajrlxb2 g5ia77u1 qu0x051f esr5mh6w e9989ue4 r7d6kgcz rq0escxv nhd2j8a9 nc684nl6 p7hjln8o kvgmc6g5 cxmmr5t8 oygrvhab hcukyx3x jb3vyjys rz4wbd8a qt6c0cv9 a8nywdso i1ao9s8h esuyzwwr f1sip0of lzcic4wl q66pz984 gpro0wi8 b1v8xokw\" tabindex=\"0\" role=\"link\" href=\"https:\/\/www.facebook.com\/hashtag\/fimon?__eep__=6&amp;__cft__[0]=AZWGoiJWN2dCrbtbc4c1w5ulq2NDiFqOhBFKQMymChn39jBA1Y_8FF8ZK1GFIK_oF2uYyRWLxj0OI_S47Xi6vkkZOk4yNOvfVBuN6lDQS8LOrjh-3hNGCyeJZxzOMSlc43rUw7_YmbJ0hSv5Cndj5OxR&amp;__tn__=*NK-R\">#Fimon<\/a> nel Vicentino.<\/em><\/p><\/blockquote>\n<p>&nbsp;<\/p>\n\n\t\t\t<style type='text\/css'>\n\t\t\t\t#gallery-1 {\n\t\t\t\t\tmargin: auto;\n\t\t\t\t}\n\t\t\t\t#gallery-1 .gallery-item {\n\t\t\t\t\tfloat: left;\n\t\t\t\t\tmargin-top: 10px;\n\t\t\t\t\ttext-align: center;\n\t\t\t\t\twidth: 33%;\n\t\t\t\t}\n\t\t\t\t#gallery-1 img {\n\t\t\t\t\tborder: 2px solid #cfcfcf;\n\t\t\t\t}\n\t\t\t\t#gallery-1 .gallery-caption {\n\t\t\t\t\tmargin-left: 0;\n\t\t\t\t}\n\t\t\t\t\/* see gallery_shortcode() in wp-includes\/media.php *\/\n\t\t\t<\/style>\n\t\t<div id='gallery-1' class='dt-gallery-container gallery galleryid-221889 gallery-columns-3 gallery-size-thumbnail'><dl class='gallery-item'>\n\t\t\t\t<dt class='gallery-icon landscape'>\n\t\t\t\t\t<a class=\"rollover rollover-zoom dt-pswp-item\" title=\"sc_1\" data-dt-img-description=\"\" data-large_image_width=\"1600\" data-large_image_height=\"1200\"href='https:\/\/www.radiopiu.net\/wordpress\/wp-content\/uploads\/2021\/07\/sc_1.jpeg'><img loading=\"lazy\" decoding=\"async\" width=\"150\" height=\"150\" src=\"https:\/\/www.radiopiu.net\/wordpress\/wp-content\/uploads\/2021\/07\/sc_1-150x150.jpeg\" class=\"attachment-thumbnail size-thumbnail\" alt=\"\" \/><\/a>\n\t\t\t\t<\/dt><\/dl><dl class='gallery-item'>\n\t\t\t\t<dt class='gallery-icon landscape'>\n\t\t\t\t\t<a class=\"rollover rollover-zoom dt-pswp-item\" title=\"sc_4\" data-dt-img-description=\"\" data-large_image_width=\"1600\" data-large_image_height=\"1200\"href='https:\/\/www.radiopiu.net\/wordpress\/wp-content\/uploads\/2021\/07\/sc_4.jpeg'><img loading=\"lazy\" decoding=\"async\" width=\"150\" height=\"150\" src=\"https:\/\/www.radiopiu.net\/wordpress\/wp-content\/uploads\/2021\/07\/sc_4-150x150.jpeg\" class=\"attachment-thumbnail size-thumbnail\" alt=\"\" \/><\/a>\n\t\t\t\t<\/dt><\/dl><dl class='gallery-item'>\n\t\t\t\t<dt class='gallery-icon landscape'>\n\t\t\t\t\t<a class=\"rollover rollover-zoom dt-pswp-item\" title=\"santacroce_foto1\" data-dt-img-description=\"\" data-large_image_width=\"1790\" data-large_image_height=\"1332\"href='https:\/\/www.radiopiu.net\/wordpress\/wp-content\/uploads\/2021\/07\/santacroce_foto1.jpg'><img loading=\"lazy\" decoding=\"async\" width=\"150\" height=\"150\" src=\"https:\/\/www.radiopiu.net\/wordpress\/wp-content\/uploads\/2021\/07\/santacroce_foto1-150x150.jpg\" class=\"attachment-thumbnail size-thumbnail\" alt=\"\" \/><\/a>\n\t\t\t\t<\/dt><\/dl><br style=\"clear: both\" \/><dl class='gallery-item'>\n\t\t\t\t<dt class='gallery-icon landscape'>\n\t\t\t\t\t<a class=\"rollover rollover-zoom dt-pswp-item\" title=\"sc_3\" data-dt-img-description=\"\" data-large_image_width=\"1600\" data-large_image_height=\"1200\"href='https:\/\/www.radiopiu.net\/wordpress\/wp-content\/uploads\/2021\/07\/sc_3.jpeg'><img loading=\"lazy\" decoding=\"async\" width=\"150\" height=\"150\" src=\"https:\/\/www.radiopiu.net\/wordpress\/wp-content\/uploads\/2021\/07\/sc_3-150x150.jpeg\" class=\"attachment-thumbnail size-thumbnail\" alt=\"\" \/><\/a>\n\t\t\t\t<\/dt><\/dl><dl class='gallery-item'>\n\t\t\t\t<dt class='gallery-icon landscape'>\n\t\t\t\t\t<a class=\"rollover rollover-zoom dt-pswp-item\" title=\"santacroce_foto2\" data-dt-img-description=\"\" data-large_image_width=\"1790\" data-large_image_height=\"1342\"href='https:\/\/www.radiopiu.net\/wordpress\/wp-content\/uploads\/2021\/07\/santacroce_foto2.jpg'><img loading=\"lazy\" decoding=\"async\" width=\"150\" height=\"150\" src=\"https:\/\/www.radiopiu.net\/wordpress\/wp-content\/uploads\/2021\/07\/santacroce_foto2-150x150.jpg\" class=\"attachment-thumbnail size-thumbnail\" alt=\"\" \/><\/a>\n\t\t\t\t<\/dt><\/dl><dl class='gallery-item'>\n\t\t\t\t<dt class='gallery-icon landscape'>\n\t\t\t\t\t<a class=\"rollover rollover-zoom dt-pswp-item\" title=\"sc_2\" data-dt-img-description=\"\" data-large_image_width=\"1600\" data-large_image_height=\"1200\"href='https:\/\/www.radiopiu.net\/wordpress\/wp-content\/uploads\/2021\/07\/sc_2.jpeg'><img loading=\"lazy\" decoding=\"async\" width=\"150\" height=\"150\" src=\"https:\/\/www.radiopiu.net\/wordpress\/wp-content\/uploads\/2021\/07\/sc_2-150x150.jpeg\" class=\"attachment-thumbnail size-thumbnail\" alt=\"\" \/><\/a>\n\t\t\t\t<\/dt><\/dl><br style=\"clear: both\" \/>\n\t\t\t<\/div>\n\n<p>&nbsp;<\/p>\n<p>&nbsp;<\/p>\n<p>&nbsp;<\/p>\n<p>*****<\/p>\n","protected":false},"excerpt":{"rendered":"<p>ALPAGO\u00a0 Sono stati tre i punti monitorati quest\u2019anno dalla Goletta nelle acque del Lago di Santa Croce e sottoposti ad analisi microbiologiche. Tutti e tre sono risultati nei limiti di legge. Nel mirino ci sono sempre canali e foci, i principali veicoli con cui l\u2019inquinamento microbiologico, causato da cattiva depurazione o scarichi illegali, arriva nei&hellip;<\/p>\n","protected":false},"author":4,"featured_media":221892,"comment_status":"closed","ping_status":"open","sticky":false,"template":"","format":"standard","meta":{"_monsterinsights_skip_tracking":false,"_monsterinsights_sitenote_active":false,"_monsterinsights_sitenote_note":"","_monsterinsights_sitenote_category":0,"footnotes":""},"categories":[51,49],"tags":[],"class_list":["post-221889","post","type-post","status-publish","format-standard","has-post-thumbnail","hentry","category-evidenza-top","category-news-18","category-51","category-49","description-off"],"img_url":"https:\/\/www.radiopiu.net\/wordpress\/wp-content\/uploads\/2021\/07\/santacroce_foto1.jpg","_links":{"self":[{"href":"https:\/\/www.radiopiu.net\/wordpress\/wp-json\/wp\/v2\/posts\/221889","targetHints":{"allow":["GET"]}}],"collection":[{"href":"https:\/\/www.radiopiu.net\/wordpress\/wp-json\/wp\/v2\/posts"}],"about":[{"href":"https:\/\/www.radiopiu.net\/wordpress\/wp-json\/wp\/v2\/types\/post"}],"author":[{"embeddable":true,"href":"https:\/\/www.radiopiu.net\/wordpress\/wp-json\/wp\/v2\/users\/4"}],"replies":[{"embeddable":true,"href":"https:\/\/www.radiopiu.net\/wordpress\/wp-json\/wp\/v2\/comments?post=221889"}],"version-history":[{"count":0,"href":"https:\/\/www.radiopiu.net\/wordpress\/wp-json\/wp\/v2\/posts\/221889\/revisions"}],"wp:featuredmedia":[{"embeddable":true,"href":"https:\/\/www.radiopiu.net\/wordpress\/wp-json\/wp\/v2\/media\/221892"}],"wp:attachment":[{"href":"https:\/\/www.radiopiu.net\/wordpress\/wp-json\/wp\/v2\/media?parent=221889"}],"wp:term":[{"taxonomy":"category","embeddable":true,"href":"https:\/\/www.radiopiu.net\/wordpress\/wp-json\/wp\/v2\/categories?post=221889"},{"taxonomy":"post_tag","embeddable":true,"href":"https:\/\/www.radiopiu.net\/wordpress\/wp-json\/wp\/v2\/tags?post=221889"}],"curies":[{"name":"wp","href":"https:\/\/api.w.org\/{rel}","templated":true}]}}