{"id":221943,"date":"2021-07-15T17:07:34","date_gmt":"2021-07-15T15:07:34","guid":{"rendered":"https:\/\/www.radiopiu.net\/wordpress\/?p=221943"},"modified":"2021-07-15T17:07:34","modified_gmt":"2021-07-15T15:07:34","slug":"presentato-in-commissione-il-progetto-di-legge-sulle-concessioni-di-grandi-derivazioni-dacqua-assessore-bottacin-svolta-epocale-con-cui-viene-rafforzata-lautonomia-del-ter","status":"publish","type":"post","link":"https:\/\/www.radiopiu.net\/wordpress\/presentato-in-commissione-il-progetto-di-legge-sulle-concessioni-di-grandi-derivazioni-dacqua-assessore-bottacin-svolta-epocale-con-cui-viene-rafforzata-lautonomia-del-ter\/","title":{"rendered":"PRESENTATO IN COMMISSIONE IL PROGETTO DI LEGGE SULLE CONCESSIONI DI GRANDI DERIVAZIONI D\u2019ACQUA. ASSESSORE BOTTACIN, \u201cSVOLTA EPOCALE CON CUI VIENE RAFFORZATA L\u2019AUTONOMIA DEL TERRITORIO\u201d"},"content":{"rendered":"<p><strong><a href=\"https:\/\/www.radiopiu.net\/wordpress\/lassessore-alla-protezione-civile-del-veneto-bottacin-fa-il-punto-dopo-i-terremoti-in-croazia-e-nel-veronese\/bottacin-59\/\" rel=\"attachment wp-att-182306\"><img loading=\"lazy\" decoding=\"async\" class=\"size-medium wp-image-182306 alignleft\" src=\"https:\/\/www.radiopiu.net\/wordpress\/wp-content\/uploads\/2020\/12\/BOTTACIN-1-300x199.png\" alt=\"\" width=\"300\" height=\"199\" srcset=\"https:\/\/www.radiopiu.net\/wordpress\/wp-content\/uploads\/2020\/12\/BOTTACIN-1-300x199.png 300w, https:\/\/www.radiopiu.net\/wordpress\/wp-content\/uploads\/2020\/12\/BOTTACIN-1-1024x678.png 1024w, https:\/\/www.radiopiu.net\/wordpress\/wp-content\/uploads\/2020\/12\/BOTTACIN-1-768x509.png 768w, https:\/\/www.radiopiu.net\/wordpress\/wp-content\/uploads\/2020\/12\/BOTTACIN-1.png 1042w\" sizes=\"auto, (max-width: 300px) 100vw, 300px\" \/><\/a>VENEZIA <\/strong>Illustrato in Commissione Consiliare regionale dall\u2019assessore Gianpaolo Bottacin il progetto di legge relativo alle disposizioni concernenti le concessioni di grandi derivazioni d\u2019acqua a uso idroelettrico; una proposta normativa che prevede che allo scadere delle concessioni la propriet\u00e0 di tutte le centrali relative alle grandi derivazioni diventino di propriet\u00e0 pubblica. \u201c<em>Una svolta epocale, che permetter\u00e0 agli enti pubblici di gestire direttamente gli impianti o darli a terzi ma secondo le proprie norme \u2013 sottolinea l\u2019Assessore -. Impianti oltretutto che, a scadenza, dovranno essere consegnati dal gestore in perfetta efficienza. Una norma, dunque, assolutamente importante, che lo diventa ancor di pi\u00f9 se vista anche nell\u2019ottica che ci\u00f2 permetter\u00e0 pure di incedere in maniera decisiva sul tema dei livelli dei lagh<\/em>i\u201d. Significativa, nel testo che viene proposto, anche la salvaguardia della Provincia di Belluno, a cui non verranno, infatti, toccati n\u00e9 i canoni idrici che gi\u00e0 da anni introita direttamente n\u00e9 i sovracanoni incassati dal BIM e destinati per le attivit\u00e0 svolte dai Comuni, ma verranno anzi aggiunti ulteriori canoni gestiti a favore del territorio. \u201c<em>Nei giorni scorsi avevo chiesto anche un incontro al presidente Padrin &#8211; prosegue Bottacin &#8211; per condividere assieme alcuni passaggi, ma era diversamente impegnato. Avremo comunque modo di confrontarci pi\u00f9 avanti, proseguendo in quel percorso di collaborazione a cui la Regione mai si sottrae come ha dimostrato in moltissime anche recenti occasioni<\/em>\u201d. \u201c<em>Questo progetto non va confuso con l\u2019altra importante legge che abbiamo approvato lo scorso anno \u2013 specifica l\u2019assessore Bottacin &#8211; e attraverso la quale abbiamo sancito l\u2019obbligo per i titolari di grandi derivazioni idroelettriche di fornire ogni anno a titolo gratuito 220 kilowattora di energia elettrica per ogni kw di potenza nominale media di concessione. Due leggi diverse, ma entrambe che guardano alla tutela del territorio rafforzandone l\u2019autonomia<\/em>\u201d. ll progetto di legge in discussione infatti disciplina solo le procedure da seguire in vista della scadenza delle concessioni: la durata delle stesse, le modalit\u00e0 di affidamento di nuovi accordi, la gestione delle convenzioni gi\u00e0 scadute. \u201c<em>Anche se la gran parte delle concessioni scadr\u00e0 solo nel 2029 \u2013 conclude Bottacin &#8211; \u00e8 fin d\u2019ora opportuno predisporre le procedure necessarie, cos\u00ec da arrivare pronti a tali scadenze<\/em>\u201d.<\/p>\n","protected":false},"excerpt":{"rendered":"<p>VENEZIA Illustrato in Commissione Consiliare regionale dall\u2019assessore Gianpaolo Bottacin il progetto di legge relativo alle disposizioni concernenti le concessioni di grandi derivazioni d\u2019acqua a uso idroelettrico; una proposta normativa che prevede che allo scadere delle concessioni la propriet\u00e0 di tutte le centrali relative alle grandi derivazioni diventino di propriet\u00e0 pubblica. \u201cUna svolta epocale, che permetter\u00e0&hellip;<\/p>\n","protected":false},"author":4,"featured_media":182306,"comment_status":"closed","ping_status":"open","sticky":false,"template":"","format":"standard","meta":{"_monsterinsights_skip_tracking":false,"_monsterinsights_sitenote_active":false,"_monsterinsights_sitenote_note":"","_monsterinsights_sitenote_category":0,"footnotes":""},"categories":[49],"tags":[],"class_list":["post-221943","post","type-post","status-publish","format-standard","has-post-thumbnail","hentry","category-news-18","category-49","description-off"],"img_url":"https:\/\/www.radiopiu.net\/wordpress\/wp-content\/uploads\/2020\/12\/BOTTACIN-1.png","_links":{"self":[{"href":"https:\/\/www.radiopiu.net\/wordpress\/wp-json\/wp\/v2\/posts\/221943","targetHints":{"allow":["GET"]}}],"collection":[{"href":"https:\/\/www.radiopiu.net\/wordpress\/wp-json\/wp\/v2\/posts"}],"about":[{"href":"https:\/\/www.radiopiu.net\/wordpress\/wp-json\/wp\/v2\/types\/post"}],"author":[{"embeddable":true,"href":"https:\/\/www.radiopiu.net\/wordpress\/wp-json\/wp\/v2\/users\/4"}],"replies":[{"embeddable":true,"href":"https:\/\/www.radiopiu.net\/wordpress\/wp-json\/wp\/v2\/comments?post=221943"}],"version-history":[{"count":0,"href":"https:\/\/www.radiopiu.net\/wordpress\/wp-json\/wp\/v2\/posts\/221943\/revisions"}],"wp:featuredmedia":[{"embeddable":true,"href":"https:\/\/www.radiopiu.net\/wordpress\/wp-json\/wp\/v2\/media\/182306"}],"wp:attachment":[{"href":"https:\/\/www.radiopiu.net\/wordpress\/wp-json\/wp\/v2\/media?parent=221943"}],"wp:term":[{"taxonomy":"category","embeddable":true,"href":"https:\/\/www.radiopiu.net\/wordpress\/wp-json\/wp\/v2\/categories?post=221943"},{"taxonomy":"post_tag","embeddable":true,"href":"https:\/\/www.radiopiu.net\/wordpress\/wp-json\/wp\/v2\/tags?post=221943"}],"curies":[{"name":"wp","href":"https:\/\/api.w.org\/{rel}","templated":true}]}}