{"id":221965,"date":"2021-07-15T18:16:10","date_gmt":"2021-07-15T16:16:10","guid":{"rendered":"https:\/\/www.radiopiu.net\/wordpress\/?p=221965"},"modified":"2021-07-16T06:15:48","modified_gmt":"2021-07-16T04:15:48","slug":"la-regione-attiva-la-procedura-dopo-la-morte-di-davide-arrivano-gli-ispettori","status":"publish","type":"post","link":"https:\/\/www.radiopiu.net\/wordpress\/la-regione-attiva-la-procedura-dopo-la-morte-di-davide-arrivano-gli-ispettori\/","title":{"rendered":"LA REGIONE ATTIVA LA PROCEDURA, DOPO LA MORTE DI DAVIDE ARRIVANO GLI ISPETTORI"},"content":{"rendered":"<p><strong><img loading=\"lazy\" decoding=\"async\" class=\"alignleft\" src=\"https:\/\/www.radiopiu.net\/wordpress\/wp-content\/uploads\/2021\/07\/th-12.jpg\" width=\"180\" height=\"135\" \/>VENEZIA<\/strong>\u00a0La Regione Veneto ha avviato la procedura di attivazione di un\u2019ispezione all\u2019Ospedale di Belluno, in relazione alla morte del giovane diciottenne di Sedico Davide Bristot. Su richiesta del Presidente, Luca Zaia, l\u2019Assessore alla Sanit\u00e0, Manuela Lanzarin ha infatti attivato il servizio ispettivo regionale, che avr\u00e0 il compito di effettuare una verifica sulle modalit\u00e0 di assistenza ricevute dal ragazzo al pronto soccorso del nosocomio bellunese. Il pubblico ministero Primavera, che si occupa degli atti urgenti ha iscritto nel registro degli indagati uno dei medici del pronto soccorso, ma il numero potrebbe allargarsi. Disposta l&#8217;autopsia, con il perito Cirnelli che assumer\u00e0 l&#8217;incarico all&#8217;inizio della prossima settimana. In un secondo momento, potrebbe essere incaricato un neurologo o un cardiologo, a seconda dei risultati. L&#8217;ipotesi di reato \u00e8 quella di omicidio colposo per colpa medica. All&#8217;Istituto tecnico Segato le bandiere sono chiuse con un nastro nero, in segno di dolore per la morte di Davide Bristot e di vicinanza alla sua famiglia. Il 18enne di Sedico aveva appena ultimato la quarta.<\/p>\n<p>***<\/p>\n","protected":false},"excerpt":{"rendered":"<p>VENEZIA\u00a0La Regione Veneto ha avviato la procedura di attivazione di un\u2019ispezione all\u2019Ospedale di Belluno, in relazione alla morte del giovane diciottenne di Sedico Davide Bristot. Su richiesta del Presidente, Luca Zaia, l\u2019Assessore alla Sanit\u00e0, Manuela Lanzarin ha infatti attivato il servizio ispettivo regionale, che avr\u00e0 il compito di effettuare una verifica sulle modalit\u00e0 di assistenza&hellip;<\/p>\n","protected":false},"author":4,"featured_media":221796,"comment_status":"closed","ping_status":"open","sticky":false,"template":"","format":"standard","meta":{"_monsterinsights_skip_tracking":false,"_monsterinsights_sitenote_active":false,"_monsterinsights_sitenote_note":"","_monsterinsights_sitenote_category":0,"footnotes":""},"categories":[49],"tags":[],"class_list":["post-221965","post","type-post","status-publish","format-standard","has-post-thumbnail","hentry","category-news-18","category-49","description-off"],"img_url":"https:\/\/www.radiopiu.net\/wordpress\/wp-content\/uploads\/2021\/07\/th-12.jpg","_links":{"self":[{"href":"https:\/\/www.radiopiu.net\/wordpress\/wp-json\/wp\/v2\/posts\/221965","targetHints":{"allow":["GET"]}}],"collection":[{"href":"https:\/\/www.radiopiu.net\/wordpress\/wp-json\/wp\/v2\/posts"}],"about":[{"href":"https:\/\/www.radiopiu.net\/wordpress\/wp-json\/wp\/v2\/types\/post"}],"author":[{"embeddable":true,"href":"https:\/\/www.radiopiu.net\/wordpress\/wp-json\/wp\/v2\/users\/4"}],"replies":[{"embeddable":true,"href":"https:\/\/www.radiopiu.net\/wordpress\/wp-json\/wp\/v2\/comments?post=221965"}],"version-history":[{"count":0,"href":"https:\/\/www.radiopiu.net\/wordpress\/wp-json\/wp\/v2\/posts\/221965\/revisions"}],"wp:featuredmedia":[{"embeddable":true,"href":"https:\/\/www.radiopiu.net\/wordpress\/wp-json\/wp\/v2\/media\/221796"}],"wp:attachment":[{"href":"https:\/\/www.radiopiu.net\/wordpress\/wp-json\/wp\/v2\/media?parent=221965"}],"wp:term":[{"taxonomy":"category","embeddable":true,"href":"https:\/\/www.radiopiu.net\/wordpress\/wp-json\/wp\/v2\/categories?post=221965"},{"taxonomy":"post_tag","embeddable":true,"href":"https:\/\/www.radiopiu.net\/wordpress\/wp-json\/wp\/v2\/tags?post=221965"}],"curies":[{"name":"wp","href":"https:\/\/api.w.org\/{rel}","templated":true}]}}