{"id":221983,"date":"2021-07-17T05:30:02","date_gmt":"2021-07-17T03:30:02","guid":{"rendered":"https:\/\/www.radiopiu.net\/wordpress\/?p=221983"},"modified":"2021-07-17T08:47:32","modified_gmt":"2021-07-17T06:47:32","slug":"giornale-radiopiu-17-luglio-2021-direttore-mirko-mezzacasa","status":"publish","type":"post","link":"https:\/\/www.radiopiu.net\/wordpress\/giornale-radiopiu-17-luglio-2021-direttore-mirko-mezzacasa\/","title":{"rendered":"GIORNALE RADIOPIU 17 LUGLIO 2021 DIRETTORE MIRKO MEZZACASA"},"content":{"rendered":"<h3><span style=\"color: #0000ff;\">PER<strong>\u00a0RICEVERE QUESTO NOTIZIARIO DIRETTAMENTE SUL TUO CELLULARE ISCRIVITI AL CANALE TELEGRAM\u00a0<\/strong><strong>\u201cRADIO PIU\u00a0 INFORMAZIONE\u201d\u00a0<\/strong><\/span><\/h3>\n<p>&nbsp;<\/p>\n<p>&nbsp;<\/p>\n<p>&nbsp;<\/p>\n<p>&nbsp;<\/p>\n<hr \/>\n<p><img loading=\"lazy\" decoding=\"async\" class=\"alignleft\" src=\"https:\/\/www.radiopiu.net\/wordpress\/wp-content\/uploads\/2018\/08\/ACQUA.jpeg\" width=\"257\" height=\"154\" \/><strong>LIVINALLONGO DEL COL DI LANA:\u00a0<\/strong> nelle LOCALITA&#8217; CASTELLO, PALLA e AGAI, l&#8217;acqua erogata dall&#8217;acquedotto non \u00e8 potabile e pu\u00f2 essere usata per scopi alimentari SOLO PREVIA bollitura.<\/p>\n<p>&nbsp;<\/p>\n<p>&nbsp;<\/p>\n<p>&nbsp;<\/p>\n<p>&nbsp;<\/p>\n<p>&nbsp;<\/p>\n<hr \/>\n<p>&nbsp;<\/p>\n<h3>CHIUSURA DELLA SILVOPASTORALE PER MALGA FOCA<\/h3>\n<p><a href=\"https:\/\/www.radiopiu.net\/wordpress\/giornale-radiopiu-09-02-2018\/foca\/\" rel=\"attachment wp-att-43007\"><img loading=\"lazy\" decoding=\"async\" class=\"wp-image-43007 alignleft\" src=\"https:\/\/www.radiopiu.net\/wordpress\/wp-content\/uploads\/2018\/02\/FOCA-300x225.jpg\" alt=\"\" width=\"163\" height=\"122\" srcset=\"https:\/\/www.radiopiu.net\/wordpress\/wp-content\/uploads\/2018\/02\/FOCA-300x225.jpg 300w, https:\/\/www.radiopiu.net\/wordpress\/wp-content\/uploads\/2018\/02\/FOCA-768x576.jpg 768w, https:\/\/www.radiopiu.net\/wordpress\/wp-content\/uploads\/2018\/02\/FOCA-1024x768.jpg 1024w, https:\/\/www.radiopiu.net\/wordpress\/wp-content\/uploads\/2018\/02\/FOCA.jpg 1600w\" sizes=\"auto, (max-width: 163px) 100vw, 163px\" \/><\/a><strong>LA\u00a0 VALLE<\/strong> Strada chiusa per esbosco di lotti di legname e recupero schianti nella zona di Malga Foca e Forcella Folega. I cantieri boschivi rappresentano un pericolo per le persone che dovessero trovarsi ad attraversare l\u2019area interessata dai lavori. L&#8217;avviso: Dal 15 luglio al 31 ottobre per lavori boschivi in localit\u00e0 Malga Foca &#8211; Forcella Folega \u00e8 vietato transitare in direzione dei cantieri per motivi di sicurezza, la strada e i sentieri sono invece aperti il sabato dalle 12, la domenica e giorni festivi. Sospensione totale della circolazione veicolare e pedonale lungo la viabilit\u00e0 silvo-pastorale nel tratto compreso tra il bivio per Malga Foca e il Mandriz di Folega. Sono interessati anche i sentieri Cai 545, 542 e 541. I trasgressori sranno sanzionati amministrativamente per la violazione dei regolamenti comunali.<\/p>\n<p>&nbsp;<\/p>\n<p>&nbsp;<\/p>\n<p>&nbsp;<\/p>\n<hr \/>\n<p>&nbsp;<\/p>\n<blockquote><p><strong><a href=\"https:\/\/www.radiopiu.net\/wordpress\/la-strada-per-rivamonte-non-chiudera-revocata-la-precedente-ordinanza\/42738661-3114-473b-9a96-a9bee5763ee6\/\" rel=\"attachment wp-att-221466\"><img loading=\"lazy\" decoding=\"async\" class=\"size-medium wp-image-221466 alignleft\" src=\"https:\/\/www.radiopiu.net\/wordpress\/wp-content\/uploads\/2021\/07\/42738661-3114-473b-9a96-a9bee5763ee6-169x300.jpg\" alt=\"\" width=\"169\" height=\"300\" srcset=\"https:\/\/www.radiopiu.net\/wordpress\/wp-content\/uploads\/2021\/07\/42738661-3114-473b-9a96-a9bee5763ee6-169x300.jpg 169w, https:\/\/www.radiopiu.net\/wordpress\/wp-content\/uploads\/2021\/07\/42738661-3114-473b-9a96-a9bee5763ee6-576x1024.jpg 576w, https:\/\/www.radiopiu.net\/wordpress\/wp-content\/uploads\/2021\/07\/42738661-3114-473b-9a96-a9bee5763ee6-768x1365.jpg 768w, https:\/\/www.radiopiu.net\/wordpress\/wp-content\/uploads\/2021\/07\/42738661-3114-473b-9a96-a9bee5763ee6-864x1536.jpg 864w, https:\/\/www.radiopiu.net\/wordpress\/wp-content\/uploads\/2021\/07\/42738661-3114-473b-9a96-a9bee5763ee6.jpg 1080w\" sizes=\"auto, (max-width: 169px) 100vw, 169px\" \/><\/a><\/strong><\/p>\n<h3>LA STRADA PER RIVAMONTE A SENSO UNICO ALTERNATO<\/h3>\n<p>&nbsp;<\/p>\n<p><strong>RIVAMONTE<\/strong> NESSUNA INTERRUZIONE TOTALE LUNGO LA PROVINCIALE 3 DI VALLE IMPERINA A GONA (TRA PONTE ALTO E RIVAMONTE), PIUTTOSTO PER ESIGENZE DI CANTIERE FINO AL 5 OTTOBRE SENSO UNICO ALTERNATO REGOLATO DA SEMAFORO COMPRESI SABATI, DOMENICHE E FESTIVI INFRASETTIMANALI, IN LOCALITA&#8217; GONA DI CONEDERA POCO SOPRA L&#8217;ABITATO DI PONTE ALTO.<\/p><\/blockquote>\n<p><strong>TAIBON<\/strong> REGIONALE 203 AGORDINA, LISTOLADE DI TAIBON: DAL 19 AL 23 LUGLIO SENSO UNICO ALTERNATO REGOLATO DA MOVIERI.<\/p>\n<p><strong>SEDICO<\/strong>\u00a0 REGIONALE 203 AGORDINA, In localit\u00e0 La Stanga dal 19 luglio al 6 agosto senso unico regolato da movieri<\/p>\n<p>&nbsp;<\/p>\n<p>&nbsp;<\/p>\n<p><span style=\"color: #ff0000;\"><strong>REGIONALE 203 AGORDINA, LOCALITA\u2019 SORAZUNAIA,\u00a0 E SR 48 DELLE DOLOMITI IN LOCALITA\u2019 LIVINALLONGO, FINO AL 31 LUGLIO DALLE 7 ALLE 18 ESCLUSI SABATI E DOMENICHE INTERRUZIONI ALLA VIABILITA\u2019 PER UNA DURATA MASSIMA DI 20 MINUTI.\u00a0<\/strong><\/span><\/p>\n<p><strong><span style=\"color: #008000;\">PROVINCIALE 641 DI PASSO FEDAIA LOCALITA&#8217; COL DI ROCCA FINO AL 30 LUGLIO (COMPRESI FESTIVI E PREFESTIVI) SENSO UNICO ALTERNATO REGOLATO DA SEMAFORO<\/span><\/strong><\/p>\n<p>&nbsp;<\/p>\n<hr \/>\n<p>&nbsp;<\/p>\n<blockquote>\n<h3>SAN GERVASIO?\u00a0 SANTA&#8230; PAZIENZA<\/h3>\n<\/blockquote>\n<p><strong>BELLUNO.<\/strong> Da luned\u00ec e per due settimane saranno sempre abbassate le sbarre al passaggio a livello di San Gervasio per consentire i lavori in sicurezza. Chi viaggia lungo via Feltre, quindi, per andare in viale Europa non avr\u00e0 altra alternativa che percorrere tutta via Prade, superare il sovrappasso della ferrovia e alla rotatoria di Marisiga prendere la prima uscita; lo stesso per i veicoli provenienti da Lambioi. Stesso percorso per i mezzi provenienti dall\u2019ospedale, che avranno come alternativa la rotatoria della Cerva<\/p>\n<p>&nbsp;<\/p>\n<p>&nbsp;<\/p>\n<hr \/>\n<p>&nbsp;<\/p>\n<blockquote>\n<h3>MAMMA A FIGLIO RICOVERATI A BELLUNO CON FERITE LIEVI<\/h3>\n<\/blockquote>\n<p><strong><img loading=\"lazy\" decoding=\"async\" class=\"alignleft\" src=\"https:\/\/www.radiopiu.net\/wordpress\/wp-content\/uploads\/2020\/11\/ff410afc-8b0c-46c0-a4de-45a8768c3343.jpg\" width=\"184\" height=\"118\" \/>SEDICO<\/strong>\u00a0 Ieri mattina incidente lungo la strada regionale dal Mas verso Sedico all&#8217;altezza dell&#8217;Old Bar di Vignole. A bordo della Opel Moka E.F. 46anni del luogo\u00a0 e il figlio di 15 anni, la donna ha tentato una manovra di sorpasso di un autocarro ma ha urtato contro il mezzo intenzionato a svoltare a sinistra. Mamma e figlio hanno dovuto ricorrere alle cure dei sanitari con ferite lievi. Sul posto i Carabinieri per i rilievi di legge.<\/p>\n<p>&nbsp;<\/p>\n<p>&nbsp;<\/p>\n<p>&nbsp;<\/p>\n<p>&nbsp;<\/p>\n<hr \/>\n<p>&nbsp;<\/p>\n<blockquote>\n<h3>UN MALORE E L&#8217;APE A 4 RUOTE FINISCE CONTRO IL MURO<\/h3>\n<\/blockquote>\n<div class=\"bubble is-in can-have-tail is-group-first is-group-last\" data-mid=\"5559615487\" data-timestamp=\"1626452859\">\n<div class=\"bubble-content-wrapper\">\n<div class=\"bubble-content\">\n<div class=\"message\" dir=\"auto\"><strong>ALANO<\/strong> Ieri poco prima delle 11 in via Monte Valderoa fuoriuscita autonoma dell&#8217;Ape Piaggio condotto da S.R. 74 anni del luogo che stava rientrando verso la proprio abitazione. L&#8217;incidente caudato da un malore, di qui la perdita del controllo del mezzo finito contro il muro della propria abitazione. L&#8217;uomo \u00e8 stato elitrasportato a Treviso, non \u00e8 in pericolo di vita.<\/div>\n<\/div>\n<\/div>\n<\/div>\n<div class=\"bubble is-in can-have-tail is-group-first is-group-last\" data-mid=\"5559681023\" data-timestamp=\"1626452888\">\n<div class=\"bubble-content-wrapper\">\n<div class=\"bubble-content\"><\/div>\n<div>\n\n\t\t\t<style type='text\/css'>\n\t\t\t\t#gallery-1 {\n\t\t\t\t\tmargin: auto;\n\t\t\t\t}\n\t\t\t\t#gallery-1 .gallery-item {\n\t\t\t\t\tfloat: left;\n\t\t\t\t\tmargin-top: 10px;\n\t\t\t\t\ttext-align: center;\n\t\t\t\t\twidth: 50%;\n\t\t\t\t}\n\t\t\t\t#gallery-1 img {\n\t\t\t\t\tborder: 2px solid #cfcfcf;\n\t\t\t\t}\n\t\t\t\t#gallery-1 .gallery-caption {\n\t\t\t\t\tmargin-left: 0;\n\t\t\t\t}\n\t\t\t\t\/* see gallery_shortcode() in wp-includes\/media.php *\/\n\t\t\t<\/style>\n\t\t<div id='gallery-1' class='dt-gallery-container gallery galleryid-221983 gallery-columns-2 gallery-size-medium'><dl class='gallery-item'>\n\t\t\t\t<dt class='gallery-icon portrait'>\n\t\t\t\t\t<a class=\"rollover rollover-zoom dt-pswp-item\" title=\"e558623b-241f-4237-a6e3-0a9298023063\" data-dt-img-description=\"\" data-large_image_width=\"607\" data-large_image_height=\"1280\"href='https:\/\/www.radiopiu.net\/wordpress\/wp-content\/uploads\/2021\/07\/e558623b-241f-4237-a6e3-0a9298023063.jpg'><img loading=\"lazy\" decoding=\"async\" width=\"142\" height=\"300\" src=\"https:\/\/www.radiopiu.net\/wordpress\/wp-content\/uploads\/2021\/07\/e558623b-241f-4237-a6e3-0a9298023063-142x300.jpg\" class=\"attachment-medium size-medium\" alt=\"\" srcset=\"https:\/\/www.radiopiu.net\/wordpress\/wp-content\/uploads\/2021\/07\/e558623b-241f-4237-a6e3-0a9298023063-142x300.jpg 142w, https:\/\/www.radiopiu.net\/wordpress\/wp-content\/uploads\/2021\/07\/e558623b-241f-4237-a6e3-0a9298023063-486x1024.jpg 486w, https:\/\/www.radiopiu.net\/wordpress\/wp-content\/uploads\/2021\/07\/e558623b-241f-4237-a6e3-0a9298023063.jpg 607w\" sizes=\"auto, (max-width: 142px) 100vw, 142px\" \/><\/a>\n\t\t\t\t<\/dt><\/dl><dl class='gallery-item'>\n\t\t\t\t<dt class='gallery-icon landscape'>\n\t\t\t\t\t<a class=\"rollover rollover-zoom dt-pswp-item\" title=\"ffd790bc-bd8f-4fc1-9717-6a94f30771bf\" data-dt-img-description=\"\" data-large_image_width=\"800\" data-large_image_height=\"379\"href='https:\/\/www.radiopiu.net\/wordpress\/wp-content\/uploads\/2021\/07\/ffd790bc-bd8f-4fc1-9717-6a94f30771bf.jpg'><img loading=\"lazy\" decoding=\"async\" width=\"300\" height=\"142\" src=\"https:\/\/www.radiopiu.net\/wordpress\/wp-content\/uploads\/2021\/07\/ffd790bc-bd8f-4fc1-9717-6a94f30771bf-300x142.jpg\" class=\"attachment-medium size-medium\" alt=\"\" srcset=\"https:\/\/www.radiopiu.net\/wordpress\/wp-content\/uploads\/2021\/07\/ffd790bc-bd8f-4fc1-9717-6a94f30771bf-300x142.jpg 300w, https:\/\/www.radiopiu.net\/wordpress\/wp-content\/uploads\/2021\/07\/ffd790bc-bd8f-4fc1-9717-6a94f30771bf-768x364.jpg 768w, https:\/\/www.radiopiu.net\/wordpress\/wp-content\/uploads\/2021\/07\/ffd790bc-bd8f-4fc1-9717-6a94f30771bf.jpg 800w\" sizes=\"auto, (max-width: 300px) 100vw, 300px\" \/><\/a>\n\t\t\t\t<\/dt><\/dl><br style=\"clear: both\" \/>\n\t\t\t<\/div>\n\n<\/div>\n<p>&nbsp;<\/p>\n<hr \/>\n<p>&nbsp;<\/p>\n<blockquote>\n<h3>CADE DAL PONTEGGIO MENTRE LAVORA SUI MURI DELLA PROPRIA ABITAZIONE<\/h3>\n<\/blockquote>\n<p><strong>SANTA GIUSTINA\u00a0<\/strong> Si rompe una tavola del ponteggio mentre stava ritinteggiando le pareti della propia abitazione e cade pesantemente a terra da due metri e mezzo di altezza. L&#8217;uomo, R.C. 80 anni \u00e8 stato subito soccorso ed elitrasportato all&#8217;ospedale di Belluno in prognosi riservata. Dalle ultime informazioni non sarebbe in pericolo di vita. Sul posto per le indagini di Carabinieri.<\/p>\n<p>&nbsp;<\/p>\n<hr \/>\n<p>&nbsp;<\/p>\n<div class=\"bubble is-in can-have-tail is-group-first is-group-last\" data-mid=\"5559681023\" data-timestamp=\"1626452888\">\n<div class=\"bubble-content-wrapper\">\n<p>&nbsp;<\/p>\n<\/div>\n<\/div>\n<blockquote>\n<h3>ALLUVIONI IN BELGIO, GERMANIA E LUSSEMBURGO. ABM IN CONTATTO CON LE COMUNITA&#8217; BELLUNESI<\/h3>\n<\/blockquote>\n<p><strong><a href=\"https:\/\/www.radiopiu.net\/wordpress\/alluvioni-in-belgio-germania-e-lussemburgo-abm-in-contatto-con-le-comunita-bellunesi\/allagamento_gelateria_bortot_cochem\/\" rel=\"attachment wp-att-222087\"><img loading=\"lazy\" decoding=\"async\" class=\" wp-image-222087 alignleft\" src=\"https:\/\/www.radiopiu.net\/wordpress\/wp-content\/uploads\/2021\/07\/allagamento_gelateria_bortot_cochem-225x300.jpeg\" alt=\"\" width=\"158\" height=\"211\" srcset=\"https:\/\/www.radiopiu.net\/wordpress\/wp-content\/uploads\/2021\/07\/allagamento_gelateria_bortot_cochem-225x300.jpeg 225w, https:\/\/www.radiopiu.net\/wordpress\/wp-content\/uploads\/2021\/07\/allagamento_gelateria_bortot_cochem-768x1024.jpeg 768w, https:\/\/www.radiopiu.net\/wordpress\/wp-content\/uploads\/2021\/07\/allagamento_gelateria_bortot_cochem-1152x1536.jpeg 1152w, https:\/\/www.radiopiu.net\/wordpress\/wp-content\/uploads\/2021\/07\/allagamento_gelateria_bortot_cochem.jpeg 1200w\" sizes=\"auto, (max-width: 158px) 100vw, 158px\" \/><\/a>BELLUNO<\/strong> Sono ore di apprensione per l\u2019Associazione Bellunesi nel Mondo. Si aggrava di ora in ora la situazione nelle due regioni del Nord della Germania devastate dalle alluvioni: secondo l\u2019ultimo aggiornamento delle autorit\u00e0 sono almeno 103 le vittime e 1.300 i dispersi. Un fenomeno definito dai media di <em><a href=\"https:\/\/www.radiopiu.net\/wordpress\/alluvioni-in-belgio-germania-e-lussemburgo-abm-in-contatto-con-le-comunita-bellunesi\/cochem_gelateria_bortot\/\" rel=\"attachment wp-att-222088\"><img loading=\"lazy\" decoding=\"async\" class=\" wp-image-222088 alignright\" src=\"https:\/\/www.radiopiu.net\/wordpress\/wp-content\/uploads\/2021\/07\/cochem_gelateria_bortot-225x300.jpeg\" alt=\"\" width=\"175\" height=\"233\" srcset=\"https:\/\/www.radiopiu.net\/wordpress\/wp-content\/uploads\/2021\/07\/cochem_gelateria_bortot-225x300.jpeg 225w, https:\/\/www.radiopiu.net\/wordpress\/wp-content\/uploads\/2021\/07\/cochem_gelateria_bortot-768x1024.jpeg 768w, https:\/\/www.radiopiu.net\/wordpress\/wp-content\/uploads\/2021\/07\/cochem_gelateria_bortot-1152x1536.jpeg 1152w, https:\/\/www.radiopiu.net\/wordpress\/wp-content\/uploads\/2021\/07\/cochem_gelateria_bortot.jpeg 1200w\" sizes=\"auto, (max-width: 175px) 100vw, 175px\" \/><\/a><\/em>\u201cproporzioni storiche\u201d e che ha colpito anche le zone confinanti di Belgio, Lussemburgo e Olanda, dove ci sono almeno altri 15 morti e migliaia di persone da ore senza corrente. Un territorio europeo dove \u00e8 forte la presenza anche di comunit\u00e0 bellunesi, emigrate durante il Novecento, e dove sono operativi tre circoli dell\u2019Associazione Bellunesi nel Mondo: le Famiglie Bellunesi del Nord-Reno Westfalia, di Liegi e di Lussemburgo. \u00ab<em>Siamo in continuo contatto con i nostri associati &#8211; le parole del presidente dell\u2019Associazione Bellunesi nel Mondo Oscar De Bona &#8211; fortunatamente allo stato attuale non ci sono vittime, ma i danni alle abitazioni, alle strade e all\u2019intero territorio sono ingenti<\/em>\u00bb. Tra le persone danneggiate, in Germania, ci sono molti gelatieri bellunesi. Non bisogna infatti dimenticare che la nazione tedesca \u00e8 la terra del gelato artigianale \u201cmade in Belluno\u201d. Diverse le testimonianze di soci gelatieri Abm. Come quella di Fausto Bortolot e del figlio Stefano: \u00ab<em>Abbiamo una gelateria a Cochem dove \u00e8 entrato un metro e mezzo d&#8217;acqua. Siamo riusciti a sgomberare tutto, a parte il bancone del gelato. Ci \u00e8 andata bene perch\u00e9 alle persone non \u00e8 successo niente. Fra personale e famigliari siamo in quattordici<\/em>\u00bb. Momenti davvero terribili, ma dei quali i nostri bellunesi all\u2019estero non si scoraggiano. \u00ab<em>Per quanto riguarda il lato economico &#8211; concludono Fausto e Stefano &#8211; abbiamo ancora tante giornate per vendere il nostro buon gelato. Un abbraccio a tutti<\/em>\u00bb. Altre notizie giungono anche dal vice presidente della Famiglia del Nord Reno Westfalia Riccardo Simonetti: \u00ab<em>Siamo in apprensione e in allarme per la catastrofe avvenuta in Germania. Fortunatamente in questo momento non ho nessuna notizia negativa n\u00e9 dai miei amici bellunesi, n\u00e9 da quelli tedeschi<\/em>\u00bb. E l\u2019immane alluvione ha colpito anche il Belgio. Aggiornamenti arrivano agli uffici dell\u2019Associazione Bellunesi nel Mondo da parte della socia C\u00e9line: \u00ab<em>S\u00ec \u00e8 terribile. Ho tanti amici che hanno la casa distrutta. Noi fortunatamente stiamo bene. Meno male che le nostre case sono un po\u2019 pi\u00f9 alte<\/em>\u00bb. \u00ab<em>Nei prossimi giorni &#8211; conclude De Bona &#8211; faremo una valutazione, in base alle richieste che ci giungeranno, se sar\u00e0 necessario supportare con le nostre piccole forze qualche bellunese in difficolt\u00e0 nelle aree colpite<\/em>\u00bb.<\/p>\n<p>&nbsp;<\/p>\n<p>&nbsp;<\/p>\n<p>&nbsp;<\/p>\n<p>&nbsp;<\/p>\n<hr \/>\n<p>&nbsp;<\/p>\n<blockquote>\n<h3>SECONDO IL PD LA LEGGE SULLE GRANDI CONCESSIONI IDROLETTRICHE E&#8217; UNO SCHIAFFO ALLA PROVINCIA DI BELLUNO<\/h3>\n<\/blockquote>\n<p><strong><a href=\"https:\/\/www.radiopiu.net\/wordpress\/secondo-il-pd-la-legge-sulle-grandi-concessioni-idrolettriche-e-uno-schiaffo-alla-provincia-di-belluno\/887d4258-b187-4eed-b4c5-400376ad32e1\/\" rel=\"attachment wp-att-222155\"><img loading=\"lazy\" decoding=\"async\" class=\"size-medium wp-image-222155 alignleft\" src=\"https:\/\/www.radiopiu.net\/wordpress\/wp-content\/uploads\/2021\/07\/887d4258-b187-4eed-b4c5-400376ad32e1-300x138.jpg\" alt=\"\" width=\"300\" height=\"138\" srcset=\"https:\/\/www.radiopiu.net\/wordpress\/wp-content\/uploads\/2021\/07\/887d4258-b187-4eed-b4c5-400376ad32e1-300x138.jpg 300w, https:\/\/www.radiopiu.net\/wordpress\/wp-content\/uploads\/2021\/07\/887d4258-b187-4eed-b4c5-400376ad32e1-1024x472.jpg 1024w, https:\/\/www.radiopiu.net\/wordpress\/wp-content\/uploads\/2021\/07\/887d4258-b187-4eed-b4c5-400376ad32e1-768x354.jpg 768w, https:\/\/www.radiopiu.net\/wordpress\/wp-content\/uploads\/2021\/07\/887d4258-b187-4eed-b4c5-400376ad32e1-1536x708.jpg 1536w, https:\/\/www.radiopiu.net\/wordpress\/wp-content\/uploads\/2021\/07\/887d4258-b187-4eed-b4c5-400376ad32e1.jpg 1600w\" sizes=\"auto, (max-width: 300px) 100vw, 300px\" \/><\/a>BELLUNO<\/strong><\/p>\n<p>di Moreno Gioli<\/p>\n<audio class=\"wp-audio-shortcode\" id=\"audio-221983-1\" preload=\"none\" style=\"width: 100%;\" controls=\"controls\"><source type=\"audio\/mpeg\" src=\"https:\/\/www.radiopiu.net\/wordpress\/wp-content\/uploads\/2021\/07\/GIOLI-DE-MENECH-IDRO.mp3?_=1\" \/><a href=\"https:\/\/www.radiopiu.net\/wordpress\/wp-content\/uploads\/2021\/07\/GIOLI-DE-MENECH-IDRO.mp3\">https:\/\/www.radiopiu.net\/wordpress\/wp-content\/uploads\/2021\/07\/GIOLI-DE-MENECH-IDRO.mp3<\/a><\/audio>\n<p>&nbsp;<\/p>\n<p><strong>ROGER DE MENECH<\/strong><\/p>\n<audio class=\"wp-audio-shortcode\" id=\"audio-221983-2\" preload=\"none\" style=\"width: 100%;\" controls=\"controls\"><source type=\"audio\/mpeg\" src=\"https:\/\/www.radiopiu.net\/wordpress\/wp-content\/uploads\/2021\/07\/DE-MENECH-IDRO-INTERVISTA.mp3?_=2\" \/><a href=\"https:\/\/www.radiopiu.net\/wordpress\/wp-content\/uploads\/2021\/07\/DE-MENECH-IDRO-INTERVISTA.mp3\">https:\/\/www.radiopiu.net\/wordpress\/wp-content\/uploads\/2021\/07\/DE-MENECH-IDRO-INTERVISTA.mp3<\/a><\/audio>\n<p>&nbsp;<\/p>\n<hr \/>\n<p>&nbsp;<\/p>\n<blockquote>\n<h3>LA REPLICA AL PD DI BOTTACIN &#8220;VUOTA PROPAGANDA, SUPERATA DA FATTI CONCRETI&#8221;<\/h3>\n<\/blockquote>\n<p><strong>di GIANPAOLO BOTTACIN ASSESSORE REGIONALE\u00a0<\/strong><\/p>\n<blockquote><p><em><img loading=\"lazy\" decoding=\"async\" class=\"alignleft\" src=\"https:\/\/www.radiopiu.net\/wordpress\/wp-content\/uploads\/2020\/12\/BOTTACIN-1.png\" width=\"397\" height=\"263\" \/>\u201cAssisto per l\u2019ennesima volta al solito esercizio di vuota propaganda con cui gli esponenti del Pd bellunese cercano di riservare tutti i mali del mondo in capo alla Regione, evidentemente consapevoli di non poter essere confusi con un ente che da decenni non governano e che, continuando cos\u00ec, presumibilmente continueranno e per fortuna a non governare ancora a lungo\u201d. Cos\u00ec l\u2019assessore con delega alla Specificit\u00e0 di Belluno Gianpaolo Bottacin in replica alle dichiarazioni in cui il Pd attaccava la Regione circa il progetto di legge attinente alle disposizioni concernenti le concessioni di grandi derivazioni d\u2019acqua ad uso idroelettrico, con particolare riferimento all\u2019articolo 13 del testo, in questo momento all\u2019attenzione del Consiglio regionale.<\/em><\/p>\n<p><em>\u201cEvidentemente gli esponenti del Pd non sono a conoscenza che quella norma \u2013 spiega l\u2019assessore -, posta peraltro a tutela e non a danno del territorio bellunese, ha una valenza transitoria nelle more del perfezionamento dei pi\u00f9 ampi accordi in materia di difesa del suolo che stiamo perfezionando con la Provincia. Accordi che sono previsti per legge e mai superati, ma anzi aggravati enormemente dalla legge Delrio voluta dal PD\u201d.<\/em><\/p>\n<p><em>\u201cProprio in tal senso ho scritto anche oggi una nota presidente Padrin \u2013 prosegue Bottacin \u2013 nella quale specificavo che, non appena sar\u00e0 perfezionato l\u2019accordo quadro previsto dalla L.R. 2\/2006 come attualmente modificata, proprio quell\u2019articolo potr\u00e0 essere stralciato in quanto superato dall\u2019accordo stesso\u201d.<\/em><\/p>\n<p><em>\u201cRicordo piuttosto al PD bellunese che il bilancio della Provincia \u00e8 stato salvato dalla Regione. Infatti a seguito dei tagli operati dalla Delrio la Provincia si \u00e8 trovata senza soldi e senza personale. Solo attraverso l&#8217;intervento della Regione il bilancio della Provincia si \u00e8 salvato. E la stessa cosa \u00e8 accaduto in Lombardia con la Provincia di Sondrio. In Piemonte invece dove governava il PD e dove la regione non era intervenuta, la provincia del VCO stava per dichiarare il dissesto finanziario e si \u00e8 salvata solo grazie all&#8217;intervento dell&#8217;allora sottosegretario Candiani. Oggi se la Provincia di Belluno pu\u00f2 chiudere il bilancio \u00e8 solo ed esclusivamente grazie all&#8217;intervento economico della Regione. Questi sono dati oggettivi facilmente riscontrabili dai bilanci. Mi auguro che invece il PD lavori per abolire la Delrio ridando dignit\u00e0 alle Province.&#8221;<\/em><br \/>\n<em>&#8220;Il PD anzich\u00e9 affermare cose che non stanno n\u00e9 in cielo n\u00e9 in terra, dovrebbe sostenere il mio progetto di legge che trasferisce la propriet\u00e0 delle centrali idroelettriche al pubblico. Una svolta epocale che consentir\u00e0 di vedere enormemente incrementato il gettito anche per l&#8217;ente Provincia di Belluno che all&#8217;articolo 2 comma 3 vede totalmente salvaguardata la sua autonomia. Ancora una volta quindi vuota propaganda \u2013 conclude l\u2019assessore \u2013 da parte di esponenti politici, che nella cieca ricerca di un nemico sul quale sparare, non si accorgono nemmeno che le loro dichiarazioni sono ampiamente gi\u00e0 superate dai fatti concreti\u201d.<\/em><\/p><\/blockquote>\n<p><strong>ALLA RADIO<\/strong><\/p>\n<audio class=\"wp-audio-shortcode\" id=\"audio-221983-3\" preload=\"none\" style=\"width: 100%;\" controls=\"controls\"><source type=\"audio\/mpeg\" src=\"https:\/\/www.radiopiu.net\/wordpress\/wp-content\/uploads\/2021\/07\/BOTTACIN-DE-MENECH-IDRO.mp3?_=3\" \/><a href=\"https:\/\/www.radiopiu.net\/wordpress\/wp-content\/uploads\/2021\/07\/BOTTACIN-DE-MENECH-IDRO.mp3\">https:\/\/www.radiopiu.net\/wordpress\/wp-content\/uploads\/2021\/07\/BOTTACIN-DE-MENECH-IDRO.mp3<\/a><\/audio>\n<p>&nbsp;<\/p>\n<p>&nbsp;<\/p>\n<\/div>\n<\/div>\n<p>&nbsp;<\/p>\n<hr \/>\n<p>&nbsp;<\/p>\n<blockquote>\n<h3>CONSIGLIO DI BACINO PE IL CICLO INTEGRATO DEI RIFIUTI<\/h3>\n<\/blockquote>\n<p><strong><a href=\"https:\/\/www.radiopiu.net\/wordpress\/giornale-radiopiu-17-luglio-2021-direttore-mirko-mezzacasa\/62047cbd-bf80-437c-bcb0-98dfe432cde4\/\" rel=\"attachment wp-att-222211\"><img loading=\"lazy\" decoding=\"async\" class=\"wp-image-222211 alignleft\" src=\"https:\/\/www.radiopiu.net\/wordpress\/wp-content\/uploads\/2021\/07\/62047cbd-bf80-437c-bcb0-98dfe432cde4-300x169.jpg\" alt=\"\" width=\"240\" height=\"135\" srcset=\"https:\/\/www.radiopiu.net\/wordpress\/wp-content\/uploads\/2021\/07\/62047cbd-bf80-437c-bcb0-98dfe432cde4-300x169.jpg 300w, https:\/\/www.radiopiu.net\/wordpress\/wp-content\/uploads\/2021\/07\/62047cbd-bf80-437c-bcb0-98dfe432cde4-1024x576.jpg 1024w, https:\/\/www.radiopiu.net\/wordpress\/wp-content\/uploads\/2021\/07\/62047cbd-bf80-437c-bcb0-98dfe432cde4-768x432.jpg 768w, https:\/\/www.radiopiu.net\/wordpress\/wp-content\/uploads\/2021\/07\/62047cbd-bf80-437c-bcb0-98dfe432cde4-1536x864.jpg 1536w, https:\/\/www.radiopiu.net\/wordpress\/wp-content\/uploads\/2021\/07\/62047cbd-bf80-437c-bcb0-98dfe432cde4.jpg 1920w\" sizes=\"auto, (max-width: 240px) 100vw, 240px\" \/><\/a>BELLUNO<\/strong> L\u2019Assemblea dei Sindaci del Consiglio di Bacino \u201cDolomiti\u201d per il ciclo integrato dei rifiuti ha raggiunto l\u2019accordo sui nominativi da proporre.\u00a0 dopo la presentazione della lista bloccata sottoscritta da 25 sindaci in rappresentanza del 67 % della popolazione. L\u2019Assemblea ha visto la partecipazione di 38 sindaci, in rappresentanza del 64% della popolazione di bacino. L\u2019Assemblea ha dunque\u00a0 provveduto all\u2019elezione dei membri del nuovo Comitatodi Bacino: \u2022 Adis Zatta per il Comune di Feltre; \u2022 Marianna Hofer per il Comune di Valle di Cadore; \u2022 Stefano Deon per il Comune di Sedico; \u2022 Dario Scopel per il Comune di Seren del Grappa; \u2022 Loris Fagherazzi per il Comune di Tambre; \u2022 Gianni Burigo per il Comune di Soverzene; \u2022 Remo Ianese per il Comune di S.Nicol\u00f2 di Comelico. Eletto Presidente Adis Zatta. E&#8217; stata formalizzata la richiesta al Comitato di voler invitare ai lavori, quale uditore senza diritto di voto, Pierluigi Dal Borgo per il Comune di Ponte nelle Alpi.<\/p>\n<p>&nbsp;<\/p>\n<p>&nbsp;<\/p>\n<hr \/>\n<p>&nbsp;<\/p>\n<blockquote>\n<h3>QUANDO BUROCRAZIA E UFFICI RALLENTANO E SCONFORTANO FRENANDO GLI ENTUSIASMI DEI GIOVANI<\/h3>\n<\/blockquote>\n<blockquote><p><strong><img loading=\"lazy\" decoding=\"async\" class=\"alignleft\" src=\"https:\/\/www.radiopiu.net\/wordpress\/wp-content\/uploads\/2021\/07\/6730290b-2905-4551-a0fe-8dfa029ef5fd.jpg\" width=\"293\" height=\"220\" \/>TAIBON<\/strong> Si parla tanto di aiutare i giovani, di assisterli nelle loro iniziative perch\u00e9 rimangano sul territorio, perch\u00e9 i paesi non si spopolino e poi ecco che alla prova dei fatti tutte le teorie rimangono tali e anzich\u00e9\u00a0 trovare aiuto nelle istituzioni,\u00a0 si sormontano gli ostacoli, cresce lo sconforto e la gente o entra in fabbrica o se ne va altrove dove le belle parole che riempiono la bocca trovano un minimo di concretezza. Questo viene in mente ascoltando la storia di Irene e Raissa (in foto a sinistra in primo piano) che a Taibon vorrebbero (o forse volevano) avviare un&#8217;attivit\u00e0 e il consiglio comunale ne era entusiasta, in un paese che nel tempo ha perso ormai quasi tutto, dal forno del panettiere all&#8217;edicola alla banca e poi\u00a0 una serie di attivit\u00e0 commerciali a catena. Raissa e Irene hanno presentato la pratica nei giusti tempi per sfruttare la buona stagione per poi scoprire che la stessa \u00e8 stata respinta dall&#8217;Unione Montana in quanto, al contrario di quanto riferito dal tecnico comunale fin dallo scorso febbraio,\u00a0 \u00e8 necessario presentare autorizzazione paesaggistica in forma ordinaria e non semplificata&#8230; In poche parole tutto da rifare e non sono elaborati tanto semplici,\u00a0 prevedono due mesi di tempo solo per l&#8217;approvazione. Quindi l&#8217;estate se ne andr\u00e0, Irene e Raissa perderanno una stagione perch\u00e9 ad ottobre mica facile in montagna andare al campo di addestramento e sinceramente non sembra cosa difficile da capire.<\/p><\/blockquote>\n<p><strong>DILLO A RADIO PIU&#8230;&#8221;aperto l&#8217;ufficio complicazioni affari semplici&#8221;<\/strong><\/p>\n<p><em>Siamo Irene e Raissa, due educatrici cinofile rispettivamente della Val di Zoldo e dell\u2019Agordino. Da due anni facciamo consulenze e Dog Sitting a domicilio in queste zone, ma il nostro progetto \u00e8 di aprire un centro cinofilo che possa essere un polo di servizi per il cane e un punto di riferimento per i valligiani, cosa che attualmente manca nelle nostre vallate. Un anno fa siamo finalmente riuscite a trovare un terreno disponibile in affitto a Taibon, ma da allora sono iniziate le disavventure causate dalle lunghissime tempistiche della burocrazia italiana. A febbraio di quest\u2019anno avevamo pronti sia il contratto d\u2019affitto che il progetto da presentare al consiglio comunale di Taibon. A marzo abbiamo presentato il nostro progetto al consiglio, e abbiamo ricevuto approvazione e sostegno per voler intraprendere questa attivit\u00e0 in un periodo cos\u00ec difficile e in un paesino in cui le attivit\u00e0 commerciali stanno pian piano calando. Abbiamo ricevuto l\u2019approvazione e, avendo avuto conferma che fosse sufficiente una pratica semplificata, abbiamo firmato il progetto e lo abbiamo consegnato all\u2019ufficio tecnico a met\u00e0 aprile. Dopo 2 mesi (!) ci \u00e8 stato dato l\u2019ok con alcune modifiche, dopodich\u00e9 abbiamo riconsegnato il progetto a met\u00e0 giugno per l\u2019invio ai beni ambientali. Da l\u00ec il conto alla rovescia di 25 giorni: speravamo di poter concludere i lavori e aprire per l\u2019estate, ora se tutto fosse andato bene avremmo potuto aprire per settembre. Ma qualche giorno fa arriva la brutta notizia: il nostro progetto \u00e8 stato bocciato perch\u00e9 la pratica doveva essere ordinaria e non semplificata! Tutto da rifare! E la data prevista di inizio lavori \u00e8 fine ottobre, sperando che nel frattempo non ghiacci il terreno! Siamo davvero sconfortate, perch\u00e9 \u00e8 facile lamentarsi del fatto che non ci siano servizi oppure che i giovani non investano sul nostro territorio, se poi queste sono le difficolt\u00e0 a cui vanno incontro. Ringraziandovi per l\u2019ascolto delle nostre parole, vi chiediamo se possibile di portare la nostra situazione all\u2019attenzione degli ascoltatori, sperando di smuovere la nostra situazione e riuscire a tagliare un po\u2019 i tempi.<\/em><\/p>\n<p><em><strong>Raissa &amp; Irene<\/strong><\/em><\/p>\n<p>&nbsp;<\/p>\n<p><strong>DI GIANNI SANTOMASO<\/strong><\/p>\n<audio class=\"wp-audio-shortcode\" id=\"audio-221983-4\" preload=\"none\" style=\"width: 100%;\" controls=\"controls\"><source type=\"audio\/mpeg\" src=\"https:\/\/www.radiopiu.net\/wordpress\/wp-content\/uploads\/2021\/07\/GIANNI-IRENE-E-RAIS-CANI.mp3?_=4\" \/><a href=\"https:\/\/www.radiopiu.net\/wordpress\/wp-content\/uploads\/2021\/07\/GIANNI-IRENE-E-RAIS-CANI.mp3\">https:\/\/www.radiopiu.net\/wordpress\/wp-content\/uploads\/2021\/07\/GIANNI-IRENE-E-RAIS-CANI.mp3<\/a><\/audio>\n<p>&nbsp;<\/p>\n<hr \/>\n<p>&nbsp;<\/p>\n<p>&nbsp;<\/p>\n<blockquote>\n<h3>INTANTO A ROCCA PIETORE PRENDE IL VIA IL PROGETTO BORGHI DOG, LA PRIMA COMMUNITY PER CHI VIAGGIA NEI BORGHI ITALIANI CON GLI AMICI A QUATTRO ZAMPE<\/h3>\n<\/blockquote>\n<p><strong>ROCCA PIETORE<\/strong> Sottoguda diventa il primo Borgo Dog del Veneto. La rete dei Borghi Dog mira a favorire favorire il turismo pet-friendly nei borghi italiani. Quest\u2019idea originale \u00e8 partita ad aprile dalla Basilicata e il team di Borghi Dog sta raccogliendo tutte le informazioni utili a chi viaggia con un amico a quattro zampe, un cane o un gatto, per aiutarlo a pianificare al meglio la sua vacanza nei piccoli borghi ricchi di storia, arte e cultura. In Italia i piccoli comuni sono oltre 6000 e l&#8217;iniziativa si propone di\u00a0 consentire a chi va in vacanza in compagnia degli amici a quattro zampe di scoprire l\u2019Italia nascosta e i suoi fantastici borghi in ogni regione d\u2019Italia. <em>\u201cIl piccolo borgo di Sottoguda &#8211; spiega Alessia dell\u2019Andrea del Consorzio Turistico Marmolada &#8211; ha una vocazione turistica innata, \u00e8 uno scrigno di scorci indimenticabili: ha ottenuto diversi riconoscimenti (Borgo pi\u00f9 belli d\u2019Italia, fa parte del Comune di Rocca Pietore che \u00e8 Bandiera Arancione del Touring Club), con i colori dei fiori sui poggioli e nei piccoli giardini, le farfalle di ferro battuto che colorano le facciate delle case, le sculture di legno intagliate con cura, le cataste di legna sapientemente sistemate e abbellite con gerani dai colori intensi, antichi fienili (tabi\u00e8i) addobbati con gli attrezzi di una volta. Ogni viuzza \u00e8 una scoperta che riempi e gli occhi di bellezza. Abbiamo deciso di aderire a Borghi Dog per far conoscere il nostro antico borgo anche a chi viaggia con un animale di compagnia. Saremo ben lieti di accogliere tutti i turisti e gli amici a quattro zampe\u201d. <\/em>Nella pagina dedicata a Sottoguda su BorghiDog.it troverete tutte le informazioni necessarie per trascorrere qualche giorno di pace e relax nel borgo delle Dolomiti bellunesi. Maggiori informazioni www.borghidog.it<\/p>\n\n\t\t\t<style type='text\/css'>\n\t\t\t\t#gallery-2 {\n\t\t\t\t\tmargin: auto;\n\t\t\t\t}\n\t\t\t\t#gallery-2 .gallery-item {\n\t\t\t\t\tfloat: left;\n\t\t\t\t\tmargin-top: 10px;\n\t\t\t\t\ttext-align: center;\n\t\t\t\t\twidth: 33%;\n\t\t\t\t}\n\t\t\t\t#gallery-2 img {\n\t\t\t\t\tborder: 2px solid #cfcfcf;\n\t\t\t\t}\n\t\t\t\t#gallery-2 .gallery-caption {\n\t\t\t\t\tmargin-left: 0;\n\t\t\t\t}\n\t\t\t\t\/* see gallery_shortcode() in wp-includes\/media.php *\/\n\t\t\t<\/style>\n\t\t<div id='gallery-2' class='dt-gallery-container gallery galleryid-221983 gallery-columns-3 gallery-size-medium'><dl class='gallery-item'>\n\t\t\t\t<dt class='gallery-icon landscape'>\n\t\t\t\t\t<a class=\"rollover rollover-zoom dt-pswp-item\" title=\"Chiesa-Sottoguda-Consorzio-Turistico-Marmolada-1\" data-dt-img-description=\"\" data-large_image_width=\"1024\" data-large_image_height=\"768\"href='https:\/\/www.radiopiu.net\/wordpress\/wp-content\/uploads\/2021\/07\/Chiesa-Sottoguda-Consorzio-Turistico-Marmolada-1.jpg'><img loading=\"lazy\" decoding=\"async\" width=\"300\" height=\"225\" src=\"https:\/\/www.radiopiu.net\/wordpress\/wp-content\/uploads\/2021\/07\/Chiesa-Sottoguda-Consorzio-Turistico-Marmolada-1-300x225.jpg\" class=\"attachment-medium size-medium\" alt=\"\" srcset=\"https:\/\/www.radiopiu.net\/wordpress\/wp-content\/uploads\/2021\/07\/Chiesa-Sottoguda-Consorzio-Turistico-Marmolada-1-300x225.jpg 300w, https:\/\/www.radiopiu.net\/wordpress\/wp-content\/uploads\/2021\/07\/Chiesa-Sottoguda-Consorzio-Turistico-Marmolada-1-768x576.jpg 768w, https:\/\/www.radiopiu.net\/wordpress\/wp-content\/uploads\/2021\/07\/Chiesa-Sottoguda-Consorzio-Turistico-Marmolada-1.jpg 1024w\" sizes=\"auto, (max-width: 300px) 100vw, 300px\" \/><\/a>\n\t\t\t\t<\/dt><\/dl><dl class='gallery-item'>\n\t\t\t\t<dt class='gallery-icon portrait'>\n\t\t\t\t\t<a class=\"rollover rollover-zoom dt-pswp-item\" title=\"Diuk-mascotte-faggeta-autunno-Foto-Monika-De-Biasio-1\" data-dt-img-description=\"\" data-large_image_width=\"768\" data-large_image_height=\"1024\"href='https:\/\/www.radiopiu.net\/wordpress\/wp-content\/uploads\/2021\/07\/Diuk-mascotte-faggeta-autunno-Foto-Monika-De-Biasio-1.jpg'><img loading=\"lazy\" decoding=\"async\" width=\"225\" height=\"300\" src=\"https:\/\/www.radiopiu.net\/wordpress\/wp-content\/uploads\/2021\/07\/Diuk-mascotte-faggeta-autunno-Foto-Monika-De-Biasio-1-225x300.jpg\" class=\"attachment-medium size-medium\" alt=\"\" srcset=\"https:\/\/www.radiopiu.net\/wordpress\/wp-content\/uploads\/2021\/07\/Diuk-mascotte-faggeta-autunno-Foto-Monika-De-Biasio-1-225x300.jpg 225w, https:\/\/www.radiopiu.net\/wordpress\/wp-content\/uploads\/2021\/07\/Diuk-mascotte-faggeta-autunno-Foto-Monika-De-Biasio-1.jpg 768w\" sizes=\"auto, (max-width: 225px) 100vw, 225px\" \/><\/a>\n\t\t\t\t<\/dt><\/dl><dl class='gallery-item'>\n\t\t\t\t<dt class='gallery-icon portrait'>\n\t\t\t\t\t<a class=\"rollover rollover-zoom dt-pswp-item\" title=\"passeggiata-pet-friendly-Sottoguda-Foto-Monika-De-Biasio-1\" data-dt-img-description=\"\" data-large_image_width=\"854\" data-large_image_height=\"999\"href='https:\/\/www.radiopiu.net\/wordpress\/wp-content\/uploads\/2021\/07\/passeggiata-pet-friendly-Sottoguda-Foto-Monika-De-Biasio-1.jpg'><img loading=\"lazy\" decoding=\"async\" width=\"256\" height=\"300\" src=\"https:\/\/www.radiopiu.net\/wordpress\/wp-content\/uploads\/2021\/07\/passeggiata-pet-friendly-Sottoguda-Foto-Monika-De-Biasio-1-256x300.jpg\" class=\"attachment-medium size-medium\" alt=\"\" srcset=\"https:\/\/www.radiopiu.net\/wordpress\/wp-content\/uploads\/2021\/07\/passeggiata-pet-friendly-Sottoguda-Foto-Monika-De-Biasio-1-256x300.jpg 256w, https:\/\/www.radiopiu.net\/wordpress\/wp-content\/uploads\/2021\/07\/passeggiata-pet-friendly-Sottoguda-Foto-Monika-De-Biasio-1-768x898.jpg 768w, https:\/\/www.radiopiu.net\/wordpress\/wp-content\/uploads\/2021\/07\/passeggiata-pet-friendly-Sottoguda-Foto-Monika-De-Biasio-1.jpg 854w\" sizes=\"auto, (max-width: 256px) 100vw, 256px\" \/><\/a>\n\t\t\t\t<\/dt><\/dl><br style=\"clear: both\" \/><dl class='gallery-item'>\n\t\t\t\t<dt class='gallery-icon landscape'>\n\t\t\t\t\t<a class=\"rollover rollover-zoom dt-pswp-item\" title=\"Diuk-percorso-meditazione-Sottoguda-Foto-Monika-De-Biasio-2-1\" data-dt-img-description=\"\" data-large_image_width=\"1024\" data-large_image_height=\"768\"href='https:\/\/www.radiopiu.net\/wordpress\/wp-content\/uploads\/2021\/07\/Diuk-percorso-meditazione-Sottoguda-Foto-Monika-De-Biasio-2-1.jpg'><img loading=\"lazy\" decoding=\"async\" width=\"300\" height=\"225\" src=\"https:\/\/www.radiopiu.net\/wordpress\/wp-content\/uploads\/2021\/07\/Diuk-percorso-meditazione-Sottoguda-Foto-Monika-De-Biasio-2-1-300x225.jpg\" class=\"attachment-medium size-medium\" alt=\"\" srcset=\"https:\/\/www.radiopiu.net\/wordpress\/wp-content\/uploads\/2021\/07\/Diuk-percorso-meditazione-Sottoguda-Foto-Monika-De-Biasio-2-1-300x225.jpg 300w, https:\/\/www.radiopiu.net\/wordpress\/wp-content\/uploads\/2021\/07\/Diuk-percorso-meditazione-Sottoguda-Foto-Monika-De-Biasio-2-1-768x576.jpg 768w, https:\/\/www.radiopiu.net\/wordpress\/wp-content\/uploads\/2021\/07\/Diuk-percorso-meditazione-Sottoguda-Foto-Monika-De-Biasio-2-1.jpg 1024w\" sizes=\"auto, (max-width: 300px) 100vw, 300px\" \/><\/a>\n\t\t\t\t<\/dt><\/dl><dl class='gallery-item'>\n\t\t\t\t<dt class='gallery-icon landscape'>\n\t\t\t\t\t<a class=\"rollover rollover-zoom dt-pswp-item\" title=\"Diuk-vista-Sottoguda-Foto-Monika-De-Biasio-1\" data-dt-img-description=\"\" data-large_image_width=\"1024\" data-large_image_height=\"768\"href='https:\/\/www.radiopiu.net\/wordpress\/wp-content\/uploads\/2021\/07\/Diuk-vista-Sottoguda-Foto-Monika-De-Biasio-1-1.jpg'><img loading=\"lazy\" decoding=\"async\" width=\"300\" height=\"225\" src=\"https:\/\/www.radiopiu.net\/wordpress\/wp-content\/uploads\/2021\/07\/Diuk-vista-Sottoguda-Foto-Monika-De-Biasio-1-1-300x225.jpg\" class=\"attachment-medium size-medium\" alt=\"\" srcset=\"https:\/\/www.radiopiu.net\/wordpress\/wp-content\/uploads\/2021\/07\/Diuk-vista-Sottoguda-Foto-Monika-De-Biasio-1-1-300x225.jpg 300w, https:\/\/www.radiopiu.net\/wordpress\/wp-content\/uploads\/2021\/07\/Diuk-vista-Sottoguda-Foto-Monika-De-Biasio-1-1-768x576.jpg 768w, https:\/\/www.radiopiu.net\/wordpress\/wp-content\/uploads\/2021\/07\/Diuk-vista-Sottoguda-Foto-Monika-De-Biasio-1-1.jpg 1024w\" sizes=\"auto, (max-width: 300px) 100vw, 300px\" \/><\/a>\n\t\t\t\t<\/dt><\/dl><dl class='gallery-item'>\n\t\t\t\t<dt class='gallery-icon portrait'>\n\t\t\t\t\t<a class=\"rollover rollover-zoom dt-pswp-item\" title=\"Diuk-percorso-meditazione-Sottoguda-Foto-Monika-De-Biasio-3\" data-dt-img-description=\"\" data-large_image_width=\"644\" data-large_image_height=\"1024\"href='https:\/\/www.radiopiu.net\/wordpress\/wp-content\/uploads\/2021\/07\/Diuk-percorso-meditazione-Sottoguda-Foto-Monika-De-Biasio-3.jpg'><img loading=\"lazy\" decoding=\"async\" width=\"189\" height=\"300\" src=\"https:\/\/www.radiopiu.net\/wordpress\/wp-content\/uploads\/2021\/07\/Diuk-percorso-meditazione-Sottoguda-Foto-Monika-De-Biasio-3-189x300.jpg\" class=\"attachment-medium size-medium\" alt=\"\" srcset=\"https:\/\/www.radiopiu.net\/wordpress\/wp-content\/uploads\/2021\/07\/Diuk-percorso-meditazione-Sottoguda-Foto-Monika-De-Biasio-3-189x300.jpg 189w, https:\/\/www.radiopiu.net\/wordpress\/wp-content\/uploads\/2021\/07\/Diuk-percorso-meditazione-Sottoguda-Foto-Monika-De-Biasio-3.jpg 644w\" sizes=\"auto, (max-width: 189px) 100vw, 189px\" \/><\/a>\n\t\t\t\t<\/dt><\/dl><br style=\"clear: both\" \/>\n\t\t\t<\/div>\n\n<p>&nbsp;<\/p>\n<p><strong>IL SINDACO DI ROCCA PIETORE ANDREA DE BERNARDIN<\/strong><\/p>\n<audio class=\"wp-audio-shortcode\" id=\"audio-221983-5\" preload=\"none\" style=\"width: 100%;\" controls=\"controls\"><source type=\"audio\/mpeg\" src=\"https:\/\/www.radiopiu.net\/wordpress\/wp-content\/uploads\/2021\/07\/DE-BERNARDIN-Sottoguda-Borghi-Dog-.mp3?_=5\" \/><a href=\"https:\/\/www.radiopiu.net\/wordpress\/wp-content\/uploads\/2021\/07\/DE-BERNARDIN-Sottoguda-Borghi-Dog-.mp3\">https:\/\/www.radiopiu.net\/wordpress\/wp-content\/uploads\/2021\/07\/DE-BERNARDIN-Sottoguda-Borghi-Dog-.mp3<\/a><\/audio>\n<p>&nbsp;<\/p>\n<p><strong>SILVIA CESTARO, CONSIGLIERE REGIONALE<\/strong><\/p>\n<audio class=\"wp-audio-shortcode\" id=\"audio-221983-6\" preload=\"none\" style=\"width: 100%;\" controls=\"controls\"><source type=\"audio\/mpeg\" src=\"https:\/\/www.radiopiu.net\/wordpress\/wp-content\/uploads\/2021\/07\/CESTARO-Sottoguda-Borghi-Dog-.mp3?_=6\" \/><a href=\"https:\/\/www.radiopiu.net\/wordpress\/wp-content\/uploads\/2021\/07\/CESTARO-Sottoguda-Borghi-Dog-.mp3\">https:\/\/www.radiopiu.net\/wordpress\/wp-content\/uploads\/2021\/07\/CESTARO-Sottoguda-Borghi-Dog-.mp3<\/a><\/audio>\n<p>&nbsp;<\/p>\n<p>&nbsp;<\/p>\n<hr \/>\n<h3><\/h3>\n<blockquote>\n<h3>COMUNE E ASCA PUNTANO SUI GIOVANI PER LA PROMOZIONE DEL TERRITORIO<\/h3>\n<\/blockquote>\n<p><strong><a href=\"https:\/\/www.radiopiu.net\/wordpress\/una-semplice\/a8a8cbd6-9ca3-4f14-9e6a-43069c08cd84\/\" rel=\"attachment wp-att-151434\"><img loading=\"lazy\" decoding=\"async\" class=\" wp-image-151434 alignleft\" src=\"https:\/\/www.radiopiu.net\/wordpress\/wp-content\/uploads\/2020\/07\/a8a8cbd6-9ca3-4f14-9e6a-43069c08cd84-300x225.jpg\" alt=\"\" width=\"209\" height=\"157\" srcset=\"https:\/\/www.radiopiu.net\/wordpress\/wp-content\/uploads\/2020\/07\/a8a8cbd6-9ca3-4f14-9e6a-43069c08cd84-300x225.jpg 300w, https:\/\/www.radiopiu.net\/wordpress\/wp-content\/uploads\/2020\/07\/a8a8cbd6-9ca3-4f14-9e6a-43069c08cd84-768x576.jpg 768w, https:\/\/www.radiopiu.net\/wordpress\/wp-content\/uploads\/2020\/07\/a8a8cbd6-9ca3-4f14-9e6a-43069c08cd84.jpg 960w\" sizes=\"auto, (max-width: 209px) 100vw, 209px\" \/><\/a>AGORDO<\/strong><\/p>\n<p>di Gianni Santomaso<\/p>\n<audio class=\"wp-audio-shortcode\" id=\"audio-221983-7\" preload=\"none\" style=\"width: 100%;\" controls=\"controls\"><source type=\"audio\/mpeg\" src=\"https:\/\/www.radiopiu.net\/wordpress\/wp-content\/uploads\/2021\/07\/GIANNI-PROMOZIONE-TERRITORIO-AGORDO.mp3?_=7\" \/><a href=\"https:\/\/www.radiopiu.net\/wordpress\/wp-content\/uploads\/2021\/07\/GIANNI-PROMOZIONE-TERRITORIO-AGORDO.mp3\">https:\/\/www.radiopiu.net\/wordpress\/wp-content\/uploads\/2021\/07\/GIANNI-PROMOZIONE-TERRITORIO-AGORDO.mp3<\/a><\/audio>\n<p>&nbsp;<\/p>\n<hr \/>\n<p>&nbsp;<\/p>\n<blockquote>\n<h3>DOSSIER ITALCOMP &#8220;VUOTO&#8221;? , BONA CGIL &#8220;FALSO E OFFENSIVO&#8221;<\/h3>\n<\/blockquote>\n<h3><strong><img loading=\"lazy\" decoding=\"async\" class=\"alignleft\" src=\"https:\/\/www.radiopiu.net\/wordpress\/wp-content\/uploads\/2021\/07\/faa8de43-2fda-41a5-a69d-a3a4c1e10a1c.jpg\" width=\"142\" height=\"190\" \/>BELLUNO<\/strong> Da un un&#8217;articolo apparso ieri sulla Stampa di Torino il rappresentante della Cgil Stefano Bona ha appreso\u00a0 che per il capogruppo alla camera della Lega Molinari il dossier Italcomp \u00e8 fallito perch\u00e9 &#8220;vuoto&#8221;. Il Commento:<em> &#8220;Niente di pi\u00f9 falso e offensivo, ci si dichiara anti assistenzialisti, come fa la Lega e poi si plaude ad una proroga secca della cigo per 6 mesi, con gli stessi soldi si sarebbe installata la nuova linea di motori a Chieri. Il problema, che tutti consapevolmente eludono, PD- LEGA- M5S, \u00e8 che Italcomp della seriet\u00e0 industriale del suo piano nessuno ha mai dubitato, nemmeno la Lega, era un progetto a trazione pubblica, quello che Giorgetti ha affossato non \u00e8 il progetto, ma la sua conduzione a responsabilit\u00e0 pubblica, egli ha infatti dichiarato di volerlo a trazione privata, cio\u00e8 maggioranza, conduzione e responsabilit\u00e0 private. Ovviamente i progetti di politica industriale che non consentono spregiudicati profitti speculativi ( vogliamo parlare di Autostrade?) ai privati non interessano&#8221;.<\/em> Per Bona\u00a0 Italcomp \u00e8 stata deliberatamente uccisa, per scelta ideologica e non economica dal Ministro. <em>&#8220;Lo dico -continua &#8211;\u00a0 \u00a0per onest\u00e0 a chiare lettere. E&#8217; umiliante il silenzio di PD e M5S che quel progetto avevano voluto ed ora volgono il capo da un&#8217;altra parte,\u00a0 leggere Giorgetti che dichiara che sono state recepite le istanze del tavolo del mise su Embraco fa male, \u00e8 evidente un&#8217;intesa conclusiva, tanto sono tutti responsabili di errori e tradimenti, per &#8221; regalare&#8221; 6 mesi di cigo solo per scollinare le elezioni amministrative per poi fregare gli operai?&#8221;.<\/em><\/h3>\n<p>&nbsp;<\/p>\n<p>&nbsp;<\/p>\n<hr \/>\n<p>&nbsp;<\/p>\n<blockquote>\n<h3>DOMANI NELLA CHIESA DI SAN LUCANO I 60 DI SACERDOZIO DI DON MARIO E LA RICORRENZA DI SAN LUCANO<\/h3>\n<\/blockquote>\n<p><strong><a href=\"https:\/\/www.radiopiu.net\/wordpress\/don-mario-3\/\"><img loading=\"lazy\" decoding=\"async\" class=\"size-medium wp-image-222173 alignleft\" src=\"https:\/\/www.radiopiu.net\/wordpress\/wp-content\/uploads\/2021\/07\/DON-MARIO-300x199.jpg\" alt=\"\" width=\"300\" height=\"199\" srcset=\"https:\/\/www.radiopiu.net\/wordpress\/wp-content\/uploads\/2021\/07\/DON-MARIO-300x199.jpg 300w, https:\/\/www.radiopiu.net\/wordpress\/wp-content\/uploads\/2021\/07\/DON-MARIO-1024x680.jpg 1024w, https:\/\/www.radiopiu.net\/wordpress\/wp-content\/uploads\/2021\/07\/DON-MARIO-768x510.jpg 768w, https:\/\/www.radiopiu.net\/wordpress\/wp-content\/uploads\/2021\/07\/DON-MARIO.jpg 1477w\" sizes=\"auto, (max-width: 300px) 100vw, 300px\" \/><\/a>TAIBON<\/strong><\/p>\n<p>di Gianni Santomaso<\/p>\n<audio class=\"wp-audio-shortcode\" id=\"audio-221983-8\" preload=\"none\" style=\"width: 100%;\" controls=\"controls\"><source type=\"audio\/mpeg\" src=\"https:\/\/www.radiopiu.net\/wordpress\/wp-content\/uploads\/2021\/07\/GIANNI-DON-MARIO.mp3?_=8\" \/><a href=\"https:\/\/www.radiopiu.net\/wordpress\/wp-content\/uploads\/2021\/07\/GIANNI-DON-MARIO.mp3\">https:\/\/www.radiopiu.net\/wordpress\/wp-content\/uploads\/2021\/07\/GIANNI-DON-MARIO.mp3<\/a><\/audio>\n<p>&nbsp;<\/p>\n<blockquote>\n<h3>26 SETTEMBRE 2019, ARCHIVIO RADIO PIU<\/h3>\n<p>IL SALUTO DI UNA COMUNITA&#8217; AD UN GRANDE PARROCO, DON MARIO ZANON<\/p><\/blockquote>\n<h2><\/h2>\n<p><strong><a class=\"dt-pswp-item\" href=\"http:\/\/www.radiopiu.net\/wordpress\/wp-content\/uploads\/2019\/08\/TAIBON-Loretta-Ben-e-don-Mario-Zanon.jpg\" data-dt-img-description=\"\" data-large_image_width=\"1476\" data-large_image_height=\"1107\"><img loading=\"lazy\" decoding=\"async\" class=\" wp-image-96049 alignright\" src=\"http:\/\/www.radiopiu.net\/wordpress\/wp-content\/uploads\/2019\/08\/TAIBON-Loretta-Ben-e-don-Mario-Zanon-300x225.jpg\" alt=\"\" width=\"235\" height=\"176\" srcset=\"https:\/\/www.radiopiu.net\/wordpress\/wp-content\/uploads\/2019\/08\/TAIBON-Loretta-Ben-e-don-Mario-Zanon-300x225.jpg 300w, https:\/\/www.radiopiu.net\/wordpress\/wp-content\/uploads\/2019\/08\/TAIBON-Loretta-Ben-e-don-Mario-Zanon-768x576.jpg 768w, https:\/\/www.radiopiu.net\/wordpress\/wp-content\/uploads\/2019\/08\/TAIBON-Loretta-Ben-e-don-Mario-Zanon-1024x768.jpg 1024w, https:\/\/www.radiopiu.net\/wordpress\/wp-content\/uploads\/2019\/08\/TAIBON-Loretta-Ben-e-don-Mario-Zanon.jpg 1476w\" sizes=\"auto, (max-width: 235px) 100vw, 235px\" \/><\/a>TAIBON<\/strong> Il paese si prepara a salutare il suo parroco, Don Mario Zanon l&#8217;amato prete di paese che ha sempre saputo unire una comunit\u00e0. Don Mario c&#8217;\u00e8 sempre stato, con i piccoli, con gli anziani, nella buona e cattiva sorte. Quel sorriso, quella parola, quelle omelie, quei richiami quando servivano, Dio solo sa quanto mancher\u00e0 a tutto il paese che in Don Mario ha sempre trovato un punto di riferimento importante. Don Mario trascorrer\u00e0 i suoi anni alla casa di riposo di Taibon, meritatissimo momento di riposo dopo tanti anni in attivit\u00e0. Non mancher\u00e0 di celebrare la messa per gli anziani, ma anche per coloro che la domenica saliranno alla casa di soggiorno per anziani dono dell&#8217;imprenditore Bruno Dai Pra. <strong>La comunit\u00e0 parrocchiale invita la popolazione domenica 6 ottobre alle 10 alla messa per salutare e ringraziare Don Mario per gli anni dedicati al servizio della comunit\u00e0.<\/strong><\/p>\n<p><span style=\"color: #ff0000;\"><strong>pochi giorni fa a Listolade<\/strong><\/span><\/p>\n<audio class=\"wp-audio-shortcode\" id=\"audio-221983-9\" preload=\"none\" style=\"width: 100%;\" controls=\"controls\"><source type=\"audio\/mpeg\" src=\"http:\/\/www.radiopiu.net\/wordpress\/wp-content\/uploads\/2019\/09\/DON-MARIO.mp3?_=9\" \/><a href=\"http:\/\/www.radiopiu.net\/wordpress\/wp-content\/uploads\/2019\/09\/DON-MARIO.mp3\">http:\/\/www.radiopiu.net\/wordpress\/wp-content\/uploads\/2019\/09\/DON-MARIO.mp3<\/a><\/audio>\n<p>&nbsp;<\/p>\n<h3>notiziario del 5 agosto 2019<\/h3>\n<h3>PER TAIBON IL FUTURO RISERVA UN PARROCO PART-TIME CON LA VALLE E AGORDO<\/h3>\n<p><strong><a class=\"dt-pswp-item\" href=\"http:\/\/www.radiopiu.net\/wordpress\/wp-content\/uploads\/2019\/08\/download-6.jpg\" data-dt-img-description=\"\" data-large_image_width=\"300\" data-large_image_height=\"168\"><img loading=\"lazy\" decoding=\"async\" class=\" wp-image-95372 alignleft\" src=\"http:\/\/www.radiopiu.net\/wordpress\/wp-content\/uploads\/2019\/08\/download-6-300x168.jpg\" alt=\"\" width=\"166\" height=\"93\" \/><\/a>TAIBON<\/strong> Che sia il caso di allargare la chiesetta alla Casa di Soggiorno di Taibon? Il paese \u00e8 affezionato al suo parroco Mario Zanon che oltre gli 80 trascorrer\u00e0 gli anni della pensione alla casa di soggiorno per persone anziane di Taibon Agordino e li&#8217; celebrer\u00e0 la messa anche domenicale. In molti hanno gi\u00e0 assicurato che non mancheranno a quelle celebrazioni religiose. Intanto Don Mario ha inziato a dare la notizia e parlare alla sua comunit\u00e0, l&#8217;ha fatto in occasione della festa organizzata l&#8217;altra sera ai Coi con i frazionisti di via al Forte<\/p>\n<p>&nbsp;<\/p>\n<p>&nbsp;<\/p>\n<blockquote class=\"wp-embedded-content\" data-secret=\"lZAj5zqGLt\"><p><a href=\"https:\/\/www.radiopiu.net\/wordpress\/a-loretta-ben-alla-memoria-e-don-mario-zanon-il-premio-corpassa-2019-assegnato-alla-bortolona\/\">A LORETTA BEN (ALLA MEMORIA) E DON MARIO ZANON IL PREMIO CORPASSA 2019 ASSEGNATO ALLA &#8220;BORTOLONA&#8221;<\/a><\/p><\/blockquote>\n<p><iframe loading=\"lazy\" class=\"wp-embedded-content\" sandbox=\"allow-scripts\" security=\"restricted\" style=\"position: absolute; clip: rect(1px, 1px, 1px, 1px);\" title=\"&#8220;A LORETTA BEN (ALLA MEMORIA) E DON MARIO ZANON IL PREMIO CORPASSA 2019 ASSEGNATO ALLA &#8220;BORTOLONA&#8221;&#8221; &#8212; Radio Pi\u00f9\" src=\"https:\/\/www.radiopiu.net\/wordpress\/a-loretta-ben-alla-memoria-e-don-mario-zanon-il-premio-corpassa-2019-assegnato-alla-bortolona\/embed\/#?secret=lZAj5zqGLt\" data-secret=\"lZAj5zqGLt\" width=\"600\" height=\"338\" frameborder=\"0\" marginwidth=\"0\" marginheight=\"0\" scrolling=\"no\"><\/iframe><\/p>\n<p>&nbsp;<\/p>\n<p>&nbsp;<\/p>\n<p>&nbsp;<\/p>\n<hr \/>\n<p>&nbsp;<\/p>\n<blockquote class=\"wp-embedded-content\" data-secret=\"pNDcdCYBZk\"><p><a href=\"https:\/\/www.radiopiu.net\/wordpress\/aggiornamentolug16\/\">CORONAVIRUS: AGGIORNAMENTO NAZIONALE 16 LUGLIO  2021<\/a><\/p><\/blockquote>\n<p><iframe loading=\"lazy\" class=\"wp-embedded-content\" sandbox=\"allow-scripts\" security=\"restricted\" style=\"position: absolute; clip: rect(1px, 1px, 1px, 1px);\" title=\"&#8220;CORONAVIRUS: AGGIORNAMENTO NAZIONALE 16 LUGLIO  2021&#8221; &#8212; Radio Pi\u00f9\" src=\"https:\/\/www.radiopiu.net\/wordpress\/aggiornamentolug16\/embed\/#?secret=pNDcdCYBZk\" data-secret=\"pNDcdCYBZk\" width=\"600\" height=\"338\" frameborder=\"0\" marginwidth=\"0\" marginheight=\"0\" scrolling=\"no\"><\/iframe><\/p>\n<p>&nbsp;<\/p>\n<blockquote class=\"wp-embedded-content\" data-secret=\"X99hTfpBuo\"><p><a href=\"https:\/\/www.radiopiu.net\/wordpress\/24usi\/\">425 POSITIVI IN 24 ORE,  RICOVERI +1 e UN DECESSO NELLE 24 ORE. BELLUNO: +3 POSITIVI<\/a><\/p><\/blockquote>\n<p><iframe loading=\"lazy\" class=\"wp-embedded-content\" sandbox=\"allow-scripts\" security=\"restricted\" style=\"position: absolute; clip: rect(1px, 1px, 1px, 1px);\" title=\"&#8220;425 POSITIVI IN 24 ORE,  RICOVERI +1 e UN DECESSO NELLE 24 ORE. BELLUNO: +3 POSITIVI&#8221; &#8212; Radio Pi\u00f9\" src=\"https:\/\/www.radiopiu.net\/wordpress\/24usi\/embed\/#?secret=X99hTfpBuo\" data-secret=\"X99hTfpBuo\" width=\"600\" height=\"338\" frameborder=\"0\" marginwidth=\"0\" marginheight=\"0\" scrolling=\"no\"><\/iframe><\/p>\n<p>&nbsp;<\/p>\n<h3>I GRAFICI DI TIZIANO DE COL<\/h3>\n\n\t\t\t<style type='text\/css'>\n\t\t\t\t#gallery-3 {\n\t\t\t\t\tmargin: auto;\n\t\t\t\t}\n\t\t\t\t#gallery-3 .gallery-item {\n\t\t\t\t\tfloat: left;\n\t\t\t\t\tmargin-top: 10px;\n\t\t\t\t\ttext-align: center;\n\t\t\t\t\twidth: 20%;\n\t\t\t\t}\n\t\t\t\t#gallery-3 img {\n\t\t\t\t\tborder: 2px solid #cfcfcf;\n\t\t\t\t}\n\t\t\t\t#gallery-3 .gallery-caption {\n\t\t\t\t\tmargin-left: 0;\n\t\t\t\t}\n\t\t\t\t\/* see gallery_shortcode() in wp-includes\/media.php *\/\n\t\t\t<\/style>\n\t\t<div id='gallery-3' class='dt-gallery-container gallery galleryid-221983 gallery-columns-5 gallery-size-thumbnail'><dl class='gallery-item'>\n\t\t\t\t<dt class='gallery-icon landscape'>\n\t\t\t\t\t<a class=\"rollover rollover-zoom dt-pswp-item\" title=\"34caa588-e367-4af6-88bc-0d110264af10\" data-dt-img-description=\"\" data-large_image_width=\"590\" data-large_image_height=\"357\"href='https:\/\/www.radiopiu.net\/wordpress\/wp-content\/uploads\/2021\/07\/34caa588-e367-4af6-88bc-0d110264af10.jpg'><img loading=\"lazy\" decoding=\"async\" width=\"150\" height=\"150\" src=\"https:\/\/www.radiopiu.net\/wordpress\/wp-content\/uploads\/2021\/07\/34caa588-e367-4af6-88bc-0d110264af10-150x150.jpg\" class=\"attachment-thumbnail size-thumbnail\" alt=\"\" \/><\/a>\n\t\t\t\t<\/dt><\/dl><dl class='gallery-item'>\n\t\t\t\t<dt class='gallery-icon landscape'>\n\t\t\t\t\t<a class=\"rollover rollover-zoom dt-pswp-item\" title=\"3de429a5-2314-4cdc-8ad0-eb1c6a1a9b01\" data-dt-img-description=\"\" data-large_image_width=\"600\" data-large_image_height=\"361\"href='https:\/\/www.radiopiu.net\/wordpress\/wp-content\/uploads\/2021\/07\/3de429a5-2314-4cdc-8ad0-eb1c6a1a9b01.jpg'><img loading=\"lazy\" decoding=\"async\" width=\"150\" height=\"150\" src=\"https:\/\/www.radiopiu.net\/wordpress\/wp-content\/uploads\/2021\/07\/3de429a5-2314-4cdc-8ad0-eb1c6a1a9b01-150x150.jpg\" class=\"attachment-thumbnail size-thumbnail\" alt=\"\" \/><\/a>\n\t\t\t\t<\/dt><\/dl><dl class='gallery-item'>\n\t\t\t\t<dt class='gallery-icon landscape'>\n\t\t\t\t\t<a class=\"rollover rollover-zoom dt-pswp-item\" title=\"71b67f1a-acdf-4d29-b8d9-47bedd75c129\" data-dt-img-description=\"\" data-large_image_width=\"604\" data-large_image_height=\"361\"href='https:\/\/www.radiopiu.net\/wordpress\/wp-content\/uploads\/2021\/07\/71b67f1a-acdf-4d29-b8d9-47bedd75c129.jpg'><img loading=\"lazy\" decoding=\"async\" width=\"150\" height=\"150\" src=\"https:\/\/www.radiopiu.net\/wordpress\/wp-content\/uploads\/2021\/07\/71b67f1a-acdf-4d29-b8d9-47bedd75c129-150x150.jpg\" class=\"attachment-thumbnail size-thumbnail\" alt=\"\" \/><\/a>\n\t\t\t\t<\/dt><\/dl><dl class='gallery-item'>\n\t\t\t\t<dt class='gallery-icon landscape'>\n\t\t\t\t\t<a class=\"rollover rollover-zoom dt-pswp-item\" title=\"fd93801a-7b68-45ef-af14-1206eaa8374b\" data-dt-img-description=\"\" data-large_image_width=\"612\" data-large_image_height=\"352\"href='https:\/\/www.radiopiu.net\/wordpress\/wp-content\/uploads\/2021\/07\/fd93801a-7b68-45ef-af14-1206eaa8374b.jpg'><img loading=\"lazy\" decoding=\"async\" width=\"150\" height=\"150\" src=\"https:\/\/www.radiopiu.net\/wordpress\/wp-content\/uploads\/2021\/07\/fd93801a-7b68-45ef-af14-1206eaa8374b-150x150.jpg\" class=\"attachment-thumbnail size-thumbnail\" alt=\"\" \/><\/a>\n\t\t\t\t<\/dt><\/dl><dl class='gallery-item'>\n\t\t\t\t<dt class='gallery-icon landscape'>\n\t\t\t\t\t<a class=\"rollover rollover-zoom dt-pswp-item\" title=\"7aaea7db-0ac4-4259-987c-a8148fe72735\" data-dt-img-description=\"\" data-large_image_width=\"612\" data-large_image_height=\"356\"href='https:\/\/www.radiopiu.net\/wordpress\/wp-content\/uploads\/2021\/07\/7aaea7db-0ac4-4259-987c-a8148fe72735.jpg'><img loading=\"lazy\" decoding=\"async\" width=\"150\" height=\"150\" src=\"https:\/\/www.radiopiu.net\/wordpress\/wp-content\/uploads\/2021\/07\/7aaea7db-0ac4-4259-987c-a8148fe72735-150x150.jpg\" class=\"attachment-thumbnail size-thumbnail\" alt=\"\" \/><\/a>\n\t\t\t\t<\/dt><\/dl><br style=\"clear: both\" \/>\n\t\t\t<\/div>\n\n<p>&nbsp;<\/p>\n<hr \/>\n<p>&nbsp;<\/p>\n<blockquote>\n<h3>AGGREGAZIONE MEDICI DI MEDICINA GENERALE, BIGON &#8220;IN DIFFICOLTA&#8217; PER LA CARENZA DI SEDI ADEGUATE&#8221;<\/h3>\n<\/blockquote>\n<p><strong><a href=\"https:\/\/www.radiopiu.net\/wordpress\/anna-maria-bigon\/\"><img loading=\"lazy\" decoding=\"async\" class=\"wp-image-195997 alignleft\" src=\"https:\/\/www.radiopiu.net\/wordpress\/wp-content\/uploads\/2021\/03\/anna-maria-bigon-300x300.jpg\" alt=\"\" width=\"111\" height=\"111\" srcset=\"https:\/\/www.radiopiu.net\/wordpress\/wp-content\/uploads\/2021\/03\/anna-maria-bigon-300x300.jpg 300w, https:\/\/www.radiopiu.net\/wordpress\/wp-content\/uploads\/2021\/03\/anna-maria-bigon-150x150.jpg 150w, https:\/\/www.radiopiu.net\/wordpress\/wp-content\/uploads\/2021\/03\/anna-maria-bigon.jpg 400w\" sizes=\"auto, (max-width: 111px) 100vw, 111px\" \/><\/a>VENEZIA<\/strong> \u201cSenza sedi adeguate l\u2019aggregazione dei medici di medicina generale diventa una chimera. \u00c8 un problema che coinvolge tutto il Veneto, non una sola area o provincia. La Regione ha intenzione di intervenire per sbloccare la situazione?\u201d. La richiesta arriva dalla consigliera del Partito Democratico Anna Maria Bigon. \u201cLe aggregazioni\u00a0 -continua la Bigon &#8211; sono uno strumento fondamentale, vista la carenza di medici che continua ad aumentare: rappresentano un punto di riferimento per il territorio, garantendo un orario prolungato, soprattutto nelle frazioni o in zone decentrate\u00a0\u00a0e in particolare per le persone anziane o per chi ha difficolt\u00e0 a spostarsi dalla propria abitazione. Per assicurare questo servizio, per\u00f2, servono sedi adeguate. Costruirle tutte ex novo \u00e8 impensabile, ma ad appesantire il quadro c\u2019\u00e8 il problema della ri-autorizzazione dei locali in seguito al pensionamento o all\u2019abbandono di uno o pi\u00f9 medici: pu\u00f2 succedere che un ambulatorio precedentemente \u2018in regola\u2019, alla luce delle nuove norme o di un\u2019interpretazione troppo rigida, non lo sia pi\u00f9 rendendo necessarie modifiche strutturali improponibili, facendo anche saltare delle aggregazioni finora perfettamente funzionanti e creando, di fatto, un disservizio ai pazienti\u201d.<\/p>\n<p>&nbsp;<\/p>\n<p>&nbsp;<\/p>\n<hr \/>\n<p>&nbsp;<\/p>\n<blockquote>\n<h3>CAOS PARCHEGGI IN CENTRO A BELLUNO. LA LEGA INTERVIENE SUL TEMA<\/h3>\n<\/blockquote>\n<p><strong><a href=\"https:\/\/www.radiopiu.net\/wordpress\/lambioi\/whatsapp-image-2020-06-14-at-12-45-11\/\" rel=\"attachment wp-att-144744\"><img loading=\"lazy\" decoding=\"async\" class=\"size-medium wp-image-144744 alignleft\" src=\"https:\/\/www.radiopiu.net\/wordpress\/wp-content\/uploads\/2020\/06\/WhatsApp-Image-2020-06-14-at-12.45.11-300x225.jpeg\" alt=\"\" width=\"300\" height=\"225\" srcset=\"https:\/\/www.radiopiu.net\/wordpress\/wp-content\/uploads\/2020\/06\/WhatsApp-Image-2020-06-14-at-12.45.11-300x225.jpeg 300w, https:\/\/www.radiopiu.net\/wordpress\/wp-content\/uploads\/2020\/06\/WhatsApp-Image-2020-06-14-at-12.45.11-768x576.jpeg 768w, https:\/\/www.radiopiu.net\/wordpress\/wp-content\/uploads\/2020\/06\/WhatsApp-Image-2020-06-14-at-12.45.11.jpeg 960w\" sizes=\"auto, (max-width: 300px) 100vw, 300px\" \/><\/a>BELLUNO<\/strong> \u201c<em>I controlli e le multe non risolvono la questione parcheggi in centro citt\u00e0 e schiacciano il rilancio delle piazze<\/em>\u201d. A dirlo \u00e8 il consigliere comunale della Lega in Comune di Belluno Marzio Sovilla che interviene su un tema molto dibattuto in questi giorni nel capoluogo. Il malcontento lamentato dai commercianti \u00e8 solo la punta dell&#8217;iceberg che mostra come l&#8217;amministrazione manchi di un progetto strutturato sulla gestione delle auto nel centro cittadino. \u201c<em>I controlli sono corretti e le multe anche \u2013 commenta -, ma non possono essere l&#8217;unica misura messa in atto per controllare e ordinare la sosta dei mezzi in centro. Mancano idee e progetti innovativi che sappiano coniugare il rilancio del centro storico con la comodit\u00e0 per i cittadini di parcheggiare\u201d. Le idee il partito le aveva esposte gi\u00e0 cinque anni fa e oggi risultano ancora attuali e valide. \u201cLe persone vanno incentivate a consumare e ad acquistare nella nostra citt\u00e0, per questo andrebbe previsto il posteggio gratuito a chi presenta uno scontrino dai 10 euro in su \u2013 spiega -. La soluzione non \u00e8 cos\u00ec difficile da attuare, si potrebbe partire dalle casse automatiche di Lambioi e programmarle affinch\u00e8 riconoscano gli scontrini e lascino uscire senza alcun pagamento gli automobilisti. Non solo, anche prevedere abbonamenti annuali a prezzi modici per tutti sarebbe utile; parlo della possibilit\u00e0 di sostare in certe zone del centro a fronte del pagamento di 50 euro l&#8217;anno, sicuramente sarebbe una spinta a frequentare di pi\u00f9 i negozi e i servizi delle piazze<\/em>\u201d. \u201c<em>Non \u00e8 pensabile la situazione attuale degli stalli blu \u2013 commenta il segretario cittadino, Paolo Luciani -. L&#8217;amministrazione comunale deve tornare a riflettere su queli che sono gli orari, le tempistiche e i costi degli stalli a pagamento in centro e questo lo deve ai commercianti e ai cittadini. Se Belluno vuole tornare ad essere una citt\u00e0 viva e frequentata allora \u00e8 necessario un cambio di passo e la municipalizzata Bellunum deve capire le esigenze di chi vive il centro storico, perch\u00e8 un posteggio con sosta massima di 45 minuti \u00e8 davvero poco utile<\/em>\u201d. Il partito lamenta una scarsa visione a lungo termine dell&#8217;amministrazione e, in generale, politiche inefficaci per la gestione dei posteggi e delle auto in centro, come prova il caos di auto in piazza Duomo nelle ore serali.<\/p>\n<p>&nbsp;<\/p>\n<p>&nbsp;<\/p>\n<hr \/>\n<p>&nbsp;<\/p>\n<blockquote>\n<h3 style=\"text-align: left;\">\u00a0LA RICOGNIZIONE DEI DANNI RELATIVI ALLA NEVICATA DI INIZIO GENNAIO<\/h3>\n<\/blockquote>\n<p><strong><a href=\"https:\/\/www.radiopiu.net\/wordpress\/a-feltre-inizia-la-ricognizione-dei-danni-relativi-alla-nevicata-di-inizio-gennaio\/schermata-2021-07-16-alle-15-26-48\/\" rel=\"attachment wp-att-222111\"><img loading=\"lazy\" decoding=\"async\" class=\" wp-image-222111 alignleft\" src=\"https:\/\/www.radiopiu.net\/wordpress\/wp-content\/uploads\/2021\/07\/Schermata-2021-07-16-alle-15.26.48-300x256.png\" alt=\"\" width=\"218\" height=\"186\" srcset=\"https:\/\/www.radiopiu.net\/wordpress\/wp-content\/uploads\/2021\/07\/Schermata-2021-07-16-alle-15.26.48-300x256.png 300w, https:\/\/www.radiopiu.net\/wordpress\/wp-content\/uploads\/2021\/07\/Schermata-2021-07-16-alle-15.26.48.png 624w\" sizes=\"auto, (max-width: 218px) 100vw, 218px\" \/><\/a>FELTRE <\/strong>Il comune di Feltre ha pubblicato un avviso pubblico per la ricognizione dei danni subiti dalla nevicata di inizio gennaio scorso invitando i privati cittadini, le imprese, i titolari di attivita\u0300 economiche\/produttive e gli Enti non commerciali ricadenti nel territorio comunale danneggiati durante le precipitazioni nevose verificatesi nei giorni dal 1 al 10 gennaio 2021, ad effettuare richiesta di immediato sostegno al tessuto economico e sociale nei confronti della popolazione e delle attivita\u0300 economiche e produttive esclusivamente tramite la compilazione del Modulo B1 per i privati e del Modulo C1 per le attivita\u0300 produttive. La modulistica puo\u0300 essere scaricata dal sito internet del Comune http:\/\/www.comune.feltre.bl.it, oppure ritirata durante gli orari d&#8217;ufficio presso i Magazzini comunali in Via Vignigole, 21 \u2013 Feltre. I moduli, regolarmente compilati e sottoscritti, dovranno essere consegnati entro le 12.00 di lunedi\u0300 21 luglio 2021 con le seguenti modalita\u0300: consegna dei documenti cartacei presso l&#8217;Ufficio protocollo del Comune di Feltre &#8211; Piazzetta delle Biade, 1 Feltre; mediante posta elettronica certificata a: comune.feltre.bl@pecveneto.it specificando nell&#8217;oggetto: \u201cRichiesta immediato sostegno per eventi meteo neve gennaio 2021\u201d. Per maggiori informazioni e\u0300 possibile telefonare ai numeri 0439885385-0439885313<\/p>\n<p>&nbsp;<\/p>\n<p>&nbsp;<\/p>\n<hr \/>\n<p>&nbsp;<\/p>\n<p>&nbsp;<\/p>\n<blockquote>\n<h3 style=\"text-align: left;\"><strong>ENEL GREEN POWER: PROSEGUE IN VENETO E FRIULI LA CAMPAGNA DI VERIFICHE STRUTTURALI DELLE DIGHE<\/strong><\/h3>\n<\/blockquote>\n<p><strong><a href=\"https:\/\/www.radiopiu.net\/wordpress\/giornale-radiopiu-16-giugno-2021-direttore-mirko-mezzacasa\/th-140\/\" rel=\"attachment wp-att-216173\"><img loading=\"lazy\" decoding=\"async\" class=\"size-full wp-image-216173 alignleft\" src=\"https:\/\/www.radiopiu.net\/wordpress\/wp-content\/uploads\/2021\/06\/th-13.jpg\" alt=\"\" width=\"253\" height=\"169\" \/><\/a>VENEZIA<\/strong> Prosegue in Veneto e Friuli Venezia Giulia il programma di verifiche strutturali delle grandi dighe in concessione, secondo le nuove norme tecniche per la progettazione e la costruzione \u00a0degli sbarramenti di ritenuta (Dighe e traverse). L\u2019attivit\u00e0, avviata circa 2 anni fa, viene sviluppata su tutti gli impianti italiani, secondo un calendario definito in base ai diversi livelli di sismicit\u00e0 dei diversi territori. Nel corso del 2021 gli interventi di verifica per l&#8217;Area Nord Est di Enel Green Power riguardano la diga del Vajont in Friuli Venezia Giulia e quelle del Corlo, Senaiga, Valle, Ghirlo, Cavia, Maria al Lago e Pramper in Veneto. Le verifiche statiche e sismiche saranno condotte secondo le nuove indicazioni tecniche e prevedono indagini geognostiche e geofisiche, lo studio geologico di dettaglio dell\u2019area e prove sui materiali e sulla roccia d\u2019imposta nonch\u00e9 tutte attivit\u00e0 propedeutiche alla modellazione strutturale delle opere.<\/p>\n<p>&nbsp;<\/p>\n<p>&nbsp;<\/p>\n<hr \/>\n<blockquote>\n<h2><\/h2>\n<h2>IL SITO MESOLITICO DI MONDEVAL DE SORA IN 40.000 ANNI DI STORIA DELLA PROVINCIA<\/h2>\n<div class=\"jn8vp64t l9j0dhe7 hpfvmrgz\">\n<div class=\"lzcic4wl\" tabindex=\"0\" role=\"gridcell\" data-scope=\"messages_table\" data-recover=\"true\">\n<div class=\"ni8dbmo4 stjgntxs g5ia77u1 ii04i59q j83agx80 cbu4d94t ll8tlv6m\" aria-owns=\"jsc_c_29z\">\n<div class=\"l60d2q6s d1544ag0 sj5x9vvc tw6a2znq l9j0dhe7 ni8dbmo4 stjgntxs qlfml3jp inkptoze e72ty7fz qttc61fc jm1wdb64 qv66sw1b ljqsnud1 g6srhlxm odn2s2vf\">\n<div dir=\"auto\"><strong>di\u00a0 RENATO BONA<\/strong><\/div>\n<\/div>\n<\/div>\n<\/div>\n<\/div>\n<div dir=\"auto\"><\/div>\n<div dir=\"auto\"><strong>SELVA DI CADORE\u00a0<\/strong> \u00a0\u201cImmagini dal tempo. 40.000 anni di storia nella Provincia di Belluno\u201d. E\u2019 il titolo del libro-catalogo edito ad iniziativa del Comune di Belluno con Grafiche Antiga di Cornuda per la stampa, nel luglio del 1992, in occasione di una mostra sull\u2019argomento (Palazzo Crepadona, dal 28agosto al 26 ottobre) promossa da \u201cPalazzo Rosso\u201d con l\u2019assessorato alla Cultura, il Museo civico e dall\u2019associazione Amici del Museo e la collaborazione-consulenza della Soprintendenza archeologica del Veneto ed il dipartimento di scienze geologiche dell\u2019Universit\u00e0 di Ferrara. Autori dei testi: Alberto Broglio, Carlo Mondini, Aldo Villabruna, Antonio Guerreschi, Elodia Bianchin Citton e Simonetta Bonomi. Nella presentazione, l\u2019allora sindaco di Belluno, Gianclaudio Bressa, esprimeva fra l\u2019altro viva gratitudine per studiosi e quant\u2019altri hanno lavorato \u201ccon intelligenza ed impegno per insegnarci a capire gli appassionanti aspetti dell\u2019archeologia\u201d. Mentre la soprintendente reggente ai beni archeologici del Veneto, Marisa Rigoni, concludeva la prefazione affermando che \u201cSi \u00e8 oggi in grado di presentare, seppure in via preliminare, una sintesi dei primi risultati di queste indagini che fissano alcuni punti fermi nella topografia della citt\u00e0 romana, prospettando contestualmente le nuove problematiche da affrontare nell\u2019ambito delle future ricerche\u201d. Dopo \u201cLa preistoria nel Bellunese\u201d (Alberto Broglio, Carlo Mondini, Aldo Villabruna) di cui ci siamo gi\u00e0 occupati, il libro-catalogo ospita il capitolo intitolato \u201cIl sito mesolitico di Mondeval de Sora\u201d sul quale l\u2019autore, il prof. Antonio Guerreschi (nato a Nogara in provincia di Verona il 2 novembre 1946, si laurea il 3 dicembre 1971 in Scienze naturali all&#8217;Universit\u00e0 di Ferrara, gi\u00e0 presidente del Comitato scientifico centrale del Club alpino italiano, responsabile fra l\u2019altro delle ricerche di Viotte di Bondone, Andalo, Riparo Biarzo, Cava Romita, Riparo Tagliente, e di Mondeval de Sora in provincia di Belluno) esordisce affermando che: \u201cSicuramente il sito mesolitico di quota, pi\u00f9 importante per il Bellunese \u00e8 quello di Mondeval de Sora\u201d dove i primi reperti furono rinvenuti nel 1984 da Vittorino Cazzetta dell\u2019associazione \u2018Amici del Museo\u2019 di Selva di Cadore, tra il materiale portato in superficie da una marmotta che aveva scavato la propria tana nei depositi preistorici\u201d. L\u2019autore, dopo una illustrazione della conca di Mondeval, tra il Col Duro, la Forcella Giau, il Monte Cernera ed il Corvo Alto, e richiamato il rifornimento idrico sempre assicurato, caratteristica richiesta per gli insediamenti mesolitici, affermava che \u201cammontano gi\u00e0 a 15 in questa conca le tracce di siti mesolitici finora rinvenute\u201d e sottolineava il fatto che \u201cIn questo sito si sono ben conservati, per la prima volta, i reperti di origine organica\u201d e \u201ccon lo studio di questi sar\u00e0 possibile comprendere il genere di vita e le motivazioni che spinsero le popolazioni, tra l\u2019ottavo ed i l sesto millennio, a frequentare l\u2019alta montagna\u201d dove: \u201c\u2026 la preda preferita era il cervo e in seconda istanza lo stambecco\u201d e \u201cquesta constatazione fa pensare che una delle motivazioni del nomadismo stagionale montano fosse proprio la caccia al cerco il quale migra stagionalmente in senso altimetrico, e che probabilmente veniva cacciato nei punti obbligati di passo come appunto le forcelle\u201d. Ancora Guerreschi a dirci che: \u201cIl combustibile usato era il pino mugo oppure il larice\u201d e che \u201cil materiale litico che veniva principalmente sfruttato per costruire gli strumenti era la selce mentre gli altri materiali come osso e legno erano reperibili in loco\u201d. Ricordava quindi che nel 1986 fu rinvenuta una sepoltura che presentava un livello di conservazione molto buono: consisteva in una fossa scavata in un livello sterile, con l\u2019inumato, un adulto di sesso maschile, disteso supino. La parte inferiore del corpo era coperta di pietre selezionate intenzionalmente, solo materiale di origina vulcanica e marna calcarea nonostante nel sito fosse reperibile con abbondanza anche Dolomia di D\u00fcrrestein. Gli arti erano tutti ben disposti tranne la mano sinistra che era messa verticalmente sul fianco destro con le dita leggermente ripiegate, come se al momento della sepoltura impugnasse qualcosa. Sul fianco sinistro, all\u2019altezza della mano, una piccola chiazza d\u2019ocra rossa. Sullo stesso fianco, all\u2019altezza dell\u2019avambraccio, un insieme di 33 reperti caratterizzato da alcune schegge e nuclei in selce, 4 estremit\u00e0 di corno con evidenti e differenti tracce di utilizzo, un punteruolo in osso, uno in corno con 4 rigature longitudinali, un arpone a denti alterni in corno, una scapola molto usurata e una vertebra. Dopo l\u2019esposizione di altri elementi, l\u2019autore sottolineava che \u201cLa conservazione dello scheletro \u00e8 buona; erano presenti fratture secondarie tra cui quella del cranio che si presentava sfondato in corrispondenza delle ossa frontali e facciali\u2026 I primi studi antropologici (Alciati, Drusini, Delfino Pesce) hanno messo in evidenza che i resti di Mondeval si riferiscono ad un maschio adulto dell\u2019et\u00e0 di circa 40 anni, alto un metro e 67; non si conoscono le cause della morte ma \u00e8 messa in evidenza la presenza di un\u2019osteopatia deformante a livello dell\u2019emitorace sinistro e di una frattura perfettamente saldata di un dito della mano destra\u201d ipotizzando che: \u201cDal punto di vista razziale sembra essere uno degli ultimi rappresentanti del tipo Cro-Magnon\u201d (L&#8217;uomo di Cro Magnon \u00e8 il primo esemplare di ritrovato in una grotta della Dordogna in Francia nel 1868. Si chiama cos\u00ec perch\u00e9 i primi resti furono ritrovati in un luogo denominato dalla gente del luogo Cro-Magnon &#8211; ndr.). E concludeva: \u201cQuesta sepoltura sembra essere attribuibile con buona approssimazione al Complesso Castelnoviano e localizzabile nel sesto millennio, mentre i reperti pi\u00f9 antichi rinvenuti a Mondeval dovrebbero essere localizzabili nel settimo millennio. E\u2019 la prima volta che a quote cos\u00ec elevate si rinviene una sepoltura antica, ed \u00e8 pure eccezionale che in un sito Mesolitico di alta quota si conservino i reperti di origine organica. La sepoltura ed il corredo sono visibili al pubblico nel Museo della Val Fiorentina, a Selva di Cadore, intitolato proprio a quel Vittorino Cazzetta del quale il giornalista bellunese Sergio Sommacal scriveva, fra l\u2019altro, in: \u201cAppuntamento con il destino nella grotta al Piz del Corvo\u201d: \u201c\u2026Vittorino &#8211; classe 1947, asciutto, robusto &#8211; era uomo di poche parole e pochissime frequentazioni\u2026 Raramente consentiva che qualcuno lo accompagnasse nelle sue esplorazioni, che spesso si protraevano per un paio di giorni\u2026 Zaino militare d\u2019annata, macchina fotografica, obiettivi, martello, amore totale per le montagne di casa dalle quali mai si allontanava. E, dentro, il fuoco della passione. Quello che &#8211; come da pi\u00f9 parti \u00e8 stato rilevato &#8211; ha fatto s\u00ec che il salto di qualit\u00e0 nella ricerca del Mesolitico, soprattutto nel Bellunese, sia stato merito di osservatori \u2018non qualificati\u2019 pi\u00f9 che di studiosi accreditati\u2026\u201d.<\/div>\n<div class=\"jn8vp64t l9j0dhe7 hpfvmrgz\">\n<div class=\"lzcic4wl\" tabindex=\"0\" role=\"gridcell\" data-scope=\"messages_table\" data-recover=\"true\">\n<div class=\"ni8dbmo4 stjgntxs g5ia77u1 ii04i59q j83agx80 cbu4d94t ll8tlv6m\" aria-owns=\"jsc_c_29z\">\n<div class=\"l60d2q6s d1544ag0 sj5x9vvc tw6a2znq l9j0dhe7 ni8dbmo4 stjgntxs qlfml3jp inkptoze e72ty7fz qttc61fc jm1wdb64 qv66sw1b ljqsnud1 g6srhlxm odn2s2vf\">\n<div dir=\"auto\">\n\n\t\t\t<style type='text\/css'>\n\t\t\t\t#gallery-4 {\n\t\t\t\t\tmargin: auto;\n\t\t\t\t}\n\t\t\t\t#gallery-4 .gallery-item {\n\t\t\t\t\tfloat: left;\n\t\t\t\t\tmargin-top: 10px;\n\t\t\t\t\ttext-align: center;\n\t\t\t\t\twidth: 14%;\n\t\t\t\t}\n\t\t\t\t#gallery-4 img {\n\t\t\t\t\tborder: 2px solid #cfcfcf;\n\t\t\t\t}\n\t\t\t\t#gallery-4 .gallery-caption {\n\t\t\t\t\tmargin-left: 0;\n\t\t\t\t}\n\t\t\t\t\/* see gallery_shortcode() in wp-includes\/media.php *\/\n\t\t\t<\/style>\n\t\t<div id='gallery-4' class='dt-gallery-container gallery galleryid-221983 gallery-columns-7 gallery-size-thumbnail'><dl class='gallery-item'>\n\t\t\t\t<dt class='gallery-icon landscape'>\n\t\t\t\t\t<a class=\"rollover rollover-zoom dt-pswp-item\" title=\"217524240_571305000903866_2666620428292117567_n\" data-dt-img-description=\"\" data-large_image_width=\"345\" data-large_image_height=\"206\"href='https:\/\/www.radiopiu.net\/wordpress\/wp-content\/uploads\/2021\/07\/217524240_571305000903866_2666620428292117567_n.jpg'><img loading=\"lazy\" decoding=\"async\" width=\"150\" height=\"150\" src=\"https:\/\/www.radiopiu.net\/wordpress\/wp-content\/uploads\/2021\/07\/217524240_571305000903866_2666620428292117567_n-150x150.jpg\" class=\"attachment-thumbnail size-thumbnail\" alt=\"\" \/><\/a>\n\t\t\t\t<\/dt><\/dl><dl class='gallery-item'>\n\t\t\t\t<dt class='gallery-icon portrait'>\n\t\t\t\t\t<a class=\"rollover rollover-zoom dt-pswp-item\" title=\"218338098_2809703212666372_929183800164214710_n\" data-dt-img-description=\"\" data-large_image_width=\"166\" data-large_image_height=\"206\"href='https:\/\/www.radiopiu.net\/wordpress\/wp-content\/uploads\/2021\/07\/218338098_2809703212666372_929183800164214710_n.jpg'><img loading=\"lazy\" decoding=\"async\" width=\"150\" height=\"150\" src=\"https:\/\/www.radiopiu.net\/wordpress\/wp-content\/uploads\/2021\/07\/218338098_2809703212666372_929183800164214710_n-150x150.jpg\" class=\"attachment-thumbnail size-thumbnail\" alt=\"\" \/><\/a>\n\t\t\t\t<\/dt><\/dl><dl class='gallery-item'>\n\t\t\t\t<dt class='gallery-icon landscape'>\n\t\t\t\t\t<a class=\"rollover rollover-zoom dt-pswp-item\" title=\"217938237_285911509980480_4473676459920652989_n\" data-dt-img-description=\"\" data-large_image_width=\"310\" data-large_image_height=\"206\"href='https:\/\/www.radiopiu.net\/wordpress\/wp-content\/uploads\/2021\/07\/217938237_285911509980480_4473676459920652989_n.jpg'><img loading=\"lazy\" decoding=\"async\" width=\"150\" height=\"150\" src=\"https:\/\/www.radiopiu.net\/wordpress\/wp-content\/uploads\/2021\/07\/217938237_285911509980480_4473676459920652989_n-150x150.jpg\" class=\"attachment-thumbnail size-thumbnail\" alt=\"\" \/><\/a>\n\t\t\t\t<\/dt><\/dl><dl class='gallery-item'>\n\t\t\t\t<dt class='gallery-icon landscape'>\n\t\t\t\t\t<a class=\"rollover rollover-zoom dt-pswp-item\" title=\"218055475_2046394865499087_416969453560049637_n\" data-dt-img-description=\"\" data-large_image_width=\"259\" data-large_image_height=\"194\"href='https:\/\/www.radiopiu.net\/wordpress\/wp-content\/uploads\/2021\/07\/218055475_2046394865499087_416969453560049637_n.jpg'><img loading=\"lazy\" decoding=\"async\" width=\"150\" height=\"150\" src=\"https:\/\/www.radiopiu.net\/wordpress\/wp-content\/uploads\/2021\/07\/218055475_2046394865499087_416969453560049637_n-150x150.jpg\" class=\"attachment-thumbnail size-thumbnail\" alt=\"\" \/><\/a>\n\t\t\t\t<\/dt><\/dl><dl class='gallery-item'>\n\t\t\t\t<dt class='gallery-icon landscape'>\n\t\t\t\t\t<a class=\"rollover rollover-zoom dt-pswp-item\" title=\"218165253_139868248259135_9067240228661495609_n\" data-dt-img-description=\"\" data-large_image_width=\"206\" data-large_image_height=\"202\"href='https:\/\/www.radiopiu.net\/wordpress\/wp-content\/uploads\/2021\/07\/218165253_139868248259135_9067240228661495609_n.jpg'><img loading=\"lazy\" decoding=\"async\" width=\"150\" height=\"150\" src=\"https:\/\/www.radiopiu.net\/wordpress\/wp-content\/uploads\/2021\/07\/218165253_139868248259135_9067240228661495609_n-150x150.jpg\" class=\"attachment-thumbnail size-thumbnail\" alt=\"\" \/><\/a>\n\t\t\t\t<\/dt><\/dl><dl class='gallery-item'>\n\t\t\t\t<dt class='gallery-icon landscape'>\n\t\t\t\t\t<a class=\"rollover rollover-zoom dt-pswp-item\" title=\"218405233_940182626822133_2545844165142607588_n\" data-dt-img-description=\"\" data-large_image_width=\"206\" data-large_image_height=\"203\"href='https:\/\/www.radiopiu.net\/wordpress\/wp-content\/uploads\/2021\/07\/218405233_940182626822133_2545844165142607588_n.jpg'><img loading=\"lazy\" decoding=\"async\" width=\"150\" height=\"150\" src=\"https:\/\/www.radiopiu.net\/wordpress\/wp-content\/uploads\/2021\/07\/218405233_940182626822133_2545844165142607588_n-150x150.jpg\" class=\"attachment-thumbnail size-thumbnail\" alt=\"\" \/><\/a>\n\t\t\t\t<\/dt><\/dl><dl class='gallery-item'>\n\t\t\t\t<dt class='gallery-icon landscape'>\n\t\t\t\t\t<a class=\"rollover rollover-zoom dt-pswp-item\" title=\"218434354_1159191287892078_3000149942556444643_n\" data-dt-img-description=\"\" data-large_image_width=\"206\" data-large_image_height=\"206\"href='https:\/\/www.radiopiu.net\/wordpress\/wp-content\/uploads\/2021\/07\/218434354_1159191287892078_3000149942556444643_n.jpg'><img loading=\"lazy\" decoding=\"async\" width=\"150\" height=\"150\" src=\"https:\/\/www.radiopiu.net\/wordpress\/wp-content\/uploads\/2021\/07\/218434354_1159191287892078_3000149942556444643_n-150x150.jpg\" class=\"attachment-thumbnail size-thumbnail\" alt=\"\" srcset=\"https:\/\/www.radiopiu.net\/wordpress\/wp-content\/uploads\/2021\/07\/218434354_1159191287892078_3000149942556444643_n-150x150.jpg 150w, https:\/\/www.radiopiu.net\/wordpress\/wp-content\/uploads\/2021\/07\/218434354_1159191287892078_3000149942556444643_n.jpg 206w\" sizes=\"auto, (max-width: 150px) 100vw, 150px\" \/><\/a>\n\t\t\t\t<\/dt><\/dl><br style=\"clear: both\" \/><dl class='gallery-item'>\n\t\t\t\t<dt class='gallery-icon portrait'>\n\t\t\t\t\t<a class=\"rollover rollover-zoom dt-pswp-item\" title=\"218615997_208680807826035_6535767855208246538_n\" data-dt-img-description=\"\" data-large_image_width=\"160\" data-large_image_height=\"587\"href='https:\/\/www.radiopiu.net\/wordpress\/wp-content\/uploads\/2021\/07\/218615997_208680807826035_6535767855208246538_n.jpg'><img loading=\"lazy\" decoding=\"async\" width=\"150\" height=\"150\" src=\"https:\/\/www.radiopiu.net\/wordpress\/wp-content\/uploads\/2021\/07\/218615997_208680807826035_6535767855208246538_n-150x150.jpg\" class=\"attachment-thumbnail size-thumbnail\" alt=\"\" \/><\/a>\n\t\t\t\t<\/dt><\/dl><dl class='gallery-item'>\n\t\t\t\t<dt class='gallery-icon portrait'>\n\t\t\t\t\t<a class=\"rollover rollover-zoom dt-pswp-item\" title=\"217778932_2973618792895657_117640906501835230_n\" data-dt-img-description=\"\" data-large_image_width=\"154\" data-large_image_height=\"225\"href='https:\/\/www.radiopiu.net\/wordpress\/wp-content\/uploads\/2021\/07\/217778932_2973618792895657_117640906501835230_n.jpg'><img loading=\"lazy\" decoding=\"async\" width=\"150\" height=\"150\" src=\"https:\/\/www.radiopiu.net\/wordpress\/wp-content\/uploads\/2021\/07\/217778932_2973618792895657_117640906501835230_n-150x150.jpg\" class=\"attachment-thumbnail size-thumbnail\" alt=\"\" \/><\/a>\n\t\t\t\t<\/dt><\/dl><dl class='gallery-item'>\n\t\t\t\t<dt class='gallery-icon landscape'>\n\t\t\t\t\t<a class=\"rollover rollover-zoom dt-pswp-item\" title=\"217837988_172876068210088_4811210866251294745_n\" data-dt-img-description=\"\" data-large_image_width=\"552\" data-large_image_height=\"203\"href='https:\/\/www.radiopiu.net\/wordpress\/wp-content\/uploads\/2021\/07\/217837988_172876068210088_4811210866251294745_n.jpg'><img loading=\"lazy\" decoding=\"async\" width=\"150\" height=\"150\" src=\"https:\/\/www.radiopiu.net\/wordpress\/wp-content\/uploads\/2021\/07\/217837988_172876068210088_4811210866251294745_n-150x150.jpg\" class=\"attachment-thumbnail size-thumbnail\" alt=\"\" \/><\/a>\n\t\t\t\t<\/dt><\/dl><dl class='gallery-item'>\n\t\t\t\t<dt class='gallery-icon landscape'>\n\t\t\t\t\t<a class=\"rollover rollover-zoom dt-pswp-item\" title=\"217459207_867565160849800_7336606282609805027_n\" data-dt-img-description=\"\" data-large_image_width=\"296\" data-large_image_height=\"205\"href='https:\/\/www.radiopiu.net\/wordpress\/wp-content\/uploads\/2021\/07\/217459207_867565160849800_7336606282609805027_n.jpg'><img loading=\"lazy\" decoding=\"async\" width=\"150\" height=\"150\" src=\"https:\/\/www.radiopiu.net\/wordpress\/wp-content\/uploads\/2021\/07\/217459207_867565160849800_7336606282609805027_n-150x150.jpg\" class=\"attachment-thumbnail size-thumbnail\" alt=\"\" \/><\/a>\n\t\t\t\t<\/dt><\/dl><dl class='gallery-item'>\n\t\t\t\t<dt class='gallery-icon landscape'>\n\t\t\t\t\t<a class=\"rollover rollover-zoom dt-pswp-item\" title=\"218178658_312661767224726_7838038209245160060_n\" data-dt-img-description=\"\" data-large_image_width=\"319\" data-large_image_height=\"206\"href='https:\/\/www.radiopiu.net\/wordpress\/wp-content\/uploads\/2021\/07\/218178658_312661767224726_7838038209245160060_n.jpg'><img loading=\"lazy\" decoding=\"async\" width=\"150\" height=\"150\" src=\"https:\/\/www.radiopiu.net\/wordpress\/wp-content\/uploads\/2021\/07\/218178658_312661767224726_7838038209245160060_n-150x150.jpg\" class=\"attachment-thumbnail size-thumbnail\" alt=\"\" \/><\/a>\n\t\t\t\t<\/dt><\/dl><dl class='gallery-item'>\n\t\t\t\t<dt class='gallery-icon landscape'>\n\t\t\t\t\t<a class=\"rollover rollover-zoom dt-pswp-item\" title=\"217732938_200444472089365_8124606305181570633_n\" data-dt-img-description=\"\" data-large_image_width=\"261\" data-large_image_height=\"206\"href='https:\/\/www.radiopiu.net\/wordpress\/wp-content\/uploads\/2021\/07\/217732938_200444472089365_8124606305181570633_n.jpg'><img loading=\"lazy\" decoding=\"async\" width=\"150\" height=\"150\" src=\"https:\/\/www.radiopiu.net\/wordpress\/wp-content\/uploads\/2021\/07\/217732938_200444472089365_8124606305181570633_n-150x150.jpg\" class=\"attachment-thumbnail size-thumbnail\" alt=\"\" \/><\/a>\n\t\t\t\t<\/dt><\/dl>\n\t\t\t\t<br style='clear: both' \/>\n\t\t\t<\/div>\n\n<\/div>\n<div dir=\"auto\"><\/div>\n<div class=\"oo9gr5id\" dir=\"auto\">NELLE FOTO (Museo Vittorino Cazzetta, L\u2019Amico del Popolo, Neveitalia, riproduzioni dal libro \u201cImmagini dal tempo edito dal Comune di Belluno): Mondeval de Sora: in primo piano il masso utilizzato per l\u2019insediamento mesolitico; Vittorino Cazzetta; il museo di Selva di Cadore che gli \u00e8 stato intitolato; il prof. Antonio Guerreschi; corredo funerario della sepoltura: Arpone, parte funzionale di arma da getto; la sepoltura dopo l\u2019asportazione del riempimento della fossa; rilievo della sepoltura; corredo funerario composto da 33 elementi; particolare della parte superiore della sepoltura; visione frontale del cranio dopo il restauro; nuclei, strumenti, lame, lisciatoio in selce; corno di cervo e punteruolo; punteruoli in corno di cervo posti sopra lo sterno e tra le ginocchia dello scheletro.<\/div>\n<\/div>\n<div class=\"ay7djpcl k4urcfbm nred35xi\"><\/div>\n<div class=\"b654a4as d2edcug0\">\n<div class=\"j83agx80 btwxx1t3 lhclo0ds hop8lmos nkwizq5d scwd0bx6 roh60bw9\">\n<div class=\"rq0escxv kuivcneq jwdofwj8 n8tt0mok r8blr3vg hyh9befq\">\n<div class=\"do00u71z l9j0dhe7 k4urcfbm\">\n<div class=\"gs1a9yip ow4ym5g4 auili1gw j83agx80 cbu4d94t buofh1pr g5gj957u i1fnvgqd oygrvhab cxmmr5t8 hcukyx3x kvgmc6g5 tgvbjcpo hpfvmrgz qt6c0cv9 rz4wbd8a a8nywdso jb3vyjys du4w35lb i09qtzwb rq0escxv n7fi1qx3 pmk7jnqg j9ispegn kr520xx4\">\n<div class=\"n00je7tq arfg74bv qs9ysxi8 k77z8yql i09qtzwb n7fi1qx3 b5wmifdl hzruof5a pmk7jnqg j9ispegn kr520xx4 c5ndavph art1omkt ot9fgl3s rnr61an3\" data-visualcompletion=\"ignore\"><\/div>\n<\/div>\n<\/div>\n<\/div>\n<\/div>\n<\/div>\n<\/div>\n<\/div>\n<\/div>\n<\/blockquote>\n<div class=\"jn8vp64t l9j0dhe7 hpfvmrgz\">\n<div class=\"lzcic4wl\" tabindex=\"0\" role=\"gridcell\" data-scope=\"messages_table\" data-recover=\"true\">\n<div class=\"ni8dbmo4 stjgntxs g5ia77u1 ii04i59q j83agx80 cbu4d94t ll8tlv6m\" aria-owns=\"jsc_c_29z\">\n<div class=\"b654a4as d2edcug0\">\n<div class=\"j83agx80 btwxx1t3 lhclo0ds hop8lmos nkwizq5d scwd0bx6 roh60bw9\">\n<div class=\"rq0escxv kuivcneq jwdofwj8 n8tt0mok r8blr3vg hyh9befq\">\n<div class=\"do00u71z l9j0dhe7 k4urcfbm\">\n<div class=\"gs1a9yip ow4ym5g4 auili1gw j83agx80 cbu4d94t buofh1pr g5gj957u i1fnvgqd oygrvhab cxmmr5t8 hcukyx3x kvgmc6g5 tgvbjcpo hpfvmrgz qt6c0cv9 rz4wbd8a a8nywdso jb3vyjys du4w35lb i09qtzwb rq0escxv n7fi1qx3 pmk7jnqg j9ispegn kr520xx4\">\n<div data-visualcompletion=\"ignore\">\n<hr \/>\n<\/div>\n<blockquote>\n<h3 data-visualcompletion=\"ignore\">MERCOLEDI 28 LUGLIO IL CONSIGLIO COMUNALE IN VIDEO CONFERENZA<\/h3>\n<p><strong>RIVAMONTE<\/strong> Il sindaco Nino Deon ha convocato il consiglio comunale per mecoledi 28 luglio alle 19 (diretta sui canali social Facebook e Telegram di RADIO PIU), all&#8217;ordine del giorno un unico punto, la variazione di assestamento generale comprendente lo stato di attuazione e il controllo della salvaguardia degli equilibri di bilancio pluriennali 2021-23<\/p><\/blockquote>\n<\/div>\n<\/div>\n<\/div>\n<\/div>\n<\/div>\n<\/div>\n<\/div>\n<\/div>\n<blockquote>\n<div class=\"jn8vp64t l9j0dhe7 hpfvmrgz\">\n<div class=\"lzcic4wl\" tabindex=\"0\" role=\"gridcell\" data-scope=\"messages_table\" data-recover=\"true\">\n<div class=\"ni8dbmo4 stjgntxs g5ia77u1 ii04i59q j83agx80 cbu4d94t ll8tlv6m\" aria-owns=\"jsc_c_29z\">\n<div class=\"b654a4as d2edcug0\">\n<div class=\"j83agx80 btwxx1t3 lhclo0ds hop8lmos nkwizq5d scwd0bx6 roh60bw9\">\n<div class=\"rq0escxv kuivcneq jwdofwj8 n8tt0mok r8blr3vg hyh9befq\">\n<div class=\"do00u71z l9j0dhe7 k4urcfbm\">\n<div class=\"gs1a9yip ow4ym5g4 auili1gw j83agx80 cbu4d94t buofh1pr g5gj957u i1fnvgqd oygrvhab cxmmr5t8 hcukyx3x kvgmc6g5 tgvbjcpo hpfvmrgz qt6c0cv9 rz4wbd8a a8nywdso jb3vyjys du4w35lb i09qtzwb rq0escxv n7fi1qx3 pmk7jnqg j9ispegn kr520xx4\">\n<div data-visualcompletion=\"ignore\"><\/div>\n<div data-visualcompletion=\"ignore\"><\/div>\n<\/div>\n<\/div>\n<\/div>\n<\/div>\n<\/div>\n<\/div>\n<\/div>\n<\/div>\n<\/blockquote>\n<hr \/>\n<blockquote>\n<h3><\/h3>\n<h3>CONCERTO DEL 24 LUGLIO AL BOSCO DEGLI ARTISTI: SOLD OUT!<\/h3>\n<\/blockquote>\n<div class=\"kvgmc6g5 cxmmr5t8 oygrvhab hcukyx3x c1et5uql ii04i59q\">\n<div dir=\"auto\">\n<h3><strong><a href=\"https:\/\/www.radiopiu.net\/wordpress\/al-via-le-prenotazioni-per-il-concerto-la-mia-terra-con-roby-facchinetti\/6d2f3eca-51eb-475d-a53d-f8cc7852afd5\/\" rel=\"attachment wp-att-216089\"><img loading=\"lazy\" decoding=\"async\" class=\" wp-image-216089 alignleft\" src=\"https:\/\/www.radiopiu.net\/wordpress\/wp-content\/uploads\/2021\/06\/6d2f3eca-51eb-475d-a53d-f8cc7852afd5-300x300.jpg\" alt=\"\" width=\"114\" height=\"114\" srcset=\"https:\/\/www.radiopiu.net\/wordpress\/wp-content\/uploads\/2021\/06\/6d2f3eca-51eb-475d-a53d-f8cc7852afd5-300x300.jpg 300w, https:\/\/www.radiopiu.net\/wordpress\/wp-content\/uploads\/2021\/06\/6d2f3eca-51eb-475d-a53d-f8cc7852afd5-150x150.jpg 150w, https:\/\/www.radiopiu.net\/wordpress\/wp-content\/uploads\/2021\/06\/6d2f3eca-51eb-475d-a53d-f8cc7852afd5-768x768.jpg 768w, https:\/\/www.radiopiu.net\/wordpress\/wp-content\/uploads\/2021\/06\/6d2f3eca-51eb-475d-a53d-f8cc7852afd5.jpg 1024w\" sizes=\"auto, (max-width: 114px) 100vw, 114px\" \/><\/a><\/strong><\/h3>\n<p><strong>FALCADE<\/strong> Sold out! Sono chiuse le iscrizioni per il concerto \u201cLa Mia Terra\u201d in programma il 24 luglio nel Bosco degli Artisti di Falcade. \u00c8 possibile tuttavia prendere parte all\u2019evento accedendo all\u2019ampio spazio naturale in localit\u00e0 Le Buse. La cassa di risonanza offerta da questo luogo magico permetter\u00e0 di ascoltare tutto il concerto anche all\u2019esterno dell\u2019area con i posti prenotati e gi\u00e0 esauriti. Potete accedere grazie alla cabinovia Falcade \u2013 Le Buse e ascoltare il concerto sedendovi sul prato che si apre ai piedi di Mulaz e Focobon. Per informazioni: <a class=\"oajrlxb2 g5ia77u1 qu0x051f esr5mh6w e9989ue4 r7d6kgcz rq0escxv nhd2j8a9 nc684nl6 p7hjln8o kvgmc6g5 cxmmr5t8 oygrvhab hcukyx3x jb3vyjys rz4wbd8a qt6c0cv9 a8nywdso i1ao9s8h esuyzwwr f1sip0of lzcic4wl py34i1dx gpro0wi8\" tabindex=\"0\" role=\"link\" href=\"https:\/\/www.falcadedolomiti.it\/?fbclid=IwAR3kfcnpIiqMsz0fiGg1YH8otpNu1ZRDAoNgpCpML5SDkV9X-vd00qQMnHY\" target=\"_blank\" rel=\"nofollow noopener\">https:\/\/www.falcadedolomiti.it\/<\/a><\/p>\n<\/div>\n<\/div>\n<div class=\"o9v6fnle cxmmr5t8 oygrvhab hcukyx3x c1et5uql ii04i59q\">\n<div dir=\"auto\">\n<div><\/div>\n<div><\/div>\n<div><\/div>\n<div><\/div>\n<div><\/div>\n<div>\n<hr \/>\n<\/div>\n<div><\/div>\n<h1><span style=\"color: #ff0000;\">\u00a0VIDEO<\/span><\/h1>\n<div><\/div>\n<div>\n<div style=\"width: 852px;\" class=\"wp-video\"><video class=\"wp-video-shortcode\" id=\"video-221983-1\" width=\"852\" height=\"480\" preload=\"metadata\" controls=\"controls\"><source type=\"video\/mp4\" src=\"https:\/\/www.radiopiu.net\/wordpress\/wp-content\/uploads\/2021\/07\/WhatsApp-Video-2021-07-15-at-14.49.27.mp4?_=1\" \/><a href=\"https:\/\/www.radiopiu.net\/wordpress\/wp-content\/uploads\/2021\/07\/WhatsApp-Video-2021-07-15-at-14.49.27.mp4\">https:\/\/www.radiopiu.net\/wordpress\/wp-content\/uploads\/2021\/07\/WhatsApp-Video-2021-07-15-at-14.49.27.mp4<\/a><\/video><\/div>\n<\/div>\n<div><\/div>\n<div><\/div>\n<div>\n<hr \/>\n<\/div>\n<div><\/div>\n<blockquote>\n<h3>SOSPIROLO Per cause di Forza maggiore il concerto in Gena previsto per oggi pomeriggio \u00e8 rinviato a data da destinarsi.<\/h3>\n<\/blockquote>\n<div><\/div>\n<\/div>\n<\/div>\n<p>&nbsp;<\/p>\n<hr \/>\n<blockquote>\n<h3><a href=\"https:\/\/www.radiopiu.net\/wordpress\/?attachment_id=221315\" rel=\"attachment wp-att-221315\"><img loading=\"lazy\" decoding=\"async\" class=\" wp-image-221315 alignleft\" src=\"https:\/\/www.radiopiu.net\/wordpress\/wp-content\/uploads\/2021\/07\/Fortificazionevilla-300x225.jpg\" alt=\"\" width=\"195\" height=\"146\" srcset=\"https:\/\/www.radiopiu.net\/wordpress\/wp-content\/uploads\/2021\/07\/Fortificazionevilla-300x225.jpg 300w, https:\/\/www.radiopiu.net\/wordpress\/wp-content\/uploads\/2021\/07\/Fortificazionevilla-1024x769.jpg 1024w, https:\/\/www.radiopiu.net\/wordpress\/wp-content\/uploads\/2021\/07\/Fortificazionevilla-768x577.jpg 768w, https:\/\/www.radiopiu.net\/wordpress\/wp-content\/uploads\/2021\/07\/Fortificazionevilla.jpg 1400w\" sizes=\"auto, (max-width: 195px) 100vw, 195px\" \/><\/a>FAI UN GIRO IN VILLA, NEL BELLUNESE VISITA AL SITO DI COR<\/h3>\n<\/blockquote>\n<p><strong>BELLUNO<\/strong> Torna l\u2019appuntamento veneto con il festival \u201cFai un giro in Villa\u201d, organizzato dalla Presidenza FAI Veneto e dai Gruppi FAI Giovani della regione. Questa edizione sar\u00e0 in presenza con visite a ville e giardini del Veneto, che i Gruppi Giovani del FAI Veneto organizzano, in tutta sicurezza e nel rispetto delle normative vigenti. Il gruppo FAI Giovani di Belluno ha scelto,\u00a0 la giornata di domani di far conoscere e valorizzare l\u2019ameno sito di Cor, nel territorio dell\u2019antica pieve di Castion, vicino ai villaggi di Castoi e di Visome, in un suggestivo contesto paesaggistico di campi coltivati, vigneti e boschi. L\u2019evento \u00e8 aperto a tutti con contributo a partire da \u20ac 7,00 (\u20ac 5,00 per gli iscritti FAI). La prenotazione non \u00e8 obbligatoria ma consigliata a questo link https:\/\/faiprenotazioni.fondoambiente.it\/.<\/p>\n<p>&nbsp;<\/p>\n<p>&nbsp;<\/p>\n<hr \/>\n<p>&nbsp;<\/p>\n<blockquote>\n<h3>RITORNA LA RASSEGNA MUSICALE &#8220;MUSICA NELL&#8217;AGORDINO&#8221;<\/h3>\n<\/blockquote>\n<p><strong><a href=\"https:\/\/www.radiopiu.net\/wordpress\/giornale-radiopiu-04-luglio-2021-direttore-mirko-mezzacasa\/img_0263\/\" rel=\"attachment wp-att-219710\"><img loading=\"lazy\" decoding=\"async\" class=\" wp-image-219710 alignleft\" src=\"https:\/\/www.radiopiu.net\/wordpress\/wp-content\/uploads\/2021\/07\/IMG_0263-300x225.jpg\" alt=\"\" width=\"212\" height=\"159\" srcset=\"https:\/\/www.radiopiu.net\/wordpress\/wp-content\/uploads\/2021\/07\/IMG_0263-300x225.jpg 300w, https:\/\/www.radiopiu.net\/wordpress\/wp-content\/uploads\/2021\/07\/IMG_0263-1024x768.jpg 1024w, https:\/\/www.radiopiu.net\/wordpress\/wp-content\/uploads\/2021\/07\/IMG_0263-768x576.jpg 768w, https:\/\/www.radiopiu.net\/wordpress\/wp-content\/uploads\/2021\/07\/IMG_0263-1536x1152.jpg 1536w, https:\/\/www.radiopiu.net\/wordpress\/wp-content\/uploads\/2021\/07\/IMG_0263-2048x1536.jpg 2048w\" sizes=\"auto, (max-width: 212px) 100vw, 212px\" \/><\/a>AGORDO<\/strong> Dopo un\u2019anteprima on-line dal Durando, uno dei pi\u00f9 bei scorci di Agordo, che sar\u00e0 tramessa da RadioPi\u00f9 <span style=\"color: #ff0000;\">DOMANI<\/span> alle 11 e disponibile sui social durante il mese di luglio, con ospiti Sandro Del Duca (flauti e voce) e Nelso Salton (contrabbasso e voce), la rassegna inizier\u00e0 il 31 luglio alle 20.30 a La Valle con il concerto \u201c<em>al<\/em>\u00a0<em>ka\u015b\u00e8lo<\/em>\u201d, cio\u00e8 nel vecchio caseificio ora trasformato nella nuova e accogliente Sala Valmassoni.<\/p>\n<p><strong>DI GIANNI SANTOMASO<\/strong><\/p>\n<audio class=\"wp-audio-shortcode\" id=\"audio-221983-10\" preload=\"none\" style=\"width: 100%;\" controls=\"controls\"><source type=\"audio\/mpeg\" src=\"https:\/\/www.radiopiu.net\/wordpress\/wp-content\/uploads\/2021\/07\/GIANNI-MUSICA-AGORDINO.mp3?_=10\" \/><a href=\"https:\/\/www.radiopiu.net\/wordpress\/wp-content\/uploads\/2021\/07\/GIANNI-MUSICA-AGORDINO.mp3\">https:\/\/www.radiopiu.net\/wordpress\/wp-content\/uploads\/2021\/07\/GIANNI-MUSICA-AGORDINO.mp3<\/a><\/audio>\n<p><strong>L&#8217;INTERVISTA AGLI ARTISTI\u00a0<\/strong><\/p>\n<audio class=\"wp-audio-shortcode\" id=\"audio-221983-11\" preload=\"none\" style=\"width: 100%;\" controls=\"controls\"><source type=\"audio\/mpeg\" src=\"https:\/\/www.radiopiu.net\/wordpress\/wp-content\/uploads\/2021\/07\/Intervista-Salton-Del-Duca-Luglio-21.mp3?_=11\" \/><a href=\"https:\/\/www.radiopiu.net\/wordpress\/wp-content\/uploads\/2021\/07\/Intervista-Salton-Del-Duca-Luglio-21.mp3\">https:\/\/www.radiopiu.net\/wordpress\/wp-content\/uploads\/2021\/07\/Intervista-Salton-Del-Duca-Luglio-21.mp3<\/a><\/audio>\n<p>&nbsp;<\/p>\n<hr \/>\n<p>&nbsp;<\/p>\n<blockquote>\n<h3>MUSICA NEI CORTIVI A SAN GREGORIO NELLE ALPI<\/h3>\n<\/blockquote>\n<p><strong>SAN GREGORIO NELLE ALPI <\/strong>Nell\u2019ambito della rassegna \u201cMusica nei cortivi\u201d oggi alle 21.00 in Piazza Municipio a San Gregorio nelle Alpi si esibir\u00e0 in concerto la fisarmonicista Sabrina Salvestrin. Organizzazione a cura Consorzio Pro Loco Pedemontane Val Belluna e Pro Loco San Gregorio nelle Alpi. Ingresso libero.<\/p>\n<p>&nbsp;<\/p>\n<p>&nbsp;<\/p>\n<hr \/>\n<p><strong>\u00a0<\/strong><\/p>\n<blockquote>\n<h3><strong>MUSICA NEI CORTIVI A SOSPIROLO <\/strong><\/h3>\n<\/blockquote>\n<p><strong>SOSPIROLO<\/strong> La Pro loco \u201cMonti del Sole\u201d e gli Amici di Gena organizzano per\u00a0 oggi a Gena Alta, alle 17, un concerto con Les Magots: Barbara Padrin e Veronica Bronzato (voci) Candida Capraro (voce e flauto), Leonardo Dalla Cort\u00a0 (pianoforte), Stefano Funes (batteria), Michele Dal Don (sax). L\u2019evento nasce per ricordare i cent\u2019anni della fontana del paese. Gena Alta \u00e8 raggiungibile solo a piedi lungo strada in circa 45 minuti di cammino (circa 350 m di dislivello) e il concerto si terr\u00e0 sul prato. \u00c8 gradito abbigliamento vintage per rievocare le tradizioni. Info: <a href=\"mailto:proloco@sospirolo.net\" target=\"_blank\" rel=\"noopener\">proloco@sospirolo.net<\/a>, 320 3342082.<\/p>\n<p>&nbsp;<\/p>\n<hr \/>\n<p>&nbsp;<\/p>\n<blockquote>\n<h3>ALMA SWING QUINTET A PALAZZO FULCIS<\/h3>\n<\/blockquote>\n<p><strong>BELLUNO<\/strong>\u00a0 Concerto di Alma Swing Quintet, domani alle 18 nella Corte di Palazzo Fulcis, o, in caso di maltempo, nel vicino Teatro Comunale.\u00a0 Protagonista la musica swing interpretata da Francesco Socal, voce e clarinetto, ospite dell&#8217;evento, e da Lino Brotto, chitarra solista, Mattia Martorano, violino, Andrea Boschetti, chitarra accompagnamento, e Beppe Pilotto, contrabbasso. Info: www.belcircolo.org.<\/p>\n<p>&nbsp;<\/p>\n<p>&nbsp;<\/p>\n<hr \/>\n<p>&nbsp;<\/p>\n<blockquote>\n<h3>UNA MOSTRA PER RICORDARE PADRE DOMENICO DE ROCCO<\/h3>\n<\/blockquote>\n<p><strong><a href=\"https:\/\/www.radiopiu.net\/wordpress\/una-mostra-per-ricordare-padre-domenico-de-rocco\/padre-domenico-de-rocco-mostra\/\" rel=\"attachment wp-att-221865\"><img loading=\"lazy\" decoding=\"async\" class=\" wp-image-221865 alignleft\" src=\"https:\/\/www.radiopiu.net\/wordpress\/wp-content\/uploads\/2021\/07\/Padre-Domenico-De-Rocco-Mostra-210x300.jpg\" alt=\"\" width=\"142\" height=\"202\" srcset=\"https:\/\/www.radiopiu.net\/wordpress\/wp-content\/uploads\/2021\/07\/Padre-Domenico-De-Rocco-Mostra-210x300.jpg 210w, https:\/\/www.radiopiu.net\/wordpress\/wp-content\/uploads\/2021\/07\/Padre-Domenico-De-Rocco-Mostra-717x1024.jpg 717w, https:\/\/www.radiopiu.net\/wordpress\/wp-content\/uploads\/2021\/07\/Padre-Domenico-De-Rocco-Mostra-768x1097.jpg 768w, https:\/\/www.radiopiu.net\/wordpress\/wp-content\/uploads\/2021\/07\/Padre-Domenico-De-Rocco-Mostra-1075x1536.jpg 1075w, https:\/\/www.radiopiu.net\/wordpress\/wp-content\/uploads\/2021\/07\/Padre-Domenico-De-Rocco-Mostra-1433x2048.jpg 1433w, https:\/\/www.radiopiu.net\/wordpress\/wp-content\/uploads\/2021\/07\/Padre-Domenico-De-Rocco-Mostra-scaled.jpg 1792w\" sizes=\"auto, (max-width: 142px) 100vw, 142px\" \/><\/a><\/strong><\/p>\n<p>&nbsp;<\/p>\n<p><strong>CANALE D&#8217;AGORDO<\/strong>\u00a0 Per ricordare la figura di Padre Domenico De Rocco il Museo Albino Luciani ha organizzato una mostra:\u00a0 P. Domenico De Rocco (1889-1958) e la Cina,\u00a0 le avventure di un missionario perseguitato nel Sol Levante, un viaggio dalle Dolomiti alla Cina, che attraversa le esperienze missionarie di Matteo Ricci, Martino Martini e Josef Freinademetz e racconta con fascino e curiosit\u00e0 l&#8217;avventura umana e cristiana e missionaria verso l&#8217;Oriente. Per approfondire gli aspetti di questa avventurosa esistenza l&#8217;inaugurazione della mostra sar\u00e0 preceduta da una conferenza. L&#8217;evento si terr\u00e0 oggi\u00a0 alle 17.30\u00a0 in Sala Zand\u00f2 del\u00a0 Museo Albino Luciani di Canale d&#8217;Agordo (Belluno). Prenotazione presso la segreteria del Museo (info@fondazionepapaluciani.com, oppure whatsapp 377.9665237, oppure telefonando al numero 0437.1948001). La mostra rester\u00e0 aperta fino al 31 ottobre con il seguente orario: fino al 12 settembre tutti i giorni 9.00-13.00 e 15.00-19.00. Dal 13 settembre al 31 ottobre: venerd\u00ec, sabato e domenica 9.00-12.00 e 15.00-18.00.<\/p>\n<p>&nbsp;<\/p>\n<p>&nbsp;<\/p>\n<p>&nbsp;<\/p>\n<p>&nbsp;<\/p>\n<hr \/>\n<div class=\"mkdf-post-text\">\n<div class=\"mkdf-post-text-inner\">\n<div class=\"mkdf-post-text-main\">\n<p>&nbsp;<\/p>\n<blockquote>\n<h3>TEATRO SOTTO LE STELLE A LONGANO<\/h3>\n<\/blockquote>\n<p><strong><a href=\"https:\/\/www.radiopiu.net\/wordpress\/giornale-radiopiu-15-luglio-2021-direttore-mirko-mezzacasa\/a873dcdf-7d90-4cca-81c0-1386d33bb6b5\/\" rel=\"attachment wp-att-221760\"><img loading=\"lazy\" decoding=\"async\" class=\"wp-image-221760 alignleft\" src=\"https:\/\/www.radiopiu.net\/wordpress\/wp-content\/uploads\/2021\/07\/a873dcdf-7d90-4cca-81c0-1386d33bb6b5-212x300.jpg\" alt=\"\" width=\"136\" height=\"192\" srcset=\"https:\/\/www.radiopiu.net\/wordpress\/wp-content\/uploads\/2021\/07\/a873dcdf-7d90-4cca-81c0-1386d33bb6b5-212x300.jpg 212w, https:\/\/www.radiopiu.net\/wordpress\/wp-content\/uploads\/2021\/07\/a873dcdf-7d90-4cca-81c0-1386d33bb6b5-724x1024.jpg 724w, https:\/\/www.radiopiu.net\/wordpress\/wp-content\/uploads\/2021\/07\/a873dcdf-7d90-4cca-81c0-1386d33bb6b5-768x1086.jpg 768w, https:\/\/www.radiopiu.net\/wordpress\/wp-content\/uploads\/2021\/07\/a873dcdf-7d90-4cca-81c0-1386d33bb6b5-1086x1536.jpg 1086w, https:\/\/www.radiopiu.net\/wordpress\/wp-content\/uploads\/2021\/07\/a873dcdf-7d90-4cca-81c0-1386d33bb6b5.jpg 1131w\" sizes=\"auto, (max-width: 136px) 100vw, 136px\" \/><\/a> <\/strong><\/p>\n<p><strong>\u00a0<\/strong><\/p>\n<p><strong>SEDICO <\/strong>Il Comitato Ricreativo di Longano in collaborazione con l&#8217;Associazione Festeggiamenti Bribano in occasione di San Giacomo, patrono di Bribano, organizzano &#8220;Teatro Sotto Le Stelle&#8221;. Sabato 24 luglio alle 20:30 presso la Casa Comunale di Longano andr\u00e0 in scena &#8220;Sogno Di Una Felice Europa&#8221; scritto e interpretato da Roberto Faoro con le musiche dal vivo di Piero Bolzan. Uno spettacolo teatrale intenso e divertente che racconta tra risate e momenti drammatici le differenza tra nazioni e l&#8217;importanza dell&#8217;integrazione fra popoli. In caso di maltempo la manifestazione sar\u00e0 rinviata ad altra data.<\/p>\n<p>&nbsp;<\/p>\n<p>&nbsp;<\/p>\n<p>&nbsp;<\/p>\n<p>&nbsp;<\/p>\n<\/div>\n<div class=\"mkdf-post-text-main\">\n<hr \/>\n<p>&nbsp;<\/p>\n<p>&nbsp;<\/p>\n<blockquote>\n<h3>LA FERITA E IL DONO, A VILLA PAGANINI A 250 ANNI DALLA FRANA CHE ORIGINO&#8217; IL LAGO<\/h3>\n<\/blockquote>\n<p><a href=\"https:\/\/www.radiopiu.net\/wordpress\/giornale-radiopiu-17-luglio-2021-direttore-mirko-mezzacasa\/loc-la-ferita-e-il-dono_5-bassa-1\/\" rel=\"attachment wp-att-222058\"><img loading=\"lazy\" decoding=\"async\" class=\"size-medium wp-image-222058 alignleft\" src=\"https:\/\/www.radiopiu.net\/wordpress\/wp-content\/uploads\/2021\/07\/loc-la-ferita-e-il-dono_5-bassa-1-212x300.jpg\" alt=\"\" width=\"212\" height=\"300\" srcset=\"https:\/\/www.radiopiu.net\/wordpress\/wp-content\/uploads\/2021\/07\/loc-la-ferita-e-il-dono_5-bassa-1-212x300.jpg 212w, https:\/\/www.radiopiu.net\/wordpress\/wp-content\/uploads\/2021\/07\/loc-la-ferita-e-il-dono_5-bassa-1-724x1024.jpg 724w, https:\/\/www.radiopiu.net\/wordpress\/wp-content\/uploads\/2021\/07\/loc-la-ferita-e-il-dono_5-bassa-1-768x1086.jpg 768w, https:\/\/www.radiopiu.net\/wordpress\/wp-content\/uploads\/2021\/07\/loc-la-ferita-e-il-dono_5-bassa-1-1086x1536.jpg 1086w, https:\/\/www.radiopiu.net\/wordpress\/wp-content\/uploads\/2021\/07\/loc-la-ferita-e-il-dono_5-bassa-1-1448x2048.jpg 1448w, https:\/\/www.radiopiu.net\/wordpress\/wp-content\/uploads\/2021\/07\/loc-la-ferita-e-il-dono_5-bassa-1-scaled.jpg 1810w\" sizes=\"auto, (max-width: 212px) 100vw, 212px\" \/><\/a><strong>ALLEGHE<\/strong> Sabato 24 luglio alle 21, nella splendida cornice di Villa Paganini Ruspoli a Masar\u00e8 di Rocca Pietore sulle sponde del Lago di Alleghe, sar\u00e0 ricordato il 250\u00b0 anno dal distacco della frana che, sbarrando il torrente Cordevole, diede origine al Lago di Alleghe. La serata sar\u00e0 incentrata sullo spettacolo, reading musicale,\u201cLago di Alleghe, LA FERITA E IL DONO\u201d creato e portato in scena dall\u2019attrice e autrice Susanna Cro con le musiche originali eseguite dal vivo dal maestro Diego De Pasqual e il disegno luci di Paolo Pellicciari.Con gli artisti bellunesi, in \u201cLago di Alleghe, LA FERITA E Il DONO\u201d ci si immerge nelle vicende storiche ed ambientali che hanno portato alla formazione del lago di Alleghe e negli accadimenti correlati ad essa, in una restituzione a pi\u00f9 livelli di significato nutrita dall\u2019ascolto attivo dei luoghi. Attraverso l\u2019utilizzo di una drammaturgia che integra al piano narrativo, gli originali documenti settecenteschi resi fruibili dagli archivi veneziani da Gio-Maria Antonio Del Negro e finestre poetiche che creano legami empatici con i vissuti emotivi, si percorrono, in un flusso unitario i fatti, le relazioni e la corrispondenza interiore al reale che si manifesta. Il lago \u00e8 stato vissuto come ferita che, attraverso la meraviglia della sua naturale esistenza, si \u00e8 poi disvelato quale dono nel cambiamento.Tra le fonti tecniche e storiche utilizzate anche \u201cIl lago di Alleghe tragedia e fascino\u201d di Gio-Maria Antonio Del Negro e \u201cLa formazione del lago di Alleghe\u201d di Giorgio Fontanive, entrambi studiosi locali.L\u2019evento \u00e8 organizzato in collaborazione tra le amministrazioni comunali di Alleghe e Rocca Pietore e il Consorzio Operatori Turistici Alleghe Caprile. In caso di maltempo l\u2019evento si svolger\u00e0 presso il Centro Congressi di Alleghe. Informazioni e prenotazioni presso l\u2019ufficio turistico di Alleghe 0437-523333, consorzio@alleghe.info &#8211; posti limitati<\/p>\n<\/div>\n<p>&nbsp;<\/p>\n<div class=\"mkdf-post-text-main\">\n<p><a href=\"https:\/\/www.radiopiu.net\/wordpress\/giornale-radiopiu-17-luglio-2021-direttore-mirko-mezzacasa\/susanna\/\" rel=\"attachment wp-att-222057\"><img loading=\"lazy\" decoding=\"async\" class=\"wp-image-222057 alignleft\" src=\"https:\/\/www.radiopiu.net\/wordpress\/wp-content\/uploads\/2021\/07\/susanna.jpg\" alt=\"\" width=\"118\" height=\"128\" \/><\/a><strong>Susanna Cro,<\/strong> ricercatrice, attrice, autrice e performer, si forma professionalmente e collabora con personalit\u00e0 e strutture di rilevanza nel panorama artistico nazionale ed internazionale. Ha ricevuto, per la drammaturgia e l\u2019interpretazione, il Fiorino d\u2019oro al Premio Firenze Europa e il Primo premio Actors&amp;Poetry nella categoria autori\/performer. Di natura eclettica, da molti anni lavora e ricerca nell\u2019ambito del Teatro e discipline collaterali, anche nel solco di una contaminazione con altri linguaggi artistici e con un ascolto attivo dei luoghi. Affianca alle tourn\u00e9e nazionali attivit\u00e0 di formazione teatrale e nell\u2019ambito della consapevolezza del s\u00e9.<\/p>\n<p><a href=\"https:\/\/www.radiopiu.net\/wordpress\/giornale-radiopiu-17-luglio-2021-direttore-mirko-mezzacasa\/diego-5\/\" rel=\"attachment wp-att-222056\"><img loading=\"lazy\" decoding=\"async\" class=\"wp-image-222056 alignleft\" src=\"https:\/\/www.radiopiu.net\/wordpress\/wp-content\/uploads\/2021\/07\/diego-300x202.jpg\" alt=\"\" width=\"158\" height=\"106\" srcset=\"https:\/\/www.radiopiu.net\/wordpress\/wp-content\/uploads\/2021\/07\/diego-300x202.jpg 300w, https:\/\/www.radiopiu.net\/wordpress\/wp-content\/uploads\/2021\/07\/diego.jpg 524w\" sizes=\"auto, (max-width: 158px) 100vw, 158px\" \/><\/a><\/p>\n<p><strong>Diego De Pasqual<\/strong> inizia all\u2019et\u00e0 di 7 anni lo studio del pianoforte, si laurea con lode presso il conservatorio di Trento, prosegue la formazione in composizione e direzione con i maestri A.M. Ferrone, Ferrer Ferran, D. Hunsberger, A.Waignein, G.Guarino, M. Somadossi e J. Rafael Pascual Vilaplana. Nel 2012 viene pubblicata la sua prima opera \u201cLa finestra sul lago\u201d edita dalla casa editrice \u201cScomegna\u201d di Torino ed \u00e8 poi registrata dall\u2019orchestra della Val Camonica diretta dal M\u00b0 Denis Salvini, per il cd \u201cDanze Pazze\u201d(Ed.Scomegna).A fianco all\u2019attivit\u00e0 di direzione, collabora con gruppi per arrangiamenti vocali(etichetta discografica ReddArmy).<\/p>\n<p>&nbsp;<\/p>\n<\/div>\n<p>&nbsp;<\/p>\n<div class=\"mkdf-post-text-main\">\n<hr \/>\n<blockquote>\n<h3><\/h3>\n<h3><\/h3>\n<h3><\/h3>\n<h3>LE MUSE E LE DOLOMITI, IN PIENO CORSO LA NONA RASSEGNA ESTIVA<\/h3>\n<\/blockquote>\n<p><strong>REDAZIONE<\/strong> Lunedi alle 10.30 e alle 1900 alla radio con Oda Zoe Hochscheid e Adelisa Tabiadon<\/p>\n<p>https:\/\/www.facebook.com\/radiopiu\/videos\/2916607808581624<\/p>\n<p>&nbsp;<\/p>\n<p>&nbsp;<\/p>\n<hr \/>\n<p>&nbsp;<\/p>\n<p><strong>&#8220;I MISTERI DI ALLEGHE DI SERGIO SAVIANE&#8221; ALLA RADIO CON L&#8217;ATTORE ROBERTO FAORO . . . OGNI GIORNO DAL LUNEDI AL VENERDI ALLE 15.30\u00a0\u00a0<\/strong><\/p>\n<p><em><a href=\"https:\/\/www.radiopiu.net\/wordpress\/i-misteri-di-alleghe-alla-radio\/th-156\/\" rel=\"attachment wp-att-221036\"><img loading=\"lazy\" decoding=\"async\" class=\"wp-image-221036 alignleft\" src=\"https:\/\/www.radiopiu.net\/wordpress\/wp-content\/uploads\/2021\/07\/th-6.jpg\" alt=\"\" width=\"119\" height=\"147\" \/><\/a>&#8220;Piacere, sono Roberto Faoro poliedrico attore, drammaturgo e regista italiano&#8221;. <\/em><\/p>\n<p>Esperienza, professionalit\u00e0 e passione per il mondo dell\u2019arte e della recitazione sono le tre parole chiave che fanno di Roberto Faoro un attore, drammaturgo, regista e formatore molto conosciuto e apprezzato nel territorio delle Dolomiti Bellunesi, ma anche a livello nazionale.<\/p>\n<p>&nbsp;<\/p>\n<p>&nbsp;<\/p>\n<p><strong>5^ PUNTATA<\/strong><\/p>\n<audio class=\"wp-audio-shortcode\" id=\"audio-221983-12\" preload=\"none\" style=\"width: 100%;\" controls=\"controls\"><source type=\"audio\/mpeg\" src=\"https:\/\/www.radiopiu.net\/wordpress\/wp-content\/uploads\/2021\/07\/A_05.mp3?_=12\" \/><a href=\"https:\/\/www.radiopiu.net\/wordpress\/wp-content\/uploads\/2021\/07\/A_05.mp3\">https:\/\/www.radiopiu.net\/wordpress\/wp-content\/uploads\/2021\/07\/A_05.mp3<\/a><\/audio>\n<p>&nbsp;<\/p>\n<p><strong><a href=\"https:\/\/www.radiopiu.net\/wordpress\/i-misteri-di-alleghe-alla-radio\/librosaviane\/\" rel=\"attachment wp-att-221038\"><img loading=\"lazy\" decoding=\"async\" class=\"wp-image-221038 alignleft\" src=\"https:\/\/www.radiopiu.net\/wordpress\/wp-content\/uploads\/2021\/07\/LibroSaviane-175x300.jpg\" alt=\"\" width=\"90\" height=\"154\" srcset=\"https:\/\/www.radiopiu.net\/wordpress\/wp-content\/uploads\/2021\/07\/LibroSaviane-175x300.jpg 175w, https:\/\/www.radiopiu.net\/wordpress\/wp-content\/uploads\/2021\/07\/LibroSaviane.jpg 200w\" sizes=\"auto, (max-width: 90px) 100vw, 90px\" \/><\/a>1933 \u2013 1946: I DELITTI DI ALLEGHE <\/strong>Una catena di delitti cominciata nel 1933 e a cui una sentenza della Cassazione metter\u00e0 il sigillo finale solo nel 1964. Nell\u2019arco di questi 31 anni si dipanano i misteri di Alleghe, resi celebri da un bel libro scritto dal giornalista e scrittore Sergio Saviane. Cinque omicidi ambientati sulle rive del lago ai piedi delle Dolomiti, maturati in una stretta cerchia di persone, saldamente legati l\u2019uno agli altri e che avvengono in un clima di paura e di omert\u00e0.<\/p>\n<p>&nbsp;<\/p>\n<p>&nbsp;<\/p>\n<p>&nbsp;<\/p>\n<p>&nbsp;<\/p>\n<hr \/>\n<p>&nbsp;<\/p>\n<div class=\"mkdf-post-text\">\n<div class=\"mkdf-post-text-inner\">\n<div class=\"mkdf-post-text-main\">\n<div class=\"page-title-head hgroup\">\n<div class=\"page-title-head hgroup\">\n<p>&nbsp;<\/p>\n<blockquote class=\"wp-embedded-content\" data-secret=\"hQx1SRYCVA\"><p><a href=\"https:\/\/www.radiopiu.net\/wordpress\/plastic-free-seconda-puntata-la-raccolta-sul-nevegal\/\">PLASTIC FREE &#8211; SECONDA PUNTATA. LA RACCOLTA SUL NEVEGAL<\/a><\/p><\/blockquote>\n<p><iframe loading=\"lazy\" class=\"wp-embedded-content\" sandbox=\"allow-scripts\" security=\"restricted\" style=\"position: absolute; clip: rect(1px, 1px, 1px, 1px);\" title=\"&#8220;PLASTIC FREE &#8211; SECONDA PUNTATA. LA RACCOLTA SUL NEVEGAL&#8221; &#8212; Radio Pi\u00f9\" src=\"https:\/\/www.radiopiu.net\/wordpress\/plastic-free-seconda-puntata-la-raccolta-sul-nevegal\/embed\/#?secret=hQx1SRYCVA\" data-secret=\"hQx1SRYCVA\" width=\"600\" height=\"338\" frameborder=\"0\" marginwidth=\"0\" marginheight=\"0\" scrolling=\"no\"><\/iframe><\/p>\n<p>&nbsp;<\/p>\n<p>&nbsp;<\/p>\n<hr \/>\n<p>&nbsp;<\/p>\n<div class=\"mkdf-post-text\">\n<div class=\"mkdf-post-text-inner\">\n<div class=\"mkdf-post-text-main\">\n<blockquote class=\"wp-embedded-content\" data-secret=\"NdkbMEyEuK\"><p><a href=\"https:\/\/www.radiopiu.net\/wordpress\/da-ieri-alla-radio-in-palinsesto-loris-e-maurizio-con-la-grande-musica\/\">IL BLUES ALLA RADIO &#8230; COME NON L&#8217;AVETE MAI SENTITO PRIMA<\/a><\/p><\/blockquote>\n<p><iframe loading=\"lazy\" class=\"wp-embedded-content\" sandbox=\"allow-scripts\" security=\"restricted\" style=\"position: absolute; clip: rect(1px, 1px, 1px, 1px);\" title=\"&#8220;IL BLUES ALLA RADIO &#8230; COME NON L&#8217;AVETE MAI SENTITO PRIMA&#8221; &#8212; Radio Pi\u00f9\" src=\"https:\/\/www.radiopiu.net\/wordpress\/da-ieri-alla-radio-in-palinsesto-loris-e-maurizio-con-la-grande-musica\/embed\/#?secret=NdkbMEyEuK\" data-secret=\"NdkbMEyEuK\" width=\"600\" height=\"338\" frameborder=\"0\" marginwidth=\"0\" marginheight=\"0\" scrolling=\"no\"><\/iframe><\/p>\n<p>&nbsp;<\/p>\n<hr \/>\n<p>&nbsp;<\/p>\n<div class=\"mkdf-post-text\">\n<div class=\"mkdf-post-text-inner\">\n<div class=\"mkdf-post-text-main\">\n<div>\n<div class=\"page-title-head hgroup\">\n<div class=\"page-title-head hgroup\">\n<div class=\"page-title-head hgroup\">\n<div class=\"page-title-head hgroup\">\n<div class=\"b654a4as d2edcug0\">\n<blockquote>\n<blockquote>\n<h2><a href=\"https:\/\/www.radiopiu.net\/wordpress\/speciale-solidarieta-veneto\/solidarieta-veneto-3\/\" rel=\"attachment wp-att-134366\"><img loading=\"lazy\" decoding=\"async\" class=\"wp-image-134366 alignleft\" src=\"https:\/\/www.radiopiu.net\/wordpress\/wp-content\/uploads\/2020\/05\/solidariet\u00e0-veneto-300x210.jpg\" alt=\"\" width=\"102\" height=\"71\" srcset=\"https:\/\/www.radiopiu.net\/wordpress\/wp-content\/uploads\/2020\/05\/solidariet\u00e0-veneto-300x210.jpg 300w, https:\/\/www.radiopiu.net\/wordpress\/wp-content\/uploads\/2020\/05\/solidariet\u00e0-veneto-1024x717.jpg 1024w, https:\/\/www.radiopiu.net\/wordpress\/wp-content\/uploads\/2020\/05\/solidariet\u00e0-veneto-768x538.jpg 768w, https:\/\/www.radiopiu.net\/wordpress\/wp-content\/uploads\/2020\/05\/solidariet\u00e0-veneto.jpg 1373w\" sizes=\"auto, (max-width: 102px) 100vw, 102px\" \/><\/a>SOLIDARIETA&#8217; VENETO FONDO PENSIONE, IN ONDA IL PRIMO VENERDI DEL MESE ALLE 10.30 E ALLE 19.00 QUINTA STAGIONE<\/h2>\n<\/blockquote>\n<h2><strong><span style=\"color: #ff0000;\">AUDIO LUGLIO 2021<\/span><\/strong><\/h2>\n<\/blockquote>\n<audio class=\"wp-audio-shortcode\" id=\"audio-221983-13\" preload=\"none\" style=\"width: 100%;\" controls=\"controls\"><source type=\"audio\/mpeg\" src=\"https:\/\/www.radiopiu.net\/wordpress\/wp-content\/uploads\/2021\/07\/solidarieta-veneto-luglio-2021.mp3?_=13\" \/><a href=\"https:\/\/www.radiopiu.net\/wordpress\/wp-content\/uploads\/2021\/07\/solidarieta-veneto-luglio-2021.mp3\">https:\/\/www.radiopiu.net\/wordpress\/wp-content\/uploads\/2021\/07\/solidarieta-veneto-luglio-2021.mp3<\/a><\/audio>\n<h2>LA RACCOLTA COMPLETA<\/h2>\n<blockquote class=\"wp-embedded-content\" data-secret=\"XGbWsyRfnD\"><p><a href=\"https:\/\/www.radiopiu.net\/wordpress\/solidarieta-veneto\/\">Solidariet\u00e0 Veneto<\/a><\/p><\/blockquote>\n<p><iframe loading=\"lazy\" class=\"wp-embedded-content\" sandbox=\"allow-scripts\" security=\"restricted\" style=\"position: absolute; clip: rect(1px, 1px, 1px, 1px);\" title=\"&#8220;Solidariet\u00e0 Veneto&#8221; &#8212; Radio Pi\u00f9\" src=\"https:\/\/www.radiopiu.net\/wordpress\/solidarieta-veneto\/embed\/#?secret=XGbWsyRfnD\" data-secret=\"XGbWsyRfnD\" width=\"600\" height=\"338\" frameborder=\"0\" marginwidth=\"0\" marginheight=\"0\" scrolling=\"no\"><\/iframe><\/p>\n<blockquote>\n<h2><\/h2>\n<\/blockquote>\n<p>&nbsp;<\/p>\n<hr \/>\n<p>&nbsp;<\/p>\n<h2><strong><span style=\"color: #ff0000;\">QUINDICINALE APPUNTAMENTO ALLA RADIO<\/span><\/strong><\/h2>\n<blockquote>\n<h3><a style=\"font-size: 14px; font-weight: normal;\" href=\"https:\/\/www.radiopiu.net\/wordpress\/giornale-radiopiu-06-febbraio-2019-direttore-mirko-mezzacasa\/logo_spi-cgil-800x445\/\" rel=\"attachment wp-att-75538\"><img loading=\"lazy\" decoding=\"async\" class=\"wp-image-75538 alignleft\" src=\"https:\/\/www.radiopiu.net\/wordpress\/wp-content\/uploads\/2019\/02\/Logo_Spi-CGIL-800x445-300x167.jpg\" alt=\"\" width=\"210\" height=\"117\" srcset=\"https:\/\/www.radiopiu.net\/wordpress\/wp-content\/uploads\/2019\/02\/Logo_Spi-CGIL-800x445-300x167.jpg 300w, https:\/\/www.radiopiu.net\/wordpress\/wp-content\/uploads\/2019\/02\/Logo_Spi-CGIL-800x445-768x427.jpg 768w, https:\/\/www.radiopiu.net\/wordpress\/wp-content\/uploads\/2019\/02\/Logo_Spi-CGIL-800x445.jpg 800w\" sizes=\"auto, (max-width: 210px) 100vw, 210px\" \/><\/a><\/h3>\n<\/blockquote>\n<blockquote>\n<h3>ALLA RADIO, APPUNTAMENTO QUINDICINALE CON SPI-CGIL BELLUNO, IN STUDIO MARIA RITA GENTILIN<\/h3>\n<\/blockquote>\n<p><strong>di Claudio Fontanive\u00a0<\/strong><\/p>\n<p><span style=\"color: #ff0000;\"><strong>PUNTATA DEL\u00a0 08 luglio 2021<br \/>\n<\/strong><\/span><\/p>\n<audio class=\"wp-audio-shortcode\" id=\"audio-221983-14\" preload=\"none\" style=\"width: 100%;\" controls=\"controls\"><source type=\"audio\/mpeg\" src=\"https:\/\/www.radiopiu.net\/wordpress\/wp-content\/uploads\/2021\/07\/spi-cgil-8-luglio.mp3?_=14\" \/><a href=\"https:\/\/www.radiopiu.net\/wordpress\/wp-content\/uploads\/2021\/07\/spi-cgil-8-luglio.mp3\">https:\/\/www.radiopiu.net\/wordpress\/wp-content\/uploads\/2021\/07\/spi-cgil-8-luglio.mp3<\/a><\/audio>\n<p><span style=\"color: #ff0000;\"><strong>\u00a0<\/strong><\/span><\/p>\n<p>&nbsp;<\/p>\n<hr \/>\n<p>&nbsp;<\/p>\n<div>\n<div class=\"b654a4as d2edcug0\">\n<div class=\"rq0escxv hkbzh7o3 jwdofwj8 n8tt0mok r8blr3vg hyh9befq\">\n<p><a class=\"dt-pswp-item\" href=\"https:\/\/www.radiopiu.net\/wordpress\/wp-content\/uploads\/2020\/10\/pp.jpg\" data-dt-img-description=\"\" data-large_image_width=\"640\" data-large_image_height=\"640\"><img loading=\"lazy\" decoding=\"async\" class=\"wp-image-163678 alignleft\" src=\"https:\/\/www.radiopiu.net\/wordpress\/wp-content\/uploads\/2020\/10\/pp-300x300.jpg\" alt=\"\" width=\"106\" height=\"106\" srcset=\"https:\/\/www.radiopiu.net\/wordpress\/wp-content\/uploads\/2020\/10\/pp-300x300.jpg 300w, https:\/\/www.radiopiu.net\/wordpress\/wp-content\/uploads\/2020\/10\/pp-150x150.jpg 150w, https:\/\/www.radiopiu.net\/wordpress\/wp-content\/uploads\/2020\/10\/pp-125x125.jpg 125w, https:\/\/www.radiopiu.net\/wordpress\/wp-content\/uploads\/2020\/10\/pp-200x200.jpg 200w, https:\/\/www.radiopiu.net\/wordpress\/wp-content\/uploads\/2020\/10\/pp-80x80.jpg 80w, https:\/\/www.radiopiu.net\/wordpress\/wp-content\/uploads\/2020\/10\/pp-480x480.jpg 480w, https:\/\/www.radiopiu.net\/wordpress\/wp-content\/uploads\/2020\/10\/pp.jpg 640w\" sizes=\"auto, (max-width: 106px) 100vw, 106px\" \/><\/a><\/p>\n<\/div>\n<\/div>\n<\/div>\n<div>\n<div class=\"page-title-head hgroup\">\n<div class=\"page-title-head hgroup\">\n<div class=\"b654a4as d2edcug0\">\n<div class=\"j83agx80 btwxx1t3 lhclo0ds hop8lmos nkwizq5d scwd0bx6 roh60bw9\">\n<div class=\"rq0escxv hkbzh7o3 jwdofwj8 n8tt0mok r8blr3vg hyh9befq\">\n<div class=\"do00u71z l9j0dhe7 k4urcfbm\">\n<h2><span style=\"color: #000080;\">DON CESARE, IL PENSIERO DEL GIORNO. ALLA RADIO ALLE 7 DEL MATTINO E ALLE 19.30 DELLA SERA.\u00a0\u00a0<\/span><\/h2>\n<\/div>\n<\/div>\n<\/div>\n<div><\/div>\n<div><\/div>\n<div><\/div>\n<div>\n<audio class=\"wp-audio-shortcode\" id=\"audio-221983-15\" preload=\"none\" style=\"width: 100%;\" controls=\"controls\"><source type=\"audio\/mpeg\" src=\"https:\/\/www.radiopiu.net\/wordpress\/wp-content\/uploads\/2021\/07\/cesare-7.mp3?_=15\" \/><a href=\"https:\/\/www.radiopiu.net\/wordpress\/wp-content\/uploads\/2021\/07\/cesare-7.mp3\">https:\/\/www.radiopiu.net\/wordpress\/wp-content\/uploads\/2021\/07\/cesare-7.mp3<\/a><\/audio>\n<\/div>\n<\/div>\n<\/div>\n<div class=\"page-title-head hgroup\">\n<p>&nbsp;<\/p>\n<hr \/>\n<p class=\"b654a4as d2edcug0\"><span style=\"color: #ff6600;\"> \u00a0<\/span><\/p>\n<h2><span style=\"color: #ff6600;\">GIROVAGANDO ALLA RADIO, PUNTATA 08<\/span><\/h2>\n<h3><a href=\"https:\/\/www.radiopiu.net\/wordpress\/girovagando-alla-radio-puntata-08\/cc427606-4bd0-4e80-9a49-01e74866dea0\/\" rel=\"attachment wp-att-221138\"><img loading=\"lazy\" decoding=\"async\" class=\" wp-image-221138 alignleft\" src=\"https:\/\/www.radiopiu.net\/wordpress\/wp-content\/uploads\/2021\/07\/cc427606-4bd0-4e80-9a49-01e74866dea0-300x225.jpg\" alt=\"\" width=\"123\" height=\"92\" srcset=\"https:\/\/www.radiopiu.net\/wordpress\/wp-content\/uploads\/2021\/07\/cc427606-4bd0-4e80-9a49-01e74866dea0-300x225.jpg 300w, https:\/\/www.radiopiu.net\/wordpress\/wp-content\/uploads\/2021\/07\/cc427606-4bd0-4e80-9a49-01e74866dea0-768x576.jpg 768w, https:\/\/www.radiopiu.net\/wordpress\/wp-content\/uploads\/2021\/07\/cc427606-4bd0-4e80-9a49-01e74866dea0.jpg 960w\" sizes=\"auto, (max-width: 123px) 100vw, 123px\" \/><\/a>Collaborazione Thomas Soppera<\/h3>\n<p>&nbsp;<\/p>\n<p><strong>AUDIO PUNTATA 12 Luglio 2021<\/strong><\/p>\n<audio class=\"wp-audio-shortcode\" id=\"audio-221983-16\" preload=\"none\" style=\"width: 100%;\" controls=\"controls\"><source type=\"audio\/mpeg\" src=\"https:\/\/www.radiopiu.net\/wordpress\/wp-content\/uploads\/2021\/07\/GIROVAGANDO-08.mp3?_=16\" \/><a href=\"https:\/\/www.radiopiu.net\/wordpress\/wp-content\/uploads\/2021\/07\/GIROVAGANDO-08.mp3\">https:\/\/www.radiopiu.net\/wordpress\/wp-content\/uploads\/2021\/07\/GIROVAGANDO-08.mp3<\/a><\/audio>\n<p>&nbsp;<\/p>\n<h2><span style=\"color: #ff0000;\">LA RACCOLTA COMPLETA\u00a0<\/span><\/h2>\n<blockquote class=\"wp-embedded-content\" data-secret=\"iIKe7y0XHa\"><p><a href=\"https:\/\/www.radiopiu.net\/wordpress\/girovagando-in-e-bike-tra-le-dolomiti\/\">GIROVAGANDO IN E BIKE TRA LE DOLOMITI<\/a><\/p><\/blockquote>\n<p><iframe loading=\"lazy\" class=\"wp-embedded-content\" sandbox=\"allow-scripts\" security=\"restricted\" style=\"position: absolute; clip: rect(1px, 1px, 1px, 1px);\" title=\"&#8220;GIROVAGANDO IN E BIKE TRA LE DOLOMITI&#8221; &#8212; Radio Pi\u00f9\" src=\"https:\/\/www.radiopiu.net\/wordpress\/girovagando-in-e-bike-tra-le-dolomiti\/embed\/#?secret=iIKe7y0XHa\" data-secret=\"iIKe7y0XHa\" width=\"600\" height=\"338\" frameborder=\"0\" marginwidth=\"0\" marginheight=\"0\" scrolling=\"no\"><\/iframe><\/p>\n<p>\u200b<\/p>\n<p>&nbsp;<\/p>\n<hr \/>\n<div>\n<div class=\"page-title-head hgroup\">\n<div class=\"page-title-head hgroup\">\n<div class=\"b654a4as d2edcug0\">\n<div>\n<p>&nbsp;<\/p>\n<\/div>\n<div><\/div>\n<h2>COLLAGE&#8230; DI LORIS SCUSSEL dal lunedi al venerdi alle 16 e alle 23 su RADIO PIU<\/h2>\n<div>\n<div>\n<div>\n<div>\n<div>\n<div>\n<div>\n<div>\n<div>\n<div>\n<div>\n<div>\n<div>\n<div>\n<div>\n<div>\n<div>\n<div>\n<div>\n<div>\n<div>\n<p><strong>PUNTATA 390 DEL 16 luglio\u00a0 2021\u00a0<\/strong><\/p>\n<\/div>\n<\/div>\n<\/div>\n<\/div>\n<\/div>\n<\/div>\n<\/div>\n<\/div>\n<\/div>\n<div>\n<div>\n<div>\n<div>\n<div>\n<div>\n<div>\n<div>\n<div>\n<audio class=\"wp-audio-shortcode\" id=\"audio-221983-17\" preload=\"none\" style=\"width: 100%;\" controls=\"controls\"><source type=\"audio\/mpeg\" src=\"https:\/\/www.radiopiu.net\/wordpress\/wp-content\/uploads\/2021\/07\/Collage-390.mp3?_=17\" \/><a href=\"https:\/\/www.radiopiu.net\/wordpress\/wp-content\/uploads\/2021\/07\/Collage-390.mp3\">https:\/\/www.radiopiu.net\/wordpress\/wp-content\/uploads\/2021\/07\/Collage-390.mp3<\/a><\/audio>\n<p><img loading=\"lazy\" decoding=\"async\" class=\"alignleft\" src=\"https:\/\/www.radiopiu.net\/wordpress\/wp-content\/uploads\/2021\/05\/Schermata-2021-05-23-alle-11.50.11.png\" width=\"186\" height=\"131\" \/>Il programma \u00e8 andato in onda da dicembre 2013 fino a luglio 2019, comprese le repliche, in due serie per 350 puntate complessive con 1.890 brani trasmessi. L\u2019obiettivo del programma: riproporre agli ascoltatori pi\u00f9 grandicelli le canzoni che ascoltavano nel passato e nello stesso tempo farle conoscere anche ai pi\u00f9 giovani.<\/p>\n<\/div>\n<\/div>\n<\/div>\n<\/div>\n<\/div>\n<\/div>\n<\/div>\n<\/div>\n<\/div>\n<div>\n<div>\n<div>\n<p>&nbsp;<\/p>\n<\/div>\n<\/div>\n<\/div>\n<p>&nbsp;<\/p>\n<\/div>\n<\/div>\n<\/div>\n<\/div>\n<\/div>\n<\/div>\n<\/div>\n<\/div>\n<\/div>\n<\/div>\n<\/div>\n<div>\n<div>\n<div>\n<p>&nbsp;<\/p>\n<\/div>\n<\/div>\n<\/div>\n<\/div>\n<hr \/>\n<p>&nbsp;<\/p>\n<blockquote class=\"wp-embedded-content\" data-secret=\"ud7PYUDDE4\"><p><a href=\"https:\/\/www.radiopiu.net\/wordpress\/raccolta-completa11\/\">FANTASTICHE DOLOMITI LA RACCOLTA COMPLETA<\/a><\/p><\/blockquote>\n<p><iframe loading=\"lazy\" class=\"wp-embedded-content\" sandbox=\"allow-scripts\" security=\"restricted\" style=\"position: absolute; clip: rect(1px, 1px, 1px, 1px);\" title=\"&#8220;FANTASTICHE DOLOMITI LA RACCOLTA COMPLETA&#8221; &#8212; Radio Pi\u00f9\" src=\"https:\/\/www.radiopiu.net\/wordpress\/raccolta-completa11\/embed\/#?secret=ud7PYUDDE4\" data-secret=\"ud7PYUDDE4\" width=\"600\" height=\"338\" frameborder=\"0\" marginwidth=\"0\" marginheight=\"0\" scrolling=\"no\"><\/iframe><\/p>\n<p>&nbsp;<\/p>\n<p>&nbsp;<\/p>\n<hr \/>\n<div>\n<div class=\"b654a4as d2edcug0\">\n<div class=\"rq0escxv hkbzh7o3 jwdofwj8 n8tt0mok r8blr3vg hyh9befq\">\n<div class=\"b654a4as d2edcug0\">\n<h2><span style=\"color: #008000;\">\u00a0<\/span><\/h2>\n<div class=\"b654a4as d2edcug0\">\n<h2><span style=\"color: #008000;\">ERBE E PIANTE CURATIVE&#8230;IL\u00a0 PROGRAMMA DI PAOLA LANCIATO\u00a0\u00a0<\/span><\/h2>\n<p><strong><a href=\"https:\/\/www.radiopiu.net\/wordpress\/giornale-radiopiu-14-luglio-2021-direttore-mirko-mezzacasa\/lampone-frutto-300x266\/\" rel=\"attachment wp-att-221556\"><img loading=\"lazy\" decoding=\"async\" class=\"wp-image-221556 alignleft\" src=\"https:\/\/www.radiopiu.net\/wordpress\/wp-content\/uploads\/2021\/07\/lampone-frutto-300x266-1.jpg\" alt=\"\" width=\"110\" height=\"97\" \/><\/a><\/strong><\/p>\n<p>&nbsp;<\/p>\n<p><strong>IL LAMPONE<br \/>\n<\/strong><\/p>\n<audio class=\"wp-audio-shortcode\" id=\"audio-221983-18\" preload=\"none\" style=\"width: 100%;\" controls=\"controls\"><source type=\"audio\/mpeg\" src=\"https:\/\/www.radiopiu.net\/wordpress\/wp-content\/uploads\/2021\/07\/ERBE.mp3?_=18\" \/><a href=\"https:\/\/www.radiopiu.net\/wordpress\/wp-content\/uploads\/2021\/07\/ERBE.mp3\">https:\/\/www.radiopiu.net\/wordpress\/wp-content\/uploads\/2021\/07\/ERBE.mp3<\/a><\/audio>\n<blockquote class=\"wp-embedded-content\" data-secret=\"D97N9Z80d9\"><p><a href=\"https:\/\/www.radiopiu.net\/wordpress\/erbavoglio\/\">L&#8217;ERBA VOGLIO DEL GIARDINO DEL RE&#8230; Erbe, fiori e Piante di e con Paola Lanciato<\/a><\/p><\/blockquote>\n<p><iframe loading=\"lazy\" class=\"wp-embedded-content\" sandbox=\"allow-scripts\" security=\"restricted\" style=\"position: absolute; clip: rect(1px, 1px, 1px, 1px);\" title=\"&#8220;L&#8217;ERBA VOGLIO DEL GIARDINO DEL RE&#8230; Erbe, fiori e Piante di e con Paola Lanciato&#8221; &#8212; Radio Pi\u00f9\" src=\"https:\/\/www.radiopiu.net\/wordpress\/erbavoglio\/embed\/#?secret=D97N9Z80d9\" data-secret=\"D97N9Z80d9\" width=\"600\" height=\"338\" frameborder=\"0\" marginwidth=\"0\" marginheight=\"0\" scrolling=\"no\"><\/iframe><\/p>\n<\/div>\n<p>&nbsp;<\/p>\n<\/div>\n<\/div>\n<\/div>\n<\/div>\n<p>&nbsp;<\/p>\n<hr \/>\n<p>&nbsp;<\/p>\n<div>\n<h2><span style=\"color: #ff0000;\"><strong>IN VIVO VERSO 2020-21 ESTATE, RIASCOLTIAMOLI&#8230; DAL CASSETTO DEI RICORDI DI RADIO PIU&#8217;&#8230; LE PRIME\u00a0 SEI STAGIONI\u00a0 \u00a0<\/strong><\/span><\/h2>\n<div class=\"page-title-head hgroup\">\n<div class=\"page-title-head hgroup\">\n<div class=\"page-title-head hgroup\">\n<div class=\"page-title-head hgroup\">\n<div class=\"page-title-head hgroup\">\n<div class=\"page-title-head hgroup\">\n<blockquote>\n<h3>riascoltiamole&#8230; ALICE DI STEFANO CLASSE 4^B PRIMARIA DI AGORDO &#8211; &#8211; &#8211; FIORE DI GHIACCIO<\/h3>\n<p><strong>AUDIO<\/strong><\/p>\n<audio class=\"wp-audio-shortcode\" id=\"audio-221983-19\" preload=\"none\" style=\"width: 100%;\" controls=\"controls\"><source type=\"audio\/mpeg\" src=\"https:\/\/www.radiopiu.net\/wordpress\/wp-content\/uploads\/2021\/07\/bambini6.mp3?_=19\" \/><a href=\"https:\/\/www.radiopiu.net\/wordpress\/wp-content\/uploads\/2021\/07\/bambini6.mp3\">https:\/\/www.radiopiu.net\/wordpress\/wp-content\/uploads\/2021\/07\/bambini6.mp3<\/a><\/audio>\n<p><strong>LA RACCOLTA COMPLETA<\/strong><\/p><\/blockquote>\n<\/div>\n<\/div>\n<\/div>\n<\/div>\n<\/div>\n<\/div>\n<blockquote class=\"wp-embedded-content\" data-secret=\"6GO23cqCGL\"><p><a href=\"https:\/\/www.radiopiu.net\/wordpress\/in-vivo-verso\/\">In Vivo Verso<\/a><\/p><\/blockquote>\n<p><iframe loading=\"lazy\" class=\"wp-embedded-content\" sandbox=\"allow-scripts\" security=\"restricted\" style=\"position: absolute; clip: rect(1px, 1px, 1px, 1px);\" title=\"&#8220;In Vivo Verso&#8221; &#8212; Radio Pi\u00f9\" src=\"https:\/\/www.radiopiu.net\/wordpress\/in-vivo-verso\/embed\/#?secret=6GO23cqCGL\" data-secret=\"6GO23cqCGL\" width=\"600\" height=\"338\" frameborder=\"0\" marginwidth=\"0\" marginheight=\"0\" scrolling=\"no\"><\/iframe><\/p>\n<p>&nbsp;<\/p>\n<hr \/>\n<\/div>\n<blockquote>\n<blockquote>\n<h2><\/h2>\n<\/blockquote>\n<\/blockquote>\n<div>\n<div class=\"b654a4as d2edcug0\">\n<div class=\"rq0escxv hkbzh7o3 jwdofwj8 n8tt0mok r8blr3vg hyh9befq\">\n<blockquote>\n<h2><span style=\"color: #ff0000;\"><em>ZAINO ALLA RADIO&#8230;ESTATE DI PAOLA LANCIATO TUTTI I GIORNI dal lunedi al venerdi ALLE 14 E 23.30\u00a0 <\/em><\/span><\/h2>\n<h2><span style=\"color: #000000;\"><em>VAL D&#8217;ORCIA&#8230; IN VIAGGIO CON PAOLA LANCIATO zaino da viaggio al femminile\u00a0<\/em><\/span><\/h2>\n<\/blockquote>\n<div class=\"b654a4as d2edcug0\">\n<blockquote><p><strong>AUDIO<\/strong><\/p>\n<audio class=\"wp-audio-shortcode\" id=\"audio-221983-20\" preload=\"none\" style=\"width: 100%;\" controls=\"controls\"><source type=\"audio\/mpeg\" src=\"https:\/\/www.radiopiu.net\/wordpress\/wp-content\/uploads\/2021\/07\/50-La-Val-dOrcia-M.mp3?_=20\" \/><a href=\"https:\/\/www.radiopiu.net\/wordpress\/wp-content\/uploads\/2021\/07\/50-La-Val-dOrcia-M.mp3\">https:\/\/www.radiopiu.net\/wordpress\/wp-content\/uploads\/2021\/07\/50-La-Val-dOrcia-M.mp3<\/a><\/audio>\n<p><img loading=\"lazy\" decoding=\"async\" class=\"\" src=\"https:\/\/www.radiopiu.net\/wordpress\/wp-content\/uploads\/2021\/07\/50ORCIA.jpg\" width=\"296\" height=\"169\" \/><\/p><\/blockquote>\n<p><strong>LA RACCOLTA COMPLETA<\/strong><\/p>\n<\/div>\n<blockquote class=\"wp-embedded-content\" data-secret=\"vhLXZiyzud\"><p><a href=\"https:\/\/www.radiopiu.net\/wordpress\/zaino-femminile-lanciato\/\">Zaino da viaggio al femminile<\/a><\/p><\/blockquote>\n<p><iframe loading=\"lazy\" class=\"wp-embedded-content\" sandbox=\"allow-scripts\" security=\"restricted\" style=\"position: absolute; clip: rect(1px, 1px, 1px, 1px);\" title=\"&#8220;Zaino da viaggio al femminile&#8221; &#8212; Radio Pi\u00f9\" src=\"https:\/\/www.radiopiu.net\/wordpress\/zaino-femminile-lanciato\/embed\/#?secret=vhLXZiyzud\" data-secret=\"vhLXZiyzud\" width=\"600\" height=\"338\" frameborder=\"0\" marginwidth=\"0\" marginheight=\"0\" scrolling=\"no\"><\/iframe><\/p>\n<p>&nbsp;<\/p>\n<\/div>\n<\/div>\n<\/div>\n<hr \/>\n<p>&nbsp;<\/p>\n<div>\n<h2><span style=\"color: #800080;\"><strong>LA RASSEGNA STAMPA DA L&#8217;AMICO DEL POPOLO\u00a0<\/strong><\/span><\/h2>\n<h3 class=\"kvgmc6g5 cxmmr5t8 oygrvhab hcukyx3x c1et5uql\"><span style=\"color: #0000ff;\"> INFORMAZIONE il canale su TELEGRAM informazione di prima mano e in tempo reale. iscriviti ed aiutaci a farlo conoscere\u00a0\u00a0<\/span><\/h3>\n<blockquote class=\"wp-embedded-content\" data-secret=\"UVYUi8WkSR\"><p><a href=\"https:\/\/www.radiopiu.net\/wordpress\/rassegna-stampa-di-gianni-santomaso\/\">Rassegna stampa da l&#8217;amico del popolo &#8211; di Gianni Santomaso<\/a><\/p><\/blockquote>\n<p><iframe loading=\"lazy\" class=\"wp-embedded-content\" sandbox=\"allow-scripts\" security=\"restricted\" style=\"position: absolute; clip: rect(1px, 1px, 1px, 1px);\" title=\"&#8220;Rassegna stampa da l&#8217;amico del popolo &#8211; di Gianni Santomaso&#8221; &#8212; Radio Pi\u00f9\" src=\"https:\/\/www.radiopiu.net\/wordpress\/rassegna-stampa-di-gianni-santomaso\/embed\/#?secret=UVYUi8WkSR\" data-secret=\"UVYUi8WkSR\" width=\"600\" height=\"338\" frameborder=\"0\" marginwidth=\"0\" marginheight=\"0\" scrolling=\"no\"><\/iframe><\/p>\n<p>&nbsp;<\/p>\n<hr \/>\n<p>&nbsp;<\/p>\n<h2><span style=\"color: #3366ff;\">SALUTE E SOCIETA&#8217;<\/span><\/h2>\n<p><strong>LA PUNTATA DELLA SETTIMANA del 12 LUGLIO<\/strong><\/p>\n<\/div>\n<div dir=\"auto\">\n<audio class=\"wp-audio-shortcode\" id=\"audio-221983-21\" preload=\"none\" style=\"width: 100%;\" controls=\"controls\"><source type=\"audio\/mpeg\" src=\"https:\/\/www.radiopiu.net\/wordpress\/wp-content\/uploads\/2021\/07\/SALUTE-1.mp3?_=21\" \/><a href=\"https:\/\/www.radiopiu.net\/wordpress\/wp-content\/uploads\/2021\/07\/SALUTE-1.mp3\">https:\/\/www.radiopiu.net\/wordpress\/wp-content\/uploads\/2021\/07\/SALUTE-1.mp3<\/a><\/audio>\n<p><strong>LA RACCOLTA COMPLETA<\/strong><\/p>\n<blockquote class=\"wp-embedded-content\" data-secret=\"LIrgUY0sZ8\"><p><a href=\"https:\/\/www.radiopiu.net\/wordpress\/saluteesocieta\/\">Salute e Societ\u00e0<\/a><\/p><\/blockquote>\n<p><iframe loading=\"lazy\" class=\"wp-embedded-content\" sandbox=\"allow-scripts\" security=\"restricted\" style=\"position: absolute; clip: rect(1px, 1px, 1px, 1px);\" title=\"&#8220;Salute e Societ\u00e0&#8221; &#8212; Radio Pi\u00f9\" src=\"https:\/\/www.radiopiu.net\/wordpress\/saluteesocieta\/embed\/#?secret=LIrgUY0sZ8\" data-secret=\"LIrgUY0sZ8\" width=\"600\" height=\"338\" frameborder=\"0\" marginwidth=\"0\" marginheight=\"0\" scrolling=\"no\"><\/iframe><\/p>\n<\/div>\n<div dir=\"auto\">\n<h1><\/h1>\n<\/div>\n<div>\n<div class=\"page-title-head hgroup\">\n<div class=\"page-title-head hgroup\">\n<div class=\"page-title-head hgroup\">\n<div>\n<div class=\"b654a4as d2edcug0\">\n<div class=\"rq0escxv hkbzh7o3 jwdofwj8 n8tt0mok r8blr3vg hyh9befq\">\n<hr \/>\n<\/div>\n<\/div>\n<\/div>\n<div>\n<div class=\"page-title-head hgroup\">\n<div class=\"page-title-head hgroup\">\n<div>\n<div class=\"b654a4as d2edcug0\">\n<p>&nbsp;<\/p>\n<blockquote>\n<h3><img loading=\"lazy\" decoding=\"async\" class=\"alignleft\" src=\"https:\/\/www.radiopiu.net\/wordpress\/wp-content\/uploads\/2021\/06\/fresh-flower-leaves-saffron-white-background-place-your-text-use-saffron-spice-cooking-cosmetology_347372-394.jpeg\" width=\"141\" height=\"94\" \/>L&#8217;ALMANACCO LADINO CON L&#8217;ISTITUT CESA DE JAN QUINDICINALE APPUNTAMENTO. LA DOMENICA ALLE 9 IL LUNEDI ALLE 8.35 IL MARTEDI ALLE 12.35 IL MERCOLEDI ALLE 18.35. SECONDA STAGIONE.<\/h3>\n<p>&nbsp;<\/p><\/blockquote>\n<p><strong>RACCOLTA COMPLETA\u00a0<\/strong><\/p>\n<blockquote class=\"wp-embedded-content\" data-secret=\"RCadjipCqI\"><p><a href=\"https:\/\/www.radiopiu.net\/wordpress\/almanacco-ladino\/\">Almanacco Ladino<\/a><\/p><\/blockquote>\n<p><iframe loading=\"lazy\" class=\"wp-embedded-content\" sandbox=\"allow-scripts\" security=\"restricted\" style=\"position: absolute; clip: rect(1px, 1px, 1px, 1px);\" title=\"&#8220;Almanacco Ladino&#8221; &#8212; Radio Pi\u00f9\" src=\"https:\/\/www.radiopiu.net\/wordpress\/almanacco-ladino\/embed\/#?secret=RCadjipCqI\" data-secret=\"RCadjipCqI\" width=\"600\" height=\"338\" frameborder=\"0\" marginwidth=\"0\" marginheight=\"0\" scrolling=\"no\"><\/iframe><\/p>\n<div dir=\"auto\"><\/div>\n<\/div>\n<div>\n<p>&nbsp;<\/p>\n<hr \/>\n<h2><span style=\"color: #808000;\">DUE MINUTI UN LIBRO\u00a0 TUTTI I GIORNI ALLA RADIO ALLE 9.30 E ALLE 18. QUINTA STAGIONE\u00a0\u00a0<\/span><\/h2>\n<blockquote class=\"wp-embedded-content\" data-secret=\"WjliXmQ7nF\"><p><a href=\"https:\/\/www.radiopiu.net\/wordpress\/leo-luomo-senza-tempo\/\">LEO, L&#8217;UOMO SENZA TEMPO<\/a><\/p><\/blockquote>\n<p><iframe loading=\"lazy\" class=\"wp-embedded-content\" sandbox=\"allow-scripts\" security=\"restricted\" style=\"position: absolute; clip: rect(1px, 1px, 1px, 1px);\" title=\"&#8220;LEO, L&#8217;UOMO SENZA TEMPO&#8221; &#8212; Radio Pi\u00f9\" src=\"https:\/\/www.radiopiu.net\/wordpress\/leo-luomo-senza-tempo\/embed\/#?secret=WjliXmQ7nF\" data-secret=\"WjliXmQ7nF\" width=\"600\" height=\"338\" frameborder=\"0\" marginwidth=\"0\" marginheight=\"0\" scrolling=\"no\"><\/iframe><\/p>\n<\/div>\n<div>\n<p><strong>LA RACCOLTA COMPLETA\u00a0\u00a0<\/strong><\/p>\n<blockquote class=\"wp-embedded-content\" data-secret=\"0FaAmwEaZU\"><p><a href=\"https:\/\/www.radiopiu.net\/wordpress\/due-minuti-un-libro\/\">Due minuti un libro<\/a><\/p><\/blockquote>\n<p><iframe loading=\"lazy\" class=\"wp-embedded-content\" sandbox=\"allow-scripts\" security=\"restricted\" style=\"position: absolute; clip: rect(1px, 1px, 1px, 1px);\" title=\"&#8220;Due minuti un libro&#8221; &#8212; Radio Pi\u00f9\" src=\"https:\/\/www.radiopiu.net\/wordpress\/due-minuti-un-libro\/embed\/#?secret=0FaAmwEaZU\" data-secret=\"0FaAmwEaZU\" width=\"600\" height=\"338\" frameborder=\"0\" marginwidth=\"0\" marginheight=\"0\" scrolling=\"no\"><\/iframe><\/p>\n<p>&nbsp;<\/p>\n<hr \/>\n<p>\u200b<\/p>\n<div>\n<h2><span style=\"color: #33cccc;\">I RACCONTI DI PAOLO SOPPELSA il lunedi alle 9.30 e 18.30<\/span><\/h2>\n<blockquote class=\"wp-embedded-content\" data-secret=\"wlDGvLJy67\"><p><a href=\"https:\/\/www.radiopiu.net\/wordpress\/i-racconti-di-paolo-soppelsa\/\">I racconti di Paolo Soppelsa<\/a><\/p><\/blockquote>\n<p><iframe loading=\"lazy\" class=\"wp-embedded-content\" sandbox=\"allow-scripts\" security=\"restricted\" style=\"position: absolute; clip: rect(1px, 1px, 1px, 1px);\" title=\"&#8220;I racconti di Paolo Soppelsa&#8221; &#8212; Radio Pi\u00f9\" src=\"https:\/\/www.radiopiu.net\/wordpress\/i-racconti-di-paolo-soppelsa\/embed\/#?secret=wlDGvLJy67\" data-secret=\"wlDGvLJy67\" width=\"600\" height=\"338\" frameborder=\"0\" marginwidth=\"0\" marginheight=\"0\" scrolling=\"no\"><\/iframe><\/p>\n<p>&nbsp;<\/p>\n<\/div>\n<\/div>\n<hr \/>\n<p>&nbsp;<\/p>\n<h2><strong><span style=\"color: #ff0000;\">ALLA RADIO<\/span><\/strong><\/h2>\n<div data-offset-key=\"5n5nl-0-0\">\n<h3>Per ricevere gli aggiornamenti in tempo reale delle notizie pubblicate alla radio e sul sito di radio pi\u00f9 iscriviti al gruppo RADIO PIU INFORMAZIONE su Telegram.\u00a0\u00a0<a href=\"https:\/\/t.me\/radiopiu\">clicca qui<\/a><\/h3>\n<p>&nbsp;<\/p>\n<\/div>\n<blockquote><p><strong><a href=\"https:\/\/www.radiopiu.net\/wordpress\/cassa-solidarieta-luxottica-puntata-del-19-giugno-2020\/cslxo-2\/\" rel=\"attachment wp-att-145244\"><img loading=\"lazy\" decoding=\"async\" class=\"size-medium wp-image-145244 alignleft\" src=\"https:\/\/www.radiopiu.net\/wordpress\/wp-content\/uploads\/2020\/06\/cassa-solidarieta-luxottica-300x148.jpg\" alt=\"\" width=\"300\" height=\"148\" srcset=\"https:\/\/www.radiopiu.net\/wordpress\/wp-content\/uploads\/2020\/06\/cassa-solidarieta-luxottica-300x148.jpg 300w, https:\/\/www.radiopiu.net\/wordpress\/wp-content\/uploads\/2020\/06\/cassa-solidarieta-luxottica-1024x504.jpg 1024w, https:\/\/www.radiopiu.net\/wordpress\/wp-content\/uploads\/2020\/06\/cassa-solidarieta-luxottica-768x378.jpg 768w, https:\/\/www.radiopiu.net\/wordpress\/wp-content\/uploads\/2020\/06\/cassa-solidarieta-luxottica.jpg 1167w\" sizes=\"auto, (max-width: 300px) 100vw, 300px\" \/><\/a>di Claudio Fontanive<\/strong><\/p>\n<p>OSPITI: Paolo Chissal\u00e8 e Fabrizio Campedel<\/p>\n<p>&nbsp;<\/p>\n<p>&nbsp;<\/p><\/blockquote>\n<h2><\/h2>\n<p><strong>LA PUNTATA DEL 16 LUGLIO 2021\u00a0<\/strong><\/p>\n<audio class=\"wp-audio-shortcode\" id=\"audio-221983-22\" preload=\"none\" style=\"width: 100%;\" controls=\"controls\"><source type=\"audio\/mpeg\" src=\"https:\/\/www.radiopiu.net\/wordpress\/wp-content\/uploads\/2021\/07\/ca-sol-lux-luglio-2021.mp3?_=22\" \/><a href=\"https:\/\/www.radiopiu.net\/wordpress\/wp-content\/uploads\/2021\/07\/ca-sol-lux-luglio-2021.mp3\">https:\/\/www.radiopiu.net\/wordpress\/wp-content\/uploads\/2021\/07\/ca-sol-lux-luglio-2021.mp3<\/a><\/audio>\n<blockquote class=\"wp-embedded-content\" data-secret=\"vATW7Cc71d\"><p><a href=\"https:\/\/www.radiopiu.net\/wordpress\/cassa-solidarieta-luxottica-puntata-del-16-ottobre-2020\/\">CASSA SOLIDARIET\u00c0 LUXOTTICA &#8211; TUTTE LE PUNTATE<\/a><\/p><\/blockquote>\n<p><iframe loading=\"lazy\" class=\"wp-embedded-content\" sandbox=\"allow-scripts\" security=\"restricted\" style=\"position: absolute; clip: rect(1px, 1px, 1px, 1px);\" title=\"&#8220;CASSA SOLIDARIET\u00c0 LUXOTTICA &#8211; TUTTE LE PUNTATE&#8221; &#8212; Radio Pi\u00f9\" src=\"https:\/\/www.radiopiu.net\/wordpress\/cassa-solidarieta-luxottica-puntata-del-16-ottobre-2020\/embed\/#?secret=vATW7Cc71d\" data-secret=\"vATW7Cc71d\" width=\"600\" height=\"338\" frameborder=\"0\" marginwidth=\"0\" marginheight=\"0\" scrolling=\"no\"><\/iframe><\/p>\n<div>\n<p>&nbsp;<\/p>\n<\/div>\n<\/div>\n<div class=\"page-title-head hgroup\">\n<div>\n<div class=\"b654a4as d2edcug0\">\n<hr \/>\n<\/div>\n<\/div>\n<p>&nbsp;<\/p>\n<p><a href=\"https:\/\/www.radiopiu.net\/wordpress\/giornale-radiopiu-26-settembre-2018-direttore-mirko-mezzacasa\/viabilita-2\/\" rel=\"attachment wp-att-61954\"><img loading=\"lazy\" decoding=\"async\" class=\"wp-image-61954 size-full aligncenter\" src=\"https:\/\/www.radiopiu.net\/wordpress\/wp-content\/uploads\/2018\/09\/viabilita.jpeg\" alt=\"\" width=\"800\" height=\"100\" srcset=\"https:\/\/www.radiopiu.net\/wordpress\/wp-content\/uploads\/2018\/09\/viabilita.jpeg 800w, https:\/\/www.radiopiu.net\/wordpress\/wp-content\/uploads\/2018\/09\/viabilita-300x38.jpeg 300w, https:\/\/www.radiopiu.net\/wordpress\/wp-content\/uploads\/2018\/09\/viabilita-768x96.jpeg 768w\" sizes=\"auto, (max-width: 800px) 100vw, 800px\" \/><\/a><\/p>\n<blockquote><p><a href=\"https:\/\/www.radiopiu.net\/wordpress\/giornale-radiopiu-09-agosto-2018-direttore-mirko-mezzacasa\/viabilia\/\" rel=\"attachment wp-att-57053\"><img loading=\"lazy\" decoding=\"async\" class=\" wp-image-57053 alignleft\" src=\"https:\/\/www.radiopiu.net\/wordpress\/wp-content\/uploads\/2018\/08\/VIABILIA-300x180.jpeg\" alt=\"\" width=\"220\" height=\"132\" srcset=\"https:\/\/www.radiopiu.net\/wordpress\/wp-content\/uploads\/2018\/08\/VIABILIA-300x180.jpeg 300w, https:\/\/www.radiopiu.net\/wordpress\/wp-content\/uploads\/2018\/08\/VIABILIA-768x461.jpeg 768w, https:\/\/www.radiopiu.net\/wordpress\/wp-content\/uploads\/2018\/08\/VIABILIA-1024x614.jpeg 1024w, https:\/\/www.radiopiu.net\/wordpress\/wp-content\/uploads\/2018\/08\/VIABILIA.jpeg 1280w\" sizes=\"auto, (max-width: 220px) 100vw, 220px\" \/><\/a><\/p><\/blockquote>\n<\/div>\n<\/div>\n<\/div>\n<\/div>\n<\/div>\n<\/div>\n<\/div>\n<\/div>\n<div>\n<div>\n<div class=\"page-title-head hgroup\">\n<div class=\"page-title-head hgroup\">\n<div class=\"page-title-head hgroup\">\n<div class=\"page-title-head hgroup\">\n<div class=\"page-title-head hgroup\">\n<div class=\"page-title-head hgroup\">\n<blockquote><p>La viabilit\u00e0 con gli ultimi aggiornamenti<\/p><\/blockquote>\n<\/div>\n<\/div>\n<\/div>\n<\/div>\n<\/div>\n<\/div>\n<\/div>\n<div><\/div>\n<div><\/div>\n<div>\n<div>\n<div class=\"page-title-head hgroup\">\n<audio class=\"wp-audio-shortcode\" id=\"audio-221983-23\" preload=\"none\" style=\"width: 100%;\" controls=\"controls\"><source type=\"audio\/mpeg\" src=\"https:\/\/www.radiopiu.net\/wordpress\/wp-content\/uploads\/2021\/07\/VIABILITA-6.mp3?_=23\" \/><a href=\"https:\/\/www.radiopiu.net\/wordpress\/wp-content\/uploads\/2021\/07\/VIABILITA-6.mp3\">https:\/\/www.radiopiu.net\/wordpress\/wp-content\/uploads\/2021\/07\/VIABILITA-6.mp3<\/a><\/audio>\n<p>&nbsp;<\/p>\n<hr \/>\n<p>&nbsp;<\/p>\n<\/div>\n<\/div>\n<\/div>\n<\/div>\n<\/div>\n<\/div>\n<\/div>\n<\/div>\n<\/div>\n<\/div>\n<\/div>\n<\/div>\n<\/div>\n<\/div>\n<\/div>\n<\/div>\n<\/div>\n<div>\n<div class=\"page-title-head hgroup\">\n<div class=\"page-title-head hgroup\">\n<div>\n<div class=\"page-title-head hgroup\">\n<div class=\"page-title-head hgroup\">\n<div class=\"b654a4as d2edcug0\">\n<div>\n<div>\n<div>\n<div class=\"page-title-head hgroup\">\n<p>&nbsp;<\/p>\n<\/div>\n<\/div>\n<\/div>\n<\/div>\n<div>\n<div class=\"page-title-head hgroup\" style=\"text-align: left;\">\n<div class=\"page-title-head hgroup\">\n<div dir=\"auto\">\n<p><a class=\"dt-pswp-item pspw-wrap-ready\" href=\"https:\/\/i0.wp.com\/www.radiopiu.net\/wordpress\/wp-content\/uploads\/2018\/09\/WhatsApp-Image-2018-09-20-at-16.04.06.jpeg?ssl=1\" data-dt-img-description=\"\" data-large_image_width=\"800\" data-large_image_height=\"100\"><img loading=\"lazy\" decoding=\"async\" class=\"aligncenter wp-image-61378 size-full jetpack-lazy-image jetpack-lazy-image--handled\" src=\"https:\/\/i0.wp.com\/www.radiopiu.net\/wordpress\/wp-content\/uploads\/2018\/09\/WhatsApp-Image-2018-09-20-at-16.04.06.jpeg?resize=800%2C100&amp;ssl=1\" sizes=\"auto, (max-width: 800px) 100vw, 800px\" srcset=\"https:\/\/i0.wp.com\/www.radiopiu.net\/wordpress\/wp-content\/uploads\/2018\/09\/WhatsApp-Image-2018-09-20-at-16.04.06.jpeg?w=800&amp;ssl=1 800w, https:\/\/i0.wp.com\/www.radiopiu.net\/wordpress\/wp-content\/uploads\/2018\/09\/WhatsApp-Image-2018-09-20-at-16.04.06.jpeg?resize=300%2C38&amp;ssl=1 300w, https:\/\/i0.wp.com\/www.radiopiu.net\/wordpress\/wp-content\/uploads\/2018\/09\/WhatsApp-Image-2018-09-20-at-16.04.06.jpeg?resize=768%2C96&amp;ssl=1 768w\" alt=\"\" width=\"800\" height=\"100\" data-lazy-loaded=\"1\" \/><\/a><\/p>\n<div style=\"text-align: left;\"><\/div>\n<\/div>\n<\/div>\n<\/div>\n<\/div>\n<\/div>\n<\/div>\n<\/div>\n<\/div>\n<div>\n<div>\n<div>\n<div><center><b>Sabato 17<\/b><\/center><b>Tempo atteso: <\/b>Nella prima parte della giornata, irregolarmente nuvoloso con qualche parziale schiarita; in seguito, aumento della nuvolosit\u00e0 per attivit\u00e0 cumuliforme associata a precipitazioni.<br \/>\n<b>Precipitazioni: <\/b>Al mattino generalmente assenti (0%), eccetto qualche locale piovasco (10\/20%); al pomeriggio aumento della probabilit\u00e0 fino a medio-bassa (25-50%) per fenomeni inizialmente locali, poi sparsi, anche a carattere di rovescio o temporale, che potrebbero insistere anche nella notte, specie sulle zone dolomitiche.<br \/>\n<b>Temperature: <\/b>In generale Lieve aumento a tutte le quote. Su Prealpi a 1500 m min 14\u00b0C, max 20\u00b0C, a 2000 m min 10\u00b0C, max 16\u00b0C, su Dolomiti a 2000 m min 8\u00b0C, max 16\u00b0C, a 3000 m min 1\u00b0C, max 7\u00b0C.<br \/>\n<b>Venti: <\/b>Nelle valli perlopi\u00f9 moderati con rinforzi da Foehn; in quota moderati\/tesi da nord nord-est, a 20-35 km\/h a 2000 m e 35-45 km\/h a 3000 m.<\/p>\n<hr \/>\n<p><center><b>Domenica 18<\/b><\/center><b>Tempo atteso: <\/b>Al mattino presenza di tratti soleggiati e presenza di una modesta nuvolosit\u00e0 medio- bassa, speciie nelle prime ore, anche se non mancheranno annuvolamenti irregolari sia per nuvolosit\u00e0 medio-alta che per addensamenti cumuliformi soprattutto dopo l&#8217;alba, i quali potrebbero dare luogo a qualche sporadico rovescio o temporale di calore tra le ore centrali e la prima parte del pomeriggio.<br \/>\n<b>Precipitazioni: <\/b>Al mattino generalmente assenti (0%), eccetto qualche locale piovasco (10\/20%); al pomeriggio aumento della probabilit\u00e0 specie sulle Prealpi fino a medio-bassa (25-50%) per fenomeni locali a tratti sparsi anche a carattere di rovescio o temporale.<br \/>\n<b>Temperature: <\/b>Temperature in ulteriore lieve aumento a tutte le quote su valori prossimi alle medie del periodo. Su Prealpi a 1500 m min 15\u00b0C, max 20\u00b0C, a 2000 m min 11\u00b0C, max 16\u00b0C, su Dolomiti a 2000 m min 9\u00b0C, max 16\u00b0C, a 3000 m min 4\u00b0C, max 8\u00b0C.<br \/>\n<b>Venti: <\/b>Nelle valli a regime di brezza con residui episodi di Foehn al mattino, in quota moderati\/tesi da nord-est a 20-30 km\/h a 2000 m e 35-45 km\/h a 3000 m.<\/p>\n<hr \/>\n<p><center><b>Lunedi 19<\/b><\/center>Eccetto eventuali residui annuvolamenti al primo mattino, il tempo sar\u00e0 in prevalenza soleggiato con modesta attivit\u00e0 cumuliforme durante le ore pi\u00f9 calde. Le correnti settentrionali favoriranno l&#8217;ingresso di aria secca di origine continentale. Pertanto la visibilit\u00e0 sar\u00e0 buona o ottima e la probabilit\u00e0 di precipitazioni sar\u00e0 perlopi\u00f9 assente. Temperature minime in diminuzione e massime pressoch\u00e9 stazionarie o in lieve aumento, di stampo estivo. Venti a regime di brezza nelle valli e venti deboli dai quadranti settentrionali in quota.<\/p>\n<hr \/>\n<p><center><b>Martedi 20<\/b><\/center>Ancora una giornata soleggiata e stabile con modesta attivit\u00e0 cumuliforme diurna. Temperature minime senza notevoli variazioni, massime in leggero o contenuto calo specie in quota. Clima tipicamente estivo con temperature prossime alle medie stagionali. Venti in quota moderati settentrionali. Previsore: M.Padoan<\/p>\n<hr \/>\n<\/div>\n<p>&nbsp;<\/p>\n<\/div>\n<\/div>\n<\/div>\n<\/div>\n<\/div>\n<\/div>\n<\/div>\n<\/div>\n<\/div>\n<p>&nbsp;<\/p>\n<hr \/>\n<p>&nbsp;<\/p>\n<p><img loading=\"lazy\" decoding=\"async\" class=\"aligncenter wp-image-60761 size-full\" src=\"https:\/\/www.radiopiu.net\/wordpress\/wp-content\/uploads\/2018\/09\/sport.jpg\" alt=\"\" width=\"800\" height=\"100\" srcset=\"https:\/\/www.radiopiu.net\/wordpress\/wp-content\/uploads\/2018\/09\/sport.jpg 800w, https:\/\/www.radiopiu.net\/wordpress\/wp-content\/uploads\/2018\/09\/sport-300x38.jpg 300w, https:\/\/www.radiopiu.net\/wordpress\/wp-content\/uploads\/2018\/09\/sport-768x96.jpg 768w\" sizes=\"auto, (max-width: 800px) 100vw, 800px\" \/><\/p>\n<p>&nbsp;<\/p>\n<blockquote>\n<h3>STEFANO MOSCA ALLA DOLOMITI BELLUNESI. &#8220;UNA NUOVA AVVENTURA DALLE ASPETTATIVE ALTE. NUOVI GIOCATORI MA A LIVELLO SPORTIVO PERDO UN AMICO&#8221;<\/h3>\n<\/blockquote>\n<p><strong><a href=\"https:\/\/www.radiopiu.net\/wordpress\/stefano-mosca-continua-con-il-belluno\/stefano-mosca-belluno\/\" rel=\"attachment wp-att-144532\"><img loading=\"lazy\" decoding=\"async\" class=\"size-medium wp-image-144532 alignleft\" src=\"https:\/\/www.radiopiu.net\/wordpress\/wp-content\/uploads\/2020\/06\/Stefano-Mosca-BELLUNO-200x300.jpg\" alt=\"\" width=\"200\" height=\"300\" srcset=\"https:\/\/www.radiopiu.net\/wordpress\/wp-content\/uploads\/2020\/06\/Stefano-Mosca-BELLUNO-200x300.jpg 200w, https:\/\/www.radiopiu.net\/wordpress\/wp-content\/uploads\/2020\/06\/Stefano-Mosca-BELLUNO.jpg 266w\" sizes=\"auto, (max-width: 200px) 100vw, 200px\" \/><\/a>BELLUNO<\/strong> Stefano Mosca, il terzino sinistro di Agordo, ha deciso di rimanere in provincia e far\u00e0 parte della rosa della nuova squadra Dolomiti Bellunesi nata dalla fusione delle 3 societ\u00e0 di Serie D della provincia di Belluno. Una stagione che sar\u00e0 in salita fin da subito con aspettative alte e nuovi compagni di squadra con cui fare spogliatoio. Sar\u00e0 un anno particolare per Stefano che dopo 11 anni saluta l&#8217;amico Yari Masoch che ha firmato con il Treviso nei giorni scorsi.<\/p>\n<p><strong>AI MICROFONI DI RADIO PIU&#8217; STEFANO MOSCA<\/strong><\/p>\n<audio class=\"wp-audio-shortcode\" id=\"audio-221983-24\" preload=\"none\" style=\"width: 100%;\" controls=\"controls\"><source type=\"audio\/mpeg\" src=\"https:\/\/www.radiopiu.net\/wordpress\/wp-content\/uploads\/2021\/07\/STEFANO-MOSCA.mp3?_=24\" \/><a href=\"https:\/\/www.radiopiu.net\/wordpress\/wp-content\/uploads\/2021\/07\/STEFANO-MOSCA.mp3\">https:\/\/www.radiopiu.net\/wordpress\/wp-content\/uploads\/2021\/07\/STEFANO-MOSCA.mp3<\/a><\/audio>\n<p>&nbsp;<\/p>\n<p>&nbsp;<\/p>\n<h2>IERI ALLA RADIO<\/h2>\n<p><strong>YARI MASOCH FIRMA CON IL TREVISO. &#8220;SARA&#8217; UNA BELLA SFIDA CON MOLTE INSIDIE. MI METTO IN GIOCO&#8221;\u00a0<\/strong><\/p>\n<p><strong><a href=\"https:\/\/www.radiopiu.net\/wordpress\/yari-masoch-firma-con-il-treviso-sara-una-bella-sfida-con-molte-insidie-mi-metto-in-gioco\/yari-masoch-treviso\/\" rel=\"attachment wp-att-221914\"><img loading=\"lazy\" decoding=\"async\" class=\"size-medium wp-image-221914 alignleft\" src=\"https:\/\/www.radiopiu.net\/wordpress\/wp-content\/uploads\/2021\/07\/YARI-MASOCH-TREVISO-300x267.png\" alt=\"\" width=\"300\" height=\"267\" srcset=\"https:\/\/www.radiopiu.net\/wordpress\/wp-content\/uploads\/2021\/07\/YARI-MASOCH-TREVISO-300x267.png 300w, https:\/\/www.radiopiu.net\/wordpress\/wp-content\/uploads\/2021\/07\/YARI-MASOCH-TREVISO-1024x912.png 1024w, https:\/\/www.radiopiu.net\/wordpress\/wp-content\/uploads\/2021\/07\/YARI-MASOCH-TREVISO-768x684.png 768w, https:\/\/www.radiopiu.net\/wordpress\/wp-content\/uploads\/2021\/07\/YARI-MASOCH-TREVISO.png 1168w\" sizes=\"auto, (max-width: 300px) 100vw, 300px\" \/><\/a>REDAZIONE<\/strong> Yari Masoch sbarca in terra trevigiana. Il giocatore originario di Gosaldo, dopo 11 anni passati al Belluno, ha deciso di cambiare casacca ed approdare al Treviso. Una nuova avventura con una squadra blasonata che nei prossimi anni punta a dei salti di categoria. Yari ricomincer\u00e0 dall&#8217;Eccellenza, una categoria senza dubbio all&#8217;altezza di Masoch.<\/p>\n<p><strong>AI MICROFONI DI RADIO PIU&#8217; YARI MASOCH<\/strong><\/p>\n<audio class=\"wp-audio-shortcode\" id=\"audio-221983-25\" preload=\"none\" style=\"width: 100%;\" controls=\"controls\"><source type=\"audio\/mpeg\" src=\"https:\/\/www.radiopiu.net\/wordpress\/wp-content\/uploads\/2021\/07\/YARI-MASOCH.mp3?_=25\" \/><a href=\"https:\/\/www.radiopiu.net\/wordpress\/wp-content\/uploads\/2021\/07\/YARI-MASOCH.mp3\">https:\/\/www.radiopiu.net\/wordpress\/wp-content\/uploads\/2021\/07\/YARI-MASOCH.mp3<\/a><\/audio>\n<p>&nbsp;<\/p>\n<p>&nbsp;<\/p>\n<p>&nbsp;<\/p>\n<p>&nbsp;<\/p>\n<p>&nbsp;<\/p>\n<hr \/>\n<p>&nbsp;<\/p>\n<blockquote>\n<h3>LA VERTICAL KM COL DI LANA 2021. TRA UNA SETTIMANA LA SFIDA<\/h3>\n<\/blockquote>\n<p><strong><a href=\"https:\/\/www.radiopiu.net\/wordpress\/la-vertical-km-col-di-lana-2021-tra-una-settimana-la-sfida\/arrivo-vertical-col-di-lana_fodom-2\/\" rel=\"attachment wp-att-222119\"><img loading=\"lazy\" decoding=\"async\" class=\"size-medium wp-image-222119 alignleft\" src=\"https:\/\/www.radiopiu.net\/wordpress\/wp-content\/uploads\/2021\/07\/ARRIVO-vertical-Col-di-Lana_FODOM-300x200.jpg\" alt=\"\" width=\"300\" height=\"200\" srcset=\"https:\/\/www.radiopiu.net\/wordpress\/wp-content\/uploads\/2021\/07\/ARRIVO-vertical-Col-di-Lana_FODOM-300x200.jpg 300w, https:\/\/www.radiopiu.net\/wordpress\/wp-content\/uploads\/2021\/07\/ARRIVO-vertical-Col-di-Lana_FODOM-1024x683.jpg 1024w, https:\/\/www.radiopiu.net\/wordpress\/wp-content\/uploads\/2021\/07\/ARRIVO-vertical-Col-di-Lana_FODOM-768x512.jpg 768w, https:\/\/www.radiopiu.net\/wordpress\/wp-content\/uploads\/2021\/07\/ARRIVO-vertical-Col-di-Lana_FODOM.jpg 1200w\" sizes=\"auto, (max-width: 300px) 100vw, 300px\" \/><\/a>di Claudio Fontanive<\/strong><\/p>\n<p>OSPITE: Gianpaolo Soratroi<\/p>\n<audio class=\"wp-audio-shortcode\" id=\"audio-221983-26\" preload=\"none\" style=\"width: 100%;\" controls=\"controls\"><source type=\"audio\/mpeg\" src=\"https:\/\/www.radiopiu.net\/wordpress\/wp-content\/uploads\/2021\/07\/giampaolo-soratori-verticial.mp3?_=26\" \/><a href=\"https:\/\/www.radiopiu.net\/wordpress\/wp-content\/uploads\/2021\/07\/giampaolo-soratori-verticial.mp3\">https:\/\/www.radiopiu.net\/wordpress\/wp-content\/uploads\/2021\/07\/giampaolo-soratori-verticial.mp3<\/a><\/audio>\n<p>&nbsp;<\/p>\n<p>&nbsp;<\/p>\n<\/div>\n<\/div>\n<\/div>\n<\/div>\n<\/div>\n<\/div>\n<\/div>\n<\/div>\n<\/div>\n<\/div>\n<\/div>\n","protected":false},"excerpt":{"rendered":"<p>PER\u00a0RICEVERE QUESTO NOTIZIARIO DIRETTAMENTE SUL TUO CELLULARE ISCRIVITI AL CANALE TELEGRAM\u00a0\u201cRADIO PIU\u00a0 INFORMAZIONE\u201d\u00a0 &nbsp; &nbsp; &nbsp; &nbsp; LIVINALLONGO DEL COL DI LANA:\u00a0 nelle LOCALITA&#8217; CASTELLO, PALLA e AGAI, l&#8217;acqua erogata dall&#8217;acquedotto non \u00e8 potabile e pu\u00f2 essere usata per scopi alimentari SOLO PREVIA bollitura. &nbsp; &nbsp; &nbsp; &nbsp; &nbsp; &nbsp; CHIUSURA DELLA SILVOPASTORALE PER MALGA&hellip;<\/p>\n","protected":false},"author":4,"featured_media":222145,"comment_status":"closed","ping_status":"open","sticky":false,"template":"","format":"standard","meta":{"_monsterinsights_skip_tracking":false,"_monsterinsights_sitenote_active":false,"_monsterinsights_sitenote_note":"","_monsterinsights_sitenote_category":0,"footnotes":""},"categories":[1,51,86,49],"tags":[],"class_list":["post-221983","post","type-post","status-publish","format-standard","has-post-thumbnail","hentry","category-senza-categoria","category-evidenza-top","category-gr","category-news-18","category-1","category-51","category-86","category-49","description-off"],"img_url":"https:\/\/www.radiopiu.net\/wordpress\/wp-content\/uploads\/2021\/07\/e558623b-241f-4237-a6e3-0a9298023063.jpg","_links":{"self":[{"href":"https:\/\/www.radiopiu.net\/wordpress\/wp-json\/wp\/v2\/posts\/221983","targetHints":{"allow":["GET"]}}],"collection":[{"href":"https:\/\/www.radiopiu.net\/wordpress\/wp-json\/wp\/v2\/posts"}],"about":[{"href":"https:\/\/www.radiopiu.net\/wordpress\/wp-json\/wp\/v2\/types\/post"}],"author":[{"embeddable":true,"href":"https:\/\/www.radiopiu.net\/wordpress\/wp-json\/wp\/v2\/users\/4"}],"replies":[{"embeddable":true,"href":"https:\/\/www.radiopiu.net\/wordpress\/wp-json\/wp\/v2\/comments?post=221983"}],"version-history":[{"count":0,"href":"https:\/\/www.radiopiu.net\/wordpress\/wp-json\/wp\/v2\/posts\/221983\/revisions"}],"wp:featuredmedia":[{"embeddable":true,"href":"https:\/\/www.radiopiu.net\/wordpress\/wp-json\/wp\/v2\/media\/222145"}],"wp:attachment":[{"href":"https:\/\/www.radiopiu.net\/wordpress\/wp-json\/wp\/v2\/media?parent=221983"}],"wp:term":[{"taxonomy":"category","embeddable":true,"href":"https:\/\/www.radiopiu.net\/wordpress\/wp-json\/wp\/v2\/categories?post=221983"},{"taxonomy":"post_tag","embeddable":true,"href":"https:\/\/www.radiopiu.net\/wordpress\/wp-json\/wp\/v2\/tags?post=221983"}],"curies":[{"name":"wp","href":"https:\/\/api.w.org\/{rel}","templated":true}]}}