{"id":222085,"date":"2021-07-16T15:15:07","date_gmt":"2021-07-16T13:15:07","guid":{"rendered":"https:\/\/www.radiopiu.net\/wordpress\/?p=222085"},"modified":"2021-07-16T18:45:51","modified_gmt":"2021-07-16T16:45:51","slug":"alluvioni-in-belgio-germania-e-lussemburgo-abm-in-contatto-con-le-comunita-bellunesi","status":"publish","type":"post","link":"https:\/\/www.radiopiu.net\/wordpress\/alluvioni-in-belgio-germania-e-lussemburgo-abm-in-contatto-con-le-comunita-bellunesi\/","title":{"rendered":"ALLUVIONI IN BELGIO, GERMANIA E LUSSEMBURGO. ABM IN CONTATTO CON LE COMUNITA&#8217; BELLUNESI"},"content":{"rendered":"<p><strong><a href=\"https:\/\/www.radiopiu.net\/wordpress\/alluvioni-in-belgio-germania-e-lussemburgo-abm-in-contatto-con-le-comunita-bellunesi\/allagamento_gelateria_bortot_cochem\/\" rel=\"attachment wp-att-222087\"><img loading=\"lazy\" decoding=\"async\" class=\" wp-image-222087 alignleft\" src=\"https:\/\/www.radiopiu.net\/wordpress\/wp-content\/uploads\/2021\/07\/allagamento_gelateria_bortot_cochem-225x300.jpeg\" alt=\"\" width=\"158\" height=\"211\" srcset=\"https:\/\/www.radiopiu.net\/wordpress\/wp-content\/uploads\/2021\/07\/allagamento_gelateria_bortot_cochem-225x300.jpeg 225w, https:\/\/www.radiopiu.net\/wordpress\/wp-content\/uploads\/2021\/07\/allagamento_gelateria_bortot_cochem-768x1024.jpeg 768w, https:\/\/www.radiopiu.net\/wordpress\/wp-content\/uploads\/2021\/07\/allagamento_gelateria_bortot_cochem-1152x1536.jpeg 1152w, https:\/\/www.radiopiu.net\/wordpress\/wp-content\/uploads\/2021\/07\/allagamento_gelateria_bortot_cochem.jpeg 1200w\" sizes=\"auto, (max-width: 158px) 100vw, 158px\" \/><\/a>BELLUNO<\/strong> Sono ore di apprensione per l\u2019Associazione Bellunesi nel Mondo. Si aggrava di ora in ora la situazione nelle due regioni del Nord della Germania devastate dalle alluvioni: secondo l\u2019ultimo aggiornamento delle autorit\u00e0 sono almeno 103 le vittime e 1.300 i dispersi. Un fenomeno definito dai media di <em><a href=\"https:\/\/www.radiopiu.net\/wordpress\/alluvioni-in-belgio-germania-e-lussemburgo-abm-in-contatto-con-le-comunita-bellunesi\/cochem_gelateria_bortot\/\" rel=\"attachment wp-att-222088\"><img loading=\"lazy\" decoding=\"async\" class=\" wp-image-222088 alignright\" src=\"https:\/\/www.radiopiu.net\/wordpress\/wp-content\/uploads\/2021\/07\/cochem_gelateria_bortot-225x300.jpeg\" alt=\"\" width=\"175\" height=\"233\" srcset=\"https:\/\/www.radiopiu.net\/wordpress\/wp-content\/uploads\/2021\/07\/cochem_gelateria_bortot-225x300.jpeg 225w, https:\/\/www.radiopiu.net\/wordpress\/wp-content\/uploads\/2021\/07\/cochem_gelateria_bortot-768x1024.jpeg 768w, https:\/\/www.radiopiu.net\/wordpress\/wp-content\/uploads\/2021\/07\/cochem_gelateria_bortot-1152x1536.jpeg 1152w, https:\/\/www.radiopiu.net\/wordpress\/wp-content\/uploads\/2021\/07\/cochem_gelateria_bortot.jpeg 1200w\" sizes=\"auto, (max-width: 175px) 100vw, 175px\" \/><\/a><\/em>\u201cproporzioni storiche\u201d e che ha colpito anche le zone confinanti di Belgio, Lussemburgo e Olanda, dove ci sono almeno altri 15 morti e migliaia di persone da ore senza corrente. Un territorio europeo dove \u00e8 forte la presenza anche di comunit\u00e0 bellunesi, emigrate durante il Novecento, e dove sono operativi tre circoli dell\u2019Associazione Bellunesi nel Mondo: le Famiglie Bellunesi del Nord-Reno Westfalia, di Liegi e di Lussemburgo. \u00ab<em>Siamo in continuo contatto con i nostri associati &#8211; le parole del presidente dell\u2019Associazione Bellunesi nel Mondo Oscar De Bona &#8211; fortunatamente allo stato attuale non ci sono vittime, ma i danni alle abitazioni, alle strade e all\u2019intero territorio sono ingenti<\/em>\u00bb. Tra le persone danneggiate, in Germania, ci sono molti gelatieri bellunesi. Non bisogna infatti dimenticare che la nazione tedesca \u00e8 la terra del gelato artigianale \u201cmade in Belluno\u201d. Diverse le testimonianze di soci gelatieri Abm. Come quella di Fausto Bortolot e del figlio Stefano: \u00ab<em>Abbiamo una gelateria a Cochem dove \u00e8 entrato un metro e mezzo d&#8217;acqua. Siamo riusciti a sgomberare tutto, a parte il bancone del gelato. Ci \u00e8 andata bene perch\u00e9 alle persone non \u00e8 successo niente. Fra personale e famigliari siamo in quattordici<\/em>\u00bb. Momenti davvero terribili, ma dei quali i nostri bellunesi all\u2019estero non si scoraggiano. \u00ab<em>Per quanto riguarda il lato economico &#8211; concludono Fausto e Stefano &#8211; abbiamo ancora tante giornate per vendere il nostro buon gelato. Un abbraccio a tutti<\/em>\u00bb. Altre notizie giungono anche dal vice presidente della Famiglia del Nord Reno Westfalia Riccardo Simonetti: \u00ab<em>Siamo in apprensione e in allarme per la catastrofe avvenuta in Germania. Fortunatamente in questo momento non ho nessuna notizia negativa n\u00e9 dai miei amici bellunesi, n\u00e9 da quelli tedeschi<\/em>\u00bb. E l\u2019immane alluvione ha colpito anche il Belgio. Aggiornamenti arrivano agli uffici dell\u2019Associazione Bellunesi nel Mondo da parte della socia C\u00e9line: \u00ab<em>S\u00ec \u00e8 terribile. Ho tanti amici che hanno la casa distrutta. Noi fortunatamente stiamo bene. Meno male che le nostre case sono un po\u2019 pi\u00f9 alte<\/em>\u00bb. \u00ab<em>Nei prossimi giorni &#8211; conclude De Bona &#8211; faremo una valutazione, in base alle richieste che ci giungeranno, se sar\u00e0 necessario supportare con le nostre piccole forze qualche bellunese in difficolt\u00e0 nelle aree colpite<\/em>\u00bb.<\/p>\n<p>&nbsp;<\/p>\n<p>&nbsp;<\/p>\n<p>&nbsp;<\/p>\n<p>*****<\/p>\n","protected":false},"excerpt":{"rendered":"<p>BELLUNO Sono ore di apprensione per l\u2019Associazione Bellunesi nel Mondo. Si aggrava di ora in ora la situazione nelle due regioni del Nord della Germania devastate dalle alluvioni: secondo l\u2019ultimo aggiornamento delle autorit\u00e0 sono almeno 103 le vittime e 1.300 i dispersi. Un fenomeno definito dai media di \u201cproporzioni storiche\u201d e che ha colpito anche&hellip;<\/p>\n","protected":false},"author":4,"featured_media":222088,"comment_status":"closed","ping_status":"open","sticky":false,"template":"","format":"standard","meta":{"_monsterinsights_skip_tracking":false,"_monsterinsights_sitenote_active":false,"_monsterinsights_sitenote_note":"","_monsterinsights_sitenote_category":0,"footnotes":""},"categories":[104,49],"tags":[],"class_list":["post-222085","post","type-post","status-publish","format-standard","has-post-thumbnail","hentry","category-evidenza_3","category-news-18","category-104","category-49","description-off"],"img_url":"https:\/\/www.radiopiu.net\/wordpress\/wp-content\/uploads\/2021\/07\/cochem_gelateria_bortot.jpeg","_links":{"self":[{"href":"https:\/\/www.radiopiu.net\/wordpress\/wp-json\/wp\/v2\/posts\/222085","targetHints":{"allow":["GET"]}}],"collection":[{"href":"https:\/\/www.radiopiu.net\/wordpress\/wp-json\/wp\/v2\/posts"}],"about":[{"href":"https:\/\/www.radiopiu.net\/wordpress\/wp-json\/wp\/v2\/types\/post"}],"author":[{"embeddable":true,"href":"https:\/\/www.radiopiu.net\/wordpress\/wp-json\/wp\/v2\/users\/4"}],"replies":[{"embeddable":true,"href":"https:\/\/www.radiopiu.net\/wordpress\/wp-json\/wp\/v2\/comments?post=222085"}],"version-history":[{"count":0,"href":"https:\/\/www.radiopiu.net\/wordpress\/wp-json\/wp\/v2\/posts\/222085\/revisions"}],"wp:featuredmedia":[{"embeddable":true,"href":"https:\/\/www.radiopiu.net\/wordpress\/wp-json\/wp\/v2\/media\/222088"}],"wp:attachment":[{"href":"https:\/\/www.radiopiu.net\/wordpress\/wp-json\/wp\/v2\/media?parent=222085"}],"wp:term":[{"taxonomy":"category","embeddable":true,"href":"https:\/\/www.radiopiu.net\/wordpress\/wp-json\/wp\/v2\/categories?post=222085"},{"taxonomy":"post_tag","embeddable":true,"href":"https:\/\/www.radiopiu.net\/wordpress\/wp-json\/wp\/v2\/tags?post=222085"}],"curies":[{"name":"wp","href":"https:\/\/api.w.org\/{rel}","templated":true}]}}