{"id":222174,"date":"2021-07-17T05:27:52","date_gmt":"2021-07-17T03:27:52","guid":{"rendered":"https:\/\/www.radiopiu.net\/wordpress\/?p=222174"},"modified":"2021-07-17T05:59:48","modified_gmt":"2021-07-17T03:59:48","slug":"domani-nella-chiesa-di-san-lucano-i-60-di-sacerdozio-di-don-mario-e-la-ricorrenza-di-san-lucano","status":"publish","type":"post","link":"https:\/\/www.radiopiu.net\/wordpress\/domani-nella-chiesa-di-san-lucano-i-60-di-sacerdozio-di-don-mario-e-la-ricorrenza-di-san-lucano\/","title":{"rendered":"DOMANI NELLA CHIESA DI SAN LUCANO I 60 DI SACERDOZIO DI DON MARIO E LA RICORRENZA DI SAN LUCANO"},"content":{"rendered":"<p><strong><a href=\"https:\/\/www.radiopiu.net\/wordpress\/don-mario-3\/\"><img loading=\"lazy\" decoding=\"async\" class=\"size-medium wp-image-222173 alignleft\" src=\"https:\/\/www.radiopiu.net\/wordpress\/wp-content\/uploads\/2021\/07\/DON-MARIO-300x199.jpg\" alt=\"\" width=\"300\" height=\"199\" srcset=\"https:\/\/www.radiopiu.net\/wordpress\/wp-content\/uploads\/2021\/07\/DON-MARIO-300x199.jpg 300w, https:\/\/www.radiopiu.net\/wordpress\/wp-content\/uploads\/2021\/07\/DON-MARIO-1024x680.jpg 1024w, https:\/\/www.radiopiu.net\/wordpress\/wp-content\/uploads\/2021\/07\/DON-MARIO-768x510.jpg 768w, https:\/\/www.radiopiu.net\/wordpress\/wp-content\/uploads\/2021\/07\/DON-MARIO.jpg 1477w\" sizes=\"auto, (max-width: 300px) 100vw, 300px\" \/><\/a>TAIBON<\/strong><\/p>\n<p>di Gianni Santomaso<\/p>\n<audio class=\"wp-audio-shortcode\" id=\"audio-222174-1\" preload=\"none\" style=\"width: 100%;\" controls=\"controls\"><source type=\"audio\/mpeg\" src=\"https:\/\/www.radiopiu.net\/wordpress\/wp-content\/uploads\/2021\/07\/GIANNI-DON-MARIO.mp3?_=1\" \/><a href=\"https:\/\/www.radiopiu.net\/wordpress\/wp-content\/uploads\/2021\/07\/GIANNI-DON-MARIO.mp3\">https:\/\/www.radiopiu.net\/wordpress\/wp-content\/uploads\/2021\/07\/GIANNI-DON-MARIO.mp3<\/a><\/audio>\n<blockquote>\n<h3>26 SETTEMBRE 2019, ARCHIVIO RADIO PIU<\/p>\n<p>IL SALUTO DI UNA COMUNITA&#8217; AD UN GRANDE PARROCO, DON MARIO ZANON<\/h3>\n<\/blockquote>\n<h2><\/h2>\n<p><strong><a class=\"dt-pswp-item\" href=\"http:\/\/www.radiopiu.net\/wordpress\/wp-content\/uploads\/2019\/08\/TAIBON-Loretta-Ben-e-don-Mario-Zanon.jpg\" data-dt-img-description=\"\" data-large_image_width=\"1476\" data-large_image_height=\"1107\"><img loading=\"lazy\" decoding=\"async\" class=\" wp-image-96049 alignright\" src=\"http:\/\/www.radiopiu.net\/wordpress\/wp-content\/uploads\/2019\/08\/TAIBON-Loretta-Ben-e-don-Mario-Zanon-300x225.jpg\" alt=\"\" width=\"235\" height=\"176\" srcset=\"https:\/\/www.radiopiu.net\/wordpress\/wp-content\/uploads\/2019\/08\/TAIBON-Loretta-Ben-e-don-Mario-Zanon-300x225.jpg 300w, https:\/\/www.radiopiu.net\/wordpress\/wp-content\/uploads\/2019\/08\/TAIBON-Loretta-Ben-e-don-Mario-Zanon-768x576.jpg 768w, https:\/\/www.radiopiu.net\/wordpress\/wp-content\/uploads\/2019\/08\/TAIBON-Loretta-Ben-e-don-Mario-Zanon-1024x768.jpg 1024w, https:\/\/www.radiopiu.net\/wordpress\/wp-content\/uploads\/2019\/08\/TAIBON-Loretta-Ben-e-don-Mario-Zanon.jpg 1476w\" sizes=\"auto, (max-width: 235px) 100vw, 235px\" \/><\/a>TAIBON<\/strong> Il paese si prepara a salutare il suo parroco, Don Mario Zanon l&#8217;amato prete di paese che ha sempre saputo unire una comunit\u00e0. Don Mario c&#8217;\u00e8 sempre stato, con i piccoli, con gli anziani, nella buona e cattiva sorte. Quel sorriso, quella parola, quelle omelie, quei richiami quando servivano, Dio solo sa quanto mancher\u00e0 a tutto il paese che in Don Mario ha sempre trovato un punto di riferimento importante. Don Mario trascorrer\u00e0 i suoi anni alla casa di riposo di Taibon, meritatissimo momento di riposo dopo tanti anni in attivit\u00e0. Non mancher\u00e0 di celebrare la messa per gli anziani, ma anche per coloro che la domenica saliranno alla casa di soggiorno per anziani dono dell&#8217;imprenditore Bruno Dai Pra. <strong>La comunit\u00e0 parrocchiale invita la popolazione domenica 6 ottobre alle 10 alla messa per salutare e ringraziare Don Mario per gli anni dedicati al servizio della comunit\u00e0.<\/strong><\/p>\n<p><span style=\"color: #ff0000;\"><strong>pochi giorni fa a Listolade<\/strong><\/span><\/p>\n<audio class=\"wp-audio-shortcode\" id=\"audio-222174-2\" preload=\"none\" style=\"width: 100%;\" controls=\"controls\"><source type=\"audio\/mpeg\" src=\"http:\/\/www.radiopiu.net\/wordpress\/wp-content\/uploads\/2019\/09\/DON-MARIO.mp3?_=2\" \/><a href=\"http:\/\/www.radiopiu.net\/wordpress\/wp-content\/uploads\/2019\/09\/DON-MARIO.mp3\">http:\/\/www.radiopiu.net\/wordpress\/wp-content\/uploads\/2019\/09\/DON-MARIO.mp3<\/a><\/audio>\n<p>&nbsp;<\/p>\n<h3>notiziario del 5 agosto 2019<\/h3>\n<h3>PER TAIBON IL FUTURO RISERVA UN PARROCO PART-TIME CON LA VALLE E AGORDO<\/h3>\n<p><strong><a class=\"dt-pswp-item\" href=\"http:\/\/www.radiopiu.net\/wordpress\/wp-content\/uploads\/2019\/08\/download-6.jpg\" data-dt-img-description=\"\" data-large_image_width=\"300\" data-large_image_height=\"168\"><img loading=\"lazy\" decoding=\"async\" class=\" wp-image-95372 alignleft\" src=\"http:\/\/www.radiopiu.net\/wordpress\/wp-content\/uploads\/2019\/08\/download-6-300x168.jpg\" alt=\"\" width=\"166\" height=\"93\" \/><\/a>TAIBON<\/strong> Che sia il caso di allargare la chiesetta alla Casa di Soggiorno di Taibon? Il paese \u00e8 affezionato al suo parroco Mario Zanon che oltre gli 80 trascorrer\u00e0 gli anni della pensione alla casa di soggiorno per persone anziane di Taibon Agordino e li&#8217; celebrer\u00e0 la messa anche domenicale. In molti hanno gi\u00e0 assicurato che non mancheranno a quelle celebrazioni religiose. Intanto Don Mario ha inziato a dare la notizia e parlare alla sua comunit\u00e0, l&#8217;ha fatto in occasione della festa organizzata l&#8217;altra sera ai Coi con i frazionisti di via al Forte<\/p>\n<p>&nbsp;<\/p>\n<p>&nbsp;<\/p>\n<blockquote class=\"wp-embedded-content\" data-secret=\"lVYIz3Qagv\"><p><a href=\"https:\/\/www.radiopiu.net\/wordpress\/a-loretta-ben-alla-memoria-e-don-mario-zanon-il-premio-corpassa-2019-assegnato-alla-bortolona\/\">A LORETTA BEN (ALLA MEMORIA) E DON MARIO ZANON IL PREMIO CORPASSA 2019 ASSEGNATO ALLA &#8220;BORTOLONA&#8221;<\/a><\/p><\/blockquote>\n<p><iframe loading=\"lazy\" class=\"wp-embedded-content\" sandbox=\"allow-scripts\" security=\"restricted\" style=\"position: absolute; clip: rect(1px, 1px, 1px, 1px);\" title=\"&#8220;A LORETTA BEN (ALLA MEMORIA) E DON MARIO ZANON IL PREMIO CORPASSA 2019 ASSEGNATO ALLA &#8220;BORTOLONA&#8221;&#8221; &#8212; Radio Pi\u00f9\" src=\"https:\/\/www.radiopiu.net\/wordpress\/a-loretta-ben-alla-memoria-e-don-mario-zanon-il-premio-corpassa-2019-assegnato-alla-bortolona\/embed\/#?secret=lVYIz3Qagv\" data-secret=\"lVYIz3Qagv\" width=\"600\" height=\"338\" frameborder=\"0\" marginwidth=\"0\" marginheight=\"0\" scrolling=\"no\"><\/iframe><\/p>\n<p>&nbsp;<\/p>\n<p>&nbsp;<\/p>\n<p>&nbsp;<\/p>\n<p>*****<\/p>\n","protected":false},"excerpt":{"rendered":"<p>TAIBON di Gianni Santomaso 26 SETTEMBRE 2019, ARCHIVIO RADIO PIU IL SALUTO DI UNA COMUNITA&#8217; AD UN GRANDE PARROCO, DON MARIO ZANON TAIBON Il paese si prepara a salutare il suo parroco, Don Mario Zanon l&#8217;amato prete di paese che ha sempre saputo unire una comunit\u00e0. Don Mario c&#8217;\u00e8 sempre stato, con i piccoli, con&hellip;<\/p>\n","protected":false},"author":4,"featured_media":222173,"comment_status":"closed","ping_status":"open","sticky":false,"template":"","format":"standard","meta":{"_monsterinsights_skip_tracking":false,"_monsterinsights_sitenote_active":false,"_monsterinsights_sitenote_note":"","_monsterinsights_sitenote_category":0,"footnotes":""},"categories":[104,49],"tags":[],"class_list":["post-222174","post","type-post","status-publish","format-standard","has-post-thumbnail","hentry","category-evidenza_3","category-news-18","category-104","category-49","description-off"],"img_url":"https:\/\/www.radiopiu.net\/wordpress\/wp-content\/uploads\/2021\/07\/DON-MARIO.jpg","_links":{"self":[{"href":"https:\/\/www.radiopiu.net\/wordpress\/wp-json\/wp\/v2\/posts\/222174","targetHints":{"allow":["GET"]}}],"collection":[{"href":"https:\/\/www.radiopiu.net\/wordpress\/wp-json\/wp\/v2\/posts"}],"about":[{"href":"https:\/\/www.radiopiu.net\/wordpress\/wp-json\/wp\/v2\/types\/post"}],"author":[{"embeddable":true,"href":"https:\/\/www.radiopiu.net\/wordpress\/wp-json\/wp\/v2\/users\/4"}],"replies":[{"embeddable":true,"href":"https:\/\/www.radiopiu.net\/wordpress\/wp-json\/wp\/v2\/comments?post=222174"}],"version-history":[{"count":0,"href":"https:\/\/www.radiopiu.net\/wordpress\/wp-json\/wp\/v2\/posts\/222174\/revisions"}],"wp:featuredmedia":[{"embeddable":true,"href":"https:\/\/www.radiopiu.net\/wordpress\/wp-json\/wp\/v2\/media\/222173"}],"wp:attachment":[{"href":"https:\/\/www.radiopiu.net\/wordpress\/wp-json\/wp\/v2\/media?parent=222174"}],"wp:term":[{"taxonomy":"category","embeddable":true,"href":"https:\/\/www.radiopiu.net\/wordpress\/wp-json\/wp\/v2\/categories?post=222174"},{"taxonomy":"post_tag","embeddable":true,"href":"https:\/\/www.radiopiu.net\/wordpress\/wp-json\/wp\/v2\/tags?post=222174"}],"curies":[{"name":"wp","href":"https:\/\/api.w.org\/{rel}","templated":true}]}}