{"id":222305,"date":"2021-07-17T17:19:22","date_gmt":"2021-07-17T15:19:22","guid":{"rendered":"https:\/\/www.radiopiu.net\/wordpress\/?p=222305"},"modified":"2021-07-17T17:19:23","modified_gmt":"2021-07-17T15:19:23","slug":"dillo-a-radio-piu-dal-rifugio-tissi-a-tamonich-per-il-vaccino","status":"publish","type":"post","link":"https:\/\/www.radiopiu.net\/wordpress\/dillo-a-radio-piu-dal-rifugio-tissi-a-tamonich-per-il-vaccino\/","title":{"rendered":"DILLO A RADIO PIU&#8217;&#8230;DAL RIFUGIO TISSI A TAMONICH PER IL VACCINO"},"content":{"rendered":"<p><strong><a href=\"https:\/\/www.radiopiu.net\/wordpress\/dillo-a-radio-piu-dal-rifugio-tissi-a-tamonich-per-il-vaccino\/vaccino-covid-3\/\" rel=\"attachment wp-att-222306\"><img loading=\"lazy\" decoding=\"async\" class=\"size-medium wp-image-222306 alignleft\" src=\"https:\/\/www.radiopiu.net\/wordpress\/wp-content\/uploads\/2021\/07\/vaccino-covid-300x199.jpg\" alt=\"\" width=\"300\" height=\"199\" srcset=\"https:\/\/www.radiopiu.net\/wordpress\/wp-content\/uploads\/2021\/07\/vaccino-covid-300x199.jpg 300w, https:\/\/www.radiopiu.net\/wordpress\/wp-content\/uploads\/2021\/07\/vaccino-covid-1024x678.jpg 1024w, https:\/\/www.radiopiu.net\/wordpress\/wp-content\/uploads\/2021\/07\/vaccino-covid-768x509.jpg 768w, https:\/\/www.radiopiu.net\/wordpress\/wp-content\/uploads\/2021\/07\/vaccino-covid-1536x1018.jpg 1536w, https:\/\/www.radiopiu.net\/wordpress\/wp-content\/uploads\/2021\/07\/vaccino-covid.jpg 1920w\" sizes=\"auto, (max-width: 300px) 100vw, 300px\" \/><\/a>REDAZIONE<\/strong> Riceviamo e volentieri pubblichiamo una testimonianza che riguarda un ragazzo che dal Rifugio Tissi \u00e8 sceso ad Agordo per la campagna vaccinale.<\/p>\n<blockquote><p><em>Grazie ragazzo del Rifugio Tissi che ieri ti sei presentato puntualissimo per la vaccinazione a Tamonich. Tu forse non ci hai fatto nemmeno caso, ma con il tuo gesto hai contribuito alla salute di tutti, hai dimostrato che quando si pensa che una cosa vada fatta, passano in secondo piano le 3 ore e mezza di cammino, il tempo che minaccia pioggia e gli oltre 1500 m di dislivello (che importa se poi bisogna risalire!) Indipendentemente da come la si pensi sulla vaccinazione, sono da ammirare determinazione e s\u00ec senso civico. Grazie ragazzo del Tissi per averci dimostrato che \u00e8 giusto sacrificarsi per ci\u00f2 che riteniamo importante.<\/em><\/p><\/blockquote>\n<p>&nbsp;<\/p>\n<p>&nbsp;<\/p>\n<p>&nbsp;<\/p>\n<p>&nbsp;<\/p>\n<p>&nbsp;<\/p>\n<p>*****<\/p>\n","protected":false},"excerpt":{"rendered":"<p>REDAZIONE Riceviamo e volentieri pubblichiamo una testimonianza che riguarda un ragazzo che dal Rifugio Tissi \u00e8 sceso ad Agordo per la campagna vaccinale. Grazie ragazzo del Rifugio Tissi che ieri ti sei presentato puntualissimo per la vaccinazione a Tamonich. Tu forse non ci hai fatto nemmeno caso, ma con il tuo gesto hai contribuito alla&hellip;<\/p>\n","protected":false},"author":4,"featured_media":222306,"comment_status":"closed","ping_status":"open","sticky":false,"template":"","format":"standard","meta":{"_monsterinsights_skip_tracking":false,"_monsterinsights_sitenote_active":false,"_monsterinsights_sitenote_note":"","_monsterinsights_sitenote_category":0,"footnotes":""},"categories":[49],"tags":[],"class_list":["post-222305","post","type-post","status-publish","format-standard","has-post-thumbnail","hentry","category-news-18","category-49","description-off"],"img_url":"https:\/\/www.radiopiu.net\/wordpress\/wp-content\/uploads\/2021\/07\/vaccino-covid.jpg","_links":{"self":[{"href":"https:\/\/www.radiopiu.net\/wordpress\/wp-json\/wp\/v2\/posts\/222305","targetHints":{"allow":["GET"]}}],"collection":[{"href":"https:\/\/www.radiopiu.net\/wordpress\/wp-json\/wp\/v2\/posts"}],"about":[{"href":"https:\/\/www.radiopiu.net\/wordpress\/wp-json\/wp\/v2\/types\/post"}],"author":[{"embeddable":true,"href":"https:\/\/www.radiopiu.net\/wordpress\/wp-json\/wp\/v2\/users\/4"}],"replies":[{"embeddable":true,"href":"https:\/\/www.radiopiu.net\/wordpress\/wp-json\/wp\/v2\/comments?post=222305"}],"version-history":[{"count":0,"href":"https:\/\/www.radiopiu.net\/wordpress\/wp-json\/wp\/v2\/posts\/222305\/revisions"}],"wp:featuredmedia":[{"embeddable":true,"href":"https:\/\/www.radiopiu.net\/wordpress\/wp-json\/wp\/v2\/media\/222306"}],"wp:attachment":[{"href":"https:\/\/www.radiopiu.net\/wordpress\/wp-json\/wp\/v2\/media?parent=222305"}],"wp:term":[{"taxonomy":"category","embeddable":true,"href":"https:\/\/www.radiopiu.net\/wordpress\/wp-json\/wp\/v2\/categories?post=222305"},{"taxonomy":"post_tag","embeddable":true,"href":"https:\/\/www.radiopiu.net\/wordpress\/wp-json\/wp\/v2\/tags?post=222305"}],"curies":[{"name":"wp","href":"https:\/\/api.w.org\/{rel}","templated":true}]}}