{"id":222381,"date":"2021-07-17T21:59:47","date_gmt":"2021-07-17T19:59:47","guid":{"rendered":"https:\/\/www.radiopiu.net\/wordpress\/?p=222381"},"modified":"2021-07-17T21:59:47","modified_gmt":"2021-07-17T19:59:47","slug":"infortunio-alla-caviglia-sotto-il-rifugio-giussani","status":"publish","type":"post","link":"https:\/\/www.radiopiu.net\/wordpress\/infortunio-alla-caviglia-sotto-il-rifugio-giussani\/","title":{"rendered":"INFORTUNIO ALLA CAVIGLIA SOTTO IL RIFUGIO GIUSSANI"},"content":{"rendered":"<p><strong><a href=\"https:\/\/www.radiopiu.net\/wordpress\/torna-la-festa-del-volontariato-cadorino-sabato-1-settembre\/soccorsoalpino\/\" rel=\"attachment wp-att-59164\"><img loading=\"lazy\" decoding=\"async\" class=\" wp-image-59164 alignleft\" src=\"https:\/\/www.radiopiu.net\/wordpress\/wp-content\/uploads\/2018\/08\/soccorsoalpino-300x300.jpg\" alt=\"\" width=\"106\" height=\"106\" srcset=\"https:\/\/www.radiopiu.net\/wordpress\/wp-content\/uploads\/2018\/08\/soccorsoalpino-300x300.jpg 300w, https:\/\/www.radiopiu.net\/wordpress\/wp-content\/uploads\/2018\/08\/soccorsoalpino-150x150.jpg 150w, https:\/\/www.radiopiu.net\/wordpress\/wp-content\/uploads\/2018\/08\/soccorsoalpino-768x768.jpg 768w, https:\/\/www.radiopiu.net\/wordpress\/wp-content\/uploads\/2018\/08\/soccorsoalpino-1024x1024.jpg 1024w, https:\/\/www.radiopiu.net\/wordpress\/wp-content\/uploads\/2018\/08\/soccorsoalpino.jpg 1200w\" sizes=\"auto, (max-width: 106px) 100vw, 106px\" \/><\/a>CORTINA<\/strong> Alle 18.30 circa la Centrale del Suem \u00e8 stata allertata per un&#8217;escursionista che aveva riportato un probabile trauma alla caviglia, percorrendo il sentiero numero 403 tra il Rifugio Giussani e il Rifugio Dibona. Individuata la posizione mediante le coordinate, \u00e8 stata valutata la possibilit\u00e0 di raggiungerla con il fuoristrada, data l&#8217;accessibilit\u00e0 del punto in cui si trovava V.G., 41 anni, di Trieste. La donna \u00e8 quindi stata recuperata da una squadra del Soccorso alpino di Cortina e trasportata a valle.<\/p>\n<p>&nbsp;<\/p>\n<p>&nbsp;<\/p>\n<p>&nbsp;<\/p>\n<p>*****<\/p>\n","protected":false},"excerpt":{"rendered":"<p>CORTINA Alle 18.30 circa la Centrale del Suem \u00e8 stata allertata per un&#8217;escursionista che aveva riportato un probabile trauma alla caviglia, percorrendo il sentiero numero 403 tra il Rifugio Giussani e il Rifugio Dibona. Individuata la posizione mediante le coordinate, \u00e8 stata valutata la possibilit\u00e0 di raggiungerla con il fuoristrada, data l&#8217;accessibilit\u00e0 del punto in&hellip;<\/p>\n","protected":false},"author":4,"featured_media":59164,"comment_status":"closed","ping_status":"open","sticky":false,"template":"","format":"standard","meta":{"_monsterinsights_skip_tracking":false,"_monsterinsights_sitenote_active":false,"_monsterinsights_sitenote_note":"","_monsterinsights_sitenote_category":0,"footnotes":""},"categories":[49],"tags":[],"class_list":["post-222381","post","type-post","status-publish","format-standard","has-post-thumbnail","hentry","category-news-18","category-49","description-off"],"img_url":"https:\/\/www.radiopiu.net\/wordpress\/wp-content\/uploads\/2018\/08\/soccorsoalpino.jpg","_links":{"self":[{"href":"https:\/\/www.radiopiu.net\/wordpress\/wp-json\/wp\/v2\/posts\/222381","targetHints":{"allow":["GET"]}}],"collection":[{"href":"https:\/\/www.radiopiu.net\/wordpress\/wp-json\/wp\/v2\/posts"}],"about":[{"href":"https:\/\/www.radiopiu.net\/wordpress\/wp-json\/wp\/v2\/types\/post"}],"author":[{"embeddable":true,"href":"https:\/\/www.radiopiu.net\/wordpress\/wp-json\/wp\/v2\/users\/4"}],"replies":[{"embeddable":true,"href":"https:\/\/www.radiopiu.net\/wordpress\/wp-json\/wp\/v2\/comments?post=222381"}],"version-history":[{"count":0,"href":"https:\/\/www.radiopiu.net\/wordpress\/wp-json\/wp\/v2\/posts\/222381\/revisions"}],"wp:featuredmedia":[{"embeddable":true,"href":"https:\/\/www.radiopiu.net\/wordpress\/wp-json\/wp\/v2\/media\/59164"}],"wp:attachment":[{"href":"https:\/\/www.radiopiu.net\/wordpress\/wp-json\/wp\/v2\/media?parent=222381"}],"wp:term":[{"taxonomy":"category","embeddable":true,"href":"https:\/\/www.radiopiu.net\/wordpress\/wp-json\/wp\/v2\/categories?post=222381"},{"taxonomy":"post_tag","embeddable":true,"href":"https:\/\/www.radiopiu.net\/wordpress\/wp-json\/wp\/v2\/tags?post=222381"}],"curies":[{"name":"wp","href":"https:\/\/api.w.org\/{rel}","templated":true}]}}