{"id":222416,"date":"2021-07-19T05:41:59","date_gmt":"2021-07-19T03:41:59","guid":{"rendered":"https:\/\/www.radiopiu.net\/wordpress\/?p=222416"},"modified":"2021-07-19T06:00:22","modified_gmt":"2021-07-19T04:00:22","slug":"giornale-radiopiu-19-luglio-2021-direttore-mirko-mezzacasa","status":"publish","type":"post","link":"https:\/\/www.radiopiu.net\/wordpress\/giornale-radiopiu-19-luglio-2021-direttore-mirko-mezzacasa\/","title":{"rendered":"GIORNALE RADIOPIU 19 LUGLIO 2021 DIRETTORE MIRKO MEZZACASA"},"content":{"rendered":"<h3><span style=\"color: #0000ff;\">PER<strong>\u00a0RICEVERE QUESTO NOTIZIARIO DIRETTAMENTE SUL TUO CELLULARE ISCRIVITI AL CANALE TELEGRAM\u00a0<\/strong><strong>\u201cRADIO PIU\u00a0 INFORMAZIONE\u201d\u00a0<\/strong><\/span><\/h3>\n<h2>LA STAGIONE DELLE MUSE E LE DOLOMITI. L\u2019INTERVISTA ALLA RADIO, OGGI ALLE 10.30 E 19.00 OSPITI ODA HOCHSCHEID E ADELISA TABIADON.<\/h2>\n<h2>SABATO IL GRANDE CONCERTO A LE BUSE ROBY FACCHINETTI E L\u2019ORCHESTRA DEL MAESTRO BASSO. ALLE 15.10 E 20.30, OSPITE RENZO MINELLA<\/h2>\n<h2 style=\"text-align: left;\"><span style=\"color: #000000;\">I MISTERI DI ALLEGHE ALLA RADIO, CON L&#8217;ATTORE ROBERTO FAORO, DAL LUNEDI AL VENERDI ALLE 15.30\u00a0<\/span><\/h2>\n<hr \/>\n<p>&nbsp;<\/p>\n<blockquote>\n<h2><\/h2>\n<\/blockquote>\n<p><img loading=\"lazy\" decoding=\"async\" class=\"alignleft\" src=\"https:\/\/www.radiopiu.net\/wordpress\/wp-content\/uploads\/2018\/08\/ACQUA.jpeg\" width=\"257\" height=\"154\" \/><strong>LIVINALLONGO DEL COL DI LANA:\u00a0<\/strong> nelle LOCALITA&#8217; CASTELLO, PALLA e AGAI, l&#8217;acqua erogata dall&#8217;acquedotto non \u00e8 potabile e pu\u00f2 essere usata per scopi alimentari SOLO PREVIA bollitura.<\/p>\n<p>&nbsp;<\/p>\n<p>&nbsp;<\/p>\n<p>&nbsp;<\/p>\n<p>&nbsp;<\/p>\n<p>&nbsp;<\/p>\n<hr \/>\n<p>&nbsp;<\/p>\n<h3>CHIUSURA DELLA SILVOPASTORALE PER MALGA FOCA<\/h3>\n<p><a href=\"https:\/\/www.radiopiu.net\/wordpress\/giornale-radiopiu-09-02-2018\/foca\/\" rel=\"attachment wp-att-43007\"><img loading=\"lazy\" decoding=\"async\" class=\"wp-image-43007 alignleft\" src=\"https:\/\/www.radiopiu.net\/wordpress\/wp-content\/uploads\/2018\/02\/FOCA-300x225.jpg\" alt=\"\" width=\"163\" height=\"122\" srcset=\"https:\/\/www.radiopiu.net\/wordpress\/wp-content\/uploads\/2018\/02\/FOCA-300x225.jpg 300w, https:\/\/www.radiopiu.net\/wordpress\/wp-content\/uploads\/2018\/02\/FOCA-768x576.jpg 768w, https:\/\/www.radiopiu.net\/wordpress\/wp-content\/uploads\/2018\/02\/FOCA-1024x768.jpg 1024w, https:\/\/www.radiopiu.net\/wordpress\/wp-content\/uploads\/2018\/02\/FOCA.jpg 1600w\" sizes=\"auto, (max-width: 163px) 100vw, 163px\" \/><\/a><strong>LA\u00a0 VALLE<\/strong> Strada chiusa per esbosco di lotti di legname e recupero schianti nella zona di Malga Foca e Forcella Folega. I cantieri boschivi rappresentano un pericolo per le persone che dovessero trovarsi ad attraversare l\u2019area interessata dai lavori. L&#8217;avviso: Dal 15 luglio al 31 ottobre per lavori boschivi in localit\u00e0 Malga Foca &#8211; Forcella Folega \u00e8 vietato transitare in direzione dei cantieri per motivi di sicurezza, la strada e i sentieri sono invece aperti il sabato dalle 12, la domenica e giorni festivi. Sospensione totale della circolazione veicolare e pedonale lungo la viabilit\u00e0 silvo-pastorale nel tratto compreso tra il bivio per Malga Foca e il Mandriz di Folega. Sono interessati anche i sentieri Cai 545, 542 e 541. I trasgressori sranno sanzionati amministrativamente per la violazione dei regolamenti comunali.<\/p>\n<p>&nbsp;<\/p>\n<p>&nbsp;<\/p>\n<p>&nbsp;<\/p>\n<hr \/>\n<p>&nbsp;<\/p>\n<blockquote><p><strong><a href=\"https:\/\/www.radiopiu.net\/wordpress\/la-strada-per-rivamonte-non-chiudera-revocata-la-precedente-ordinanza\/42738661-3114-473b-9a96-a9bee5763ee6\/\" rel=\"attachment wp-att-221466\"><img loading=\"lazy\" decoding=\"async\" class=\"size-medium wp-image-221466 alignleft\" src=\"https:\/\/www.radiopiu.net\/wordpress\/wp-content\/uploads\/2021\/07\/42738661-3114-473b-9a96-a9bee5763ee6-169x300.jpg\" alt=\"\" width=\"169\" height=\"300\" srcset=\"https:\/\/www.radiopiu.net\/wordpress\/wp-content\/uploads\/2021\/07\/42738661-3114-473b-9a96-a9bee5763ee6-169x300.jpg 169w, https:\/\/www.radiopiu.net\/wordpress\/wp-content\/uploads\/2021\/07\/42738661-3114-473b-9a96-a9bee5763ee6-576x1024.jpg 576w, https:\/\/www.radiopiu.net\/wordpress\/wp-content\/uploads\/2021\/07\/42738661-3114-473b-9a96-a9bee5763ee6-768x1365.jpg 768w, https:\/\/www.radiopiu.net\/wordpress\/wp-content\/uploads\/2021\/07\/42738661-3114-473b-9a96-a9bee5763ee6-864x1536.jpg 864w, https:\/\/www.radiopiu.net\/wordpress\/wp-content\/uploads\/2021\/07\/42738661-3114-473b-9a96-a9bee5763ee6.jpg 1080w\" sizes=\"auto, (max-width: 169px) 100vw, 169px\" \/><\/a><\/strong><\/p>\n<h3>LA STRADA PER RIVAMONTE A SENSO UNICO ALTERNATO<\/h3>\n<p>&nbsp;<\/p>\n<p><strong>RIVAMONTE<\/strong> NESSUNA INTERRUZIONE TOTALE LUNGO LA PROVINCIALE 3 DI VALLE IMPERINA A GONA (TRA PONTE ALTO E RIVAMONTE), PIUTTOSTO PER ESIGENZE DI CANTIERE FINO AL 5 OTTOBRE SENSO UNICO ALTERNATO REGOLATO DA SEMAFORO COMPRESI SABATI, DOMENICHE E FESTIVI INFRASETTIMANALI, IN LOCALITA&#8217; GONA DI CONEDERA POCO SOPRA L&#8217;ABITATO DI PONTE ALTO.<\/p><\/blockquote>\n<p><strong>TAIBON<\/strong> REGIONALE 203 AGORDINA, LISTOLADE DI TAIBON: DAL 19 AL 23 LUGLIO SENSO UNICO ALTERNATO REGOLATO DA MOVIERI.<\/p>\n<p><strong>SEDICO<\/strong>\u00a0 REGIONALE 203 AGORDINA, In localit\u00e0 La Stanga dal 19 luglio al 6 agosto senso unico regolato da movieri<\/p>\n<p>&nbsp;<\/p>\n<p><span style=\"color: #ff0000;\"><strong>REGIONALE 203 AGORDINA, LOCALITA\u2019 SORAZUNAIA,\u00a0 E SR 48 DELLE DOLOMITI IN LOCALITA\u2019 LIVINALLONGO, FINO AL 31 LUGLIO DALLE 7 ALLE 18 ESCLUSI SABATI E DOMENICHE INTERRUZIONI ALLA VIABILITA\u2019 PER UNA DURATA MASSIMA DI 20 MINUTI.\u00a0<\/strong><\/span><\/p>\n<p><strong><span style=\"color: #008000;\">PROVINCIALE 641 DI PASSO FEDAIA LOCALITA&#8217; COL DI ROCCA FINO AL 30 LUGLIO (COMPRESI FESTIVI E PREFESTIVI) SENSO UNICO ALTERNATO REGOLATO DA SEMAFORO<\/span><\/strong><\/p>\n<p>&nbsp;<\/p>\n<hr \/>\n<p>&nbsp;<\/p>\n<blockquote>\n<h3>SAN GERVASIO?\u00a0 SANTA&#8230; PAZIENZA<\/h3>\n<\/blockquote>\n<p><strong>BELLUNO.<\/strong> Per due settimane saranno sempre abbassate le sbarre al passaggio a livello di San Gervasio per consentire i lavori in sicurezza. Chi viaggia lungo via Feltre, quindi, per andare in viale Europa non avr\u00e0 altra alternativa che percorrere tutta via Prade, superare il sovrappasso della ferrovia e alla rotatoria di Marisiga prendere la prima uscita; lo stesso per i veicoli provenienti da Lambioi. Stesso percorso per i mezzi provenienti dall\u2019ospedale, che avranno come alternativa la rotatoria della Cerva<\/p>\n<p>&nbsp;<\/p>\n<p>&nbsp;<\/p>\n<hr \/>\n<p>&nbsp;<\/p>\n<blockquote>\n<h3>CADE CON LA MTB, 54enne DI SANTA GIUSTINA IN GRAVI CONDIZIONI<\/h3>\n<\/blockquote>\n<p><strong><img loading=\"lazy\" decoding=\"async\" class=\"alignleft\" src=\"https:\/\/www.radiopiu.net\/wordpress\/wp-content\/uploads\/2021\/07\/fb9dd0e0-d5e5-489c-a831-6502938db7ce.jpg\" width=\"233\" height=\"175\" \/>SAN GREGORIO<\/strong> \u00c8 in gravi condizioni un ciclista caduto dalla propria mountain bike mentre scendeva da Casera Ere ieri. alle 17.20 alcune persone di passaggio hanno contattato il 118, dopo essersi imbattuti in un uomo a terra incosciente, nella parte terminale della strada verso localit\u00e0 Roncoi, a quota 840 metri. Sul posto l&#8217;elicottero di Treviso emergenza ha sbarcato con il verricello il tecnico di elisoccorso e l&#8217;equipe medica che hanno prestato le prime cure ad A.B., 54 anni, di Santa Giustina (BL), a seguito del possibile trauma cranico riportato cadendo dalla bici. Imbarellato, l&#8217;uomo \u00e8 stato trasferito in un luogo pi\u00f9 agevole dove medico e infermiere hanno proseguito i trattamenti urgenti. Una volta a bordo, l&#8217;infortunato \u00e8 stato trasportato all&#8217;ospedale di Treviso. Sul posto anche personale del Soccorso alpino di Feltre.<\/p>\n<p>&nbsp;<\/p>\n<hr \/>\n<blockquote>\n<h3><\/h3>\n<h3>INCIDENTE ALL&#8217;ALBA A LENTIAI<\/h3>\n<\/blockquote>\n<p><strong><a href=\"https:\/\/www.radiopiu.net\/wordpress\/incidente-allalba-a-lentiai\/beb0ad2d-040e-4e1d-9f0f-86aaf7e5b7e1\/\" rel=\"attachment wp-att-222530\"><img loading=\"lazy\" decoding=\"async\" class=\"size-medium wp-image-222530 alignleft\" src=\"https:\/\/www.radiopiu.net\/wordpress\/wp-content\/uploads\/2021\/07\/beb0ad2d-040e-4e1d-9f0f-86aaf7e5b7e1-300x155.jpg\" alt=\"\" width=\"300\" height=\"155\" srcset=\"https:\/\/www.radiopiu.net\/wordpress\/wp-content\/uploads\/2021\/07\/beb0ad2d-040e-4e1d-9f0f-86aaf7e5b7e1-300x155.jpg 300w, https:\/\/www.radiopiu.net\/wordpress\/wp-content\/uploads\/2021\/07\/beb0ad2d-040e-4e1d-9f0f-86aaf7e5b7e1.jpg 768w\" sizes=\"auto, (max-width: 300px) 100vw, 300px\" \/><\/a>BORGO VALBELLUNA <\/strong>Ieri poco prima delle 5 i Vigili del Fuoco sono intervenuti nella zona di Lentiai, lungo la strada provinciale 1 bis, in Via Vittorio Veneto, al km 0+500 per un incidente autonomo. L&#8217;automobile ha terminato la corsa contro un guardrail con quest&#8217;ultimo che \u00e8 penetrato all&#8217;interno dell&#8217;abitacolo. Illeso l&#8217;uomo alla guida mentre \u00e8 rimasta ferita la passeggera.<\/p>\n<p>&nbsp;<\/p>\n<p>&nbsp;<\/p>\n<hr \/>\n<p>&nbsp;<\/p>\n<blockquote>\n<h3>INCIDENTE IN AUTOSTRADA, DUE FERITI<\/h3>\n<p>BELLUNO Erano le 20.30 ieri sera quando due auto si sono scontrate in galleria Fadalto sull&#8217;A27,\u00a0 due automobilisti feriti in modo lieve, ma solo uno \u00e8 stato trasferito al Pronto Soccorso del San Martino. I due veicoli si sono tamponati per cause in corso di accertamento da parte della pattuglia della polizia autostradale. Il traffico ha subito qualche rallentamento.<\/p><\/blockquote>\n<p>&nbsp;<\/p>\n<hr \/>\n<p>&nbsp;<\/p>\n<blockquote>\n<h3>REGIONALE FELTRINA&#8230; POMERIGGIO DI INCIDENTI<\/h3>\n<p>FELTRE Tre incidenti el tratto Quero-Treviso.\u00a0 Nel primo coinvolta una famiglia trevigiana, sei persone a bordo di\u00a0 un Suv con tre file di sedili. C.G., 76 anni per una distrazione o un malore \u00e8 finito a destra e dopo aver divelto un cartello \u00e8 finito fuori strada lungo una scarpata, il ferito pi\u00f9 grave (sottoposta ad intervento chirurgico al braccio) una donna, D.C., 66 anni seduta a fianco del guidatore.\u00a0 Altro incidente vicino alla Pizzeria La Rotonda ferite due donne in modo non grave, la Punto condotta dalla diciannovenne G.L. residente a Segusino uscendo dallo stop \u00e8 stata centrata da una Fiat 500,\u00a0 ferita una\u00a0 ragazza di Segusino e la passeggera veneziana della 500. Il terzo incidente\u00a0 sul ponte\u00a0 di Fener,\u00a0 coinvolte tre auto, danni tanti e un ferito lieve.<\/p><\/blockquote>\n<p>&nbsp;<\/p>\n<p>&nbsp;<\/p>\n<p>&nbsp;<\/p>\n<hr \/>\n<p>&nbsp;<\/p>\n<blockquote>\n<h3>NOVE MAESTRI DI SCI TORNANO DALLA FRANCIA&#8230; CON IL VIRUS<\/h3>\n<h3>BELLUNO Nuovo focolaio di covid, interessati 9 maestri di\u00a0 sci bellunesi (su 12). I giovani tutti attono ai 20 anni sono\u00a0 tornati dalla Francia (Deuex Alpes) con il loro\u00a0 istruttore.\u00a0 Sono stati posti in autoisolamento nelle loro residenze, dopo il rientro anticipato in Italia lo scorso venerd\u00ec. Potranno uscire soltanto sabato per sottoporsi al tampone. A dare la notizia il collegio maestri di sci del Friuli Venezia Giulia che ha organizzato il corso. In totale sono stati contagiati 30 aspiranti maestri di sci veneti e friulani. Per tutti quindi rientro anticipato.<\/h3>\n<\/blockquote>\n<p>&nbsp;<\/p>\n<hr \/>\n<p>&nbsp;<\/p>\n<blockquote>\n<h3>E&#8217; MORTO FLAVIO CADORIN, PRESIDENTE ACLI<\/h3>\n<h3><a href=\"https:\/\/www.radiopiu.net\/wordpress\/giornale-radiopiu-19-luglio-2021-direttore-mirko-mezzacasa\/47e3e3af-754c-4004-81b6-73456f52adc9\/\" rel=\"attachment wp-att-222558\"><img loading=\"lazy\" decoding=\"async\" class=\" wp-image-222558 alignleft\" src=\"https:\/\/www.radiopiu.net\/wordpress\/wp-content\/uploads\/2021\/07\/47e3e3af-754c-4004-81b6-73456f52adc9-300x169.jpg\" alt=\"\" width=\"202\" height=\"114\" srcset=\"https:\/\/www.radiopiu.net\/wordpress\/wp-content\/uploads\/2021\/07\/47e3e3af-754c-4004-81b6-73456f52adc9-300x169.jpg 300w, https:\/\/www.radiopiu.net\/wordpress\/wp-content\/uploads\/2021\/07\/47e3e3af-754c-4004-81b6-73456f52adc9-1024x576.jpg 1024w, https:\/\/www.radiopiu.net\/wordpress\/wp-content\/uploads\/2021\/07\/47e3e3af-754c-4004-81b6-73456f52adc9-768x432.jpg 768w, https:\/\/www.radiopiu.net\/wordpress\/wp-content\/uploads\/2021\/07\/47e3e3af-754c-4004-81b6-73456f52adc9-1536x864.jpg 1536w, https:\/\/www.radiopiu.net\/wordpress\/wp-content\/uploads\/2021\/07\/47e3e3af-754c-4004-81b6-73456f52adc9.jpg 1920w\" sizes=\"auto, (max-width: 202px) 100vw, 202px\" \/><\/a><\/h3>\n<h3><strong>BELLUNO<\/strong> Si \u00e8 spento all&#8217;ospedale di Feltre, dove era ricoverato da qualche giorno per grave insufficienza respiratoria, Flavio Cadorin 72 anni , residente a San Gregorio nelle Alpi era al suo secondo mandato a capo delle Acli provinciali. Lascia i quattro figli Dimitri, Manuela, Sabrina e Shaila. Il sindaco di San Gregorio, Marco Badole. <em>\u00abPer me Flavio Cadorin era un amico. Lo avevo incontrato a Roma l&#8217;anno scorso, quando mi aveva invitato alla riunione delle Acli e questo mi aveva fatto particolarmente piacere. Era una persona sempre disponibile e di buon senso. Credeva nelle Acli e ci metteva l&#8217;anima nelle cose che faceva. Era una bella persona di San Gregorio, ci mancher\u00e0\u00bb.<\/em><\/h3>\n<\/blockquote>\n<p>&nbsp;<\/p>\n<hr \/>\n<p>&nbsp;<\/p>\n<blockquote>\n<h3>NO ALLA CEMENTIFICAZIONE DEL PASSO GIAU<\/h3>\n<\/blockquote>\n<p><strong><a href=\"https:\/\/www.radiopiu.net\/wordpress\/incidente-sul-passo-giau-muore-un-motociclista\/passo-giau\/\" rel=\"attachment wp-att-145600\"><img loading=\"lazy\" decoding=\"async\" class=\" wp-image-145600 alignleft\" src=\"https:\/\/www.radiopiu.net\/wordpress\/wp-content\/uploads\/2020\/06\/Passo-Giau-300x200.jpg\" alt=\"\" width=\"176\" height=\"117\" srcset=\"https:\/\/www.radiopiu.net\/wordpress\/wp-content\/uploads\/2020\/06\/Passo-Giau-300x200.jpg 300w, https:\/\/www.radiopiu.net\/wordpress\/wp-content\/uploads\/2020\/06\/Passo-Giau-1024x683.jpg 1024w, https:\/\/www.radiopiu.net\/wordpress\/wp-content\/uploads\/2020\/06\/Passo-Giau-768x512.jpg 768w, https:\/\/www.radiopiu.net\/wordpress\/wp-content\/uploads\/2020\/06\/Passo-Giau-1536x1024.jpg 1536w, https:\/\/www.radiopiu.net\/wordpress\/wp-content\/uploads\/2020\/06\/Passo-Giau-2048x1365.jpg 2048w\" sizes=\"auto, (max-width: 176px) 100vw, 176px\" \/><\/a>PASSO GIAU<\/strong><\/p>\n<p>di Gianni Santomaso<\/p>\n<audio class=\"wp-audio-shortcode\" id=\"audio-222416-1\" preload=\"none\" style=\"width: 100%;\" controls=\"controls\"><source type=\"audio\/mpeg\" src=\"https:\/\/www.radiopiu.net\/wordpress\/wp-content\/uploads\/2021\/07\/GIANNI-CEMENTIFICAZIONE-PASSO-GIAU.mp3?_=1\" \/><a href=\"https:\/\/www.radiopiu.net\/wordpress\/wp-content\/uploads\/2021\/07\/GIANNI-CEMENTIFICAZIONE-PASSO-GIAU.mp3\">https:\/\/www.radiopiu.net\/wordpress\/wp-content\/uploads\/2021\/07\/GIANNI-CEMENTIFICAZIONE-PASSO-GIAU.mp3<\/a><\/audio>\n<p>&nbsp;<\/p>\n<hr \/>\n<p>&nbsp;<\/p>\n<blockquote>\n<h3>GREEN PASS PER L&#8217;ACCESSO AI SERVIZI ESSENZIALI: CORRETTO FAVORIRE LA CAMPAGNA VACCINALE MA ATTENZIONE A NON GHETTIZZARE CHI HA ADERITO<\/h3>\n<\/blockquote>\n<p><strong>ALLA RADIO &#8211; DARIO SCOPEL<\/strong><\/p>\n<audio class=\"wp-audio-shortcode\" id=\"audio-222416-2\" preload=\"none\" style=\"width: 100%;\" controls=\"controls\"><source type=\"audio\/mpeg\" src=\"https:\/\/www.radiopiu.net\/wordpress\/wp-content\/uploads\/2021\/07\/SCOPEL-GREEN-PASS.mp3?_=2\" \/><a href=\"https:\/\/www.radiopiu.net\/wordpress\/wp-content\/uploads\/2021\/07\/SCOPEL-GREEN-PASS.mp3\">https:\/\/www.radiopiu.net\/wordpress\/wp-content\/uploads\/2021\/07\/SCOPEL-GREEN-PASS.mp3<\/a><\/audio>\n<p>&nbsp;<\/p>\n<p><strong><a href=\"https:\/\/www.radiopiu.net\/wordpress\/giornale-radiopiu-05-gennaio-2019-direttore-mirko-mezzacasa\/download-479\/\" rel=\"attachment wp-att-71362\"><img loading=\"lazy\" decoding=\"async\" class=\"size-full wp-image-71362 alignleft\" src=\"https:\/\/www.radiopiu.net\/wordpress\/wp-content\/uploads\/2019\/01\/download-2.jpg\" alt=\"\" width=\"183\" height=\"276\" \/><\/a>BELLUNO<\/strong> Dopo la ripresa della curva dei contagi da Covid-19, che \u00e8 tornata in questi giorni a salire nonostante il numero dei ricoveri sia ancora lontano dai livelli di allarme, si rincorrono in queste ore diverse ipotesi sull\u2019applicazione del green pass per l\u2019accesso anche ad alcuni servizi primari o addirittura essenziali. E il dibattito \u00e8 arrivato anche in terra bellunese, come testimoniano le prese di posizione del presidente di Confcommercio Belluno Paolo Doglioni e della presidente della Fipe, Federazione Italiana Pubblici Esercizi, Rossana Roma. Esternazioni dalle quali traspare la richiesta, con il fine di scongiurare altre chiusure delle attivit\u00e0 in futuro, di estendere quanto pi\u00f9 possibile l\u2019utilizzo del green pass per l\u2019accesso ai servizi di bar e ristorazione, ma anche ad altre categorie di attivit\u00e0, come supermercati e centri commerciali. \u201c<em>Se da un lato condivido la \u201cpressione\u201d, anche mediatica, per favorire quanto pi\u00f9 possibile l\u2019avanzamento della campagna vaccinale (con conseguente rilascio dell\u2019oramai famoso green pass) &#8211; esordisce il coordinatore provinciale di Forza Italia Dario Scopel -, dall\u2019altro non pu\u00f2 non preoccuparmi l\u2019ipotesi di vedere vietati alcuni o molti servizi sia pubblici che privati a chi non si \u00e8 (o non si \u00e8 ancora) vaccinato. <\/em><em>Davvero immaginiamo di negare la possibilit\u00e0 di acquistare generi di prima necessit\u00e0, come quelli alimentari &#8211; si chiede Scopel non senza una punta di amara ironia &#8211; a chi non ha il green pass? O di interdirlo dalla frequentazione di luoghi o servizi pubblici che pure concorre a finanziare con le sue tasse?<\/em>\u201d \u201c<em>Qui c\u2019\u00e8 il rischio concreto che un\u2019idea nata con uno scopo condivisibile (favore la vaccinazione di massa e quindi ridurre il numero dei contagi e le conseguenze sanitarie degli stessi) generi degli effetti distorti o addirittura pericolosi. In giro, continua il coordinatore azzurro, si respira un clima di diffidenza nei confronti delle persone non vaccinate (che a volte lo sono anche per ragioni indipendenti dalla propria volont\u00e0) che rischia di degenerare in qualcosa di molto pi\u00f9 pericoloso e in una sorta di vera e propria ghettizzazione. Gli effetti sociali di tutto questo sarebbero a dir poco preoccupanti. <\/em><em>Ben vengano quindi, conclude Scopel, tutte le iniziative volte a rendere la popolazione consapevole dei rischi che stiamo correndo e della necessit\u00e0 di procedere rapidamente con i vaccini, ma assolutamente no alla creazione di cittadini di serie A e di serie B; i beni e i servizi primari, pur con accesso regolato da tutte le precauzioni e le norme del caso, devono essere e restare appannaggio di tutti! <\/em><em>E\u2019 una questione di rispetto della persona, ma anche di seria e responsabile gestione delle nostre comunit\u00e0, piccole o grandi che siano<\/em>\u201d.<\/p>\n<p>&nbsp;<\/p>\n<p>&nbsp;<\/p>\n<hr \/>\n<p>&nbsp;<\/p>\n<blockquote>\n<h3>VANDALI SUL SENTIERO<\/h3>\n<\/blockquote>\n<p><strong>DOMEGGE<\/strong> E&#8217; il sito internet News in quota che ieri ha dato notizia dell&#8217;episodio di vandalismo sul capitello lungo il sentiero che porta in localit\u00e0 Pian de Daosto. Per ora il capitello non esiste pi\u00f9 \u00e8 stato distrutto e la statuina scaraventata a terra, episodio simile a quello avvenuto ad Alleghe lo scorso anno, il Sant&#8217;Antonio era stato bruciato.<\/p>\n<p><em>(foto sito internet newsinquota)<\/em><\/p>\n<p><strong><em>Come ad Alleghe anche a Domegge : nei prossimi giorni il capitello torner\u00e0 al suo posto, insieme all\u2019immagine sacra.<\/em><\/strong><\/p>\n\n\t\t\t<style type='text\/css'>\n\t\t\t\t#gallery-1 {\n\t\t\t\t\tmargin: auto;\n\t\t\t\t}\n\t\t\t\t#gallery-1 .gallery-item {\n\t\t\t\t\tfloat: left;\n\t\t\t\t\tmargin-top: 10px;\n\t\t\t\t\ttext-align: center;\n\t\t\t\t\twidth: 50%;\n\t\t\t\t}\n\t\t\t\t#gallery-1 img {\n\t\t\t\t\tborder: 2px solid #cfcfcf;\n\t\t\t\t}\n\t\t\t\t#gallery-1 .gallery-caption {\n\t\t\t\t\tmargin-left: 0;\n\t\t\t\t}\n\t\t\t\t\/* see gallery_shortcode() in wp-includes\/media.php *\/\n\t\t\t<\/style>\n\t\t<div id='gallery-1' class='dt-gallery-container gallery galleryid-222416 gallery-columns-2 gallery-size-medium'><dl class='gallery-item'>\n\t\t\t\t<dt class='gallery-icon landscape'>\n\t\t\t\t\t<a class=\"rollover\" href='https:\/\/www.radiopiu.net\/wordpress\/vandali-sul-sentiero\/254f34d4-6e9e-4bec-9ed7-dac7c2029c87\/'><img loading=\"lazy\" decoding=\"async\" width=\"300\" height=\"157\" src=\"https:\/\/www.radiopiu.net\/wordpress\/wp-content\/uploads\/2021\/07\/254f34d4-6e9e-4bec-9ed7-dac7c2029c87-300x157.jpg\" class=\"attachment-medium size-medium\" alt=\"\" srcset=\"https:\/\/www.radiopiu.net\/wordpress\/wp-content\/uploads\/2021\/07\/254f34d4-6e9e-4bec-9ed7-dac7c2029c87-300x157.jpg 300w, https:\/\/www.radiopiu.net\/wordpress\/wp-content\/uploads\/2021\/07\/254f34d4-6e9e-4bec-9ed7-dac7c2029c87.jpg 500w\" sizes=\"auto, (max-width: 300px) 100vw, 300px\" \/><\/a>\n\t\t\t\t<\/dt><\/dl><dl class='gallery-item'>\n\t\t\t\t<dt class='gallery-icon portrait'>\n\t\t\t\t\t<a class=\"rollover\" href='https:\/\/www.radiopiu.net\/wordpress\/vandali-sul-sentiero\/c5df9382-b7f1-4966-8a17-3fb1846caf20\/'><img loading=\"lazy\" decoding=\"async\" width=\"274\" height=\"300\" src=\"https:\/\/www.radiopiu.net\/wordpress\/wp-content\/uploads\/2021\/07\/c5df9382-b7f1-4966-8a17-3fb1846caf20-274x300.jpg\" class=\"attachment-medium size-medium\" alt=\"\" srcset=\"https:\/\/www.radiopiu.net\/wordpress\/wp-content\/uploads\/2021\/07\/c5df9382-b7f1-4966-8a17-3fb1846caf20-274x300.jpg 274w, https:\/\/www.radiopiu.net\/wordpress\/wp-content\/uploads\/2021\/07\/c5df9382-b7f1-4966-8a17-3fb1846caf20.jpg 615w\" sizes=\"auto, (max-width: 274px) 100vw, 274px\" \/><\/a>\n\t\t\t\t<\/dt><\/dl><br style=\"clear: both\" \/>\n\t\t\t<\/div>\n\n<p>&nbsp;<\/p>\n<hr \/>\n<p>&nbsp;<\/p>\n<blockquote class=\"wp-embedded-content\" data-secret=\"qzmD0arVQF\"><p><a href=\"https:\/\/www.radiopiu.net\/wordpress\/aggiornamentolug18\/\">CORONAVIRUS: AGGIORNAMENTO NAZIONALE 18 LUGLIO  2021<\/a><\/p><\/blockquote>\n<p><iframe loading=\"lazy\" class=\"wp-embedded-content\" sandbox=\"allow-scripts\" security=\"restricted\" style=\"position: absolute; clip: rect(1px, 1px, 1px, 1px);\" title=\"&#8220;CORONAVIRUS: AGGIORNAMENTO NAZIONALE 18 LUGLIO  2021&#8221; &#8212; Radio Pi\u00f9\" src=\"https:\/\/www.radiopiu.net\/wordpress\/aggiornamentolug18\/embed\/#?secret=qzmD0arVQF\" data-secret=\"qzmD0arVQF\" width=\"600\" height=\"338\" frameborder=\"0\" marginwidth=\"0\" marginheight=\"0\" scrolling=\"no\"><\/iframe><\/p>\n<p>&nbsp;<\/p>\n<blockquote class=\"wp-embedded-content\" data-secret=\"PfFzJ5VLwZ\"><p><a href=\"https:\/\/www.radiopiu.net\/wordpress\/ricoveri-stabili-e-nessun-decesso-in-veneto-nelle-ultime-24-ore-sono-379-i-nuovi-positivi\/\">RICOVERI STABILI E NESSUN DECESSO IN VENETO NELLE ULTIME 24 ORE. SONO 379 I NUOVI POSITIVI<\/a><\/p><\/blockquote>\n<p><iframe loading=\"lazy\" class=\"wp-embedded-content\" sandbox=\"allow-scripts\" security=\"restricted\" style=\"position: absolute; clip: rect(1px, 1px, 1px, 1px);\" title=\"&#8220;RICOVERI STABILI E NESSUN DECESSO IN VENETO NELLE ULTIME 24 ORE. SONO 379 I NUOVI POSITIVI&#8221; &#8212; Radio Pi\u00f9\" src=\"https:\/\/www.radiopiu.net\/wordpress\/ricoveri-stabili-e-nessun-decesso-in-veneto-nelle-ultime-24-ore-sono-379-i-nuovi-positivi\/embed\/#?secret=PfFzJ5VLwZ\" data-secret=\"PfFzJ5VLwZ\" width=\"600\" height=\"338\" frameborder=\"0\" marginwidth=\"0\" marginheight=\"0\" scrolling=\"no\"><\/iframe><\/p>\n<p>&nbsp;<\/p>\n<h3>I GRAFICI DI TIZIANO DE COL<\/h3>\n\n\t\t\t<style type='text\/css'>\n\t\t\t\t#gallery-2 {\n\t\t\t\t\tmargin: auto;\n\t\t\t\t}\n\t\t\t\t#gallery-2 .gallery-item {\n\t\t\t\t\tfloat: left;\n\t\t\t\t\tmargin-top: 10px;\n\t\t\t\t\ttext-align: center;\n\t\t\t\t\twidth: 20%;\n\t\t\t\t}\n\t\t\t\t#gallery-2 img {\n\t\t\t\t\tborder: 2px solid #cfcfcf;\n\t\t\t\t}\n\t\t\t\t#gallery-2 .gallery-caption {\n\t\t\t\t\tmargin-left: 0;\n\t\t\t\t}\n\t\t\t\t\/* see gallery_shortcode() in wp-includes\/media.php *\/\n\t\t\t<\/style>\n\t\t<div id='gallery-2' class='dt-gallery-container gallery galleryid-222416 gallery-columns-5 gallery-size-thumbnail'><dl class='gallery-item'>\n\t\t\t\t<dt class='gallery-icon landscape'>\n\t\t\t\t\t<a class=\"rollover rollover-zoom dt-pswp-item\" title=\"f84446a3-b510-4e4a-b000-fd4e1fa6fdb6\" data-dt-img-description=\"\" data-large_image_width=\"586\" data-large_image_height=\"352\"href='https:\/\/www.radiopiu.net\/wordpress\/wp-content\/uploads\/2021\/07\/f84446a3-b510-4e4a-b000-fd4e1fa6fdb6.jpg'><img loading=\"lazy\" decoding=\"async\" width=\"150\" height=\"150\" src=\"https:\/\/www.radiopiu.net\/wordpress\/wp-content\/uploads\/2021\/07\/f84446a3-b510-4e4a-b000-fd4e1fa6fdb6-150x150.jpg\" class=\"attachment-thumbnail size-thumbnail\" alt=\"\" \/><\/a>\n\t\t\t\t<\/dt><\/dl><dl class='gallery-item'>\n\t\t\t\t<dt class='gallery-icon landscape'>\n\t\t\t\t\t<a class=\"rollover rollover-zoom dt-pswp-item\" title=\"3892c31d-954b-4088-a8a0-af9fae585f68\" data-dt-img-description=\"\" data-large_image_width=\"608\" data-large_image_height=\"350\"href='https:\/\/www.radiopiu.net\/wordpress\/wp-content\/uploads\/2021\/07\/3892c31d-954b-4088-a8a0-af9fae585f68.jpg'><img loading=\"lazy\" decoding=\"async\" width=\"150\" height=\"150\" src=\"https:\/\/www.radiopiu.net\/wordpress\/wp-content\/uploads\/2021\/07\/3892c31d-954b-4088-a8a0-af9fae585f68-150x150.jpg\" class=\"attachment-thumbnail size-thumbnail\" alt=\"\" \/><\/a>\n\t\t\t\t<\/dt><\/dl><dl class='gallery-item'>\n\t\t\t\t<dt class='gallery-icon landscape'>\n\t\t\t\t\t<a class=\"rollover rollover-zoom dt-pswp-item\" title=\"323828cd-5871-4cc9-96d3-ac6183500057\" data-dt-img-description=\"\" data-large_image_width=\"598\" data-large_image_height=\"348\"href='https:\/\/www.radiopiu.net\/wordpress\/wp-content\/uploads\/2021\/07\/323828cd-5871-4cc9-96d3-ac6183500057.jpg'><img loading=\"lazy\" decoding=\"async\" width=\"150\" height=\"150\" src=\"https:\/\/www.radiopiu.net\/wordpress\/wp-content\/uploads\/2021\/07\/323828cd-5871-4cc9-96d3-ac6183500057-150x150.jpg\" class=\"attachment-thumbnail size-thumbnail\" alt=\"\" \/><\/a>\n\t\t\t\t<\/dt><\/dl><dl class='gallery-item'>\n\t\t\t\t<dt class='gallery-icon landscape'>\n\t\t\t\t\t<a class=\"rollover rollover-zoom dt-pswp-item\" title=\"0cebb82a-3860-4db2-a013-8569b2ba9d9b\" data-dt-img-description=\"\" data-large_image_width=\"614\" data-large_image_height=\"351\"href='https:\/\/www.radiopiu.net\/wordpress\/wp-content\/uploads\/2021\/07\/0cebb82a-3860-4db2-a013-8569b2ba9d9b.jpg'><img loading=\"lazy\" decoding=\"async\" width=\"150\" height=\"150\" src=\"https:\/\/www.radiopiu.net\/wordpress\/wp-content\/uploads\/2021\/07\/0cebb82a-3860-4db2-a013-8569b2ba9d9b-150x150.jpg\" class=\"attachment-thumbnail size-thumbnail\" alt=\"\" \/><\/a>\n\t\t\t\t<\/dt><\/dl><dl class='gallery-item'>\n\t\t\t\t<dt class='gallery-icon landscape'>\n\t\t\t\t\t<a class=\"rollover rollover-zoom dt-pswp-item\" title=\"1be82ea4-dcc3-4ed5-9f84-98431d9ff14f\" data-dt-img-description=\"\" data-large_image_width=\"602\" data-large_image_height=\"352\"href='https:\/\/www.radiopiu.net\/wordpress\/wp-content\/uploads\/2021\/07\/1be82ea4-dcc3-4ed5-9f84-98431d9ff14f.jpg'><img loading=\"lazy\" decoding=\"async\" width=\"150\" height=\"150\" src=\"https:\/\/www.radiopiu.net\/wordpress\/wp-content\/uploads\/2021\/07\/1be82ea4-dcc3-4ed5-9f84-98431d9ff14f-150x150.jpg\" class=\"attachment-thumbnail size-thumbnail\" alt=\"\" \/><\/a>\n\t\t\t\t<\/dt><\/dl><br style=\"clear: both\" \/>\n\t\t\t<\/div>\n\n<p>&nbsp;<\/p>\n<hr \/>\n<p>&nbsp;<\/p>\n<blockquote>\n<h3>IL PUNTO DELL&#8217;ULSS 1 DOLOMITI SULLA CAMPAGNA VACCINALE E LA SITUAZIONE EPIDEMIOLOGICA<\/h3>\n<\/blockquote>\n<p><strong><a href=\"https:\/\/www.radiopiu.net\/wordpress\/il-punto-dellulss-1-dolomiti-sulla-campagna-vaccinale-e-la-situazione-epidemiologica\/schermata-2021-07-17-alle-15-27-14\/\" rel=\"attachment wp-att-222296\"><img loading=\"lazy\" decoding=\"async\" class=\"size-medium wp-image-222296 alignleft\" src=\"https:\/\/www.radiopiu.net\/wordpress\/wp-content\/uploads\/2021\/07\/Schermata-2021-07-17-alle-15.27.14-300x233.png\" alt=\"\" width=\"300\" height=\"233\" srcset=\"https:\/\/www.radiopiu.net\/wordpress\/wp-content\/uploads\/2021\/07\/Schermata-2021-07-17-alle-15.27.14-300x233.png 300w, https:\/\/www.radiopiu.net\/wordpress\/wp-content\/uploads\/2021\/07\/Schermata-2021-07-17-alle-15.27.14-1024x794.png 1024w, https:\/\/www.radiopiu.net\/wordpress\/wp-content\/uploads\/2021\/07\/Schermata-2021-07-17-alle-15.27.14-768x595.png 768w, https:\/\/www.radiopiu.net\/wordpress\/wp-content\/uploads\/2021\/07\/Schermata-2021-07-17-alle-15.27.14-1536x1191.png 1536w, https:\/\/www.radiopiu.net\/wordpress\/wp-content\/uploads\/2021\/07\/Schermata-2021-07-17-alle-15.27.14.png 1656w\" sizes=\"auto, (max-width: 300px) 100vw, 300px\" \/><\/a>BELLUNO<\/strong><\/p>\n<p>di Moreno Gioli<\/p>\n<audio class=\"wp-audio-shortcode\" id=\"audio-222416-3\" preload=\"none\" style=\"width: 100%;\" controls=\"controls\"><source type=\"audio\/mpeg\" src=\"https:\/\/www.radiopiu.net\/wordpress\/wp-content\/uploads\/2021\/07\/GIOLI-CONFERENZA-ULSS.mp3?_=3\" \/><a href=\"https:\/\/www.radiopiu.net\/wordpress\/wp-content\/uploads\/2021\/07\/GIOLI-CONFERENZA-ULSS.mp3\">https:\/\/www.radiopiu.net\/wordpress\/wp-content\/uploads\/2021\/07\/GIOLI-CONFERENZA-ULSS.mp3<\/a><\/audio>\n<p>&nbsp;<\/p>\n<p><strong>MARIA GRAZIA CARRARO, DIRETTORE GENERALE ULSS 1 DOLOMITI<\/strong><\/p>\n<audio class=\"wp-audio-shortcode\" id=\"audio-222416-4\" preload=\"none\" style=\"width: 100%;\" controls=\"controls\"><source type=\"audio\/mpeg\" src=\"https:\/\/www.radiopiu.net\/wordpress\/wp-content\/uploads\/2021\/07\/CARRARO-DIRIGENTE-ULSS.mp3?_=4\" \/><a href=\"https:\/\/www.radiopiu.net\/wordpress\/wp-content\/uploads\/2021\/07\/CARRARO-DIRIGENTE-ULSS.mp3\">https:\/\/www.radiopiu.net\/wordpress\/wp-content\/uploads\/2021\/07\/CARRARO-DIRIGENTE-ULSS.mp3<\/a><\/audio>\n<p>&nbsp;<\/p>\n<hr \/>\n<p>&nbsp;<\/p>\n<blockquote>\n<h3>DILLO A RADIO PIU&#8217;&#8230;DAL RIFUGIO TISSI A TAMONICH PER IL VACCINO<\/h3>\n<\/blockquote>\n<p><strong><a href=\"https:\/\/www.radiopiu.net\/wordpress\/dillo-a-radio-piu-dal-rifugio-tissi-a-tamonich-per-il-vaccino\/vaccino-covid-3\/\" rel=\"attachment wp-att-222306\"><img loading=\"lazy\" decoding=\"async\" class=\"size-medium wp-image-222306 alignleft\" src=\"https:\/\/www.radiopiu.net\/wordpress\/wp-content\/uploads\/2021\/07\/vaccino-covid-300x199.jpg\" alt=\"\" width=\"300\" height=\"199\" srcset=\"https:\/\/www.radiopiu.net\/wordpress\/wp-content\/uploads\/2021\/07\/vaccino-covid-300x199.jpg 300w, https:\/\/www.radiopiu.net\/wordpress\/wp-content\/uploads\/2021\/07\/vaccino-covid-1024x678.jpg 1024w, https:\/\/www.radiopiu.net\/wordpress\/wp-content\/uploads\/2021\/07\/vaccino-covid-768x509.jpg 768w, https:\/\/www.radiopiu.net\/wordpress\/wp-content\/uploads\/2021\/07\/vaccino-covid-1536x1018.jpg 1536w, https:\/\/www.radiopiu.net\/wordpress\/wp-content\/uploads\/2021\/07\/vaccino-covid.jpg 1920w\" sizes=\"auto, (max-width: 300px) 100vw, 300px\" \/><\/a>REDAZIONE<\/strong> Riceviamo e volentieri pubblichiamo una testimonianza che riguarda un ragazzo che dal Rifugio Tissi \u00e8 sceso ad Agordo per la campagna vaccinale.<\/p>\n<blockquote><p><em>Grazie ragazzo del Rifugio Tissi che ti sei presentato puntualissimo per la vaccinazione a Tamonich. Tu forse non ci hai fatto nemmeno caso, ma con il tuo gesto hai contribuito alla salute di tutti, hai dimostrato che quando si pensa che una cosa vada fatta, passano in secondo piano le 3 ore e mezza di cammino, il tempo che minaccia pioggia e gli oltre 1500 m di dislivello (che importa se poi bisogna risalire!) Indipendentemente da come la si pensi sulla vaccinazione, sono da ammirare determinazione e s\u00ec senso civico. Grazie ragazzo del Tissi per averci dimostrato che \u00e8 giusto sacrificarsi per ci\u00f2 che riteniamo importante.<\/em><\/p><\/blockquote>\n<p>&nbsp;<\/p>\n<hr \/>\n<p>&nbsp;<\/p>\n<blockquote>\n<h3>FORZE NUOVE PER I POMPIERI DI SELVA DI CADORE, QUATTRO GIOVANI PRONTI A ENTRARE IN SERVIZIO<\/h3>\n<\/blockquote>\n<h3><em>POMPIERI VOLONTARI OPERATIVI E IN CONTINUO &#8220;ALLENAMENTO&#8221;<\/em><\/h3>\n<p><strong>SELVA DI CADORE<\/strong> Quattro giovani nati e cresciuti a Selva di Cadore hanno concluso il corso di formazione di 120 ore proposto, organizzato e coordinato dal Comando Vigili del Fuoco di Belluno con il concorso della Regione Veneto. Ora sono vigili del fuoco a tutti gli effetti pronti per entrare in servizio. Per la prima volta nella storia del distaccamento di Selva di Cadore anche una ragazza, Giorgia Monico a cui vanno i complimenti condivisi con gli altri tre neo pompieri Elvis Zanicolo, Nicola Zuliani e Roberto Lorenzini. Dai &#8220;veci&#8221; di Selva il benvenuto con l&#8217;immancabile in bocca al lupo, dal paese e vallate limitrofe grazie per esserci<\/p>\n\n\t\t\t<style type='text\/css'>\n\t\t\t\t#gallery-3 {\n\t\t\t\t\tmargin: auto;\n\t\t\t\t}\n\t\t\t\t#gallery-3 .gallery-item {\n\t\t\t\t\tfloat: left;\n\t\t\t\t\tmargin-top: 10px;\n\t\t\t\t\ttext-align: center;\n\t\t\t\t\twidth: 50%;\n\t\t\t\t}\n\t\t\t\t#gallery-3 img {\n\t\t\t\t\tborder: 2px solid #cfcfcf;\n\t\t\t\t}\n\t\t\t\t#gallery-3 .gallery-caption {\n\t\t\t\t\tmargin-left: 0;\n\t\t\t\t}\n\t\t\t\t\/* see gallery_shortcode() in wp-includes\/media.php *\/\n\t\t\t<\/style>\n\t\t<div id='gallery-3' class='dt-gallery-container gallery galleryid-222416 gallery-columns-2 gallery-size-medium'><dl class='gallery-item'>\n\t\t\t\t<dt class='gallery-icon portrait'>\n\t\t\t\t\t<a class=\"rollover rollover-zoom dt-pswp-item\" title=\"2d1b9616-2250-4025-92d8-bab9fc3e091a\" data-dt-img-description=\"\" data-large_image_width=\"381\" data-large_image_height=\"600\"href='https:\/\/www.radiopiu.net\/wordpress\/wp-content\/uploads\/2021\/07\/2d1b9616-2250-4025-92d8-bab9fc3e091a.jpg'><img loading=\"lazy\" decoding=\"async\" width=\"191\" height=\"300\" src=\"https:\/\/www.radiopiu.net\/wordpress\/wp-content\/uploads\/2021\/07\/2d1b9616-2250-4025-92d8-bab9fc3e091a-191x300.jpg\" class=\"attachment-medium size-medium\" alt=\"\" srcset=\"https:\/\/www.radiopiu.net\/wordpress\/wp-content\/uploads\/2021\/07\/2d1b9616-2250-4025-92d8-bab9fc3e091a-191x300.jpg 191w, https:\/\/www.radiopiu.net\/wordpress\/wp-content\/uploads\/2021\/07\/2d1b9616-2250-4025-92d8-bab9fc3e091a.jpg 381w\" sizes=\"auto, (max-width: 191px) 100vw, 191px\" \/><\/a>\n\t\t\t\t<\/dt><\/dl><dl class='gallery-item'>\n\t\t\t\t<dt class='gallery-icon portrait'>\n\t\t\t\t\t<a class=\"rollover rollover-zoom dt-pswp-item\" title=\"cbd36a5f-4959-4dba-af17-ca0671e8fe6c\" data-dt-img-description=\"\" data-large_image_width=\"385\" data-large_image_height=\"600\"href='https:\/\/www.radiopiu.net\/wordpress\/wp-content\/uploads\/2021\/07\/cbd36a5f-4959-4dba-af17-ca0671e8fe6c.jpg'><img loading=\"lazy\" decoding=\"async\" width=\"193\" height=\"300\" src=\"https:\/\/www.radiopiu.net\/wordpress\/wp-content\/uploads\/2021\/07\/cbd36a5f-4959-4dba-af17-ca0671e8fe6c-193x300.jpg\" class=\"attachment-medium size-medium\" alt=\"\" srcset=\"https:\/\/www.radiopiu.net\/wordpress\/wp-content\/uploads\/2021\/07\/cbd36a5f-4959-4dba-af17-ca0671e8fe6c-193x300.jpg 193w, https:\/\/www.radiopiu.net\/wordpress\/wp-content\/uploads\/2021\/07\/cbd36a5f-4959-4dba-af17-ca0671e8fe6c.jpg 385w\" sizes=\"auto, (max-width: 193px) 100vw, 193px\" \/><\/a>\n\t\t\t\t<\/dt><\/dl><br style=\"clear: both\" \/>\n\t\t\t<\/div>\n\n<p>Nel recente scatto fotografico una delle tante esercitazioni dei volontari, ecco perch\u00e9 non si fanno mai trovare impreparati.<br \/>\nNell&#8217;occasione addestramento mensile ricerca persona in camera a fumo.<\/p>\n<p><a href=\"https:\/\/www.radiopiu.net\/wordpress\/forze-nuove-per-i-pompieri-di-selva-di-cadore-quattro-giovani-pronti-a-entrare-in-servizio\/ae9c78cd-8cd3-42c2-b405-89f450406d11\/\" rel=\"attachment wp-att-222483\"><img loading=\"lazy\" decoding=\"async\" class=\"aligncenter wp-image-222483 size-full\" src=\"https:\/\/www.radiopiu.net\/wordpress\/wp-content\/uploads\/2021\/07\/ae9c78cd-8cd3-42c2-b405-89f450406d11.jpg\" alt=\"\" width=\"206\" height=\"206\" srcset=\"https:\/\/www.radiopiu.net\/wordpress\/wp-content\/uploads\/2021\/07\/ae9c78cd-8cd3-42c2-b405-89f450406d11.jpg 206w, https:\/\/www.radiopiu.net\/wordpress\/wp-content\/uploads\/2021\/07\/ae9c78cd-8cd3-42c2-b405-89f450406d11-150x150.jpg 150w\" sizes=\"auto, (max-width: 206px) 100vw, 206px\" \/><\/a><\/p>\n<p>&nbsp;<\/p>\n<hr \/>\n<p>&nbsp;<\/p>\n<blockquote>\n<h3>A COLLE DUE NUOVI VOLONTARI, LUCA E RICCARDO<\/h3>\n<\/blockquote>\n<p dir=\"auto\"><strong>COLLE SANTA LUCIA<\/strong> Con la conclusione del corso 120 ore per la formazione dei neo Vigili del Fuoco Volontari svoltosi presso il Comando di Belluno,\u00a0 Luca Dell&#8217;Andrea\u00a0 e Riccardo\u00a0 Masarei si aggiungono\u00a0 alla sezione operativa del distaccamento di Colle Santa Lucia. I pompieri volontari in coro: Congratulazioni Ragazzi, benvenuti in squadra!!<\/p>\n<p dir=\"auto\"><a href=\"https:\/\/www.radiopiu.net\/wordpress\/a-colle-due-nuovi-volontari-luca-e-riccardo\/217573144_1012144809325122_9006016908881380387_n\/\" rel=\"attachment wp-att-222544\"><img loading=\"lazy\" decoding=\"async\" class=\"size-medium wp-image-222544 aligncenter\" src=\"https:\/\/www.radiopiu.net\/wordpress\/wp-content\/uploads\/2021\/07\/217573144_1012144809325122_9006016908881380387_n-225x300.jpg\" alt=\"\" width=\"225\" height=\"300\" srcset=\"https:\/\/www.radiopiu.net\/wordpress\/wp-content\/uploads\/2021\/07\/217573144_1012144809325122_9006016908881380387_n-225x300.jpg 225w, https:\/\/www.radiopiu.net\/wordpress\/wp-content\/uploads\/2021\/07\/217573144_1012144809325122_9006016908881380387_n.jpg 526w\" sizes=\"auto, (max-width: 225px) 100vw, 225px\" \/><\/a><\/p>\n<hr \/>\n<blockquote>\n<h3><\/h3>\n<h3>L&#8217;ADDESTRAMENTO DEI VIGILI DEL FUOCO VOLONTARI DI CAPRILE-ROCCA PIETORE<\/h3>\n<\/blockquote>\n\n\t\t\t<style type='text\/css'>\n\t\t\t\t#gallery-4 {\n\t\t\t\t\tmargin: auto;\n\t\t\t\t}\n\t\t\t\t#gallery-4 .gallery-item {\n\t\t\t\t\tfloat: left;\n\t\t\t\t\tmargin-top: 10px;\n\t\t\t\t\ttext-align: center;\n\t\t\t\t\twidth: 20%;\n\t\t\t\t}\n\t\t\t\t#gallery-4 img {\n\t\t\t\t\tborder: 2px solid #cfcfcf;\n\t\t\t\t}\n\t\t\t\t#gallery-4 .gallery-caption {\n\t\t\t\t\tmargin-left: 0;\n\t\t\t\t}\n\t\t\t\t\/* see gallery_shortcode() in wp-includes\/media.php *\/\n\t\t\t<\/style>\n\t\t<div id='gallery-4' class='dt-gallery-container gallery galleryid-222416 gallery-columns-5 gallery-size-thumbnail'><dl class='gallery-item'>\n\t\t\t\t<dt class='gallery-icon landscape'>\n\t\t\t\t\t<a class=\"rollover rollover-zoom dt-pswp-item\" title=\"219032791_1204075120020567_5845517855610011312_n\" data-dt-img-description=\"\" data-large_image_width=\"600\" data-large_image_height=\"270\"href='https:\/\/www.radiopiu.net\/wordpress\/wp-content\/uploads\/2021\/07\/219032791_1204075120020567_5845517855610011312_n.jpg'><img loading=\"lazy\" decoding=\"async\" width=\"150\" height=\"150\" src=\"https:\/\/www.radiopiu.net\/wordpress\/wp-content\/uploads\/2021\/07\/219032791_1204075120020567_5845517855610011312_n-150x150.jpg\" class=\"attachment-thumbnail size-thumbnail\" alt=\"\" \/><\/a>\n\t\t\t\t<\/dt><\/dl><dl class='gallery-item'>\n\t\t\t\t<dt class='gallery-icon landscape'>\n\t\t\t\t\t<a class=\"rollover rollover-zoom dt-pswp-item\" title=\"218106555_1204075076687238_9079083476936792697_n\" data-dt-img-description=\"\" data-large_image_width=\"600\" data-large_image_height=\"270\"href='https:\/\/www.radiopiu.net\/wordpress\/wp-content\/uploads\/2021\/07\/218106555_1204075076687238_9079083476936792697_n.jpg'><img loading=\"lazy\" decoding=\"async\" width=\"150\" height=\"150\" src=\"https:\/\/www.radiopiu.net\/wordpress\/wp-content\/uploads\/2021\/07\/218106555_1204075076687238_9079083476936792697_n-150x150.jpg\" class=\"attachment-thumbnail size-thumbnail\" alt=\"\" \/><\/a>\n\t\t\t\t<\/dt><\/dl><dl class='gallery-item'>\n\t\t\t\t<dt class='gallery-icon landscape'>\n\t\t\t\t\t<a class=\"rollover rollover-zoom dt-pswp-item\" title=\"218577812_1204075266687219_1142600533336809138_n\" data-dt-img-description=\"\" data-large_image_width=\"600\" data-large_image_height=\"270\"href='https:\/\/www.radiopiu.net\/wordpress\/wp-content\/uploads\/2021\/07\/218577812_1204075266687219_1142600533336809138_n.jpg'><img loading=\"lazy\" decoding=\"async\" width=\"150\" height=\"150\" src=\"https:\/\/www.radiopiu.net\/wordpress\/wp-content\/uploads\/2021\/07\/218577812_1204075266687219_1142600533336809138_n-150x150.jpg\" class=\"attachment-thumbnail size-thumbnail\" alt=\"\" \/><\/a>\n\t\t\t\t<\/dt><\/dl><dl class='gallery-item'>\n\t\t\t\t<dt class='gallery-icon landscape'>\n\t\t\t\t\t<a class=\"rollover rollover-zoom dt-pswp-item\" title=\"219627823_1204075200020559_358882189641434767_n\" data-dt-img-description=\"\" data-large_image_width=\"600\" data-large_image_height=\"270\"href='https:\/\/www.radiopiu.net\/wordpress\/wp-content\/uploads\/2021\/07\/219627823_1204075200020559_358882189641434767_n.jpg'><img loading=\"lazy\" decoding=\"async\" width=\"150\" height=\"150\" src=\"https:\/\/www.radiopiu.net\/wordpress\/wp-content\/uploads\/2021\/07\/219627823_1204075200020559_358882189641434767_n-150x150.jpg\" class=\"attachment-thumbnail size-thumbnail\" alt=\"\" \/><\/a>\n\t\t\t\t<\/dt><\/dl><dl class='gallery-item'>\n\t\t\t\t<dt class='gallery-icon landscape'>\n\t\t\t\t\t<a class=\"rollover rollover-zoom dt-pswp-item\" title=\"218030669_1203724586722287_1328132214610432688_n\" data-dt-img-description=\"\" data-large_image_width=\"552\" data-large_image_height=\"515\"href='https:\/\/www.radiopiu.net\/wordpress\/wp-content\/uploads\/2021\/07\/218030669_1203724586722287_1328132214610432688_n.jpg'><img loading=\"lazy\" decoding=\"async\" width=\"150\" height=\"150\" src=\"https:\/\/www.radiopiu.net\/wordpress\/wp-content\/uploads\/2021\/07\/218030669_1203724586722287_1328132214610432688_n-150x150.jpg\" class=\"attachment-thumbnail size-thumbnail\" alt=\"\" \/><\/a>\n\t\t\t\t<\/dt><\/dl><br style=\"clear: both\" \/>\n\t\t\t<\/div>\n\n<p>Attivi, tanto al sabato che alla domenica che in tutti gli altri giorni dell&#8217;anno. Sono i volontari di Caprile e Rocca Pietore sabato sera hanno svolto un addestramento ai Piani di Pezz\u00e8. <em>&#8220;Abbiamo simulato l&#8217;incendio della stazione di arrivo della cabinovia e l&#8217;approvvigionamento idrico per l&#8217;intervento \u00e8 stato eseguito tramite una condotta di tubazioni flessibili fino al bacino di innevamento che dista circa 500 metri dal luogo del rogo&#8221;\u00a0<\/em>cos\u00ec in una nota i pompieri volontari che si addestrano per essere sempre pronti a qualsiasi tipo di intervento richiesto, purtroppo come ieri mattina nel mortale incidente di Caprile, \u00a0una nostra squadra \u00e8 intervenuta\u00a0 assieme alle Croce Verde Alleghe, permanenti di Agordo, autogru del Comando di Belluno, ambulanza di Agordo ed elicottero Pelikan. &#8220;<em>Ci uniamo al dolore della famiglia per la grave perdita subita&#8221;\u00a0<\/em>\u00e8 il messaggio di cuore dei volontari agordini.<\/p>\n<p>&nbsp;<\/p>\n<p>&nbsp;<\/p>\n<hr \/>\n<p>&nbsp;<\/p>\n<blockquote>\n<h3 class=\"p1\">ALLUVIONE IN GERMANIA. LA VICINANZA DI ROBERTO PADRIN E IL PUNTO DI OSCAR DE BONA<\/h3>\n<\/blockquote>\n<p><span class=\"s1\"><strong><a href=\"https:\/\/www.radiopiu.net\/wordpress\/padrin-la-fase-2-ci-veda-uniti-nel-programmare-la-ripartenza-torneremo-alla-normalita\/padrin-63\/\" rel=\"attachment wp-att-134835\"><img loading=\"lazy\" decoding=\"async\" class=\"wp-image-134835 alignleft\" src=\"https:\/\/www.radiopiu.net\/wordpress\/wp-content\/uploads\/2020\/05\/PADRIN-200x300.jpg\" alt=\"\" width=\"109\" height=\"164\" srcset=\"https:\/\/www.radiopiu.net\/wordpress\/wp-content\/uploads\/2020\/05\/PADRIN-200x300.jpg 200w, https:\/\/www.radiopiu.net\/wordpress\/wp-content\/uploads\/2020\/05\/PADRIN-683x1024.jpg 683w, https:\/\/www.radiopiu.net\/wordpress\/wp-content\/uploads\/2020\/05\/PADRIN-768x1152.jpg 768w, https:\/\/www.radiopiu.net\/wordpress\/wp-content\/uploads\/2020\/05\/PADRIN.jpg 945w\" sizes=\"auto, (max-width: 109px) 100vw, 109px\" \/><\/a>BELLUNO <\/strong>\u00ab<em>Esprimo vicinanza e solidariet\u00e0 alle persone colpite dall\u2019alluvione in Germania. Molti sono bellunesi, nostri conterranei. Gelatieri con origini zoldane, cadorine, longaronesi, che hanno perso i loro laboratori artigianali, i loro locali, i macchinari per fare il gelato<\/em>\u00bb. Lo afferma il presidente della Provincia di Belluno Roberto Padrin, in una nota di ringraziamento ai vigli del fuoco veneti partiti per aiutare le popolazioni di Belgio e Germania.\u00a0 <\/span><span class=\"s1\">\u00ab<em>Perdere tutto cos\u00ec, nel giro di poche ore, fa male. E in questi momenti la lontananza da casa si sente ancora di pi\u00f9. A loro va l\u2019abbraccio grande della Provincia, nella certezza che i bellunesi sapranno ancora una volta rialzarsi, come hanno sempre fatto. Da parte mia anche un ringraziamento ai vigili del fuoco veneti che ancora una volta non hanno fatto mancare il loro aiuto, seppur in luoghi lontani da casa<\/em>\u00bb.<\/span><\/p>\n<p>&nbsp;<\/p>\n<p><strong>IL PRESIDENTE DELL&#8217;ASSOCIAZIONE BELLUNESI NEL MONDO OSCAR DE BONA<\/strong><\/p>\n<div style=\"width: 848px;\" class=\"wp-video\"><video class=\"wp-video-shortcode\" id=\"video-222416-1\" width=\"848\" height=\"480\" preload=\"metadata\" controls=\"controls\"><source type=\"video\/mp4\" src=\"https:\/\/www.radiopiu.net\/wordpress\/wp-content\/uploads\/2021\/07\/DE-BONA-ABM-ALLUVIONE-GERMANIA.mp4?_=1\" \/><a href=\"https:\/\/www.radiopiu.net\/wordpress\/wp-content\/uploads\/2021\/07\/DE-BONA-ABM-ALLUVIONE-GERMANIA.mp4\">https:\/\/www.radiopiu.net\/wordpress\/wp-content\/uploads\/2021\/07\/DE-BONA-ABM-ALLUVIONE-GERMANIA.mp4<\/a><\/video><\/div>\n<p>&nbsp;<\/p>\n<hr \/>\n<p>&nbsp;<\/p>\n<blockquote>\n<h3 class=\"p1\"><span class=\"s1\">CANCIA, IN DIRITTURA D\u2019ARRIVO I LAVORI DEL PRIMO STRALCIO DI MESSA IN SICUREZZA DEL CANALONE<\/span><\/h3>\n<\/blockquote>\n<p class=\"p1\"><span class=\"s1\"><strong><a href=\"https:\/\/www.radiopiu.net\/wordpress\/giornale-radiopiu-19-luglio-2021-direttore-mirko-mezzacasa\/cancia-briglia-frangicolata\/\" rel=\"attachment wp-att-222426\"><img loading=\"lazy\" decoding=\"async\" class=\" wp-image-222426 alignleft\" src=\"https:\/\/www.radiopiu.net\/wordpress\/wp-content\/uploads\/2021\/07\/cancia-briglia-frangicolata-225x300.jpg\" alt=\"\" width=\"185\" height=\"247\" srcset=\"https:\/\/www.radiopiu.net\/wordpress\/wp-content\/uploads\/2021\/07\/cancia-briglia-frangicolata-225x300.jpg 225w, https:\/\/www.radiopiu.net\/wordpress\/wp-content\/uploads\/2021\/07\/cancia-briglia-frangicolata-768x1024.jpg 768w, https:\/\/www.radiopiu.net\/wordpress\/wp-content\/uploads\/2021\/07\/cancia-briglia-frangicolata-1152x1536.jpg 1152w, https:\/\/www.radiopiu.net\/wordpress\/wp-content\/uploads\/2021\/07\/cancia-briglia-frangicolata.jpg 1500w\" sizes=\"auto, (max-width: 185px) 100vw, 185px\" \/><\/a>BELLUNO <\/strong>I lavori al canalone di Cancia (Borca di Cadore) sono ormai ai dettagli finali. La briglia frangicolta di tecnologia giapponese Sabo Dam &#8211; la prima in Italia &#8211; \u00e8 stata installata: consentir\u00e0 di trattenere a monte la parte solida delle colate detritiche; e anche il canale di scolo delle acque del Bus del Diau \u00e8 concluso: permetter\u00e0 di togliere la parte liquida delle colate, limitando il trasporto di materiale verso valle. Nel giro di qualche settimana l\u2019opera sar\u00e0 completata definitivamente, in anticipo sui tempi del cronoprogramma, che prevedeva due anni abbondanti di lavori. <\/span><span class=\"s1\">\u00ab<em>Si tratta del pi\u00f9 grande cantiere avviato dalla Provincia negli ultimi anni, fondamentale per la messa in sicurezza dell\u2019abitato di Cancia che da anni attendeva quest\u2019opera &#8211; commenta il consigliere provinciale delegato alla difesa del suolo, Massimo Bortoluzzi -. La progettazione \u00e8 stata l\u2019esito di anni di coinvolgimento dell\u2019Universit\u00e0 e dei massimi esperti del settore, che hanno seguito tutte le fasi della realizzazione. Abbiamo consegnato i lavori nel settembre 2019 e potremo inaugurare l\u2019opera conclusa entro l\u2019inizio di settembre. Dopodich\u00e9 lavoreremo per il secondo stralcio che prevede un\u2019altra briglia simile a valle<\/em>\u00bb.<\/span><\/p>\n<p>&nbsp;<\/p>\n<p>&nbsp;<\/p>\n<hr \/>\n<p>&nbsp;<\/p>\n<blockquote>\n<h3>IL LAGO DI ALLEGHE IN ALTO ADIGE&#8230; e allora ridiamoci sopra<\/h3>\n<\/blockquote>\n<p><strong><a href=\"https:\/\/www.radiopiu.net\/wordpress\/giornale-radiopiu-19-luglio-2021-direttore-mirko-mezzacasa\/218304667_1246014215850166_7324827665167069643_n\/\" rel=\"attachment wp-att-222556\"><img loading=\"lazy\" decoding=\"async\" class=\"size-full wp-image-222556 alignleft\" src=\"https:\/\/www.radiopiu.net\/wordpress\/wp-content\/uploads\/2021\/07\/218304667_1246014215850166_7324827665167069643_n.jpg\" alt=\"\" width=\"225\" height=\"225\" srcset=\"https:\/\/www.radiopiu.net\/wordpress\/wp-content\/uploads\/2021\/07\/218304667_1246014215850166_7324827665167069643_n.jpg 225w, https:\/\/www.radiopiu.net\/wordpress\/wp-content\/uploads\/2021\/07\/218304667_1246014215850166_7324827665167069643_n-150x150.jpg 150w\" sizes=\"auto, (max-width: 225px) 100vw, 225px\" \/><\/a>REDAZIONE<\/strong>\u00a0 Bocciati in geografia, perch\u00e9 fino a prova contraria il lago di Alleghe \u00e8 in Agordino che con il Trentino condivide solo&#8230; la rima.<\/p>\n<p><em> <a href=\"https:\/\/www.radiopiu.net\/wordpress\/il-lago-di-alleghe-in-alto-adige\/schermata-2021-07-17-alle-18-27-32\/\" rel=\"attachment wp-att-222319\"><img loading=\"lazy\" decoding=\"async\" class=\"alignnone wp-image-222319\" src=\"https:\/\/www.radiopiu.net\/wordpress\/wp-content\/uploads\/2021\/07\/Schermata-2021-07-17-alle-18.27.32-272x300.png\" alt=\"\" width=\"158\" height=\"174\" srcset=\"https:\/\/www.radiopiu.net\/wordpress\/wp-content\/uploads\/2021\/07\/Schermata-2021-07-17-alle-18.27.32-272x300.png 272w, https:\/\/www.radiopiu.net\/wordpress\/wp-content\/uploads\/2021\/07\/Schermata-2021-07-17-alle-18.27.32-930x1024.png 930w, https:\/\/www.radiopiu.net\/wordpress\/wp-content\/uploads\/2021\/07\/Schermata-2021-07-17-alle-18.27.32-768x846.png 768w, https:\/\/www.radiopiu.net\/wordpress\/wp-content\/uploads\/2021\/07\/Schermata-2021-07-17-alle-18.27.32.png 1070w\" sizes=\"auto, (max-width: 158px) 100vw, 158px\" \/><\/a><\/em><\/p>\n<p><em>\u00a0<\/em><strong>I<\/strong><strong>L SINDACO DI ROCCA PIETORE ANDREA DE BERNARDIN<\/strong><\/p>\n<audio class=\"wp-audio-shortcode\" id=\"audio-222416-5\" preload=\"none\" style=\"width: 100%;\" controls=\"controls\"><source type=\"audio\/mpeg\" src=\"https:\/\/www.radiopiu.net\/wordpress\/wp-content\/uploads\/2021\/07\/DE-BERNARDIN-LAGO-ALLEGHE.mp3?_=5\" \/><a href=\"https:\/\/www.radiopiu.net\/wordpress\/wp-content\/uploads\/2021\/07\/DE-BERNARDIN-LAGO-ALLEGHE.mp3\">https:\/\/www.radiopiu.net\/wordpress\/wp-content\/uploads\/2021\/07\/DE-BERNARDIN-LAGO-ALLEGHE.mp3<\/a><\/audio>\n<p>&nbsp;<\/p>\n<p><strong>IL SINDACO DI ALLEGHE DANILO DE TONI<\/strong><\/p>\n<audio class=\"wp-audio-shortcode\" id=\"audio-222416-6\" preload=\"none\" style=\"width: 100%;\" controls=\"controls\"><source type=\"audio\/mpeg\" src=\"https:\/\/www.radiopiu.net\/wordpress\/wp-content\/uploads\/2021\/07\/DANILO-DE-TONI-SENFTER.mp3?_=6\" \/><a href=\"https:\/\/www.radiopiu.net\/wordpress\/wp-content\/uploads\/2021\/07\/DANILO-DE-TONI-SENFTER.mp3\">https:\/\/www.radiopiu.net\/wordpress\/wp-content\/uploads\/2021\/07\/DANILO-DE-TONI-SENFTER.mp3<\/a><\/audio>\n<p>&nbsp;<\/p>\n<p>&nbsp;<\/p>\n<hr \/>\n<p>&nbsp;<\/p>\n<div class=\"jn8vp64t l9j0dhe7 hpfvmrgz\">\n<div class=\"lzcic4wl\" tabindex=\"0\" role=\"gridcell\" data-scope=\"messages_table\" data-recover=\"true\">\n<div class=\"ni8dbmo4 stjgntxs g5ia77u1 ii04i59q j83agx80 cbu4d94t ll8tlv6m\" aria-owns=\"jsc_c_29z\">\n<div class=\"b654a4as d2edcug0\">\n<div class=\"j83agx80 btwxx1t3 lhclo0ds hop8lmos nkwizq5d scwd0bx6 roh60bw9\">\n<div class=\"rq0escxv kuivcneq jwdofwj8 n8tt0mok r8blr3vg hyh9befq\">\n<div class=\"do00u71z l9j0dhe7 k4urcfbm\">\n<div class=\"gs1a9yip ow4ym5g4 auili1gw j83agx80 cbu4d94t buofh1pr g5gj957u i1fnvgqd oygrvhab cxmmr5t8 hcukyx3x kvgmc6g5 tgvbjcpo hpfvmrgz qt6c0cv9 rz4wbd8a a8nywdso jb3vyjys du4w35lb i09qtzwb rq0escxv n7fi1qx3 pmk7jnqg j9ispegn kr520xx4\">\n<blockquote>\n<h3 data-visualcompletion=\"ignore\">MERCOLEDI 28 LUGLIO IL CONSIGLIO COMUNALE IN VIDEO CONFERENZA<\/h3>\n<p><strong>RIVAMONTE<\/strong> Il sindaco Nino Deon ha convocato il consiglio comunale per mecoledi 28 luglio alle 19 (diretta sui canali social Facebook e Telegram di RADIO PIU), all&#8217;ordine del giorno un unico punto, la variazione di assestamento generale comprendente lo stato di attuazione e il controllo della salvaguardia degli equilibri di bilancio pluriennali 2021-23<\/p><\/blockquote>\n<\/div>\n<\/div>\n<\/div>\n<\/div>\n<\/div>\n<\/div>\n<\/div>\n<\/div>\n<blockquote>\n<div class=\"jn8vp64t l9j0dhe7 hpfvmrgz\">\n<div class=\"lzcic4wl\" tabindex=\"0\" role=\"gridcell\" data-scope=\"messages_table\" data-recover=\"true\">\n<div class=\"ni8dbmo4 stjgntxs g5ia77u1 ii04i59q j83agx80 cbu4d94t ll8tlv6m\" aria-owns=\"jsc_c_29z\">\n<div class=\"b654a4as d2edcug0\">\n<div class=\"j83agx80 btwxx1t3 lhclo0ds hop8lmos nkwizq5d scwd0bx6 roh60bw9\">\n<div class=\"rq0escxv kuivcneq jwdofwj8 n8tt0mok r8blr3vg hyh9befq\">\n<div class=\"do00u71z l9j0dhe7 k4urcfbm\">\n<div class=\"gs1a9yip ow4ym5g4 auili1gw j83agx80 cbu4d94t buofh1pr g5gj957u i1fnvgqd oygrvhab cxmmr5t8 hcukyx3x kvgmc6g5 tgvbjcpo hpfvmrgz qt6c0cv9 rz4wbd8a a8nywdso jb3vyjys du4w35lb i09qtzwb rq0escxv n7fi1qx3 pmk7jnqg j9ispegn kr520xx4\">\n<div data-visualcompletion=\"ignore\"><\/div>\n<div data-visualcompletion=\"ignore\"><\/div>\n<\/div>\n<\/div>\n<\/div>\n<\/div>\n<\/div>\n<\/div>\n<\/div>\n<\/div>\n<\/blockquote>\n<hr \/>\n<h3><\/h3>\n<blockquote>\n<h3>IL COMUNE DI AGORDO APRE DUE BANDI PER LA PROMOZIONE DELLA CITTA&#8217; RISERVATO AI GIOVANI<\/h3>\n<\/blockquote>\n<p><strong><a href=\"https:\/\/www.radiopiu.net\/wordpress\/giornale-radiopiu-09-02-2018\/chiesa-agordo\/\" rel=\"attachment wp-att-43008\"><img loading=\"lazy\" decoding=\"async\" class=\"size-medium wp-image-43008 alignleft\" src=\"https:\/\/www.radiopiu.net\/wordpress\/wp-content\/uploads\/2018\/02\/CHIESA-AGORDO-231x300.jpg\" alt=\"\" width=\"231\" height=\"300\" srcset=\"https:\/\/www.radiopiu.net\/wordpress\/wp-content\/uploads\/2018\/02\/CHIESA-AGORDO-231x300.jpg 231w, https:\/\/www.radiopiu.net\/wordpress\/wp-content\/uploads\/2018\/02\/CHIESA-AGORDO.jpg 250w\" sizes=\"auto, (max-width: 231px) 100vw, 231px\" \/><\/a>AGORDO <\/strong>Il Comune di Agordo, in collaborazione con ASCA offre l\u2019opportunit\u00e0 ai giovani e giovanissimi dell&#8217;Agordino (a partire dagli 11 anni) la possibilit\u00e0 di rendersi protagonisti come volontari di alcuni progetti di valorizzazione territoriale con l\u2019adesione ai \u201cprogetti di volontariato giovanile\u201d. Due sono le progettualit\u00e0 in fase di attivazione: E\u2019CO DROGA e PROGETTO DI VALORIZZAZIONE DELLA SENTIERISTICA DI FONDOVALLE. Il cuore del progetto E\u2019CO DROGA, finanziato dalla Regione del Veneto nell\u2019ambito del piano per le politiche giovanili e realizzato in collaborazione con la scuola italiana nordic walking, destinato a ragazzi dagli 11 ai 29 anni, \u00e8 la creazione di un percorso di nordic Walking che si snoda tra le vie del paese, in particolare le aree pi\u00f9 periferiche e meno frequentate. I ragazzi coinvolti nel progetto collaboreranno in varia misura su tre azioni in particolare: Definire il percorso di nordic walking con piccole azioni di manutenzione, installazione cartellonistica, contatto con la scuola italiana nordic walking per la valorizzazione del percorso, organizzazione di eventuali manifestazioni, collaborare nella pubblicizzazione del progetto e del percorso. Il PROGETTO DI VALORIZZAZIONE DELLA SENTIERISTICA DI FONDOVALLE, in fase di approvazione dall\u2019ANCI e attivato solo in seguito ad effettivo finanziamento, \u00e8 destinato a ragazzi dai 16 ai 35 anni e prevede il recupero e la valorizzazione della rete sentieristica di fondovalle in modo tale che valligiani e turisti possano fruire in sicurezza del patrimonio ambientale e culturale presente, scoprendo nuove visioni e localit\u00e0 fino ad oggi ignorate e potenziando l\u2019offerta turistica del territorio. I volontari coinvolti saranno impegnati nella tracciatura dei sentieri e individuazione dei luoghi di fondovalle da valorizzare, nella manutenzione e posizionamento della segnaletica e nello sviluppo della comunicazione e promozione turistica. Tale progetto sar\u00e0 realizzato in collaborazione con C.A.I. SEZIONE AGORDINA, G.A.M.P., AD AGORDO PRO LOCO. Obiettivi degli interventi sono quelli di promuovere l\u2019aggregazione e la socialit\u00e0 dei giovani del territorio, che avranno l\u2019occasione di collaborare a stretto contatto con i coetanei e con l\u2019ambiente. Verr\u00e0 promossa la tutela del nostro territorio montano, la sua valorizzazione e verr\u00e0 favorita la partecipazione attiva incrementando un senso civico comune e diffuso delle nuove generazioni. Per informazioni dettagliate su come partecipare T. 3403493530 <u><a href=\"http:\/\/www.servizisocialiasca.it\">www.servizisocialiasca.it<\/a><\/u>, <a href=\"http:\/\/www.comune.agordo.bl.it\/\">www.comune.agordo.bl.it<\/a>, scadenza presentazioni domande 28\/07\/2021 all\u2019indirizzo <a href=\"mailto:personale@servizisocialiasca.it\">personale@servizisocialiasca.it<\/a>.<\/p>\n<p>&nbsp;<\/p>\n<p>&nbsp;<\/p>\n<hr \/>\n<p>&nbsp;<\/p>\n<blockquote class=\"wp-embedded-content\" data-secret=\"GrNOH6UDhh\"><p><a href=\"https:\/\/www.radiopiu.net\/wordpress\/agordo-musica-radio-piu-musica-e-poesia-dal-durando\/\">AGORDO MUSICA  &#8211; RADIO PIU&#8217; &#8211; MUSICA E POESIA  DAL DURANDO<\/a><\/p><\/blockquote>\n<p><iframe loading=\"lazy\" class=\"wp-embedded-content\" sandbox=\"allow-scripts\" security=\"restricted\" style=\"position: absolute; clip: rect(1px, 1px, 1px, 1px);\" title=\"&#8220;AGORDO MUSICA  &#8211; RADIO PIU&#8217; &#8211; MUSICA E POESIA  DAL DURANDO&#8221; &#8212; Radio Pi\u00f9\" src=\"https:\/\/www.radiopiu.net\/wordpress\/agordo-musica-radio-piu-musica-e-poesia-dal-durando\/embed\/#?secret=GrNOH6UDhh\" data-secret=\"GrNOH6UDhh\" width=\"600\" height=\"338\" frameborder=\"0\" marginwidth=\"0\" marginheight=\"0\" scrolling=\"no\"><\/iframe><\/p>\n<p>&nbsp;<\/p>\n<hr \/>\n<p>&nbsp;<\/p>\n<blockquote>\n<h3>VENETO: LE PMI NON TROVANO TECNICI ANCHE PERCHE\u2019 NEL 2020 35MILA GIOVANI HANNO LASCIATO LA SCUOLA<\/h3>\n<\/blockquote>\n<p><strong>VENEZIA <\/strong>Sono 35mila i giovani veneti che l\u2019anno scorso hanno abbandonato la scuola prematuramente (pari al 10,5 per cento della popolazione corrispondente)<a href=\"#_ftn1\" name=\"_ftnref1\">[1]<\/a>. Ragazzi che nella stragrande maggioranza dei casi hanno deciso di lasciare definitivamente il percorso di studi \u00a0dopo aver conseguito solo la licenza media. Un problema, quello degli descolarizzati, che in Veneto ha una dimensione tutto sommato abbastanza contenuta: pi\u00f9 bassa di oltre 2,5 punti della media nazionale e negli ultimi 10 anni, inoltre, \u00a0\u00e8 diminuita di 5 punti percentuali. Tra le principali regioni settentrionali del Paese, solo il Friuli Venezia Giulia (8,5 per cento) e l\u2019Emilia Romagna (9,3 per cento) presentano una percentuale media del tasso di abbandono scolastico inferiore alla nostra. Tuttavia, continuiamo a sottovalutarne la portata negativa che, assieme alla denatalit\u00e0, sta contribuendo a mettere in difficolt\u00e0 tantissime aziende del nostro territorio. A dirlo \u00e8 l\u2019Ufficio studi della CGIA.<\/p>\n<p><strong>Le Pmi venete non trovano tecnici specializzati<\/strong><\/p>\n<p>Nonostante le crisi aziendali riferite all\u2019Acc di Mel, all\u2019Abb di Marostica e alle difficolt\u00e0 patite dai distretti del calzaturiero del Brenta e dell\u2019occhialeria del bellunese, con i primi segnali di ripresa economica avvertiti in questi ultimi mesi, molte Pmi venete sono tornate a denunciare la difficolt\u00e0 di reperire figure professionali con elevati livelli di specializzazione. Una problematica che \u00e8 ascrivibile alla difficolt\u00e0 di far incrociare la domanda con l\u2019offerta di lavoro, anche perch\u00e9 continua a rimanere del tutto insufficiente il \u00a0livello di conoscenza e di competenze tecniche dei nostri giovani. E nei prossimi anni, con l\u2019avvento della cosiddetta \u201crivoluzione digitale\u201d, queste criticit\u00e0 \u00a0rischiano di assumere dimensioni ancor pi\u00f9 preoccupanti.<\/p>\n<p><strong><a href=\"https:\/\/www.radiopiu.net\/wordpress\/veneto-le-pmi-non-trovano-tecnici-anche-perche-nel-2020-35mila-giovani-hanno-lasciato-la-scuola\/schermata-2021-07-18-alle-14-23-04\/\" rel=\"attachment wp-att-222431\"><img loading=\"lazy\" decoding=\"async\" class=\" wp-image-222431 alignleft\" src=\"https:\/\/www.radiopiu.net\/wordpress\/wp-content\/uploads\/2021\/07\/Schermata-2021-07-18-alle-14.23.04-300x271.png\" alt=\"\" width=\"315\" height=\"285\" srcset=\"https:\/\/www.radiopiu.net\/wordpress\/wp-content\/uploads\/2021\/07\/Schermata-2021-07-18-alle-14.23.04-300x271.png 300w, https:\/\/www.radiopiu.net\/wordpress\/wp-content\/uploads\/2021\/07\/Schermata-2021-07-18-alle-14.23.04-1024x926.png 1024w, https:\/\/www.radiopiu.net\/wordpress\/wp-content\/uploads\/2021\/07\/Schermata-2021-07-18-alle-14.23.04-768x695.png 768w, https:\/\/www.radiopiu.net\/wordpress\/wp-content\/uploads\/2021\/07\/Schermata-2021-07-18-alle-14.23.04.png 1532w\" sizes=\"auto, (max-width: 315px) 100vw, 315px\" \/><\/a>L\u2019abbandono scolastico in Veneto \u00e8 comunque sei volte superiore al numero dei\u00a0 \u201ccervelli in fuga\u201d<\/strong><\/p>\n<p>La dispersione scolastica in Veneto \u00e8 sei volte superiore ai cosiddetti \u201ccervelli in fuga\u201d. Nel 2020, ricordiamo, sono stati 35mila gli studenti \u00a0che hanno abbandonato prematuramente la scuola. Ancorch\u00e8 contenuto, \u00e8 un numero molto elevato rispetto ai 5.896 veneti con un titolo di studio medio-alto che, invece, si sono trasferiti all\u2019estero per ragioni di lavoro. Due problematiche estremamente delicate che, purtroppo, continuano ad avere livelli di attenzione molto diversi da parte dell\u2019opinione pubblica. Se l\u2019abbandono scolastico non \u00e8 ancora avvertito come una piaga educativa con un costo sociale importante, la \u201cfuga\u201d all\u2019estero di tanti giovani diplomati o laureati lo \u00e8, sebbene il numero della prima criticit\u00e0 sia molto superiore a quello della seconda.<\/p>\n<p><strong>Povert\u00e0 educativa uguale povert\u00e0 economica. Straordinario il lavoro inclusivo fatto dagli IeFP<\/strong><\/p>\n<p>Con un basso numero\u00a0 di diplomati e laureati corriamo il pericolo di un impoverimento generale del sistema Paese e, in misura ugualmente preoccupante, di una marginalizzazione di molte persone che difficilmente potranno essere integrate attivamente nella nostra societ\u00e0. Tutti gli esperti, infatti, sono concordi nel ritenere che la povert\u00e0 educativa e la povert\u00e0 economica vanno di pari passo. Le cause che determinano la \u201cfuga\u201d dai banchi di scuola sono principalmente culturali, sociali ed economiche: i ragazzi che provengono da ambienti socialmente svantaggiati e da famiglie con un basso livello di istruzione hanno maggiori probabilit\u00e0 di abbandonare la scuola prima di aver completato il percorso di studi che li porta a conseguire almeno il diploma di maturit\u00e0. Va altres\u00ec segnalato che, talvolta, l\u2019abbandono scolastico pu\u00f2 essere causato da una insoddisfazione per l\u2019offerta formativa disponibile. In questo senso va sottolineato lo straordinario lavoro inclusivo svolto dagli istituti di Istruzione e Formazione Professionale (IeFP)<a href=\"#_ftn2\" name=\"_ftnref2\">[2]<\/a>. Queste realt\u00e0 sono diventate un punto di riferimento per gli allievi di nazionalit\u00e0 straniera, per quelli con disabilit\u00e0 e per gli studenti che sono reduci da insuccessi scolastici precedenti. Scuole che spesso operano in aree caratterizzate da un forte degrado urbano e sociale che, grazie anche allo straordinario lavoro \u201cantidispersivo\u201d svolto,\u00a0 andrebbero sostenute con maggiori risorse di quante ne sono state messe a disposizione fino a ora.<\/p>\n<p><strong><a href=\"https:\/\/www.radiopiu.net\/wordpress\/veneto-le-pmi-non-trovano-tecnici-anche-perche-nel-2020-35mila-giovani-hanno-lasciato-la-scuola\/schermata-2021-07-18-alle-14-23-34\/\" rel=\"attachment wp-att-222432\"><img loading=\"lazy\" decoding=\"async\" class=\" wp-image-222432 alignleft\" src=\"https:\/\/www.radiopiu.net\/wordpress\/wp-content\/uploads\/2021\/07\/Schermata-2021-07-18-alle-14.23.34-260x300.png\" alt=\"\" width=\"322\" height=\"371\" srcset=\"https:\/\/www.radiopiu.net\/wordpress\/wp-content\/uploads\/2021\/07\/Schermata-2021-07-18-alle-14.23.34-260x300.png 260w, https:\/\/www.radiopiu.net\/wordpress\/wp-content\/uploads\/2021\/07\/Schermata-2021-07-18-alle-14.23.34-887x1024.png 887w, https:\/\/www.radiopiu.net\/wordpress\/wp-content\/uploads\/2021\/07\/Schermata-2021-07-18-alle-14.23.34-768x887.png 768w, https:\/\/www.radiopiu.net\/wordpress\/wp-content\/uploads\/2021\/07\/Schermata-2021-07-18-alle-14.23.34.png 1138w\" sizes=\"auto, (max-width: 322px) 100vw, 322px\" \/><\/a>Al Sud la situazione pi\u00f9 difficile<\/strong><\/p>\n<p>A livello territoriale italiano sono le regioni del Sud a registrare i livelli pi\u00f9 elevati di dispersione scolastica. Nel 2020, ad esempio, in Sicilia il 19,4 3 per cento dei giovani ha lasciato la scuola prima del conseguimento del titolo di studio (diploma professionale, diploma di maturit\u00e0, etc.). Seguono la Campania con il 17,3 per cento e la Calabria con il 16,6 per cento. Preoccupa la situazione di quest\u2019ultima regione che rispetto a tutte le altre \u00e8 l\u2019unica in controtendenza rispetto al dato relativo al 2010: l\u2019abbandono scolastico in questi ultimi 10 anni, infatti, \u00e8 aumentato di 0,6 punti percentuali. Abruzzo (8 per cento), Friuli Venezia Giulia (8,5 per cento), Molise (8,6 per cento) e Emilia Romagna (9,3 per cento) sono le regioni pi\u00f9 virtuose. Nel complesso \u00e8 il Nordest\u00a0 l\u2019area che soffre meno di questo fenomeno sia per l\u2019incidenza percentuale di abbandono (9,9 per cento) che per il pi\u00f9 basso numero in termini assoluti di \u201cuscite\u201d premature dal mondo della scuola\u00a0 (-77 mila).<\/p>\n<p><a href=\"#_ftnref1\" name=\"_ftn1\">[1]<\/a> <em>Ci riferiamo a persone tra i 18-24 anni con al pi\u00f9 il diploma di scuola secondaria di primo grado (licenza media) che hanno abbandonato gli studi, che non sono in possesso di qualifiche professionali regionali ottenute in corsi di durata di almeno 2 anni e che non frequentano corsi scolastici n\u00e9 svolgono attivit\u00e0 formativa.<\/em><\/p>\n<p><a href=\"#_ftnref2\" name=\"_ftn2\">[2]<\/a> <em>Dr.ssa Raffaella Cascioli, Audizione Istat presso l\u2019Autorit\u00e0 garante per l\u2019infanzia e l\u2019adolescenza. Roma, 18 giugno 2021<\/em><\/p>\n<p>&nbsp;<\/p>\n<p>&nbsp;<\/p>\n<hr \/>\n<p>&nbsp;<\/p>\n<blockquote>\n<h3>PARIDE BASICHETTO: RACCOLTE BEN 3.666 FOTO PER FARE LA STORIA DI \u201cSEDICO D\u2019ALTRI TEMPI\u201d!<\/h3>\n<\/blockquote>\n<p><strong>di RENATO BONA<\/strong><\/p>\n<p>Dico la verit\u00e0: non conoscevo Paride Basichetto ma, attratto da un nome, il suo, tanto impegnativo (secondo la libera enciclopedia Wikipedia, Paride, detto anche Alessandro o Paride Alessandro, \u00e8 una figura della mitologia greca, figlio secondogenito di Priamo, re di Troia, e di Ecuba &#8211; ndr. ), mi sono incuriosito e cos\u00ec ho prima scoperto un bellunese doc con una bella famiglia, affezionato ed interessato alle persone, situazioni, cose della terra dove vive, impegnato nella cultura, nel sociale e perch\u00e9 il patrimonio di vita d\u2019altri tempi sia conservato e tramandato come suole dirsi ai posteri. E poi sono diventato suo \u201cAmico Fb\u201d. Nato a Belluno il 5 ottobre 1981 dunque quarantenne fra qualche settimana, Paride dopo le medie ha frequentato la Scuola del legno di Sedico, paese dove abita con Denise ed i loro figlioletti: Aurora e Daniel \u201cnella casa che ho sempre sognato, quella dei miei nonni materni, accanto a quella dei bisnonni materni dove fino al 2018 viveva mio \u2018barba\u2019 Mario Trevissoi con la famiglia, fratello di mio nonno\u201d. Mi chiedi di \u2018Sedico d\u2019altri tempi\u201d? \u201cPresto spiegato: nel febbraio del 2018 per un malore il mio \u2018barba\u2019 ci lascia e crea un vuoto profondo per me che lo consideravo un nonno e che volentieri, finito il lavoro, andavo a salutare, anche per ascoltare le storie di famiglia, vicende dei bisnonni che non ho conosciuto&#8230;\u201d. Ancora Paride, il quale tiene a precisare di sentirsi un nostalgico amante delle proprie radici: \u201cHo cercato con grande interesse foto di famiglia e in questa attivit\u00e0 mi hanno dato una mano i cugini di mia mamma ; ma non bastava: ho voluto raggiungere i figli degli amici dei nonni ed ecco perch\u00e9 il 2 ottobre 2018 \u00e8 nato il Gruppo-pagina \u201cSedico d\u2019altri tempi\u201d su Facebook. Da subito sono state postate immagini di Sedico ed ho scoperto un mondo che non conoscevo, vedevo tante persone a me care e ne leggevo entusiasta i commenti e sentivo di stare bene e prendevo atto che questo stato d\u2019animo era anche di altri. La macchina era partita e goccia dopo goccia il contenitore si stava riempiendo. Determinando in me il desiderio-impegno di approfondire le situazioni. Cos\u00ec \u00e8 stato per molti, ed oggi abbiamo raggiunto i 2.400 iscritti, risultato di una crescita che \u00e8 avvenuta tra storia, aneddoti, momenti spensierati e dolorosi, si sono ritrovate persone amiche, siamo approdati in Brasile, Australia, Canada e nei paesi di mezza Europa\u201d. E poi nasce la rivista \u201cSedico d\u2019altri tempi\u201d\u2026 \u201cS\u00ec, a Natale, io che non oso definirmi e non sono uno storico ma che sentivo e sento forte qualcosa dentro di me, decido che quell\u2019autentico patrimonio di immagini deve essere archiviato e soprattutto salvato: sono orgogliosamente arrivato a quota 3.666! Troppo oneroso per diversi aspetti puntare su un libro, ho deciso una cosa pi\u00f9 modesta ma mi auguro di uguale interesse generale: un qualcosa di periodico, di non impossibile realizzazione e con oneri sopportabili. Ricordato che lavoro come falegname e che mai avrei immaginato di essere a capo di una \u201cimpresa\u201d di questo tipo, ho preso atto con enorme soddisfazione personale dell\u2019ottima risposta da parte dei compaesani e non solo. Ecco dunque le prime due uscite con altrettanti \u2018tuffi nel passato per far riemergere nel presente i ricordi\u2019. La prima con copertina dedicata a \u201cToni Carlin una persona indimenticabile\u201d, la seconda che riproduce in copertina una foto di \u201cRaimondo Scremin il maestro\u201d. Una cosa che Paride Basichetto vuole ribadire \u00e8 che il tutto non ha scopo di lucro: \u201cNon intendendo assolutamente guadagnare sulle foto delle persone, sulla loro intimit\u00e0; ho pensato di usare parte del ricavato (la rivista \u00e8 in vendita al prezzo di 5 euro, in diversi negozi di Sedico che volentieri hanno aderito all\u2019iniziativa) per fare beneficenza nell\u2019ambito del comune; provvederemo a riempire scatoloni di alimenti destinati alle persone bisognose\u201d. Altro annuncio di Paride: \u201cUna bella novit\u00e0 di questa settimana \u00e8 data dal fatto che \u201cSedico d&#8217;altri tempi\u201d \u00e8 anche su Istagram perch\u00e9 voglio raggiungere i giovani. Dunque ogni giorno posto una foto con la relativa didascalia sempre perch\u00e9 sono sinceramente convinto che \u00e8 importante e bello che vengano preservate le nostre radici. Da ultimo, il curatore della rivista tiene ad evidenziare che \u201cgrazie alla pagina ho conosciuto Gianni De Vecchi col quale collaboro con entusiasmo: una persona squisita che mi aiuta tantissimo. Altra conoscenza cui tengo in modo particolare quella di Francesca Mussoi, una signora dolcissima che definisco \u2018un cuore che scrive\u2019. E i tantissime altri, che considero tutti importanti per l\u2019energia che mi trasmettono e mi carica in giusta misura per questa impresa\u201d. Ed ora una rapida occhiata ai primi due numeri di \u201cSedico d\u2019altri tempi\u201d (per la cui pubblicazione hanno collaborato il Comune di Sedico, \u201cIl Centrale\u201d, \u201cCunika stampiamo di tutto\u201d, \u201cdepoli &amp; cometto studio grafico\u201d e \u201cFinblock porte finestre e arredamenti\u201d): proprio Gianni De Vecchi, nel primo, rievoca la figura di Toni Carlin, nato e cresciuto a Landris fino all\u2019et\u00e0 di 19 anni \u201cSicuramente una persona importante per Sedico, caratterizzandone per anni la vita: dotato di notevole inventiva, fantasia e senso pratico, riusciva a risolvere tanti problemi che la gente gli sottoponeva. Volitivo e con un carattere forte, sveva nella moglie Ida, autentica anima gemella, pacata e tranquilla, un faro sicuro. Era un piacere ascoltarlo perch\u00e9 prima o poi arrivava nel suo discorso la battuta fulminante\u2026 divenne insegnante degli allievi del corso strumentale-bandistico di Sedico inoltre per 40 annui insegn\u00f2 pure teoria e solfeggio r armonia nella scuola Antonio Miari di Belluno. Ai suoi alunni (si calcola che abbia insegnato la musica a circa 700 allievi e che oltre 190 di essi siano entrati a suonare nella Banda\u2026\u201d. De Vecchi ha poi firmato sul secondo numero della rivista la rievocazione della figura di \u201cRaimondo Scremin, il maestro\u201d che insegn\u00f2 nella scuola elementare fino al pensionamento avvenuto nel 1982, dopo quasi 40 anni di servizio. Fra l\u2019altro fu una colonna portante della Schola Cantorum di Sedico dove cant\u00f2 da tenore fin oltre i 90 anni di et\u00e0. Persona riservata, nelle feste conviviali ci sorprendeva con le sue barzellette. Era anche un amabile conversatore. A lui ci si rivolgeva con deferenza e ancora oggi, per il rispetto e la stima goduti, \u00e8 ricordato come il maestro Scremin\u201d. E\u2019 toccato a Francesca Mussoi richiamare \u201cSedico d\u2019altro tempi\u201d e lo ha fatto in modo egregio in particolare a nostro avviso nel passaggio dove scrive che:\u201dLa storia di Sedico e di tanti che me sono stati i pilastri,con le loro attivit\u00e0, le loro idee, il loro essere diventa patrimonio anche delle nuove generazioni che magari non conoscono molte sfumature del passato. Il passato abbraccio il presente e guarda al futuro ritrovando le radici. Il Web stavolta \u00e8 stato un ottimo mezzo per raggiungere persone di tutte le et\u00e0 e di inglobarle in uno scopo comune: quello di tenere vivo il ricordo dei nostri genitori e dei nostri nonni e, perch\u00e9 no, anche di un passato pi\u00f9 recente. Quindi il nostro\u201d. Seguono 52 fotografie ed un disegno nel primo numero e cinquanta immagini nel secondo: vorremmo davvero poterle offrire tutte a chi ci legge qui ma lo spazio \u00e8 tiranno e dobbiamo accontentarci noi e voi di una selezione. E del resto ci sono Paride Basichetto e collaboratori a proporle, una dopo l\u2019altra, quotidianamente, col gruppo \u201cSedico d\u2019altri tempi\u201d su Internet! NELLE FOTO (riproduzioni dai due numeri di \u201cSedico d\u2019altri tempi\u201d e Facebook): le copertine della pubblicazione; l\u2019ideatore anche della pagina Facebook, Paride Basichetto; Toni Carlin nella Piazza dei Martiri a Belluno impersona Gheddafi in un carnevale; maggio 1958: passeggiata nel centro di Sedico con la vecchia canonica e l\u2019albergo Venezia (foto Valentina Losego); 2 febbraio 1949: matrimonio di Maria Manfroi ed Ernesto Piai (foto Diego Piai);Villa, primi anni \u201940: la famiglia Tibolla alle prese con i lavori di routine (foto Neris Tibolla); 1935: Angelo Marcadent col figlio Piero (foto Luigi Marcadent); Roe 1948:tutte le classi (foto Fabrizio De Salvador); fimne anni \u201960 una classe di Sedico col maestro Scremin; Gresal anni \u201850: bar \u201cdel Merican\u201d (foto Annateresa Curtol); Peron anni \u201960: scolaresca in posa (foto Mariangela Canzan); Mas 1930: durante la mietitura ci si concede uno scatto di gruppo (foto Luigi Fant); Sedico 1930: gli aderenti alla Sezione Combattenti in posa davanti alla vecchia chiesa parrocchiale (foto Paola Boni); Roe 1975: partita di calcio scapoli contro ammogliati, tra i protagonisti l\u2019arbitro Viadenati, Mario Trevissoi, Aldo De Salvador, Ottavio Vanz, il bambino \u00e8 Moreno Salvador (foto Massimo Vanz); Bolago 1941: Rugoletto Canzan fotografa la famiglia Lovat di Bolago, da sinistra: Ida che sposer\u00e0 il maestro Scremin, Riccardo,l\u2019unico maschio, che emigrato in Canada invent\u00f2 la talpa meccanica per scavare i tunnel, Rina, Anna Maria, Antonietta e Gina, davanti la nonna materna Anna De Moliner e la mamma Domenica Sala (foto Cristina Candeago); Sedico primi anni \u201950: da sinistra: Albino e Fortunato Pavei, Renzo Bonaf\u00e8, Nella Bonaf\u00e8 con in braccio il piccolo Virgilio Pavei, Paola Cason, Renato Bonaf\u00e8, Maria Probizer (foto Franco Bonaf\u00e8); ancora Paride Basichetto con la famiglia.<\/p>\n\n\t\t\t<style type='text\/css'>\n\t\t\t\t#gallery-5 {\n\t\t\t\t\tmargin: auto;\n\t\t\t\t}\n\t\t\t\t#gallery-5 .gallery-item {\n\t\t\t\t\tfloat: left;\n\t\t\t\t\tmargin-top: 10px;\n\t\t\t\t\ttext-align: center;\n\t\t\t\t\twidth: 11%;\n\t\t\t\t}\n\t\t\t\t#gallery-5 img {\n\t\t\t\t\tborder: 2px solid #cfcfcf;\n\t\t\t\t}\n\t\t\t\t#gallery-5 .gallery-caption {\n\t\t\t\t\tmargin-left: 0;\n\t\t\t\t}\n\t\t\t\t\/* see gallery_shortcode() in wp-includes\/media.php *\/\n\t\t\t<\/style>\n\t\t<div id='gallery-5' class='dt-gallery-container gallery galleryid-222416 gallery-columns-9 gallery-size-thumbnail'><dl class='gallery-item'>\n\t\t\t\t<dt class='gallery-icon landscape'>\n\t\t\t\t\t<a class=\"rollover rollover-zoom dt-pswp-item\" title=\"219267359_946920882816901_4788124534768337700_n\" data-dt-img-description=\"\" data-large_image_width=\"350\" data-large_image_height=\"206\"href='https:\/\/www.radiopiu.net\/wordpress\/wp-content\/uploads\/2021\/07\/219267359_946920882816901_4788124534768337700_n.jpg'><img loading=\"lazy\" decoding=\"async\" width=\"150\" height=\"150\" src=\"https:\/\/www.radiopiu.net\/wordpress\/wp-content\/uploads\/2021\/07\/219267359_946920882816901_4788124534768337700_n-150x150.jpg\" class=\"attachment-thumbnail size-thumbnail\" alt=\"\" \/><\/a>\n\t\t\t\t<\/dt><\/dl><dl class='gallery-item'>\n\t\t\t\t<dt class='gallery-icon landscape'>\n\t\t\t\t\t<a class=\"rollover rollover-zoom dt-pswp-item\" title=\"217968338_312111760654759_6842292520515554127_n\" data-dt-img-description=\"\" data-large_image_width=\"320\" data-large_image_height=\"201\"href='https:\/\/www.radiopiu.net\/wordpress\/wp-content\/uploads\/2021\/07\/217968338_312111760654759_6842292520515554127_n.jpg'><img loading=\"lazy\" decoding=\"async\" width=\"150\" height=\"150\" src=\"https:\/\/www.radiopiu.net\/wordpress\/wp-content\/uploads\/2021\/07\/217968338_312111760654759_6842292520515554127_n-150x150.jpg\" class=\"attachment-thumbnail size-thumbnail\" alt=\"\" \/><\/a>\n\t\t\t\t<\/dt><\/dl><dl class='gallery-item'>\n\t\t\t\t<dt class='gallery-icon landscape'>\n\t\t\t\t\t<a class=\"rollover rollover-zoom dt-pswp-item\" title=\"218922941_493894645047803_1987934461789230045_n\" data-dt-img-description=\"\" data-large_image_width=\"320\" data-large_image_height=\"203\"href='https:\/\/www.radiopiu.net\/wordpress\/wp-content\/uploads\/2021\/07\/218922941_493894645047803_1987934461789230045_n.jpg'><img loading=\"lazy\" decoding=\"async\" width=\"150\" height=\"150\" src=\"https:\/\/www.radiopiu.net\/wordpress\/wp-content\/uploads\/2021\/07\/218922941_493894645047803_1987934461789230045_n-150x150.jpg\" class=\"attachment-thumbnail size-thumbnail\" alt=\"\" \/><\/a>\n\t\t\t\t<\/dt><\/dl><dl class='gallery-item'>\n\t\t\t\t<dt class='gallery-icon portrait'>\n\t\t\t\t\t<a class=\"rollover rollover-zoom dt-pswp-item\" title=\"216940520_526935745320409_2628098179761698948_n\" data-dt-img-description=\"\" data-large_image_width=\"173\" data-large_image_height=\"200\"href='https:\/\/www.radiopiu.net\/wordpress\/wp-content\/uploads\/2021\/07\/216940520_526935745320409_2628098179761698948_n.jpg'><img loading=\"lazy\" decoding=\"async\" width=\"150\" height=\"150\" src=\"https:\/\/www.radiopiu.net\/wordpress\/wp-content\/uploads\/2021\/07\/216940520_526935745320409_2628098179761698948_n-150x150.jpg\" class=\"attachment-thumbnail size-thumbnail\" alt=\"\" \/><\/a>\n\t\t\t\t<\/dt><\/dl><dl class='gallery-item'>\n\t\t\t\t<dt class='gallery-icon landscape'>\n\t\t\t\t\t<a class=\"rollover rollover-zoom dt-pswp-item\" title=\"218917823_551829389292405_1359743754338743450_n\" data-dt-img-description=\"\" data-large_image_width=\"401\" data-large_image_height=\"206\"href='https:\/\/www.radiopiu.net\/wordpress\/wp-content\/uploads\/2021\/07\/218917823_551829389292405_1359743754338743450_n.jpg'><img loading=\"lazy\" decoding=\"async\" width=\"150\" height=\"150\" src=\"https:\/\/www.radiopiu.net\/wordpress\/wp-content\/uploads\/2021\/07\/218917823_551829389292405_1359743754338743450_n-150x150.jpg\" class=\"attachment-thumbnail size-thumbnail\" alt=\"\" \/><\/a>\n\t\t\t\t<\/dt><\/dl><dl class='gallery-item'>\n\t\t\t\t<dt class='gallery-icon landscape'>\n\t\t\t\t\t<a class=\"rollover rollover-zoom dt-pswp-item\" title=\"218617803_632726397705050_349678059563993665_n\" data-dt-img-description=\"\" data-large_image_width=\"347\" data-large_image_height=\"206\"href='https:\/\/www.radiopiu.net\/wordpress\/wp-content\/uploads\/2021\/07\/218617803_632726397705050_349678059563993665_n.jpg'><img loading=\"lazy\" decoding=\"async\" width=\"150\" height=\"150\" src=\"https:\/\/www.radiopiu.net\/wordpress\/wp-content\/uploads\/2021\/07\/218617803_632726397705050_349678059563993665_n-150x150.jpg\" class=\"attachment-thumbnail size-thumbnail\" alt=\"\" \/><\/a>\n\t\t\t\t<\/dt><\/dl><dl class='gallery-item'>\n\t\t\t\t<dt class='gallery-icon portrait'>\n\t\t\t\t\t<a class=\"rollover rollover-zoom dt-pswp-item\" title=\"218628420_573013450528184_1955555652003566780_n\" data-dt-img-description=\"\" data-large_image_width=\"155\" data-large_image_height=\"206\"href='https:\/\/www.radiopiu.net\/wordpress\/wp-content\/uploads\/2021\/07\/218628420_573013450528184_1955555652003566780_n.jpg'><img loading=\"lazy\" decoding=\"async\" width=\"150\" height=\"150\" src=\"https:\/\/www.radiopiu.net\/wordpress\/wp-content\/uploads\/2021\/07\/218628420_573013450528184_1955555652003566780_n-150x150.jpg\" class=\"attachment-thumbnail size-thumbnail\" alt=\"\" \/><\/a>\n\t\t\t\t<\/dt><\/dl><dl class='gallery-item'>\n\t\t\t\t<dt class='gallery-icon landscape'>\n\t\t\t\t\t<a class=\"rollover rollover-zoom dt-pswp-item\" title=\"218832276_524365372239654_7739700504719635552_n\" data-dt-img-description=\"\" data-large_image_width=\"291\" data-large_image_height=\"206\"href='https:\/\/www.radiopiu.net\/wordpress\/wp-content\/uploads\/2021\/07\/218832276_524365372239654_7739700504719635552_n.jpg'><img loading=\"lazy\" decoding=\"async\" width=\"150\" height=\"150\" src=\"https:\/\/www.radiopiu.net\/wordpress\/wp-content\/uploads\/2021\/07\/218832276_524365372239654_7739700504719635552_n-150x150.jpg\" class=\"attachment-thumbnail size-thumbnail\" alt=\"\" \/><\/a>\n\t\t\t\t<\/dt><\/dl><dl class='gallery-item'>\n\t\t\t\t<dt class='gallery-icon portrait'>\n\t\t\t\t\t<a class=\"rollover rollover-zoom dt-pswp-item\" title=\"218179804_146060920967907_3647911194496860009_n\" data-dt-img-description=\"\" data-large_image_width=\"151\" data-large_image_height=\"225\"href='https:\/\/www.radiopiu.net\/wordpress\/wp-content\/uploads\/2021\/07\/218179804_146060920967907_3647911194496860009_n.jpg'><img loading=\"lazy\" decoding=\"async\" width=\"150\" height=\"150\" src=\"https:\/\/www.radiopiu.net\/wordpress\/wp-content\/uploads\/2021\/07\/218179804_146060920967907_3647911194496860009_n-150x150.jpg\" class=\"attachment-thumbnail size-thumbnail\" alt=\"\" \/><\/a>\n\t\t\t\t<\/dt><\/dl><br style=\"clear: both\" \/><dl class='gallery-item'>\n\t\t\t\t<dt class='gallery-icon portrait'>\n\t\t\t\t\t<a class=\"rollover rollover-zoom dt-pswp-item\" title=\"219363974_1520795568255616_6810442965319888529_n\" data-dt-img-description=\"\" data-large_image_width=\"149\" data-large_image_height=\"260\"href='https:\/\/www.radiopiu.net\/wordpress\/wp-content\/uploads\/2021\/07\/219363974_1520795568255616_6810442965319888529_n.jpg'><img loading=\"lazy\" decoding=\"async\" width=\"149\" height=\"150\" src=\"https:\/\/www.radiopiu.net\/wordpress\/wp-content\/uploads\/2021\/07\/219363974_1520795568255616_6810442965319888529_n-149x150.jpg\" class=\"attachment-thumbnail size-thumbnail\" alt=\"\" \/><\/a>\n\t\t\t\t<\/dt><\/dl><dl class='gallery-item'>\n\t\t\t\t<dt class='gallery-icon landscape'>\n\t\t\t\t\t<a class=\"rollover rollover-zoom dt-pswp-item\" title=\"218979936_4350728964992196_4539043669194419547_n\" data-dt-img-description=\"\" data-large_image_width=\"235\" data-large_image_height=\"201\"href='https:\/\/www.radiopiu.net\/wordpress\/wp-content\/uploads\/2021\/07\/218979936_4350728964992196_4539043669194419547_n.jpg'><img loading=\"lazy\" decoding=\"async\" width=\"150\" height=\"150\" src=\"https:\/\/www.radiopiu.net\/wordpress\/wp-content\/uploads\/2021\/07\/218979936_4350728964992196_4539043669194419547_n-150x150.jpg\" class=\"attachment-thumbnail size-thumbnail\" alt=\"\" \/><\/a>\n\t\t\t\t<\/dt><\/dl><dl class='gallery-item'>\n\t\t\t\t<dt class='gallery-icon landscape'>\n\t\t\t\t\t<a class=\"rollover rollover-zoom dt-pswp-item\" title=\"217267139_840753986875889_2381402694917897726_n\" data-dt-img-description=\"\" data-large_image_width=\"296\" data-large_image_height=\"202\"href='https:\/\/www.radiopiu.net\/wordpress\/wp-content\/uploads\/2021\/07\/217267139_840753986875889_2381402694917897726_n.jpg'><img loading=\"lazy\" decoding=\"async\" width=\"150\" height=\"150\" src=\"https:\/\/www.radiopiu.net\/wordpress\/wp-content\/uploads\/2021\/07\/217267139_840753986875889_2381402694917897726_n-150x150.jpg\" class=\"attachment-thumbnail size-thumbnail\" alt=\"\" \/><\/a>\n\t\t\t\t<\/dt><\/dl><dl class='gallery-item'>\n\t\t\t\t<dt class='gallery-icon landscape'>\n\t\t\t\t\t<a class=\"rollover rollover-zoom dt-pswp-item\" title=\"219746074_563843411290350_8814024638771863779_n\" data-dt-img-description=\"\" data-large_image_width=\"320\" data-large_image_height=\"204\"href='https:\/\/www.radiopiu.net\/wordpress\/wp-content\/uploads\/2021\/07\/219746074_563843411290350_8814024638771863779_n.jpg'><img loading=\"lazy\" decoding=\"async\" width=\"150\" height=\"150\" src=\"https:\/\/www.radiopiu.net\/wordpress\/wp-content\/uploads\/2021\/07\/219746074_563843411290350_8814024638771863779_n-150x150.jpg\" class=\"attachment-thumbnail size-thumbnail\" alt=\"\" \/><\/a>\n\t\t\t\t<\/dt><\/dl><dl class='gallery-item'>\n\t\t\t\t<dt class='gallery-icon portrait'>\n\t\t\t\t\t<a class=\"rollover rollover-zoom dt-pswp-item\" title=\"218840546_2873214136302288_381810606197995401_n\" data-dt-img-description=\"\" data-large_image_width=\"200\" data-large_image_height=\"206\"href='https:\/\/www.radiopiu.net\/wordpress\/wp-content\/uploads\/2021\/07\/218840546_2873214136302288_381810606197995401_n.jpg'><img loading=\"lazy\" decoding=\"async\" width=\"150\" height=\"150\" src=\"https:\/\/www.radiopiu.net\/wordpress\/wp-content\/uploads\/2021\/07\/218840546_2873214136302288_381810606197995401_n-150x150.jpg\" class=\"attachment-thumbnail size-thumbnail\" alt=\"\" \/><\/a>\n\t\t\t\t<\/dt><\/dl><dl class='gallery-item'>\n\t\t\t\t<dt class='gallery-icon portrait'>\n\t\t\t\t\t<a class=\"rollover rollover-zoom dt-pswp-item\" title=\"219012032_338625587911427_2347772663922931046_n\" data-dt-img-description=\"\" data-large_image_width=\"152\" data-large_image_height=\"225\"href='https:\/\/www.radiopiu.net\/wordpress\/wp-content\/uploads\/2021\/07\/219012032_338625587911427_2347772663922931046_n.jpg'><img loading=\"lazy\" decoding=\"async\" width=\"150\" height=\"150\" src=\"https:\/\/www.radiopiu.net\/wordpress\/wp-content\/uploads\/2021\/07\/219012032_338625587911427_2347772663922931046_n-150x150.jpg\" class=\"attachment-thumbnail size-thumbnail\" alt=\"\" \/><\/a>\n\t\t\t\t<\/dt><\/dl><dl class='gallery-item'>\n\t\t\t\t<dt class='gallery-icon landscape'>\n\t\t\t\t\t<a class=\"rollover rollover-zoom dt-pswp-item\" title=\"216902608_346062940341279_1849601387939761502_n\" data-dt-img-description=\"\" data-large_image_width=\"389\" data-large_image_height=\"206\"href='https:\/\/www.radiopiu.net\/wordpress\/wp-content\/uploads\/2021\/07\/216902608_346062940341279_1849601387939761502_n.jpg'><img loading=\"lazy\" decoding=\"async\" width=\"150\" height=\"150\" src=\"https:\/\/www.radiopiu.net\/wordpress\/wp-content\/uploads\/2021\/07\/216902608_346062940341279_1849601387939761502_n-150x150.jpg\" class=\"attachment-thumbnail size-thumbnail\" alt=\"\" \/><\/a>\n\t\t\t\t<\/dt><\/dl><dl class='gallery-item'>\n\t\t\t\t<dt class='gallery-icon landscape'>\n\t\t\t\t\t<a class=\"rollover rollover-zoom dt-pswp-item\" title=\"218334120_3040576899519963_4196534886506066250_n\" data-dt-img-description=\"\" data-large_image_width=\"292\" data-large_image_height=\"206\"href='https:\/\/www.radiopiu.net\/wordpress\/wp-content\/uploads\/2021\/07\/218334120_3040576899519963_4196534886506066250_n.jpg'><img loading=\"lazy\" decoding=\"async\" width=\"150\" height=\"150\" src=\"https:\/\/www.radiopiu.net\/wordpress\/wp-content\/uploads\/2021\/07\/218334120_3040576899519963_4196534886506066250_n-150x150.jpg\" class=\"attachment-thumbnail size-thumbnail\" alt=\"\" \/><\/a>\n\t\t\t\t<\/dt><\/dl><dl class='gallery-item'>\n\t\t\t\t<dt class='gallery-icon landscape'>\n\t\t\t\t\t<a class=\"rollover rollover-zoom dt-pswp-item\" title=\"218639830_574260387312821_3986006298543930046_n\" data-dt-img-description=\"\" data-large_image_width=\"261\" data-large_image_height=\"204\"href='https:\/\/www.radiopiu.net\/wordpress\/wp-content\/uploads\/2021\/07\/218639830_574260387312821_3986006298543930046_n.jpg'><img loading=\"lazy\" decoding=\"async\" width=\"150\" height=\"150\" src=\"https:\/\/www.radiopiu.net\/wordpress\/wp-content\/uploads\/2021\/07\/218639830_574260387312821_3986006298543930046_n-150x150.jpg\" class=\"attachment-thumbnail size-thumbnail\" alt=\"\" \/><\/a>\n\t\t\t\t<\/dt><\/dl><br style=\"clear: both\" \/>\n\t\t\t<\/div>\n\n<hr \/>\n<p>&nbsp;<\/p>\n<blockquote>\n<h3>CONCERTO DEL 24 LUGLIO AL BOSCO DEGLI ARTISTI: SOLD OUT!<\/h3>\n<\/blockquote>\n<div class=\"kvgmc6g5 cxmmr5t8 oygrvhab hcukyx3x c1et5uql ii04i59q\">\n<div dir=\"auto\">\n<h3><strong><a href=\"https:\/\/www.radiopiu.net\/wordpress\/al-via-le-prenotazioni-per-il-concerto-la-mia-terra-con-roby-facchinetti\/6d2f3eca-51eb-475d-a53d-f8cc7852afd5\/\" rel=\"attachment wp-att-216089\"><img loading=\"lazy\" decoding=\"async\" class=\" wp-image-216089 alignleft\" src=\"https:\/\/www.radiopiu.net\/wordpress\/wp-content\/uploads\/2021\/06\/6d2f3eca-51eb-475d-a53d-f8cc7852afd5-300x300.jpg\" alt=\"\" width=\"114\" height=\"114\" srcset=\"https:\/\/www.radiopiu.net\/wordpress\/wp-content\/uploads\/2021\/06\/6d2f3eca-51eb-475d-a53d-f8cc7852afd5-300x300.jpg 300w, https:\/\/www.radiopiu.net\/wordpress\/wp-content\/uploads\/2021\/06\/6d2f3eca-51eb-475d-a53d-f8cc7852afd5-150x150.jpg 150w, https:\/\/www.radiopiu.net\/wordpress\/wp-content\/uploads\/2021\/06\/6d2f3eca-51eb-475d-a53d-f8cc7852afd5-768x768.jpg 768w, https:\/\/www.radiopiu.net\/wordpress\/wp-content\/uploads\/2021\/06\/6d2f3eca-51eb-475d-a53d-f8cc7852afd5.jpg 1024w\" sizes=\"auto, (max-width: 114px) 100vw, 114px\" \/><\/a><\/strong><\/h3>\n<p><strong>FALCADE<\/strong> Sold out! Sono chiuse le iscrizioni per il concerto \u201cLa Mia Terra\u201d in programma il 24 luglio nel Bosco degli Artisti di Falcade. \u00c8 possibile tuttavia prendere parte all\u2019evento accedendo all\u2019ampio spazio naturale in localit\u00e0 Le Buse. La cassa di risonanza offerta da questo luogo magico permetter\u00e0 di ascoltare tutto il concerto anche all\u2019esterno dell\u2019area con i posti prenotati e gi\u00e0 esauriti. Potete accedere grazie alla cabinovia Falcade \u2013 Le Buse e ascoltare il concerto sedendovi sul prato che si apre ai piedi di Mulaz e Focobon. Per informazioni: <a class=\"oajrlxb2 g5ia77u1 qu0x051f esr5mh6w e9989ue4 r7d6kgcz rq0escxv nhd2j8a9 nc684nl6 p7hjln8o kvgmc6g5 cxmmr5t8 oygrvhab hcukyx3x jb3vyjys rz4wbd8a qt6c0cv9 a8nywdso i1ao9s8h esuyzwwr f1sip0of lzcic4wl py34i1dx gpro0wi8\" tabindex=\"0\" role=\"link\" href=\"https:\/\/www.falcadedolomiti.it\/?fbclid=IwAR3kfcnpIiqMsz0fiGg1YH8otpNu1ZRDAoNgpCpML5SDkV9X-vd00qQMnHY\" target=\"_blank\" rel=\"nofollow noopener\">https:\/\/www.falcadedolomiti.it\/<\/a><\/p>\n<\/div>\n<\/div>\n<div class=\"o9v6fnle cxmmr5t8 oygrvhab hcukyx3x c1et5uql ii04i59q\">\n<div dir=\"auto\">\n<div><\/div>\n<div><\/div>\n<div><\/div>\n<div><\/div>\n<div><\/div>\n<div>\n<hr \/>\n<\/div>\n<div><\/div>\n<div>https:\/\/www.radiopiu.net\/wordpress\/la-coppa-doro-delle-dolomiti-in-agordino\/<\/div>\n<div><\/div>\n<hr \/>\n<p>&nbsp;<\/p>\n<h1><span style=\"color: #ff0000;\">\u00a0VIDEO<\/span><\/h1>\n<div><\/div>\n<div>\n<div style=\"width: 852px;\" class=\"wp-video\"><video class=\"wp-video-shortcode\" id=\"video-222416-2\" width=\"852\" height=\"480\" preload=\"metadata\" controls=\"controls\"><source type=\"video\/mp4\" src=\"https:\/\/www.radiopiu.net\/wordpress\/wp-content\/uploads\/2021\/07\/WhatsApp-Video-2021-07-15-at-14.49.27.mp4?_=2\" \/><a href=\"https:\/\/www.radiopiu.net\/wordpress\/wp-content\/uploads\/2021\/07\/WhatsApp-Video-2021-07-15-at-14.49.27.mp4\">https:\/\/www.radiopiu.net\/wordpress\/wp-content\/uploads\/2021\/07\/WhatsApp-Video-2021-07-15-at-14.49.27.mp4<\/a><\/video><\/div>\n<\/div>\n<p>&nbsp;<\/p>\n<hr \/>\n<p>&nbsp;<\/p>\n<blockquote>\n<h3>UNA MOSTRA PER RICORDARE PADRE DOMENICO DE ROCCO<\/h3>\n<\/blockquote>\n<p><strong><a href=\"https:\/\/www.radiopiu.net\/wordpress\/una-mostra-per-ricordare-padre-domenico-de-rocco\/padre-domenico-de-rocco-mostra\/\" rel=\"attachment wp-att-221865\"><img loading=\"lazy\" decoding=\"async\" class=\" wp-image-221865 alignleft\" src=\"https:\/\/www.radiopiu.net\/wordpress\/wp-content\/uploads\/2021\/07\/Padre-Domenico-De-Rocco-Mostra-210x300.jpg\" alt=\"\" width=\"142\" height=\"202\" srcset=\"https:\/\/www.radiopiu.net\/wordpress\/wp-content\/uploads\/2021\/07\/Padre-Domenico-De-Rocco-Mostra-210x300.jpg 210w, https:\/\/www.radiopiu.net\/wordpress\/wp-content\/uploads\/2021\/07\/Padre-Domenico-De-Rocco-Mostra-717x1024.jpg 717w, https:\/\/www.radiopiu.net\/wordpress\/wp-content\/uploads\/2021\/07\/Padre-Domenico-De-Rocco-Mostra-768x1097.jpg 768w, https:\/\/www.radiopiu.net\/wordpress\/wp-content\/uploads\/2021\/07\/Padre-Domenico-De-Rocco-Mostra-1075x1536.jpg 1075w, https:\/\/www.radiopiu.net\/wordpress\/wp-content\/uploads\/2021\/07\/Padre-Domenico-De-Rocco-Mostra-1433x2048.jpg 1433w, https:\/\/www.radiopiu.net\/wordpress\/wp-content\/uploads\/2021\/07\/Padre-Domenico-De-Rocco-Mostra-scaled.jpg 1792w\" sizes=\"auto, (max-width: 142px) 100vw, 142px\" \/><\/a><\/strong><\/p>\n<p>&nbsp;<\/p>\n<p><strong>CANALE D&#8217;AGORDO<\/strong>\u00a0 Per ricordare la figura di Padre Domenico De Rocco il Museo Albino Luciani ha organizzato una mostra, rester\u00e0 aperta fino al 31 ottobre con il seguente orario: fino al 12 settembre tutti i giorni 9.00-13.00 e 15.00-19.00. Dal 13 settembre al 31 ottobre: venerd\u00ec, sabato e domenica 9.00-12.00 e 15.00-18.00.<\/p>\n<p>&nbsp;<\/p>\n<p>&nbsp;<\/p>\n<p>&nbsp;<\/p>\n<hr \/>\n<div class=\"mkdf-post-text\">\n<div class=\"mkdf-post-text-inner\">\n<div class=\"mkdf-post-text-main\">\n<p>&nbsp;<\/p>\n<blockquote>\n<h3>TEATRO SOTTO LE STELLE A LONGANO<\/h3>\n<\/blockquote>\n<p><strong><a href=\"https:\/\/www.radiopiu.net\/wordpress\/giornale-radiopiu-15-luglio-2021-direttore-mirko-mezzacasa\/a873dcdf-7d90-4cca-81c0-1386d33bb6b5\/\" rel=\"attachment wp-att-221760\"><img loading=\"lazy\" decoding=\"async\" class=\"wp-image-221760 alignleft\" src=\"https:\/\/www.radiopiu.net\/wordpress\/wp-content\/uploads\/2021\/07\/a873dcdf-7d90-4cca-81c0-1386d33bb6b5-212x300.jpg\" alt=\"\" width=\"136\" height=\"192\" srcset=\"https:\/\/www.radiopiu.net\/wordpress\/wp-content\/uploads\/2021\/07\/a873dcdf-7d90-4cca-81c0-1386d33bb6b5-212x300.jpg 212w, https:\/\/www.radiopiu.net\/wordpress\/wp-content\/uploads\/2021\/07\/a873dcdf-7d90-4cca-81c0-1386d33bb6b5-724x1024.jpg 724w, https:\/\/www.radiopiu.net\/wordpress\/wp-content\/uploads\/2021\/07\/a873dcdf-7d90-4cca-81c0-1386d33bb6b5-768x1086.jpg 768w, https:\/\/www.radiopiu.net\/wordpress\/wp-content\/uploads\/2021\/07\/a873dcdf-7d90-4cca-81c0-1386d33bb6b5-1086x1536.jpg 1086w, https:\/\/www.radiopiu.net\/wordpress\/wp-content\/uploads\/2021\/07\/a873dcdf-7d90-4cca-81c0-1386d33bb6b5.jpg 1131w\" sizes=\"auto, (max-width: 136px) 100vw, 136px\" \/><\/a> <\/strong><\/p>\n<p><strong>\u00a0<\/strong><\/p>\n<p><strong>SEDICO <\/strong>Il Comitato Ricreativo di Longano in collaborazione con l&#8217;Associazione Festeggiamenti Bribano in occasione di San Giacomo, patrono di Bribano, organizzano &#8220;Teatro Sotto Le Stelle&#8221;. Sabato 24 luglio alle 20:30 presso la Casa Comunale di Longano andr\u00e0 in scena &#8220;Sogno Di Una Felice Europa&#8221; scritto e interpretato da Roberto Faoro con le musiche dal vivo di Piero Bolzan. Uno spettacolo teatrale intenso e divertente che racconta tra risate e momenti drammatici le differenza tra nazioni e l&#8217;importanza dell&#8217;integrazione fra popoli. In caso di maltempo la manifestazione sar\u00e0 rinviata ad altra data.<\/p>\n<p>&nbsp;<\/p>\n<p>&nbsp;<\/p>\n<p>&nbsp;<\/p>\n<p>&nbsp;<\/p>\n<\/div>\n<div class=\"mkdf-post-text-main\">\n<hr \/>\n<p>&nbsp;<\/p>\n<p>&nbsp;<\/p>\n<blockquote>\n<h3>LA FERITA E IL DONO, A VILLA PAGANINI A 250 ANNI DALLA FRANA CHE ORIGINO&#8217; IL LAGO<\/h3>\n<\/blockquote>\n<p><a href=\"https:\/\/www.radiopiu.net\/wordpress\/giornale-radiopiu-17-luglio-2021-direttore-mirko-mezzacasa\/loc-la-ferita-e-il-dono_5-bassa-1\/\" rel=\"attachment wp-att-222058\"><img loading=\"lazy\" decoding=\"async\" class=\"size-medium wp-image-222058 alignleft\" src=\"https:\/\/www.radiopiu.net\/wordpress\/wp-content\/uploads\/2021\/07\/loc-la-ferita-e-il-dono_5-bassa-1-212x300.jpg\" alt=\"\" width=\"212\" height=\"300\" srcset=\"https:\/\/www.radiopiu.net\/wordpress\/wp-content\/uploads\/2021\/07\/loc-la-ferita-e-il-dono_5-bassa-1-212x300.jpg 212w, https:\/\/www.radiopiu.net\/wordpress\/wp-content\/uploads\/2021\/07\/loc-la-ferita-e-il-dono_5-bassa-1-724x1024.jpg 724w, https:\/\/www.radiopiu.net\/wordpress\/wp-content\/uploads\/2021\/07\/loc-la-ferita-e-il-dono_5-bassa-1-768x1086.jpg 768w, https:\/\/www.radiopiu.net\/wordpress\/wp-content\/uploads\/2021\/07\/loc-la-ferita-e-il-dono_5-bassa-1-1086x1536.jpg 1086w, https:\/\/www.radiopiu.net\/wordpress\/wp-content\/uploads\/2021\/07\/loc-la-ferita-e-il-dono_5-bassa-1-1448x2048.jpg 1448w, https:\/\/www.radiopiu.net\/wordpress\/wp-content\/uploads\/2021\/07\/loc-la-ferita-e-il-dono_5-bassa-1-scaled.jpg 1810w\" sizes=\"auto, (max-width: 212px) 100vw, 212px\" \/><\/a><strong>ALLEGHE<\/strong> Sabato 24 luglio alle 21, nella splendida cornice di Villa Paganini Ruspoli a Masar\u00e8 di Rocca Pietore sulle sponde del Lago di Alleghe, sar\u00e0 ricordato il 250\u00b0 anno dal distacco della frana che, sbarrando il torrente Cordevole, diede origine al Lago di Alleghe. La serata sar\u00e0 incentrata sullo spettacolo, reading musicale,\u201cLago di Alleghe, LA FERITA E IL DONO\u201d creato e portato in scena dall\u2019attrice e autrice Susanna Cro con le musiche originali eseguite dal vivo dal maestro Diego De Pasqual e il disegno luci di Paolo Pellicciari.Con gli artisti bellunesi, in \u201cLago di Alleghe, LA FERITA E Il DONO\u201d ci si immerge nelle vicende storiche ed ambientali che hanno portato alla formazione del lago di Alleghe e negli accadimenti correlati ad essa, in una restituzione a pi\u00f9 livelli di significato nutrita dall\u2019ascolto attivo dei luoghi. Attraverso l\u2019utilizzo di una drammaturgia che integra al piano narrativo, gli originali documenti settecenteschi resi fruibili dagli archivi veneziani da Gio-Maria Antonio Del Negro e finestre poetiche che creano legami empatici con i vissuti emotivi, si percorrono, in un flusso unitario i fatti, le relazioni e la corrispondenza interiore al reale che si manifesta. Il lago \u00e8 stato vissuto come ferita che, attraverso la meraviglia della sua naturale esistenza, si \u00e8 poi disvelato quale dono nel cambiamento.Tra le fonti tecniche e storiche utilizzate anche \u201cIl lago di Alleghe tragedia e fascino\u201d di Gio-Maria Antonio Del Negro e \u201cLa formazione del lago di Alleghe\u201d di Giorgio Fontanive, entrambi studiosi locali.L\u2019evento \u00e8 organizzato in collaborazione tra le amministrazioni comunali di Alleghe e Rocca Pietore e il Consorzio Operatori Turistici Alleghe Caprile. In caso di maltempo l\u2019evento si svolger\u00e0 presso il Centro Congressi di Alleghe. Informazioni e prenotazioni presso l\u2019ufficio turistico di Alleghe 0437-523333, consorzio@alleghe.info &#8211; posti limitati<\/p>\n<p>&nbsp;<\/p>\n<p>&nbsp;<\/p>\n<hr \/>\n<p>&nbsp;<\/p>\n<blockquote>\n<h3>LE MUSE E LE DOLOMITI, IN PIENO CORSO LA NONA RASSEGNA ESTIVA<\/h3>\n<\/blockquote>\n<p><strong>REDAZIONE<\/strong> oggi alle 10.30 e alle 1900 alla radio con Oda Zoe Hochscheid e Adelisa Tabiadon<\/p>\n<p>https:\/\/www.facebook.com\/radiopiu\/videos\/2916607808581624<\/p>\n<p>&nbsp;<\/p>\n<p>&nbsp;<\/p>\n<hr \/>\n<p>&nbsp;<\/p>\n<p><strong>&#8220;I MISTERI DI ALLEGHE DI SERGIO SAVIANE&#8221; ALLA RADIO CON L&#8217;ATTORE ROBERTO FAORO . . . OGNI GIORNO DAL LUNEDI AL VENERDI ALLE 15.30\u00a0\u00a0<\/strong><\/p>\n<p><em><a href=\"https:\/\/www.radiopiu.net\/wordpress\/i-misteri-di-alleghe-alla-radio\/th-156\/\" rel=\"attachment wp-att-221036\"><img loading=\"lazy\" decoding=\"async\" class=\"wp-image-221036 alignleft\" src=\"https:\/\/www.radiopiu.net\/wordpress\/wp-content\/uploads\/2021\/07\/th-6.jpg\" alt=\"\" width=\"119\" height=\"147\" \/><\/a>&#8220;Piacere, sono Roberto Faoro poliedrico attore, drammaturgo e regista italiano&#8221;. <\/em><\/p>\n<p>Esperienza, professionalit\u00e0 e passione per il mondo dell\u2019arte e della recitazione sono le tre parole chiave che fanno di Roberto Faoro un attore, drammaturgo, regista e formatore molto conosciuto e apprezzato nel territorio delle Dolomiti Bellunesi, ma anche a livello nazionale.<\/p>\n<p>&nbsp;<\/p>\n<p>&nbsp;<\/p>\n<p><strong>IL PODCAST<\/strong><\/p>\n<blockquote class=\"wp-embedded-content\" data-secret=\"WebRshLXVs\"><p><a href=\"https:\/\/www.radiopiu.net\/wordpress\/i-misteri-di-alleghe-di-sergio-saviane-alla-radio-con-lattore-roberto-faoro-il-podcast\/\">&#8220;I MISTERI DI ALLEGHE DI SERGIO SAVIANE&#8221; ALLA RADIO CON L&#8217;ATTORE ROBERTO FAORO &#8211; IL PODCAST<\/a><\/p><\/blockquote>\n<p><iframe loading=\"lazy\" class=\"wp-embedded-content\" sandbox=\"allow-scripts\" security=\"restricted\" style=\"position: absolute; clip: rect(1px, 1px, 1px, 1px);\" title=\"&#8220;&#8220;I MISTERI DI ALLEGHE DI SERGIO SAVIANE&#8221; ALLA RADIO CON L&#8217;ATTORE ROBERTO FAORO &#8211; IL PODCAST&#8221; &#8212; Radio Pi\u00f9\" src=\"https:\/\/www.radiopiu.net\/wordpress\/i-misteri-di-alleghe-di-sergio-saviane-alla-radio-con-lattore-roberto-faoro-il-podcast\/embed\/#?secret=WebRshLXVs\" data-secret=\"WebRshLXVs\" width=\"600\" height=\"338\" frameborder=\"0\" marginwidth=\"0\" marginheight=\"0\" scrolling=\"no\"><\/iframe><\/p>\n<p>&nbsp;<\/p>\n<p><strong><a href=\"https:\/\/www.radiopiu.net\/wordpress\/i-misteri-di-alleghe-alla-radio\/librosaviane\/\" rel=\"attachment wp-att-221038\"><img loading=\"lazy\" decoding=\"async\" class=\"wp-image-221038 alignleft\" src=\"https:\/\/www.radiopiu.net\/wordpress\/wp-content\/uploads\/2021\/07\/LibroSaviane-175x300.jpg\" alt=\"\" width=\"90\" height=\"154\" srcset=\"https:\/\/www.radiopiu.net\/wordpress\/wp-content\/uploads\/2021\/07\/LibroSaviane-175x300.jpg 175w, https:\/\/www.radiopiu.net\/wordpress\/wp-content\/uploads\/2021\/07\/LibroSaviane.jpg 200w\" sizes=\"auto, (max-width: 90px) 100vw, 90px\" \/><\/a>1933 \u2013 1946: I DELITTI DI ALLEGHE <\/strong>Una catena di delitti cominciata nel 1933 e a cui una sentenza della Cassazione metter\u00e0 il sigillo finale solo nel 1964. Nell\u2019arco di questi 31 anni si dipanano i misteri di Alleghe, resi celebri da un bel libro scritto dal giornalista e scrittore Sergio Saviane. Cinque omicidi ambientati sulle rive del lago ai piedi delle Dolomiti, maturati in una stretta cerchia di persone, saldamente legati l\u2019uno agli altri e che avvengono in un clima di paura e di omert\u00e0.<\/p>\n<p>&nbsp;<\/p>\n<p>&nbsp;<\/p>\n<p>&nbsp;<\/p>\n<p>&nbsp;<\/p>\n<hr \/>\n<p>&nbsp;<\/p>\n<div class=\"mkdf-post-text\">\n<div class=\"mkdf-post-text-inner\">\n<div class=\"mkdf-post-text-main\">\n<div class=\"page-title-head hgroup\">\n<div class=\"page-title-head hgroup\">\n<p>&nbsp;<\/p>\n<blockquote class=\"wp-embedded-content\" data-secret=\"uq6ZgIsrld\"><p><a href=\"https:\/\/www.radiopiu.net\/wordpress\/plastic-free-seconda-puntata-la-raccolta-sul-nevegal\/\">PLASTIC FREE &#8211; SECONDA PUNTATA. LA RACCOLTA SUL NEVEGAL<\/a><\/p><\/blockquote>\n<p><iframe loading=\"lazy\" class=\"wp-embedded-content\" sandbox=\"allow-scripts\" security=\"restricted\" style=\"position: absolute; clip: rect(1px, 1px, 1px, 1px);\" title=\"&#8220;PLASTIC FREE &#8211; SECONDA PUNTATA. LA RACCOLTA SUL NEVEGAL&#8221; &#8212; Radio Pi\u00f9\" src=\"https:\/\/www.radiopiu.net\/wordpress\/plastic-free-seconda-puntata-la-raccolta-sul-nevegal\/embed\/#?secret=uq6ZgIsrld\" data-secret=\"uq6ZgIsrld\" width=\"600\" height=\"338\" frameborder=\"0\" marginwidth=\"0\" marginheight=\"0\" scrolling=\"no\"><\/iframe><\/p>\n<p>&nbsp;<\/p>\n<p>&nbsp;<\/p>\n<hr \/>\n<p>&nbsp;<\/p>\n<div class=\"mkdf-post-text\">\n<div class=\"mkdf-post-text-inner\">\n<div class=\"mkdf-post-text-main\">\n<blockquote class=\"wp-embedded-content\" data-secret=\"ODfnHWqkdq\"><p><a href=\"https:\/\/www.radiopiu.net\/wordpress\/da-ieri-alla-radio-in-palinsesto-loris-e-maurizio-con-la-grande-musica\/\">IL BLUES ALLA RADIO &#8230; COME NON L&#8217;AVETE MAI SENTITO PRIMA<\/a><\/p><\/blockquote>\n<p><iframe loading=\"lazy\" class=\"wp-embedded-content\" sandbox=\"allow-scripts\" security=\"restricted\" style=\"position: absolute; clip: rect(1px, 1px, 1px, 1px);\" title=\"&#8220;IL BLUES ALLA RADIO &#8230; COME NON L&#8217;AVETE MAI SENTITO PRIMA&#8221; &#8212; Radio Pi\u00f9\" src=\"https:\/\/www.radiopiu.net\/wordpress\/da-ieri-alla-radio-in-palinsesto-loris-e-maurizio-con-la-grande-musica\/embed\/#?secret=ODfnHWqkdq\" data-secret=\"ODfnHWqkdq\" width=\"600\" height=\"338\" frameborder=\"0\" marginwidth=\"0\" marginheight=\"0\" scrolling=\"no\"><\/iframe><\/p>\n<p>&nbsp;<\/p>\n<hr \/>\n<p>&nbsp;<\/p>\n<div class=\"mkdf-post-text\">\n<div class=\"mkdf-post-text-inner\">\n<div class=\"mkdf-post-text-main\">\n<div>\n<div class=\"page-title-head hgroup\">\n<div class=\"page-title-head hgroup\">\n<div class=\"page-title-head hgroup\">\n<div class=\"page-title-head hgroup\">\n<div class=\"b654a4as d2edcug0\">\n<blockquote>\n<blockquote>\n<h2><a href=\"https:\/\/www.radiopiu.net\/wordpress\/speciale-solidarieta-veneto\/solidarieta-veneto-3\/\" rel=\"attachment wp-att-134366\"><img loading=\"lazy\" decoding=\"async\" class=\"wp-image-134366 alignleft\" src=\"https:\/\/www.radiopiu.net\/wordpress\/wp-content\/uploads\/2020\/05\/solidariet\u00e0-veneto-300x210.jpg\" alt=\"\" width=\"102\" height=\"71\" srcset=\"https:\/\/www.radiopiu.net\/wordpress\/wp-content\/uploads\/2020\/05\/solidariet\u00e0-veneto-300x210.jpg 300w, https:\/\/www.radiopiu.net\/wordpress\/wp-content\/uploads\/2020\/05\/solidariet\u00e0-veneto-1024x717.jpg 1024w, https:\/\/www.radiopiu.net\/wordpress\/wp-content\/uploads\/2020\/05\/solidariet\u00e0-veneto-768x538.jpg 768w, https:\/\/www.radiopiu.net\/wordpress\/wp-content\/uploads\/2020\/05\/solidariet\u00e0-veneto.jpg 1373w\" sizes=\"auto, (max-width: 102px) 100vw, 102px\" \/><\/a>SOLIDARIETA&#8217; VENETO FONDO PENSIONE, IN ONDA IL PRIMO VENERDI DEL MESE ALLE 10.30 E ALLE 19.00 QUINTA STAGIONE<\/h2>\n<\/blockquote>\n<h2><strong><span style=\"color: #ff0000;\">AUDIO LUGLIO 2021<\/span><\/strong><\/h2>\n<\/blockquote>\n<audio class=\"wp-audio-shortcode\" id=\"audio-222416-7\" preload=\"none\" style=\"width: 100%;\" controls=\"controls\"><source type=\"audio\/mpeg\" src=\"https:\/\/www.radiopiu.net\/wordpress\/wp-content\/uploads\/2021\/07\/solidarieta-veneto-luglio-2021.mp3?_=7\" \/><a href=\"https:\/\/www.radiopiu.net\/wordpress\/wp-content\/uploads\/2021\/07\/solidarieta-veneto-luglio-2021.mp3\">https:\/\/www.radiopiu.net\/wordpress\/wp-content\/uploads\/2021\/07\/solidarieta-veneto-luglio-2021.mp3<\/a><\/audio>\n<h2>LA RACCOLTA COMPLETA<\/h2>\n<blockquote class=\"wp-embedded-content\" data-secret=\"ke5xFZ3rPd\"><p><a href=\"https:\/\/www.radiopiu.net\/wordpress\/solidarieta-veneto\/\">Solidariet\u00e0 Veneto<\/a><\/p><\/blockquote>\n<p><iframe loading=\"lazy\" class=\"wp-embedded-content\" sandbox=\"allow-scripts\" security=\"restricted\" style=\"position: absolute; clip: rect(1px, 1px, 1px, 1px);\" title=\"&#8220;Solidariet\u00e0 Veneto&#8221; &#8212; Radio Pi\u00f9\" src=\"https:\/\/www.radiopiu.net\/wordpress\/solidarieta-veneto\/embed\/#?secret=ke5xFZ3rPd\" data-secret=\"ke5xFZ3rPd\" width=\"600\" height=\"338\" frameborder=\"0\" marginwidth=\"0\" marginheight=\"0\" scrolling=\"no\"><\/iframe><\/p>\n<blockquote>\n<h2><\/h2>\n<\/blockquote>\n<p>&nbsp;<\/p>\n<hr \/>\n<p>&nbsp;<\/p>\n<h2><strong><span style=\"color: #ff0000;\">QUINDICINALE APPUNTAMENTO ALLA RADIO<\/span><\/strong><\/h2>\n<blockquote>\n<h3><a style=\"font-size: 14px; font-weight: normal;\" href=\"https:\/\/www.radiopiu.net\/wordpress\/giornale-radiopiu-06-febbraio-2019-direttore-mirko-mezzacasa\/logo_spi-cgil-800x445\/\" rel=\"attachment wp-att-75538\"><img loading=\"lazy\" decoding=\"async\" class=\"wp-image-75538 alignleft\" src=\"https:\/\/www.radiopiu.net\/wordpress\/wp-content\/uploads\/2019\/02\/Logo_Spi-CGIL-800x445-300x167.jpg\" alt=\"\" width=\"210\" height=\"117\" srcset=\"https:\/\/www.radiopiu.net\/wordpress\/wp-content\/uploads\/2019\/02\/Logo_Spi-CGIL-800x445-300x167.jpg 300w, https:\/\/www.radiopiu.net\/wordpress\/wp-content\/uploads\/2019\/02\/Logo_Spi-CGIL-800x445-768x427.jpg 768w, https:\/\/www.radiopiu.net\/wordpress\/wp-content\/uploads\/2019\/02\/Logo_Spi-CGIL-800x445.jpg 800w\" sizes=\"auto, (max-width: 210px) 100vw, 210px\" \/><\/a><\/h3>\n<\/blockquote>\n<blockquote>\n<h3>ALLA RADIO, APPUNTAMENTO QUINDICINALE CON SPI-CGIL BELLUNO, IN STUDIO MARIA RITA GENTILIN<\/h3>\n<\/blockquote>\n<p><strong>di Claudio Fontanive\u00a0<\/strong><\/p>\n<p><span style=\"color: #ff0000;\"><strong>PUNTATA DEL\u00a0 08 luglio 2021<br \/>\n<\/strong><\/span><\/p>\n<audio class=\"wp-audio-shortcode\" id=\"audio-222416-8\" preload=\"none\" style=\"width: 100%;\" controls=\"controls\"><source type=\"audio\/mpeg\" src=\"https:\/\/www.radiopiu.net\/wordpress\/wp-content\/uploads\/2021\/07\/spi-cgil-8-luglio.mp3?_=8\" \/><a href=\"https:\/\/www.radiopiu.net\/wordpress\/wp-content\/uploads\/2021\/07\/spi-cgil-8-luglio.mp3\">https:\/\/www.radiopiu.net\/wordpress\/wp-content\/uploads\/2021\/07\/spi-cgil-8-luglio.mp3<\/a><\/audio>\n<p><span style=\"color: #ff0000;\"><strong>\u00a0<\/strong><\/span><\/p>\n<p>&nbsp;<\/p>\n<p>&nbsp;<\/p>\n<hr \/>\n<p>&nbsp;<\/p>\n<div>\n<div class=\"b654a4as d2edcug0\">\n<div class=\"rq0escxv hkbzh7o3 jwdofwj8 n8tt0mok r8blr3vg hyh9befq\">\n<p><a class=\"dt-pswp-item\" href=\"https:\/\/www.radiopiu.net\/wordpress\/wp-content\/uploads\/2020\/10\/pp.jpg\" data-dt-img-description=\"\" data-large_image_width=\"640\" data-large_image_height=\"640\"><img loading=\"lazy\" decoding=\"async\" class=\"wp-image-163678 alignleft\" src=\"https:\/\/www.radiopiu.net\/wordpress\/wp-content\/uploads\/2020\/10\/pp-300x300.jpg\" alt=\"\" width=\"106\" height=\"106\" srcset=\"https:\/\/www.radiopiu.net\/wordpress\/wp-content\/uploads\/2020\/10\/pp-300x300.jpg 300w, https:\/\/www.radiopiu.net\/wordpress\/wp-content\/uploads\/2020\/10\/pp-150x150.jpg 150w, https:\/\/www.radiopiu.net\/wordpress\/wp-content\/uploads\/2020\/10\/pp-125x125.jpg 125w, https:\/\/www.radiopiu.net\/wordpress\/wp-content\/uploads\/2020\/10\/pp-200x200.jpg 200w, https:\/\/www.radiopiu.net\/wordpress\/wp-content\/uploads\/2020\/10\/pp-80x80.jpg 80w, https:\/\/www.radiopiu.net\/wordpress\/wp-content\/uploads\/2020\/10\/pp-480x480.jpg 480w, https:\/\/www.radiopiu.net\/wordpress\/wp-content\/uploads\/2020\/10\/pp.jpg 640w\" sizes=\"auto, (max-width: 106px) 100vw, 106px\" \/><\/a><\/p>\n<\/div>\n<\/div>\n<\/div>\n<div>\n<div class=\"page-title-head hgroup\">\n<div class=\"page-title-head hgroup\">\n<div class=\"b654a4as d2edcug0\">\n<div class=\"j83agx80 btwxx1t3 lhclo0ds hop8lmos nkwizq5d scwd0bx6 roh60bw9\">\n<div class=\"rq0escxv hkbzh7o3 jwdofwj8 n8tt0mok r8blr3vg hyh9befq\">\n<div class=\"do00u71z l9j0dhe7 k4urcfbm\">\n<h2><span style=\"color: #000080;\">DON CESARE, IL PENSIERO DEL GIORNO. ALLA RADIO ALLE 7 DEL MATTINO E ALLE 19.30 DELLA SERA.\u00a0\u00a0<\/span><\/h2>\n<\/div>\n<\/div>\n<\/div>\n<div><\/div>\n<div><\/div>\n<div><\/div>\n<\/div>\n<\/div>\n<div class=\"page-title-head hgroup\">\n<audio class=\"wp-audio-shortcode\" id=\"audio-222416-9\" preload=\"none\" style=\"width: 100%;\" controls=\"controls\"><source type=\"audio\/mpeg\" src=\"https:\/\/www.radiopiu.net\/wordpress\/wp-content\/uploads\/2021\/07\/cesare-8.mp3?_=9\" \/><a href=\"https:\/\/www.radiopiu.net\/wordpress\/wp-content\/uploads\/2021\/07\/cesare-8.mp3\">https:\/\/www.radiopiu.net\/wordpress\/wp-content\/uploads\/2021\/07\/cesare-8.mp3<\/a><\/audio>\n<p>&nbsp;<\/p>\n<p>&nbsp;<\/p>\n<hr \/>\n<p class=\"b654a4as d2edcug0\"><span style=\"color: #ff6600;\"> \u00a0<\/span><\/p>\n<h2><span style=\"color: #ff6600;\">GIROVAGANDO ALLA RADIO, PUNTATA 08<\/span><\/h2>\n<h3><a href=\"https:\/\/www.radiopiu.net\/wordpress\/girovagando-alla-radio-puntata-08\/cc427606-4bd0-4e80-9a49-01e74866dea0\/\" rel=\"attachment wp-att-221138\"><img loading=\"lazy\" decoding=\"async\" class=\" wp-image-221138 alignleft\" src=\"https:\/\/www.radiopiu.net\/wordpress\/wp-content\/uploads\/2021\/07\/cc427606-4bd0-4e80-9a49-01e74866dea0-300x225.jpg\" alt=\"\" width=\"123\" height=\"92\" srcset=\"https:\/\/www.radiopiu.net\/wordpress\/wp-content\/uploads\/2021\/07\/cc427606-4bd0-4e80-9a49-01e74866dea0-300x225.jpg 300w, https:\/\/www.radiopiu.net\/wordpress\/wp-content\/uploads\/2021\/07\/cc427606-4bd0-4e80-9a49-01e74866dea0-768x576.jpg 768w, https:\/\/www.radiopiu.net\/wordpress\/wp-content\/uploads\/2021\/07\/cc427606-4bd0-4e80-9a49-01e74866dea0.jpg 960w\" sizes=\"auto, (max-width: 123px) 100vw, 123px\" \/><\/a>Collaborazione Thomas Soppera<\/h3>\n<p>&nbsp;<\/p>\n<p><strong>AUDIO PUNTATA 12 Luglio 2021<\/strong><\/p>\n<audio class=\"wp-audio-shortcode\" id=\"audio-222416-10\" preload=\"none\" style=\"width: 100%;\" controls=\"controls\"><source type=\"audio\/mpeg\" src=\"https:\/\/www.radiopiu.net\/wordpress\/wp-content\/uploads\/2021\/07\/GIROVAGANDO-08.mp3?_=10\" \/><a href=\"https:\/\/www.radiopiu.net\/wordpress\/wp-content\/uploads\/2021\/07\/GIROVAGANDO-08.mp3\">https:\/\/www.radiopiu.net\/wordpress\/wp-content\/uploads\/2021\/07\/GIROVAGANDO-08.mp3<\/a><\/audio>\n<p>&nbsp;<\/p>\n<h2><span style=\"color: #ff0000;\">LA RACCOLTA COMPLETA\u00a0<\/span><\/h2>\n<blockquote class=\"wp-embedded-content\" data-secret=\"dFs4rbsOFk\"><p><a href=\"https:\/\/www.radiopiu.net\/wordpress\/girovagando-in-e-bike-tra-le-dolomiti\/\">GIROVAGANDO IN E BIKE TRA LE DOLOMITI<\/a><\/p><\/blockquote>\n<p><iframe loading=\"lazy\" class=\"wp-embedded-content\" sandbox=\"allow-scripts\" security=\"restricted\" style=\"position: absolute; clip: rect(1px, 1px, 1px, 1px);\" title=\"&#8220;GIROVAGANDO IN E BIKE TRA LE DOLOMITI&#8221; &#8212; Radio Pi\u00f9\" src=\"https:\/\/www.radiopiu.net\/wordpress\/girovagando-in-e-bike-tra-le-dolomiti\/embed\/#?secret=dFs4rbsOFk\" data-secret=\"dFs4rbsOFk\" width=\"600\" height=\"338\" frameborder=\"0\" marginwidth=\"0\" marginheight=\"0\" scrolling=\"no\"><\/iframe><\/p>\n<p>\u200b<\/p>\n<p>&nbsp;<\/p>\n<hr \/>\n<div>\n<div class=\"page-title-head hgroup\">\n<div class=\"page-title-head hgroup\">\n<div class=\"b654a4as d2edcug0\">\n<div>\n<p>&nbsp;<\/p>\n<\/div>\n<div><\/div>\n<h2>COLLAGE&#8230; DI LORIS SCUSSEL dal lunedi al venerdi alle 16 e alle 23 su RADIO PIU<\/h2>\n<div>\n<div>\n<div>\n<div>\n<div>\n<div>\n<div>\n<div>\n<div>\n<div>\n<div>\n<div>\n<div>\n<div>\n<div>\n<div>\n<div>\n<div>\n<div>\n<div>\n<div>\n<p><img loading=\"lazy\" decoding=\"async\" class=\"alignleft\" src=\"https:\/\/www.radiopiu.net\/wordpress\/wp-content\/uploads\/2021\/05\/Schermata-2021-05-23-alle-11.50.11.png\" width=\"186\" height=\"131\" \/>Il programma \u00e8 andato in onda da dicembre 2013 fino a luglio 2019, comprese le repliche, in due serie per 350 puntate complessive con 1.890 brani trasmessi. L\u2019obiettivo del programma: riproporre agli ascoltatori pi\u00f9 grandicelli le canzoni che ascoltavano nel passato e nello stesso tempo farle conoscere anche ai pi\u00f9 giovani.<\/p>\n<\/div>\n<\/div>\n<\/div>\n<\/div>\n<\/div>\n<\/div>\n<\/div>\n<\/div>\n<\/div>\n<div>\n<div>\n<div>\n<p>&nbsp;<\/p>\n<\/div>\n<\/div>\n<\/div>\n<p>&nbsp;<\/p>\n<\/div>\n<\/div>\n<\/div>\n<\/div>\n<\/div>\n<\/div>\n<\/div>\n<\/div>\n<\/div>\n<\/div>\n<\/div>\n<div>\n<div>\n<div>\n<p>&nbsp;<\/p>\n<\/div>\n<\/div>\n<\/div>\n<\/div>\n<hr \/>\n<p>&nbsp;<\/p>\n<blockquote class=\"wp-embedded-content\" data-secret=\"HwdA4TM2J7\"><p><a href=\"https:\/\/www.radiopiu.net\/wordpress\/raccolta-completa11\/\">FANTASTICHE DOLOMITI LA RACCOLTA COMPLETA<\/a><\/p><\/blockquote>\n<p><iframe loading=\"lazy\" class=\"wp-embedded-content\" sandbox=\"allow-scripts\" security=\"restricted\" style=\"position: absolute; clip: rect(1px, 1px, 1px, 1px);\" title=\"&#8220;FANTASTICHE DOLOMITI LA RACCOLTA COMPLETA&#8221; &#8212; Radio Pi\u00f9\" src=\"https:\/\/www.radiopiu.net\/wordpress\/raccolta-completa11\/embed\/#?secret=HwdA4TM2J7\" data-secret=\"HwdA4TM2J7\" width=\"600\" height=\"338\" frameborder=\"0\" marginwidth=\"0\" marginheight=\"0\" scrolling=\"no\"><\/iframe><\/p>\n<p>&nbsp;<\/p>\n<p>&nbsp;<\/p>\n<hr \/>\n<div>\n<div class=\"b654a4as d2edcug0\">\n<div class=\"rq0escxv hkbzh7o3 jwdofwj8 n8tt0mok r8blr3vg hyh9befq\">\n<div class=\"b654a4as d2edcug0\">\n<h2><span style=\"color: #008000;\">\u00a0<\/span><\/h2>\n<div class=\"b654a4as d2edcug0\">\n<h2><span style=\"color: #008000;\">ERBE E PIANTE CURATIVE&#8230;IL\u00a0 PROGRAMMA DI PAOLA LANCIATO\u00a0\u00a0<\/span><\/h2>\n<p><strong><a href=\"https:\/\/www.radiopiu.net\/wordpress\/giornale-radiopiu-14-luglio-2021-direttore-mirko-mezzacasa\/lampone-frutto-300x266\/\" rel=\"attachment wp-att-221556\"><img loading=\"lazy\" decoding=\"async\" class=\"wp-image-221556 alignleft\" src=\"https:\/\/www.radiopiu.net\/wordpress\/wp-content\/uploads\/2021\/07\/lampone-frutto-300x266-1.jpg\" alt=\"\" width=\"110\" height=\"97\" \/><\/a><\/strong><\/p>\n<p>&nbsp;<\/p>\n<p><strong>IL LAMPONE<br \/>\n<\/strong><\/p>\n<audio class=\"wp-audio-shortcode\" id=\"audio-222416-11\" preload=\"none\" style=\"width: 100%;\" controls=\"controls\"><source type=\"audio\/mpeg\" src=\"https:\/\/www.radiopiu.net\/wordpress\/wp-content\/uploads\/2021\/07\/ERBE.mp3?_=11\" \/><a href=\"https:\/\/www.radiopiu.net\/wordpress\/wp-content\/uploads\/2021\/07\/ERBE.mp3\">https:\/\/www.radiopiu.net\/wordpress\/wp-content\/uploads\/2021\/07\/ERBE.mp3<\/a><\/audio>\n<blockquote class=\"wp-embedded-content\" data-secret=\"UJ54xJytud\"><p><a href=\"https:\/\/www.radiopiu.net\/wordpress\/erbavoglio\/\">L&#8217;ERBA VOGLIO DEL GIARDINO DEL RE&#8230; Erbe, fiori e Piante di e con Paola Lanciato<\/a><\/p><\/blockquote>\n<p><iframe loading=\"lazy\" class=\"wp-embedded-content\" sandbox=\"allow-scripts\" security=\"restricted\" style=\"position: absolute; clip: rect(1px, 1px, 1px, 1px);\" title=\"&#8220;L&#8217;ERBA VOGLIO DEL GIARDINO DEL RE&#8230; Erbe, fiori e Piante di e con Paola Lanciato&#8221; &#8212; Radio Pi\u00f9\" src=\"https:\/\/www.radiopiu.net\/wordpress\/erbavoglio\/embed\/#?secret=UJ54xJytud\" data-secret=\"UJ54xJytud\" width=\"600\" height=\"338\" frameborder=\"0\" marginwidth=\"0\" marginheight=\"0\" scrolling=\"no\"><\/iframe><\/p>\n<\/div>\n<p>&nbsp;<\/p>\n<\/div>\n<\/div>\n<\/div>\n<\/div>\n<p>&nbsp;<\/p>\n<hr \/>\n<p>&nbsp;<\/p>\n<div>\n<h2><span style=\"color: #ff0000;\"><strong>IN VIVO VERSO 2020-21 ESTATE, RIASCOLTIAMOLI&#8230; DAL CASSETTO DEI RICORDI DI RADIO PIU&#8217;&#8230; LE PRIME\u00a0 SEI STAGIONI\u00a0 \u00a0<\/strong><\/span><\/h2>\n<div class=\"page-title-head hgroup\">\n<div class=\"page-title-head hgroup\">\n<div class=\"page-title-head hgroup\">\n<div class=\"page-title-head hgroup\">\n<div class=\"page-title-head hgroup\">\n<div class=\"page-title-head hgroup\">\n<blockquote>\n<h3>riascoltiamole&#8230;<\/h3>\n<p><strong>LA RACCOLTA COMPLETA<\/strong><\/p><\/blockquote>\n<\/div>\n<\/div>\n<\/div>\n<\/div>\n<\/div>\n<\/div>\n<blockquote class=\"wp-embedded-content\" data-secret=\"WbS9DBHXxU\"><p><a href=\"https:\/\/www.radiopiu.net\/wordpress\/in-vivo-verso\/\">In Vivo Verso<\/a><\/p><\/blockquote>\n<p><iframe loading=\"lazy\" class=\"wp-embedded-content\" sandbox=\"allow-scripts\" security=\"restricted\" style=\"position: absolute; clip: rect(1px, 1px, 1px, 1px);\" title=\"&#8220;In Vivo Verso&#8221; &#8212; Radio Pi\u00f9\" src=\"https:\/\/www.radiopiu.net\/wordpress\/in-vivo-verso\/embed\/#?secret=WbS9DBHXxU\" data-secret=\"WbS9DBHXxU\" width=\"600\" height=\"338\" frameborder=\"0\" marginwidth=\"0\" marginheight=\"0\" scrolling=\"no\"><\/iframe><\/p>\n<p>&nbsp;<\/p>\n<hr \/>\n<\/div>\n<blockquote>\n<blockquote>\n<h2><\/h2>\n<\/blockquote>\n<\/blockquote>\n<div>\n<div class=\"b654a4as d2edcug0\">\n<div class=\"rq0escxv hkbzh7o3 jwdofwj8 n8tt0mok r8blr3vg hyh9befq\">\n<blockquote>\n<h2><span style=\"color: #ff0000;\"><em>ZAINO ALLA RADIO&#8230;ESTATE DI PAOLA LANCIATO TUTTI I GIORNI dal lunedi al venerdi ALLE 14 E 23.30\u00a0 <\/em><\/span><\/h2>\n<h2><span style=\"color: #000000;\"><em>IN VIAGGIO CON PAOLA LANCIATO zaino da viaggio al femminile\u00a0<\/em><\/span><\/h2>\n<\/blockquote>\n<div class=\"b654a4as d2edcug0\">\n<p><strong>LA RACCOLTA COMPLETA<\/strong><\/p>\n<\/div>\n<blockquote class=\"wp-embedded-content\" data-secret=\"les90fA6XX\"><p><a href=\"https:\/\/www.radiopiu.net\/wordpress\/zaino-femminile-lanciato\/\">Zaino da viaggio al femminile<\/a><\/p><\/blockquote>\n<p><iframe loading=\"lazy\" class=\"wp-embedded-content\" sandbox=\"allow-scripts\" security=\"restricted\" style=\"position: absolute; clip: rect(1px, 1px, 1px, 1px);\" title=\"&#8220;Zaino da viaggio al femminile&#8221; &#8212; Radio Pi\u00f9\" src=\"https:\/\/www.radiopiu.net\/wordpress\/zaino-femminile-lanciato\/embed\/#?secret=les90fA6XX\" data-secret=\"les90fA6XX\" width=\"600\" height=\"338\" frameborder=\"0\" marginwidth=\"0\" marginheight=\"0\" scrolling=\"no\"><\/iframe><\/p>\n<p>&nbsp;<\/p>\n<\/div>\n<\/div>\n<\/div>\n<hr \/>\n<p>&nbsp;<\/p>\n<div>\n<h2><span style=\"color: #800080;\"><strong>LA RASSEGNA STAMPA DA L&#8217;AMICO DEL POPOLO\u00a0<\/strong><\/span><\/h2>\n<h3 class=\"kvgmc6g5 cxmmr5t8 oygrvhab hcukyx3x c1et5uql\"><span style=\"color: #0000ff;\"> INFORMAZIONE il canale su TELEGRAM informazione di prima mano e in tempo reale. iscriviti ed aiutaci a farlo conoscere\u00a0\u00a0<\/span><\/h3>\n<p><strong><a href=\"https:\/\/www.radiopiu.net\/wordpress\/giornale-radiopiu-23-dicembre-2020-direttore-mirko-mezzacasa\/sisto-27\/\" rel=\"attachment wp-att-181222\"><img loading=\"lazy\" decoding=\"async\" class=\"size-medium wp-image-181222 alignleft\" src=\"https:\/\/www.radiopiu.net\/wordpress\/wp-content\/uploads\/2020\/12\/SISTO-300x165.jpg\" alt=\"\" width=\"300\" height=\"165\" srcset=\"https:\/\/www.radiopiu.net\/wordpress\/wp-content\/uploads\/2020\/12\/SISTO-300x165.jpg 300w, https:\/\/www.radiopiu.net\/wordpress\/wp-content\/uploads\/2020\/12\/SISTO.jpg 620w\" sizes=\"auto, (max-width: 300px) 100vw, 300px\" \/><\/a>di Gianni Santomaso<\/strong><\/p>\n<p>OSPITE: Sisto Da Roit Presidente del GAV<\/p>\n<audio class=\"wp-audio-shortcode\" id=\"audio-222416-12\" preload=\"none\" style=\"width: 100%;\" controls=\"controls\"><source type=\"audio\/mpeg\" src=\"https:\/\/www.radiopiu.net\/wordpress\/wp-content\/uploads\/2021\/07\/RASSEGNA-GIANNI-2.mp3?_=12\" \/><a href=\"https:\/\/www.radiopiu.net\/wordpress\/wp-content\/uploads\/2021\/07\/RASSEGNA-GIANNI-2.mp3\">https:\/\/www.radiopiu.net\/wordpress\/wp-content\/uploads\/2021\/07\/RASSEGNA-GIANNI-2.mp3<\/a><\/audio>\n<p>&nbsp;<\/p>\n<blockquote class=\"wp-embedded-content\" data-secret=\"YjsZ2Drhln\"><p><a href=\"https:\/\/www.radiopiu.net\/wordpress\/rassegna-stampa-di-gianni-santomaso\/\">Rassegna stampa da l&#8217;amico del popolo &#8211; di Gianni Santomaso<\/a><\/p><\/blockquote>\n<p><iframe loading=\"lazy\" class=\"wp-embedded-content\" sandbox=\"allow-scripts\" security=\"restricted\" style=\"position: absolute; clip: rect(1px, 1px, 1px, 1px);\" title=\"&#8220;Rassegna stampa da l&#8217;amico del popolo &#8211; di Gianni Santomaso&#8221; &#8212; Radio Pi\u00f9\" src=\"https:\/\/www.radiopiu.net\/wordpress\/rassegna-stampa-di-gianni-santomaso\/embed\/#?secret=YjsZ2Drhln\" data-secret=\"YjsZ2Drhln\" width=\"600\" height=\"338\" frameborder=\"0\" marginwidth=\"0\" marginheight=\"0\" scrolling=\"no\"><\/iframe><\/p>\n<p>&nbsp;<\/p>\n<hr \/>\n<p>&nbsp;<\/p>\n<h2><span style=\"color: #3366ff;\">SALUTE E SOCIETA&#8217;<\/span><\/h2>\n<p><strong>LA PUNTATA DELLA SETTIMANA del 12 LUGLIO<\/strong><\/p>\n<\/div>\n<div dir=\"auto\">\n<audio class=\"wp-audio-shortcode\" id=\"audio-222416-13\" preload=\"none\" style=\"width: 100%;\" controls=\"controls\"><source type=\"audio\/mpeg\" src=\"https:\/\/www.radiopiu.net\/wordpress\/wp-content\/uploads\/2021\/07\/SALUTE-1.mp3?_=13\" \/><a href=\"https:\/\/www.radiopiu.net\/wordpress\/wp-content\/uploads\/2021\/07\/SALUTE-1.mp3\">https:\/\/www.radiopiu.net\/wordpress\/wp-content\/uploads\/2021\/07\/SALUTE-1.mp3<\/a><\/audio>\n<p><strong>LA RACCOLTA COMPLETA<\/strong><\/p>\n<blockquote class=\"wp-embedded-content\" data-secret=\"1xVpU9wucR\"><p><a href=\"https:\/\/www.radiopiu.net\/wordpress\/saluteesocieta\/\">Salute e Societ\u00e0<\/a><\/p><\/blockquote>\n<p><iframe loading=\"lazy\" class=\"wp-embedded-content\" sandbox=\"allow-scripts\" security=\"restricted\" style=\"position: absolute; clip: rect(1px, 1px, 1px, 1px);\" title=\"&#8220;Salute e Societ\u00e0&#8221; &#8212; Radio Pi\u00f9\" src=\"https:\/\/www.radiopiu.net\/wordpress\/saluteesocieta\/embed\/#?secret=1xVpU9wucR\" data-secret=\"1xVpU9wucR\" width=\"600\" height=\"338\" frameborder=\"0\" marginwidth=\"0\" marginheight=\"0\" scrolling=\"no\"><\/iframe><\/p>\n<\/div>\n<div dir=\"auto\">\n<h1><\/h1>\n<\/div>\n<div>\n<div class=\"page-title-head hgroup\">\n<div class=\"page-title-head hgroup\">\n<div class=\"page-title-head hgroup\">\n<div>\n<div class=\"b654a4as d2edcug0\">\n<div class=\"rq0escxv hkbzh7o3 jwdofwj8 n8tt0mok r8blr3vg hyh9befq\">\n<hr \/>\n<\/div>\n<\/div>\n<\/div>\n<div>\n<div class=\"page-title-head hgroup\">\n<div class=\"page-title-head hgroup\">\n<div>\n<div class=\"b654a4as d2edcug0\">\n<p>&nbsp;<\/p>\n<blockquote>\n<h3><img loading=\"lazy\" decoding=\"async\" class=\"alignleft\" src=\"https:\/\/www.radiopiu.net\/wordpress\/wp-content\/uploads\/2021\/06\/fresh-flower-leaves-saffron-white-background-place-your-text-use-saffron-spice-cooking-cosmetology_347372-394.jpeg\" width=\"141\" height=\"94\" \/>L&#8217;ALMANACCO LADINO CON L&#8217;ISTITUT CESA DE JAN QUINDICINALE APPUNTAMENTO. LA DOMENICA ALLE 9 IL LUNEDI ALLE 8.35 IL MARTEDI ALLE 12.35 IL MERCOLEDI ALLE 18.35. SECONDA STAGIONE.<\/h3>\n<p>&nbsp;<\/p><\/blockquote>\n<p><strong>RACCOLTA COMPLETA\u00a0<\/strong><\/p>\n<blockquote class=\"wp-embedded-content\" data-secret=\"QeSZRb6Izc\"><p><a href=\"https:\/\/www.radiopiu.net\/wordpress\/almanacco-ladino\/\">Almanacco Ladino<\/a><\/p><\/blockquote>\n<p><iframe loading=\"lazy\" class=\"wp-embedded-content\" sandbox=\"allow-scripts\" security=\"restricted\" style=\"position: absolute; clip: rect(1px, 1px, 1px, 1px);\" title=\"&#8220;Almanacco Ladino&#8221; &#8212; Radio Pi\u00f9\" src=\"https:\/\/www.radiopiu.net\/wordpress\/almanacco-ladino\/embed\/#?secret=QeSZRb6Izc\" data-secret=\"QeSZRb6Izc\" width=\"600\" height=\"338\" frameborder=\"0\" marginwidth=\"0\" marginheight=\"0\" scrolling=\"no\"><\/iframe><\/p>\n<div dir=\"auto\"><\/div>\n<\/div>\n<div>\n<p>&nbsp;<\/p>\n<hr \/>\n<h2><span style=\"color: #808000;\">DUE MINUTI UN LIBRO\u00a0 TUTTI I GIORNI ALLA RADIO ALLE 9.30 E ALLE 18. QUINTA STAGIONE\u00a0\u00a0<\/span><\/h2>\n<p><strong>LA RACCOLTA COMPLETA\u00a0\u00a0<\/strong><\/p>\n<\/div>\n<div>\n<blockquote class=\"wp-embedded-content\" data-secret=\"sMlCvxbuVs\"><p><a href=\"https:\/\/www.radiopiu.net\/wordpress\/due-minuti-un-libro\/\">Due minuti un libro<\/a><\/p><\/blockquote>\n<p><iframe loading=\"lazy\" class=\"wp-embedded-content\" sandbox=\"allow-scripts\" security=\"restricted\" style=\"position: absolute; clip: rect(1px, 1px, 1px, 1px);\" title=\"&#8220;Due minuti un libro&#8221; &#8212; Radio Pi\u00f9\" src=\"https:\/\/www.radiopiu.net\/wordpress\/due-minuti-un-libro\/embed\/#?secret=sMlCvxbuVs\" data-secret=\"sMlCvxbuVs\" width=\"600\" height=\"338\" frameborder=\"0\" marginwidth=\"0\" marginheight=\"0\" scrolling=\"no\"><\/iframe><\/p>\n<p>&nbsp;<\/p>\n<hr \/>\n<p>\u200b<\/p>\n<div>\n<h2><span style=\"color: #33cccc;\">I RACCONTI DI PAOLO SOPPELSA il lunedi alle 9.30 e 18.30<\/span><\/h2>\n<blockquote class=\"wp-embedded-content\" data-secret=\"i7Tn5M3138\"><p><a href=\"https:\/\/www.radiopiu.net\/wordpress\/i-racconti-di-paolo-soppelsa\/\">I racconti di Paolo Soppelsa<\/a><\/p><\/blockquote>\n<p><iframe loading=\"lazy\" class=\"wp-embedded-content\" sandbox=\"allow-scripts\" security=\"restricted\" style=\"position: absolute; clip: rect(1px, 1px, 1px, 1px);\" title=\"&#8220;I racconti di Paolo Soppelsa&#8221; &#8212; Radio Pi\u00f9\" src=\"https:\/\/www.radiopiu.net\/wordpress\/i-racconti-di-paolo-soppelsa\/embed\/#?secret=i7Tn5M3138\" data-secret=\"i7Tn5M3138\" width=\"600\" height=\"338\" frameborder=\"0\" marginwidth=\"0\" marginheight=\"0\" scrolling=\"no\"><\/iframe><\/p>\n<p>&nbsp;<\/p>\n<\/div>\n<\/div>\n<hr \/>\n<p>&nbsp;<\/p>\n<h2><strong><span style=\"color: #ff0000;\">ALLA RADIO<\/span><\/strong><\/h2>\n<div data-offset-key=\"5n5nl-0-0\">\n<h3>Per ricevere gli aggiornamenti in tempo reale delle notizie pubblicate alla radio e sul sito di radio pi\u00f9 iscriviti al gruppo RADIO PIU INFORMAZIONE su Telegram.\u00a0\u00a0<a href=\"https:\/\/t.me\/radiopiu\">clicca qui<\/a><\/h3>\n<p>&nbsp;<\/p>\n<\/div>\n<blockquote><p><strong><a href=\"https:\/\/www.radiopiu.net\/wordpress\/cassa-solidarieta-luxottica-puntata-del-19-giugno-2020\/cslxo-2\/\" rel=\"attachment wp-att-145244\"><img loading=\"lazy\" decoding=\"async\" class=\"size-medium wp-image-145244 alignleft\" src=\"https:\/\/www.radiopiu.net\/wordpress\/wp-content\/uploads\/2020\/06\/cassa-solidarieta-luxottica-300x148.jpg\" alt=\"\" width=\"300\" height=\"148\" srcset=\"https:\/\/www.radiopiu.net\/wordpress\/wp-content\/uploads\/2020\/06\/cassa-solidarieta-luxottica-300x148.jpg 300w, https:\/\/www.radiopiu.net\/wordpress\/wp-content\/uploads\/2020\/06\/cassa-solidarieta-luxottica-1024x504.jpg 1024w, https:\/\/www.radiopiu.net\/wordpress\/wp-content\/uploads\/2020\/06\/cassa-solidarieta-luxottica-768x378.jpg 768w, https:\/\/www.radiopiu.net\/wordpress\/wp-content\/uploads\/2020\/06\/cassa-solidarieta-luxottica.jpg 1167w\" sizes=\"auto, (max-width: 300px) 100vw, 300px\" \/><\/a>di Claudio Fontanive<\/strong><\/p>\n<p>OSPITI: Paolo Chissal\u00e8 e Fabrizio Campedel<\/p>\n<p>&nbsp;<\/p>\n<p>&nbsp;<\/p><\/blockquote>\n<h2><\/h2>\n<p><strong>LA PUNTATA DEL 16 LUGLIO 2021\u00a0<\/strong><\/p>\n<audio class=\"wp-audio-shortcode\" id=\"audio-222416-14\" preload=\"none\" style=\"width: 100%;\" controls=\"controls\"><source type=\"audio\/mpeg\" src=\"https:\/\/www.radiopiu.net\/wordpress\/wp-content\/uploads\/2021\/07\/ca-sol-lux-luglio-2021.mp3?_=14\" \/><a href=\"https:\/\/www.radiopiu.net\/wordpress\/wp-content\/uploads\/2021\/07\/ca-sol-lux-luglio-2021.mp3\">https:\/\/www.radiopiu.net\/wordpress\/wp-content\/uploads\/2021\/07\/ca-sol-lux-luglio-2021.mp3<\/a><\/audio>\n<blockquote class=\"wp-embedded-content\" data-secret=\"d2I2DQ3RmQ\"><p><a href=\"https:\/\/www.radiopiu.net\/wordpress\/cassa-solidarieta-luxottica-puntata-del-16-ottobre-2020\/\">CASSA SOLIDARIET\u00c0 LUXOTTICA &#8211; TUTTE LE PUNTATE<\/a><\/p><\/blockquote>\n<p><iframe loading=\"lazy\" class=\"wp-embedded-content\" sandbox=\"allow-scripts\" security=\"restricted\" style=\"position: absolute; clip: rect(1px, 1px, 1px, 1px);\" title=\"&#8220;CASSA SOLIDARIET\u00c0 LUXOTTICA &#8211; TUTTE LE PUNTATE&#8221; &#8212; Radio Pi\u00f9\" src=\"https:\/\/www.radiopiu.net\/wordpress\/cassa-solidarieta-luxottica-puntata-del-16-ottobre-2020\/embed\/#?secret=d2I2DQ3RmQ\" data-secret=\"d2I2DQ3RmQ\" width=\"600\" height=\"338\" frameborder=\"0\" marginwidth=\"0\" marginheight=\"0\" scrolling=\"no\"><\/iframe><\/p>\n<div>\n<p>&nbsp;<\/p>\n<\/div>\n<\/div>\n<div class=\"page-title-head hgroup\">\n<div>\n<div class=\"b654a4as d2edcug0\">\n<hr \/>\n<\/div>\n<\/div>\n<p>&nbsp;<\/p>\n<p><a href=\"https:\/\/www.radiopiu.net\/wordpress\/giornale-radiopiu-26-settembre-2018-direttore-mirko-mezzacasa\/viabilita-2\/\" rel=\"attachment wp-att-61954\"><img loading=\"lazy\" decoding=\"async\" class=\"wp-image-61954 size-full aligncenter\" src=\"https:\/\/www.radiopiu.net\/wordpress\/wp-content\/uploads\/2018\/09\/viabilita.jpeg\" alt=\"\" width=\"800\" height=\"100\" srcset=\"https:\/\/www.radiopiu.net\/wordpress\/wp-content\/uploads\/2018\/09\/viabilita.jpeg 800w, https:\/\/www.radiopiu.net\/wordpress\/wp-content\/uploads\/2018\/09\/viabilita-300x38.jpeg 300w, https:\/\/www.radiopiu.net\/wordpress\/wp-content\/uploads\/2018\/09\/viabilita-768x96.jpeg 768w\" sizes=\"auto, (max-width: 800px) 100vw, 800px\" \/><\/a><\/p>\n<blockquote><p><a href=\"https:\/\/www.radiopiu.net\/wordpress\/giornale-radiopiu-09-agosto-2018-direttore-mirko-mezzacasa\/viabilia\/\" rel=\"attachment wp-att-57053\"><img loading=\"lazy\" decoding=\"async\" class=\" wp-image-57053 alignleft\" src=\"https:\/\/www.radiopiu.net\/wordpress\/wp-content\/uploads\/2018\/08\/VIABILIA-300x180.jpeg\" alt=\"\" width=\"220\" height=\"132\" srcset=\"https:\/\/www.radiopiu.net\/wordpress\/wp-content\/uploads\/2018\/08\/VIABILIA-300x180.jpeg 300w, https:\/\/www.radiopiu.net\/wordpress\/wp-content\/uploads\/2018\/08\/VIABILIA-768x461.jpeg 768w, https:\/\/www.radiopiu.net\/wordpress\/wp-content\/uploads\/2018\/08\/VIABILIA-1024x614.jpeg 1024w, https:\/\/www.radiopiu.net\/wordpress\/wp-content\/uploads\/2018\/08\/VIABILIA.jpeg 1280w\" sizes=\"auto, (max-width: 220px) 100vw, 220px\" \/><\/a><\/p><\/blockquote>\n<\/div>\n<\/div>\n<\/div>\n<\/div>\n<\/div>\n<\/div>\n<\/div>\n<\/div>\n<div>\n<div>\n<div class=\"page-title-head hgroup\">\n<div class=\"page-title-head hgroup\">\n<div class=\"page-title-head hgroup\">\n<div class=\"page-title-head hgroup\">\n<div class=\"page-title-head hgroup\">\n<div class=\"page-title-head hgroup\">\n<blockquote><p>La viabilit\u00e0 con gli ultimi aggiornamenti<\/p><\/blockquote>\n<\/div>\n<\/div>\n<\/div>\n<\/div>\n<\/div>\n<\/div>\n<\/div>\n<div><\/div>\n<div><\/div>\n<div>\n<div>\n<div class=\"page-title-head hgroup\">\n<audio class=\"wp-audio-shortcode\" id=\"audio-222416-15\" preload=\"none\" style=\"width: 100%;\" controls=\"controls\"><source type=\"audio\/mpeg\" src=\"https:\/\/www.radiopiu.net\/wordpress\/wp-content\/uploads\/2021\/07\/VIABILITA-6.mp3?_=15\" \/><a href=\"https:\/\/www.radiopiu.net\/wordpress\/wp-content\/uploads\/2021\/07\/VIABILITA-6.mp3\">https:\/\/www.radiopiu.net\/wordpress\/wp-content\/uploads\/2021\/07\/VIABILITA-6.mp3<\/a><\/audio>\n<p>&nbsp;<\/p>\n<hr \/>\n<p>&nbsp;<\/p>\n<\/div>\n<\/div>\n<\/div>\n<\/div>\n<\/div>\n<\/div>\n<\/div>\n<\/div>\n<\/div>\n<\/div>\n<\/div>\n<\/div>\n<\/div>\n<\/div>\n<\/div>\n<\/div>\n<\/div>\n<div>\n<div class=\"page-title-head hgroup\">\n<div class=\"page-title-head hgroup\">\n<div>\n<div class=\"page-title-head hgroup\">\n<div class=\"page-title-head hgroup\">\n<div class=\"b654a4as d2edcug0\">\n<div>\n<div>\n<div>\n<div class=\"page-title-head hgroup\">\n<p>&nbsp;<\/p>\n<\/div>\n<\/div>\n<\/div>\n<\/div>\n<div>\n<div class=\"page-title-head hgroup\" style=\"text-align: left;\">\n<div class=\"page-title-head hgroup\">\n<div dir=\"auto\">\n<p><a class=\"dt-pswp-item pspw-wrap-ready\" href=\"https:\/\/i0.wp.com\/www.radiopiu.net\/wordpress\/wp-content\/uploads\/2018\/09\/WhatsApp-Image-2018-09-20-at-16.04.06.jpeg?ssl=1\" data-dt-img-description=\"\" data-large_image_width=\"800\" data-large_image_height=\"100\"><img loading=\"lazy\" decoding=\"async\" class=\"aligncenter wp-image-61378 size-full jetpack-lazy-image jetpack-lazy-image--handled\" src=\"https:\/\/i0.wp.com\/www.radiopiu.net\/wordpress\/wp-content\/uploads\/2018\/09\/WhatsApp-Image-2018-09-20-at-16.04.06.jpeg?resize=800%2C100&amp;ssl=1\" sizes=\"auto, (max-width: 800px) 100vw, 800px\" srcset=\"https:\/\/i0.wp.com\/www.radiopiu.net\/wordpress\/wp-content\/uploads\/2018\/09\/WhatsApp-Image-2018-09-20-at-16.04.06.jpeg?w=800&amp;ssl=1 800w, https:\/\/i0.wp.com\/www.radiopiu.net\/wordpress\/wp-content\/uploads\/2018\/09\/WhatsApp-Image-2018-09-20-at-16.04.06.jpeg?resize=300%2C38&amp;ssl=1 300w, https:\/\/i0.wp.com\/www.radiopiu.net\/wordpress\/wp-content\/uploads\/2018\/09\/WhatsApp-Image-2018-09-20-at-16.04.06.jpeg?resize=768%2C96&amp;ssl=1 768w\" alt=\"\" width=\"800\" height=\"100\" data-lazy-loaded=\"1\" \/><\/a><\/p>\n<div style=\"text-align: left;\"><\/div>\n<\/div>\n<\/div>\n<\/div>\n<\/div>\n<\/div>\n<\/div>\n<\/div>\n<\/div>\n<div>\n<div>\n<div>\n<div><\/div>\n<\/div>\n<\/div>\n<\/div>\n<\/div>\n<\/div>\n<\/div>\n<\/div>\n<\/div>\n<\/div>\n<p><center><b>Lunedi 19<\/b><\/center><b>Tempo atteso: <\/b>A parte una residua nuvolosit\u00e0 nelle prime ore specie sulle Prealpi, al mattino tempo ben soleggiato e asciutto a tutte le quote, con cielo generalmente sereno o poco nuvoloso con ottima visibilit\u00e0; nel pomeriggio qualche nube in pi\u00f9 per lieve attivit\u00e0 cumuliforme, con ampi rasserenamenti serali.<br \/>\n<b>Precipitazioni: <\/b>Assenti (0%).<br \/>\n<b>Temperature: <\/b>Minime in lieve o contenuta diminuzione e massime pressoch\u00e9 stazionarie o in lieve ulteriore aumento, di stampo estivo. Su Prealpi a 1500 m min 14\u00b0C, max 21\u00b0C, a 2000 m min 10\u00b0C, max 17\u00b0C, su Dolomiti a 2000 m min 8\u00b0C, max 19\u00b0C, a 3000 m min 4\u00b0C, max 9\u00b0C.<br \/>\n<b>Venti: <\/b>A regime di brezza nelle valli, deboli\/moderati dai quadranti settentrionali in quota, a 10-20 km\/h a 2000 m e a 20-25 km\/h a 3000 m.<\/p>\n<hr \/>\n<p><center><b>Martedi 20<\/b><\/center><b>Tempo atteso: <\/b>Ancora soleggiato e stabile, specie al mattino; nel corso del pomeriggio tempo pi\u00f9 variabile rispetto a luned\u00ec con moderata attivit\u00e0 cumuliforme diurna che potr\u00e0 determinare qualche locale rovescio o temporale.<br \/>\n<b>Precipitazioni: <\/b>Al mattino assenti (0%), nel pomeriggio probabilit\u00e0 bassa (5-25%) di occasionali e brevi precipitazioni, localmente a carattere di rovescio o di temporale.<br \/>\n<b>Temperature: <\/b>In lieve o contenuto calo, salvo risultare pressoch\u00e8 stazionarie le minime nelle valli. Su Prealpi a 1500 m min 12\u00b0C, max 19\u00b0C, a 2000 m min 8\u00b0C, max 16\u00b0C, su Dolomiti a 2000 m min 8\u00b0C, max 18\u00b0C, a 3000 m min 0\u00b0C, max 9\u00b0C.<br \/>\n<b>Venti: <\/b>Nelle valli a regime di brezza, in quota moderati dai quadranti occidentali, a 10-20 km\/h a 2000 m e a 20-25 km\/h a 3000 m.<\/p>\n<hr \/>\n<p><center><b>Mercoledi 21<\/b><\/center>Presenza di maggiore nuvolosit\u00e0 rispetto a marted\u00ec; al mattino cielo inizialmente poco nuvoloso, con tendenza ad un graduale aumento delle nubi per moderata attivit\u00e0 cumuliforme diurna e transito di nubi stratiformi, associate a qualche possibile locale rovescio o temporale, specie nel pomeriggio. Temperature senza notevoli variazioni, salvo qualche locale e modesta variazione. Clima tipicamente estivo con temperature prossime alle medie stagionali. Venti in quota inizialmente moderati dai quadranti occidentali, tendenti a divenire dal pomeriggio\/sera deboli settentrionali.<\/p>\n<hr \/>\n<p><center><b>Giovedi 22<\/b><\/center>Tempo variabile e un po&#8217; pi\u00f9 instabile rispetto a mercoled\u00ec, con cielo generalmente nuvoloso o molto nuvoloso e possibili precipitazioni sparse, anche con rovesci e qualche temporale, gi\u00e0 dal mattino, specie sulle zone prealpine. Temperature minime senza notevoli variazioni, massime in lieve o contenuto calo. Venti in quota deboli\/moderati dai quadranti settentrionali. Previsore: M.Padoan<\/p>\n<p>&nbsp;<\/p>\n<hr \/>\n<p>&nbsp;<\/p>\n<p><img loading=\"lazy\" decoding=\"async\" class=\"aligncenter wp-image-60761 size-full\" src=\"https:\/\/www.radiopiu.net\/wordpress\/wp-content\/uploads\/2018\/09\/sport.jpg\" alt=\"\" width=\"800\" height=\"100\" srcset=\"https:\/\/www.radiopiu.net\/wordpress\/wp-content\/uploads\/2018\/09\/sport.jpg 800w, https:\/\/www.radiopiu.net\/wordpress\/wp-content\/uploads\/2018\/09\/sport-300x38.jpg 300w, https:\/\/www.radiopiu.net\/wordpress\/wp-content\/uploads\/2018\/09\/sport-768x96.jpg 768w\" sizes=\"auto, (max-width: 800px) 100vw, 800px\" \/><\/p>\n<p>&nbsp;<\/p>\n<blockquote>\n<h3>PER LA PRIMA VOLTA NELLA SUA STORIA L&#8217;AGORDINA PARTECIPERA&#8217; A 3 CAMPIONATI REGIONALI<\/h3>\n<\/blockquote>\n<p><strong><a href=\"https:\/\/www.radiopiu.net\/wordpress\/iniziano-i-campionati-per-lagordina-parla-cosmo-forcella\/cosmo-forcella-2\/\" rel=\"attachment wp-att-98244\"><img loading=\"lazy\" decoding=\"async\" class=\" wp-image-98244 alignleft\" src=\"https:\/\/www.radiopiu.net\/wordpress\/wp-content\/uploads\/2019\/09\/COSMO-FORCELLA-225x300.jpeg\" alt=\"\" width=\"119\" height=\"159\" srcset=\"https:\/\/www.radiopiu.net\/wordpress\/wp-content\/uploads\/2019\/09\/COSMO-FORCELLA-225x300.jpeg 225w, https:\/\/www.radiopiu.net\/wordpress\/wp-content\/uploads\/2019\/09\/COSMO-FORCELLA-768x1024.jpeg 768w, https:\/\/www.radiopiu.net\/wordpress\/wp-content\/uploads\/2019\/09\/COSMO-FORCELLA.jpeg 1200w\" sizes=\"auto, (max-width: 119px) 100vw, 119px\" \/><\/a>AGORDO<\/strong> In 50 anni di storia dell&#8217;Agordina non era mai successo ma quest&#8217;anno il sogno si avvera. La squadra del Presidente Cosmo Forcella parteciper\u00e0 a ben 3 campionati a livello regionale. La prima squadra, allenata da Marco Lorenzi, giocher\u00e0 il campionato di Seconda Categoria ma la novit\u00e0 arriva dal settore giovanile. Non succedeva da quasi 25 che una squadra dell&#8217;Agordina Giovanile abbia la possibilit\u00e0 di cimentarsi in un campionato regionale. Era il 1997 quando Elvio Chiea al comando della Juniores ebbe l&#8217;occasione di partecipare a partite fuori dalla provincia. Nelle ultime ore la conferma della FIGC che Allievi e Juniores dell&#8217;Agordina possono iscriversi al regionale.<\/p>\n<p><strong>IL PRESIDENTE DELL&#8217;AGORDINA COSMO FORCELLA<\/strong><\/p>\n<audio class=\"wp-audio-shortcode\" id=\"audio-222416-16\" preload=\"none\" style=\"width: 100%;\" controls=\"controls\"><source type=\"audio\/mpeg\" src=\"https:\/\/www.radiopiu.net\/wordpress\/wp-content\/uploads\/2021\/07\/COSMO-FORCELLA-AGORDINA-2021.mp3?_=16\" \/><a href=\"https:\/\/www.radiopiu.net\/wordpress\/wp-content\/uploads\/2021\/07\/COSMO-FORCELLA-AGORDINA-2021.mp3\">https:\/\/www.radiopiu.net\/wordpress\/wp-content\/uploads\/2021\/07\/COSMO-FORCELLA-AGORDINA-2021.mp3<\/a><\/audio>\n<p>&nbsp;<\/p>\n<hr \/>\n<p>&nbsp;<\/p>\n<blockquote>\n<h3>ALPE DEL NEVEGAL: MERCOLEDI&#8217; IL COLLAUDO DEL PERCORSO<\/h3>\n<\/blockquote>\n<p><strong>BELLUNO<\/strong><\/p>\n<p>di Roberto Bona<\/p>\n<audio class=\"wp-audio-shortcode\" id=\"audio-222416-17\" preload=\"none\" style=\"width: 100%;\" controls=\"controls\"><source type=\"audio\/mpeg\" src=\"https:\/\/www.radiopiu.net\/wordpress\/wp-content\/uploads\/2021\/07\/BONA-NEVEGAL-2021.mp3?_=17\" \/><a href=\"https:\/\/www.radiopiu.net\/wordpress\/wp-content\/uploads\/2021\/07\/BONA-NEVEGAL-2021.mp3\">https:\/\/www.radiopiu.net\/wordpress\/wp-content\/uploads\/2021\/07\/BONA-NEVEGAL-2021.mp3<\/a><\/audio>\n<p>&nbsp;<\/p>\n\n\t\t\t<style type='text\/css'>\n\t\t\t\t#gallery-6 {\n\t\t\t\t\tmargin: auto;\n\t\t\t\t}\n\t\t\t\t#gallery-6 .gallery-item {\n\t\t\t\t\tfloat: left;\n\t\t\t\t\tmargin-top: 10px;\n\t\t\t\t\ttext-align: center;\n\t\t\t\t\twidth: 50%;\n\t\t\t\t}\n\t\t\t\t#gallery-6 img {\n\t\t\t\t\tborder: 2px solid #cfcfcf;\n\t\t\t\t}\n\t\t\t\t#gallery-6 .gallery-caption {\n\t\t\t\t\tmargin-left: 0;\n\t\t\t\t}\n\t\t\t\t\/* see gallery_shortcode() in wp-includes\/media.php *\/\n\t\t\t<\/style>\n\t\t<div id='gallery-6' class='dt-gallery-container gallery galleryid-222416 gallery-columns-2 gallery-size-medium'><dl class='gallery-item'>\n\t\t\t\t<dt class='gallery-icon landscape'>\n\t\t\t\t\t<a class=\"rollover rollover-zoom dt-pswp-item\" title=\"MarioForlani-ArturoMerzario\" data-dt-img-description=\"\" data-large_image_width=\"1600\" data-large_image_height=\"900\"href='https:\/\/www.radiopiu.net\/wordpress\/wp-content\/uploads\/2021\/07\/MarioForlani-ArturoMerzario.jpg'><img loading=\"lazy\" decoding=\"async\" width=\"300\" height=\"169\" src=\"https:\/\/www.radiopiu.net\/wordpress\/wp-content\/uploads\/2021\/07\/MarioForlani-ArturoMerzario-300x169.jpg\" class=\"attachment-medium size-medium\" alt=\"\" srcset=\"https:\/\/www.radiopiu.net\/wordpress\/wp-content\/uploads\/2021\/07\/MarioForlani-ArturoMerzario-300x169.jpg 300w, https:\/\/www.radiopiu.net\/wordpress\/wp-content\/uploads\/2021\/07\/MarioForlani-ArturoMerzario-1024x576.jpg 1024w, https:\/\/www.radiopiu.net\/wordpress\/wp-content\/uploads\/2021\/07\/MarioForlani-ArturoMerzario-768x432.jpg 768w, https:\/\/www.radiopiu.net\/wordpress\/wp-content\/uploads\/2021\/07\/MarioForlani-ArturoMerzario-1536x864.jpg 1536w, https:\/\/www.radiopiu.net\/wordpress\/wp-content\/uploads\/2021\/07\/MarioForlani-ArturoMerzario.jpg 1600w\" sizes=\"auto, (max-width: 300px) 100vw, 300px\" \/><\/a>\n\t\t\t\t<\/dt><\/dl><dl class='gallery-item'>\n\t\t\t\t<dt class='gallery-icon landscape'>\n\t\t\t\t\t<a class=\"rollover rollover-zoom dt-pswp-item\" title=\"ReBo05Bmw-MarioForlani-AlpeNevegal2009\" data-dt-img-description=\"\" data-large_image_width=\"2560\" data-large_image_height=\"1445\"href='https:\/\/www.radiopiu.net\/wordpress\/wp-content\/uploads\/2021\/07\/ReBo05Bmw-MarioForlani-AlpeNevegal2009-scaled.jpg'><img loading=\"lazy\" decoding=\"async\" width=\"300\" height=\"169\" src=\"https:\/\/www.radiopiu.net\/wordpress\/wp-content\/uploads\/2021\/07\/ReBo05Bmw-MarioForlani-AlpeNevegal2009-300x169.jpg\" class=\"attachment-medium size-medium\" alt=\"\" srcset=\"https:\/\/www.radiopiu.net\/wordpress\/wp-content\/uploads\/2021\/07\/ReBo05Bmw-MarioForlani-AlpeNevegal2009-300x169.jpg 300w, https:\/\/www.radiopiu.net\/wordpress\/wp-content\/uploads\/2021\/07\/ReBo05Bmw-MarioForlani-AlpeNevegal2009-1024x578.jpg 1024w, https:\/\/www.radiopiu.net\/wordpress\/wp-content\/uploads\/2021\/07\/ReBo05Bmw-MarioForlani-AlpeNevegal2009-768x433.jpg 768w, https:\/\/www.radiopiu.net\/wordpress\/wp-content\/uploads\/2021\/07\/ReBo05Bmw-MarioForlani-AlpeNevegal2009-1536x867.jpg 1536w, https:\/\/www.radiopiu.net\/wordpress\/wp-content\/uploads\/2021\/07\/ReBo05Bmw-MarioForlani-AlpeNevegal2009-2048x1156.jpg 2048w\" sizes=\"auto, (max-width: 300px) 100vw, 300px\" \/><\/a>\n\t\t\t\t<\/dt><\/dl><br style=\"clear: both\" \/><dl class='gallery-item'>\n\t\t\t\t<dt class='gallery-icon landscape'>\n\t\t\t\t\t<a class=\"rollover rollover-zoom dt-pswp-item\" title=\"ReBo05Bmw-MarioForlani-AlpeNevegal2009bis\" data-dt-img-description=\"\" data-large_image_width=\"2036\" data-large_image_height=\"1349\"href='https:\/\/www.radiopiu.net\/wordpress\/wp-content\/uploads\/2021\/07\/ReBo05Bmw-MarioForlani-AlpeNevegal2009bis.jpg'><img loading=\"lazy\" decoding=\"async\" width=\"300\" height=\"199\" src=\"https:\/\/www.radiopiu.net\/wordpress\/wp-content\/uploads\/2021\/07\/ReBo05Bmw-MarioForlani-AlpeNevegal2009bis-300x199.jpg\" class=\"attachment-medium size-medium\" alt=\"\" srcset=\"https:\/\/www.radiopiu.net\/wordpress\/wp-content\/uploads\/2021\/07\/ReBo05Bmw-MarioForlani-AlpeNevegal2009bis-300x199.jpg 300w, https:\/\/www.radiopiu.net\/wordpress\/wp-content\/uploads\/2021\/07\/ReBo05Bmw-MarioForlani-AlpeNevegal2009bis-1024x678.jpg 1024w, https:\/\/www.radiopiu.net\/wordpress\/wp-content\/uploads\/2021\/07\/ReBo05Bmw-MarioForlani-AlpeNevegal2009bis-768x509.jpg 768w, https:\/\/www.radiopiu.net\/wordpress\/wp-content\/uploads\/2021\/07\/ReBo05Bmw-MarioForlani-AlpeNevegal2009bis-1536x1018.jpg 1536w, https:\/\/www.radiopiu.net\/wordpress\/wp-content\/uploads\/2021\/07\/ReBo05Bmw-MarioForlani-AlpeNevegal2009bis.jpg 2036w\" sizes=\"auto, (max-width: 300px) 100vw, 300px\" \/><\/a>\n\t\t\t\t<\/dt><\/dl><dl class='gallery-item'>\n\t\t\t\t<dt class='gallery-icon portrait'>\n\t\t\t\t\t<a class=\"rollover rollover-zoom dt-pswp-item\" title=\"RenatoReBoBombassei(adx)-compiantoRenatinoBarnabo\" data-dt-img-description=\"\" data-large_image_width=\"555\" data-large_image_height=\"689\"href='https:\/\/www.radiopiu.net\/wordpress\/wp-content\/uploads\/2021\/07\/RenatoReBoBombasseiadx-compiantoRenatinoBarnabo.jpg'><img loading=\"lazy\" decoding=\"async\" width=\"242\" height=\"300\" src=\"https:\/\/www.radiopiu.net\/wordpress\/wp-content\/uploads\/2021\/07\/RenatoReBoBombasseiadx-compiantoRenatinoBarnabo-242x300.jpg\" class=\"attachment-medium size-medium\" alt=\"\" srcset=\"https:\/\/www.radiopiu.net\/wordpress\/wp-content\/uploads\/2021\/07\/RenatoReBoBombasseiadx-compiantoRenatinoBarnabo-242x300.jpg 242w, https:\/\/www.radiopiu.net\/wordpress\/wp-content\/uploads\/2021\/07\/RenatoReBoBombasseiadx-compiantoRenatinoBarnabo.jpg 555w\" sizes=\"auto, (max-width: 242px) 100vw, 242px\" \/><\/a>\n\t\t\t\t<\/dt><\/dl><br style=\"clear: both\" \/>\n\t\t\t<\/div>\n\n<p>&nbsp;<\/p>\n<hr \/>\n<p>&nbsp;<\/p>\n<\/div>\n<\/div>\n<\/div>\n<\/div>\n<\/div>\n<\/div>\n<\/div>\n<\/div>\n<\/div>\n<\/div>\n<\/div>\n<\/div>\n<\/div>\n","protected":false},"excerpt":{"rendered":"<p>PER\u00a0RICEVERE QUESTO NOTIZIARIO DIRETTAMENTE SUL TUO CELLULARE ISCRIVITI AL CANALE TELEGRAM\u00a0\u201cRADIO PIU\u00a0 INFORMAZIONE\u201d\u00a0 LA STAGIONE DELLE MUSE E LE DOLOMITI. L\u2019INTERVISTA ALLA RADIO, OGGI ALLE 10.30 E 19.00 OSPITI ODA HOCHSCHEID E ADELISA TABIADON. SABATO IL GRANDE CONCERTO A LE BUSE ROBY FACCHINETTI E L\u2019ORCHESTRA DEL MAESTRO BASSO. ALLE 15.10 E 20.30, OSPITE RENZO MINELLA&hellip;<\/p>\n","protected":false},"author":4,"featured_media":222530,"comment_status":"closed","ping_status":"open","sticky":false,"template":"","format":"standard","meta":{"_monsterinsights_skip_tracking":false,"_monsterinsights_sitenote_active":false,"_monsterinsights_sitenote_note":"","_monsterinsights_sitenote_category":0,"footnotes":""},"categories":[1,51,86,49],"tags":[],"class_list":["post-222416","post","type-post","status-publish","format-standard","has-post-thumbnail","hentry","category-senza-categoria","category-evidenza-top","category-gr","category-news-18","category-1","category-51","category-86","category-49","description-off"],"img_url":"https:\/\/www.radiopiu.net\/wordpress\/wp-content\/uploads\/2021\/07\/beb0ad2d-040e-4e1d-9f0f-86aaf7e5b7e1.jpg","_links":{"self":[{"href":"https:\/\/www.radiopiu.net\/wordpress\/wp-json\/wp\/v2\/posts\/222416","targetHints":{"allow":["GET"]}}],"collection":[{"href":"https:\/\/www.radiopiu.net\/wordpress\/wp-json\/wp\/v2\/posts"}],"about":[{"href":"https:\/\/www.radiopiu.net\/wordpress\/wp-json\/wp\/v2\/types\/post"}],"author":[{"embeddable":true,"href":"https:\/\/www.radiopiu.net\/wordpress\/wp-json\/wp\/v2\/users\/4"}],"replies":[{"embeddable":true,"href":"https:\/\/www.radiopiu.net\/wordpress\/wp-json\/wp\/v2\/comments?post=222416"}],"version-history":[{"count":0,"href":"https:\/\/www.radiopiu.net\/wordpress\/wp-json\/wp\/v2\/posts\/222416\/revisions"}],"wp:featuredmedia":[{"embeddable":true,"href":"https:\/\/www.radiopiu.net\/wordpress\/wp-json\/wp\/v2\/media\/222530"}],"wp:attachment":[{"href":"https:\/\/www.radiopiu.net\/wordpress\/wp-json\/wp\/v2\/media?parent=222416"}],"wp:term":[{"taxonomy":"category","embeddable":true,"href":"https:\/\/www.radiopiu.net\/wordpress\/wp-json\/wp\/v2\/categories?post=222416"},{"taxonomy":"post_tag","embeddable":true,"href":"https:\/\/www.radiopiu.net\/wordpress\/wp-json\/wp\/v2\/tags?post=222416"}],"curies":[{"name":"wp","href":"https:\/\/api.w.org\/{rel}","templated":true}]}}