{"id":222534,"date":"2021-07-18T19:50:21","date_gmt":"2021-07-18T17:50:21","guid":{"rendered":"https:\/\/www.radiopiu.net\/wordpress\/?p=222534"},"modified":"2021-07-18T19:53:23","modified_gmt":"2021-07-18T17:53:23","slug":"vandali-sul-sentiero","status":"publish","type":"post","link":"https:\/\/www.radiopiu.net\/wordpress\/vandali-sul-sentiero\/","title":{"rendered":"VANDALI SUL SENTIERO"},"content":{"rendered":"<p><strong>DOMEGGE<\/strong> E&#8217; il sito internet News in quota che stamane ha dato notizia dell&#8217;episodio di vandalismo sul capitello lungo il sentiero che porta in localit\u00e0 Pian de Daosto. Per ora il capitello non esiste pi\u00f9 \u00e8 stato distrutto e la statuina scaraventata a terra, episodio simile a quello avvenuto ad Alleghe lo scorso anno, il Sant&#8217;Antonio era stato bruciato.<\/p>\n<p><em>(foto sito internet newsinquota)<\/em><\/p>\n<p><strong><em>Come ad Alleghe anche a Domegge : nei prossimi giorni il capitello torner\u00e0 al suo posto, insieme all\u2019immagine sacra.<\/em><\/strong><\/p>\n\n\t\t\t<style type='text\/css'>\n\t\t\t\t#gallery-1 {\n\t\t\t\t\tmargin: auto;\n\t\t\t\t}\n\t\t\t\t#gallery-1 .gallery-item {\n\t\t\t\t\tfloat: left;\n\t\t\t\t\tmargin-top: 10px;\n\t\t\t\t\ttext-align: center;\n\t\t\t\t\twidth: 50%;\n\t\t\t\t}\n\t\t\t\t#gallery-1 img {\n\t\t\t\t\tborder: 2px solid #cfcfcf;\n\t\t\t\t}\n\t\t\t\t#gallery-1 .gallery-caption {\n\t\t\t\t\tmargin-left: 0;\n\t\t\t\t}\n\t\t\t\t\/* see gallery_shortcode() in wp-includes\/media.php *\/\n\t\t\t<\/style>\n\t\t<div id='gallery-1' class='dt-gallery-container gallery galleryid-222534 gallery-columns-2 gallery-size-medium'><dl class='gallery-item'>\n\t\t\t\t<dt class='gallery-icon landscape'>\n\t\t\t\t\t<a class=\"rollover\" href='https:\/\/www.radiopiu.net\/wordpress\/vandali-sul-sentiero\/254f34d4-6e9e-4bec-9ed7-dac7c2029c87\/'><img loading=\"lazy\" decoding=\"async\" width=\"300\" height=\"157\" src=\"https:\/\/www.radiopiu.net\/wordpress\/wp-content\/uploads\/2021\/07\/254f34d4-6e9e-4bec-9ed7-dac7c2029c87-300x157.jpg\" class=\"attachment-medium size-medium\" alt=\"\" srcset=\"https:\/\/www.radiopiu.net\/wordpress\/wp-content\/uploads\/2021\/07\/254f34d4-6e9e-4bec-9ed7-dac7c2029c87-300x157.jpg 300w, https:\/\/www.radiopiu.net\/wordpress\/wp-content\/uploads\/2021\/07\/254f34d4-6e9e-4bec-9ed7-dac7c2029c87.jpg 500w\" sizes=\"auto, (max-width: 300px) 100vw, 300px\" \/><\/a>\n\t\t\t\t<\/dt><\/dl><dl class='gallery-item'>\n\t\t\t\t<dt class='gallery-icon portrait'>\n\t\t\t\t\t<a class=\"rollover\" href='https:\/\/www.radiopiu.net\/wordpress\/vandali-sul-sentiero\/c5df9382-b7f1-4966-8a17-3fb1846caf20\/'><img loading=\"lazy\" decoding=\"async\" width=\"274\" height=\"300\" src=\"https:\/\/www.radiopiu.net\/wordpress\/wp-content\/uploads\/2021\/07\/c5df9382-b7f1-4966-8a17-3fb1846caf20-274x300.jpg\" class=\"attachment-medium size-medium\" alt=\"\" srcset=\"https:\/\/www.radiopiu.net\/wordpress\/wp-content\/uploads\/2021\/07\/c5df9382-b7f1-4966-8a17-3fb1846caf20-274x300.jpg 274w, https:\/\/www.radiopiu.net\/wordpress\/wp-content\/uploads\/2021\/07\/c5df9382-b7f1-4966-8a17-3fb1846caf20.jpg 615w\" sizes=\"auto, (max-width: 274px) 100vw, 274px\" \/><\/a>\n\t\t\t\t<\/dt><\/dl><br style=\"clear: both\" \/>\n\t\t\t<\/div>\n\n<p>&nbsp;<\/p>\n<p>&nbsp;<\/p>\n<p>*****<\/p>\n","protected":false},"excerpt":{"rendered":"<p>DOMEGGE E&#8217; il sito internet News in quota che stamane ha dato notizia dell&#8217;episodio di vandalismo sul capitello lungo il sentiero che porta in localit\u00e0 Pian de Daosto. Per ora il capitello non esiste pi\u00f9 \u00e8 stato distrutto e la statuina scaraventata a terra, episodio simile a quello avvenuto ad Alleghe lo scorso anno, il&hellip;<\/p>\n","protected":false},"author":4,"featured_media":222536,"comment_status":"closed","ping_status":"open","sticky":false,"template":"","format":"standard","meta":{"_monsterinsights_skip_tracking":false,"_monsterinsights_sitenote_active":false,"_monsterinsights_sitenote_note":"","_monsterinsights_sitenote_category":0,"footnotes":""},"categories":[51,49],"tags":[],"class_list":["post-222534","post","type-post","status-publish","format-standard","has-post-thumbnail","hentry","category-evidenza-top","category-news-18","category-51","category-49","description-off"],"img_url":"https:\/\/www.radiopiu.net\/wordpress\/wp-content\/uploads\/2021\/07\/c5df9382-b7f1-4966-8a17-3fb1846caf20.jpg","_links":{"self":[{"href":"https:\/\/www.radiopiu.net\/wordpress\/wp-json\/wp\/v2\/posts\/222534","targetHints":{"allow":["GET"]}}],"collection":[{"href":"https:\/\/www.radiopiu.net\/wordpress\/wp-json\/wp\/v2\/posts"}],"about":[{"href":"https:\/\/www.radiopiu.net\/wordpress\/wp-json\/wp\/v2\/types\/post"}],"author":[{"embeddable":true,"href":"https:\/\/www.radiopiu.net\/wordpress\/wp-json\/wp\/v2\/users\/4"}],"replies":[{"embeddable":true,"href":"https:\/\/www.radiopiu.net\/wordpress\/wp-json\/wp\/v2\/comments?post=222534"}],"version-history":[{"count":0,"href":"https:\/\/www.radiopiu.net\/wordpress\/wp-json\/wp\/v2\/posts\/222534\/revisions"}],"wp:featuredmedia":[{"embeddable":true,"href":"https:\/\/www.radiopiu.net\/wordpress\/wp-json\/wp\/v2\/media\/222536"}],"wp:attachment":[{"href":"https:\/\/www.radiopiu.net\/wordpress\/wp-json\/wp\/v2\/media?parent=222534"}],"wp:term":[{"taxonomy":"category","embeddable":true,"href":"https:\/\/www.radiopiu.net\/wordpress\/wp-json\/wp\/v2\/categories?post=222534"},{"taxonomy":"post_tag","embeddable":true,"href":"https:\/\/www.radiopiu.net\/wordpress\/wp-json\/wp\/v2\/tags?post=222534"}],"curies":[{"name":"wp","href":"https:\/\/api.w.org\/{rel}","templated":true}]}}