{"id":222613,"date":"2021-07-19T09:57:21","date_gmt":"2021-07-19T07:57:21","guid":{"rendered":"https:\/\/www.radiopiu.net\/wordpress\/?p=222613"},"modified":"2021-07-19T09:57:21","modified_gmt":"2021-07-19T07:57:21","slug":"veneto-le-pmi-non-trovano-tecnici-anche-perche-nel-2020-35mila-giovani-hanno-lasciato-la-scuola-2","status":"publish","type":"post","link":"https:\/\/www.radiopiu.net\/wordpress\/veneto-le-pmi-non-trovano-tecnici-anche-perche-nel-2020-35mila-giovani-hanno-lasciato-la-scuola-2\/","title":{"rendered":"VENETO: LE PMI NON TROVANO TECNICI ANCHE PERCHE\u2019 NEL 2020 35MILA GIOVANI HANNO LASCIATO LA SCUOLA"},"content":{"rendered":"<p><a class=\"dt-pswp-item\" href=\"https:\/\/www.radiopiu.net\/wordpress\/wp-content\/uploads\/2021\/07\/Schermata-2021-07-19-alle-09.49.51.png\" data-dt-img-description=\"\" data-large_image_width=\"932\" data-large_image_height=\"1352\"><img loading=\"lazy\" decoding=\"async\" class=\"alignleft size-medium wp-image-222618\" src=\"https:\/\/www.radiopiu.net\/wordpress\/wp-content\/uploads\/2021\/07\/Schermata-2021-07-19-alle-09.49.51-207x300.png\" alt=\"\" width=\"207\" height=\"300\" srcset=\"https:\/\/www.radiopiu.net\/wordpress\/wp-content\/uploads\/2021\/07\/Schermata-2021-07-19-alle-09.49.51-207x300.png 207w, https:\/\/www.radiopiu.net\/wordpress\/wp-content\/uploads\/2021\/07\/Schermata-2021-07-19-alle-09.49.51-706x1024.png 706w, https:\/\/www.radiopiu.net\/wordpress\/wp-content\/uploads\/2021\/07\/Schermata-2021-07-19-alle-09.49.51-768x1114.png 768w, https:\/\/www.radiopiu.net\/wordpress\/wp-content\/uploads\/2021\/07\/Schermata-2021-07-19-alle-09.49.51.png 932w\" sizes=\"auto, (max-width: 207px) 100vw, 207px\" \/><\/a>Sono 35mila i giovani veneti che l\u2019anno scorso hanno abbandonato la scuola prematuramente (pari al 10,5 per cento della popolazione corrispondente). Ragazzi che nella stragrande maggioranza dei casi hanno deciso di lasciare definitivamente il percorso di studi dopo aver conseguito solo la licenza media. Un problema, quello degli descolarizzati, che in Veneto ha una dimensione tutto sommato abbastanza contenuta: pi\u00f9 bassa di oltre 2,5 punti della media nazionale e negli ultimi 10 anni, inoltre, \u00e8 diminuita di 5 punti percentuali. Tra le principali regioni settentrionali del Paese, solo il Friuli Venezia Giulia (8,5 per cento) e l\u2019Emilia Romagna (9,3 per cento) presentano una percentuale media del tasso di abbandono scolastico inferiore alla nostra. Tuttavia, continuiamo a sottovalutarne la portata negativa che, assieme alla denatalit\u00e0, sta contribuendo a mettere in difficolt\u00e0 tantissime aziende del nostro territorio. A dirlo \u00e8 l\u2019Ufficio studi della CGIA.<\/p>\n<p><strong>Le Pmi venete non trovano tecnici specializzati<\/strong><br \/>\nNonostante le crisi aziendali riferite all\u2019Acc di Mel, all\u2019Abb di Marostica e alle difficolt\u00e0 patite dai distretti del calzaturiero del Brenta e dell\u2019occhialeria del bellunese, con i primi segnali di ripresa economica avvertiti in questi ultimi mesi, molte Pmi venete sono tornate a denunciare la difficolt\u00e0 di reperire figure professionali con elevati livelli di specializzazione. Una problematica che \u00e8 ascrivibile alla difficolt\u00e0 di far incrociare la domanda con l\u2019offerta di lavoro, anche perch\u00e9 continua a rimanere del tutto insufficiente il livello di conoscenza e di competenze tecniche dei nostri giovani. E nei prossimi anni, con l\u2019avvento della cosiddetta \u201crivoluzione digitale\u201d, queste criticit\u00e0 rischiano di assumere dimensioni ancor pi\u00f9 preoccupanti.<\/p>\n<p><strong>L\u2019abbandono scolastico in Veneto \u00e8 comunque sei volte superiore al numero dei \u201ccervelli in fuga\u201d<\/strong><br \/>\nLa dispersione scolastica in Veneto \u00e8 sei volte superiore ai cosiddetti \u201ccervelli in fuga\u201d. Nel 2020, ricordiamo, sono stati 35mila gli studenti che hanno abbandonato prematuramente la scuola. Ancorch\u00e8 contenuto, \u00e8 un numero molto elevato rispetto ai 5.896 veneti con un titolo di studio medio-alto che, invece, si sono trasferiti all\u2019estero per ragioni di lavoro. Due problematiche estremamente delicate che, purtroppo, continuano ad avere livelli di attenzione molto diversi da parte dell\u2019opinione pubblica. Se l\u2019abbandono scolastico non \u00e8 ancora avvertito come una piaga educativa con un costo sociale importante, la \u201cfuga\u201d all\u2019estero di tanti giovani diplomati o laureati lo \u00e8, sebbene il numero della prima criticit\u00e0 sia molto superiore a quello della seconda.<\/p>\n<p><strong><a class=\"dt-pswp-item\" href=\"https:\/\/www.radiopiu.net\/wordpress\/wp-content\/uploads\/2021\/07\/Schermata-2021-07-19-alle-09.49.26.png\" data-dt-img-description=\"\" data-large_image_width=\"1056\" data-large_image_height=\"1360\"><img loading=\"lazy\" decoding=\"async\" class=\"alignleft size-medium wp-image-222617\" src=\"https:\/\/www.radiopiu.net\/wordpress\/wp-content\/uploads\/2021\/07\/Schermata-2021-07-19-alle-09.49.26-233x300.png\" alt=\"\" width=\"233\" height=\"300\" srcset=\"https:\/\/www.radiopiu.net\/wordpress\/wp-content\/uploads\/2021\/07\/Schermata-2021-07-19-alle-09.49.26-233x300.png 233w, https:\/\/www.radiopiu.net\/wordpress\/wp-content\/uploads\/2021\/07\/Schermata-2021-07-19-alle-09.49.26-795x1024.png 795w, https:\/\/www.radiopiu.net\/wordpress\/wp-content\/uploads\/2021\/07\/Schermata-2021-07-19-alle-09.49.26-768x989.png 768w, https:\/\/www.radiopiu.net\/wordpress\/wp-content\/uploads\/2021\/07\/Schermata-2021-07-19-alle-09.49.26.png 1056w\" sizes=\"auto, (max-width: 233px) 100vw, 233px\" \/><\/a>Povert\u00e0 educativa uguale povert\u00e0 economica. Straordinario il lavoro inclusivo fatto dagli IeFP<\/strong><br \/>\nCon un basso numero di diplomati e laureati corriamo il pericolo di un impoverimento generale del sistema Paese e, in misura ugualmente preoccupante, di una marginalizzazione di molte persone che difficilmente potranno essere integrate attivamente nella nostra societ\u00e0. Tutti gli esperti, infatti, sono concordi nel ritenere che la povert\u00e0 educativa e la povert\u00e0 economica vanno di pari passo. Le cause che determinano la \u201cfuga\u201d dai banchi di scuola sono principalmente culturali, sociali ed economiche: i ragazzi che provengono da ambienti socialmente svantaggiati e da famiglie con un basso livello di istruzione hanno maggiori probabilit\u00e0 di abbandonare la scuola prima di aver completato il percorso di studi che li porta a conseguire almeno il diploma di maturit\u00e0. Va altres\u00ec segnalato che, talvolta, l\u2019abbandono scolastico pu\u00f2 essere causato da una insoddisfazione per l\u2019offerta formativa disponibile. In questo senso va sottolineato lo straordinario lavoro inclusivo svolto dagli istituti di Istruzione e Formazione Professionale (IeFP). Queste realt\u00e0 sono diventate un punto di riferimento per gli allievi di nazionalit\u00e0 straniera, per quelli con disabilit\u00e0 e per gli studenti che sono reduci da insuccessi scolastici precedenti. Scuole che spesso operano in aree caratterizzate da un forte degrado urbano e sociale che, grazie anche allo straordinario lavoro \u201cantidispersivo\u201d svolto, andrebbero sostenute con maggiori risorse di quante ne sono state messe a disposizione fino a ora.<\/p>\n<p><strong>Al Sud la situazione pi\u00f9 difficile<\/strong><br \/>\nA livello territoriale italiano sono le regioni del Sud a registrare i livelli pi\u00f9 elevati di dispersione scolastica. Nel 2020, ad esempio, in Sicilia il 19,4 3 per cento dei giovani ha lasciato la scuola prima del conseguimento del titolo di studio (diploma professionale, diploma di maturit\u00e0, etc.). Seguono la Campania con il 17,3 per cento e la Calabria con il 16,6 per cento. Preoccupa la situazione di quest\u2019ultima regione che rispetto a tutte le altre \u00e8 l\u2019unica in controtendenza rispetto al dato relativo al 2010: l\u2019abbandono scolastico in questi ultimi 10 anni, infatti, \u00e8 aumentato di 0,6 punti percentuali. Abruzzo (8 per cento), Friuli Venezia Giulia (8,5 per cento), Molise (8,6 per cento) e Emilia Romagna (9,3 per cento) sono le regioni pi\u00f9 virtuose. Nel complesso \u00e8 il Nordest l\u2019area che soffre meno di questo fenomeno sia per l\u2019incidenza percentuale di abbandono (9,9 per cento) che per il pi\u00f9 basso numero in termini assoluti di \u201cuscite\u201d premature dal mondo della scuola (-77 mila).<\/p>\n","protected":false},"excerpt":{"rendered":"<p>Sono 35mila i giovani veneti che l\u2019anno scorso hanno abbandonato la scuola prematuramente (pari al 10,5 per cento della popolazione corrispondente). Ragazzi che nella stragrande maggioranza dei casi hanno deciso di lasciare definitivamente il percorso di studi dopo aver conseguito solo la licenza media. Un problema, quello degli descolarizzati, che in Veneto ha una dimensione&hellip;<\/p>\n","protected":false},"author":2,"featured_media":222619,"comment_status":"closed","ping_status":"open","sticky":false,"template":"","format":"standard","meta":{"_monsterinsights_skip_tracking":false,"_monsterinsights_sitenote_active":false,"_monsterinsights_sitenote_note":"","_monsterinsights_sitenote_category":0,"footnotes":""},"categories":[49],"tags":[],"class_list":["post-222613","post","type-post","status-publish","format-standard","has-post-thumbnail","hentry","category-news-18","category-49","description-off"],"img_url":"https:\/\/www.radiopiu.net\/wordpress\/wp-content\/uploads\/2021\/07\/ragazzo.jpg","_links":{"self":[{"href":"https:\/\/www.radiopiu.net\/wordpress\/wp-json\/wp\/v2\/posts\/222613","targetHints":{"allow":["GET"]}}],"collection":[{"href":"https:\/\/www.radiopiu.net\/wordpress\/wp-json\/wp\/v2\/posts"}],"about":[{"href":"https:\/\/www.radiopiu.net\/wordpress\/wp-json\/wp\/v2\/types\/post"}],"author":[{"embeddable":true,"href":"https:\/\/www.radiopiu.net\/wordpress\/wp-json\/wp\/v2\/users\/2"}],"replies":[{"embeddable":true,"href":"https:\/\/www.radiopiu.net\/wordpress\/wp-json\/wp\/v2\/comments?post=222613"}],"version-history":[{"count":0,"href":"https:\/\/www.radiopiu.net\/wordpress\/wp-json\/wp\/v2\/posts\/222613\/revisions"}],"wp:featuredmedia":[{"embeddable":true,"href":"https:\/\/www.radiopiu.net\/wordpress\/wp-json\/wp\/v2\/media\/222619"}],"wp:attachment":[{"href":"https:\/\/www.radiopiu.net\/wordpress\/wp-json\/wp\/v2\/media?parent=222613"}],"wp:term":[{"taxonomy":"category","embeddable":true,"href":"https:\/\/www.radiopiu.net\/wordpress\/wp-json\/wp\/v2\/categories?post=222613"},{"taxonomy":"post_tag","embeddable":true,"href":"https:\/\/www.radiopiu.net\/wordpress\/wp-json\/wp\/v2\/tags?post=222613"}],"curies":[{"name":"wp","href":"https:\/\/api.w.org\/{rel}","templated":true}]}}