{"id":222667,"date":"2021-07-20T05:30:55","date_gmt":"2021-07-20T03:30:55","guid":{"rendered":"https:\/\/www.radiopiu.net\/wordpress\/?p=222667"},"modified":"2021-07-20T06:28:31","modified_gmt":"2021-07-20T04:28:31","slug":"don-mario-dopo-60-anni-di-sacerdozio-al-mattino-e-sempre-puntuale-alla-messa-delle-sette","status":"publish","type":"post","link":"https:\/\/www.radiopiu.net\/wordpress\/don-mario-dopo-60-anni-di-sacerdozio-al-mattino-e-sempre-puntuale-alla-messa-delle-sette\/","title":{"rendered":"DON MARIO DOPO 60 ANNI DI SACERDOZIO AL MATTINO E&#8217;  SEMPRE PUNTUALE ALLA MESSA DELLE SETTE"},"content":{"rendered":"<p><img loading=\"lazy\" decoding=\"async\" class=\"alignleft\" src=\"https:\/\/www.radiopiu.net\/wordpress\/wp-content\/uploads\/2021\/07\/245d7d67-ded9-4ef7-a99f-dd66b6b8d4fa.jpg\" width=\"159\" height=\"119\" \/><strong>TAIBON<\/strong> Un paese si \u00e8 riversato in Valle di San Lucano (foto facebook gruppo Taibon Agordino) per festeggiare i 60 anni di sacerdozio di Don Mario Zanon. Una vita intera dedicata alla comunit\u00e0, una gran parte a quella di Taibon ma Don Mario si \u00e8 fatto ricordare anche per i trascorsi ad Agordo. A 84 anni (prossimo traguardo a settembre) \u00e8 ancora in piena forma, al mattino alle sette celebra la messa alla Casa di Soggiorno di Taibon dove ha deciso di trascorrere gli anni della meritata pensione rendendosi utile per gli anziani della vallata.<\/p>\n<p><strong>IL VICARIO FORANEO DON FABIANO\u00a0<\/strong><\/p>\n<audio class=\"wp-audio-shortcode\" id=\"audio-222667-1\" preload=\"none\" style=\"width: 100%;\" controls=\"controls\"><source type=\"audio\/mpeg\" src=\"https:\/\/www.radiopiu.net\/wordpress\/wp-content\/uploads\/2021\/07\/DON-FABIANO.mp3?_=1\" \/><a href=\"https:\/\/www.radiopiu.net\/wordpress\/wp-content\/uploads\/2021\/07\/DON-FABIANO.mp3\">https:\/\/www.radiopiu.net\/wordpress\/wp-content\/uploads\/2021\/07\/DON-FABIANO.mp3<\/a><\/audio>\n<p><strong>\u00a0<\/strong><\/p>\n<p><strong>IL MESSAGGIO DI DON CESARE<\/strong><\/p>\n<audio class=\"wp-audio-shortcode\" id=\"audio-222667-2\" preload=\"none\" style=\"width: 100%;\" controls=\"controls\"><source type=\"audio\/mpeg\" src=\"https:\/\/www.radiopiu.net\/wordpress\/wp-content\/uploads\/2021\/07\/cesare-9.mp3?_=2\" \/><a href=\"https:\/\/www.radiopiu.net\/wordpress\/wp-content\/uploads\/2021\/07\/cesare-9.mp3\">https:\/\/www.radiopiu.net\/wordpress\/wp-content\/uploads\/2021\/07\/cesare-9.mp3<\/a><\/audio>\n<p><strong>\u00a0<\/strong><\/p>\n<p><strong>IL SINDACO DI TAIBON, SILVIA TORMEN\u00a0\u00a0<\/strong><\/p>\n<audio class=\"wp-audio-shortcode\" id=\"audio-222667-3\" preload=\"none\" style=\"width: 100%;\" controls=\"controls\"><source type=\"audio\/mpeg\" src=\"https:\/\/www.radiopiu.net\/wordpress\/wp-content\/uploads\/2021\/07\/silvia.mp3?_=3\" \/><a href=\"https:\/\/www.radiopiu.net\/wordpress\/wp-content\/uploads\/2021\/07\/silvia.mp3\">https:\/\/www.radiopiu.net\/wordpress\/wp-content\/uploads\/2021\/07\/silvia.mp3<\/a><\/audio>\n<p><strong>\u00a0<\/strong><\/p>\n<p><strong>L&#8217;INTERVISTA.<\/strong><\/p>\n<div style=\"width: 640px;\" class=\"wp-video\"><video class=\"wp-video-shortcode\" id=\"video-222667-1\" width=\"640\" height=\"352\" preload=\"metadata\" controls=\"controls\"><source type=\"video\/mp4\" src=\"https:\/\/www.radiopiu.net\/wordpress\/wp-content\/uploads\/2021\/07\/DON-MARIO.mp4?_=1\" \/><a href=\"https:\/\/www.radiopiu.net\/wordpress\/wp-content\/uploads\/2021\/07\/DON-MARIO.mp4\">https:\/\/www.radiopiu.net\/wordpress\/wp-content\/uploads\/2021\/07\/DON-MARIO.mp4<\/a><\/video><\/div>\n","protected":false},"excerpt":{"rendered":"<p>TAIBON Un paese si \u00e8 riversato in Valle di San Lucano (foto facebook gruppo Taibon Agordino) per festeggiare i 60 anni di sacerdozio di Don Mario Zanon. Una vita intera dedicata alla comunit\u00e0, una gran parte a quella di Taibon ma Don Mario si \u00e8 fatto ricordare anche per i trascorsi ad Agordo. A 84&hellip;<\/p>\n","protected":false},"author":4,"featured_media":222671,"comment_status":"closed","ping_status":"open","sticky":false,"template":"","format":"standard","meta":{"_monsterinsights_skip_tracking":false,"_monsterinsights_sitenote_active":false,"_monsterinsights_sitenote_note":"","_monsterinsights_sitenote_category":0,"footnotes":""},"categories":[104,49],"tags":[],"class_list":["post-222667","post","type-post","status-publish","format-standard","has-post-thumbnail","hentry","category-evidenza_3","category-news-18","category-104","category-49","description-off"],"img_url":"https:\/\/www.radiopiu.net\/wordpress\/wp-content\/uploads\/2021\/07\/245d7d67-ded9-4ef7-a99f-dd66b6b8d4fa.jpg","_links":{"self":[{"href":"https:\/\/www.radiopiu.net\/wordpress\/wp-json\/wp\/v2\/posts\/222667","targetHints":{"allow":["GET"]}}],"collection":[{"href":"https:\/\/www.radiopiu.net\/wordpress\/wp-json\/wp\/v2\/posts"}],"about":[{"href":"https:\/\/www.radiopiu.net\/wordpress\/wp-json\/wp\/v2\/types\/post"}],"author":[{"embeddable":true,"href":"https:\/\/www.radiopiu.net\/wordpress\/wp-json\/wp\/v2\/users\/4"}],"replies":[{"embeddable":true,"href":"https:\/\/www.radiopiu.net\/wordpress\/wp-json\/wp\/v2\/comments?post=222667"}],"version-history":[{"count":0,"href":"https:\/\/www.radiopiu.net\/wordpress\/wp-json\/wp\/v2\/posts\/222667\/revisions"}],"wp:featuredmedia":[{"embeddable":true,"href":"https:\/\/www.radiopiu.net\/wordpress\/wp-json\/wp\/v2\/media\/222671"}],"wp:attachment":[{"href":"https:\/\/www.radiopiu.net\/wordpress\/wp-json\/wp\/v2\/media?parent=222667"}],"wp:term":[{"taxonomy":"category","embeddable":true,"href":"https:\/\/www.radiopiu.net\/wordpress\/wp-json\/wp\/v2\/categories?post=222667"},{"taxonomy":"post_tag","embeddable":true,"href":"https:\/\/www.radiopiu.net\/wordpress\/wp-json\/wp\/v2\/tags?post=222667"}],"curies":[{"name":"wp","href":"https:\/\/api.w.org\/{rel}","templated":true}]}}