{"id":222704,"date":"2021-07-20T05:29:40","date_gmt":"2021-07-20T03:29:40","guid":{"rendered":"https:\/\/www.radiopiu.net\/wordpress\/?p=222704"},"modified":"2021-07-20T06:03:11","modified_gmt":"2021-07-20T04:03:11","slug":"e-morto-il-dottor-flavio-devetag-il-messaggio-della-ulss1","status":"publish","type":"post","link":"https:\/\/www.radiopiu.net\/wordpress\/e-morto-il-dottor-flavio-devetag-il-messaggio-della-ulss1\/","title":{"rendered":"E&#8217; MORTO IL DOTTOR FLAVIO DEVETAG, I MESSAGGI DI CORDOGLIO."},"content":{"rendered":"<p><strong>FELTRE\u00a0<\/strong> <span style=\"color: #222222;\"><span style=\"font-family: Arial, Helvetica, sans-serif;\"><span style=\"font-size: medium;\"><span lang=\"it-IT\">L\u2019ulss Dolomiti si unisce al dolore della famiglia e dei tanti amici e porge le pi\u00f9 sentite condoglianze per la scomparsa del dottor Flavio Devetag. <\/span><\/span><\/span><\/span><span style=\"color: #222222;\"><span style=\"font-family: Arial, Helvetica, sans-serif;\"><span style=\"font-size: medium;\"><span lang=\"it-IT\">Noto e stimato professionista, aveva preso servizio come neurologo all\u2019ospedale di Feltre nel 1974. Nel corso della sua carriera, coronata da <a href=\"https:\/\/www.radiopiu.net\/wordpress\/e-morto-il-dottor-flavio-devetag-il-messaggio-della-ulss1\/dr-devetag-chalaupka-flavio\/\" rel=\"attachment wp-att-222722\"><img loading=\"lazy\" decoding=\"async\" class=\" wp-image-222722 alignleft\" src=\"https:\/\/www.radiopiu.net\/wordpress\/wp-content\/uploads\/2021\/07\/DR.-DEVETAG-CHALAUPKA-FLAVIO.jpg\" alt=\"\" width=\"143\" height=\"213\" \/><\/a>numerosi riconoscimenti, \u00e8 stato anche direttore della Neurologia dell\u2019ospedale Feltre dal 1999 al 2011<\/span><\/span><\/span><\/span><span style=\"color: #222222;\"><span style=\"font-family: Arial, Helvetica, sans-serif;\"><span style=\"font-size: medium;\"><span lang=\"it-IT\"><b>.<\/b><\/span><\/span><\/span><\/span><\/p>\n<p>&nbsp;<\/p>\n<blockquote><p><em>Flavio Devetag\u00a0 era specializzato in Neurologia. Primario Emerito presso il Santa Maria del Prato di Feltre. \u201cFellow member\u201d dell\u2019American Academy Neurology, riconoscimento ottenuto per reputazione scientifica, per attivit\u00e0 clinica e anche per attivit\u00e0 sociale nel territorio ed \u00e8 la pi\u00f9 numerosa societ\u00e0 scientifica di neurologia del mondo e rappresenta pi\u00f9 di 34 mila associati; \u00e8 dedicata a promuovere la pi\u00f9 alta qualit\u00e0 di cure incentrate sul paziente. Il Dottor Devetag ha tra l&#8217;altro attivato, all\u2019ospedale di Feltre, la \u201cStroke Unit\u201d, fra le prime in Veneto, per trattare i pazienti colpiti da ictus cerebrali. Ha fondato\u00a0 la sezione Triveneto della Societ\u00e0 italiana studio cefalee e della sezione veneta della Societ\u00e0 per lo studio dell\u2019ictus\u00a0<\/em><\/p><\/blockquote>\n<p>Libero professionista dopo il pensionamento ha continuato a prestare servizio a Feltre e a Trieste .Impegnato anche nella vita amministrativa, Flavio Devetag \u00e8 stato\u00a0 consigliere comunale, deputato al Parlamento negli anni novanta,\u00a0 Presidente del Lions Club e dell\u2019Associazione del libro parlato (Cilp).<\/p>\n<p><strong>dal Cilp, Luisa Alchini<\/strong><\/p>\n<p>Flavio Devetag socio fondatore ha presieduto il Cilp in uno dei momenti pi\u00f9 difficili dell&#8217; associazione ed ha saputo con determinazione affrontare le difficolt\u00e0.(2011-2015) \u00c8 stato lungimirante, grazie al suo impegno politico \u00e8 riuscito a garantire un futuro al libro parlato attivandosi per ottenere il contributo ministeriale . Persona pragmatica ed energica ha dato un impronta trasparente all&#8217; amministrazione. Personalmente ho sempre appoggiato le sue posizioni durante tutto il suo mandato . Devetag credeva nel potenziale della voce umana, ha condotto degli studi e sperimentazioni al Cilp che hanno sortito interessanti valutazioni raccolte anche in una sua pubblicazione. Tutti gli amici del Libro Parlato hanno appreso la notizia della sua dipartita con smarrimento . Partecipiamo al dolore della famiglia.<\/p>\n<blockquote><p><strong>Il SIndaco Paolo Perenzin\u00a0<\/strong><\/p>\n<p><em>\u201cQuella di Devetag \u00e8 stata una figura importante sotto molti punti di vista per la citt\u00e0 di Feltre, ma pi\u00f9 in generale, per tutta la comunit\u00e0 bellunese. Basti pensare al suo impegno in campo medico come neurologo, anche in qualit\u00e0 di primario del reparto dell\u2019ospedale \u201cS. Maria del Prato\u201d, che ebbe modo di guidare con grandi successi e riconoscimenti professionali. Devetag \u00e8 stato inoltre un protagonista attivo della comunit\u00e0 locale, della sua vita sociale e culturale. Come dimenticare, oltre a vari ruoli in altri enti e sodalizi, il suo impegno, anche come presidente, in una realt\u00e0 cos\u00ec importante, non solo in ambito locale, come il Centro Internazionale del Libro Parlato di Feltre- Flavio Devetag \u00e8 stato per\u00f2 anche un uomo delle istituzioni, sia locali che nazionali, avendo ricoperto il ruolo di consigliere comunale e assessore a Feltre e di parlamentare alla Camera dei Deputati; incarichi che ha sempre dimostrato di vivere con autentica passione civica\u201d.\u00a0<\/em><\/p><\/blockquote>\n<p>&nbsp;<\/p>\n<p><strong>Alberto Vettoretto, Lega Nord<\/strong><\/p>\n<p>\u201cUn uomo di grande spessore, un professionista e un politico che ha sempre messo la comunit\u00e0 al centro del suo agire. \u201cAveva le idee chiare ed era un tipo sicuro, quando aveva un&#8217;idea e un obiettivo li portava avanti con fermezza, una grande persona\u201d.<\/p>\n<blockquote><p>&nbsp;<\/p>\n<p>***<\/p><\/blockquote>\n","protected":false},"excerpt":{"rendered":"<p>FELTRE\u00a0 L\u2019ulss Dolomiti si unisce al dolore della famiglia e dei tanti amici e porge le pi\u00f9 sentite condoglianze per la scomparsa del dottor Flavio Devetag. Noto e stimato professionista, aveva preso servizio come neurologo all\u2019ospedale di Feltre nel 1974. Nel corso della sua carriera, coronata da numerosi riconoscimenti, \u00e8 stato anche direttore della Neurologia&hellip;<\/p>\n","protected":false},"author":4,"featured_media":222726,"comment_status":"closed","ping_status":"open","sticky":false,"template":"","format":"standard","meta":{"_monsterinsights_skip_tracking":false,"_monsterinsights_sitenote_active":false,"_monsterinsights_sitenote_note":"","_monsterinsights_sitenote_category":0,"footnotes":""},"categories":[51,49],"tags":[],"class_list":["post-222704","post","type-post","status-publish","format-standard","has-post-thumbnail","hentry","category-evidenza-top","category-news-18","category-51","category-49","description-off"],"img_url":"https:\/\/www.radiopiu.net\/wordpress\/wp-content\/uploads\/2021\/07\/d42bcd66-d6aa-4058-8420-8e7ddfe22641.jpg","_links":{"self":[{"href":"https:\/\/www.radiopiu.net\/wordpress\/wp-json\/wp\/v2\/posts\/222704","targetHints":{"allow":["GET"]}}],"collection":[{"href":"https:\/\/www.radiopiu.net\/wordpress\/wp-json\/wp\/v2\/posts"}],"about":[{"href":"https:\/\/www.radiopiu.net\/wordpress\/wp-json\/wp\/v2\/types\/post"}],"author":[{"embeddable":true,"href":"https:\/\/www.radiopiu.net\/wordpress\/wp-json\/wp\/v2\/users\/4"}],"replies":[{"embeddable":true,"href":"https:\/\/www.radiopiu.net\/wordpress\/wp-json\/wp\/v2\/comments?post=222704"}],"version-history":[{"count":0,"href":"https:\/\/www.radiopiu.net\/wordpress\/wp-json\/wp\/v2\/posts\/222704\/revisions"}],"wp:featuredmedia":[{"embeddable":true,"href":"https:\/\/www.radiopiu.net\/wordpress\/wp-json\/wp\/v2\/media\/222726"}],"wp:attachment":[{"href":"https:\/\/www.radiopiu.net\/wordpress\/wp-json\/wp\/v2\/media?parent=222704"}],"wp:term":[{"taxonomy":"category","embeddable":true,"href":"https:\/\/www.radiopiu.net\/wordpress\/wp-json\/wp\/v2\/categories?post=222704"},{"taxonomy":"post_tag","embeddable":true,"href":"https:\/\/www.radiopiu.net\/wordpress\/wp-json\/wp\/v2\/tags?post=222704"}],"curies":[{"name":"wp","href":"https:\/\/api.w.org\/{rel}","templated":true}]}}