{"id":222705,"date":"2021-07-20T18:52:08","date_gmt":"2021-07-20T16:52:08","guid":{"rendered":"https:\/\/www.radiopiu.net\/wordpress\/?p=222705"},"modified":"2021-07-20T18:52:25","modified_gmt":"2021-07-20T16:52:25","slug":"incidenza-al-185-per-100-mila-abitanti-10-positivi-nel-feltrino-9-tra-i-maestri-di-sci","status":"publish","type":"post","link":"https:\/\/www.radiopiu.net\/wordpress\/incidenza-al-185-per-100-mila-abitanti-10-positivi-nel-feltrino-9-tra-i-maestri-di-sci\/","title":{"rendered":"INCIDENZA AL 18,5 PER 100 MILA ABITANTI, 10 POSITIVI NEL FELTRINO, 9 TRA I MAESTRI DI SCI"},"content":{"rendered":"<p><span style=\"color: #000000;\"><span style=\"font-size: medium;\"><a href=\"https:\/\/www.radiopiu.net\/wordpress\/incidenza-al-185-per-100-mila-abitanti-10-positivi-nel-feltrino-9-tra-i-maestri-di-sci\/73d23b0d-0c24-41d8-bf84-5f95d9bcbd06\/\" rel=\"attachment wp-att-222706\"><img loading=\"lazy\" decoding=\"async\" class=\"size-medium wp-image-222706 alignleft\" src=\"https:\/\/www.radiopiu.net\/wordpress\/wp-content\/uploads\/2021\/07\/73d23b0d-0c24-41d8-bf84-5f95d9bcbd06-270x300.jpg\" alt=\"\" width=\"270\" height=\"300\" srcset=\"https:\/\/www.radiopiu.net\/wordpress\/wp-content\/uploads\/2021\/07\/73d23b0d-0c24-41d8-bf84-5f95d9bcbd06-270x300.jpg 270w, https:\/\/www.radiopiu.net\/wordpress\/wp-content\/uploads\/2021\/07\/73d23b0d-0c24-41d8-bf84-5f95d9bcbd06-923x1024.jpg 923w, https:\/\/www.radiopiu.net\/wordpress\/wp-content\/uploads\/2021\/07\/73d23b0d-0c24-41d8-bf84-5f95d9bcbd06-768x852.jpg 768w, https:\/\/www.radiopiu.net\/wordpress\/wp-content\/uploads\/2021\/07\/73d23b0d-0c24-41d8-bf84-5f95d9bcbd06.jpg 971w\" sizes=\"auto, (max-width: 270px) 100vw, 270px\" \/><\/a><strong>BELLUNO<\/strong> Nell\u2019ultima settimana \u00e8 stata rilevata una ripresa di casistica collegata alla coda del focolaio \u201cgiovanile del feltrino\u201d (maturazione di positivit\u00e0 tra i contatti gi\u00e0 isolati), ora in fase di spegnimento, all\u2019emergere in un nuovo focolaio legato ad un gruppo di maestri di sci di rientro da una selezione in Francia e da singoli casi di rientri da zone turistiche. Tamponi A questa mattina alle 8,\u00a0 all\u2019inizio dell\u2019epidemia, sono stati effettuati: 293 mila tamponi molecolari 211 mila tamponi antigenici. <\/span><\/span><span style=\"color: #ff0000;\"><strong>Incidenza settimanale per comune <\/strong><\/span>I casi rilevati nella settimana sono 37. Per effetto della nuova casistica sopra segnalata, l&#8217;incidenza settimanale registrata in provincia \u00e8 pari a 18,5 per 100 mila abitanti, inferiore all&#8217;incidenza nazionale (27 su 100 mila abitanti). Nei piccoli comuni, anche una piccola casistica determina un\u2019incidenza (casi\/abitanti) significativa, alla luce del piccolo denominatore di popolazione.<em> Nella mappa a lato i casi evidenziati negli ultimi sette giorni.<\/em><\/p>\n<p>Quattro Comuni evidenziano un&#8217;incidenza alta (oltre 100): Vigo di Cadore, San Vito, Borca e Voltago. Altrettanti tra 51-100: Cortina d&#8217;Ampezzo, Livinallongo, Lozzo di Cadore e Arsi\u00e8. Dieci Comuni tra 1-50: Pieve di Cadore, Longarone, Sedico, Sospirolo, Belluno, Santa Giustina, Alpago, Borgo Val Belluna, Feltre e Pedavena.<\/p>\n<p><strong>AGGIORNAMENTO FOCOLAI<\/strong><\/p>\n<p>Ad oggi i positivi riferiti al focolaio giovanile del feltrino sono 10. Sono iniziate le negativizzazioni dei primi positivi. Le ultime positivit\u00e0 maturate tra i contatti gi\u00e0 isolati sono emerse la scorsa settimana. Il focolaio si pu\u00f2 definire in via di spegnimento.<\/p>\n<p><strong>Focolaio corso aspiranti maestri di sci e snowboard <\/strong>Sono recentemente emerse 9 positivit\u00e0 tra atleti ed istruttori residenti in AULSS1-Dolomiti che la scorsa settimana hanno partecipato in Francia ad un corso per aspiranti maestri di sci e snowboard. I primi sintomi tra i partecipanti al corso (complessivamente una sessantina di persone, provenienti anche da altre regioni) sono insorti tra il 12 e il 13 luglio, e sulla base di ci\u00f2 alcuni atleti si sono volontariamente sottoposti a test rapidi. A seguito del riscontro di alcune positivit\u00e0 il corso \u00e8 stato immediatamente sospeso e i partecipanti sono rientrati con mezzi propri alle residenze di origine. Appena rientrati, tra venerd\u00ec e sabato una quindicina di sportivi bellunesi presenti al modulo di formazione si sono spontaneamente sottoposti a tampone presso i drive-in organizzati da AULSS1-Dolomiti. Dalle prime analisi sono emerse 9 positivit\u00e0 tra atleti e istruttori, gi\u00e0 confermate dall\u2019esito del test molecolare; altre analisi sono in fase di ultimazione. Al fine di circoscrivere il focolaio epidemico \u00e8 in corso un attento contact tracing, agevolato dal senso di responsabilit\u00e0 dei nostri atleti che al rientro in provincia si sono autonomamente posti in autoisolamento in attesa del test di controllo, evitando ulteriori contatti.<\/p>\n<p><strong>RIENTRI DA LOCALITA\u2019 TURISTICHE<\/strong><\/p>\n<p>In questi giorni si stanno registrando diverse positivit\u00e0 tra turisti in arrivo e tra residenti nella nostra Provincia di ritorno da altre localit\u00e0 turistiche, prevalentemente balneari. Si invitano coloro che rientrano dall\u2019estero, da localit\u00e0 turistiche o dalla partecipazione ad aggregazioni sociali significative ad eseguire spontaneamente un tampone di controllo. Intercettare precocemente nuove positivit\u00e0 e tracciarne i contatti \u00e8 fondamentale per contenere la circolazione virale nel territorio e tutelare la salute dei cittadini, con particolare riguardo alle fasce pi\u00f9 deboli della popolazione. I covid point dell\u2019Ulss Dolomiti sono aperti ad accesso libero (senza impegnativa e senza prenotazione) e il tampone \u00e8 gratuito.<\/p>\n<p><a href=\"https:\/\/www.radiopiu.net\/wordpress\/incidenza-al-185-per-100-mila-abitanti-10-positivi-nel-feltrino-9-tra-i-maestri-di-sci\/81e508be-d1b7-41d5-8075-c76bb30180ae\/\" rel=\"attachment wp-att-222707\"><img loading=\"lazy\" decoding=\"async\" class=\"alignnone wp-image-222707 size-large\" src=\"https:\/\/www.radiopiu.net\/wordpress\/wp-content\/uploads\/2021\/07\/81e508be-d1b7-41d5-8075-c76bb30180ae-1024x461.jpg\" alt=\"\" width=\"1024\" height=\"461\" srcset=\"https:\/\/www.radiopiu.net\/wordpress\/wp-content\/uploads\/2021\/07\/81e508be-d1b7-41d5-8075-c76bb30180ae-1024x461.jpg 1024w, https:\/\/www.radiopiu.net\/wordpress\/wp-content\/uploads\/2021\/07\/81e508be-d1b7-41d5-8075-c76bb30180ae-300x135.jpg 300w, https:\/\/www.radiopiu.net\/wordpress\/wp-content\/uploads\/2021\/07\/81e508be-d1b7-41d5-8075-c76bb30180ae-768x346.jpg 768w, https:\/\/www.radiopiu.net\/wordpress\/wp-content\/uploads\/2021\/07\/81e508be-d1b7-41d5-8075-c76bb30180ae-1536x691.jpg 1536w, https:\/\/www.radiopiu.net\/wordpress\/wp-content\/uploads\/2021\/07\/81e508be-d1b7-41d5-8075-c76bb30180ae.jpg 1600w\" sizes=\"auto, (max-width: 1024px) 100vw, 1024px\" \/><\/a><\/p>\n","protected":false},"excerpt":{"rendered":"<p>BELLUNO Nell\u2019ultima settimana \u00e8 stata rilevata una ripresa di casistica collegata alla coda del focolaio \u201cgiovanile del feltrino\u201d (maturazione di positivit\u00e0 tra i contatti gi\u00e0 isolati), ora in fase di spegnimento, all\u2019emergere in un nuovo focolaio legato ad un gruppo di maestri di sci di rientro da una selezione in Francia e da singoli casi&hellip;<\/p>\n","protected":false},"author":4,"featured_media":222706,"comment_status":"closed","ping_status":"open","sticky":false,"template":"","format":"standard","meta":{"_monsterinsights_skip_tracking":false,"_monsterinsights_sitenote_active":false,"_monsterinsights_sitenote_note":"","_monsterinsights_sitenote_category":0,"footnotes":""},"categories":[51,49],"tags":[],"class_list":["post-222705","post","type-post","status-publish","format-standard","has-post-thumbnail","hentry","category-evidenza-top","category-news-18","category-51","category-49","description-off"],"img_url":"https:\/\/www.radiopiu.net\/wordpress\/wp-content\/uploads\/2021\/07\/73d23b0d-0c24-41d8-bf84-5f95d9bcbd06.jpg","_links":{"self":[{"href":"https:\/\/www.radiopiu.net\/wordpress\/wp-json\/wp\/v2\/posts\/222705","targetHints":{"allow":["GET"]}}],"collection":[{"href":"https:\/\/www.radiopiu.net\/wordpress\/wp-json\/wp\/v2\/posts"}],"about":[{"href":"https:\/\/www.radiopiu.net\/wordpress\/wp-json\/wp\/v2\/types\/post"}],"author":[{"embeddable":true,"href":"https:\/\/www.radiopiu.net\/wordpress\/wp-json\/wp\/v2\/users\/4"}],"replies":[{"embeddable":true,"href":"https:\/\/www.radiopiu.net\/wordpress\/wp-json\/wp\/v2\/comments?post=222705"}],"version-history":[{"count":0,"href":"https:\/\/www.radiopiu.net\/wordpress\/wp-json\/wp\/v2\/posts\/222705\/revisions"}],"wp:featuredmedia":[{"embeddable":true,"href":"https:\/\/www.radiopiu.net\/wordpress\/wp-json\/wp\/v2\/media\/222706"}],"wp:attachment":[{"href":"https:\/\/www.radiopiu.net\/wordpress\/wp-json\/wp\/v2\/media?parent=222705"}],"wp:term":[{"taxonomy":"category","embeddable":true,"href":"https:\/\/www.radiopiu.net\/wordpress\/wp-json\/wp\/v2\/categories?post=222705"},{"taxonomy":"post_tag","embeddable":true,"href":"https:\/\/www.radiopiu.net\/wordpress\/wp-json\/wp\/v2\/tags?post=222705"}],"curies":[{"name":"wp","href":"https:\/\/api.w.org\/{rel}","templated":true}]}}