{"id":222739,"date":"2021-07-19T23:59:54","date_gmt":"2021-07-19T21:59:54","guid":{"rendered":"https:\/\/www.radiopiu.net\/wordpress\/?p=222739"},"modified":"2021-07-20T06:09:13","modified_gmt":"2021-07-20T04:09:13","slug":"il-territorio-di-mel-e-la-sinistra-piave-di-renato-bona","status":"publish","type":"post","link":"https:\/\/www.radiopiu.net\/wordpress\/il-territorio-di-mel-e-la-sinistra-piave-di-renato-bona\/","title":{"rendered":"IL TERRITORIO DI MEL E LA SINISTRA PIAVE, di RENATO BONA"},"content":{"rendered":"<p>Mel Centro storico; Marcador: Villa Luzzati e Castello di Zumelle; Lentiai: Villa Cristini, Villa Vergerio e Villa Pante; Cesana: Palazzo Pretorio. Questa l\u2019\u201cofferta\u201d del sesto itinerario (su dieci) proposto nel purtroppo introvabile (in proposito da pi\u00f9 partge se ne sollecita la ristampa e il presidente di Palazzo Piloni, Roberto Padrin, \u00e8 gi\u00f2\u00e0 stato sensibilizzato in proposito) libro-guida \u201cLe ville nel paesaggio prealpino della Provincia di Belluno\u201d edito nel 1997, a cura di Paolo Conte con testi di Simonetta Chiovaro, dalla milanese Charta per l\u2019ente all\u2019epoca guidato da Oscar De Bona, co-firmatario con l\u2019assessora ai Beni culturali Nicoletta Comar, della presentazione. In apertura l\u2019autrice precisa che l\u2019itinerario propone un primo percorso tra le ville ed il paesaggio che caratterizzano il territorio cosiddetto della Sinistra Piave (est del Piave) e aggiunge che: \u201cChi ha avuto modo di visitare il versante opposto (la Destra Piave) potr\u00e0 notare come le differenze tra i due territori siano non solo morfologiche ma anche urbanistiche. I centri che si sono sviluppati lungo la sponda orientale, infatti, non sono disseminati sul pendio bens\u00ec accatastati l\u2019uno all\u2019altro con un fronte sul Piave ed uno verso le montagne che separano la Val Belluna dal Trevigiano. I punti di transito attraverso le Prealpi Bellunesi da sempre sono essenzialmente tre: il passo San Boldo (comune di Trichiana), Praderadego (comune di Mel) e Col de Garda sotto monte Ces\u00e8n (comune di Lentiai)\u201d. La Chiovaro ricorda quindi che \u201cI contatti con la Marca Trevigiana in questa zona della provincia sono sempre stati intensi e spesso caratterizzati da lotte finalizzate al controllo di localit\u00e0 strategiche fortificate\u201d. E non a caso nella sola valle del Piave si ricordano, infatti, i castelli di Gardona, Castellavazzo, Belluno, Castion, Casteldardo, Castelvint, Cesio, Cesana, Castell\u00e0z, Rocchetta, San Vittore, con quello di Zumelle che \u201cdivenne il \u2018baricentro\u2019 della zona e garant\u00ec il collegamento tra Belluno, Feltre e C\u00e8neda\u201d (e per questo, anche se non si tratta di una villa, la Chiovaro suggerisce di visitarlo \u201cper la sua notevole importanza storica e perch\u00e9 con quello di Feltre e quello di Andr\u00e0z \u00e8 uno dei pochi che si sia conservato tra tutti quelli, numerosissimi, che esistevano sul territorio provinciale\u201d). Aggiungendo: \u201cA partire dal IX-X secolo il ducato longobardo si smembr\u00f2 nelle diocesi che lo costituivano e che facevano riferimento ai tre comuni principali suddetti. E\u2019 per questo motivo che ancora oggi i comuni di Trichiana, Mel e Lentiai appartengono alla Diocesi di Vittorio Veneto anzich\u00e9 a quella di Belluno e Feltre\u201d. L\u2019itinerario prende il via con la visita all\u2019abitato di Mel \u201cche \u00e8 tra i pi\u00f9 significativi ed antichi della provincia. All\u2019inizio di via XXXI Ottobre detta \u201cVia del Paradiso\u201d, sulla sinistra l\u2019imponente Villa Granelli mentre pi\u00f9 avanti, salendo, ecco che \u201crisaltano le belle forme di Villa Toniolo. Va segnalato il Palazzo delle Contesse, di propriet\u00e0 comunale, che ospita il Museo civico archeologico, con reperti ritrovati in una necropoli dell\u2019et\u00e0 del ferro. Uscendo dalla piazza \u00e8 possibile ammirare la facciata di Palazzo Pivetta. Consigliato arrivare a Marcador, 500 metri sulla sinistra dopo Mel: \u201cSu una collina che domina il paese, s\u2019innalza un bella casa dominicale, conosciuta come Villa Luzzati, dal nome della famiglia veneziana che vi dimor\u00f2 nel secolo scorso; \u00e8 a schema tripartito tipico della villa veneta e in facciata il timpano assume un risalto evidente e si ripete sulla fronte posteriore. Altra lunga ma interessantissima deviazione e si giunge al Castello di Zumelle, \u201cprezioso superstite dell\u2019intero territorio provinciale\u201d. Ed eccoci a Lentiai che propone tre ville di cui due di impianto cinquecentesco: Villa Cristini, XVIII secolo, caratterizzata da un ingresso ricco di elementi architettonici: due pilastri a bugne completati da grandi vasi in pietra scolpita che incorniciano un grande cancello in ferro; due panchine in pietra sono poste simmetriche ai lati, sul marciapiede asfaltato. Sul lato sud si apre una piazzetta da cui si dipartono via XX Settembre e via Garibaldi: nel punto di confluenza delle due stradine c\u2019\u00e8 l\u2019ingresso a Villa Vergerio del XVI secolo che vanta una bellissima trifora a bugne a punta di diamante conclusa da una semplice e liscia cornice rettilinea. Dalla via XX Settembre si approda alle spalle della parrocchiale di Santa Maria Assunta, maestoso edificio che all\u2019interno propone importanti lavori di artisti come Tiziano Vecellio e bottega, Andrea Brustolon, Luigi Cima. Francesco Terilli, Pietro Liberi, Giovanni da Mel, Francesco Frigimelica e Cesare Vecellio. Attraversando il sagrato , nella piazza Cavallotti si imbocca la via Vittorio Emanuele e all\u2019angolo \u00e8 visibile di scorcio l\u2019ultima villa importante di Lentiai: Villa Pante del XVI secolo \u201cche appare ispirata allo schema della casa rustica, con portico e loggia sovrapposti, secondo una tipica modalit\u00e0 riscontrabile negli esempi pi\u00f9 antichi\u201d. Avviandosi a conclusione la Chiovaro richiama il palazzo Pretorio o della Ragione che sorgeva a fianco del Castello di Zumelle al quale era collegato da un passaggio sotterraneo. Al pianterreno i locali adibiti a cancelleria, archivio, prigione e sale di tortura; al piano nobile il grande ambiente che forse era il gabinetto del vicario; al primo piano un salone le cui pareti sono tuttora abbellite da affreschi: \u201cdecorazioni a stucco tra le pi\u00f9 belle per disegno e vigore plastico di tutta la zona\u201d. E non trascura di sottolineare che: \u201cNelle immediate vicinanze di Lentiai sono da segnalare molteplici localit\u00e0 da visitare, sia per il loro interesse storico-artistico (Colder\u00f9, Villapiana), sia per quello culturale e paesaggistico: Pian di Coltura conosciuto come \u201cIl regno dei narcisi\u201d e le panoramiche frazioni di Stabie e Can\u00e0i sulle pendici e gli altipiani delle Prealpi Bellunesi, \u201czone calcaree ricchissime di vegetazione caratterizzata da faggeti, boschi misti, prati e pascoli\u201d; per chiudere con l\u2019importante bacino di Busche dove si trova l\u2019imponente struttura di sbarramento del Piave, con il lago che offre ospitalit\u00e0 ad un\u2019ampia gamma di fauna acquatica stanziale ed migratoria.<\/p>\n\n\t\t\t<style type='text\/css'>\n\t\t\t\t#gallery-1 {\n\t\t\t\t\tmargin: auto;\n\t\t\t\t}\n\t\t\t\t#gallery-1 .gallery-item {\n\t\t\t\t\tfloat: left;\n\t\t\t\t\tmargin-top: 10px;\n\t\t\t\t\ttext-align: center;\n\t\t\t\t\twidth: 20%;\n\t\t\t\t}\n\t\t\t\t#gallery-1 img {\n\t\t\t\t\tborder: 2px solid #cfcfcf;\n\t\t\t\t}\n\t\t\t\t#gallery-1 .gallery-caption {\n\t\t\t\t\tmargin-left: 0;\n\t\t\t\t}\n\t\t\t\t\/* see gallery_shortcode() in wp-includes\/media.php *\/\n\t\t\t<\/style>\n\t\t<div id='gallery-1' class='dt-gallery-container gallery galleryid-222739 gallery-columns-5 gallery-size-thumbnail'><dl class='gallery-item'>\n\t\t\t\t<dt class='gallery-icon portrait'>\n\t\t\t\t\t<a class=\"rollover rollover-zoom dt-pswp-item\" title=\"218088318_412098756756309_5809983534248527860_n\" data-dt-img-description=\"\" data-large_image_width=\"160\" data-large_image_height=\"202\"href='https:\/\/www.radiopiu.net\/wordpress\/wp-content\/uploads\/2021\/07\/218088318_412098756756309_5809983534248527860_n.jpg'><img loading=\"lazy\" decoding=\"async\" width=\"150\" height=\"150\" src=\"https:\/\/www.radiopiu.net\/wordpress\/wp-content\/uploads\/2021\/07\/218088318_412098756756309_5809983534248527860_n-150x150.jpg\" class=\"attachment-thumbnail size-thumbnail\" alt=\"\" \/><\/a>\n\t\t\t\t<\/dt><\/dl><dl class='gallery-item'>\n\t\t\t\t<dt class='gallery-icon landscape'>\n\t\t\t\t\t<a class=\"rollover rollover-zoom dt-pswp-item\" title=\"218665472_218967776801982_7732137829092118765_n\" data-dt-img-description=\"\" data-large_image_width=\"296\" data-large_image_height=\"204\"href='https:\/\/www.radiopiu.net\/wordpress\/wp-content\/uploads\/2021\/07\/218665472_218967776801982_7732137829092118765_n.jpg'><img loading=\"lazy\" decoding=\"async\" width=\"150\" height=\"150\" src=\"https:\/\/www.radiopiu.net\/wordpress\/wp-content\/uploads\/2021\/07\/218665472_218967776801982_7732137829092118765_n-150x150.jpg\" class=\"attachment-thumbnail size-thumbnail\" alt=\"\" \/><\/a>\n\t\t\t\t<\/dt><\/dl><dl class='gallery-item'>\n\t\t\t\t<dt class='gallery-icon landscape'>\n\t\t\t\t\t<a class=\"rollover rollover-zoom dt-pswp-item\" title=\"217839366_527717628348955_3733951782792983816_n\" data-dt-img-description=\"\" data-large_image_width=\"240\" data-large_image_height=\"199\"href='https:\/\/www.radiopiu.net\/wordpress\/wp-content\/uploads\/2021\/07\/217839366_527717628348955_3733951782792983816_n.jpg'><img loading=\"lazy\" decoding=\"async\" width=\"150\" height=\"150\" src=\"https:\/\/www.radiopiu.net\/wordpress\/wp-content\/uploads\/2021\/07\/217839366_527717628348955_3733951782792983816_n-150x150.jpg\" class=\"attachment-thumbnail size-thumbnail\" alt=\"\" \/><\/a>\n\t\t\t\t<\/dt><\/dl><dl class='gallery-item'>\n\t\t\t\t<dt class='gallery-icon landscape'>\n\t\t\t\t\t<a class=\"rollover rollover-zoom dt-pswp-item\" title=\"218044134_237051714910694_2059461334823494427_n\" data-dt-img-description=\"\" data-large_image_width=\"240\" data-large_image_height=\"200\"href='https:\/\/www.radiopiu.net\/wordpress\/wp-content\/uploads\/2021\/07\/218044134_237051714910694_2059461334823494427_n.jpg'><img loading=\"lazy\" decoding=\"async\" width=\"150\" height=\"150\" src=\"https:\/\/www.radiopiu.net\/wordpress\/wp-content\/uploads\/2021\/07\/218044134_237051714910694_2059461334823494427_n-150x150.jpg\" class=\"attachment-thumbnail size-thumbnail\" alt=\"\" \/><\/a>\n\t\t\t\t<\/dt><\/dl><dl class='gallery-item'>\n\t\t\t\t<dt class='gallery-icon landscape'>\n\t\t\t\t\t<a class=\"rollover rollover-zoom dt-pswp-item\" title=\"217972285_360073482198025_7620550599331746191_n\" data-dt-img-description=\"\" data-large_image_width=\"320\" data-large_image_height=\"204\"href='https:\/\/www.radiopiu.net\/wordpress\/wp-content\/uploads\/2021\/07\/217972285_360073482198025_7620550599331746191_n.jpg'><img loading=\"lazy\" decoding=\"async\" width=\"150\" height=\"150\" src=\"https:\/\/www.radiopiu.net\/wordpress\/wp-content\/uploads\/2021\/07\/217972285_360073482198025_7620550599331746191_n-150x150.jpg\" class=\"attachment-thumbnail size-thumbnail\" alt=\"\" \/><\/a>\n\t\t\t\t<\/dt><\/dl><br style=\"clear: both\" \/><dl class='gallery-item'>\n\t\t\t\t<dt class='gallery-icon landscape'>\n\t\t\t\t\t<a class=\"rollover rollover-zoom dt-pswp-item\" title=\"218204575_435323380772590_5598996303918877621_n\" data-dt-img-description=\"\" data-large_image_width=\"295\" data-large_image_height=\"206\"href='https:\/\/www.radiopiu.net\/wordpress\/wp-content\/uploads\/2021\/07\/218204575_435323380772590_5598996303918877621_n.jpg'><img loading=\"lazy\" decoding=\"async\" width=\"150\" height=\"150\" src=\"https:\/\/www.radiopiu.net\/wordpress\/wp-content\/uploads\/2021\/07\/218204575_435323380772590_5598996303918877621_n-150x150.jpg\" class=\"attachment-thumbnail size-thumbnail\" alt=\"\" \/><\/a>\n\t\t\t\t<\/dt><\/dl><dl class='gallery-item'>\n\t\t\t\t<dt class='gallery-icon portrait'>\n\t\t\t\t\t<a class=\"rollover rollover-zoom dt-pswp-item\" title=\"218948224_4480574731975184_2024488670817779012_n\" data-dt-img-description=\"\" data-large_image_width=\"168\" data-large_image_height=\"206\"href='https:\/\/www.radiopiu.net\/wordpress\/wp-content\/uploads\/2021\/07\/218948224_4480574731975184_2024488670817779012_n.jpg'><img loading=\"lazy\" decoding=\"async\" width=\"150\" height=\"150\" src=\"https:\/\/www.radiopiu.net\/wordpress\/wp-content\/uploads\/2021\/07\/218948224_4480574731975184_2024488670817779012_n-150x150.jpg\" class=\"attachment-thumbnail size-thumbnail\" alt=\"\" \/><\/a>\n\t\t\t\t<\/dt><\/dl><dl class='gallery-item'>\n\t\t\t\t<dt class='gallery-icon landscape'>\n\t\t\t\t\t<a class=\"rollover rollover-zoom dt-pswp-item\" title=\"218647261_871500783742123_6456199038391827190_n\" data-dt-img-description=\"\" data-large_image_width=\"252\" data-large_image_height=\"206\"href='https:\/\/www.radiopiu.net\/wordpress\/wp-content\/uploads\/2021\/07\/218647261_871500783742123_6456199038391827190_n.jpg'><img loading=\"lazy\" decoding=\"async\" width=\"150\" height=\"150\" src=\"https:\/\/www.radiopiu.net\/wordpress\/wp-content\/uploads\/2021\/07\/218647261_871500783742123_6456199038391827190_n-150x150.jpg\" class=\"attachment-thumbnail size-thumbnail\" alt=\"\" \/><\/a>\n\t\t\t\t<\/dt><\/dl><dl class='gallery-item'>\n\t\t\t\t<dt class='gallery-icon landscape'>\n\t\t\t\t\t<a class=\"rollover rollover-zoom dt-pswp-item\" title=\"217683800_631347747840311_5318297815533159371_n\" data-dt-img-description=\"\" data-large_image_width=\"263\" data-large_image_height=\"206\"href='https:\/\/www.radiopiu.net\/wordpress\/wp-content\/uploads\/2021\/07\/217683800_631347747840311_5318297815533159371_n.jpg'><img loading=\"lazy\" decoding=\"async\" width=\"150\" height=\"150\" src=\"https:\/\/www.radiopiu.net\/wordpress\/wp-content\/uploads\/2021\/07\/217683800_631347747840311_5318297815533159371_n-150x150.jpg\" class=\"attachment-thumbnail size-thumbnail\" alt=\"\" \/><\/a>\n\t\t\t\t<\/dt><\/dl>\n\t\t\t\t<br style='clear: both' \/>\n\t\t\t<\/div>\n\n<p>NELLE FOTO (riproduzioni dal libro \u201cLe ville nel paesaggio prealpino della Provincia di Belluno\u201d): particolare della facciata di Villa Granelli; veduta della lunga facciata di Villa Tonon; gli alti ed elaborati camini del Palazzo delle Contesse; particolare della facciata urbana di Palazzo Pivetta; cos\u00ec, dalla strada, la Villa Luzzati; il complesso fortificato del Castello di Zumelle; facciata principale di Villa Cristini; la Villa Vergerio; facciata interna di Villa Pante.<\/p>\n","protected":false},"excerpt":{"rendered":"<p>Mel Centro storico; Marcador: Villa Luzzati e Castello di Zumelle; Lentiai: Villa Cristini, Villa Vergerio e Villa Pante; Cesana: Palazzo Pretorio. Questa l\u2019\u201cofferta\u201d del sesto itinerario (su dieci) proposto nel purtroppo introvabile (in proposito da pi\u00f9 partge se ne sollecita la ristampa e il presidente di Palazzo Piloni, Roberto Padrin, \u00e8 gi\u00f2\u00e0 stato sensibilizzato in&hellip;<\/p>\n","protected":false},"author":4,"featured_media":222741,"comment_status":"closed","ping_status":"open","sticky":false,"template":"","format":"standard","meta":{"_monsterinsights_skip_tracking":false,"_monsterinsights_sitenote_active":false,"_monsterinsights_sitenote_note":"","_monsterinsights_sitenote_category":0,"footnotes":""},"categories":[1,104],"tags":[],"class_list":["post-222739","post","type-post","status-publish","format-standard","has-post-thumbnail","hentry","category-senza-categoria","category-evidenza_3","category-1","category-104","description-off"],"img_url":"https:\/\/www.radiopiu.net\/wordpress\/wp-content\/uploads\/2021\/07\/218665472_218967776801982_7732137829092118765_n.jpg","_links":{"self":[{"href":"https:\/\/www.radiopiu.net\/wordpress\/wp-json\/wp\/v2\/posts\/222739","targetHints":{"allow":["GET"]}}],"collection":[{"href":"https:\/\/www.radiopiu.net\/wordpress\/wp-json\/wp\/v2\/posts"}],"about":[{"href":"https:\/\/www.radiopiu.net\/wordpress\/wp-json\/wp\/v2\/types\/post"}],"author":[{"embeddable":true,"href":"https:\/\/www.radiopiu.net\/wordpress\/wp-json\/wp\/v2\/users\/4"}],"replies":[{"embeddable":true,"href":"https:\/\/www.radiopiu.net\/wordpress\/wp-json\/wp\/v2\/comments?post=222739"}],"version-history":[{"count":0,"href":"https:\/\/www.radiopiu.net\/wordpress\/wp-json\/wp\/v2\/posts\/222739\/revisions"}],"wp:featuredmedia":[{"embeddable":true,"href":"https:\/\/www.radiopiu.net\/wordpress\/wp-json\/wp\/v2\/media\/222741"}],"wp:attachment":[{"href":"https:\/\/www.radiopiu.net\/wordpress\/wp-json\/wp\/v2\/media?parent=222739"}],"wp:term":[{"taxonomy":"category","embeddable":true,"href":"https:\/\/www.radiopiu.net\/wordpress\/wp-json\/wp\/v2\/categories?post=222739"},{"taxonomy":"post_tag","embeddable":true,"href":"https:\/\/www.radiopiu.net\/wordpress\/wp-json\/wp\/v2\/tags?post=222739"}],"curies":[{"name":"wp","href":"https:\/\/api.w.org\/{rel}","templated":true}]}}