{"id":222763,"date":"2021-07-20T05:27:42","date_gmt":"2021-07-20T03:27:42","guid":{"rendered":"https:\/\/www.radiopiu.net\/wordpress\/?p=222763"},"modified":"2021-07-20T06:02:38","modified_gmt":"2021-07-20T04:02:38","slug":"acc-firmato-il-decreto-per-la-cassa-integrazione-straordinaria","status":"publish","type":"post","link":"https:\/\/www.radiopiu.net\/wordpress\/acc-firmato-il-decreto-per-la-cassa-integrazione-straordinaria\/","title":{"rendered":"ACC, FIRMATO IL DECRETO PER LA CASSA INTEGRAZIONE STRAORDINARIA"},"content":{"rendered":"<p><strong><img loading=\"lazy\" decoding=\"async\" class=\"alignleft\" src=\"https:\/\/www.radiopiu.net\/wordpress\/wp-content\/uploads\/2021\/03\/78ebdc32-6394-49a6-8282-40a4a229b080.jpg\" width=\"247\" height=\"185\" \/>VENEZIA<\/strong>\u00a0 <span style=\"font-size: large;\">\u00c8 stato firmato il decreto per la proroga di un anno della cassa integrazione straordinaria per i dipendenti dell\u2019Acc. <b>A renderlo noto \u00e8 Vanessa Camani, vice capogruppo del Partito Democratico a Palazzo Ferro Fini.<\/b>\u00a0<\/span><\/p>\n<blockquote><p><span style=\"font-size: large;\">\u201c<em>Una firma arrivata in tempi record, visto che la richiesta risaliva al 28 giugno e una boccata d\u2019ossigeno fondamentale per gli oltre 300 lavoratori. La necessit\u00e0 di individuare soluzioni che garantiscano la continuit\u00e0 produttiva e anche lo sviluppo del sito deve andare di pari passo con la necessit\u00e0 di non lasciare le persone senza tutele. Ci auguriamo che maturino le condizioni per il rilancio produttivo del sito, malgrado l\u2019immobilismo della Regione; nel frattempo per\u00f2 \u00e8 doveroso dare risposte nell\u2019immediato a 300 famiglie\u201d.<\/em><\/span><\/p><\/blockquote>\n<p>&nbsp;<\/p>\n","protected":false},"excerpt":{"rendered":"<p>VENEZIA\u00a0 \u00c8 stato firmato il decreto per la proroga di un anno della cassa integrazione straordinaria per i dipendenti dell\u2019Acc. A renderlo noto \u00e8 Vanessa Camani, vice capogruppo del Partito Democratico a Palazzo Ferro Fini.\u00a0 \u201cUna firma arrivata in tempi record, visto che la richiesta risaliva al 28 giugno e una boccata d\u2019ossigeno fondamentale per&hellip;<\/p>\n","protected":false},"author":4,"featured_media":197660,"comment_status":"closed","ping_status":"open","sticky":false,"template":"","format":"standard","meta":{"_monsterinsights_skip_tracking":false,"_monsterinsights_sitenote_active":false,"_monsterinsights_sitenote_note":"","_monsterinsights_sitenote_category":0,"footnotes":""},"categories":[51,49],"tags":[],"class_list":["post-222763","post","type-post","status-publish","format-standard","has-post-thumbnail","hentry","category-evidenza-top","category-news-18","category-51","category-49","description-off"],"img_url":"https:\/\/www.radiopiu.net\/wordpress\/wp-content\/uploads\/2021\/03\/78ebdc32-6394-49a6-8282-40a4a229b080.jpg","_links":{"self":[{"href":"https:\/\/www.radiopiu.net\/wordpress\/wp-json\/wp\/v2\/posts\/222763","targetHints":{"allow":["GET"]}}],"collection":[{"href":"https:\/\/www.radiopiu.net\/wordpress\/wp-json\/wp\/v2\/posts"}],"about":[{"href":"https:\/\/www.radiopiu.net\/wordpress\/wp-json\/wp\/v2\/types\/post"}],"author":[{"embeddable":true,"href":"https:\/\/www.radiopiu.net\/wordpress\/wp-json\/wp\/v2\/users\/4"}],"replies":[{"embeddable":true,"href":"https:\/\/www.radiopiu.net\/wordpress\/wp-json\/wp\/v2\/comments?post=222763"}],"version-history":[{"count":0,"href":"https:\/\/www.radiopiu.net\/wordpress\/wp-json\/wp\/v2\/posts\/222763\/revisions"}],"wp:featuredmedia":[{"embeddable":true,"href":"https:\/\/www.radiopiu.net\/wordpress\/wp-json\/wp\/v2\/media\/197660"}],"wp:attachment":[{"href":"https:\/\/www.radiopiu.net\/wordpress\/wp-json\/wp\/v2\/media?parent=222763"}],"wp:term":[{"taxonomy":"category","embeddable":true,"href":"https:\/\/www.radiopiu.net\/wordpress\/wp-json\/wp\/v2\/categories?post=222763"},{"taxonomy":"post_tag","embeddable":true,"href":"https:\/\/www.radiopiu.net\/wordpress\/wp-json\/wp\/v2\/tags?post=222763"}],"curies":[{"name":"wp","href":"https:\/\/api.w.org\/{rel}","templated":true}]}}