{"id":222802,"date":"2021-07-21T20:14:05","date_gmt":"2021-07-21T18:14:05","guid":{"rendered":"https:\/\/www.radiopiu.net\/wordpress\/?p=222802"},"modified":"2021-07-23T06:18:01","modified_gmt":"2021-07-23T04:18:01","slug":"giornale-radiopiu-21-luglio-2021-direttore-mirko-mezzacasa","status":"publish","type":"post","link":"https:\/\/www.radiopiu.net\/wordpress\/giornale-radiopiu-21-luglio-2021-direttore-mirko-mezzacasa\/","title":{"rendered":"GIORNALE RADIOPIU 21 LUGLIO 2021 DIRETTORE MIRKO MEZZACASA"},"content":{"rendered":"<h3><span style=\"color: #0000ff;\">PER<strong>\u00a0RICEVERE QUESTO NOTIZIARIO DIRETTAMENTE SUL TUO CELLULARE ISCRIVITI AL CANALE TELEGRAM\u00a0<\/strong><\/span><strong><span style=\"color: #0000ff;\">\u201cRADIO PIU\u00a0 INFORMAZIONE\u201d<\/span>\u00a0<\/strong><\/h3>\n<blockquote class=\"wp-embedded-content\" data-secret=\"8f2cR5SFOf\"><p><a href=\"https:\/\/www.radiopiu.net\/wordpress\/arspu2\/\">ARSENIO BLUEPEN&#8230;..IN AZIONE AD AGORDO<\/a><\/p><\/blockquote>\n<p><iframe loading=\"lazy\" class=\"wp-embedded-content\" sandbox=\"allow-scripts\" security=\"restricted\" style=\"position: absolute; clip: rect(1px, 1px, 1px, 1px);\" title=\"&#8220;ARSENIO BLUEPEN&#8230;..IN AZIONE AD AGORDO&#8221; &#8212; Radio Pi\u00f9\" src=\"https:\/\/www.radiopiu.net\/wordpress\/arspu2\/embed\/#?secret=8f2cR5SFOf\" data-secret=\"8f2cR5SFOf\" width=\"600\" height=\"338\" frameborder=\"0\" marginwidth=\"0\" marginheight=\"0\" scrolling=\"no\"><\/iframe><\/p>\n<p>&nbsp;<\/p>\n<hr \/>\n<p>&nbsp;<\/p>\n<blockquote>\n<h2>PROVINCIALE 3 DI VALLE IMPERINA GOSALDO-RIVAMONTE: CHIUSA FINO AL 31 LUGLIO<\/h2>\n<h2><a class=\"dt-pswp-item\" href=\"https:\/\/www.radiopiu.net\/wordpress\/wp-content\/uploads\/2021\/07\/b4b9c188-6323-4f82-bd7f-0a7c57ec0d22.jpg\" data-dt-img-description=\"\" data-large_image_width=\"1200\" data-large_image_height=\"1600\"><img loading=\"lazy\" decoding=\"async\" class=\"size-thumbnail wp-image-223129 alignleft\" src=\"https:\/\/www.radiopiu.net\/wordpress\/wp-content\/uploads\/2021\/07\/b4b9c188-6323-4f82-bd7f-0a7c57ec0d22-150x150.jpg\" alt=\"\" width=\"150\" height=\"150\" \/><\/a>GOSALDO Per lavori al chilometro 9.600 strada chiusa 24 ore su 24 sabato e domenica compresi. Interruzione fino al 30 luglio, Rivamonte \u00e8 raggiungibile da Agordo (senso unico in localit\u00e0 Gona Conedera) e da Voltago via Digoman<\/h2>\n<p>&nbsp;<\/p>\n<p>&nbsp;<\/p>\n<hr \/>\n<\/blockquote>\n<p><img loading=\"lazy\" decoding=\"async\" class=\"alignleft\" src=\"https:\/\/www.radiopiu.net\/wordpress\/wp-content\/uploads\/2018\/08\/ACQUA.jpeg\" width=\"257\" height=\"154\" \/><strong>LIVINALLONGO DEL COL DI LANA:\u00a0<\/strong> nelle LOCALITA&#8217; CASTELLO, PALLA e AGAI, l&#8217;acqua erogata dall&#8217;acquedotto non \u00e8 potabile e pu\u00f2 essere usata per scopi alimentari SOLO PREVIA bollitura.<\/p>\n<p><strong>BELLUNO<\/strong> Per lavori di manutenzione alla rete idrica, oggi dalle ore 14.00 fino a fine lavori (serata inoltrata), verr\u00e0 sospesa l\u2019erogazione dell\u2019acqua a Belluno nelle zone di Baldenich, Al Fol, Mur di Cadola, Quartier Cadore, Nogar\u00e8 e nelle vie Vittorio Veneto (e limitrofe) e F. Pellegrini (e limitrofe).<em>\u201cL\u2019intervento che andremo ad eseguire \u2013 spiega la societ\u00e0 \u2013 e che interessa un ampio bacino di utenza, servir\u00e0 per sostituire alcune apparecchiature idrauliche, ormai obsolete, situate in tre punti distinti della rete di distribuzione cittadina. Un lavoro indispensabile e particolarmente delicato, che impegner\u00e0 le nostre squadre operative dalle prime ore del pomeriggio fino a serata inoltrata: opereremo, naturalmente, per limitare al minimo i disagi all\u2019utenza collegata e per ripristinare quanto prima l\u2019erogazione\u201d.<\/em><\/p>\n<p><strong>AGORDO<\/strong> Per lavori alla rete idrica comunale, domani dalle ore 09:30 alle ore 18:00 potrebbe mancare l&#8217;acqua ad AGORDO, nelle loc. FARENZENA, PIASENT, CAMPION e FOCHE. Il personale addetto operer\u00e0 per limitare il pi\u00f9 possibile i disagi alla popolazione<\/p>\n<p><span style=\"color: #ff0000;\"><strong>INTERRUZIONI ENEL PROGRAMMATE PER LAVORI\u00a0<\/strong><\/span><br \/>\n<strong>LUNEDI 26 LUGLIO A LIVINALLONGO DEL COL DI LANA<\/strong>\u00a0 dalle 8.30 alle 10\u00a0 Vie Mesdi, Arabba, Cant, Paluacia, Zorz, Boe&#8217;.<\/p>\n<p>&nbsp;<\/p>\n<hr \/>\n<p>&nbsp;<\/p>\n<h3>CHIUSURA DELLA SILVOPASTORALE PER MALGA FOCA<\/h3>\n<p><a href=\"https:\/\/www.radiopiu.net\/wordpress\/giornale-radiopiu-09-02-2018\/foca\/\" rel=\"attachment wp-att-43007\"><img loading=\"lazy\" decoding=\"async\" class=\"wp-image-43007 alignleft\" src=\"https:\/\/www.radiopiu.net\/wordpress\/wp-content\/uploads\/2018\/02\/FOCA-300x225.jpg\" alt=\"\" width=\"163\" height=\"122\" srcset=\"https:\/\/www.radiopiu.net\/wordpress\/wp-content\/uploads\/2018\/02\/FOCA-300x225.jpg 300w, https:\/\/www.radiopiu.net\/wordpress\/wp-content\/uploads\/2018\/02\/FOCA-768x576.jpg 768w, https:\/\/www.radiopiu.net\/wordpress\/wp-content\/uploads\/2018\/02\/FOCA-1024x768.jpg 1024w, https:\/\/www.radiopiu.net\/wordpress\/wp-content\/uploads\/2018\/02\/FOCA.jpg 1600w\" sizes=\"auto, (max-width: 163px) 100vw, 163px\" \/><\/a><strong>LA\u00a0 VALLE<\/strong> Strada chiusa per esbosco di lotti di legname e recupero schianti nella zona di Malga Foca e Forcella Folega. I cantieri boschivi rappresentano un pericolo per le persone che dovessero trovarsi ad attraversare l\u2019area interessata dai lavori. L&#8217;avviso: Dal 15 luglio al 31 ottobre per lavori boschivi in localit\u00e0 Malga Foca &#8211; Forcella Folega \u00e8 vietato transitare in direzione dei cantieri per motivi di sicurezza, la strada e i sentieri sono invece aperti il sabato dalle 12, la domenica e giorni festivi. Sospensione totale della circolazione veicolare e pedonale lungo la viabilit\u00e0 silvo-pastorale nel tratto compreso tra il bivio per Malga Foca e il Mandriz di Folega. Sono interessati anche i sentieri Cai 545, 542 e 541. I trasgressori sranno sanzionati amministrativamente per la violazione dei regolamenti comunali.<\/p>\n<p>&nbsp;<\/p>\n<p>&nbsp;<\/p>\n<p>&nbsp;<\/p>\n<hr \/>\n<p>&nbsp;<\/p>\n<blockquote><p><strong>RIVAMONTE<\/strong>\u00a0 FINO AL 5 OTTOBRE SENSO UNICO ALTERNATO REGOLATO DA SEMAFORO COMPRESI SABATI, DOMENICHE E FESTIVI INFRASETTIMANALI, IN LOCALITA&#8217; GONA DI CONEDERA POCO SOPRA L&#8217;ABITATO DI PONTE ALTO.<\/p><\/blockquote>\n<p><strong>TAIBON<\/strong> REGIONALE 203 AGORDINA, LISTOLADE DI TAIBON: DAL 19 AL 23 LUGLIO SENSO UNICO ALTERNATO REGOLATO DA MOVIERI.<\/p>\n<p><strong>SEDICO<\/strong>\u00a0 REGIONALE 203 AGORDINA, In localit\u00e0 La Stanga dal 19 luglio al 6 agosto senso unico regolato da movieri<\/p>\n<p><span style=\"color: #ff0000;\"><strong>REGIONALE 203 AGORDINA, LOCALITA\u2019 SORAZUNAIA,\u00a0 E SR 48 DELLE DOLOMITI IN LOCALITA\u2019 LIVINALLONGO, FINO AL 31 LUGLIO DALLE 7 ALLE 18 ESCLUSI SABATI E DOMENICHE INTERRUZIONI ALLA VIABILITA\u2019 PER UNA DURATA MASSIMA DI 20 MINUTI.\u00a0<\/strong><\/span><\/p>\n<p><strong><span style=\"color: #008000;\">PROVINCIALE 641 DI PASSO FEDAIA LOCALITA&#8217; COL DI ROCCA FINO AL 30 LUGLIO (COMPRESI FESTIVI E PREFESTIVI) SENSO UNICO ALTERNATO REGOLATO DA SEMAFORO<\/span><\/strong><\/p>\n<p>&nbsp;<\/p>\n<hr \/>\n<p>&nbsp;<\/p>\n<blockquote>\n<h3 style=\"text-align: left;\">MALORE SULLA FERRATA DELLA MEMORIA<\/h3>\n<\/blockquote>\n<p><strong><img loading=\"lazy\" decoding=\"async\" class=\"alignleft\" src=\"https:\/\/www.radiopiu.net\/wordpress\/wp-content\/uploads\/2021\/07\/salt_20210713_114158_959.jpg\" width=\"95\" height=\"71\" \/>LONGARONE<\/strong>\u00a0 Escursionista colto da malore, mentre con due amici stava risalendo la Ferrata della Memoria. S.C., 30 anni, di Cava Manara (PV), che si trovava poco sopra le scalette, \u00e8 stato raggiunto dal tecnico di elisoccorso dell&#8217;elicottero del Suem di Pieve di Cadore, calato con un verricello di 60 metri. Il soccorritore ha assicurato a s\u00e9 il ragazzo e con lui \u00e8 stato recuperato dall&#8217;eliambulanza. L&#8217;escursionista \u00e8 stato trasportato all&#8217;ospedale di Belluno per le verifiche del caso.<\/p>\n<p>&nbsp;<\/p>\n<hr \/>\n<p>&nbsp;<\/p>\n<p>&nbsp;<\/p>\n<blockquote>\n<h3>MALORE ANCHE ALLE TRE CIME DI LAVAREDO<\/h3>\n<\/blockquote>\n<p><strong><img loading=\"lazy\" decoding=\"async\" class=\"alignleft\" src=\"https:\/\/www.radiopiu.net\/wordpress\/wp-content\/uploads\/2020\/11\/Tre-Cime-diLavaredo_Ph.ASPParchi-naturaliJosef-Hackhofer.jpg\" width=\"177\" height=\"118\" \/>AURONZO\u00a0<\/strong> Turista colto da malore non distante dalla Cappella degli alpini, sul sentiero tra il Rifugio Auronzo e il Rifugio Lavaredo sotto le Tre Cime. Atterrato nelle vicinanze, dall&#8217;elicottero del Suem di Pieve di Cadore sono sbarcati il tecnico di elisoccorso e il personale medico, che hanno valutato le condizioni dell&#8217;uomo, un escursionista polacco di 70 anni che si trovava con la moglie, e, dopo averlo imbarcato, lo hanno trasportato all&#8217;ospedale di Belluno per le opportune analisi.<\/p>\n<p>&nbsp;<\/p>\n<hr \/>\n<p>&nbsp;<\/p>\n<blockquote>\n<h3>CROLLA IL TETTO DEL BIVACCO, L&#8217;APPELLO DEL SOCCORSO ALPINO<\/h3>\n<\/blockquote>\n<p>&nbsp;<\/p>\n<div class=\"dati1w0a hv4rvrfc osnr6wyh\">\n<div class=\"btwxx1t3 j83agx80 cwj9ozl2\">\n<div class=\"j83agx80 cbu4d94t ew0dbk1b irj2b8pg\">\n<div class=\"qzhwtbm6 knvmm38d\">\n<h3 class=\"gmql0nx0 l94mrbxd p1ri9a11 lzcic4wl aahdfvyu hzawbc8m\" dir=\"auto\"><span class=\"nc684nl6\"><a class=\"oajrlxb2 g5ia77u1 qu0x051f esr5mh6w e9989ue4 r7d6kgcz rq0escxv nhd2j8a9 nc684nl6 p7hjln8o kvgmc6g5 cxmmr5t8 oygrvhab hcukyx3x jb3vyjys rz4wbd8a qt6c0cv9 a8nywdso i1ao9s8h esuyzwwr f1sip0of lzcic4wl oo9gr5id gpro0wi8 lrazzd5p\" tabindex=\"0\" role=\"link\" href=\"https:\/\/www.facebook.com\/CnsasVeneto\/?__cft__[0]=AZUx8FlnJLAyqq8Yftyef9B1vO3qxTM03CbeKSdWJlBR1QYMXiNK_l56jdb33e22XZKCdO9MCmhWoQTKrvTbKVIg1bwSqFZT-othY7A7Kg8PADtljK4mRk5GpPh-aCIc3vgnmn3jvMhtaLOztOfvGvaAOU7o4M5tIskcdRMogfh4-A&amp;__tn__=-UC%2CP-y-R\"><strong>Soccorso Alpino e Speleologico Veneto &#8211; CNSAS<\/strong><\/a><\/span><\/h3>\n<\/div>\n<div class=\"qzhwtbm6 knvmm38d\"><span class=\"pq6dq46d tbxw36s4 knj5qynh kvgmc6g5 ditlmg2l oygrvhab nvdbi5me sf5mxxl7 gl3lb2sf hhz5lgdu\">\u00a0<\/span><\/div>\n<div class=\"qzhwtbm6 knvmm38d\"><span class=\"pq6dq46d tbxw36s4 knj5qynh kvgmc6g5 ditlmg2l oygrvhab nvdbi5me sf5mxxl7 gl3lb2sf hhz5lgdu\"><img loading=\"lazy\" decoding=\"async\" src=\"https:\/\/static.xx.fbcdn.net\/images\/emoji.php\/v9\/tdc\/1\/16\/26a0.png\" alt=\"&#x26a0;&#xfe0f;\" width=\"16\" height=\"16\" \/><\/span> Attenzione <img loading=\"lazy\" decoding=\"async\" src=\"https:\/\/static.xx.fbcdn.net\/images\/emoji.php\/v9\/tdc\/1\/16\/26a0.png\" alt=\"&#x26a0;&#xfe0f;\" width=\"16\" height=\"16\" \/><\/div>\n<div><\/div>\n<\/div>\n<\/div>\n<\/div>\n<div class=\"\" dir=\"auto\">\n<div class=\"\" dir=\"auto\">\n<div class=\"ecm0bbzt hv4rvrfc ihqw7lf3 dati1w0a\" data-ad-comet-preview=\"message\" data-ad-preview=\"message\">\n<div class=\"j83agx80 cbu4d94t ew0dbk1b irj2b8pg\">\n<div class=\"qzhwtbm6 knvmm38d\">\n<div class=\"o9v6fnle cxmmr5t8 oygrvhab hcukyx3x c1et5uql ii04i59q\">\n<div dir=\"auto\">Dal <a class=\"oajrlxb2 g5ia77u1 qu0x051f esr5mh6w e9989ue4 r7d6kgcz rq0escxv nhd2j8a9 nc684nl6 p7hjln8o kvgmc6g5 cxmmr5t8 oygrvhab hcukyx3x jb3vyjys rz4wbd8a qt6c0cv9 a8nywdso i1ao9s8h esuyzwwr f1sip0of lzcic4wl q66pz984 gpro0wi8 b1v8xokw\" tabindex=\"0\" role=\"link\" href=\"https:\/\/www.facebook.com\/soccorsocortina\/?__cft__[0]=AZUx8FlnJLAyqq8Yftyef9B1vO3qxTM03CbeKSdWJlBR1QYMXiNK_l56jdb33e22XZKCdO9MCmhWoQTKrvTbKVIg1bwSqFZT-othY7A7Kg8PADtljK4mRk5GpPh-aCIc3vgnmn3jvMhtaLOztOfvGvaAOU7o4M5tIskcdRMogfh4-A&amp;__tn__=kK-y-R\"><span class=\"nc684nl6\">Soccorso Alpino Cortina<\/span><\/a> ci informano che il Bivacco Maggiore Carlo Buffa di Perrero, posto a quota 2.760 sulla Forcella Padeon lungo il sentiero attrezzato Ivano Dibona al Cristallo, \u00e8 inagibile a causa del crollo parziale del tetto dovuto al vento e alla neve. Non sar\u00e0 pi\u00f9 quindi possibile utilizzarlo come ricovero in caso di necessit\u00e0.<\/div>\n<\/div>\n<\/div>\n<\/div>\n<div dir=\"auto\"><\/div>\n<div dir=\"auto\">\n\n\t\t\t<style type='text\/css'>\n\t\t\t\t#gallery-1 {\n\t\t\t\t\tmargin: auto;\n\t\t\t\t}\n\t\t\t\t#gallery-1 .gallery-item {\n\t\t\t\t\tfloat: left;\n\t\t\t\t\tmargin-top: 10px;\n\t\t\t\t\ttext-align: center;\n\t\t\t\t\twidth: 25%;\n\t\t\t\t}\n\t\t\t\t#gallery-1 img {\n\t\t\t\t\tborder: 2px solid #cfcfcf;\n\t\t\t\t}\n\t\t\t\t#gallery-1 .gallery-caption {\n\t\t\t\t\tmargin-left: 0;\n\t\t\t\t}\n\t\t\t\t\/* see gallery_shortcode() in wp-includes\/media.php *\/\n\t\t\t<\/style>\n\t\t<div id='gallery-1' class='dt-gallery-container gallery galleryid-222802 gallery-columns-4 gallery-size-thumbnail'><dl class='gallery-item'>\n\t\t\t\t<dt class='gallery-icon landscape'>\n\t\t\t\t\t<a class=\"rollover rollover-zoom dt-pswp-item\" title=\"217583006_1632834493578811_642587891358425054_n\" data-dt-img-description=\"\" data-large_image_width=\"550\" data-large_image_height=\"413\"href='https:\/\/www.radiopiu.net\/wordpress\/wp-content\/uploads\/2021\/07\/217583006_1632834493578811_642587891358425054_n.jpg'><img loading=\"lazy\" decoding=\"async\" width=\"150\" height=\"150\" src=\"https:\/\/www.radiopiu.net\/wordpress\/wp-content\/uploads\/2021\/07\/217583006_1632834493578811_642587891358425054_n-150x150.jpg\" class=\"attachment-thumbnail size-thumbnail\" alt=\"\" \/><\/a>\n\t\t\t\t<\/dt><\/dl><dl class='gallery-item'>\n\t\t\t\t<dt class='gallery-icon landscape'>\n\t\t\t\t\t<a class=\"rollover rollover-zoom dt-pswp-item\" title=\"217991627_1632834106912183_4290714850841550752_n\" data-dt-img-description=\"\" data-large_image_width=\"600\" data-large_image_height=\"450\"href='https:\/\/www.radiopiu.net\/wordpress\/wp-content\/uploads\/2021\/07\/217991627_1632834106912183_4290714850841550752_n.jpg'><img loading=\"lazy\" decoding=\"async\" width=\"150\" height=\"150\" src=\"https:\/\/www.radiopiu.net\/wordpress\/wp-content\/uploads\/2021\/07\/217991627_1632834106912183_4290714850841550752_n-150x150.jpg\" class=\"attachment-thumbnail size-thumbnail\" alt=\"\" \/><\/a>\n\t\t\t\t<\/dt><\/dl><dl class='gallery-item'>\n\t\t\t\t<dt class='gallery-icon portrait'>\n\t\t\t\t\t<a class=\"rollover rollover-zoom dt-pswp-item\" title=\"214852051_1632834413578819_2185191729497186847_n\" data-dt-img-description=\"\" data-large_image_width=\"768\" data-large_image_height=\"1024\"href='https:\/\/www.radiopiu.net\/wordpress\/wp-content\/uploads\/2021\/07\/214852051_1632834413578819_2185191729497186847_n.jpg'><img loading=\"lazy\" decoding=\"async\" width=\"150\" height=\"150\" src=\"https:\/\/www.radiopiu.net\/wordpress\/wp-content\/uploads\/2021\/07\/214852051_1632834413578819_2185191729497186847_n-150x150.jpg\" class=\"attachment-thumbnail size-thumbnail\" alt=\"\" \/><\/a>\n\t\t\t\t<\/dt><\/dl><dl class='gallery-item'>\n\t\t\t\t<dt class='gallery-icon portrait'>\n\t\t\t\t\t<a class=\"rollover rollover-zoom dt-pswp-item\" title=\"217617046_1632834233578837_2244437006613638516_n\" data-dt-img-description=\"\" data-large_image_width=\"768\" data-large_image_height=\"1024\"href='https:\/\/www.radiopiu.net\/wordpress\/wp-content\/uploads\/2021\/07\/217617046_1632834233578837_2244437006613638516_n.jpg'><img loading=\"lazy\" decoding=\"async\" width=\"150\" height=\"150\" src=\"https:\/\/www.radiopiu.net\/wordpress\/wp-content\/uploads\/2021\/07\/217617046_1632834233578837_2244437006613638516_n-150x150.jpg\" class=\"attachment-thumbnail size-thumbnail\" alt=\"\" \/><\/a>\n\t\t\t\t<\/dt><\/dl><br style=\"clear: both\" \/>\n\t\t\t<\/div>\n\n<p>&nbsp;<\/p>\n<hr \/>\n<p>&nbsp;<\/p>\n<blockquote>\n<h3><a href=\"https:\/\/www.radiopiu.net\/wordpress\/giornale-radiopiu-21-luglio-2021-direttore-mirko-mezzacasa\/14543726_210085302738618_344812454506137944_o\/\" rel=\"attachment wp-att-223089\"><img loading=\"lazy\" decoding=\"async\" class=\" wp-image-223089 alignleft\" src=\"https:\/\/www.radiopiu.net\/wordpress\/wp-content\/uploads\/2021\/07\/14543726_210085302738618_344812454506137944_o.jpg\" alt=\"\" width=\"111\" height=\"111\" srcset=\"https:\/\/www.radiopiu.net\/wordpress\/wp-content\/uploads\/2021\/07\/14543726_210085302738618_344812454506137944_o.jpg 206w, https:\/\/www.radiopiu.net\/wordpress\/wp-content\/uploads\/2021\/07\/14543726_210085302738618_344812454506137944_o-150x150.jpg 150w\" sizes=\"auto, (max-width: 111px) 100vw, 111px\" \/><\/a>E&#8217; MORTO ALESSANDRO FREGONA,<\/h3>\n<\/blockquote>\n<p><b>SEREN DEL GRAPPA<\/b>La comunit\u00e0 si unisce al dolore della famiglia Fregona per la perdita di Alessandro, 40 anni di origini trevigiane ma serenese d&#8217;adozione. &#8220;Non mollare mai&#8221;, lo diceva continuamente, alla fine ha dovuto cedere alla impari battaglia contro il cancro.<\/p>\n<blockquote><p><em>Non avrei mai voluto sentire questa notizia &#8211; ricorda l&#8217;amico Ivan &#8211;\u00a0 ma la realt\u00e0 \u00e8 a che questa .Rimarrai per sempre dentro di me persona molto simpatica e gentile , mi aggiornavi sempre sulle ultime news dei rally, ma ora le macchine le guarderai dall&#8217;alto.\u00a0<\/em><\/p><\/blockquote>\n<p>&nbsp;<\/p>\n<hr \/>\n<p>&nbsp;<\/p>\n<blockquote>\n<h3><a href=\"https:\/\/www.radiopiu.net\/wordpress\/giornale-radiopiu-21-luglio-2021-direttore-mirko-mezzacasa\/41239b79-24fa-4bfb-adc4-0b7e1811a3fc\/\" rel=\"attachment wp-att-223090\"><img loading=\"lazy\" decoding=\"async\" class=\"wp-image-223090 alignleft\" src=\"https:\/\/www.radiopiu.net\/wordpress\/wp-content\/uploads\/2021\/07\/41239b79-24fa-4bfb-adc4-0b7e1811a3fc-300x169.jpg\" alt=\"\" width=\"170\" height=\"96\" srcset=\"https:\/\/www.radiopiu.net\/wordpress\/wp-content\/uploads\/2021\/07\/41239b79-24fa-4bfb-adc4-0b7e1811a3fc-300x169.jpg 300w, https:\/\/www.radiopiu.net\/wordpress\/wp-content\/uploads\/2021\/07\/41239b79-24fa-4bfb-adc4-0b7e1811a3fc-1024x576.jpg 1024w, https:\/\/www.radiopiu.net\/wordpress\/wp-content\/uploads\/2021\/07\/41239b79-24fa-4bfb-adc4-0b7e1811a3fc-768x432.jpg 768w, https:\/\/www.radiopiu.net\/wordpress\/wp-content\/uploads\/2021\/07\/41239b79-24fa-4bfb-adc4-0b7e1811a3fc-1536x864.jpg 1536w, https:\/\/www.radiopiu.net\/wordpress\/wp-content\/uploads\/2021\/07\/41239b79-24fa-4bfb-adc4-0b7e1811a3fc.jpg 1920w\" sizes=\"auto, (max-width: 170px) 100vw, 170px\" \/><\/a>L&#8217;ADDIO AD EROS DAL CANTON<\/h3>\n<p><strong>ALANO DI PIAVE\u00a0<\/strong> Eros Dal Canton il prossimo 21 agosto non potr\u00e0 festeggiare i suoi 36 anni con la famiglia e gli amici, il male incurabile lo ha strappato alla vita. Il giovane operaio, figlio dell&#8217;ex vicesindaco di Alano, Oscar Dal Canton, \u00e8 deceduto domenica sera. I funerali si terranno\u00a0 domani alle\u00a0 17 nel Campo sportivo a Colmirano.\u00a0 Ha lottato per due anni\u00a0 contro la malattia, il giovane padre\u00a0 lascia una bimba piccola, mamma Romanella e i fratelli\u00a0 Luca e Alex.\u00a0 Eventuali offerte a Mano Amica e allo Iov (Istituto oncologico Veneto) di Padova.<\/p><\/blockquote>\n<p>&nbsp;<\/p>\n<hr \/>\n<p>&nbsp;<\/p>\n<blockquote>\n<h3>OGGI ALLE 15 I FUNERALI DI DAVIDE BRISTOT AL PALASPORT DI SEDICO<\/h3>\n<blockquote>\n<h3><a href=\"https:\/\/www.radiopiu.net\/wordpress\/giornale-radiopiu-15-luglio-2021-direttore-mirko-mezzacasa\/th-162\/\" rel=\"attachment wp-att-221796\"><img loading=\"lazy\" decoding=\"async\" class=\"wp-image-221796 alignleft\" src=\"https:\/\/www.radiopiu.net\/wordpress\/wp-content\/uploads\/2021\/07\/th-12.jpg\" alt=\"\" width=\"180\" height=\"135\" \/><\/a><\/h3>\n<blockquote>\n<h3>SEDICO \u00a0I funerali di Davide Bristot si svolgeranno oggi alle 15, al palasport di Sedico, un grande spazio per contenere i tanti amici del giovane,\u00a0 del pap\u00e0 Paolino, mamma Barbara e dei fratelli\u00a0 Alessandro e Nicola. La famiglia aspettava il via libera dalla Procura, che \u00e8 arrivato. Il rito funebre sar\u00e0 celebrato da\u00a0 don Sandro Gabrieli.. I familiari chiedono che le offerte vengano girate all&#8217;Associazione Donatori midollo osseo Admo.<\/h3>\n<\/blockquote>\n<p>&nbsp;<\/p><\/blockquote>\n<p>&nbsp;<\/p><\/blockquote>\n<hr \/>\n<p>&nbsp;<\/p>\n<h3><a href=\"https:\/\/www.radiopiu.net\/wordpress\/e-morto-il-dottor-flavio-devetag-il-messaggio-della-ulss1\/363d3610-0e93-4622-a606-95ef782a371e\/\" rel=\"attachment wp-att-222718\"><img loading=\"lazy\" decoding=\"async\" class=\"wp-image-222718 alignleft\" src=\"https:\/\/www.radiopiu.net\/wordpress\/wp-content\/uploads\/2021\/07\/363d3610-0e93-4622-a606-95ef782a371e-300x169.jpg\" alt=\"\" width=\"167\" height=\"94\" srcset=\"https:\/\/www.radiopiu.net\/wordpress\/wp-content\/uploads\/2021\/07\/363d3610-0e93-4622-a606-95ef782a371e-300x169.jpg 300w, https:\/\/www.radiopiu.net\/wordpress\/wp-content\/uploads\/2021\/07\/363d3610-0e93-4622-a606-95ef782a371e-1024x576.jpg 1024w, https:\/\/www.radiopiu.net\/wordpress\/wp-content\/uploads\/2021\/07\/363d3610-0e93-4622-a606-95ef782a371e-768x432.jpg 768w, https:\/\/www.radiopiu.net\/wordpress\/wp-content\/uploads\/2021\/07\/363d3610-0e93-4622-a606-95ef782a371e-1536x864.jpg 1536w, https:\/\/www.radiopiu.net\/wordpress\/wp-content\/uploads\/2021\/07\/363d3610-0e93-4622-a606-95ef782a371e.jpg 1920w\" sizes=\"auto, (max-width: 167px) 100vw, 167px\" \/><\/a>FUNERALI PRIVATI PER FLAVIO DEVETAG<\/h3>\n<p><strong>FELTRE<\/strong> Cerimonia\u00a0 privata ad agosto a Trieste per l&#8217;ultimo saluto all&#8217;ex primario di Neurologia del Santa Maria del Prato Flavio Devetag Chalaupka. Le ceneri post cremazione saranno deposte al cimitero della cittadina nei pressi di Trieste dove risiedeva .<\/p>\n<p>&nbsp;<\/p>\n<hr \/>\n<p>&nbsp;<\/p>\n<blockquote>\n<h3>E&#8217; GRAVE L&#8217;ANZIANO FINITO FUORI STRADA CON LA JEEP<\/h3>\n<p><strong>FORNO DI ZOLDO<\/strong> E&#8217; in gravi condizioni G.T., l&#8217;84enne di Val di Zoldo,\u00a0 ha avuto un malore, mentre era alla guida della\u00a0 Jeep Renegade finita su un prato accanto alla 251 e poi contro un muretto.\u00a0 L&#8217;anziano \u00e8 stato soccorso\u00a0 dai sanitari del Suem 118 sul posto con l&#8217;ambulanza e l&#8217;elicottero.\u00a0 L&#8217;uomo \u00e8 stato trasportato all&#8217;ospedale San Martino di Belluno e ricoverato in Terapia intensiva.<\/p><\/blockquote>\n<p>&nbsp;<\/p>\n<\/div>\n<\/div>\n<\/div>\n<\/div>\n<hr \/>\n<p>&nbsp;<\/p>\n<blockquote>\n<h3>LADRI: OGNI TANTO, MA SEMPRE TROPPO SPESSO RITORNANO<\/h3>\n<\/blockquote>\n<p><strong>BORGO VALBELLUNA<\/strong> Rieccoli i ladri degli appartamenti, un invito ad alzare la guardia. Hanno agito\u00a0 nella zona di Mel in due abitazioni approfittando dell&#8217;assenza dei proprietari e hanno rubato\u00a0 oro, monili e contanti per almeno tremila euro,\u00a0 indagano i carabinieri. Il modus operandi \u00e8 noto: sono entrati forzando una finisestra e hanno messo gli apparamenti a \u00a0soqquadro. Nel bottino anche la fede nuziale.<\/p>\n<p>&nbsp;<\/p>\n<hr \/>\n<blockquote>\n<h3>VALLADA, CITTADINI INASCOLTATI E I MEZZI CONTINUANO A SFRECCIARE SUL RETTILINEO TRA ABITAZIONI, PEDONI, UNGULATI<\/h3>\n<\/blockquote>\n<p><strong><img loading=\"lazy\" decoding=\"async\" class=\"alignleft\" src=\"https:\/\/www.radiopiu.net\/wordpress\/wp-content\/uploads\/2021\/07\/f9f6cee6-0fdb-4ddf-9046-358c8030a574.jpg\" width=\"187\" height=\"140\" \/>VALLADA<\/strong><br \/>\n<strong>DI GIANNI SANTOMASO\u00a0<\/strong><\/p>\n<audio class=\"wp-audio-shortcode\" id=\"audio-222802-1\" preload=\"none\" style=\"width: 100%;\" controls=\"controls\"><source type=\"audio\/mpeg\" src=\"https:\/\/www.radiopiu.net\/wordpress\/wp-content\/uploads\/2021\/07\/GIANNI-VENETO-STRADE.mp3?_=1\" \/><a href=\"https:\/\/www.radiopiu.net\/wordpress\/wp-content\/uploads\/2021\/07\/GIANNI-VENETO-STRADE.mp3\">https:\/\/www.radiopiu.net\/wordpress\/wp-content\/uploads\/2021\/07\/GIANNI-VENETO-STRADE.mp3<\/a><\/audio>\n<p>&nbsp;<\/p>\n<h1>IN SERIE I SERVIZI PRECEDENTI ALLA RADIO<\/h1>\n<blockquote class=\"wp-embedded-content\" data-secret=\"02EIHYMSwI\"><p><a href=\"https:\/\/www.radiopiu.net\/wordpress\/sdfsdfsdfsdfsdfsf\/\">346 A VALLADA,  LUCHETTA &#8220;NULLA DI NUOVO, IL PROBLEMA E&#8217; NOTO E ORA CAMBIA L&#8217;INTERLOCUTORE&#8221;<\/a><\/p><\/blockquote>\n<p><iframe loading=\"lazy\" class=\"wp-embedded-content\" sandbox=\"allow-scripts\" security=\"restricted\" style=\"position: absolute; clip: rect(1px, 1px, 1px, 1px);\" title=\"&#8220;346 A VALLADA,  LUCHETTA &#8220;NULLA DI NUOVO, IL PROBLEMA E&#8217; NOTO E ORA CAMBIA L&#8217;INTERLOCUTORE&#8221;&#8221; &#8212; Radio Pi\u00f9\" src=\"https:\/\/www.radiopiu.net\/wordpress\/sdfsdfsdfsdfsdfsf\/embed\/#?secret=02EIHYMSwI\" data-secret=\"02EIHYMSwI\" width=\"600\" height=\"338\" frameborder=\"0\" marginwidth=\"0\" marginheight=\"0\" scrolling=\"no\"><\/iframe><\/p>\n<p>&nbsp;<\/p>\n<hr \/>\n<p>&nbsp;<\/p>\n<p>&nbsp;<\/p>\n<blockquote class=\"wp-embedded-content\" data-secret=\"eIa06kp02I\"><p><a href=\"https:\/\/www.radiopiu.net\/wordpress\/no-alla-cementificazione-del-passo-giau\/\">NO ALLA CEMENTIFICAZIONE DEL PASSO GIAU<\/a><\/p><\/blockquote>\n<p><iframe loading=\"lazy\" class=\"wp-embedded-content\" sandbox=\"allow-scripts\" security=\"restricted\" style=\"position: absolute; clip: rect(1px, 1px, 1px, 1px);\" title=\"&#8220;NO ALLA CEMENTIFICAZIONE DEL PASSO GIAU&#8221; &#8212; Radio Pi\u00f9\" src=\"https:\/\/www.radiopiu.net\/wordpress\/no-alla-cementificazione-del-passo-giau\/embed\/#?secret=eIa06kp02I\" data-secret=\"eIa06kp02I\" width=\"600\" height=\"338\" frameborder=\"0\" marginwidth=\"0\" marginheight=\"0\" scrolling=\"no\"><\/iframe><\/p>\n<p>&nbsp;<\/p>\n<p>&nbsp;<\/p>\n<p>&nbsp;<\/p>\n<hr \/>\n<p>&nbsp;<\/p>\n<blockquote>\n<h3>MOSTRA DEL TIZIANO, MANCATO TRASFERIMENTO DEI FONDI. MASSARO &#8220;NON SI FARA&#8217;, NON RISCHIAMO DI PERDERE UN MILIONE DI EURO&#8221;<\/h3>\n<\/blockquote>\n<p><strong>BELLUNO\u00a0<\/strong><\/p>\n<p><strong>DI MORENO GIOLI<\/strong><\/p>\n<audio class=\"wp-audio-shortcode\" id=\"audio-222802-2\" preload=\"none\" style=\"width: 100%;\" controls=\"controls\"><source type=\"audio\/mpeg\" src=\"https:\/\/www.radiopiu.net\/wordpress\/wp-content\/uploads\/2021\/07\/MORENO-2.mp3?_=2\" \/><a href=\"https:\/\/www.radiopiu.net\/wordpress\/wp-content\/uploads\/2021\/07\/MORENO-2.mp3\">https:\/\/www.radiopiu.net\/wordpress\/wp-content\/uploads\/2021\/07\/MORENO-2.mp3<\/a><\/audio>\n<p>Sul tema, Moreno Gioli ha posto alcuni interrogativi al sindaco di Belluno Jacopo Massaro<\/p>\n<p><strong>AUDIO<\/strong><\/p>\n<audio class=\"wp-audio-shortcode\" id=\"audio-222802-3\" preload=\"none\" style=\"width: 100%;\" controls=\"controls\"><source type=\"audio\/mpeg\" src=\"https:\/\/www.radiopiu.net\/wordpress\/wp-content\/uploads\/2021\/07\/GIOLI.mp3?_=3\" \/><a href=\"https:\/\/www.radiopiu.net\/wordpress\/wp-content\/uploads\/2021\/07\/GIOLI.mp3\">https:\/\/www.radiopiu.net\/wordpress\/wp-content\/uploads\/2021\/07\/GIOLI.mp3<\/a><\/audio>\n<p>&nbsp;<\/p>\n<p><a href=\"https:\/\/www.radiopiu.net\/wordpress\/mostra-del-tiziano-mancato-trasferimento-dei-fondi\/0e927e27-2ee8-4b05-974c-81fc40d8aab2\/\" rel=\"attachment wp-att-222928\"><img loading=\"lazy\" decoding=\"async\" class=\"alignnone size-medium wp-image-222928\" src=\"https:\/\/www.radiopiu.net\/wordpress\/wp-content\/uploads\/2021\/07\/0e927e27-2ee8-4b05-974c-81fc40d8aab2-300x169.jpg\" alt=\"\" width=\"300\" height=\"169\" srcset=\"https:\/\/www.radiopiu.net\/wordpress\/wp-content\/uploads\/2021\/07\/0e927e27-2ee8-4b05-974c-81fc40d8aab2-300x169.jpg 300w, https:\/\/www.radiopiu.net\/wordpress\/wp-content\/uploads\/2021\/07\/0e927e27-2ee8-4b05-974c-81fc40d8aab2-1024x576.jpg 1024w, https:\/\/www.radiopiu.net\/wordpress\/wp-content\/uploads\/2021\/07\/0e927e27-2ee8-4b05-974c-81fc40d8aab2-768x432.jpg 768w, https:\/\/www.radiopiu.net\/wordpress\/wp-content\/uploads\/2021\/07\/0e927e27-2ee8-4b05-974c-81fc40d8aab2-1536x864.jpg 1536w, https:\/\/www.radiopiu.net\/wordpress\/wp-content\/uploads\/2021\/07\/0e927e27-2ee8-4b05-974c-81fc40d8aab2.jpg 1600w\" sizes=\"auto, (max-width: 300px) 100vw, 300px\" \/><\/a><\/p>\n<p>&nbsp;<\/p>\n<p>&nbsp;<\/p>\n<p>&nbsp;<\/p>\n<hr \/>\n<p>&nbsp;<\/p>\n<blockquote>\n<h3>SI\u2019 DEL CIO ALLO SCI ALPINISMO A MILANO-CORTINA 2026.<\/h3>\n<\/blockquote>\n<p><b><img loading=\"lazy\" decoding=\"async\" class=\"alignleft\" src=\"https:\/\/www.radiopiu.net\/wordpress\/wp-content\/uploads\/2021\/02\/sci.jpg\" width=\"275\" height=\"183\" \/>VENEZIA\u00a0 <\/b>\u201cIl Cio ci ha fatto un gran bel regalo. Lo sci alpinismo entra negli sport olimpici e lo far\u00e0 proprio in occasione di Milano-Cortina 2026. E\u2019una vittoria di tutta la squadra che ha lavorato e lavorer\u00e0 per il 2026. Ora ci riuniremo per scegliere le sedi pi\u00f9 adatte. Questa disciplina, che ricorda tempi epici quando gli scandinavi, ben prima dell\u2019avvento dello sci alpino, la usavano per spostarsi usando le pelli di foca per non scivolare in salita, \u00e8 diventata sport a tutto tondo: l\u2019uomo che si misura con la natura, da pari a pari, con rispetto reciproco. Che ci\u00f2 accada per la prima volta nelle \u2018nostre\u2019 Olimpiadi \u00e8 semplicemente bellissimo\u201d. Cos\u00ec, il Presidente della Regione Veneto, Luca Zaia, commenta la notizia dell\u2019inserimento di questa antica disciplina, della quale potranno godere gli appassionati nell\u2019ambito delle Olimpiadi Invernali del 2026. Lo Sci Alpinismo che aveva fatto capolino ai Giochi Olimpici Giovanili di Losanna 2020, si presenter\u00e0 all\u2019Olimpiade italiana con 5 eventi (2 maschili, 2 femminili e uno misto) e tre format: sprint, individuale e staffetta mista, coinvolgendo 48 atleti (24 donne e 24 uomini). \u201cTecnica sopraffina sia in salita che in discesa, forza fisica non comune e grande tenuta mentale per sfidare alla pari pendii dove osano solo le aquile, una sorta di abbraccio tra la natura e l\u2019uomo che, per una volta, non utilizza particolari strumenti per avere la meglio, un grande spot per affermare una volta di pi\u00f9 il profondo significato del rispetto della montagna, per insegnare come si fa a chi, purtroppo, pratica questo sport senza rispetto per la natura e senza dare il giusto peso ai pericoli che pu\u00f2 comportare sciare in neve fresca e in alta montagna \u2013 aggiunge Zaia \u2013 sono solo alcune delle caratteristiche che faranno dello sci alpinismo olimpico una grande attrazione\u201d.<\/p>\n<blockquote>\n<h2>Il presidente della Provincia Padrin: \u00abGrande opportunit\u00e0, lavoriamo per portare qui le gare\u00bb<\/h2>\n<p><em>\u00abL\u2019ok del Cio allo sci alpinismo come disciplina olimpica \u00e8 una grande notizia. Il fatto che il debutto coincida con i Giochi di Milano-Cortina 2026 \u00e8 una occasione enorme. Ora lavoriamo per portare le gare a Belluno\u00bb. \u00c8 quanto afferma il presidente della Provincia di Belluno Roberto Padrin, alla conferma che il Comitato Olimpico ha riconosciuto lo sci alpinismo tra le gare del 2026. <\/em><br \/>\n<em>\u00abSi tratta di uno sport assolutamente green, sostenibile e spettacolare, con una tradizione importante nella nostra provincia. Proprio per questo dobbiamo lavorare fin da subito per portare le gare nel Bellunese. Anche perch\u00e9 lo sci in salita si presta ai nostri paesaggi da favola. Serve un gioco di squadra con Comune di Cortina e Regione Veneto perch\u00e9 il progetto si concretizzi. Con lo sci alpinismo abbiamo dimostrato pi\u00f9 volte che il nostro territorio ha una grande forza organizzativa, ora vogliamo confermarci\u00bb.<\/em><\/p><\/blockquote>\n<blockquote>\n<h3>IL MINISTRO FEDERICO D&#8217;INCA&#8217; &#8220;ORA PORTIAMO LE GARE A CORTINA&#8221;<\/h3>\n<\/blockquote>\n<p>&#8220;L&#8217;inserimento dello sci alpinismo nelle Olimpiadi invernali di Milano-Cortina 2026 \u00e8 un&#8217;ottima notizia per lo sport e anche per la nostra nazionale che si preparer\u00e0 al meglio per questa competizione. Adesso abbiamo un grande e ulteriore obiettivo: portare le gare dello sci alpinismo nelle nostre Dolomiti e rendere Cortina D\u2019Ampezzo la sede idonea di questa disciplina. Le montagne del bellunese, gi\u00e0 amate dagli sportivi, sarebbero il teatro naturale per la riuscita delle gare. Siamo di fronte a una grandissima opportunit\u00e0 per il territorio che ha gi\u00e0 saputo rispondere in maniera eccellente al Mondiale di Sci, nonostante l\u2019assenza del pubblico per le restrizioni legate al Covid. I prossimi grandi eventi sportivi restituiranno al bellunese e al Veneto una grande immagine, portando importantissimi benefici sia a livello sportivo, sia a livello socio-economico. Il risultato raggiunto oggi \u00e8 un ulteriore tassello importante per un percorso su cui il Governo ha sempre creduto fortemente\u201d.<\/p>\n<p>&nbsp;<\/p>\n<hr \/>\n<p>&nbsp;<\/p>\n<blockquote class=\"wp-embedded-content\" data-secret=\"qDK4D8e27Z\"><p><a href=\"https:\/\/www.radiopiu.net\/wordpress\/aggiornamentolug20\/\">CORONAVIRUS: AGGIORNAMENTO NAZIONALE 20LUGLIO  2021<\/a><\/p><\/blockquote>\n<p><iframe loading=\"lazy\" class=\"wp-embedded-content\" sandbox=\"allow-scripts\" security=\"restricted\" style=\"position: absolute; clip: rect(1px, 1px, 1px, 1px);\" title=\"&#8220;CORONAVIRUS: AGGIORNAMENTO NAZIONALE 20LUGLIO  2021&#8221; &#8212; Radio Pi\u00f9\" src=\"https:\/\/www.radiopiu.net\/wordpress\/aggiornamentolug20\/embed\/#?secret=qDK4D8e27Z\" data-secret=\"qDK4D8e27Z\" width=\"600\" height=\"338\" frameborder=\"0\" marginwidth=\"0\" marginheight=\"0\" scrolling=\"no\"><\/iframe><\/p>\n<p>&nbsp;<\/p>\n<blockquote class=\"wp-embedded-content\" data-secret=\"HkWpjzkJ65\"><p><a href=\"https:\/\/www.radiopiu.net\/wordpress\/nellultima-giornata-si-contano-600-nuove-positivita-in-veneto-nessun-decesso-aumentano-le-terapie-intensive\/\">NELL&#8217;ULTIMA GIORNATA SI CONTANO 600 NUOVE POSITIVITA&#8217; IN VENETO. NESSUN DECESSO, AUMENTANO LE TERAPIE INTENSIVE<\/a><\/p><\/blockquote>\n<p><iframe loading=\"lazy\" class=\"wp-embedded-content\" sandbox=\"allow-scripts\" security=\"restricted\" style=\"position: absolute; clip: rect(1px, 1px, 1px, 1px);\" title=\"&#8220;NELL&#8217;ULTIMA GIORNATA SI CONTANO 600 NUOVE POSITIVITA&#8217; IN VENETO. NESSUN DECESSO, AUMENTANO LE TERAPIE INTENSIVE&#8221; &#8212; Radio Pi\u00f9\" src=\"https:\/\/www.radiopiu.net\/wordpress\/nellultima-giornata-si-contano-600-nuove-positivita-in-veneto-nessun-decesso-aumentano-le-terapie-intensive\/embed\/#?secret=HkWpjzkJ65\" data-secret=\"HkWpjzkJ65\" width=\"600\" height=\"338\" frameborder=\"0\" marginwidth=\"0\" marginheight=\"0\" scrolling=\"no\"><\/iframe><\/p>\n<p>&nbsp;<\/p>\n<h3>I GRAFICI DI TIZIANO DE COL<\/h3>\n\n\t\t\t<style type='text\/css'>\n\t\t\t\t#gallery-2 {\n\t\t\t\t\tmargin: auto;\n\t\t\t\t}\n\t\t\t\t#gallery-2 .gallery-item {\n\t\t\t\t\tfloat: left;\n\t\t\t\t\tmargin-top: 10px;\n\t\t\t\t\ttext-align: center;\n\t\t\t\t\twidth: 20%;\n\t\t\t\t}\n\t\t\t\t#gallery-2 img {\n\t\t\t\t\tborder: 2px solid #cfcfcf;\n\t\t\t\t}\n\t\t\t\t#gallery-2 .gallery-caption {\n\t\t\t\t\tmargin-left: 0;\n\t\t\t\t}\n\t\t\t\t\/* see gallery_shortcode() in wp-includes\/media.php *\/\n\t\t\t<\/style>\n\t\t<div id='gallery-2' class='dt-gallery-container gallery galleryid-222802 gallery-columns-5 gallery-size-thumbnail'><dl class='gallery-item'>\n\t\t\t\t<dt class='gallery-icon landscape'>\n\t\t\t\t\t<a class=\"rollover rollover-zoom dt-pswp-item\" title=\"ae9c37d0-7b64-40ca-a5ca-7574a4269ee2\" data-dt-img-description=\"\" data-large_image_width=\"602\" data-large_image_height=\"348\"href='https:\/\/www.radiopiu.net\/wordpress\/wp-content\/uploads\/2021\/07\/ae9c37d0-7b64-40ca-a5ca-7574a4269ee2.jpg'><img loading=\"lazy\" decoding=\"async\" width=\"150\" height=\"150\" src=\"https:\/\/www.radiopiu.net\/wordpress\/wp-content\/uploads\/2021\/07\/ae9c37d0-7b64-40ca-a5ca-7574a4269ee2-150x150.jpg\" class=\"attachment-thumbnail size-thumbnail\" alt=\"\" \/><\/a>\n\t\t\t\t<\/dt><\/dl><dl class='gallery-item'>\n\t\t\t\t<dt class='gallery-icon landscape'>\n\t\t\t\t\t<a class=\"rollover rollover-zoom dt-pswp-item\" title=\"84e11a2f-2b36-46c9-b463-d42dd53b13f5\" data-dt-img-description=\"\" data-large_image_width=\"600\" data-large_image_height=\"353\"href='https:\/\/www.radiopiu.net\/wordpress\/wp-content\/uploads\/2021\/07\/84e11a2f-2b36-46c9-b463-d42dd53b13f5.jpg'><img loading=\"lazy\" decoding=\"async\" width=\"150\" height=\"150\" src=\"https:\/\/www.radiopiu.net\/wordpress\/wp-content\/uploads\/2021\/07\/84e11a2f-2b36-46c9-b463-d42dd53b13f5-150x150.jpg\" class=\"attachment-thumbnail size-thumbnail\" alt=\"\" \/><\/a>\n\t\t\t\t<\/dt><\/dl><dl class='gallery-item'>\n\t\t\t\t<dt class='gallery-icon landscape'>\n\t\t\t\t\t<a class=\"rollover rollover-zoom dt-pswp-item\" title=\"3f2d431c-8870-4657-adcc-753553310d4f\" data-dt-img-description=\"\" data-large_image_width=\"596\" data-large_image_height=\"349\"href='https:\/\/www.radiopiu.net\/wordpress\/wp-content\/uploads\/2021\/07\/3f2d431c-8870-4657-adcc-753553310d4f.jpg'><img loading=\"lazy\" decoding=\"async\" width=\"150\" height=\"150\" src=\"https:\/\/www.radiopiu.net\/wordpress\/wp-content\/uploads\/2021\/07\/3f2d431c-8870-4657-adcc-753553310d4f-150x150.jpg\" class=\"attachment-thumbnail size-thumbnail\" alt=\"\" \/><\/a>\n\t\t\t\t<\/dt><\/dl><dl class='gallery-item'>\n\t\t\t\t<dt class='gallery-icon landscape'>\n\t\t\t\t\t<a class=\"rollover rollover-zoom dt-pswp-item\" title=\"9095bf68-9f01-4092-ba5d-be7c0ac2e833\" data-dt-img-description=\"\" data-large_image_width=\"622\" data-large_image_height=\"354\"href='https:\/\/www.radiopiu.net\/wordpress\/wp-content\/uploads\/2021\/07\/9095bf68-9f01-4092-ba5d-be7c0ac2e833.jpg'><img loading=\"lazy\" decoding=\"async\" width=\"150\" height=\"150\" src=\"https:\/\/www.radiopiu.net\/wordpress\/wp-content\/uploads\/2021\/07\/9095bf68-9f01-4092-ba5d-be7c0ac2e833-150x150.jpg\" class=\"attachment-thumbnail size-thumbnail\" alt=\"\" \/><\/a>\n\t\t\t\t<\/dt><\/dl><dl class='gallery-item'>\n\t\t\t\t<dt class='gallery-icon landscape'>\n\t\t\t\t\t<a class=\"rollover rollover-zoom dt-pswp-item\" title=\"83abf4e7-8826-4eb4-ac6b-a0f5c0dc3c5e\" data-dt-img-description=\"\" data-large_image_width=\"618\" data-large_image_height=\"355\"href='https:\/\/www.radiopiu.net\/wordpress\/wp-content\/uploads\/2021\/07\/83abf4e7-8826-4eb4-ac6b-a0f5c0dc3c5e.jpg'><img loading=\"lazy\" decoding=\"async\" width=\"150\" height=\"150\" src=\"https:\/\/www.radiopiu.net\/wordpress\/wp-content\/uploads\/2021\/07\/83abf4e7-8826-4eb4-ac6b-a0f5c0dc3c5e-150x150.jpg\" class=\"attachment-thumbnail size-thumbnail\" alt=\"\" \/><\/a>\n\t\t\t\t<\/dt><\/dl><br style=\"clear: both\" \/>\n\t\t\t<\/div>\n\n<p>&nbsp;<\/p>\n<hr \/>\n<p>&nbsp;<\/p>\n<blockquote>\n<h3><strong>VACCINAZIONI. IL VENETO SUPERA QUOTA 5 MILIONI DI DOSI SOMMINISTRATE<\/strong><\/h3>\n<\/blockquote>\n<p><strong><a href=\"https:\/\/www.radiopiu.net\/wordpress\/giornale-radiopiu-19-gennaio-2021-direttore-mirko-mezzacasa\/vaccini-ulss\/\" rel=\"attachment wp-att-185410\"><img loading=\"lazy\" decoding=\"async\" class=\"wp-image-185410 alignleft\" src=\"https:\/\/www.radiopiu.net\/wordpress\/wp-content\/uploads\/2021\/01\/VACCINI-ULSS-300x300.jpg\" alt=\"\" width=\"140\" height=\"140\" srcset=\"https:\/\/www.radiopiu.net\/wordpress\/wp-content\/uploads\/2021\/01\/VACCINI-ULSS-300x300.jpg 300w, https:\/\/www.radiopiu.net\/wordpress\/wp-content\/uploads\/2021\/01\/VACCINI-ULSS.jpg 1024w, https:\/\/www.radiopiu.net\/wordpress\/wp-content\/uploads\/2021\/01\/VACCINI-ULSS-150x150.jpg 150w, https:\/\/www.radiopiu.net\/wordpress\/wp-content\/uploads\/2021\/01\/VACCINI-ULSS-768x768.jpg 768w\" sizes=\"auto, (max-width: 140px) 100vw, 140px\" \/><\/a>VENEZIA\u00a0 <\/strong><em>\u201cIn Veneto oggi abbiamo superato quota 5 milioni di dosi di vaccinazioni: nonostante la carenza e la penuria di vaccini, \u00e8 il successo di una grande squadra. Voglio esprimere un grazie di cuore agli uomini e alle donne di questa grande macchina della sanit\u00e0 veneta: alle 1.600 persone che operano in 60 punti vaccinali, ai medici di base e alle farmacie. Il mio grazie non va solo agli operatori sanitari, ma va esteso anche a tutto il mondo del volontariato: alla Protezione Civile, a tutti, davvero tutti i volontari che la animano, alla Croce Rossa e a tutte le associazioni che supportano la nostra macchina\u201d. <\/em>Cos\u00ec il Presidente della Regione del Veneto Luca Zaia annuncia i dati odierni sulle vaccinazioni che registrano il superamento dei 5 milioni di dosi vaccinali inoculate in tutto il territorio regionale.<\/p>\n<p><a href=\"https:\/\/www.radiopiu.net\/wordpress\/giornale-radiopiu-21-luglio-2021-direttore-mirko-mezzacasa\/orari-covid-point-dal-28-giugno-2021-1\/\" rel=\"attachment wp-att-223015\"><img loading=\"lazy\" decoding=\"async\" class=\"size-medium wp-image-223015 aligncenter\" src=\"https:\/\/www.radiopiu.net\/wordpress\/wp-content\/uploads\/2021\/07\/orari-covid-point-dal-28-giugno-2021-1-300x202.png\" alt=\"\" width=\"300\" height=\"202\" srcset=\"https:\/\/www.radiopiu.net\/wordpress\/wp-content\/uploads\/2021\/07\/orari-covid-point-dal-28-giugno-2021-1-300x202.png 300w, https:\/\/www.radiopiu.net\/wordpress\/wp-content\/uploads\/2021\/07\/orari-covid-point-dal-28-giugno-2021-1-1024x688.png 1024w, https:\/\/www.radiopiu.net\/wordpress\/wp-content\/uploads\/2021\/07\/orari-covid-point-dal-28-giugno-2021-1-768x516.png 768w, https:\/\/www.radiopiu.net\/wordpress\/wp-content\/uploads\/2021\/07\/orari-covid-point-dal-28-giugno-2021-1.png 1150w\" sizes=\"auto, (max-width: 300px) 100vw, 300px\" \/><\/a><\/p>\n<p>&nbsp;<\/p>\n<hr \/>\n<p>&nbsp;<\/p>\n<blockquote>\n<h3>IL VIRUS RIALZA LA TESTA, PER LA ULSS1 L&#8217;IMPERATIVO \u00e8 VACCINARSI<\/h3>\n<\/blockquote>\n<p><strong>BELLUNO<\/strong><\/p>\n<p><strong>DI MORENO GIOLI<\/strong><\/p>\n<p><strong>audio<\/strong><\/p>\n<audio class=\"wp-audio-shortcode\" id=\"audio-222802-4\" preload=\"none\" style=\"width: 100%;\" controls=\"controls\"><source type=\"audio\/mpeg\" src=\"https:\/\/www.radiopiu.net\/wordpress\/wp-content\/uploads\/2021\/07\/MPRENO-ULSS.mp3?_=4\" \/><a href=\"https:\/\/www.radiopiu.net\/wordpress\/wp-content\/uploads\/2021\/07\/MPRENO-ULSS.mp3\">https:\/\/www.radiopiu.net\/wordpress\/wp-content\/uploads\/2021\/07\/MPRENO-ULSS.mp3<\/a><\/audio>\n<p>&nbsp;<\/p>\n<p>&nbsp;<\/p>\n<p><strong><a href=\"https:\/\/www.radiopiu.net\/wordpress\/maria-grazia-carraro-e-il-nuovo-direttore-della-ulss-1-dolomiti\/carraro-maria-grazia\/\" rel=\"attachment wp-att-193870\"><img loading=\"lazy\" decoding=\"async\" class=\"wp-image-193870 alignleft\" src=\"https:\/\/www.radiopiu.net\/wordpress\/wp-content\/uploads\/2021\/02\/Carraro-Maria-Grazia-300x162.jpg\" alt=\"\" width=\"126\" height=\"68\" srcset=\"https:\/\/www.radiopiu.net\/wordpress\/wp-content\/uploads\/2021\/02\/Carraro-Maria-Grazia-300x162.jpg 300w, https:\/\/www.radiopiu.net\/wordpress\/wp-content\/uploads\/2021\/02\/Carraro-Maria-Grazia.jpg 505w\" sizes=\"auto, (max-width: 126px) 100vw, 126px\" \/><\/a>PUNTO STAMPA CON IL DIRETTORE MARIAGRAZIA CARRARO<\/strong><\/p>\n<audio class=\"wp-audio-shortcode\" id=\"audio-222802-5\" preload=\"none\" style=\"width: 100%;\" controls=\"controls\"><source type=\"audio\/mpeg\" src=\"https:\/\/www.radiopiu.net\/wordpress\/wp-content\/uploads\/2021\/07\/CARRARO-1.mp3?_=5\" \/><a href=\"https:\/\/www.radiopiu.net\/wordpress\/wp-content\/uploads\/2021\/07\/CARRARO-1.mp3\">https:\/\/www.radiopiu.net\/wordpress\/wp-content\/uploads\/2021\/07\/CARRARO-1.mp3<\/a><\/audio>\n<p>&nbsp;<\/p>\n<p>&nbsp;<\/p>\n<blockquote class=\"wp-embedded-content\" data-secret=\"jgEviWtwud\"><p><a href=\"https:\/\/www.radiopiu.net\/wordpress\/w-per-tutti-noi-i-video-che-insegnano-a-vivere\/\">W PER TUTTI NOI, I VIDEO CHE INSEGNANO A VIVERE<\/a><\/p><\/blockquote>\n<p><iframe loading=\"lazy\" class=\"wp-embedded-content\" sandbox=\"allow-scripts\" security=\"restricted\" style=\"position: absolute; clip: rect(1px, 1px, 1px, 1px);\" title=\"&#8220;W PER TUTTI NOI, I VIDEO CHE INSEGNANO A VIVERE&#8221; &#8212; Radio Pi\u00f9\" src=\"https:\/\/www.radiopiu.net\/wordpress\/w-per-tutti-noi-i-video-che-insegnano-a-vivere\/embed\/#?secret=jgEviWtwud\" data-secret=\"jgEviWtwud\" width=\"600\" height=\"338\" frameborder=\"0\" marginwidth=\"0\" marginheight=\"0\" scrolling=\"no\"><\/iframe><\/p>\n<p>&nbsp;<\/p>\n<p>&nbsp;<\/p>\n<p>&nbsp;<\/p>\n<hr \/>\n<blockquote>\n<h3 class=\"p1\"><span class=\"s1\">\u00a0<\/span><\/h3>\n<h3 class=\"p1\"><span class=\"s1\">GREEN PASS, BOND (FI): \u00abSENTITO IL MINISTRO SPERANZA, A BREVE LA SOLUZIONE PER I GUARITI COVID CON UNA SOLA DOSE DI VACCINO\u00bb\u00a0<\/span><\/h3>\n<p><strong>ALLA RADIO, DARIO BOND\u00a0<\/strong><\/p>\n<audio class=\"wp-audio-shortcode\" id=\"audio-222802-6\" preload=\"none\" style=\"width: 100%;\" controls=\"controls\"><source type=\"audio\/mpeg\" src=\"https:\/\/www.radiopiu.net\/wordpress\/wp-content\/uploads\/2021\/07\/bond.mp3?_=6\" \/><a href=\"https:\/\/www.radiopiu.net\/wordpress\/wp-content\/uploads\/2021\/07\/bond.mp3\">https:\/\/www.radiopiu.net\/wordpress\/wp-content\/uploads\/2021\/07\/bond.mp3<\/a><\/audio>\n<p>&nbsp;<\/p>\n<p><strong><a href=\"https:\/\/www.radiopiu.net\/wordpress\/giornale-radiopiu-20-maggio-2020-direttore-mirko-mezzacasa\/dario-bond-11\/\" rel=\"attachment wp-att-138833\"><img loading=\"lazy\" decoding=\"async\" class=\"size-full wp-image-138833 alignleft\" src=\"https:\/\/www.radiopiu.net\/wordpress\/wp-content\/uploads\/2020\/05\/Dario-Bond.jpg\" alt=\"\" width=\"165\" height=\"228\" \/><\/a><\/strong><\/p><\/blockquote>\n<p class=\"p1\"><span class=\"s1\"><strong>ROMA <\/strong>\u00ab<em>Il ministro Speranza mi ha garantito che al prossimo consiglio dei ministri sar\u00e0 discussa la questione del Green Pass per i guariti Covid. Bene, perch\u00e9 si rischiava di creare un problema per le persone che si erano vaccinate e anche un danno di immagine sulla campagna vaccinale<\/em>\u00bb. \u00c8 quanto afferma il deputato di Forza Italia Dario Bond, che aveva sollevato la questione del cortocircuito nei Green Pass delle persone negativizzate. Il documento vaccinale infatti riportava la scritta \u201c1 di 2 dosi\u201d, come se queste persone dovessero ancora completare la profilassi obbligatoria. Invece, per i protocolli sanitari nazionali, chi \u00e8 guarito dal Covid deve fare solo una dose di vaccino. <\/span><span class=\"s1\">\u00ab<em>Ho ricevuto diverse segnalazioni, anche nel Bellunese, e ho interessato della cosa immediatamente il ministro competente. Non si poteva lasciare in sospeso la questione. E difatti il ministro mi ha assicurato che il tema sar\u00e0 sul tavolo del prossimo consiglio dei ministri, per trovare rapida soluzione. Si tratta di un problema importante, anche per il turismo della montagna, che ha bisogno di ripartire in sicurezza e non pu\u00f2 dover fare i conti con \u201ccortocircuiti\u201d simili<\/em>\u00bb.<\/span><\/p>\n<p><strong>di Tiziano De Col<\/strong><\/p>\n<blockquote><p><em>Grazie a Dario Bond.\u00a0 A me, fortunatamente, dopo 15 giorni dal primo green pass errato (come scrive Bond e come scrivevo a Radio Pi\u00f9) mi \u00e8 arrivato quello corretto, ma sento e vedo ancora molte persone guarite da Covid e vaccinate con Pfizer o Moderna, alle quali arrivano i green pass con scritto vaccinazione 1\/2. Sento anche di persone guarite e vaccinate con una dose, alle quali manco \u00e8 arrivato il codice dal Ministero per scaricare il green pass.<\/em><\/p><\/blockquote>\n<p>&nbsp;<\/p>\n<hr \/>\n<p>&nbsp;<\/p>\n<blockquote>\n<h3>LA SITUAZIONE DEI CRAS IN VENETO E&#8217; DIFFICILE, ZANONI &#8220;LA REGIONE DEVE INTERVENIRE&#8221;<\/h3>\n<\/blockquote>\n<p><strong>VENEZIA\u00a0<\/strong><em>\u201cNonostante le dichiarazioni dell\u2019assessore Corazzari, il Cras (Centri recupero animali selvatici) di Treviso \u00e8 rimasto chiuso per diverse settimane a inizio anno e la situazione degli altri Centri in Veneto resta difficile. Mi auguro che la Regione affronti il problema delle aree scoperte, perch\u00e9 ad oggi sono attive solo quattro strutture, Rovigo, Verona, Vicenza e quella della Marca, ovviamente in forte sofferenza per l\u2019elevato numero di animali che vi entrano\u201d.<\/em> \u00c8 quanto ha detto Andrea Zanoni, consigliere regionale del Partito Democratico, dopo aver ascoltato la risposta dell\u2019assessore Corazzari all\u2019interrogazione riguardante la sospensione del servizio dallo scorso 31 dicembre del Cras di Treviso. La situazione adesso \u00e8 risolta, il Cras \u00e8 gestito da un gruppo di associazioni di tutela dell\u2019ambiente e degli animali\u00a0 c\u00e8 comunque stato un buco di operativit\u00e0, con conseguenze negative sugli animali. <em>&#8220;L\u2019importante &#8211; continua Zanoni &#8211;\u00a0 \u00e8 che i Cras vengano istituiti nelle province sprovviste e dotati di fondi sufficienti, poich\u00e9 oggi non bastano neanche per il pronto soccorso previsto dalla legge: \u00e8 impensabile, per fare un esempio, che dal confine con il Friuli si debba andare fino a Rovigo per portare un animale ferito, visto che la provincia di Venezia, come Padova, fa riferimento al capoluogo polesano o che manchi un Cras nelle Dolomiti Bellunesi\u201d.<\/em><\/p>\n<p>&nbsp;<\/p>\n<p>&nbsp;<\/p>\n<hr \/>\n<p>&nbsp;<\/p>\n<blockquote>\n<h3>RIAPRE IL BAR DEL PARCO GIOCHI, PER I CAMPI DA TENNIS E CAMPO DI CALCIO VERSO LA RICONFERMA DEI PRECEDENTI GESTORI<\/h3>\n<\/blockquote>\n<p>&nbsp;<\/p>\n<p><strong><a href=\"https:\/\/www.radiopiu.net\/wordpress\/giornale-radiopiu-21-luglio-2021-direttore-mirko-mezzacasa\/226f11b5-5314-48eb-97a1-59f69efcfc0b\/\" rel=\"attachment wp-att-222950\"><img loading=\"lazy\" decoding=\"async\" class=\"size-medium wp-image-222950 alignleft\" src=\"https:\/\/www.radiopiu.net\/wordpress\/wp-content\/uploads\/2021\/07\/226f11b5-5314-48eb-97a1-59f69efcfc0b-300x169.jpg\" alt=\"\" width=\"300\" height=\"169\" srcset=\"https:\/\/www.radiopiu.net\/wordpress\/wp-content\/uploads\/2021\/07\/226f11b5-5314-48eb-97a1-59f69efcfc0b-300x169.jpg 300w, https:\/\/www.radiopiu.net\/wordpress\/wp-content\/uploads\/2021\/07\/226f11b5-5314-48eb-97a1-59f69efcfc0b-1024x576.jpg 1024w, https:\/\/www.radiopiu.net\/wordpress\/wp-content\/uploads\/2021\/07\/226f11b5-5314-48eb-97a1-59f69efcfc0b-768x432.jpg 768w, https:\/\/www.radiopiu.net\/wordpress\/wp-content\/uploads\/2021\/07\/226f11b5-5314-48eb-97a1-59f69efcfc0b-1536x864.jpg 1536w, https:\/\/www.radiopiu.net\/wordpress\/wp-content\/uploads\/2021\/07\/226f11b5-5314-48eb-97a1-59f69efcfc0b.jpg 1600w\" sizes=\"auto, (max-width: 300px) 100vw, 300px\" \/><\/a><\/strong><\/p>\n<p>&nbsp;<\/p>\n<p>&nbsp;<\/p>\n<p><strong>AGORDO<\/strong><\/p>\n<p><strong>DI GIANNI SANTOMASO<\/strong><\/p>\n<p>&nbsp;<\/p>\n<p><strong>AUDIO\u00a0<\/strong><\/p>\n<audio class=\"wp-audio-shortcode\" id=\"audio-222802-7\" preload=\"none\" style=\"width: 100%;\" controls=\"controls\"><source type=\"audio\/mpeg\" src=\"https:\/\/www.radiopiu.net\/wordpress\/wp-content\/uploads\/2021\/07\/GIANNI-BOCCIODROMO.mp3?_=7\" \/><a href=\"https:\/\/www.radiopiu.net\/wordpress\/wp-content\/uploads\/2021\/07\/GIANNI-BOCCIODROMO.mp3\">https:\/\/www.radiopiu.net\/wordpress\/wp-content\/uploads\/2021\/07\/GIANNI-BOCCIODROMO.mp3<\/a><\/audio>\n<blockquote><p>&nbsp;<\/p>\n<p><strong><span style=\"color: #ff0000;\">FOTO SOPRA: STRUTTURA PER LO SVOLGIMENTO DELL&#8217;ATTIVITA&#8217; FISICA TRA LE SCUOLE MEDIE E L&#8217;SITITUTO UMBERTO FOLLADOR, AVVISO AI\u00a0 SOLITI MALEDUCATI VANDALI DELLA CITTA&#8217;:\u00a0 CI SONO LE TELECAMERE CHE TESTIMONIANO L&#8217;EVENTUALE VOSTRO SGRADITO PASSAGGIO<\/span><\/strong><\/p><\/blockquote>\n<p>FOTO PARCO GIOCHI E BOCCIODROMO<\/p>\n\n\t\t\t<style type='text\/css'>\n\t\t\t\t#gallery-3 {\n\t\t\t\t\tmargin: auto;\n\t\t\t\t}\n\t\t\t\t#gallery-3 .gallery-item {\n\t\t\t\t\tfloat: left;\n\t\t\t\t\tmargin-top: 10px;\n\t\t\t\t\ttext-align: center;\n\t\t\t\t\twidth: 25%;\n\t\t\t\t}\n\t\t\t\t#gallery-3 img {\n\t\t\t\t\tborder: 2px solid #cfcfcf;\n\t\t\t\t}\n\t\t\t\t#gallery-3 .gallery-caption {\n\t\t\t\t\tmargin-left: 0;\n\t\t\t\t}\n\t\t\t\t\/* see gallery_shortcode() in wp-includes\/media.php *\/\n\t\t\t<\/style>\n\t\t<div id='gallery-3' class='dt-gallery-container gallery galleryid-222802 gallery-columns-4 gallery-size-thumbnail'><dl class='gallery-item'>\n\t\t\t\t<dt class='gallery-icon landscape'>\n\t\t\t\t\t<a class=\"rollover rollover-zoom dt-pswp-item\" title=\"5c48c4f9-b769-431c-8060-82de1d35f21a\" data-dt-img-description=\"\" data-large_image_width=\"1920\" data-large_image_height=\"1080\"href='https:\/\/www.radiopiu.net\/wordpress\/wp-content\/uploads\/2021\/07\/5c48c4f9-b769-431c-8060-82de1d35f21a.jpg'><img loading=\"lazy\" decoding=\"async\" width=\"150\" height=\"150\" src=\"https:\/\/www.radiopiu.net\/wordpress\/wp-content\/uploads\/2021\/07\/5c48c4f9-b769-431c-8060-82de1d35f21a-150x150.jpg\" class=\"attachment-thumbnail size-thumbnail\" alt=\"\" \/><\/a>\n\t\t\t\t<\/dt><\/dl><dl class='gallery-item'>\n\t\t\t\t<dt class='gallery-icon landscape'>\n\t\t\t\t\t<a class=\"rollover rollover-zoom dt-pswp-item\" title=\"4d725db6-6b24-4d81-ac50-2ed02e96a394\" data-dt-img-description=\"\" data-large_image_width=\"1920\" data-large_image_height=\"1080\"href='https:\/\/www.radiopiu.net\/wordpress\/wp-content\/uploads\/2021\/07\/4d725db6-6b24-4d81-ac50-2ed02e96a394.jpg'><img loading=\"lazy\" decoding=\"async\" width=\"150\" height=\"150\" src=\"https:\/\/www.radiopiu.net\/wordpress\/wp-content\/uploads\/2021\/07\/4d725db6-6b24-4d81-ac50-2ed02e96a394-150x150.jpg\" class=\"attachment-thumbnail size-thumbnail\" alt=\"\" \/><\/a>\n\t\t\t\t<\/dt><\/dl><dl class='gallery-item'>\n\t\t\t\t<dt class='gallery-icon landscape'>\n\t\t\t\t\t<a class=\"rollover rollover-zoom dt-pswp-item\" title=\"af9c6e95-8109-4052-9838-a0a880def796\" data-dt-img-description=\"\" data-large_image_width=\"1920\" data-large_image_height=\"1080\"href='https:\/\/www.radiopiu.net\/wordpress\/wp-content\/uploads\/2021\/07\/af9c6e95-8109-4052-9838-a0a880def796.jpg'><img loading=\"lazy\" decoding=\"async\" width=\"150\" height=\"150\" src=\"https:\/\/www.radiopiu.net\/wordpress\/wp-content\/uploads\/2021\/07\/af9c6e95-8109-4052-9838-a0a880def796-150x150.jpg\" class=\"attachment-thumbnail size-thumbnail\" alt=\"\" \/><\/a>\n\t\t\t\t<\/dt><\/dl><dl class='gallery-item'>\n\t\t\t\t<dt class='gallery-icon landscape'>\n\t\t\t\t\t<a class=\"rollover rollover-zoom dt-pswp-item\" title=\"45736641-9f01-4245-b306-ff1c3d7bb815\" data-dt-img-description=\"\" data-large_image_width=\"1920\" data-large_image_height=\"1080\"href='https:\/\/www.radiopiu.net\/wordpress\/wp-content\/uploads\/2021\/07\/45736641-9f01-4245-b306-ff1c3d7bb815.jpg'><img loading=\"lazy\" decoding=\"async\" width=\"150\" height=\"150\" src=\"https:\/\/www.radiopiu.net\/wordpress\/wp-content\/uploads\/2021\/07\/45736641-9f01-4245-b306-ff1c3d7bb815-150x150.jpg\" class=\"attachment-thumbnail size-thumbnail\" alt=\"\" \/><\/a>\n\t\t\t\t<\/dt><\/dl><br style=\"clear: both\" \/><dl class='gallery-item'>\n\t\t\t\t<dt class='gallery-icon landscape'>\n\t\t\t\t\t<a class=\"rollover rollover-zoom dt-pswp-item\" title=\"69823539-8918-46be-8677-52322cf92959\" data-dt-img-description=\"\" data-large_image_width=\"1920\" data-large_image_height=\"1080\"href='https:\/\/www.radiopiu.net\/wordpress\/wp-content\/uploads\/2021\/07\/69823539-8918-46be-8677-52322cf92959.jpg'><img loading=\"lazy\" decoding=\"async\" width=\"150\" height=\"150\" src=\"https:\/\/www.radiopiu.net\/wordpress\/wp-content\/uploads\/2021\/07\/69823539-8918-46be-8677-52322cf92959-150x150.jpg\" class=\"attachment-thumbnail size-thumbnail\" alt=\"\" \/><\/a>\n\t\t\t\t<\/dt><\/dl>\n\t\t\t\t<br style='clear: both' \/>\n\t\t\t<\/div>\n\n<p>&nbsp;<\/p>\n<p>&nbsp;<\/p>\n<hr \/>\n<blockquote>\n<h3><\/h3>\n<h3>NOMINATE LE COMMISSIONI REGIONALI ESAMINATRICI PER IL CONSEGUIMENTO DELL\u2019ABILITAZIONE ALL\u2019ESERCIZIO VENATORIO<\/h3>\n<\/blockquote>\n<p><strong>VENEZIA<\/strong>\u00a0 La Giunta regionale ha approvato la delibera per la nomina delle Commissioni regionali esaminatrici delle sei Province e Citt\u00e0 Metropolitana di Venezia, per il conseguimento dell&#8217;abilitazione all&#8217;esercizio venatorio. La legge regionale del 1993 prevede che, per lo svolgimento degli esami di abilitazione all\u2019esercizio venatorio, venga istituita, in ogni capoluogo di provincia, una commissione alla cui nomina provvede la Giunta regionale e che sia composta da un dirigente regionale con funzioni di presidente e cinque esperti nelle materie d&#8217;esame di cui almeno uno laureato in scienze biologiche o in scienze naturali esperto in vertebrati omeotermi. Per ogni componente effettivo, inoltre, deve essere nominato un supplente. Le Commissioni regionali esaminatrici rimarranno in carica fino a fine della legislatura.<\/p>\n<p>&nbsp;<\/p>\n<hr \/>\n<p>&nbsp;<\/p>\n<blockquote>\n<h3>LA PROVINCIA AVVIA I CORSI PER ESPERTI AL PRELIEVO SELETTIVO DEGLI UNGULATI<\/h3>\n<\/blockquote>\n<p><strong>BELLUNO<\/strong> in corso a Villa Patt di Sedico\u00a0 i corsi di formazione per cacciatori avviati dalla Provincia. Si tratta di un percorso per esperti al prelievo selettivo degli ungulati. Una cinquantina gli iscritti alle lezioni,\u00a0 il corso si concluder\u00e0 ad ottobr e \u00a0former\u00e0 le persone che sul territorio sono deputate alla regolazione delle popolazioni di ungulati, di altissimo profilo. L\u2019obiettivo finale: preparare i professionisti del prelievo venatorio per una miglior gestione del territorio.<\/p>\n\n\t\t\t<style type='text\/css'>\n\t\t\t\t#gallery-4 {\n\t\t\t\t\tmargin: auto;\n\t\t\t\t}\n\t\t\t\t#gallery-4 .gallery-item {\n\t\t\t\t\tfloat: left;\n\t\t\t\t\tmargin-top: 10px;\n\t\t\t\t\ttext-align: center;\n\t\t\t\t\twidth: 50%;\n\t\t\t\t}\n\t\t\t\t#gallery-4 img {\n\t\t\t\t\tborder: 2px solid #cfcfcf;\n\t\t\t\t}\n\t\t\t\t#gallery-4 .gallery-caption {\n\t\t\t\t\tmargin-left: 0;\n\t\t\t\t}\n\t\t\t\t\/* see gallery_shortcode() in wp-includes\/media.php *\/\n\t\t\t<\/style>\n\t\t<div id='gallery-4' class='dt-gallery-container gallery galleryid-222802 gallery-columns-2 gallery-size-thumbnail'><dl class='gallery-item'>\n\t\t\t\t<dt class='gallery-icon landscape'>\n\t\t\t\t\t<a class=\"rollover rollover-zoom dt-pswp-item\" title=\"20210719_180927\" data-dt-img-description=\"\" data-large_image_width=\"2560\" data-large_image_height=\"1920\"href='https:\/\/www.radiopiu.net\/wordpress\/wp-content\/uploads\/2021\/07\/20210719_180927-scaled.jpg'><img loading=\"lazy\" decoding=\"async\" width=\"150\" height=\"150\" src=\"https:\/\/www.radiopiu.net\/wordpress\/wp-content\/uploads\/2021\/07\/20210719_180927-150x150.jpg\" class=\"attachment-thumbnail size-thumbnail\" alt=\"\" \/><\/a>\n\t\t\t\t<\/dt><\/dl><dl class='gallery-item'>\n\t\t\t\t<dt class='gallery-icon landscape'>\n\t\t\t\t\t<a class=\"rollover rollover-zoom dt-pswp-item\" title=\"20210719_180937\" data-dt-img-description=\"\" data-large_image_width=\"2560\" data-large_image_height=\"1920\"href='https:\/\/www.radiopiu.net\/wordpress\/wp-content\/uploads\/2021\/07\/20210719_180937-scaled.jpg'><img loading=\"lazy\" decoding=\"async\" width=\"150\" height=\"150\" src=\"https:\/\/www.radiopiu.net\/wordpress\/wp-content\/uploads\/2021\/07\/20210719_180937-150x150.jpg\" class=\"attachment-thumbnail size-thumbnail\" alt=\"\" \/><\/a>\n\t\t\t\t<\/dt><\/dl><br style=\"clear: both\" \/>\n\t\t\t<\/div>\n\n<p>&nbsp;<\/p>\n<hr \/>\n<p>&nbsp;<\/p>\n<blockquote>\n<h3>LEGAMBIENTE A LIVINALLONGO DEL COL DI LANA: LA BANDIERA VERDE AL COMUNE BELLUNESE<\/h3>\n<p><span style=\"color: #ff0000;\">DAL CORRIERE DELLE ALPI, GIANNI SANTOMASO\u00a0<\/span><\/p>\n<audio class=\"wp-audio-shortcode\" id=\"audio-222802-8\" preload=\"none\" style=\"width: 100%;\" controls=\"controls\"><source type=\"audio\/mpeg\" src=\"https:\/\/www.radiopiu.net\/wordpress\/wp-content\/uploads\/2021\/07\/GIANNI-BANDIERA.mp3?_=8\" \/><a href=\"https:\/\/www.radiopiu.net\/wordpress\/wp-content\/uploads\/2021\/07\/GIANNI-BANDIERA.mp3\">https:\/\/www.radiopiu.net\/wordpress\/wp-content\/uploads\/2021\/07\/GIANNI-BANDIERA.mp3<\/a><\/audio>\n<p>&nbsp;<\/p><\/blockquote>\n<p><strong><a href=\"https:\/\/www.radiopiu.net\/wordpress\/legambiente-a-livinallongo-del-col-di-lana-la-bandiera-verde-al-comune-bellunese\/pieve-di-livinallongo_arabba-fodom-turismo\/\" rel=\"attachment wp-att-222884\"><img loading=\"lazy\" decoding=\"async\" class=\"size-medium wp-image-222884 alignleft\" src=\"https:\/\/www.radiopiu.net\/wordpress\/wp-content\/uploads\/2021\/07\/Pieve-di-Livinallongo_Arabba-Fodom-Turismo-300x225.jpg\" alt=\"\" width=\"300\" height=\"225\" srcset=\"https:\/\/www.radiopiu.net\/wordpress\/wp-content\/uploads\/2021\/07\/Pieve-di-Livinallongo_Arabba-Fodom-Turismo-300x225.jpg 300w, https:\/\/www.radiopiu.net\/wordpress\/wp-content\/uploads\/2021\/07\/Pieve-di-Livinallongo_Arabba-Fodom-Turismo-1024x768.jpg 1024w, https:\/\/www.radiopiu.net\/wordpress\/wp-content\/uploads\/2021\/07\/Pieve-di-Livinallongo_Arabba-Fodom-Turismo-768x576.jpg 768w, https:\/\/www.radiopiu.net\/wordpress\/wp-content\/uploads\/2021\/07\/Pieve-di-Livinallongo_Arabba-Fodom-Turismo-1536x1152.jpg 1536w, https:\/\/www.radiopiu.net\/wordpress\/wp-content\/uploads\/2021\/07\/Pieve-di-Livinallongo_Arabba-Fodom-Turismo.jpg 2016w\" sizes=\"auto, (max-width: 300px) 100vw, 300px\" \/><\/a>LIVINALLONGO <\/strong>Ogni anno Legambiente assegna la Bandiera Verde a localit\u00e0, enti, associazioni e alle personalit\u00e0 che si sono particolarmente distinte nella difesa del territorio e degli aspetti naturali del proprio comprensorio. Un riconoscimento nato molti anni fa per premiare le buone pratiche per la valorizzazione del territorio, come, a titolo di esempio, le azioni per la tutela contro incendi e dissesto idrogeologico o gli interventi di ripristino. Quest\u2019anno una Bandiera Verde \u00e8 stata assegnata a Livinallongo del Col di Lana, il comune in provincia di Belluno che comprende il centro turistico di Arabba, per il merito di aver posto al centro dell\u2019agire amministrativo la resilienza ai cambiamenti climatici e la partecipazione delle comunit\u00e0 nel solco degli obiettivi dell\u2019Agenda 2030, valorizzando il patrimonio naturale riconosciuto dall\u2019UNESCO nel cuore delle Dolomiti. In particolare, al centro del riconoscimento di Legambiente c\u2019\u00e8 l\u2019opposizione da parte del comune ladino al &#8216;Carosello delle Dolomiti&#8217;, un progetto di impianti a fune che mira ad unire i comprensori sciistici di Arabba e Cortina d&#8217;Ampezzo passando per la Zona Settsass che, secondo l\u2019associazione Legambiente e numerosi ambientalisti, avrebbe un impatto decisamente negativo sul territorio. <em>\u00abSiamo estremamente contenti di questo riconoscimento che premia i nostri sforzi e la nostra politica per la salvaguardia del territorio in cui viviamo e dove ospitiamo migliaia di turisti nelle due stagioni \u2013 <\/em>ha commentato Leandro Grones, Sindaco di Livinallongo del Col di Lana<em> \u2013 la montagna ha bisogno di attenzioni continue, e devono essere gli stessi abitanti delle quote alpine i principali attori di questa nuova consapevolezza. Prendersi cura delle nostre vallate \u00e8 un impegno politico e prima ancora un dovere morale\u00bb. <\/em>Da oggi Arabba, e tutta la Valle di Fodom, pu\u00f2 sfoggiare una Bandiera Verde simbolo della difesa di un territorio affascinante quanto delicato come quello delle Dolomiti.<\/p>\n<p><a href=\"https:\/\/www.radiopiu.net\/wordpress\/legambiente-a-livinallongo-del-col-di-lana-la-bandiera-verde-al-comune-bellunese\/le-bandiere-verdi-assegnate-2021\/\" rel=\"attachment wp-att-222885\"><img loading=\"lazy\" decoding=\"async\" class=\"aligncenter wp-image-222885 size-full\" src=\"https:\/\/www.radiopiu.net\/wordpress\/wp-content\/uploads\/2021\/07\/Le-bandiere-verdi-assegnate-2021.jpg\" alt=\"\" width=\"896\" height=\"639\" srcset=\"https:\/\/www.radiopiu.net\/wordpress\/wp-content\/uploads\/2021\/07\/Le-bandiere-verdi-assegnate-2021.jpg 896w, https:\/\/www.radiopiu.net\/wordpress\/wp-content\/uploads\/2021\/07\/Le-bandiere-verdi-assegnate-2021-300x214.jpg 300w, https:\/\/www.radiopiu.net\/wordpress\/wp-content\/uploads\/2021\/07\/Le-bandiere-verdi-assegnate-2021-768x548.jpg 768w\" sizes=\"auto, (max-width: 896px) 100vw, 896px\" \/><\/a><\/p>\n<p>&nbsp;<\/p>\n<hr \/>\n<p>&nbsp;<\/p>\n<p><strong>foto<\/strong><\/p>\n<p><span style=\"color: #ff0000;\"><a href=\"https:\/\/www.radiopiu.net\/wordpress\/giornale-radiopiu-21-luglio-2021-direttore-mirko-mezzacasa\/89dc36e1-e51d-418c-a98c-d8b5579e607b\/\" rel=\"attachment wp-att-222945\"><img loading=\"lazy\" decoding=\"async\" class=\"size-medium wp-image-222945 alignleft\" src=\"https:\/\/www.radiopiu.net\/wordpress\/wp-content\/uploads\/2021\/07\/89dc36e1-e51d-418c-a98c-d8b5579e607b-300x169.jpg\" alt=\"\" width=\"300\" height=\"169\" srcset=\"https:\/\/www.radiopiu.net\/wordpress\/wp-content\/uploads\/2021\/07\/89dc36e1-e51d-418c-a98c-d8b5579e607b-300x169.jpg 300w, https:\/\/www.radiopiu.net\/wordpress\/wp-content\/uploads\/2021\/07\/89dc36e1-e51d-418c-a98c-d8b5579e607b-1024x576.jpg 1024w, https:\/\/www.radiopiu.net\/wordpress\/wp-content\/uploads\/2021\/07\/89dc36e1-e51d-418c-a98c-d8b5579e607b-768x432.jpg 768w, https:\/\/www.radiopiu.net\/wordpress\/wp-content\/uploads\/2021\/07\/89dc36e1-e51d-418c-a98c-d8b5579e607b-1536x864.jpg 1536w, https:\/\/www.radiopiu.net\/wordpress\/wp-content\/uploads\/2021\/07\/89dc36e1-e51d-418c-a98c-d8b5579e607b.jpg 1599w\" sizes=\"auto, (max-width: 300px) 100vw, 300px\" \/><\/a><\/span><\/p>\n<p>&nbsp;<\/p>\n<p><span style=\"color: #ff0000;\">RINASCERE<\/span><\/p>\n<blockquote>\n<h3>LAGHI E RIFLESSIONI<\/h3>\n<h3>DI JOHN FRANCIS DELLA PIETRA<\/h3>\n<\/blockquote>\n<p>&nbsp;<\/p>\n<p><strong>video<\/strong><\/p>\n<div style=\"width: 640px;\" class=\"wp-video\"><video class=\"wp-video-shortcode\" id=\"video-222802-1\" width=\"640\" height=\"352\" preload=\"metadata\" controls=\"controls\"><source type=\"video\/mp4\" src=\"https:\/\/www.radiopiu.net\/wordpress\/wp-content\/uploads\/2021\/07\/WhatsApp-Video-2021-07-20-at-15.20.12.mp4?_=1\" \/><a href=\"https:\/\/www.radiopiu.net\/wordpress\/wp-content\/uploads\/2021\/07\/WhatsApp-Video-2021-07-20-at-15.20.12.mp4\">https:\/\/www.radiopiu.net\/wordpress\/wp-content\/uploads\/2021\/07\/WhatsApp-Video-2021-07-20-at-15.20.12.mp4<\/a><\/video><\/div>\n<p><strong>VIDEO \u00a0laghetto di Juribrutto in Trentino, foto laghetto di alta quota Lastei del Pradazzo,\u00a0 Veneto\u00a0 zona Valles con le pale di San Martino sullo sfondo e l&#8217;immancabile monte Agner a sinistra.<\/strong><\/p>\n<p>&nbsp;<\/p>\n<p>&nbsp;<\/p>\n<hr \/>\n<p>&nbsp;<\/p>\n<blockquote>\n<h3>LO SPETTACOLO DALL&#8217;ALTO, ALESSIO FERSUOCH A 3200 METRI<\/h3>\n<\/blockquote>\n<blockquote>\n<h3>di Alessio Fersuoch due giorni fa\u00a0 dal parapendio in volo sulla zona del San Sebastiano,\u00a0 quota superiore ai 3200 metri.<\/h3>\n<div style=\"width: 640px;\" class=\"wp-video\"><video class=\"wp-video-shortcode\" id=\"video-222802-2\" width=\"640\" height=\"352\" preload=\"metadata\" controls=\"controls\"><source type=\"video\/mp4\" src=\"https:\/\/www.radiopiu.net\/wordpress\/wp-content\/uploads\/2021\/07\/WhatsApp-Video-2021-07-21-at-05.51.41.mp4?_=2\" \/><a href=\"https:\/\/www.radiopiu.net\/wordpress\/wp-content\/uploads\/2021\/07\/WhatsApp-Video-2021-07-21-at-05.51.41.mp4\">https:\/\/www.radiopiu.net\/wordpress\/wp-content\/uploads\/2021\/07\/WhatsApp-Video-2021-07-21-at-05.51.41.mp4<\/a><\/video><\/div><\/blockquote>\n\n\t\t\t<style type='text\/css'>\n\t\t\t\t#gallery-5 {\n\t\t\t\t\tmargin: auto;\n\t\t\t\t}\n\t\t\t\t#gallery-5 .gallery-item {\n\t\t\t\t\tfloat: left;\n\t\t\t\t\tmargin-top: 10px;\n\t\t\t\t\ttext-align: center;\n\t\t\t\t\twidth: 12%;\n\t\t\t\t}\n\t\t\t\t#gallery-5 img {\n\t\t\t\t\tborder: 2px solid #cfcfcf;\n\t\t\t\t}\n\t\t\t\t#gallery-5 .gallery-caption {\n\t\t\t\t\tmargin-left: 0;\n\t\t\t\t}\n\t\t\t\t\/* see gallery_shortcode() in wp-includes\/media.php *\/\n\t\t\t<\/style>\n\t\t<div id='gallery-5' class='dt-gallery-container gallery galleryid-222802 gallery-columns-8 gallery-size-thumbnail'><dl class='gallery-item'>\n\t\t\t\t<dt class='gallery-icon landscape'>\n\t\t\t\t\t<a class=\"rollover rollover-zoom dt-pswp-item\" title=\"288d0bd2-1e3f-4a92-82c1-2963171f6e48\" data-dt-img-description=\"\" data-large_image_width=\"1599\" data-large_image_height=\"899\"href='https:\/\/www.radiopiu.net\/wordpress\/wp-content\/uploads\/2021\/07\/288d0bd2-1e3f-4a92-82c1-2963171f6e48.jpg'><img loading=\"lazy\" decoding=\"async\" width=\"150\" height=\"150\" src=\"https:\/\/www.radiopiu.net\/wordpress\/wp-content\/uploads\/2021\/07\/288d0bd2-1e3f-4a92-82c1-2963171f6e48-150x150.jpg\" class=\"attachment-thumbnail size-thumbnail\" alt=\"\" \/><\/a>\n\t\t\t\t<\/dt><\/dl><dl class='gallery-item'>\n\t\t\t\t<dt class='gallery-icon landscape'>\n\t\t\t\t\t<a class=\"rollover rollover-zoom dt-pswp-item\" title=\"549f9633-cd64-403c-8d29-05710b26737d\" data-dt-img-description=\"\" data-large_image_width=\"1599\" data-large_image_height=\"899\"href='https:\/\/www.radiopiu.net\/wordpress\/wp-content\/uploads\/2021\/07\/549f9633-cd64-403c-8d29-05710b26737d.jpg'><img loading=\"lazy\" decoding=\"async\" width=\"150\" height=\"150\" src=\"https:\/\/www.radiopiu.net\/wordpress\/wp-content\/uploads\/2021\/07\/549f9633-cd64-403c-8d29-05710b26737d-150x150.jpg\" class=\"attachment-thumbnail size-thumbnail\" alt=\"\" \/><\/a>\n\t\t\t\t<\/dt><\/dl><dl class='gallery-item'>\n\t\t\t\t<dt class='gallery-icon landscape'>\n\t\t\t\t\t<a class=\"rollover rollover-zoom dt-pswp-item\" title=\"5616a040-fa7e-4ad4-a1b8-11d6a0939c62\" data-dt-img-description=\"\" data-large_image_width=\"1599\" data-large_image_height=\"899\"href='https:\/\/www.radiopiu.net\/wordpress\/wp-content\/uploads\/2021\/07\/5616a040-fa7e-4ad4-a1b8-11d6a0939c62.jpg'><img loading=\"lazy\" decoding=\"async\" width=\"150\" height=\"150\" src=\"https:\/\/www.radiopiu.net\/wordpress\/wp-content\/uploads\/2021\/07\/5616a040-fa7e-4ad4-a1b8-11d6a0939c62-150x150.jpg\" class=\"attachment-thumbnail size-thumbnail\" alt=\"\" \/><\/a>\n\t\t\t\t<\/dt><\/dl><dl class='gallery-item'>\n\t\t\t\t<dt class='gallery-icon landscape'>\n\t\t\t\t\t<a class=\"rollover rollover-zoom dt-pswp-item\" title=\"adfb37a5-01e7-446d-a0bb-d69cb675e1c4\" data-dt-img-description=\"\" data-large_image_width=\"1599\" data-large_image_height=\"899\"href='https:\/\/www.radiopiu.net\/wordpress\/wp-content\/uploads\/2021\/07\/adfb37a5-01e7-446d-a0bb-d69cb675e1c4.jpg'><img loading=\"lazy\" decoding=\"async\" width=\"150\" height=\"150\" src=\"https:\/\/www.radiopiu.net\/wordpress\/wp-content\/uploads\/2021\/07\/adfb37a5-01e7-446d-a0bb-d69cb675e1c4-150x150.jpg\" class=\"attachment-thumbnail size-thumbnail\" alt=\"\" \/><\/a>\n\t\t\t\t<\/dt><\/dl><dl class='gallery-item'>\n\t\t\t\t<dt class='gallery-icon landscape'>\n\t\t\t\t\t<a class=\"rollover rollover-zoom dt-pswp-item\" title=\"b21b0eb7-4ebe-4d21-a1cd-5a5cf7ff4c79\" data-dt-img-description=\"\" data-large_image_width=\"1599\" data-large_image_height=\"899\"href='https:\/\/www.radiopiu.net\/wordpress\/wp-content\/uploads\/2021\/07\/b21b0eb7-4ebe-4d21-a1cd-5a5cf7ff4c79.jpg'><img loading=\"lazy\" decoding=\"async\" width=\"150\" height=\"150\" src=\"https:\/\/www.radiopiu.net\/wordpress\/wp-content\/uploads\/2021\/07\/b21b0eb7-4ebe-4d21-a1cd-5a5cf7ff4c79-150x150.jpg\" class=\"attachment-thumbnail size-thumbnail\" alt=\"\" \/><\/a>\n\t\t\t\t<\/dt><\/dl><dl class='gallery-item'>\n\t\t\t\t<dt class='gallery-icon landscape'>\n\t\t\t\t\t<a class=\"rollover rollover-zoom dt-pswp-item\" title=\"c026d632-f511-4a35-ae5b-d9e86eea9618\" data-dt-img-description=\"\" data-large_image_width=\"1599\" data-large_image_height=\"899\"href='https:\/\/www.radiopiu.net\/wordpress\/wp-content\/uploads\/2021\/07\/c026d632-f511-4a35-ae5b-d9e86eea9618.jpg'><img loading=\"lazy\" decoding=\"async\" width=\"150\" height=\"150\" src=\"https:\/\/www.radiopiu.net\/wordpress\/wp-content\/uploads\/2021\/07\/c026d632-f511-4a35-ae5b-d9e86eea9618-150x150.jpg\" class=\"attachment-thumbnail size-thumbnail\" alt=\"\" \/><\/a>\n\t\t\t\t<\/dt><\/dl><dl class='gallery-item'>\n\t\t\t\t<dt class='gallery-icon landscape'>\n\t\t\t\t\t<a class=\"rollover rollover-zoom dt-pswp-item\" title=\"cf691335-0dd3-403c-95ed-248baacde902\" data-dt-img-description=\"\" data-large_image_width=\"1599\" data-large_image_height=\"899\"href='https:\/\/www.radiopiu.net\/wordpress\/wp-content\/uploads\/2021\/07\/cf691335-0dd3-403c-95ed-248baacde902.jpg'><img loading=\"lazy\" decoding=\"async\" width=\"150\" height=\"150\" src=\"https:\/\/www.radiopiu.net\/wordpress\/wp-content\/uploads\/2021\/07\/cf691335-0dd3-403c-95ed-248baacde902-150x150.jpg\" class=\"attachment-thumbnail size-thumbnail\" alt=\"\" \/><\/a>\n\t\t\t\t<\/dt><\/dl><dl class='gallery-item'>\n\t\t\t\t<dt class='gallery-icon landscape'>\n\t\t\t\t\t<a class=\"rollover rollover-zoom dt-pswp-item\" title=\"dc4d41f1-e4bb-4540-8d76-1b9ccc10ab81\" data-dt-img-description=\"\" data-large_image_width=\"1599\" data-large_image_height=\"899\"href='https:\/\/www.radiopiu.net\/wordpress\/wp-content\/uploads\/2021\/07\/dc4d41f1-e4bb-4540-8d76-1b9ccc10ab81.jpg'><img loading=\"lazy\" decoding=\"async\" width=\"150\" height=\"150\" src=\"https:\/\/www.radiopiu.net\/wordpress\/wp-content\/uploads\/2021\/07\/dc4d41f1-e4bb-4540-8d76-1b9ccc10ab81-150x150.jpg\" class=\"attachment-thumbnail size-thumbnail\" alt=\"\" \/><\/a>\n\t\t\t\t<\/dt><\/dl><br style=\"clear: both\" \/><dl class='gallery-item'>\n\t\t\t\t<dt class='gallery-icon landscape'>\n\t\t\t\t\t<a class=\"rollover rollover-zoom dt-pswp-item\" title=\"e78a1087-532c-40e9-bd94-983fc1cc4001\" data-dt-img-description=\"\" data-large_image_width=\"1599\" data-large_image_height=\"899\"href='https:\/\/www.radiopiu.net\/wordpress\/wp-content\/uploads\/2021\/07\/e78a1087-532c-40e9-bd94-983fc1cc4001.jpg'><img loading=\"lazy\" decoding=\"async\" width=\"150\" height=\"150\" src=\"https:\/\/www.radiopiu.net\/wordpress\/wp-content\/uploads\/2021\/07\/e78a1087-532c-40e9-bd94-983fc1cc4001-150x150.jpg\" class=\"attachment-thumbnail size-thumbnail\" alt=\"\" \/><\/a>\n\t\t\t\t<\/dt><\/dl><dl class='gallery-item'>\n\t\t\t\t<dt class='gallery-icon landscape'>\n\t\t\t\t\t<a class=\"rollover rollover-zoom dt-pswp-item\" title=\"fb96f651-d8fd-43d3-99c7-51477099a164\" data-dt-img-description=\"\" data-large_image_width=\"1599\" data-large_image_height=\"899\"href='https:\/\/www.radiopiu.net\/wordpress\/wp-content\/uploads\/2021\/07\/fb96f651-d8fd-43d3-99c7-51477099a164.jpg'><img loading=\"lazy\" decoding=\"async\" width=\"150\" height=\"150\" src=\"https:\/\/www.radiopiu.net\/wordpress\/wp-content\/uploads\/2021\/07\/fb96f651-d8fd-43d3-99c7-51477099a164-150x150.jpg\" class=\"attachment-thumbnail size-thumbnail\" alt=\"\" \/><\/a>\n\t\t\t\t<\/dt><\/dl><dl class='gallery-item'>\n\t\t\t\t<dt class='gallery-icon landscape'>\n\t\t\t\t\t<a class=\"rollover rollover-zoom dt-pswp-item\" title=\"0de3194e-39b6-46be-bb31-fb46245b2164\" data-dt-img-description=\"\" data-large_image_width=\"1599\" data-large_image_height=\"899\"href='https:\/\/www.radiopiu.net\/wordpress\/wp-content\/uploads\/2021\/07\/0de3194e-39b6-46be-bb31-fb46245b2164.jpg'><img loading=\"lazy\" decoding=\"async\" width=\"150\" height=\"150\" src=\"https:\/\/www.radiopiu.net\/wordpress\/wp-content\/uploads\/2021\/07\/0de3194e-39b6-46be-bb31-fb46245b2164-150x150.jpg\" class=\"attachment-thumbnail size-thumbnail\" alt=\"\" \/><\/a>\n\t\t\t\t<\/dt><\/dl><dl class='gallery-item'>\n\t\t\t\t<dt class='gallery-icon landscape'>\n\t\t\t\t\t<a class=\"rollover rollover-zoom dt-pswp-item\" title=\"4f3f6ef9-e207-4a6f-948e-801892ac384d\" data-dt-img-description=\"\" data-large_image_width=\"1599\" data-large_image_height=\"899\"href='https:\/\/www.radiopiu.net\/wordpress\/wp-content\/uploads\/2021\/07\/4f3f6ef9-e207-4a6f-948e-801892ac384d.jpg'><img loading=\"lazy\" decoding=\"async\" width=\"150\" height=\"150\" src=\"https:\/\/www.radiopiu.net\/wordpress\/wp-content\/uploads\/2021\/07\/4f3f6ef9-e207-4a6f-948e-801892ac384d-150x150.jpg\" class=\"attachment-thumbnail size-thumbnail\" alt=\"\" \/><\/a>\n\t\t\t\t<\/dt><\/dl><dl class='gallery-item'>\n\t\t\t\t<dt class='gallery-icon landscape'>\n\t\t\t\t\t<a class=\"rollover rollover-zoom dt-pswp-item\" title=\"6e967151-973a-4f6c-a9ce-6839259383e9\" data-dt-img-description=\"\" data-large_image_width=\"1599\" data-large_image_height=\"899\"href='https:\/\/www.radiopiu.net\/wordpress\/wp-content\/uploads\/2021\/07\/6e967151-973a-4f6c-a9ce-6839259383e9.jpg'><img loading=\"lazy\" decoding=\"async\" width=\"150\" height=\"150\" src=\"https:\/\/www.radiopiu.net\/wordpress\/wp-content\/uploads\/2021\/07\/6e967151-973a-4f6c-a9ce-6839259383e9-150x150.jpg\" class=\"attachment-thumbnail size-thumbnail\" alt=\"\" \/><\/a>\n\t\t\t\t<\/dt><\/dl><dl class='gallery-item'>\n\t\t\t\t<dt class='gallery-icon landscape'>\n\t\t\t\t\t<a class=\"rollover rollover-zoom dt-pswp-item\" title=\"27a65489-125c-4dce-bc84-ef3971174ed7\" data-dt-img-description=\"\" data-large_image_width=\"1599\" data-large_image_height=\"899\"href='https:\/\/www.radiopiu.net\/wordpress\/wp-content\/uploads\/2021\/07\/27a65489-125c-4dce-bc84-ef3971174ed7.jpg'><img loading=\"lazy\" decoding=\"async\" width=\"150\" height=\"150\" src=\"https:\/\/www.radiopiu.net\/wordpress\/wp-content\/uploads\/2021\/07\/27a65489-125c-4dce-bc84-ef3971174ed7-150x150.jpg\" class=\"attachment-thumbnail size-thumbnail\" alt=\"\" \/><\/a>\n\t\t\t\t<\/dt><\/dl><dl class='gallery-item'>\n\t\t\t\t<dt class='gallery-icon landscape'>\n\t\t\t\t\t<a class=\"rollover rollover-zoom dt-pswp-item\" title=\"58a79dc1-9640-4962-bda7-db325755c4ec\" data-dt-img-description=\"\" data-large_image_width=\"1599\" data-large_image_height=\"899\"href='https:\/\/www.radiopiu.net\/wordpress\/wp-content\/uploads\/2021\/07\/58a79dc1-9640-4962-bda7-db325755c4ec.jpg'><img loading=\"lazy\" decoding=\"async\" width=\"150\" height=\"150\" src=\"https:\/\/www.radiopiu.net\/wordpress\/wp-content\/uploads\/2021\/07\/58a79dc1-9640-4962-bda7-db325755c4ec-150x150.jpg\" class=\"attachment-thumbnail size-thumbnail\" alt=\"\" \/><\/a>\n\t\t\t\t<\/dt><\/dl><dl class='gallery-item'>\n\t\t\t\t<dt class='gallery-icon landscape'>\n\t\t\t\t\t<a class=\"rollover rollover-zoom dt-pswp-item\" title=\"59de3b30-ad5a-40d1-9e85-434f7c3e5c25\" data-dt-img-description=\"\" data-large_image_width=\"1599\" data-large_image_height=\"899\"href='https:\/\/www.radiopiu.net\/wordpress\/wp-content\/uploads\/2021\/07\/59de3b30-ad5a-40d1-9e85-434f7c3e5c25.jpg'><img loading=\"lazy\" decoding=\"async\" width=\"150\" height=\"150\" src=\"https:\/\/www.radiopiu.net\/wordpress\/wp-content\/uploads\/2021\/07\/59de3b30-ad5a-40d1-9e85-434f7c3e5c25-150x150.jpg\" class=\"attachment-thumbnail size-thumbnail\" alt=\"\" \/><\/a>\n\t\t\t\t<\/dt><\/dl><br style=\"clear: both\" \/>\n\t\t\t<\/div>\n\n<p>&nbsp;<\/p>\n<hr \/>\n<p>&nbsp;<\/p>\n<blockquote>\n<h3>CARABINIERI: IL COMANDANTE INTERREGIONALE A BELLUNO &#8220;GRAZIE PER IL VOSTRO IMPEGNO QUOTIDIANO&#8221;<\/h3>\n<\/blockquote>\n<p><strong>BELLUNO<\/strong> Il Generale di Corpo d&#8217;Armata Antonio Paparella,\u00a0 ai veritici del Comando Interregionale Carabinieri &#8220;Vittorio Veneto&#8221;, con competenza sulle legioni Veneto, Trentino Alto Adige, Emilia Romagna\u00a0 e Friuli Venezia Giulia ha visitato il Comando Provinciale di Viale Europa. E&#8217; stato accolto dal Comandante Provinciale Tenente Colonello Francesco Rastelli e poi si \u00e8 intrattenuto con una rappresentanza del Comando Provinciale, dei Carabinieri Forestali e dell&#8217;Associazione Carabinieri. Il Comandante Paparella ha incontrato le istituzioni: il Prefetto Savastano, il Presidente della Provincia Padrin, il sindaco Massaro e il Vescovo Renato MarangonI. Visitati anche i Comandi delle stazioni di Mel e Trichiana, per tutti parole di gratitudine per il quotidiano impegno.<\/p>\n<p><a href=\"https:\/\/www.radiopiu.net\/wordpress\/carabinieri-il-comandante-interregionale-a-belluno-grazie-per-il-vostro-impegno-quotidiano\/b502648a-bdf2-4e3c-bd16-5d301b5b3724\/\" rel=\"attachment wp-att-222999\"><img loading=\"lazy\" decoding=\"async\" class=\"alignnone wp-image-222999 \" src=\"https:\/\/www.radiopiu.net\/wordpress\/wp-content\/uploads\/2021\/07\/b502648a-bdf2-4e3c-bd16-5d301b5b3724.jpg\" alt=\"\" width=\"267\" height=\"200\" srcset=\"https:\/\/www.radiopiu.net\/wordpress\/wp-content\/uploads\/2021\/07\/b502648a-bdf2-4e3c-bd16-5d301b5b3724.jpg 1280w, https:\/\/www.radiopiu.net\/wordpress\/wp-content\/uploads\/2021\/07\/b502648a-bdf2-4e3c-bd16-5d301b5b3724-300x225.jpg 300w, https:\/\/www.radiopiu.net\/wordpress\/wp-content\/uploads\/2021\/07\/b502648a-bdf2-4e3c-bd16-5d301b5b3724-1024x766.jpg 1024w, https:\/\/www.radiopiu.net\/wordpress\/wp-content\/uploads\/2021\/07\/b502648a-bdf2-4e3c-bd16-5d301b5b3724-768x575.jpg 768w\" sizes=\"auto, (max-width: 267px) 100vw, 267px\" \/><\/a><\/p>\n<p>&nbsp;<\/p>\n<p>&nbsp;<\/p>\n<hr \/>\n<blockquote>\n<h3><\/h3>\n<h3>L&#8217;INCONTRO CON IL SINDACO DI BELLUNO, JACOPO MASSARO<\/h3>\n<\/blockquote>\n<p><strong><a href=\"https:\/\/www.radiopiu.net\/wordpress\/giornale-radiopiu-21-luglio-2021-direttore-mirko-mezzacasa\/incontro-comandante-interregionale-carabinieri-paparella-2\/\" rel=\"attachment wp-att-222924\"><img loading=\"lazy\" decoding=\"async\" class=\"wp-image-222924 alignleft\" src=\"https:\/\/www.radiopiu.net\/wordpress\/wp-content\/uploads\/2021\/07\/Incontro-comandante-interregionale-Carabinieri-Paparella-2-200x300.jpg\" alt=\"\" width=\"112\" height=\"168\" srcset=\"https:\/\/www.radiopiu.net\/wordpress\/wp-content\/uploads\/2021\/07\/Incontro-comandante-interregionale-Carabinieri-Paparella-2-200x300.jpg 200w, https:\/\/www.radiopiu.net\/wordpress\/wp-content\/uploads\/2021\/07\/Incontro-comandante-interregionale-Carabinieri-Paparella-2-683x1024.jpg 683w, https:\/\/www.radiopiu.net\/wordpress\/wp-content\/uploads\/2021\/07\/Incontro-comandante-interregionale-Carabinieri-Paparella-2-768x1152.jpg 768w, https:\/\/www.radiopiu.net\/wordpress\/wp-content\/uploads\/2021\/07\/Incontro-comandante-interregionale-Carabinieri-Paparella-2-1024x1536.jpg 1024w, https:\/\/www.radiopiu.net\/wordpress\/wp-content\/uploads\/2021\/07\/Incontro-comandante-interregionale-Carabinieri-Paparella-2-1365x2048.jpg 1365w, https:\/\/www.radiopiu.net\/wordpress\/wp-content\/uploads\/2021\/07\/Incontro-comandante-interregionale-Carabinieri-Paparella-2-scaled.jpg 1707w\" sizes=\"auto, (max-width: 112px) 100vw, 112px\" \/><\/a>BELLUNO<\/strong><\/p>\n<blockquote><p><em>\u00ab\u00c8 stato un piacere e un onore incontrare il comandante Paparella per un breve saluto; &#8211; commenta Massaro al termine dell&#8217;incontro \u2013 \u00e8 stata l&#8217;occasione per rinforzare la piena collaborazione tra la nostra amministrazione e le forze dell&#8217;ordine, anche ai loro livelli pi\u00f9 alti. Il generale Paparella ha mostrato grande disponibilit\u00e0 e apertura al confronto e questo \u00e8 certo di buon auspicio per continuare a lavorare insieme per mantenere la nostra citt\u00e0 tra le pi\u00f9 sicure d&#8217;Italia\u00bb.<\/em><\/p><\/blockquote>\n<p>&nbsp;<\/p>\n<hr \/>\n<p>&nbsp;<\/p>\n<h3><a href=\"https:\/\/www.radiopiu.net\/wordpress\/giornale-radiopiu-21-luglio-2021-direttore-mirko-mezzacasa\/il-presidente-luigino-boito-e-il-direttore-generale-corrado-facco\/\" rel=\"attachment wp-att-222935\"><img loading=\"lazy\" decoding=\"async\" class=\"wp-image-222935 alignleft\" src=\"https:\/\/www.radiopiu.net\/wordpress\/wp-content\/uploads\/2021\/07\/Il-Presidente-Luigino-Boito-e-il-Direttore-Generale-Corrado-Facco-238x300.jpg\" alt=\"\" width=\"127\" height=\"160\" srcset=\"https:\/\/www.radiopiu.net\/wordpress\/wp-content\/uploads\/2021\/07\/Il-Presidente-Luigino-Boito-e-il-Direttore-Generale-Corrado-Facco-238x300.jpg 238w, https:\/\/www.radiopiu.net\/wordpress\/wp-content\/uploads\/2021\/07\/Il-Presidente-Luigino-Boito-e-il-Direttore-Generale-Corrado-Facco-812x1024.jpg 812w, https:\/\/www.radiopiu.net\/wordpress\/wp-content\/uploads\/2021\/07\/Il-Presidente-Luigino-Boito-e-il-Direttore-Generale-Corrado-Facco-768x968.jpg 768w, https:\/\/www.radiopiu.net\/wordpress\/wp-content\/uploads\/2021\/07\/Il-Presidente-Luigino-Boito-e-il-Direttore-Generale-Corrado-Facco-1218x1536.jpg 1218w, https:\/\/www.radiopiu.net\/wordpress\/wp-content\/uploads\/2021\/07\/Il-Presidente-Luigino-Boito-e-il-Direttore-Generale-Corrado-Facco-1624x2048.jpg 1624w, https:\/\/www.radiopiu.net\/wordpress\/wp-content\/uploads\/2021\/07\/Il-Presidente-Luigino-Boito-e-il-Direttore-Generale-Corrado-Facco-scaled.jpg 2030w\" sizes=\"auto, (max-width: 127px) 100vw, 127px\" \/><\/a><br \/>\n<strong>LONGARONE<\/strong> I<span style=\"font-family: Californian FB, serif;\"><span style=\"font-size: medium;\">l nuovo Direttore Generale di Certottica nominato dal consiglio d&#8217;amministrazione \u00e8\u00a0 Corrado Facco al quale vanno <\/span><\/span><span style=\"font-family: Californian FB, serif;\"><span style=\"font-size: medium;\">\u00a0le deleghe esecutive di tutte le aree operative su cui si basa il business integrato di Certottica. <\/span><\/span><\/h3>\n<blockquote><p><span style=\"color: #000000; font-family: 'Californian FB', serif;\"><span style=\"font-size: medium;\"><i>\u00e8 un manager che ha maturato una lunga esperienza in ambienti di lavoro nazionali ed internazionali. Ha anche ricoperto posizioni di rilievo nel sistema fieristico internazionale e nel settore del luxury.\u00a0<\/i><\/span><\/span><i><\/i><i><\/i><\/p><\/blockquote>\n<h5>foto, Corrado Facco a destra con il Presidente Luigino Boito.<\/h5>\n<p>&nbsp;<\/p>\n<hr \/>\n<blockquote>\n<h3 class=\"p1\"><span class=\"s1\">\u00a0<\/span><\/h3>\n<h3 class=\"p1\"><span class=\"s1\">\u201cLA FORZA ROSA DELLE DOLOMITI\u201d, GIOVED\u00cc L\u2019EVENTO DI CHIUSURA DELL\u2019INIZIATIVA DONNE IMPRESA CONFARTIGIANATO<\/span><\/h3>\n<\/blockquote>\n<p class=\"p1\"><span class=\"s1\"><strong>BELLUNO <\/strong>\u201cDonna nel 2021. Consapevolezza, forza e resilienza\u201d. Era questo il sottotitolo della \u201cForza rosa delle Dolomiti\u201d, rassegna di Donne Imprese di Confartigianato Belluno, dedicata ai temi del lavoro al femminile.\u00a0 Domani alle 17 l\u2019evento conclusivo, aperto a tutta la cittadinanza con una diretta Facebook.\u00a0<\/span><\/p>\n<p>&nbsp;<\/p>\n<hr \/>\n<p>&nbsp;<\/p>\n<blockquote>\n<h3>INFORTUNIO NELLA GOLA DEL TORRENTE, VINCE IL GIOCO DI SQUADRA. L&#8217;ESERCITAZIONE VENETO-FRIULI<\/h3>\n<\/blockquote>\n<p><strong>BELLUNO_UDINE<\/strong> Un infortunio nella notte nella gola di un torrente, l&#8217;urgenza dell&#8217;intervento unita al numero elevato di soccorritori richiesti, che sappiano operare fianco a fianco con identiche tecniche e manovre. \u00c8 questo lo scenario ipotizzato per l&#8217;esercitazione congiunta tra i gruppi forra del Soccorso alpino e speleologico Veneto e il Soccorso alpino e speleologico Friuli Venezia Giulia, che si \u00e8 svolta nella notte tra sabato 17 luglio e domenica 18 luglio e che ha visto i due servizi regionali unire le proprie competenze nella forra del Rio Cuestis, nelle Alpi Carniche Orientali. Capita infatti che in interventi di particolare complessit\u00e0 le sole forze regionali non siano sufficienti a far fronte all\u2019operativit\u00e0 necessaria alla risoluzione di un intervento in forra. Il ritrovo, che si svolge in questa forma congiunta con una periodicit\u00e0 annuale, \u00e8 di grandissima importanza in caso di soccorsi impegnativi ed \u00e8 finalizzato a testare le reciproche capacit\u00e0 operative, la simbiosi e l\u2019affiatamento in situazioni difficili che aggravano il contesto ambientale gi\u00e0 di per s\u00e9 estremo. Anche per questo motivo i venticinque partecipanti hanno inserito nell\u2019esercitazione ulteriori elementi di difficolt\u00e0, ovvero la decisione di svolgere la simulazione durante la notte, tra le 20.30 di sabato e le 4 del mattino di domenica e l&#8217;ipotesi che non fossero possibili le comunicazioni con i due torrentisti non rientrati, con conseguente ricerca, ritrovamento, imbarellamento e trasporto della barella stagna a valle. La forra del Rio Cuestis \u00e8 un percorso di mille metri di dislivello, che si affronta con diciotto calate delle quali una di circa ottanta metri.\u00a0 L\u2019intervento \u00e8 consistito nel creare un allarme di mancato rientro per due forristi. L\u2019intervento ha visto poi organizzare un soccorso nel quale entrambe le persone erano ferite, una ad una gamba e una ad un braccio con la necessit\u00e0 dell\u2019ausilio di due tecnici sanitari specializzati in questo ambiente. I tecnici sono stati portati in quota, assieme all&#8217;attrezzatura necessaria alle operazioni, con l\u2019elicottero della Protezione Civile e poi si sono calati nella gola fino al tratto verticale dove era avvenuto l\u2019incidente simulato. Le squadre hanno messo in atto le procedure di stabilizzazione dei due feriti, provvedendo a steccare l\u2019arto dell&#8217;infortunato che aveva un minimo di margine per collaborare alle operazioni e imbarellando il ferito infortunatosi alla gamba per calarlo nel tratto pi\u00f9 verticale.<\/p>\n<div dir=\"auto\"><\/div>\n\n\t\t\t<style type='text\/css'>\n\t\t\t\t#gallery-6 {\n\t\t\t\t\tmargin: auto;\n\t\t\t\t}\n\t\t\t\t#gallery-6 .gallery-item {\n\t\t\t\t\tfloat: left;\n\t\t\t\t\tmargin-top: 10px;\n\t\t\t\t\ttext-align: center;\n\t\t\t\t\twidth: 25%;\n\t\t\t\t}\n\t\t\t\t#gallery-6 img {\n\t\t\t\t\tborder: 2px solid #cfcfcf;\n\t\t\t\t}\n\t\t\t\t#gallery-6 .gallery-caption {\n\t\t\t\t\tmargin-left: 0;\n\t\t\t\t}\n\t\t\t\t\/* see gallery_shortcode() in wp-includes\/media.php *\/\n\t\t\t<\/style>\n\t\t<div id='gallery-6' class='dt-gallery-container gallery galleryid-222802 gallery-columns-4 gallery-size-thumbnail'><dl class='gallery-item'>\n\t\t\t\t<dt class='gallery-icon landscape'>\n\t\t\t\t\t<a class=\"rollover rollover-zoom dt-pswp-item\" title=\"salt_20210720_122107_291\" data-dt-img-description=\"\" data-large_image_width=\"2364\" data-large_image_height=\"1773\"href='https:\/\/www.radiopiu.net\/wordpress\/wp-content\/uploads\/2021\/07\/salt_20210720_122107_291.jpg'><img loading=\"lazy\" decoding=\"async\" width=\"150\" height=\"150\" src=\"https:\/\/www.radiopiu.net\/wordpress\/wp-content\/uploads\/2021\/07\/salt_20210720_122107_291-150x150.jpg\" class=\"attachment-thumbnail size-thumbnail\" alt=\"\" \/><\/a>\n\t\t\t\t<\/dt><\/dl><dl class='gallery-item'>\n\t\t\t\t<dt class='gallery-icon landscape'>\n\t\t\t\t\t<a class=\"rollover rollover-zoom dt-pswp-item\" title=\"salt_20210720_121915_513\" data-dt-img-description=\"\" data-large_image_width=\"2364\" data-large_image_height=\"1773\"href='https:\/\/www.radiopiu.net\/wordpress\/wp-content\/uploads\/2021\/07\/salt_20210720_121915_513.jpg'><img loading=\"lazy\" decoding=\"async\" width=\"150\" height=\"150\" src=\"https:\/\/www.radiopiu.net\/wordpress\/wp-content\/uploads\/2021\/07\/salt_20210720_121915_513-150x150.jpg\" class=\"attachment-thumbnail size-thumbnail\" alt=\"\" \/><\/a>\n\t\t\t\t<\/dt><\/dl><dl class='gallery-item'>\n\t\t\t\t<dt class='gallery-icon portrait'>\n\t\t\t\t\t<a class=\"rollover rollover-zoom dt-pswp-item\" title=\"salt_20210720_121934_989\" data-dt-img-description=\"\" data-large_image_width=\"1432\" data-large_image_height=\"2560\"href='https:\/\/www.radiopiu.net\/wordpress\/wp-content\/uploads\/2021\/07\/salt_20210720_121934_989-scaled.jpg'><img loading=\"lazy\" decoding=\"async\" width=\"150\" height=\"150\" src=\"https:\/\/www.radiopiu.net\/wordpress\/wp-content\/uploads\/2021\/07\/salt_20210720_121934_989-150x150.jpg\" class=\"attachment-thumbnail size-thumbnail\" alt=\"\" \/><\/a>\n\t\t\t\t<\/dt><\/dl><dl class='gallery-item'>\n\t\t\t\t<dt class='gallery-icon portrait'>\n\t\t\t\t\t<a class=\"rollover rollover-zoom dt-pswp-item\" title=\"salt_20210720_121945_061\" data-dt-img-description=\"\" data-large_image_width=\"1432\" data-large_image_height=\"2560\"href='https:\/\/www.radiopiu.net\/wordpress\/wp-content\/uploads\/2021\/07\/salt_20210720_121945_061-scaled.jpg'><img loading=\"lazy\" decoding=\"async\" width=\"150\" height=\"150\" src=\"https:\/\/www.radiopiu.net\/wordpress\/wp-content\/uploads\/2021\/07\/salt_20210720_121945_061-150x150.jpg\" class=\"attachment-thumbnail size-thumbnail\" alt=\"\" \/><\/a>\n\t\t\t\t<\/dt><\/dl><br style=\"clear: both\" \/>\n\t\t\t<\/div>\n\n<p>&nbsp;<\/p>\n<hr \/>\n<p>&nbsp;<\/p>\n<p>&nbsp;<\/p>\n<p><a href=\"https:\/\/www.radiopiu.net\/wordpress\/giornale-radiopiu-21-luglio-2021-direttore-mirko-mezzacasa\/217938627_292789859200326_2824406914195587960_n\/\" rel=\"attachment wp-att-223144\"><img loading=\"lazy\" decoding=\"async\" class=\"wp-image-223144 size-full aligncenter\" src=\"https:\/\/www.radiopiu.net\/wordpress\/wp-content\/uploads\/2021\/07\/217938627_292789859200326_2824406914195587960_n.jpg\" alt=\"\" width=\"280\" height=\"392\" srcset=\"https:\/\/www.radiopiu.net\/wordpress\/wp-content\/uploads\/2021\/07\/217938627_292789859200326_2824406914195587960_n.jpg 280w, https:\/\/www.radiopiu.net\/wordpress\/wp-content\/uploads\/2021\/07\/217938627_292789859200326_2824406914195587960_n-214x300.jpg 214w\" sizes=\"auto, (max-width: 280px) 100vw, 280px\" \/><\/a><\/p>\n<p>&nbsp;<\/p>\n<p>&nbsp;<\/p>\n<hr \/>\n<blockquote>\n<h3><a href=\"https:\/\/www.radiopiu.net\/wordpress\/giornale-radiopiu-21-luglio-2021-direttore-mirko-mezzacasa\/lotteria_fb_1200x630-01-1\/\" rel=\"attachment wp-att-223071\"><img loading=\"lazy\" decoding=\"async\" class=\"wp-image-223071 alignleft\" src=\"https:\/\/www.radiopiu.net\/wordpress\/wp-content\/uploads\/2021\/07\/Lotteria_FB_1200x630-01-1-300x158.jpg\" alt=\"\" width=\"220\" height=\"116\" srcset=\"https:\/\/www.radiopiu.net\/wordpress\/wp-content\/uploads\/2021\/07\/Lotteria_FB_1200x630-01-1-300x158.jpg 300w, https:\/\/www.radiopiu.net\/wordpress\/wp-content\/uploads\/2021\/07\/Lotteria_FB_1200x630-01-1-1024x538.jpg 1024w, https:\/\/www.radiopiu.net\/wordpress\/wp-content\/uploads\/2021\/07\/Lotteria_FB_1200x630-01-1-768x403.jpg 768w, https:\/\/www.radiopiu.net\/wordpress\/wp-content\/uploads\/2021\/07\/Lotteria_FB_1200x630-01-1-1536x806.jpg 1536w, https:\/\/www.radiopiu.net\/wordpress\/wp-content\/uploads\/2021\/07\/Lotteria_FB_1200x630-01-1-2048x1075.jpg 2048w\" sizes=\"auto, (max-width: 220px) 100vw, 220px\" \/><\/a>\u201c<span style=\"font-family: Calibri, serif;\"><span style=\"font-size: medium;\"><b>1 BIGLIETTO, 3 MATITE\u201d: LA LOTTERIA DI INSIEME SI PU\u00d2 \u00c8 ANCHE ONLINE<\/b><\/span><\/span><\/h3>\n<p><span style=\"font-family: Calibri, serif;\"><span style=\"font-size: medium;\"><i>Il ricavato a sostegno di 3 progetti scolastici a Belluno, in Afghanistan e Uganda<\/i><\/span><\/span><\/p><\/blockquote>\n<p>&nbsp;<\/p>\n<p><span style=\"font-family: Calibri, serif;\"><span style=\"font-size: medium;\"><strong><a href=\"https:\/\/www.radiopiu.net\/wordpress\/giornale-radiopiu-21-luglio-2021-direttore-mirko-mezzacasa\/foto-progetti-lotteria-isp-1\/\" rel=\"attachment wp-att-223073\"><img loading=\"lazy\" decoding=\"async\" class=\" wp-image-223073 alignleft\" src=\"https:\/\/www.radiopiu.net\/wordpress\/wp-content\/uploads\/2021\/07\/Foto-progetti-lotteria-ISP-1-300x240.jpg\" alt=\"\" width=\"208\" height=\"166\" srcset=\"https:\/\/www.radiopiu.net\/wordpress\/wp-content\/uploads\/2021\/07\/Foto-progetti-lotteria-ISP-1-300x240.jpg 300w, https:\/\/www.radiopiu.net\/wordpress\/wp-content\/uploads\/2021\/07\/Foto-progetti-lotteria-ISP-1-1024x819.jpg 1024w, https:\/\/www.radiopiu.net\/wordpress\/wp-content\/uploads\/2021\/07\/Foto-progetti-lotteria-ISP-1-768x614.jpg 768w, https:\/\/www.radiopiu.net\/wordpress\/wp-content\/uploads\/2021\/07\/Foto-progetti-lotteria-ISP-1-1536x1229.jpg 1536w, https:\/\/www.radiopiu.net\/wordpress\/wp-content\/uploads\/2021\/07\/Foto-progetti-lotteria-ISP-1.jpg 2000w\" sizes=\"auto, (max-width: 208px) 100vw, 208px\" \/><\/a>BELLUNO<\/strong> Continua la vendita dei biglietti della Lotteria associativa di Insieme si pu\u00f2. \u201c1 biglietto, 3 matite\u201d<\/span><\/span><span style=\"font-family: Calibri, serif;\"><span style=\"font-size: medium;\"> \u00e8 il titolo dell&#8217;iniziativa 2021, proprio perch\u00e9 il ricavato sar\u00e0 destinato al sostegno di 3 progetti scolastici che l\u2019associazione sta realizzando in Provincia di Belluno <\/span><\/span><span style=\"font-family: Calibri, serif;\"><span style=\"font-size: medium;\">I biglietti della Lotteria sono disponibili presso la sede di Insieme si pu\u00f2 in via Vittorio Veneto, 248 a Belluno, aperta dal luned\u00ec al venerd\u00ec ore 8-12 e 15-18 e anche il sabato mattina dalle 9 alle 12. La novit\u00e0 di quest\u2019edizione \u00e8 la possibilit\u00e0 di acquistare comodamente i biglietti anche online, direttamente dal sito dell\u2019associazione www.365giorni.org o tramite il QR code presente sui manifesti dell\u2019iniziativa (l\u2019elenco completo degli esercizi commerciali della Provincia di Belluno dove \u00e8 possibile acquistare i biglietti \u00e8 presente sul sito). <\/span><\/span><span style=\"font-size: medium; font-family: Calibri, serif;\">Il primo premio \u00e8 una bicicletta a pedalata assistita Bottecchia BE36Evo, ma ci sono oltre 50 altri bellissimi premi in palio: una smart tv, due soggiorni, cene, buoni acquisto, prodotti alimentari e tanto altro. Ogni biglietto costa 1 euro. <\/span><span style=\"font-family: Calibri, serif;\"><span style=\"font-size: medium;\">Per ulteriori informazioni si pu\u00f2 chiamare al numero 0437 291298 oppure scrivere una mail a info@365giorni.org<\/span><\/span><\/p>\n<p>&nbsp;<\/p>\n<hr \/>\n<p>&nbsp;<\/p>\n<blockquote>\n<h3>CORSE STRAORDINARIE DEL TRENINO &#8220;TED&#8221;<\/h3>\n<\/blockquote>\n<p><strong><a href=\"https:\/\/www.radiopiu.net\/wordpress\/accordo-farm-team-alleghe-feltreghiaccio-junior\/trenino-ted-in-piazza-maggiore\/\" rel=\"attachment wp-att-222938\"><img loading=\"lazy\" decoding=\"async\" class=\" wp-image-222938 alignleft\" src=\"https:\/\/www.radiopiu.net\/wordpress\/wp-content\/uploads\/2021\/07\/Trenino-TED-in-Piazza-Maggiore-300x169.jpg\" alt=\"\" width=\"154\" height=\"87\" srcset=\"https:\/\/www.radiopiu.net\/wordpress\/wp-content\/uploads\/2021\/07\/Trenino-TED-in-Piazza-Maggiore-300x169.jpg 300w, https:\/\/www.radiopiu.net\/wordpress\/wp-content\/uploads\/2021\/07\/Trenino-TED-in-Piazza-Maggiore-1024x576.jpg 1024w, https:\/\/www.radiopiu.net\/wordpress\/wp-content\/uploads\/2021\/07\/Trenino-TED-in-Piazza-Maggiore-768x432.jpg 768w, https:\/\/www.radiopiu.net\/wordpress\/wp-content\/uploads\/2021\/07\/Trenino-TED-in-Piazza-Maggiore-1536x864.jpg 1536w, https:\/\/www.radiopiu.net\/wordpress\/wp-content\/uploads\/2021\/07\/Trenino-TED-in-Piazza-Maggiore.jpg 2048w\" sizes=\"auto, (max-width: 154px) 100vw, 154px\" \/><\/a>FELTRE<\/strong> Un giro per il centro storico \u00e8 sempre un piacere, con il trenino un piacere che aumenta e visto che \u00e8 gratis ancora pi\u00f9 apprezzato tanto dai locali che dai turisti. Tutto questo \u00e8 possibile grazie alla variazione di bilancio da 5.300 euro approvata dalla Giunta comunale, che consente l&#8217;attivazione del servizio supplementare del trenino turistico Ted per il percorso del centro storico durante tutto il periodo estivo. Saranno\u00a0 attivate delle corse supplementari il 27 luglio, l&#8217;11 agosto e in una terza sera di agosto da definire. Il percorso:\u00a0 dai parcheggi di Pr\u00e0 del Moro per poi immettersi in via Marconi, raggiungere via Tezze, percorrere via XXXI ottobre, salire lungo via Mezzaterra e fermarsi in piazza Vittorio Emanuele II (piazza Maggiore), dove \u00e8 stabilita la fermata. Il trenino torner\u00e0 poi in Pr\u00e0 del Moro scendendo lungo via Luzzo, via Borgo Ruga , via Marescalchi e via Marconi.<\/p>\n<blockquote><p><em>\u201cAbbiamo inteso potenziare il servizio oramai conosciuto e consolidato del trenino turistico TED per due ordini di ragioni, sottolinea il sindaco di Feltre Paolo Perenzin. Da un lato, spiega il primo cittadino, potenziare l&#8217;offerta turistica di accesso al centro storico in corrispondenza del periodo di maggior afflusso turistico, anche in relazione agli eventi che interessano in queste settimane la cittadella; in secondo luogo, in considerazione del periodo di chiusura degli ascensori in concomitanza con i lavori del belvedere, fornire ai cittadini una soluzione di mobilit\u00e0 alternativa per l&#8217;accesso al centro storico&#8221;.\u00a0\u00a0<\/em><\/p>\n<p>&nbsp;<\/p><\/blockquote>\n<hr \/>\n<p>&nbsp;<\/p>\n<blockquote>\n<h3>VENERDI AD AGORDO IL LABORATORIO DELLA FONDAZIONE GIOVANI ANGELINI SUL FUTURO PER IL BELLUNESE<\/h3>\n<\/blockquote>\n<p><strong>AGORDO<\/strong> \u201cVaia\u201d pu\u00f2 trasformarsi in un\u2019occasione per confrontarsi su quale futuro vogliamo per il nostro territorio. Per questo venerd\u00ec in Piazzale Marconi viene organizzato un laboratorio; per venire incontro a tutte le esigenze, i tavoli di discussione rimarranno aperti dalle 11.30 alle 19:30: ogni interessato potr\u00e0 arrivare quando preferisce, e liberamente avr\u00e0 la possibilit\u00e0 portare la propria testimonianza e le proprie proposte e idee per il territorio. I temi di confronto si incentreranno su gestione del territorio, servizi e infrastrutture e le opportunit\u00e0 di sviluppo della montagna. La discussione sar\u00e0 supportata dalla presenza di facilitatori ed esperti sulla base di una metodologia gi\u00e0 utilizzata in contesti simili, che si avvale di supporti visivi in un ambiente informale di apertura e ascolto. In caso di maltempo gli incontri potranno essere seguiti nella sede del CAI ad Agordo.<\/p>\n<p>&nbsp;<\/p>\n<p>&nbsp;<\/p>\n<hr \/>\n<p>&nbsp;<\/p>\n<blockquote>\n<h3>25 E 26 SETTEMBRE SE DESMONTEGHEA A FALCADE<\/h3>\n<\/blockquote>\n<p><strong>FALCADE<\/strong> \u00c8 in programma per il 25 e 26 settembre &#8220;Se Desmonteghea&#8221;, la festa delle malghe per celebrare la montagna.<\/p>\n\n\t\t\t<style type='text\/css'>\n\t\t\t\t#gallery-7 {\n\t\t\t\t\tmargin: auto;\n\t\t\t\t}\n\t\t\t\t#gallery-7 .gallery-item {\n\t\t\t\t\tfloat: left;\n\t\t\t\t\tmargin-top: 10px;\n\t\t\t\t\ttext-align: center;\n\t\t\t\t\twidth: 33%;\n\t\t\t\t}\n\t\t\t\t#gallery-7 img {\n\t\t\t\t\tborder: 2px solid #cfcfcf;\n\t\t\t\t}\n\t\t\t\t#gallery-7 .gallery-caption {\n\t\t\t\t\tmargin-left: 0;\n\t\t\t\t}\n\t\t\t\t\/* see gallery_shortcode() in wp-includes\/media.php *\/\n\t\t\t<\/style>\n\t\t<div id='gallery-7' class='dt-gallery-container gallery galleryid-222802 gallery-columns-3 gallery-size-medium'><dl class='gallery-item'>\n\t\t\t\t<dt class='gallery-icon landscape'>\n\t\t\t\t\t<a class=\"rollover rollover-zoom dt-pswp-item\" title=\"487fa19e-125d-4094-8db5-2ca28f93d300\" data-dt-img-description=\"\" data-large_image_width=\"600\" data-large_image_height=\"501\"href='https:\/\/www.radiopiu.net\/wordpress\/wp-content\/uploads\/2021\/07\/487fa19e-125d-4094-8db5-2ca28f93d300.jpg'><img loading=\"lazy\" decoding=\"async\" width=\"300\" height=\"251\" src=\"https:\/\/www.radiopiu.net\/wordpress\/wp-content\/uploads\/2021\/07\/487fa19e-125d-4094-8db5-2ca28f93d300-300x251.jpg\" class=\"attachment-medium size-medium\" alt=\"\" srcset=\"https:\/\/www.radiopiu.net\/wordpress\/wp-content\/uploads\/2021\/07\/487fa19e-125d-4094-8db5-2ca28f93d300-300x251.jpg 300w, https:\/\/www.radiopiu.net\/wordpress\/wp-content\/uploads\/2021\/07\/487fa19e-125d-4094-8db5-2ca28f93d300.jpg 600w\" sizes=\"auto, (max-width: 300px) 100vw, 300px\" \/><\/a>\n\t\t\t\t<\/dt><\/dl><dl class='gallery-item'>\n\t\t\t\t<dt class='gallery-icon landscape'>\n\t\t\t\t\t<a class=\"rollover rollover-zoom dt-pswp-item\" title=\"bbe6a6aa-730d-4351-b41b-ac24bd607d93\" data-dt-img-description=\"\" data-large_image_width=\"593\" data-large_image_height=\"395\"href='https:\/\/www.radiopiu.net\/wordpress\/wp-content\/uploads\/2021\/07\/bbe6a6aa-730d-4351-b41b-ac24bd607d93.jpg'><img loading=\"lazy\" decoding=\"async\" width=\"300\" height=\"200\" src=\"https:\/\/www.radiopiu.net\/wordpress\/wp-content\/uploads\/2021\/07\/bbe6a6aa-730d-4351-b41b-ac24bd607d93-300x200.jpg\" class=\"attachment-medium size-medium\" alt=\"\" srcset=\"https:\/\/www.radiopiu.net\/wordpress\/wp-content\/uploads\/2021\/07\/bbe6a6aa-730d-4351-b41b-ac24bd607d93-300x200.jpg 300w, https:\/\/www.radiopiu.net\/wordpress\/wp-content\/uploads\/2021\/07\/bbe6a6aa-730d-4351-b41b-ac24bd607d93.jpg 593w\" sizes=\"auto, (max-width: 300px) 100vw, 300px\" \/><\/a>\n\t\t\t\t<\/dt><\/dl><dl class='gallery-item'>\n\t\t\t\t<dt class='gallery-icon landscape'>\n\t\t\t\t\t<a class=\"rollover rollover-zoom dt-pswp-item\" title=\"f92c15ea-5b0c-4c32-9ded-125b19894648\" data-dt-img-description=\"\" data-large_image_width=\"593\" data-large_image_height=\"395\"href='https:\/\/www.radiopiu.net\/wordpress\/wp-content\/uploads\/2021\/07\/f92c15ea-5b0c-4c32-9ded-125b19894648.jpg'><img loading=\"lazy\" decoding=\"async\" width=\"300\" height=\"200\" src=\"https:\/\/www.radiopiu.net\/wordpress\/wp-content\/uploads\/2021\/07\/f92c15ea-5b0c-4c32-9ded-125b19894648-300x200.jpg\" class=\"attachment-medium size-medium\" alt=\"\" srcset=\"https:\/\/www.radiopiu.net\/wordpress\/wp-content\/uploads\/2021\/07\/f92c15ea-5b0c-4c32-9ded-125b19894648-300x200.jpg 300w, https:\/\/www.radiopiu.net\/wordpress\/wp-content\/uploads\/2021\/07\/f92c15ea-5b0c-4c32-9ded-125b19894648.jpg 593w\" sizes=\"auto, (max-width: 300px) 100vw, 300px\" \/><\/a>\n\t\t\t\t<\/dt><\/dl><br style=\"clear: both\" \/>\n\t\t\t<\/div>\n\n<p>&nbsp;<\/p>\n<hr \/>\n<p>&nbsp;<\/p>\n<h3><span style=\"color: #000000;\">\u00a0 I GRANDI ILLUSTRATORI E PUBBLICITARI A MEL PER IL FESTIVAL DELL&#8217;ILLUSTRAZIONE E CINEMA D&#8217;ANIMAZIONE.\u00a0<\/span><\/h3>\n<blockquote>\n<h3><b style=\"font-family: tahoma, arial, helvetica, sans-serif; font-size: 14px;\">di Roberto De Nart<\/b><\/h3>\n<\/blockquote>\n<div><span style=\"font-family: tahoma, arial, helvetica, sans-serif;\">\u00a0<\/span><span style=\"font-family: tahoma, arial, helvetica, sans-serif;\">Sabato 24 luglio, apre i battenti l\u2019ottava edizione del Festival dell\u2019illustrazione e del cinema d\u2019animazione che come ogni anno si terr\u00e0 all\u2019Aplegallery di Claudio Rossi a Mel (Borgo Valbelluna) in via Tempietto n.15 . La rassegna, con le opere dei maestri dell\u2019illustrazione e del cinema d\u2019animazione e di alcuni artisti locali, rimarr\u00e0 aperta nei giorni di sabato e domenica dalle ore 16:00 alle 19:00 fino al 26 settembre. L\u2019iniziativa \u00e8 promossa dall\u2019Associazione Vivamelio, con ingresso libero. Il brindisi d\u2019inaugurazione avr\u00e0 luogo all\u2019aperto, sabato 24 luglio alle ore 17:00, tempo permettendo. <\/span><span style=\"font-family: tahoma, arial, helvetica, sans-serif;\">\u201cFlora fauna futura\u201d \u00e8 il titolo della rassegna di quest\u2019anno. Un tema di attualit\u00e0, dunque, dove l\u2019illustrazione e l\u2019arte utilizza la propria forza evocativa per rappresentare i grandi temi per la salvaguardia dell\u2019ambiente. Inquinamento, cambiamenti climatici, sviluppo sostenibile, biodiversit\u00e0, desertificazione e il consumo del suolo. <\/span><span style=\"font-family: tahoma, arial, helvetica, sans-serif;\">A realizzare le opere sono illustratori, pittori e pubblicitari professionisti, ognuno dei quali attraverso la creativit\u00e0 grafico-pittorica ha elaborato il proprio pensiero sul tema.\u00a0 Ad aver aderito all\u2019invito della coordinatrice della manifestazione Rosy Tes\u00e8, quest\u2019anno sono stati: Mario Addis, Michel Fuzellier, Nicola Falcioni, Alessandro Ferraro, Giorgio Valentini, Cinzia Battistel, Antonio Pinna, Walter Bernardi, Sonia Luzzato, Marco Bellotto, Dunio Piccolin, Antonio Dall\u2019Osso, Claudio Rossi, Isabella Rossi, Armando Gaviglia, Marta Farina, Giulio Peranzoni, Monica Valentini Golfetto, Ilaria Marrai, Barbara Marion, Alessandro Gatto, Matteo Gubellini, Riccardo Mazzoli, Alice Da Ros, e la stessa Rosy Tes\u00e8. <\/span><span style=\"font-family: tahoma, arial, helvetica, sans-serif;\">All\u2019interno della rassegna ci saranno due eventi collaterali. La mostra personale di Alessandro Gatto, pittore di Castelfranco Veneto dove vive e svolge l&#8217;attivit\u00e0 di grafico. Ha eseguito lavori per aziende ed enti pubblici italiani e stranieri (Stati Uniti, Canada, Argentina, Messico, Algeria, Inghilterra, Grecia, Svizzera, Germania). Dal 1985 si occupa di illustrazione e grafica umoristica. Partecipa a rassegne, mostre collettive e concorsi in Italia e all&#8217;estero. Inoltre, saranno esposte le creazioni di Fazia Mazzer, pezzi unici artigianali di anelli, bracciali e collane.\u00a0<\/span><\/div>\n<div>\n\n\t\t\t<style type='text\/css'>\n\t\t\t\t#gallery-8 {\n\t\t\t\t\tmargin: auto;\n\t\t\t\t}\n\t\t\t\t#gallery-8 .gallery-item {\n\t\t\t\t\tfloat: left;\n\t\t\t\t\tmargin-top: 10px;\n\t\t\t\t\ttext-align: center;\n\t\t\t\t\twidth: 25%;\n\t\t\t\t}\n\t\t\t\t#gallery-8 img {\n\t\t\t\t\tborder: 2px solid #cfcfcf;\n\t\t\t\t}\n\t\t\t\t#gallery-8 .gallery-caption {\n\t\t\t\t\tmargin-left: 0;\n\t\t\t\t}\n\t\t\t\t\/* see gallery_shortcode() in wp-includes\/media.php *\/\n\t\t\t<\/style>\n\t\t<div id='gallery-8' class='dt-gallery-container gallery galleryid-222802 gallery-columns-4 gallery-size-thumbnail'><dl class='gallery-item'>\n\t\t\t\t<dt class='gallery-icon portrait'>\n\t\t\t\t\t<a class=\"rollover rollover-zoom dt-pswp-item\" title=\"4 mostra mel\" data-dt-img-description=\"\" data-large_image_width=\"1139\" data-large_image_height=\"1600\"href='https:\/\/www.radiopiu.net\/wordpress\/wp-content\/uploads\/2021\/07\/4-mostra-mel.jpg'><img loading=\"lazy\" decoding=\"async\" width=\"150\" height=\"150\" src=\"https:\/\/www.radiopiu.net\/wordpress\/wp-content\/uploads\/2021\/07\/4-mostra-mel-150x150.jpg\" class=\"attachment-thumbnail size-thumbnail\" alt=\"\" \/><\/a>\n\t\t\t\t<\/dt><\/dl><dl class='gallery-item'>\n\t\t\t\t<dt class='gallery-icon landscape'>\n\t\t\t\t\t<a class=\"rollover rollover-zoom dt-pswp-item\" title=\"2 mostra mel\" data-dt-img-description=\"\" data-large_image_width=\"1600\" data-large_image_height=\"1076\"href='https:\/\/www.radiopiu.net\/wordpress\/wp-content\/uploads\/2021\/07\/2-mostra-mel.jpg'><img loading=\"lazy\" decoding=\"async\" width=\"150\" height=\"150\" src=\"https:\/\/www.radiopiu.net\/wordpress\/wp-content\/uploads\/2021\/07\/2-mostra-mel-150x150.jpg\" class=\"attachment-thumbnail size-thumbnail\" alt=\"\" \/><\/a>\n\t\t\t\t<\/dt><\/dl><dl class='gallery-item'>\n\t\t\t\t<dt class='gallery-icon portrait'>\n\t\t\t\t\t<a class=\"rollover rollover-zoom dt-pswp-item\" title=\"3 mostra mel\" data-dt-img-description=\"\" data-large_image_width=\"1145\" data-large_image_height=\"1600\"href='https:\/\/www.radiopiu.net\/wordpress\/wp-content\/uploads\/2021\/07\/3-mostra-mel.jpg'><img loading=\"lazy\" decoding=\"async\" width=\"150\" height=\"150\" src=\"https:\/\/www.radiopiu.net\/wordpress\/wp-content\/uploads\/2021\/07\/3-mostra-mel-150x150.jpg\" class=\"attachment-thumbnail size-thumbnail\" alt=\"\" \/><\/a>\n\t\t\t\t<\/dt><\/dl><dl class='gallery-item'>\n\t\t\t\t<dt class='gallery-icon landscape'>\n\t\t\t\t\t<a class=\"rollover rollover-zoom dt-pswp-item\" title=\"1 mostra Mel\" data-dt-img-description=\"\" data-large_image_width=\"1600\" data-large_image_height=\"1100\"href='https:\/\/www.radiopiu.net\/wordpress\/wp-content\/uploads\/2021\/07\/1-mostra-Mel.jpg'><img loading=\"lazy\" decoding=\"async\" width=\"150\" height=\"150\" src=\"https:\/\/www.radiopiu.net\/wordpress\/wp-content\/uploads\/2021\/07\/1-mostra-Mel-150x150.jpg\" class=\"attachment-thumbnail size-thumbnail\" alt=\"\" \/><\/a>\n\t\t\t\t<\/dt><\/dl><br style=\"clear: both\" \/>\n\t\t\t<\/div>\n\n<p>\u200b<\/p>\n<\/div>\n<p>&nbsp;<\/p>\n<p>&nbsp;<\/p>\n<hr \/>\n<blockquote>\n<h2><\/h2>\n<h2>SABATO IL CONCERTO &#8220;LA MIA TERRA&#8221; CON ROBY FACCHINETTI<\/h2>\n<\/blockquote>\n<p><strong><a href=\"https:\/\/www.radiopiu.net\/wordpress\/giornale-radiopiu-14-febbraio-2021-direttore-mirko-mezzacasa\/renzo-minella-10\/\" rel=\"attachment wp-att-191135\"><img loading=\"lazy\" decoding=\"async\" class=\"size-medium wp-image-191135 alignleft\" src=\"https:\/\/www.radiopiu.net\/wordpress\/wp-content\/uploads\/2021\/02\/RENZO-MINELLA-300x200.jpg\" alt=\"\" width=\"300\" height=\"200\" srcset=\"https:\/\/www.radiopiu.net\/wordpress\/wp-content\/uploads\/2021\/02\/RENZO-MINELLA-300x200.jpg 300w, https:\/\/www.radiopiu.net\/wordpress\/wp-content\/uploads\/2021\/02\/RENZO-MINELLA-768x512.jpg 768w, https:\/\/www.radiopiu.net\/wordpress\/wp-content\/uploads\/2021\/02\/RENZO-MINELLA.jpg 1024w\" sizes=\"auto, (max-width: 300px) 100vw, 300px\" \/><\/a>di Claudio Fontanive<\/strong><\/p>\n<p>OSPITE: Renzo Minella direttore marketing Ski Area San Pellegrino<\/p>\n<audio class=\"wp-audio-shortcode\" id=\"audio-222802-9\" preload=\"none\" style=\"width: 100%;\" controls=\"controls\"><source type=\"audio\/mpeg\" src=\"https:\/\/www.radiopiu.net\/wordpress\/wp-content\/uploads\/2021\/07\/renzo-minella-24-luglio.mp3?_=9\" \/><a href=\"https:\/\/www.radiopiu.net\/wordpress\/wp-content\/uploads\/2021\/07\/renzo-minella-24-luglio.mp3\">https:\/\/www.radiopiu.net\/wordpress\/wp-content\/uploads\/2021\/07\/renzo-minella-24-luglio.mp3<\/a><\/audio>\n<p>&nbsp;<\/p>\n<p>&nbsp;<\/p>\n<hr \/>\n<p>&nbsp;<\/p>\n<blockquote>\n<h2>I \u201cPIONIERI DELL\u2019OCCHIALERIA CADORINA\u201d RICORDATI NEL 1956 DA ENRICO DE LOTTO<\/h2>\n<\/blockquote>\n<p><strong>di RENATO BONA\u00a0<\/strong><\/p>\n<p>Ribadiamo l\u2019apprezzamento per lo storico Enrico De Lotto autore, fra l\u2019altro, di \u201cDallo smeraldo di Nerone agli occhiali del Cadore\u201d (pubblicazione stampata nel 1956 dalla bellunese tipografia Benetta, a cura della Camera di commercio, industria ed agricoltura di Belluno, in occasione della \u201cMostra dell\u2019occhiale attraverso i secoli\u201d allestita nel palazzo della Magnifica comunit\u00e0 Cadorina, a Pieve, in occasione della settima edizione dei Giochi olimpici invernali, quella del 1956, che si svolse a Cortina. De Lotto &#8211; che ha dedicato il suo lavoro \u201cai dirigenti ed agli operai delle occhialerie cadorine che col loro lavoro ed il loro sacrificio hanno saputo creare in Cadore un grandioso complesso industriale che onora l\u2019Italia\u201d &#8211; ci ha infatti proposto una pregevole serie di notizie che partendo dall\u2019interrogativo: esistevano gli occhiali nell\u2019antichit\u00e0, ci ricorda che i primi occhiali furono fabbricati a Venezia nella seconda met\u00e0 del secolo XIII e si conclude con l\u2019elenco degli occhiali antichi che furono esposti nella rassegna sopra accennata. In questa occasione ci occupiamo di altri \u201cpionieri\u201d dell\u2019occhialeria, partendo da Calisto Fedon, classe 1882, di Vallesella, che De Lotto definisce \u201cUna bella figura d\u2019uomo che ha dedicato alle occhialerie del Cadore tutta la sua vita\u201d ricordando che \u201ca 11 anni fu assunto come apprendista dalla ditta Ferrari alla Molin\u00e0 dove continu\u00f2 a lavorare sotto la gestione Cargnel. Fu il primo caporeparto, nel 1910, per la lavorazione degli occhiali di celluloide\u201d. Altri ricordi: durante la Grande guerra prest\u00f2 la sua opera nel laboratorio di precisione ottica a Roma con Lucio Lozza col quale, a conflitto concluso, lavor\u00f2 alla fondazione della ditta Lozza e sino al 1922. Nel 1924 diede vita, a Vallesella, alla ditta Fedon Calisto, Gerolamo e De Villa che avvi\u00f2 la produzione di tutta la gamma comune e pregiata di montature di materie plastiche e nel 1927 lo stabilimento fu ampliato e dotato di macchinari di ogni genere per la produzione in serie di occhiali da sole. Ancora: Fedon nel 1936 si stacc\u00f2 dall\u2019azienda per fondare la F.O.C di Vallesella che continu\u00f2 a dirigere con la collaborazione di Giovanni Fedon. La conclusione: \u201cCalisto Fedon \u00e8 da considerarsi l\u2019uomo che ha vissuto tanto da vicino la vita delle prime e principali occhialerie del Cadore, colui che modestamente ed assiduamente ha sempre lavorato solo intento a perfezionale la produzione degli occhiali di celluloide, sempre schivo delle lodi, degli onori ed anche del riconoscimento della sua opera. E\u2019 il padre dell\u2019occhiale di celluloide in Cadore e quindi in Italia\u201d. Altro autentico personaggio \u00e8 stato il cav. Enrico Bonazzola a capo di \u201cuna delle ditte specializzate solo per la fabbricazione delle lenti correttive e protettive di vetro lavorato. Nato a Marsiglia nel 1874 si trasfer\u00ec i Cadore nel 1898 esercitando il mestiere di orefice e di orologiaio. A Pieve conobbe (e ne divenne amico) C.E. Ferrari persona colta e nobile considerato uno dei principali animatori della incipiente industria degli occhiali, \u201cche seppe far germogliare il seme gettato da Frescura e da Lozza\u201d. Forse l\u2019amicizia anche con Cargnel, indusse Bonazzola ad abbandonare l\u2019arte orafa per dedicarsi\u2026 agli occhiali! Fu il primo, a quanto risulta, a prospettare la convenienza di non lavorare la celluloide con seghetto e lima ma sfruttandone le qualit\u00e0 fisiche dato che diventa malleabile col calore. Enrico De lotto concludeva questo profilo scrivendo: \u201cOggi il complesso industriale Bonazzola produce le migliori lenti del mercato italiano, particolarmente apprezzate in Svizzera e in Svezia\u2026\u201d. Non trascura, ovviamente, i fratelli Coffen ed i fratelli Valmassoi, di Domegge, che nel 1947 hanno dato vita ad una attivit\u00e0 che \u00e8 veramente utile per le piccole occhialerie che hanno bisogno delle cerniere ed altre minuterie metalliche per la confezione dell\u2019occhiale, mentre le grandi fabbriche provvedono con i propri mezzi. E sottolinea come \u201cAnche questa particolare industria \u00e8 servita a dare un notevole contributo allo sviluppo delle locali occhialerie artigiane e piccole aziende che possono cos\u00ec confezionare l\u2019occhiale con materiale esclusivamente lavorato interamente in Cadore\u201d. E quindi, sempre fra i pionieri, c\u2019\u00e8 stato Antonio De Silvestro, pure di Vallesella, il quale \u201cebbe la felice idea di intraprendere la delicata lavorazione dello stampaggio degli sbozzi. In collaborazione con G. Tabacchi fond\u00f2 nel 1941 la fabbrica De Silvestro &amp; C. a Pelos di Cadore, colmando cos\u00ec un vuoto nella nostra occhialeria\u201d. La speciale lavorazione \u00e8 stata realizzata dopo lunghi, estenuanti e costosi esperimenti e l\u2019azienda produce sbozzi per lenti,vetri e filtri ottici molto apprezzati perch\u00e9 ha saputo con delicati procedimenti eliminare durante le varie fasi di lavorazione, i difetti come le bolle, le strie e le nevi. La materia prima proviene dalle migliori vetrerie del mondo in una gamma di qualit\u00e0 che variano nei valori da 1 a 10 mila per la loro qualit\u00e0 e le loro funzioni. La De Silvestro \u00e8 la prima fabbrica in Italia che ha saputo produrre gli sbozzi su un piano industriale, perfettamente organizzati ed i suoi prodotti vengono esportati anche all\u2019estero.<\/p>\n\n\t\t\t<style type='text\/css'>\n\t\t\t\t#gallery-9 {\n\t\t\t\t\tmargin: auto;\n\t\t\t\t}\n\t\t\t\t#gallery-9 .gallery-item {\n\t\t\t\t\tfloat: left;\n\t\t\t\t\tmargin-top: 10px;\n\t\t\t\t\ttext-align: center;\n\t\t\t\t\twidth: 16%;\n\t\t\t\t}\n\t\t\t\t#gallery-9 img {\n\t\t\t\t\tborder: 2px solid #cfcfcf;\n\t\t\t\t}\n\t\t\t\t#gallery-9 .gallery-caption {\n\t\t\t\t\tmargin-left: 0;\n\t\t\t\t}\n\t\t\t\t\/* see gallery_shortcode() in wp-includes\/media.php *\/\n\t\t\t<\/style>\n\t\t<div id='gallery-9' class='dt-gallery-container gallery galleryid-222802 gallery-columns-6 gallery-size-thumbnail'><dl class='gallery-item'>\n\t\t\t\t<dt class='gallery-icon landscape'>\n\t\t\t\t\t<a class=\"rollover rollover-zoom dt-pswp-item\" title=\"219145994_431830554511892_1728718712379405132_n\" data-dt-img-description=\"\" data-large_image_width=\"320\" data-large_image_height=\"199\"href='https:\/\/www.radiopiu.net\/wordpress\/wp-content\/uploads\/2021\/07\/219145994_431830554511892_1728718712379405132_n-1.jpg'><img loading=\"lazy\" decoding=\"async\" width=\"150\" height=\"150\" src=\"https:\/\/www.radiopiu.net\/wordpress\/wp-content\/uploads\/2021\/07\/219145994_431830554511892_1728718712379405132_n-1-150x150.jpg\" class=\"attachment-thumbnail size-thumbnail\" alt=\"\" \/><\/a>\n\t\t\t\t<\/dt><\/dl><dl class='gallery-item'>\n\t\t\t\t<dt class='gallery-icon landscape'>\n\t\t\t\t\t<a class=\"rollover rollover-zoom dt-pswp-item\" title=\"218488251_541602186968921_3738709022211089274_n\" data-dt-img-description=\"\" data-large_image_width=\"340\" data-large_image_height=\"206\"href='https:\/\/www.radiopiu.net\/wordpress\/wp-content\/uploads\/2021\/07\/218488251_541602186968921_3738709022211089274_n-1.jpg'><img loading=\"lazy\" decoding=\"async\" width=\"150\" height=\"150\" src=\"https:\/\/www.radiopiu.net\/wordpress\/wp-content\/uploads\/2021\/07\/218488251_541602186968921_3738709022211089274_n-1-150x150.jpg\" class=\"attachment-thumbnail size-thumbnail\" alt=\"\" \/><\/a>\n\t\t\t\t<\/dt><\/dl><dl class='gallery-item'>\n\t\t\t\t<dt class='gallery-icon landscape'>\n\t\t\t\t\t<a class=\"rollover rollover-zoom dt-pswp-item\" title=\"217858026_562115994957252_1590191930337075279_n\" data-dt-img-description=\"\" data-large_image_width=\"344\" data-large_image_height=\"206\"href='https:\/\/www.radiopiu.net\/wordpress\/wp-content\/uploads\/2021\/07\/217858026_562115994957252_1590191930337075279_n-1.jpg'><img loading=\"lazy\" decoding=\"async\" width=\"150\" height=\"150\" src=\"https:\/\/www.radiopiu.net\/wordpress\/wp-content\/uploads\/2021\/07\/217858026_562115994957252_1590191930337075279_n-1-150x150.jpg\" class=\"attachment-thumbnail size-thumbnail\" alt=\"\" \/><\/a>\n\t\t\t\t<\/dt><\/dl><dl class='gallery-item'>\n\t\t\t\t<dt class='gallery-icon portrait'>\n\t\t\t\t\t<a class=\"rollover rollover-zoom dt-pswp-item\" title=\"218144505_975405006588699_8730432129032666559_n\" data-dt-img-description=\"\" data-large_image_width=\"152\" data-large_image_height=\"206\"href='https:\/\/www.radiopiu.net\/wordpress\/wp-content\/uploads\/2021\/07\/218144505_975405006588699_8730432129032666559_n-1.jpg'><img loading=\"lazy\" decoding=\"async\" width=\"150\" height=\"150\" src=\"https:\/\/www.radiopiu.net\/wordpress\/wp-content\/uploads\/2021\/07\/218144505_975405006588699_8730432129032666559_n-1-150x150.jpg\" class=\"attachment-thumbnail size-thumbnail\" alt=\"\" \/><\/a>\n\t\t\t\t<\/dt><\/dl><dl class='gallery-item'>\n\t\t\t\t<dt class='gallery-icon landscape'>\n\t\t\t\t\t<a class=\"rollover rollover-zoom dt-pswp-item\" title=\"219781050_316330463553238_2877829800295779442_n\" data-dt-img-description=\"\" data-large_image_width=\"310\" data-large_image_height=\"206\"href='https:\/\/www.radiopiu.net\/wordpress\/wp-content\/uploads\/2021\/07\/219781050_316330463553238_2877829800295779442_n-1.jpg'><img loading=\"lazy\" decoding=\"async\" width=\"150\" height=\"150\" src=\"https:\/\/www.radiopiu.net\/wordpress\/wp-content\/uploads\/2021\/07\/219781050_316330463553238_2877829800295779442_n-1-150x150.jpg\" class=\"attachment-thumbnail size-thumbnail\" alt=\"\" \/><\/a>\n\t\t\t\t<\/dt><\/dl><dl class='gallery-item'>\n\t\t\t\t<dt class='gallery-icon landscape'>\n\t\t\t\t\t<a class=\"rollover rollover-zoom dt-pswp-item\" title=\"219981768_281497473770100_5539552121017080152_n\" data-dt-img-description=\"\" data-large_image_width=\"316\" data-large_image_height=\"206\"href='https:\/\/www.radiopiu.net\/wordpress\/wp-content\/uploads\/2021\/07\/219981768_281497473770100_5539552121017080152_n-1.jpg'><img loading=\"lazy\" decoding=\"async\" width=\"150\" height=\"150\" src=\"https:\/\/www.radiopiu.net\/wordpress\/wp-content\/uploads\/2021\/07\/219981768_281497473770100_5539552121017080152_n-1-150x150.jpg\" class=\"attachment-thumbnail size-thumbnail\" alt=\"\" \/><\/a>\n\t\t\t\t<\/dt><\/dl><br style=\"clear: both\" \/><dl class='gallery-item'>\n\t\t\t\t<dt class='gallery-icon portrait'>\n\t\t\t\t\t<a class=\"rollover rollover-zoom dt-pswp-item\" title=\"218172798_2960121537574677_5159444851178523383_n\" data-dt-img-description=\"\" data-large_image_width=\"151\" data-large_image_height=\"247\"href='https:\/\/www.radiopiu.net\/wordpress\/wp-content\/uploads\/2021\/07\/218172798_2960121537574677_5159444851178523383_n-1.jpg'><img loading=\"lazy\" decoding=\"async\" width=\"150\" height=\"150\" src=\"https:\/\/www.radiopiu.net\/wordpress\/wp-content\/uploads\/2021\/07\/218172798_2960121537574677_5159444851178523383_n-1-150x150.jpg\" class=\"attachment-thumbnail size-thumbnail\" alt=\"\" \/><\/a>\n\t\t\t\t<\/dt><\/dl><dl class='gallery-item'>\n\t\t\t\t<dt class='gallery-icon landscape'>\n\t\t\t\t\t<a class=\"rollover rollover-zoom dt-pswp-item\" title=\"218069953_902400360352602_1106741042950820860_n\" data-dt-img-description=\"\" data-large_image_width=\"312\" data-large_image_height=\"206\"href='https:\/\/www.radiopiu.net\/wordpress\/wp-content\/uploads\/2021\/07\/218069953_902400360352602_1106741042950820860_n-1.jpg'><img loading=\"lazy\" decoding=\"async\" width=\"150\" height=\"150\" src=\"https:\/\/www.radiopiu.net\/wordpress\/wp-content\/uploads\/2021\/07\/218069953_902400360352602_1106741042950820860_n-1-150x150.jpg\" class=\"attachment-thumbnail size-thumbnail\" alt=\"\" \/><\/a>\n\t\t\t\t<\/dt><\/dl><dl class='gallery-item'>\n\t\t\t\t<dt class='gallery-icon landscape'>\n\t\t\t\t\t<a class=\"rollover rollover-zoom dt-pswp-item\" title=\"218204575_423473385459825_3414667509378522656_n\" data-dt-img-description=\"\" data-large_image_width=\"333\" data-large_image_height=\"206\"href='https:\/\/www.radiopiu.net\/wordpress\/wp-content\/uploads\/2021\/07\/218204575_423473385459825_3414667509378522656_n-1.jpg'><img loading=\"lazy\" decoding=\"async\" width=\"150\" height=\"150\" src=\"https:\/\/www.radiopiu.net\/wordpress\/wp-content\/uploads\/2021\/07\/218204575_423473385459825_3414667509378522656_n-1-150x150.jpg\" class=\"attachment-thumbnail size-thumbnail\" alt=\"\" \/><\/a>\n\t\t\t\t<\/dt><\/dl><dl class='gallery-item'>\n\t\t\t\t<dt class='gallery-icon landscape'>\n\t\t\t\t\t<a class=\"rollover rollover-zoom dt-pswp-item\" title=\"217674056_337441441356538_8409185578835310968_n\" data-dt-img-description=\"\" data-large_image_width=\"293\" data-large_image_height=\"206\"href='https:\/\/www.radiopiu.net\/wordpress\/wp-content\/uploads\/2021\/07\/217674056_337441441356538_8409185578835310968_n-1.jpg'><img loading=\"lazy\" decoding=\"async\" width=\"150\" height=\"150\" src=\"https:\/\/www.radiopiu.net\/wordpress\/wp-content\/uploads\/2021\/07\/217674056_337441441356538_8409185578835310968_n-1-150x150.jpg\" class=\"attachment-thumbnail size-thumbnail\" alt=\"\" \/><\/a>\n\t\t\t\t<\/dt><\/dl><dl class='gallery-item'>\n\t\t\t\t<dt class='gallery-icon landscape'>\n\t\t\t\t\t<a class=\"rollover rollover-zoom dt-pswp-item\" title=\"219840872_228069819175184_1653751498510777612_n\" data-dt-img-description=\"\" data-large_image_width=\"296\" data-large_image_height=\"201\"href='https:\/\/www.radiopiu.net\/wordpress\/wp-content\/uploads\/2021\/07\/219840872_228069819175184_1653751498510777612_n-1.jpg'><img loading=\"lazy\" decoding=\"async\" width=\"150\" height=\"150\" src=\"https:\/\/www.radiopiu.net\/wordpress\/wp-content\/uploads\/2021\/07\/219840872_228069819175184_1653751498510777612_n-1-150x150.jpg\" class=\"attachment-thumbnail size-thumbnail\" alt=\"\" \/><\/a>\n\t\t\t\t<\/dt><\/dl><dl class='gallery-item'>\n\t\t\t\t<dt class='gallery-icon portrait'>\n\t\t\t\t\t<a class=\"rollover rollover-zoom dt-pswp-item\" title=\"218289273_562662758432362_6882714882653136065_n\" data-dt-img-description=\"\" data-large_image_width=\"150\" data-large_image_height=\"225\"href='https:\/\/www.radiopiu.net\/wordpress\/wp-content\/uploads\/2021\/07\/218289273_562662758432362_6882714882653136065_n-1.jpg'><img loading=\"lazy\" decoding=\"async\" width=\"150\" height=\"150\" src=\"https:\/\/www.radiopiu.net\/wordpress\/wp-content\/uploads\/2021\/07\/218289273_562662758432362_6882714882653136065_n-1-150x150.jpg\" class=\"attachment-thumbnail size-thumbnail\" alt=\"\" \/><\/a>\n\t\t\t\t<\/dt><\/dl><br style=\"clear: both\" \/>\n\t\t\t<\/div>\n\n<p>NELLE FOTO (riproduzioni dal libro di Enrico De Lotto \u201cDallo smeraldo di Nerone agli occhiali del Cadore): Calisto Fedon; il cav. Enrico Bonazzola; un grande stabilimento di lenti oftalmiche; alcuni tipi di cerniere metalliche per occhiali in celluloide con relative viti; ai margini di un bosco, a Pelos di Vigo di Cadore, \u00e8 sorto il grande stabilimento di Antonio De Silvestro, per la fabbricazione degli sbozzi per lenti; immagini di aziende cadorine: Fioc di Bianchi, Genova &amp; C.; a Domegge la fabbrica di astucci della Livio Gatto &amp; C.; Grea: la fabbrica di occhiali della Foca; importanti occhialerie sono sorte anche nelle valli del Comelico; le aziende artigiane hanno migliorato i loro piccoli laboratori come nel caso di A Occhialeria Artigiana di Lino Fedon e figli; a Vallesella numerose le fabbriche di montature in celluloide: qui la Monti Cristel ricostruita con criteri moderni; interno della comelicese Ital Tabacchi Alessandro.<\/p>\n<p>&nbsp;<\/p>\n<p>&nbsp;<\/p>\n<hr \/>\n<h1><span style=\"color: #ff0000;\">\u00a0<\/span><span style=\"color: #ff0000;\">\u00a0<\/span><\/h1>\n<p><span style=\"color: #000000;\"><strong>VIDEO<\/strong><\/span><\/p>\n<div>\n<div style=\"width: 852px;\" class=\"wp-video\"><video class=\"wp-video-shortcode\" id=\"video-222802-3\" width=\"852\" height=\"480\" preload=\"metadata\" controls=\"controls\"><source type=\"video\/mp4\" src=\"https:\/\/www.radiopiu.net\/wordpress\/wp-content\/uploads\/2021\/07\/WhatsApp-Video-2021-07-15-at-14.49.27.mp4?_=3\" \/><a href=\"https:\/\/www.radiopiu.net\/wordpress\/wp-content\/uploads\/2021\/07\/WhatsApp-Video-2021-07-15-at-14.49.27.mp4\">https:\/\/www.radiopiu.net\/wordpress\/wp-content\/uploads\/2021\/07\/WhatsApp-Video-2021-07-15-at-14.49.27.mp4<\/a><\/video><\/div>\n<\/div>\n<p>&nbsp;<\/p>\n<hr \/>\n<p>&nbsp;<\/p>\n<blockquote>\n<h3><\/h3>\n<h3><a href=\"https:\/\/www.radiopiu.net\/wordpress\/riaperta-martedi-la-strada-per-carfon-di-canale-dagordo\/canale-dagordo-bl\/\" rel=\"attachment wp-att-155275\"><img loading=\"lazy\" decoding=\"async\" class=\"wp-image-155275 alignleft\" src=\"https:\/\/www.radiopiu.net\/wordpress\/wp-content\/uploads\/2020\/08\/Canale-dAgordo-BL-225x300.jpg\" alt=\"\" width=\"108\" height=\"144\" srcset=\"https:\/\/www.radiopiu.net\/wordpress\/wp-content\/uploads\/2020\/08\/Canale-dAgordo-BL-225x300.jpg 225w, https:\/\/www.radiopiu.net\/wordpress\/wp-content\/uploads\/2020\/08\/Canale-dAgordo-BL-768x1024.jpg 768w, https:\/\/www.radiopiu.net\/wordpress\/wp-content\/uploads\/2020\/08\/Canale-dAgordo-BL-1152x1536.jpg 1152w, https:\/\/www.radiopiu.net\/wordpress\/wp-content\/uploads\/2020\/08\/Canale-dAgordo-BL-1536x2048.jpg 1536w, https:\/\/www.radiopiu.net\/wordpress\/wp-content\/uploads\/2020\/08\/Canale-dAgordo-BL-scaled.jpg 1920w\" sizes=\"auto, (max-width: 108px) 100vw, 108px\" \/><\/a>CONCERTO PER IL PAPA, SABATO A CANALE D&#8217;AGORDO CON LE MUSE E LE DOLOMITI E LA MASTERCLASS<\/h3>\n<\/blockquote>\n<p>&nbsp;<\/p>\n<p>ADELISA TABIADON<\/p>\n<audio class=\"wp-audio-shortcode\" id=\"audio-222802-10\" preload=\"none\" style=\"width: 100%;\" controls=\"controls\"><source type=\"audio\/mpeg\" src=\"https:\/\/www.radiopiu.net\/wordpress\/wp-content\/uploads\/2021\/07\/muse-papa.mp3?_=10\" \/><a href=\"https:\/\/www.radiopiu.net\/wordpress\/wp-content\/uploads\/2021\/07\/muse-papa.mp3\">https:\/\/www.radiopiu.net\/wordpress\/wp-content\/uploads\/2021\/07\/muse-papa.mp3<\/a><\/audio>\n<p>&nbsp;<\/p>\n<p>&nbsp;<\/p>\n<hr \/>\n<p>&nbsp;<\/p>\n<p>&nbsp;<\/p>\n<blockquote class=\"wp-embedded-content\" data-secret=\"y4Kg4uAhlN\"><p><a href=\"https:\/\/www.radiopiu.net\/wordpress\/coppa-doro-delle-dolomiti-a-passo-falzarego-le-foto-di-primo-darman-di-sottoguda\/\">COPPA D&#8217;ORO DELLE DOLOMITI A PASSO FALZAREGO, le foto di Primo Darman di Sottoguda<\/a><\/p><\/blockquote>\n<p><iframe loading=\"lazy\" class=\"wp-embedded-content\" sandbox=\"allow-scripts\" security=\"restricted\" style=\"position: absolute; clip: rect(1px, 1px, 1px, 1px);\" title=\"&#8220;COPPA D&#8217;ORO DELLE DOLOMITI A PASSO FALZAREGO, le foto di Primo Darman di Sottoguda&#8221; &#8212; Radio Pi\u00f9\" src=\"https:\/\/www.radiopiu.net\/wordpress\/coppa-doro-delle-dolomiti-a-passo-falzarego-le-foto-di-primo-darman-di-sottoguda\/embed\/#?secret=y4Kg4uAhlN\" data-secret=\"y4Kg4uAhlN\" width=\"600\" height=\"338\" frameborder=\"0\" marginwidth=\"0\" marginheight=\"0\" scrolling=\"no\"><\/iframe><\/p>\n<p>&nbsp;<\/p>\n<p>&nbsp;<\/p>\n<hr \/>\n<blockquote>\n<h3><\/h3>\n<h3>UNA MOSTRA PER RICORDARE PADRE DOMENICO DE ROCCO<\/h3>\n<\/blockquote>\n<p><strong><a href=\"https:\/\/www.radiopiu.net\/wordpress\/una-mostra-per-ricordare-padre-domenico-de-rocco\/padre-domenico-de-rocco-mostra\/\" rel=\"attachment wp-att-221865\"><img loading=\"lazy\" decoding=\"async\" class=\" wp-image-221865 alignleft\" src=\"https:\/\/www.radiopiu.net\/wordpress\/wp-content\/uploads\/2021\/07\/Padre-Domenico-De-Rocco-Mostra-210x300.jpg\" alt=\"\" width=\"142\" height=\"202\" srcset=\"https:\/\/www.radiopiu.net\/wordpress\/wp-content\/uploads\/2021\/07\/Padre-Domenico-De-Rocco-Mostra-210x300.jpg 210w, https:\/\/www.radiopiu.net\/wordpress\/wp-content\/uploads\/2021\/07\/Padre-Domenico-De-Rocco-Mostra-717x1024.jpg 717w, https:\/\/www.radiopiu.net\/wordpress\/wp-content\/uploads\/2021\/07\/Padre-Domenico-De-Rocco-Mostra-768x1097.jpg 768w, https:\/\/www.radiopiu.net\/wordpress\/wp-content\/uploads\/2021\/07\/Padre-Domenico-De-Rocco-Mostra-1075x1536.jpg 1075w, https:\/\/www.radiopiu.net\/wordpress\/wp-content\/uploads\/2021\/07\/Padre-Domenico-De-Rocco-Mostra-1433x2048.jpg 1433w, https:\/\/www.radiopiu.net\/wordpress\/wp-content\/uploads\/2021\/07\/Padre-Domenico-De-Rocco-Mostra-scaled.jpg 1792w\" sizes=\"auto, (max-width: 142px) 100vw, 142px\" \/><\/a><\/strong><\/p>\n<p>&nbsp;<\/p>\n<p><strong>CANALE D&#8217;AGORDO<\/strong>\u00a0 Per ricordare la figura di Padre Domenico De Rocco il Museo Albino Luciani ha organizzato una mostra:\u00a0 P. Domenico De Rocco (1889-1958) e la Cina,\u00a0 le avventure di un missionario perseguitato nel Sol Levante, un viaggio dalle Dolomiti alla Cina, che attraversa le esperienze missionarie di Matteo Ricci, Martino Martini e Josef Freinademetz e racconta con fascino e curiosit\u00e0 l&#8217;avventura umana e cristiana e missionaria verso l&#8217;Oriente. La mostra rester\u00e0 aperta fino al 31 ottobre con il seguente orario: fino al 12 settembre tutti i giorni 9.00-13.00 e 15.00-19.00. Dal 13 settembre al 31 ottobre: venerd\u00ec, sabato e domenica 9.00-12.00 e 15.00-18.00.<\/p>\n<p>&nbsp;<\/p>\n<p>&nbsp;<\/p>\n<blockquote>\n<h3>150\u00b0 di FONDAZIONE DELLA PRIMA LATTERIA D&#8217;ITALIA A FORNO DI CANALE 8 gennaio 1872<\/h3>\n<\/blockquote>\n<div><strong>CANALE D&#8217;AGORDO<\/strong> In preparazione all&#8217;evento\u00a0 <b>Loris Serafini<\/b> presenter\u00e0\u00a0<b>sabato\u00a0 <\/b>alle <b>17.30<\/b> presso il Museo Albino Luciani di Canale d&#8217;Agordo\u00a0<i>la <\/i><b>nuova biografia su don Antonio della Lucia<\/b>, sacerdote illuminato e personalit\u00e0 dallo straordinario spessore sociale e umano, molto attivo ed importante per la storia e lo sviluppo del territorio della Val del Biois e dell&#8217;Agordino. La presentazione \u00e8 propedeutica alla conferenza alla quale parteciper\u00e0 Marco Zabotti e che si terr\u00e0 venerd\u00ec alle\u00a0 17.30 e verranno messe a confronto la figura di Don Antonio della Lucia e del Beato Toniolo. P<u>renotazione <\/u>allo 04371948001 oppure via WhatsApp al 3779665237.<\/div>\n<p>&nbsp;<\/p>\n<p>&nbsp;<\/p>\n<hr \/>\n<div class=\"mkdf-post-text\">\n<div class=\"mkdf-post-text-inner\">\n<div class=\"mkdf-post-text-main\">\n<p>&nbsp;<\/p>\n<blockquote>\n<h3>TEATRO SOTTO LE STELLE A LONGANO<\/h3>\n<\/blockquote>\n<p><strong><a href=\"https:\/\/www.radiopiu.net\/wordpress\/giornale-radiopiu-15-luglio-2021-direttore-mirko-mezzacasa\/a873dcdf-7d90-4cca-81c0-1386d33bb6b5\/\" rel=\"attachment wp-att-221760\"><img loading=\"lazy\" decoding=\"async\" class=\"wp-image-221760 alignleft\" src=\"https:\/\/www.radiopiu.net\/wordpress\/wp-content\/uploads\/2021\/07\/a873dcdf-7d90-4cca-81c0-1386d33bb6b5-212x300.jpg\" alt=\"\" width=\"136\" height=\"192\" srcset=\"https:\/\/www.radiopiu.net\/wordpress\/wp-content\/uploads\/2021\/07\/a873dcdf-7d90-4cca-81c0-1386d33bb6b5-212x300.jpg 212w, https:\/\/www.radiopiu.net\/wordpress\/wp-content\/uploads\/2021\/07\/a873dcdf-7d90-4cca-81c0-1386d33bb6b5-724x1024.jpg 724w, https:\/\/www.radiopiu.net\/wordpress\/wp-content\/uploads\/2021\/07\/a873dcdf-7d90-4cca-81c0-1386d33bb6b5-768x1086.jpg 768w, https:\/\/www.radiopiu.net\/wordpress\/wp-content\/uploads\/2021\/07\/a873dcdf-7d90-4cca-81c0-1386d33bb6b5-1086x1536.jpg 1086w, https:\/\/www.radiopiu.net\/wordpress\/wp-content\/uploads\/2021\/07\/a873dcdf-7d90-4cca-81c0-1386d33bb6b5.jpg 1131w\" sizes=\"auto, (max-width: 136px) 100vw, 136px\" \/><\/a> <\/strong><\/p>\n<p><strong>\u00a0<\/strong><\/p>\n<p><strong>SEDICO <\/strong>Il Comitato Ricreativo di Longano in collaborazione con l&#8217;Associazione Festeggiamenti Bribano in occasione di San Giacomo, patrono di Bribano, organizzano &#8220;Teatro Sotto Le Stelle&#8221;. Sabato 24 luglio alle 20:30 presso la Casa Comunale di Longano andr\u00e0 in scena &#8220;Sogno Di Una Felice Europa&#8221; scritto e interpretato da Roberto Faoro con le musiche dal vivo di Piero Bolzan. Uno spettacolo teatrale intenso e divertente che racconta tra risate e momenti drammatici le differenza tra nazioni e l&#8217;importanza dell&#8217;integrazione fra popoli. In caso di maltempo la manifestazione sar\u00e0 rinviata ad altra data.<\/p>\n<p>&nbsp;<\/p>\n<p>&nbsp;<\/p>\n<p>&nbsp;<\/p>\n<p>&nbsp;<\/p>\n<\/div>\n<div class=\"mkdf-post-text-main\">\n<hr \/>\n<p>&nbsp;<\/p>\n<p>&nbsp;<\/p>\n<blockquote>\n<h3>LA FERITA E IL DONO, A VILLA PAGANINI A 250 ANNI DALLA FRANA CHE ORIGINO&#8217; IL LAGO<\/h3>\n<\/blockquote>\n<p><a href=\"https:\/\/www.radiopiu.net\/wordpress\/giornale-radiopiu-17-luglio-2021-direttore-mirko-mezzacasa\/loc-la-ferita-e-il-dono_5-bassa-1\/\" rel=\"attachment wp-att-222058\"><img loading=\"lazy\" decoding=\"async\" class=\"size-medium wp-image-222058 alignleft\" src=\"https:\/\/www.radiopiu.net\/wordpress\/wp-content\/uploads\/2021\/07\/loc-la-ferita-e-il-dono_5-bassa-1-212x300.jpg\" alt=\"\" width=\"212\" height=\"300\" srcset=\"https:\/\/www.radiopiu.net\/wordpress\/wp-content\/uploads\/2021\/07\/loc-la-ferita-e-il-dono_5-bassa-1-212x300.jpg 212w, https:\/\/www.radiopiu.net\/wordpress\/wp-content\/uploads\/2021\/07\/loc-la-ferita-e-il-dono_5-bassa-1-724x1024.jpg 724w, https:\/\/www.radiopiu.net\/wordpress\/wp-content\/uploads\/2021\/07\/loc-la-ferita-e-il-dono_5-bassa-1-768x1086.jpg 768w, https:\/\/www.radiopiu.net\/wordpress\/wp-content\/uploads\/2021\/07\/loc-la-ferita-e-il-dono_5-bassa-1-1086x1536.jpg 1086w, https:\/\/www.radiopiu.net\/wordpress\/wp-content\/uploads\/2021\/07\/loc-la-ferita-e-il-dono_5-bassa-1-1448x2048.jpg 1448w, https:\/\/www.radiopiu.net\/wordpress\/wp-content\/uploads\/2021\/07\/loc-la-ferita-e-il-dono_5-bassa-1-scaled.jpg 1810w\" sizes=\"auto, (max-width: 212px) 100vw, 212px\" \/><\/a><strong>ALLEGHE<\/strong> Sabato 24 luglio alle 21, nella splendida cornice di Villa Paganini Ruspoli a Masar\u00e8 di Rocca Pietore sulle sponde del Lago di Alleghe, sar\u00e0 ricordato il 250\u00b0 anno dal distacco della frana che, sbarrando il torrente Cordevole, diede origine al Lago di Alleghe. La serata sar\u00e0 incentrata sullo spettacolo, reading musicale,\u201cLago di Alleghe, LA FERITA E IL DONO\u201d creato e portato in scena dall\u2019attrice e autrice Susanna Cro con le musiche originali eseguite dal vivo dal maestro Diego De Pasqual e il disegno luci di Paolo Pellicciari.Con gli artisti bellunesi, in \u201cLago di Alleghe, LA FERITA E Il DONO\u201d ci si immerge nelle vicende storiche ed ambientali che hanno portato alla formazione del lago di Alleghe e negli accadimenti correlati ad essa, in una restituzione a pi\u00f9 livelli di significato nutrita dall\u2019ascolto attivo dei luoghi. Attraverso l\u2019utilizzo di una drammaturgia che integra al piano narrativo, gli originali documenti settecenteschi resi fruibili dagli archivi veneziani da Gio-Maria Antonio Del Negro e finestre poetiche che creano legami empatici con i vissuti emotivi, si percorrono, in un flusso unitario i fatti, le relazioni e la corrispondenza interiore al reale che si manifesta. Il lago \u00e8 stato vissuto come ferita che, attraverso la meraviglia della sua naturale esistenza, si \u00e8 poi disvelato quale dono nel cambiamento.Tra le fonti tecniche e storiche utilizzate anche \u201cIl lago di Alleghe tragedia e fascino\u201d di Gio-Maria Antonio Del Negro e \u201cLa formazione del lago di Alleghe\u201d di Giorgio Fontanive, entrambi studiosi locali.L\u2019evento \u00e8 organizzato in collaborazione tra le amministrazioni comunali di Alleghe e Rocca Pietore e il Consorzio Operatori Turistici Alleghe Caprile. In caso di maltempo l\u2019evento si svolger\u00e0 presso il Centro Congressi di Alleghe. Informazioni e prenotazioni presso l\u2019ufficio turistico di Alleghe 0437-523333, consorzio@alleghe.info &#8211; posti limitati<\/p>\n<p>&nbsp;<\/p>\n<p>&nbsp;<\/p>\n<hr \/>\n<p>&nbsp;<\/p>\n<blockquote>\n<h3>RITORNA &#8220;ROMANTICAVIOLA&#8221;<\/h3>\n<\/blockquote>\n<p><strong>FALCADE<\/strong> Due appuntamenti per il ritorno di &#8220;RomantiCaviola&#8221;. Sabato 24 luglio dalle 10 alle 20 in Via Lungo Tegosa il mercatino dell&#8217;artigianato locale, prodotti tipici e hobbystica con la mostra della vita rurale della Valle del Biois. Sabato 7 agosto\u00a0 il secondo e ultimo appuntamento con il concerto degli East Sunset in Piazza Pertini dalle 20:30 e alle 22:30 i fuochi d&#8217;artificio.<\/p>\n<p>&nbsp;<\/p>\n<p>&nbsp;<\/p>\n<hr \/>\n<p>&nbsp;<\/p>\n<blockquote>\n<h3>AL CALAR DELLA SERA&#8230;CON LA BIBLIOTECA DI LIMANA<\/h3>\n<\/blockquote>\n<p><strong>LIMANA <\/strong>Quarto appuntamento della rassegn<span style=\"color: #000000;\">a Al calar della sera &#8230; in Biblioteca! Gioved\u00ec 22 luglio ore 19.00 Aperitivi linguistici <\/span>con i gruppi di conversazione in inglese, francese, tedesco e spagnolo, a cura della scuola Penny Wirton di Limana. Per le prenotazioni scrivere al seguente indirizzo: <a class=\"moz-txt-link-abbreviated\" href=\"mailto:sbogo.limana@valbelluna.bl.it\">sbogo.limana@valbelluna.bl.it<\/a> o telefonare al n. 0437970868.<\/p>\n<p>&nbsp;<\/p>\n<p>&nbsp;<\/p>\n<hr \/>\n<p>&nbsp;<\/p>\n<blockquote>\n<h3>LUCA MERCALLI PRESENTA IL SUO LIBRO A SAN GREGORIO NELLE ALPI<\/h3>\n<\/blockquote>\n<p><strong>SAN GREGORIO NELLE ALPI <\/strong>Lunedi\u00a0 26 luglio 2021 alle ore 17.00 in Piazza del Municipio a San Gregorio nelle Alpi\u00a0 Luca Mercalli presenter\u00e0 il suo libro \u201cSalire in montagna\u201d. Organizzazione a cura della Consulta Giovani, della Pro Loco e del Comune di San Gregorio nelle Alpi.<\/p>\n<p>&nbsp;<\/p>\n<p>&nbsp;<\/p>\n<hr \/>\n<p>&nbsp;<\/p>\n<blockquote>\n<h3>MOSTRA ALLA CASA FRAZIONALE<\/h3>\n<\/blockquote>\n<p><strong>VAL DI ZOLDO<\/strong> L\u2019associazione Mont de Vie e il Comune Val di Zoldo propongono un nuovo evento culturale per l\u2019estate 2021: una mostra nella Casa frazionale ed un itinerario fotografico dei primi del Novecento lungo le vie del borgo di Bragarezza. Promuovendo questa affascinante iniziativa culturale, il Comune intende proseguire sul solco della riscoperta e valorizzazione delle eccellenze locali: solco tracciato dalla celebrata mostra \u201cLe barche dei Casal\u201d, che nel 2019 ha richiamato 6600 visitatori in poco piu\u0300 di tre mesi. L\u2019inaugurazione dell\u2019evento avra\u0300 luogo a Bragarezza il 21 luglio alle ore 17. La mostra presso la Casa frazionale sara\u0300 aperta tutti i giorni dal 22 luglio al 12 settembre dalle 10 alle 12 e dalle 16 alle 19, con ingresso libero, e prosegue con una serie di gigantografie a cielo aperto. Per l\u2019occasione, e\u0300 stato dato alle stampe il libro \u201cI fotografi di un paese\u201d a cura di Paolo Lazzarin e Fabio Santin, con introduzione di Italo Zannier. Per informazioni: associazione Mont de Vie 3482932772<\/p>\n<p>&nbsp;<\/p>\n<hr \/>\n<p>&nbsp;<\/p>\n<blockquote>\n<h3>I KAIMANI DEL PIAVE AL TEATRO COMUNALE DI BELLUNO<\/h3>\n<\/blockquote>\n<p><strong><a href=\"https:\/\/www.radiopiu.net\/wordpress\/giornale-radiopiu-21-luglio-2021-direttore-mirko-mezzacasa\/kaimani-del-piave\/\" rel=\"attachment wp-att-222871\"><img loading=\"lazy\" decoding=\"async\" class=\" wp-image-222871 alignleft\" src=\"https:\/\/www.radiopiu.net\/wordpress\/wp-content\/uploads\/2021\/07\/KAIMANI-DEL-PIAVE-300x216.jpg\" alt=\"\" width=\"158\" height=\"114\" srcset=\"https:\/\/www.radiopiu.net\/wordpress\/wp-content\/uploads\/2021\/07\/KAIMANI-DEL-PIAVE-300x216.jpg 300w, https:\/\/www.radiopiu.net\/wordpress\/wp-content\/uploads\/2021\/07\/KAIMANI-DEL-PIAVE-1024x739.jpg 1024w, https:\/\/www.radiopiu.net\/wordpress\/wp-content\/uploads\/2021\/07\/KAIMANI-DEL-PIAVE-768x554.jpg 768w, https:\/\/www.radiopiu.net\/wordpress\/wp-content\/uploads\/2021\/07\/KAIMANI-DEL-PIAVE.jpg 1167w\" sizes=\"auto, (max-width: 158px) 100vw, 158px\" \/><\/a>BELLUNO<\/strong> Per la rassegna Luglio Jazz del Circolo Culturale Bellunese ultimo appuntamento domenica alle 18 al Teatro Comunale di Belluno dove si esibir\u00e0 la blues band I Kaimani Del Piave. Concerto a ingresso libero, per concludere al meglio una rassegna jazz che gi\u00e0 molti appassionati chiedono sia riproposta l&#8217;anno prossimo. Come sempre, prenotazione richiesta, presso Agenzia Alpe Bellunese: tel. 0437 940407, e-mail: info@alpebellunese.it. Misure anticovid e distanziamento. Si ricorda l&#8217;utilizzo della mascherina. Informazioni, programma completo di Luglio Jazz e note di sala sono sempre consultabili su: www.belcircolo.org.<\/p>\n<p>&nbsp;<\/p>\n<p>&nbsp;<\/p>\n<hr \/>\n<p>&nbsp;<\/p>\n<blockquote>\n<h3>FILARMONICA 1867 IN NEVEGAL<\/h3>\n<p><strong>BELLUNO\u00a0<\/strong> Sabato <span style=\"font-family: Verdana, sans-serif;\"><span style=\"font-size: small;\">l concerto al Santuario\u00a0 del Nevegal dalle 21 con ingresso gratuito. Sul palco<\/span><\/span> la Filarmonica Di Belluno 1867 che <span style=\"color: #222222;\"><span style=\"font-family: Verdana, sans-serif;\"><span style=\"font-size: small;\"><span style=\"color: #000000;\">proporr\u00e0 un ricco e articolato programma musicale; la prima parte dello spettacolo sar\u00e0 caratterizzata dalle esibizioni\u00a0di alcuni gruppi di musica da camera nati in seno alla Filarmonica, mentre nella seconda parte la Filarmonica a pieno organico presenter\u00e0 brani di musica originale\u00a0per orchestra di fiati, arrangiamenti\u00a0di musica classica e colonne sonore. La direzione musicale sar\u00e0 affidata ai maestri Sandro De Marchi e Andrea Gasperin.<\/span><\/span><\/span><\/span><\/p><\/blockquote>\n<p>&nbsp;<\/p>\n<hr \/>\n<p>&nbsp;<\/p>\n<blockquote>\n<h3><a href=\"https:\/\/www.radiopiu.net\/wordpress\/giornale-radiopiu-20-luglio-2021-direttore-mirko-mezzacasa\/10364118_706292326103957_4699429107244899270_n-2\/\" rel=\"attachment wp-att-222816\"><img loading=\"lazy\" decoding=\"async\" class=\"wp-image-222816 alignleft\" src=\"https:\/\/www.radiopiu.net\/wordpress\/wp-content\/uploads\/2021\/07\/10364118_706292326103957_4699429107244899270_n-216x300.jpg\" alt=\"\" width=\"135\" height=\"188\" srcset=\"https:\/\/www.radiopiu.net\/wordpress\/wp-content\/uploads\/2021\/07\/10364118_706292326103957_4699429107244899270_n-216x300.jpg 216w, https:\/\/www.radiopiu.net\/wordpress\/wp-content\/uploads\/2021\/07\/10364118_706292326103957_4699429107244899270_n.jpg 425w\" sizes=\"auto, (max-width: 135px) 100vw, 135px\" \/><\/a>FINE SETTIMANA CON IL CIRCOLO CULTURALE AGORDINO, IN SALA DON TAMIS<\/h3>\n<\/blockquote>\n<p><strong>VENERDI<\/strong>\u00a0 ALLE 17.30\u00a0 il libro di Mario Agnoli a cura di Marina Zampolini Agnoli &#8220;Le mie radici, poesie racconti e ricordi della terra dolomitica&#8221;. A presentare il volume\u00a0 edito da Nuovi Sentieri\u00a0 Loris Santomaso e Bepi Pellegrinon. Agnoli: originario di Valle di Cadore, ma agordino di adozione \u00e8 morto nel 2017, \u00e8 stato Segretario\u00a0 Generale del Comune di Pistoia, scrittore e poeta.<\/p>\n<p><strong>SABATO<\/strong> ALLE 17.30\u00a0 &#8220;La natura, l&#8217;uomo e la storia&#8221;, come raccontare il territorio oggi e come \u00e8 stato narrato da Mariannina Del Din Dall&#8217;Armi, Presentazione della ristampa di &#8220;Dissesti idrogeologici ed eventi calamitosi dell&#8217;Agordino dal 1000 al 1956&#8221;. Inververranno: il geologo\u00a0 Vittorio Fenti; la ricercatrice dell&#8217;Universit\u00e0 C\u00e0 Foscari di Venezia Sara Luchetta; il presidente GDS Dolomiti Manolo Piat. Verr\u00e0 proiettato\u00a0 il filmato storico del &#8220;Floc&#8221;, l&#8217;alluvione del 1956 a La Valle recuperato e riproposto\u00a0 da Pino Sento con Adriano Bianchi. <span style=\"font-family: Arial, sans-serif;\">A trentacinque anni dalla sua pubblicazione, il Circolo Culturale Agordino si \u00e8 impegnato nella ristampa del volume scritto da Mariannina Del Din Dall\u2019Armi. \u00a0Il tema centrale dell\u2019evento non sar\u00e0 il libro ristampato, che rimarr\u00e0 comunque sempre il filo conduttore della serata, ma il valore aggiunto che la ricerca storica, scientifica e l\u2019intento divulgativo della pubblicistica locale possano dare nel far conoscere, ad un pubblico ampio e poco esperto, eventi complessi come il rapporto tra ambiente naturale e uomo. <\/span><\/p>\n<p>&nbsp;<\/p>\n<hr \/>\n<p>&nbsp;<\/p>\n<blockquote>\n<h3>CON IL CLUB ALPINO ITALIANO A MONDEVAL<\/h3>\n<p><strong>AGORDO<\/strong> Domenica escursione di alpinismo giovanile nel gruppo Croda da Lago-Cernera. Ritrovo alle 8.30 al parcheggio di Passo Giau, tempo 5-6 ore, dislivello 400 metri.\u00a0 Info 3806983040.<\/p><\/blockquote>\n<p>&nbsp;<\/p>\n<p>&nbsp;<\/p>\n<hr \/>\n<p>&nbsp;<\/p>\n<h1><span style=\"color: #ff0000;\">IERI ALLA RADIO<\/span><\/h1>\n<h2><strong><a href=\"https:\/\/www.radiopiu.net\/wordpress\/artisti-in-vetrina-la-mostra-a-vetrina-aperta-di-agordo\/607ba3a6-b9ae-49f2-b659-216af1bcc06c\/\" rel=\"attachment wp-att-222880\"><img loading=\"lazy\" decoding=\"async\" class=\"size-medium wp-image-222880 alignleft\" src=\"https:\/\/www.radiopiu.net\/wordpress\/wp-content\/uploads\/2021\/07\/607ba3a6-b9ae-49f2-b659-216af1bcc06c-300x192.jpg\" alt=\"\" width=\"300\" height=\"192\" srcset=\"https:\/\/www.radiopiu.net\/wordpress\/wp-content\/uploads\/2021\/07\/607ba3a6-b9ae-49f2-b659-216af1bcc06c-300x192.jpg 300w, https:\/\/www.radiopiu.net\/wordpress\/wp-content\/uploads\/2021\/07\/607ba3a6-b9ae-49f2-b659-216af1bcc06c-1024x657.jpg 1024w, https:\/\/www.radiopiu.net\/wordpress\/wp-content\/uploads\/2021\/07\/607ba3a6-b9ae-49f2-b659-216af1bcc06c-768x493.jpg 768w, https:\/\/www.radiopiu.net\/wordpress\/wp-content\/uploads\/2021\/07\/607ba3a6-b9ae-49f2-b659-216af1bcc06c.jpg 1500w\" sizes=\"auto, (max-width: 300px) 100vw, 300px\" \/><\/a><span style=\"color: #ff9900;\">ARTISTI IN VETRINA. LA MOSTRA A VETRINA APERTA DI AGORDO<\/span><\/strong><\/h2>\n<p><strong>di Claudio Fontanive<\/strong><\/p>\n<p>OSPITE: Chiara Fontanive, assessore del comune di Agordo<\/p>\n<audio class=\"wp-audio-shortcode\" id=\"audio-222802-11\" preload=\"none\" style=\"width: 100%;\" controls=\"controls\"><source type=\"audio\/mpeg\" src=\"https:\/\/www.radiopiu.net\/wordpress\/wp-content\/uploads\/2021\/07\/mostra-agordo.mp3?_=11\" \/><a href=\"https:\/\/www.radiopiu.net\/wordpress\/wp-content\/uploads\/2021\/07\/mostra-agordo.mp3\">https:\/\/www.radiopiu.net\/wordpress\/wp-content\/uploads\/2021\/07\/mostra-agordo.mp3<\/a><\/audio>\n<p>&nbsp;<\/p>\n<hr \/>\n<p>&nbsp;<\/p>\n<h3><strong>&#8220;I MISTERI DI ALLEGHE DI SERGIO SAVIANE&#8221; ALLA RADIO CON L&#8217;ATTORE ROBERTO FAORO . . . OGNI GIORNO DAL LUNEDI AL VENERDI ALLE 15.30\u00a0\u00a0<\/strong><\/h3>\n<p><em><a href=\"https:\/\/www.radiopiu.net\/wordpress\/i-misteri-di-alleghe-alla-radio\/th-156\/\" rel=\"attachment wp-att-221036\"><img loading=\"lazy\" decoding=\"async\" class=\"wp-image-221036 alignleft\" src=\"https:\/\/www.radiopiu.net\/wordpress\/wp-content\/uploads\/2021\/07\/th-6.jpg\" alt=\"\" width=\"119\" height=\"147\" \/><\/a>&#8220;Piacere, sono Roberto Faoro poliedrico attore, drammaturgo e regista italiano&#8221;. <\/em><\/p>\n<p>Esperienza, professionalit\u00e0 e passione per il mondo dell\u2019arte e della recitazione sono le tre parole chiave che fanno di Roberto Faoro un attore, drammaturgo, regista e formatore molto conosciuto e apprezzato nel territorio delle Dolomiti Bellunesi, ma anche a livello nazionale.<\/p>\n<p><strong>7\u00aa PUNTATA<\/strong><\/p>\n<audio class=\"wp-audio-shortcode\" id=\"audio-222802-12\" preload=\"none\" style=\"width: 100%;\" controls=\"controls\"><source type=\"audio\/mpeg\" src=\"https:\/\/www.radiopiu.net\/wordpress\/wp-content\/uploads\/2021\/07\/MUMA.mp3?_=12\" \/><a href=\"https:\/\/www.radiopiu.net\/wordpress\/wp-content\/uploads\/2021\/07\/MUMA.mp3\">https:\/\/www.radiopiu.net\/wordpress\/wp-content\/uploads\/2021\/07\/MUMA.mp3<\/a><\/audio>\n<p>&nbsp;<\/p>\n<blockquote class=\"wp-embedded-content\" data-secret=\"sOd9JTfC7P\"><p><a href=\"https:\/\/www.radiopiu.net\/wordpress\/i-misteri-di-alleghe-di-sergio-saviane-alla-radio-con-lattore-roberto-faoro-il-podcast\/\">&#8220;I MISTERI DI ALLEGHE DI SERGIO SAVIANE&#8221; ALLA RADIO CON L&#8217;ATTORE ROBERTO FAORO &#8211; IL PODCAST<\/a><\/p><\/blockquote>\n<p><iframe loading=\"lazy\" class=\"wp-embedded-content\" sandbox=\"allow-scripts\" security=\"restricted\" style=\"position: absolute; clip: rect(1px, 1px, 1px, 1px);\" title=\"&#8220;&#8220;I MISTERI DI ALLEGHE DI SERGIO SAVIANE&#8221; ALLA RADIO CON L&#8217;ATTORE ROBERTO FAORO &#8211; IL PODCAST&#8221; &#8212; Radio Pi\u00f9\" src=\"https:\/\/www.radiopiu.net\/wordpress\/i-misteri-di-alleghe-di-sergio-saviane-alla-radio-con-lattore-roberto-faoro-il-podcast\/embed\/#?secret=sOd9JTfC7P\" data-secret=\"sOd9JTfC7P\" width=\"600\" height=\"338\" frameborder=\"0\" marginwidth=\"0\" marginheight=\"0\" scrolling=\"no\"><\/iframe><\/p>\n<p>&nbsp;<\/p>\n<hr \/>\n<p>&nbsp;<\/p>\n<div class=\"mkdf-post-text\">\n<div class=\"mkdf-post-text-inner\">\n<div class=\"mkdf-post-text-main\">\n<div class=\"page-title-head hgroup\">\n<div class=\"page-title-head hgroup\">\n<p>&nbsp;<\/p>\n<div class=\"page-title-head hgroup\">\n<blockquote>\n<h3 class=\"entry-title\">PLASTIC FREE \u2013 TERZA PUNTATA. L\u2019INTERVISTA A RICCARDO MANCIN, RESPONSABILE VENETO PLASTIC FREE<\/h3>\n<\/blockquote>\n<\/div>\n<div class=\"page-title-breadcrumbs\">\n<p><a href=\"https:\/\/www.radiopiu.net\/wordpress\/plastic-free-terza-puntata-lintervista-a-riccardo-mancin-responsabile-veneto-plastic-free\/plastic-free-2\/\" rel=\"attachment wp-att-222877\"><img loading=\"lazy\" decoding=\"async\" class=\"size-medium wp-image-222877 alignleft\" src=\"https:\/\/www.radiopiu.net\/wordpress\/wp-content\/uploads\/2021\/07\/PLASTIC-FREE-300x150.jpg\" alt=\"\" width=\"300\" height=\"150\" srcset=\"https:\/\/www.radiopiu.net\/wordpress\/wp-content\/uploads\/2021\/07\/PLASTIC-FREE-300x150.jpg 300w, https:\/\/www.radiopiu.net\/wordpress\/wp-content\/uploads\/2021\/07\/PLASTIC-FREE-768x384.jpg 768w, https:\/\/www.radiopiu.net\/wordpress\/wp-content\/uploads\/2021\/07\/PLASTIC-FREE.jpg 1024w\" sizes=\"auto, (max-width: 300px) 100vw, 300px\" \/><\/a>A cura di Martina Smaniotto<\/p>\n<p><strong>AUDIO TERZA PUNTATA<\/strong><\/p>\n<p>&nbsp;<\/p>\n<p>&nbsp;<\/p>\n<p>&nbsp;<\/p>\n<audio class=\"wp-audio-shortcode\" id=\"audio-222802-13\" preload=\"none\" style=\"width: 100%;\" controls=\"controls\"><source type=\"audio\/mpeg\" src=\"https:\/\/www.radiopiu.net\/wordpress\/wp-content\/uploads\/2021\/07\/PLASTIC-FREE-PUNTATA-3-1.mp3?_=13\" \/><a href=\"https:\/\/www.radiopiu.net\/wordpress\/wp-content\/uploads\/2021\/07\/PLASTIC-FREE-PUNTATA-3-1.mp3\">https:\/\/www.radiopiu.net\/wordpress\/wp-content\/uploads\/2021\/07\/PLASTIC-FREE-PUNTATA-3-1.mp3<\/a><\/audio>\n<p><strong>LA RACCOLTA COMPLETA<\/strong><\/p>\n<\/div>\n<blockquote class=\"wp-embedded-content\" data-secret=\"RtQhMGPHEg\"><p><a href=\"https:\/\/www.radiopiu.net\/wordpress\/plastic-free-per-un-mondo-senza-plastica\/\">PLASTIC FREE per un mondo senza plastica<\/a><\/p><\/blockquote>\n<p><iframe loading=\"lazy\" class=\"wp-embedded-content\" sandbox=\"allow-scripts\" security=\"restricted\" style=\"position: absolute; clip: rect(1px, 1px, 1px, 1px);\" title=\"&#8220;PLASTIC FREE per un mondo senza plastica&#8221; &#8212; Radio Pi\u00f9\" src=\"https:\/\/www.radiopiu.net\/wordpress\/plastic-free-per-un-mondo-senza-plastica\/embed\/#?secret=RtQhMGPHEg\" data-secret=\"RtQhMGPHEg\" width=\"600\" height=\"338\" frameborder=\"0\" marginwidth=\"0\" marginheight=\"0\" scrolling=\"no\"><\/iframe><\/p>\n<p>&nbsp;<\/p>\n<hr \/>\n<p>&nbsp;<\/p>\n<div class=\"mkdf-post-text\">\n<div class=\"mkdf-post-text-inner\">\n<div class=\"mkdf-post-text-main\">\n<blockquote class=\"wp-embedded-content\" data-secret=\"9L9cFB2v6B\"><p><a href=\"https:\/\/www.radiopiu.net\/wordpress\/da-ieri-alla-radio-in-palinsesto-loris-e-maurizio-con-la-grande-musica\/\">IL BLUES ALLA RADIO &#8230; COME NON L&#8217;AVETE MAI SENTITO PRIMA<\/a><\/p><\/blockquote>\n<p><iframe loading=\"lazy\" class=\"wp-embedded-content\" sandbox=\"allow-scripts\" security=\"restricted\" style=\"position: absolute; clip: rect(1px, 1px, 1px, 1px);\" title=\"&#8220;IL BLUES ALLA RADIO &#8230; COME NON L&#8217;AVETE MAI SENTITO PRIMA&#8221; &#8212; Radio Pi\u00f9\" src=\"https:\/\/www.radiopiu.net\/wordpress\/da-ieri-alla-radio-in-palinsesto-loris-e-maurizio-con-la-grande-musica\/embed\/#?secret=9L9cFB2v6B\" data-secret=\"9L9cFB2v6B\" width=\"600\" height=\"338\" frameborder=\"0\" marginwidth=\"0\" marginheight=\"0\" scrolling=\"no\"><\/iframe><\/p>\n<p>&nbsp;<\/p>\n<hr \/>\n<p>&nbsp;<\/p>\n<div class=\"mkdf-post-text\">\n<div class=\"mkdf-post-text-inner\">\n<div class=\"mkdf-post-text-main\">\n<div>\n<div class=\"page-title-head hgroup\">\n<div class=\"page-title-head hgroup\">\n<div class=\"page-title-head hgroup\">\n<div class=\"page-title-head hgroup\">\n<div class=\"b654a4as d2edcug0\">\n<blockquote>\n<blockquote>\n<h2><a href=\"https:\/\/www.radiopiu.net\/wordpress\/speciale-solidarieta-veneto\/solidarieta-veneto-3\/\" rel=\"attachment wp-att-134366\"><img loading=\"lazy\" decoding=\"async\" class=\"wp-image-134366 alignleft\" src=\"https:\/\/www.radiopiu.net\/wordpress\/wp-content\/uploads\/2020\/05\/solidariet\u00e0-veneto-300x210.jpg\" alt=\"\" width=\"102\" height=\"71\" srcset=\"https:\/\/www.radiopiu.net\/wordpress\/wp-content\/uploads\/2020\/05\/solidariet\u00e0-veneto-300x210.jpg 300w, https:\/\/www.radiopiu.net\/wordpress\/wp-content\/uploads\/2020\/05\/solidariet\u00e0-veneto-1024x717.jpg 1024w, https:\/\/www.radiopiu.net\/wordpress\/wp-content\/uploads\/2020\/05\/solidariet\u00e0-veneto-768x538.jpg 768w, https:\/\/www.radiopiu.net\/wordpress\/wp-content\/uploads\/2020\/05\/solidariet\u00e0-veneto.jpg 1373w\" sizes=\"auto, (max-width: 102px) 100vw, 102px\" \/><\/a>SOLIDARIETA&#8217; VENETO FONDO PENSIONE, IN ONDA IL PRIMO VENERDI DEL MESE ALLE 10.30 E ALLE 19.00 QUINTA STAGIONE<\/h2>\n<\/blockquote>\n<h2><strong><span style=\"color: #ff0000;\">AUDIO LUGLIO 2021<\/span><\/strong><\/h2>\n<\/blockquote>\n<audio class=\"wp-audio-shortcode\" id=\"audio-222802-14\" preload=\"none\" style=\"width: 100%;\" controls=\"controls\"><source type=\"audio\/mpeg\" src=\"https:\/\/www.radiopiu.net\/wordpress\/wp-content\/uploads\/2021\/07\/solidarieta-veneto-luglio-2021.mp3?_=14\" \/><a href=\"https:\/\/www.radiopiu.net\/wordpress\/wp-content\/uploads\/2021\/07\/solidarieta-veneto-luglio-2021.mp3\">https:\/\/www.radiopiu.net\/wordpress\/wp-content\/uploads\/2021\/07\/solidarieta-veneto-luglio-2021.mp3<\/a><\/audio>\n<h2>LA RACCOLTA COMPLETA<\/h2>\n<blockquote class=\"wp-embedded-content\" data-secret=\"dyA5tZG7pk\"><p><a href=\"https:\/\/www.radiopiu.net\/wordpress\/solidarieta-veneto\/\">Solidariet\u00e0 Veneto<\/a><\/p><\/blockquote>\n<p><iframe loading=\"lazy\" class=\"wp-embedded-content\" sandbox=\"allow-scripts\" security=\"restricted\" style=\"position: absolute; clip: rect(1px, 1px, 1px, 1px);\" title=\"&#8220;Solidariet\u00e0 Veneto&#8221; &#8212; Radio Pi\u00f9\" src=\"https:\/\/www.radiopiu.net\/wordpress\/solidarieta-veneto\/embed\/#?secret=dyA5tZG7pk\" data-secret=\"dyA5tZG7pk\" width=\"600\" height=\"338\" frameborder=\"0\" marginwidth=\"0\" marginheight=\"0\" scrolling=\"no\"><\/iframe><\/p>\n<blockquote>\n<h2><\/h2>\n<\/blockquote>\n<p>&nbsp;<\/p>\n<hr \/>\n<p>&nbsp;<\/p>\n<h2><strong><span style=\"color: #ff0000;\">QUINDICINALE APPUNTAMENTO ALLA RADIO<\/span><\/strong><\/h2>\n<blockquote>\n<h3><a style=\"font-size: 14px; font-weight: normal;\" href=\"https:\/\/www.radiopiu.net\/wordpress\/giornale-radiopiu-06-febbraio-2019-direttore-mirko-mezzacasa\/logo_spi-cgil-800x445\/\" rel=\"attachment wp-att-75538\"><img loading=\"lazy\" decoding=\"async\" class=\"wp-image-75538 alignleft\" src=\"https:\/\/www.radiopiu.net\/wordpress\/wp-content\/uploads\/2019\/02\/Logo_Spi-CGIL-800x445-300x167.jpg\" alt=\"\" width=\"210\" height=\"117\" srcset=\"https:\/\/www.radiopiu.net\/wordpress\/wp-content\/uploads\/2019\/02\/Logo_Spi-CGIL-800x445-300x167.jpg 300w, https:\/\/www.radiopiu.net\/wordpress\/wp-content\/uploads\/2019\/02\/Logo_Spi-CGIL-800x445-768x427.jpg 768w, https:\/\/www.radiopiu.net\/wordpress\/wp-content\/uploads\/2019\/02\/Logo_Spi-CGIL-800x445.jpg 800w\" sizes=\"auto, (max-width: 210px) 100vw, 210px\" \/><\/a><\/h3>\n<\/blockquote>\n<blockquote>\n<h3>ALLA RADIO, APPUNTAMENTO QUINDICINALE CON SPI-CGIL BELLUNO, IN STUDIO MARIA RITA GENTILIN<\/h3>\n<\/blockquote>\n<p><strong>di Claudio Fontanive\u00a0<\/strong><\/p>\n<p><span style=\"color: #ff0000;\"><strong>PUNTATA DEL\u00a0 08 luglio 2021<br \/>\n<\/strong><\/span><\/p>\n<audio class=\"wp-audio-shortcode\" id=\"audio-222802-15\" preload=\"none\" style=\"width: 100%;\" controls=\"controls\"><source type=\"audio\/mpeg\" src=\"https:\/\/www.radiopiu.net\/wordpress\/wp-content\/uploads\/2021\/07\/spi-cgil-8-luglio.mp3?_=15\" \/><a href=\"https:\/\/www.radiopiu.net\/wordpress\/wp-content\/uploads\/2021\/07\/spi-cgil-8-luglio.mp3\">https:\/\/www.radiopiu.net\/wordpress\/wp-content\/uploads\/2021\/07\/spi-cgil-8-luglio.mp3<\/a><\/audio>\n<p><span style=\"color: #ff0000;\"><strong>\u00a0<\/strong><\/span><\/p>\n<p>&nbsp;<\/p>\n<p>&nbsp;<\/p>\n<hr \/>\n<p>&nbsp;<\/p>\n<div>\n<div class=\"b654a4as d2edcug0\">\n<div class=\"rq0escxv hkbzh7o3 jwdofwj8 n8tt0mok r8blr3vg hyh9befq\">\n<p><a class=\"dt-pswp-item\" href=\"https:\/\/www.radiopiu.net\/wordpress\/wp-content\/uploads\/2020\/10\/pp.jpg\" data-dt-img-description=\"\" data-large_image_width=\"640\" data-large_image_height=\"640\"><img loading=\"lazy\" decoding=\"async\" class=\"wp-image-163678 alignleft\" src=\"https:\/\/www.radiopiu.net\/wordpress\/wp-content\/uploads\/2020\/10\/pp-300x300.jpg\" alt=\"\" width=\"106\" height=\"106\" srcset=\"https:\/\/www.radiopiu.net\/wordpress\/wp-content\/uploads\/2020\/10\/pp-300x300.jpg 300w, https:\/\/www.radiopiu.net\/wordpress\/wp-content\/uploads\/2020\/10\/pp-150x150.jpg 150w, https:\/\/www.radiopiu.net\/wordpress\/wp-content\/uploads\/2020\/10\/pp-125x125.jpg 125w, https:\/\/www.radiopiu.net\/wordpress\/wp-content\/uploads\/2020\/10\/pp-200x200.jpg 200w, https:\/\/www.radiopiu.net\/wordpress\/wp-content\/uploads\/2020\/10\/pp-80x80.jpg 80w, https:\/\/www.radiopiu.net\/wordpress\/wp-content\/uploads\/2020\/10\/pp-480x480.jpg 480w, https:\/\/www.radiopiu.net\/wordpress\/wp-content\/uploads\/2020\/10\/pp.jpg 640w\" sizes=\"auto, (max-width: 106px) 100vw, 106px\" \/><\/a><\/p>\n<\/div>\n<\/div>\n<\/div>\n<div>\n<div class=\"page-title-head hgroup\">\n<div class=\"page-title-head hgroup\">\n<div class=\"b654a4as d2edcug0\">\n<div class=\"j83agx80 btwxx1t3 lhclo0ds hop8lmos nkwizq5d scwd0bx6 roh60bw9\">\n<div class=\"rq0escxv hkbzh7o3 jwdofwj8 n8tt0mok r8blr3vg hyh9befq\">\n<div class=\"do00u71z l9j0dhe7 k4urcfbm\">\n<h2><span style=\"color: #000080;\">DON CESARE, IL PENSIERO DEL GIORNO. ALLA RADIO ALLE 7 DEL MATTINO E ALLE 19.30 DELLA SERA.\u00a0\u00a0<\/span><\/h2>\n<\/div>\n<\/div>\n<\/div>\n<div><\/div>\n<div><\/div>\n<div><\/div>\n<div>\n<audio class=\"wp-audio-shortcode\" id=\"audio-222802-16\" preload=\"none\" style=\"width: 100%;\" controls=\"controls\"><source type=\"audio\/mpeg\" src=\"https:\/\/www.radiopiu.net\/wordpress\/wp-content\/uploads\/2021\/07\/cesare-11.mp3?_=16\" \/><a href=\"https:\/\/www.radiopiu.net\/wordpress\/wp-content\/uploads\/2021\/07\/cesare-11.mp3\">https:\/\/www.radiopiu.net\/wordpress\/wp-content\/uploads\/2021\/07\/cesare-11.mp3<\/a><\/audio>\n<\/div>\n<\/div>\n<\/div>\n<div class=\"page-title-head hgroup\">\n<p>&nbsp;<\/p>\n<hr \/>\n<p class=\"b654a4as d2edcug0\"><span style=\"color: #ff6600;\"> \u00a0<\/span><\/p>\n<h2><span style=\"color: #ff6600;\">GIROVAGANDO ALLA RADIO, PUNTATA 08<\/span><\/h2>\n<h3><a href=\"https:\/\/www.radiopiu.net\/wordpress\/girovagando-puntata-09\/929c5bd4-dd08-4fb8-b14b-28c382f4656b\/\" rel=\"attachment wp-att-222441\"><img loading=\"lazy\" decoding=\"async\" class=\" wp-image-222441 alignleft\" src=\"https:\/\/www.radiopiu.net\/wordpress\/wp-content\/uploads\/2021\/07\/929c5bd4-dd08-4fb8-b14b-28c382f4656b-300x300.jpg\" alt=\"\" width=\"176\" height=\"176\" srcset=\"https:\/\/www.radiopiu.net\/wordpress\/wp-content\/uploads\/2021\/07\/929c5bd4-dd08-4fb8-b14b-28c382f4656b-300x300.jpg 300w, https:\/\/www.radiopiu.net\/wordpress\/wp-content\/uploads\/2021\/07\/929c5bd4-dd08-4fb8-b14b-28c382f4656b-1024x1024.jpg 1024w, https:\/\/www.radiopiu.net\/wordpress\/wp-content\/uploads\/2021\/07\/929c5bd4-dd08-4fb8-b14b-28c382f4656b-150x150.jpg 150w, https:\/\/www.radiopiu.net\/wordpress\/wp-content\/uploads\/2021\/07\/929c5bd4-dd08-4fb8-b14b-28c382f4656b-768x768.jpg 768w, https:\/\/www.radiopiu.net\/wordpress\/wp-content\/uploads\/2021\/07\/929c5bd4-dd08-4fb8-b14b-28c382f4656b.jpg 1080w\" sizes=\"auto, (max-width: 176px) 100vw, 176px\" \/><\/a>Collaborazione Thomas Soppera<\/h3>\n<p>&nbsp;<\/p>\n<p><strong>AUDIO PUNTATA 19 Luglio 2021<\/strong><\/p>\n<audio class=\"wp-audio-shortcode\" id=\"audio-222802-17\" preload=\"none\" style=\"width: 100%;\" controls=\"controls\"><source type=\"audio\/mpeg\" src=\"https:\/\/www.radiopiu.net\/wordpress\/wp-content\/uploads\/2021\/07\/GIROVAGANDO-09.mp3?_=17\" \/><a href=\"https:\/\/www.radiopiu.net\/wordpress\/wp-content\/uploads\/2021\/07\/GIROVAGANDO-09.mp3\">https:\/\/www.radiopiu.net\/wordpress\/wp-content\/uploads\/2021\/07\/GIROVAGANDO-09.mp3<\/a><\/audio>\n<p>&nbsp;<\/p>\n\n\t\t\t<style type='text\/css'>\n\t\t\t\t#gallery-10 {\n\t\t\t\t\tmargin: auto;\n\t\t\t\t}\n\t\t\t\t#gallery-10 .gallery-item {\n\t\t\t\t\tfloat: left;\n\t\t\t\t\tmargin-top: 10px;\n\t\t\t\t\ttext-align: center;\n\t\t\t\t\twidth: 50%;\n\t\t\t\t}\n\t\t\t\t#gallery-10 img {\n\t\t\t\t\tborder: 2px solid #cfcfcf;\n\t\t\t\t}\n\t\t\t\t#gallery-10 .gallery-caption {\n\t\t\t\t\tmargin-left: 0;\n\t\t\t\t}\n\t\t\t\t\/* see gallery_shortcode() in wp-includes\/media.php *\/\n\t\t\t<\/style>\n\t\t<div id='gallery-10' class='dt-gallery-container gallery galleryid-222802 gallery-columns-2 gallery-size-medium'><dl class='gallery-item'>\n\t\t\t\t<dt class='gallery-icon landscape'>\n\t\t\t\t\t<a class=\"rollover rollover-zoom dt-pswp-item\" title=\"5aff1bd6-4792-40c4-befb-b77ed7a32c32\" data-dt-img-description=\"\" data-large_image_width=\"1400\" data-large_image_height=\"933\"href='https:\/\/www.radiopiu.net\/wordpress\/wp-content\/uploads\/2021\/07\/5aff1bd6-4792-40c4-befb-b77ed7a32c32.jpg'><img loading=\"lazy\" decoding=\"async\" width=\"300\" height=\"200\" src=\"https:\/\/www.radiopiu.net\/wordpress\/wp-content\/uploads\/2021\/07\/5aff1bd6-4792-40c4-befb-b77ed7a32c32-300x200.jpg\" class=\"attachment-medium size-medium\" alt=\"\" srcset=\"https:\/\/www.radiopiu.net\/wordpress\/wp-content\/uploads\/2021\/07\/5aff1bd6-4792-40c4-befb-b77ed7a32c32-300x200.jpg 300w, https:\/\/www.radiopiu.net\/wordpress\/wp-content\/uploads\/2021\/07\/5aff1bd6-4792-40c4-befb-b77ed7a32c32-1024x682.jpg 1024w, https:\/\/www.radiopiu.net\/wordpress\/wp-content\/uploads\/2021\/07\/5aff1bd6-4792-40c4-befb-b77ed7a32c32-768x512.jpg 768w, https:\/\/www.radiopiu.net\/wordpress\/wp-content\/uploads\/2021\/07\/5aff1bd6-4792-40c4-befb-b77ed7a32c32.jpg 1400w\" sizes=\"auto, (max-width: 300px) 100vw, 300px\" \/><\/a>\n\t\t\t\t<\/dt><\/dl><dl class='gallery-item'>\n\t\t\t\t<dt class='gallery-icon landscape'>\n\t\t\t\t\t<a class=\"rollover rollover-zoom dt-pswp-item\" title=\"606396aa-e6fe-45d9-b6f9-82b8b1f2232d\" data-dt-img-description=\"\" data-large_image_width=\"2048\" data-large_image_height=\"1536\"href='https:\/\/www.radiopiu.net\/wordpress\/wp-content\/uploads\/2021\/07\/606396aa-e6fe-45d9-b6f9-82b8b1f2232d.jpg'><img loading=\"lazy\" decoding=\"async\" width=\"300\" height=\"225\" src=\"https:\/\/www.radiopiu.net\/wordpress\/wp-content\/uploads\/2021\/07\/606396aa-e6fe-45d9-b6f9-82b8b1f2232d-300x225.jpg\" class=\"attachment-medium size-medium\" alt=\"\" srcset=\"https:\/\/www.radiopiu.net\/wordpress\/wp-content\/uploads\/2021\/07\/606396aa-e6fe-45d9-b6f9-82b8b1f2232d-300x225.jpg 300w, https:\/\/www.radiopiu.net\/wordpress\/wp-content\/uploads\/2021\/07\/606396aa-e6fe-45d9-b6f9-82b8b1f2232d-1024x768.jpg 1024w, https:\/\/www.radiopiu.net\/wordpress\/wp-content\/uploads\/2021\/07\/606396aa-e6fe-45d9-b6f9-82b8b1f2232d-768x576.jpg 768w, https:\/\/www.radiopiu.net\/wordpress\/wp-content\/uploads\/2021\/07\/606396aa-e6fe-45d9-b6f9-82b8b1f2232d-1536x1152.jpg 1536w, https:\/\/www.radiopiu.net\/wordpress\/wp-content\/uploads\/2021\/07\/606396aa-e6fe-45d9-b6f9-82b8b1f2232d.jpg 2048w\" sizes=\"auto, (max-width: 300px) 100vw, 300px\" \/><\/a>\n\t\t\t\t<\/dt><\/dl><br style=\"clear: both\" \/>\n\t\t\t<\/div>\n\n<h2><span style=\"color: #ff0000;\">LA RACCOLTA COMPLETA\u00a0<\/span><\/h2>\n<blockquote class=\"wp-embedded-content\" data-secret=\"jzwE8LokhP\"><p><a href=\"https:\/\/www.radiopiu.net\/wordpress\/girovagando-in-e-bike-tra-le-dolomiti\/\">GIROVAGANDO IN E BIKE TRA LE DOLOMITI<\/a><\/p><\/blockquote>\n<p><iframe loading=\"lazy\" class=\"wp-embedded-content\" sandbox=\"allow-scripts\" security=\"restricted\" style=\"position: absolute; clip: rect(1px, 1px, 1px, 1px);\" title=\"&#8220;GIROVAGANDO IN E BIKE TRA LE DOLOMITI&#8221; &#8212; Radio Pi\u00f9\" src=\"https:\/\/www.radiopiu.net\/wordpress\/girovagando-in-e-bike-tra-le-dolomiti\/embed\/#?secret=jzwE8LokhP\" data-secret=\"jzwE8LokhP\" width=\"600\" height=\"338\" frameborder=\"0\" marginwidth=\"0\" marginheight=\"0\" scrolling=\"no\"><\/iframe><\/p>\n<p>\u200b<\/p>\n<p>&nbsp;<\/p>\n<hr \/>\n<div>\n<div class=\"page-title-head hgroup\">\n<div class=\"page-title-head hgroup\">\n<div class=\"b654a4as d2edcug0\">\n<div>\n<p>&nbsp;<\/p>\n<\/div>\n<div><\/div>\n<h2>COLLAGE&#8230; DI LORIS SCUSSEL dal lunedi al venerdi alle 16 e alle 23 su RADIO PIU<\/h2>\n<p><strong>PUNTATA DEL 20 LUGLIO, 392<\/strong><\/p>\n<audio class=\"wp-audio-shortcode\" id=\"audio-222802-18\" preload=\"none\" style=\"width: 100%;\" controls=\"controls\"><source type=\"audio\/mpeg\" src=\"https:\/\/www.radiopiu.net\/wordpress\/wp-content\/uploads\/2021\/07\/COMA.mp3?_=18\" \/><a href=\"https:\/\/www.radiopiu.net\/wordpress\/wp-content\/uploads\/2021\/07\/COMA.mp3\">https:\/\/www.radiopiu.net\/wordpress\/wp-content\/uploads\/2021\/07\/COMA.mp3<\/a><\/audio>\n<div>\n<div>\n<div>\n<div>\n<div>\n<div>\n<div>\n<div>\n<div>\n<div>\n<div>\n<div>\n<div>\n<div>\n<div>\n<div>\n<div>\n<div>\n<div>\n<div>\n<div>\n<p><img loading=\"lazy\" decoding=\"async\" class=\"alignleft\" src=\"https:\/\/www.radiopiu.net\/wordpress\/wp-content\/uploads\/2021\/05\/Schermata-2021-05-23-alle-11.50.11.png\" width=\"186\" height=\"131\" \/>Il programma \u00e8 andato in onda da dicembre 2013 fino a luglio 2019, comprese le repliche, in due serie per 350 puntate complessive con 1.890 brani trasmessi. L\u2019obiettivo del programma: riproporre agli ascoltatori pi\u00f9 grandicelli le canzoni che ascoltavano nel passato e nello stesso tempo farle conoscere anche ai pi\u00f9 giovani.<\/p>\n<\/div>\n<\/div>\n<\/div>\n<\/div>\n<\/div>\n<\/div>\n<\/div>\n<\/div>\n<\/div>\n<div>\n<div>\n<div>\n<p>&nbsp;<\/p>\n<\/div>\n<\/div>\n<\/div>\n<p>&nbsp;<\/p>\n<\/div>\n<\/div>\n<\/div>\n<\/div>\n<\/div>\n<\/div>\n<\/div>\n<\/div>\n<\/div>\n<\/div>\n<\/div>\n<div>\n<div>\n<div>\n<p>&nbsp;<\/p>\n<\/div>\n<\/div>\n<\/div>\n<\/div>\n<hr \/>\n<p>&nbsp;<\/p>\n<blockquote class=\"wp-embedded-content\" data-secret=\"hj5xQk85hI\"><p><a href=\"https:\/\/www.radiopiu.net\/wordpress\/raccolta-completa11\/\">FANTASTICHE DOLOMITI LA RACCOLTA COMPLETA<\/a><\/p><\/blockquote>\n<p><iframe loading=\"lazy\" class=\"wp-embedded-content\" sandbox=\"allow-scripts\" security=\"restricted\" style=\"position: absolute; clip: rect(1px, 1px, 1px, 1px);\" title=\"&#8220;FANTASTICHE DOLOMITI LA RACCOLTA COMPLETA&#8221; &#8212; Radio Pi\u00f9\" src=\"https:\/\/www.radiopiu.net\/wordpress\/raccolta-completa11\/embed\/#?secret=hj5xQk85hI\" data-secret=\"hj5xQk85hI\" width=\"600\" height=\"338\" frameborder=\"0\" marginwidth=\"0\" marginheight=\"0\" scrolling=\"no\"><\/iframe><\/p>\n<p>&nbsp;<\/p>\n<p>&nbsp;<\/p>\n<hr \/>\n<div>\n<div class=\"b654a4as d2edcug0\">\n<div class=\"rq0escxv hkbzh7o3 jwdofwj8 n8tt0mok r8blr3vg hyh9befq\">\n<div class=\"b654a4as d2edcug0\">\n<h2><span style=\"color: #008000;\">\u00a0<\/span><\/h2>\n<div class=\"b654a4as d2edcug0\">\n<h2><span style=\"color: #008000;\">ERBE E PIANTE CURATIVE&#8230;IL\u00a0 PROGRAMMA DI PAOLA LANCIATO\u00a0\u00a0<\/span><\/h2>\n<p><a href=\"https:\/\/www.radiopiu.net\/wordpress\/erbe-e-piante-curative-il-programma-di-paola-lanciato-il-girasole\/girasole\/\" rel=\"attachment wp-att-222873\"><img loading=\"lazy\" decoding=\"async\" class=\" wp-image-222873 alignleft\" src=\"https:\/\/www.radiopiu.net\/wordpress\/wp-content\/uploads\/2021\/07\/GIRASOLE-300x200.jpg\" alt=\"\" width=\"189\" height=\"126\" srcset=\"https:\/\/www.radiopiu.net\/wordpress\/wp-content\/uploads\/2021\/07\/GIRASOLE-300x200.jpg 300w, https:\/\/www.radiopiu.net\/wordpress\/wp-content\/uploads\/2021\/07\/GIRASOLE-1024x683.jpg 1024w, https:\/\/www.radiopiu.net\/wordpress\/wp-content\/uploads\/2021\/07\/GIRASOLE-768x512.jpg 768w, https:\/\/www.radiopiu.net\/wordpress\/wp-content\/uploads\/2021\/07\/GIRASOLE-1536x1024.jpg 1536w, https:\/\/www.radiopiu.net\/wordpress\/wp-content\/uploads\/2021\/07\/GIRASOLE.jpg 1920w\" sizes=\"auto, (max-width: 189px) 100vw, 189px\" \/><\/a>di Paola Lanciato<\/p>\n<p><strong>PUNTATA DEL 20 LUGLIO 2021 &#8211; IL GIRASOLE<\/strong><\/p>\n<audio class=\"wp-audio-shortcode\" id=\"audio-222802-19\" preload=\"none\" style=\"width: 100%;\" controls=\"controls\"><source type=\"audio\/mpeg\" src=\"https:\/\/www.radiopiu.net\/wordpress\/wp-content\/uploads\/2021\/07\/ERBE-2.mp3?_=19\" \/><a href=\"https:\/\/www.radiopiu.net\/wordpress\/wp-content\/uploads\/2021\/07\/ERBE-2.mp3\">https:\/\/www.radiopiu.net\/wordpress\/wp-content\/uploads\/2021\/07\/ERBE-2.mp3<\/a><\/audio>\n<p>&nbsp;<\/p>\n<blockquote class=\"wp-embedded-content\" data-secret=\"EjYN9wF52M\"><p><a href=\"https:\/\/www.radiopiu.net\/wordpress\/erbavoglio\/\">L&#8217;ERBA VOGLIO DEL GIARDINO DEL RE&#8230; Erbe, fiori e Piante di e con Paola Lanciato<\/a><\/p><\/blockquote>\n<p><iframe loading=\"lazy\" class=\"wp-embedded-content\" sandbox=\"allow-scripts\" security=\"restricted\" style=\"position: absolute; clip: rect(1px, 1px, 1px, 1px);\" title=\"&#8220;L&#8217;ERBA VOGLIO DEL GIARDINO DEL RE&#8230; Erbe, fiori e Piante di e con Paola Lanciato&#8221; &#8212; Radio Pi\u00f9\" src=\"https:\/\/www.radiopiu.net\/wordpress\/erbavoglio\/embed\/#?secret=EjYN9wF52M\" data-secret=\"EjYN9wF52M\" width=\"600\" height=\"338\" frameborder=\"0\" marginwidth=\"0\" marginheight=\"0\" scrolling=\"no\"><\/iframe><\/p>\n<\/div>\n<p>&nbsp;<\/p>\n<\/div>\n<\/div>\n<\/div>\n<\/div>\n<p>&nbsp;<\/p>\n<hr \/>\n<p>&nbsp;<\/p>\n<div>\n<h2><span style=\"color: #ff0000;\"><strong>IN VIVO VERSO 2020-21 ESTATE, RIASCOLTIAMOLI&#8230; DAL CASSETTO DEI RICORDI DI RADIO PIU&#8217;&#8230; LE PRIME\u00a0 SEI STAGIONI\u00a0 \u00a0<\/strong><\/span><\/h2>\n<div class=\"page-title-head hgroup\">\n<div class=\"page-title-head hgroup\">\n<div class=\"page-title-head hgroup\">\n<div class=\"page-title-head hgroup\">\n<div class=\"page-title-head hgroup\">\n<div class=\"page-title-head hgroup\">\n<blockquote>\n<h3>riascoltiamole MANUEL DE PISI 3^B MEDIE AGORDO &#8211; GOSALDO<\/h3>\n<p>AUDIO<\/p>\n<audio class=\"wp-audio-shortcode\" id=\"audio-222802-20\" preload=\"none\" style=\"width: 100%;\" controls=\"controls\"><source type=\"audio\/mpeg\" src=\"https:\/\/www.radiopiu.net\/wordpress\/wp-content\/uploads\/2021\/07\/ALUNNI-2-MANUEL-DE-PISI.mp3?_=20\" \/><a href=\"https:\/\/www.radiopiu.net\/wordpress\/wp-content\/uploads\/2021\/07\/ALUNNI-2-MANUEL-DE-PISI.mp3\">https:\/\/www.radiopiu.net\/wordpress\/wp-content\/uploads\/2021\/07\/ALUNNI-2-MANUEL-DE-PISI.mp3<\/a><\/audio>\n<p><strong>LA RACCOLTA COMPLETA<\/strong><\/p><\/blockquote>\n<\/div>\n<\/div>\n<\/div>\n<\/div>\n<\/div>\n<\/div>\n<blockquote class=\"wp-embedded-content\" data-secret=\"q4L2Dbg9os\"><p><a href=\"https:\/\/www.radiopiu.net\/wordpress\/in-vivo-verso\/\">In Vivo Verso<\/a><\/p><\/blockquote>\n<p><iframe loading=\"lazy\" class=\"wp-embedded-content\" sandbox=\"allow-scripts\" security=\"restricted\" style=\"position: absolute; clip: rect(1px, 1px, 1px, 1px);\" title=\"&#8220;In Vivo Verso&#8221; &#8212; Radio Pi\u00f9\" src=\"https:\/\/www.radiopiu.net\/wordpress\/in-vivo-verso\/embed\/#?secret=q4L2Dbg9os\" data-secret=\"q4L2Dbg9os\" width=\"600\" height=\"338\" frameborder=\"0\" marginwidth=\"0\" marginheight=\"0\" scrolling=\"no\"><\/iframe><\/p>\n<p>&nbsp;<\/p>\n<hr \/>\n<\/div>\n<blockquote>\n<blockquote>\n<h2><\/h2>\n<\/blockquote>\n<\/blockquote>\n<div>\n<div class=\"b654a4as d2edcug0\">\n<div class=\"rq0escxv hkbzh7o3 jwdofwj8 n8tt0mok r8blr3vg hyh9befq\">\n<blockquote>\n<h2><span style=\"color: #ff0000;\"><em>ZAINO ALLA RADIO&#8230;ESTATE DI PAOLA LANCIATO<\/em><\/span><\/h2>\n<\/blockquote>\n<blockquote class=\"wp-embedded-content\" data-secret=\"YDi22vT4S0\"><p><a href=\"https:\/\/www.radiopiu.net\/wordpress\/zaino-femminile-lanciato\/\">Zaino da viaggio al femminile<\/a><\/p><\/blockquote>\n<p><iframe loading=\"lazy\" class=\"wp-embedded-content\" sandbox=\"allow-scripts\" security=\"restricted\" style=\"position: absolute; clip: rect(1px, 1px, 1px, 1px);\" title=\"&#8220;Zaino da viaggio al femminile&#8221; &#8212; Radio Pi\u00f9\" src=\"https:\/\/www.radiopiu.net\/wordpress\/zaino-femminile-lanciato\/embed\/#?secret=YDi22vT4S0\" data-secret=\"YDi22vT4S0\" width=\"600\" height=\"338\" frameborder=\"0\" marginwidth=\"0\" marginheight=\"0\" scrolling=\"no\"><\/iframe><\/p>\n<p>&nbsp;<\/p>\n<\/div>\n<\/div>\n<\/div>\n<hr \/>\n<p>&nbsp;<\/p>\n<div>\n<h2><span style=\"color: #800080;\"><strong>LA RASSEGNA STAMPA DA L&#8217;AMICO DEL POPOLO\u00a0<\/strong><\/span><\/h2>\n<h3 class=\"kvgmc6g5 cxmmr5t8 oygrvhab hcukyx3x c1et5uql\"><span style=\"color: #0000ff;\"> INFORMAZIONE il canale su TELEGRAM informazione di prima mano e in tempo reale. iscriviti ed aiutaci a farlo conoscere\u00a0\u00a0<\/span><\/h3>\n<p><strong><a href=\"https:\/\/www.radiopiu.net\/wordpress\/giornale-radiopiu-23-dicembre-2020-direttore-mirko-mezzacasa\/sisto-27\/\" rel=\"attachment wp-att-181222\"><img loading=\"lazy\" decoding=\"async\" class=\"size-medium wp-image-181222 alignleft\" src=\"https:\/\/www.radiopiu.net\/wordpress\/wp-content\/uploads\/2020\/12\/SISTO-300x165.jpg\" alt=\"\" width=\"300\" height=\"165\" srcset=\"https:\/\/www.radiopiu.net\/wordpress\/wp-content\/uploads\/2020\/12\/SISTO-300x165.jpg 300w, https:\/\/www.radiopiu.net\/wordpress\/wp-content\/uploads\/2020\/12\/SISTO.jpg 620w\" sizes=\"auto, (max-width: 300px) 100vw, 300px\" \/><\/a>di Gianni Santomaso<\/strong><\/p>\n<p>OSPITE: Sisto Da Roit Presidente del GAV<\/p>\n<audio class=\"wp-audio-shortcode\" id=\"audio-222802-21\" preload=\"none\" style=\"width: 100%;\" controls=\"controls\"><source type=\"audio\/mpeg\" src=\"https:\/\/www.radiopiu.net\/wordpress\/wp-content\/uploads\/2021\/07\/RASSEGNA-GIANNI-2.mp3?_=21\" \/><a href=\"https:\/\/www.radiopiu.net\/wordpress\/wp-content\/uploads\/2021\/07\/RASSEGNA-GIANNI-2.mp3\">https:\/\/www.radiopiu.net\/wordpress\/wp-content\/uploads\/2021\/07\/RASSEGNA-GIANNI-2.mp3<\/a><\/audio>\n<p>&nbsp;<\/p>\n<blockquote class=\"wp-embedded-content\" data-secret=\"jOtw0LE2uR\"><p><a href=\"https:\/\/www.radiopiu.net\/wordpress\/rassegna-stampa-di-gianni-santomaso\/\">Rassegna stampa da l&#8217;amico del popolo &#8211; di Gianni Santomaso<\/a><\/p><\/blockquote>\n<p><iframe loading=\"lazy\" class=\"wp-embedded-content\" sandbox=\"allow-scripts\" security=\"restricted\" style=\"position: absolute; clip: rect(1px, 1px, 1px, 1px);\" title=\"&#8220;Rassegna stampa da l&#8217;amico del popolo &#8211; di Gianni Santomaso&#8221; &#8212; Radio Pi\u00f9\" src=\"https:\/\/www.radiopiu.net\/wordpress\/rassegna-stampa-di-gianni-santomaso\/embed\/#?secret=jOtw0LE2uR\" data-secret=\"jOtw0LE2uR\" width=\"600\" height=\"338\" frameborder=\"0\" marginwidth=\"0\" marginheight=\"0\" scrolling=\"no\"><\/iframe><\/p>\n<p>&nbsp;<\/p>\n<hr \/>\n<p>&nbsp;<\/p>\n<h2><span style=\"color: #3366ff;\">SALUTE E SOCIETA&#8217;<\/span><\/h2>\n<p><strong><a href=\"https:\/\/www.radiopiu.net\/wordpress\/giornale-radiopiu-20-luglio-2021-direttore-mirko-mezzacasa\/e3341399-fa76-9388-6c53-dc7a7cffdfed\/\" rel=\"attachment wp-att-222614\"><img loading=\"lazy\" decoding=\"async\" class=\"size-medium wp-image-222614 alignleft\" src=\"https:\/\/www.radiopiu.net\/wordpress\/wp-content\/uploads\/2021\/07\/e3341399-fa76-9388-6c53-dc7a7cffdfed-300x169.png\" alt=\"\" width=\"300\" height=\"169\" srcset=\"https:\/\/www.radiopiu.net\/wordpress\/wp-content\/uploads\/2021\/07\/e3341399-fa76-9388-6c53-dc7a7cffdfed-300x169.png 300w, https:\/\/www.radiopiu.net\/wordpress\/wp-content\/uploads\/2021\/07\/e3341399-fa76-9388-6c53-dc7a7cffdfed-1024x576.png 1024w, https:\/\/www.radiopiu.net\/wordpress\/wp-content\/uploads\/2021\/07\/e3341399-fa76-9388-6c53-dc7a7cffdfed-768x432.png 768w, https:\/\/www.radiopiu.net\/wordpress\/wp-content\/uploads\/2021\/07\/e3341399-fa76-9388-6c53-dc7a7cffdfed.png 1280w\" sizes=\"auto, (max-width: 300px) 100vw, 300px\" \/><\/a>LA PUNTATA DELLA SETTIMANA del 19 LUGLIO<\/strong><\/p>\n<p>Esperti ed istituzioni hanno discusso dello sviluppo di una rete territoriale pi\u00f9 vicina alle persone e dell\u2019innovazione tecnologica del Servizio Sanitario Nazionale nel corso del 14\u00b0 Italian Diabetes Barometer Forum. Antonella Pitrelli ha seguito l\u2019evento per noi ed ha intervistato Paolo Sbraccia Vice Presidente IBDO Foundation, Francesco Giorgino Presidente SIE \u2013 Societ\u00e0 Italiana di Endocrinologia<\/p>\n<audio class=\"wp-audio-shortcode\" id=\"audio-222802-22\" preload=\"none\" style=\"width: 100%;\" controls=\"controls\"><source type=\"audio\/mpeg\" src=\"https:\/\/www.radiopiu.net\/wordpress\/wp-content\/uploads\/2021\/07\/SALUTE-2.mp3?_=22\" \/><a href=\"https:\/\/www.radiopiu.net\/wordpress\/wp-content\/uploads\/2021\/07\/SALUTE-2.mp3\">https:\/\/www.radiopiu.net\/wordpress\/wp-content\/uploads\/2021\/07\/SALUTE-2.mp3<\/a><\/audio>\n<p>&nbsp;<\/p>\n<\/div>\n<div dir=\"auto\">\n<p><strong>LA RACCOLTA COMPLETA<\/strong><\/p>\n<blockquote class=\"wp-embedded-content\" data-secret=\"zHWMSL17V0\"><p><a href=\"https:\/\/www.radiopiu.net\/wordpress\/saluteesocieta\/\">Salute e Societ\u00e0<\/a><\/p><\/blockquote>\n<p><iframe loading=\"lazy\" class=\"wp-embedded-content\" sandbox=\"allow-scripts\" security=\"restricted\" style=\"position: absolute; clip: rect(1px, 1px, 1px, 1px);\" title=\"&#8220;Salute e Societ\u00e0&#8221; &#8212; Radio Pi\u00f9\" src=\"https:\/\/www.radiopiu.net\/wordpress\/saluteesocieta\/embed\/#?secret=zHWMSL17V0\" data-secret=\"zHWMSL17V0\" width=\"600\" height=\"338\" frameborder=\"0\" marginwidth=\"0\" marginheight=\"0\" scrolling=\"no\"><\/iframe><\/p>\n<\/div>\n<div dir=\"auto\">\n<h1><\/h1>\n<\/div>\n<div>\n<div class=\"page-title-head hgroup\">\n<div class=\"page-title-head hgroup\">\n<div class=\"page-title-head hgroup\">\n<div>\n<div class=\"b654a4as d2edcug0\">\n<div class=\"rq0escxv hkbzh7o3 jwdofwj8 n8tt0mok r8blr3vg hyh9befq\">\n<hr \/>\n<\/div>\n<\/div>\n<\/div>\n<div>\n<div class=\"page-title-head hgroup\">\n<div class=\"page-title-head hgroup\">\n<div>\n<div class=\"b654a4as d2edcug0\">\n<p>&nbsp;<\/p>\n<blockquote>\n<h3><img loading=\"lazy\" decoding=\"async\" class=\"alignleft\" src=\"https:\/\/www.radiopiu.net\/wordpress\/wp-content\/uploads\/2021\/06\/fresh-flower-leaves-saffron-white-background-place-your-text-use-saffron-spice-cooking-cosmetology_347372-394.jpeg\" width=\"141\" height=\"94\" \/>L&#8217;ALMANACCO LADINO CON L&#8217;ISTITUT CESA DE JAN QUINDICINALE APPUNTAMENTO. LA DOMENICA ALLE 9 IL LUNEDI ALLE 8.35 IL MARTEDI ALLE 12.35 IL MERCOLEDI ALLE 18.35. SECONDA STAGIONE.<\/h3>\n<p>&nbsp;<\/p><\/blockquote>\n<p><strong>RACCOLTA COMPLETA\u00a0<\/strong><\/p>\n<blockquote class=\"wp-embedded-content\" data-secret=\"DIu6LWPOPq\"><p><a href=\"https:\/\/www.radiopiu.net\/wordpress\/almanacco-ladino\/\">Almanacco Ladino<\/a><\/p><\/blockquote>\n<p><iframe loading=\"lazy\" class=\"wp-embedded-content\" sandbox=\"allow-scripts\" security=\"restricted\" style=\"position: absolute; clip: rect(1px, 1px, 1px, 1px);\" title=\"&#8220;Almanacco Ladino&#8221; &#8212; Radio Pi\u00f9\" src=\"https:\/\/www.radiopiu.net\/wordpress\/almanacco-ladino\/embed\/#?secret=DIu6LWPOPq\" data-secret=\"DIu6LWPOPq\" width=\"600\" height=\"338\" frameborder=\"0\" marginwidth=\"0\" marginheight=\"0\" scrolling=\"no\"><\/iframe><\/p>\n<div dir=\"auto\"><\/div>\n<\/div>\n<div>\n<p>&nbsp;<\/p>\n<hr \/>\n<h2><span style=\"color: #808000;\">DUE MINUTI UN LIBRO\u00a0 TUTTI I GIORNI ALLA RADIO ALLE 9.30 E ALLE 18. QUINTA STAGIONE\u00a0\u00a0<\/span><\/h2>\n<blockquote class=\"wp-embedded-content\" data-secret=\"VwkxrND8PM\"><p><a href=\"https:\/\/www.radiopiu.net\/wordpress\/a-cuore-aperto\/\">A CUORE APERTO<\/a><\/p><\/blockquote>\n<p><iframe loading=\"lazy\" class=\"wp-embedded-content\" sandbox=\"allow-scripts\" security=\"restricted\" style=\"position: absolute; clip: rect(1px, 1px, 1px, 1px);\" title=\"&#8220;A CUORE APERTO&#8221; &#8212; Radio Pi\u00f9\" src=\"https:\/\/www.radiopiu.net\/wordpress\/a-cuore-aperto\/embed\/#?secret=VwkxrND8PM\" data-secret=\"VwkxrND8PM\" width=\"600\" height=\"338\" frameborder=\"0\" marginwidth=\"0\" marginheight=\"0\" scrolling=\"no\"><\/iframe><\/p>\n<\/div>\n<div>\n<p><strong>LA RACCOLTA COMPLETA\u00a0\u00a0<\/strong><\/p>\n<blockquote class=\"wp-embedded-content\" data-secret=\"z934Z7T6td\"><p><a href=\"https:\/\/www.radiopiu.net\/wordpress\/due-minuti-un-libro\/\">Due minuti un libro<\/a><\/p><\/blockquote>\n<p><iframe loading=\"lazy\" class=\"wp-embedded-content\" sandbox=\"allow-scripts\" security=\"restricted\" style=\"position: absolute; clip: rect(1px, 1px, 1px, 1px);\" title=\"&#8220;Due minuti un libro&#8221; &#8212; Radio Pi\u00f9\" src=\"https:\/\/www.radiopiu.net\/wordpress\/due-minuti-un-libro\/embed\/#?secret=z934Z7T6td\" data-secret=\"z934Z7T6td\" width=\"600\" height=\"338\" frameborder=\"0\" marginwidth=\"0\" marginheight=\"0\" scrolling=\"no\"><\/iframe><\/p>\n<p>&nbsp;<\/p>\n<hr \/>\n<p>\u200b<\/p>\n<div>\n<h2><span style=\"color: #33cccc;\">I RACCONTI DI PAOLO SOPPELSA il lunedi alle 9.30 e 18.30<\/span><\/h2>\n<blockquote class=\"wp-embedded-content\" data-secret=\"LQffJjIzuu\"><p><a href=\"https:\/\/www.radiopiu.net\/wordpress\/i-racconti-di-paolo-soppelsa-ottantaquattresima-puntata\/\">I RACCONTI DI PAOLO SOPPELSA OTTANTAQUATTRESIMA PUNTATA<\/a><\/p><\/blockquote>\n<p><iframe loading=\"lazy\" class=\"wp-embedded-content\" sandbox=\"allow-scripts\" security=\"restricted\" style=\"position: absolute; clip: rect(1px, 1px, 1px, 1px);\" title=\"&#8220;I RACCONTI DI PAOLO SOPPELSA OTTANTAQUATTRESIMA PUNTATA&#8221; &#8212; Radio Pi\u00f9\" src=\"https:\/\/www.radiopiu.net\/wordpress\/i-racconti-di-paolo-soppelsa-ottantaquattresima-puntata\/embed\/#?secret=LQffJjIzuu\" data-secret=\"LQffJjIzuu\" width=\"600\" height=\"338\" frameborder=\"0\" marginwidth=\"0\" marginheight=\"0\" scrolling=\"no\"><\/iframe><\/p>\n<p>&nbsp;<\/p>\n<blockquote class=\"wp-embedded-content\" data-secret=\"AUigiPB7Gk\"><p><a href=\"https:\/\/www.radiopiu.net\/wordpress\/i-racconti-di-paolo-soppelsa\/\">I racconti di Paolo Soppelsa<\/a><\/p><\/blockquote>\n<p><iframe loading=\"lazy\" class=\"wp-embedded-content\" sandbox=\"allow-scripts\" security=\"restricted\" style=\"position: absolute; clip: rect(1px, 1px, 1px, 1px);\" title=\"&#8220;I racconti di Paolo Soppelsa&#8221; &#8212; Radio Pi\u00f9\" src=\"https:\/\/www.radiopiu.net\/wordpress\/i-racconti-di-paolo-soppelsa\/embed\/#?secret=AUigiPB7Gk\" data-secret=\"AUigiPB7Gk\" width=\"600\" height=\"338\" frameborder=\"0\" marginwidth=\"0\" marginheight=\"0\" scrolling=\"no\"><\/iframe><\/p>\n<p>&nbsp;<\/p>\n<\/div>\n<\/div>\n<hr \/>\n<p>&nbsp;<\/p>\n<h2><strong><span style=\"color: #ff0000;\">ALLA RADIO<\/span><\/strong><\/h2>\n<div data-offset-key=\"5n5nl-0-0\">\n<h3>Per ricevere gli aggiornamenti in tempo reale delle notizie pubblicate alla radio e sul sito di radio pi\u00f9 iscriviti al gruppo RADIO PIU INFORMAZIONE su Telegram.\u00a0\u00a0<a href=\"https:\/\/t.me\/radiopiu\">clicca qui<\/a><\/h3>\n<p>&nbsp;<\/p>\n<\/div>\n<blockquote><p><strong><a href=\"https:\/\/www.radiopiu.net\/wordpress\/cassa-solidarieta-luxottica-puntata-del-19-giugno-2020\/cslxo-2\/\" rel=\"attachment wp-att-145244\"><img loading=\"lazy\" decoding=\"async\" class=\"size-medium wp-image-145244 alignleft\" src=\"https:\/\/www.radiopiu.net\/wordpress\/wp-content\/uploads\/2020\/06\/cassa-solidarieta-luxottica-300x148.jpg\" alt=\"\" width=\"300\" height=\"148\" srcset=\"https:\/\/www.radiopiu.net\/wordpress\/wp-content\/uploads\/2020\/06\/cassa-solidarieta-luxottica-300x148.jpg 300w, https:\/\/www.radiopiu.net\/wordpress\/wp-content\/uploads\/2020\/06\/cassa-solidarieta-luxottica-1024x504.jpg 1024w, https:\/\/www.radiopiu.net\/wordpress\/wp-content\/uploads\/2020\/06\/cassa-solidarieta-luxottica-768x378.jpg 768w, https:\/\/www.radiopiu.net\/wordpress\/wp-content\/uploads\/2020\/06\/cassa-solidarieta-luxottica.jpg 1167w\" sizes=\"auto, (max-width: 300px) 100vw, 300px\" \/><\/a>di Claudio Fontanive<\/strong><\/p>\n<p>OSPITI: Paolo Chissal\u00e8 e Fabrizio Campedel<\/p>\n<p>&nbsp;<\/p>\n<p>&nbsp;<\/p><\/blockquote>\n<h2><\/h2>\n<p><strong>LA PUNTATA DEL 16 LUGLIO 2021\u00a0<\/strong><\/p>\n<audio class=\"wp-audio-shortcode\" id=\"audio-222802-23\" preload=\"none\" style=\"width: 100%;\" controls=\"controls\"><source type=\"audio\/mpeg\" src=\"https:\/\/www.radiopiu.net\/wordpress\/wp-content\/uploads\/2021\/07\/ca-sol-lux-luglio-2021.mp3?_=23\" \/><a href=\"https:\/\/www.radiopiu.net\/wordpress\/wp-content\/uploads\/2021\/07\/ca-sol-lux-luglio-2021.mp3\">https:\/\/www.radiopiu.net\/wordpress\/wp-content\/uploads\/2021\/07\/ca-sol-lux-luglio-2021.mp3<\/a><\/audio>\n<blockquote class=\"wp-embedded-content\" data-secret=\"TrADFlm4XU\"><p><a href=\"https:\/\/www.radiopiu.net\/wordpress\/cassa-solidarieta-luxottica-puntata-del-16-ottobre-2020\/\">CASSA SOLIDARIET\u00c0 LUXOTTICA &#8211; TUTTE LE PUNTATE<\/a><\/p><\/blockquote>\n<p><iframe loading=\"lazy\" class=\"wp-embedded-content\" sandbox=\"allow-scripts\" security=\"restricted\" style=\"position: absolute; clip: rect(1px, 1px, 1px, 1px);\" title=\"&#8220;CASSA SOLIDARIET\u00c0 LUXOTTICA &#8211; TUTTE LE PUNTATE&#8221; &#8212; Radio Pi\u00f9\" src=\"https:\/\/www.radiopiu.net\/wordpress\/cassa-solidarieta-luxottica-puntata-del-16-ottobre-2020\/embed\/#?secret=TrADFlm4XU\" data-secret=\"TrADFlm4XU\" width=\"600\" height=\"338\" frameborder=\"0\" marginwidth=\"0\" marginheight=\"0\" scrolling=\"no\"><\/iframe><\/p>\n<div>\n<p>&nbsp;<\/p>\n<\/div>\n<\/div>\n<div class=\"page-title-head hgroup\">\n<div>\n<div class=\"b654a4as d2edcug0\">\n<hr \/>\n<\/div>\n<\/div>\n<p>&nbsp;<\/p>\n<p><a href=\"https:\/\/www.radiopiu.net\/wordpress\/giornale-radiopiu-26-settembre-2018-direttore-mirko-mezzacasa\/viabilita-2\/\" rel=\"attachment wp-att-61954\"><img loading=\"lazy\" decoding=\"async\" class=\"wp-image-61954 size-full aligncenter\" src=\"https:\/\/www.radiopiu.net\/wordpress\/wp-content\/uploads\/2018\/09\/viabilita.jpeg\" alt=\"\" width=\"800\" height=\"100\" srcset=\"https:\/\/www.radiopiu.net\/wordpress\/wp-content\/uploads\/2018\/09\/viabilita.jpeg 800w, https:\/\/www.radiopiu.net\/wordpress\/wp-content\/uploads\/2018\/09\/viabilita-300x38.jpeg 300w, https:\/\/www.radiopiu.net\/wordpress\/wp-content\/uploads\/2018\/09\/viabilita-768x96.jpeg 768w\" sizes=\"auto, (max-width: 800px) 100vw, 800px\" \/><\/a><\/p>\n<blockquote><p><a href=\"https:\/\/www.radiopiu.net\/wordpress\/giornale-radiopiu-09-agosto-2018-direttore-mirko-mezzacasa\/viabilia\/\" rel=\"attachment wp-att-57053\"><img loading=\"lazy\" decoding=\"async\" class=\" wp-image-57053 alignleft\" src=\"https:\/\/www.radiopiu.net\/wordpress\/wp-content\/uploads\/2018\/08\/VIABILIA-300x180.jpeg\" alt=\"\" width=\"220\" height=\"132\" srcset=\"https:\/\/www.radiopiu.net\/wordpress\/wp-content\/uploads\/2018\/08\/VIABILIA-300x180.jpeg 300w, https:\/\/www.radiopiu.net\/wordpress\/wp-content\/uploads\/2018\/08\/VIABILIA-768x461.jpeg 768w, https:\/\/www.radiopiu.net\/wordpress\/wp-content\/uploads\/2018\/08\/VIABILIA-1024x614.jpeg 1024w, https:\/\/www.radiopiu.net\/wordpress\/wp-content\/uploads\/2018\/08\/VIABILIA.jpeg 1280w\" sizes=\"auto, (max-width: 220px) 100vw, 220px\" \/><\/a><\/p><\/blockquote>\n<\/div>\n<\/div>\n<\/div>\n<\/div>\n<\/div>\n<\/div>\n<\/div>\n<\/div>\n<div>\n<div>\n<div class=\"page-title-head hgroup\">\n<div class=\"page-title-head hgroup\">\n<div class=\"page-title-head hgroup\">\n<div class=\"page-title-head hgroup\">\n<div class=\"page-title-head hgroup\">\n<div class=\"page-title-head hgroup\">\n<blockquote><p>La viabilit\u00e0 con gli ultimi aggiornamenti<\/p><\/blockquote>\n<\/div>\n<\/div>\n<\/div>\n<\/div>\n<\/div>\n<\/div>\n<\/div>\n<div><\/div>\n<div><\/div>\n<div>\n<div>\n<div class=\"page-title-head hgroup\">\n<audio class=\"wp-audio-shortcode\" id=\"audio-222802-24\" preload=\"none\" style=\"width: 100%;\" controls=\"controls\"><source type=\"audio\/mpeg\" src=\"https:\/\/www.radiopiu.net\/wordpress\/wp-content\/uploads\/2021\/07\/VIABILITA-8.mp3?_=24\" \/><a href=\"https:\/\/www.radiopiu.net\/wordpress\/wp-content\/uploads\/2021\/07\/VIABILITA-8.mp3\">https:\/\/www.radiopiu.net\/wordpress\/wp-content\/uploads\/2021\/07\/VIABILITA-8.mp3<\/a><\/audio>\n<p>&nbsp;<\/p>\n<hr \/>\n<p>&nbsp;<\/p>\n<\/div>\n<\/div>\n<\/div>\n<\/div>\n<\/div>\n<\/div>\n<\/div>\n<\/div>\n<\/div>\n<\/div>\n<\/div>\n<\/div>\n<\/div>\n<\/div>\n<\/div>\n<\/div>\n<\/div>\n<div>\n<div class=\"page-title-head hgroup\">\n<div class=\"page-title-head hgroup\">\n<div>\n<div class=\"page-title-head hgroup\">\n<div class=\"page-title-head hgroup\">\n<div class=\"b654a4as d2edcug0\">\n<div>\n<div>\n<div>\n<div class=\"page-title-head hgroup\">\n<p>&nbsp;<\/p>\n<\/div>\n<\/div>\n<\/div>\n<\/div>\n<div>\n<div class=\"page-title-head hgroup\" style=\"text-align: left;\">\n<div class=\"page-title-head hgroup\">\n<div dir=\"auto\">\n<p><a class=\"dt-pswp-item pspw-wrap-ready\" href=\"https:\/\/i0.wp.com\/www.radiopiu.net\/wordpress\/wp-content\/uploads\/2018\/09\/WhatsApp-Image-2018-09-20-at-16.04.06.jpeg?ssl=1\" data-dt-img-description=\"\" data-large_image_width=\"800\" data-large_image_height=\"100\"><img loading=\"lazy\" decoding=\"async\" class=\"aligncenter wp-image-61378 size-full jetpack-lazy-image jetpack-lazy-image--handled\" src=\"https:\/\/i0.wp.com\/www.radiopiu.net\/wordpress\/wp-content\/uploads\/2018\/09\/WhatsApp-Image-2018-09-20-at-16.04.06.jpeg?resize=800%2C100&amp;ssl=1\" sizes=\"auto, (max-width: 800px) 100vw, 800px\" srcset=\"https:\/\/i0.wp.com\/www.radiopiu.net\/wordpress\/wp-content\/uploads\/2018\/09\/WhatsApp-Image-2018-09-20-at-16.04.06.jpeg?w=800&amp;ssl=1 800w, https:\/\/i0.wp.com\/www.radiopiu.net\/wordpress\/wp-content\/uploads\/2018\/09\/WhatsApp-Image-2018-09-20-at-16.04.06.jpeg?resize=300%2C38&amp;ssl=1 300w, https:\/\/i0.wp.com\/www.radiopiu.net\/wordpress\/wp-content\/uploads\/2018\/09\/WhatsApp-Image-2018-09-20-at-16.04.06.jpeg?resize=768%2C96&amp;ssl=1 768w\" alt=\"\" width=\"800\" height=\"100\" data-lazy-loaded=\"1\" \/><\/a><\/p>\n<div style=\"text-align: left;\"><\/div>\n<\/div>\n<\/div>\n<\/div>\n<\/div>\n<\/div>\n<\/div>\n<\/div>\n<\/div>\n<div>\n<div>\n<div>\n<div><center><b>Mercoledi 21<\/b><\/center><b>Tempo atteso: <\/b>Al mattino tempo ben soleggiato con cielo sereno o poco nuvoloso per presenza di qualche stratocumulo mattutino sulla fascia prealpina. Al pomeriggio lieve riduzione del soleggiamento sulle Dolomiti per leggera attivit\u00e0 cumuliforme, mentre sar\u00e0 un po&#8217; pi\u00f9 marcata rispetto a marted\u00ec sulla fascia prealpina. Lieve accentuazione del caldo nei fondovalle e persistenza della grande mitezza diurna in quota.<br \/>\n<b>Precipitazioni: <\/b>Al mattino assenti (0%), durante le ore pi\u00f9 calde qualche isolato piovasco sulle Prealpi (20\/30%), anche sulle Dolomiti, ma il rischio sar\u00e0 minore (10\/20%).<br \/>\n<b>Temperature: <\/b>In lieve aumento rispetto a marted\u00ec. Sono previste punte di 31\/33\u00b0C nei fondovalle prealpini e di 26\/29\u00b0C a 1000\/1200 m. Su Prealpi a 1500 m min 14\u00b0C, max 21\u00b0C, a 2000 m min 12\u00b0C, max 16\u00b0C, su Dolomiti a 2000 m min 11\u00b0C, max 17\u00b0C, a 3000 m min 5\u00b0C, max 7\u00b0C.<br \/>\n<b>Venti: <\/b>Nelle valli perlopi\u00f9 deboli a regime di brezza, a tratti e localmente moderati nei posti solitamente pi\u00f9 ventilati; in quota inizialmente moderati nord-ovest, a 5-10 km\/h a 2000 m e 15-20 km\/h a 3000 m.<\/p>\n<hr \/>\n<p><center><b>Giovedi 22<\/b><\/center><b>Tempo atteso: <\/b>Al mattino presenza di stratocumuli, pi\u00f9 probabili sulle Prealpi ma il tempo risulter\u00e0 in parte soleggiato, specie sulle Dolomiti. Al pomeriggio irregolare attivit\u00e0 cumuliforme, localmente intensa e associata a fenomeni convettivi tra le ore pi\u00f9 calde e la prima serata. Il caldo si manterr\u00e0 nonostante il minore soleggiamento.<br \/>\n<b>Precipitazioni: <\/b>Al mattino assenti (0%). Al pomeriggio aumento della probabilit\u00e0 di rovesci e temporali fino a media sulle Prealpi (40\/50%) e medio-alta sulle Dolomiti (60\/70%), specie a ridosso del Trentino e dell&#8217;Alto Adige. I fenomeni si verificheranno nelle ore pi\u00f9 calde, prima di che l&#8217;instabilit\u00e0 scemi verso sera.<br \/>\n<b>Temperature: <\/b>In leggera generale flessione, eccetto locali aumenti delle minime nelle valli. Sono previste punte di 29\/30\u00b0C nei fondovalle prealpini e di 24\/26\u00b0C a 1000\/1200 m. Su Prealpi a 1500 m min 13\u00b0C, max 19\u00b0C, a 2000 m min 11\u00b0C, max 15\u00b0C, su Dolomiti a 2000 m min 10\u00b0C, max 15\u00b0C, a 3000 m min 4\u00b0C, max 5\u00b0C.<br \/>\n<b>Venti: <\/b>Nelle valli perlopi\u00f9 deboli a regime di brezza, a tratti e localmente moderati nei posti solitamente pi\u00f9 ventilati; in quota perlopi\u00f9 moderati da nord-ovest, a tratti deboli, a 5-10 km\/h a 2000 m e 10-15 km\/h a 3000 m.<\/p>\n<hr \/>\n<p><center><b>Venerdi 23<\/b><\/center>Al mattino lunghi tratti soleggiati e nascente attivit\u00e0 cumuliforme. Al pomeriggio riduzione del soleggiamento per addensamenti associati a qualche rovescio o temporale. La probabilit\u00e0 di fenomeni sar\u00e0 media e su alcuni settori il tempo rimarr\u00e0 asciutto. Temperature senza notevoli variazioni, eccetto rialzo delle massime in alcuni fondovalle prealpini. Venti a regime di brezza nelle valli e perlopi\u00f9 deboli da nord-ovest in quota.<\/p>\n<hr \/>\n<p><center><b>Sabato 24<\/b><\/center>Al mattino in prevalenza soleggiato con primi modesti cumuli entro le ore centrali del giorno. Al pomeriggio lieve riduzione del soleggiamento per contenuta attivit\u00e0 cumuliforme, localmente pi\u00f9 intensa a ridosso del Trentino e dell&#8217;Alto Adige, dove l&#8217;insidia convettiva potr\u00e0 dare luogo a qualche isolato rovescio o temporale di calore. Al di fuori di questi isolati focolai temporaleschi, il tempo rimarr\u00e0 di fatto buono e perlopi\u00f9 soleggiato su molti settori. Temperature minime senza notevoli variazioni e massime in leggero aumento. Venti a regime di brezza nelle valli e perlopi\u00f9 moderati da ovest nord-ovest in quota. Previsore: R.L.Th.<\/p>\n<\/div>\n<\/div>\n<\/div>\n<\/div>\n<\/div>\n<\/div>\n<\/div>\n<\/div>\n<\/div>\n<\/div>\n<p>&nbsp;<\/p>\n<p>&nbsp;<\/p>\n<hr \/>\n<p>&nbsp;<\/p>\n<p><img loading=\"lazy\" decoding=\"async\" class=\"aligncenter wp-image-60761 size-full\" src=\"https:\/\/www.radiopiu.net\/wordpress\/wp-content\/uploads\/2018\/09\/sport.jpg\" alt=\"\" width=\"800\" height=\"100\" srcset=\"https:\/\/www.radiopiu.net\/wordpress\/wp-content\/uploads\/2018\/09\/sport.jpg 800w, https:\/\/www.radiopiu.net\/wordpress\/wp-content\/uploads\/2018\/09\/sport-300x38.jpg 300w, https:\/\/www.radiopiu.net\/wordpress\/wp-content\/uploads\/2018\/09\/sport-768x96.jpg 768w\" sizes=\"auto, (max-width: 800px) 100vw, 800px\" \/><\/p>\n<p>&nbsp;<\/p>\n<blockquote>\n<h3>ACCORDO FARM-TEAM ALLEGHE-FELTREGHIACCIO JUNIOR<\/h3>\n<\/blockquote>\n<p><strong>ALLA RADIO, di ROBERTO MIANA\u00a0<\/strong><\/p>\n<audio class=\"wp-audio-shortcode\" id=\"audio-222802-25\" preload=\"none\" style=\"width: 100%;\" controls=\"controls\"><source type=\"audio\/mpeg\" src=\"https:\/\/www.radiopiu.net\/wordpress\/wp-content\/uploads\/2021\/07\/gr-21-sport-alleghe-feltreghiaccio-miana-con-sigla.mp3?_=25\" \/><a href=\"https:\/\/www.radiopiu.net\/wordpress\/wp-content\/uploads\/2021\/07\/gr-21-sport-alleghe-feltreghiaccio-miana-con-sigla.mp3\">https:\/\/www.radiopiu.net\/wordpress\/wp-content\/uploads\/2021\/07\/gr-21-sport-alleghe-feltreghiaccio-miana-con-sigla.mp3<\/a><\/audio>\n<p>&nbsp;<\/p>\n<p>&nbsp;<\/p>\n<p><span style=\"color: #ff0000;\"><strong>LA NOVITA&#8217;<\/strong><\/span><\/p>\n<p><strong><a href=\"https:\/\/www.radiopiu.net\/wordpress\/accordo-farm-team-alleghe-feltreghiaccio-junior\/81965d30-71b6-4820-815a-65a428c2a6ac\/\" rel=\"attachment wp-att-222951\"><img loading=\"lazy\" decoding=\"async\" class=\" wp-image-222951 alignleft\" src=\"https:\/\/www.radiopiu.net\/wordpress\/wp-content\/uploads\/2021\/07\/81965d30-71b6-4820-815a-65a428c2a6ac-300x185.jpg\" alt=\"\" width=\"238\" height=\"147\" srcset=\"https:\/\/www.radiopiu.net\/wordpress\/wp-content\/uploads\/2021\/07\/81965d30-71b6-4820-815a-65a428c2a6ac-300x185.jpg 300w, https:\/\/www.radiopiu.net\/wordpress\/wp-content\/uploads\/2021\/07\/81965d30-71b6-4820-815a-65a428c2a6ac-768x473.jpg 768w, https:\/\/www.radiopiu.net\/wordpress\/wp-content\/uploads\/2021\/07\/81965d30-71b6-4820-815a-65a428c2a6ac.jpg 1024w\" sizes=\"auto, (max-width: 238px) 100vw, 238px\" \/><\/a>ALLEGHE-FELTRE<\/strong>\u00a0 Con grande piacere il presidente dell\u2019Alleghe Hockey Adriano Levis annuncia di aver siglato l\u2019accordo di partnership con l\u2019HC Feltreghiaccio Junior, che per la prossima stagione sportiva sar\u00e0 Farm-Team della societ\u00e0 agordina. L\u2019intesa con il presidente feltrino Giuliano Bigarella sancisce un\u2019importante collaborazione, a conferma della sintonia che gi\u00e0 nella passata stagione si era creata tra i due sodalizi veneti. Cos\u00ec la soddisfazione del numero uno alleghese: \u201cL&#8217;accordo tra Alleghe Hockey e Feltreghiaccio Junior, se ben gestito, porter\u00e0 benefici ad entrambe le societ\u00e0. Questa penso sia la strada giusta da seguire se vogliamo che l&#8217;hockey riparta. La scarsa natalit\u00e0 e le altre attivit\u00e0 sportive che assorbono i nostri giovani, ora anche il Covid, ci hanno insegnato che unire le forze aiuta a superare questi ostacoli comuni. Guardo avanti con molta fiducia, ringraziando la Dirigenza della Societ\u00e0 Feltreghiaccio Junior e i miei collaboratori per il supporto avuto e per credere in questo progetto che sta nascendo&#8221;.<\/p>\n<p>&nbsp;<\/p>\n<hr \/>\n<p>&nbsp;<\/p>\n<p>&nbsp;<\/p>\n<p><strong>IERI ALLA RADIO SUI CAMPI DI VIA LUNGOROVA, DOMENICA LA FINALE DEL CITTA&#8217; DI AGORDO<\/strong><br \/>\n<strong>\u00a0<\/strong><strong>di Matteo Reolon<\/strong><\/p>\n<audio class=\"wp-audio-shortcode\" id=\"audio-222802-26\" preload=\"none\" style=\"width: 100%;\" controls=\"controls\"><source type=\"audio\/mpeg\" src=\"https:\/\/www.radiopiu.net\/wordpress\/wp-content\/uploads\/2021\/07\/MATTEO-TENNIS.mp3?_=26\" \/><a href=\"https:\/\/www.radiopiu.net\/wordpress\/wp-content\/uploads\/2021\/07\/MATTEO-TENNIS.mp3\">https:\/\/www.radiopiu.net\/wordpress\/wp-content\/uploads\/2021\/07\/MATTEO-TENNIS.mp3<\/a><\/audio>\n<p>&nbsp;<\/p>\n<blockquote>\n<h2>W PER TUTTI NOI, I VIDEO CHE INSEGNANO A VIVERE<\/h2>\n<\/blockquote>\n<blockquote><p><em>Ecco i primi video messaggi della campagna WpertuttiNOI. I video sono staTi pubblicati sulla pagina facebook @Ulss1Dolomiti e sono diffusi dagli sportivi stessi (che si ringraziano) attraverso i loro social<\/em><\/p><\/blockquote>\n<p><strong>Loris Paoletti (Assi):<\/strong><\/p>\n<p><iframe loading=\"lazy\" title=\"#WpertuttiNOI - Loris Paoletti\" width=\"1200\" height=\"900\" src=\"https:\/\/www.youtube.com\/embed\/hdBzjJX2Glg?feature=oembed\" frameborder=\"0\" allow=\"accelerometer; autoplay; clipboard-write; encrypted-media; gyroscope; picture-in-picture\" allowfullscreen><\/iframe><\/p>\n<div><strong>Nicola Bertagnin (Rugby Feltre):<\/strong><\/div>\n<div><\/div>\n<div>\n<p><iframe loading=\"lazy\" title=\"#WpertuttiNOi - Nicola Bertagnin\" width=\"1200\" height=\"675\" src=\"https:\/\/www.youtube.com\/embed\/8_743J7sNfY?feature=oembed\" frameborder=\"0\" allow=\"accelerometer; autoplay; clipboard-write; encrypted-media; gyroscope; picture-in-picture\" allowfullscreen><\/iframe><\/p>\n<\/div>\n<div><strong>Ivano Molin (Trail runner):<\/strong><\/div>\n<div>\n<p><iframe loading=\"lazy\" title=\"#WpertuttiNOI - Ivano Molin\" width=\"1200\" height=\"900\" src=\"https:\/\/www.youtube.com\/embed\/CDziTXg9LPg?feature=oembed\" frameborder=\"0\" allow=\"accelerometer; autoplay; clipboard-write; encrypted-media; gyroscope; picture-in-picture\" allowfullscreen><\/iframe><\/p>\n<\/div>\n<div><\/div>\n<div><\/div>\n<div><strong>Mattia Gaspari (Nazionale italiana skeleton):<\/strong><\/div>\n<div>\n<p><iframe loading=\"lazy\" title=\"#WpertuttiNOI - Mattia Gaspari\" width=\"1200\" height=\"900\" src=\"https:\/\/www.youtube.com\/embed\/mxOqzGpzWsI?feature=oembed\" frameborder=\"0\" allow=\"accelerometer; autoplay; clipboard-write; encrypted-media; gyroscope; picture-in-picture\" allowfullscreen><\/iframe><\/p>\n<\/div>\n<div><\/div>\n<div><strong>Stefania Constantini (Nazionale curling):\u00a0<\/strong><\/div>\n<div>\n<p><iframe loading=\"lazy\" title=\"#WpertuttiNOI - Stefania Constantini\" width=\"1200\" height=\"900\" src=\"https:\/\/www.youtube.com\/embed\/YGF-ag_0Ufo?feature=oembed\" frameborder=\"0\" allow=\"accelerometer; autoplay; clipboard-write; encrypted-media; gyroscope; picture-in-picture\" allowfullscreen><\/iframe><\/p>\n<p>&nbsp;<\/p>\n<\/div>\n<p>&nbsp;<\/p>\n<\/div>\n<\/div>\n<\/div>\n<\/div>\n<\/div>\n<\/div>\n<\/div>\n<\/div>\n<\/div>\n<\/div>\n<\/div>\n","protected":false},"excerpt":{"rendered":"<p>PER\u00a0RICEVERE QUESTO NOTIZIARIO DIRETTAMENTE SUL TUO CELLULARE ISCRIVITI AL CANALE TELEGRAM\u00a0\u201cRADIO PIU\u00a0 INFORMAZIONE\u201d\u00a0 ARSENIO BLUEPEN&#8230;..IN AZIONE AD AGORDO &nbsp; &nbsp; PROVINCIALE 3 DI VALLE IMPERINA GOSALDO-RIVAMONTE: CHIUSA FINO AL 31 LUGLIO GOSALDO Per lavori al chilometro 9.600 strada chiusa 24 ore su 24 sabato e domenica compresi. Interruzione fino al 30 luglio, Rivamonte \u00e8 raggiungibile&hellip;<\/p>\n","protected":false},"author":4,"featured_media":222918,"comment_status":"closed","ping_status":"open","sticky":false,"template":"","format":"standard","meta":{"_monsterinsights_skip_tracking":false,"_monsterinsights_sitenote_active":false,"_monsterinsights_sitenote_note":"","_monsterinsights_sitenote_category":0,"footnotes":""},"categories":[1,86],"tags":[],"class_list":["post-222802","post","type-post","status-publish","format-standard","has-post-thumbnail","hentry","category-senza-categoria","category-gr","category-1","category-86","description-off"],"img_url":"https:\/\/www.radiopiu.net\/wordpress\/wp-content\/uploads\/2021\/07\/salt_20210720_122107_291.jpg","_links":{"self":[{"href":"https:\/\/www.radiopiu.net\/wordpress\/wp-json\/wp\/v2\/posts\/222802","targetHints":{"allow":["GET"]}}],"collection":[{"href":"https:\/\/www.radiopiu.net\/wordpress\/wp-json\/wp\/v2\/posts"}],"about":[{"href":"https:\/\/www.radiopiu.net\/wordpress\/wp-json\/wp\/v2\/types\/post"}],"author":[{"embeddable":true,"href":"https:\/\/www.radiopiu.net\/wordpress\/wp-json\/wp\/v2\/users\/4"}],"replies":[{"embeddable":true,"href":"https:\/\/www.radiopiu.net\/wordpress\/wp-json\/wp\/v2\/comments?post=222802"}],"version-history":[{"count":0,"href":"https:\/\/www.radiopiu.net\/wordpress\/wp-json\/wp\/v2\/posts\/222802\/revisions"}],"wp:featuredmedia":[{"embeddable":true,"href":"https:\/\/www.radiopiu.net\/wordpress\/wp-json\/wp\/v2\/media\/222918"}],"wp:attachment":[{"href":"https:\/\/www.radiopiu.net\/wordpress\/wp-json\/wp\/v2\/media?parent=222802"}],"wp:term":[{"taxonomy":"category","embeddable":true,"href":"https:\/\/www.radiopiu.net\/wordpress\/wp-json\/wp\/v2\/categories?post=222802"},{"taxonomy":"post_tag","embeddable":true,"href":"https:\/\/www.radiopiu.net\/wordpress\/wp-json\/wp\/v2\/tags?post=222802"}],"curies":[{"name":"wp","href":"https:\/\/api.w.org\/{rel}","templated":true}]}}