{"id":222915,"date":"2021-07-20T14:21:04","date_gmt":"2021-07-20T12:21:04","guid":{"rendered":"https:\/\/www.radiopiu.net\/wordpress\/?p=222915"},"modified":"2021-07-20T14:21:04","modified_gmt":"2021-07-20T12:21:04","slug":"infortunio-nella-gola-del-torrente-vince-il-gioco-di-squadra-lesercitazione-veneto-friuli","status":"publish","type":"post","link":"https:\/\/www.radiopiu.net\/wordpress\/infortunio-nella-gola-del-torrente-vince-il-gioco-di-squadra-lesercitazione-veneto-friuli\/","title":{"rendered":"INFORTUNIO NELLA GOLA DEL TORRENTE, VINCE IL GIOCO DI SQUADRA. L&#8217;ESERCITAZIONE VENETO-FRIULI"},"content":{"rendered":"<p><strong>BELLUNO_UDINE<\/strong> Un infortunio nella notte nella gola di un torrente, l&#8217;urgenza dell&#8217;intervento unita al numero elevato di soccorritori richiesti, che sappiano operare fianco a fianco con identiche tecniche e manovre. \u00c8 questo lo scenario ipotizzato per l&#8217;esercitazione congiunta tra i gruppi forra del Soccorso alpino e speleologico Veneto e il Soccorso alpino e speleologico Friuli Venezia Giulia, che si \u00e8 svolta nella notte tra sabato 17 luglio e domenica 18 luglio e che ha visto i due servizi regionali unire le proprie competenze nella forra del Rio Cuestis, nelle Alpi Carniche Orientali. Capita infatti che in interventi di particolare complessit\u00e0 le sole forze regionali non siano sufficienti a far fronte all\u2019operativit\u00e0 necessaria alla risoluzione di un intervento in forra. Il ritrovo, che si svolge in questa forma congiunta con una periodicit\u00e0 annuale, \u00e8 di grandissima importanza in caso di soccorsi impegnativi ed \u00e8 finalizzato a testare le reciproche capacit\u00e0 operative, la simbiosi e l\u2019affiatamento in situazioni difficili che aggravano il contesto ambientale gi\u00e0 di per s\u00e9 estremo. Anche per questo motivo i venticinque partecipanti hanno inserito nell\u2019esercitazione ulteriori elementi di difficolt\u00e0, ovvero la decisione di svolgere la simulazione durante la notte, tra le 20.30 di sabato e le 4 del mattino di domenica e l&#8217;ipotesi che non fossero possibili le comunicazioni con i due torrentisti non rientrati, con conseguente ricerca, ritrovamento, imbarellamento e trasporto della barella stagna a valle. La forra del Rio Cuestis \u00e8 un percorso di mille metri di dislivello, che si affronta con diciotto calate delle quali una di circa ottanta metri.\u00a0 L\u2019intervento \u00e8 consistito nel creare un allarme di mancato rientro per due forristi. L\u2019intervento ha visto poi organizzare un soccorso nel quale entrambe le persone erano ferite, una ad una gamba e una ad un braccio con la necessit\u00e0 dell\u2019ausilio di due tecnici sanitari specializzati in questo ambiente. I tecnici sono stati portati in quota, assieme all&#8217;attrezzatura necessaria alle operazioni, con l\u2019elicottero della Protezione Civile e poi si sono calati nella gola fino al tratto verticale dove era avvenuto l\u2019incidente simulato. Le squadre hanno messo in atto le procedure di stabilizzazione dei due feriti, provvedendo a steccare l\u2019arto dell&#8217;infortunato che aveva un minimo di margine per collaborare alle operazioni e imbarellando il ferito infortunatosi alla gamba per calarlo nel tratto pi\u00f9 verticale.<\/p>\n<div dir=\"auto\"><\/div>\n\n\t\t\t<style type='text\/css'>\n\t\t\t\t#gallery-1 {\n\t\t\t\t\tmargin: auto;\n\t\t\t\t}\n\t\t\t\t#gallery-1 .gallery-item {\n\t\t\t\t\tfloat: left;\n\t\t\t\t\tmargin-top: 10px;\n\t\t\t\t\ttext-align: center;\n\t\t\t\t\twidth: 50%;\n\t\t\t\t}\n\t\t\t\t#gallery-1 img {\n\t\t\t\t\tborder: 2px solid #cfcfcf;\n\t\t\t\t}\n\t\t\t\t#gallery-1 .gallery-caption {\n\t\t\t\t\tmargin-left: 0;\n\t\t\t\t}\n\t\t\t\t\/* see gallery_shortcode() in wp-includes\/media.php *\/\n\t\t\t<\/style>\n\t\t<div id='gallery-1' class='dt-gallery-container gallery galleryid-222915 gallery-columns-2 gallery-size-thumbnail'><dl class='gallery-item'>\n\t\t\t\t<dt class='gallery-icon landscape'>\n\t\t\t\t\t<a class=\"rollover rollover-zoom dt-pswp-item\" title=\"salt_20210720_122107_291\" data-dt-img-description=\"\" data-large_image_width=\"2364\" data-large_image_height=\"1773\"href='https:\/\/www.radiopiu.net\/wordpress\/wp-content\/uploads\/2021\/07\/salt_20210720_122107_291.jpg'><img loading=\"lazy\" decoding=\"async\" width=\"150\" height=\"150\" src=\"https:\/\/www.radiopiu.net\/wordpress\/wp-content\/uploads\/2021\/07\/salt_20210720_122107_291-150x150.jpg\" class=\"attachment-thumbnail size-thumbnail\" alt=\"\" \/><\/a>\n\t\t\t\t<\/dt><\/dl><dl class='gallery-item'>\n\t\t\t\t<dt class='gallery-icon landscape'>\n\t\t\t\t\t<a class=\"rollover rollover-zoom dt-pswp-item\" title=\"salt_20210720_121915_513\" data-dt-img-description=\"\" data-large_image_width=\"2364\" data-large_image_height=\"1773\"href='https:\/\/www.radiopiu.net\/wordpress\/wp-content\/uploads\/2021\/07\/salt_20210720_121915_513.jpg'><img loading=\"lazy\" decoding=\"async\" width=\"150\" height=\"150\" src=\"https:\/\/www.radiopiu.net\/wordpress\/wp-content\/uploads\/2021\/07\/salt_20210720_121915_513-150x150.jpg\" class=\"attachment-thumbnail size-thumbnail\" alt=\"\" \/><\/a>\n\t\t\t\t<\/dt><\/dl><br style=\"clear: both\" \/><dl class='gallery-item'>\n\t\t\t\t<dt class='gallery-icon portrait'>\n\t\t\t\t\t<a class=\"rollover rollover-zoom dt-pswp-item\" title=\"salt_20210720_121934_989\" data-dt-img-description=\"\" data-large_image_width=\"1432\" data-large_image_height=\"2560\"href='https:\/\/www.radiopiu.net\/wordpress\/wp-content\/uploads\/2021\/07\/salt_20210720_121934_989-scaled.jpg'><img loading=\"lazy\" decoding=\"async\" width=\"150\" height=\"150\" src=\"https:\/\/www.radiopiu.net\/wordpress\/wp-content\/uploads\/2021\/07\/salt_20210720_121934_989-150x150.jpg\" class=\"attachment-thumbnail size-thumbnail\" alt=\"\" \/><\/a>\n\t\t\t\t<\/dt><\/dl><dl class='gallery-item'>\n\t\t\t\t<dt class='gallery-icon portrait'>\n\t\t\t\t\t<a class=\"rollover rollover-zoom dt-pswp-item\" title=\"salt_20210720_121945_061\" data-dt-img-description=\"\" data-large_image_width=\"1432\" data-large_image_height=\"2560\"href='https:\/\/www.radiopiu.net\/wordpress\/wp-content\/uploads\/2021\/07\/salt_20210720_121945_061-scaled.jpg'><img loading=\"lazy\" decoding=\"async\" width=\"150\" height=\"150\" src=\"https:\/\/www.radiopiu.net\/wordpress\/wp-content\/uploads\/2021\/07\/salt_20210720_121945_061-150x150.jpg\" class=\"attachment-thumbnail size-thumbnail\" alt=\"\" \/><\/a>\n\t\t\t\t<\/dt><\/dl><br style=\"clear: both\" \/>\n\t\t\t<\/div>\n\n<p>&nbsp;<\/p>\n","protected":false},"excerpt":{"rendered":"<p>BELLUNO_UDINE Un infortunio nella notte nella gola di un torrente, l&#8217;urgenza dell&#8217;intervento unita al numero elevato di soccorritori richiesti, che sappiano operare fianco a fianco con identiche tecniche e manovre. \u00c8 questo lo scenario ipotizzato per l&#8217;esercitazione congiunta tra i gruppi forra del Soccorso alpino e speleologico Veneto e il Soccorso alpino e speleologico Friuli&hellip;<\/p>\n","protected":false},"author":4,"featured_media":222919,"comment_status":"closed","ping_status":"open","sticky":false,"template":"","format":"standard","meta":{"_monsterinsights_skip_tracking":false,"_monsterinsights_sitenote_active":false,"_monsterinsights_sitenote_note":"","_monsterinsights_sitenote_category":0,"footnotes":""},"categories":[51,49],"tags":[],"class_list":["post-222915","post","type-post","status-publish","format-standard","has-post-thumbnail","hentry","category-evidenza-top","category-news-18","category-51","category-49","description-off"],"img_url":"https:\/\/www.radiopiu.net\/wordpress\/wp-content\/uploads\/2021\/07\/salt_20210720_121915_513.jpg","_links":{"self":[{"href":"https:\/\/www.radiopiu.net\/wordpress\/wp-json\/wp\/v2\/posts\/222915","targetHints":{"allow":["GET"]}}],"collection":[{"href":"https:\/\/www.radiopiu.net\/wordpress\/wp-json\/wp\/v2\/posts"}],"about":[{"href":"https:\/\/www.radiopiu.net\/wordpress\/wp-json\/wp\/v2\/types\/post"}],"author":[{"embeddable":true,"href":"https:\/\/www.radiopiu.net\/wordpress\/wp-json\/wp\/v2\/users\/4"}],"replies":[{"embeddable":true,"href":"https:\/\/www.radiopiu.net\/wordpress\/wp-json\/wp\/v2\/comments?post=222915"}],"version-history":[{"count":0,"href":"https:\/\/www.radiopiu.net\/wordpress\/wp-json\/wp\/v2\/posts\/222915\/revisions"}],"wp:featuredmedia":[{"embeddable":true,"href":"https:\/\/www.radiopiu.net\/wordpress\/wp-json\/wp\/v2\/media\/222919"}],"wp:attachment":[{"href":"https:\/\/www.radiopiu.net\/wordpress\/wp-json\/wp\/v2\/media?parent=222915"}],"wp:term":[{"taxonomy":"category","embeddable":true,"href":"https:\/\/www.radiopiu.net\/wordpress\/wp-json\/wp\/v2\/categories?post=222915"},{"taxonomy":"post_tag","embeddable":true,"href":"https:\/\/www.radiopiu.net\/wordpress\/wp-json\/wp\/v2\/tags?post=222915"}],"curies":[{"name":"wp","href":"https:\/\/api.w.org\/{rel}","templated":true}]}}