{"id":222939,"date":"2021-07-20T15:16:31","date_gmt":"2021-07-20T13:16:31","guid":{"rendered":"https:\/\/www.radiopiu.net\/wordpress\/?p=222939"},"modified":"2021-07-20T15:16:33","modified_gmt":"2021-07-20T13:16:33","slug":"corse-straordinarie-del-trenino-ted","status":"publish","type":"post","link":"https:\/\/www.radiopiu.net\/wordpress\/corse-straordinarie-del-trenino-ted\/","title":{"rendered":"CORSE STRAORDINARIE DEL TRENINO &#8220;TED&#8221;"},"content":{"rendered":"<p><strong><a href=\"https:\/\/www.radiopiu.net\/wordpress\/?attachment_id=222938\" rel=\"attachment wp-att-222938\"><img loading=\"lazy\" decoding=\"async\" class=\" wp-image-222938 alignleft\" src=\"https:\/\/www.radiopiu.net\/wordpress\/wp-content\/uploads\/2021\/07\/Trenino-TED-in-Piazza-Maggiore-300x169.jpg\" alt=\"\" width=\"154\" height=\"87\" srcset=\"https:\/\/www.radiopiu.net\/wordpress\/wp-content\/uploads\/2021\/07\/Trenino-TED-in-Piazza-Maggiore-300x169.jpg 300w, https:\/\/www.radiopiu.net\/wordpress\/wp-content\/uploads\/2021\/07\/Trenino-TED-in-Piazza-Maggiore-1024x576.jpg 1024w, https:\/\/www.radiopiu.net\/wordpress\/wp-content\/uploads\/2021\/07\/Trenino-TED-in-Piazza-Maggiore-768x432.jpg 768w, https:\/\/www.radiopiu.net\/wordpress\/wp-content\/uploads\/2021\/07\/Trenino-TED-in-Piazza-Maggiore-1536x864.jpg 1536w, https:\/\/www.radiopiu.net\/wordpress\/wp-content\/uploads\/2021\/07\/Trenino-TED-in-Piazza-Maggiore.jpg 2048w\" sizes=\"auto, (max-width: 154px) 100vw, 154px\" \/><\/a>FELTRE<\/strong> Un giro per il centro storico \u00e8 sempre un piacere, con il trenino un piacere che aumenta e visto che \u00e8 gratis ancora pi\u00f9 apprezzato tanto dai locali che dai turisti. Tutto questo \u00e8 possibile grazie alla variazione di bilancio da 5.300 euro approvata dalla Giunta comunale, che consente l&#8217;attivazione del servizio supplementare del trenino turistico Ted per il percorso del centro storico durante tutto il periodo estivo. Saranno\u00a0 attivate delle corse supplementari il 27 luglio, l&#8217;11 agosto e in una terza sera di agosto da definire. Il percorso:\u00a0 dai parcheggi di Pr\u00e0 del Moro per poi immettersi in via Marconi, raggiungere via Tezze, percorrere via XXXI ottobre, salire lungo via Mezzaterra e fermarsi in piazza Vittorio Emanuele II (piazza Maggiore), dove \u00e8 stabilita la fermata. Il trenino torner\u00e0 poi in Pr\u00e0 del Moro scendendo lungo via Luzzo, via Borgo Ruga , via Marescalchi e via Marconi.<\/p>\n<blockquote><p><em>\u201cAbbiamo inteso potenziare il servizio oramai conosciuto e consolidato del trenino turistico TED per due ordini di ragioni, sottolinea il sindaco di Feltre Paolo Perenzin. Da un lato, spiega il primo cittadino, potenziare l&#8217;offerta turistica di accesso al centro storico in corrispondenza del periodo di maggior afflusso turistico, anche in relazione agli eventi che interessano in queste settimane la cittadella; in secondo luogo, in considerazione del periodo di chiusura degli ascensori in concomitanza con i lavori del belvedere, fornire ai cittadini una soluzione di mobilit\u00e0 alternativa per l&#8217;accesso al centro storico&#8221;.\u00a0<\/em><\/p><\/blockquote>\n","protected":false},"excerpt":{"rendered":"<p>FELTRE Un giro per il centro storico \u00e8 sempre un piacere, con il trenino un piacere che aumenta e visto che \u00e8 gratis ancora pi\u00f9 apprezzato tanto dai locali che dai turisti. Tutto questo \u00e8 possibile grazie alla variazione di bilancio da 5.300 euro approvata dalla Giunta comunale, che consente l&#8217;attivazione del servizio supplementare del&hellip;<\/p>\n","protected":false},"author":4,"featured_media":222938,"comment_status":"closed","ping_status":"open","sticky":false,"template":"","format":"standard","meta":{"_monsterinsights_skip_tracking":false,"_monsterinsights_sitenote_active":false,"_monsterinsights_sitenote_note":"","_monsterinsights_sitenote_category":0,"footnotes":""},"categories":[49],"tags":[],"class_list":["post-222939","post","type-post","status-publish","format-standard","has-post-thumbnail","hentry","category-news-18","category-49","description-off"],"img_url":"https:\/\/www.radiopiu.net\/wordpress\/wp-content\/uploads\/2021\/07\/Trenino-TED-in-Piazza-Maggiore.jpg","_links":{"self":[{"href":"https:\/\/www.radiopiu.net\/wordpress\/wp-json\/wp\/v2\/posts\/222939","targetHints":{"allow":["GET"]}}],"collection":[{"href":"https:\/\/www.radiopiu.net\/wordpress\/wp-json\/wp\/v2\/posts"}],"about":[{"href":"https:\/\/www.radiopiu.net\/wordpress\/wp-json\/wp\/v2\/types\/post"}],"author":[{"embeddable":true,"href":"https:\/\/www.radiopiu.net\/wordpress\/wp-json\/wp\/v2\/users\/4"}],"replies":[{"embeddable":true,"href":"https:\/\/www.radiopiu.net\/wordpress\/wp-json\/wp\/v2\/comments?post=222939"}],"version-history":[{"count":0,"href":"https:\/\/www.radiopiu.net\/wordpress\/wp-json\/wp\/v2\/posts\/222939\/revisions"}],"wp:featuredmedia":[{"embeddable":true,"href":"https:\/\/www.radiopiu.net\/wordpress\/wp-json\/wp\/v2\/media\/222938"}],"wp:attachment":[{"href":"https:\/\/www.radiopiu.net\/wordpress\/wp-json\/wp\/v2\/media?parent=222939"}],"wp:term":[{"taxonomy":"category","embeddable":true,"href":"https:\/\/www.radiopiu.net\/wordpress\/wp-json\/wp\/v2\/categories?post=222939"},{"taxonomy":"post_tag","embeddable":true,"href":"https:\/\/www.radiopiu.net\/wordpress\/wp-json\/wp\/v2\/tags?post=222939"}],"curies":[{"name":"wp","href":"https:\/\/api.w.org\/{rel}","templated":true}]}}