{"id":223023,"date":"2021-07-20T23:59:43","date_gmt":"2021-07-20T21:59:43","guid":{"rendered":"https:\/\/www.radiopiu.net\/wordpress\/?p=223023"},"modified":"2021-07-21T20:06:38","modified_gmt":"2021-07-21T18:06:38","slug":"fine-settimana-con-il-circolo-culturale-agordino-in-sala-don-tamis","status":"publish","type":"post","link":"https:\/\/www.radiopiu.net\/wordpress\/fine-settimana-con-il-circolo-culturale-agordino-in-sala-don-tamis\/","title":{"rendered":"FINE SETTIMANA CON IL CIRCOLO CULTURALE AGORDINO, IN SALA DON TAMIS"},"content":{"rendered":"<blockquote>\n<blockquote>\n<h3><a href=\"https:\/\/www.radiopiu.net\/wordpress\/giornale-radiopiu-20-luglio-2021-direttore-mirko-mezzacasa\/10364118_706292326103957_4699429107244899270_n-2\/\" rel=\"attachment wp-att-222816\"><img loading=\"lazy\" decoding=\"async\" class=\"wp-image-222816 alignleft\" src=\"https:\/\/www.radiopiu.net\/wordpress\/wp-content\/uploads\/2021\/07\/10364118_706292326103957_4699429107244899270_n-216x300.jpg\" alt=\"\" width=\"135\" height=\"188\" srcset=\"https:\/\/www.radiopiu.net\/wordpress\/wp-content\/uploads\/2021\/07\/10364118_706292326103957_4699429107244899270_n-216x300.jpg 216w, https:\/\/www.radiopiu.net\/wordpress\/wp-content\/uploads\/2021\/07\/10364118_706292326103957_4699429107244899270_n.jpg 425w\" sizes=\"auto, (max-width: 135px) 100vw, 135px\" \/><\/a><\/h3>\n<\/blockquote>\n<p><strong>VENERDI<\/strong>\u00a0 ALLE 17.30\u00a0 il libro di Mario Agnoli a cura di Marina Zampolini Agnoli &#8220;Le mie radici, poesie racconti e ricordi della terra dolomitica&#8221;. A presentare il volume\u00a0 edito da Nuovi Sentieri\u00a0 Loris Santomaso e Bepi Pellegrinon. Agnoli: originario di Valle di Cadore, ma agordino di adozione \u00e8 morto nel 2017, \u00e8 stato Segretario\u00a0 Generale del Comune di Pistoia, scrittore e poeta.<\/p>\n<p><strong>SABATO<\/strong> ALLE 17.30\u00a0 &#8220;La natura, l&#8217;uomo e la storia&#8221;, come raccontare il territorio oggi e come \u00e8 stato narrato da Mariannina Del Din Dall&#8217;Armi, Presentazione della ristampa di &#8220;Dissesti idrogeologici ed eventi calamitosi dell&#8217;Agordino dal 1000 al 1966&#8221;. Inververranno: il geologo\u00a0 Vittorio Fenti; la ricercatrice dell&#8217;Universit\u00e0 C\u00e0 Foscari di Venezia Sara Luchetta; il presidente GDS Dolomiti Manolo Piat. Verr\u00e0 proiettato\u00a0 il filmato storico del &#8220;Floc&#8221;, l&#8217;alluvione del 1966 a La Valle recuperato e riproposto\u00a0 da Pino Sento con Adriano Bianchi. <span style=\"font-family: Arial, sans-serif;\">A trentacinque anni dalla sua pubblicazione, il Circolo Culturale Agordino si \u00e8 impegnato nella ristampa del volume scritto da Mariannina Del Din Dall\u2019Armi. \u00a0Il tema centrale dell\u2019evento non sar\u00e0 il libro ristampato, che rimarr\u00e0 comunque sempre il filo conduttore della serata, ma il valore aggiunto che la ricerca storica, scientifica e l\u2019intento divulgativo della pubblicistica locale possano dare nel far conoscere, ad un pubblico ampio e poco esperto, eventi complessi come il rapporto tra ambiente naturale e uomo. <\/span><\/p>\n<p>&nbsp;<\/p><\/blockquote>\n<p>&nbsp;<\/p>\n<p>&nbsp;<\/p>\n","protected":false},"excerpt":{"rendered":"<p>VENERDI\u00a0 ALLE 17.30\u00a0 il libro di Mario Agnoli a cura di Marina Zampolini Agnoli &#8220;Le mie radici, poesie racconti e ricordi della terra dolomitica&#8221;. A presentare il volume\u00a0 edito da Nuovi Sentieri\u00a0 Loris Santomaso e Bepi Pellegrinon. Agnoli: originario di Valle di Cadore, ma agordino di adozione \u00e8 morto nel 2017, \u00e8 stato Segretario\u00a0 Generale&hellip;<\/p>\n","protected":false},"author":4,"featured_media":222816,"comment_status":"closed","ping_status":"open","sticky":false,"template":"","format":"standard","meta":{"_monsterinsights_skip_tracking":false,"_monsterinsights_sitenote_active":false,"_monsterinsights_sitenote_note":"","_monsterinsights_sitenote_category":0,"footnotes":""},"categories":[104,49],"tags":[],"class_list":["post-223023","post","type-post","status-publish","format-standard","has-post-thumbnail","hentry","category-evidenza_3","category-news-18","category-104","category-49","description-off"],"img_url":"https:\/\/www.radiopiu.net\/wordpress\/wp-content\/uploads\/2021\/07\/10364118_706292326103957_4699429107244899270_n.jpg","_links":{"self":[{"href":"https:\/\/www.radiopiu.net\/wordpress\/wp-json\/wp\/v2\/posts\/223023","targetHints":{"allow":["GET"]}}],"collection":[{"href":"https:\/\/www.radiopiu.net\/wordpress\/wp-json\/wp\/v2\/posts"}],"about":[{"href":"https:\/\/www.radiopiu.net\/wordpress\/wp-json\/wp\/v2\/types\/post"}],"author":[{"embeddable":true,"href":"https:\/\/www.radiopiu.net\/wordpress\/wp-json\/wp\/v2\/users\/4"}],"replies":[{"embeddable":true,"href":"https:\/\/www.radiopiu.net\/wordpress\/wp-json\/wp\/v2\/comments?post=223023"}],"version-history":[{"count":0,"href":"https:\/\/www.radiopiu.net\/wordpress\/wp-json\/wp\/v2\/posts\/223023\/revisions"}],"wp:featuredmedia":[{"embeddable":true,"href":"https:\/\/www.radiopiu.net\/wordpress\/wp-json\/wp\/v2\/media\/222816"}],"wp:attachment":[{"href":"https:\/\/www.radiopiu.net\/wordpress\/wp-json\/wp\/v2\/media?parent=223023"}],"wp:term":[{"taxonomy":"category","embeddable":true,"href":"https:\/\/www.radiopiu.net\/wordpress\/wp-json\/wp\/v2\/categories?post=223023"},{"taxonomy":"post_tag","embeddable":true,"href":"https:\/\/www.radiopiu.net\/wordpress\/wp-json\/wp\/v2\/tags?post=223023"}],"curies":[{"name":"wp","href":"https:\/\/api.w.org\/{rel}","templated":true}]}}