{"id":223148,"date":"2021-07-21T10:37:35","date_gmt":"2021-07-21T08:37:35","guid":{"rendered":"https:\/\/www.radiopiu.net\/wordpress\/?p=223148"},"modified":"2021-07-21T10:37:35","modified_gmt":"2021-07-21T08:37:35","slug":"un-fine-settimana-ricco-di-eventi-al-museo-albino-luciani-di-canale-dagordo","status":"publish","type":"post","link":"https:\/\/www.radiopiu.net\/wordpress\/un-fine-settimana-ricco-di-eventi-al-museo-albino-luciani-di-canale-dagordo\/","title":{"rendered":"UN FINE SETTIMANA RICCO DI EVENTI AL MUSEO ALBINO LUCIANI DI CANALE D&#8217;AGORDO"},"content":{"rendered":"<p><strong>CANALE D&#8217;AGORDO <\/strong><span class=\"s1\">Un fine settimana ricco di eventi per il Musal &#8211; Museo Albino Luciani (<a href=\"http:\/\/www.musal.it\/\"><span class=\"s2\">www.musal.it<\/span><\/a>) di Canale d&#8217;Agordo (Belluno). La due giorni inizier\u00e0 sabato 24 luglio con un doppio appuntamento: alle ore 17.30, presso la Sala Lina Zand\u00f2 del Museo, si terr\u00e0 infatti la presentazione della nuova biografia su don Antonio Della Lucia, arciprete di Canale d&#8217;Agordo dal 1860 al 1898, scritta da Loris Serafini, direttore del Musal, in preparazione al 150\u00b0 anniversario della fondazione della prima latteria cooperativa di Forno di Canale (8 gennaio 1872), il vecchio nome di Canale d&#8217;Agordo. Instancabile filantropo, portatore di idee innovative (si spese molto per l&#8217;emancipazione femminile), don Della Lucia si adoper\u00f2 molto per migliorare le condizioni di vita della popolazione locale, fondando, ad esempio, il primo asilo infantile rurale in provincia di Belluno, la prima latteria cooperativa d\u2019Italia a sistema svedese e ben tre biblioteche popolari. Per i suoi alti meriti, nel 1878 il re Vittorio Emanuele II lo nomin\u00f2 Cavaliere della Corona. <\/span><span class=\"s3\">Alle ore 21.00 sempre di sabato 24 luglio, ma presso la chiesa arcipretale di Canale d&#8217;Agordo si terr\u00e0 invece Per il Papa, concerto vocale sacro in onore di Papa Luciani, con gli artisti della Masterclass Internazionale in collaborazione con l&#8217;associazione Le Muse e le Dolomiti (<a href=\"http:\/\/www.musedolomiti.it\/\"><span class=\"s2\">www.musedolomiti.it<\/span><\/a>). Sin dal 2013, Le Muse e le Dolomiti dedica, in collaborazione con la Fondazione Papa Luciani, un concerto vocale sacro al \u201cPapa del sorriso\u201d, mirato a celebrare nel suo paese natale la vita di questo straordinario cittadino, non solo come Papa, ma anche come uomo. <\/span><span class=\"s1\">L&#8217;intenso fine settimana proseguir\u00e0 domenica 25 luglio alle ore 17.30 quando, presso la Casa delle Regole di Canale d&#8217;Agordo, si terr\u00e0 l&#8217;inaugurazione della mostra Illustrissimi del pittore Lucio Groja. La mostra, curata da Dario Fontanive e che verr\u00e0 presentata da Loris Serafini (direttore del Musal) con il commento artistico di Erminio Mazzucco, si ispira all&#8217;omonimo libro che Albino Luciani pubblic\u00f2 nel 1976 quando era Patriarca di Venezia: Illustrissimi raccoglieva le famose 40 lettere che Luciani aveva pubblicato tra il 1971 e il 1975 sul Messaggero di sant&#8217;Antonio indirizzate a personaggi storici e della mitologia, a scrittori, personaggi della letteratura italiana e straniera, o a Santi della Chiesa cattolica. L&#8217;opera ebbe un vasto successo, tanto che, quando il cardinale Luciani divenne papa Giovanni Paolo I, essa fu pubblicata in molte lingue, tra cui il cinese e il giapponese. La raccolta di quadri rappresenta i personaggi a cui il Patriarca di Venezia scrisse le varie lettere.<\/span><\/p>\n\n\t\t\t<style type='text\/css'>\n\t\t\t\t#gallery-1 {\n\t\t\t\t\tmargin: auto;\n\t\t\t\t}\n\t\t\t\t#gallery-1 .gallery-item {\n\t\t\t\t\tfloat: left;\n\t\t\t\t\tmargin-top: 10px;\n\t\t\t\t\ttext-align: center;\n\t\t\t\t\twidth: 25%;\n\t\t\t\t}\n\t\t\t\t#gallery-1 img {\n\t\t\t\t\tborder: 2px solid #cfcfcf;\n\t\t\t\t}\n\t\t\t\t#gallery-1 .gallery-caption {\n\t\t\t\t\tmargin-left: 0;\n\t\t\t\t}\n\t\t\t\t\/* see gallery_shortcode() in wp-includes\/media.php *\/\n\t\t\t<\/style>\n\t\t<div id='gallery-1' class='dt-gallery-container gallery galleryid-223148 gallery-columns-4 gallery-size-medium'><dl class='gallery-item'>\n\t\t\t\t<dt class='gallery-icon landscape'>\n\t\t\t\t\t<a class=\"rollover rollover-zoom dt-pswp-item\" title=\"Canale d&#039;Agordo in una foto dei primi anni del Novecento\" data-dt-img-description=\"\" data-large_image_width=\"1028\" data-large_image_height=\"803\"href='https:\/\/www.radiopiu.net\/wordpress\/wp-content\/uploads\/2021\/07\/Canale-dAgordo-in-una-foto-dei-primi-anni-del-Novecento.jpg'><img loading=\"lazy\" decoding=\"async\" width=\"300\" height=\"234\" src=\"https:\/\/www.radiopiu.net\/wordpress\/wp-content\/uploads\/2021\/07\/Canale-dAgordo-in-una-foto-dei-primi-anni-del-Novecento-300x234.jpg\" class=\"attachment-medium size-medium\" alt=\"\" srcset=\"https:\/\/www.radiopiu.net\/wordpress\/wp-content\/uploads\/2021\/07\/Canale-dAgordo-in-una-foto-dei-primi-anni-del-Novecento-300x234.jpg 300w, https:\/\/www.radiopiu.net\/wordpress\/wp-content\/uploads\/2021\/07\/Canale-dAgordo-in-una-foto-dei-primi-anni-del-Novecento-1024x800.jpg 1024w, https:\/\/www.radiopiu.net\/wordpress\/wp-content\/uploads\/2021\/07\/Canale-dAgordo-in-una-foto-dei-primi-anni-del-Novecento-768x600.jpg 768w, https:\/\/www.radiopiu.net\/wordpress\/wp-content\/uploads\/2021\/07\/Canale-dAgordo-in-una-foto-dei-primi-anni-del-Novecento.jpg 1028w\" sizes=\"auto, (max-width: 300px) 100vw, 300px\" \/><\/a>\n\t\t\t\t<\/dt><\/dl><dl class='gallery-item'>\n\t\t\t\t<dt class='gallery-icon portrait'>\n\t\t\t\t\t<a class=\"rollover rollover-zoom dt-pswp-item\" title=\"Don Antonio Della Lucia\" data-dt-img-description=\"\" data-large_image_width=\"432\" data-large_image_height=\"562\"href='https:\/\/www.radiopiu.net\/wordpress\/wp-content\/uploads\/2021\/07\/Don-Antonio-Della-Lucia.jpg'><img loading=\"lazy\" decoding=\"async\" width=\"231\" height=\"300\" src=\"https:\/\/www.radiopiu.net\/wordpress\/wp-content\/uploads\/2021\/07\/Don-Antonio-Della-Lucia-231x300.jpg\" class=\"attachment-medium size-medium\" alt=\"\" srcset=\"https:\/\/www.radiopiu.net\/wordpress\/wp-content\/uploads\/2021\/07\/Don-Antonio-Della-Lucia-231x300.jpg 231w, https:\/\/www.radiopiu.net\/wordpress\/wp-content\/uploads\/2021\/07\/Don-Antonio-Della-Lucia.jpg 432w\" sizes=\"auto, (max-width: 231px) 100vw, 231px\" \/><\/a>\n\t\t\t\t<\/dt><\/dl><dl class='gallery-item'>\n\t\t\t\t<dt class='gallery-icon landscape'>\n\t\t\t\t\t<a class=\"rollover rollover-zoom dt-pswp-item\" title=\"Lucio Groja-mostra\" data-dt-img-description=\"\" data-large_image_width=\"1433\" data-large_image_height=\"1401\"href='https:\/\/www.radiopiu.net\/wordpress\/wp-content\/uploads\/2021\/07\/Lucio-Groja-mostra.jpg'><img loading=\"lazy\" decoding=\"async\" width=\"300\" height=\"293\" src=\"https:\/\/www.radiopiu.net\/wordpress\/wp-content\/uploads\/2021\/07\/Lucio-Groja-mostra-300x293.jpg\" class=\"attachment-medium size-medium\" alt=\"\" srcset=\"https:\/\/www.radiopiu.net\/wordpress\/wp-content\/uploads\/2021\/07\/Lucio-Groja-mostra-300x293.jpg 300w, https:\/\/www.radiopiu.net\/wordpress\/wp-content\/uploads\/2021\/07\/Lucio-Groja-mostra-1024x1001.jpg 1024w, https:\/\/www.radiopiu.net\/wordpress\/wp-content\/uploads\/2021\/07\/Lucio-Groja-mostra-768x751.jpg 768w, https:\/\/www.radiopiu.net\/wordpress\/wp-content\/uploads\/2021\/07\/Lucio-Groja-mostra.jpg 1433w\" sizes=\"auto, (max-width: 300px) 100vw, 300px\" \/><\/a>\n\t\t\t\t<\/dt><\/dl><dl class='gallery-item'>\n\t\t\t\t<dt class='gallery-icon landscape'>\n\t\t\t\t\t<a class=\"rollover rollover-zoom dt-pswp-item\" title=\"Prima Latteria Cooperativa d&#039;Italia\" data-dt-img-description=\"\" data-large_image_width=\"656\" data-large_image_height=\"512\"href='https:\/\/www.radiopiu.net\/wordpress\/wp-content\/uploads\/2021\/07\/Prima-Latteria-Cooperativa-dItalia.jpg'><img loading=\"lazy\" decoding=\"async\" width=\"300\" height=\"234\" src=\"https:\/\/www.radiopiu.net\/wordpress\/wp-content\/uploads\/2021\/07\/Prima-Latteria-Cooperativa-dItalia-300x234.jpg\" class=\"attachment-medium size-medium\" alt=\"\" srcset=\"https:\/\/www.radiopiu.net\/wordpress\/wp-content\/uploads\/2021\/07\/Prima-Latteria-Cooperativa-dItalia-300x234.jpg 300w, https:\/\/www.radiopiu.net\/wordpress\/wp-content\/uploads\/2021\/07\/Prima-Latteria-Cooperativa-dItalia.jpg 656w\" sizes=\"auto, (max-width: 300px) 100vw, 300px\" \/><\/a>\n\t\t\t\t<\/dt><\/dl><br style=\"clear: both\" \/>\n\t\t\t<\/div>\n\n<p>&nbsp;<\/p>\n<p>&nbsp;<\/p>\n<p>&nbsp;<\/p>\n<p>*****<\/p>\n","protected":false},"excerpt":{"rendered":"<p>CANALE D&#8217;AGORDO Un fine settimana ricco di eventi per il Musal &#8211; Museo Albino Luciani (www.musal.it) di Canale d&#8217;Agordo (Belluno). La due giorni inizier\u00e0 sabato 24 luglio con un doppio appuntamento: alle ore 17.30, presso la Sala Lina Zand\u00f2 del Museo, si terr\u00e0 infatti la presentazione della nuova biografia su don Antonio Della Lucia, arciprete&hellip;<\/p>\n","protected":false},"author":4,"featured_media":223158,"comment_status":"closed","ping_status":"open","sticky":false,"template":"","format":"standard","meta":{"_monsterinsights_skip_tracking":false,"_monsterinsights_sitenote_active":false,"_monsterinsights_sitenote_note":"","_monsterinsights_sitenote_category":0,"footnotes":""},"categories":[49],"tags":[],"class_list":["post-223148","post","type-post","status-publish","format-standard","has-post-thumbnail","hentry","category-news-18","category-49","description-off"],"img_url":"https:\/\/www.radiopiu.net\/wordpress\/wp-content\/uploads\/2021\/07\/Prima-Latteria-Cooperativa-dItalia.jpg","_links":{"self":[{"href":"https:\/\/www.radiopiu.net\/wordpress\/wp-json\/wp\/v2\/posts\/223148","targetHints":{"allow":["GET"]}}],"collection":[{"href":"https:\/\/www.radiopiu.net\/wordpress\/wp-json\/wp\/v2\/posts"}],"about":[{"href":"https:\/\/www.radiopiu.net\/wordpress\/wp-json\/wp\/v2\/types\/post"}],"author":[{"embeddable":true,"href":"https:\/\/www.radiopiu.net\/wordpress\/wp-json\/wp\/v2\/users\/4"}],"replies":[{"embeddable":true,"href":"https:\/\/www.radiopiu.net\/wordpress\/wp-json\/wp\/v2\/comments?post=223148"}],"version-history":[{"count":0,"href":"https:\/\/www.radiopiu.net\/wordpress\/wp-json\/wp\/v2\/posts\/223148\/revisions"}],"wp:featuredmedia":[{"embeddable":true,"href":"https:\/\/www.radiopiu.net\/wordpress\/wp-json\/wp\/v2\/media\/223158"}],"wp:attachment":[{"href":"https:\/\/www.radiopiu.net\/wordpress\/wp-json\/wp\/v2\/media?parent=223148"}],"wp:term":[{"taxonomy":"category","embeddable":true,"href":"https:\/\/www.radiopiu.net\/wordpress\/wp-json\/wp\/v2\/categories?post=223148"},{"taxonomy":"post_tag","embeddable":true,"href":"https:\/\/www.radiopiu.net\/wordpress\/wp-json\/wp\/v2\/tags?post=223148"}],"curies":[{"name":"wp","href":"https:\/\/api.w.org\/{rel}","templated":true}]}}