{"id":223316,"date":"2021-07-21T22:06:19","date_gmt":"2021-07-21T20:06:19","guid":{"rendered":"https:\/\/www.radiopiu.net\/wordpress\/?p=223316"},"modified":"2021-07-22T06:04:40","modified_gmt":"2021-07-22T04:04:40","slug":"don-sandro-gabrieli-non-un-addio-ma-una-consegna","status":"publish","type":"post","link":"https:\/\/www.radiopiu.net\/wordpress\/don-sandro-gabrieli-non-un-addio-ma-una-consegna\/","title":{"rendered":"DON SANDRO GABRIELI &#8220;NON UN ADDIO, MA UNA CONSEGNA&#8221;"},"content":{"rendered":"<blockquote>\n<h2>CIAO DAVIDE&#8230;. CHE GRAN DOLORE TRA INCREDULITA&#8217; E SCONFORTO<\/h2>\n<h3>DON SANDRO GABRIELI &#8220;NON UN ADDIO, MA UNA CONSEGNA&#8221;<\/h3>\n<p><strong><a href=\"https:\/\/www.radiopiu.net\/wordpress\/don-sandro-gabrieli-non-un-addio-ma-una-consegna\/chi_siamo_odarimg_20180206_102014\/\" rel=\"attachment wp-att-223321\"><img loading=\"lazy\" decoding=\"async\" class=\"wp-image-223321 alignleft\" src=\"https:\/\/www.radiopiu.net\/wordpress\/wp-content\/uploads\/2021\/07\/chi_siamo_ODARIMG_20180206_102014-200x300.jpg\" alt=\"\" width=\"102\" height=\"153\" srcset=\"https:\/\/www.radiopiu.net\/wordpress\/wp-content\/uploads\/2021\/07\/chi_siamo_ODARIMG_20180206_102014-200x300.jpg 200w, https:\/\/www.radiopiu.net\/wordpress\/wp-content\/uploads\/2021\/07\/chi_siamo_ODARIMG_20180206_102014-683x1024.jpg 683w, https:\/\/www.radiopiu.net\/wordpress\/wp-content\/uploads\/2021\/07\/chi_siamo_ODARIMG_20180206_102014-768x1152.jpg 768w, https:\/\/www.radiopiu.net\/wordpress\/wp-content\/uploads\/2021\/07\/chi_siamo_ODARIMG_20180206_102014.jpg 800w\" sizes=\"auto, (max-width: 102px) 100vw, 102px\" \/><\/a>SEDICO<\/strong> Il messaggio cristiano\u00a0 alla famiglia Bristot, parenti e amici,\u00a0 di Don Sandro Gabrieli &#8211;\u00a0 parroco di Sedico Bribano e Roe-<\/p>\n<audio class=\"wp-audio-shortcode\" id=\"audio-223316-1\" preload=\"none\" style=\"width: 100%;\" controls=\"controls\"><source type=\"audio\/mpeg\" src=\"https:\/\/www.radiopiu.net\/wordpress\/wp-content\/uploads\/2021\/07\/don-sandro.mp3?_=1\" \/><a href=\"https:\/\/www.radiopiu.net\/wordpress\/wp-content\/uploads\/2021\/07\/don-sandro.mp3\">https:\/\/www.radiopiu.net\/wordpress\/wp-content\/uploads\/2021\/07\/don-sandro.mp3<\/a><\/audio>\n<p>&nbsp;<\/p><\/blockquote>\n<p>&nbsp;<\/p>\n<header class=\"entry_intro\"><strong><a href=\"https:\/\/www.radiopiu.net\/wordpress\/ciao-davide-che-gran-dolore-tra-incredulita-e-sconforto\/5e1f171e-d661-43e1-8726-2d2b9ea122bc\/\" rel=\"attachment wp-att-223276\"><img loading=\"lazy\" decoding=\"async\" class=\"size-medium wp-image-223276 alignleft\" src=\"https:\/\/www.radiopiu.net\/wordpress\/wp-content\/uploads\/2021\/07\/5e1f171e-d661-43e1-8726-2d2b9ea122bc-300x135.jpg\" alt=\"\" width=\"300\" height=\"135\" srcset=\"https:\/\/www.radiopiu.net\/wordpress\/wp-content\/uploads\/2021\/07\/5e1f171e-d661-43e1-8726-2d2b9ea122bc-300x135.jpg 300w, https:\/\/www.radiopiu.net\/wordpress\/wp-content\/uploads\/2021\/07\/5e1f171e-d661-43e1-8726-2d2b9ea122bc-1024x461.jpg 1024w, https:\/\/www.radiopiu.net\/wordpress\/wp-content\/uploads\/2021\/07\/5e1f171e-d661-43e1-8726-2d2b9ea122bc-768x346.jpg 768w, https:\/\/www.radiopiu.net\/wordpress\/wp-content\/uploads\/2021\/07\/5e1f171e-d661-43e1-8726-2d2b9ea122bc-1536x691.jpg 1536w, https:\/\/www.radiopiu.net\/wordpress\/wp-content\/uploads\/2021\/07\/5e1f171e-d661-43e1-8726-2d2b9ea122bc.jpg 1600w\" sizes=\"auto, (max-width: 300px) 100vw, 300px\" \/><\/a>SEDICO<\/strong> Lacrime, solo lacrime per Davide, ma anche e soprattutto per chi resta, \u00e8 devastante l&#8217;incontro degli sguardi della mamma, del pap\u00e0 dei fratelli. Commosso anche il parroco Sandro Gabrieli che ha invitato a prendersi cura di chi resta. Non ci sono parole per abbracciare d&#8217;affetto i genitori, Paolo Bristot e Barbara Vanz, non esiste una parola nel vocabolario per significare il loro stato, non \u00e8 mai stata inventata perch\u00e9 la perdita di un figlio \u00e8 innaturale, imprevedibile, terribile, il crollo della logica. E poi ci sono gli amici, dello sport, della scuola, della vita. In tanti, almeno 500 non hanno voluto mancare a quell&#8217;ultimo saluto al loro diciottenne. Ora rimane la disperazione, il periodo che precede il ricordo perch\u00e9 la vita continua. Al Palaricolt in 500,\u00a0 ma distanziati,\u00a0 con un grazie a uomini e donne della Protezione Civile e Polizia Locale, impegnati e provati dal lutto mentre il\u00a0 il gruppo Al Tei ha abbracciato con la musica i tanti affetti, tra loro Pina Sabatini, gi\u00e0 insegnante di chitarra di Davide a Sedico. <em>\u201cDa parte mia vorrei farvi un augurio &#8211;\u00a0 ha detto don Sandro Gabrielli, parroco di Sedico &#8211;\u00a0 se uscendo da qui saremo contenti, soddisfatti e felici, rivedremo negli altri lo sguardo sorridente Davide. Se sapremo gioire dei successi degli altri, rivedremo Davide entusiasta del fratello Alessandro. Tanta roba, come amava dire lui. Se ci prenderemo cura degli altri, rivedremo Davide che accompagna nella crescita il fratellino Nicola\u201d.<\/em><\/p>\n<header class=\"entry_intro\">Alla fine l&#8217;applauso, lungo, sentito che sa d&#8217;amore.<\/header>\n<header>\n\t\t\t<style type='text\/css'>\n\t\t\t\t#gallery-1 {\n\t\t\t\t\tmargin: auto;\n\t\t\t\t}\n\t\t\t\t#gallery-1 .gallery-item {\n\t\t\t\t\tfloat: left;\n\t\t\t\t\tmargin-top: 10px;\n\t\t\t\t\ttext-align: center;\n\t\t\t\t\twidth: 50%;\n\t\t\t\t}\n\t\t\t\t#gallery-1 img {\n\t\t\t\t\tborder: 2px solid #cfcfcf;\n\t\t\t\t}\n\t\t\t\t#gallery-1 .gallery-caption {\n\t\t\t\t\tmargin-left: 0;\n\t\t\t\t}\n\t\t\t\t\/* see gallery_shortcode() in wp-includes\/media.php *\/\n\t\t\t<\/style>\n\t\t<div id='gallery-1' class='dt-gallery-container gallery galleryid-223316 gallery-columns-2 gallery-size-medium'><dl class='gallery-item'>\n\t\t\t\t<dt class='gallery-icon landscape'>\n\t\t\t\t\t<a class=\"rollover rollover-zoom dt-pswp-item\" title=\"e3647b56-a77d-43cb-9d93-f69bebe3511f\" data-dt-img-description=\"\" data-large_image_width=\"1600\" data-large_image_height=\"1064\"href='https:\/\/www.radiopiu.net\/wordpress\/wp-content\/uploads\/2021\/07\/e3647b56-a77d-43cb-9d93-f69bebe3511f.jpg'><img loading=\"lazy\" decoding=\"async\" width=\"300\" height=\"200\" src=\"https:\/\/www.radiopiu.net\/wordpress\/wp-content\/uploads\/2021\/07\/e3647b56-a77d-43cb-9d93-f69bebe3511f-300x200.jpg\" class=\"attachment-medium size-medium\" alt=\"\" srcset=\"https:\/\/www.radiopiu.net\/wordpress\/wp-content\/uploads\/2021\/07\/e3647b56-a77d-43cb-9d93-f69bebe3511f-300x200.jpg 300w, https:\/\/www.radiopiu.net\/wordpress\/wp-content\/uploads\/2021\/07\/e3647b56-a77d-43cb-9d93-f69bebe3511f-1024x681.jpg 1024w, https:\/\/www.radiopiu.net\/wordpress\/wp-content\/uploads\/2021\/07\/e3647b56-a77d-43cb-9d93-f69bebe3511f-768x511.jpg 768w, https:\/\/www.radiopiu.net\/wordpress\/wp-content\/uploads\/2021\/07\/e3647b56-a77d-43cb-9d93-f69bebe3511f-1536x1021.jpg 1536w, https:\/\/www.radiopiu.net\/wordpress\/wp-content\/uploads\/2021\/07\/e3647b56-a77d-43cb-9d93-f69bebe3511f.jpg 1600w\" sizes=\"auto, (max-width: 300px) 100vw, 300px\" \/><\/a>\n\t\t\t\t<\/dt><\/dl><dl class='gallery-item'>\n\t\t\t\t<dt class='gallery-icon landscape'>\n\t\t\t\t\t<a class=\"rollover rollover-zoom dt-pswp-item\" title=\"d3518c51-6c87-4eee-ad15-ef6dd4785a93\" data-dt-img-description=\"\" data-large_image_width=\"1600\" data-large_image_height=\"1064\"href='https:\/\/www.radiopiu.net\/wordpress\/wp-content\/uploads\/2021\/07\/d3518c51-6c87-4eee-ad15-ef6dd4785a93.jpg'><img loading=\"lazy\" decoding=\"async\" width=\"300\" height=\"200\" src=\"https:\/\/www.radiopiu.net\/wordpress\/wp-content\/uploads\/2021\/07\/d3518c51-6c87-4eee-ad15-ef6dd4785a93-300x200.jpg\" class=\"attachment-medium size-medium\" alt=\"\" srcset=\"https:\/\/www.radiopiu.net\/wordpress\/wp-content\/uploads\/2021\/07\/d3518c51-6c87-4eee-ad15-ef6dd4785a93-300x200.jpg 300w, https:\/\/www.radiopiu.net\/wordpress\/wp-content\/uploads\/2021\/07\/d3518c51-6c87-4eee-ad15-ef6dd4785a93-1024x681.jpg 1024w, https:\/\/www.radiopiu.net\/wordpress\/wp-content\/uploads\/2021\/07\/d3518c51-6c87-4eee-ad15-ef6dd4785a93-768x511.jpg 768w, https:\/\/www.radiopiu.net\/wordpress\/wp-content\/uploads\/2021\/07\/d3518c51-6c87-4eee-ad15-ef6dd4785a93-1536x1021.jpg 1536w, https:\/\/www.radiopiu.net\/wordpress\/wp-content\/uploads\/2021\/07\/d3518c51-6c87-4eee-ad15-ef6dd4785a93.jpg 1600w\" sizes=\"auto, (max-width: 300px) 100vw, 300px\" \/><\/a>\n\t\t\t\t<\/dt><\/dl><br style=\"clear: both\" \/>\n\t\t\t<\/div>\n\n<\/header>\n<header><\/header>\n<header class=\"entry_intro\"><span style=\"color: #ff0000;\"><strong>FOTO E VIDEO, PAOLO PERONA &#8211; CORRIERE DELLE ALPI<\/strong><\/span><\/header>\n<\/header>\n<header class=\"entry_intro\"><div style=\"width: 848px;\" class=\"wp-video\"><video class=\"wp-video-shortcode\" id=\"video-223316-1\" width=\"848\" height=\"480\" preload=\"metadata\" controls=\"controls\"><source type=\"video\/mp4\" src=\"https:\/\/www.radiopiu.net\/wordpress\/wp-content\/uploads\/2021\/07\/WhatsApp-Video-2021-07-21-at-18.47.07.mp4?_=1\" \/><a href=\"https:\/\/www.radiopiu.net\/wordpress\/wp-content\/uploads\/2021\/07\/WhatsApp-Video-2021-07-21-at-18.47.07.mp4\">https:\/\/www.radiopiu.net\/wordpress\/wp-content\/uploads\/2021\/07\/WhatsApp-Video-2021-07-21-at-18.47.07.mp4<\/a><\/video><\/div>\n<p>&nbsp;<\/p>\n<p>&nbsp;<\/p>\n<hr \/>\n<p>&nbsp;<\/p>\n<p>&nbsp;<\/p>\n<\/header>\n<p>&nbsp;<\/p>\n<p>&nbsp;<\/p>\n<p>&nbsp;<\/p>\n<p>****<\/p>\n","protected":false},"excerpt":{"rendered":"<p>CIAO DAVIDE&#8230;. CHE GRAN DOLORE TRA INCREDULITA&#8217; E SCONFORTO DON SANDRO GABRIELI &#8220;NON UN ADDIO, MA UNA CONSEGNA&#8221; SEDICO Il messaggio cristiano\u00a0 alla famiglia Bristot, parenti e amici,\u00a0 di Don Sandro Gabrieli &#8211;\u00a0 parroco di Sedico Bribano e Roe- &nbsp; &nbsp; SEDICO Lacrime, solo lacrime per Davide, ma anche e soprattutto per chi resta, \u00e8&hellip;<\/p>\n","protected":false},"author":4,"featured_media":223295,"comment_status":"closed","ping_status":"open","sticky":false,"template":"","format":"standard","meta":{"_monsterinsights_skip_tracking":false,"_monsterinsights_sitenote_active":false,"_monsterinsights_sitenote_note":"","_monsterinsights_sitenote_category":0,"footnotes":""},"categories":[49],"tags":[],"class_list":["post-223316","post","type-post","status-publish","format-standard","has-post-thumbnail","hentry","category-news-18","category-49","description-off"],"img_url":"https:\/\/www.radiopiu.net\/wordpress\/wp-content\/uploads\/2021\/07\/d3518c51-6c87-4eee-ad15-ef6dd4785a93.jpg","_links":{"self":[{"href":"https:\/\/www.radiopiu.net\/wordpress\/wp-json\/wp\/v2\/posts\/223316","targetHints":{"allow":["GET"]}}],"collection":[{"href":"https:\/\/www.radiopiu.net\/wordpress\/wp-json\/wp\/v2\/posts"}],"about":[{"href":"https:\/\/www.radiopiu.net\/wordpress\/wp-json\/wp\/v2\/types\/post"}],"author":[{"embeddable":true,"href":"https:\/\/www.radiopiu.net\/wordpress\/wp-json\/wp\/v2\/users\/4"}],"replies":[{"embeddable":true,"href":"https:\/\/www.radiopiu.net\/wordpress\/wp-json\/wp\/v2\/comments?post=223316"}],"version-history":[{"count":0,"href":"https:\/\/www.radiopiu.net\/wordpress\/wp-json\/wp\/v2\/posts\/223316\/revisions"}],"wp:featuredmedia":[{"embeddable":true,"href":"https:\/\/www.radiopiu.net\/wordpress\/wp-json\/wp\/v2\/media\/223295"}],"wp:attachment":[{"href":"https:\/\/www.radiopiu.net\/wordpress\/wp-json\/wp\/v2\/media?parent=223316"}],"wp:term":[{"taxonomy":"category","embeddable":true,"href":"https:\/\/www.radiopiu.net\/wordpress\/wp-json\/wp\/v2\/categories?post=223316"},{"taxonomy":"post_tag","embeddable":true,"href":"https:\/\/www.radiopiu.net\/wordpress\/wp-json\/wp\/v2\/tags?post=223316"}],"curies":[{"name":"wp","href":"https:\/\/api.w.org\/{rel}","templated":true}]}}