{"id":223403,"date":"2021-07-22T10:52:27","date_gmt":"2021-07-22T08:52:27","guid":{"rendered":"https:\/\/www.radiopiu.net\/wordpress\/?p=223403"},"modified":"2021-07-22T10:52:29","modified_gmt":"2021-07-22T08:52:29","slug":"ad-agordo-il-laboratorio-della-fondazione-giovani-angelini-sul-futuro-per-il-bellunese","status":"publish","type":"post","link":"https:\/\/www.radiopiu.net\/wordpress\/ad-agordo-il-laboratorio-della-fondazione-giovani-angelini-sul-futuro-per-il-bellunese\/","title":{"rendered":"AD AGORDO IL LABORATORIO DELLA FONDAZIONE GIOVANI ANGELINI SUL FUTURO PER IL BELLUNESE"},"content":{"rendered":"<p><strong><a href=\"https:\/\/www.radiopiu.net\/wordpress\/ad-agordo-il-laboratorio-della-fondazione-giovani-angelini-sul-futuro-per-il-bellunese\/fondazione-giovani-angelini-2\/\" rel=\"attachment wp-att-223406\"><img loading=\"lazy\" decoding=\"async\" class=\" wp-image-223406 alignleft\" src=\"https:\/\/www.radiopiu.net\/wordpress\/wp-content\/uploads\/2021\/07\/FONDAZIONE-GIOVANI-ANGELINI-300x300.jpg\" alt=\"\" width=\"228\" height=\"228\" srcset=\"https:\/\/www.radiopiu.net\/wordpress\/wp-content\/uploads\/2021\/07\/FONDAZIONE-GIOVANI-ANGELINI-300x300.jpg 300w, https:\/\/www.radiopiu.net\/wordpress\/wp-content\/uploads\/2021\/07\/FONDAZIONE-GIOVANI-ANGELINI-1024x1024.jpg 1024w, https:\/\/www.radiopiu.net\/wordpress\/wp-content\/uploads\/2021\/07\/FONDAZIONE-GIOVANI-ANGELINI-150x150.jpg 150w, https:\/\/www.radiopiu.net\/wordpress\/wp-content\/uploads\/2021\/07\/FONDAZIONE-GIOVANI-ANGELINI-768x768.jpg 768w, https:\/\/www.radiopiu.net\/wordpress\/wp-content\/uploads\/2021\/07\/FONDAZIONE-GIOVANI-ANGELINI.jpg 1200w\" sizes=\"auto, (max-width: 228px) 100vw, 228px\" \/><\/a>AGORDO<\/strong> \u201cVaia\u201d pu\u00f2 trasformarsi in un\u2019occasione per confrontarsi su quale futuro vogliamo per il nostro territorio. Per questo domani in Piazzale Marconi viene organizzato un laboratorio; per venire incontro a tutte le esigenze, i tavoli di discussione rimarranno aperti dalle 11.30 alle 19:30: ogni interessato potr\u00e0 arrivare quando preferisce, e liberamente avr\u00e0 la possibilit\u00e0 portare la propria testimonianza e le proprie proposte e idee per il territorio. I temi di confronto si incentreranno su gestione del territorio, servizi e infrastrutture e le opportunit\u00e0 di sviluppo della montagna. La discussione sar\u00e0 supportata dalla presenza di facilitatori ed esperti sulla base di una metodologia gi\u00e0 utilizzata in contesti simili, che si avvale di supporti visivi in un ambiente informale di apertura e ascolto. In caso di maltempo gli incontri potranno essere seguiti nella sede del CAI ad Agordo.<\/p>\n<p><strong>Di Gianni Santomaso<\/strong><\/p>\n<audio class=\"wp-audio-shortcode\" id=\"audio-223403-1\" preload=\"none\" style=\"width: 100%;\" controls=\"controls\"><source type=\"audio\/mpeg\" src=\"https:\/\/www.radiopiu.net\/wordpress\/wp-content\/uploads\/2021\/07\/GIANNI-LABORATORI-VAIA-AGORDO.mp3?_=1\" \/><a href=\"https:\/\/www.radiopiu.net\/wordpress\/wp-content\/uploads\/2021\/07\/GIANNI-LABORATORI-VAIA-AGORDO.mp3\">https:\/\/www.radiopiu.net\/wordpress\/wp-content\/uploads\/2021\/07\/GIANNI-LABORATORI-VAIA-AGORDO.mp3<\/a><\/audio>\n<p>&nbsp;<\/p>\n<p>&nbsp;<\/p>\n<p>&nbsp;<\/p>\n<p>****<\/p>\n","protected":false},"excerpt":{"rendered":"<p>AGORDO \u201cVaia\u201d pu\u00f2 trasformarsi in un\u2019occasione per confrontarsi su quale futuro vogliamo per il nostro territorio. Per questo domani in Piazzale Marconi viene organizzato un laboratorio; per venire incontro a tutte le esigenze, i tavoli di discussione rimarranno aperti dalle 11.30 alle 19:30: ogni interessato potr\u00e0 arrivare quando preferisce, e liberamente avr\u00e0 la possibilit\u00e0 portare&hellip;<\/p>\n","protected":false},"author":4,"featured_media":223406,"comment_status":"closed","ping_status":"open","sticky":false,"template":"","format":"standard","meta":{"_monsterinsights_skip_tracking":false,"_monsterinsights_sitenote_active":false,"_monsterinsights_sitenote_note":"","_monsterinsights_sitenote_category":0,"footnotes":""},"categories":[49],"tags":[],"class_list":["post-223403","post","type-post","status-publish","format-standard","has-post-thumbnail","hentry","category-news-18","category-49","description-off"],"img_url":"https:\/\/www.radiopiu.net\/wordpress\/wp-content\/uploads\/2021\/07\/FONDAZIONE-GIOVANI-ANGELINI.jpg","_links":{"self":[{"href":"https:\/\/www.radiopiu.net\/wordpress\/wp-json\/wp\/v2\/posts\/223403","targetHints":{"allow":["GET"]}}],"collection":[{"href":"https:\/\/www.radiopiu.net\/wordpress\/wp-json\/wp\/v2\/posts"}],"about":[{"href":"https:\/\/www.radiopiu.net\/wordpress\/wp-json\/wp\/v2\/types\/post"}],"author":[{"embeddable":true,"href":"https:\/\/www.radiopiu.net\/wordpress\/wp-json\/wp\/v2\/users\/4"}],"replies":[{"embeddable":true,"href":"https:\/\/www.radiopiu.net\/wordpress\/wp-json\/wp\/v2\/comments?post=223403"}],"version-history":[{"count":0,"href":"https:\/\/www.radiopiu.net\/wordpress\/wp-json\/wp\/v2\/posts\/223403\/revisions"}],"wp:featuredmedia":[{"embeddable":true,"href":"https:\/\/www.radiopiu.net\/wordpress\/wp-json\/wp\/v2\/media\/223406"}],"wp:attachment":[{"href":"https:\/\/www.radiopiu.net\/wordpress\/wp-json\/wp\/v2\/media?parent=223403"}],"wp:term":[{"taxonomy":"category","embeddable":true,"href":"https:\/\/www.radiopiu.net\/wordpress\/wp-json\/wp\/v2\/categories?post=223403"},{"taxonomy":"post_tag","embeddable":true,"href":"https:\/\/www.radiopiu.net\/wordpress\/wp-json\/wp\/v2\/tags?post=223403"}],"curies":[{"name":"wp","href":"https:\/\/api.w.org\/{rel}","templated":true}]}}