{"id":223414,"date":"2021-07-22T11:58:47","date_gmt":"2021-07-22T09:58:47","guid":{"rendered":"https:\/\/www.radiopiu.net\/wordpress\/?p=223414"},"modified":"2021-07-23T06:14:39","modified_gmt":"2021-07-23T04:14:39","slug":"bene-investimenti-per-la-citta-ma-lo-stato-dimentica-la-montagna-belluno-alpina-mancano-bandi-per-periferie-ambiente-e-montagna","status":"publish","type":"post","link":"https:\/\/www.radiopiu.net\/wordpress\/bene-investimenti-per-la-citta-ma-lo-stato-dimentica-la-montagna-belluno-alpina-mancano-bandi-per-periferie-ambiente-e-montagna\/","title":{"rendered":"\u201cBENE INVESTIMENTI PER LA CITT\u00c0, MA LO STATO DIMENTICA LA MONTAGNA\u201d BELLUNO ALPINA: \u201cMANCANO BANDI PER PERIFERIE, AMBIENTE E MONTAGNA\u201d"},"content":{"rendered":"<p><strong><a href=\"https:\/\/www.radiopiu.net\/wordpress\/giornale-radiopiu-20-gennaio-2021-direttore-mirko-mezzacasa\/belluno-alpina\/\" rel=\"attachment wp-att-185689\"><img loading=\"lazy\" decoding=\"async\" class=\"size-medium wp-image-185689 alignleft\" src=\"https:\/\/www.radiopiu.net\/wordpress\/wp-content\/uploads\/2021\/01\/BELLUNO-ALPINA-300x274.jpg\" alt=\"\" width=\"300\" height=\"274\" srcset=\"https:\/\/www.radiopiu.net\/wordpress\/wp-content\/uploads\/2021\/01\/BELLUNO-ALPINA-300x274.jpg 300w, https:\/\/www.radiopiu.net\/wordpress\/wp-content\/uploads\/2021\/01\/BELLUNO-ALPINA.jpg 588w\" sizes=\"auto, (max-width: 300px) 100vw, 300px\" \/><\/a>BELLUNO <\/strong>L&#8217;associazione Belluno Alpina accoglie con soddisfazione la notizia dell&#8217;aggiudicazione dei fondi del Piano Pinqua da parte del comune di Belluno, ma punta l&#8217;indice contro lo Stato che non promuove azioni per i territori di periferia: \u201c<em>Benissimo che arrivino altri 39 milioni di euro per la riqualificazione della citt\u00e0, ma ancora una volta lo Stato dimentica la montagna vera e abitata, non pensando a bandi per infrastrutture boschive o per l&#8217;ambiente. Cosi si accentua la disuguaglianza tra chi abita in citt\u00e0 e chi nelle zone periferiche, incentivando lo spopolamento delle terre alte<\/em>\u201d. \u201c<em>Lo Stato non pu\u00f2 creare disuguaglianze e ingiustizia tra i suoi cittadini: le citt\u00e0 godono gi\u00e0 di molte comodit\u00e0, mentre le periferie di montagna sono in sofferenza. Inoltre, il settore turistico punta molto sulle zone naturalistiche lontane dai grandi centri, quindi sarebbe strategico investire nelle zone dove l&#8217;ambiente \u00e8 il vero valore aggiunto<\/em>\u201d, continuano da Belluno Alpina. L&#8217;associazione evidenzia come, a fronte degli oltre 3 miliardi destinati ai progetti Pinqua e ai quasi 60 milioni arrivati alla sola Belluno tra rigenerazione urbana Pinqua, non sia pi\u00f9 accettabile parlare di assenza di soldi: \u201c<em>Siamo rimasti gli unici a credere alla montagna come risorsa? Perch\u00e8 non istituire bandi per i musei di montagna, come potrebbe essere quello dello sci in Nevegal da solo un milione di euro? O per le infrastrutture di collegamento o per il turismo green, o per le frazioni periferiche? Perch\u00e8 non sostenere le imprese locali, come con l&#8217;attivazione di una filiera del legno? Ci sono pochissimi bandi dedicati alla vita in montagna, pensiamo a quelli di Fondazione Cariverona o dei Gal, ma con cifre certamente non comparabili con quelle dei maxibandi nazionali<\/em>\u201d. \u201c<em>Quindi ora \u2013 concludono da Belluno Alpina &#8211; ci aspettiamo pari investimenti: vediamo se la capacit\u00e0 politica dei nostri amministratori locali e dei nostri rappresentanti a Roma, la maggior parte dei quali fa parte della maggioranza che sostiene questo governo, riusciranno a lavorare insieme per dare pari opportunit\u00e0 anche agli abitanti delle zone marginali. In questo momento, con i bandi destinati ai centri, lo Stato sta certamente aiutando l&#8217;economia e il recupero di alcune aree, ma soprattutto sta aumentando la disuguaglianza sociale tra centro e periferia. Inoltre, si conferma la miopia dello Stato centrale che ignorando le problematiche infrastrutturali e ambientali della montagna non solo incentiva lo spopolamento, ma cos\u00ec facendo lascia all&#8217;abbandono il territorio con inevitabili problematiche idrogeologiche che hanno pesanti ripercussioni anche sulla pianura<\/em>\u201d.<\/p>\n<p>&nbsp;<\/p>\n<p>&nbsp;<\/p>\n<p>&nbsp;<\/p>\n<p>&nbsp;<\/p>\n<p>*****<\/p>\n","protected":false},"excerpt":{"rendered":"<p>BELLUNO L&#8217;associazione Belluno Alpina accoglie con soddisfazione la notizia dell&#8217;aggiudicazione dei fondi del Piano Pinqua da parte del comune di Belluno, ma punta l&#8217;indice contro lo Stato che non promuove azioni per i territori di periferia: \u201cBenissimo che arrivino altri 39 milioni di euro per la riqualificazione della citt\u00e0, ma ancora una volta lo Stato&hellip;<\/p>\n","protected":false},"author":4,"featured_media":185689,"comment_status":"closed","ping_status":"open","sticky":false,"template":"","format":"standard","meta":{"_monsterinsights_skip_tracking":false,"_monsterinsights_sitenote_active":false,"_monsterinsights_sitenote_note":"","_monsterinsights_sitenote_category":0,"footnotes":""},"categories":[51,49],"tags":[],"class_list":["post-223414","post","type-post","status-publish","format-standard","has-post-thumbnail","hentry","category-evidenza-top","category-news-18","category-51","category-49","description-off"],"img_url":"https:\/\/www.radiopiu.net\/wordpress\/wp-content\/uploads\/2021\/01\/BELLUNO-ALPINA.jpg","_links":{"self":[{"href":"https:\/\/www.radiopiu.net\/wordpress\/wp-json\/wp\/v2\/posts\/223414","targetHints":{"allow":["GET"]}}],"collection":[{"href":"https:\/\/www.radiopiu.net\/wordpress\/wp-json\/wp\/v2\/posts"}],"about":[{"href":"https:\/\/www.radiopiu.net\/wordpress\/wp-json\/wp\/v2\/types\/post"}],"author":[{"embeddable":true,"href":"https:\/\/www.radiopiu.net\/wordpress\/wp-json\/wp\/v2\/users\/4"}],"replies":[{"embeddable":true,"href":"https:\/\/www.radiopiu.net\/wordpress\/wp-json\/wp\/v2\/comments?post=223414"}],"version-history":[{"count":0,"href":"https:\/\/www.radiopiu.net\/wordpress\/wp-json\/wp\/v2\/posts\/223414\/revisions"}],"wp:featuredmedia":[{"embeddable":true,"href":"https:\/\/www.radiopiu.net\/wordpress\/wp-json\/wp\/v2\/media\/185689"}],"wp:attachment":[{"href":"https:\/\/www.radiopiu.net\/wordpress\/wp-json\/wp\/v2\/media?parent=223414"}],"wp:term":[{"taxonomy":"category","embeddable":true,"href":"https:\/\/www.radiopiu.net\/wordpress\/wp-json\/wp\/v2\/categories?post=223414"},{"taxonomy":"post_tag","embeddable":true,"href":"https:\/\/www.radiopiu.net\/wordpress\/wp-json\/wp\/v2\/tags?post=223414"}],"curies":[{"name":"wp","href":"https:\/\/api.w.org\/{rel}","templated":true}]}}