{"id":223450,"date":"2021-07-22T15:30:03","date_gmt":"2021-07-22T13:30:03","guid":{"rendered":"https:\/\/www.radiopiu.net\/wordpress\/?p=223450"},"modified":"2021-07-22T15:30:03","modified_gmt":"2021-07-22T13:30:03","slug":"acc-il-3-agosto-tavolo-al-mise-a-quanto-la-convocazione-del-tavolo-acc-dopo-lultimo-del-23-aprile","status":"publish","type":"post","link":"https:\/\/www.radiopiu.net\/wordpress\/acc-il-3-agosto-tavolo-al-mise-a-quanto-la-convocazione-del-tavolo-acc-dopo-lultimo-del-23-aprile\/","title":{"rendered":"ACC, IL 3 AGOSTO TAVOLO AL MISE, A QUANTO LA CONVOCAZIONE DEL TAVOLO ACC DOPO L&#8217;ULTIMO DEL 23 APRILE?"},"content":{"rendered":"<p><strong><img loading=\"lazy\" decoding=\"async\" class=\"alignleft\" src=\"https:\/\/www.radiopiu.net\/wordpress\/wp-content\/uploads\/2021\/07\/26677e5c-cf7b-478a-91e9-44fd0d3bc8e3.jpg\" width=\"208\" height=\"156\" \/>BORGO VALBELLUNA<\/strong> La Fiom di Belluno esprime vivo compiacimento per la convocazione del tavolo Ideal il prossimo 3 Agosto per trovate una soluzione a quella vertenza che coinvolge oltre 400 lavoratori della Val Belluna. <em>&#8220;Non possiamo per\u00f2 altres\u00ec tacere la perdurante assenza della convocazione del tavolo Acc &#8211; dice Stefano Bona .\u00a0 l&#8217;ultima risale allo scorso 23 Aprile. Se la Repubblica operaia di Mel, continua, contro ogni legge economica, a restare viva producendo e consegnando ottimi compressori ( sia pur riducendo del 50% il suo potenziale di vendita) questo non pu\u00f2 diventare un alibi per il Mise e per il suo titolare&#8221;<\/em>. Il sindacalista della Cgil ricorda che il 23 Aprile non fu prodotto nemmeno un verbale per le &#8220;incomprensioni&#8221; tra il Ministro e la sua vice ma i problemi restano drammaticamente aperti. <em>&#8220;E non parliamo di Italcomp\u00a0 . continua Bona &#8211; anche se una spiegazione meno sommaria e liquidatoria sull&#8217;abbandono del progetto, che era stato conclamato ai mercati internazionali, sarebbe doveroso,\u00a0 ma proprio di Acc: dei finanziamenti promessi sull&#8217;art.37 non si sa nulla,n\u00e9 come effettivamente funziona il fondo che li dovrebbe erogare, n\u00e9 quali criteri adotti per la selezione delle imprese supportare, n\u00e9 quali condizioni pratichi&#8221;<\/em>\u00a0 Bona\u00a0 pone poi un interrogativo: Il Mise vuole vendere agli investitori una azienda morta o moribonda oppure una azienda che compete sui mercati con efficacia? C&#8217;\u00e8 poi una buona notizia, la sola buona notizia viene dal ministero del lavoro che ha approvato in tempi record la\u00a0 cassa integrazione straordinaria <em>&#8220;Ma paradossalmente &#8211; conclude bona &#8211;\u00a0 sembra significare che il governo Draghi sa fare &#8220;assistenza&#8221; ed \u00e8 invece digiuno di &#8220;politica industriale&#8221; sinceramente ci aspettavamo il contrario.\u00a0 E infine e non per importanza, la regione Veneto e il suo Presidente che tanto si \u00e8 speso per la vertenza Acc, deve difendere la sua eccellenza nella gestione dei tavoli di crisi&#8221;<\/em><\/p>\n","protected":false},"excerpt":{"rendered":"<p>BORGO VALBELLUNA La Fiom di Belluno esprime vivo compiacimento per la convocazione del tavolo Ideal il prossimo 3 Agosto per trovate una soluzione a quella vertenza che coinvolge oltre 400 lavoratori della Val Belluna. &#8220;Non possiamo per\u00f2 altres\u00ec tacere la perdurante assenza della convocazione del tavolo Acc &#8211; dice Stefano Bona .\u00a0 l&#8217;ultima risale allo&hellip;<\/p>\n","protected":false},"author":4,"featured_media":219347,"comment_status":"closed","ping_status":"open","sticky":false,"template":"","format":"standard","meta":{"_monsterinsights_skip_tracking":false,"_monsterinsights_sitenote_active":false,"_monsterinsights_sitenote_note":"","_monsterinsights_sitenote_category":0,"footnotes":""},"categories":[51,49],"tags":[],"class_list":["post-223450","post","type-post","status-publish","format-standard","has-post-thumbnail","hentry","category-evidenza-top","category-news-18","category-51","category-49","description-off"],"img_url":"https:\/\/www.radiopiu.net\/wordpress\/wp-content\/uploads\/2021\/07\/26677e5c-cf7b-478a-91e9-44fd0d3bc8e3.jpg","_links":{"self":[{"href":"https:\/\/www.radiopiu.net\/wordpress\/wp-json\/wp\/v2\/posts\/223450","targetHints":{"allow":["GET"]}}],"collection":[{"href":"https:\/\/www.radiopiu.net\/wordpress\/wp-json\/wp\/v2\/posts"}],"about":[{"href":"https:\/\/www.radiopiu.net\/wordpress\/wp-json\/wp\/v2\/types\/post"}],"author":[{"embeddable":true,"href":"https:\/\/www.radiopiu.net\/wordpress\/wp-json\/wp\/v2\/users\/4"}],"replies":[{"embeddable":true,"href":"https:\/\/www.radiopiu.net\/wordpress\/wp-json\/wp\/v2\/comments?post=223450"}],"version-history":[{"count":0,"href":"https:\/\/www.radiopiu.net\/wordpress\/wp-json\/wp\/v2\/posts\/223450\/revisions"}],"wp:featuredmedia":[{"embeddable":true,"href":"https:\/\/www.radiopiu.net\/wordpress\/wp-json\/wp\/v2\/media\/219347"}],"wp:attachment":[{"href":"https:\/\/www.radiopiu.net\/wordpress\/wp-json\/wp\/v2\/media?parent=223450"}],"wp:term":[{"taxonomy":"category","embeddable":true,"href":"https:\/\/www.radiopiu.net\/wordpress\/wp-json\/wp\/v2\/categories?post=223450"},{"taxonomy":"post_tag","embeddable":true,"href":"https:\/\/www.radiopiu.net\/wordpress\/wp-json\/wp\/v2\/tags?post=223450"}],"curies":[{"name":"wp","href":"https:\/\/api.w.org\/{rel}","templated":true}]}}