{"id":223529,"date":"2021-07-24T05:55:35","date_gmt":"2021-07-24T03:55:35","guid":{"rendered":"https:\/\/www.radiopiu.net\/wordpress\/?p=223529"},"modified":"2021-07-24T07:44:51","modified_gmt":"2021-07-24T05:44:51","slug":"giornale-radiopiu-24-luglio-2021-direttore-mirko-mezzacasa","status":"publish","type":"post","link":"https:\/\/www.radiopiu.net\/wordpress\/giornale-radiopiu-24-luglio-2021-direttore-mirko-mezzacasa\/","title":{"rendered":"GIORNALE RADIOPIU 24 LUGLIO 2021 DIRETTORE MIRKO MEZZACASA"},"content":{"rendered":"<blockquote>\n<h1>GRUPPO FACEBOOK: RADIO PIU EMITTENTE AGORDINA, ISCRIZIONE GRATUITA<\/h1>\n<\/blockquote>\n<p><a href=\"https:\/\/www.radiopiu.net\/wordpress\/giornale-radiopiu-22-luglio-2021-direttore-mirko-mezzacasa\/219644373_10226900501445066_2635221774135715430_n\/\" rel=\"attachment wp-att-223221\"><img loading=\"lazy\" decoding=\"async\" class=\"alignnone wp-image-223221 size-full\" src=\"https:\/\/www.radiopiu.net\/wordpress\/wp-content\/uploads\/2021\/07\/219644373_10226900501445066_2635221774135715430_n.jpg\" alt=\"\" width=\"960\" height=\"365\" srcset=\"https:\/\/www.radiopiu.net\/wordpress\/wp-content\/uploads\/2021\/07\/219644373_10226900501445066_2635221774135715430_n.jpg 960w, https:\/\/www.radiopiu.net\/wordpress\/wp-content\/uploads\/2021\/07\/219644373_10226900501445066_2635221774135715430_n-300x114.jpg 300w, https:\/\/www.radiopiu.net\/wordpress\/wp-content\/uploads\/2021\/07\/219644373_10226900501445066_2635221774135715430_n-768x292.jpg 768w\" sizes=\"auto, (max-width: 960px) 100vw, 960px\" \/><\/a><\/p>\n<p>&nbsp;<\/p>\n<blockquote>\n<h2>OGGI IL CONCERTO &#8220;LA MIA TERRA&#8221; CON ROBY FACCHINETTI diretta facebook, telegram e sito internet radio pi\u00f9<\/h2>\n<p><span style=\"color: #ff0000;\">APERTURA RASSEGNA STAMPA DELLE OTTO di mirko mezzacasa\u00a0<\/span><\/p><\/blockquote>\n<audio class=\"wp-audio-shortcode\" id=\"audio-223529-1\" preload=\"none\" style=\"width: 100%;\" controls=\"controls\"><source type=\"audio\/mpeg\" src=\"https:\/\/www.radiopiu.net\/wordpress\/wp-content\/uploads\/2021\/07\/APERTURA-RASSEGNA-STAMPA.mp3?_=1\" \/><a href=\"https:\/\/www.radiopiu.net\/wordpress\/wp-content\/uploads\/2021\/07\/APERTURA-RASSEGNA-STAMPA.mp3\">https:\/\/www.radiopiu.net\/wordpress\/wp-content\/uploads\/2021\/07\/APERTURA-RASSEGNA-STAMPA.mp3<\/a><\/audio>\n<p>&nbsp;<\/p>\n<blockquote>\n<h2><img decoding=\"async\" src=\"https:\/\/www.radiopiu.net\/wordpress\/wp-content\/uploads\/2021\/07\/DSC03935_3_la-mia-terra_falcade.jpg\" \/><\/h2>\n<h2><\/h2>\n<\/blockquote>\n<p><strong>\u00a0Renzo Minella direttore marketing Ski Area San Pellegrino<\/strong><\/p>\n<audio class=\"wp-audio-shortcode\" id=\"audio-223529-2\" preload=\"none\" style=\"width: 100%;\" controls=\"controls\"><source type=\"audio\/mpeg\" src=\"https:\/\/www.radiopiu.net\/wordpress\/wp-content\/uploads\/2021\/07\/renzo-minella-24-luglio.mp3?_=2\" \/><a href=\"https:\/\/www.radiopiu.net\/wordpress\/wp-content\/uploads\/2021\/07\/renzo-minella-24-luglio.mp3\">https:\/\/www.radiopiu.net\/wordpress\/wp-content\/uploads\/2021\/07\/renzo-minella-24-luglio.mp3<\/a><\/audio>\n<p>&nbsp;<\/p>\n<p>&nbsp;<\/p>\n<hr \/>\n<p>&nbsp;<\/p>\n<blockquote>\n<h3 class=\"articlePlainTitle\">PELMO D&#8217;ORO, OGGI LE PREMIAZIONI A CESIOMAGGIORE<\/h3>\n<\/blockquote>\n<div class=\"addthis_sharing_toolbox\" data-url=\"https:\/\/sfoglio.corrierealpi.gelocal.it\/share_article.php?article_id=8928278\" data-title=\"Torna il Pelmo d'Orooggi le premiazionicon tutti i protagonisti\"><\/div>\n<div class=\"articlePlainText\">Edizione numero 23 del Pelmo d&#8217;Oro. I riconoscimenti:\u00a0<strong> Christoph Hainz<\/strong> per l&#8217;alpinismo in attivit\u00e0,<strong> Eugenio Bien<\/strong> per la carriera alpinistica,<strong> Giuliano Dal Mas<\/strong> per la cultura alpina. Premio Speciale Dolomiti\u00a0 \u00a0<strong>Sezione Cai di Mestre<\/strong> Premio Speciale della Provincia\u00a0 <strong>Giuseppe Tabacco<\/strong>, fondatore e titolare delle Edizioni Tabacco.\u00a0 Premio Giuliano De Marchi <strong>Dante Colli<\/strong><\/div>\n<p>&nbsp;<\/p>\n<blockquote class=\"wp-embedded-content\" data-secret=\"fXuxBT4SvZ\"><p><a href=\"https:\/\/www.radiopiu.net\/wordpress\/la-giuria-ha-scelto-i-premiato-del-pelmo-doro-2021-tra-loro-anche-lagordino-eugenio-bien\/\">PELMO D&#8217;ORO, I PREMIATI 2021<\/a><\/p><\/blockquote>\n<p><iframe loading=\"lazy\" class=\"wp-embedded-content\" sandbox=\"allow-scripts\" security=\"restricted\" style=\"position: absolute; clip: rect(1px, 1px, 1px, 1px);\" title=\"&#8220;PELMO D&#8217;ORO, I PREMIATI 2021&#8221; &#8212; Radio Pi\u00f9\" src=\"https:\/\/www.radiopiu.net\/wordpress\/la-giuria-ha-scelto-i-premiato-del-pelmo-doro-2021-tra-loro-anche-lagordino-eugenio-bien\/embed\/#?secret=fXuxBT4SvZ\" data-secret=\"fXuxBT4SvZ\" width=\"600\" height=\"338\" frameborder=\"0\" marginwidth=\"0\" marginheight=\"0\" scrolling=\"no\"><\/iframe><\/p>\n<p>&nbsp;<\/p>\n<hr \/>\n<p>&nbsp;<\/p>\n<p><strong><span style=\"color: #ff0000;\"><a href=\"https:\/\/www.radiopiu.net\/wordpress\/giornale-radiopiu-24-luglio-2021-direttore-mirko-mezzacasa\/221088659_352712996467030_6321077113724181922_n\/\" rel=\"attachment wp-att-223721\"><img loading=\"lazy\" decoding=\"async\" class=\" wp-image-223721 alignleft\" src=\"https:\/\/www.radiopiu.net\/wordpress\/wp-content\/uploads\/2021\/07\/221088659_352712996467030_6321077113724181922_n-225x300.jpg\" alt=\"\" width=\"146\" height=\"195\" srcset=\"https:\/\/www.radiopiu.net\/wordpress\/wp-content\/uploads\/2021\/07\/221088659_352712996467030_6321077113724181922_n-225x300.jpg 225w, https:\/\/www.radiopiu.net\/wordpress\/wp-content\/uploads\/2021\/07\/221088659_352712996467030_6321077113724181922_n.jpg 450w\" sizes=\"auto, (max-width: 146px) 100vw, 146px\" \/><\/a>IL BELLO DEL GIORNALE RADIO PIU\u00a0<\/span><\/strong><\/p>\n<p><strong>GOSALDO<\/strong> Un messaggio importante che ripaga il coraggio, lo sforzo, la buona volont\u00e0 del gruppo di giovani della Desma a Forcella Aurine. Un messaggio&#8230; di quelli che fanno bene di <span class=\"\"><span class=\"nc684nl6\"><a class=\"oajrlxb2 g5ia77u1 qu0x051f esr5mh6w e9989ue4 r7d6kgcz rq0escxv nhd2j8a9 nc684nl6 p7hjln8o kvgmc6g5 cxmmr5t8 oygrvhab hcukyx3x jb3vyjys rz4wbd8a qt6c0cv9 a8nywdso i1ao9s8h esuyzwwr f1sip0of lzcic4wl oo9gr5id gpro0wi8 lrazzd5p\" tabindex=\"0\" role=\"link\" href=\"https:\/\/www.facebook.com\/groups\/699205673452366\/user\/100051849966252\/?__cft__[0]=AZUrjV0S6F7MfUcXwcmGzI3JgFDrOfEJ44DjeS_-bQ5e8ggRgNMwDTVhmF8RM0R4RMqIMIiScbqikq_oNQtltOmyTTXQCoV0VqGN9fmH22kWVmJIpYQdPvXTm6WQxEERktc71WdPGHiFQeL4jzlszUOfqOqB5DXWPDtZ3e7ULc649XP1fCD74AABKmn9MLNLEKc&amp;__tn__=-UC%2CP-R\"><strong>Daniela Longinotti: <\/strong><\/a><em>&#8220;<\/em><\/span><\/span><em>Ieri pomeriggio, dopo aver pranzato &#8220;al sacco&#8221; a Forcella Aurine, ho avuto il piacere di fare il percorso &#8220;Il Sogno di Gioacchino Seggiolaio&#8221; con la mia famiglia. Ovviamente dopo aver acquistato il kit al bar Ghegi \u00a0Percorso bellissimo e molto interessante, con panorami mozzafiato! Ancora complimenti\u00a0per l&#8217;iniziativa, la bellezza e la pulizia dei boschi e del percorso!<\/em><\/p>\n<p>&nbsp;<\/p>\n\n\t\t\t<style type='text\/css'>\n\t\t\t\t#gallery-1 {\n\t\t\t\t\tmargin: auto;\n\t\t\t\t}\n\t\t\t\t#gallery-1 .gallery-item {\n\t\t\t\t\tfloat: left;\n\t\t\t\t\tmargin-top: 10px;\n\t\t\t\t\ttext-align: center;\n\t\t\t\t\twidth: 25%;\n\t\t\t\t}\n\t\t\t\t#gallery-1 img {\n\t\t\t\t\tborder: 2px solid #cfcfcf;\n\t\t\t\t}\n\t\t\t\t#gallery-1 .gallery-caption {\n\t\t\t\t\tmargin-left: 0;\n\t\t\t\t}\n\t\t\t\t\/* see gallery_shortcode() in wp-includes\/media.php *\/\n\t\t\t<\/style>\n\t\t<div id='gallery-1' class='dt-gallery-container gallery galleryid-223529 gallery-columns-4 gallery-size-thumbnail'><dl class='gallery-item'>\n\t\t\t\t<dt class='gallery-icon portrait'>\n\t\t\t\t\t<a class=\"rollover rollover-zoom dt-pswp-item\" title=\"218355638_352713203133676_5773487259663138122_n\" data-dt-img-description=\"\" data-large_image_width=\"720\" data-large_image_height=\"960\"href='https:\/\/www.radiopiu.net\/wordpress\/wp-content\/uploads\/2021\/07\/218355638_352713203133676_5773487259663138122_n.jpg'><img loading=\"lazy\" decoding=\"async\" width=\"150\" height=\"150\" src=\"https:\/\/www.radiopiu.net\/wordpress\/wp-content\/uploads\/2021\/07\/218355638_352713203133676_5773487259663138122_n-150x150.jpg\" class=\"attachment-thumbnail size-thumbnail\" alt=\"\" \/><\/a>\n\t\t\t\t<\/dt><\/dl><dl class='gallery-item'>\n\t\t\t\t<dt class='gallery-icon portrait'>\n\t\t\t\t\t<a class=\"rollover rollover-zoom dt-pswp-item\" title=\"218673511_352713126467017_6049174587761590542_n\" data-dt-img-description=\"\" data-large_image_width=\"685\" data-large_image_height=\"960\"href='https:\/\/www.radiopiu.net\/wordpress\/wp-content\/uploads\/2021\/07\/218673511_352713126467017_6049174587761590542_n.jpg'><img loading=\"lazy\" decoding=\"async\" width=\"150\" height=\"150\" src=\"https:\/\/www.radiopiu.net\/wordpress\/wp-content\/uploads\/2021\/07\/218673511_352713126467017_6049174587761590542_n-150x150.jpg\" class=\"attachment-thumbnail size-thumbnail\" alt=\"\" \/><\/a>\n\t\t\t\t<\/dt><\/dl><dl class='gallery-item'>\n\t\t\t\t<dt class='gallery-icon portrait'>\n\t\t\t\t\t<a class=\"rollover rollover-zoom dt-pswp-item\" title=\"218840548_352714139800249_2796735102873277490_n\" data-dt-img-description=\"\" data-large_image_width=\"720\" data-large_image_height=\"960\"href='https:\/\/www.radiopiu.net\/wordpress\/wp-content\/uploads\/2021\/07\/218840548_352714139800249_2796735102873277490_n.jpg'><img loading=\"lazy\" decoding=\"async\" width=\"150\" height=\"150\" src=\"https:\/\/www.radiopiu.net\/wordpress\/wp-content\/uploads\/2021\/07\/218840548_352714139800249_2796735102873277490_n-150x150.jpg\" class=\"attachment-thumbnail size-thumbnail\" alt=\"\" \/><\/a>\n\t\t\t\t<\/dt><\/dl><dl class='gallery-item'>\n\t\t\t\t<dt class='gallery-icon portrait'>\n\t\t\t\t\t<a class=\"rollover rollover-zoom dt-pswp-item\" title=\"218779266_352714016466928_3652328219932905513_n\" data-dt-img-description=\"\" data-large_image_width=\"720\" data-large_image_height=\"960\"href='https:\/\/www.radiopiu.net\/wordpress\/wp-content\/uploads\/2021\/07\/218779266_352714016466928_3652328219932905513_n.jpg'><img loading=\"lazy\" decoding=\"async\" width=\"150\" height=\"150\" src=\"https:\/\/www.radiopiu.net\/wordpress\/wp-content\/uploads\/2021\/07\/218779266_352714016466928_3652328219932905513_n-150x150.jpg\" class=\"attachment-thumbnail size-thumbnail\" alt=\"\" \/><\/a>\n\t\t\t\t<\/dt><\/dl><br style=\"clear: both\" \/>\n\t\t\t<\/div>\n\n<p>&nbsp;<\/p>\n<hr \/>\n<p>&nbsp;<\/p>\n<blockquote>\n<h2>PROVINCIALE 3 DI VALLE IMPERINA GOSALDO-RIVAMONTE: CHIUSA FINO AL 30 LUGLIO<\/h2>\n<p class=\"photoswipe-wrapper\"><a class=\"dt-pswp-item pspw-wrap-ready\" href=\"https:\/\/www.radiopiu.net\/wordpress\/wp-content\/uploads\/2021\/07\/b4b9c188-6323-4f82-bd7f-0a7c57ec0d22.jpg\" data-dt-img-description=\"\" data-large_image_width=\"1200\" data-large_image_height=\"1600\"><img loading=\"lazy\" decoding=\"async\" class=\" wp-image-223129 alignleft\" src=\"https:\/\/www.radiopiu.net\/wordpress\/wp-content\/uploads\/2021\/07\/b4b9c188-6323-4f82-bd7f-0a7c57ec0d22-150x150.jpg\" alt=\"\" width=\"120\" height=\"120\" \/><\/a><strong>GOSALDO<\/strong> Per lavori al chilometro 9.600 strada chiusa 24 ore su 24 sabato e domenica compresi. Interruzione fino al 30 luglio, Rivamonte \u00e8 raggiungibile da Agordo (senso unico in localit\u00e0 Gona Conedera) e da Voltago via Digoman<\/p>\n<\/blockquote>\n<p><strong>LA\u00a0 VALLE STRADA PER MALGA FOCA<\/strong> NEL FINE SETTIMANA APERTA DA OGGI ALLE 12 E DOMANI PER TUTTO IL GIORNO. CHIUDE DI NUOVO DA LUNEDI ANCHE I SENTIERI CAI\u00a0 545, 542 e 541.<\/p>\n<p>&nbsp;<\/p>\n<p>&nbsp;<\/p>\n<hr \/>\n<p><strong><img loading=\"lazy\" decoding=\"async\" class=\"alignleft\" src=\"https:\/\/www.radiopiu.net\/wordpress\/wp-content\/uploads\/2021\/03\/BICCHIERE-ACQUA.jpg\" width=\"150\" height=\"100\" \/>LIVINALLONGO DEL COL DI LANA:\u00a0<\/strong>\u00a0nelle LOCALITA&#8217; CASTELLO, PALLA e AGAI, l&#8217;acqua erogata dall&#8217;acquedotto \u00e8 di nuovo potabile e pu\u00f2 essere usata, quindi, per scopi alimentari.<\/p>\n<p><strong>VALLADA<\/strong> per lavori alla rete idrica comunale, marted\u00ec dalle 08 a fine lavori potrebbe mancare l&#8217;acqua in localit\u00e0 COGUL.<\/p>\n<p><span style=\"color: #ff0000;\"><strong>INTERRUZIONI ENEL PROGRAMMATE PER LAVORI <\/strong><\/span><strong>SELVA DI CADORE\u00a0 <\/strong>oggi dalle 8 alle 13:30 nelle vie Villa, Foppa, Solator <strong>LIVINALLONGO <\/strong>lunedi\u00a0dalle 8.30 alle 10\u00a0 Vie Mesdi, Arabba, Cant, Paluacia, Zorz, Boe&#8217;.<\/p>\n<p>&nbsp;<\/p>\n<hr \/>\n<p>&nbsp;<\/p>\n<blockquote>\n<h3><img loading=\"lazy\" decoding=\"async\" class=\"alignleft\" src=\"https:\/\/www.radiopiu.net\/wordpress\/wp-content\/uploads\/2021\/02\/POSTI-LETTO-OSPEDALE.jpg\" width=\"251\" height=\"166\" \/><span style=\"color: #ff0000;\">RIAPRE IL REPARTO COVID, DUE GIOVANI RICOVERATI AL SAN MARTINO<\/span><\/h3>\n<\/blockquote>\n<p><strong>BELLUNO<\/strong>\u00a0 L&#8217;altra notte sono stati ricoverati all\u2019ospedale di Belluno due giovani covid positivi di 27 e di 28 anni, uno in Malattie Infettive e uno in Pneumologia. Si ricorda l\u2019importanza della vaccinazione. Sono stati attivati ulteriori posti prenotabile dal sito <span style=\"color: #000080;\"><span lang=\"it-IT\"><u><a href=\"http:\/\/www.aulss1.veneto.it\/\">www.aulss1.veneto.it\u00a0<\/a><\/u><\/span><\/span><\/p>\n<p>&nbsp;<\/p>\n<p>&nbsp;<\/p>\n<p>&nbsp;<\/p>\n<hr \/>\n<p>&nbsp;<\/p>\n<blockquote>\n<h3>ALPINISTA INFORTUNATO ALLA MANO<\/h3>\n<\/blockquote>\n<p><strong><img loading=\"lazy\" decoding=\"async\" class=\"alignleft\" src=\"https:\/\/www.radiopiu.net\/wordpress\/wp-content\/uploads\/2020\/12\/salt_20201211_172947_111.jpg\" width=\"151\" height=\"113\" \/>SAN VITO DI CADORE<\/strong>\u00a0 Un alpinista ha riportato un trauma alla mano colpito da una scarica di sassi, mentre stava scalando la Via Love my dog, sui Lastoni di Formin. L&#8217;elicottero del Suem di Pieve di Cadore \u00e8 quindi intervenuto e dopo aver individuato L.O.R., 35 anni, belga, che faceva parte di una cordata di tre scalatori, lo ha recuperato calando il tecnico di elisoccorso, con un verricello di 25 metri. L&#8217;infortunato \u00e8 stato accompagnato all&#8217;ospedale di Belluno.<\/p>\n<p>&nbsp;<\/p>\n<hr \/>\n<blockquote>\n<h2><\/h2>\n<\/blockquote>\n<h3>OGGI SUL CORRIERE DELLE ALPI<br \/>\ndi Gigi Sosso<\/h3>\n<p>Baruffa nel negozio e insulti al commerciante: inseguito sotto i portici<\/p>\n<p><strong>BELLUNO <\/strong>Insulta un commerciante gli sputacchia nel negozio. L&#8217;inseguimento delle forze di polizia, sotto i portici di piazza Vittorio Emanuele e piazza dei Martiri, non basta a catturarlo, ma pi\u00f9 tardi l&#8217;indagato sar\u00e0 intercettato in stazione ferroviaria. Momenti di confusione e anche di preoccupazione mercoled\u00ec mattina, all&#8217;ora di pranzo, in centro. Un uomo sulla trentina, vestito bene e con un marcato accento campano era entrato una prima volta verso le 10, al fruttivendolo La Mela di via Roma&#8230;.\u00a0 <em>\u00abDa quello che mi dicono sono stati i finanzieri a intercettare il fuggitivo in stazione &#8211;\u00a0 <\/em>racconta Andrea Dal Pont- <em>non so bene cosa volesse, ma quanto l&#8217;accaduto mi pare incredibile<\/em>\u00bb.<\/p>\n<p>&nbsp;<\/p>\n<blockquote>\n<h3>AMMINISTRATORE LEGALE SVUOTA I CONTI DEL NONNINO<\/p>\n<p><strong>BORGO VALBELLUNA<\/strong> Ripulisce il conto dell&#8217;anziano di Mel, vende la casa destinata alla figlia, non male come amministratore di sostegno. Finisce sotto inchiesta, rinviato a giudizio. Comparir\u00e0 davanti al giudice il 29 settembre. Dovr\u00e0 rispondere di peculato e abuso d&#8217;ufficio&#8230;<\/h3>\n<\/blockquote>\n<p>&nbsp;<\/p>\n<p>&nbsp;<\/p>\n<p>&nbsp;<\/p>\n<hr \/>\n<blockquote><p>&nbsp;<\/p>\n<h3>INCIDENTE AD ANZU&#8217;, UN FERITO LIEVE<\/h3>\n<\/blockquote>\n<p><strong>FELTRE\u00a0<\/strong> Ieri mattina\u00a0 una Skoda Yeti \u00e8 entrata in collisione con un furgone Fiat Ducato al bivio per Villapaiera probabilmente per\u00a0 una mancata precedenza. L&#8217;ambulanza ha trasportato al Pronto soccorso dell&#8217;ospedale Santa Maria del Prato il conducente della vettura, che aveva rimediato un forte trauma a una mano. Immancabili le ripercussioni sul traffico.<\/p>\n<p>&nbsp;<\/p>\n<hr \/>\n<blockquote>\n<h2><\/h2>\n<h2>CRESCONO I CONTAGI SOPRATTUTTO TRA I GIOVANI.\u00a0 AD AURONZO VACCINO PER TUTTA LA SQUADRA. ZAIA CONGELA LA SOSPENSIONE DEI NO VAX<\/h2>\n<\/blockquote>\n<p><strong>VENEZIA<\/strong> Ritorna il punto stampa da Marghera, le ultime novit\u00e0 in tema covid19<\/p>\n<p><span style=\"color: #ff0000;\">\u00abNon sono dalla parte della ragione, ma per ora non si procede con la sospensioni per i medici non vaccinati perch\u00e8 ci vuole coordinamento nazionale e dietro alle sospensioni c\u2019\u00e8 altro problema: la mancanza di professionisti. Chi ha fatto questo decreto non ha tenuto conto del fatto che manca personale\u00bb.<\/span><\/p>\n<blockquote>\n<h2>LEGGI IN DIRETTA LA CONFERENZA STAMPA DEL PRESIDENTE ZAIA<\/h2>\n<p><strong>CRESCONO I CONTAGI SOPRATTUTTO TRA I GIOVANI. DOMANI AD AURONZO VACCINO PER TUTTA LA SQUADRA.\u00a0 <\/strong><em>\u00a0Zona Bianca: fino a 50 positivi su 100mila abitanti, se per tre settimane si supera questo valore\u00a0 oltre al 15%\u00a0 dell&#8217;ospedalizzazione si passa alla zona gialla. Noi siamo distanti, non siamo in pericolo di cambio zona.<\/em><\/p><\/blockquote>\n<p>Nelle terapie intensive su 16 ricoveri 15 non erano vaccinati, i casi positivi stanno crescendo e cresceranno ancora. Su 160 pazienti valutati ricoverati i non vaccinati sono 144, i vaccinati con una dose 16, con due dosi 0. Stanno crescendo i contagi, 10 giorni fa avevamo 45 contagiati al giorno oggi 669. Inghilterra, Spagna, Francia ci sono davanti, sappiamo che questa nuova curva di contagio crescer\u00e0 ancora, le classi di et\u00e0 pi\u00f9 contagiate vanno dal 1999 al 2004, nella quasi totalit\u00e0 sono asintomatici, il rischio \u00e8 che questi incrocino adulti non vaccinati o anziani.<strong> Domani saremo ad Auronzo su invito del Presidente della Lazio per vaccianare l&#8217;intera squadra. Alle 11 sar\u00e0 presente anche la dottoressa Carraro della Ulss1.\u00a0<\/strong> Il piano di sanit\u00e0 pubblica \u00e8 aggressivo e continuiamo con le vaccinazioni, la variante Delta \u00e8 predominante, oggi \u00e8 difficile trovare un positivo che non sia Delta. Ci sono a disposizione 200mila dosi per vaccinarsi, in agenda da qui all&#8217;8 settembre.\u00a0<strong> LE NUOVE REGOLE<\/strong> sopra i 50 contagiati su 100mila abitanti scatta la zona gialla, non \u00e8 il caso attuale del Veneto. <strong>GREEN PASS<\/strong> Nei luoghi chiusi dove si crea assembramento: palestre, ristorazioni, congressi, fiere, centri culturali, eventi, non le discoteche che rimangono invece chiuse. Il modello francese non \u00e8 applicabile,\u00a0 introduce in maniera lapidaria l&#8217;obbligo vaccinale. Il Governo ieri\u00a0 ha fatto un&#8217;applicazione salvando bar e ristoranti all&#8217;aperto, \u00e8 una applicazione estensiva. Il problema da porre \u00e8 un altro: ai cittadini siamo in grado di garantire i vaccini?\u00a0 <strong>MEDICI NON VACCINATI<\/strong>: Ci sono tre categorie la prima chi si vaccina che sono la quasi totalit\u00e0 (97%) chi si \u00e8 fatto tutti i vaccini della storia ma non si fa il covid, c&#8217;\u00e8 qualche medico che ha paura di farsi il vaccino e ne prendiamo atto. La terza categoria contempla quelle persone che dicono che il vaccino non s&#8217;ha a fare perch\u00e9 fa male, forse sono contrari anche alla penicillina si dovesse scoprire oggi, questo sono i No Vax, sono liberi di parlare e noi di dire che non la pensiamo come loro. <strong>SOSPENSIONO MEDICI NO VAX<\/strong> Ogni Regione porter\u00e0 al Governo i numeri, il problema \u00e8 traversale, e cercheremo una posizione omogenea per tutti. Interveniamo su un contratto di lavoro pre datato, dal livello giuridico \u00e8 attaccabile. Ci pu\u00f2 essere un sanitario che ha paura di farsi il vaccino, e questo pu\u00f2 succedere, ma se invece fai anche il capo popolo per dire no ai vaccini, allora entriamo in un altro ambito.\u00a0 Dopodich\u00e9 non dimentichiamoci che esiste un altro problema: la mancanza di personale che possa sostituire gli eventuali medici sospesi. 38 sanitari sono stati sospesi, ma le altre pratiche, quindi, sono state bloccate in attesa di trovare uan strategia comune a tutte le Regioni.\u00a0<strong>RITORNO A SCUOLA<\/strong>\u00a0 Auspico un ritorno in presenza, il 72% della\u00a0 popolazione \u00e8 vaccinata o prenotata. Gli insegnanti e personale\u00a0 su 105mila\u00a0 ne mancano 20mila,\u00a0 si \u00e8 vaccinato o prenotato circa l&#8217;80%. <strong>IL TRIONFO DELL&#8217;ITALIA AGLI EUROPEI<\/strong> Zaia risponde alzando il cartello dei contagi odierni: 669. Ad Asiago \u00e8 partito un cluster al centro estivo tra operatori non vaccinati e il risultato porta all&#8217;incidenza pi\u00f9 alta in Veneto di ragazzi che vengono da fuori.<\/p>\n<p>&nbsp;<\/p>\n<p><a href=\"https:\/\/www.facebook.com\/zaiaufficiale\/videos\/523579132184784\">https:\/\/www.facebook.com\/zaiaufficiale\/videos\/523579132184784<\/a><\/p>\n<p>&nbsp;<\/p>\n<hr \/>\n<p>&nbsp;<\/p>\n<blockquote>\n<h2>CARO ZAIA&#8230; SI E&#8217; ACCORTO CHE NELL&#8217;EDILIZIA SONO AUMENTATI I PREZZI DELLA MATERIA PRIMA,\u00a0 DI DIFFICILE REPERIMENTO?<\/h2>\n<\/blockquote>\n<p><strong><img loading=\"lazy\" decoding=\"async\" class=\"alignleft\" src=\"https:\/\/www.radiopiu.net\/wordpress\/wp-content\/uploads\/2021\/07\/DC-M-trasparente-1.png\" width=\"203\" height=\"87\" \/>COLLE SANTA LUCIA<\/strong> Valentina Rossi amministratrice di Dolomiti Case Srl e Sisto Daberto responsabile commerciale hanno scritto una missiva al Presidente della Regione Luca Zaia facendogli notare l&#8217;aumento dei prezzi delle materie prime del settore edile. L&#8217;azienda\u00a0 ha \u00a0sede a Colle Santa, costruisce tetti e case in legno principalmente, ma anche ristrutturazioni complete di edifici residenziali e non. Uno dei\u00a0 recenti lavori e&#8217; stato ripristinare la copertura del famoso &#8220;Vaticano&#8221;, edificio storico di San Tomaso Agordino (foto sotto), dopo la tempesta Vaia.<\/p>\n<p>Caro Zaia&#8230;.<\/p>\n<p><em><a href=\"https:\/\/www.radiopiu.net\/wordpress\/dolomiticasesrla\/67238607_2287895897984785_5387446211181543424_o-1\/\" rel=\"attachment wp-att-223708\"><img loading=\"lazy\" decoding=\"async\" class=\"wp-image-223708 alignleft\" src=\"https:\/\/www.radiopiu.net\/wordpress\/wp-content\/uploads\/2021\/07\/67238607_2287895897984785_5387446211181543424_o-1-300x225.jpg\" alt=\"\" width=\"176\" height=\"132\" srcset=\"https:\/\/www.radiopiu.net\/wordpress\/wp-content\/uploads\/2021\/07\/67238607_2287895897984785_5387446211181543424_o-1-300x225.jpg 300w, https:\/\/www.radiopiu.net\/wordpress\/wp-content\/uploads\/2021\/07\/67238607_2287895897984785_5387446211181543424_o-1-1024x768.jpg 1024w, https:\/\/www.radiopiu.net\/wordpress\/wp-content\/uploads\/2021\/07\/67238607_2287895897984785_5387446211181543424_o-1-768x576.jpg 768w, https:\/\/www.radiopiu.net\/wordpress\/wp-content\/uploads\/2021\/07\/67238607_2287895897984785_5387446211181543424_o-1-1536x1152.jpg 1536w, https:\/\/www.radiopiu.net\/wordpress\/wp-content\/uploads\/2021\/07\/67238607_2287895897984785_5387446211181543424_o-1.jpg 2048w\" sizes=\"auto, (max-width: 176px) 100vw, 176px\" \/><\/a>&#8220;La contattiamo perche&#8217; il 22 marzo\u00a0 avevamo gi\u00e0 dei presentimenti e ci siamo rivolti all&#8217;associazione Confartigianato di Belluno. Al tempo comunque gli aumenti si potevano considerare relativamente viste le percentuali quasi ininfluenti. Ora per\u00f2, per il legname, i prezzi rispetto al 2020 sono letteralmente raddoppiati. Per esempio una tipologia di perlina di abete da 8,50 Euro al mq \u00e8 passata a 16 euro. Dal momento che i costi di una copertura in legno sono gi\u00e0 abbastanza elevati di, con queste cifre vorrebbe dire gestire numeri enormi che potrebbero causare la perdita delle commissioni pur essendoci varie detrazioni e contributi attualmente in vigore. Per informazione: i nostri fornitori sono tutti altoatesini e trentini. Inoltre c&#8217;\u00e8 grande difficolt\u00e0 di reperimento: alcuni ordini devono essere effettuati addirittura 6 mesi prima). Infine le detrazioni, i bonus\u00a0 sopra citati rallentano gravemente la programmazione delle commissioni e soprattutto gli incassi. Troppa burocrazia, troppi studi tecnici oberati oltre ogni modo, si rischia il collasso del sistema. Ora si vorrebbe capire innanzitutto se aumenti cos\u00ec importanti sono possibili a livello di mercato ed in secondo luogo, visto che la situazione \u00e8 ormai allarmante, quale potrebbe essere una strategia riparatrice. Quest&#8217;anno forse si &#8220;campa&#8221;, ma il prossimo sar\u00e0 un &#8220;bagno di sangue&#8221; e gli impegni riguardo a spese ordinarie ed investimenti sono sempre presenti quotidianamente. Con la speranza che la nostra segnalazione possa esser utile per una riflessione ed un&#8217;attivazione a tutela del settore&#8221;\u00a0\u00a0<\/em><\/p>\n<p>&nbsp;<\/p>\n\n\t\t\t<style type='text\/css'>\n\t\t\t\t#gallery-2 {\n\t\t\t\t\tmargin: auto;\n\t\t\t\t}\n\t\t\t\t#gallery-2 .gallery-item {\n\t\t\t\t\tfloat: left;\n\t\t\t\t\tmargin-top: 10px;\n\t\t\t\t\ttext-align: center;\n\t\t\t\t\twidth: 50%;\n\t\t\t\t}\n\t\t\t\t#gallery-2 img {\n\t\t\t\t\tborder: 2px solid #cfcfcf;\n\t\t\t\t}\n\t\t\t\t#gallery-2 .gallery-caption {\n\t\t\t\t\tmargin-left: 0;\n\t\t\t\t}\n\t\t\t\t\/* see gallery_shortcode() in wp-includes\/media.php *\/\n\t\t\t<\/style>\n\t\t<div id='gallery-2' class='dt-gallery-container gallery galleryid-223529 gallery-columns-2 gallery-size-medium'><dl class='gallery-item'>\n\t\t\t\t<dt class='gallery-icon landscape'>\n\t\t\t\t\t<a class=\"rollover rollover-zoom dt-pswp-item\" title=\"86173930_1374133469455231_1087812368789929984_n-1\" data-dt-img-description=\"\" data-large_image_width=\"960\" data-large_image_height=\"670\"href='https:\/\/www.radiopiu.net\/wordpress\/wp-content\/uploads\/2021\/07\/86173930_1374133469455231_1087812368789929984_n-1.jpg'><img loading=\"lazy\" decoding=\"async\" width=\"300\" height=\"209\" src=\"https:\/\/www.radiopiu.net\/wordpress\/wp-content\/uploads\/2021\/07\/86173930_1374133469455231_1087812368789929984_n-1-300x209.jpg\" class=\"attachment-medium size-medium\" alt=\"\" srcset=\"https:\/\/www.radiopiu.net\/wordpress\/wp-content\/uploads\/2021\/07\/86173930_1374133469455231_1087812368789929984_n-1-300x209.jpg 300w, https:\/\/www.radiopiu.net\/wordpress\/wp-content\/uploads\/2021\/07\/86173930_1374133469455231_1087812368789929984_n-1-768x536.jpg 768w, https:\/\/www.radiopiu.net\/wordpress\/wp-content\/uploads\/2021\/07\/86173930_1374133469455231_1087812368789929984_n-1.jpg 960w\" sizes=\"auto, (max-width: 300px) 100vw, 300px\" \/><\/a>\n\t\t\t\t<\/dt><\/dl><dl class='gallery-item'>\n\t\t\t\t<dt class='gallery-icon portrait'>\n\t\t\t\t\t<a class=\"rollover rollover-zoom dt-pswp-item\" title=\"85104926_1374133439455234_6743237480947908608_n\" data-dt-img-description=\"\" data-large_image_width=\"784\" data-large_image_height=\"960\"href='https:\/\/www.radiopiu.net\/wordpress\/wp-content\/uploads\/2021\/07\/85104926_1374133439455234_6743237480947908608_n-1.jpg'><img loading=\"lazy\" decoding=\"async\" width=\"245\" height=\"300\" src=\"https:\/\/www.radiopiu.net\/wordpress\/wp-content\/uploads\/2021\/07\/85104926_1374133439455234_6743237480947908608_n-1-245x300.jpg\" class=\"attachment-medium size-medium\" alt=\"\" srcset=\"https:\/\/www.radiopiu.net\/wordpress\/wp-content\/uploads\/2021\/07\/85104926_1374133439455234_6743237480947908608_n-1-245x300.jpg 245w, https:\/\/www.radiopiu.net\/wordpress\/wp-content\/uploads\/2021\/07\/85104926_1374133439455234_6743237480947908608_n-1-768x940.jpg 768w, https:\/\/www.radiopiu.net\/wordpress\/wp-content\/uploads\/2021\/07\/85104926_1374133439455234_6743237480947908608_n-1.jpg 784w\" sizes=\"auto, (max-width: 245px) 100vw, 245px\" \/><\/a>\n\t\t\t\t<\/dt><\/dl><br style=\"clear: both\" \/>\n\t\t\t<\/div>\n\n<p>&nbsp;<\/p>\n<hr \/>\n<p>&nbsp;<\/p>\n<p>&nbsp;<\/p>\n<div class=\"page-title-head hgroup\">\n<blockquote>\n<h3 class=\"entry-title\">LUXOTTICA AGORDO: A GIORNI L\u2019AMPLIAMENTO DEL PARCHEGGIO PER BICI E MOTO<\/h3>\n<\/blockquote>\n<\/div>\n<div class=\"page-title-breadcrumbs\">\n<p><strong><a href=\"https:\/\/www.radiopiu.net\/wordpress\/giornale-radiopiu-01-agosto-2020-direttore-mirko-mezzacasa\/814ace46-a8a2-4c2d-a100-4d87aa509ef3\/\" rel=\"attachment wp-att-152483\"><img loading=\"lazy\" decoding=\"async\" class=\"size-medium wp-image-152483 alignleft\" src=\"https:\/\/www.radiopiu.net\/wordpress\/wp-content\/uploads\/2020\/07\/814ace46-a8a2-4c2d-a100-4d87aa509ef3-300x225.jpg\" alt=\"\" width=\"300\" height=\"225\" srcset=\"https:\/\/www.radiopiu.net\/wordpress\/wp-content\/uploads\/2020\/07\/814ace46-a8a2-4c2d-a100-4d87aa509ef3-300x225.jpg 300w, https:\/\/www.radiopiu.net\/wordpress\/wp-content\/uploads\/2020\/07\/814ace46-a8a2-4c2d-a100-4d87aa509ef3-1024x768.jpg 1024w, https:\/\/www.radiopiu.net\/wordpress\/wp-content\/uploads\/2020\/07\/814ace46-a8a2-4c2d-a100-4d87aa509ef3-768x576.jpg 768w, https:\/\/www.radiopiu.net\/wordpress\/wp-content\/uploads\/2020\/07\/814ace46-a8a2-4c2d-a100-4d87aa509ef3-1536x1152.jpg 1536w, https:\/\/www.radiopiu.net\/wordpress\/wp-content\/uploads\/2020\/07\/814ace46-a8a2-4c2d-a100-4d87aa509ef3.jpg 1560w\" sizes=\"auto, (max-width: 300px) 100vw, 300px\" \/><\/a>AGORDO<\/strong> Buone notizie per i dipendenti Luxottica chi si recano al lavoro utilizzando moto o bicicletta. Nei giorni scorsi la commissione trasporti RSU dello stabilimento di Agordo ha consegnato all&#8217;azienda le firme raccolte per l&#8217;ampliamento del parcheggio dedicato alle due ruote. Una richiesta che era gi\u00e0 stata effettuata in passato e che finalmente viene esaudita visto che i parcheggi per bici e moto scarseggiavano. \u201c<em>L\u2019azienda ha finalmente attuato un moderato ampliamento dell&#8217;area in questione \u2013 dicono dalla commissione trasporti &#8211; in attesa dei futuri interventi di pi\u00f9 ampia portata sui parcheggi interni ed esterni alla Luxottica che forse verr\u00e0 fatto in autunno. Ci avevano comunicato l&#8217;acquisto di ulteriori rastrelliere per le bici da posizionare nell&#8217;area attuale e, in funzione di ci\u00f2, aveva fatto spostare parte delle rastrelliere esistenti. Purtroppo questo \u00e8 avvenuto con modalit\u00e0 discutibile visto che oltretutto non era stata data alcuna comunicazione preventiva agli interessati. Ad oggi le nuove rastrelliere non sono ancora state posizionate nell&#8217;area forse per qualche ritardo nella consegna. Ci auguriamo che la situazione si risolva a breve considerando che un intervento di cos\u00ec semplice esecuzione avrebbe dovuto essere concluso da tempo<\/em>\u201d.<\/p>\n<p>&nbsp;<\/p>\n<\/div>\n<p>&nbsp;<\/p>\n<p>&nbsp;<\/p>\n<hr \/>\n<blockquote>\n<h3><\/h3>\n<h3>IL NUOVO PARCO TEMATICO AL MASARE&#8217; CON PANCHINE IN PIETRA CON UNA DEDICA PARTICOLARE<\/h3>\n<\/blockquote>\n<p><strong><a href=\"https:\/\/www.radiopiu.net\/wordpress\/elezioni-comunali-2019-alleghe\/alleghe-danilo-de-toni\/\" rel=\"attachment wp-att-86463\"><img loading=\"lazy\" decoding=\"async\" class=\"wp-image-86463 alignleft\" src=\"https:\/\/www.radiopiu.net\/wordpress\/wp-content\/uploads\/2019\/05\/ALLEGHE-DANILO-DE-TONI-257x300.jpeg\" alt=\"\" width=\"105\" height=\"123\" srcset=\"https:\/\/www.radiopiu.net\/wordpress\/wp-content\/uploads\/2019\/05\/ALLEGHE-DANILO-DE-TONI-257x300.jpeg 257w, https:\/\/www.radiopiu.net\/wordpress\/wp-content\/uploads\/2019\/05\/ALLEGHE-DANILO-DE-TONI-768x895.jpeg 768w, https:\/\/www.radiopiu.net\/wordpress\/wp-content\/uploads\/2019\/05\/ALLEGHE-DANILO-DE-TONI-879x1024.jpeg 879w, https:\/\/www.radiopiu.net\/wordpress\/wp-content\/uploads\/2019\/05\/ALLEGHE-DANILO-DE-TONI.jpeg 1373w\" sizes=\"auto, (max-width: 105px) 100vw, 105px\" \/><\/a>ALLEGHE<\/strong><\/p>\n<p><strong>di GIANNI SANTOMASO\u00a0<\/strong><\/p>\n<audio class=\"wp-audio-shortcode\" id=\"audio-223529-3\" preload=\"none\" style=\"width: 100%;\" controls=\"controls\"><source type=\"audio\/mpeg\" src=\"https:\/\/www.radiopiu.net\/wordpress\/wp-content\/uploads\/2021\/07\/GIANNI-PARCO.mp3?_=3\" \/><a href=\"https:\/\/www.radiopiu.net\/wordpress\/wp-content\/uploads\/2021\/07\/GIANNI-PARCO.mp3\">https:\/\/www.radiopiu.net\/wordpress\/wp-content\/uploads\/2021\/07\/GIANNI-PARCO.mp3<\/a><\/audio>\n<p>&nbsp;<\/p>\n\n\t\t\t<style type='text\/css'>\n\t\t\t\t#gallery-3 {\n\t\t\t\t\tmargin: auto;\n\t\t\t\t}\n\t\t\t\t#gallery-3 .gallery-item {\n\t\t\t\t\tfloat: left;\n\t\t\t\t\tmargin-top: 10px;\n\t\t\t\t\ttext-align: center;\n\t\t\t\t\twidth: 50%;\n\t\t\t\t}\n\t\t\t\t#gallery-3 img {\n\t\t\t\t\tborder: 2px solid #cfcfcf;\n\t\t\t\t}\n\t\t\t\t#gallery-3 .gallery-caption {\n\t\t\t\t\tmargin-left: 0;\n\t\t\t\t}\n\t\t\t\t\/* see gallery_shortcode() in wp-includes\/media.php *\/\n\t\t\t<\/style>\n\t\t<div id='gallery-3' class='dt-gallery-container gallery galleryid-223529 gallery-columns-2 gallery-size-medium'><dl class='gallery-item'>\n\t\t\t\t<dt class='gallery-icon landscape'>\n\t\t\t\t\t<a class=\"rollover rollover-zoom dt-pswp-item\" title=\"add21246-160d-4196-9f97-5f6573e51df2\" data-dt-img-description=\"\" data-large_image_width=\"1600\" data-large_image_height=\"1200\"href='https:\/\/www.radiopiu.net\/wordpress\/wp-content\/uploads\/2021\/07\/add21246-160d-4196-9f97-5f6573e51df2.jpg'><img loading=\"lazy\" decoding=\"async\" width=\"300\" height=\"225\" src=\"https:\/\/www.radiopiu.net\/wordpress\/wp-content\/uploads\/2021\/07\/add21246-160d-4196-9f97-5f6573e51df2-300x225.jpg\" class=\"attachment-medium size-medium\" alt=\"\" srcset=\"https:\/\/www.radiopiu.net\/wordpress\/wp-content\/uploads\/2021\/07\/add21246-160d-4196-9f97-5f6573e51df2-300x225.jpg 300w, https:\/\/www.radiopiu.net\/wordpress\/wp-content\/uploads\/2021\/07\/add21246-160d-4196-9f97-5f6573e51df2-1024x768.jpg 1024w, https:\/\/www.radiopiu.net\/wordpress\/wp-content\/uploads\/2021\/07\/add21246-160d-4196-9f97-5f6573e51df2-768x576.jpg 768w, https:\/\/www.radiopiu.net\/wordpress\/wp-content\/uploads\/2021\/07\/add21246-160d-4196-9f97-5f6573e51df2-1536x1152.jpg 1536w, https:\/\/www.radiopiu.net\/wordpress\/wp-content\/uploads\/2021\/07\/add21246-160d-4196-9f97-5f6573e51df2.jpg 1600w\" sizes=\"auto, (max-width: 300px) 100vw, 300px\" \/><\/a>\n\t\t\t\t<\/dt><\/dl><dl class='gallery-item'>\n\t\t\t\t<dt class='gallery-icon landscape'>\n\t\t\t\t\t<a class=\"rollover rollover-zoom dt-pswp-item\" title=\"7431a184-c42d-4537-a03d-05bf202d73d2\" data-dt-img-description=\"\" data-large_image_width=\"1600\" data-large_image_height=\"1200\"href='https:\/\/www.radiopiu.net\/wordpress\/wp-content\/uploads\/2021\/07\/7431a184-c42d-4537-a03d-05bf202d73d2.jpg'><img loading=\"lazy\" decoding=\"async\" width=\"300\" height=\"225\" src=\"https:\/\/www.radiopiu.net\/wordpress\/wp-content\/uploads\/2021\/07\/7431a184-c42d-4537-a03d-05bf202d73d2-300x225.jpg\" class=\"attachment-medium size-medium\" alt=\"\" srcset=\"https:\/\/www.radiopiu.net\/wordpress\/wp-content\/uploads\/2021\/07\/7431a184-c42d-4537-a03d-05bf202d73d2-300x225.jpg 300w, https:\/\/www.radiopiu.net\/wordpress\/wp-content\/uploads\/2021\/07\/7431a184-c42d-4537-a03d-05bf202d73d2-1024x768.jpg 1024w, https:\/\/www.radiopiu.net\/wordpress\/wp-content\/uploads\/2021\/07\/7431a184-c42d-4537-a03d-05bf202d73d2-768x576.jpg 768w, https:\/\/www.radiopiu.net\/wordpress\/wp-content\/uploads\/2021\/07\/7431a184-c42d-4537-a03d-05bf202d73d2-1536x1152.jpg 1536w, https:\/\/www.radiopiu.net\/wordpress\/wp-content\/uploads\/2021\/07\/7431a184-c42d-4537-a03d-05bf202d73d2.jpg 1600w\" sizes=\"auto, (max-width: 300px) 100vw, 300px\" \/><\/a>\n\t\t\t\t<\/dt><\/dl><br style=\"clear: both\" \/>\n\t\t\t<\/div>\n\n<p>&nbsp;<\/p>\n<p>&nbsp;<\/p>\n<p>&nbsp;<\/p>\n<p>&nbsp;<\/p>\n<hr \/>\n<p>&nbsp;<\/p>\n<blockquote class=\"wp-embedded-content\" data-secret=\"BflX0khOGD\"><p><a href=\"https:\/\/www.radiopiu.net\/wordpress\/aggiornamentolug23\/\">CORONAVIRUS: AGGIORNAMENTO NAZIONALE 23 LUGLIO  2021<\/a><\/p><\/blockquote>\n<p><iframe loading=\"lazy\" class=\"wp-embedded-content\" sandbox=\"allow-scripts\" security=\"restricted\" style=\"position: absolute; clip: rect(1px, 1px, 1px, 1px);\" title=\"&#8220;CORONAVIRUS: AGGIORNAMENTO NAZIONALE 23 LUGLIO  2021&#8221; &#8212; Radio Pi\u00f9\" src=\"https:\/\/www.radiopiu.net\/wordpress\/aggiornamentolug23\/embed\/#?secret=BflX0khOGD\" data-secret=\"BflX0khOGD\" width=\"600\" height=\"338\" frameborder=\"0\" marginwidth=\"0\" marginheight=\"0\" scrolling=\"no\"><\/iframe><\/p>\n<p>&nbsp;<\/p>\n<blockquote class=\"wp-embedded-content\" data-secret=\"VBeyZb72Tq\"><p><a href=\"https:\/\/www.radiopiu.net\/wordpress\/nuovoagg\/\">669 POSITIVI IN 24 ORE, +12 IN PROVINCIA DI BELLUNO, CINQUE PAZIENTI IN MENO IN TERAPIA INTENSIVA<\/a><\/p><\/blockquote>\n<p><iframe loading=\"lazy\" class=\"wp-embedded-content\" sandbox=\"allow-scripts\" security=\"restricted\" style=\"position: absolute; clip: rect(1px, 1px, 1px, 1px);\" title=\"&#8220;669 POSITIVI IN 24 ORE, +12 IN PROVINCIA DI BELLUNO, CINQUE PAZIENTI IN MENO IN TERAPIA INTENSIVA&#8221; &#8212; Radio Pi\u00f9\" src=\"https:\/\/www.radiopiu.net\/wordpress\/nuovoagg\/embed\/#?secret=VBeyZb72Tq\" data-secret=\"VBeyZb72Tq\" width=\"600\" height=\"338\" frameborder=\"0\" marginwidth=\"0\" marginheight=\"0\" scrolling=\"no\"><\/iframe><\/p>\n<h3>I GRAFICI DI TIZIANO DE COL<\/h3>\n\n\t\t\t<style type='text\/css'>\n\t\t\t\t#gallery-4 {\n\t\t\t\t\tmargin: auto;\n\t\t\t\t}\n\t\t\t\t#gallery-4 .gallery-item {\n\t\t\t\t\tfloat: left;\n\t\t\t\t\tmargin-top: 10px;\n\t\t\t\t\ttext-align: center;\n\t\t\t\t\twidth: 20%;\n\t\t\t\t}\n\t\t\t\t#gallery-4 img {\n\t\t\t\t\tborder: 2px solid #cfcfcf;\n\t\t\t\t}\n\t\t\t\t#gallery-4 .gallery-caption {\n\t\t\t\t\tmargin-left: 0;\n\t\t\t\t}\n\t\t\t\t\/* see gallery_shortcode() in wp-includes\/media.php *\/\n\t\t\t<\/style>\n\t\t<div id='gallery-4' class='dt-gallery-container gallery galleryid-223529 gallery-columns-5 gallery-size-thumbnail'><dl class='gallery-item'>\n\t\t\t\t<dt class='gallery-icon landscape'>\n\t\t\t\t\t<a class=\"rollover rollover-zoom dt-pswp-item\" title=\"df4a500d-d60f-471b-92e4-727d5b367b3b\" data-dt-img-description=\"\" data-large_image_width=\"586\" data-large_image_height=\"354\"href='https:\/\/www.radiopiu.net\/wordpress\/wp-content\/uploads\/2021\/07\/df4a500d-d60f-471b-92e4-727d5b367b3b.jpg'><img loading=\"lazy\" decoding=\"async\" width=\"150\" height=\"150\" src=\"https:\/\/www.radiopiu.net\/wordpress\/wp-content\/uploads\/2021\/07\/df4a500d-d60f-471b-92e4-727d5b367b3b-150x150.jpg\" class=\"attachment-thumbnail size-thumbnail\" alt=\"\" \/><\/a>\n\t\t\t\t<\/dt><\/dl><dl class='gallery-item'>\n\t\t\t\t<dt class='gallery-icon landscape'>\n\t\t\t\t\t<a class=\"rollover rollover-zoom dt-pswp-item\" title=\"66ac553a-9334-4a5c-9a6e-e89c6e214e95\" data-dt-img-description=\"\" data-large_image_width=\"598\" data-large_image_height=\"356\"href='https:\/\/www.radiopiu.net\/wordpress\/wp-content\/uploads\/2021\/07\/66ac553a-9334-4a5c-9a6e-e89c6e214e95.jpg'><img loading=\"lazy\" decoding=\"async\" width=\"150\" height=\"150\" src=\"https:\/\/www.radiopiu.net\/wordpress\/wp-content\/uploads\/2021\/07\/66ac553a-9334-4a5c-9a6e-e89c6e214e95-150x150.jpg\" class=\"attachment-thumbnail size-thumbnail\" alt=\"\" \/><\/a>\n\t\t\t\t<\/dt><\/dl><dl class='gallery-item'>\n\t\t\t\t<dt class='gallery-icon landscape'>\n\t\t\t\t\t<a class=\"rollover rollover-zoom dt-pswp-item\" title=\"db7c79a1-da08-46c5-a2a8-fac4208782a2\" data-dt-img-description=\"\" data-large_image_width=\"598\" data-large_image_height=\"348\"href='https:\/\/www.radiopiu.net\/wordpress\/wp-content\/uploads\/2021\/07\/db7c79a1-da08-46c5-a2a8-fac4208782a2.jpg'><img loading=\"lazy\" decoding=\"async\" width=\"150\" height=\"150\" src=\"https:\/\/www.radiopiu.net\/wordpress\/wp-content\/uploads\/2021\/07\/db7c79a1-da08-46c5-a2a8-fac4208782a2-150x150.jpg\" class=\"attachment-thumbnail size-thumbnail\" alt=\"\" \/><\/a>\n\t\t\t\t<\/dt><\/dl><dl class='gallery-item'>\n\t\t\t\t<dt class='gallery-icon landscape'>\n\t\t\t\t\t<a class=\"rollover rollover-zoom dt-pswp-item\" title=\"84c2a558-be3b-4d1f-9e67-120cd9425f12\" data-dt-img-description=\"\" data-large_image_width=\"606\" data-large_image_height=\"355\"href='https:\/\/www.radiopiu.net\/wordpress\/wp-content\/uploads\/2021\/07\/84c2a558-be3b-4d1f-9e67-120cd9425f12.jpg'><img loading=\"lazy\" decoding=\"async\" width=\"150\" height=\"150\" src=\"https:\/\/www.radiopiu.net\/wordpress\/wp-content\/uploads\/2021\/07\/84c2a558-be3b-4d1f-9e67-120cd9425f12-150x150.jpg\" class=\"attachment-thumbnail size-thumbnail\" alt=\"\" \/><\/a>\n\t\t\t\t<\/dt><\/dl><dl class='gallery-item'>\n\t\t\t\t<dt class='gallery-icon landscape'>\n\t\t\t\t\t<a class=\"rollover rollover-zoom dt-pswp-item\" title=\"a40cf598-16d2-4a41-90da-971b53c5fefe\" data-dt-img-description=\"\" data-large_image_width=\"604\" data-large_image_height=\"352\"href='https:\/\/www.radiopiu.net\/wordpress\/wp-content\/uploads\/2021\/07\/a40cf598-16d2-4a41-90da-971b53c5fefe.jpg'><img loading=\"lazy\" decoding=\"async\" width=\"150\" height=\"150\" src=\"https:\/\/www.radiopiu.net\/wordpress\/wp-content\/uploads\/2021\/07\/a40cf598-16d2-4a41-90da-971b53c5fefe-150x150.jpg\" class=\"attachment-thumbnail size-thumbnail\" alt=\"\" \/><\/a>\n\t\t\t\t<\/dt><\/dl><br style=\"clear: both\" \/>\n\t\t\t<\/div>\n\n<p>&nbsp;<\/p>\n<hr \/>\n<p>&nbsp;<\/p>\n<blockquote>\n<h3 class=\"comunicato:-titolo-western\">GREEN PASS, ENNESIMO PASTICCIO ALL&#8217;ITALIANA<\/h3>\n<p><em>Visto che mancano due settimane per l\u2019avvio di questa norma, vogliamo sperare in una presa di consapevolezza di tutto ci\u00f2 da parte del Governo e un sano \u201cdietro front\u201d<\/em><\/p><\/blockquote>\n<p><strong><a href=\"https:\/\/www.radiopiu.net\/wordpress\/lascom-con-doglioni-critica-il-governo-e-chi-ha-la-responsabilita-dei-controlli-anche-nei-giorni-della-vittoria-dellitalia\/image-205\/\" rel=\"attachment wp-att-223671\"><img loading=\"lazy\" decoding=\"async\" class=\"size-medium wp-image-223671 alignleft\" src=\"https:\/\/www.radiopiu.net\/wordpress\/wp-content\/uploads\/2021\/07\/image-1-300x169.jpg\" alt=\"\" width=\"300\" height=\"169\" srcset=\"https:\/\/www.radiopiu.net\/wordpress\/wp-content\/uploads\/2021\/07\/image-1-300x169.jpg 300w, https:\/\/www.radiopiu.net\/wordpress\/wp-content\/uploads\/2021\/07\/image-1-768x432.jpg 768w, https:\/\/www.radiopiu.net\/wordpress\/wp-content\/uploads\/2021\/07\/image-1.jpg 960w\" sizes=\"auto, (max-width: 300px) 100vw, 300px\" \/><\/a>BELLUNO\u00a0<\/strong> <em>\u201cStento a credere che si sia potuti arrivare ad un\u2019aberrazione simile\u201d<\/em>. Paolo Doglioni, presidente di Confcommercio Belluno, non usa mezzi termini riguardo alle prime notizie relative all\u2019estensione del \u201ccertificato verde\u201d. <em>\u201cPremesso che stiamo ancora lavorando su bozze di documenti non ufficiali e su anticipazioni di stampa, per cui c\u2019\u00e8 la necessit\u00e0 di prudenza e verifica, se quanto anticipato fosse confermato ci troveremmo di fronte ad un provvedimento contraddittorio e illogico. <\/em>Doglioni aveva detto nei giorni scorsi che, in linea del tutto teorica, della necessit\u00e0 di estendere la campagna vaccinale, principio condivisibile di responsabilit\u00e0 sociale. <em>&#8220;Che questo debba avvenire in questa maniera, \u00e8 cosa del tutto aberrante. Caricare su baristi, ristoratori, albergatori l\u2019obbligo di controllare gli avventori che si siedono al tavolo per un cappuccino significa dare loro responsabilit\u00e0 che non competono, significa complicare l\u2019organizzazione con la certezza di aggravio di tempi e costi senza arrivare alla soluzione del problema: contribuire a ostacolare l\u2019attivit\u00e0 economica in questo momento \u00e8 una responsabilit\u00e0 che il Governo non pu\u00f2 assumersi in modo cos\u00ec eclatante. <\/em>Diversi associati del settore alberghiero hanno segnalato la notifica di disdette di clienti.\u00a0 <em>&#8220;Come si pu\u00f2 pensare che questa nuova fiammata di contagi dipenda dal settore ristorativo quando dal 7 giugno (data di passaggio in zona bianca) con la variante gi\u00e0 in circolazione, non ci sono state rilevazioni anomale nell\u2019impennata del virus che, guarda caso, ha avuto la sua recrudescenza dopo gli europei di calcio e le manifestazioni che tutti abbiamo visto? Con quale coerenza ora si chiede agli esercenti di fare tutto ci\u00f2, addossandosi anche la responsabilit\u00e0 dei controlli?<\/em><\/p>\n<h2><span style=\"color: #ff0000;\">IERI ALLA RADIO\u00a0<\/span><\/h2>\n<p><strong>di Lucia Farenzena, Presidente Consorzio Operatori Turistici Rocca Pietore Marmolada\u00a0<\/strong><\/p>\n<p><strong><a href=\"https:\/\/www.radiopiu.net\/wordpress\/giornale-radiopiu-23-luglio-2021-direttore-mirko-mezzacasa\/th-169\/\" rel=\"attachment wp-att-223550\"><img loading=\"lazy\" decoding=\"async\" class=\" wp-image-223550 alignleft\" src=\"https:\/\/www.radiopiu.net\/wordpress\/wp-content\/uploads\/2021\/07\/th-19.jpg\" alt=\"\" width=\"250\" height=\"141\" \/><\/a>ROCCA PIETORE<\/strong> Green pass, quello che sarebbe un altro colpo al turismo sotto il totale silenzio. In giornate \u201ccalde\u201d come queste, mangiare fuori in montagna \u00e8 proprio il massimo. Qui stiamo perdendo di vista la democrazia e i diritti dei cittadini. \u00c8 consigliato fare il vaccino, tanto che un\u2019elevata percentuale si \u00e8 sottoposta assumendosi il rischio di questa terapia sperimentale, c\u2019\u00e8 chi poi non vuole farlo che se ne assumer\u00e0 il rischio. I numeri, perch\u00e9 quelli non mentono mai, ci danno conforto. In Italia il 45% ha completato il ciclo. Viste le difficolt\u00e0 non \u00e8 poco se pensiamo anche a chi non lo pu\u00f2 fare e a chi ha contratto la malattia e deve aspettare 6 mesi per vaccinarsi. Di cosa stiamo parlando ? Parliamo sempre della stessa cosa, della vita delle persone e del lavoro. Con tutta questa confusione le prenotazioni soprattutto negli hotel si sono fermate. Quello che non si ferma \u00e8 la mala gestione di questa pandemia sotto il profilo economico e della comunicazione. Stiamo ancora aspettando i soldi dei sostegni (siamo a fine luglio) e gi\u00e0 altri paletti inutili al comparto. A che titolo un esercente mi pu\u00f2 chiedere il green pass? Perch\u00e9 devo esibire a personale non sanitario il mio certificato vaccinale ? Soprattutto, perch\u00e9 vogliamo cos\u00ec male al turismo ? Perch\u00e9 invece di fare advertising e proclami non si parla solo a cose certe? Suvvia, stiamo rasentando il ridicolo e dando un\u2019altra mazzata alle imprese. Penso che sia ora di dire basta a queste cose e soprattutto alla sottrazione di quote di libert\u00e0 spacciate per \u201cprotezione\u201d. Vogliamo lavorare, in sicurezza e questi atteggiamenti minano di continuo le certezze e le possibilit\u00e0 di fare impresa. Estati brevi, e intralci al poter lavorare perch\u00e9 se non si inventa qualche sciocchezza per tenere alto il terrore non va bene. Come ricordava un mio amico, questo inverno senza vaccino non su poteva stare al bancone ma obbligo di sedersi al tavolo. Ora invece non puoi sederti al tavolo senza greenpass\u2026..ma siamo seri ? Applicando 4 regole in croce si evita il contagio, penso sia sufficiente.<\/p>\n<p>&nbsp;<\/p>\n<hr \/>\n<blockquote>\n<h3><\/h3>\n<h3>SITO DI VALLE IMPERINA: NESSUNO HA RISPOSTO AL BANDO MA IL PRESIDENTE DEL PARCO E&#8217; OTTIMISTA<\/h3>\n<\/blockquote>\n<blockquote>\n<h4><em>Ennio Vigne, Presidente Ente Parco Nazionale Dolomiti Bellunesi: &#8220;Siamo in fase di appalto dei lavori per il centro congressi (ex centralina ndr.), nel 2023 ci sar\u00e0 la ciclabile, intanto riapriamo Agre. Nei primi due anni aiuteremo chi gestir\u00e0 il sito, poi vivr\u00e0 di luce propria&#8221;\u00a0<\/em><\/h4>\n<\/blockquote>\n<p><strong>RIVAMONTE<\/strong><\/p>\n<p><strong>DI GIANNI SANTOMASO<\/strong><\/p>\n<audio class=\"wp-audio-shortcode\" id=\"audio-223529-4\" preload=\"none\" style=\"width: 100%;\" controls=\"controls\"><source type=\"audio\/mpeg\" src=\"https:\/\/www.radiopiu.net\/wordpress\/wp-content\/uploads\/2021\/07\/GIANNI-SITO-MINERARIO.mp3?_=4\" \/><a href=\"https:\/\/www.radiopiu.net\/wordpress\/wp-content\/uploads\/2021\/07\/GIANNI-SITO-MINERARIO.mp3\">https:\/\/www.radiopiu.net\/wordpress\/wp-content\/uploads\/2021\/07\/GIANNI-SITO-MINERARIO.mp3<\/a><\/audio>\n<blockquote>\n<h2><strong>\u00a0<\/strong><\/h2>\n<h2><strong>ECCO IN CHE CONDIZIONI VERSA IL SITO MINERARIO, <\/strong><strong>IERI ALLA RADIO DI MORENO GEREMETTA\u00a0<\/strong><\/h2>\n<\/blockquote>\n<blockquote class=\"wp-embedded-content\" data-secret=\"X3Auva7GjE\"><p><a href=\"https:\/\/www.radiopiu.net\/wordpress\/le-miserie-di-valle-imperina-di-moreno-geremetta\/\">LE &#8220;MISERIE&#8221; DI VALLE IMPERINA di MORENO GEREMETTA<\/a><\/p><\/blockquote>\n<p><iframe loading=\"lazy\" class=\"wp-embedded-content\" sandbox=\"allow-scripts\" security=\"restricted\" style=\"position: absolute; clip: rect(1px, 1px, 1px, 1px);\" title=\"&#8220;LE &#8220;MISERIE&#8221; DI VALLE IMPERINA di MORENO GEREMETTA&#8221; &#8212; Radio Pi\u00f9\" src=\"https:\/\/www.radiopiu.net\/wordpress\/le-miserie-di-valle-imperina-di-moreno-geremetta\/embed\/#?secret=X3Auva7GjE\" data-secret=\"X3Auva7GjE\" width=\"600\" height=\"338\" frameborder=\"0\" marginwidth=\"0\" marginheight=\"0\" scrolling=\"no\"><\/iframe><\/p>\n<p>&nbsp;<\/p>\n<p>&nbsp;<\/p>\n<hr \/>\n<blockquote>\n<h3><\/h3>\n<h3>IN COMELICO LA NUOVA RETE ELETTRICA A PROVA DI MALTEMPO<\/h3>\n<p><b><a href=\"https:\/\/www.radiopiu.net\/wordpress\/giornale-radiopiu-06-maggio-2021-direttore-mirko-mezzacasa\/enel-2\/\" rel=\"attachment wp-att-207692\"><img loading=\"lazy\" decoding=\"async\" class=\"size-medium wp-image-207692 alignleft\" src=\"https:\/\/www.radiopiu.net\/wordpress\/wp-content\/uploads\/2021\/05\/enel-300x199.jpg\" alt=\"\" width=\"300\" height=\"199\" srcset=\"https:\/\/www.radiopiu.net\/wordpress\/wp-content\/uploads\/2021\/05\/enel-300x199.jpg 300w, https:\/\/www.radiopiu.net\/wordpress\/wp-content\/uploads\/2021\/05\/enel-1024x681.jpg 1024w, https:\/\/www.radiopiu.net\/wordpress\/wp-content\/uploads\/2021\/05\/enel-768x510.jpg 768w, https:\/\/www.radiopiu.net\/wordpress\/wp-content\/uploads\/2021\/05\/enel-1536x1021.jpg 1536w, https:\/\/www.radiopiu.net\/wordpress\/wp-content\/uploads\/2021\/05\/enel.jpg 1920w\" sizes=\"auto, (max-width: 300px) 100vw, 300px\" \/><\/a>BELLUNO<\/b> Proseguono gli interventi previsti dal Piano di Resilienza predisposto da E-Distribuzione per contenere il rischio di disalimentazione a fronte dei principali fattori critici che possono avere impatto sulla rete elettrica.\u00a0 Nell\u2019area del Comelico sono stati infatti avviati i lavori di\u00a0integrale rinnovo degli oltre 10 chilometri di linee aeree\u00a0danneggiate dalle copiose nevicate avvenute durante lo scorso inverno. Il programma prevede l\u2019interramento di 8 chilometri di linee e la sostituzione di una cinquantina di sostegni\u00a0che saranno utilizzati per la posa di\u00a0nuovo cavo aereo di Media tensione (20.000 Volt) di particolare resistenza. E\u2019 stata inoltre prevista la costruzione di\u00a05 nuove cabine di trasformazione ovvero gli snodi per la derivazione delle linee di bassa tensione e che potranno essere utilizzate in misura flessibile per garantire sempre il miglior assetto di rete ne\u00a0beneficeranno oltre 20.000 cittadini della zona. <em>\u201cSviluppare una rete resiliente, flessibile ed intelligente \u2013\u00a0<\/em>sottolinea Gabriele Zuccon, responsabile Zona Treviso-Belluno di E-Distribuzione<em>\u00a0\u2013 \u00e8 l\u2019obiettivo che contraddistingue la pianificazione di tutti i nostri interventi in programma in questi anni. Puntiamo a migliorare ulteriormente la continuit\u00e0 del servizio elettrico e ad abilitare una\u00a0<\/em><em>transizione energetica in tutte le realt\u00e0 territoriali in cui operiamo&#8221;.\u00a0 <\/em>Il primo intervento di interramento delle linee, della lunghezza di oltre 1 km , si sta sviluppando lungo la SS 52 in prossimit\u00e0 dell\u2019abitato di Santo Stefano di Cadore con qualche inevitabile disagio alla circolazione, mentre sono gi\u00e0 stati sostituiti 16 sostegni lungo la linea elettrica principale che alimenta gran parte delle forniture dello stesso Comune. <span lang=\"IT\">Il piano di lavoro complessivo prevede diverse fasi di intervento che\u00a0si completeranno nel \u00a02022\u00a0e che comporteranno per\u00a0un investimento complessivo di circa 2 milioni di euro.<\/span><\/p>\n\n\t\t\t<style type='text\/css'>\n\t\t\t\t#gallery-5 {\n\t\t\t\t\tmargin: auto;\n\t\t\t\t}\n\t\t\t\t#gallery-5 .gallery-item {\n\t\t\t\t\tfloat: left;\n\t\t\t\t\tmargin-top: 10px;\n\t\t\t\t\ttext-align: center;\n\t\t\t\t\twidth: 20%;\n\t\t\t\t}\n\t\t\t\t#gallery-5 img {\n\t\t\t\t\tborder: 2px solid #cfcfcf;\n\t\t\t\t}\n\t\t\t\t#gallery-5 .gallery-caption {\n\t\t\t\t\tmargin-left: 0;\n\t\t\t\t}\n\t\t\t\t\/* see gallery_shortcode() in wp-includes\/media.php *\/\n\t\t\t<\/style>\n\t\t<div id='gallery-5' class='dt-gallery-container gallery galleryid-223529 gallery-columns-5 gallery-size-thumbnail'><dl class='gallery-item'>\n\t\t\t\t<dt class='gallery-icon landscape'>\n\t\t\t\t\t<a class=\"rollover rollover-zoom dt-pswp-item\" title=\"elicottero3\" data-dt-img-description=\"\" data-large_image_width=\"2560\" data-large_image_height=\"2560\"href='https:\/\/www.radiopiu.net\/wordpress\/wp-content\/uploads\/2021\/07\/elicottero3-scaled.jpg'><img loading=\"lazy\" decoding=\"async\" width=\"150\" height=\"150\" src=\"https:\/\/www.radiopiu.net\/wordpress\/wp-content\/uploads\/2021\/07\/elicottero3-150x150.jpg\" class=\"attachment-thumbnail size-thumbnail\" alt=\"\" srcset=\"https:\/\/www.radiopiu.net\/wordpress\/wp-content\/uploads\/2021\/07\/elicottero3-150x150.jpg 150w, https:\/\/www.radiopiu.net\/wordpress\/wp-content\/uploads\/2021\/07\/elicottero3-300x300.jpg 300w, https:\/\/www.radiopiu.net\/wordpress\/wp-content\/uploads\/2021\/07\/elicottero3-1024x1024.jpg 1024w, https:\/\/www.radiopiu.net\/wordpress\/wp-content\/uploads\/2021\/07\/elicottero3-768x768.jpg 768w, https:\/\/www.radiopiu.net\/wordpress\/wp-content\/uploads\/2021\/07\/elicottero3-1536x1536.jpg 1536w, https:\/\/www.radiopiu.net\/wordpress\/wp-content\/uploads\/2021\/07\/elicottero3-2048x2048.jpg 2048w\" sizes=\"auto, (max-width: 150px) 100vw, 150px\" \/><\/a>\n\t\t\t\t<\/dt><\/dl><dl class='gallery-item'>\n\t\t\t\t<dt class='gallery-icon landscape'>\n\t\t\t\t\t<a class=\"rollover rollover-zoom dt-pswp-item\" title=\"elicottero 2\" data-dt-img-description=\"\" data-large_image_width=\"2560\" data-large_image_height=\"2560\"href='https:\/\/www.radiopiu.net\/wordpress\/wp-content\/uploads\/2021\/07\/elicottero-2-scaled.jpg'><img loading=\"lazy\" decoding=\"async\" width=\"150\" height=\"150\" src=\"https:\/\/www.radiopiu.net\/wordpress\/wp-content\/uploads\/2021\/07\/elicottero-2-150x150.jpg\" class=\"attachment-thumbnail size-thumbnail\" alt=\"\" srcset=\"https:\/\/www.radiopiu.net\/wordpress\/wp-content\/uploads\/2021\/07\/elicottero-2-150x150.jpg 150w, https:\/\/www.radiopiu.net\/wordpress\/wp-content\/uploads\/2021\/07\/elicottero-2-300x300.jpg 300w, https:\/\/www.radiopiu.net\/wordpress\/wp-content\/uploads\/2021\/07\/elicottero-2-1024x1024.jpg 1024w, https:\/\/www.radiopiu.net\/wordpress\/wp-content\/uploads\/2021\/07\/elicottero-2-768x768.jpg 768w, https:\/\/www.radiopiu.net\/wordpress\/wp-content\/uploads\/2021\/07\/elicottero-2-1536x1536.jpg 1536w, https:\/\/www.radiopiu.net\/wordpress\/wp-content\/uploads\/2021\/07\/elicottero-2-2048x2048.jpg 2048w\" sizes=\"auto, (max-width: 150px) 100vw, 150px\" \/><\/a>\n\t\t\t\t<\/dt><\/dl><dl class='gallery-item'>\n\t\t\t\t<dt class='gallery-icon landscape'>\n\t\t\t\t\t<a class=\"rollover rollover-zoom dt-pswp-item\" title=\"elicottero1\" data-dt-img-description=\"\" data-large_image_width=\"2560\" data-large_image_height=\"2560\"href='https:\/\/www.radiopiu.net\/wordpress\/wp-content\/uploads\/2021\/07\/elicottero1-scaled.jpg'><img loading=\"lazy\" decoding=\"async\" width=\"150\" height=\"150\" src=\"https:\/\/www.radiopiu.net\/wordpress\/wp-content\/uploads\/2021\/07\/elicottero1-150x150.jpg\" class=\"attachment-thumbnail size-thumbnail\" alt=\"\" srcset=\"https:\/\/www.radiopiu.net\/wordpress\/wp-content\/uploads\/2021\/07\/elicottero1-150x150.jpg 150w, https:\/\/www.radiopiu.net\/wordpress\/wp-content\/uploads\/2021\/07\/elicottero1-300x300.jpg 300w, https:\/\/www.radiopiu.net\/wordpress\/wp-content\/uploads\/2021\/07\/elicottero1-1024x1024.jpg 1024w, https:\/\/www.radiopiu.net\/wordpress\/wp-content\/uploads\/2021\/07\/elicottero1-768x768.jpg 768w, https:\/\/www.radiopiu.net\/wordpress\/wp-content\/uploads\/2021\/07\/elicottero1-1536x1536.jpg 1536w, https:\/\/www.radiopiu.net\/wordpress\/wp-content\/uploads\/2021\/07\/elicottero1-2048x2048.jpg 2048w\" sizes=\"auto, (max-width: 150px) 100vw, 150px\" \/><\/a>\n\t\t\t\t<\/dt><\/dl><dl class='gallery-item'>\n\t\t\t\t<dt class='gallery-icon portrait'>\n\t\t\t\t\t<a class=\"rollover rollover-zoom dt-pswp-item\" title=\"Elicottero 4\" data-dt-img-description=\"\" data-large_image_width=\"980\" data-large_image_height=\"2016\"href='https:\/\/www.radiopiu.net\/wordpress\/wp-content\/uploads\/2021\/07\/Elicottero-4.jpg'><img loading=\"lazy\" decoding=\"async\" width=\"150\" height=\"150\" src=\"https:\/\/www.radiopiu.net\/wordpress\/wp-content\/uploads\/2021\/07\/Elicottero-4-150x150.jpg\" class=\"attachment-thumbnail size-thumbnail\" alt=\"\" \/><\/a>\n\t\t\t\t<\/dt><\/dl><dl class='gallery-item'>\n\t\t\t\t<dt class='gallery-icon portrait'>\n\t\t\t\t\t<a class=\"rollover rollover-zoom dt-pswp-item\" title=\"Elicottero 5\" data-dt-img-description=\"\" data-large_image_width=\"1200\" data-large_image_height=\"1600\"href='https:\/\/www.radiopiu.net\/wordpress\/wp-content\/uploads\/2021\/07\/Elicottero-5.jpg'><img loading=\"lazy\" decoding=\"async\" width=\"150\" height=\"150\" src=\"https:\/\/www.radiopiu.net\/wordpress\/wp-content\/uploads\/2021\/07\/Elicottero-5-150x150.jpg\" class=\"attachment-thumbnail size-thumbnail\" alt=\"\" \/><\/a>\n\t\t\t\t<\/dt><\/dl><br style=\"clear: both\" \/>\n\t\t\t<\/div>\n\n<p>&nbsp;<\/p><\/blockquote>\n<hr \/>\n<h3><\/h3>\n<blockquote>\n<h3>SUL FIUME SOMMA SONO INIZIATI I LAVORI PER IL RIPRISTINO DELLA SICUREZZA<\/h3>\n<\/blockquote>\n<p><strong><a href=\"https:\/\/www.radiopiu.net\/wordpress\/sul-fiume-somma-sono-iniziati-i-lavori-per-il-ripristino-della-sicurezza\/6449aad7-57d3-4e62-b11c-f6224fcdb602\/\" rel=\"attachment wp-att-223599\"><img loading=\"lazy\" decoding=\"async\" class=\"size-medium wp-image-223599 alignleft\" src=\"https:\/\/www.radiopiu.net\/wordpress\/wp-content\/uploads\/2021\/07\/6449aad7-57d3-4e62-b11c-f6224fcdb602-225x300.jpg\" alt=\"\" width=\"225\" height=\"300\" srcset=\"https:\/\/www.radiopiu.net\/wordpress\/wp-content\/uploads\/2021\/07\/6449aad7-57d3-4e62-b11c-f6224fcdb602-225x300.jpg 225w, https:\/\/www.radiopiu.net\/wordpress\/wp-content\/uploads\/2021\/07\/6449aad7-57d3-4e62-b11c-f6224fcdb602-768x1024.jpg 768w, https:\/\/www.radiopiu.net\/wordpress\/wp-content\/uploads\/2021\/07\/6449aad7-57d3-4e62-b11c-f6224fcdb602-1152x1536.jpg 1152w, https:\/\/www.radiopiu.net\/wordpress\/wp-content\/uploads\/2021\/07\/6449aad7-57d3-4e62-b11c-f6224fcdb602.jpg 1200w\" sizes=\"auto, (max-width: 225px) 100vw, 225px\" \/><\/a>FELTRE\u00a0<\/strong> Sono stati consegnati dagli uffici regionali del Genio Civile di Belluno i lavori di difesa della sponda destra del fiume Sonna allo scopo di ripristinare la funzionalit\u00e0 idraulica della briglia esistente, che risulta attualmente aggirata dal filone della corrente, intervento da 400mila euro. Nel giorno della &#8220;vernice&#8221; l&#8217;interveno dell&#8217;assessore Gianpaolo Bottacin e dei tecnici regionali. Prevista la costruzione di una nuova difesa spondale longitudinale in destra idrografica del fiume Sonna, a valle della confluenza del torrente Colmeda nel torrente Stizzon, mediante la realizzazione di una scogliera in massi <a href=\"https:\/\/www.radiopiu.net\/wordpress\/sul-fiume-somma-sono-iniziati-i-lavori-per-il-ripristino-della-sicurezza\/be395b4e-2a8c-4e83-b92e-3a0ec30cf40a\/\" rel=\"attachment wp-att-223596\"><img loading=\"lazy\" decoding=\"async\" class=\" wp-image-223596 alignright\" src=\"https:\/\/www.radiopiu.net\/wordpress\/wp-content\/uploads\/2021\/07\/be395b4e-2a8c-4e83-b92e-3a0ec30cf40a-e1627035232769-225x300.jpg\" alt=\"\" width=\"190\" height=\"253\" srcset=\"https:\/\/www.radiopiu.net\/wordpress\/wp-content\/uploads\/2021\/07\/be395b4e-2a8c-4e83-b92e-3a0ec30cf40a-e1627035232769-225x300.jpg 225w, https:\/\/www.radiopiu.net\/wordpress\/wp-content\/uploads\/2021\/07\/be395b4e-2a8c-4e83-b92e-3a0ec30cf40a-e1627035232769-768x1024.jpg 768w, https:\/\/www.radiopiu.net\/wordpress\/wp-content\/uploads\/2021\/07\/be395b4e-2a8c-4e83-b92e-3a0ec30cf40a-e1627035232769-1152x1536.jpg 1152w, https:\/\/www.radiopiu.net\/wordpress\/wp-content\/uploads\/2021\/07\/be395b4e-2a8c-4e83-b92e-3a0ec30cf40a-e1627035232769.jpg 1199w\" sizes=\"auto, (max-width: 190px) 100vw, 190px\" \/><\/a>ciclopici della lunghezza di circa 170 metri. Sar\u00e0 poi realizzata\u00a0 la rampa in massi in corrispondenza dell\u2019ala destra della briglia esistente, attualmente aggirata dal filone della corrente, sar\u00e0 ricalibrato\u00a0 l\u2019alveo del Sonna <em>\u201cSempre sul Sonna &#8211; ha detto Bottacin &#8211;\u00a0 abbiamo inoltre in primavera concluso ulteriori lavori di difesa spondale e ripristino funzionale del tratto in localit\u00e0 Canal\u00a0 dove a seguito del maltempo dello scorso dicembre si era verificata una consistente piena con esondazioni a valle della stretta di Anz\u00f9 che ha portato a lavori per 500mila euro&#8221;. <\/em>In relazione al nuovo intervento la conclusione dei lavori, condizioni meteo e imprevisti permettendo, \u00e8 invece prevista entro la fine dell\u2019autunno. <em>\u201cSul Sonna abbiamo poi in programma la manutenzione straordinaria delle difese spondali lesionate in localit\u00e0 Campose &#8211; conclude Bottacin -, ora in fase di progettazione, per un impegno di ulteriori 800mila euro. Con puntualit\u00e0 e precisione prosegue il nostro lavoro di tracciatura, ripristino della sicurezza e aumento della resilienza del territorio\u201d.<\/em><\/p>\n<p>&nbsp;<\/p>\n<hr \/>\n<p>&nbsp;<\/p>\n<blockquote>\n<h2>DOPO 3 ANNI LAVORI IMPORTANTI A MORI, IN UNA SETTIMANA RISOLTO IL PROBLEMA<\/h2>\n<\/blockquote>\n<p><strong>GOSALDO <\/strong>Ercole Della Lucia aggiunge <em>&#8220;Finalmente! \u00a0devo ringraziare la nuova amministrazione con in testa il sindaco e l&#8217;assessore ai lavori pubblici&#8221;<\/em>. Quel tombino che non c&#8217;era aveva portato a conseguenze devastanti per giardino e parte bassa dell&#8217;abitazione come ricorderanno i nostri lettori-ascoltatori.<\/p>\n\n\t\t\t<style type='text\/css'>\n\t\t\t\t#gallery-6 {\n\t\t\t\t\tmargin: auto;\n\t\t\t\t}\n\t\t\t\t#gallery-6 .gallery-item {\n\t\t\t\t\tfloat: left;\n\t\t\t\t\tmargin-top: 10px;\n\t\t\t\t\ttext-align: center;\n\t\t\t\t\twidth: 25%;\n\t\t\t\t}\n\t\t\t\t#gallery-6 img {\n\t\t\t\t\tborder: 2px solid #cfcfcf;\n\t\t\t\t}\n\t\t\t\t#gallery-6 .gallery-caption {\n\t\t\t\t\tmargin-left: 0;\n\t\t\t\t}\n\t\t\t\t\/* see gallery_shortcode() in wp-includes\/media.php *\/\n\t\t\t<\/style>\n\t\t<div id='gallery-6' class='dt-gallery-container gallery galleryid-223529 gallery-columns-4 gallery-size-thumbnail'><dl class='gallery-item'>\n\t\t\t\t<dt class='gallery-icon portrait'>\n\t\t\t\t\t<a class=\"rollover rollover-zoom dt-pswp-item\" title=\"WhatsApp Image 2021-07-23 at 13.34.05 (2)\" data-dt-img-description=\"\" data-large_image_width=\"1200\" data-large_image_height=\"1599\"href='https:\/\/www.radiopiu.net\/wordpress\/wp-content\/uploads\/2021\/07\/WhatsApp-Image-2021-07-23-at-13.34.05-2.jpeg'><img loading=\"lazy\" decoding=\"async\" width=\"150\" height=\"150\" src=\"https:\/\/www.radiopiu.net\/wordpress\/wp-content\/uploads\/2021\/07\/WhatsApp-Image-2021-07-23-at-13.34.05-2-150x150.jpeg\" class=\"attachment-thumbnail size-thumbnail\" alt=\"\" \/><\/a>\n\t\t\t\t<\/dt><\/dl><dl class='gallery-item'>\n\t\t\t\t<dt class='gallery-icon portrait'>\n\t\t\t\t\t<a class=\"rollover rollover-zoom dt-pswp-item\" title=\"WhatsApp Image 2021-07-23 at 13.34.04\" data-dt-img-description=\"\" data-large_image_width=\"1200\" data-large_image_height=\"1599\"href='https:\/\/www.radiopiu.net\/wordpress\/wp-content\/uploads\/2021\/07\/WhatsApp-Image-2021-07-23-at-13.34.04.jpeg'><img loading=\"lazy\" decoding=\"async\" width=\"150\" height=\"150\" src=\"https:\/\/www.radiopiu.net\/wordpress\/wp-content\/uploads\/2021\/07\/WhatsApp-Image-2021-07-23-at-13.34.04-150x150.jpeg\" class=\"attachment-thumbnail size-thumbnail\" alt=\"\" \/><\/a>\n\t\t\t\t<\/dt><\/dl><dl class='gallery-item'>\n\t\t\t\t<dt class='gallery-icon landscape'>\n\t\t\t\t\t<a class=\"rollover rollover-zoom dt-pswp-item\" title=\"WhatsApp Image 2021-07-23 at 13.34.04 (1)\" data-dt-img-description=\"\" data-large_image_width=\"1599\" data-large_image_height=\"1200\"href='https:\/\/www.radiopiu.net\/wordpress\/wp-content\/uploads\/2021\/07\/WhatsApp-Image-2021-07-23-at-13.34.04-1.jpeg'><img loading=\"lazy\" decoding=\"async\" width=\"150\" height=\"150\" src=\"https:\/\/www.radiopiu.net\/wordpress\/wp-content\/uploads\/2021\/07\/WhatsApp-Image-2021-07-23-at-13.34.04-1-150x150.jpeg\" class=\"attachment-thumbnail size-thumbnail\" alt=\"\" \/><\/a>\n\t\t\t\t<\/dt><\/dl><dl class='gallery-item'>\n\t\t\t\t<dt class='gallery-icon landscape'>\n\t\t\t\t\t<a class=\"rollover rollover-zoom dt-pswp-item\" title=\"WhatsApp Image 2021-07-23 at 13.34.05 (1)\" data-dt-img-description=\"\" data-large_image_width=\"1599\" data-large_image_height=\"1200\"href='https:\/\/www.radiopiu.net\/wordpress\/wp-content\/uploads\/2021\/07\/WhatsApp-Image-2021-07-23-at-13.34.05-1.jpeg'><img loading=\"lazy\" decoding=\"async\" width=\"150\" height=\"150\" src=\"https:\/\/www.radiopiu.net\/wordpress\/wp-content\/uploads\/2021\/07\/WhatsApp-Image-2021-07-23-at-13.34.05-1-150x150.jpeg\" class=\"attachment-thumbnail size-thumbnail\" alt=\"\" \/><\/a>\n\t\t\t\t<\/dt><\/dl><br style=\"clear: both\" \/>\n\t\t\t<\/div>\n\n<p><strong>LA STORIA&#8230;. ARTICOLI PUBBLICATI<\/strong><\/p>\n<blockquote class=\"wp-embedded-content\" data-secret=\"hgdJUZv8kK\"><p><a href=\"https:\/\/www.radiopiu.net\/wordpress\/mori-a-renon-di-gosaldo-un-anno-dopo-vaia-dove-sventola-il-tricolore\/\">MORI A RENON DI GOSALDO, UN ANNO DOPO VAIA DOVE SVENTOLA IL TRICOLORE<\/a><\/p><\/blockquote>\n<p><iframe loading=\"lazy\" class=\"wp-embedded-content\" sandbox=\"allow-scripts\" security=\"restricted\" style=\"position: absolute; clip: rect(1px, 1px, 1px, 1px);\" title=\"&#8220;MORI A RENON DI GOSALDO, UN ANNO DOPO VAIA DOVE SVENTOLA IL TRICOLORE&#8221; &#8212; Radio Pi\u00f9\" src=\"https:\/\/www.radiopiu.net\/wordpress\/mori-a-renon-di-gosaldo-un-anno-dopo-vaia-dove-sventola-il-tricolore\/embed\/#?secret=hgdJUZv8kK\" data-secret=\"hgdJUZv8kK\" width=\"600\" height=\"338\" frameborder=\"0\" marginwidth=\"0\" marginheight=\"0\" scrolling=\"no\"><\/iframe><\/p>\n<p>&nbsp;<\/p>\n<p>&nbsp;<\/p>\n<hr \/>\n<p>&nbsp;<\/p>\n<blockquote>\n<h2>UN NUOVO MEZZO PER GLI ALPINI DI SAN TOMASO . . . E NON SOLO<\/h2>\n<\/blockquote>\n<p><a href=\"https:\/\/www.radiopiu.net\/wordpress\/un-nuovo-mezzo-per-gli-alpini-di-san-tomaso-e-non-solo\/67aae720-6253-4cb7-a455-7349685999b4\/\" rel=\"attachment wp-att-223658\"><img loading=\"lazy\" decoding=\"async\" class=\"aligncenter wp-image-223658 \" src=\"https:\/\/www.radiopiu.net\/wordpress\/wp-content\/uploads\/2021\/07\/67aae720-6253-4cb7-a455-7349685999b4.jpg\" alt=\"\" width=\"381\" height=\"286\" srcset=\"https:\/\/www.radiopiu.net\/wordpress\/wp-content\/uploads\/2021\/07\/67aae720-6253-4cb7-a455-7349685999b4.jpg 1600w, https:\/\/www.radiopiu.net\/wordpress\/wp-content\/uploads\/2021\/07\/67aae720-6253-4cb7-a455-7349685999b4-300x225.jpg 300w, https:\/\/www.radiopiu.net\/wordpress\/wp-content\/uploads\/2021\/07\/67aae720-6253-4cb7-a455-7349685999b4-1024x768.jpg 1024w, https:\/\/www.radiopiu.net\/wordpress\/wp-content\/uploads\/2021\/07\/67aae720-6253-4cb7-a455-7349685999b4-768x576.jpg 768w, https:\/\/www.radiopiu.net\/wordpress\/wp-content\/uploads\/2021\/07\/67aae720-6253-4cb7-a455-7349685999b4-1536x1152.jpg 1536w\" sizes=\"auto, (max-width: 381px) 100vw, 381px\" \/><\/a><\/p>\n<p><strong><a href=\"https:\/\/www.radiopiu.net\/wordpress\/il-sindaco-di-san-tomaso-difende-villeggianti-e-proprietari-di-seconde-case\/moreno-de-val-12\/\" rel=\"attachment wp-att-179073\"><img loading=\"lazy\" decoding=\"async\" class=\"wp-image-179073 alignleft\" src=\"https:\/\/www.radiopiu.net\/wordpress\/wp-content\/uploads\/2020\/12\/MORENO-DE-VAL.jpg\" alt=\"\" width=\"105\" height=\"100\" \/><\/a><\/strong><\/p>\n<p>&nbsp;<\/p>\n<p><strong>SAN TOMASO<\/strong>\u00a0 Il Comune di San Tomaso nel rispetto dei programmi elettorali ha consegnato il nuovo pullmino utile per le penne nere in congedo e le altre associazioni del paese<\/p>\n<p><strong>IL SINDACO MORENO DE VAL\u00a0<\/strong><\/p>\n<audio class=\"wp-audio-shortcode\" id=\"audio-223529-5\" preload=\"none\" style=\"width: 100%;\" controls=\"controls\"><source type=\"audio\/mpeg\" src=\"https:\/\/www.radiopiu.net\/wordpress\/wp-content\/uploads\/2021\/07\/MORENO-SANTOMASO.mp3?_=5\" \/><a href=\"https:\/\/www.radiopiu.net\/wordpress\/wp-content\/uploads\/2021\/07\/MORENO-SANTOMASO.mp3\">https:\/\/www.radiopiu.net\/wordpress\/wp-content\/uploads\/2021\/07\/MORENO-SANTOMASO.mp3<\/a><\/audio>\n<p>&nbsp;<\/p>\n<hr \/>\n<p>&nbsp;<\/p>\n<p>&nbsp;<\/p>\n<blockquote>\n<h3><a href=\"https:\/\/www.radiopiu.net\/wordpress\/giornale-radiopiu-24-luglio-2021-direttore-mirko-mezzacasa\/221653818_1207763206318425_6101941180859999642_n\/\" rel=\"attachment wp-att-223701\"><img loading=\"lazy\" decoding=\"async\" class=\" wp-image-223701 alignleft\" src=\"https:\/\/www.radiopiu.net\/wordpress\/wp-content\/uploads\/2021\/07\/221653818_1207763206318425_6101941180859999642_n-300x225.jpg\" alt=\"\" width=\"212\" height=\"159\" srcset=\"https:\/\/www.radiopiu.net\/wordpress\/wp-content\/uploads\/2021\/07\/221653818_1207763206318425_6101941180859999642_n-300x225.jpg 300w, https:\/\/www.radiopiu.net\/wordpress\/wp-content\/uploads\/2021\/07\/221653818_1207763206318425_6101941180859999642_n.jpg 720w\" sizes=\"auto, (max-width: 212px) 100vw, 212px\" \/><\/a>IL\u00a0 BENVENUTO A SERGIO DAI VOLONTARI DI ALLEGHE E CAPRILE<\/h3>\n<\/blockquote>\n<p><strong>ALLEGHE<\/strong>\u00a0 Da pochi giorni il Vigile del Fuoco Volontario Sergio De Vallier \u00e8 operativo e prester\u00e0 servizio nel distaccamento a Caprile. Forze nuove per il\u00a0 gruppo operativo. &#8220;Fare la scelta di servire in un Corpo di Volontari a volte pu\u00f2 essere impegnativo ma vi possiamo garantire che la soddisfazione \u00e8 tanta quando si \u00e8 utili nel momento del bisogno -dicono i colleghi &#8211;\u00a0 a Sergio va un grande in bocca al lupo&#8217; da tutti noi e le congratulazioni per lo splendido risultato raggiunto &#8230;ci si vede sull&#8217; A.P.S&#8221;<\/p>\n<p>&nbsp;<\/p>\n<p>&nbsp;<\/p>\n<p>&nbsp;<\/p>\n<hr \/>\n<p>&nbsp;<\/p>\n<blockquote>\n<h3>CONFARTIGIANATO CON\u00a0 FORZA ITALIA, INCONTRO SUI PROBLEMI DELLA MONTAGNA<\/h3>\n<\/blockquote>\n<p><strong><a href=\"https:\/\/www.radiopiu.net\/wordpress\/giornale-radiopiu-24-luglio-2021-direttore-mirko-mezzacasa\/photo-2021-07-23-13-14-44\/\" rel=\"attachment wp-att-223690\"><img loading=\"lazy\" decoding=\"async\" class=\"size-medium wp-image-223690 alignleft\" src=\"https:\/\/www.radiopiu.net\/wordpress\/wp-content\/uploads\/2021\/07\/PHOTO-2021-07-23-13-14-44-300x225.jpg\" alt=\"\" width=\"300\" height=\"225\" srcset=\"https:\/\/www.radiopiu.net\/wordpress\/wp-content\/uploads\/2021\/07\/PHOTO-2021-07-23-13-14-44-300x225.jpg 300w, https:\/\/www.radiopiu.net\/wordpress\/wp-content\/uploads\/2021\/07\/PHOTO-2021-07-23-13-14-44-1024x768.jpg 1024w, https:\/\/www.radiopiu.net\/wordpress\/wp-content\/uploads\/2021\/07\/PHOTO-2021-07-23-13-14-44-768x576.jpg 768w, https:\/\/www.radiopiu.net\/wordpress\/wp-content\/uploads\/2021\/07\/PHOTO-2021-07-23-13-14-44-1536x1152.jpg 1536w, https:\/\/www.radiopiu.net\/wordpress\/wp-content\/uploads\/2021\/07\/PHOTO-2021-07-23-13-14-44.jpg 1600w\" sizes=\"auto, (max-width: 300px) 100vw, 300px\" \/><\/a>BELLUNO\u00a0<\/strong> Confartigianato Belluno ha incontrato la senatrice di Forza Italia Roberta Toffanin, e il coordinatore provinciale del partito, Dario Scopel. Una visita istituzionale nella sede di Piazzale Resistenza, per affrontare alcune questioni particolarmente care all\u2019associazione artigiani, come la Zes &#8211; Zona economica speciale &#8211; che Confartigianato Belluno da anni porta avanti. Come la riforma del fisco e il \u201cdigital divide\u201d.<em> \u00abLa nostra associazione non pu\u00f2 chiamarsi fuori dalla discussione e non l\u2019ha mai fatto &#8211; spiega la presidente di Confartigianato Belluno, Claudia Scarzanella &#8211; Le imprese artigiane sono sentinelle sul territorio, spesso diventano erogatrici di servizi e presidi che altrimenti molti paesi e frazioni delle \u201cterre alte\u201d non avrebbero&#8221;<\/em> . Il Coordinamento bellunese di Forza Italia si \u00e8 speso da tempo per l\u2019introduzione di una Zona Economica Speciale o, in ogni caso, per l\u2019individuazione di politiche di fiscalit\u00e0 particolare peer i\u00a0 territori <em>&#8220;Solo mettendo a fattor comune ruoli, esperienze e interessi\u00a0 &#8211; sottolinea Dario Scopel &#8211; sar\u00e0 possibile dare al territorio una voce univoca credibile e utile a raggiungere l\u2019obiettivo primario che resta quello della salvaguardia delle nostre comunit\u00e0 anche attraverso lo sviluppo del tessuto economico&#8221;.<\/em> La presidente Scarzanella e il direttore Basso hanno illustrato le criticit\u00e0 che Comuni come quelli montani devono affrontare al di l\u00e0 della crisi. <em>&#8220;Ritengo \u00a0proficuo e utile il confronto avvenuto con Confartigianato Belluno &#8211; il commento della senatrice Toffanin &#8211;\u00a0 Bisogna intervenire con provvedimenti lungimiranti che puntino ad agevolare il lavoro e a favorire con incentivi fiscali le <\/em><em>imprese delle comunit\u00e0 montane&#8221;\u00a0<\/em><\/p>\n<div><\/div>\n<hr \/>\n<p><span style=\"color: #3366ff;\"><strong>\u00a0<\/strong><\/span><\/p>\n<p><span style=\"color: #3366ff;\"><strong><a href=\"https:\/\/www.radiopiu.net\/wordpress\/giornale-radiopiu-03-dicembre-2019-direttore-mirko-mezzacasa\/icona_sindaco\/\" rel=\"attachment wp-att-108460\"><img loading=\"lazy\" decoding=\"async\" class=\"size-medium wp-image-108460 alignleft\" src=\"https:\/\/www.radiopiu.net\/wordpress\/wp-content\/uploads\/2019\/12\/icona_sindaco-225x300.png\" alt=\"\" width=\"225\" height=\"300\" srcset=\"https:\/\/www.radiopiu.net\/wordpress\/wp-content\/uploads\/2019\/12\/icona_sindaco-225x300.png 225w, https:\/\/www.radiopiu.net\/wordpress\/wp-content\/uploads\/2019\/12\/icona_sindaco.png 300w\" sizes=\"auto, (max-width: 225px) 100vw, 225px\" \/><\/a>LA SETTIMANA DEI CONSIGLI COMUNALI<\/strong><\/span><\/p>\n<blockquote>\n<h3>IL SINDACO DA ZANCHE CHIAMA I CONSIGLIERI A RAPPORTO PER LUNEDI&#8217; SERA IN DIRETTA SUI CANALI DI RADIO PIU<\/h3>\n<\/blockquote>\n<p><strong>GOSALDO<\/strong> Il sindaco di Gosaldo Stefano Da Zanche ha convocato il consiglio comunale per luned\u00ec alle 18:30 presso la sede municipale. Sono 4 i punti da discutere tra cui l&#8217;approvazione della proposta di modifica della statuti di ASCA, l&#8217;assestamento al bilancio 2021-2023 e l&#8217;approvazione del documento unico di programmazione semplificata.<\/p>\n<blockquote>\n<h3>MERCOLEDI&#8217;\u00a0 IL CONSIGLIO COMUNALE DI RIVAMONTE, IN DIRETTA SUI CANALI DI RADIO PIU&#8217;<\/h3>\n<\/blockquote>\n<p><strong>RIVAMONTE<\/strong> Il sindaco Nino Deon ha convocato il consiglio comunale per mercoledi 28 luglio alle 19 (diretta sui canali social Facebook e Telegram di RADIO PIU), all\u2019ordine del giorno un unico punto, la variazione di assestamento generale comprendente lo stato di attuazione e il controllo della salvaguardia degli equilibri di bilancio pluriennali 2021-23<\/p>\n<blockquote>\n<h3>MERCOLEDI AL NOF FILO&#8217; CONSIGLIO COMUNALE IN MUNICIPIO<\/h3>\n<\/blockquote>\n<p><strong>ALLEGHE<\/strong> Mercoledi alle 20 consiglio comunale in presenza, l&#8217;ordine del giorno a firma del sindaco Danilo De Toni: variazione al bilancio e modifica piano investimenti; stato di attuazione dei programmi: regolamento contabilit\u00e0; programma triennale lavori pubblici; programma biennale per l&#8217;acquisizione di forniture; approvazione modifiche dello statuto Asca; retifica della delibera approvazione della convenzione con l&#8217;Unione Montana Feltrina per il progetto ristrutturazione palaghiaccio.<\/p>\n<blockquote>\n<h3>GIOVEDI CONSIGLIO COMUNALE IN PRESENZA, SENZA PUBBLICO IN DIRETTA SUI CANALI RADIO PIU<\/h3>\n<\/blockquote>\n<p><strong>AGORDO<\/strong> Giovedi alle 19 in Municipio consiglio comunale, ordine del giorno: salvaguardia degli equilibri-variazioni al bilancio di previsione; mozione al Parlamento per l&#8217;esclusione dei Comuni sotto i 15mila abitanti dai fondi per la rigenerazione urbana; conferimento della cittadinanza onoraria al milite ignoto; Approvazione bilancio dell&#8217;azienda speciale consortile agordina.<\/p>\n<blockquote>\n<h3>VENERDI CONSIGLIERI COMUNALI AL NOF FILO&#8217;<\/h3>\n<\/blockquote>\n<p><strong>CENCENIGHE<\/strong> Nella sede del Municipio al Nof Fil\u00f2 venerdi alle 21 consiglio comunale per l&#8217;approvazione del DUP, variazione al bilancio e approvazione dello statuto Asca.<\/p>\n<blockquote>\n<h3>\u00a0SABATO MATTINA A COLLE SANTA LUCIA<\/h3>\n<\/blockquote>\n<p><strong>COLLE SANTA LUCIA<\/strong> Sabato 31 luglio alle 8 consiglio comunale, argomenti in discussione: variazione al bilancio, revisione statuto Asca, estinzione anticipata prestiti, documento unico di programmazione e comunicazioni del sindaco.<\/p>\n<p>&nbsp;<\/p>\n<hr \/>\n<p>&nbsp;<\/p>\n<blockquote>\n<h3>ASSOCIAZIONE BELLUNESI NEL MONDO INFORMA<\/h3>\n<\/blockquote>\n<h3><strong><a href=\"https:\/\/www.radiopiu.net\/wordpress\/giornale-radiopiu-24-luglio-2021-direttore-mirko-mezzacasa\/sh_green_pass_covid-600x400\/\" rel=\"attachment wp-att-223591\"><img loading=\"lazy\" decoding=\"async\" class=\"wp-image-223591 alignleft\" src=\"https:\/\/www.radiopiu.net\/wordpress\/wp-content\/uploads\/2021\/07\/SH_green_pass_covid-600x400-1-300x200.jpg\" alt=\"\" width=\"146\" height=\"97\" srcset=\"https:\/\/www.radiopiu.net\/wordpress\/wp-content\/uploads\/2021\/07\/SH_green_pass_covid-600x400-1-300x200.jpg 300w, https:\/\/www.radiopiu.net\/wordpress\/wp-content\/uploads\/2021\/07\/SH_green_pass_covid-600x400-1.jpg 600w\" sizes=\"auto, (max-width: 146px) 100vw, 146px\" \/><\/a><\/strong><\/h3>\n<p><strong>BELLUNO<\/strong> Novit\u00e0 sulle misure anti-contagio in vigore in Italia. Dal 6 agosto sar\u00e0 necessaria la Certificazione verde Covid-19 (il cosiddetto \u201cGreen pass\u201d) per accedere a qualsiasi tipo di servizio di ristorazione al tavolo al chiuso, spettacoli, eventi e competizioni sportive, musei, istituti e luoghi di cultura, piscine, palestre, centri benessere, fiere, sagre, convegni e congressi, centri termali, parchi tematici e di divertimento, centri culturali e ricreativi, sale da gioco e casin\u00f2, concorsi pubblici.<\/p>\n<p>&nbsp;<\/p>\n<hr \/>\n<blockquote>\n<h3><\/h3>\n<h3>IL PARCO INCONTRA GLI ALLEVATORI PER PARLARE DELLE PREDAZIONI DEL LUPO<\/h3>\n<\/blockquote>\n<p><strong><a href=\"https:\/\/www.radiopiu.net\/wordpress\/proteggere-i-piccoli-allevamenti-amatoriali-dal-lupo-il-parco-organizza-un-incontro-a-villa-patt-il-15-luglio\/lupo-5\/\" rel=\"attachment wp-att-220371\"><img loading=\"lazy\" decoding=\"async\" class=\"size-medium wp-image-220371 alignleft\" src=\"https:\/\/www.radiopiu.net\/wordpress\/wp-content\/uploads\/2021\/07\/LUPO-300x212.jpg\" alt=\"\" width=\"300\" height=\"212\" srcset=\"https:\/\/www.radiopiu.net\/wordpress\/wp-content\/uploads\/2021\/07\/LUPO-300x212.jpg 300w, https:\/\/www.radiopiu.net\/wordpress\/wp-content\/uploads\/2021\/07\/LUPO-1024x724.jpg 1024w, https:\/\/www.radiopiu.net\/wordpress\/wp-content\/uploads\/2021\/07\/LUPO-768x543.jpg 768w, https:\/\/www.radiopiu.net\/wordpress\/wp-content\/uploads\/2021\/07\/LUPO-1536x1086.jpg 1536w, https:\/\/www.radiopiu.net\/wordpress\/wp-content\/uploads\/2021\/07\/LUPO.jpg 1920w\" sizes=\"auto, (max-width: 300px) 100vw, 300px\" \/><\/a>FELTRE<\/strong> A<span style=\"font-family: Arial, sans-serif;\"><span style=\"font-size: small;\"> Sedico, Parco e Regione del Veneto hanno incontrato allevatori e residenti per illustrare le tecniche e gli strumenti pi\u00f9 efficaci per proteggere gli animali domestici dalle possibili predazioni del lupo e per far conoscere le possibilit\u00e0, a disposizione anche degli allevatori non professionisti, di accesso agli strumenti di prevenzione forniti dalla Pubblica Amministrazione.\u00a0 I<\/span><\/span><span style=\"font-family: Arial, sans-serif;\"><span style=\"font-size: small;\">l biologo Renato Semenzato ha spiegato quali sono le tecniche e gli strumenti da utilizzare per difendere gli animali domestici dal lupo nelle piccole propriet\u00e0 in prossimit\u00e0 delle abitazioni.<\/span><\/span><span style=\"font-family: Arial, sans-serif;\"><span style=\"font-size: small;\"> Sonia Calderola della Regione\u00a0 ha illustrato le attivit\u00e0 regionali per la gestione del lupo e l&#8217;indennizzo dei danni da predazione. Emanuele Pernechele ha descritto le azioni messe in campo dalla Regione del Veneto e le progettualit\u00e0 attuali e future finalizzate al miglioramento della convivenza tra allevamenti di animali domestici e lupo nelle zone montane venete. G<\/span><\/span><span style=\"font-family: Arial, sans-serif;\"><span style=\"font-size: small;\">li allevatori hanno evidenziato gli aspetti critici da considerare e risolvere. Il consigliere provinciale Franco De Bon e Silvia Cestaro consigliere regionale,\u00a0 hanno sottolineato l\u2019importanza delle iniziative pubbliche di informazione e confronto tra le Amministrazioni pubbliche e gli allevatori.\u00a0<\/span><\/span><\/p>\n<p>&nbsp;<\/p>\n<hr \/>\n<p>&nbsp;<\/p>\n<blockquote>\n<h3>I BANDI DELL\u2019UNIONE MONTANA FELTRINA,\u00a0 POSTI DI LAVORO DA AGORDO A PEDAVENA<\/h3>\n<\/blockquote>\n<p><a href=\"https:\/\/www.radiopiu.net\/wordpress\/giornale-radiopiu-22-luglio-2021-direttore-mirko-mezzacasa\/th-166\/\" rel=\"attachment wp-att-223239\"><img loading=\"lazy\" decoding=\"async\" class=\"wp-image-223239 alignleft\" src=\"https:\/\/www.radiopiu.net\/wordpress\/wp-content\/uploads\/2021\/07\/th-16.jpg\" sizes=\"auto, (max-width: 113px) 100vw, 113px\" srcset=\"https:\/\/www.radiopiu.net\/wordpress\/wp-content\/uploads\/2021\/07\/th-16.jpg 300w, https:\/\/www.radiopiu.net\/wordpress\/wp-content\/uploads\/2021\/07\/th-16-150x150.jpg 150w\" alt=\"\" width=\"113\" height=\"113\" \/><\/a><strong>FELTRE<\/strong>\u00a0L\u2019Unione Montana Feltrina ha indetto un concorso pubblico, per soli esami, per la copertura di un posto a tempo pieno e indeterminato, di un collaboratore professionale operaio specializzato, autista di macchine operatrici complesse, presso il servizio tecnico manutentivo del comune di Agordo. Le domande di partecipazione dovranno essere presentate\u00a0 tramite apposita piattaforma dell\u2019Unione Montana Feltrina www.feltrino.bl.it entro il \u00a023 agosto. Con le stesse modalit\u00e0 (scadenza 23 agosto) i Comuni di Feltre, Lamon e Pedavena cercano 5 istruttori categoria C1. Vanno invece presentate entro il 20 agosto le domande per un posto di responsabile del Servizio Associato Urbanistica\/Edilizia<\/p>\n<p>&nbsp;<\/p>\n<p>&nbsp;<\/p>\n<hr \/>\n<p>&nbsp;<\/p>\n<blockquote>\n<p align=\"CENTER\"><span style=\"color: #00000a;\"><span style=\"font-size: large;\"><span lang=\"it-IT\"><b><a href=\"https:\/\/www.radiopiu.net\/wordpress\/la-logica-di-gidoni-non-soddisfa-la-tormen-la-ulss1-dolomiti-intanto-si-fa-sentire-ma-e-servito-larticolo-sulla-stampa\/logo_ulss1-belluno\/\" rel=\"attachment wp-att-50742\"><img loading=\"lazy\" decoding=\"async\" class=\" wp-image-50742 alignright\" src=\"https:\/\/www.radiopiu.net\/wordpress\/wp-content\/uploads\/2018\/06\/logo_Ulss1-Belluno.jpg\" alt=\"\" width=\"83\" height=\"83\" srcset=\"https:\/\/www.radiopiu.net\/wordpress\/wp-content\/uploads\/2018\/06\/logo_Ulss1-Belluno.jpg 190w, https:\/\/www.radiopiu.net\/wordpress\/wp-content\/uploads\/2018\/06\/logo_Ulss1-Belluno-150x150.jpg 150w\" sizes=\"auto, (max-width: 83px) 100vw, 83px\" \/><\/a>Bando per l\u2019affitto di terreni agricoli <\/b><\/span><\/span><\/span><\/p>\n<\/blockquote>\n<p><span style=\"color: #00000a;\"><span style=\"font-size: medium;\"><span lang=\"it-IT\"><strong>BELLUNO<\/strong> E\u2019 stato approvato il bando per la concessione in affitto di alcuni terreni agricoli dell\u2019Ulss Dolomiti. I terreni di propriet\u00e0 dell\u2019Ulss interessati dal bando si trovano nei Comuni di Feltre e Cesiomaggiore. <\/span><\/span><\/span><span style=\"color: #00000a;\"><span style=\"font-size: medium;\"><span lang=\"it-IT\">L\u2019asta si terr\u00e0 il 1 settembre. Le domande vanno inviate entro le ore 13 del 31 agosto 2021 secondo le indicazioni pubblicate sul bando disponibile nel sito <\/span><\/span><\/span><span style=\"color: #000080;\"><span lang=\"it-IT\"><u><a href=\"http:\/\/www.aulss1.veneto.it\/\"><span style=\"color: #00000a;\"><span style=\"font-size: medium;\">www.aulss1.veneto.it<\/span><\/span><\/a><\/u><\/span><\/span><span style=\"color: #00000a;\"><span style=\"font-size: medium;\"><span lang=\"it-IT\"> alla sezione bandi e gare.<\/span><\/span><\/span><\/p>\n<p>&nbsp;<\/p>\n<p>&nbsp;<\/p>\n<hr \/>\n<p>&nbsp;<\/p>\n<blockquote>\n<h3>ARSENIO BLUEPEN&#8230;. &#8220;EBBENE SI, M&#8217;AVETE INCASTRATO&#8221;<\/h3>\n<\/blockquote>\n<h1><span style=\"color: #ff0000;\">IL FINALE<\/span><\/h1>\n<h3><em>&#8220;da un&#8217;idea e in collaborazione&#8230; con il centro estivo delle scuole medie di Agordo&#8221;, Ci sono riusciti i nostri a mettere le mani sul ladro Bluepen che da lunedi ha messo a soqquadro la citt\u00e0, rubando un po&#8217; qua&#8230; e un po&#8217; la&#8230; i commercinati imbestialiti hanno chiesto aiuto ai ragazzi e alle ragazze delle medie, perch\u00e9 nessuno fino ad ieri era riuscito a far scattare le manette&#8230; ma Bluepen si \u00e8 rilassato ed\u00a0 \u00e8 stato&#8230;. gabbato&#8230;.<\/em><\/h3>\n<p><strong>LA SOLUZIONE ALLA RADIO&#8230; AUDIO<\/strong><\/p>\n<audio class=\"wp-audio-shortcode\" id=\"audio-223529-6\" preload=\"none\" style=\"width: 100%;\" controls=\"controls\"><source type=\"audio\/mpeg\" src=\"https:\/\/www.radiopiu.net\/wordpress\/wp-content\/uploads\/2021\/07\/GDB900.mp3?_=6\" \/><a href=\"https:\/\/www.radiopiu.net\/wordpress\/wp-content\/uploads\/2021\/07\/GDB900.mp3\">https:\/\/www.radiopiu.net\/wordpress\/wp-content\/uploads\/2021\/07\/GDB900.mp3<\/a><\/audio>\n<h3><\/h3>\n<blockquote class=\"wp-embedded-content\" data-secret=\"vQXQTmrsCp\"><p><a href=\"https:\/\/www.radiopiu.net\/wordpress\/arspufinal\/\">ARSENIO BLUEPEN&#8230;. &#8220;EBBENE SI, M&#8217;AVETE INCASTRATO&#8221;<\/a><\/p><\/blockquote>\n<p><iframe loading=\"lazy\" class=\"wp-embedded-content\" sandbox=\"allow-scripts\" security=\"restricted\" style=\"position: absolute; clip: rect(1px, 1px, 1px, 1px);\" title=\"&#8220;ARSENIO BLUEPEN&#8230;. &#8220;EBBENE SI, M&#8217;AVETE INCASTRATO&#8221;&#8221; &#8212; Radio Pi\u00f9\" src=\"https:\/\/www.radiopiu.net\/wordpress\/arspufinal\/embed\/#?secret=vQXQTmrsCp\" data-secret=\"vQXQTmrsCp\" width=\"600\" height=\"338\" frameborder=\"0\" marginwidth=\"0\" marginheight=\"0\" scrolling=\"no\"><\/iframe><\/p>\n<p>&nbsp;<\/p>\n<hr \/>\n<blockquote>\n<h2><\/h2>\n<h2>FAMIGLIA ROELLA: \u201cI MAGHI DEI MARMORINI\u201d<\/h2>\n<\/blockquote>\n<p><strong>di RENATO BONA<\/strong><\/p>\n<p>Decisamente preziosa l\u2019attivit\u00e0 di ricerca appassionata che lo scomparso maestro Mario De Nale, fra l\u2019altro un caro amico, ha svolto per poter dare alle stampe (agosto 1978, tipografia Piave Belluno) il libro \u201cPersonaggi illustri dell\u2019Alpago e Ponte nelle Alpi, uscito in occasione del centenario di Placido Fabris ad iniziativa del Centro sociale di educazione permanente di Tambre e dell\u2019Associazione emigranti bellunesi. Infatti ci ha fatto scoprire, fra i tanti, il personaggio Rodolfo Roella (fra l\u2019altro prozio di Rodolfo Sonego \u201cil famoso soggettista e sceneggiatore di Alberto Sordi &#8211; ndr.), la sua vicenda umana, la sua famiglia, i suoi successi imprenditoriali. Detto che abitava nel sestiere di San Polo della citt\u00e0 lagunare e che era nato a Venezia il 9 gennaio 1931, venendo a mancare a Garna d\u2019Alpago il 4 marzo 1911, De Nale ne ricorda cos\u00ec le origini: \u201cUna notte del secolo scorso, rientrando al luogo pio (la ruota di Venezia), per l\u2019inserviente non manc\u00f2 la consueta sorpresa: accanto all\u2019atrio un ricco cestino con dentro un bambinello avvolto in preziose fasce (la madre doveva quindi essere una facoltosa o di nobile casato), che aveva al collo una collana d\u2019ora con una grossa medaglia, era ad attenderlo. Era il nostro personaggio che \u201cdopo qualche giorno fu affidato ad una famiglia di contadini alpagoti di Schiucaz perch\u00e9 lo allevassero dietro compenso, ed ebbe come balia una certa Canei, appartenente ad una famiglia proprietaria di un mulino a Puos\u201d. A questo punto vogliamo richiamare il sito venicecafe.it per rammentare che \u201cla \u2018scafetta\u2019 o ruota degli innocenti a Venezia nota come scafetta della piet\u00e0 era collocata in Riva degli Schiavoni ai piedi del Ponte del Santo Sepolcro. Il 30 maggio 1807 per ordine del governo francese venne sostituita con la ruota che sar\u00e0 abolita dal 1. luglio 1875. Tutto ci\u00f2 che rimane della ruota degli innocenti del monastero della Piet\u00e0 si trova all\u2019inizio della calle della Piet\u00e0, sulla parete destra, e fa ormai parte dell\u2019hotel Metropole. La ruota era un cilindro cavo che ruotava su se stesso. Potevano entrarvi anche bambini e non soltanto neonati. Accanto alla porta tonda \u00e8 murato un altorilievo della Vergine col Bambino. Sotto vi \u00e8 una fessura e una scritta: \u201cofferta agli esposti\u201d. Sul muro della chiesa \u00e8 appesa una targa a ricordo della bolla papale di Paolo III del 1548: \u201cColoro che abbandonano i figli pur avendo le risorse per crescerli saranno maledetti e scomunicati\u201d. Torniamo a Roella per dire con De Nale che \u201ccrebbe sano e robusto, dando prova di ottimo profitto alla scuola elementare, ma anche frequenti segni di ribellione alla prospettiva di una vita di lavoro nei campi. E cos\u00ec in un sereno mattino di luglio il nostro dodicenne anzich\u00e9 recarsi a falciare nel prato, si era dileguato. A tarda sera venne notato su un gradino del Ponte di Rialto a Venezia \u201ctutto preso da singhiozzi stuzzicanti rivoli di lacrime pioveggianti sulle brache\u201d. Molti passanti restarono indifferenti, non cos\u00ec un ignoto impresario di restauri. Alla domanda di questi: perch\u00e9 piangi? Rodolfo rispose secco: \u201cHo fame, sete e sonno e non so dove andare, abito a Schiucaz, in Alpago provincia di Belluno\u2026\u201d. E l\u2019altro a rassicurarlo: \u201cNon affannarti, vieni a casa mia e troverai un bel letto per questa notte e domani si vedr\u00e0\u2026\u201d; la replica: \u201cVengo solo se mi darai anche da mangiare e lavoro\u201d. I due si presero per mano e fu l\u2019inizio, dopo l\u2019avventura, del successo di Rodolfo Roella, che rimase nella casa in calle delle Oche, a San Stin, e alla morte del benefattore &#8211; che tra l\u2019altro lo istru\u00ec nell\u2019arte del marmorino &#8211; ne eredit\u00f2 l\u2019impresa, dove lavorava il celebre stuccatore di Tambre Osvaldo Mazzoran grazie al quale il nostro si specializz\u00f2 nelle decorazioni a stucco e quindi scopr\u00ec e brevett\u00f2 un tipo di stucco e marmorino che poi tramand\u00f2 ai figli. A 18 anni di et\u00e0 torn\u00f2 a Schiucaz per salutare la famiglia che l\u2019aveva ospitato e la balia; divenuto benestante, li aiut\u00f2 nei momenti di bisogno. In paese si fece festa per quel ritorno e nell\u2019occasione conobbe la graziosa sedicenne Agnese Regina Favero (nata a Puos il 25 aprile 1834) \u201cche anche contro la volont\u00e0 dei genitori di lei, spos\u00f2 il 31 gennaio 1853\u201d. All\u2019et\u00e0 di 44 anni frequent\u00f2 l\u2019Accademia dove erano stati i figli prima di lui,De Nale cita un altro momento importante della vita di Rodolfo Roella, che divenne facoltoso \u201canche per aver la moglie ereditato i beni di un ricco zio avvocato; cos\u00ec pot\u00e9 acquistare grandi appezzamenti di terreno e case a Garna, dove stabil\u00ec definitivamente la dimora negli anni della vecchiaia\u201d. Della sua famiglia, che risiedeva nel sestiere San Polo 1304, facevano parte i quattro figli: Filomena Luigia, nata a Venezia come Giuseppe e Marco, quindi Giovanni Davide, nato a Pieve d\u2019Alpago, ma i parenti sostengono che c\u2019era anche il primogenito, Gaetano, nato a Venezia residente nel Sestiere San Polo 2424 con la moglie Teresa Saviane nata a Pieve d\u2019Alpago e i figli Vittorio, Arturo e Amabile. Tutti gli uomini di famiglia Roella parteciparono alla decorazione a marmorino (una decorazione a stucco che tende ad imitare il marmo, generalmente utilizzato quando l\u2019impiego di lastre di marmo risulta troppo oneroso; la tecnica del marmorino come specifica la libera enciclopedia Wikipedia, era conosciuta gi\u00e0 ai tempi dei romani e forse ancora prima come proverebbero alcuni ritrovamenti a Pompei. I risultati col marmorino possono essere talmente realistici da non essere distinti dal marmo naturale &#8211; ndr.) di palazzi, ville, case private e cattedrali in quel di Venezia ed in mezza Europa: Germania, Austria, Polonia, Russia, Cecoslovacchia, Jugoslavia. Olga, la figlia di Giuseppe, ebbe modo di ricordare che durante un viaggio all\u2019estero riusc\u00ec ad ammirare le decorazioni della stazione di Vienna e quelle della Cattedrale di Praga, effettuate dal padre e dagli zii. Prima di concludere restano da citare: Gioacchino Roella, nato a Pieve il 15 novembre 1866 e morto a Treviso il 30 gennaio 1974: decor\u00f2 palazzi, case, chiese, alberghi e locali pubblici a Trieste, Venezia, compreso il Lido, Capodistria, Pola, Parenzo e mirabile risult\u00f2 la decorazione della villa veneta del conte della Zonca ad Arcade di Treviso; fu anche un buon pittore. E Lorenzo Roella: nato a Venezia il 31 marzo 1891: lavor\u00f2 molto specialmente in Germania, Austria, Croazia, Boemia, Polonia e Albania imparando le diverse lingue sicch\u00e9 fu spesso richiesto dagli albergatori di Cortina per fare l\u2019interprete. Sue decorazioni a stucco si possono ammirare in numerose case private, nelle chiese di Loreto (Belluno) e di Gosaldo in Agordino; una sua bella cornice raffigurante 4 calici con fiori, grappoli d\u2019uva, una testa e una colomba \u00e8 nella casa Tonon di Garna d\u2019Alpago; a Padova decor\u00f2 la Basilica del Santo, il Teatro del Corso e vari palazzi. Col marmorino decor\u00f2 le pareti del coro della chiesa di Pieve d\u2019Alpago e la cappella della tomba di Carletto De Cian a Libano di Sedico.<\/p>\n\n\t\t\t<style type='text\/css'>\n\t\t\t\t#gallery-7 {\n\t\t\t\t\tmargin: auto;\n\t\t\t\t}\n\t\t\t\t#gallery-7 .gallery-item {\n\t\t\t\t\tfloat: left;\n\t\t\t\t\tmargin-top: 10px;\n\t\t\t\t\ttext-align: center;\n\t\t\t\t\twidth: 20%;\n\t\t\t\t}\n\t\t\t\t#gallery-7 img {\n\t\t\t\t\tborder: 2px solid #cfcfcf;\n\t\t\t\t}\n\t\t\t\t#gallery-7 .gallery-caption {\n\t\t\t\t\tmargin-left: 0;\n\t\t\t\t}\n\t\t\t\t\/* see gallery_shortcode() in wp-includes\/media.php *\/\n\t\t\t<\/style>\n\t\t<div id='gallery-7' class='dt-gallery-container gallery galleryid-223529 gallery-columns-5 gallery-size-thumbnail'><dl class='gallery-item'>\n\t\t\t\t<dt class='gallery-icon portrait'>\n\t\t\t\t\t<a class=\"rollover rollover-zoom dt-pswp-item\" title=\"221666389_174995261225111_8321490630588984557_n\" data-dt-img-description=\"\" data-large_image_width=\"150\" data-large_image_height=\"247\"href='https:\/\/www.radiopiu.net\/wordpress\/wp-content\/uploads\/2021\/07\/221666389_174995261225111_8321490630588984557_n.jpg'><img loading=\"lazy\" decoding=\"async\" width=\"150\" height=\"150\" src=\"https:\/\/www.radiopiu.net\/wordpress\/wp-content\/uploads\/2021\/07\/221666389_174995261225111_8321490630588984557_n-150x150.jpg\" class=\"attachment-thumbnail size-thumbnail\" alt=\"\" \/><\/a>\n\t\t\t\t<\/dt><\/dl><dl class='gallery-item'>\n\t\t\t\t<dt class='gallery-icon landscape'>\n\t\t\t\t\t<a class=\"rollover rollover-zoom dt-pswp-item\" title=\"221176858_148394797373457_6688869232898664217_n\" data-dt-img-description=\"\" data-large_image_width=\"275\" data-large_image_height=\"206\"href='https:\/\/www.radiopiu.net\/wordpress\/wp-content\/uploads\/2021\/07\/221176858_148394797373457_6688869232898664217_n.jpg'><img loading=\"lazy\" decoding=\"async\" width=\"150\" height=\"150\" src=\"https:\/\/www.radiopiu.net\/wordpress\/wp-content\/uploads\/2021\/07\/221176858_148394797373457_6688869232898664217_n-150x150.jpg\" class=\"attachment-thumbnail size-thumbnail\" alt=\"\" \/><\/a>\n\t\t\t\t<\/dt><\/dl><dl class='gallery-item'>\n\t\t\t\t<dt class='gallery-icon landscape'>\n\t\t\t\t\t<a class=\"rollover rollover-zoom dt-pswp-item\" title=\"221119533_332346521943630_1406460774897766081_n\" data-dt-img-description=\"\" data-large_image_width=\"214\" data-large_image_height=\"159\"href='https:\/\/www.radiopiu.net\/wordpress\/wp-content\/uploads\/2021\/07\/221119533_332346521943630_1406460774897766081_n.png'><img loading=\"lazy\" decoding=\"async\" width=\"150\" height=\"150\" src=\"https:\/\/www.radiopiu.net\/wordpress\/wp-content\/uploads\/2021\/07\/221119533_332346521943630_1406460774897766081_n-150x150.png\" class=\"attachment-thumbnail size-thumbnail\" alt=\"\" \/><\/a>\n\t\t\t\t<\/dt><\/dl><dl class='gallery-item'>\n\t\t\t\t<dt class='gallery-icon landscape'>\n\t\t\t\t\t<a class=\"rollover rollover-zoom dt-pswp-item\" title=\"218814919_4365821826815017_4150989594420724789_n\" data-dt-img-description=\"\" data-large_image_width=\"294\" data-large_image_height=\"206\"href='https:\/\/www.radiopiu.net\/wordpress\/wp-content\/uploads\/2021\/07\/218814919_4365821826815017_4150989594420724789_n.jpg'><img loading=\"lazy\" decoding=\"async\" width=\"150\" height=\"150\" src=\"https:\/\/www.radiopiu.net\/wordpress\/wp-content\/uploads\/2021\/07\/218814919_4365821826815017_4150989594420724789_n-150x150.jpg\" class=\"attachment-thumbnail size-thumbnail\" alt=\"\" \/><\/a>\n\t\t\t\t<\/dt><\/dl><dl class='gallery-item'>\n\t\t\t\t<dt class='gallery-icon portrait'>\n\t\t\t\t\t<a class=\"rollover rollover-zoom dt-pswp-item\" title=\"218673511_353514836363377_3092497708024106032_n\" data-dt-img-description=\"\" data-large_image_width=\"151\" data-large_image_height=\"206\"href='https:\/\/www.radiopiu.net\/wordpress\/wp-content\/uploads\/2021\/07\/218673511_353514836363377_3092497708024106032_n.jpg'><img loading=\"lazy\" decoding=\"async\" width=\"150\" height=\"150\" src=\"https:\/\/www.radiopiu.net\/wordpress\/wp-content\/uploads\/2021\/07\/218673511_353514836363377_3092497708024106032_n-150x150.jpg\" class=\"attachment-thumbnail size-thumbnail\" alt=\"\" \/><\/a>\n\t\t\t\t<\/dt><\/dl><br style=\"clear: both\" \/><dl class='gallery-item'>\n\t\t\t\t<dt class='gallery-icon portrait'>\n\t\t\t\t\t<a class=\"rollover rollover-zoom dt-pswp-item\" title=\"222088304_172239041514808_3211312758534224620_n\" data-dt-img-description=\"\" data-large_image_width=\"150\" data-large_image_height=\"206\"href='https:\/\/www.radiopiu.net\/wordpress\/wp-content\/uploads\/2021\/07\/222088304_172239041514808_3211312758534224620_n.jpg'><img loading=\"lazy\" decoding=\"async\" width=\"150\" height=\"150\" src=\"https:\/\/www.radiopiu.net\/wordpress\/wp-content\/uploads\/2021\/07\/222088304_172239041514808_3211312758534224620_n-150x150.jpg\" class=\"attachment-thumbnail size-thumbnail\" alt=\"\" \/><\/a>\n\t\t\t\t<\/dt><\/dl><dl class='gallery-item'>\n\t\t\t\t<dt class='gallery-icon landscape'>\n\t\t\t\t\t<a class=\"rollover rollover-zoom dt-pswp-item\" title=\"221885415_505508720744250_6484311192606190260_n\" data-dt-img-description=\"\" data-large_image_width=\"261\" data-large_image_height=\"193\"href='https:\/\/www.radiopiu.net\/wordpress\/wp-content\/uploads\/2021\/07\/221885415_505508720744250_6484311192606190260_n.jpg'><img loading=\"lazy\" decoding=\"async\" width=\"150\" height=\"150\" src=\"https:\/\/www.radiopiu.net\/wordpress\/wp-content\/uploads\/2021\/07\/221885415_505508720744250_6484311192606190260_n-150x150.jpg\" class=\"attachment-thumbnail size-thumbnail\" alt=\"\" \/><\/a>\n\t\t\t\t<\/dt><\/dl><dl class='gallery-item'>\n\t\t\t\t<dt class='gallery-icon landscape'>\n\t\t\t\t\t<a class=\"rollover rollover-zoom dt-pswp-item\" title=\"223618298_815287722464024_3840916407523098126_n\" data-dt-img-description=\"\" data-large_image_width=\"300\" data-large_image_height=\"169\"href='https:\/\/www.radiopiu.net\/wordpress\/wp-content\/uploads\/2021\/07\/223618298_815287722464024_3840916407523098126_n.jpg'><img loading=\"lazy\" decoding=\"async\" width=\"150\" height=\"150\" src=\"https:\/\/www.radiopiu.net\/wordpress\/wp-content\/uploads\/2021\/07\/223618298_815287722464024_3840916407523098126_n-150x150.jpg\" class=\"attachment-thumbnail size-thumbnail\" alt=\"\" \/><\/a>\n\t\t\t\t<\/dt><\/dl><dl class='gallery-item'>\n\t\t\t\t<dt class='gallery-icon landscape'>\n\t\t\t\t\t<a class=\"rollover rollover-zoom dt-pswp-item\" title=\"222193875_4199902056767273_7275335378318526061_n\" data-dt-img-description=\"\" data-large_image_width=\"309\" data-large_image_height=\"206\"href='https:\/\/www.radiopiu.net\/wordpress\/wp-content\/uploads\/2021\/07\/222193875_4199902056767273_7275335378318526061_n.jpg'><img loading=\"lazy\" decoding=\"async\" width=\"150\" height=\"150\" src=\"https:\/\/www.radiopiu.net\/wordpress\/wp-content\/uploads\/2021\/07\/222193875_4199902056767273_7275335378318526061_n-150x150.jpg\" class=\"attachment-thumbnail size-thumbnail\" alt=\"\" \/><\/a>\n\t\t\t\t<\/dt><\/dl>\n\t\t\t\t<br style='clear: both' \/>\n\t\t\t<\/div>\n\n<p>NELLE FOTO (riproduzioni dal libro \u201cPersonaggi illustri dell\u2019Alpago e Ponte nelle Alpi\u201d di Mario De Nale; siti wikipedia, venice.cafe.it, telebelluno, tripadvisor): Rodolfo Roella con la moglie ed il figlio Giovanni; una veduta di Schiucaz, in Alpago, dove Roella visse a lungo; la \u201cruota degli innocenti\u201d di Venezia; la Madonna con Bambino nella veneziana calle della Piet\u00e0; targa a ricordo della bolla papale di Paolo III del 1548 contro coloro che abbandonano i figli\u2026; stucchi di cornice di Lorenzo Roella per la casa Tonon di Garna d\u2019Alpago; basilica dei santi Giovanni e Paolo a Venezia; la villa veneta del conte della Zonca ad Arcade di Treviso; esempio di altare in marmorino, Germania 1771.<\/p>\n<p>&nbsp;<\/p>\n<hr \/>\n<p>&nbsp;<\/p>\n<blockquote>\n<h3><span style=\"color: #ff0000;\">DILLO A RADIO PIU&#8217;<\/span><\/h3>\n<p>Le Olimpiadi in tempi di covid<\/p><\/blockquote>\n<p><strong>di Susy Dan_Falcade<\/strong><\/p>\n<p><a href=\"https:\/\/www.radiopiu.net\/wordpress\/giornale-radiopiu-24-luglio-2021-direttore-mirko-mezzacasa\/olimpiadi-di-tokyo\/\" rel=\"attachment wp-att-223740\"><img loading=\"lazy\" decoding=\"async\" class=\"size-medium wp-image-223740 alignleft\" src=\"https:\/\/www.radiopiu.net\/wordpress\/wp-content\/uploads\/2021\/07\/Olimpiadi-di-Tokyo-300x169.jpg\" alt=\"\" width=\"300\" height=\"169\" \/><\/a>In una fantasmagoria di luci e di evanescenti scie colorate che roteano e si inseguono in cielo, hanno preso avvio i Giochi Olimpici di Tokyo 2020. Sono i trentaduesimi dell\u2019era moderna, perch\u00e9 nel conteggio figurano anche quelli che, a causa di eventi bellici, non poterono essere disputati. Il nome \u00e8 rimasto quello, Tokyo 2020, anche se, a causa della pandemia di Covid-19, queste Olimpiadi si svolgono con un anno di ritardo. E l\u2019impatto della pandemia \u00e8 visibile ovunque. Le tribune del grande stadio sono vuote, rappresentazione plastica del vuoto che le vittime, evocate nel discorso inaugurale, hanno lasciato. Non c\u2019\u00e8 pubblico. Nemmeno i familiari degli atleti sono ammessi. Pochissime le personalit\u00e0 presenti, da contare letteralmente sulle dita di una mano. Le coreografie sono eleganti e stilizzate ma semplici. Nulla che ricordi la grandiosit\u00e0 di altre inaugurazioni. L\u2019atmosfera \u00e8 surreale, con gli atleti che sfilano a ranghi ridotti indossando la mascherina e la musica che si fonde con gli applausi degli atleti che applaudono se stessi. E\u2019 tutto cos\u00ec strano, cos\u00ec anomalo. Ma anomalo \u00e8 il tempo che stiamo vivendo e che l\u2019Olimpiade rispecchia, cancellando dalla formula che le inaugura la parola \u201ccelebrazione\u201d, perch\u00e9 non c\u2019\u00e8 nulla, in realt\u00e0, da celebrare, e facendo portare la bandiera del Giappone non solo a vecchie glorie dello sport, ma anche a medici e infermieri, nuovi eroi di questi tempi difficili. Eppure tutto ci\u00f2 non scalfisce il fascino insuperabile delle Olimpiadi, del sogno che ogni atleta, di ogni disciplina, coltiva. E che cattura anche noi che da casa le seguiamo, ci emozioniamo e, perch\u00e9 no, ci commuoviamo quando vediamo issare le bandiere sulle note degli inni nazionali. Il 68% dei giapponesi non le voleva queste Olimpiadi. Non ora, almeno. Non con la pandemia che ancora picchia duro e continua a preoccupare. Pensano che sia una follia farle in questo momento e forse non hanno tutti i torti. Eppure, mai come in questo momento, abbiamo bisogno di quel sogno, di quella \u201ctregua olimpica\u201d che nell\u2019antichit\u00e0 faceva sospendere le guerre per potersi affrontare non nei campi di battaglia, ma in quelli di gioco. Se non si fossero disputate, queste sarebbero state le Olimpiadi della resa. Saranno quelle della resistenza. Nessuno \u00e8 cos\u00ec ingenuo da non sapere che nella scelta di farle, nonostante tutto, ci sono enormi interessi economici. Ma c\u2019\u00e8 anche un forte, innegabile, valore simbolico. Un\u2019idea di resilienza, di ripresa, di rinascita. Di uscita da tempi bui. Ne abbiamo un grande bisogno. Tutto questo le nostre ragazze e i nostri ragazzi si porteranno in gara. A loro il nostro abbraccio e il nostro \u201cin bocca al lupo!\u201d<\/p>\n<p>&nbsp;<\/p>\n<blockquote class=\"wp-embedded-content\" data-secret=\"a8sQiNXylu\"><p><a href=\"https:\/\/www.radiopiu.net\/wordpress\/quattro-eventi-nel-borgo\/\">QUATTRO EVENTI NEL BORGO DI SOTTOGUDA, L&#8217;ESTATE ENTRA NEL VIVO A PALUE<\/a><\/p><\/blockquote>\n<p><iframe loading=\"lazy\" class=\"wp-embedded-content\" sandbox=\"allow-scripts\" security=\"restricted\" style=\"position: absolute; clip: rect(1px, 1px, 1px, 1px);\" title=\"&#8220;QUATTRO EVENTI NEL BORGO DI SOTTOGUDA, L&#8217;ESTATE ENTRA NEL VIVO A PALUE&#8221; &#8212; Radio Pi\u00f9\" src=\"https:\/\/www.radiopiu.net\/wordpress\/quattro-eventi-nel-borgo\/embed\/#?secret=a8sQiNXylu\" data-secret=\"a8sQiNXylu\" width=\"600\" height=\"338\" frameborder=\"0\" marginwidth=\"0\" marginheight=\"0\" scrolling=\"no\"><\/iframe><\/p>\n<p>&nbsp;<\/p>\n<p>&nbsp;<\/p>\n<blockquote class=\"wp-embedded-content\" data-secret=\"tXd2gnFCwW\"><p><a href=\"https:\/\/www.radiopiu.net\/wordpress\/artisti-in-vetrina-la-mostra-a-vetrina-aperta-di-agordo\/\">ARTISTI IN VETRINA. LA MOSTRA A VETRINA APERTA DI AGORDO<\/a><\/p><\/blockquote>\n<p><iframe loading=\"lazy\" class=\"wp-embedded-content\" sandbox=\"allow-scripts\" security=\"restricted\" style=\"position: absolute; clip: rect(1px, 1px, 1px, 1px);\" title=\"&#8220;ARTISTI IN VETRINA. LA MOSTRA A VETRINA APERTA DI AGORDO&#8221; &#8212; Radio Pi\u00f9\" src=\"https:\/\/www.radiopiu.net\/wordpress\/artisti-in-vetrina-la-mostra-a-vetrina-aperta-di-agordo\/embed\/#?secret=tXd2gnFCwW\" data-secret=\"tXd2gnFCwW\" width=\"600\" height=\"338\" frameborder=\"0\" marginwidth=\"0\" marginheight=\"0\" scrolling=\"no\"><\/iframe><\/p>\n<p>&nbsp;<\/p>\n<blockquote class=\"wp-embedded-content\" data-secret=\"DjJB4Ve7cd\"><p><a href=\"https:\/\/www.radiopiu.net\/wordpress\/il-circo-patuf-ritorna-sul-broi-di-agordo\/\">IL CIRCO PATUF RITORNA SUL BROI DI AGORDO<\/a><\/p><\/blockquote>\n<p><iframe loading=\"lazy\" class=\"wp-embedded-content\" sandbox=\"allow-scripts\" security=\"restricted\" style=\"position: absolute; clip: rect(1px, 1px, 1px, 1px);\" title=\"&#8220;IL CIRCO PATUF RITORNA SUL BROI DI AGORDO&#8221; &#8212; Radio Pi\u00f9\" src=\"https:\/\/www.radiopiu.net\/wordpress\/il-circo-patuf-ritorna-sul-broi-di-agordo\/embed\/#?secret=DjJB4Ve7cd\" data-secret=\"DjJB4Ve7cd\" width=\"600\" height=\"338\" frameborder=\"0\" marginwidth=\"0\" marginheight=\"0\" scrolling=\"no\"><\/iframe><\/p>\n<p>&nbsp;<\/p>\n<p>&nbsp;<\/p>\n<hr \/>\n<blockquote>\n<h3><a href=\"https:\/\/www.radiopiu.net\/wordpress\/giornale-radiopiu-24-luglio-2021-direttore-mirko-mezzacasa\/39d92261-97e4-483f-9347-a876f85ada42\/\" rel=\"attachment wp-att-223718\"><img loading=\"lazy\" decoding=\"async\" class=\"wp-image-223718 alignleft\" src=\"https:\/\/www.radiopiu.net\/wordpress\/wp-content\/uploads\/2021\/07\/39d92261-97e4-483f-9347-a876f85ada42-212x300.jpg\" alt=\"\" width=\"123\" height=\"174\" srcset=\"https:\/\/www.radiopiu.net\/wordpress\/wp-content\/uploads\/2021\/07\/39d92261-97e4-483f-9347-a876f85ada42-212x300.jpg 212w, https:\/\/www.radiopiu.net\/wordpress\/wp-content\/uploads\/2021\/07\/39d92261-97e4-483f-9347-a876f85ada42-724x1024.jpg 724w, https:\/\/www.radiopiu.net\/wordpress\/wp-content\/uploads\/2021\/07\/39d92261-97e4-483f-9347-a876f85ada42-768x1086.jpg 768w, https:\/\/www.radiopiu.net\/wordpress\/wp-content\/uploads\/2021\/07\/39d92261-97e4-483f-9347-a876f85ada42-1086x1536.jpg 1086w, https:\/\/www.radiopiu.net\/wordpress\/wp-content\/uploads\/2021\/07\/39d92261-97e4-483f-9347-a876f85ada42.jpg 1131w\" sizes=\"auto, (max-width: 123px) 100vw, 123px\" \/><\/a>CON LE BIBLIOTECHE DELLA VALLE DEL BIOIS E IL COMUNE DI CANALE D&#8217;AGORDO<\/h3>\n<p>Lunedi alle 2045 in sala degli stemmi di via Lotta Francesco Piero Franchi presenta &#8220;Matteo Fiori, il cercatore di orizzonti&#8221; Ingresso libero, uso della mascherina obbligatorio<\/p>\n<p>&nbsp;<\/p>\n<p>&nbsp;<\/p>\n<h3><\/h3>\n<hr \/>\n<h3><\/h3>\n<h3><\/h3>\n<h3>RIAPRE IL MUSEO ETNOGRAFICO DI TAIBON<\/h3>\n<p><strong>dal Corriere delle Alpi, Gianni Santomaso\u00a0\u00a0<\/strong><\/p>\n<audio class=\"wp-audio-shortcode\" id=\"audio-223529-7\" preload=\"none\" style=\"width: 100%;\" controls=\"controls\"><source type=\"audio\/mpeg\" src=\"https:\/\/www.radiopiu.net\/wordpress\/wp-content\/uploads\/2021\/07\/gianni-etnografico.mp3?_=7\" \/><a href=\"https:\/\/www.radiopiu.net\/wordpress\/wp-content\/uploads\/2021\/07\/gianni-etnografico.mp3\">https:\/\/www.radiopiu.net\/wordpress\/wp-content\/uploads\/2021\/07\/gianni-etnografico.mp3<\/a><\/audio>\n<p>&nbsp;<\/p><\/blockquote>\n<p><strong><a href=\"https:\/\/www.radiopiu.net\/wordpress\/riapre-il-museo-etnografico-di-taibon\/museo-etnografico-taibon\/\" rel=\"attachment wp-att-223397\"><img loading=\"lazy\" decoding=\"async\" class=\"size-medium wp-image-223397 alignleft\" src=\"https:\/\/www.radiopiu.net\/wordpress\/wp-content\/uploads\/2021\/07\/museo-etnografico-taibon-300x257.jpg\" alt=\"\" width=\"300\" height=\"257\" srcset=\"https:\/\/www.radiopiu.net\/wordpress\/wp-content\/uploads\/2021\/07\/museo-etnografico-taibon-300x257.jpg 300w, https:\/\/www.radiopiu.net\/wordpress\/wp-content\/uploads\/2021\/07\/museo-etnografico-taibon.jpg 612w\" sizes=\"auto, (max-width: 300px) 100vw, 300px\" \/><\/a>TAIBON<\/strong> Riapre oggi il Museo Etnografico di Taibon Agordino. Un luogo prezioso e storico del paese che si trova accanto al municipio.<\/p>\n<p>&nbsp;<\/p>\n<p>&nbsp;<\/p>\n<p>&nbsp;<\/p>\n<p>&nbsp;<\/p>\n<p>&nbsp;<\/p>\n<p><strong>CHIARA CAU CI PRESENTA LA STORIA DEL MUSEO<\/strong><\/p>\n<audio class=\"wp-audio-shortcode\" id=\"audio-223529-8\" preload=\"none\" style=\"width: 100%;\" controls=\"controls\"><source type=\"audio\/mpeg\" src=\"https:\/\/www.radiopiu.net\/wordpress\/wp-content\/uploads\/2021\/07\/CHIARA-CAU-MUSEO-TAIBON.mp3?_=8\" \/><a href=\"https:\/\/www.radiopiu.net\/wordpress\/wp-content\/uploads\/2021\/07\/CHIARA-CAU-MUSEO-TAIBON.mp3\">https:\/\/www.radiopiu.net\/wordpress\/wp-content\/uploads\/2021\/07\/CHIARA-CAU-MUSEO-TAIBON.mp3<\/a><\/audio>\n<hr \/>\n<p>&nbsp;<\/p>\n<p>&nbsp;<\/p>\n<blockquote>\n<h3 style=\"text-align: left;\" align=\"CENTER\"><span style=\"font-family: Calibri, serif;\"><span style=\"font-size: x-large;\"><b>ESTATE 2021: ED ECCO DI NUOVO I MERCATINI <\/b><\/span><\/span><b style=\"font-size: x-large; font-family: Calibri, serif;\">DELL\u2019ANTIQUARIATO, DEL COLLEZIONISMO, DELL\u2019 USATO \u00a0<\/b><\/h3>\n<\/blockquote>\n<p align=\"JUSTIFY\"><span style=\"font-family: Calibri, serif;\"><span style=\"font-size: large;\"><a href=\"https:\/\/www.radiopiu.net\/wordpress\/giornale-radiopiu-23-luglio-2021-direttore-mirko-mezzacasa\/mercatino-caprile\/\" rel=\"attachment wp-att-223533\"><img loading=\"lazy\" decoding=\"async\" class=\" wp-image-223533 alignleft\" src=\"https:\/\/www.radiopiu.net\/wordpress\/wp-content\/uploads\/2021\/07\/Mercatino-Caprile-200x300.jpg\" alt=\"\" width=\"175\" height=\"263\" srcset=\"https:\/\/www.radiopiu.net\/wordpress\/wp-content\/uploads\/2021\/07\/Mercatino-Caprile-200x300.jpg 200w, https:\/\/www.radiopiu.net\/wordpress\/wp-content\/uploads\/2021\/07\/Mercatino-Caprile-683x1024.jpg 683w, https:\/\/www.radiopiu.net\/wordpress\/wp-content\/uploads\/2021\/07\/Mercatino-Caprile-768x1152.jpg 768w, https:\/\/www.radiopiu.net\/wordpress\/wp-content\/uploads\/2021\/07\/Mercatino-Caprile-1024x1536.jpg 1024w, https:\/\/www.radiopiu.net\/wordpress\/wp-content\/uploads\/2021\/07\/Mercatino-Caprile-1366x2048.jpg 1366w, https:\/\/www.radiopiu.net\/wordpress\/wp-content\/uploads\/2021\/07\/Mercatino-Caprile-scaled.jpg 1707w\" sizes=\"auto, (max-width: 175px) 100vw, 175px\" \/><\/a>Il gruppo trevigiano degli \u201cAmici dell\u2019Antiquariato\u201d in collaborazione con il coordinatore locale Giorgio Fontanive e Ad Agordo Pro Loco organizza gli appuntamenti per gli appassionati delle cose antiche come accade dal 2011. Gli operatori dell\u2019organizzazione saranno attorno al Br\u00f3i e nella caratteristica Contrada S.Marco a Caprile. Il primo appuntamento dei 5 calendarizzati \u00e8 fissato per domani ad <\/span><\/span><span style=\"font-family: Calibri, serif;\"><span style=\"font-size: large;\"><b>Agordo <\/b><\/span><\/span><span style=\"font-family: Calibri, serif;\"><span style=\"font-size: large;\">dalle\u00a0 8 alle 19 in Piazza Libert\u00e0 dove troveranno collocazione oltre una cinquantina di stands; seguiranno <\/span><\/span><span style=\"font-family: Calibri, serif;\"><span style=\"font-size: large;\"><b>Caprile<\/b><\/span><\/span><span style=\"font-family: Calibri, serif;\"><span style=\"font-size: large;\"> (domenica 1\u00b0 agosto e domenica 15 agosto), <\/span><\/span><span style=\"font-family: Calibri, serif;\"><span style=\"font-size: large;\"><b>Agordo <\/b><\/span><\/span><span style=\"font-family: Calibri, serif;\"><span style=\"font-size: large;\">(sabato 7 agosto, <\/span><\/span><span style=\"font-family: Calibri, serif;\"><span style=\"font-size: large;\">gioved\u00ec 12 agosto)<\/span><\/span><span style=\"font-family: Calibri, serif;\"><span style=\"font-size: large;\">. Partecipano all\u2019iniziativa commercianti preparati e selezionati in vari settori di operativit\u00e0: oggettistica d\u2019epoca, mobili, arte e collezionismo cartaceo, libri, medaglistica, piccolo antiquariato, arte, vetreria artistica, ecc. Informazioni sull\u2019effettuazione degli incontri e orari all\u2019Ufficio Turistico di Agordo (0437-62105); all\u2019Ufficio Turistico di Alleghe (0437-523333); al riferimento organizzativo 339 348.8278042; alla mail <a href=\"mailto:giorgiofontanive@virgilio.it\">giorgiofontanive@virgilio.it<\/a>.<\/span><\/span><\/p>\n<p>&nbsp;<\/p>\n<p>&nbsp;<\/p>\n<p>&nbsp;<\/p>\n<hr \/>\n<blockquote>\n<h3><span style=\"color: #000000;\">\u00a0<\/span><\/h3>\n<h3><span style=\"color: #000000;\">I GRANDI ILLUSTRATORI E PUBBLICITARI A MEL PER IL FESTIVAL DELL&#8217;ILLUSTRAZIONE E CINEMA D&#8217;ANIMAZIONE<\/span><\/h3>\n<\/blockquote>\n<div><span style=\"font-family: tahoma, arial, helvetica, sans-serif;\"><strong>BELLUNO<\/strong> Oggi, apre i battenti l\u2019ottava edizione del Festival dell\u2019illustrazione e del cinema d\u2019animazione che come ogni anno si terr\u00e0 all\u2019Aplegallery di Claudio Rossi a Mel (Borgo Valbelluna) in via Tempietto n.15 . La rassegna, con le opere dei maestri dell\u2019illustrazione e del cinema d\u2019animazione e di alcuni artisti locali, rimarr\u00e0 aperta nei giorni di sabato e domenica dalle ore 16:00 alle 19:00 fino al 26 settembre. L\u2019iniziativa \u00e8 promossa dall\u2019Associazione Vivamelio, con ingresso libero.<\/span><\/div>\n<div><\/div>\n<div>\n\n\t\t\t<style type='text\/css'>\n\t\t\t\t#gallery-8 {\n\t\t\t\t\tmargin: auto;\n\t\t\t\t}\n\t\t\t\t#gallery-8 .gallery-item {\n\t\t\t\t\tfloat: left;\n\t\t\t\t\tmargin-top: 10px;\n\t\t\t\t\ttext-align: center;\n\t\t\t\t\twidth: 25%;\n\t\t\t\t}\n\t\t\t\t#gallery-8 img {\n\t\t\t\t\tborder: 2px solid #cfcfcf;\n\t\t\t\t}\n\t\t\t\t#gallery-8 .gallery-caption {\n\t\t\t\t\tmargin-left: 0;\n\t\t\t\t}\n\t\t\t\t\/* see gallery_shortcode() in wp-includes\/media.php *\/\n\t\t\t<\/style>\n\t\t<div id='gallery-8' class='dt-gallery-container gallery galleryid-223529 gallery-columns-4 gallery-size-thumbnail'><dl class='gallery-item'>\n\t\t\t\t<dt class='gallery-icon portrait'>\n\t\t\t\t\t<a class=\"rollover rollover-zoom dt-pswp-item\" title=\"4 mostra mel\" data-dt-img-description=\"\" data-large_image_width=\"1139\" data-large_image_height=\"1600\"href='https:\/\/www.radiopiu.net\/wordpress\/wp-content\/uploads\/2021\/07\/4-mostra-mel.jpg'><img loading=\"lazy\" decoding=\"async\" width=\"150\" height=\"150\" src=\"https:\/\/www.radiopiu.net\/wordpress\/wp-content\/uploads\/2021\/07\/4-mostra-mel-150x150.jpg\" class=\"attachment-thumbnail size-thumbnail\" alt=\"\" \/><\/a>\n\t\t\t\t<\/dt><\/dl><dl class='gallery-item'>\n\t\t\t\t<dt class='gallery-icon landscape'>\n\t\t\t\t\t<a class=\"rollover rollover-zoom dt-pswp-item\" title=\"2 mostra mel\" data-dt-img-description=\"\" data-large_image_width=\"1600\" data-large_image_height=\"1076\"href='https:\/\/www.radiopiu.net\/wordpress\/wp-content\/uploads\/2021\/07\/2-mostra-mel.jpg'><img loading=\"lazy\" decoding=\"async\" width=\"150\" height=\"150\" src=\"https:\/\/www.radiopiu.net\/wordpress\/wp-content\/uploads\/2021\/07\/2-mostra-mel-150x150.jpg\" class=\"attachment-thumbnail size-thumbnail\" alt=\"\" \/><\/a>\n\t\t\t\t<\/dt><\/dl><dl class='gallery-item'>\n\t\t\t\t<dt class='gallery-icon portrait'>\n\t\t\t\t\t<a class=\"rollover rollover-zoom dt-pswp-item\" title=\"3 mostra mel\" data-dt-img-description=\"\" data-large_image_width=\"1145\" data-large_image_height=\"1600\"href='https:\/\/www.radiopiu.net\/wordpress\/wp-content\/uploads\/2021\/07\/3-mostra-mel.jpg'><img loading=\"lazy\" decoding=\"async\" width=\"150\" height=\"150\" src=\"https:\/\/www.radiopiu.net\/wordpress\/wp-content\/uploads\/2021\/07\/3-mostra-mel-150x150.jpg\" class=\"attachment-thumbnail size-thumbnail\" alt=\"\" \/><\/a>\n\t\t\t\t<\/dt><\/dl><dl class='gallery-item'>\n\t\t\t\t<dt class='gallery-icon landscape'>\n\t\t\t\t\t<a class=\"rollover rollover-zoom dt-pswp-item\" title=\"1 mostra Mel\" data-dt-img-description=\"\" data-large_image_width=\"1600\" data-large_image_height=\"1100\"href='https:\/\/www.radiopiu.net\/wordpress\/wp-content\/uploads\/2021\/07\/1-mostra-Mel.jpg'><img loading=\"lazy\" decoding=\"async\" width=\"150\" height=\"150\" src=\"https:\/\/www.radiopiu.net\/wordpress\/wp-content\/uploads\/2021\/07\/1-mostra-Mel-150x150.jpg\" class=\"attachment-thumbnail size-thumbnail\" alt=\"\" \/><\/a>\n\t\t\t\t<\/dt><\/dl><br style=\"clear: both\" \/>\n\t\t\t<\/div>\n\n<p>\u200b<\/p>\n<\/div>\n<hr \/>\n<p>&nbsp;<\/p>\n<blockquote>\n<h3><a href=\"https:\/\/www.radiopiu.net\/wordpress\/riaperta-martedi-la-strada-per-carfon-di-canale-dagordo\/canale-dagordo-bl\/\" rel=\"attachment wp-att-155275\"><img loading=\"lazy\" decoding=\"async\" class=\"wp-image-155275 alignleft\" src=\"https:\/\/www.radiopiu.net\/wordpress\/wp-content\/uploads\/2020\/08\/Canale-dAgordo-BL-225x300.jpg\" alt=\"\" width=\"108\" height=\"144\" srcset=\"https:\/\/www.radiopiu.net\/wordpress\/wp-content\/uploads\/2020\/08\/Canale-dAgordo-BL-225x300.jpg 225w, https:\/\/www.radiopiu.net\/wordpress\/wp-content\/uploads\/2020\/08\/Canale-dAgordo-BL-768x1024.jpg 768w, https:\/\/www.radiopiu.net\/wordpress\/wp-content\/uploads\/2020\/08\/Canale-dAgordo-BL-1152x1536.jpg 1152w, https:\/\/www.radiopiu.net\/wordpress\/wp-content\/uploads\/2020\/08\/Canale-dAgordo-BL-1536x2048.jpg 1536w, https:\/\/www.radiopiu.net\/wordpress\/wp-content\/uploads\/2020\/08\/Canale-dAgordo-BL-scaled.jpg 1920w\" sizes=\"auto, (max-width: 108px) 100vw, 108px\" \/><\/a>CONCERTO PER IL PAPA, DOMANI A CANALE D&#8217;AGORDO CON LE MUSE E LE DOLOMITI E LA MASTERCLASS<\/h3>\n<\/blockquote>\n<p>&nbsp;<\/p>\n<p><strong>ADELISA TABIADON<\/strong><\/p>\n<audio class=\"wp-audio-shortcode\" id=\"audio-223529-9\" preload=\"none\" style=\"width: 100%;\" controls=\"controls\"><source type=\"audio\/mpeg\" src=\"https:\/\/www.radiopiu.net\/wordpress\/wp-content\/uploads\/2021\/07\/muse-papa.mp3?_=9\" \/><a href=\"https:\/\/www.radiopiu.net\/wordpress\/wp-content\/uploads\/2021\/07\/muse-papa.mp3\">https:\/\/www.radiopiu.net\/wordpress\/wp-content\/uploads\/2021\/07\/muse-papa.mp3<\/a><\/audio>\n<p>&nbsp;<\/p>\n<hr \/>\n<p>&nbsp;<\/p>\n<blockquote>\n<h3>DOMANI IL RITORNO DI GOLF RACE-LE LEGGENDE DELLO SPORT\u00a0 NEL RICORDO DI ANDREA<\/h3>\n<\/blockquote>\n<p><strong>CORTINA<\/strong>\u00a0 Domani alle 10 con lo\u00a0Sci club Drusci\u00e9 Cortina incontro con \u00a0atleti ed ex atleti degli sport invernali. L&#8217;iniziativa \u00e8 realizzata in sinergia con la sezione di Belluno di Admo (associazione donatori\u00a0 midollo osseo) presente con uno stand per sensibilizzare alla donazione del midollo nel ricordo di Andrea Puicher Soravia, scomparso qualche mese a causa della leucemia.<\/p>\n<p>&nbsp;<\/p>\n<p>&nbsp;<\/p>\n<hr \/>\n<blockquote>\n<h3><\/h3>\n<h3>\u201c<span style=\"font-family: Calibri, serif;\"><span style=\"font-size: medium;\"><b>1 BIGLIETTO, 3 MATITE\u201d: LA LOTTERIA DI INSIEME SI PU\u00d2 \u00c8 ANCHE ONLINE<\/b><\/span><\/span><\/h3>\n<p><span style=\"font-family: Calibri, serif;\"><span style=\"font-size: medium;\"><i>Il ricavato a sostegno di 3 progetti scolastici a Belluno, in Afghanistan e Uganda<\/i><\/span><\/span><\/p><\/blockquote>\n<p><span style=\"font-family: Calibri, serif;\"><span style=\"font-size: medium;\"><strong><a href=\"https:\/\/www.radiopiu.net\/wordpress\/giornale-radiopiu-21-luglio-2021-direttore-mirko-mezzacasa\/foto-progetti-lotteria-isp-1\/\" rel=\"attachment wp-att-223073\"><img loading=\"lazy\" decoding=\"async\" class=\" wp-image-223073 alignleft\" src=\"https:\/\/www.radiopiu.net\/wordpress\/wp-content\/uploads\/2021\/07\/Foto-progetti-lotteria-ISP-1-300x240.jpg\" alt=\"\" width=\"208\" height=\"166\" srcset=\"https:\/\/www.radiopiu.net\/wordpress\/wp-content\/uploads\/2021\/07\/Foto-progetti-lotteria-ISP-1-300x240.jpg 300w, https:\/\/www.radiopiu.net\/wordpress\/wp-content\/uploads\/2021\/07\/Foto-progetti-lotteria-ISP-1-1024x819.jpg 1024w, https:\/\/www.radiopiu.net\/wordpress\/wp-content\/uploads\/2021\/07\/Foto-progetti-lotteria-ISP-1-768x614.jpg 768w, https:\/\/www.radiopiu.net\/wordpress\/wp-content\/uploads\/2021\/07\/Foto-progetti-lotteria-ISP-1-1536x1229.jpg 1536w, https:\/\/www.radiopiu.net\/wordpress\/wp-content\/uploads\/2021\/07\/Foto-progetti-lotteria-ISP-1.jpg 2000w\" sizes=\"auto, (max-width: 208px) 100vw, 208px\" \/><\/a>BELLUNO<\/strong> Continua la vendita dei biglietti della Lotteria associativa di Insieme si pu\u00f2. \u201c1 biglietto, 3 matite\u201d<\/span><\/span><span style=\"font-family: Calibri, serif;\"><span style=\"font-size: medium;\"> \u00e8 il titolo dell&#8217;iniziativa 2021, proprio perch\u00e9 il ricavato sar\u00e0 destinato al sostegno di 3 progetti scolastici che l\u2019associazione sta realizzando in Provincia di Belluno <\/span><\/span><span style=\"font-family: Calibri, serif;\"><span style=\"font-size: medium;\">I biglietti della Lotteria sono disponibili presso la sede di Insieme si pu\u00f2 in via Vittorio Veneto, 248 a Belluno, aperta dal luned\u00ec al venerd\u00ec ore 8-12 e 15-18 e anche il sabato mattina dalle 9 alle 12. La novit\u00e0 di quest\u2019edizione \u00e8 la possibilit\u00e0 di acquistare comodamente i biglietti anche online, direttamente dal sito dell\u2019associazione www.365giorni.org o tramite il QR code presente sui manifesti dell\u2019iniziativa (l\u2019elenco completo degli esercizi commerciali della Provincia di Belluno dove \u00e8 possibile acquistare i biglietti \u00e8 presente sul sito). <\/span><\/span><span style=\"font-size: medium; font-family: Calibri, serif;\">Il primo premio \u00e8 una bicicletta a pedalata assistita Bottecchia BE36Evo, ma ci sono oltre 50 altri bellissimi premi in palio: una smart tv, due soggiorni, cene, buoni acquisto, prodotti alimentari e tanto altro. Ogni biglietto costa 1 euro. <\/span><span style=\"font-family: Calibri, serif;\"><span style=\"font-size: medium;\">Per ulteriori informazioni si pu\u00f2 chiamare al numero 0437 291298 oppure scrivere una mail a info@365giorni.org<\/span><\/span><\/p>\n<p>&nbsp;<\/p>\n<p>&nbsp;<\/p>\n<hr \/>\n<p>&nbsp;<\/p>\n<blockquote>\n<h3>25 E 26 SETTEMBRE SE DESMONTEGHEA A FALCADE<\/h3>\n<\/blockquote>\n<p><strong>FALCADE<\/strong> \u00c8 in programma per il 25 e 26 settembre &#8220;Se Desmonteghea&#8221;, la festa delle malghe per celebrare la montagna.<\/p>\n\n\t\t\t<style type='text\/css'>\n\t\t\t\t#gallery-9 {\n\t\t\t\t\tmargin: auto;\n\t\t\t\t}\n\t\t\t\t#gallery-9 .gallery-item {\n\t\t\t\t\tfloat: left;\n\t\t\t\t\tmargin-top: 10px;\n\t\t\t\t\ttext-align: center;\n\t\t\t\t\twidth: 33%;\n\t\t\t\t}\n\t\t\t\t#gallery-9 img {\n\t\t\t\t\tborder: 2px solid #cfcfcf;\n\t\t\t\t}\n\t\t\t\t#gallery-9 .gallery-caption {\n\t\t\t\t\tmargin-left: 0;\n\t\t\t\t}\n\t\t\t\t\/* see gallery_shortcode() in wp-includes\/media.php *\/\n\t\t\t<\/style>\n\t\t<div id='gallery-9' class='dt-gallery-container gallery galleryid-223529 gallery-columns-3 gallery-size-medium'><dl class='gallery-item'>\n\t\t\t\t<dt class='gallery-icon landscape'>\n\t\t\t\t\t<a class=\"rollover rollover-zoom dt-pswp-item\" title=\"487fa19e-125d-4094-8db5-2ca28f93d300\" data-dt-img-description=\"\" data-large_image_width=\"600\" data-large_image_height=\"501\"href='https:\/\/www.radiopiu.net\/wordpress\/wp-content\/uploads\/2021\/07\/487fa19e-125d-4094-8db5-2ca28f93d300.jpg'><img loading=\"lazy\" decoding=\"async\" width=\"300\" height=\"251\" src=\"https:\/\/www.radiopiu.net\/wordpress\/wp-content\/uploads\/2021\/07\/487fa19e-125d-4094-8db5-2ca28f93d300-300x251.jpg\" class=\"attachment-medium size-medium\" alt=\"\" srcset=\"https:\/\/www.radiopiu.net\/wordpress\/wp-content\/uploads\/2021\/07\/487fa19e-125d-4094-8db5-2ca28f93d300-300x251.jpg 300w, https:\/\/www.radiopiu.net\/wordpress\/wp-content\/uploads\/2021\/07\/487fa19e-125d-4094-8db5-2ca28f93d300.jpg 600w\" sizes=\"auto, (max-width: 300px) 100vw, 300px\" \/><\/a>\n\t\t\t\t<\/dt><\/dl><dl class='gallery-item'>\n\t\t\t\t<dt class='gallery-icon landscape'>\n\t\t\t\t\t<a class=\"rollover rollover-zoom dt-pswp-item\" title=\"bbe6a6aa-730d-4351-b41b-ac24bd607d93\" data-dt-img-description=\"\" data-large_image_width=\"593\" data-large_image_height=\"395\"href='https:\/\/www.radiopiu.net\/wordpress\/wp-content\/uploads\/2021\/07\/bbe6a6aa-730d-4351-b41b-ac24bd607d93.jpg'><img loading=\"lazy\" decoding=\"async\" width=\"300\" height=\"200\" src=\"https:\/\/www.radiopiu.net\/wordpress\/wp-content\/uploads\/2021\/07\/bbe6a6aa-730d-4351-b41b-ac24bd607d93-300x200.jpg\" class=\"attachment-medium size-medium\" alt=\"\" srcset=\"https:\/\/www.radiopiu.net\/wordpress\/wp-content\/uploads\/2021\/07\/bbe6a6aa-730d-4351-b41b-ac24bd607d93-300x200.jpg 300w, https:\/\/www.radiopiu.net\/wordpress\/wp-content\/uploads\/2021\/07\/bbe6a6aa-730d-4351-b41b-ac24bd607d93.jpg 593w\" sizes=\"auto, (max-width: 300px) 100vw, 300px\" \/><\/a>\n\t\t\t\t<\/dt><\/dl><dl class='gallery-item'>\n\t\t\t\t<dt class='gallery-icon landscape'>\n\t\t\t\t\t<a class=\"rollover rollover-zoom dt-pswp-item\" title=\"f92c15ea-5b0c-4c32-9ded-125b19894648\" data-dt-img-description=\"\" data-large_image_width=\"593\" data-large_image_height=\"395\"href='https:\/\/www.radiopiu.net\/wordpress\/wp-content\/uploads\/2021\/07\/f92c15ea-5b0c-4c32-9ded-125b19894648.jpg'><img loading=\"lazy\" decoding=\"async\" width=\"300\" height=\"200\" src=\"https:\/\/www.radiopiu.net\/wordpress\/wp-content\/uploads\/2021\/07\/f92c15ea-5b0c-4c32-9ded-125b19894648-300x200.jpg\" class=\"attachment-medium size-medium\" alt=\"\" srcset=\"https:\/\/www.radiopiu.net\/wordpress\/wp-content\/uploads\/2021\/07\/f92c15ea-5b0c-4c32-9ded-125b19894648-300x200.jpg 300w, https:\/\/www.radiopiu.net\/wordpress\/wp-content\/uploads\/2021\/07\/f92c15ea-5b0c-4c32-9ded-125b19894648.jpg 593w\" sizes=\"auto, (max-width: 300px) 100vw, 300px\" \/><\/a>\n\t\t\t\t<\/dt><\/dl><br style=\"clear: both\" \/>\n\t\t\t<\/div>\n\n<p>&nbsp;<\/p>\n<hr \/>\n<p>&nbsp;<\/p>\n<h1><span style=\"color: #ff0000;\">\u00a0 <a href=\"https:\/\/www.radiopiu.net\/wordpress\/giornale-radiopiu-23-luglio-2021-direttore-mirko-mezzacasa\/eventi-30-luglio-1-agosto\/\" rel=\"attachment wp-att-223514\"><img loading=\"lazy\" decoding=\"async\" class=\"aligncenter wp-image-223514 \" src=\"https:\/\/www.radiopiu.net\/wordpress\/wp-content\/uploads\/2021\/07\/eventi-30-luglio-1-agosto-724x1024.png\" alt=\"\" width=\"540\" height=\"764\" srcset=\"https:\/\/www.radiopiu.net\/wordpress\/wp-content\/uploads\/2021\/07\/eventi-30-luglio-1-agosto-724x1024.png 724w, https:\/\/www.radiopiu.net\/wordpress\/wp-content\/uploads\/2021\/07\/eventi-30-luglio-1-agosto-212x300.png 212w, https:\/\/www.radiopiu.net\/wordpress\/wp-content\/uploads\/2021\/07\/eventi-30-luglio-1-agosto-768x1086.png 768w, https:\/\/www.radiopiu.net\/wordpress\/wp-content\/uploads\/2021\/07\/eventi-30-luglio-1-agosto-1086x1536.png 1086w, https:\/\/www.radiopiu.net\/wordpress\/wp-content\/uploads\/2021\/07\/eventi-30-luglio-1-agosto.png 1414w\" sizes=\"auto, (max-width: 540px) 100vw, 540px\" \/><\/a><\/span><\/h1>\n<p>&nbsp;<\/p>\n<p>&nbsp;<\/p>\n<hr \/>\n<p>&nbsp;<\/p>\n<blockquote>\n<h3>UN FINE SETTIMANA RICCO DI EVENTI AL MUSEO ALBINO LUCIANI DI CANALE D&#8217;AGORDO<\/h3>\n<\/blockquote>\n<p><strong>CANALE D&#8217;AGORDO <\/strong><span class=\"s1\">Un fine settimana ricco di eventi per il Musal &#8211; Museo Albino Luciani (<a href=\"http:\/\/www.musal.it\/\"><span class=\"s2\">www.musal.it<\/span><\/a>) di Canale d&#8217;Agordo (Belluno). La due giorni inizier\u00e0 oggi con un doppio appuntamento: alle 17.30, presso la Sala Lina Zand\u00f2 del Museo, si terr\u00e0 infatti la presentazione della nuova biografia su don Antonio Della Lucia, arciprete di Canale d&#8217;Agordo dal 1860 al 1898, scritta da Loris Serafini, direttore del Musal, in preparazione al 150\u00b0 anniversario della fondazione della prima latteria cooperativa di Forno di Canale (8 gennaio 1872).\u00a0 A<\/span><span class=\"s3\">lle 21\u00a0 presso la chiesa arcipretale di Canale d&#8217;Agordo si terr\u00e0 invece Per il Papa, concerto vocale sacro in onore di Papa Luciani, con gli artisti della Masterclass Internazionale D<\/span><span class=\"s1\">omani\u00a0 alle 17.30 quando, presso la Casa delle Regole di Canale d&#8217;Agordo, si terr\u00e0 l&#8217;inaugurazione della mostra Illustrissimi del pittore Lucio Groja. La mostra, curata da Dario Fontanive\u00a0 che verr\u00e0 presentata da Loris Serafini (direttore del Musal) con il commento artistico di Erminio Mazzucco, si ispira all&#8217;omonimo libro &#8220;Illustrissimi&#8221; che Albino Luciani pubblic\u00f2 nel 1976 quando era Patriarca di Venezia.<\/span><\/p>\n\n\t\t\t<style type='text\/css'>\n\t\t\t\t#gallery-10 {\n\t\t\t\t\tmargin: auto;\n\t\t\t\t}\n\t\t\t\t#gallery-10 .gallery-item {\n\t\t\t\t\tfloat: left;\n\t\t\t\t\tmargin-top: 10px;\n\t\t\t\t\ttext-align: center;\n\t\t\t\t\twidth: 25%;\n\t\t\t\t}\n\t\t\t\t#gallery-10 img {\n\t\t\t\t\tborder: 2px solid #cfcfcf;\n\t\t\t\t}\n\t\t\t\t#gallery-10 .gallery-caption {\n\t\t\t\t\tmargin-left: 0;\n\t\t\t\t}\n\t\t\t\t\/* see gallery_shortcode() in wp-includes\/media.php *\/\n\t\t\t<\/style>\n\t\t<div id='gallery-10' class='dt-gallery-container gallery galleryid-223529 gallery-columns-4 gallery-size-medium'><dl class='gallery-item'>\n\t\t\t\t<dt class='gallery-icon landscape'>\n\t\t\t\t\t<a class=\"rollover rollover-zoom dt-pswp-item\" title=\"Canale d&#039;Agordo in una foto dei primi anni del Novecento\" data-dt-img-description=\"\" data-large_image_width=\"1028\" data-large_image_height=\"803\"href='https:\/\/www.radiopiu.net\/wordpress\/wp-content\/uploads\/2021\/07\/Canale-dAgordo-in-una-foto-dei-primi-anni-del-Novecento.jpg'><img loading=\"lazy\" decoding=\"async\" width=\"300\" height=\"234\" src=\"https:\/\/www.radiopiu.net\/wordpress\/wp-content\/uploads\/2021\/07\/Canale-dAgordo-in-una-foto-dei-primi-anni-del-Novecento-300x234.jpg\" class=\"attachment-medium size-medium\" alt=\"\" srcset=\"https:\/\/www.radiopiu.net\/wordpress\/wp-content\/uploads\/2021\/07\/Canale-dAgordo-in-una-foto-dei-primi-anni-del-Novecento-300x234.jpg 300w, https:\/\/www.radiopiu.net\/wordpress\/wp-content\/uploads\/2021\/07\/Canale-dAgordo-in-una-foto-dei-primi-anni-del-Novecento-1024x800.jpg 1024w, https:\/\/www.radiopiu.net\/wordpress\/wp-content\/uploads\/2021\/07\/Canale-dAgordo-in-una-foto-dei-primi-anni-del-Novecento-768x600.jpg 768w, https:\/\/www.radiopiu.net\/wordpress\/wp-content\/uploads\/2021\/07\/Canale-dAgordo-in-una-foto-dei-primi-anni-del-Novecento.jpg 1028w\" sizes=\"auto, (max-width: 300px) 100vw, 300px\" \/><\/a>\n\t\t\t\t<\/dt><\/dl><dl class='gallery-item'>\n\t\t\t\t<dt class='gallery-icon portrait'>\n\t\t\t\t\t<a class=\"rollover rollover-zoom dt-pswp-item\" title=\"Don Antonio Della Lucia\" data-dt-img-description=\"\" data-large_image_width=\"432\" data-large_image_height=\"562\"href='https:\/\/www.radiopiu.net\/wordpress\/wp-content\/uploads\/2021\/07\/Don-Antonio-Della-Lucia.jpg'><img loading=\"lazy\" decoding=\"async\" width=\"231\" height=\"300\" src=\"https:\/\/www.radiopiu.net\/wordpress\/wp-content\/uploads\/2021\/07\/Don-Antonio-Della-Lucia-231x300.jpg\" class=\"attachment-medium size-medium\" alt=\"\" srcset=\"https:\/\/www.radiopiu.net\/wordpress\/wp-content\/uploads\/2021\/07\/Don-Antonio-Della-Lucia-231x300.jpg 231w, https:\/\/www.radiopiu.net\/wordpress\/wp-content\/uploads\/2021\/07\/Don-Antonio-Della-Lucia.jpg 432w\" sizes=\"auto, (max-width: 231px) 100vw, 231px\" \/><\/a>\n\t\t\t\t<\/dt><\/dl><dl class='gallery-item'>\n\t\t\t\t<dt class='gallery-icon landscape'>\n\t\t\t\t\t<a class=\"rollover rollover-zoom dt-pswp-item\" title=\"Lucio Groja-mostra\" data-dt-img-description=\"\" data-large_image_width=\"1433\" data-large_image_height=\"1401\"href='https:\/\/www.radiopiu.net\/wordpress\/wp-content\/uploads\/2021\/07\/Lucio-Groja-mostra.jpg'><img loading=\"lazy\" decoding=\"async\" width=\"300\" height=\"293\" src=\"https:\/\/www.radiopiu.net\/wordpress\/wp-content\/uploads\/2021\/07\/Lucio-Groja-mostra-300x293.jpg\" class=\"attachment-medium size-medium\" alt=\"\" srcset=\"https:\/\/www.radiopiu.net\/wordpress\/wp-content\/uploads\/2021\/07\/Lucio-Groja-mostra-300x293.jpg 300w, https:\/\/www.radiopiu.net\/wordpress\/wp-content\/uploads\/2021\/07\/Lucio-Groja-mostra-1024x1001.jpg 1024w, https:\/\/www.radiopiu.net\/wordpress\/wp-content\/uploads\/2021\/07\/Lucio-Groja-mostra-768x751.jpg 768w, https:\/\/www.radiopiu.net\/wordpress\/wp-content\/uploads\/2021\/07\/Lucio-Groja-mostra.jpg 1433w\" sizes=\"auto, (max-width: 300px) 100vw, 300px\" \/><\/a>\n\t\t\t\t<\/dt><\/dl><dl class='gallery-item'>\n\t\t\t\t<dt class='gallery-icon landscape'>\n\t\t\t\t\t<a class=\"rollover rollover-zoom dt-pswp-item\" title=\"Prima Latteria Cooperativa d&#039;Italia\" data-dt-img-description=\"\" data-large_image_width=\"656\" data-large_image_height=\"512\"href='https:\/\/www.radiopiu.net\/wordpress\/wp-content\/uploads\/2021\/07\/Prima-Latteria-Cooperativa-dItalia.jpg'><img loading=\"lazy\" decoding=\"async\" width=\"300\" height=\"234\" src=\"https:\/\/www.radiopiu.net\/wordpress\/wp-content\/uploads\/2021\/07\/Prima-Latteria-Cooperativa-dItalia-300x234.jpg\" class=\"attachment-medium size-medium\" alt=\"\" srcset=\"https:\/\/www.radiopiu.net\/wordpress\/wp-content\/uploads\/2021\/07\/Prima-Latteria-Cooperativa-dItalia-300x234.jpg 300w, https:\/\/www.radiopiu.net\/wordpress\/wp-content\/uploads\/2021\/07\/Prima-Latteria-Cooperativa-dItalia.jpg 656w\" sizes=\"auto, (max-width: 300px) 100vw, 300px\" \/><\/a>\n\t\t\t\t<\/dt><\/dl><br style=\"clear: both\" \/>\n\t\t\t<\/div>\n\n<p>&nbsp;<\/p>\n<blockquote>\n<h3>UNA MOSTRA PER RICORDARE PADRE DOMENICO DE ROCCO<\/h3>\n<\/blockquote>\n<p><strong><a href=\"https:\/\/www.radiopiu.net\/wordpress\/una-mostra-per-ricordare-padre-domenico-de-rocco\/padre-domenico-de-rocco-mostra\/\" rel=\"attachment wp-att-221865\"><img loading=\"lazy\" decoding=\"async\" class=\" wp-image-221865 alignleft\" src=\"https:\/\/www.radiopiu.net\/wordpress\/wp-content\/uploads\/2021\/07\/Padre-Domenico-De-Rocco-Mostra-210x300.jpg\" alt=\"\" width=\"142\" height=\"202\" srcset=\"https:\/\/www.radiopiu.net\/wordpress\/wp-content\/uploads\/2021\/07\/Padre-Domenico-De-Rocco-Mostra-210x300.jpg 210w, https:\/\/www.radiopiu.net\/wordpress\/wp-content\/uploads\/2021\/07\/Padre-Domenico-De-Rocco-Mostra-717x1024.jpg 717w, https:\/\/www.radiopiu.net\/wordpress\/wp-content\/uploads\/2021\/07\/Padre-Domenico-De-Rocco-Mostra-768x1097.jpg 768w, https:\/\/www.radiopiu.net\/wordpress\/wp-content\/uploads\/2021\/07\/Padre-Domenico-De-Rocco-Mostra-1075x1536.jpg 1075w, https:\/\/www.radiopiu.net\/wordpress\/wp-content\/uploads\/2021\/07\/Padre-Domenico-De-Rocco-Mostra-1433x2048.jpg 1433w, https:\/\/www.radiopiu.net\/wordpress\/wp-content\/uploads\/2021\/07\/Padre-Domenico-De-Rocco-Mostra-scaled.jpg 1792w\" sizes=\"auto, (max-width: 142px) 100vw, 142px\" \/><\/a><\/strong><\/p>\n<p>&nbsp;<\/p>\n<p><strong>CANALE D&#8217;AGORDO<\/strong>\u00a0 Per ricordare la figura di Padre Domenico De Rocco il Museo Albino Luciani ha organizzato una mostra:\u00a0 P. Domenico De Rocco (1889-1958) e la Cina,\u00a0 le avventure di un missionario perseguitato nel Sol Levante, un viaggio dalle Dolomiti alla Cina, che attraversa le esperienze missionarie di Matteo Ricci, Martino Martini e Josef Freinademetz e racconta con fascino e curiosit\u00e0 l&#8217;avventura umana e cristiana e missionaria verso l&#8217;Oriente. La mostra rester\u00e0 aperta fino al 31 ottobre con il seguente orario: fino al 12 settembre tutti i giorni 9.00-13.00 e 15.00-19.00. Dal 13 settembre al 31 ottobre: venerd\u00ec, sabato e domenica 9.00-12.00 e 15.00-18.00.<\/p>\n<p>&nbsp;<\/p>\n<p>&nbsp;<\/p>\n<div>\n<hr \/>\n<\/div>\n<div><\/div>\n<div><\/div>\n<div>\n<blockquote>\n<p style=\"text-align: left;\" align=\"CENTER\"><span style=\"font-family: Georgia, serif;\"><span style=\"font-size: medium;\"><b>Arte e Musica tra Pelmo e Civetta. <\/b><\/span><\/span><span style=\"font-family: Georgia, serif;\"><span style=\"font-size: medium;\"><b>Festival Internazionale di Musica Antica\u00a0<\/b><\/span><\/span><\/p>\n<\/blockquote>\n<p><span style=\"font-size: small;\"><strong>VAL DI ZOLDO<\/strong> Al via\u00a0 la IV edizione di <\/span><span style=\"font-size: small;\"><b>Arte e Musica tra Pelmo e Civetta <\/b><\/span><span style=\"font-size: small;\">in programma <\/span><span style=\"font-size: small;\"><b>da oggi al 25 agosto 2021<\/b><\/span><span style=\"font-size: small;\">, con <\/span><span style=\"font-size: small;\"><b>11 concerti<\/b><\/span><span style=\"font-size: small;\"> nelle chiese della valle con la direzione artistica di <\/span><span style=\"font-size: small;\"><b>Andrea Marcon<\/b><\/span><span style=\"font-size: small;\"> e <\/span><span style=\"font-size: small;\"><b>Paolo Da Col<\/b><\/span><span style=\"font-size: small;\">. <\/span><span style=\"font-size: small;\">Le musiche risuoneranno nelle maggiori chiese, sedi di <\/span><span style=\"font-size: small;\"><b>organi di grande interesse storico e artistico,<\/b><\/span><span style=\"font-size: small;\"> con una <\/span><span style=\"font-size: small;\">schiera di giovani esecutori: dagli allievi della Schola Cantorum di Basilea, a quelli del Conservatorio di Verona; da Paolo Tagliamento, ai tanti esecutori di \u2018musica da tasto\u2019 ed altri strumenti, in gran parte vincitori di concorsi internazionali. S<\/span><span style=\"font-size: small;\">ar\u00e0 anche occasione per un commosso tributo a due amici recentemente scomparsi: l\u2019organaro Gustavo Zanin, illustre esponente della gloriosa casa organaria, e il grande organista Liuwe Tamminga, titolare degli strumenti storici della Basilica di San Petronio. <\/span><i style=\"font-size: small;\">Informazioni e note di sala su: www.belcircolo.org\u00a0<\/i><\/p>\n<\/div>\n<p>&nbsp;<\/p>\n<p>&nbsp;<\/p>\n<hr \/>\n<div class=\"mkdf-post-text\">\n<div class=\"mkdf-post-text-inner\">\n<div class=\"mkdf-post-text-main\">\n<p>&nbsp;<\/p>\n<blockquote>\n<h3>TEATRO SOTTO LE STELLE A LONGANO<\/h3>\n<\/blockquote>\n<p><strong><a href=\"https:\/\/www.radiopiu.net\/wordpress\/giornale-radiopiu-15-luglio-2021-direttore-mirko-mezzacasa\/a873dcdf-7d90-4cca-81c0-1386d33bb6b5\/\" rel=\"attachment wp-att-221760\"><img loading=\"lazy\" decoding=\"async\" class=\"wp-image-221760 alignleft\" src=\"https:\/\/www.radiopiu.net\/wordpress\/wp-content\/uploads\/2021\/07\/a873dcdf-7d90-4cca-81c0-1386d33bb6b5-212x300.jpg\" alt=\"\" width=\"136\" height=\"192\" srcset=\"https:\/\/www.radiopiu.net\/wordpress\/wp-content\/uploads\/2021\/07\/a873dcdf-7d90-4cca-81c0-1386d33bb6b5-212x300.jpg 212w, https:\/\/www.radiopiu.net\/wordpress\/wp-content\/uploads\/2021\/07\/a873dcdf-7d90-4cca-81c0-1386d33bb6b5-724x1024.jpg 724w, https:\/\/www.radiopiu.net\/wordpress\/wp-content\/uploads\/2021\/07\/a873dcdf-7d90-4cca-81c0-1386d33bb6b5-768x1086.jpg 768w, https:\/\/www.radiopiu.net\/wordpress\/wp-content\/uploads\/2021\/07\/a873dcdf-7d90-4cca-81c0-1386d33bb6b5-1086x1536.jpg 1086w, https:\/\/www.radiopiu.net\/wordpress\/wp-content\/uploads\/2021\/07\/a873dcdf-7d90-4cca-81c0-1386d33bb6b5.jpg 1131w\" sizes=\"auto, (max-width: 136px) 100vw, 136px\" \/><\/a> <\/strong><\/p>\n<p><strong>\u00a0<\/strong><\/p>\n<p><strong>SEDICO <\/strong>Il Comitato Ricreativo di Longano in collaborazione con l&#8217;Associazione Festeggiamenti Bribano in occasione di San Giacomo, patrono di Bribano, organizzano &#8220;Teatro Sotto Le Stelle&#8221;. Oggi alle 20:30 presso la Casa Comunale di Longano andr\u00e0 in scena &#8220;Sogno Di Una Felice Europa&#8221; scritto e interpretato da Roberto Faoro con le musiche dal vivo di Piero Bolzan. Uno spettacolo teatrale intenso e divertente che racconta tra risate e momenti drammatici le differenza tra nazioni e l&#8217;importanza dell&#8217;integrazione fra popoli. In caso di maltempo la manifestazione sar\u00e0 rinviata ad altra data.<\/p>\n<p>&nbsp;<\/p>\n<p><strong>AI MICROFONI DI RADIO PIU&#8217;, L&#8217;ATTORE ROBERTO FAORO<\/strong><\/p>\n<audio class=\"wp-audio-shortcode\" id=\"audio-223529-10\" preload=\"none\" style=\"width: 100%;\" controls=\"controls\"><source type=\"audio\/mpeg\" src=\"https:\/\/www.radiopiu.net\/wordpress\/wp-content\/uploads\/2021\/07\/roberto-faoro.mp3?_=10\" \/><a href=\"https:\/\/www.radiopiu.net\/wordpress\/wp-content\/uploads\/2021\/07\/roberto-faoro.mp3\">https:\/\/www.radiopiu.net\/wordpress\/wp-content\/uploads\/2021\/07\/roberto-faoro.mp3<\/a><\/audio>\n<p>&nbsp;<\/p>\n<\/div>\n<div class=\"mkdf-post-text-main\">\n<hr \/>\n<p>&nbsp;<\/p>\n<h3>INTE PER ANTER LE VILE<\/h3>\n<p><a href=\"https:\/\/www.radiopiu.net\/wordpress\/giornale-radiopiu-23-luglio-2021-direttore-mirko-mezzacasa\/img-20210722-wa0000\/\" rel=\"attachment wp-att-223492\"><img loading=\"lazy\" decoding=\"async\" class=\"size-medium wp-image-223492 alignleft\" src=\"https:\/\/www.radiopiu.net\/wordpress\/wp-content\/uploads\/2021\/07\/IMG-20210722-WA0000-212x300.jpg\" alt=\"\" width=\"212\" height=\"300\" srcset=\"https:\/\/www.radiopiu.net\/wordpress\/wp-content\/uploads\/2021\/07\/IMG-20210722-WA0000-212x300.jpg 212w, https:\/\/www.radiopiu.net\/wordpress\/wp-content\/uploads\/2021\/07\/IMG-20210722-WA0000-724x1024.jpg 724w, https:\/\/www.radiopiu.net\/wordpress\/wp-content\/uploads\/2021\/07\/IMG-20210722-WA0000-768x1086.jpg 768w, https:\/\/www.radiopiu.net\/wordpress\/wp-content\/uploads\/2021\/07\/IMG-20210722-WA0000-1086x1536.jpg 1086w, https:\/\/www.radiopiu.net\/wordpress\/wp-content\/uploads\/2021\/07\/IMG-20210722-WA0000.jpg 1131w\" sizes=\"auto, (max-width: 212px) 100vw, 212px\" \/><\/a><strong>CENCENIGHE<\/strong> Inter per anter Le vile, ex tempore di pittura tra gli antichi borghi di Cencenighe e San Tomaso, Sabato 31 luglio a Cencenighe, Coi, Villagrande, Tocol di San Tomaso. Con: Valter Bernardi, Marino Bonetta, Valter Comiotto, Silvano Savio, Matteo Bertomoro, Luigi Cadorin, Nicolo&#8217; Dalla Zassa e Valter Savio. Le riproduzioni fotografiche delle opere realizzate nel corso della giornata saranno esposte ad agosto in frazione Tocol di San Tomaso<\/p>\n<p>&nbsp;<\/p>\n<p>&nbsp;<\/p>\n<p>&nbsp;<\/p>\n<p>&nbsp;<\/p>\n<p>&nbsp;<\/p>\n<\/div>\n<p>&nbsp;<\/p>\n<p>&nbsp;<\/p>\n<p>&nbsp;<\/p>\n<p>&nbsp;<\/p>\n<div class=\"mkdf-post-text-main\">\n<hr \/>\n<blockquote>\n<h3><\/h3>\n<h3>LA FERITA E IL DONO, A VILLA PAGANINI A 250 ANNI DALLA FRANA CHE ORIGINO&#8217; IL LAGO<\/h3>\n<\/blockquote>\n<p><strong>ALLEGHE<\/strong> Stasera alle 21, nella splendida cornice di Villa Paganini Ruspoli a Masar\u00e8 di Rocca Pietore sulle sponde del Lago di Alleghe, sar\u00e0 ricordato il 250\u00b0 anno dal distacco della frana che, sbarrando il torrente Cordevole, diede origine al Lago di Alleghe. La serata sar\u00e0 incentrata sullo spettacolo, reading musicale,\u201cLago di Alleghe, LA FERITA E IL DONO\u201d creato e portato in scena dall\u2019attrice e autrice Susanna Cro con le musiche originali eseguite dal vivo dal maestro Diego De Pasqual<\/p>\n<p>&nbsp;<\/p>\n<p>&nbsp;<\/p>\n<hr \/>\n<p>&nbsp;<\/p>\n<blockquote>\n<h3>RITORNA &#8220;ROMANTICAVIOLA&#8221;<\/h3>\n<\/blockquote>\n<p><strong>FALCADE<\/strong> Due appuntamenti per il ritorno di &#8220;RomantiCaviola&#8221;. Oggi dalle 10 alle 20 in Via Lungo Tegosa il mercatino dell&#8217;artigianato locale, prodotti tipici e hobbystica con la mostra della vita rurale della Valle del Biois. Sabato 7 agosto\u00a0 il secondo e ultimo appuntamento con il concerto degli East Sunset in Piazza Pertini dalle 20:30 e alle 22:30 i fuochi d&#8217;artificio.<\/p>\n<p>&nbsp;<\/p>\n<p>&nbsp;<\/p>\n<hr \/>\n<p><strong>\u00a0\u00a0<\/strong><\/p>\n<h3>RITROVARSI IN SINISTRA PIAVE<\/h3>\n<p><strong>LIMANA<\/strong> Prende il via oggi la Rassegna Culturale Estiva \u201cRitrovarsi in Sinistra Piave\u201d, organizzata dalle Amministrazioni Comunali di Limana e di Borgo Valbelluna, con il contributo del BIM Piave ed il Patrocinio della Provincia di Belluno e la collaborazione della locale Pro Loco, a Malga Montegal a Valmorel di Limana. <em>RSP&#8230;let&#8217;s go!\u00a0 Alle<\/em> 17 <em>Concerto di Marco Dal Farra, alle <\/em>\u00a018.15 <em>Concerto del gruppo Strawman &amp; The Jackdaws <\/em>L&#8217;evento si terr\u00e0 nel rispetto delle norme anti Covid-19, posti disponibili 150. Ingresso gratuito, ma per ragioni di sicurezza \u00e8 obbligatoria la prenotazione on line tramite il seguente link <a href=\"https:\/\/forms.gle\/hGwNeoCURQ3oBLd67\">https:\/\/forms.gle\/hGwNeoCURQ3oBLd67<\/a><\/p>\n<p>&nbsp;<\/p>\n<hr \/>\n<blockquote>\n<h3><strong>SERATE DI MONTAGNA IN PRA&#8217; DELA MELIA\u00a0<\/strong><\/h3>\n<\/blockquote>\n<p><strong>SOSPIROLO<\/strong> Domani alle 20.45 al centro ricreativo Pr\u00e0 de la Melia storie di alpinismo &#8220;i guardiani del Nanga&#8221;, di Gioia Battista per la regia di Stefano Scherini con Nicola Ciaffoni. Lunedi alla stessa ora serata di montagna con video e multivisioni, &#8220;Mari di Stua Alta&#8221; con Lorella De Bon, Paolo Colombera,\u00a0 Silvana Vignaga e Camilla., &#8220;Omaggio a Bruno Tolot&#8221; con Ivan Da Col e Marco Cassol e &#8220;illuminiamo&#8221; con Ezio Bacchetti, Fausto de Poi, Ivan Da Col, Marco Cassol, Paolo Paganin, Fabio Dal Pan, Matia Pioggia, Elia e Giacomo Moro.<\/p>\n<p>&nbsp;<\/p>\n<hr \/>\n<p>&nbsp;<\/p>\n<blockquote>\n<h3>LUCA MERCALLI PRESENTA IL SUO LIBRO A SAN GREGORIO NELLE ALPI<\/h3>\n<\/blockquote>\n<p><strong>SAN GREGORIO NELLE ALPI <\/strong>Lunedi\u00a0 26 luglio 2021 alle ore 17.00 in Piazza del Municipio a San Gregorio nelle Alpi\u00a0 Luca Mercalli presenter\u00e0 il suo libro \u201cSalire in montagna\u201d. Organizzazione a cura della Consulta Giovani, della Pro Loco e del Comune di San Gregorio nelle Alpi.<\/p>\n<p>&nbsp;<\/p>\n<p>&nbsp;<\/p>\n<hr \/>\n<p>&nbsp;<\/p>\n<blockquote>\n<h3>FILARMONICA 1867 IN NEVEGAL<\/h3>\n<p><strong>BELLUNO\u00a0<\/strong>Oggi <span style=\"font-family: Verdana, sans-serif;\"><span style=\"font-size: small;\">ll concerto al Santuario\u00a0 del Nevegal dalle 21 con ingresso gratuito. Sul palco<\/span><\/span> la Filarmonica Di Belluno 1867 che <span style=\"color: #222222;\"><span style=\"font-family: Verdana, sans-serif;\"><span style=\"font-size: small;\"><span style=\"color: #000000;\">proporr\u00e0 un ricco e articolato programma musicale; la prima parte dello spettacolo sar\u00e0 caratterizzata dalle esibizioni\u00a0di alcuni gruppi di musica da camera nati in seno alla Filarmonica, mentre nella seconda parte la Filarmonica a pieno organico presenter\u00e0 brani di musica originale\u00a0per orchestra di fiati, arrangiamenti\u00a0di musica classica e colonne sonore. La direzione musicale sar\u00e0 affidata ai maestri Sandro De Marchi e Andrea Gasperin.<\/span><\/span><\/span><\/span><\/p><\/blockquote>\n<p>&nbsp;<\/p>\n<hr \/>\n<p>&nbsp;<\/p>\n<blockquote>\n<h3><a href=\"https:\/\/www.radiopiu.net\/wordpress\/giornale-radiopiu-20-luglio-2021-direttore-mirko-mezzacasa\/10364118_706292326103957_4699429107244899270_n-2\/\" rel=\"attachment wp-att-222816\"><img loading=\"lazy\" decoding=\"async\" class=\"wp-image-222816 alignleft\" src=\"https:\/\/www.radiopiu.net\/wordpress\/wp-content\/uploads\/2021\/07\/10364118_706292326103957_4699429107244899270_n-216x300.jpg\" alt=\"\" width=\"135\" height=\"188\" srcset=\"https:\/\/www.radiopiu.net\/wordpress\/wp-content\/uploads\/2021\/07\/10364118_706292326103957_4699429107244899270_n-216x300.jpg 216w, https:\/\/www.radiopiu.net\/wordpress\/wp-content\/uploads\/2021\/07\/10364118_706292326103957_4699429107244899270_n.jpg 425w\" sizes=\"auto, (max-width: 135px) 100vw, 135px\" \/><\/a>FINE SETTIMANA CON IL CIRCOLO CULTURALE AGORDINO, IN SALA DON TAMIS<\/h3>\n<\/blockquote>\n<p><strong>OGGI<\/strong> ALLE 17.30\u00a0 &#8220;La natura, l&#8217;uomo e la storia&#8221;, come raccontare il territorio oggi e come \u00e8 stato narrato da Mariannina Del Din Dall&#8217;Armi, Presentazione della ristampa di &#8220;Dissesti idrogeologici ed eventi calamitosi dell&#8217;Agordino dal 1000 al 1966&#8221;. Inververranno: il geologo\u00a0 Vittorio Fenti; la ricercatrice dell&#8217;Universit\u00e0 C\u00e0 Foscari di Venezia Sara Luchetta; il presidente GDS Dolomiti Manolo Piat. Verr\u00e0 proiettato\u00a0 il filmato storico del &#8220;Floc&#8221;, l&#8217;alluvione del 1966 a La Valle recuperato e riproposto\u00a0 da Pino Sento con Adriano Bianchi. <span style=\"font-family: Arial, sans-serif;\">A trentacinque anni dalla sua pubblicazione, il Circolo Culturale Agordino si \u00e8 impegnato nella ristampa del volume scritto da Mariannina Del Din Dall\u2019Armi. \u00a0Il tema centrale dell\u2019evento non sar\u00e0 il libro ristampato, che rimarr\u00e0 comunque sempre il filo conduttore della serata, ma il valore aggiunto che la ricerca storica, scientifica e l\u2019intento divulgativo della pubblicistica locale possano dare nel far conoscere, ad un pubblico ampio e poco esperto, eventi complessi come il rapporto tra ambiente naturale e uomo. <\/span><\/p>\n<p>&nbsp;<\/p>\n<hr \/>\n<p>&nbsp;<\/p>\n<blockquote>\n<h3>CON IL CLUB ALPINO ITALIANO A MONDEVAL<\/h3>\n<p><strong>AGORDO<\/strong> Domani escursione di alpinismo giovanile nel gruppo Croda da Lago-Cernera. Ritrovo alle 8.30 al parcheggio di Passo Giau, tempo 5-6 ore, dislivello 400 metri.\u00a0 Info 3806983040.<\/p><\/blockquote>\n<p>&nbsp;<\/p>\n<hr \/>\n<p>&nbsp;<\/p>\n<blockquote>\n<h3>&#8220;NATURA E AVVENTURA CON LA PRO LOCO MONTI DEL SOLE<\/h3>\n<\/blockquote>\n<p><strong>SOSPIROLO<\/strong> Domani spazio allo spettacolo teatrale&#8221;I guardiani del Nanga. Storie di (stra)ordinario alpinismo&#8221; di Gioia Battista, regia Stefano Scherini, con Nicola Ciaffoni. \u00a0&#8220;Oltre i Feruch 2021&#8243; (quarta edizione) d\u00e0 appuntamento luned\u00ec 26 luglio alle 20.45 con la serata di montagna con video e multivisioni. Nella scaletta \u201cMari di Stua Alta. Una storia dimenticata del mondo femminile in Val del Mis&#8221; con Lorella De Bon, Paolo Colombera, Silvana Vignaga e Camilla.<\/p>\n<p>&nbsp;<\/p>\n<p>&nbsp;<\/p>\n<div class=\"mkdf-post-text\">\n<div class=\"mkdf-post-text-inner\">\n<div class=\"mkdf-post-text-main\">\n<div class=\"mkdf-post-text\">\n<div class=\"mkdf-post-text-inner\">\n<div class=\"mkdf-post-text-main\">\n<div class=\"page-title-head hgroup\">\n<div class=\"page-title-head hgroup\">\n<div class=\"page-title-breadcrumbs\">\n<hr \/>\n<p>&nbsp;<\/p>\n<p>&nbsp;<\/p>\n<h1><\/h1>\n<h2><strong><a href=\"https:\/\/www.radiopiu.net\/wordpress\/il-circo-patuf-ritorna-sul-broi-di-agordo\/circo-patuf-5\/\" rel=\"attachment wp-att-223392\"><img loading=\"lazy\" decoding=\"async\" class=\"size-medium wp-image-223392 alignleft\" src=\"https:\/\/www.radiopiu.net\/wordpress\/wp-content\/uploads\/2021\/07\/CIRCO-PATUF-300x200.jpg\" alt=\"\" width=\"300\" height=\"200\" srcset=\"https:\/\/www.radiopiu.net\/wordpress\/wp-content\/uploads\/2021\/07\/CIRCO-PATUF-300x200.jpg 300w, https:\/\/www.radiopiu.net\/wordpress\/wp-content\/uploads\/2021\/07\/CIRCO-PATUF-1024x683.jpg 1024w, https:\/\/www.radiopiu.net\/wordpress\/wp-content\/uploads\/2021\/07\/CIRCO-PATUF-768x512.jpg 768w, https:\/\/www.radiopiu.net\/wordpress\/wp-content\/uploads\/2021\/07\/CIRCO-PATUF-1536x1024.jpg 1536w, https:\/\/www.radiopiu.net\/wordpress\/wp-content\/uploads\/2021\/07\/CIRCO-PATUF.jpg 1920w\" sizes=\"auto, (max-width: 300px) 100vw, 300px\" \/><\/a><\/strong><span style=\"color: #ff6600;\">IL CIRCO PATUF RITORNA SUL BROI DI AGORDO<\/span><\/h2>\n<p><strong>di Claudio Fontanive<\/strong><\/p>\n<audio class=\"wp-audio-shortcode\" id=\"audio-223529-11\" preload=\"none\" style=\"width: 100%;\" controls=\"controls\"><source type=\"audio\/mpeg\" src=\"https:\/\/www.radiopiu.net\/wordpress\/wp-content\/uploads\/2021\/07\/circo-patuf-22-luglio.mp3?_=11\" \/><a href=\"https:\/\/www.radiopiu.net\/wordpress\/wp-content\/uploads\/2021\/07\/circo-patuf-22-luglio.mp3\">https:\/\/www.radiopiu.net\/wordpress\/wp-content\/uploads\/2021\/07\/circo-patuf-22-luglio.mp3<\/a><\/audio>\n<p>&nbsp;<\/p>\n<p>&nbsp;<\/p>\n<hr \/>\n<h3><strong>\u00a0<\/strong><\/h3>\n<h3><strong>&#8220;I MISTERI DI ALLEGHE DI SERGIO SAVIANE&#8221; ALLA RADIO CON L&#8217;ATTORE ROBERTO FAORO . . . OGNI GIORNO DAL LUNEDI AL VENERDI ALLE 15.30\u00a0\u00a0<\/strong><\/h3>\n<p><em><a href=\"https:\/\/www.radiopiu.net\/wordpress\/i-misteri-di-alleghe-alla-radio\/th-156\/\" rel=\"attachment wp-att-221036\"><img loading=\"lazy\" decoding=\"async\" class=\"wp-image-221036 alignleft\" src=\"https:\/\/www.radiopiu.net\/wordpress\/wp-content\/uploads\/2021\/07\/th-6.jpg\" alt=\"\" width=\"119\" height=\"147\" \/><\/a>&#8220;Piacere, sono Roberto Faoro poliedrico attore, drammaturgo e regista italiano&#8221;. <\/em><\/p>\n<p>Esperienza, professionalit\u00e0 e passione per il mondo dell\u2019arte e della recitazione sono le tre parole chiave che fanno di Roberto Faoro un attore, drammaturgo, regista e formatore molto conosciuto e apprezzato nel territorio delle Dolomiti Bellunesi, ma anche a livello nazionale.<\/p>\n<p><strong>10\u00aa PUNTATA<\/strong><\/p>\n<audio class=\"wp-audio-shortcode\" id=\"audio-223529-12\" preload=\"none\" style=\"width: 100%;\" controls=\"controls\"><source type=\"audio\/mpeg\" src=\"https:\/\/www.radiopiu.net\/wordpress\/wp-content\/uploads\/2021\/07\/MUVE.mp3?_=12\" \/><a href=\"https:\/\/www.radiopiu.net\/wordpress\/wp-content\/uploads\/2021\/07\/MUVE.mp3\">https:\/\/www.radiopiu.net\/wordpress\/wp-content\/uploads\/2021\/07\/MUVE.mp3<\/a><\/audio>\n<p>&nbsp;<\/p>\n<blockquote class=\"wp-embedded-content\" data-secret=\"RPOaDJi3dS\"><p><a href=\"https:\/\/www.radiopiu.net\/wordpress\/i-misteri-di-alleghe-di-sergio-saviane-alla-radio-con-lattore-roberto-faoro-il-podcast\/\">&#8220;I MISTERI DI ALLEGHE DI SERGIO SAVIANE&#8221; ALLA RADIO CON L&#8217;ATTORE ROBERTO FAORO &#8211; IL PODCAST<\/a><\/p><\/blockquote>\n<p><iframe loading=\"lazy\" class=\"wp-embedded-content\" sandbox=\"allow-scripts\" security=\"restricted\" style=\"position: absolute; clip: rect(1px, 1px, 1px, 1px);\" title=\"&#8220;&#8220;I MISTERI DI ALLEGHE DI SERGIO SAVIANE&#8221; ALLA RADIO CON L&#8217;ATTORE ROBERTO FAORO &#8211; IL PODCAST&#8221; &#8212; Radio Pi\u00f9\" src=\"https:\/\/www.radiopiu.net\/wordpress\/i-misteri-di-alleghe-di-sergio-saviane-alla-radio-con-lattore-roberto-faoro-il-podcast\/embed\/#?secret=RPOaDJi3dS\" data-secret=\"RPOaDJi3dS\" width=\"600\" height=\"338\" frameborder=\"0\" marginwidth=\"0\" marginheight=\"0\" scrolling=\"no\"><\/iframe><\/p>\n<p>&nbsp;<\/p>\n<hr \/>\n<p>&nbsp;<\/p>\n<div class=\"mkdf-post-text\">\n<div class=\"mkdf-post-text-inner\">\n<div class=\"mkdf-post-text-main\">\n<div class=\"mkdf-post-text\">\n<div class=\"mkdf-post-text-inner\">\n<div class=\"mkdf-post-text-main\">\n<div class=\"page-title-head hgroup\">\n<div class=\"page-title-head hgroup\">\n<blockquote>\n<h2><span style=\"color: #800080;\">I PROFESSIONISTI DEL POLIAMBULATORIO AGORDINO RISPONDONO<\/span><\/h2>\n<\/blockquote>\n<p><strong><a href=\"https:\/\/www.radiopiu.net\/wordpress\/giornale-radiopiu-14-gennaio-2020-direttore-mirko-mezzacasa-2\/download-779\/\" rel=\"attachment wp-att-122022\"><img loading=\"lazy\" decoding=\"async\" class=\"size-full wp-image-122022 alignleft\" src=\"https:\/\/www.radiopiu.net\/wordpress\/wp-content\/uploads\/2020\/03\/download-25.jpg\" alt=\"\" width=\"259\" height=\"194\" \/><\/a>PUNTATA 05 &#8211; 21 LUGLIO 2021<\/strong><\/p>\n<audio class=\"wp-audio-shortcode\" id=\"audio-223529-13\" preload=\"none\" style=\"width: 100%;\" controls=\"controls\"><source type=\"audio\/mpeg\" src=\"https:\/\/www.radiopiu.net\/wordpress\/wp-content\/uploads\/2021\/07\/21-LUGLIO-DAL-BO-PROGRAMMA-POLI.mp3?_=13\" \/><a href=\"https:\/\/www.radiopiu.net\/wordpress\/wp-content\/uploads\/2021\/07\/21-LUGLIO-DAL-BO-PROGRAMMA-POLI.mp3\">https:\/\/www.radiopiu.net\/wordpress\/wp-content\/uploads\/2021\/07\/21-LUGLIO-DAL-BO-PROGRAMMA-POLI.mp3<\/a><\/audio>\n<p>&nbsp;<\/p>\n<blockquote class=\"wp-embedded-content\" data-secret=\"LZfmOh6a09\"><p><a href=\"https:\/\/www.radiopiu.net\/wordpress\/i-professionisti-del-poliambulatorio-agordino-rispondono\/\">I PROFESSIONISTI DEL POLIAMBULATORIO AGORDINO RISPONDONO<\/a><\/p><\/blockquote>\n<p><iframe loading=\"lazy\" class=\"wp-embedded-content\" sandbox=\"allow-scripts\" security=\"restricted\" style=\"position: absolute; clip: rect(1px, 1px, 1px, 1px);\" title=\"&#8220;I PROFESSIONISTI DEL POLIAMBULATORIO AGORDINO RISPONDONO&#8221; &#8212; Radio Pi\u00f9\" src=\"https:\/\/www.radiopiu.net\/wordpress\/i-professionisti-del-poliambulatorio-agordino-rispondono\/embed\/#?secret=LZfmOh6a09\" data-secret=\"LZfmOh6a09\" width=\"600\" height=\"338\" frameborder=\"0\" marginwidth=\"0\" marginheight=\"0\" scrolling=\"no\"><\/iframe><\/p>\n<p>&nbsp;<\/p>\n<p>&nbsp;<\/p>\n<hr \/>\n<p>&nbsp;<\/p>\n<div class=\"page-title-head hgroup\">\n<blockquote>\n<h3 class=\"entry-title\">PLASTIC FREE \u2013 TERZA PUNTATA. L\u2019INTERVISTA A RICCARDO MANCIN, RESPONSABILE VENETO PLASTIC FREE<\/h3>\n<\/blockquote>\n<\/div>\n<div class=\"page-title-breadcrumbs\">\n<p><a href=\"https:\/\/www.radiopiu.net\/wordpress\/plastic-free-terza-puntata-lintervista-a-riccardo-mancin-responsabile-veneto-plastic-free\/plastic-free-2\/\" rel=\"attachment wp-att-222877\"><img loading=\"lazy\" decoding=\"async\" class=\"size-medium wp-image-222877 alignleft\" src=\"https:\/\/www.radiopiu.net\/wordpress\/wp-content\/uploads\/2021\/07\/PLASTIC-FREE-300x150.jpg\" alt=\"\" width=\"300\" height=\"150\" srcset=\"https:\/\/www.radiopiu.net\/wordpress\/wp-content\/uploads\/2021\/07\/PLASTIC-FREE-300x150.jpg 300w, https:\/\/www.radiopiu.net\/wordpress\/wp-content\/uploads\/2021\/07\/PLASTIC-FREE-768x384.jpg 768w, https:\/\/www.radiopiu.net\/wordpress\/wp-content\/uploads\/2021\/07\/PLASTIC-FREE.jpg 1024w\" sizes=\"auto, (max-width: 300px) 100vw, 300px\" \/><\/a>A cura di Martina Smaniotto<\/p>\n<p><strong>AUDIO TERZA PUNTATA<\/strong><\/p>\n<p>&nbsp;<\/p>\n<p>&nbsp;<\/p>\n<p>&nbsp;<\/p>\n<audio class=\"wp-audio-shortcode\" id=\"audio-223529-14\" preload=\"none\" style=\"width: 100%;\" controls=\"controls\"><source type=\"audio\/mpeg\" src=\"https:\/\/www.radiopiu.net\/wordpress\/wp-content\/uploads\/2021\/07\/PLASTIC-FREE-PUNTATA-3-1.mp3?_=14\" \/><a href=\"https:\/\/www.radiopiu.net\/wordpress\/wp-content\/uploads\/2021\/07\/PLASTIC-FREE-PUNTATA-3-1.mp3\">https:\/\/www.radiopiu.net\/wordpress\/wp-content\/uploads\/2021\/07\/PLASTIC-FREE-PUNTATA-3-1.mp3<\/a><\/audio>\n<p><strong>LA RACCOLTA COMPLETA<\/strong><\/p>\n<\/div>\n<blockquote class=\"wp-embedded-content\" data-secret=\"ulZcFjC0b1\"><p><a href=\"https:\/\/www.radiopiu.net\/wordpress\/plastic-free-per-un-mondo-senza-plastica\/\">PLASTIC FREE per un mondo senza plastica<\/a><\/p><\/blockquote>\n<p><iframe loading=\"lazy\" class=\"wp-embedded-content\" sandbox=\"allow-scripts\" security=\"restricted\" style=\"position: absolute; clip: rect(1px, 1px, 1px, 1px);\" title=\"&#8220;PLASTIC FREE per un mondo senza plastica&#8221; &#8212; Radio Pi\u00f9\" src=\"https:\/\/www.radiopiu.net\/wordpress\/plastic-free-per-un-mondo-senza-plastica\/embed\/#?secret=ulZcFjC0b1\" data-secret=\"ulZcFjC0b1\" width=\"600\" height=\"338\" frameborder=\"0\" marginwidth=\"0\" marginheight=\"0\" scrolling=\"no\"><\/iframe><\/p>\n<p>&nbsp;<\/p>\n<hr \/>\n<p>&nbsp;<\/p>\n<div class=\"mkdf-post-text\">\n<div class=\"mkdf-post-text-inner\">\n<div class=\"mkdf-post-text-main\">\n<blockquote class=\"wp-embedded-content\" data-secret=\"cKR9cwYeWp\"><p><a href=\"https:\/\/www.radiopiu.net\/wordpress\/da-ieri-alla-radio-in-palinsesto-loris-e-maurizio-con-la-grande-musica\/\">IL BLUES ALLA RADIO &#8230; COME NON L&#8217;AVETE MAI SENTITO PRIMA<\/a><\/p><\/blockquote>\n<p><iframe loading=\"lazy\" class=\"wp-embedded-content\" sandbox=\"allow-scripts\" security=\"restricted\" style=\"position: absolute; clip: rect(1px, 1px, 1px, 1px);\" title=\"&#8220;IL BLUES ALLA RADIO &#8230; COME NON L&#8217;AVETE MAI SENTITO PRIMA&#8221; &#8212; Radio Pi\u00f9\" src=\"https:\/\/www.radiopiu.net\/wordpress\/da-ieri-alla-radio-in-palinsesto-loris-e-maurizio-con-la-grande-musica\/embed\/#?secret=cKR9cwYeWp\" data-secret=\"cKR9cwYeWp\" width=\"600\" height=\"338\" frameborder=\"0\" marginwidth=\"0\" marginheight=\"0\" scrolling=\"no\"><\/iframe><\/p>\n<p>&nbsp;<\/p>\n<hr \/>\n<p>&nbsp;<\/p>\n<h2><strong><span style=\"color: #ff0000;\">QUINDICINALE APPUNTAMENTO ALLA RADIO<\/span><\/strong><\/h2>\n<blockquote>\n<h3><a style=\"font-size: 14px; font-weight: normal;\" href=\"https:\/\/www.radiopiu.net\/wordpress\/giornale-radiopiu-06-febbraio-2019-direttore-mirko-mezzacasa\/logo_spi-cgil-800x445\/\" rel=\"attachment wp-att-75538\"><img loading=\"lazy\" decoding=\"async\" class=\"wp-image-75538 alignleft\" src=\"https:\/\/www.radiopiu.net\/wordpress\/wp-content\/uploads\/2019\/02\/Logo_Spi-CGIL-800x445-300x167.jpg\" alt=\"\" width=\"210\" height=\"117\" srcset=\"https:\/\/www.radiopiu.net\/wordpress\/wp-content\/uploads\/2019\/02\/Logo_Spi-CGIL-800x445-300x167.jpg 300w, https:\/\/www.radiopiu.net\/wordpress\/wp-content\/uploads\/2019\/02\/Logo_Spi-CGIL-800x445-768x427.jpg 768w, https:\/\/www.radiopiu.net\/wordpress\/wp-content\/uploads\/2019\/02\/Logo_Spi-CGIL-800x445.jpg 800w\" sizes=\"auto, (max-width: 210px) 100vw, 210px\" \/><\/a><\/h3>\n<\/blockquote>\n<blockquote>\n<h3>ALLA RADIO, APPUNTAMENTO QUINDICINALE CON SPI-CGIL BELLUNO, IN STUDIO MARIA RITA GENTILIN<\/h3>\n<\/blockquote>\n<p><strong>di Claudio Fontanive\u00a0<\/strong><\/p>\n<p><span style=\"color: #ff0000;\"><strong>PUNTATA DEL\u00a0 22 luglio 2021<br \/>\n<\/strong><\/span><\/p>\n<audio class=\"wp-audio-shortcode\" id=\"audio-223529-15\" preload=\"none\" style=\"width: 100%;\" controls=\"controls\"><source type=\"audio\/mpeg\" src=\"https:\/\/www.radiopiu.net\/wordpress\/wp-content\/uploads\/2021\/07\/spi-cgil-22-luglio.mp3?_=15\" \/><a href=\"https:\/\/www.radiopiu.net\/wordpress\/wp-content\/uploads\/2021\/07\/spi-cgil-22-luglio.mp3\">https:\/\/www.radiopiu.net\/wordpress\/wp-content\/uploads\/2021\/07\/spi-cgil-22-luglio.mp3<\/a><\/audio>\n<p><span style=\"color: #ff0000;\"><strong>\u00a0\u00a0<\/strong><\/span><\/p>\n<hr \/>\n<p>&nbsp;<\/p>\n<div class=\"mkdf-post-text\">\n<div class=\"mkdf-post-text-inner\">\n<div class=\"mkdf-post-text-main\">\n<div>\n<div class=\"page-title-head hgroup\">\n<div class=\"page-title-head hgroup\">\n<div class=\"page-title-head hgroup\">\n<div class=\"page-title-head hgroup\">\n<div class=\"b654a4as d2edcug0\">\n<blockquote>\n<blockquote>\n<h2><a href=\"https:\/\/www.radiopiu.net\/wordpress\/speciale-solidarieta-veneto\/solidarieta-veneto-3\/\" rel=\"attachment wp-att-134366\"><img loading=\"lazy\" decoding=\"async\" class=\"wp-image-134366 alignleft\" src=\"https:\/\/www.radiopiu.net\/wordpress\/wp-content\/uploads\/2020\/05\/solidariet\u00e0-veneto-300x210.jpg\" alt=\"\" width=\"102\" height=\"71\" srcset=\"https:\/\/www.radiopiu.net\/wordpress\/wp-content\/uploads\/2020\/05\/solidariet\u00e0-veneto-300x210.jpg 300w, https:\/\/www.radiopiu.net\/wordpress\/wp-content\/uploads\/2020\/05\/solidariet\u00e0-veneto-1024x717.jpg 1024w, https:\/\/www.radiopiu.net\/wordpress\/wp-content\/uploads\/2020\/05\/solidariet\u00e0-veneto-768x538.jpg 768w, https:\/\/www.radiopiu.net\/wordpress\/wp-content\/uploads\/2020\/05\/solidariet\u00e0-veneto.jpg 1373w\" sizes=\"auto, (max-width: 102px) 100vw, 102px\" \/><\/a>SOLIDARIETA&#8217; VENETO FONDO PENSIONE, IN ONDA IL PRIMO VENERDI DEL MESE ALLE 10.30 E ALLE 19.00 QUINTA STAGIONE<\/h2>\n<\/blockquote>\n<h2><strong><span style=\"color: #ff0000;\">AUDIO LUGLIO 2021<\/span><\/strong><\/h2>\n<\/blockquote>\n<audio class=\"wp-audio-shortcode\" id=\"audio-223529-16\" preload=\"none\" style=\"width: 100%;\" controls=\"controls\"><source type=\"audio\/mpeg\" src=\"https:\/\/www.radiopiu.net\/wordpress\/wp-content\/uploads\/2021\/07\/solidarieta-veneto-luglio-2021.mp3?_=16\" \/><a href=\"https:\/\/www.radiopiu.net\/wordpress\/wp-content\/uploads\/2021\/07\/solidarieta-veneto-luglio-2021.mp3\">https:\/\/www.radiopiu.net\/wordpress\/wp-content\/uploads\/2021\/07\/solidarieta-veneto-luglio-2021.mp3<\/a><\/audio>\n<h2>LA RACCOLTA COMPLETA<\/h2>\n<blockquote class=\"wp-embedded-content\" data-secret=\"rzMcuNdmc5\"><p><a href=\"https:\/\/www.radiopiu.net\/wordpress\/solidarieta-veneto\/\">Solidariet\u00e0 Veneto<\/a><\/p><\/blockquote>\n<p><iframe loading=\"lazy\" class=\"wp-embedded-content\" sandbox=\"allow-scripts\" security=\"restricted\" style=\"position: absolute; clip: rect(1px, 1px, 1px, 1px);\" title=\"&#8220;Solidariet\u00e0 Veneto&#8221; &#8212; Radio Pi\u00f9\" src=\"https:\/\/www.radiopiu.net\/wordpress\/solidarieta-veneto\/embed\/#?secret=rzMcuNdmc5\" data-secret=\"rzMcuNdmc5\" width=\"600\" height=\"338\" frameborder=\"0\" marginwidth=\"0\" marginheight=\"0\" scrolling=\"no\"><\/iframe><\/p>\n<blockquote>\n<h2><\/h2>\n<\/blockquote>\n<p>&nbsp;<\/p>\n<p>&nbsp;<\/p>\n<hr \/>\n<p>&nbsp;<\/p>\n<div>\n<div class=\"b654a4as d2edcug0\">\n<div class=\"rq0escxv hkbzh7o3 jwdofwj8 n8tt0mok r8blr3vg hyh9befq\">\n<p><a class=\"dt-pswp-item\" href=\"https:\/\/www.radiopiu.net\/wordpress\/wp-content\/uploads\/2020\/10\/pp.jpg\" data-dt-img-description=\"\" data-large_image_width=\"640\" data-large_image_height=\"640\"><img loading=\"lazy\" decoding=\"async\" class=\"wp-image-163678 alignleft\" src=\"https:\/\/www.radiopiu.net\/wordpress\/wp-content\/uploads\/2020\/10\/pp-300x300.jpg\" alt=\"\" width=\"106\" height=\"106\" srcset=\"https:\/\/www.radiopiu.net\/wordpress\/wp-content\/uploads\/2020\/10\/pp-300x300.jpg 300w, https:\/\/www.radiopiu.net\/wordpress\/wp-content\/uploads\/2020\/10\/pp-150x150.jpg 150w, https:\/\/www.radiopiu.net\/wordpress\/wp-content\/uploads\/2020\/10\/pp-125x125.jpg 125w, https:\/\/www.radiopiu.net\/wordpress\/wp-content\/uploads\/2020\/10\/pp-200x200.jpg 200w, https:\/\/www.radiopiu.net\/wordpress\/wp-content\/uploads\/2020\/10\/pp-80x80.jpg 80w, https:\/\/www.radiopiu.net\/wordpress\/wp-content\/uploads\/2020\/10\/pp-480x480.jpg 480w, https:\/\/www.radiopiu.net\/wordpress\/wp-content\/uploads\/2020\/10\/pp.jpg 640w\" sizes=\"auto, (max-width: 106px) 100vw, 106px\" \/><\/a><\/p>\n<\/div>\n<\/div>\n<\/div>\n<div>\n<div class=\"page-title-head hgroup\">\n<div class=\"page-title-head hgroup\">\n<div class=\"b654a4as d2edcug0\">\n<div class=\"j83agx80 btwxx1t3 lhclo0ds hop8lmos nkwizq5d scwd0bx6 roh60bw9\">\n<div class=\"rq0escxv hkbzh7o3 jwdofwj8 n8tt0mok r8blr3vg hyh9befq\">\n<div class=\"do00u71z l9j0dhe7 k4urcfbm\">\n<h2><span style=\"color: #000080;\">DON CESARE, IL PENSIERO DEL GIORNO. ALLA RADIO ALLE 7 DEL MATTINO E ALLE 19.30 DELLA SERA.\u00a0\u00a0<\/span><\/h2>\n<\/div>\n<\/div>\n<\/div>\n<div><\/div>\n<div><\/div>\n<div><\/div>\n<\/div>\n<\/div>\n<div class=\"page-title-head hgroup\">\n<audio class=\"wp-audio-shortcode\" id=\"audio-223529-17\" preload=\"none\" style=\"width: 100%;\" controls=\"controls\"><source type=\"audio\/mpeg\" src=\"https:\/\/www.radiopiu.net\/wordpress\/wp-content\/uploads\/2021\/07\/CESARE-12.mp3?_=17\" \/><a href=\"https:\/\/www.radiopiu.net\/wordpress\/wp-content\/uploads\/2021\/07\/CESARE-12.mp3\">https:\/\/www.radiopiu.net\/wordpress\/wp-content\/uploads\/2021\/07\/CESARE-12.mp3<\/a><\/audio>\n<p>&nbsp;<\/p>\n<p>&nbsp;<\/p>\n<hr \/>\n<p class=\"b654a4as d2edcug0\"><span style=\"color: #ff6600;\"> \u00a0<\/span><\/p>\n<h2><span style=\"color: #ff6600;\">GIROVAGANDO ALLA RADIO, PUNTATA 08<\/span><\/h2>\n<h3><a href=\"https:\/\/www.radiopiu.net\/wordpress\/girovagando-puntata-09\/929c5bd4-dd08-4fb8-b14b-28c382f4656b\/\" rel=\"attachment wp-att-222441\"><img loading=\"lazy\" decoding=\"async\" class=\" wp-image-222441 alignleft\" src=\"https:\/\/www.radiopiu.net\/wordpress\/wp-content\/uploads\/2021\/07\/929c5bd4-dd08-4fb8-b14b-28c382f4656b-300x300.jpg\" alt=\"\" width=\"176\" height=\"176\" srcset=\"https:\/\/www.radiopiu.net\/wordpress\/wp-content\/uploads\/2021\/07\/929c5bd4-dd08-4fb8-b14b-28c382f4656b-300x300.jpg 300w, https:\/\/www.radiopiu.net\/wordpress\/wp-content\/uploads\/2021\/07\/929c5bd4-dd08-4fb8-b14b-28c382f4656b-1024x1024.jpg 1024w, https:\/\/www.radiopiu.net\/wordpress\/wp-content\/uploads\/2021\/07\/929c5bd4-dd08-4fb8-b14b-28c382f4656b-150x150.jpg 150w, https:\/\/www.radiopiu.net\/wordpress\/wp-content\/uploads\/2021\/07\/929c5bd4-dd08-4fb8-b14b-28c382f4656b-768x768.jpg 768w, https:\/\/www.radiopiu.net\/wordpress\/wp-content\/uploads\/2021\/07\/929c5bd4-dd08-4fb8-b14b-28c382f4656b.jpg 1080w\" sizes=\"auto, (max-width: 176px) 100vw, 176px\" \/><\/a>Collaborazione Thomas Soppera<\/h3>\n<p>&nbsp;<\/p>\n<p><strong>AUDIO PUNTATA 19 Luglio 2021<\/strong><\/p>\n<audio class=\"wp-audio-shortcode\" id=\"audio-223529-18\" preload=\"none\" style=\"width: 100%;\" controls=\"controls\"><source type=\"audio\/mpeg\" src=\"https:\/\/www.radiopiu.net\/wordpress\/wp-content\/uploads\/2021\/07\/GIROVAGANDO-09.mp3?_=18\" \/><a href=\"https:\/\/www.radiopiu.net\/wordpress\/wp-content\/uploads\/2021\/07\/GIROVAGANDO-09.mp3\">https:\/\/www.radiopiu.net\/wordpress\/wp-content\/uploads\/2021\/07\/GIROVAGANDO-09.mp3<\/a><\/audio>\n<p>&nbsp;<\/p>\n\n\t\t\t<style type='text\/css'>\n\t\t\t\t#gallery-11 {\n\t\t\t\t\tmargin: auto;\n\t\t\t\t}\n\t\t\t\t#gallery-11 .gallery-item {\n\t\t\t\t\tfloat: left;\n\t\t\t\t\tmargin-top: 10px;\n\t\t\t\t\ttext-align: center;\n\t\t\t\t\twidth: 50%;\n\t\t\t\t}\n\t\t\t\t#gallery-11 img {\n\t\t\t\t\tborder: 2px solid #cfcfcf;\n\t\t\t\t}\n\t\t\t\t#gallery-11 .gallery-caption {\n\t\t\t\t\tmargin-left: 0;\n\t\t\t\t}\n\t\t\t\t\/* see gallery_shortcode() in wp-includes\/media.php *\/\n\t\t\t<\/style>\n\t\t<div id='gallery-11' class='dt-gallery-container gallery galleryid-223529 gallery-columns-2 gallery-size-medium'><dl class='gallery-item'>\n\t\t\t\t<dt class='gallery-icon landscape'>\n\t\t\t\t\t<a class=\"rollover rollover-zoom dt-pswp-item\" title=\"5aff1bd6-4792-40c4-befb-b77ed7a32c32\" data-dt-img-description=\"\" data-large_image_width=\"1400\" data-large_image_height=\"933\"href='https:\/\/www.radiopiu.net\/wordpress\/wp-content\/uploads\/2021\/07\/5aff1bd6-4792-40c4-befb-b77ed7a32c32.jpg'><img loading=\"lazy\" decoding=\"async\" width=\"300\" height=\"200\" src=\"https:\/\/www.radiopiu.net\/wordpress\/wp-content\/uploads\/2021\/07\/5aff1bd6-4792-40c4-befb-b77ed7a32c32-300x200.jpg\" class=\"attachment-medium size-medium\" alt=\"\" srcset=\"https:\/\/www.radiopiu.net\/wordpress\/wp-content\/uploads\/2021\/07\/5aff1bd6-4792-40c4-befb-b77ed7a32c32-300x200.jpg 300w, https:\/\/www.radiopiu.net\/wordpress\/wp-content\/uploads\/2021\/07\/5aff1bd6-4792-40c4-befb-b77ed7a32c32-1024x682.jpg 1024w, https:\/\/www.radiopiu.net\/wordpress\/wp-content\/uploads\/2021\/07\/5aff1bd6-4792-40c4-befb-b77ed7a32c32-768x512.jpg 768w, https:\/\/www.radiopiu.net\/wordpress\/wp-content\/uploads\/2021\/07\/5aff1bd6-4792-40c4-befb-b77ed7a32c32.jpg 1400w\" sizes=\"auto, (max-width: 300px) 100vw, 300px\" \/><\/a>\n\t\t\t\t<\/dt><\/dl><dl class='gallery-item'>\n\t\t\t\t<dt class='gallery-icon landscape'>\n\t\t\t\t\t<a class=\"rollover rollover-zoom dt-pswp-item\" title=\"606396aa-e6fe-45d9-b6f9-82b8b1f2232d\" data-dt-img-description=\"\" data-large_image_width=\"2048\" data-large_image_height=\"1536\"href='https:\/\/www.radiopiu.net\/wordpress\/wp-content\/uploads\/2021\/07\/606396aa-e6fe-45d9-b6f9-82b8b1f2232d.jpg'><img loading=\"lazy\" decoding=\"async\" width=\"300\" height=\"225\" src=\"https:\/\/www.radiopiu.net\/wordpress\/wp-content\/uploads\/2021\/07\/606396aa-e6fe-45d9-b6f9-82b8b1f2232d-300x225.jpg\" class=\"attachment-medium size-medium\" alt=\"\" srcset=\"https:\/\/www.radiopiu.net\/wordpress\/wp-content\/uploads\/2021\/07\/606396aa-e6fe-45d9-b6f9-82b8b1f2232d-300x225.jpg 300w, https:\/\/www.radiopiu.net\/wordpress\/wp-content\/uploads\/2021\/07\/606396aa-e6fe-45d9-b6f9-82b8b1f2232d-1024x768.jpg 1024w, https:\/\/www.radiopiu.net\/wordpress\/wp-content\/uploads\/2021\/07\/606396aa-e6fe-45d9-b6f9-82b8b1f2232d-768x576.jpg 768w, https:\/\/www.radiopiu.net\/wordpress\/wp-content\/uploads\/2021\/07\/606396aa-e6fe-45d9-b6f9-82b8b1f2232d-1536x1152.jpg 1536w, https:\/\/www.radiopiu.net\/wordpress\/wp-content\/uploads\/2021\/07\/606396aa-e6fe-45d9-b6f9-82b8b1f2232d.jpg 2048w\" sizes=\"auto, (max-width: 300px) 100vw, 300px\" \/><\/a>\n\t\t\t\t<\/dt><\/dl><br style=\"clear: both\" \/>\n\t\t\t<\/div>\n\n<h2><span style=\"color: #ff0000;\">LA RACCOLTA COMPLETA\u00a0<\/span><\/h2>\n<blockquote class=\"wp-embedded-content\" data-secret=\"YJGRJmFJML\"><p><a href=\"https:\/\/www.radiopiu.net\/wordpress\/girovagando-in-e-bike-tra-le-dolomiti\/\">GIROVAGANDO IN E BIKE TRA LE DOLOMITI<\/a><\/p><\/blockquote>\n<p><iframe loading=\"lazy\" class=\"wp-embedded-content\" sandbox=\"allow-scripts\" security=\"restricted\" style=\"position: absolute; clip: rect(1px, 1px, 1px, 1px);\" title=\"&#8220;GIROVAGANDO IN E BIKE TRA LE DOLOMITI&#8221; &#8212; Radio Pi\u00f9\" src=\"https:\/\/www.radiopiu.net\/wordpress\/girovagando-in-e-bike-tra-le-dolomiti\/embed\/#?secret=YJGRJmFJML\" data-secret=\"YJGRJmFJML\" width=\"600\" height=\"338\" frameborder=\"0\" marginwidth=\"0\" marginheight=\"0\" scrolling=\"no\"><\/iframe><\/p>\n<p>\u200b<\/p>\n<p>\u200b<\/p>\n<\/div>\n<\/div>\n<\/div>\n<\/div>\n<\/div>\n<\/div>\n<\/div>\n<\/div>\n<\/div>\n<\/div>\n<\/div>\n<\/div>\n<\/div>\n<\/div>\n<\/div>\n<\/div>\n<\/div>\n<\/div>\n<\/div>\n<\/div>\n<\/div>\n<\/div>\n<\/div>\n<\/div>\n<div class=\"mkdf-post-text\">\n<div class=\"mkdf-post-text-inner\">\n<div class=\"mkdf-post-text-main\">\n<div class=\"mkdf-post-text\">\n<div class=\"mkdf-post-text-inner\">\n<div class=\"mkdf-post-text-main\">\n<div>\n<div class=\"page-title-head hgroup\">\n<div class=\"page-title-head hgroup\">\n<div class=\"page-title-head hgroup\">\n<div class=\"page-title-head hgroup\">\n<div class=\"b654a4as d2edcug0\">\n<div class=\"page-title-head hgroup\">\n<div class=\"page-title-head hgroup\">\n<p>&nbsp;<\/p>\n<hr \/>\n<div>\n<div class=\"page-title-head hgroup\">\n<div class=\"page-title-head hgroup\">\n<div class=\"b654a4as d2edcug0\">\n<div>\n<p>&nbsp;<\/p>\n<\/div>\n<div><\/div>\n<h2>COLLAGE&#8230; DI LORIS SCUSSEL dal lunedi al venerdi alle 16 e alle 23 su RADIO PIU<\/h2>\n<p><strong>PUNTATA DEL 23LUGLIO, 395<\/strong><\/p>\n<audio class=\"wp-audio-shortcode\" id=\"audio-223529-19\" preload=\"none\" style=\"width: 100%;\" controls=\"controls\"><source type=\"audio\/mpeg\" src=\"https:\/\/www.radiopiu.net\/wordpress\/wp-content\/uploads\/2021\/07\/COVE.mp3?_=19\" \/><a href=\"https:\/\/www.radiopiu.net\/wordpress\/wp-content\/uploads\/2021\/07\/COVE.mp3\">https:\/\/www.radiopiu.net\/wordpress\/wp-content\/uploads\/2021\/07\/COVE.mp3<\/a><\/audio>\n<div>\n<div>\n<div>\n<div>\n<div>\n<div>\n<div>\n<div>\n<div>\n<div>\n<div>\n<div>\n<div>\n<div>\n<div>\n<div>\n<div>\n<div>\n<div>\n<div>\n<div>\n<p><img loading=\"lazy\" decoding=\"async\" class=\"alignleft\" src=\"https:\/\/www.radiopiu.net\/wordpress\/wp-content\/uploads\/2021\/05\/Schermata-2021-05-23-alle-11.50.11.png\" width=\"186\" height=\"131\" \/>Il programma \u00e8 andato in onda da dicembre 2013 fino a luglio 2019, comprese le repliche, in due serie per 350 puntate complessive con 1.890 brani trasmessi. L\u2019obiettivo del programma: riproporre agli ascoltatori pi\u00f9 grandicelli le canzoni che ascoltavano nel passato e nello stesso tempo farle conoscere anche ai pi\u00f9 giovani.<\/p>\n<\/div>\n<\/div>\n<\/div>\n<\/div>\n<\/div>\n<\/div>\n<\/div>\n<\/div>\n<\/div>\n<\/div>\n<\/div>\n<\/div>\n<\/div>\n<\/div>\n<\/div>\n<\/div>\n<\/div>\n<\/div>\n<\/div>\n<\/div>\n<\/div>\n<div>\n<div>\n<div>\n<div>\n<div>\n<div>\n<div>\n<div>\n<div>\n<div>\n<div>\n<div>\n<div>\n<div>\n<div>\n<p>&nbsp;<\/p>\n<\/div>\n<\/div>\n<\/div>\n<p>&nbsp;<\/p>\n<\/div>\n<\/div>\n<\/div>\n<\/div>\n<\/div>\n<\/div>\n<\/div>\n<\/div>\n<\/div>\n<\/div>\n<\/div>\n<div>\n<div>\n<div>\n<p>&nbsp;<\/p>\n<p>&nbsp;<\/p>\n<hr \/>\n<\/div>\n<\/div>\n<\/div>\n<\/div>\n<p>&nbsp;<\/p>\n<blockquote class=\"wp-embedded-content\" data-secret=\"fSQ4ypiYA3\"><p><a href=\"https:\/\/www.radiopiu.net\/wordpress\/raccolta-completa11\/\">FANTASTICHE DOLOMITI LA RACCOLTA COMPLETA<\/a><\/p><\/blockquote>\n<p><iframe loading=\"lazy\" class=\"wp-embedded-content\" sandbox=\"allow-scripts\" security=\"restricted\" style=\"position: absolute; clip: rect(1px, 1px, 1px, 1px);\" title=\"&#8220;FANTASTICHE DOLOMITI LA RACCOLTA COMPLETA&#8221; &#8212; Radio Pi\u00f9\" src=\"https:\/\/www.radiopiu.net\/wordpress\/raccolta-completa11\/embed\/#?secret=fSQ4ypiYA3\" data-secret=\"fSQ4ypiYA3\" width=\"600\" height=\"338\" frameborder=\"0\" marginwidth=\"0\" marginheight=\"0\" scrolling=\"no\"><\/iframe><\/p>\n<p>&nbsp;<\/p>\n<p>&nbsp;<\/p>\n<hr \/>\n<div>\n<div class=\"b654a4as d2edcug0\">\n<div class=\"rq0escxv hkbzh7o3 jwdofwj8 n8tt0mok r8blr3vg hyh9befq\">\n<div class=\"b654a4as d2edcug0\">\n<div class=\"b654a4as d2edcug0\">\n<div>\n<div class=\"b654a4as d2edcug0\">\n<div class=\"rq0escxv hkbzh7o3 jwdofwj8 n8tt0mok r8blr3vg hyh9befq\">\n<div class=\"b654a4as d2edcug0\">\n<h2><\/h2>\n<div class=\"b654a4as d2edcug0\">\n<h2><span style=\"color: #008000;\">ERBE E PIANTE CURATIVE&#8230;IL\u00a0 PROGRAMMA DI PAOLA LANCIATO\u00a0\u00a0<\/span><\/h2>\n<p><a href=\"https:\/\/www.radiopiu.net\/wordpress\/erbe-e-piante-curative-il-programma-di-paola-lanciato-il-girasole\/girasole\/\" rel=\"attachment wp-att-222873\"><img loading=\"lazy\" decoding=\"async\" class=\" wp-image-222873 alignleft\" src=\"https:\/\/www.radiopiu.net\/wordpress\/wp-content\/uploads\/2021\/07\/GIRASOLE-300x200.jpg\" alt=\"\" width=\"189\" height=\"126\" srcset=\"https:\/\/www.radiopiu.net\/wordpress\/wp-content\/uploads\/2021\/07\/GIRASOLE-300x200.jpg 300w, https:\/\/www.radiopiu.net\/wordpress\/wp-content\/uploads\/2021\/07\/GIRASOLE-1024x683.jpg 1024w, https:\/\/www.radiopiu.net\/wordpress\/wp-content\/uploads\/2021\/07\/GIRASOLE-768x512.jpg 768w, https:\/\/www.radiopiu.net\/wordpress\/wp-content\/uploads\/2021\/07\/GIRASOLE-1536x1024.jpg 1536w, https:\/\/www.radiopiu.net\/wordpress\/wp-content\/uploads\/2021\/07\/GIRASOLE.jpg 1920w\" sizes=\"auto, (max-width: 189px) 100vw, 189px\" \/><\/a>di Paola Lanciato<\/p>\n<p><strong>PUNTATA DEL 20 LUGLIO 2021 &#8211; IL GIRASOLE<\/strong><\/p>\n<audio class=\"wp-audio-shortcode\" id=\"audio-223529-20\" preload=\"none\" style=\"width: 100%;\" controls=\"controls\"><source type=\"audio\/mpeg\" src=\"https:\/\/www.radiopiu.net\/wordpress\/wp-content\/uploads\/2021\/07\/ERBE-2.mp3?_=20\" \/><a href=\"https:\/\/www.radiopiu.net\/wordpress\/wp-content\/uploads\/2021\/07\/ERBE-2.mp3\">https:\/\/www.radiopiu.net\/wordpress\/wp-content\/uploads\/2021\/07\/ERBE-2.mp3<\/a><\/audio>\n<p>&nbsp;<\/p>\n<blockquote class=\"wp-embedded-content\" data-secret=\"CIkfWDUQqa\"><p><a href=\"https:\/\/www.radiopiu.net\/wordpress\/erbavoglio\/\">L&#8217;ERBA VOGLIO DEL GIARDINO DEL RE&#8230; Erbe, fiori e Piante di e con Paola Lanciato<\/a><\/p><\/blockquote>\n<p><iframe loading=\"lazy\" class=\"wp-embedded-content\" sandbox=\"allow-scripts\" security=\"restricted\" style=\"position: absolute; clip: rect(1px, 1px, 1px, 1px);\" title=\"&#8220;L&#8217;ERBA VOGLIO DEL GIARDINO DEL RE&#8230; Erbe, fiori e Piante di e con Paola Lanciato&#8221; &#8212; Radio Pi\u00f9\" src=\"https:\/\/www.radiopiu.net\/wordpress\/erbavoglio\/embed\/#?secret=CIkfWDUQqa\" data-secret=\"CIkfWDUQqa\" width=\"600\" height=\"338\" frameborder=\"0\" marginwidth=\"0\" marginheight=\"0\" scrolling=\"no\"><\/iframe><\/p>\n<\/div>\n<p>&nbsp;<\/p>\n<\/div>\n<\/div>\n<\/div>\n<\/div>\n<p>&nbsp;<\/p>\n<\/div>\n<\/div>\n<\/div>\n<\/div>\n<\/div>\n<p>&nbsp;<\/p>\n<hr \/>\n<p>&nbsp;<\/p>\n<div>\n<h2><span style=\"color: #ff0000;\"><strong>IN VIVO VERSO 2020-21 ESTATE, RIASCOLTIAMOLI&#8230; DAL CASSETTO DEI RICORDI DI RADIO PIU&#8217;&#8230; LE PRIME\u00a0 SEI STAGIONI\u00a0 \u00a0<\/strong><\/span><\/h2>\n<div class=\"page-title-head hgroup\">\n<div class=\"page-title-head hgroup\">\n<div class=\"page-title-head hgroup\">\n<div class=\"page-title-head hgroup\">\n<div class=\"page-title-head hgroup\">\n<div class=\"page-title-head hgroup\">\n<blockquote>\n<h3>riascoltiamole di FILIPPO FUSINA 3^MEDIE AGORDO &#8211; AGORDO E&#8217; COSI&#8217;<\/h3>\n<p>AUDIO<\/p>\n<audio class=\"wp-audio-shortcode\" id=\"audio-223529-21\" preload=\"none\" style=\"width: 100%;\" controls=\"controls\"><source type=\"audio\/mpeg\" src=\"https:\/\/www.radiopiu.net\/wordpress\/wp-content\/uploads\/2021\/07\/ALUNNI-5-FILIPPO-FUSINA.mp3?_=21\" \/><a href=\"https:\/\/www.radiopiu.net\/wordpress\/wp-content\/uploads\/2021\/07\/ALUNNI-5-FILIPPO-FUSINA.mp3\">https:\/\/www.radiopiu.net\/wordpress\/wp-content\/uploads\/2021\/07\/ALUNNI-5-FILIPPO-FUSINA.mp3<\/a><\/audio>\n<p>&nbsp;<\/p>\n<p><strong>LA RACCOLTA COMPLETA<\/strong><\/p><\/blockquote>\n<\/div>\n<\/div>\n<\/div>\n<\/div>\n<\/div>\n<\/div>\n<blockquote class=\"wp-embedded-content\" data-secret=\"vTSquVSpeX\"><p><a href=\"https:\/\/www.radiopiu.net\/wordpress\/in-vivo-verso\/\">In Vivo Verso<\/a><\/p><\/blockquote>\n<p><iframe loading=\"lazy\" class=\"wp-embedded-content\" sandbox=\"allow-scripts\" security=\"restricted\" style=\"position: absolute; clip: rect(1px, 1px, 1px, 1px);\" title=\"&#8220;In Vivo Verso&#8221; &#8212; Radio Pi\u00f9\" src=\"https:\/\/www.radiopiu.net\/wordpress\/in-vivo-verso\/embed\/#?secret=vTSquVSpeX\" data-secret=\"vTSquVSpeX\" width=\"600\" height=\"338\" frameborder=\"0\" marginwidth=\"0\" marginheight=\"0\" scrolling=\"no\"><\/iframe><\/p>\n<p>&nbsp;<\/p>\n<hr \/>\n<\/div>\n<blockquote>\n<blockquote>\n<h2><\/h2>\n<\/blockquote>\n<\/blockquote>\n<div>\n<div class=\"b654a4as d2edcug0\">\n<div class=\"rq0escxv hkbzh7o3 jwdofwj8 n8tt0mok r8blr3vg hyh9befq\">\n<blockquote>\n<h2><span style=\"color: #ff0000;\"><em>ZAINO ALLA RADIO&#8230;ESTATE DI PAOLA LANCIATO<\/em><\/span><\/h2>\n<\/blockquote>\n<blockquote class=\"wp-embedded-content\" data-secret=\"YqH2FvUHk2\"><p><a href=\"https:\/\/www.radiopiu.net\/wordpress\/zaino-femminile-lanciato\/\">Zaino da viaggio al femminile<\/a><\/p><\/blockquote>\n<p><iframe loading=\"lazy\" class=\"wp-embedded-content\" sandbox=\"allow-scripts\" security=\"restricted\" style=\"position: absolute; clip: rect(1px, 1px, 1px, 1px);\" title=\"&#8220;Zaino da viaggio al femminile&#8221; &#8212; Radio Pi\u00f9\" src=\"https:\/\/www.radiopiu.net\/wordpress\/zaino-femminile-lanciato\/embed\/#?secret=YqH2FvUHk2\" data-secret=\"YqH2FvUHk2\" width=\"600\" height=\"338\" frameborder=\"0\" marginwidth=\"0\" marginheight=\"0\" scrolling=\"no\"><\/iframe><\/p>\n<p>&nbsp;<\/p>\n<\/div>\n<\/div>\n<\/div>\n<hr \/>\n<div><\/div>\n<div>\n<div class=\"page-title-head hgroup\">\n<div class=\"page-title-head hgroup\">\n<div class=\"page-title-head hgroup\">\n<div class=\"page-title-head hgroup\">\n<div class=\"page-title-head hgroup\">\n<div>\n<div class=\"b654a4as d2edcug0\">\u00a0 \u00a0 \u00a0<strong style=\"color: #800080;\">LA RASSEGNA STAMPA DA L&#8217;AMICO DEL POPOLO\u00a0<\/strong><\/div>\n<\/div>\n<\/div>\n<\/div>\n<\/div>\n<\/div>\n<\/div>\n<\/div>\n<div>\n<div>\n<div>\n<div class=\"page-title-head hgroup\">\n<div class=\"page-title-head hgroup\">\n<div class=\"page-title-head hgroup\">\n<div class=\"page-title-head hgroup\">\n<div class=\"b654a4as d2edcug0\">\n<div class=\"page-title-head hgroup\">\n<div class=\"page-title-head hgroup\">\n<div class=\"page-title-head hgroup\">\n<div class=\"page-title-head hgroup\">\n<div class=\"b654a4as d2edcug0\">\n<div>\n<h3 class=\"kvgmc6g5 cxmmr5t8 oygrvhab hcukyx3x c1et5uql\"><span style=\"color: #0000ff;\"> INFORMAZIONE il canale su TELEGRAM informazione di prima mano e in tempo reale. iscriviti ed aiutaci a farlo conoscere\u00a0\u00a0<\/span><\/h3>\n<p><strong><a href=\"https:\/\/www.radiopiu.net\/wordpress\/giornale-radiopiu-23-dicembre-2020-direttore-mirko-mezzacasa\/sisto-27\/\" rel=\"attachment wp-att-181222\"><img loading=\"lazy\" decoding=\"async\" class=\"size-medium wp-image-181222 alignleft\" src=\"https:\/\/www.radiopiu.net\/wordpress\/wp-content\/uploads\/2020\/12\/SISTO-300x165.jpg\" alt=\"\" width=\"300\" height=\"165\" srcset=\"https:\/\/www.radiopiu.net\/wordpress\/wp-content\/uploads\/2020\/12\/SISTO-300x165.jpg 300w, https:\/\/www.radiopiu.net\/wordpress\/wp-content\/uploads\/2020\/12\/SISTO.jpg 620w\" sizes=\"auto, (max-width: 300px) 100vw, 300px\" \/><\/a>di Gianni Santomaso<\/strong><\/p>\n<p>OSPITE: Sisto Da Roit Presidente del GAV<\/p>\n<audio class=\"wp-audio-shortcode\" id=\"audio-223529-22\" preload=\"none\" style=\"width: 100%;\" controls=\"controls\"><source type=\"audio\/mpeg\" src=\"https:\/\/www.radiopiu.net\/wordpress\/wp-content\/uploads\/2021\/07\/RASSEGNA-GIANNI-2.mp3?_=22\" \/><a href=\"https:\/\/www.radiopiu.net\/wordpress\/wp-content\/uploads\/2021\/07\/RASSEGNA-GIANNI-2.mp3\">https:\/\/www.radiopiu.net\/wordpress\/wp-content\/uploads\/2021\/07\/RASSEGNA-GIANNI-2.mp3<\/a><\/audio>\n<p>&nbsp;<\/p>\n<blockquote class=\"wp-embedded-content\" data-secret=\"wjQbOm1sMj\"><p><a href=\"https:\/\/www.radiopiu.net\/wordpress\/rassegna-stampa-di-gianni-santomaso\/\">Rassegna stampa da l&#8217;amico del popolo &#8211; di Gianni Santomaso<\/a><\/p><\/blockquote>\n<p><iframe loading=\"lazy\" class=\"wp-embedded-content\" sandbox=\"allow-scripts\" security=\"restricted\" style=\"position: absolute; clip: rect(1px, 1px, 1px, 1px);\" title=\"&#8220;Rassegna stampa da l&#8217;amico del popolo &#8211; di Gianni Santomaso&#8221; &#8212; Radio Pi\u00f9\" src=\"https:\/\/www.radiopiu.net\/wordpress\/rassegna-stampa-di-gianni-santomaso\/embed\/#?secret=wjQbOm1sMj\" data-secret=\"wjQbOm1sMj\" width=\"600\" height=\"338\" frameborder=\"0\" marginwidth=\"0\" marginheight=\"0\" scrolling=\"no\"><\/iframe><\/p>\n<p>&nbsp;<\/p>\n<hr \/>\n<p>&nbsp;<\/p>\n<h2><span style=\"color: #3366ff;\">SALUTE E SOCIETA&#8217;<\/span><\/h2>\n<p><strong><a href=\"https:\/\/www.radiopiu.net\/wordpress\/giornale-radiopiu-20-luglio-2021-direttore-mirko-mezzacasa\/e3341399-fa76-9388-6c53-dc7a7cffdfed\/\" rel=\"attachment wp-att-222614\"><img loading=\"lazy\" decoding=\"async\" class=\"size-medium wp-image-222614 alignleft\" src=\"https:\/\/www.radiopiu.net\/wordpress\/wp-content\/uploads\/2021\/07\/e3341399-fa76-9388-6c53-dc7a7cffdfed-300x169.png\" alt=\"\" width=\"300\" height=\"169\" srcset=\"https:\/\/www.radiopiu.net\/wordpress\/wp-content\/uploads\/2021\/07\/e3341399-fa76-9388-6c53-dc7a7cffdfed-300x169.png 300w, https:\/\/www.radiopiu.net\/wordpress\/wp-content\/uploads\/2021\/07\/e3341399-fa76-9388-6c53-dc7a7cffdfed-1024x576.png 1024w, https:\/\/www.radiopiu.net\/wordpress\/wp-content\/uploads\/2021\/07\/e3341399-fa76-9388-6c53-dc7a7cffdfed-768x432.png 768w, https:\/\/www.radiopiu.net\/wordpress\/wp-content\/uploads\/2021\/07\/e3341399-fa76-9388-6c53-dc7a7cffdfed.png 1280w\" sizes=\"auto, (max-width: 300px) 100vw, 300px\" \/><\/a>LA PUNTATA DELLA SETTIMANA del 19 LUGLIO<\/strong><\/p>\n<p>Esperti ed istituzioni hanno discusso dello sviluppo di una rete territoriale pi\u00f9 vicina alle persone e dell\u2019innovazione tecnologica del Servizio Sanitario Nazionale nel corso del 14\u00b0 Italian Diabetes Barometer Forum. Antonella Pitrelli ha seguito l\u2019evento per noi ed ha intervistato Paolo Sbraccia Vice Presidente IBDO Foundation, Francesco Giorgino Presidente SIE \u2013 Societ\u00e0 Italiana di Endocrinologia<\/p>\n<audio class=\"wp-audio-shortcode\" id=\"audio-223529-23\" preload=\"none\" style=\"width: 100%;\" controls=\"controls\"><source type=\"audio\/mpeg\" src=\"https:\/\/www.radiopiu.net\/wordpress\/wp-content\/uploads\/2021\/07\/SALUTE-2.mp3?_=23\" \/><a href=\"https:\/\/www.radiopiu.net\/wordpress\/wp-content\/uploads\/2021\/07\/SALUTE-2.mp3\">https:\/\/www.radiopiu.net\/wordpress\/wp-content\/uploads\/2021\/07\/SALUTE-2.mp3<\/a><\/audio>\n<p>&nbsp;<\/p>\n<\/div>\n<div dir=\"auto\">\n<p><strong>LA RACCOLTA COMPLETA<\/strong><\/p>\n<blockquote class=\"wp-embedded-content\" data-secret=\"LFRpuQrD7u\"><p><a href=\"https:\/\/www.radiopiu.net\/wordpress\/saluteesocieta\/\">Salute e Societ\u00e0<\/a><\/p><\/blockquote>\n<p><iframe loading=\"lazy\" class=\"wp-embedded-content\" sandbox=\"allow-scripts\" security=\"restricted\" style=\"position: absolute; clip: rect(1px, 1px, 1px, 1px);\" title=\"&#8220;Salute e Societ\u00e0&#8221; &#8212; Radio Pi\u00f9\" src=\"https:\/\/www.radiopiu.net\/wordpress\/saluteesocieta\/embed\/#?secret=LFRpuQrD7u\" data-secret=\"LFRpuQrD7u\" width=\"600\" height=\"338\" frameborder=\"0\" marginwidth=\"0\" marginheight=\"0\" scrolling=\"no\"><\/iframe><\/p>\n<\/div>\n<div dir=\"auto\">\n<h1><\/h1>\n<\/div>\n<div>\n<div class=\"page-title-head hgroup\">\n<div class=\"page-title-head hgroup\">\n<div class=\"page-title-head hgroup\">\n<div>\n<div class=\"b654a4as d2edcug0\">\n<div class=\"rq0escxv hkbzh7o3 jwdofwj8 n8tt0mok r8blr3vg hyh9befq\">\n<hr \/>\n<\/div>\n<\/div>\n<\/div>\n<div>\n<div class=\"page-title-head hgroup\">\n<div class=\"page-title-head hgroup\">\n<div>\n<div class=\"b654a4as d2edcug0\">\n<p>&nbsp;<\/p>\n<blockquote>\n<h3><img loading=\"lazy\" decoding=\"async\" class=\"alignleft\" src=\"https:\/\/www.radiopiu.net\/wordpress\/wp-content\/uploads\/2021\/06\/fresh-flower-leaves-saffron-white-background-place-your-text-use-saffron-spice-cooking-cosmetology_347372-394.jpeg\" width=\"141\" height=\"94\" \/>L&#8217;ALMANACCO LADINO CON L&#8217;ISTITUT CESA DE JAN QUINDICINALE APPUNTAMENTO. LA DOMENICA ALLE 9 IL LUNEDI ALLE 8.35 IL MARTEDI ALLE 12.35 IL MERCOLEDI ALLE 18.35. SECONDA STAGIONE.<\/h3>\n<p>&nbsp;<\/p><\/blockquote>\n<p><strong>RACCOLTA COMPLETA\u00a0<\/strong><\/p>\n<blockquote class=\"wp-embedded-content\" data-secret=\"qMlr6Lb56l\"><p><a href=\"https:\/\/www.radiopiu.net\/wordpress\/almanacco-ladino\/\">Almanacco Ladino<\/a><\/p><\/blockquote>\n<p><iframe loading=\"lazy\" class=\"wp-embedded-content\" sandbox=\"allow-scripts\" security=\"restricted\" style=\"position: absolute; clip: rect(1px, 1px, 1px, 1px);\" title=\"&#8220;Almanacco Ladino&#8221; &#8212; Radio Pi\u00f9\" src=\"https:\/\/www.radiopiu.net\/wordpress\/almanacco-ladino\/embed\/#?secret=qMlr6Lb56l\" data-secret=\"qMlr6Lb56l\" width=\"600\" height=\"338\" frameborder=\"0\" marginwidth=\"0\" marginheight=\"0\" scrolling=\"no\"><\/iframe><\/p>\n<div dir=\"auto\"><\/div>\n<\/div>\n<div>\n<p>&nbsp;<\/p>\n<hr \/>\n<h2><span style=\"color: #808000;\">DUE MINUTI UN LIBRO\u00a0 TUTTI I GIORNI ALLA RADIO ALLE 9.30 E ALLE 18. QUINTA STAGIONE\u00a0\u00a0<\/span><\/h2>\n<blockquote class=\"wp-embedded-content\" data-secret=\"NGgrlm7Jxy\"><p><a href=\"https:\/\/www.radiopiu.net\/wordpress\/e-fu-un-attimo\/\">E fu un attimo&#8230;<\/a><\/p><\/blockquote>\n<p><iframe loading=\"lazy\" class=\"wp-embedded-content\" sandbox=\"allow-scripts\" security=\"restricted\" style=\"position: absolute; clip: rect(1px, 1px, 1px, 1px);\" title=\"&#8220;E fu un attimo&#8230;&#8221; &#8212; Radio Pi\u00f9\" src=\"https:\/\/www.radiopiu.net\/wordpress\/e-fu-un-attimo\/embed\/#?secret=NGgrlm7Jxy\" data-secret=\"NGgrlm7Jxy\" width=\"600\" height=\"338\" frameborder=\"0\" marginwidth=\"0\" marginheight=\"0\" scrolling=\"no\"><\/iframe><\/p>\n<\/div>\n<div>\n<p><strong>LA RACCOLTA COMPLETA\u00a0\u00a0<\/strong><\/p>\n<blockquote class=\"wp-embedded-content\" data-secret=\"W7IWNrAPXq\"><p><a href=\"https:\/\/www.radiopiu.net\/wordpress\/due-minuti-un-libro\/\">Due minuti un libro<\/a><\/p><\/blockquote>\n<p><iframe loading=\"lazy\" class=\"wp-embedded-content\" sandbox=\"allow-scripts\" security=\"restricted\" style=\"position: absolute; clip: rect(1px, 1px, 1px, 1px);\" title=\"&#8220;Due minuti un libro&#8221; &#8212; Radio Pi\u00f9\" src=\"https:\/\/www.radiopiu.net\/wordpress\/due-minuti-un-libro\/embed\/#?secret=W7IWNrAPXq\" data-secret=\"W7IWNrAPXq\" width=\"600\" height=\"338\" frameborder=\"0\" marginwidth=\"0\" marginheight=\"0\" scrolling=\"no\"><\/iframe><\/p>\n<p>&nbsp;<\/p>\n<hr \/>\n<p>\u200b<\/p>\n<div>\n<h2><span style=\"color: #33cccc;\">I RACCONTI DI PAOLO SOPPELSA il lunedi alle 9.30 e 18.30<\/span><\/h2>\n<blockquote class=\"wp-embedded-content\" data-secret=\"gwGGLtzB5t\"><p><a href=\"https:\/\/www.radiopiu.net\/wordpress\/i-racconti-di-paolo-soppelsa\/\">I racconti di Paolo Soppelsa<\/a><\/p><\/blockquote>\n<p><iframe loading=\"lazy\" class=\"wp-embedded-content\" sandbox=\"allow-scripts\" security=\"restricted\" style=\"position: absolute; clip: rect(1px, 1px, 1px, 1px);\" title=\"&#8220;I racconti di Paolo Soppelsa&#8221; &#8212; Radio Pi\u00f9\" src=\"https:\/\/www.radiopiu.net\/wordpress\/i-racconti-di-paolo-soppelsa\/embed\/#?secret=gwGGLtzB5t\" data-secret=\"gwGGLtzB5t\" width=\"600\" height=\"338\" frameborder=\"0\" marginwidth=\"0\" marginheight=\"0\" scrolling=\"no\"><\/iframe><\/p>\n<p>&nbsp;<\/p>\n<\/div>\n<\/div>\n<hr \/>\n<p>&nbsp;<\/p>\n<h2><strong><span style=\"color: #ff0000;\">ALLA RADIO<\/span><\/strong><\/h2>\n<div data-offset-key=\"5n5nl-0-0\">\n<h3>Per ricevere gli aggiornamenti in tempo reale delle notizie pubblicate alla radio e sul sito di radio pi\u00f9 iscriviti al gruppo RADIO PIU INFORMAZIONE su Telegram.\u00a0\u00a0<a href=\"https:\/\/t.me\/radiopiu\">clicca qui<\/a><\/h3>\n<p>&nbsp;<\/p>\n<\/div>\n<blockquote><p><strong><a href=\"https:\/\/www.radiopiu.net\/wordpress\/cassa-solidarieta-luxottica-puntata-del-19-giugno-2020\/cslxo-2\/\" rel=\"attachment wp-att-145244\"><img loading=\"lazy\" decoding=\"async\" class=\"size-medium wp-image-145244 alignleft\" src=\"https:\/\/www.radiopiu.net\/wordpress\/wp-content\/uploads\/2020\/06\/cassa-solidarieta-luxottica-300x148.jpg\" alt=\"\" width=\"300\" height=\"148\" srcset=\"https:\/\/www.radiopiu.net\/wordpress\/wp-content\/uploads\/2020\/06\/cassa-solidarieta-luxottica-300x148.jpg 300w, https:\/\/www.radiopiu.net\/wordpress\/wp-content\/uploads\/2020\/06\/cassa-solidarieta-luxottica-1024x504.jpg 1024w, https:\/\/www.radiopiu.net\/wordpress\/wp-content\/uploads\/2020\/06\/cassa-solidarieta-luxottica-768x378.jpg 768w, https:\/\/www.radiopiu.net\/wordpress\/wp-content\/uploads\/2020\/06\/cassa-solidarieta-luxottica.jpg 1167w\" sizes=\"auto, (max-width: 300px) 100vw, 300px\" \/><\/a>di Claudio Fontanive<\/strong><\/p>\n<p>OSPITI: Paolo Chissal\u00e8 e Fabrizio Campedel<\/p>\n<p>&nbsp;<\/p>\n<p>&nbsp;<\/p><\/blockquote>\n<h2><\/h2>\n<p><strong>LA PUNTATA DEL 16 LUGLIO 2021\u00a0<\/strong><\/p>\n<audio class=\"wp-audio-shortcode\" id=\"audio-223529-24\" preload=\"none\" style=\"width: 100%;\" controls=\"controls\"><source type=\"audio\/mpeg\" src=\"https:\/\/www.radiopiu.net\/wordpress\/wp-content\/uploads\/2021\/07\/ca-sol-lux-luglio-2021.mp3?_=24\" \/><a href=\"https:\/\/www.radiopiu.net\/wordpress\/wp-content\/uploads\/2021\/07\/ca-sol-lux-luglio-2021.mp3\">https:\/\/www.radiopiu.net\/wordpress\/wp-content\/uploads\/2021\/07\/ca-sol-lux-luglio-2021.mp3<\/a><\/audio>\n<blockquote class=\"wp-embedded-content\" data-secret=\"OnUi3LNTId\"><p><a href=\"https:\/\/www.radiopiu.net\/wordpress\/cassa-solidarieta-luxottica-puntata-del-16-ottobre-2020\/\">CASSA SOLIDARIET\u00c0 LUXOTTICA &#8211; TUTTE LE PUNTATE<\/a><\/p><\/blockquote>\n<p><iframe loading=\"lazy\" class=\"wp-embedded-content\" sandbox=\"allow-scripts\" security=\"restricted\" style=\"position: absolute; clip: rect(1px, 1px, 1px, 1px);\" title=\"&#8220;CASSA SOLIDARIET\u00c0 LUXOTTICA &#8211; TUTTE LE PUNTATE&#8221; &#8212; Radio Pi\u00f9\" src=\"https:\/\/www.radiopiu.net\/wordpress\/cassa-solidarieta-luxottica-puntata-del-16-ottobre-2020\/embed\/#?secret=OnUi3LNTId\" data-secret=\"OnUi3LNTId\" width=\"600\" height=\"338\" frameborder=\"0\" marginwidth=\"0\" marginheight=\"0\" scrolling=\"no\"><\/iframe><\/p>\n<div>\n<p>&nbsp;<\/p>\n<\/div>\n<\/div>\n<div class=\"page-title-head hgroup\">\n<div>\n<div class=\"b654a4as d2edcug0\">\n<hr \/>\n<\/div>\n<\/div>\n<p>&nbsp;<\/p>\n<p><a href=\"https:\/\/www.radiopiu.net\/wordpress\/giornale-radiopiu-26-settembre-2018-direttore-mirko-mezzacasa\/viabilita-2\/\" rel=\"attachment wp-att-61954\"><img loading=\"lazy\" decoding=\"async\" class=\"wp-image-61954 size-full aligncenter\" src=\"https:\/\/www.radiopiu.net\/wordpress\/wp-content\/uploads\/2018\/09\/viabilita.jpeg\" alt=\"\" width=\"800\" height=\"100\" srcset=\"https:\/\/www.radiopiu.net\/wordpress\/wp-content\/uploads\/2018\/09\/viabilita.jpeg 800w, https:\/\/www.radiopiu.net\/wordpress\/wp-content\/uploads\/2018\/09\/viabilita-300x38.jpeg 300w, https:\/\/www.radiopiu.net\/wordpress\/wp-content\/uploads\/2018\/09\/viabilita-768x96.jpeg 768w\" sizes=\"auto, (max-width: 800px) 100vw, 800px\" \/><\/a><\/p>\n<blockquote><p><a href=\"https:\/\/www.radiopiu.net\/wordpress\/giornale-radiopiu-09-agosto-2018-direttore-mirko-mezzacasa\/viabilia\/\" rel=\"attachment wp-att-57053\"><img loading=\"lazy\" decoding=\"async\" class=\" wp-image-57053 alignleft\" src=\"https:\/\/www.radiopiu.net\/wordpress\/wp-content\/uploads\/2018\/08\/VIABILIA-300x180.jpeg\" alt=\"\" width=\"220\" height=\"132\" srcset=\"https:\/\/www.radiopiu.net\/wordpress\/wp-content\/uploads\/2018\/08\/VIABILIA-300x180.jpeg 300w, https:\/\/www.radiopiu.net\/wordpress\/wp-content\/uploads\/2018\/08\/VIABILIA-768x461.jpeg 768w, https:\/\/www.radiopiu.net\/wordpress\/wp-content\/uploads\/2018\/08\/VIABILIA-1024x614.jpeg 1024w, https:\/\/www.radiopiu.net\/wordpress\/wp-content\/uploads\/2018\/08\/VIABILIA.jpeg 1280w\" sizes=\"auto, (max-width: 220px) 100vw, 220px\" \/><\/a><\/p><\/blockquote>\n<\/div>\n<\/div>\n<\/div>\n<\/div>\n<\/div>\n<\/div>\n<\/div>\n<\/div>\n<div>\n<div>\n<div class=\"page-title-head hgroup\">\n<div class=\"page-title-head hgroup\">\n<div class=\"page-title-head hgroup\">\n<div class=\"page-title-head hgroup\">\n<div class=\"page-title-head hgroup\">\n<div class=\"page-title-head hgroup\">\n<blockquote><p>La viabilit\u00e0 con gli ultimi aggiornamenti<\/p><\/blockquote>\n<\/div>\n<\/div>\n<\/div>\n<\/div>\n<\/div>\n<\/div>\n<\/div>\n<div><\/div>\n<div><\/div>\n<div>\n<div>\n<div class=\"page-title-head hgroup\">\n<audio class=\"wp-audio-shortcode\" id=\"audio-223529-25\" preload=\"none\" style=\"width: 100%;\" controls=\"controls\"><source type=\"audio\/mpeg\" src=\"https:\/\/www.radiopiu.net\/wordpress\/wp-content\/uploads\/2021\/07\/VIABILITA-9.mp3?_=25\" \/><a href=\"https:\/\/www.radiopiu.net\/wordpress\/wp-content\/uploads\/2021\/07\/VIABILITA-9.mp3\">https:\/\/www.radiopiu.net\/wordpress\/wp-content\/uploads\/2021\/07\/VIABILITA-9.mp3<\/a><\/audio>\n<\/div>\n<\/div>\n<\/div>\n<\/div>\n<\/div>\n<\/div>\n<\/div>\n<\/div>\n<\/div>\n<\/div>\n<\/div>\n<\/div>\n<\/div>\n<\/div>\n<\/div>\n<div>\n<div class=\"page-title-head hgroup\">\n<div class=\"page-title-head hgroup\">\n<div class=\"page-title-head hgroup\">\n<div class=\"page-title-head hgroup\">\n<div class=\"b654a4as d2edcug0\">\n<div>\n<div class=\"page-title-head hgroup\" style=\"text-align: left;\">\n<div class=\"page-title-head hgroup\">\n<div dir=\"auto\">\n<div style=\"text-align: left;\"><\/div>\n<\/div>\n<\/div>\n<\/div>\n<\/div>\n<\/div>\n<\/div>\n<\/div>\n<\/div>\n<\/div>\n<\/div>\n<\/div>\n<div><\/div>\n<div>\n<div>\n<div class=\"page-title-head hgroup\">\n<p>&nbsp;<\/p>\n<hr \/>\n<p>&nbsp;<\/p>\n<\/div>\n<\/div>\n<\/div>\n<\/div>\n<\/div>\n<\/div>\n<\/div>\n<\/div>\n<\/div>\n<\/div>\n<\/div>\n<\/div>\n<\/div>\n<\/div>\n<\/div>\n<\/div>\n<div>\n<div class=\"page-title-head hgroup\">\n<div class=\"page-title-head hgroup\">\n<div>\n<div class=\"page-title-head hgroup\">\n<div class=\"page-title-head hgroup\">\n<div class=\"b654a4as d2edcug0\">\n<div>\n<div>\n<div>\n<div class=\"page-title-head hgroup\">\n<p>&nbsp;<\/p>\n<\/div>\n<\/div>\n<\/div>\n<\/div>\n<div>\n<div class=\"page-title-head hgroup\" style=\"text-align: left;\">\n<div class=\"page-title-head hgroup\">\n<div dir=\"auto\">\n<p><a class=\"dt-pswp-item pspw-wrap-ready\" href=\"https:\/\/i0.wp.com\/www.radiopiu.net\/wordpress\/wp-content\/uploads\/2018\/09\/WhatsApp-Image-2018-09-20-at-16.04.06.jpeg?ssl=1\" data-dt-img-description=\"\" data-large_image_width=\"800\" data-large_image_height=\"100\"><img loading=\"lazy\" decoding=\"async\" class=\"aligncenter wp-image-61378 size-full jetpack-lazy-image jetpack-lazy-image--handled\" src=\"https:\/\/i0.wp.com\/www.radiopiu.net\/wordpress\/wp-content\/uploads\/2018\/09\/WhatsApp-Image-2018-09-20-at-16.04.06.jpeg?resize=800%2C100&amp;ssl=1\" sizes=\"auto, (max-width: 800px) 100vw, 800px\" srcset=\"https:\/\/i0.wp.com\/www.radiopiu.net\/wordpress\/wp-content\/uploads\/2018\/09\/WhatsApp-Image-2018-09-20-at-16.04.06.jpeg?w=800&amp;ssl=1 800w, https:\/\/i0.wp.com\/www.radiopiu.net\/wordpress\/wp-content\/uploads\/2018\/09\/WhatsApp-Image-2018-09-20-at-16.04.06.jpeg?resize=300%2C38&amp;ssl=1 300w, https:\/\/i0.wp.com\/www.radiopiu.net\/wordpress\/wp-content\/uploads\/2018\/09\/WhatsApp-Image-2018-09-20-at-16.04.06.jpeg?resize=768%2C96&amp;ssl=1 768w\" alt=\"\" width=\"800\" height=\"100\" data-lazy-loaded=\"1\" \/><\/a><\/p>\n<div style=\"text-align: left;\"><\/div>\n<\/div>\n<\/div>\n<\/div>\n<\/div>\n<\/div>\n<\/div>\n<\/div>\n<\/div>\n<div>\n<div>\n<div>\n<div><center><b>Sabato 24<\/b><\/center><b>Tempo atteso: <\/b>Al mattino soleggiato con temporanei cirri e primi modesti cumuli per nascente attivit\u00e0 cumuliforme. Al pomeriggio parziale riduzione del soleggiamento per contenuta attivit\u00e0 cumuliforme senza altri effetti. Verso sera in qualche singolo caso qualche addensamento potrebbe svilupparsi ulteriormente e dare luogo a qualche isolato fenomeno convettivo. Contesto termico estivo.<br \/>\n<b>Precipitazioni: <\/b>In giornata assenti (0%). Nel tardo pomeriggio\/sera lieve rischio di qualche rovescio o temporale, specie a ridosso del Trentino e dell&#8217;Alto Adige (20\/30%). Altrove il rischio sar\u00e0 minore, anche se non escluso.<br \/>\n<b>Temperature: <\/b>In generale lieve aumento. Sono previste punte di 29\/31\u00b0C nei fondovalle prealpini e di 24\/26\u00b0C a 1000\/1200 m. Su Prealpi a 1500 m min 13\u00b0C, max 20\u00b0C, a 2000 m min 11\u00b0C, max 17\u00b0C, su Dolomiti a 2000 m min 10\u00b0C, max 18\u00b0C, a 3000 m min 7\u00b0C, max 9\u00b0C.<br \/>\n<b>Venti: <\/b>Nelle valli perlopi\u00f9 deboli a regime di brezza, a tratti e localmente moderati nei posti solitamente pi\u00f9 ventilati; in quota moderati occidentali al mattino e tesi\/forti da sud-ovest al pomeriggio, a 5-15 km\/h a 2000 m e 20-40 km\/h a 3000 m.<\/div>\n<\/div>\n<\/div>\n<\/div>\n<\/div>\n<\/div>\n<\/div>\n<\/div>\n<\/div>\n<\/div>\n<\/div>\n<\/div>\n<\/div>\n<\/div>\n<\/div>\n<\/div>\n<\/div>\n<\/div>\n<\/div>\n<\/div>\n<\/div>\n<\/div>\n<\/div>\n<\/div>\n<hr \/>\n<p><center><b>Domenica 25<\/b><\/center><b>Tempo atteso: <\/b>Al mattino tratti soleggiati, anche ampi, e transito di nubi medio-alte stratiformi, assieme ai primi cumuli. Al pomeriggio ulteriore riduzione degli spazi soleggiati per attivit\u00e0 cumuliforme di maggiore sviluppo, pi\u00f9 presente sulle Dolomiti. Il vento sostenuto in quota potrebbe ostacolare o limitare in parte l&#8217;instabilit\u00e0 convettiva, per\u00f2 non impedire del tutto che qualche focolaio temporalesco si verifichi. Il contesto termico rimarr\u00e0 estivo.<br \/>\n<b>Precipitazioni: <\/b>Al mattino probabilit\u00e0 bassa (0%). Al pomeriggio e alla sera probabilit\u00e0 medio-bassa (20\/30%) per qualche rovescio o temporale, pi\u00f9 probabile a ridosso del Trentino e dell&#8217;Alto Adige (40%), in ogni caso si tratter\u00e0 di fenomeni piuttosto puntuali e su molti settori non piover\u00e0 affatto.<br \/>\n<b>Temperature: <\/b>Minime in diminuzione in quota e stazionarie nelle valli; massime in leggera flessione. Sono previste punte di 29\/30\u00b0C nei fondovalle prealpini e di 23\/25\u00b0C a 1000\/1200 m. Su Prealpi a 1500 m min 13\u00b0C, max 18\u00b0C, a 2000 m min 11\u00b0C, max 15\u00b0C, su Dolomiti a 2000 m min 10\u00b0C, max 16\u00b0C, a 3000 m min 6\u00b0C, max 7\u00b0C.<br \/>\n<b>Venti: <\/b>Nelle valli perlopi\u00f9 deboli a regime di brezza, a tratti e localmente moderati nei posti solitamente pi\u00f9 ventilati; in quota moderati\/tesi sud-occidentali, in leggera attenuazione al pomeriggio, a 10-25 km\/h a 2000 m e 25-45 km\/h a 3000 m.<\/p>\n<hr \/>\n<p><center><b>Lunedi 26<\/b><\/center>Qualche tratto soleggiato e maggiore nuvolosit\u00e0 rispetto ai giorni precedenti. Al pomeriggio e alla sera forte attivit\u00e0 cumuliforme associata a rovesci e temporali. Temperature in calo, salvo aumento o stazionarit\u00e0 delle minime nelle valli. Venti deboli di direzione variabile nelle valli, con eventuali forti raffiche nelle fasi temporalesche; in quota moderati da sud-ovest, a tratti tesi sulle cime pi\u00f9 alte e sulle dorsali prealpine.<\/p>\n<hr \/>\n<p><center><b>Martedi 27<\/b><\/center>Situazione ancora in parte instabile, ma in maniera minore rispetto a luned\u00ec. Ci saranno momenti soleggiati, pi\u00f9 probabili al mattino, in un contesto irregolarmente nuvoloso, a tratti molto nuvoloso per addensamenti associati a nuovi rovesci e temporali. Temperature in ulteriore lieve calo, eccetto stazionariet\u00e0 delle minime nei fondovalle. Venti deboli di direzione variabile nelle valli, con eventuali raffiche in caso di nuove fasi temporalesche; in quota deboli\/moderati da sud-ovest. Previsore: R.L.Th.<\/p>\n<p>&nbsp;<\/p>\n<p>&nbsp;<\/p>\n<hr \/>\n<p>&nbsp;<\/p>\n<p><img loading=\"lazy\" decoding=\"async\" class=\"aligncenter wp-image-60761 size-full\" src=\"https:\/\/www.radiopiu.net\/wordpress\/wp-content\/uploads\/2018\/09\/sport.jpg\" alt=\"\" width=\"800\" height=\"100\" srcset=\"https:\/\/www.radiopiu.net\/wordpress\/wp-content\/uploads\/2018\/09\/sport.jpg 800w, https:\/\/www.radiopiu.net\/wordpress\/wp-content\/uploads\/2018\/09\/sport-300x38.jpg 300w, https:\/\/www.radiopiu.net\/wordpress\/wp-content\/uploads\/2018\/09\/sport-768x96.jpg 768w\" sizes=\"auto, (max-width: 800px) 100vw, 800px\" \/><\/p>\n<p>&nbsp;<\/p>\n<blockquote>\n<h2>MILOS GANZ e EDGAR DE TONI CONFERMATI ALL\u2019OMBRA DEL CIVETTA<\/h2>\n<p><strong>ALLA RADIO\u00a0<\/strong><\/p>\n<audio class=\"wp-audio-shortcode\" id=\"audio-223529-26\" preload=\"none\" style=\"width: 100%;\" controls=\"controls\"><source type=\"audio\/mpeg\" src=\"https:\/\/www.radiopiu.net\/wordpress\/wp-content\/uploads\/2021\/07\/ROBERTO-MIANA.mp3?_=26\" \/><a href=\"https:\/\/www.radiopiu.net\/wordpress\/wp-content\/uploads\/2021\/07\/ROBERTO-MIANA.mp3\">https:\/\/www.radiopiu.net\/wordpress\/wp-content\/uploads\/2021\/07\/ROBERTO-MIANA.mp3<\/a><\/audio>\n<p>&nbsp;<\/p><\/blockquote>\n<p><strong>di ROBERTO MIANA\u00a0<\/strong><\/p>\n<blockquote><p><em>Conferme pesanti giungono dal sodalizio alleghese, che con grande soddisfazione conferma nel proprio roster due pedine di elevato spessore quali Milos Ganz nel reparto difensivo e Edgar De Toni in quello offensivo.<\/em><\/p><\/blockquote>\n<p><a href=\"https:\/\/www.radiopiu.net\/wordpress\/milos-ganz-e-edgar-de-toni-confermati-allombra-del-civetta\/3e560689-bced-4957-acd5-1b3811f9240f\/\" rel=\"attachment wp-att-223641\"><img loading=\"lazy\" decoding=\"async\" class=\"size-medium wp-image-223641 alignleft\" src=\"https:\/\/www.radiopiu.net\/wordpress\/wp-content\/uploads\/2021\/07\/3e560689-bced-4957-acd5-1b3811f9240f-300x200.jpg\" alt=\"\" width=\"300\" height=\"200\" srcset=\"https:\/\/www.radiopiu.net\/wordpress\/wp-content\/uploads\/2021\/07\/3e560689-bced-4957-acd5-1b3811f9240f-300x200.jpg 300w, https:\/\/www.radiopiu.net\/wordpress\/wp-content\/uploads\/2021\/07\/3e560689-bced-4957-acd5-1b3811f9240f-768x511.jpg 768w, https:\/\/www.radiopiu.net\/wordpress\/wp-content\/uploads\/2021\/07\/3e560689-bced-4957-acd5-1b3811f9240f.jpg 1024w\" sizes=\"auto, (max-width: 300px) 100vw, 300px\" \/><\/a><strong>Milos Ganz<\/strong> \u00e8 uno dei difensori alleghesi di maggiore esperienza. Classe 1990, colonna portante della retroguardia biancorossa \u00e8 dotato di un buon tiro che ne fa un giocatore completo. Pu\u00f2 vantare 280 presenze in serie A e dal suo esordio in prima squadra nella stagione 2006\/2007 ha collezionato un totale di 432 gare con 24 reti e 41 assist. Milos, con la consueta disponibilit\u00e0, ci racconta che dalla nuova stagione si aspetta soprattutto la crescita dei giovani. Ci sono alcuni giocatori che non calcheranno il ghiaccio ancora per molti anni e spera che le nuove leve abbiano la possibilita\u0300 di mettersi in gioco facendo esperienza, portando avanti la storia e tradizione dell\u2019Alleghe Hockey. Per quanto riguarda il cambiamento avvenuto sul pancone, Milos ci dice che Alessandro (Fontana n.d.r.) lo conosce perch\u00e9 gia\u0300 suo allenatore in passato, coach professionale e molto ben preparato in tutte le situazioni di gioco \u00e8 sicuro che fara\u0300 un ottimo lavoro. Infine ci confida che quest&#8217;anno era in dubbio se continuare a giocare, ma ha deciso di esserci perch\u00e9 per lui il richiamo dell&#8217;hockey \u00e8 molto forte, non potr\u00e0 essere sempre presente ma con grande professionalit\u00e0 far\u00e0 del suo meglio per aiutare i compagni ed allo stesso tempo onorare la maglia.<\/p>\n<p><a href=\"https:\/\/www.radiopiu.net\/wordpress\/milos-ganz-e-edgar-de-toni-confermati-allombra-del-civetta\/ae170a0c-56ee-4154-92f0-b4b41f6e554b\/\" rel=\"attachment wp-att-223640\"><img loading=\"lazy\" decoding=\"async\" class=\"size-medium wp-image-223640 alignleft\" src=\"https:\/\/www.radiopiu.net\/wordpress\/wp-content\/uploads\/2021\/07\/ae170a0c-56ee-4154-92f0-b4b41f6e554b-300x220.jpg\" alt=\"\" width=\"300\" height=\"220\" srcset=\"https:\/\/www.radiopiu.net\/wordpress\/wp-content\/uploads\/2021\/07\/ae170a0c-56ee-4154-92f0-b4b41f6e554b-300x220.jpg 300w, https:\/\/www.radiopiu.net\/wordpress\/wp-content\/uploads\/2021\/07\/ae170a0c-56ee-4154-92f0-b4b41f6e554b-768x563.jpg 768w, https:\/\/www.radiopiu.net\/wordpress\/wp-content\/uploads\/2021\/07\/ae170a0c-56ee-4154-92f0-b4b41f6e554b.jpg 1024w\" sizes=\"auto, (max-width: 300px) 100vw, 300px\" \/><\/a><strong>Edgar De Toni<\/strong> \u00e8 una delle giovani punte di diamante dell\u2019attacco agordino. Classe 2000, continuer\u00e0 a difendere i colori della squadra alleghese nonostante le \u201csirene\u201d che ogni estate lo vorrebbero lontano dal \u201cDe Toni\u201d. Nell\u2019ultima stagione ha fatto registrare 22 punti in 16 partite, frutto di 10 gol e 12 assist. Nella prima squadra delle Civette, dal suo esordio nel 2016\/2017, in 118 gare ha messo a referto 33 reti e 39 assist.<br \/>\nEdgar vede cos\u00ec la nuova stagione: \u201cSara\u0300 un campionato competitivo, noi abbiamo ritrovato i ragazzi che l&#8217;anno scorso si erano fermati precauzionalmente a causa del Covid, siamo un bel gruppo che si e\u0300 creato negli anni e faremo del nostro meglio per competere con tutti e mantenerci nelle zone alte della classifica. Ci auguriamo tutti che ritorni il pubblico sugli spalti, perch\u00e9 non \u00e8 bello per nessuno giocare in palazzetti completamente deserti. Il nostro nuovo allenatore Alessandro (Fontana n.d.r.) lo conosco dalle giovanili, mi ha allenato per alcuni anni ed \u00e8 proprio lui che mi ha fatto esordire in serie B qualche anno fa. Faremo del nostro meglio per soddisfare le sue richieste ed apprendere gli insegnamenti, magari cambiera\u0300 il gioco a cui siamo abituati, pero\u0300 sono sicuro che ci troveremo bene con lui, \u00e8 un ottimo allenatore oltre che una bravissima persona\u201d.<\/p>\n","protected":false},"excerpt":{"rendered":"<p>GRUPPO FACEBOOK: RADIO PIU EMITTENTE AGORDINA, ISCRIZIONE GRATUITA &nbsp; OGGI IL CONCERTO &#8220;LA MIA TERRA&#8221; CON ROBY FACCHINETTI diretta facebook, telegram e sito internet radio pi\u00f9 APERTURA RASSEGNA STAMPA DELLE OTTO di mirko mezzacasa\u00a0 &nbsp; \u00a0Renzo Minella direttore marketing Ski Area San Pellegrino &nbsp; &nbsp; &nbsp; PELMO D&#8217;ORO, OGGI LE PREMIAZIONI A CESIOMAGGIORE Edizione numero&hellip;<\/p>\n","protected":false},"author":4,"featured_media":223755,"comment_status":"closed","ping_status":"open","sticky":false,"template":"","format":"standard","meta":{"_monsterinsights_skip_tracking":false,"_monsterinsights_sitenote_active":false,"_monsterinsights_sitenote_note":"","_monsterinsights_sitenote_category":0,"footnotes":""},"categories":[1,51,86,49],"tags":[],"class_list":["post-223529","post","type-post","status-publish","format-standard","has-post-thumbnail","hentry","category-senza-categoria","category-evidenza-top","category-gr","category-news-18","category-1","category-51","category-86","category-49","description-off"],"img_url":"https:\/\/www.radiopiu.net\/wordpress\/wp-content\/uploads\/2021\/07\/DSC03935_3_la-mia-terra_falcade.jpg","_links":{"self":[{"href":"https:\/\/www.radiopiu.net\/wordpress\/wp-json\/wp\/v2\/posts\/223529","targetHints":{"allow":["GET"]}}],"collection":[{"href":"https:\/\/www.radiopiu.net\/wordpress\/wp-json\/wp\/v2\/posts"}],"about":[{"href":"https:\/\/www.radiopiu.net\/wordpress\/wp-json\/wp\/v2\/types\/post"}],"author":[{"embeddable":true,"href":"https:\/\/www.radiopiu.net\/wordpress\/wp-json\/wp\/v2\/users\/4"}],"replies":[{"embeddable":true,"href":"https:\/\/www.radiopiu.net\/wordpress\/wp-json\/wp\/v2\/comments?post=223529"}],"version-history":[{"count":0,"href":"https:\/\/www.radiopiu.net\/wordpress\/wp-json\/wp\/v2\/posts\/223529\/revisions"}],"wp:featuredmedia":[{"embeddable":true,"href":"https:\/\/www.radiopiu.net\/wordpress\/wp-json\/wp\/v2\/media\/223755"}],"wp:attachment":[{"href":"https:\/\/www.radiopiu.net\/wordpress\/wp-json\/wp\/v2\/media?parent=223529"}],"wp:term":[{"taxonomy":"category","embeddable":true,"href":"https:\/\/www.radiopiu.net\/wordpress\/wp-json\/wp\/v2\/categories?post=223529"},{"taxonomy":"post_tag","embeddable":true,"href":"https:\/\/www.radiopiu.net\/wordpress\/wp-json\/wp\/v2\/tags?post=223529"}],"curies":[{"name":"wp","href":"https:\/\/api.w.org\/{rel}","templated":true}]}}