{"id":223638,"date":"2021-07-24T05:40:17","date_gmt":"2021-07-24T03:40:17","guid":{"rendered":"https:\/\/www.radiopiu.net\/wordpress\/?p=223638"},"modified":"2021-07-24T06:00:31","modified_gmt":"2021-07-24T04:00:31","slug":"milos-ganz-e-edgar-de-toni-confermati-allombra-del-civetta","status":"publish","type":"post","link":"https:\/\/www.radiopiu.net\/wordpress\/milos-ganz-e-edgar-de-toni-confermati-allombra-del-civetta\/","title":{"rendered":"MILOS GANZ e EDGAR DE TONI CONFERMATI ALL\u2019OMBRA DEL CIVETTA"},"content":{"rendered":"<p><strong>di ROBERTO MIANA\u00a0<\/strong><\/p>\n<blockquote><p><em>Conferme pesanti giungono dal sodalizio alleghese, che con grande soddisfazione conferma nel proprio roster due pedine di elevato spessore quali Milos Ganz nel reparto difensivo e Edgar De Toni in quello offensivo.<\/em><\/p><\/blockquote>\n<p><a href=\"https:\/\/www.radiopiu.net\/wordpress\/milos-ganz-e-edgar-de-toni-confermati-allombra-del-civetta\/3e560689-bced-4957-acd5-1b3811f9240f\/\" rel=\"attachment wp-att-223641\"><img loading=\"lazy\" decoding=\"async\" class=\"size-medium wp-image-223641 alignleft\" src=\"https:\/\/www.radiopiu.net\/wordpress\/wp-content\/uploads\/2021\/07\/3e560689-bced-4957-acd5-1b3811f9240f-300x200.jpg\" alt=\"\" width=\"300\" height=\"200\" srcset=\"https:\/\/www.radiopiu.net\/wordpress\/wp-content\/uploads\/2021\/07\/3e560689-bced-4957-acd5-1b3811f9240f-300x200.jpg 300w, https:\/\/www.radiopiu.net\/wordpress\/wp-content\/uploads\/2021\/07\/3e560689-bced-4957-acd5-1b3811f9240f-768x511.jpg 768w, https:\/\/www.radiopiu.net\/wordpress\/wp-content\/uploads\/2021\/07\/3e560689-bced-4957-acd5-1b3811f9240f.jpg 1024w\" sizes=\"auto, (max-width: 300px) 100vw, 300px\" \/><\/a><strong>Milos Ganz<\/strong> \u00e8 uno dei difensori alleghesi di maggiore esperienza. Classe 1990, colonna portante della retroguardia biancorossa \u00e8 dotato di un buon tiro che ne fa un giocatore completo. Pu\u00f2 vantare 280 presenze in serie A e dal suo esordio in prima squadra nella stagione 2006\/2007 ha collezionato un totale di 432 gare con 24 reti e 41 assist. Milos, con la consueta disponibilit\u00e0, ci racconta che dalla nuova stagione si aspetta soprattutto la crescita dei giovani. Ci sono alcuni giocatori che non calcheranno il ghiaccio ancora per molti anni e spera che le nuove leve abbiano la possibilita\u0300 di mettersi in gioco facendo esperienza, portando avanti la storia e tradizione dell\u2019Alleghe Hockey. Per quanto riguarda il cambiamento avvenuto sul pancone, Milos ci dice che Alessandro (Fontana n.d.r.) lo conosce perch\u00e9 gia\u0300 suo allenatore in passato, coach professionale e molto ben preparato in tutte le situazioni di gioco \u00e8 sicuro che fara\u0300 un ottimo lavoro. Infine ci confida che quest&#8217;anno era in dubbio se continuare a giocare, ma ha deciso di esserci perch\u00e9 per lui il richiamo dell&#8217;hockey \u00e8 molto forte, non potr\u00e0 essere sempre presente ma con grande professionalit\u00e0 far\u00e0 del suo meglio per aiutare i compagni ed allo stesso tempo onorare la maglia.<\/p>\n<p><a href=\"https:\/\/www.radiopiu.net\/wordpress\/milos-ganz-e-edgar-de-toni-confermati-allombra-del-civetta\/ae170a0c-56ee-4154-92f0-b4b41f6e554b\/\" rel=\"attachment wp-att-223640\"><img loading=\"lazy\" decoding=\"async\" class=\"size-medium wp-image-223640 alignleft\" src=\"https:\/\/www.radiopiu.net\/wordpress\/wp-content\/uploads\/2021\/07\/ae170a0c-56ee-4154-92f0-b4b41f6e554b-300x220.jpg\" alt=\"\" width=\"300\" height=\"220\" srcset=\"https:\/\/www.radiopiu.net\/wordpress\/wp-content\/uploads\/2021\/07\/ae170a0c-56ee-4154-92f0-b4b41f6e554b-300x220.jpg 300w, https:\/\/www.radiopiu.net\/wordpress\/wp-content\/uploads\/2021\/07\/ae170a0c-56ee-4154-92f0-b4b41f6e554b-768x563.jpg 768w, https:\/\/www.radiopiu.net\/wordpress\/wp-content\/uploads\/2021\/07\/ae170a0c-56ee-4154-92f0-b4b41f6e554b.jpg 1024w\" sizes=\"auto, (max-width: 300px) 100vw, 300px\" \/><\/a><strong>Edgar De Toni<\/strong> \u00e8 una delle giovani punte di diamante dell\u2019attacco agordino. Classe 2000, continuer\u00e0 a difendere i colori della squadra alleghese nonostante le \u201csirene\u201d che ogni estate lo vorrebbero lontano dal \u201cDe Toni\u201d. Nell\u2019ultima stagione ha fatto registrare 22 punti in 16 partite, frutto di 10 gol e 12 assist. Nella prima squadra delle Civette, dal suo esordio nel 2016\/2017, in 118 gare ha messo a referto 33 reti e 39 assist.<br \/>\nEdgar vede cos\u00ec la nuova stagione: \u201cSara\u0300 un campionato competitivo, noi abbiamo ritrovato i ragazzi che l&#8217;anno scorso si erano fermati precauzionalmente a causa del Covid, siamo un bel gruppo che si e\u0300 creato negli anni e faremo del nostro meglio per competere con tutti e mantenerci nelle zone alte della classifica. Ci auguriamo tutti che ritorni il pubblico sugli spalti, perch\u00e9 non \u00e8 bello per nessuno giocare in palazzetti completamente deserti. Il nostro nuovo allenatore Alessandro (Fontana n.d.r.) lo conosco dalle giovanili, mi ha allenato per alcuni anni ed \u00e8 proprio lui che mi ha fatto esordire in serie B qualche anno fa. Faremo del nostro meglio per soddisfare le sue richieste ed apprendere gli insegnamenti, magari cambiera\u0300 il gioco a cui siamo abituati, pero\u0300 sono sicuro che ci troveremo bene con lui, \u00e8 un ottimo allenatore oltre che una bravissima persona\u201d.<\/p>\n","protected":false},"excerpt":{"rendered":"<p>di ROBERTO MIANA\u00a0 Conferme pesanti giungono dal sodalizio alleghese, che con grande soddisfazione conferma nel proprio roster due pedine di elevato spessore quali Milos Ganz nel reparto difensivo e Edgar De Toni in quello offensivo. Milos Ganz \u00e8 uno dei difensori alleghesi di maggiore esperienza. Classe 1990, colonna portante della retroguardia biancorossa \u00e8 dotato di&hellip;<\/p>\n","protected":false},"author":4,"featured_media":223639,"comment_status":"closed","ping_status":"open","sticky":false,"template":"","format":"standard","meta":{"_monsterinsights_skip_tracking":false,"_monsterinsights_sitenote_active":false,"_monsterinsights_sitenote_note":"","_monsterinsights_sitenote_category":0,"footnotes":""},"categories":[104,49],"tags":[],"class_list":["post-223638","post","type-post","status-publish","format-standard","has-post-thumbnail","hentry","category-evidenza_3","category-news-18","category-104","category-49","description-off"],"img_url":"https:\/\/www.radiopiu.net\/wordpress\/wp-content\/uploads\/2021\/07\/a9828523-ab03-4784-bcfb-d7261dd7355e.jpg","_links":{"self":[{"href":"https:\/\/www.radiopiu.net\/wordpress\/wp-json\/wp\/v2\/posts\/223638","targetHints":{"allow":["GET"]}}],"collection":[{"href":"https:\/\/www.radiopiu.net\/wordpress\/wp-json\/wp\/v2\/posts"}],"about":[{"href":"https:\/\/www.radiopiu.net\/wordpress\/wp-json\/wp\/v2\/types\/post"}],"author":[{"embeddable":true,"href":"https:\/\/www.radiopiu.net\/wordpress\/wp-json\/wp\/v2\/users\/4"}],"replies":[{"embeddable":true,"href":"https:\/\/www.radiopiu.net\/wordpress\/wp-json\/wp\/v2\/comments?post=223638"}],"version-history":[{"count":0,"href":"https:\/\/www.radiopiu.net\/wordpress\/wp-json\/wp\/v2\/posts\/223638\/revisions"}],"wp:featuredmedia":[{"embeddable":true,"href":"https:\/\/www.radiopiu.net\/wordpress\/wp-json\/wp\/v2\/media\/223639"}],"wp:attachment":[{"href":"https:\/\/www.radiopiu.net\/wordpress\/wp-json\/wp\/v2\/media?parent=223638"}],"wp:term":[{"taxonomy":"category","embeddable":true,"href":"https:\/\/www.radiopiu.net\/wordpress\/wp-json\/wp\/v2\/categories?post=223638"},{"taxonomy":"post_tag","embeddable":true,"href":"https:\/\/www.radiopiu.net\/wordpress\/wp-json\/wp\/v2\/tags?post=223638"}],"curies":[{"name":"wp","href":"https:\/\/api.w.org\/{rel}","templated":true}]}}