{"id":223702,"date":"2021-07-23T16:58:42","date_gmt":"2021-07-23T14:58:42","guid":{"rendered":"https:\/\/www.radiopiu.net\/wordpress\/?p=223702"},"modified":"2021-07-24T06:02:23","modified_gmt":"2021-07-24T04:02:23","slug":"il-benvenuto-a-sergio-dai-volontari-di-alleghe-e-caprile","status":"publish","type":"post","link":"https:\/\/www.radiopiu.net\/wordpress\/il-benvenuto-a-sergio-dai-volontari-di-alleghe-e-caprile\/","title":{"rendered":"IL\u00a0 BENVENUTO A SERGIO DAI VOLONTARI DI ALLEGHE E CAPRILE"},"content":{"rendered":"<blockquote>\n<h3><a href=\"https:\/\/www.radiopiu.net\/wordpress\/giornale-radiopiu-24-luglio-2021-direttore-mirko-mezzacasa\/221653818_1207763206318425_6101941180859999642_n\/\" rel=\"attachment wp-att-223701\"><img loading=\"lazy\" decoding=\"async\" class=\" wp-image-223701 alignleft\" src=\"https:\/\/www.radiopiu.net\/wordpress\/wp-content\/uploads\/2021\/07\/221653818_1207763206318425_6101941180859999642_n-300x225.jpg\" alt=\"\" width=\"212\" height=\"159\" srcset=\"https:\/\/www.radiopiu.net\/wordpress\/wp-content\/uploads\/2021\/07\/221653818_1207763206318425_6101941180859999642_n-300x225.jpg 300w, https:\/\/www.radiopiu.net\/wordpress\/wp-content\/uploads\/2021\/07\/221653818_1207763206318425_6101941180859999642_n.jpg 720w\" sizes=\"auto, (max-width: 212px) 100vw, 212px\" \/><\/a><\/h3>\n<\/blockquote>\n<p><strong>ALLEGHE<\/strong>\u00a0 Da pochi giorni il Vigile del Fuoco Volontario Sergio De Vallier \u00e8 operativo e prester\u00e0 servizio nel distaccamento a Caprile. Forze nuove per il\u00a0 gruppo operativo. &#8220;Fare la scelta di servire in un Corpo di Volontari a volte pu\u00f2 essere impegnativo ma vi possiamo garantire che la soddisfazione \u00e8 tanta quando si \u00e8 utili nel momento del bisogno -dicono i colleghi &#8211;\u00a0 a Sergio va un grande in bocca al lupo&#8217; da tutti noi e le congratulazioni per lo splendido risultato raggiunto &#8230;ci si vede sull&#8217; A.P.S&#8221;<\/p>\n<p>&nbsp;<\/p>\n<p>&nbsp;<\/p>\n<h2><span style=\"color: #ff0000;\">OGGI ALLA RADIO\u00a0<\/span><\/h2>\n<blockquote>\n<h3>DA GRANDE VOGLIO FARE IL POMPIERE, IL SOGNO SI REALIZZA PER 23 VOLONTARI DELLA PROVINCIA<\/h3>\n<\/blockquote>\n<blockquote><p><strong><a href=\"https:\/\/www.radiopiu.net\/wordpress\/?attachment_id=222509\" rel=\"attachment wp-att-222509\"><img loading=\"lazy\" decoding=\"async\" class=\"size-medium wp-image-222509 alignleft\" src=\"https:\/\/www.radiopiu.net\/wordpress\/wp-content\/uploads\/2021\/07\/7b3b4c7a-9421-4e33-96b9-7161270ef358-260x300.jpg\" alt=\"\" width=\"260\" height=\"300\" srcset=\"https:\/\/www.radiopiu.net\/wordpress\/wp-content\/uploads\/2021\/07\/7b3b4c7a-9421-4e33-96b9-7161270ef358-260x300.jpg 260w, https:\/\/www.radiopiu.net\/wordpress\/wp-content\/uploads\/2021\/07\/7b3b4c7a-9421-4e33-96b9-7161270ef358-888x1024.jpg 888w, https:\/\/www.radiopiu.net\/wordpress\/wp-content\/uploads\/2021\/07\/7b3b4c7a-9421-4e33-96b9-7161270ef358-768x886.jpg 768w, https:\/\/www.radiopiu.net\/wordpress\/wp-content\/uploads\/2021\/07\/7b3b4c7a-9421-4e33-96b9-7161270ef358.jpg 1080w\" sizes=\"auto, (max-width: 260px) 100vw, 260px\" \/><\/a><\/strong><\/p><\/blockquote>\n<p>Alessandro Bogo a Longarone; Luca Bolge a Feltre, Samuel Casanova a Costalissoio, Lorenzo Comis a Costalta, Igor De Mario Sartor a Costalissoio, Andrea De Toni ad Agordo, Sergio De Vallier a Caprile, Luca Dell\u2019Andrea a Colle Santa Lucia, Jhonny Isotton a Feltre, Roberto Lorenzini a Selva di Cadore, Kevin Martini a Zoldo Alto, Riccardo Masarei a Colle Santa Lucia, Maura Mina Costalissoio, Giorgia Monico a Selva di Cadore, Marco Olivotti a Borca di Cadore, Claudio Panciera a Zoldo Alto, Roberto Pocchiesa Vecchiuto a Padola, Marco Pontil Fabbro a Costalissoio, Valentina Savi a Belluno, Davide Scalon a Longarone, Marco Vuerich a Pieve d\u2019Alpago, Elvis Zanicolo e Nicola Zuliani a Selva di Cadore.<\/p>\n<p>&nbsp;<\/p>\n<p>&nbsp;<\/p>\n<p>&nbsp;<\/p>\n<p>&nbsp;<\/p>\n","protected":false},"excerpt":{"rendered":"<p>ALLEGHE\u00a0 Da pochi giorni il Vigile del Fuoco Volontario Sergio De Vallier \u00e8 operativo e prester\u00e0 servizio nel distaccamento a Caprile. Forze nuove per il\u00a0 gruppo operativo. &#8220;Fare la scelta di servire in un Corpo di Volontari a volte pu\u00f2 essere impegnativo ma vi possiamo garantire che la soddisfazione \u00e8 tanta quando si \u00e8 utili&hellip;<\/p>\n","protected":false},"author":4,"featured_media":223701,"comment_status":"closed","ping_status":"open","sticky":false,"template":"","format":"standard","meta":{"_monsterinsights_skip_tracking":false,"_monsterinsights_sitenote_active":false,"_monsterinsights_sitenote_note":"","_monsterinsights_sitenote_category":0,"footnotes":""},"categories":[104,49],"tags":[],"class_list":["post-223702","post","type-post","status-publish","format-standard","has-post-thumbnail","hentry","category-evidenza_3","category-news-18","category-104","category-49","description-off"],"img_url":"https:\/\/www.radiopiu.net\/wordpress\/wp-content\/uploads\/2021\/07\/221653818_1207763206318425_6101941180859999642_n.jpg","_links":{"self":[{"href":"https:\/\/www.radiopiu.net\/wordpress\/wp-json\/wp\/v2\/posts\/223702","targetHints":{"allow":["GET"]}}],"collection":[{"href":"https:\/\/www.radiopiu.net\/wordpress\/wp-json\/wp\/v2\/posts"}],"about":[{"href":"https:\/\/www.radiopiu.net\/wordpress\/wp-json\/wp\/v2\/types\/post"}],"author":[{"embeddable":true,"href":"https:\/\/www.radiopiu.net\/wordpress\/wp-json\/wp\/v2\/users\/4"}],"replies":[{"embeddable":true,"href":"https:\/\/www.radiopiu.net\/wordpress\/wp-json\/wp\/v2\/comments?post=223702"}],"version-history":[{"count":0,"href":"https:\/\/www.radiopiu.net\/wordpress\/wp-json\/wp\/v2\/posts\/223702\/revisions"}],"wp:featuredmedia":[{"embeddable":true,"href":"https:\/\/www.radiopiu.net\/wordpress\/wp-json\/wp\/v2\/media\/223701"}],"wp:attachment":[{"href":"https:\/\/www.radiopiu.net\/wordpress\/wp-json\/wp\/v2\/media?parent=223702"}],"wp:term":[{"taxonomy":"category","embeddable":true,"href":"https:\/\/www.radiopiu.net\/wordpress\/wp-json\/wp\/v2\/categories?post=223702"},{"taxonomy":"post_tag","embeddable":true,"href":"https:\/\/www.radiopiu.net\/wordpress\/wp-json\/wp\/v2\/tags?post=223702"}],"curies":[{"name":"wp","href":"https:\/\/api.w.org\/{rel}","templated":true}]}}