{"id":223787,"date":"2021-07-24T23:59:25","date_gmt":"2021-07-24T21:59:25","guid":{"rendered":"https:\/\/www.radiopiu.net\/wordpress\/?p=223787"},"modified":"2021-07-25T07:31:11","modified_gmt":"2021-07-25T05:31:11","slug":"il-circolo-ricreativo-della-maglia-di-cencenighe-contro-la-violenza-sulle-donne","status":"publish","type":"post","link":"https:\/\/www.radiopiu.net\/wordpress\/il-circolo-ricreativo-della-maglia-di-cencenighe-contro-la-violenza-sulle-donne\/","title":{"rendered":"IL CIRCOLO RICREATIVO DELLA MAGLIA DI CENCENIGHE CONTRO LA VIOLENZA SULLE DONNE"},"content":{"rendered":"<p><strong>di Luisa Manfroi<\/strong><\/p>\n<p><strong>CENCENIGHE<\/strong> Il \u201cCircolo ricreativo della maglia\u201d di Cencenighe prosegue incessante la sua attivit\u00e0, malgrado l\u2019emergenza sanitaria che nell\u2019ultimo anno e mezzo ha limitato\u00a0 la possibilit\u00e0 di potersi incontrare di persona due pomeriggi alla settimana nella sede della biblioteca comunale. L\u2019impegno delle signore, espertissime nell\u2019arte del lavoro a maglia, \u00e8 sempre stato presente. S\u00ec, perch\u00e9 neppure la pandemia \u00e8 riuscita a fermare la voglia\u00a0 di lavorare a ferri o all\u2019uncinetto che \u00e8 stata determinante per il gruppo di amiche che in otto anni\u00a0 ha fatto davvero molto, sia in termini di produzione\u00a0 che di solidariet\u00e0, come conferma una componente:\u00a0 \u00abI lavori sono diventati tanti ed abbiamo pensato di renderli utili partecipando alla \u201cFiera di Sant\u2019Andrea\u201d\u00a0 e le donazioni ricevute sono state consegnate alle realt\u00e0 del nostro paese (scuola dell\u2019infanzia, asilo nido, scuola primaria, Parrocchia) oppure ai terremotati, al comune per il disastro Vaia, alla Ussl Dolomiti per l\u2019emergenza Covid\u00bb. E in un momento in cui la tecnologia impera, riscoprire il valore della manualit\u00e0 \u00e8 un incentivo gratificante per la creativit\u00e0 che coinvolge anche qualche giovane componente. Spinte dalla motivazione che va oltre il desiderio di trovarsi per fare qualcosa insieme, recentemente le donne del circolo hanno deciso di aderire all\u2019iniziativa\u00a0 \u201cViva Vittoria Tre Cime di Lavaredo\u201d contro la violenza verso le donne. Con l\u2019entusiasmo che le caratterizza, si sono date da fare producendo abilmente tantissimi quadrati colorati\u00a0 di 50 centimetri x 50\u00a0 realizzati ai ferri o uncinetto che poi saranno uniti con filo rosso per formare una mega-coperta che il 4 settembre sar\u00e0 stesa ai piedi delle Tre Cime di Lavaredo.\u00a0 I fondi ricavati dalla vendita delle coperte\u00a0 saranno devoluti a sostegno di associazioni contro la violenza sulle donne. \u00abPer questo dobbiamo dire un enorme \u201cgrazie\u201d per averci aiutato ad arrivare a circa duecento quadrati (una bella parte di coperta), a tante amiche e conoscenti non solo di Cencenighe ma di Falcade, Canale, San Tomaso e persino ad un\u2019amica di La Spezia, un esempio che anche un solo \u201cquadrato\u201d unito a tanti altri pu\u00f2 essere simbolo di solidariet\u00e0\u00bb.<\/p>\n\n\t\t\t<style type='text\/css'>\n\t\t\t\t#gallery-1 {\n\t\t\t\t\tmargin: auto;\n\t\t\t\t}\n\t\t\t\t#gallery-1 .gallery-item {\n\t\t\t\t\tfloat: left;\n\t\t\t\t\tmargin-top: 10px;\n\t\t\t\t\ttext-align: center;\n\t\t\t\t\twidth: 50%;\n\t\t\t\t}\n\t\t\t\t#gallery-1 img {\n\t\t\t\t\tborder: 2px solid #cfcfcf;\n\t\t\t\t}\n\t\t\t\t#gallery-1 .gallery-caption {\n\t\t\t\t\tmargin-left: 0;\n\t\t\t\t}\n\t\t\t\t\/* see gallery_shortcode() in wp-includes\/media.php *\/\n\t\t\t<\/style>\n\t\t<div id='gallery-1' class='dt-gallery-container gallery galleryid-223787 gallery-columns-2 gallery-size-medium'><dl class='gallery-item'>\n\t\t\t\t<dt class='gallery-icon portrait'>\n\t\t\t\t\t<a class=\"rollover rollover-zoom dt-pswp-item\" title=\"IMG-20210721-WA0004\" data-dt-img-description=\"\" data-large_image_width=\"1200\" data-large_image_height=\"1600\"href='https:\/\/www.radiopiu.net\/wordpress\/wp-content\/uploads\/2021\/07\/IMG-20210721-WA0004.jpg'><img loading=\"lazy\" decoding=\"async\" width=\"225\" height=\"300\" src=\"https:\/\/www.radiopiu.net\/wordpress\/wp-content\/uploads\/2021\/07\/IMG-20210721-WA0004-225x300.jpg\" class=\"attachment-medium size-medium\" alt=\"\" srcset=\"https:\/\/www.radiopiu.net\/wordpress\/wp-content\/uploads\/2021\/07\/IMG-20210721-WA0004-225x300.jpg 225w, https:\/\/www.radiopiu.net\/wordpress\/wp-content\/uploads\/2021\/07\/IMG-20210721-WA0004-768x1024.jpg 768w, https:\/\/www.radiopiu.net\/wordpress\/wp-content\/uploads\/2021\/07\/IMG-20210721-WA0004-1152x1536.jpg 1152w, https:\/\/www.radiopiu.net\/wordpress\/wp-content\/uploads\/2021\/07\/IMG-20210721-WA0004.jpg 1200w\" sizes=\"auto, (max-width: 225px) 100vw, 225px\" \/><\/a>\n\t\t\t\t<\/dt><\/dl><dl class='gallery-item'>\n\t\t\t\t<dt class='gallery-icon portrait'>\n\t\t\t\t\t<a class=\"rollover rollover-zoom dt-pswp-item\" title=\"IMG-20210721-WA0003\" data-dt-img-description=\"\" data-large_image_width=\"960\" data-large_image_height=\"1600\"href='https:\/\/www.radiopiu.net\/wordpress\/wp-content\/uploads\/2021\/07\/IMG-20210721-WA0003.jpg'><img loading=\"lazy\" decoding=\"async\" width=\"180\" height=\"300\" src=\"https:\/\/www.radiopiu.net\/wordpress\/wp-content\/uploads\/2021\/07\/IMG-20210721-WA0003-180x300.jpg\" class=\"attachment-medium size-medium\" alt=\"\" srcset=\"https:\/\/www.radiopiu.net\/wordpress\/wp-content\/uploads\/2021\/07\/IMG-20210721-WA0003-180x300.jpg 180w, https:\/\/www.radiopiu.net\/wordpress\/wp-content\/uploads\/2021\/07\/IMG-20210721-WA0003-614x1024.jpg 614w, https:\/\/www.radiopiu.net\/wordpress\/wp-content\/uploads\/2021\/07\/IMG-20210721-WA0003-768x1280.jpg 768w, https:\/\/www.radiopiu.net\/wordpress\/wp-content\/uploads\/2021\/07\/IMG-20210721-WA0003-922x1536.jpg 922w, https:\/\/www.radiopiu.net\/wordpress\/wp-content\/uploads\/2021\/07\/IMG-20210721-WA0003.jpg 960w\" sizes=\"auto, (max-width: 180px) 100vw, 180px\" \/><\/a>\n\t\t\t\t<\/dt><\/dl><br style=\"clear: both\" \/>\n\t\t\t<\/div>\n\n<p>&nbsp;<\/p>\n<p>&nbsp;<\/p>\n<p>&nbsp;<\/p>\n<p>*****<\/p>\n","protected":false},"excerpt":{"rendered":"<p>di Luisa Manfroi CENCENIGHE Il \u201cCircolo ricreativo della maglia\u201d di Cencenighe prosegue incessante la sua attivit\u00e0, malgrado l\u2019emergenza sanitaria che nell\u2019ultimo anno e mezzo ha limitato\u00a0 la possibilit\u00e0 di potersi incontrare di persona due pomeriggi alla settimana nella sede della biblioteca comunale. L\u2019impegno delle signore, espertissime nell\u2019arte del lavoro a maglia, \u00e8 sempre stato presente.&hellip;<\/p>\n","protected":false},"author":4,"featured_media":223790,"comment_status":"closed","ping_status":"open","sticky":false,"template":"","format":"standard","meta":{"_monsterinsights_skip_tracking":false,"_monsterinsights_sitenote_active":false,"_monsterinsights_sitenote_note":"","_monsterinsights_sitenote_category":0,"footnotes":""},"categories":[104,49],"tags":[],"class_list":["post-223787","post","type-post","status-publish","format-standard","has-post-thumbnail","hentry","category-evidenza_3","category-news-18","category-104","category-49","description-off"],"img_url":"https:\/\/www.radiopiu.net\/wordpress\/wp-content\/uploads\/2021\/07\/IMG-20210721-WA0003.jpg","_links":{"self":[{"href":"https:\/\/www.radiopiu.net\/wordpress\/wp-json\/wp\/v2\/posts\/223787","targetHints":{"allow":["GET"]}}],"collection":[{"href":"https:\/\/www.radiopiu.net\/wordpress\/wp-json\/wp\/v2\/posts"}],"about":[{"href":"https:\/\/www.radiopiu.net\/wordpress\/wp-json\/wp\/v2\/types\/post"}],"author":[{"embeddable":true,"href":"https:\/\/www.radiopiu.net\/wordpress\/wp-json\/wp\/v2\/users\/4"}],"replies":[{"embeddable":true,"href":"https:\/\/www.radiopiu.net\/wordpress\/wp-json\/wp\/v2\/comments?post=223787"}],"version-history":[{"count":0,"href":"https:\/\/www.radiopiu.net\/wordpress\/wp-json\/wp\/v2\/posts\/223787\/revisions"}],"wp:featuredmedia":[{"embeddable":true,"href":"https:\/\/www.radiopiu.net\/wordpress\/wp-json\/wp\/v2\/media\/223790"}],"wp:attachment":[{"href":"https:\/\/www.radiopiu.net\/wordpress\/wp-json\/wp\/v2\/media?parent=223787"}],"wp:term":[{"taxonomy":"category","embeddable":true,"href":"https:\/\/www.radiopiu.net\/wordpress\/wp-json\/wp\/v2\/categories?post=223787"},{"taxonomy":"post_tag","embeddable":true,"href":"https:\/\/www.radiopiu.net\/wordpress\/wp-json\/wp\/v2\/tags?post=223787"}],"curies":[{"name":"wp","href":"https:\/\/api.w.org\/{rel}","templated":true}]}}