{"id":223795,"date":"2021-07-24T11:36:40","date_gmt":"2021-07-24T09:36:40","guid":{"rendered":"https:\/\/www.radiopiu.net\/wordpress\/?p=223795"},"modified":"2021-07-24T11:36:40","modified_gmt":"2021-07-24T09:36:40","slug":"tra-complessita-burocratiche-e-debiti-commerciali-la-pa-grava-sulle-pmi-venete-per-10-miliardi","status":"publish","type":"post","link":"https:\/\/www.radiopiu.net\/wordpress\/tra-complessita-burocratiche-e-debiti-commerciali-la-pa-grava-sulle-pmi-venete-per-10-miliardi\/","title":{"rendered":"TRA COMPLESSITA\u2019 BUROCRATICHE E DEBITI COMMERCIALI, LA PA GRAVA SULLE PMI VENETE PER 10 MILIARDI"},"content":{"rendered":"<p><a class=\"dt-pswp-item\" href=\"https:\/\/www.radiopiu.net\/wordpress\/wp-content\/uploads\/2021\/07\/Schermata-2021-07-24-alle-11.34.11.png\" data-dt-img-description=\"\" data-large_image_width=\"634\" data-large_image_height=\"506\"><img loading=\"lazy\" decoding=\"async\" class=\"alignleft size-medium wp-image-223797\" src=\"https:\/\/www.radiopiu.net\/wordpress\/wp-content\/uploads\/2021\/07\/Schermata-2021-07-24-alle-11.34.11-300x239.png\" alt=\"\" width=\"300\" height=\"239\" srcset=\"https:\/\/www.radiopiu.net\/wordpress\/wp-content\/uploads\/2021\/07\/Schermata-2021-07-24-alle-11.34.11-300x239.png 300w, https:\/\/www.radiopiu.net\/wordpress\/wp-content\/uploads\/2021\/07\/Schermata-2021-07-24-alle-11.34.11.png 634w\" sizes=\"auto, (max-width: 300px) 100vw, 300px\" \/><\/a>Se al 31 dicembre scorso avessimo sommato i costi che pesano annualmente sulle imprese venete a causa della complessit\u00e0 burocratica generata da una macchina statale spesso inefficiente (pari a 5,3 miliardi di euro) e l\u2019ammontare dei mancati pagamenti di parte corrente che la Pubblica Amministrazione (PA) ha nei confronti dei propri fornitori (attorno ai 4,7 miliardi di euro), avremo scoperto che sulle spalle degli imprenditori della nostra regione grava un fardello da 10 miliardi di euro (vedi Tab. 1). A segnalarlo \u00e8 l\u2019Ufficio studi della CGIA.<\/p>\n<p>Se ancora ce ne fosse bisogno, queste cifre sono la dimostrazione plastica che le nostre aziende, soprattutto quelle di piccola dimensione, a causa di una burocrazia cieca e ottusa subiscono dei danni economici ingiustificabili; per molti, infatti, adempiere a procedure e scadenze \u00e8 diventata un\u2019impresa impossibile. Senza contare che la PA, nonostante la sentenza di condanna inflittaci dalla Corte di Giustizia Europea nel gennaio del 2020, continua a onorare con difficolt\u00e0 i debiti commerciali. Si pensi che l\u2019anno scorso, i mancati pagamenti nei confronti delle imprese italiane che hanno lavorato per lo Stato ammontavano a 10 miliardi di euro.<\/p>\n<p>Qualsiasi osservatore farebbe fatica a immaginare che in un Paese la PA possa rappresentare un ostacolo, anzich\u00e9 un elemento di sostegno e di crescita economica, in particolar modo nelle aree pi\u00f9 virtuose. Ma in Italia, purtroppo, le cose stanno diversamente. Intendiamoci, anche noi possiamo contare su punte di eccellenza della macchina pubblica da far invidia al resto d\u2019Europa, ma mediamente la nostra PA funziona poco, male ed \u00e8 un freno allo sviluppo. Si pensi che, in virt\u00f9 del Regional Competitiveness Index (RCI), in UE le regioni italiane si posizionano tutte nella parte medio-bassa della graduatoria. Pur essendo tra le pi\u00f9 virtuose, il Veneto, ad esempio, si trova al 128\u00b0 posto.<\/p>\n<p>La conferma di questo esito cos\u00ec negativo emerge anche dalla lettura dell\u2019ultima indagine effettuata nel 2019 dal Parlamento Europeo. Ebbene, la complessit\u00e0 delle procedure amministrative in capo alle aziende costituisce un problema per quasi 9 imprenditori italiani su 10. Nessun altro paese dell\u2019Area dell\u2019Euro ha registrato uno score peggiore del nostro. Rispetto alla media dei 19 Paesi monitorati, l\u2019Italia sconta un differenziale di ben 18 punti percentuali in pi\u00f9 (vedi Graf. 1).<\/p>\n<p>Il coacervo di norme, di regolamenti e di disposizioni varie presenti in tutti i settori continuano a ingessare il Paese, rendendo la vita impossibile soprattutto a coloro che vogliono fare impresa. E mai come in questo momento, oltre a riformare la nostra Amministrazione statale sarebbe necessario semplificare il quadro normativo, riducendo il numero delle leggi attraverso l\u2019abrogazione di quelle pi\u00f9 datate, ricorrendo ai testi unici, evitando cos\u00ec la sovrapposizione legislativa che su molte materie ha generato incomunicabilit\u00e0, mancanza di trasparenza, incertezza dei tempi ed adempimenti sempre pi\u00f9 onerosi. Siamo certi che tutto questo darebbe un forte impulso alla produttivit\u00e0 del personale pubblico, spesso costretto a sottostare a procedure organizzative rigide e insensate che disincentivano la voglia di fare.<\/p>\n<p><a class=\"dt-pswp-item\" href=\"https:\/\/www.radiopiu.net\/wordpress\/wp-content\/uploads\/2021\/07\/Schermata-2021-07-24-alle-11.34.32.png\" data-dt-img-description=\"\" data-large_image_width=\"1292\" data-large_image_height=\"1102\"><img loading=\"lazy\" decoding=\"async\" class=\"alignleft size-medium wp-image-223796\" src=\"https:\/\/www.radiopiu.net\/wordpress\/wp-content\/uploads\/2021\/07\/Schermata-2021-07-24-alle-11.34.32-300x256.png\" alt=\"\" width=\"300\" height=\"256\" srcset=\"https:\/\/www.radiopiu.net\/wordpress\/wp-content\/uploads\/2021\/07\/Schermata-2021-07-24-alle-11.34.32-300x256.png 300w, https:\/\/www.radiopiu.net\/wordpress\/wp-content\/uploads\/2021\/07\/Schermata-2021-07-24-alle-11.34.32-1024x873.png 1024w, https:\/\/www.radiopiu.net\/wordpress\/wp-content\/uploads\/2021\/07\/Schermata-2021-07-24-alle-11.34.32-768x655.png 768w, https:\/\/www.radiopiu.net\/wordpress\/wp-content\/uploads\/2021\/07\/Schermata-2021-07-24-alle-11.34.32.png 1292w\" sizes=\"auto, (max-width: 300px) 100vw, 300px\" \/><\/a>E\u2019 altres\u00ec necessario accelerare il processo di digitalizzazione di tutti i soggetti pubblici, imponendo il dialogo tra le loro banche dati per evitare la duplicazione delle richieste che periodicamente travolgono cittadini e imprenditori ogni qual volta si interfacciano con un ufficio pubblico.<br \/>\nAnche in questo ultimo anno e mezzo di pandemia, l\u2019iper produttivit\u00e0 legislativa della macchina burocratica statale ha gettato nella confusione pi\u00f9 completa famiglie e imprese. La nostra PA si \u00e8 comportata in maniera bifronte: \u00e8 stata irremovibile quando ha imposto le misure di limitazione alla mobilit\u00e0 e le chiusure delle attivit\u00e0 economiche; per contro, si \u00e8 trovata in affanno e spaventosamente impreparata quando ha dovuto riorganizzare i propri servizi per fronteggiare la diffusione del virus. Ci riferiamo, ad esempio, all\u2019implosione registrato dal sistema di tracciabilit\u00e0 dei contagiati (vedi il clamoroso flop dell\u2019app Immuni), l\u2019inoperativit\u00e0 dei cosiddetti Covid-Hotel, il mancato decollo della telemedicina, il fallito tentativo di riportare tutti i ragazzi a scuola e l\u2019incapacit\u00e0 di mettere a punto un serio piano di rilancio del trasporto pubblico locale.<\/p>\n<p>Tornando sui mancati pagamenti dell\u2019Amministrazione pubblica, la soluzione potrebbe essere a portata di mano. Se certo, liquido ed esigibile, bisognerebbe stabilire per legge che una impresa privata che ha un credito commerciale scaduto con una PA possa compensarlo in misura secca, diretta e universale con i debiti fiscali e contributivi nei confronti del fisco e dell\u2019Inps\/Inail. Grazie a questo automatismo risolveremmo un problema che ci trasciniamo da almeno 15 anni. Ovviamente, questo meccanismo metterebbe in \u201cconflitto\u201d le amministrazioni pubbliche tra loro, facendo finalmente emergere le realt\u00e0 che intenzionalmente continuano a non saldare i fornitori entro i termini di legge. Una soluzione che la politica si guarda bene dall\u2019introdurre: meglio che ad aspettare i soldi e a patire le pene dell\u2019inferno siano le imprese private che qualche Sindaco, agenzia fiscale o istituto assicurativo\/previdenziale.<\/p>\n","protected":false},"excerpt":{"rendered":"<p>Se al 31 dicembre scorso avessimo sommato i costi che pesano annualmente sulle imprese venete a causa della complessit\u00e0 burocratica generata da una macchina statale spesso inefficiente (pari a 5,3 miliardi di euro) e l\u2019ammontare dei mancati pagamenti di parte corrente che la Pubblica Amministrazione (PA) ha nei confronti dei propri fornitori (attorno ai 4,7&hellip;<\/p>\n","protected":false},"author":2,"featured_media":217019,"comment_status":"closed","ping_status":"open","sticky":false,"template":"","format":"standard","meta":{"_monsterinsights_skip_tracking":false,"_monsterinsights_sitenote_active":false,"_monsterinsights_sitenote_note":"","_monsterinsights_sitenote_category":0,"footnotes":""},"categories":[49],"tags":[],"class_list":["post-223795","post","type-post","status-publish","format-standard","has-post-thumbnail","hentry","category-news-18","category-49","description-off"],"img_url":"https:\/\/www.radiopiu.net\/wordpress\/wp-content\/uploads\/2021\/06\/debiti.jpeg","_links":{"self":[{"href":"https:\/\/www.radiopiu.net\/wordpress\/wp-json\/wp\/v2\/posts\/223795","targetHints":{"allow":["GET"]}}],"collection":[{"href":"https:\/\/www.radiopiu.net\/wordpress\/wp-json\/wp\/v2\/posts"}],"about":[{"href":"https:\/\/www.radiopiu.net\/wordpress\/wp-json\/wp\/v2\/types\/post"}],"author":[{"embeddable":true,"href":"https:\/\/www.radiopiu.net\/wordpress\/wp-json\/wp\/v2\/users\/2"}],"replies":[{"embeddable":true,"href":"https:\/\/www.radiopiu.net\/wordpress\/wp-json\/wp\/v2\/comments?post=223795"}],"version-history":[{"count":0,"href":"https:\/\/www.radiopiu.net\/wordpress\/wp-json\/wp\/v2\/posts\/223795\/revisions"}],"wp:featuredmedia":[{"embeddable":true,"href":"https:\/\/www.radiopiu.net\/wordpress\/wp-json\/wp\/v2\/media\/217019"}],"wp:attachment":[{"href":"https:\/\/www.radiopiu.net\/wordpress\/wp-json\/wp\/v2\/media?parent=223795"}],"wp:term":[{"taxonomy":"category","embeddable":true,"href":"https:\/\/www.radiopiu.net\/wordpress\/wp-json\/wp\/v2\/categories?post=223795"},{"taxonomy":"post_tag","embeddable":true,"href":"https:\/\/www.radiopiu.net\/wordpress\/wp-json\/wp\/v2\/tags?post=223795"}],"curies":[{"name":"wp","href":"https:\/\/api.w.org\/{rel}","templated":true}]}}