{"id":223823,"date":"2021-07-24T15:57:08","date_gmt":"2021-07-24T13:57:08","guid":{"rendered":"https:\/\/www.radiopiu.net\/wordpress\/?p=223823"},"modified":"2021-07-24T15:57:09","modified_gmt":"2021-07-24T13:57:09","slug":"ad-auronzo-di-cadore-la-vaccinazione-della-lazio-con-gli-operatori-della-ulss-1-dolomiti","status":"publish","type":"post","link":"https:\/\/www.radiopiu.net\/wordpress\/ad-auronzo-di-cadore-la-vaccinazione-della-lazio-con-gli-operatori-della-ulss-1-dolomiti\/","title":{"rendered":"AD AURONZO DI CADORE LA VACCINAZIONE DELLA LAZIO CON GLI OPERATORI DELLA ULSS 1 DOLOMITI"},"content":{"rendered":"<p><strong><a href=\"https:\/\/www.radiopiu.net\/wordpress\/ad-auronzo-di-cadore-la-vaccinazione-della-lazio-con-gli-operatori-della-ulss-1-dolomiti\/schermata-2021-07-24-alle-15-53-57\/\" rel=\"attachment wp-att-223824\"><img loading=\"lazy\" decoding=\"async\" class=\"size-medium wp-image-223824 alignleft\" src=\"https:\/\/www.radiopiu.net\/wordpress\/wp-content\/uploads\/2021\/07\/Schermata-2021-07-24-alle-15.53.57-300x199.png\" alt=\"\" width=\"300\" height=\"199\" srcset=\"https:\/\/www.radiopiu.net\/wordpress\/wp-content\/uploads\/2021\/07\/Schermata-2021-07-24-alle-15.53.57-300x199.png 300w, https:\/\/www.radiopiu.net\/wordpress\/wp-content\/uploads\/2021\/07\/Schermata-2021-07-24-alle-15.53.57-1024x679.png 1024w, https:\/\/www.radiopiu.net\/wordpress\/wp-content\/uploads\/2021\/07\/Schermata-2021-07-24-alle-15.53.57-768x510.png 768w, https:\/\/www.radiopiu.net\/wordpress\/wp-content\/uploads\/2021\/07\/Schermata-2021-07-24-alle-15.53.57-1536x1019.png 1536w, https:\/\/www.radiopiu.net\/wordpress\/wp-content\/uploads\/2021\/07\/Schermata-2021-07-24-alle-15.53.57.png 1664w\" sizes=\"auto, (max-width: 300px) 100vw, 300px\" \/><\/a>AURONZO<\/strong> Questa mattina gli operatori dell&#8217;ULSS 1 Dolomiti hanno vaccinato la squadra della Lazio in ritiro ad Auronzo. L&#8217;iniziativa, partita da una richiesta dal presidente Lotito \u00e8 stata accolta dal Presidente Zaia e prontamente organizzata dall&#8217;Ulss Dolomiti. La Ulss \u00e8 gi\u00e0 scesa il campo per la vaccinazione anche degli sportivi, in collaborazione con le societ\u00e0 sportive e delle amministrazioni comunali, per poter garantire la ripresa dello sport in sicurezza.<\/p>\n<p>&nbsp;<\/p>\n<p>&nbsp;<\/p>\n<p>&nbsp;<\/p>\n<p><strong>MARIA GRAZIA CARRARO, DIRETTORE GENERALE DELL&#8217;ULSS 1 DOLOMITI<\/strong><\/p>\n<div style=\"width: 640px;\" class=\"wp-video\"><video class=\"wp-video-shortcode\" id=\"video-223823-1\" width=\"640\" height=\"352\" preload=\"metadata\" controls=\"controls\"><source type=\"video\/mp4\" src=\"https:\/\/www.radiopiu.net\/wordpress\/wp-content\/uploads\/2021\/07\/VACCINI-LAZIO-AURONZO.mp4?_=1\" \/><a href=\"https:\/\/www.radiopiu.net\/wordpress\/wp-content\/uploads\/2021\/07\/VACCINI-LAZIO-AURONZO.mp4\">https:\/\/www.radiopiu.net\/wordpress\/wp-content\/uploads\/2021\/07\/VACCINI-LAZIO-AURONZO.mp4<\/a><\/video><\/div>\n<p>&nbsp;<\/p>\n<p>&nbsp;<\/p>\n<p>&nbsp;<\/p>\n<p>*****<\/p>\n","protected":false},"excerpt":{"rendered":"<p>AURONZO Questa mattina gli operatori dell&#8217;ULSS 1 Dolomiti hanno vaccinato la squadra della Lazio in ritiro ad Auronzo. L&#8217;iniziativa, partita da una richiesta dal presidente Lotito \u00e8 stata accolta dal Presidente Zaia e prontamente organizzata dall&#8217;Ulss Dolomiti. La Ulss \u00e8 gi\u00e0 scesa il campo per la vaccinazione anche degli sportivi, in collaborazione con le societ\u00e0&hellip;<\/p>\n","protected":false},"author":4,"featured_media":223824,"comment_status":"closed","ping_status":"open","sticky":false,"template":"","format":"standard","meta":{"_monsterinsights_skip_tracking":false,"_monsterinsights_sitenote_active":false,"_monsterinsights_sitenote_note":"","_monsterinsights_sitenote_category":0,"footnotes":""},"categories":[49],"tags":[],"class_list":["post-223823","post","type-post","status-publish","format-standard","has-post-thumbnail","hentry","category-news-18","category-49","description-off"],"img_url":"https:\/\/www.radiopiu.net\/wordpress\/wp-content\/uploads\/2021\/07\/Schermata-2021-07-24-alle-15.53.57.png","_links":{"self":[{"href":"https:\/\/www.radiopiu.net\/wordpress\/wp-json\/wp\/v2\/posts\/223823","targetHints":{"allow":["GET"]}}],"collection":[{"href":"https:\/\/www.radiopiu.net\/wordpress\/wp-json\/wp\/v2\/posts"}],"about":[{"href":"https:\/\/www.radiopiu.net\/wordpress\/wp-json\/wp\/v2\/types\/post"}],"author":[{"embeddable":true,"href":"https:\/\/www.radiopiu.net\/wordpress\/wp-json\/wp\/v2\/users\/4"}],"replies":[{"embeddable":true,"href":"https:\/\/www.radiopiu.net\/wordpress\/wp-json\/wp\/v2\/comments?post=223823"}],"version-history":[{"count":0,"href":"https:\/\/www.radiopiu.net\/wordpress\/wp-json\/wp\/v2\/posts\/223823\/revisions"}],"wp:featuredmedia":[{"embeddable":true,"href":"https:\/\/www.radiopiu.net\/wordpress\/wp-json\/wp\/v2\/media\/223824"}],"wp:attachment":[{"href":"https:\/\/www.radiopiu.net\/wordpress\/wp-json\/wp\/v2\/media?parent=223823"}],"wp:term":[{"taxonomy":"category","embeddable":true,"href":"https:\/\/www.radiopiu.net\/wordpress\/wp-json\/wp\/v2\/categories?post=223823"},{"taxonomy":"post_tag","embeddable":true,"href":"https:\/\/www.radiopiu.net\/wordpress\/wp-json\/wp\/v2\/tags?post=223823"}],"curies":[{"name":"wp","href":"https:\/\/api.w.org\/{rel}","templated":true}]}}