{"id":223834,"date":"2021-07-25T07:15:54","date_gmt":"2021-07-25T05:15:54","guid":{"rendered":"https:\/\/www.radiopiu.net\/wordpress\/?p=223834"},"modified":"2021-07-25T07:35:58","modified_gmt":"2021-07-25T05:35:58","slug":"motociclista-cade-dopo-aver-investito-il-cervo-a-cesiomaggiore-bimba-investita","status":"publish","type":"post","link":"https:\/\/www.radiopiu.net\/wordpress\/motociclista-cade-dopo-aver-investito-il-cervo-a-cesiomaggiore-bimba-investita\/","title":{"rendered":"MOTOCICLISTA CADE DOPO AVER INVESTITO IL CERVO. A CESIOMAGGIORE BIMBA INVESTITA"},"content":{"rendered":"<p><strong><a href=\"https:\/\/www.radiopiu.net\/wordpress\/carabinieri-al-lavoro-nel-bellunese-e-feltrino\/carabinieri-feltre-5\/\" rel=\"attachment wp-att-110916\"><img loading=\"lazy\" decoding=\"async\" class=\" wp-image-110916 alignleft\" src=\"https:\/\/www.radiopiu.net\/wordpress\/wp-content\/uploads\/2019\/12\/CARABINIERI-FELTRE-5-300x228.jpg\" alt=\"\" width=\"178\" height=\"135\" srcset=\"https:\/\/www.radiopiu.net\/wordpress\/wp-content\/uploads\/2019\/12\/CARABINIERI-FELTRE-5-300x228.jpg 300w, https:\/\/www.radiopiu.net\/wordpress\/wp-content\/uploads\/2019\/12\/CARABINIERI-FELTRE-5-1024x779.jpg 1024w, https:\/\/www.radiopiu.net\/wordpress\/wp-content\/uploads\/2019\/12\/CARABINIERI-FELTRE-5-768x584.jpg 768w, https:\/\/www.radiopiu.net\/wordpress\/wp-content\/uploads\/2019\/12\/CARABINIERI-FELTRE-5.jpg 1280w\" sizes=\"auto, (max-width: 178px) 100vw, 178px\" \/><\/a>FELTRE<\/strong> Questa notte A.L- 41 anni di feltre, ha incrociato lungo sp 37 verso Villapaiera un cervo. L&#8217;uomo a bordo della Suzuki non \u00e9 riuscito ad evitarlo. In seguito alla caduta \u00e9 stato elitrasportato all&#8217;ospedale di Treviso in prognosi riservata.Sul posto i Carabinieri.\u00a0 &#8216;incidente \u00e8 avvenuto in un tratto della strada provinciale 36 distante varie decine di metri dalle abitazioni e privo di illuminazione, tra Villapaiera e l&#8217;ingresso di Anz\u00f9.. Il centauro \u00e8 apparso subito in condizioni molto serie, tanto che \u00e8 stato intubato e portato d&#8217;urgenza al Santa Maria del Prato dove i sanitari hanno valutato necessario il trasferimento a Treviso.<\/p>\n<p><strong>CESIOMAGGIORE<\/strong> Una bimba \u00e9 stata investita da una donna del luogo al volante di una Fiat Idea. La piccola \u00e9 stata elitrasportata a Padova in gravi condizini, in ospedale anche la donna colta da malore.Indagini in corso da parte dei Carabinieri,\u00a0 che hanno raccolto le testimonianze dei residenti nella zona per cercare di chiarire l&#8217;accaduto.<\/p>\n<p>&nbsp;<\/p>\n<p>&nbsp;<\/p>\n<p>&nbsp;<\/p>\n<p>*****<\/p>\n","protected":false},"excerpt":{"rendered":"<p>FELTRE Questa notte A.L- 41 anni di feltre, ha incrociato lungo sp 37 verso Villapaiera un cervo. L&#8217;uomo a bordo della Suzuki non \u00e9 riuscito ad evitarlo. In seguito alla caduta \u00e9 stato elitrasportato all&#8217;ospedale di Treviso in prognosi riservata.Sul posto i Carabinieri.\u00a0 &#8216;incidente \u00e8 avvenuto in un tratto della strada provinciale 36 distante varie&hellip;<\/p>\n","protected":false},"author":4,"featured_media":110916,"comment_status":"closed","ping_status":"open","sticky":false,"template":"","format":"standard","meta":{"_monsterinsights_skip_tracking":false,"_monsterinsights_sitenote_active":false,"_monsterinsights_sitenote_note":"","_monsterinsights_sitenote_category":0,"footnotes":""},"categories":[51,49],"tags":[],"class_list":["post-223834","post","type-post","status-publish","format-standard","has-post-thumbnail","hentry","category-evidenza-top","category-news-18","category-51","category-49","description-off"],"img_url":"https:\/\/www.radiopiu.net\/wordpress\/wp-content\/uploads\/2019\/12\/CARABINIERI-FELTRE-5.jpg","_links":{"self":[{"href":"https:\/\/www.radiopiu.net\/wordpress\/wp-json\/wp\/v2\/posts\/223834","targetHints":{"allow":["GET"]}}],"collection":[{"href":"https:\/\/www.radiopiu.net\/wordpress\/wp-json\/wp\/v2\/posts"}],"about":[{"href":"https:\/\/www.radiopiu.net\/wordpress\/wp-json\/wp\/v2\/types\/post"}],"author":[{"embeddable":true,"href":"https:\/\/www.radiopiu.net\/wordpress\/wp-json\/wp\/v2\/users\/4"}],"replies":[{"embeddable":true,"href":"https:\/\/www.radiopiu.net\/wordpress\/wp-json\/wp\/v2\/comments?post=223834"}],"version-history":[{"count":0,"href":"https:\/\/www.radiopiu.net\/wordpress\/wp-json\/wp\/v2\/posts\/223834\/revisions"}],"wp:featuredmedia":[{"embeddable":true,"href":"https:\/\/www.radiopiu.net\/wordpress\/wp-json\/wp\/v2\/media\/110916"}],"wp:attachment":[{"href":"https:\/\/www.radiopiu.net\/wordpress\/wp-json\/wp\/v2\/media?parent=223834"}],"wp:term":[{"taxonomy":"category","embeddable":true,"href":"https:\/\/www.radiopiu.net\/wordpress\/wp-json\/wp\/v2\/categories?post=223834"},{"taxonomy":"post_tag","embeddable":true,"href":"https:\/\/www.radiopiu.net\/wordpress\/wp-json\/wp\/v2\/tags?post=223834"}],"curies":[{"name":"wp","href":"https:\/\/api.w.org\/{rel}","templated":true}]}}