{"id":223846,"date":"2021-07-25T07:12:39","date_gmt":"2021-07-25T05:12:39","guid":{"rendered":"https:\/\/www.radiopiu.net\/wordpress\/?p=223846"},"modified":"2021-07-25T07:38:33","modified_gmt":"2021-07-25T05:38:33","slug":"sanitari-non-vaccinati-al-lavoro-fp-cgil-punta-il-dito-su-zaia-che-non-fa-rispettare-le-norme","status":"publish","type":"post","link":"https:\/\/www.radiopiu.net\/wordpress\/sanitari-non-vaccinati-al-lavoro-fp-cgil-punta-il-dito-su-zaia-che-non-fa-rispettare-le-norme\/","title":{"rendered":"SANITARI NON VACCINATI AL LAVORO: FP CGIL PUNTA IL DITO SU ZAIA CHE NON FA RISPETTARE LE NORME"},"content":{"rendered":"<p><strong>BELLUNO<\/strong> FP CGIL entra in merito alle dichiarazioni del Presidente del Veneto Luca Zaia che in conferenza stampa ha parlato dei sanitari che ancora non si sono vaccinati. &#8220;Come segreteria di Belluno condividiamo la posizione della nostra segretaria regionale. E poniamo l&#8217;accento sul fatto che Zaia questa volta rifiutandosi di applicare una norma del parlamento Italiano si \u00e8 di fatto posto al di fuori della legge e che Draghi e Speranza devono commissariare immediatamente la sanit\u00e0 veneta e che il Governo dia a Mantoan pieni poteri e lo metta a capo della Sanit\u00e0 Veneta&#8221; queste le richieste del sindacato.<\/p>\n<p><strong>IL COMUNICATO STAMPA<\/strong><\/p>\n<a href=\"https:\/\/www.radiopiu.net\/wordpress\/wp-content\/uploads\/2021\/07\/articolo-vaccino-Zaia.pdf\" class=\"pdfemb-viewer\" style=\"\" data-width=\"max\" data-height=\"max\" data-toolbar=\"top\" data-toolbar-fixed=\"on\">articolo vaccino-Zaia<\/a>\n","protected":false},"excerpt":{"rendered":"<p>BELLUNO FP CGIL entra in merito alle dichiarazioni del Presidente del Veneto Luca Zaia che in conferenza stampa ha parlato dei sanitari che ancora non si sono vaccinati. &#8220;Come segreteria di Belluno condividiamo la posizione della nostra segretaria regionale. E poniamo l&#8217;accento sul fatto che Zaia questa volta rifiutandosi di applicare una norma del parlamento&hellip;<\/p>\n","protected":false},"author":4,"featured_media":122552,"comment_status":"closed","ping_status":"open","sticky":false,"template":"","format":"standard","meta":{"_monsterinsights_skip_tracking":false,"_monsterinsights_sitenote_active":false,"_monsterinsights_sitenote_note":"","_monsterinsights_sitenote_category":0,"footnotes":""},"categories":[51,49],"tags":[],"class_list":["post-223846","post","type-post","status-publish","format-standard","has-post-thumbnail","hentry","category-evidenza-top","category-news-18","category-51","category-49","description-off"],"img_url":"https:\/\/www.radiopiu.net\/wordpress\/wp-content\/uploads\/2020\/03\/fp-cgil.png","_links":{"self":[{"href":"https:\/\/www.radiopiu.net\/wordpress\/wp-json\/wp\/v2\/posts\/223846","targetHints":{"allow":["GET"]}}],"collection":[{"href":"https:\/\/www.radiopiu.net\/wordpress\/wp-json\/wp\/v2\/posts"}],"about":[{"href":"https:\/\/www.radiopiu.net\/wordpress\/wp-json\/wp\/v2\/types\/post"}],"author":[{"embeddable":true,"href":"https:\/\/www.radiopiu.net\/wordpress\/wp-json\/wp\/v2\/users\/4"}],"replies":[{"embeddable":true,"href":"https:\/\/www.radiopiu.net\/wordpress\/wp-json\/wp\/v2\/comments?post=223846"}],"version-history":[{"count":0,"href":"https:\/\/www.radiopiu.net\/wordpress\/wp-json\/wp\/v2\/posts\/223846\/revisions"}],"wp:featuredmedia":[{"embeddable":true,"href":"https:\/\/www.radiopiu.net\/wordpress\/wp-json\/wp\/v2\/media\/122552"}],"wp:attachment":[{"href":"https:\/\/www.radiopiu.net\/wordpress\/wp-json\/wp\/v2\/media?parent=223846"}],"wp:term":[{"taxonomy":"category","embeddable":true,"href":"https:\/\/www.radiopiu.net\/wordpress\/wp-json\/wp\/v2\/categories?post=223846"},{"taxonomy":"post_tag","embeddable":true,"href":"https:\/\/www.radiopiu.net\/wordpress\/wp-json\/wp\/v2\/tags?post=223846"}],"curies":[{"name":"wp","href":"https:\/\/api.w.org\/{rel}","templated":true}]}}