{"id":223911,"date":"2021-07-25T07:34:23","date_gmt":"2021-07-25T05:34:23","guid":{"rendered":"https:\/\/www.radiopiu.net\/wordpress\/?p=223911"},"modified":"2021-07-25T07:34:23","modified_gmt":"2021-07-25T05:34:23","slug":"nel-ricordo-di-maria-del-din-dallarmi-con-il-suo-circolo-culturale-agordino","status":"publish","type":"post","link":"https:\/\/www.radiopiu.net\/wordpress\/nel-ricordo-di-maria-del-din-dallarmi-con-il-suo-circolo-culturale-agordino\/","title":{"rendered":"NEL RICORDO DI MARIA DEL DIN D&#8217;ALLARMI CON IL SUO CIRCOLO CULTURALE AGORDINO"},"content":{"rendered":"<blockquote>\n<h3>IN SALA DON TAMIS SI E&#8217; PARLATO DI DISSESTO IDROGEOLOGICO<\/h3>\n<\/blockquote>\n<p><strong>AGORDO <\/strong>\u201cLa natura, l\u2019uomo e la storia\u201d, come raccontare il territorio oggi e come \u00e8 stato narrato da Mariannina Del Din Dall\u2019Armi, Presentazione della ristampa di \u201cDissesti idrogeologici ed eventi calamitosi dell\u2019Agordino dal 1000 al 1966\u201d. Inververranno: il geologo\u00a0 Vittorio Fenti; la ricercatrice dell\u2019Universit\u00e0 C\u00e0 Foscari di Venezia Sara Luchetta; il presidente GDS Dolomiti Manolo Piat. Verr\u00e0 proiettato\u00a0 il filmato storico del \u201cFloc\u201d, l\u2019alluvione del 1966 a La Valle recuperato e riproposto\u00a0 da Pino Sento con Adriano Bianchi.<\/p>\n<p>https:\/\/www.facebook.com\/radiopiu\/videos\/2370243086439773<\/p>\n<p>&nbsp;<\/p>\n<p>&nbsp;<\/p>\n","protected":false},"excerpt":{"rendered":"<p>IN SALA DON TAMIS SI E&#8217; PARLATO DI DISSESTO IDROGEOLOGICO AGORDO \u201cLa natura, l\u2019uomo e la storia\u201d, come raccontare il territorio oggi e come \u00e8 stato narrato da Mariannina Del Din Dall\u2019Armi, Presentazione della ristampa di \u201cDissesti idrogeologici ed eventi calamitosi dell\u2019Agordino dal 1000 al 1966\u201d. Inververranno: il geologo\u00a0 Vittorio Fenti; la ricercatrice dell\u2019Universit\u00e0 C\u00e0&hellip;<\/p>\n","protected":false},"author":4,"featured_media":223909,"comment_status":"closed","ping_status":"open","sticky":false,"template":"","format":"standard","meta":{"_monsterinsights_skip_tracking":false,"_monsterinsights_sitenote_active":false,"_monsterinsights_sitenote_note":"","_monsterinsights_sitenote_category":0,"footnotes":""},"categories":[104,49],"tags":[],"class_list":["post-223911","post","type-post","status-publish","format-standard","has-post-thumbnail","hentry","category-evidenza_3","category-news-18","category-104","category-49","description-off"],"img_url":"https:\/\/www.radiopiu.net\/wordpress\/wp-content\/uploads\/2021\/07\/85d9af06-9434-41f7-873c-1f0b952857ae.jpg","_links":{"self":[{"href":"https:\/\/www.radiopiu.net\/wordpress\/wp-json\/wp\/v2\/posts\/223911","targetHints":{"allow":["GET"]}}],"collection":[{"href":"https:\/\/www.radiopiu.net\/wordpress\/wp-json\/wp\/v2\/posts"}],"about":[{"href":"https:\/\/www.radiopiu.net\/wordpress\/wp-json\/wp\/v2\/types\/post"}],"author":[{"embeddable":true,"href":"https:\/\/www.radiopiu.net\/wordpress\/wp-json\/wp\/v2\/users\/4"}],"replies":[{"embeddable":true,"href":"https:\/\/www.radiopiu.net\/wordpress\/wp-json\/wp\/v2\/comments?post=223911"}],"version-history":[{"count":0,"href":"https:\/\/www.radiopiu.net\/wordpress\/wp-json\/wp\/v2\/posts\/223911\/revisions"}],"wp:featuredmedia":[{"embeddable":true,"href":"https:\/\/www.radiopiu.net\/wordpress\/wp-json\/wp\/v2\/media\/223909"}],"wp:attachment":[{"href":"https:\/\/www.radiopiu.net\/wordpress\/wp-json\/wp\/v2\/media?parent=223911"}],"wp:term":[{"taxonomy":"category","embeddable":true,"href":"https:\/\/www.radiopiu.net\/wordpress\/wp-json\/wp\/v2\/categories?post=223911"},{"taxonomy":"post_tag","embeddable":true,"href":"https:\/\/www.radiopiu.net\/wordpress\/wp-json\/wp\/v2\/tags?post=223911"}],"curies":[{"name":"wp","href":"https:\/\/api.w.org\/{rel}","templated":true}]}}