{"id":223960,"date":"2021-07-27T05:17:43","date_gmt":"2021-07-27T03:17:43","guid":{"rendered":"https:\/\/www.radiopiu.net\/wordpress\/?p=223960"},"modified":"2021-07-27T06:12:17","modified_gmt":"2021-07-27T04:12:17","slug":"i-racconti-di-paolo-soppelsa-ottantacinquesima-puntata","status":"publish","type":"post","link":"https:\/\/www.radiopiu.net\/wordpress\/i-racconti-di-paolo-soppelsa-ottantacinquesima-puntata\/","title":{"rendered":"I RACCONTI DI PAOLO SOPPELSA OTTANTACINQUESIMA PUNTATA"},"content":{"rendered":"<p><strong>PARLANO I LARICI<\/strong><\/p>\n<p><em><strong>AUDIO<\/strong><\/em><\/p>\n<audio class=\"wp-audio-shortcode\" id=\"audio-223960-1\" preload=\"none\" style=\"width: 100%;\" controls=\"controls\"><source type=\"audio\/mpeg\" src=\"https:\/\/www.radiopiu.net\/wordpress\/wp-content\/uploads\/2021\/07\/PAOLO-SOPPELSA-PARLANO-I-LARICI.mp3?_=1\" \/><a href=\"https:\/\/www.radiopiu.net\/wordpress\/wp-content\/uploads\/2021\/07\/PAOLO-SOPPELSA-PARLANO-I-LARICI.mp3\">https:\/\/www.radiopiu.net\/wordpress\/wp-content\/uploads\/2021\/07\/PAOLO-SOPPELSA-PARLANO-I-LARICI.mp3<\/a><\/audio>\n<p>&nbsp;<\/p>\n<p><a href=\"https:\/\/www.radiopiu.net\/wordpress\/i-racconti-di-paolo-soppelsa-ottantacinquesima-puntata\/9df8eb7e-cde5-4eb9-929b-8acf4db81776\/\" rel=\"attachment wp-att-223962\"><img loading=\"lazy\" decoding=\"async\" class=\"size-medium wp-image-223962 alignleft\" src=\"https:\/\/www.radiopiu.net\/wordpress\/wp-content\/uploads\/2021\/07\/9df8eb7e-cde5-4eb9-929b-8acf4db81776-300x225.jpg\" alt=\"\" width=\"300\" height=\"225\" srcset=\"https:\/\/www.radiopiu.net\/wordpress\/wp-content\/uploads\/2021\/07\/9df8eb7e-cde5-4eb9-929b-8acf4db81776-300x225.jpg 300w, https:\/\/www.radiopiu.net\/wordpress\/wp-content\/uploads\/2021\/07\/9df8eb7e-cde5-4eb9-929b-8acf4db81776-1024x768.jpg 1024w, https:\/\/www.radiopiu.net\/wordpress\/wp-content\/uploads\/2021\/07\/9df8eb7e-cde5-4eb9-929b-8acf4db81776-768x576.jpg 768w, https:\/\/www.radiopiu.net\/wordpress\/wp-content\/uploads\/2021\/07\/9df8eb7e-cde5-4eb9-929b-8acf4db81776.jpg 1080w\" sizes=\"auto, (max-width: 300px) 100vw, 300px\" \/><\/a>\u00c8 verso sera, quando tutto s&#8217;acquieta, che sembra di sentirli parlare i larici &#8220;d\u00f9 in te la val&#8221;. Mossi dal tiepido vento di luglio raccontano piccole storie quasi perdute nel correre della Grande Storia. Hanno pi\u00f9 di cent&#8217;anni gli alti e silenziosi guardiani della valle. Hanno visto nascere vivere e morire i miei antenati, ascoltato le loro voci e visto crescere me, che li guardavo ammirato quando d&#8217;autunno sfoggiavano le fronde colorate d&#8217;oro. E poi d&#8217;estate, quando il verde brillante inscuriva lentamente durante quei lunghi imbrunire. Snelli e robusti, silenziosi e dormienti solo d&#8217;inverno, quando ingrigiti apparivano quasi vecchi e stanchi. Ma era soltanto durante i mesi del grande freddo. In aprile un nuovo vigore appariva: era un orgoglioso mostrare rinnovate gemme.<br \/>\n-&#8220;&#8230;ne abbiamo viste tante nella nostra lunga vita. E siamo ancora qui, a raccontarti di com&#8217;era questo angolo di mondo tanti anni fa. Solo una volta abbiamo avuto veramente paura. Fu quando costruirono la strada nell&#8217;estate dell&#8217;84. Ti ricordi Paolo? Eri piccolo\u2026<br \/>\n-&#8220;&#8230;certo che mi ricordo!! Ero arrivato s\u00f9 appena terminata la prima elementare, orgoglioso del mio camion giocattolo regalatomi per la promozione. Ci eravamo fermati all&#8217;Emporio Fregona a Mas di Sedico e mamma e pap\u00e0 mi fecero scegliere il gioco che preferivo: e scelsi il bellissimo TIR. Poi, arrivati a San Tomaso, ecco la sorpesa: un grande escavatore ed un gruppetto di operai che operavano appena sotto la provinciale; &#8220;&#8230;i ha da fa inte la strada&#8221;, ci dissero i nonni. Fu una bella estate. Al mattino ero svegliato dal cigolare dei cingoli e dallo stridore dei denti della benna che strisciavano sui massi. Dopo la colazione seguivo attentamente i lavori dall&#8217;alto: e quando pap\u00e0 veniva a trovarci mi spiegava tecnicamente i lavori. &#8220;&#8230;chi l\u00e0 le sas da scogliera\u2026chi tubi l\u00e0 le i drenaggi dei mur\u2026chi legn impiantai par tera i se ciama pichet\u2026&#8221;. Qualcosa capivo, ma a me piaceva veder lavorare l&#8217;escavatore. Foste voi larici a tenere s\u00f9 il pendio quella notte che una piccola frana si stacc\u00f2 dietro casa: tutto trem\u00f2 e ci svegliammo di colpo pensando al terremoto. Ed invece aveva ceduto un pezzo di scarpata. Poi l&#8217;escavatore avanz\u00f2 inesorabile fino al giorno in cui si ritrov\u00f2 la &#8220;brenta&#8221; di fronte: ero l\u00ec insieme alla mamma che era andata a curare i fagioli nel campo. E sopra un sasso vicino al tabi\u00e0 era appoggiata una &#8220;sesola&#8221; e mamma url\u00f2 &#8220;la bisa!!&#8221;. Ed io e gli operai ridemmo di gusto. Pochi minuti dopo, invece, non ridevamo pi\u00f9: la benna dell&#8217;escavatore artigli\u00f3 la &#8220;brenta&#8221;. Due colpi ed un pezzo di storia era andato in frantumi per sempre. I lavori terminarono qualche settimana dopo e nel frattempo fin\u00ec anche la nostra estate trascorsa all&#8217;ombra del Pelsa. Pareva dispiaciuta la grande montagna mentre osservava i preparativi che precedevano la nostra imminente partenza: cal\u00f2 un silenzio di quasi autunno mentre caricavamo la Ritmo prima di partire verso Belluno.&#8221;<br \/>\n&#8220;&#8230;non hai scordato niente Paolo. Era bello vederti concentrato mentre scavavi gallerie nel mucchio di sabbia fuori di casa. Quanto ci hai giocato con quella sabbia\u2026!!<br \/>\n\u2026eh s\u00ec, era il mio gioco preferito. Un&#8217;idea geniale del nonno quella di piazzare il mucchio di sabbia vicino al muro. Un gioco semplice e bello. Bastava un p\u00f2 di sabbia e molta fantasia per essere felici. Anche voi ricordate tutto per\u00f2!! &#8221;<br \/>\n&#8220;&#8230;certo Paolo, ricordiamo tutto. Conserviamo in silenzio ricordi, voci, visi e storie. Basta che ti fermi un momento ad osservare i nostri rami mossi dal vento: e quelle storie le potrai ascoltare ancora \u2026&#8221;&#8230;Magiche Dolomiti!!<\/p>\n<p>&nbsp;<\/p>\n<p>&nbsp;<\/p>\n<p>&nbsp;<\/p>\n<p>&nbsp;<\/p>\n<p>*****<\/p>\n","protected":false},"excerpt":{"rendered":"<p>PARLANO I LARICI AUDIO &nbsp; \u00c8 verso sera, quando tutto s&#8217;acquieta, che sembra di sentirli parlare i larici &#8220;d\u00f9 in te la val&#8221;. Mossi dal tiepido vento di luglio raccontano piccole storie quasi perdute nel correre della Grande Storia. Hanno pi\u00f9 di cent&#8217;anni gli alti e silenziosi guardiani della valle. Hanno visto nascere vivere e&hellip;<\/p>\n","protected":false},"author":4,"featured_media":223962,"comment_status":"closed","ping_status":"open","sticky":false,"template":"","format":"standard","meta":{"_monsterinsights_skip_tracking":false,"_monsterinsights_sitenote_active":false,"_monsterinsights_sitenote_note":"","_monsterinsights_sitenote_category":0,"footnotes":""},"categories":[104,49,112],"tags":[],"class_list":["post-223960","post","type-post","status-publish","format-standard","has-post-thumbnail","hentry","category-evidenza_3","category-news-18","category-racconti-soppelsa","category-104","category-49","category-112","description-off"],"img_url":"https:\/\/www.radiopiu.net\/wordpress\/wp-content\/uploads\/2021\/07\/9df8eb7e-cde5-4eb9-929b-8acf4db81776.jpg","_links":{"self":[{"href":"https:\/\/www.radiopiu.net\/wordpress\/wp-json\/wp\/v2\/posts\/223960","targetHints":{"allow":["GET"]}}],"collection":[{"href":"https:\/\/www.radiopiu.net\/wordpress\/wp-json\/wp\/v2\/posts"}],"about":[{"href":"https:\/\/www.radiopiu.net\/wordpress\/wp-json\/wp\/v2\/types\/post"}],"author":[{"embeddable":true,"href":"https:\/\/www.radiopiu.net\/wordpress\/wp-json\/wp\/v2\/users\/4"}],"replies":[{"embeddable":true,"href":"https:\/\/www.radiopiu.net\/wordpress\/wp-json\/wp\/v2\/comments?post=223960"}],"version-history":[{"count":0,"href":"https:\/\/www.radiopiu.net\/wordpress\/wp-json\/wp\/v2\/posts\/223960\/revisions"}],"wp:featuredmedia":[{"embeddable":true,"href":"https:\/\/www.radiopiu.net\/wordpress\/wp-json\/wp\/v2\/media\/223962"}],"wp:attachment":[{"href":"https:\/\/www.radiopiu.net\/wordpress\/wp-json\/wp\/v2\/media?parent=223960"}],"wp:term":[{"taxonomy":"category","embeddable":true,"href":"https:\/\/www.radiopiu.net\/wordpress\/wp-json\/wp\/v2\/categories?post=223960"},{"taxonomy":"post_tag","embeddable":true,"href":"https:\/\/www.radiopiu.net\/wordpress\/wp-json\/wp\/v2\/tags?post=223960"}],"curies":[{"name":"wp","href":"https:\/\/api.w.org\/{rel}","templated":true}]}}