{"id":223988,"date":"2021-07-26T05:59:44","date_gmt":"2021-07-26T03:59:44","guid":{"rendered":"https:\/\/www.radiopiu.net\/wordpress\/?p=223988"},"modified":"2021-07-26T06:10:22","modified_gmt":"2021-07-26T04:10:22","slug":"203-agordina-rientro-difficile","status":"publish","type":"post","link":"https:\/\/www.radiopiu.net\/wordpress\/203-agordina-rientro-difficile\/","title":{"rendered":"203 AGORDINA, RIENTRO DIFFICILE"},"content":{"rendered":"<p><strong>REDAZIONE<\/strong> Rientro difficile nel pomeriggio dall&#8217;Agordino verso la pianura. Oltre ai consueti incolonnamenti a Cencenighe (per il traffico in discesa dalla Valle del Biois), e ad Alleghe oltre il centro, rallentamenti in tangenziale ad Agordo. Il peggio tra la galleria dei Castei e la localit\u00e0 La Stanga. Traffico a passo d&#8217;uomo forti rallentamenti e a peggiorare la situazione la forte grandinata che si \u00e8 abbattuta in localit\u00e0 La Pissa con molti automobilisti che si sono buttati in sosta sulle piazzole accanto alla regionale 203 Agordina. Chi si \u00e8 trovato sulla strada salendo da Belluno ha trovato un&#8217;altro problema: i motociclisti. In galleria dei castei continui sorpassi sull&#8217;opposta corsia che hanno creato una serie di inconvenienti a chi proveniva in senso contrario. Motociclisti in sorpasso a forte velocit\u00e0 che sono ormai una conseguenza senza mai controllo lungo la 203 Agordina.<\/p>\n<div style=\"width: 640px;\" class=\"wp-video\"><video class=\"wp-video-shortcode\" id=\"video-223988-1\" width=\"640\" height=\"352\" preload=\"metadata\" controls=\"controls\"><source type=\"video\/mp4\" src=\"https:\/\/www.radiopiu.net\/wordpress\/wp-content\/uploads\/2021\/07\/WhatsApp-Video-2021-07-25-at-17.19.14.mp4?_=1\" \/><a href=\"https:\/\/www.radiopiu.net\/wordpress\/wp-content\/uploads\/2021\/07\/WhatsApp-Video-2021-07-25-at-17.19.14.mp4\">https:\/\/www.radiopiu.net\/wordpress\/wp-content\/uploads\/2021\/07\/WhatsApp-Video-2021-07-25-at-17.19.14.mp4<\/a><\/video><\/div>\n<p>&nbsp;<\/p>\n<p>&nbsp;<\/p>\n<p>&nbsp;<\/p>\n<p>&nbsp;<\/p>\n<p>*****<\/p>\n","protected":false},"excerpt":{"rendered":"<p>REDAZIONE Rientro difficile nel pomeriggio dall&#8217;Agordino verso la pianura. Oltre ai consueti incolonnamenti a Cencenighe (per il traffico in discesa dalla Valle del Biois), e ad Alleghe oltre il centro, rallentamenti in tangenziale ad Agordo. Il peggio tra la galleria dei Castei e la localit\u00e0 La Stanga. Traffico a passo d&#8217;uomo forti rallentamenti e a&hellip;<\/p>\n","protected":false},"author":4,"featured_media":223990,"comment_status":"closed","ping_status":"open","sticky":false,"template":"","format":"standard","meta":{"_monsterinsights_skip_tracking":false,"_monsterinsights_sitenote_active":false,"_monsterinsights_sitenote_note":"","_monsterinsights_sitenote_category":0,"footnotes":""},"categories":[51,49],"tags":[],"class_list":["post-223988","post","type-post","status-publish","format-standard","has-post-thumbnail","hentry","category-evidenza-top","category-news-18","category-51","category-49","description-off"],"img_url":"https:\/\/www.radiopiu.net\/wordpress\/wp-content\/uploads\/2021\/07\/Schermata-2021-07-25-alle-18.40.19.png","_links":{"self":[{"href":"https:\/\/www.radiopiu.net\/wordpress\/wp-json\/wp\/v2\/posts\/223988","targetHints":{"allow":["GET"]}}],"collection":[{"href":"https:\/\/www.radiopiu.net\/wordpress\/wp-json\/wp\/v2\/posts"}],"about":[{"href":"https:\/\/www.radiopiu.net\/wordpress\/wp-json\/wp\/v2\/types\/post"}],"author":[{"embeddable":true,"href":"https:\/\/www.radiopiu.net\/wordpress\/wp-json\/wp\/v2\/users\/4"}],"replies":[{"embeddable":true,"href":"https:\/\/www.radiopiu.net\/wordpress\/wp-json\/wp\/v2\/comments?post=223988"}],"version-history":[{"count":0,"href":"https:\/\/www.radiopiu.net\/wordpress\/wp-json\/wp\/v2\/posts\/223988\/revisions"}],"wp:featuredmedia":[{"embeddable":true,"href":"https:\/\/www.radiopiu.net\/wordpress\/wp-json\/wp\/v2\/media\/223990"}],"wp:attachment":[{"href":"https:\/\/www.radiopiu.net\/wordpress\/wp-json\/wp\/v2\/media?parent=223988"}],"wp:term":[{"taxonomy":"category","embeddable":true,"href":"https:\/\/www.radiopiu.net\/wordpress\/wp-json\/wp\/v2\/categories?post=223988"},{"taxonomy":"post_tag","embeddable":true,"href":"https:\/\/www.radiopiu.net\/wordpress\/wp-json\/wp\/v2\/tags?post=223988"}],"curies":[{"name":"wp","href":"https:\/\/api.w.org\/{rel}","templated":true}]}}