{"id":224035,"date":"2021-07-27T05:56:32","date_gmt":"2021-07-27T03:56:32","guid":{"rendered":"https:\/\/www.radiopiu.net\/wordpress\/?p=224035"},"modified":"2021-07-27T09:47:52","modified_gmt":"2021-07-27T07:47:52","slug":"giornale-radiopiu-27-luglio-2021-direttore-mirko-mezzacasa","status":"publish","type":"post","link":"https:\/\/www.radiopiu.net\/wordpress\/giornale-radiopiu-27-luglio-2021-direttore-mirko-mezzacasa\/","title":{"rendered":"GIORNALE RADIOPIU 27 LUGLIO 2021 DIRETTORE MIRKO MEZZACASA"},"content":{"rendered":"<blockquote>\n<h1>GRUPPO FACEBOOK: RADIO PIU EMITTENTE AGORDINA, ISCRIZIONE GRATUITA<\/h1>\n<\/blockquote>\n<p><a href=\"https:\/\/www.radiopiu.net\/wordpress\/giornale-radiopiu-22-luglio-2021-direttore-mirko-mezzacasa\/219644373_10226900501445066_2635221774135715430_n\/\" rel=\"attachment wp-att-223221\"><img loading=\"lazy\" decoding=\"async\" class=\"alignnone wp-image-223221 size-full\" src=\"https:\/\/www.radiopiu.net\/wordpress\/wp-content\/uploads\/2021\/07\/219644373_10226900501445066_2635221774135715430_n.jpg\" alt=\"\" width=\"960\" height=\"365\" srcset=\"https:\/\/www.radiopiu.net\/wordpress\/wp-content\/uploads\/2021\/07\/219644373_10226900501445066_2635221774135715430_n.jpg 960w, https:\/\/www.radiopiu.net\/wordpress\/wp-content\/uploads\/2021\/07\/219644373_10226900501445066_2635221774135715430_n-300x114.jpg 300w, https:\/\/www.radiopiu.net\/wordpress\/wp-content\/uploads\/2021\/07\/219644373_10226900501445066_2635221774135715430_n-768x292.jpg 768w\" sizes=\"auto, (max-width: 960px) 100vw, 960px\" \/><\/a><\/p>\n<p>&nbsp;<\/p>\n<hr \/>\n<p>&nbsp;<\/p>\n<h2 style=\"text-align: center;\"><span style=\"color: #ff0000;\">IL VIDEO DELLA ULSS 1 DOLOMITI PER SENSIBILIZZARE LA POPOLAZIONE ALLA VACCINAZIONE<\/span><\/h2>\n<p><iframe loading=\"lazy\" title=\"#WpertuttiNOI\" width=\"1200\" height=\"675\" src=\"https:\/\/www.youtube.com\/embed\/EZek8BLbzU8?feature=oembed\" frameborder=\"0\" allow=\"accelerometer; autoplay; clipboard-write; encrypted-media; gyroscope; picture-in-picture\" allowfullscreen><\/iframe><\/p>\n<p>&nbsp;<\/p>\n<hr \/>\n<p>&nbsp;<\/p>\n<blockquote>\n<h3>PICCOLA PETRA, CHE GLI ANGELI TI ACCOLGANO TRA I LORO GIOCHI<\/h3>\n<\/blockquote>\n<p><strong><img loading=\"lazy\" decoding=\"async\" class=\"alignleft\" src=\"https:\/\/www.radiopiu.net\/wordpress\/wp-content\/uploads\/2019\/02\/lutto-fiore.jpg\" width=\"197\" height=\"131\" \/>CESIOMAGGIORE<\/strong> Una comunit\u00e0 devastata dal dolore, Petra Lucca la bimba di 10 anni investita nella mattinata di sabato nei pressi di casa non c&#8217;\u00e8 pi\u00f9. ll suo cuoricino ha smesso di battere nel pomeriggio di ieri. In tarda serata la notizia ha fatto rapidamente il giro del paese come purtroppo succede in queste drammatiche circostanze. Le preghiere di un paese non sono state sufficienti a scongiurare il dolore, la tragedia per due famiglie, la sua con il pap\u00e0 Carlo, la mamma Doriana Turrin, le due sorelle e il fratello che abitano in frazione Toschian, ma anche la famiglia della donna che\u00a0 l&#8217;ha investita con la sua monovolume. La notizia della scomparsa della piccola \u00e8 stata data ai famigliari ed al paese da pap\u00e0 Carlo. Giorni di grande commozione anche per il parroco don Samuel Gallardo che ieri sera avrebbe dovuto pregare alla veglia virtuale per la guarigione della bambina e che purtroppo si \u00e8 trasformata in una dolorosa preghiera\u00a0 di suffragio. Petra Lucca era ricoverata all&#8217;unit\u00e0 di terapia intensiva della clinica pediatrica universitaria di Padova.<\/p>\n<p>&nbsp;<\/p>\n<hr \/>\n<p>&nbsp;<\/p>\n<blockquote>\n<h3>MICHELE NON CE L&#8217;HA FATTA, E&#8217; MANCATO DOPO DUE SETTIMANE DI AGONIA AL CA&#8217; FONCELLO DI TREVISO.<\/h3>\n<\/blockquote>\n<p><strong>QUERO VAS<\/strong> Nessun miracolo, Michele Dalla Piazza \u00e8 morto dopo 15 giorni dal malore improvviso che lo aveva colpito mentre stava lavorando nella sua stalla. I famigliari lo avevano trovato a terra in stato di incoscienza, l&#8217;elicottero del Suem si era occupato del trasporto all&#8217;ospedale di Belluno, quindi constata la gravit\u00e0 del paziente i sanitari avevano deciso per il trasferimento a Treviso. Michele lascia il fratello Raffaele, le sorelle Orsolina e Roberta, i nipoti Fulvia, Cristina, Nicola, Costantino e Thomas. I famigliari hanno dato seguito alle sue aspettative, ovvero la donazione degli organi. I funerali si svolgeranno oggi alle 10.30 nella chiesa di Quero.<\/p>\n<p>&nbsp;<\/p>\n<hr \/>\n<p>&nbsp;<\/p>\n<blockquote>\n<h3>SONO SEMPRE GRAVI LE CONDIZIONI DEL MOTOCICLISTA FELTRINO FINITO CONTRO UN CERVO<\/h3>\n<p><strong>FELTRE<\/strong> A.L. 41 anni \u00e8 ricoverato da venerdi\u00a0 nel reparto intensivo dell&#8217;ospedale Ca&#8217; Foncello di Treviso, il\u00a0 motociclista di Feltre \u00e8 finito addosso ad una cerva sulla strada provinciale 36 tra Villapaiera e Anz\u00f9. La moto lo ha sbalzato nella scarpata. Il quarantunenne di Canal, \u00e8 apparso subito in condizioni molto serie per questo il trasferimento all&#8217;ospedale di Treviso.<\/p>\n<p>&nbsp;<\/p><\/blockquote>\n<hr \/>\n<p>&nbsp;<\/p>\n<blockquote>\n<h3>DUE FERITI NELL&#8217;INCIDENTE A CORTINA<\/h3>\n<\/blockquote>\n<p><strong><img loading=\"lazy\" decoding=\"async\" class=\"alignleft\" src=\"https:\/\/www.radiopiu.net\/wordpress\/wp-content\/uploads\/2018\/03\/CARABINIERI-CORTINA.jpg\" width=\"199\" height=\"118\" \/>CORTINA<\/strong> Carabinieri della stazione di Cortina d&#8217;Ampezzo al lavoro dal pomeriggio di ieri in seguito all&#8217;incidente verificatosi sopra il centro ampezzano in localit\u00e0 Botestagno \u00a0che ha coinvolto un furgone\u00a0 condotto dal sessantenne G.B. di Rovigo e una moto con a bordo il guidatore e la passeggera, entrambi portati in ospedale al San Martino di Belluno per le ferite riportare, non sono in pericolo di vita. Sulla moto due turisti di Parma, un uomo F.F.di 43 anni e una donna C.B.di 39. La dinamica \u00e8 in fase di studio.<\/p>\n<p>&nbsp;<\/p>\n<p>&nbsp;<\/p>\n<hr \/>\n<blockquote>\n<h2><\/h2>\n<h2>PROVINCIALE 3 DI VALLE IMPERINA GOSALDO-RIVAMONTE: CHIUSA FINO AL 30 LUGLIO<\/h2>\n<\/blockquote>\n<p class=\"photoswipe-wrapper\"><a class=\"dt-pswp-item pspw-wrap-ready\" href=\"https:\/\/www.radiopiu.net\/wordpress\/wp-content\/uploads\/2021\/07\/b4b9c188-6323-4f82-bd7f-0a7c57ec0d22.jpg\" data-dt-img-description=\"\" data-large_image_width=\"1200\" data-large_image_height=\"1600\"><img loading=\"lazy\" decoding=\"async\" class=\" wp-image-223129 alignleft\" src=\"https:\/\/www.radiopiu.net\/wordpress\/wp-content\/uploads\/2021\/07\/b4b9c188-6323-4f82-bd7f-0a7c57ec0d22-150x150.jpg\" alt=\"\" width=\"120\" height=\"120\" \/><\/a><strong>GOSALDO<\/strong> Per lavori al chilometro 9.600 strada chiusa 24 ore su 24 sabato e domenica compresi. Interruzione fino al 30 luglio, Rivamonte \u00e8 raggiungibile da Agordo (senso unico in localit\u00e0 Gona Conedera) e da Voltago via Digoman<\/p>\n<p><strong>SEDICO<\/strong>\u00a0 REGIONALE 203 AGORDINA, In localit\u00e0 La Stanga dal 19 luglio al 6 agosto senso unico regolato da movieri<\/p>\n<p><strong>REGIONALE 203 AGORDINA, LOCALITA\u2019 SORAZUNAIA,\u00a0 E SR 48 DELLE DOLOMITI IN LOCALITA\u2019 LIVINALLONGO, FINO AL 31 LUGLIO DALLE 7 ALLE 18 ESCLUSI SABATI E DOMENICHE INTERRUZIONI ALLA VIABILITA\u2019 PER UNA DURATA MASSIMA DI 20 MINUTI.\u00a0<\/strong><\/p>\n<p><strong>PROVINCIALE 641 DI PASSO FEDAIA LOCALITA\u2019 COL DI ROCCA FINO AL 30 LUGLIO (COMPRESI FESTIVI E PREFESTIVI) SENSO UNICO ALTERNATO REGOLATO DA SEMAFORO<\/strong><\/p>\n<p><strong>LA\u00a0 VALLE STRADA PER MALGA FOCA<\/strong> NEL FINE SETTIMANA APERTA DA OGGI ALLE 12 E DOMANI PER TUTTO IL GIORNO. CHIUDE DI NUOVO DA LUNEDI ANCHE I SENTIERI CAI\u00a0 545, 542 e 541.<\/p>\n<p>&nbsp;<\/p>\n<p>&nbsp;<\/p>\n<hr \/>\n<p><strong><img loading=\"lazy\" decoding=\"async\" class=\"alignleft\" src=\"https:\/\/www.radiopiu.net\/wordpress\/wp-content\/uploads\/2021\/03\/BICCHIERE-ACQUA.jpg\" width=\"150\" height=\"100\" \/><br \/>\n<\/strong><\/p>\n<p><strong>VALLADA<\/strong> per lavori alla rete idrica comunale, oggi dalle 08 a fine lavori potrebbe mancare l&#8217;acqua in localit\u00e0 COGUL.<\/p>\n<p>&nbsp;<\/p>\n<p>&nbsp;<\/p>\n<hr \/>\n<p>&nbsp;<\/p>\n<blockquote>\n<h2><a href=\"https:\/\/www.radiopiu.net\/wordpress\/giornale-radiopiu-27-luglio-2021-direttore-mirko-mezzacasa\/212e8591-8014-481a-beee-193c917d1a02\/\" rel=\"attachment wp-att-224284\"><img loading=\"lazy\" decoding=\"async\" class=\"wp-image-224284 alignleft\" src=\"https:\/\/www.radiopiu.net\/wordpress\/wp-content\/uploads\/2021\/07\/212e8591-8014-481a-beee-193c917d1a02-300x300.jpg\" alt=\"\" width=\"226\" height=\"226\" srcset=\"https:\/\/www.radiopiu.net\/wordpress\/wp-content\/uploads\/2021\/07\/212e8591-8014-481a-beee-193c917d1a02-300x300.jpg 300w, https:\/\/www.radiopiu.net\/wordpress\/wp-content\/uploads\/2021\/07\/212e8591-8014-481a-beee-193c917d1a02-1024x1024.jpg 1024w, https:\/\/www.radiopiu.net\/wordpress\/wp-content\/uploads\/2021\/07\/212e8591-8014-481a-beee-193c917d1a02-150x150.jpg 150w, https:\/\/www.radiopiu.net\/wordpress\/wp-content\/uploads\/2021\/07\/212e8591-8014-481a-beee-193c917d1a02-768x768.jpg 768w, https:\/\/www.radiopiu.net\/wordpress\/wp-content\/uploads\/2021\/07\/212e8591-8014-481a-beee-193c917d1a02.jpg 1080w\" sizes=\"auto, (max-width: 226px) 100vw, 226px\" \/><\/a><\/h2>\n<h2>IL GIURAMENTO DI LUCA E LA RIMPATRIATA MONDIALE<\/h2>\n<p><strong style=\"font-size: 14px;\">CANALE D&#8217;AGORDO<\/strong><span style=\"font-size: 14px; font-weight: normal;\"> Alla scuola\u00a0 Agenti di Polizia di Peschiera del Garda Luca Cagnati, l&#8217;atleta di Canale d&#8217;Agordo ha urlato il suo &#8220;lo giuro&#8221;. Un altro traguardo, di quelli importanti per il ragazzo che abbiamo visto crescere tra successi e lezioni di sport.<\/span><span style=\"font-size: 14px; font-weight: normal;\">\u00a0 Xavier Chevrier atleta della Nazionale di corsa in montagna ha scritto la dedica che riportiamo con piacere <em>&#8220;Ti \u00e8 bastato &#8220;poco&#8221; per radunarci tutti quanti di Luned\u00ec mattina non troppo vicino a casa. Nella felicit\u00e0 di questo scatto \u00e8 racchiuso tutto lo stare bene assieme che sei riuscito a regalarci in questi anni di fatiche e gioie condivise a rappresentare il nostro Paese nel Mondo. <\/em><\/span><em><span style=\"font-size: 14px; font-weight: normal;\">Siamo fieri di te e di questo tuo nuovo percorso che oggi comincia e che tanto ti dar\u00e0 <\/span><span style=\"font-size: 14px; font-weight: normal;\">e ricordati degli amici se mai ti dovesse capitare di alzare la paletta al cielo al nostro passaggio&#8230; <\/span><span style=\"font-size: 14px; font-weight: normal;\">Dacci dentro Lack.\u00a0<\/span><\/em><\/p><\/blockquote>\n<p>&nbsp;<\/p>\n<hr \/>\n<p>&nbsp;<\/p>\n<blockquote>\n<h3>NELL&#8217;ULTIMA SETTIMANA 67 NUOVE POSITIVITA&#8217; IN PROVINCIA DI BELLUNO. L&#8217;ULSS 1 RACCOMANDA PRUDENZA NEI CONTATTI<\/h3>\n<\/blockquote>\n<p><strong>BELLUNO<\/strong> Aggiornamento settimanale della ULSS 1 Dolomiti sull&#8217;andamento dell&#8217;epidemia Covid-19 in provincia di Belluno<\/p>\n<p style=\"text-align: left;\"><a href=\"https:\/\/www.radiopiu.net\/wordpress\/nellultima-settimana-67-nuove-positivita-in-provincia-di-belluno-lulss-1-raccomanda-prudenza-nei-contatti\/1-85\/\" rel=\"attachment wp-att-224262\"><img loading=\"lazy\" decoding=\"async\" class=\"wp-image-224262 alignleft\" src=\"https:\/\/www.radiopiu.net\/wordpress\/wp-content\/uploads\/2021\/07\/1-2.jpg\" alt=\"\" width=\"276\" height=\"121\" srcset=\"https:\/\/www.radiopiu.net\/wordpress\/wp-content\/uploads\/2021\/07\/1-2.jpg 964w, https:\/\/www.radiopiu.net\/wordpress\/wp-content\/uploads\/2021\/07\/1-2-300x131.jpg 300w, https:\/\/www.radiopiu.net\/wordpress\/wp-content\/uploads\/2021\/07\/1-2-768x336.jpg 768w\" sizes=\"auto, (max-width: 276px) 100vw, 276px\" \/><\/a>Il grafico sopra riportato rappresenta la curva epidemica relativa alla seconda e terza fase dello sviluppo pandemico nel nostro territorio. Nell\u2019ultima settimana \u00e8 stata rilevata una ripresa di casistica seppur inferiore al trend nazionale e regionale. La maggior parte dei casi \u00e8 collegata a rientri da localit\u00e0 turistiche prevalentemente balneari oltre ad alcuni focolai che si sviluppano all\u2019interno di gruppi familiari \u2013 amicali. I casi rilevati nella settimana sono 67. Per effetto della nuova casistica sopra segnalata, l&#8217;incidenza settimanale registrata in provincia \u00e8 pari a 34 \u00a0per 100 mila abitanti,<strong> inferiore\u00a0 all&#8217;incidenza nazionale <\/strong>(51 su 100 mila abitanti). Nei piccoli comuni, anche una piccola casistica determina un\u2019incidenza (casi\/abitanti) significativa, alla luce del piccolo denominatore di popolazione. Per quanto riguarda il Comune di Cortina, i nuovi casi sono 13. Pi\u00f9 della met\u00e0 dei casi sono di \u201cimportazione\u201d, originati al di fuori dai confini regionali.<\/p>\n<p><a href=\"https:\/\/www.radiopiu.net\/wordpress\/nellultima-settimana-67-nuove-positivita-in-provincia-di-belluno-lulss-1-raccomanda-prudenza-nei-contatti\/2-90\/\" rel=\"attachment wp-att-224264\"><img loading=\"lazy\" decoding=\"async\" class=\"wp-image-224264 alignleft\" src=\"https:\/\/www.radiopiu.net\/wordpress\/wp-content\/uploads\/2021\/07\/2-1.jpg\" alt=\"\" width=\"267\" height=\"276\" srcset=\"https:\/\/www.radiopiu.net\/wordpress\/wp-content\/uploads\/2021\/07\/2-1.jpg 966w, https:\/\/www.radiopiu.net\/wordpress\/wp-content\/uploads\/2021\/07\/2-1-290x300.jpg 290w, https:\/\/www.radiopiu.net\/wordpress\/wp-content\/uploads\/2021\/07\/2-1-768x793.jpg 768w\" sizes=\"auto, (max-width: 267px) 100vw, 267px\" \/><\/a><\/p>\n<p><strong>Focolaio Giovanile del feltrino: <\/strong>Ad oggi rimane un unico positivo riferito al focolaio giovanile del feltrino di fine giugno. <strong>Focolaio corso aspiranti maestri di sci e snowboard: <\/strong>Non sono incrementate le 13 positivit\u00e0 individuate al rientro dalle selezioni in Francia di aspiranti maestri di sci o snowboard. La gestione prudente e responsabile del rientro ha determinato il contenimento del contagio. <strong>Focolaio movida Belluno: <\/strong>Ad oggi i positivi collegabili al focolaio \u201cmovida\u201d di Belluno del 17 luglio sono 5. Ieri sono stati eseguiti numerosi tamponi, in fase di refertazione<\/p>\n<p>A ieri mattina alle ore 8.00, dall\u2019inizio dell\u2019epidemia, sono stati effettuati: 296 mila tamponi molecolari, 214 mila tamponi antigenici. Si registra un incremento della richiesta di tamponi. Gli accessi ai covid point tamponi aziendali continuano ad essere gratuiti ad accesso libero (senza impegnativa e senza prenotazione). Si ricorda l\u2019importanza di sottoporsi al tampone al rientro da localit\u00e0 a rischio (vedi ordinanza regionale), in presenza di sintomi anche blandi riconducibili a covid o in dubbio per contatti. <strong>Questi gli orari: <\/strong>Covid Point <strong>Belluno-Ospedale<\/strong> (drive-in San Gervasio) tutti i giorni, festivi inclusi, dalle 8.30 alle 12.30; Covid Point <strong>Feltre-Anz\u00f9 <\/strong>dal luned\u00ec al sabato (festivi esclusi), dalle 8.30 alle 12.30; Covid Point <strong>Agordo-Tamonich <\/strong>marted\u00ec, gioved\u00ec e sabato (festivi esclusi), dalle 9.00 alle 10.00; Covid Point <strong>Tai di Cadore <\/strong>marted\u00ec, gioved\u00ec e sabato (festivi esclusi), dalle 13.00 alle 15.00. Rimangono 4 persone ricoverate in Malattie Infettive all\u2019ospedale di Belluno con un quadro clinico non critico. Si raccomanda prudenza nei contatti, l\u2019uso della mascherina e un\u2019accurata igiene delle mani, tenendo alta l\u2019attenzione per contenere la ripresa dei contagi.<\/p>\n<p>&nbsp;<\/p>\n<p>&nbsp;<\/p>\n<p>&nbsp;<\/p>\n<p>&nbsp;<\/p>\n<hr \/>\n<p>&nbsp;<\/p>\n<blockquote>\n<h3>METEO INSTABILE FINO A\u00a0 DOMANI\u00a0 A MEZZANOTTE<\/h3>\n<\/blockquote>\n<p><strong><img loading=\"lazy\" decoding=\"async\" class=\"alignleft\" src=\"https:\/\/www.radiopiu.net\/wordpress\/wp-content\/uploads\/2018\/04\/previsioni-meteo.jpg\" width=\"200\" height=\"157\" \/>VENEZIA<\/strong>\u00a0 Il Centro funzionale decentrato della Protezione Civile del Veneto, in considerazione del tempo instabile previsto per oggi con rovesci, temporali sparsi e fenomeni anche intensi, ha emesso un nuovo avviso di criticit\u00e0 idrogeologica per i disagi che potrebbero verificarsi nel sistema di drenaggio urbano e lungo la rete idrografica minore. Sulla base delle previsioni meteo \u00e8 stato dichiarato lo Stato di Attenzione (allerta gialla)<\/p>\n<p>&nbsp;<\/p>\n<p>&nbsp;<\/p>\n<p>&nbsp;<\/p>\n<hr \/>\n<p>&nbsp;<\/p>\n<div class=\"page-title-head hgroup\">\n<blockquote>\n<h3 class=\"entry-title\">DILLO A RADIO PIU\u2026 CENTRALINE, VAIA E CONTROLLORI<\/h3>\n<\/blockquote>\n<\/div>\n<div class=\"page-title-breadcrumbs\">\n<p><strong>ROCCA PIETORE\u00a0 <\/strong>Maria Darman, residente a Mestre \u00e8 proprietaria di un immobile e relative pertinenze\u00a0 in\u00a0 Via Col (foto 1). Nella lettera inviata a Radio Pi\u00f9 ci ricorda come nella vicinanze della sua abitazione nel 2013 il Comune di Rocca Pietore, abbia\u00a0 autorizzato\u00a0 la costruzione di una centralina idroelettrica. Detta delibera subordinava la costruzione ad alcune prescrizioni \u201c&#8230;<em>vista la stretta vicinanza tra la strada comunale a monte della frazione Col di Rocca in corrispondenza dell\u2019opera di presa dell\u2019impianto\u00a0 e l\u2019alveo del torrente Pettorina, al fine di evitare un possibile scalzamento della strada da parte della corrente, si richiede un prolungamento della scogliera in progetto e la deviazione\u00a0 della stessa verso la strada comunale&#8230;.. Si dovr\u00e0 inoltre provvedere ad innalzare la quota di sommit\u00e0 della scogliera&#8230;<\/em> d<em>ovr\u00e0 essere richiesta una nuova autorizzazione qualora sopravvenissero modifiche sostanziali<\/em>. La Darman afferna che ad oggi &#8211; anche dopo gli eventi di Vaia &#8211; nessun tipo di scogliera \u00e8 stato realizzato ( foto 2). Con la tempesta del 2018 l\u2019acqua del torrente, oltre ad arrivare a scorrere lungo la strada comunale ha creato un nuovo letto (foto 3) facendo crollare, prima di riprendere il percorso originario, il muro di sostegno del giardino, il magazzino dell\u2019edificio,\u00a0 portandone via l\u2019intero contenuto oltre al terreno e alla vasca biologica (foto 4). L\u2019abitazione \u00e8 stata dichiarata inagibile e si sono rese necessarie opere di consolidamento delle fondazioni con un contributo di\u00a0 13.260,62 la cui liquidazione \u00e8 subordinata al completamento dei lavori.\u00a0 Il termine per l\u2019esecuzione dei lavori \u00e8 fissato al 30 settembre 2021, con possibilit\u00e0 di proroga di sei mesi. La nostra ascoltatrice lettrice ricorda: <em>&#8220;Sono passati due anni e mezzo e nel tratto di torrente che va dalla centralina alla mia abitazione nessuna scogliera \u00e8 stata messa in opera (foto 5, dello scorso 11 luglio), il che significa che l\u2019immobile \u00e8 ancora in pericolo in caso di piena. Le difese arginali, secondo quanto comunicato dal direttore servizi forestali regionali in data 9.7.21, saranno concluse entro l\u2019autunno 2021.\u00a0 Entro il 30 settembre \u2013 con la zona ancora in situazione di pericolo \u2013 dovrei far rimisurare il terreno, provvedere alle nuove recinzioni e alla ricostruzione di quanto distrutto dalla forza dell\u2019acqua. Certo c&#8217;\u00e8 la possibilit\u00e0 di chiedere la proroga di sei mesi: \u00e8 risaputo che d\u2019inverno, in montagna non si costruisce. Questa \u00e8 l\u2019ennesima beffa nei confronti dei cittadini, costretti tra l\u2019altro ad avvalersi dell\u2019opera di professionisti per chiedere il contributo&#8221;. <\/em>In conclusione le domande: l&#8217;esecuzione delle opere \u00e8 stata corretta? la verifica dei lavori di conformit\u00e0 rispetto al progetto \u00e8 stata puntuale?<\/p>\n\n\t\t\t<style type='text\/css'>\n\t\t\t\t#gallery-1 {\n\t\t\t\t\tmargin: auto;\n\t\t\t\t}\n\t\t\t\t#gallery-1 .gallery-item {\n\t\t\t\t\tfloat: left;\n\t\t\t\t\tmargin-top: 10px;\n\t\t\t\t\ttext-align: center;\n\t\t\t\t\twidth: 33%;\n\t\t\t\t}\n\t\t\t\t#gallery-1 img {\n\t\t\t\t\tborder: 2px solid #cfcfcf;\n\t\t\t\t}\n\t\t\t\t#gallery-1 .gallery-caption {\n\t\t\t\t\tmargin-left: 0;\n\t\t\t\t}\n\t\t\t\t\/* see gallery_shortcode() in wp-includes\/media.php *\/\n\t\t\t<\/style>\n\t\t<div id='gallery-1' class='dt-gallery-container gallery galleryid-224035 gallery-columns-3 gallery-size-thumbnail'><dl class='gallery-item'>\n\t\t\t\t<dt class='gallery-icon landscape'>\n\t\t\t\t\t<a class=\"rollover rollover-zoom dt-pswp-item\" title=\"20210531_083112\" data-dt-img-description=\"\" data-large_image_width=\"871\" data-large_image_height=\"871\"href='https:\/\/www.radiopiu.net\/wordpress\/wp-content\/uploads\/2021\/07\/20210531_083112.jpg'><img loading=\"lazy\" decoding=\"async\" width=\"150\" height=\"150\" src=\"https:\/\/www.radiopiu.net\/wordpress\/wp-content\/uploads\/2021\/07\/20210531_083112-150x150.jpg\" class=\"attachment-thumbnail size-thumbnail\" alt=\"\" aria-describedby=\"gallery-1-224237\" srcset=\"https:\/\/www.radiopiu.net\/wordpress\/wp-content\/uploads\/2021\/07\/20210531_083112-150x150.jpg 150w, https:\/\/www.radiopiu.net\/wordpress\/wp-content\/uploads\/2021\/07\/20210531_083112-300x300.jpg 300w, https:\/\/www.radiopiu.net\/wordpress\/wp-content\/uploads\/2021\/07\/20210531_083112-768x768.jpg 768w, https:\/\/www.radiopiu.net\/wordpress\/wp-content\/uploads\/2021\/07\/20210531_083112.jpg 871w\" sizes=\"auto, (max-width: 150px) 100vw, 150px\" \/><\/a>\n\t\t\t\t<\/dt>\n\t\t\t\t\t<dd class='wp-caption-text gallery-caption' id='gallery-1-224237'>\n\t\t\t\t\tFOTO1\n\t\t\t\t\t<\/dd><\/dl><dl class='gallery-item'>\n\t\t\t\t<dt class='gallery-icon portrait'>\n\t\t\t\t\t<a class=\"rollover rollover-zoom dt-pswp-item\" title=\"20210531_083946\" data-dt-img-description=\"\" data-large_image_width=\"1534\" data-large_image_height=\"2280\"href='https:\/\/www.radiopiu.net\/wordpress\/wp-content\/uploads\/2021\/07\/20210531_083946.jpg'><img loading=\"lazy\" decoding=\"async\" width=\"150\" height=\"150\" src=\"https:\/\/www.radiopiu.net\/wordpress\/wp-content\/uploads\/2021\/07\/20210531_083946-150x150.jpg\" class=\"attachment-thumbnail size-thumbnail\" alt=\"\" aria-describedby=\"gallery-1-224239\" \/><\/a>\n\t\t\t\t<\/dt>\n\t\t\t\t\t<dd class='wp-caption-text gallery-caption' id='gallery-1-224239'>\n\t\t\t\t\tFOTO2\n\t\t\t\t\t<\/dd><\/dl><dl class='gallery-item'>\n\t\t\t\t<dt class='gallery-icon portrait'>\n\t\t\t\t\t<a class=\"rollover rollover-zoom dt-pswp-item\" title=\"20210625_170034\" data-dt-img-description=\"\" data-large_image_width=\"1920\" data-large_image_height=\"2560\"href='https:\/\/www.radiopiu.net\/wordpress\/wp-content\/uploads\/2021\/07\/20210625_170034-scaled.jpg'><img loading=\"lazy\" decoding=\"async\" width=\"150\" height=\"150\" src=\"https:\/\/www.radiopiu.net\/wordpress\/wp-content\/uploads\/2021\/07\/20210625_170034-150x150.jpg\" class=\"attachment-thumbnail size-thumbnail\" alt=\"\" aria-describedby=\"gallery-1-224241\" \/><\/a>\n\t\t\t\t<\/dt>\n\t\t\t\t\t<dd class='wp-caption-text gallery-caption' id='gallery-1-224241'>\n\t\t\t\t\tFOTO3\n\t\t\t\t\t<\/dd><\/dl><br style=\"clear: both\" \/><dl class='gallery-item'>\n\t\t\t\t<dt class='gallery-icon landscape'>\n\t\t\t\t\t<a class=\"rollover rollover-zoom dt-pswp-item\" title=\"20210625_170354\" data-dt-img-description=\"\" data-large_image_width=\"706\" data-large_image_height=\"530\"href='https:\/\/www.radiopiu.net\/wordpress\/wp-content\/uploads\/2021\/07\/20210625_170354.jpg'><img loading=\"lazy\" decoding=\"async\" width=\"150\" height=\"150\" src=\"https:\/\/www.radiopiu.net\/wordpress\/wp-content\/uploads\/2021\/07\/20210625_170354-150x150.jpg\" class=\"attachment-thumbnail size-thumbnail\" alt=\"\" aria-describedby=\"gallery-1-224238\" \/><\/a>\n\t\t\t\t<\/dt>\n\t\t\t\t\t<dd class='wp-caption-text gallery-caption' id='gallery-1-224238'>\n\t\t\t\t\tFOTO4\n\t\t\t\t\t<\/dd><\/dl><dl class='gallery-item'>\n\t\t\t\t<dt class='gallery-icon landscape'>\n\t\t\t\t\t<a class=\"rollover rollover-zoom dt-pswp-item\" title=\"20210713_170421\" data-dt-img-description=\"\" data-large_image_width=\"2048\" data-large_image_height=\"1536\"href='https:\/\/www.radiopiu.net\/wordpress\/wp-content\/uploads\/2021\/07\/20210713_170421.jpg'><img loading=\"lazy\" decoding=\"async\" width=\"150\" height=\"150\" src=\"https:\/\/www.radiopiu.net\/wordpress\/wp-content\/uploads\/2021\/07\/20210713_170421-150x150.jpg\" class=\"attachment-thumbnail size-thumbnail\" alt=\"\" aria-describedby=\"gallery-1-224240\" \/><\/a>\n\t\t\t\t<\/dt>\n\t\t\t\t\t<dd class='wp-caption-text gallery-caption' id='gallery-1-224240'>\n\t\t\t\t\tFOTO5\n\t\t\t\t\t<\/dd><\/dl>\n\t\t\t\t<br style='clear: both' \/>\n\t\t\t<\/div>\n\n<p>&nbsp;<\/p>\n<hr \/>\n<p>&nbsp;<\/p>\n<\/div>\n<blockquote>\n<h3><strong>GRANDINATA DI DOMENICA, DANNI AI VIGNETI NEL TERRITORIO FELTRINO\u00a0<\/strong><\/h3>\n<\/blockquote>\n<p><strong><a href=\"https:\/\/www.radiopiu.net\/wordpress\/giornale-radiopiu-26-luglio-2021-direttore-mirko-mezzacasa\/225172311_355167702848996_7028681352901191973_n\/\" rel=\"attachment wp-att-224071\"><img loading=\"lazy\" decoding=\"async\" class=\" wp-image-224071 alignleft\" src=\"https:\/\/www.radiopiu.net\/wordpress\/wp-content\/uploads\/2021\/07\/225172311_355167702848996_7028681352901191973_n-169x300.jpg\" alt=\"\" width=\"135\" height=\"240\" srcset=\"https:\/\/www.radiopiu.net\/wordpress\/wp-content\/uploads\/2021\/07\/225172311_355167702848996_7028681352901191973_n-169x300.jpg 169w, https:\/\/www.radiopiu.net\/wordpress\/wp-content\/uploads\/2021\/07\/225172311_355167702848996_7028681352901191973_n.jpg 540w\" sizes=\"auto, (max-width: 135px) 100vw, 135px\" \/><\/a>\u00a0BELLUNO <\/strong><em>\u00a0<\/em>Perdite fino al cento per cento di uva nei vigneti a causa della grandinata che domenica pomeriggio ha flagellato il territorio feltrino. Chicchi di grandine come palline da ping-pong hanno bersagliato le colture, gi\u00e0 colpite pi\u00f9 volte durante questo mese, facendo disastri nella zona di Cesiomaggiore. <em>\u201cI nostri produttori stanno compiendo le verifiche nei campi &#8211; spiega Enzo Guarnieri, vicepresidente di Confagricoltura Belluno e presidente del Consorzio Coste del Feltrino -, ma sappiamo che la tempesta ha colpito duro a Cesiomaggiore, Pederobba, Cesio e Santa Giustina. I produttori colpiti hanno avuto mediamente danni attorno al 30 per cento, ma c\u2019\u00e8 anche qualcuno che ha perso tutta l\u2019uva. Siamo preoccupati perch\u00e9 questa \u00e8 la terza grandinata di media gravit\u00e0, nel giro di poche settimane, che colpisce i viticoltori. Una, che proveniva da Nord, ha colpito l\u2019area da Mugnai a Pedavena. L\u2019altra ha preso in pieno la zona di Seren del Grappa e dintorni\u201d. <\/em>Marco De Bacco, titolare dell\u2019azienda vitivinicola omonima, vincitore di numerosi riconoscimenti grazie a vigneti autoctoni e resistenti come Solaris, Pavana e Bianchetta, \u00e8 tra i produttori pi\u00f9 colpiti. La grandine ha rovinato un\u2019annata che stava procedendo per il meglio.<\/p>\n<blockquote>\n<h3>\u00a0GRANDINATA NEL FELTRINO<\/h3>\n<\/blockquote>\n\n\t\t\t<style type='text\/css'>\n\t\t\t\t#gallery-2 {\n\t\t\t\t\tmargin: auto;\n\t\t\t\t}\n\t\t\t\t#gallery-2 .gallery-item {\n\t\t\t\t\tfloat: left;\n\t\t\t\t\tmargin-top: 10px;\n\t\t\t\t\ttext-align: center;\n\t\t\t\t\twidth: 20%;\n\t\t\t\t}\n\t\t\t\t#gallery-2 img {\n\t\t\t\t\tborder: 2px solid #cfcfcf;\n\t\t\t\t}\n\t\t\t\t#gallery-2 .gallery-caption {\n\t\t\t\t\tmargin-left: 0;\n\t\t\t\t}\n\t\t\t\t\/* see gallery_shortcode() in wp-includes\/media.php *\/\n\t\t\t<\/style>\n\t\t<div id='gallery-2' class='dt-gallery-container gallery galleryid-224035 gallery-columns-5 gallery-size-thumbnail'><dl class='gallery-item'>\n\t\t\t\t<dt class='gallery-icon portrait'>\n\t\t\t\t\t<a class=\"rollover rollover-zoom dt-pswp-item\" title=\"ba9cff5c-d1dc-41ac-9f2c-3c5ed11c1d54\" data-dt-img-description=\"\" data-large_image_width=\"756\" data-large_image_height=\"1344\"href='https:\/\/www.radiopiu.net\/wordpress\/wp-content\/uploads\/2021\/07\/ba9cff5c-d1dc-41ac-9f2c-3c5ed11c1d54.jpg'><img loading=\"lazy\" decoding=\"async\" width=\"150\" height=\"150\" src=\"https:\/\/www.radiopiu.net\/wordpress\/wp-content\/uploads\/2021\/07\/ba9cff5c-d1dc-41ac-9f2c-3c5ed11c1d54-150x150.jpg\" class=\"attachment-thumbnail size-thumbnail\" alt=\"\" \/><\/a>\n\t\t\t\t<\/dt><\/dl><dl class='gallery-item'>\n\t\t\t\t<dt class='gallery-icon portrait'>\n\t\t\t\t\t<a class=\"rollover rollover-zoom dt-pswp-item\" title=\"79488ce4-7182-437b-94fb-b85871601cc6\" data-dt-img-description=\"\" data-large_image_width=\"756\" data-large_image_height=\"1344\"href='https:\/\/www.radiopiu.net\/wordpress\/wp-content\/uploads\/2021\/07\/79488ce4-7182-437b-94fb-b85871601cc6.jpg'><img loading=\"lazy\" decoding=\"async\" width=\"150\" height=\"150\" src=\"https:\/\/www.radiopiu.net\/wordpress\/wp-content\/uploads\/2021\/07\/79488ce4-7182-437b-94fb-b85871601cc6-150x150.jpg\" class=\"attachment-thumbnail size-thumbnail\" alt=\"\" \/><\/a>\n\t\t\t\t<\/dt><\/dl><dl class='gallery-item'>\n\t\t\t\t<dt class='gallery-icon portrait'>\n\t\t\t\t\t<a class=\"rollover rollover-zoom dt-pswp-item\" title=\"5b9ad528-cf96-47a4-8080-90e3b4c1c51e\" data-dt-img-description=\"\" data-large_image_width=\"756\" data-large_image_height=\"1344\"href='https:\/\/www.radiopiu.net\/wordpress\/wp-content\/uploads\/2021\/07\/5b9ad528-cf96-47a4-8080-90e3b4c1c51e.jpg'><img loading=\"lazy\" decoding=\"async\" width=\"150\" height=\"150\" src=\"https:\/\/www.radiopiu.net\/wordpress\/wp-content\/uploads\/2021\/07\/5b9ad528-cf96-47a4-8080-90e3b4c1c51e-150x150.jpg\" class=\"attachment-thumbnail size-thumbnail\" alt=\"\" \/><\/a>\n\t\t\t\t<\/dt><\/dl><dl class='gallery-item'>\n\t\t\t\t<dt class='gallery-icon landscape'>\n\t\t\t\t\t<a class=\"rollover rollover-zoom dt-pswp-item\" title=\"63c53de9-74db-46b7-a45e-645ede0da91d\" data-dt-img-description=\"\" data-large_image_width=\"1344\" data-large_image_height=\"756\"href='https:\/\/www.radiopiu.net\/wordpress\/wp-content\/uploads\/2021\/07\/63c53de9-74db-46b7-a45e-645ede0da91d.jpg'><img loading=\"lazy\" decoding=\"async\" width=\"150\" height=\"150\" src=\"https:\/\/www.radiopiu.net\/wordpress\/wp-content\/uploads\/2021\/07\/63c53de9-74db-46b7-a45e-645ede0da91d-150x150.jpg\" class=\"attachment-thumbnail size-thumbnail\" alt=\"\" \/><\/a>\n\t\t\t\t<\/dt><\/dl><dl class='gallery-item'>\n\t\t\t\t<dt class='gallery-icon landscape'>\n\t\t\t\t\t<a class=\"rollover rollover-zoom dt-pswp-item\" title=\"84683d17-b52b-4955-8461-4de9f0936ed5\" data-dt-img-description=\"\" data-large_image_width=\"1344\" data-large_image_height=\"756\"href='https:\/\/www.radiopiu.net\/wordpress\/wp-content\/uploads\/2021\/07\/84683d17-b52b-4955-8461-4de9f0936ed5.jpg'><img loading=\"lazy\" decoding=\"async\" width=\"150\" height=\"150\" src=\"https:\/\/www.radiopiu.net\/wordpress\/wp-content\/uploads\/2021\/07\/84683d17-b52b-4955-8461-4de9f0936ed5-150x150.jpg\" class=\"attachment-thumbnail size-thumbnail\" alt=\"\" \/><\/a>\n\t\t\t\t<\/dt><\/dl><br style=\"clear: both\" \/>\n\t\t\t<\/div>\n\n<p>&nbsp;<\/p>\n<hr \/>\n<p>&nbsp;<\/p>\n<blockquote>\n<h3>IL VALBELLUNA DOLOMITI, LAND OF CANYONING IN PROGRAMMA IL PROSSIMO FINE SETTIMANA<\/h3>\n<\/blockquote>\n<p><strong><a href=\"https:\/\/www.radiopiu.net\/wordpress\/il-valbelluna-dolomiti-land-of-canyoning-in-programma-il-prossimo-fine-settimana\/e6e12ab2-b6f4-4bae-b909-952e11d8ea45\/\" rel=\"attachment wp-att-224204\"><img loading=\"lazy\" decoding=\"async\" class=\"size-medium wp-image-224204 alignleft\" src=\"https:\/\/www.radiopiu.net\/wordpress\/wp-content\/uploads\/2021\/07\/e6e12ab2-b6f4-4bae-b909-952e11d8ea45-300x138.jpg\" alt=\"\" width=\"300\" height=\"138\" srcset=\"https:\/\/www.radiopiu.net\/wordpress\/wp-content\/uploads\/2021\/07\/e6e12ab2-b6f4-4bae-b909-952e11d8ea45-300x138.jpg 300w, https:\/\/www.radiopiu.net\/wordpress\/wp-content\/uploads\/2021\/07\/e6e12ab2-b6f4-4bae-b909-952e11d8ea45-1024x472.jpg 1024w, https:\/\/www.radiopiu.net\/wordpress\/wp-content\/uploads\/2021\/07\/e6e12ab2-b6f4-4bae-b909-952e11d8ea45-768x354.jpg 768w, https:\/\/www.radiopiu.net\/wordpress\/wp-content\/uploads\/2021\/07\/e6e12ab2-b6f4-4bae-b909-952e11d8ea45-1536x708.jpg 1536w, https:\/\/www.radiopiu.net\/wordpress\/wp-content\/uploads\/2021\/07\/e6e12ab2-b6f4-4bae-b909-952e11d8ea45.jpg 1600w\" sizes=\"auto, (max-width: 300px) 100vw, 300px\" \/><\/a>BELLUNO<\/strong><\/p>\n<p>di Moreno Gioli<\/p>\n<audio class=\"wp-audio-shortcode\" id=\"audio-224035-1\" preload=\"none\" style=\"width: 100%;\" controls=\"controls\"><source type=\"audio\/mpeg\" src=\"https:\/\/www.radiopiu.net\/wordpress\/wp-content\/uploads\/2021\/07\/gioli-canyoning.mp3?_=1\" \/><a href=\"https:\/\/www.radiopiu.net\/wordpress\/wp-content\/uploads\/2021\/07\/gioli-canyoning.mp3\">https:\/\/www.radiopiu.net\/wordpress\/wp-content\/uploads\/2021\/07\/gioli-canyoning.mp3<\/a><\/audio>\n<p><strong>SIMONE DEOLA, CONSIGLIERE COMUNALE DI BORGO VALBELLUNA<\/strong><\/p>\n<audio class=\"wp-audio-shortcode\" id=\"audio-224035-2\" preload=\"none\" style=\"width: 100%;\" controls=\"controls\"><source type=\"audio\/mpeg\" src=\"https:\/\/www.radiopiu.net\/wordpress\/wp-content\/uploads\/2021\/07\/DEOLA-1.mp3?_=2\" \/><a href=\"https:\/\/www.radiopiu.net\/wordpress\/wp-content\/uploads\/2021\/07\/DEOLA-1.mp3\">https:\/\/www.radiopiu.net\/wordpress\/wp-content\/uploads\/2021\/07\/DEOLA-1.mp3<\/a><\/audio>\n<p>&nbsp;<\/p>\n<p><strong>CHRISTIAN DA CANAL, CANYONING BORGO VALBELLUNA<\/strong><\/p>\n<audio class=\"wp-audio-shortcode\" id=\"audio-224035-3\" preload=\"none\" style=\"width: 100%;\" controls=\"controls\"><source type=\"audio\/mpeg\" src=\"https:\/\/www.radiopiu.net\/wordpress\/wp-content\/uploads\/2021\/07\/Christian-da-canaldi-canyoning-borgo-valbelluna.mp3?_=3\" \/><a href=\"https:\/\/www.radiopiu.net\/wordpress\/wp-content\/uploads\/2021\/07\/Christian-da-canaldi-canyoning-borgo-valbelluna.mp3\">https:\/\/www.radiopiu.net\/wordpress\/wp-content\/uploads\/2021\/07\/Christian-da-canaldi-canyoning-borgo-valbelluna.mp3<\/a><\/audio>\n<p>&nbsp;<\/p>\n<p><strong>DANILO DE TONI, CONSIGLIERE PROVINCIALE CON DELEGA AL TURISMO<\/strong><\/p>\n<audio class=\"wp-audio-shortcode\" id=\"audio-224035-4\" preload=\"none\" style=\"width: 100%;\" controls=\"controls\"><source type=\"audio\/mpeg\" src=\"https:\/\/www.radiopiu.net\/wordpress\/wp-content\/uploads\/2021\/07\/DE-TONI.mp3?_=4\" \/><a href=\"https:\/\/www.radiopiu.net\/wordpress\/wp-content\/uploads\/2021\/07\/DE-TONI.mp3\">https:\/\/www.radiopiu.net\/wordpress\/wp-content\/uploads\/2021\/07\/DE-TONI.mp3<\/a><\/audio>\n<p>&nbsp;<\/p>\n<hr \/>\n<p>&nbsp;<\/p>\n<blockquote>\n<h3>ACC CONTINUERA&#8217; A PRODURRE ANCHE AD AGOSTO E SETTEMBRE, LO DICONO LE RSU DOPO L&#8217;INCONTRO CON MAURIZIO CASTRO<\/h3>\n<\/blockquote>\n<p><strong><a href=\"https:\/\/www.radiopiu.net\/wordpress\/acc-mel-lopinione-di-stefano-bona-fiom-cigl\/acc-mel-2\/\" rel=\"attachment wp-att-217731\"><img loading=\"lazy\" decoding=\"async\" class=\"size-medium wp-image-217731 alignleft\" src=\"https:\/\/www.radiopiu.net\/wordpress\/wp-content\/uploads\/2021\/06\/ACC-MEL-300x171.png\" alt=\"\" width=\"300\" height=\"171\" srcset=\"https:\/\/www.radiopiu.net\/wordpress\/wp-content\/uploads\/2021\/06\/ACC-MEL-300x171.png 300w, https:\/\/www.radiopiu.net\/wordpress\/wp-content\/uploads\/2021\/06\/ACC-MEL-1024x585.png 1024w, https:\/\/www.radiopiu.net\/wordpress\/wp-content\/uploads\/2021\/06\/ACC-MEL-768x439.png 768w, https:\/\/www.radiopiu.net\/wordpress\/wp-content\/uploads\/2021\/06\/ACC-MEL.png 1376w\" sizes=\"auto, (max-width: 300px) 100vw, 300px\" \/><\/a>BORGO VALBELLUNA<\/strong> Ieri mattina le rappresentanze territoriali di FIM &#8211; FIOM &#8211; UILM unitamente alle RSU di stabilimento hanno incontrato il commissario straordinario di Acc Maurizio Castro per un un&#8217;aggiornamento sulla situazione produttiva. &#8220;<em>Ancora una volta abbiamo avuto la conferma della vitalit\u00e0 industriale della fabbrica di Mel, che continuer\u00e0 a produrre seppur in regime ridotto anche per i mesi di Agosto (80 mila pezzi previsti) ed Settembre (95.500) dopo aver chiuso luglio con una produzione di 119 mila pezzi. L&#8217;approvazione della CIGS, in tempi brevi da parte del Ministero del lavoro consentir\u00e0 la copertura delle giornate di fermata produttive imposte dalla mancanza di liquidit\u00e0 &#8211; dicono le sigle sindacali &#8211; Continua la fiducia di clienti e fornitori che grazie agli accordi conclusi consentono il proseguo delle attivit\u00e0. Il piano di ripresa e resilienza consentir\u00e0 agli operai di Mel di arrivare alla concessione dei finanziamenti promessi con l&#8217;art. 37 DL sostegni. Proprio oggi \u00e8 stato pubblicato il testo in gazzetta ufficiale del art.37 Dl sostegni che istituisce il fondo di 400 milioni di euro in favore delle aziende in difficolt\u00e0, in attesa del decreto direttoriale che definir\u00e0 contenuti e modalit\u00e0 dell&#8217;erogazione, e del parere della commissione europea. Ci auguriamo che il tutto avvenga nel pi\u00f9 breve tempo possibile, per consentire alle lavoratrici e ai lavoratori di Acc, anche in ragione della gara di vendita in corso, di avere pi\u00f9 fiducia in un rilancio di Acc grazie al loro lavoro e alla loro lotta<\/em>&#8220;. Intanto per oggi \u00e8 in programma l&#8217;incontro pubblico della FIOM CGIL dal titolo &#8220;Il PNRR e le politiche industriali e del lavoro nel mondo post\u00a0 pandemico e post globalizzato&#8221;. Per partecipare <a href=\"https:\/\/www.facebook.com\/events\/635594764371972\">CLICCA QUI<\/a><\/p>\n<p>&nbsp;<\/p>\n<hr \/>\n<p>&nbsp;<\/p>\n<blockquote>\n<h2><\/h2>\n<h2>TRA GLI ARTICOLI PIU&#8217; VISUALIZZATI DEL FINE SETTIMANA&#8230;..pubblicato domenica<\/h2>\n<\/blockquote>\n<blockquote class=\"wp-embedded-content\" data-secret=\"GrCEPwbYzX\"><p><a href=\"https:\/\/www.radiopiu.net\/wordpress\/riaperta-al-culto-la-chiesa-di-tiser\/\">RIAPERTA AL CULTO LA CHIESA DI TISER<\/a><\/p><\/blockquote>\n<p><iframe loading=\"lazy\" class=\"wp-embedded-content\" sandbox=\"allow-scripts\" security=\"restricted\" style=\"position: absolute; clip: rect(1px, 1px, 1px, 1px);\" title=\"&#8220;RIAPERTA AL CULTO LA CHIESA DI TISER&#8221; &#8212; Radio Pi\u00f9\" src=\"https:\/\/www.radiopiu.net\/wordpress\/riaperta-al-culto-la-chiesa-di-tiser\/embed\/#?secret=GrCEPwbYzX\" data-secret=\"GrCEPwbYzX\" width=\"600\" height=\"338\" frameborder=\"0\" marginwidth=\"0\" marginheight=\"0\" scrolling=\"no\"><\/iframe><\/p>\n<blockquote>\n<h2><\/h2>\n<p>&nbsp;<\/p>\n<h2>TRA GLI ARTICOLI PIU&#8217; LETTI IERI&#8230;pubblicato lunedi 26 luglio<\/h2>\n<\/blockquote>\n<blockquote class=\"wp-embedded-content\" data-secret=\"uXCPADvZsw\"><p><a href=\"https:\/\/www.radiopiu.net\/wordpress\/a-livinallongo-arriva-il-parroco-quello-di-alleghe-in-partenza\/\">A LIVINALLONGO ARRIVA IL PARROCO, QUELLO DI ALLEGHE IN PARTENZA<\/a><\/p><\/blockquote>\n<p><iframe loading=\"lazy\" class=\"wp-embedded-content\" sandbox=\"allow-scripts\" security=\"restricted\" style=\"position: absolute; clip: rect(1px, 1px, 1px, 1px);\" title=\"&#8220;A LIVINALLONGO ARRIVA IL PARROCO, QUELLO DI ALLEGHE IN PARTENZA&#8221; &#8212; Radio Pi\u00f9\" src=\"https:\/\/www.radiopiu.net\/wordpress\/a-livinallongo-arriva-il-parroco-quello-di-alleghe-in-partenza\/embed\/#?secret=uXCPADvZsw\" data-secret=\"uXCPADvZsw\" width=\"600\" height=\"338\" frameborder=\"0\" marginwidth=\"0\" marginheight=\"0\" scrolling=\"no\"><\/iframe><\/p>\n<p>&nbsp;<\/p>\n<p>&nbsp;<\/p>\n<hr \/>\n<p>&nbsp;<\/p>\n<blockquote class=\"wp-embedded-content\" data-secret=\"iENyc05zT4\"><p><a href=\"https:\/\/www.radiopiu.net\/wordpress\/aggiornamentolug26\/\">CORONAVIRUS: AGGIORNAMENTO NAZIONALE 26 LUGLIO  2021<\/a><\/p><\/blockquote>\n<p><iframe loading=\"lazy\" class=\"wp-embedded-content\" sandbox=\"allow-scripts\" security=\"restricted\" style=\"position: absolute; clip: rect(1px, 1px, 1px, 1px);\" title=\"&#8220;CORONAVIRUS: AGGIORNAMENTO NAZIONALE 26 LUGLIO  2021&#8221; &#8212; Radio Pi\u00f9\" src=\"https:\/\/www.radiopiu.net\/wordpress\/aggiornamentolug26\/embed\/#?secret=iENyc05zT4\" data-secret=\"iENyc05zT4\" width=\"600\" height=\"338\" frameborder=\"0\" marginwidth=\"0\" marginheight=\"0\" scrolling=\"no\"><\/iframe><\/p>\n<p>&nbsp;<\/p>\n<blockquote class=\"wp-embedded-content\" data-secret=\"nHOMoaKgXb\"><p><a href=\"https:\/\/www.radiopiu.net\/wordpress\/agg2707\/\">407 POSITIVI IN 24 ORE, GLI ATTUALMENTE POSITIVI DI NUOVO SOPRA QUOTA 10MILA, 4 PAZIENTI AL SAN MARTINO<\/a><\/p><\/blockquote>\n<p><iframe loading=\"lazy\" class=\"wp-embedded-content\" sandbox=\"allow-scripts\" security=\"restricted\" style=\"position: absolute; clip: rect(1px, 1px, 1px, 1px);\" title=\"&#8220;407 POSITIVI IN 24 ORE, GLI ATTUALMENTE POSITIVI DI NUOVO SOPRA QUOTA 10MILA, 4 PAZIENTI AL SAN MARTINO&#8221; &#8212; Radio Pi\u00f9\" src=\"https:\/\/www.radiopiu.net\/wordpress\/agg2707\/embed\/#?secret=nHOMoaKgXb\" data-secret=\"nHOMoaKgXb\" width=\"600\" height=\"338\" frameborder=\"0\" marginwidth=\"0\" marginheight=\"0\" scrolling=\"no\"><\/iframe><\/p>\n<h3>\u00a0I GRAFICI DI TIZIANO DE COL<\/h3>\n\n\t\t\t<style type='text\/css'>\n\t\t\t\t#gallery-3 {\n\t\t\t\t\tmargin: auto;\n\t\t\t\t}\n\t\t\t\t#gallery-3 .gallery-item {\n\t\t\t\t\tfloat: left;\n\t\t\t\t\tmargin-top: 10px;\n\t\t\t\t\ttext-align: center;\n\t\t\t\t\twidth: 20%;\n\t\t\t\t}\n\t\t\t\t#gallery-3 img {\n\t\t\t\t\tborder: 2px solid #cfcfcf;\n\t\t\t\t}\n\t\t\t\t#gallery-3 .gallery-caption {\n\t\t\t\t\tmargin-left: 0;\n\t\t\t\t}\n\t\t\t\t\/* see gallery_shortcode() in wp-includes\/media.php *\/\n\t\t\t<\/style>\n\t\t<div id='gallery-3' class='dt-gallery-container gallery galleryid-224035 gallery-columns-5 gallery-size-medium'><dl class='gallery-item'>\n\t\t\t\t<dt class='gallery-icon landscape'>\n\t\t\t\t\t<a class=\"rollover rollover-zoom dt-pswp-item\" title=\"9599f957-d4e7-47b5-a1e8-8c106a6ed7fd\" data-dt-img-description=\"\" data-large_image_width=\"604\" data-large_image_height=\"364\"href='https:\/\/www.radiopiu.net\/wordpress\/wp-content\/uploads\/2021\/07\/9599f957-d4e7-47b5-a1e8-8c106a6ed7fd.jpg'><img loading=\"lazy\" decoding=\"async\" width=\"300\" height=\"181\" src=\"https:\/\/www.radiopiu.net\/wordpress\/wp-content\/uploads\/2021\/07\/9599f957-d4e7-47b5-a1e8-8c106a6ed7fd-300x181.jpg\" class=\"attachment-medium size-medium\" alt=\"\" srcset=\"https:\/\/www.radiopiu.net\/wordpress\/wp-content\/uploads\/2021\/07\/9599f957-d4e7-47b5-a1e8-8c106a6ed7fd-300x181.jpg 300w, https:\/\/www.radiopiu.net\/wordpress\/wp-content\/uploads\/2021\/07\/9599f957-d4e7-47b5-a1e8-8c106a6ed7fd.jpg 604w\" sizes=\"auto, (max-width: 300px) 100vw, 300px\" \/><\/a>\n\t\t\t\t<\/dt><\/dl><dl class='gallery-item'>\n\t\t\t\t<dt class='gallery-icon landscape'>\n\t\t\t\t\t<a class=\"rollover rollover-zoom dt-pswp-item\" title=\"63a8045b-d2e9-4b8c-a68e-5960e8447994\" data-dt-img-description=\"\" data-large_image_width=\"594\" data-large_image_height=\"353\"href='https:\/\/www.radiopiu.net\/wordpress\/wp-content\/uploads\/2021\/07\/63a8045b-d2e9-4b8c-a68e-5960e8447994.jpg'><img loading=\"lazy\" decoding=\"async\" width=\"300\" height=\"178\" src=\"https:\/\/www.radiopiu.net\/wordpress\/wp-content\/uploads\/2021\/07\/63a8045b-d2e9-4b8c-a68e-5960e8447994-300x178.jpg\" class=\"attachment-medium size-medium\" alt=\"\" srcset=\"https:\/\/www.radiopiu.net\/wordpress\/wp-content\/uploads\/2021\/07\/63a8045b-d2e9-4b8c-a68e-5960e8447994-300x178.jpg 300w, https:\/\/www.radiopiu.net\/wordpress\/wp-content\/uploads\/2021\/07\/63a8045b-d2e9-4b8c-a68e-5960e8447994.jpg 594w\" sizes=\"auto, (max-width: 300px) 100vw, 300px\" \/><\/a>\n\t\t\t\t<\/dt><\/dl><dl class='gallery-item'>\n\t\t\t\t<dt class='gallery-icon landscape'>\n\t\t\t\t\t<a class=\"rollover rollover-zoom dt-pswp-item\" title=\"775d820c-53e4-42ad-b0a0-f56ccf5a9ad5\" data-dt-img-description=\"\" data-large_image_width=\"608\" data-large_image_height=\"350\"href='https:\/\/www.radiopiu.net\/wordpress\/wp-content\/uploads\/2021\/07\/775d820c-53e4-42ad-b0a0-f56ccf5a9ad5.jpg'><img loading=\"lazy\" decoding=\"async\" width=\"300\" height=\"173\" src=\"https:\/\/www.radiopiu.net\/wordpress\/wp-content\/uploads\/2021\/07\/775d820c-53e4-42ad-b0a0-f56ccf5a9ad5-300x173.jpg\" class=\"attachment-medium size-medium\" alt=\"\" srcset=\"https:\/\/www.radiopiu.net\/wordpress\/wp-content\/uploads\/2021\/07\/775d820c-53e4-42ad-b0a0-f56ccf5a9ad5-300x173.jpg 300w, https:\/\/www.radiopiu.net\/wordpress\/wp-content\/uploads\/2021\/07\/775d820c-53e4-42ad-b0a0-f56ccf5a9ad5.jpg 608w\" sizes=\"auto, (max-width: 300px) 100vw, 300px\" \/><\/a>\n\t\t\t\t<\/dt><\/dl><dl class='gallery-item'>\n\t\t\t\t<dt class='gallery-icon landscape'>\n\t\t\t\t\t<a class=\"rollover rollover-zoom dt-pswp-item\" title=\"cad32625-3d13-4931-afc6-bdee41ac92dd\" data-dt-img-description=\"\" data-large_image_width=\"606\" data-large_image_height=\"355\"href='https:\/\/www.radiopiu.net\/wordpress\/wp-content\/uploads\/2021\/07\/cad32625-3d13-4931-afc6-bdee41ac92dd.jpg'><img loading=\"lazy\" decoding=\"async\" width=\"300\" height=\"176\" src=\"https:\/\/www.radiopiu.net\/wordpress\/wp-content\/uploads\/2021\/07\/cad32625-3d13-4931-afc6-bdee41ac92dd-300x176.jpg\" class=\"attachment-medium size-medium\" alt=\"\" srcset=\"https:\/\/www.radiopiu.net\/wordpress\/wp-content\/uploads\/2021\/07\/cad32625-3d13-4931-afc6-bdee41ac92dd-300x176.jpg 300w, https:\/\/www.radiopiu.net\/wordpress\/wp-content\/uploads\/2021\/07\/cad32625-3d13-4931-afc6-bdee41ac92dd.jpg 606w\" sizes=\"auto, (max-width: 300px) 100vw, 300px\" \/><\/a>\n\t\t\t\t<\/dt><\/dl><dl class='gallery-item'>\n\t\t\t\t<dt class='gallery-icon landscape'>\n\t\t\t\t\t<a class=\"rollover rollover-zoom dt-pswp-item\" title=\"152ab594-64eb-4f73-8523-bb006c4ca72a\" data-dt-img-description=\"\" data-large_image_width=\"602\" data-large_image_height=\"347\"href='https:\/\/www.radiopiu.net\/wordpress\/wp-content\/uploads\/2021\/07\/152ab594-64eb-4f73-8523-bb006c4ca72a.jpg'><img loading=\"lazy\" decoding=\"async\" width=\"300\" height=\"173\" src=\"https:\/\/www.radiopiu.net\/wordpress\/wp-content\/uploads\/2021\/07\/152ab594-64eb-4f73-8523-bb006c4ca72a-300x173.jpg\" class=\"attachment-medium size-medium\" alt=\"\" srcset=\"https:\/\/www.radiopiu.net\/wordpress\/wp-content\/uploads\/2021\/07\/152ab594-64eb-4f73-8523-bb006c4ca72a-300x173.jpg 300w, https:\/\/www.radiopiu.net\/wordpress\/wp-content\/uploads\/2021\/07\/152ab594-64eb-4f73-8523-bb006c4ca72a.jpg 602w\" sizes=\"auto, (max-width: 300px) 100vw, 300px\" \/><\/a>\n\t\t\t\t<\/dt><\/dl><br style=\"clear: both\" \/>\n\t\t\t<\/div>\n\n<p>&nbsp;<\/p>\n<p>&nbsp;<\/p>\n<hr \/>\n<h3><\/h3>\n<blockquote>\n<h3>L&#8217;ORDINE DEI MEDICI RIBADISCE IL PIENO APPOGGIO ALLA VACCINAZIONE OBBLIGATORIA PER CHI OPERA NELLA SANITA&#8217; E CRITICANO LA REGIONE<\/h3>\n<\/blockquote>\n<p><strong><img loading=\"lazy\" decoding=\"async\" class=\"alignleft\" src=\"https:\/\/www.radiopiu.net\/wordpress\/wp-content\/uploads\/2018\/01\/CroppedImage720439-MEDICI.jpg\" width=\"444\" height=\"271\" \/>BELLUNO<\/strong> Gli Ordini delle Professioni Sanitarie del Veneto\u00a0 in modo unanime ribadiscono il loro pieno appoggio in merito all\u2019obbligo vaccinale per tutti i sanitari. Esprimono preoccupazione e dissenso in merito alle dichiarazioni della Regione Veneto sul \u201ccongelamento\u201d delle sospensioni dei sanitari per motivi organizzativi che non hanno adempiuto a quanto previsto dalla norma. Ricordano come la normativa in essere avrebbe dovuto portare ai primi provvedimenti sospensivi gi\u00e0 dalla met\u00e0 del mese di maggio e che il tempo intercorso doveva essere dedicato a programmare la riorganizzazione del sistema, visto anche il periodo estivo. Ringraziano l\u2019assoluta maggioranza dei loro colleghi che con senso di responsabilit\u00e0 hanno ottemperato alla legge e si sono vaccinati rispettando il mandato di tutela del paziente a loro affidato. Chiedono alla Regione Veneto una immediata inversione di rotta, senza cedimenti a ricatti o pressioni posti in essere da una piccola minoranza di soggetti, e l\u2019applicazione della sospensione dal servizio in presenza o lo spostamento dal contatto diretto con soggetti fragili, come previsto dalla normativa nazionale Gli Ordini delle Professioni Sanitarie del Veneto, nella loro funzione di tutela della salute dei cittadini, chiedono infine che vengano comunicati con sollecitudine ai rispettivi Ordini i nominativi degli iscritti che hanno rifiutato la prevista vaccinazione, e sono quindi privi dei requisiti per esercitare la professione in situazioni che possano essere causa di contagio. Appare evidente che i cittadini hanno il diritto di esser messi a conoscenza se nelle strutture o negli studi professionali cui si rivolgono per esser curati possono invece correre il rischio di esser contagiati e di ammalarsi. La funzione primaria degli Ordini \u00e8 la verifica del possesso degli adeguati requisiti all\u2019esercizio della professione dei loro iscritti, a tutela dei cittadini e della salute pubblica.<\/p>\n<p><em>Gli Ordini delle Professioni Sanitarie del Veneto: Medici Chirurghi e Odontoiatri Belluno &#8211; Rovigo &#8211; Treviso &#8211; Venezia &#8211; Verona &#8211; Vicenza Infermieri ed Infermieri Pediatrici Farmacisti Biologi Veterinari Psicologi Ostetriche Chimici e Fisici Sanitari <\/em><em>Tecnici Sanitari di Radiologia Medica e Professioni Sanitarie Tecniche, della Riabilitazione e della Prevenzione<\/em><\/p>\n<p>&nbsp;<\/p>\n<p>&nbsp;<\/p>\n<hr \/>\n<p>&nbsp;<\/p>\n<blockquote>\n<h3>IL SOGNO DI SAN TOMASO, IL CENTRO DI RACCOLTA DI BIODIVERSITA&#8217;<\/h3>\n<\/blockquote>\n<p><strong><a href=\"https:\/\/www.radiopiu.net\/wordpress\/il-sogno-di-san-tomaso-il-centro-di-raccolta-di-biodiversita\/san-tomaso-agordino\/\" rel=\"attachment wp-att-224233\"><img loading=\"lazy\" decoding=\"async\" class=\" wp-image-224233 alignleft\" src=\"https:\/\/www.radiopiu.net\/wordpress\/wp-content\/uploads\/2021\/07\/SAN-TOMASO-AGORDINO-300x238.png\" alt=\"\" width=\"189\" height=\"150\" srcset=\"https:\/\/www.radiopiu.net\/wordpress\/wp-content\/uploads\/2021\/07\/SAN-TOMASO-AGORDINO-300x238.png 300w, https:\/\/www.radiopiu.net\/wordpress\/wp-content\/uploads\/2021\/07\/SAN-TOMASO-AGORDINO-1024x813.png 1024w, https:\/\/www.radiopiu.net\/wordpress\/wp-content\/uploads\/2021\/07\/SAN-TOMASO-AGORDINO-768x610.png 768w, https:\/\/www.radiopiu.net\/wordpress\/wp-content\/uploads\/2021\/07\/SAN-TOMASO-AGORDINO-1536x1220.png 1536w, https:\/\/www.radiopiu.net\/wordpress\/wp-content\/uploads\/2021\/07\/SAN-TOMASO-AGORDINO.png 1906w\" sizes=\"auto, (max-width: 189px) 100vw, 189px\" \/><\/a>SAN TOMASO<\/strong><\/p>\n<p>di Gianni Santomaso<\/p>\n<audio class=\"wp-audio-shortcode\" id=\"audio-224035-5\" preload=\"none\" style=\"width: 100%;\" controls=\"controls\"><source type=\"audio\/mpeg\" src=\"https:\/\/www.radiopiu.net\/wordpress\/wp-content\/uploads\/2021\/07\/GIANNI-BIODIVERSITA-SAN-TOMASO.mp3?_=5\" \/><a href=\"https:\/\/www.radiopiu.net\/wordpress\/wp-content\/uploads\/2021\/07\/GIANNI-BIODIVERSITA-SAN-TOMASO.mp3\">https:\/\/www.radiopiu.net\/wordpress\/wp-content\/uploads\/2021\/07\/GIANNI-BIODIVERSITA-SAN-TOMASO.mp3<\/a><\/audio>\n<p>&nbsp;<\/p>\n<hr \/>\n<p>&nbsp;<\/p>\n<blockquote>\n<h2>ARABBA, IL GIORNO DELLA VACCINAZIONE. AGORDO, PORTE APERTE ALLA FARMACIA COMUNALE<\/h2>\n<\/blockquote>\n<p align=\"LEFT\"><strong><img loading=\"lazy\" decoding=\"async\" class=\"alignleft\" src=\"https:\/\/www.radiopiu.net\/wordpress\/wp-content\/uploads\/2021\/07\/Pieve-di-Livinallongo_Arabba-Fodom-Turismo.jpg\" width=\"192\" height=\"144\" \/>LIVINALLONGO<\/strong> Oggi, \u00e8 in programma una seduta vaccinale ad accesso libero ad ARABBA, organizzata in collaborazione con il Comune di Livinallongo e la Croce Bianca di Arabba. Tutte le persone <b>con pi\u00f9 di 18 anni <\/b> possono accedere <b>senza prenotazione dalle 15.00 alle 17.30<\/b> nella sede della Croce Bianca di Arabba. Saranno eseguite anche vaccinazioni per 12-18 anni in base alle prenotazioni raccolte.<\/p>\n<blockquote>\n<h3 align=\"LEFT\"><span style=\"color: #333333;\"><span style=\"font-family: Source Sans Pro, sans-serif;\"><span style=\"font-size: small;\">La vaccinazione in farmacia \u00e8\u00a0<\/span><\/span><\/span><strong><span style=\"color: #333333;\"><span style=\"font-family: Source Sans Pro, sans-serif;\"><span style=\"font-size: small;\"><b>gratuita\u00a0<\/b><\/span><\/span><\/span><\/strong><span style=\"color: #333333;\"><span style=\"font-family: Source Sans Pro, sans-serif;\"><span style=\"font-size: small;\">e indicata per le persone sane (non rientranti nelle categorie estremamente vulnerabili).<\/span><\/span><\/span><\/h3>\n<\/blockquote>\n<p align=\"LEFT\"><strong>AGORDO<\/strong> Nuove Farmacie del territorio hanno aderito alla campagna vaccinale offrendo la vaccinazione in farmacia e all\u2019offerta di tamponi antigenici. Le Farmacie si configurano sempre di pi\u00f9 come centro di servizi, snodo cruciale nel sistema per la presenza capillare nel territorio. D<span style=\"color: #00000a;\"><span style=\"font-size: medium;\"><span lang=\"it-IT\">i<\/span><\/span><\/span> seguito gli elenchi aggiornati delle Farmacie che offrono la vaccinazione (da prenotare nella farmacia stessa) e la possibilit\u00e0 di eseguire un tampone antigenico, in base all\u2019accordo regionale. Gli elenchi sono disponibili nel sito www.aulss1.veneto.it AD AGORDINO:\u00a0 <strong><span style=\"color: #333333;\"><span style=\"font-family: Source Sans Pro, sans-serif;\"><span style=\"font-size: small;\"><b>Azienda Speciale Agordo Servizi \u2013 Farmacia Comunale \u2013 <\/b><\/span><\/span><\/span><\/strong><span style=\"color: #333333;\"><span style=\"font-family: Source Sans Pro, sans-serif;\"><span style=\"font-size: small;\">\u00a0Via Insurrezione 18\/c | Telefono: 0437 62564 <\/span><\/span><\/span><span style=\"color: #333333;\"><span style=\"font-family: Source Sans Pro, sans-serif;\"><span style=\"font-size: small;\">LONGARONE<\/span><\/span><\/span><\/p>\n<p>&nbsp;<\/p>\n<hr \/>\n<blockquote>\n<h3><\/h3>\n<h3>SISTEMAZIONE DEI MAGAZZINI DELLA CAL A LIMANA, ENTRO FERRAGOSTO VIA AI LAVORI DI MANUTENZIONE<\/h3>\n<\/blockquote>\n<p><strong><a href=\"https:\/\/www.radiopiu.net\/wordpress\/sistemazione-dei-magazzini-della-cal-a-limana-entro-ferragosto-via-ai-lavori-di-manutenzione\/magazzino-la-cal-2\/\" rel=\"attachment wp-att-224180\"><img loading=\"lazy\" decoding=\"async\" class=\"size-medium wp-image-224180 alignleft\" src=\"https:\/\/www.radiopiu.net\/wordpress\/wp-content\/uploads\/2021\/07\/Magazzino-La-Cal-2-300x225.jpg\" alt=\"\" width=\"300\" height=\"225\" srcset=\"https:\/\/www.radiopiu.net\/wordpress\/wp-content\/uploads\/2021\/07\/Magazzino-La-Cal-2-300x225.jpg 300w, https:\/\/www.radiopiu.net\/wordpress\/wp-content\/uploads\/2021\/07\/Magazzino-La-Cal-2-1024x768.jpg 1024w, https:\/\/www.radiopiu.net\/wordpress\/wp-content\/uploads\/2021\/07\/Magazzino-La-Cal-2-768x576.jpg 768w, https:\/\/www.radiopiu.net\/wordpress\/wp-content\/uploads\/2021\/07\/Magazzino-La-Cal-2-1536x1152.jpg 1536w, https:\/\/www.radiopiu.net\/wordpress\/wp-content\/uploads\/2021\/07\/Magazzino-La-Cal-2.jpg 1632w\" sizes=\"auto, (max-width: 300px) 100vw, 300px\" \/><\/a>BELLUNO<\/strong> I magazzini provinciali della Cal, a Limana, saranno oggetto di una nuova razionalizzazione degli spazi. Dopo il rifacimento del tetto della struttura principale, in uso all\u2019Ana Belluno come centro operativo della Protezione Civile, tocca alla tettoia, oggi utilizzata sia dagli alpini sia da Veneto Strade per stoccare i moduli di un piccolo ponte Bailey. <em>\u00abProprio la promiscuit\u00e0 dell\u2019area rende necessaria una razionalizzazione degli spazi. Ringrazio Veneto Strade e il responsabile Michele Artusato per la pronta disponibilit\u00e0 a venire incontro alle esigenze della Provincia &#8211; afferma il consigliere provinciale delegato alla difesa del suolo, Massimo Bortoluzzi -. Ci \u00e8 stato assicurato che entro la met\u00e0 di agosto verr\u00e0 liberato lo spazio della tettoia, in modo da avviare in tempi rapidissimi la manutenzione, che sar\u00e0 propedeutica a un nuovo utilizzo di quello spazio\u00bb. <\/em>Veneto Strade ha assicurato anche la realizzazione della segnaletica orizzontale in tutto il piazzale, in modo da garantire maggiore sicurezza nelle aree a uso comune. I magazzini della Cal saranno sempre pi\u00f9 la \u201ccasa\u201d della Protezione Civile anche con i servizi igienici all\u2019interno dello stabile in uso all\u2019Ana.<\/p>\n<p>&nbsp;<\/p>\n<hr \/>\n<p>&nbsp;<\/p>\n<blockquote>\n<h3 style=\"text-align: left;\">A FARE LA DIFFERENZA CI PENSA IL MONDO DEL VOLONTARIATO,<\/h3>\n<\/blockquote>\n<p><strong><a href=\"https:\/\/www.radiopiu.net\/wordpress\/giornale-radiopiu-06-marzo-2021-direttore-mirko-mezzacasa\/1200px-limana_bl\/\" rel=\"attachment wp-att-195411\"><img loading=\"lazy\" decoding=\"async\" class=\"wp-image-195411 alignleft\" src=\"https:\/\/www.radiopiu.net\/wordpress\/wp-content\/uploads\/2021\/03\/1200px-Limana_BL-300x225.jpg\" alt=\"\" width=\"181\" height=\"136\" srcset=\"https:\/\/www.radiopiu.net\/wordpress\/wp-content\/uploads\/2021\/03\/1200px-Limana_BL-300x225.jpg 300w, https:\/\/www.radiopiu.net\/wordpress\/wp-content\/uploads\/2021\/03\/1200px-Limana_BL-1024x768.jpg 1024w, https:\/\/www.radiopiu.net\/wordpress\/wp-content\/uploads\/2021\/03\/1200px-Limana_BL-768x576.jpg 768w, https:\/\/www.radiopiu.net\/wordpress\/wp-content\/uploads\/2021\/03\/1200px-Limana_BL.jpg 1200w\" sizes=\"auto, (max-width: 181px) 100vw, 181px\" \/><\/a>LIMANA\u00a0\u00a0<\/strong><\/p>\n<p><strong>DI DAMIANO TORMEN\u00a0\u00a0<\/strong><\/p>\n<audio class=\"wp-audio-shortcode\" id=\"audio-224035-6\" preload=\"none\" style=\"width: 100%;\" controls=\"controls\"><source type=\"audio\/mpeg\" src=\"https:\/\/www.radiopiu.net\/wordpress\/wp-content\/uploads\/2021\/07\/DAMIANO-1.mp3?_=6\" \/><a href=\"https:\/\/www.radiopiu.net\/wordpress\/wp-content\/uploads\/2021\/07\/DAMIANO-1.mp3\">https:\/\/www.radiopiu.net\/wordpress\/wp-content\/uploads\/2021\/07\/DAMIANO-1.mp3<\/a><\/audio>\n<p>&nbsp;<\/p>\n<p>&nbsp;<\/p>\n<hr \/>\n<blockquote>\n<h2><\/h2>\n<h2>DEDICATO AL MUSEO DI SERAVELLA IL NUOVO VIDEO DI INQUADRATI<\/h2>\n<p><em><strong>APPELLO ALLE ISTITUZIONI PER LA SUA SALVAGUARDIA<\/strong><\/em><\/p><\/blockquote>\n<p><strong><a href=\"https:\/\/www.radiopiu.net\/wordpress\/dedicato-al-museo-di-seravella-il-nuovo-video-di-inquadrati\/51296835075_591980b6df_k\/\" rel=\"attachment wp-att-224154\"><img loading=\"lazy\" decoding=\"async\" class=\" wp-image-224154 alignleft\" src=\"https:\/\/www.radiopiu.net\/wordpress\/wp-content\/uploads\/2021\/07\/51296835075_591980b6df_k-300x169.jpg\" alt=\"\" width=\"254\" height=\"143\" srcset=\"https:\/\/www.radiopiu.net\/wordpress\/wp-content\/uploads\/2021\/07\/51296835075_591980b6df_k-300x169.jpg 300w, https:\/\/www.radiopiu.net\/wordpress\/wp-content\/uploads\/2021\/07\/51296835075_591980b6df_k-1024x576.jpg 1024w, https:\/\/www.radiopiu.net\/wordpress\/wp-content\/uploads\/2021\/07\/51296835075_591980b6df_k-768x432.jpg 768w, https:\/\/www.radiopiu.net\/wordpress\/wp-content\/uploads\/2021\/07\/51296835075_591980b6df_k-1536x864.jpg 1536w, https:\/\/www.radiopiu.net\/wordpress\/wp-content\/uploads\/2021\/07\/51296835075_591980b6df_k.jpg 2048w\" sizes=\"auto, (max-width: 254px) 100vw, 254px\" \/><\/a>BELLUNO<\/strong> S&#8217;intitola \u201cIl Museo di Seravella e il volontariato tra storia e cultura\u201d il nuovo video del Laboratorio Inquadrati del Csv Belluno Treviso. Il breve filmato presenta, infatti, un focus sul Museo Etnografico della Provincia di Belluno e del Parco Nazionale Dolomiti Bellunesi di Seravella (Cesiomaggiore), punto di riferimento per la raccolta, conservazione e valorizzazione del patrimonio di oggetti, memorie, documenti, immagini riguardanti la vita quotidiana della popolazione rurale bellunese dalla fine del secolo XIX ai giorni nostri. Oggi la struttura soffre di una riduzione di organico; nel video si fa un appello alle istituzioni per contribuire alla sua salvaguardia. Ne raccontano sviluppi e odierne problematiche la direttrice Cristina Busatta e la fondatrice Daniela Perco. Nel contempo, nell&#8217;anno del suo cinquantesimo, per voce del presidente Stefano Broccon, viene mostrata una fotografia sull&#8217;attivit\u00e0 del\u00a0Gruppo Folkloristico di Cesiomaggiore, per anni impegnato a titolo volontariato nella gestione del Museo. Il gruppo oggi prosegue l&#8217;operato al fianco dell&#8217;associazione Isoipse, impegnata nell&#8217;organizzazione di eventi culturali.<\/p>\n<p><iframe loading=\"lazy\" title=\"Il Museo di Seravella e il Volontariato tra storia e cultura\" width=\"1200\" height=\"675\" src=\"https:\/\/www.youtube.com\/embed\/4ra_nuFe5zM?feature=oembed\" frameborder=\"0\" allow=\"accelerometer; autoplay; clipboard-write; encrypted-media; gyroscope; picture-in-picture\" allowfullscreen><\/iframe><\/p>\n<p>&nbsp;<\/p>\n<p>&nbsp;<\/p>\n<p>&nbsp;<\/p>\n<hr \/>\n<p>&nbsp;<\/p>\n<p><span style=\"color: #3366ff;\"><strong><a href=\"https:\/\/www.radiopiu.net\/wordpress\/giornale-radiopiu-03-dicembre-2019-direttore-mirko-mezzacasa\/icona_sindaco\/\" rel=\"attachment wp-att-108460\"><img loading=\"lazy\" decoding=\"async\" class=\"size-medium wp-image-108460 alignleft\" src=\"https:\/\/www.radiopiu.net\/wordpress\/wp-content\/uploads\/2019\/12\/icona_sindaco-225x300.png\" alt=\"\" width=\"225\" height=\"300\" srcset=\"https:\/\/www.radiopiu.net\/wordpress\/wp-content\/uploads\/2019\/12\/icona_sindaco-225x300.png 225w, https:\/\/www.radiopiu.net\/wordpress\/wp-content\/uploads\/2019\/12\/icona_sindaco.png 300w\" sizes=\"auto, (max-width: 225px) 100vw, 225px\" \/><\/a>LA SETTIMANA DEI CONSIGLI COMUNALI\u00a0<\/strong><\/span><\/p>\n<p>&nbsp;<\/p>\n<blockquote>\n<h3><strong>FRANCESCO GIUSTO DIMISSIONARIO A SAN TOMASO\u00a0<\/strong><\/h3>\n<p><strong>SAN TOMASO<\/strong>\u00a0 La legislatura a San Tomaso si concluder\u00e0 con un consigliere comunale in meno, Francesco Giusto (Lista San Tomaso si Pu\u00f2 Fare) ha rassegnato le dimissioni e non \u00e8 prevista alcuna surroga. La ratifica nel consiglio di giovedi&#8217; alle 21. Gli altri punti in discussione: variazione al bilancio e presa d&#8217;atto del documento di programmazione DUP.<\/p><\/blockquote>\n<p>&nbsp;<\/p>\n<blockquote>\n<h3>DOMANI IL CONSIGLIO COMUNALE DI RIVAMONTE, IN DIRETTA SUI CANALI DI RADIO PIU&#8217;<\/h3>\n<\/blockquote>\n<p><strong>RIVAMONTE<\/strong> Il sindaco Nino Deon ha convocato il consiglio comunale per domani alle 19 (diretta sui canali social Facebook e Telegram di RADIO PIU), all\u2019ordine del giorno un unico punto, la variazione di assestamento generale comprendente lo stato di attuazione e il controllo della salvaguardia degli equilibri di bilancio pluriennali 2021-23<\/p>\n<blockquote>\n<h3>DOMANI AL NOF FILO&#8217; CONSIGLIO COMUNALE IN MUNICIPIO<\/h3>\n<\/blockquote>\n<p><strong>ALLEGHE<\/strong>\u00a0 Domani alle 20 consiglio comunale in presenza, l&#8217;ordine del giorno a firma del sindaco Danilo De Toni: variazione al bilancio e modifica piano investimenti; stato di attuazione dei programmi: regolamento contabilit\u00e0; programma triennale lavori pubblici; programma biennale per l&#8217;acquisizione di forniture; approvazione modifiche dello statuto Asca; retifica della delibera approvazione della convenzione con l&#8217;Unione Montana Feltrina per il progetto ristrutturazione palaghiaccio.<\/p>\n<blockquote>\n<h3>GIOVEDI CONSIGLIO COMUNALE IN PRESENZA, SENZA PUBBLICO IN DIRETTA SUI CANALI RADIO PIU<\/h3>\n<\/blockquote>\n<p><strong>AGORDO<\/strong> Giovedi alle 19 in Municipio consiglio comunale, ordine del giorno: salvaguardia degli equilibri-variazioni al bilancio di previsione; mozione al Parlamento per l&#8217;esclusione dei Comuni sotto i 15mila abitanti dai fondi per la rigenerazione urbana; conferimento della cittadinanza onoraria al milite ignoto; Approvazione bilancio dell&#8217;azienda speciale consortile agordina.<\/p>\n<blockquote>\n<h3>VENERDI CONSIGLIERI COMUNALI AL NOF FILO&#8217;<\/h3>\n<\/blockquote>\n<p><strong>CENCENIGHE<\/strong> Nella sede del Municipio al Nof Fil\u00f2 venerdi alle 21 consiglio comunale per l&#8217;approvazione del DUP, variazione al bilancio e approvazione dello statuto Asca.<\/p>\n<blockquote>\n<h3>\u00a0SABATO MATTINA A COLLE SANTA LUCIA<\/h3>\n<\/blockquote>\n<p><strong>COLLE SANTA LUCIA<\/strong> Sabato 31 luglio alle 8 consiglio comunale, argomenti in discussione: variazione al bilancio, revisione statuto Asca, estinzione anticipata prestiti, documento unico di programmazione e comunicazioni del sindaco.<\/p>\n<blockquote>\n<h3>SABATO POMERIGGIO A CANALE D&#8217;AGORDO A PORTE CHIUSE<\/h3>\n<\/blockquote>\n<p><strong>CANALE D&#8217;AGORDO<\/strong> Il sindaco Flavio Colcergnan ha convocato il consiglio comunale per sabato alle 17.30\u00a0 in sala Lina Bolda. Ordine del giorno: bilancio, variazioni al bilancio di previsione e modifica statuto Asca.<\/p>\n<p>&nbsp;<\/p>\n<hr \/>\n<p>&nbsp;<\/p>\n<blockquote>\n<h3>I BANDI DELL\u2019UNIONE MONTANA FELTRINA,\u00a0 POSTI DI LAVORO DA AGORDO A PEDAVENA<\/h3>\n<\/blockquote>\n<p><a href=\"https:\/\/www.radiopiu.net\/wordpress\/giornale-radiopiu-22-luglio-2021-direttore-mirko-mezzacasa\/th-166\/\" rel=\"attachment wp-att-223239\"><img loading=\"lazy\" decoding=\"async\" class=\"wp-image-223239 alignleft\" src=\"https:\/\/www.radiopiu.net\/wordpress\/wp-content\/uploads\/2021\/07\/th-16.jpg\" sizes=\"auto, (max-width: 113px) 100vw, 113px\" srcset=\"https:\/\/www.radiopiu.net\/wordpress\/wp-content\/uploads\/2021\/07\/th-16.jpg 300w, https:\/\/www.radiopiu.net\/wordpress\/wp-content\/uploads\/2021\/07\/th-16-150x150.jpg 150w\" alt=\"\" width=\"113\" height=\"113\" \/><\/a><strong>FELTRE<\/strong>\u00a0L\u2019Unione Montana Feltrina ha indetto un concorso pubblico, per soli esami, per la copertura di un posto a tempo pieno e indeterminato, di un collaboratore professionale operaio specializzato, autista di macchine operatrici complesse, presso il servizio tecnico manutentivo del comune di Agordo. Le domande di partecipazione dovranno essere presentate\u00a0 tramite apposita piattaforma dell\u2019Unione Montana Feltrina www.feltrino.bl.it entro il \u00a023 agosto. Con le stesse modalit\u00e0 (scadenza 23 agosto) i Comuni di Feltre, Lamon e Pedavena cercano 5 istruttori categoria C1. Vanno invece presentate entro il 20 agosto le domande per un posto di responsabile del Servizio Associato Urbanistica\/Edilizia<\/p>\n<p>&nbsp;<\/p>\n<p>&nbsp;<\/p>\n<hr \/>\n<p>&nbsp;<\/p>\n<blockquote>\n<p align=\"CENTER\"><span style=\"color: #00000a;\"><span style=\"font-size: large;\"><span lang=\"it-IT\"><b><a href=\"https:\/\/www.radiopiu.net\/wordpress\/la-logica-di-gidoni-non-soddisfa-la-tormen-la-ulss1-dolomiti-intanto-si-fa-sentire-ma-e-servito-larticolo-sulla-stampa\/logo_ulss1-belluno\/\" rel=\"attachment wp-att-50742\"><img loading=\"lazy\" decoding=\"async\" class=\" wp-image-50742 alignright\" src=\"https:\/\/www.radiopiu.net\/wordpress\/wp-content\/uploads\/2018\/06\/logo_Ulss1-Belluno.jpg\" alt=\"\" width=\"83\" height=\"83\" srcset=\"https:\/\/www.radiopiu.net\/wordpress\/wp-content\/uploads\/2018\/06\/logo_Ulss1-Belluno.jpg 190w, https:\/\/www.radiopiu.net\/wordpress\/wp-content\/uploads\/2018\/06\/logo_Ulss1-Belluno-150x150.jpg 150w\" sizes=\"auto, (max-width: 83px) 100vw, 83px\" \/><\/a>Bando per l\u2019affitto di terreni agricoli <\/b><\/span><\/span><\/span><\/p>\n<\/blockquote>\n<p><span style=\"color: #00000a;\"><span style=\"font-size: medium;\"><span lang=\"it-IT\"><strong>BELLUNO<\/strong> E\u2019 stato approvato il bando per la concessione in affitto di alcuni terreni agricoli dell\u2019Ulss Dolomiti. I terreni di propriet\u00e0 dell\u2019Ulss interessati dal bando si trovano nei Comuni di Feltre e Cesiomaggiore. <\/span><\/span><\/span><span style=\"color: #00000a;\"><span style=\"font-size: medium;\"><span lang=\"it-IT\">L\u2019asta si terr\u00e0 il 1 settembre. Le domande vanno inviate entro le ore 13 del 31 agosto 2021 secondo le indicazioni pubblicate sul bando disponibile nel sito <\/span><\/span><\/span><span style=\"color: #000080;\"><span lang=\"it-IT\"><u><a href=\"http:\/\/www.aulss1.veneto.it\/\"><span style=\"color: #00000a;\"><span style=\"font-size: medium;\">www.aulss1.veneto.it<\/span><\/span><\/a><\/u><\/span><\/span><span style=\"color: #00000a;\"><span style=\"font-size: medium;\"><span lang=\"it-IT\"> alla sezione bandi e gare.<\/span><\/span><\/span><\/p>\n<p>&nbsp;<\/p>\n<p>&nbsp;<\/p>\n<hr \/>\n<p>&nbsp;<\/p>\n<blockquote>\n<h3>SABATO IN SALA DON TAMIS LA PRESENTAZIONE DELLA RISTAMPA DEL LIBRO DI MARIANNINA DEL DIN<\/h3>\n<\/blockquote>\n<p><strong>AGORDO<\/strong><\/p>\n<p>di Gianni Santomaso<\/p>\n<audio class=\"wp-audio-shortcode\" id=\"audio-224035-7\" preload=\"none\" style=\"width: 100%;\" controls=\"controls\"><source type=\"audio\/mpeg\" src=\"https:\/\/www.radiopiu.net\/wordpress\/wp-content\/uploads\/2021\/07\/GIANNI-MARIANNINA-DEL-DIN.mp3?_=7\" \/><a href=\"https:\/\/www.radiopiu.net\/wordpress\/wp-content\/uploads\/2021\/07\/GIANNI-MARIANNINA-DEL-DIN.mp3\">https:\/\/www.radiopiu.net\/wordpress\/wp-content\/uploads\/2021\/07\/GIANNI-MARIANNINA-DEL-DIN.mp3<\/a><\/audio>\n<p>&nbsp;<\/p>\n<p><strong>\u00a0IL VIDEO DELLA DIRETTA DI RADIO PIU&#8217;<\/strong><\/p>\n<p>https:\/\/www.facebook.com\/103999661364880\/videos\/2370243086439773<\/p>\n<p>&nbsp;<\/p>\n<hr \/>\n<p>&nbsp;<\/p>\n<blockquote>\n<h3>\u201cSULLE DUE SPONDE DEL PIAVE\u201d di RENATO BONA<\/h3>\n<\/blockquote>\n<p>Sono nove quelle illustrate da Simonetta Chiovaro (introduzione di Adriano Alpago Novello e fotografie di Mauro De Santi) <b>*<\/b> Introdotto da Adriano Alpago Novello con i capitoletti dedicati a \u201cLa vita in villa\u201d, \u201cIl fenomeno della villa veneta\u201d, \u201cI tipi della villa veneta\u201d, \u201cLa villa nel Bellunese\u201d, il libro-guida edito nel 1977 dalla milanese Charta &#8211; ad iniziativa dell\u2019Amministrazione provinciale bellunese, a cura di Paolo Conte con testi di Simonetta Chiovaro, fotografie di Mauro De Santi &#8211; propone dieci itinerari preceduti da \u201cNote sulle ville della Provincia di Belluno fra storia, architettura ed arte\u201d e \u201cVille e non solo. Consigli per l\u2019uso della guida\u201d rispettivamente della Chiovaro e di Conte. Nel nostro \u201cviaggio\u201d iniziato nelle settimane passate alla scoperta di queste splendide realt\u00e0 di molte delle quali ignoravamo non solo l\u2019esistenza ma anche la storia, percorriamo l\u2019itinerario numero 7 (l\u2019unico che suggerisce la visita ed il confronto tra le ville localizzate sui due versanti del Piave attraversando il fiume sul ponte di San Felice; un percorso \u201cmolto vario con realt\u00e0 non monumentali ma singolari per qualche particolare architettonico, ambientale o storico\u201d): \u201cSulle due sponde del Piave\u201d, che comprende: a Pieve di Limana la Casa del Canonico; a Cesa, sempre di Limana, Villa Piloni; nella limanese Cent\u00f2re la Villa Sacello; a Trich\u00e8s Villa Tasso; a Frontin Villa Alpago Novello; a Casteldardo Villa Piloni; a Pialdier Villa Montalb\u00e0n; a Pasa Villa Zuppani e a Socchi\u00e8va Villa Gaggia. La Chiovaro richiama il \u201cParticolare rapporto uomo-ambiente che ha sempre caratterizzato nel passato la storia e i costumi di questi luoghi, sempre alla base delle loro caratteristiche paesaggistiche ed anche amministrative. E\u2019 curioso ad esempio constatare che i confini di Limana, piccolo comune istituito solo nel 1871, sono definiti da tre corsi d\u2019acqua, quasi il territorio fosse un\u2019isola: il Piave, il torrente Limana e il torrente Cicogna, I fiumi, e non le montagne costituivano nel passato i veri ostacoli da superare; pertanto, essendo dei limiti imposti dalla natura, fungevano benissimo da confini geografici\u2026\u201d. E non trascura una citazione del passo San Boldo, 706 metri sul livello del mare, \u201cil cui nome deriva da Sant\u2019Ippolito; anche nella sua storia recente ha avuto un ruolo strategico: la strada che attualmente lo valica, infatti, fu aperta al traffico militare nel maggio 1918. Le cronache ricordano che il completamento da parte austriaca fu particolarmente difficoltoso nell\u2019ultimo tratto. Per superare il dislivello fu indispensabile scavare le cinque gallerie elicoidali che caratterizzano questo suggestivo passo di montagna\u201d. Partiamo dunque dalla limanese Pieve dove si conserva ancora la CASA DEL CANONICO, datata 1670, con la precisazione che: \u201cIl termine \u2018canonica\u2019 non deve essere inteso con il significato odierno\u2026 L\u2019edificio infatti ripropone lo schema della casa rurale ma trasposto in termini architettonici aulici, con portico al pianterreno, doppio ordine di logge sovrapposte nei piani superiori, il tutto disegnato da archi, bifore con colonnine e capitelli nonch\u00e9 grandi lesene. Infine una scala esterna protetta da un alto muro collega i tre livelli di smistamento degli ambienti interni\u201d. Si prosegue e si giunge a Cesa quasi sulla riva del Piave dove, in uno slargo circolare, un cancello segnala il breve viale di accesso a VILLA PILONI, del XVIII secolo, tuttora della famiglia Piloni; la pianta riproduce la Croce di Malta, l\u2019ordine cavalleresco cui appartenevano gli antichi proprietari. E\u2019 formata da un quadrato con saletta ottagonale al centro da cui partono quattro bracci tre dei quali sono altrettanti spazi d\u2019ingresso nelle varie direzioni mentre nel quarto \u00e8 ricavata un\u2019elegante scala a due rampe. Le facciate sono semplicissime e quasi identiche. Il motivo di maggiore interesse della villa \u00e8 costituito dal ricco e vasto parco disegnato dall\u2019architetto Alexandre Poiteau Le Terrier, giardiniere di Versailles, giunto nel Bellunese al seguito delle truppe napoleoniche. Cent\u00f2re, piccolo nucleo di case in piena campagna, leggermente soprelevato su una collina presenta la suggestiva VILLA SACELLO, met\u00e0 del XVII secolo: edificio caratterizzato da un insolito tetto molto alto che emerge al di sopra dei due grandi alberi. Un\u2019incisione settecentesca conferma una sostanziale conservazione degli elementi architettonici della villa tranne la parte sommitale dove il tetto era pi\u00f9 basso, a due falde, invece che quattro, ed erano presenti due camini simmetrici di foggia particolare. Il motivo centrale delle facciate quasi uguali \u00e8 definito da un portico a tre archi al pianterreno, una doppia trifora con balconi ai piani superiori e timpano conclusivo con altra trifora oggi murata. Approdiamo a Triches, una delle frazioni pi\u00f9 alte del territorio ed uno degli ultimi abitati alle falde della catena prealpina che culmina nella cima del Col Visentin dove, in posizione dominante e panoramica, sorge VILLA TASSO, XVII secolo, piccola e piuttosto alta, con sala centrale passante e la scala appena a fianco dell\u2019ingresso, posto sulla fronte sud-est, a livello della corte. Tutte le facciate hanno come caratteristica una grande nitidezza di superfici con aperture piccole, rade e ben ritmate. Il tragitto \u00e8 breve da Carfagnoi a Frontin, piccolo, caratteristico borgo ricco di edifici particolari, all\u2019inizio del quale si offre al visitatore VILLA ALPAGO NOVELLO, XVIII secolo: l\u2019ingresso \u00e8 laterale con grande cancellata in ferro tra quattro pilastri sormontati da statue in pietra di Vicenza. Da segnalare che la sala centrale \u00e8 sostituita da quattro ambienti simmetrici. Caratteristica settecentesca \u00e8 l\u2019infilata di porte al piano terreno che mette in collegamento tutti gli ambienti rivolti a sud lungo la facciata principale. Nella villa si conserva una notevole biblioteca particolarmente ricca di pubblicazioni locali. In mezzo ad una distesa di verde, a Casteldardo, appare VILLA PILONI, XVI-XVII secolo: ingresso frontale preceduto prima da un lungo viale ghiaioso e poi da quello, monumentale, in lieve salita che giunge alla villa che fu eretta da Odorico Piloni membro di un\u2019antica famiglia cadorina, alla fine del \u2018500 anche se l\u2019aspetto attuale \u00e8 dovuto al profondo restauro avvenuto nel Settecento. Il corpo padronale, alto tre piani, sporge verso nord rispetto alle ali rustiche laterali, pi\u00f9 basse e simmetriche; la fronte sud presenta invece diversi edifici allineati tra loro. Al pianterreno grandi finestre dalle caratteristiche inferriate che affiancano il portale d\u2019ingresso. Il piano nobile presenta un\u2019importante trifora con frontoni curvi e spezzati e completata da un poggiolo in pietra a tronco di piramide rovesciata. Da questa villa si torna sulla piazza di Trichiana e si procede in direzione Feltre per raggiungere il piccolo centro di Pialdier dove sorge VILLA MONTALBAN, XVII secolo, completamente inglobata nel centro abitato. La villa \u00e8 del 1733, con elementi architettonici di pregio del corpo principale: le quattro paraste ioniche che sorreggono il timpano, il poggiolo del primo piano, le finiture in pietra delle finestre a profilo arcuato. Si oltrepassa il ponte di San Felice e si \u00e8 in territorio di Sedico e si punta su Pasa, piccolissima localit\u00e0 posta quasi sulla riva del Piave, in posizione rialzata e dominante: si tratta di un agglomerato di case dipendente dalla vicina Triva sorto come nucleo rurale attorno all\u2019antica VILLA ZUPPANI, XVII-XVIII secolo: l\u2019edificio si presenta oggi come il risultato di successivi interventi avvenuti nel tempo, che hanno creato un singolare ma al tempo stesso anomalo risultato architettonico: la villa \u00e8 infatti \u201cun edificio di dimensioni ridottissime e di impostazione molto personale, al di fuori della suggestione dei modelli maggiori e dalla tradizione classica\u201d. Lasciata Pasa si avanza in direzione di Belluno dove la stretta strada comunale che collega a San Fermo \u00e8 bellissima ed ideale per una escursione in bicicletta immersi nella natura. Nella localit\u00e0 Socchi\u00e8va \u00e8 ben visibile l\u2019ingresso principale di VILLA GAGGIA, XVII-XVIII secolo, che sorge sul margine superiore di un largo terrazzamento naturale sovrastante la destra del Piave. Probabilmente fu eretta ancora nel XVII secolo dalla nobile famiglia Pagani ma fu ampiamente rimaneggiata nel secolo XVIII. Da segnalare che la nuova sistemazione \u201cha introdotto nel parco una grande variet\u00e0 nell\u2019ambiente naturale, sfruttando le enormi potenzialit\u00e0 del luogo e costruendo anche con strutture architettoniche, situazioni e soluzioni riferite ai canoni del giardino romantico\u201d.<\/p>\n\n\t\t\t<style type='text\/css'>\n\t\t\t\t#gallery-4 {\n\t\t\t\t\tmargin: auto;\n\t\t\t\t}\n\t\t\t\t#gallery-4 .gallery-item {\n\t\t\t\t\tfloat: left;\n\t\t\t\t\tmargin-top: 10px;\n\t\t\t\t\ttext-align: center;\n\t\t\t\t\twidth: 16%;\n\t\t\t\t}\n\t\t\t\t#gallery-4 img {\n\t\t\t\t\tborder: 2px solid #cfcfcf;\n\t\t\t\t}\n\t\t\t\t#gallery-4 .gallery-caption {\n\t\t\t\t\tmargin-left: 0;\n\t\t\t\t}\n\t\t\t\t\/* see gallery_shortcode() in wp-includes\/media.php *\/\n\t\t\t<\/style>\n\t\t<div id='gallery-4' class='dt-gallery-container gallery galleryid-224035 gallery-columns-6 gallery-size-thumbnail'><dl class='gallery-item'>\n\t\t\t\t<dt class='gallery-icon landscape'>\n\t\t\t\t\t<a class=\"rollover\" href='https:\/\/www.radiopiu.net\/wordpress\/sulle-due-sponde-del-piave-di-renato-bona\/225415058_1490600031300117_5978578323929336452_n\/'><img loading=\"lazy\" decoding=\"async\" width=\"150\" height=\"150\" src=\"https:\/\/www.radiopiu.net\/wordpress\/wp-content\/uploads\/2021\/07\/225415058_1490600031300117_5978578323929336452_n-150x150.jpg\" class=\"attachment-thumbnail size-thumbnail\" alt=\"\" \/><\/a>\n\t\t\t\t<\/dt><\/dl><dl class='gallery-item'>\n\t\t\t\t<dt class='gallery-icon landscape'>\n\t\t\t\t\t<a class=\"rollover\" href='https:\/\/www.radiopiu.net\/wordpress\/sulle-due-sponde-del-piave-di-renato-bona\/224290161_177263841058946_1727632073766268616_n\/'><img loading=\"lazy\" decoding=\"async\" width=\"150\" height=\"150\" src=\"https:\/\/www.radiopiu.net\/wordpress\/wp-content\/uploads\/2021\/07\/224290161_177263841058946_1727632073766268616_n-150x150.jpg\" class=\"attachment-thumbnail size-thumbnail\" alt=\"\" \/><\/a>\n\t\t\t\t<\/dt><\/dl><dl class='gallery-item'>\n\t\t\t\t<dt class='gallery-icon landscape'>\n\t\t\t\t\t<a class=\"rollover\" href='https:\/\/www.radiopiu.net\/wordpress\/sulle-due-sponde-del-piave-di-renato-bona\/223375183_702117553955953_7358471802598034282_n\/'><img loading=\"lazy\" decoding=\"async\" width=\"150\" height=\"150\" src=\"https:\/\/www.radiopiu.net\/wordpress\/wp-content\/uploads\/2021\/07\/223375183_702117553955953_7358471802598034282_n-150x150.jpg\" class=\"attachment-thumbnail size-thumbnail\" alt=\"\" \/><\/a>\n\t\t\t\t<\/dt><\/dl><dl class='gallery-item'>\n\t\t\t\t<dt class='gallery-icon landscape'>\n\t\t\t\t\t<a class=\"rollover\" href='https:\/\/www.radiopiu.net\/wordpress\/sulle-due-sponde-del-piave-di-renato-bona\/225305682_145457094385641_8843400669646989215_n\/'><img loading=\"lazy\" decoding=\"async\" width=\"150\" height=\"150\" src=\"https:\/\/www.radiopiu.net\/wordpress\/wp-content\/uploads\/2021\/07\/225305682_145457094385641_8843400669646989215_n-150x150.jpg\" class=\"attachment-thumbnail size-thumbnail\" alt=\"\" \/><\/a>\n\t\t\t\t<\/dt><\/dl><dl class='gallery-item'>\n\t\t\t\t<dt class='gallery-icon landscape'>\n\t\t\t\t\t<a class=\"rollover\" href='https:\/\/www.radiopiu.net\/wordpress\/sulle-due-sponde-del-piave-di-renato-bona\/223433447_431902904554534_7630362381452566952_n\/'><img loading=\"lazy\" decoding=\"async\" width=\"150\" height=\"150\" src=\"https:\/\/www.radiopiu.net\/wordpress\/wp-content\/uploads\/2021\/07\/223433447_431902904554534_7630362381452566952_n-150x150.jpg\" class=\"attachment-thumbnail size-thumbnail\" alt=\"\" \/><\/a>\n\t\t\t\t<\/dt><\/dl><dl class='gallery-item'>\n\t\t\t\t<dt class='gallery-icon landscape'>\n\t\t\t\t\t<a class=\"rollover\" href='https:\/\/www.radiopiu.net\/wordpress\/sulle-due-sponde-del-piave-di-renato-bona\/223181960_884714858795409_1265376201308322581_n\/'><img loading=\"lazy\" decoding=\"async\" width=\"150\" height=\"150\" src=\"https:\/\/www.radiopiu.net\/wordpress\/wp-content\/uploads\/2021\/07\/223181960_884714858795409_1265376201308322581_n-150x150.jpg\" class=\"attachment-thumbnail size-thumbnail\" alt=\"\" \/><\/a>\n\t\t\t\t<\/dt><\/dl><br style=\"clear: both\" \/><dl class='gallery-item'>\n\t\t\t\t<dt class='gallery-icon landscape'>\n\t\t\t\t\t<a class=\"rollover\" href='https:\/\/www.radiopiu.net\/wordpress\/sulle-due-sponde-del-piave-di-renato-bona\/224810864_1713435962188123_2705900659142496824_n\/'><img loading=\"lazy\" decoding=\"async\" width=\"150\" height=\"150\" src=\"https:\/\/www.radiopiu.net\/wordpress\/wp-content\/uploads\/2021\/07\/224810864_1713435962188123_2705900659142496824_n-150x150.jpg\" class=\"attachment-thumbnail size-thumbnail\" alt=\"\" \/><\/a>\n\t\t\t\t<\/dt><\/dl><dl class='gallery-item'>\n\t\t\t\t<dt class='gallery-icon landscape'>\n\t\t\t\t\t<a class=\"rollover\" href='https:\/\/www.radiopiu.net\/wordpress\/sulle-due-sponde-del-piave-di-renato-bona\/224129157_134001372138225_2260411069972147851_n\/'><img loading=\"lazy\" decoding=\"async\" width=\"150\" height=\"150\" src=\"https:\/\/www.radiopiu.net\/wordpress\/wp-content\/uploads\/2021\/07\/224129157_134001372138225_2260411069972147851_n-150x150.jpg\" class=\"attachment-thumbnail size-thumbnail\" alt=\"\" \/><\/a>\n\t\t\t\t<\/dt><\/dl><dl class='gallery-item'>\n\t\t\t\t<dt class='gallery-icon landscape'>\n\t\t\t\t\t<a class=\"rollover\" href='https:\/\/www.radiopiu.net\/wordpress\/sulle-due-sponde-del-piave-di-renato-bona\/223563039_839813793284073_1340540302916389593_n\/'><img loading=\"lazy\" decoding=\"async\" width=\"150\" height=\"150\" src=\"https:\/\/www.radiopiu.net\/wordpress\/wp-content\/uploads\/2021\/07\/223563039_839813793284073_1340540302916389593_n-150x150.jpg\" class=\"attachment-thumbnail size-thumbnail\" alt=\"\" \/><\/a>\n\t\t\t\t<\/dt><\/dl><dl class='gallery-item'>\n\t\t\t\t<dt class='gallery-icon landscape'>\n\t\t\t\t\t<a class=\"rollover\" href='https:\/\/www.radiopiu.net\/wordpress\/sulle-due-sponde-del-piave-di-renato-bona\/223808938_1167146307101286_1626233436205087992_n\/'><img loading=\"lazy\" decoding=\"async\" width=\"150\" height=\"150\" src=\"https:\/\/www.radiopiu.net\/wordpress\/wp-content\/uploads\/2021\/07\/223808938_1167146307101286_1626233436205087992_n-150x150.jpg\" class=\"attachment-thumbnail size-thumbnail\" alt=\"\" \/><\/a>\n\t\t\t\t<\/dt><\/dl><dl class='gallery-item'>\n\t\t\t\t<dt class='gallery-icon landscape'>\n\t\t\t\t\t<a class=\"rollover\" href='https:\/\/www.radiopiu.net\/wordpress\/sulle-due-sponde-del-piave-di-renato-bona\/220201840_295351435717683_7539097375006579369_n\/'><img loading=\"lazy\" decoding=\"async\" width=\"150\" height=\"150\" src=\"https:\/\/www.radiopiu.net\/wordpress\/wp-content\/uploads\/2021\/07\/220201840_295351435717683_7539097375006579369_n-150x150.jpg\" class=\"attachment-thumbnail size-thumbnail\" alt=\"\" \/><\/a>\n\t\t\t\t<\/dt><\/dl><dl class='gallery-item'>\n\t\t\t\t<dt class='gallery-icon landscape'>\n\t\t\t\t\t<a class=\"rollover\" href='https:\/\/www.radiopiu.net\/wordpress\/sulle-due-sponde-del-piave-di-renato-bona\/223487359_911039032808398_8241660149051880592_n\/'><img loading=\"lazy\" decoding=\"async\" width=\"150\" height=\"150\" src=\"https:\/\/www.radiopiu.net\/wordpress\/wp-content\/uploads\/2021\/07\/223487359_911039032808398_8241660149051880592_n-150x150.jpg\" class=\"attachment-thumbnail size-thumbnail\" alt=\"\" \/><\/a>\n\t\t\t\t<\/dt><\/dl><br style=\"clear: both\" \/>\n\t\t\t<\/div>\n\n<p>NELLE FOTO (riproduzioni dal libro \u201cLe ville nel paesaggio prealpino della Provincia di Belluno\u201d): facciata nord di Villa Piloni; Villa Sacello: veduta del complesso dalla strada del Cent\u00f2re; un particolare della facciata sud della Villa Sacello; facciata sud della Villa Tasso; veduta del complesso di Villa Sacello dal lato del giardino; Villa Alpago Novello; scorcio dell\u2019imponente facciata settecentesca di Villa Piloni; ecco come appare oggi la facciata di Villa Montalban; veduta della facciata principale, dal giardino interno di Villa Zuppani; il complesso visto dal lungo e maestoso viale d\u2019accesso della Villa Gaggia; l\u2019ala di servizio dal giardino della \u201cGaggia\u201d; particolare di una zona del giardino novecentesco.<\/p>\n<p>&nbsp;<\/p>\n<p>&nbsp;<\/p>\n<hr \/>\n<p>&nbsp;<\/p>\n<blockquote>\n<h3>\u00a0APPUNTAMENTO CON AGORDO MUSICA, SABATO AL KASELO<\/h3>\n<\/blockquote>\n<p><strong><a href=\"https:\/\/www.radiopiu.net\/wordpress\/giornale-radiopiu-27-luglio-2021-direttore-mirko-mezzacasa\/203383168_1121375631689273_4833795420514095380_n\/\" rel=\"attachment wp-att-224184\"><img loading=\"lazy\" decoding=\"async\" class=\"wp-image-224184 alignleft\" src=\"https:\/\/www.radiopiu.net\/wordpress\/wp-content\/uploads\/2021\/07\/203383168_1121375631689273_4833795420514095380_n-300x255.jpg\" alt=\"\" width=\"160\" height=\"136\" srcset=\"https:\/\/www.radiopiu.net\/wordpress\/wp-content\/uploads\/2021\/07\/203383168_1121375631689273_4833795420514095380_n-300x255.jpg 300w, https:\/\/www.radiopiu.net\/wordpress\/wp-content\/uploads\/2021\/07\/203383168_1121375631689273_4833795420514095380_n.jpg 683w\" sizes=\"auto, (max-width: 160px) 100vw, 160px\" \/><\/a>LA VALLE<\/strong> In Sala Valmassoni, sabato alle 20.30 con ingresso libero\u00a0 CINEMA PARADISO Ensemble Il Fischio diretto da Mirta Tormen Musiche di Morricone, Rota, Gershwin, Piazzolla PRENOTAZIONE CONSIGLIATA: 0423950150 (lu-ve h 9-13). Con la collaborazione de: Comune, ProLoco, Gruppo Ambiente e Coro Parrocchiale di La Valle SuperW Supermercati<br \/>\n<strong>L&#8217;INTERVISTA DI ANDREA BERNARDI ALLA RADIO\u00a0<\/strong><\/p>\n<audio class=\"wp-audio-shortcode\" id=\"audio-224035-8\" preload=\"none\" style=\"width: 100%;\" controls=\"controls\"><source type=\"audio\/mpeg\" src=\"https:\/\/www.radiopiu.net\/wordpress\/wp-content\/uploads\/2021\/07\/Mirta-Tormen-Il-Fischio.mp3?_=8\" \/><a href=\"https:\/\/www.radiopiu.net\/wordpress\/wp-content\/uploads\/2021\/07\/Mirta-Tormen-Il-Fischio.mp3\">https:\/\/www.radiopiu.net\/wordpress\/wp-content\/uploads\/2021\/07\/Mirta-Tormen-Il-Fischio.mp3<\/a><\/audio>\n<p>&nbsp;<\/p>\n<p><strong>L&#8217;APPUNTAMENTO D&#8217;INIZIO STAGIONE IN DIRETTA ALLA RADIO\u00a0<\/strong><\/p>\n<p><iframe loading=\"lazy\" title=\"AGORDO MUSICA 2021\" width=\"1200\" height=\"675\" src=\"https:\/\/www.youtube.com\/embed\/_n7rfX_T47w?feature=oembed\" frameborder=\"0\" allow=\"accelerometer; autoplay; clipboard-write; encrypted-media; gyroscope; picture-in-picture\" allowfullscreen><\/iframe><\/p>\n<p>&nbsp;<\/p>\n<p>&nbsp;<\/p>\n<hr \/>\n<p>&nbsp;<\/p>\n<blockquote>\n<h2>MAGNIFICI CORISTI A CARACOI<\/h2>\n<\/blockquote>\n<p><strong>ROCCA PIETORE\u00a0<\/strong> Un centinaio di persone\u00a0 sono saliti a piedi e con la navetta a Caracoi. Tutti molto soddisfatti per l&#8217;esibizione dei cori e la bellezza del luogo. anche il coro della val Badia entusiasta. <em>&#8220;Speriamo di ripetere l&#8217;anno prossimo. Era la prima volta che si cantava in pubblico dal 2019\u00a0 &#8211; racconta il direttore Roberta Conedera<\/em> <em>&#8211; con un plauso al comitato borgo di Sottoguda per aver creduto in qualcosa di cos\u00ec particolare, senza nomi altisonanti . Qualcosa di semplice per un momento storico complicato.<\/em><\/p>\n<div style=\"width: 640px;\" class=\"wp-video\"><video class=\"wp-video-shortcode\" id=\"video-224035-1\" width=\"640\" height=\"352\" preload=\"metadata\" controls=\"controls\"><source type=\"video\/mp4\" src=\"https:\/\/www.radiopiu.net\/wordpress\/wp-content\/uploads\/2021\/07\/WhatsApp-Video-2021-07-25-at-09.31.37.mp4?_=1\" \/><a href=\"https:\/\/www.radiopiu.net\/wordpress\/wp-content\/uploads\/2021\/07\/WhatsApp-Video-2021-07-25-at-09.31.37.mp4\">https:\/\/www.radiopiu.net\/wordpress\/wp-content\/uploads\/2021\/07\/WhatsApp-Video-2021-07-25-at-09.31.37.mp4<\/a><\/video><\/div>\n\n\t\t\t<style type='text\/css'>\n\t\t\t\t#gallery-5 {\n\t\t\t\t\tmargin: auto;\n\t\t\t\t}\n\t\t\t\t#gallery-5 .gallery-item {\n\t\t\t\t\tfloat: left;\n\t\t\t\t\tmargin-top: 10px;\n\t\t\t\t\ttext-align: center;\n\t\t\t\t\twidth: 50%;\n\t\t\t\t}\n\t\t\t\t#gallery-5 img {\n\t\t\t\t\tborder: 2px solid #cfcfcf;\n\t\t\t\t}\n\t\t\t\t#gallery-5 .gallery-caption {\n\t\t\t\t\tmargin-left: 0;\n\t\t\t\t}\n\t\t\t\t\/* see gallery_shortcode() in wp-includes\/media.php *\/\n\t\t\t<\/style>\n\t\t<div id='gallery-5' class='dt-gallery-container gallery galleryid-224035 gallery-columns-2 gallery-size-medium'><dl class='gallery-item'>\n\t\t\t\t<dt class='gallery-icon landscape'>\n\t\t\t\t\t<a class=\"rollover\" href='https:\/\/www.radiopiu.net\/wordpress\/magnifici-i-coristi-del-coro-agordo-di-roberta-conedera-a-caracoi\/9ec11db6-7b66-4d6c-b816-b452152affa1\/'><img loading=\"lazy\" decoding=\"async\" width=\"300\" height=\"225\" src=\"https:\/\/www.radiopiu.net\/wordpress\/wp-content\/uploads\/2021\/07\/9ec11db6-7b66-4d6c-b816-b452152affa1-300x225.jpg\" class=\"attachment-medium size-medium\" alt=\"\" srcset=\"https:\/\/www.radiopiu.net\/wordpress\/wp-content\/uploads\/2021\/07\/9ec11db6-7b66-4d6c-b816-b452152affa1-300x225.jpg 300w, https:\/\/www.radiopiu.net\/wordpress\/wp-content\/uploads\/2021\/07\/9ec11db6-7b66-4d6c-b816-b452152affa1-1024x768.jpg 1024w, https:\/\/www.radiopiu.net\/wordpress\/wp-content\/uploads\/2021\/07\/9ec11db6-7b66-4d6c-b816-b452152affa1-768x576.jpg 768w, https:\/\/www.radiopiu.net\/wordpress\/wp-content\/uploads\/2021\/07\/9ec11db6-7b66-4d6c-b816-b452152affa1-1536x1152.jpg 1536w, https:\/\/www.radiopiu.net\/wordpress\/wp-content\/uploads\/2021\/07\/9ec11db6-7b66-4d6c-b816-b452152affa1.jpg 1600w\" sizes=\"auto, (max-width: 300px) 100vw, 300px\" \/><\/a>\n\t\t\t\t<\/dt><\/dl><dl class='gallery-item'>\n\t\t\t\t<dt class='gallery-icon portrait'>\n\t\t\t\t\t<a class=\"rollover\" href='https:\/\/www.radiopiu.net\/wordpress\/magnifici-i-coristi-del-coro-agordo-di-roberta-conedera-a-caracoi\/0f314ef6-0ff9-475a-a641-1681acecbd00\/'><img loading=\"lazy\" decoding=\"async\" width=\"225\" height=\"300\" src=\"https:\/\/www.radiopiu.net\/wordpress\/wp-content\/uploads\/2021\/07\/0f314ef6-0ff9-475a-a641-1681acecbd00-225x300.jpg\" class=\"attachment-medium size-medium\" alt=\"\" srcset=\"https:\/\/www.radiopiu.net\/wordpress\/wp-content\/uploads\/2021\/07\/0f314ef6-0ff9-475a-a641-1681acecbd00-225x300.jpg 225w, https:\/\/www.radiopiu.net\/wordpress\/wp-content\/uploads\/2021\/07\/0f314ef6-0ff9-475a-a641-1681acecbd00-768x1024.jpg 768w, https:\/\/www.radiopiu.net\/wordpress\/wp-content\/uploads\/2021\/07\/0f314ef6-0ff9-475a-a641-1681acecbd00-1152x1536.jpg 1152w, https:\/\/www.radiopiu.net\/wordpress\/wp-content\/uploads\/2021\/07\/0f314ef6-0ff9-475a-a641-1681acecbd00.jpg 1200w\" sizes=\"auto, (max-width: 225px) 100vw, 225px\" \/><\/a>\n\t\t\t\t<\/dt><\/dl><br style=\"clear: both\" \/>\n\t\t\t<\/div>\n\n<p>&nbsp;<\/p>\n<p>&nbsp;<\/p>\n<p>&nbsp;<\/p>\n<hr \/>\n<p>&nbsp;<\/p>\n<blockquote class=\"wp-embedded-content\" data-secret=\"kDSDtUfkHF\"><p><a href=\"https:\/\/www.radiopiu.net\/wordpress\/quattro-eventi-nel-borgo\/\">QUATTRO EVENTI NEL BORGO DI SOTTOGUDA, L&#8217;ESTATE ENTRA NEL VIVO A PALUE<\/a><\/p><\/blockquote>\n<p><iframe loading=\"lazy\" class=\"wp-embedded-content\" sandbox=\"allow-scripts\" security=\"restricted\" style=\"position: absolute; clip: rect(1px, 1px, 1px, 1px);\" title=\"&#8220;QUATTRO EVENTI NEL BORGO DI SOTTOGUDA, L&#8217;ESTATE ENTRA NEL VIVO A PALUE&#8221; &#8212; Radio Pi\u00f9\" src=\"https:\/\/www.radiopiu.net\/wordpress\/quattro-eventi-nel-borgo\/embed\/#?secret=kDSDtUfkHF\" data-secret=\"kDSDtUfkHF\" width=\"600\" height=\"338\" frameborder=\"0\" marginwidth=\"0\" marginheight=\"0\" scrolling=\"no\"><\/iframe><\/p>\n<p>&nbsp;<\/p>\n<p>&nbsp;<\/p>\n<blockquote class=\"wp-embedded-content\" data-secret=\"GMBrGm2Oh8\"><p><a href=\"https:\/\/www.radiopiu.net\/wordpress\/artisti-in-vetrina-la-mostra-a-vetrina-aperta-di-agordo\/\">ARTISTI IN VETRINA. LA MOSTRA A VETRINA APERTA DI AGORDO<\/a><\/p><\/blockquote>\n<p><iframe loading=\"lazy\" class=\"wp-embedded-content\" sandbox=\"allow-scripts\" security=\"restricted\" style=\"position: absolute; clip: rect(1px, 1px, 1px, 1px);\" title=\"&#8220;ARTISTI IN VETRINA. LA MOSTRA A VETRINA APERTA DI AGORDO&#8221; &#8212; Radio Pi\u00f9\" src=\"https:\/\/www.radiopiu.net\/wordpress\/artisti-in-vetrina-la-mostra-a-vetrina-aperta-di-agordo\/embed\/#?secret=GMBrGm2Oh8\" data-secret=\"GMBrGm2Oh8\" width=\"600\" height=\"338\" frameborder=\"0\" marginwidth=\"0\" marginheight=\"0\" scrolling=\"no\"><\/iframe><\/p>\n<p>&nbsp;<\/p>\n<blockquote class=\"wp-embedded-content\" data-secret=\"jSbkIfGkEr\"><p><a href=\"https:\/\/www.radiopiu.net\/wordpress\/il-circo-patuf-ritorna-sul-broi-di-agordo\/\">IL CIRCO PATUF RITORNA SUL BROI DI AGORDO<\/a><\/p><\/blockquote>\n<p><iframe loading=\"lazy\" class=\"wp-embedded-content\" sandbox=\"allow-scripts\" security=\"restricted\" style=\"position: absolute; clip: rect(1px, 1px, 1px, 1px);\" title=\"&#8220;IL CIRCO PATUF RITORNA SUL BROI DI AGORDO&#8221; &#8212; Radio Pi\u00f9\" src=\"https:\/\/www.radiopiu.net\/wordpress\/il-circo-patuf-ritorna-sul-broi-di-agordo\/embed\/#?secret=jSbkIfGkEr\" data-secret=\"jSbkIfGkEr\" width=\"600\" height=\"338\" frameborder=\"0\" marginwidth=\"0\" marginheight=\"0\" scrolling=\"no\"><\/iframe><\/p>\n<p>&nbsp;<\/p>\n<h3><\/h3>\n<hr \/>\n<p>&nbsp;<\/p>\n<p>&nbsp;<\/p>\n<blockquote>\n<h3>LIMANA, AL CALAR DELLA SERA IN BIBLIOTECA<\/h3>\n<\/blockquote>\n<p><b>LIMANA\u00a0 <\/b>Gioved\u00ec\u00a0 alle 19 presentazione del libro di racconti Ogni suo desiderio, del limanese Marino D&#8217;Isep.<br \/>\nOltre all&#8217;autore sar\u00e0 presente il figlio Moreno, giovane professionista della voce, che legger\u00e0 alcuni brani tratti dall&#8217;opera.\u00a0Per le prenotazioni scrivere al seguente indirizzo: sbogo.limana@valbelluna.bl.it o telefonare al n. 0437970868. Durante tutti i gioved\u00ec di luglio la Biblioteca di Limana sar\u00e0 aperta dalle 17.00 alle 21.30.<\/p>\n<div>\n<hr \/>\n<\/div>\n<div><\/div>\n<div><\/div>\n<div>\n<blockquote>\n<p style=\"text-align: left;\" align=\"CENTER\"><span style=\"font-family: Georgia, serif;\"><span style=\"font-size: medium;\"><b>Arte e Musica tra Pelmo e Civetta. <\/b><\/span><\/span><span style=\"font-family: Georgia, serif;\"><span style=\"font-size: medium;\"><b>Festival Internazionale di Musica Antica\u00a0<\/b><\/span><\/span><\/p>\n<\/blockquote>\n<p><span style=\"font-size: small;\"><strong>VAL DI ZOLDO<\/strong> Al via\u00a0 la IV edizione di <\/span><span style=\"font-size: small;\"><b>Arte e Musica tra Pelmo e Civetta <\/b><\/span><span style=\"font-size: small;\">in programma <\/span><span style=\"font-size: small;\"><b>fino<\/b><\/span><span style=\"font-size: small;\"><b>\u00a0al 25 agosto 2021<\/b><\/span><span style=\"font-size: small;\">, con <\/span><span style=\"font-size: small;\"><b>11 concerti<\/b><\/span><span style=\"font-size: small;\"> nelle chiese della valle con la direzione artistica di <\/span><span style=\"font-size: small;\"><b>Andrea Marcon<\/b><\/span><span style=\"font-size: small;\"> e <\/span><span style=\"font-size: small;\"><b>Paolo Da Col<\/b><\/span><span style=\"font-size: small;\">. <\/span><span style=\"font-size: small;\">Le musiche risuoneranno nelle maggiori chiese, sedi di <\/span><span style=\"font-size: small;\"><b>organi di grande interesse storico e artistico,<\/b><\/span><span style=\"font-size: small;\"> con una <\/span><span style=\"font-size: small;\">schiera di giovani esecutori: dagli allievi della Schola Cantorum di Basilea, a quelli del Conservatorio di Verona; da Paolo Tagliamento, ai tanti esecutori di \u2018musica da tasto\u2019 ed altri strumenti, in gran parte vincitori di concorsi internazionali. S<\/span><span style=\"font-size: small;\">ar\u00e0 anche occasione per un commosso tributo a due amici recentemente scomparsi: l\u2019organaro Gustavo Zanin, illustre esponente della gloriosa casa organaria, e il grande organista Liuwe Tamminga, titolare degli strumenti storici della Basilica di San Petronio. <\/span><i style=\"font-size: small;\">Informazioni e note di sala su: www.belcircolo.org\u00a0<\/i><\/p>\n<\/div>\n<p>&nbsp;<\/p>\n<div class=\"mkdf-post-text\">\n<div class=\"mkdf-post-text-inner\">\n<div class=\"mkdf-post-text-main\">\n<hr \/>\n<p>&nbsp;<\/p>\n<h3>INTE PER ANTER LE VILE<\/h3>\n<p><a href=\"https:\/\/www.radiopiu.net\/wordpress\/giornale-radiopiu-23-luglio-2021-direttore-mirko-mezzacasa\/img-20210722-wa0000\/\" rel=\"attachment wp-att-223492\"><img loading=\"lazy\" decoding=\"async\" class=\"size-medium wp-image-223492 alignleft\" src=\"https:\/\/www.radiopiu.net\/wordpress\/wp-content\/uploads\/2021\/07\/IMG-20210722-WA0000-212x300.jpg\" alt=\"\" width=\"212\" height=\"300\" srcset=\"https:\/\/www.radiopiu.net\/wordpress\/wp-content\/uploads\/2021\/07\/IMG-20210722-WA0000-212x300.jpg 212w, https:\/\/www.radiopiu.net\/wordpress\/wp-content\/uploads\/2021\/07\/IMG-20210722-WA0000-724x1024.jpg 724w, https:\/\/www.radiopiu.net\/wordpress\/wp-content\/uploads\/2021\/07\/IMG-20210722-WA0000-768x1086.jpg 768w, https:\/\/www.radiopiu.net\/wordpress\/wp-content\/uploads\/2021\/07\/IMG-20210722-WA0000-1086x1536.jpg 1086w, https:\/\/www.radiopiu.net\/wordpress\/wp-content\/uploads\/2021\/07\/IMG-20210722-WA0000.jpg 1131w\" sizes=\"auto, (max-width: 212px) 100vw, 212px\" \/><\/a><strong>CENCENIGHE<\/strong> Inter per anter Le vile, ex tempore di pittura tra gli antichi borghi di Cencenighe e San Tomaso, Sabato 31 luglio a Cencenighe, Coi, Villagrande, Tocol di San Tomaso. Con: Valter Bernardi, Marino Bonetta, Valter Comiotto, Silvano Savio, Matteo Bertomoro, Luigi Cadorin, Nicolo&#8217; Dalla Zassa e Valter Savio. Le riproduzioni fotografiche delle opere realizzate nel corso della giornata saranno esposte ad agosto in frazione Tocol di San Tomaso<\/p>\n<p>&nbsp;<\/p>\n<p>&nbsp;<\/p>\n<p>&nbsp;<\/p>\n<p>&nbsp;<\/p>\n<p>&nbsp;<\/p>\n<\/div>\n<p>&nbsp;<\/p>\n<p>&nbsp;<\/p>\n<div class=\"mkdf-post-text-main\">\n<p>&nbsp;<\/p>\n<hr \/>\n<p>&nbsp;<\/p>\n<blockquote>\n<h3>VENERDI&#8217; LA PRESENTAZIONE DEL LIBRO &#8220;DOLOMITI, LA PRIMA SCOPERTA&#8221;<\/h3>\n<\/blockquote>\n<p><strong>AGORDO<\/strong> Sar\u00e0 presentato venerd\u00ec sera alle 20:30 presso la sala concressi del Centro Parrocchiale di Agordo il libro di Maurizio Alfieri &#8220;Dolomiti, la prima scoperta&#8221;. Presentazione a cura di Gianni Santomaso, organizzazione a cura del GAMP, ingresso libero.<\/p>\n<p>&nbsp;<\/p>\n<p>&nbsp;<\/p>\n<hr \/>\n<p>&nbsp;<\/p>\n<blockquote>\n<h3>A CANALE D&#8217;AGORDO SI PRESENTA L&#8217;ECOMUSEO DELLA VALLE DEL BIOIS<\/h3>\n<\/blockquote>\n<p><strong>CANALE D&#8217;AGORDO<\/strong> Gioved\u00ec alle 20:45 presso la Sala Ex Emigrati di canale D&#8217;Agordo verr\u00e0 presentato l&#8217;Ecomuseo della Valle del Biois. Interverrano i sinadaci di Canale, Falcade e Vallada, le Pro Loco di Canale, Caviola-Falcade e Vallada, Universit\u00e0 di Padova, Fondazione Papa Luciani e il gruppo di lavoro dell&#8217;ecomuseo.<\/p>\n<p>&nbsp;<\/p>\n<p>&nbsp;<\/p>\n<hr \/>\n<p>&nbsp;<\/p>\n<blockquote>\n<h3>RITORNA &#8220;ROMANTICAVIOLA&#8221;<\/h3>\n<\/blockquote>\n<p><strong>FALCADE<\/strong> Sabato 7 agosto\u00a0 il secondo e ultimo appuntamento con il concerto degli East Sunset in Piazza Pertini dalle 20:30 e alle 22:30 i fuochi d&#8217;artificio.<\/p>\n<p>&nbsp;<\/p>\n<p>&nbsp;<\/p>\n<hr \/>\n<p>&nbsp;<\/p>\n<div class=\"mkdf-post-text\">\n<div class=\"mkdf-post-text-inner\">\n<div class=\"mkdf-post-text-main\">\n<div class=\"mkdf-post-text\">\n<div class=\"mkdf-post-text-inner\">\n<div class=\"mkdf-post-text-main\">\n<div class=\"mkdf-post-text\">\n<div class=\"mkdf-post-text-inner\">\n<div class=\"mkdf-post-text-main\">\n<div class=\"page-title-head hgroup\">\n<div class=\"page-title-head hgroup\">\n<div class=\"page-title-breadcrumbs\">\n<h3><strong>&#8220;I MISTERI DI ALLEGHE DI SERGIO SAVIANE&#8221; ALLA RADIO CON L&#8217;ATTORE ROBERTO FAORO . . . OGNI GIORNO DAL LUNEDI AL VENERDI ALLE 15.30\u00a0\u00a0<\/strong><\/h3>\n<p><em><a href=\"https:\/\/www.radiopiu.net\/wordpress\/i-misteri-di-alleghe-alla-radio\/th-156\/\" rel=\"attachment wp-att-221036\"><img loading=\"lazy\" decoding=\"async\" class=\"wp-image-221036 alignleft\" src=\"https:\/\/www.radiopiu.net\/wordpress\/wp-content\/uploads\/2021\/07\/th-6.jpg\" alt=\"\" width=\"119\" height=\"147\" \/><\/a>&#8220;Piacere, sono Roberto Faoro poliedrico attore, drammaturgo e regista italiano&#8221;. <\/em><\/p>\n<p>Esperienza, professionalit\u00e0 e passione per il mondo dell\u2019arte e della recitazione sono le tre parole chiave che fanno di Roberto Faoro un attore, drammaturgo, regista e formatore molto conosciuto e apprezzato nel territorio delle Dolomiti Bellunesi, ma anche a livello nazionale.<\/p>\n<p>&nbsp;<\/p>\n<p><strong>PUNTATA 11 DEL 26 LUGLIO 2021\u00a0<\/strong><\/p>\n<audio class=\"wp-audio-shortcode\" id=\"audio-224035-9\" preload=\"none\" style=\"width: 100%;\" controls=\"controls\"><source type=\"audio\/mpeg\" src=\"https:\/\/www.radiopiu.net\/wordpress\/wp-content\/uploads\/2021\/07\/A_11.mp3?_=9\" \/><a href=\"https:\/\/www.radiopiu.net\/wordpress\/wp-content\/uploads\/2021\/07\/A_11.mp3\">https:\/\/www.radiopiu.net\/wordpress\/wp-content\/uploads\/2021\/07\/A_11.mp3<\/a><\/audio>\n<p>&nbsp;<\/p>\n<blockquote class=\"wp-embedded-content\" data-secret=\"f2uzxPCqeG\"><p><a href=\"https:\/\/www.radiopiu.net\/wordpress\/i-misteri-di-alleghe-di-sergio-saviane-alla-radio-con-lattore-roberto-faoro-il-podcast\/\">&#8220;I MISTERI DI ALLEGHE DI SERGIO SAVIANE&#8221; ALLA RADIO CON L&#8217;ATTORE ROBERTO FAORO &#8211; IL PODCAST<\/a><\/p><\/blockquote>\n<p><iframe loading=\"lazy\" class=\"wp-embedded-content\" sandbox=\"allow-scripts\" security=\"restricted\" style=\"position: absolute; clip: rect(1px, 1px, 1px, 1px);\" title=\"&#8220;&#8220;I MISTERI DI ALLEGHE DI SERGIO SAVIANE&#8221; ALLA RADIO CON L&#8217;ATTORE ROBERTO FAORO &#8211; IL PODCAST&#8221; &#8212; Radio Pi\u00f9\" src=\"https:\/\/www.radiopiu.net\/wordpress\/i-misteri-di-alleghe-di-sergio-saviane-alla-radio-con-lattore-roberto-faoro-il-podcast\/embed\/#?secret=f2uzxPCqeG\" data-secret=\"f2uzxPCqeG\" width=\"600\" height=\"338\" frameborder=\"0\" marginwidth=\"0\" marginheight=\"0\" scrolling=\"no\"><\/iframe><\/p>\n<p>&nbsp;<\/p>\n<hr \/>\n<p>&nbsp;<\/p>\n<div class=\"mkdf-post-text\">\n<div class=\"mkdf-post-text-inner\">\n<div class=\"mkdf-post-text-main\">\n<div class=\"mkdf-post-text\">\n<div class=\"mkdf-post-text-inner\">\n<div class=\"mkdf-post-text-main\">\n<div class=\"page-title-head hgroup\">\n<div class=\"page-title-head hgroup\">\n<blockquote>\n<h2><span style=\"color: #800080;\">I PROFESSIONISTI DEL POLIAMBULATORIO AGORDINO RISPONDONO<\/span><\/h2>\n<\/blockquote>\n<blockquote class=\"wp-embedded-content\" data-secret=\"AWHFVu171l\"><p><a href=\"https:\/\/www.radiopiu.net\/wordpress\/i-professionisti-del-poliambulatorio-agordino-rispondono\/\">I PROFESSIONISTI DEL POLIAMBULATORIO AGORDINO RISPONDONO<\/a><\/p><\/blockquote>\n<p><iframe loading=\"lazy\" class=\"wp-embedded-content\" sandbox=\"allow-scripts\" security=\"restricted\" style=\"position: absolute; clip: rect(1px, 1px, 1px, 1px);\" title=\"&#8220;I PROFESSIONISTI DEL POLIAMBULATORIO AGORDINO RISPONDONO&#8221; &#8212; Radio Pi\u00f9\" src=\"https:\/\/www.radiopiu.net\/wordpress\/i-professionisti-del-poliambulatorio-agordino-rispondono\/embed\/#?secret=AWHFVu171l\" data-secret=\"AWHFVu171l\" width=\"600\" height=\"338\" frameborder=\"0\" marginwidth=\"0\" marginheight=\"0\" scrolling=\"no\"><\/iframe><\/p>\n<p>&nbsp;<\/p>\n<p>&nbsp;<\/p>\n<hr \/>\n<p>&nbsp;<\/p>\n<div class=\"page-title-head hgroup\">\n<blockquote>\n<h3 class=\"entry-title\">PLASTIC FREE \u2013 TERZA PUNTATA. L\u2019INTERVISTA A RICCARDO MANCIN, RESPONSABILE VENETO PLASTIC FREE<\/h3>\n<\/blockquote>\n<\/div>\n<div class=\"page-title-breadcrumbs\">\n<p>&nbsp;<\/p>\n<\/div>\n<blockquote class=\"wp-embedded-content\" data-secret=\"9gsKGDOhrP\"><p><a href=\"https:\/\/www.radiopiu.net\/wordpress\/plastic-free-per-un-mondo-senza-plastica\/\">PLASTIC FREE per un mondo senza plastica<\/a><\/p><\/blockquote>\n<p><iframe loading=\"lazy\" class=\"wp-embedded-content\" sandbox=\"allow-scripts\" security=\"restricted\" style=\"position: absolute; clip: rect(1px, 1px, 1px, 1px);\" title=\"&#8220;PLASTIC FREE per un mondo senza plastica&#8221; &#8212; Radio Pi\u00f9\" src=\"https:\/\/www.radiopiu.net\/wordpress\/plastic-free-per-un-mondo-senza-plastica\/embed\/#?secret=9gsKGDOhrP\" data-secret=\"9gsKGDOhrP\" width=\"600\" height=\"338\" frameborder=\"0\" marginwidth=\"0\" marginheight=\"0\" scrolling=\"no\"><\/iframe><\/p>\n<p>&nbsp;<\/p>\n<hr \/>\n<p>&nbsp;<\/p>\n<div class=\"mkdf-post-text\">\n<div class=\"mkdf-post-text-inner\">\n<div class=\"mkdf-post-text-main\">\n<blockquote class=\"wp-embedded-content\" data-secret=\"0uqW5oJZP9\"><p><a href=\"https:\/\/www.radiopiu.net\/wordpress\/da-ieri-alla-radio-in-palinsesto-loris-e-maurizio-con-la-grande-musica\/\">IL BLUES ALLA RADIO &#8230; COME NON L&#8217;AVETE MAI SENTITO PRIMA<\/a><\/p><\/blockquote>\n<p><iframe loading=\"lazy\" class=\"wp-embedded-content\" sandbox=\"allow-scripts\" security=\"restricted\" style=\"position: absolute; clip: rect(1px, 1px, 1px, 1px);\" title=\"&#8220;IL BLUES ALLA RADIO &#8230; COME NON L&#8217;AVETE MAI SENTITO PRIMA&#8221; &#8212; Radio Pi\u00f9\" src=\"https:\/\/www.radiopiu.net\/wordpress\/da-ieri-alla-radio-in-palinsesto-loris-e-maurizio-con-la-grande-musica\/embed\/#?secret=0uqW5oJZP9\" data-secret=\"0uqW5oJZP9\" width=\"600\" height=\"338\" frameborder=\"0\" marginwidth=\"0\" marginheight=\"0\" scrolling=\"no\"><\/iframe><\/p>\n<p>&nbsp;<\/p>\n<hr \/>\n<p>&nbsp;<\/p>\n<h2><strong><span style=\"color: #ff0000;\">QUINDICINALE APPUNTAMENTO ALLA RADIO<\/span><\/strong><\/h2>\n<blockquote>\n<h3><a style=\"font-size: 14px; font-weight: normal;\" href=\"https:\/\/www.radiopiu.net\/wordpress\/giornale-radiopiu-06-febbraio-2019-direttore-mirko-mezzacasa\/logo_spi-cgil-800x445\/\" rel=\"attachment wp-att-75538\"><img loading=\"lazy\" decoding=\"async\" class=\"wp-image-75538 alignleft\" src=\"https:\/\/www.radiopiu.net\/wordpress\/wp-content\/uploads\/2019\/02\/Logo_Spi-CGIL-800x445-300x167.jpg\" alt=\"\" width=\"210\" height=\"117\" srcset=\"https:\/\/www.radiopiu.net\/wordpress\/wp-content\/uploads\/2019\/02\/Logo_Spi-CGIL-800x445-300x167.jpg 300w, https:\/\/www.radiopiu.net\/wordpress\/wp-content\/uploads\/2019\/02\/Logo_Spi-CGIL-800x445-768x427.jpg 768w, https:\/\/www.radiopiu.net\/wordpress\/wp-content\/uploads\/2019\/02\/Logo_Spi-CGIL-800x445.jpg 800w\" sizes=\"auto, (max-width: 210px) 100vw, 210px\" \/><\/a><\/h3>\n<\/blockquote>\n<blockquote>\n<h3>ALLA RADIO, APPUNTAMENTO QUINDICINALE CON SPI-CGIL BELLUNO, IN STUDIO MARIA RITA GENTILIN<\/h3>\n<\/blockquote>\n<p><strong>di Claudio Fontanive\u00a0<\/strong><\/p>\n<p><span style=\"color: #ff0000;\"><strong>PUNTATA DEL\u00a0 22 luglio 2021<br \/>\n<\/strong><\/span><\/p>\n<audio class=\"wp-audio-shortcode\" id=\"audio-224035-10\" preload=\"none\" style=\"width: 100%;\" controls=\"controls\"><source type=\"audio\/mpeg\" src=\"https:\/\/www.radiopiu.net\/wordpress\/wp-content\/uploads\/2021\/07\/spi-cgil-22-luglio.mp3?_=10\" \/><a href=\"https:\/\/www.radiopiu.net\/wordpress\/wp-content\/uploads\/2021\/07\/spi-cgil-22-luglio.mp3\">https:\/\/www.radiopiu.net\/wordpress\/wp-content\/uploads\/2021\/07\/spi-cgil-22-luglio.mp3<\/a><\/audio>\n<p><span style=\"color: #ff0000;\"><strong>\u00a0\u00a0<\/strong><\/span><\/p>\n<hr \/>\n<p>&nbsp;<\/p>\n<div class=\"mkdf-post-text\">\n<div class=\"mkdf-post-text-inner\">\n<div class=\"mkdf-post-text-main\">\n<div>\n<div class=\"page-title-head hgroup\">\n<div class=\"page-title-head hgroup\">\n<div class=\"page-title-head hgroup\">\n<div class=\"page-title-head hgroup\">\n<div class=\"b654a4as d2edcug0\">\n<blockquote>\n<blockquote>\n<h2><a href=\"https:\/\/www.radiopiu.net\/wordpress\/speciale-solidarieta-veneto\/solidarieta-veneto-3\/\" rel=\"attachment wp-att-134366\"><img loading=\"lazy\" decoding=\"async\" class=\"wp-image-134366 alignleft\" src=\"https:\/\/www.radiopiu.net\/wordpress\/wp-content\/uploads\/2020\/05\/solidariet\u00e0-veneto-300x210.jpg\" alt=\"\" width=\"102\" height=\"71\" srcset=\"https:\/\/www.radiopiu.net\/wordpress\/wp-content\/uploads\/2020\/05\/solidariet\u00e0-veneto-300x210.jpg 300w, https:\/\/www.radiopiu.net\/wordpress\/wp-content\/uploads\/2020\/05\/solidariet\u00e0-veneto-1024x717.jpg 1024w, https:\/\/www.radiopiu.net\/wordpress\/wp-content\/uploads\/2020\/05\/solidariet\u00e0-veneto-768x538.jpg 768w, https:\/\/www.radiopiu.net\/wordpress\/wp-content\/uploads\/2020\/05\/solidariet\u00e0-veneto.jpg 1373w\" sizes=\"auto, (max-width: 102px) 100vw, 102px\" \/><\/a>SOLIDARIETA&#8217; VENETO FONDO PENSIONE, IN ONDA IL PRIMO VENERDI DEL MESE ALLE 10.30 E ALLE 19.00 QUINTA STAGIONE<\/h2>\n<\/blockquote>\n<h2><strong><span style=\"color: #ff0000;\">AUDIO LUGLIO 2021<\/span><\/strong><\/h2>\n<\/blockquote>\n<audio class=\"wp-audio-shortcode\" id=\"audio-224035-11\" preload=\"none\" style=\"width: 100%;\" controls=\"controls\"><source type=\"audio\/mpeg\" src=\"https:\/\/www.radiopiu.net\/wordpress\/wp-content\/uploads\/2021\/07\/solidarieta-veneto-luglio-2021.mp3?_=11\" \/><a href=\"https:\/\/www.radiopiu.net\/wordpress\/wp-content\/uploads\/2021\/07\/solidarieta-veneto-luglio-2021.mp3\">https:\/\/www.radiopiu.net\/wordpress\/wp-content\/uploads\/2021\/07\/solidarieta-veneto-luglio-2021.mp3<\/a><\/audio>\n<h2>LA RACCOLTA COMPLETA<\/h2>\n<blockquote class=\"wp-embedded-content\" data-secret=\"JwlTAZpXkw\"><p><a href=\"https:\/\/www.radiopiu.net\/wordpress\/solidarieta-veneto\/\">Solidariet\u00e0 Veneto<\/a><\/p><\/blockquote>\n<p><iframe loading=\"lazy\" class=\"wp-embedded-content\" sandbox=\"allow-scripts\" security=\"restricted\" style=\"position: absolute; clip: rect(1px, 1px, 1px, 1px);\" title=\"&#8220;Solidariet\u00e0 Veneto&#8221; &#8212; Radio Pi\u00f9\" src=\"https:\/\/www.radiopiu.net\/wordpress\/solidarieta-veneto\/embed\/#?secret=JwlTAZpXkw\" data-secret=\"JwlTAZpXkw\" width=\"600\" height=\"338\" frameborder=\"0\" marginwidth=\"0\" marginheight=\"0\" scrolling=\"no\"><\/iframe><\/p>\n<blockquote>\n<h2><\/h2>\n<\/blockquote>\n<p>&nbsp;<\/p>\n<p>&nbsp;<\/p>\n<hr \/>\n<p>&nbsp;<\/p>\n<div>\n<div class=\"b654a4as d2edcug0\">\n<div class=\"rq0escxv hkbzh7o3 jwdofwj8 n8tt0mok r8blr3vg hyh9befq\">\n<p><a class=\"dt-pswp-item\" href=\"https:\/\/www.radiopiu.net\/wordpress\/wp-content\/uploads\/2020\/10\/pp.jpg\" data-dt-img-description=\"\" data-large_image_width=\"640\" data-large_image_height=\"640\"><img loading=\"lazy\" decoding=\"async\" class=\"wp-image-163678 alignleft\" src=\"https:\/\/www.radiopiu.net\/wordpress\/wp-content\/uploads\/2020\/10\/pp-300x300.jpg\" alt=\"\" width=\"106\" height=\"106\" srcset=\"https:\/\/www.radiopiu.net\/wordpress\/wp-content\/uploads\/2020\/10\/pp-300x300.jpg 300w, https:\/\/www.radiopiu.net\/wordpress\/wp-content\/uploads\/2020\/10\/pp-150x150.jpg 150w, https:\/\/www.radiopiu.net\/wordpress\/wp-content\/uploads\/2020\/10\/pp-125x125.jpg 125w, https:\/\/www.radiopiu.net\/wordpress\/wp-content\/uploads\/2020\/10\/pp-200x200.jpg 200w, https:\/\/www.radiopiu.net\/wordpress\/wp-content\/uploads\/2020\/10\/pp-80x80.jpg 80w, https:\/\/www.radiopiu.net\/wordpress\/wp-content\/uploads\/2020\/10\/pp-480x480.jpg 480w, https:\/\/www.radiopiu.net\/wordpress\/wp-content\/uploads\/2020\/10\/pp.jpg 640w\" sizes=\"auto, (max-width: 106px) 100vw, 106px\" \/><\/a><\/p>\n<\/div>\n<\/div>\n<\/div>\n<div>\n<div class=\"page-title-head hgroup\">\n<div class=\"page-title-head hgroup\">\n<div class=\"b654a4as d2edcug0\">\n<div class=\"j83agx80 btwxx1t3 lhclo0ds hop8lmos nkwizq5d scwd0bx6 roh60bw9\">\n<div class=\"rq0escxv hkbzh7o3 jwdofwj8 n8tt0mok r8blr3vg hyh9befq\">\n<div class=\"do00u71z l9j0dhe7 k4urcfbm\">\n<h2><span style=\"color: #000080;\">DON CESARE, IL PENSIERO DEL GIORNO. ALLA RADIO ALLE 7 DEL MATTINO E ALLE 19.30 DELLA SERA.\u00a0\u00a0<\/span><\/h2>\n<\/div>\n<\/div>\n<\/div>\n<div><\/div>\n<div><\/div>\n<div><\/div>\n<\/div>\n<\/div>\n<div class=\"page-title-head hgroup\">\n<audio class=\"wp-audio-shortcode\" id=\"audio-224035-12\" preload=\"none\" style=\"width: 100%;\" controls=\"controls\"><source type=\"audio\/mpeg\" src=\"https:\/\/www.radiopiu.net\/wordpress\/wp-content\/uploads\/2021\/07\/CESARE-13.mp3?_=12\" \/><a href=\"https:\/\/www.radiopiu.net\/wordpress\/wp-content\/uploads\/2021\/07\/CESARE-13.mp3\">https:\/\/www.radiopiu.net\/wordpress\/wp-content\/uploads\/2021\/07\/CESARE-13.mp3<\/a><\/audio>\n<p>&nbsp;<\/p>\n<hr \/>\n<p class=\"b654a4as d2edcug0\"><span style=\"color: #ff6600;\"> \u00a0<\/span><\/p>\n<h2><span style=\"color: #ff6600;\">GIROVAGANDO ALLA RADIO, PUNTATA 09<\/span><\/h2>\n<h3><a href=\"https:\/\/www.radiopiu.net\/wordpress\/girovagando-alla-radio-puntata-09\/b452b6fd-1342-489f-8c6b-660950a2f3fd\/\" rel=\"attachment wp-att-223949\"><img loading=\"lazy\" decoding=\"async\" class=\"size-medium wp-image-223949 alignleft\" src=\"https:\/\/www.radiopiu.net\/wordpress\/wp-content\/uploads\/2021\/07\/b452b6fd-1342-489f-8c6b-660950a2f3fd-300x225.jpg\" alt=\"\" width=\"300\" height=\"225\" srcset=\"https:\/\/www.radiopiu.net\/wordpress\/wp-content\/uploads\/2021\/07\/b452b6fd-1342-489f-8c6b-660950a2f3fd-300x225.jpg 300w, https:\/\/www.radiopiu.net\/wordpress\/wp-content\/uploads\/2021\/07\/b452b6fd-1342-489f-8c6b-660950a2f3fd-768x576.jpg 768w, https:\/\/www.radiopiu.net\/wordpress\/wp-content\/uploads\/2021\/07\/b452b6fd-1342-489f-8c6b-660950a2f3fd.jpg 960w\" sizes=\"auto, (max-width: 300px) 100vw, 300px\" \/><\/a>Collaborazione Thomas Soppera<\/h3>\n<p>&nbsp;<\/p>\n<p><strong>AUDIO PUNTATA 26 Luglio 2021<\/strong><\/p>\n<audio class=\"wp-audio-shortcode\" id=\"audio-224035-13\" preload=\"none\" style=\"width: 100%;\" controls=\"controls\"><source type=\"audio\/mpeg\" src=\"https:\/\/www.radiopiu.net\/wordpress\/wp-content\/uploads\/2021\/07\/GIROVAGANDO-09-1.mp3?_=13\" \/><a href=\"https:\/\/www.radiopiu.net\/wordpress\/wp-content\/uploads\/2021\/07\/GIROVAGANDO-09-1.mp3\">https:\/\/www.radiopiu.net\/wordpress\/wp-content\/uploads\/2021\/07\/GIROVAGANDO-09-1.mp3<\/a><\/audio>\n<p>&nbsp;<\/p>\n<h2><span style=\"color: #ff0000;\">LA RACCOLTA COMPLETA\u00a0<\/span><\/h2>\n<blockquote class=\"wp-embedded-content\" data-secret=\"QstcGeIQmZ\"><p><a href=\"https:\/\/www.radiopiu.net\/wordpress\/girovagando-in-e-bike-tra-le-dolomiti\/\">GIROVAGANDO IN E BIKE TRA LE DOLOMITI<\/a><\/p><\/blockquote>\n<p><iframe loading=\"lazy\" class=\"wp-embedded-content\" sandbox=\"allow-scripts\" security=\"restricted\" style=\"position: absolute; clip: rect(1px, 1px, 1px, 1px);\" title=\"&#8220;GIROVAGANDO IN E BIKE TRA LE DOLOMITI&#8221; &#8212; Radio Pi\u00f9\" src=\"https:\/\/www.radiopiu.net\/wordpress\/girovagando-in-e-bike-tra-le-dolomiti\/embed\/#?secret=QstcGeIQmZ\" data-secret=\"QstcGeIQmZ\" width=\"600\" height=\"338\" frameborder=\"0\" marginwidth=\"0\" marginheight=\"0\" scrolling=\"no\"><\/iframe><\/p>\n<p>\u200b<\/p>\n<p>\u200b<\/p>\n<\/div>\n<\/div>\n<\/div>\n<\/div>\n<\/div>\n<\/div>\n<\/div>\n<\/div>\n<\/div>\n<\/div>\n<\/div>\n<\/div>\n<\/div>\n<\/div>\n<\/div>\n<\/div>\n<\/div>\n<\/div>\n<\/div>\n<\/div>\n<\/div>\n<\/div>\n<\/div>\n<\/div>\n<div class=\"mkdf-post-text\">\n<div class=\"mkdf-post-text-inner\">\n<div class=\"mkdf-post-text-main\">\n<div class=\"mkdf-post-text\">\n<div class=\"mkdf-post-text-inner\">\n<div class=\"mkdf-post-text-main\">\n<div>\n<div class=\"page-title-head hgroup\">\n<div class=\"page-title-head hgroup\">\n<div class=\"page-title-head hgroup\">\n<div class=\"page-title-head hgroup\">\n<div class=\"b654a4as d2edcug0\">\n<div class=\"page-title-head hgroup\">\n<div class=\"page-title-head hgroup\">\n<p>&nbsp;<\/p>\n<hr \/>\n<div>\n<div class=\"page-title-head hgroup\">\n<div class=\"page-title-head hgroup\">\n<div class=\"b654a4as d2edcug0\">\n<div>\n<p>&nbsp;<\/p>\n<\/div>\n<blockquote>\n<h3>COLLAGE&#8230; DI LORIS SCUSSEL dal lunedi al venerdi alle 16 e alle 23 su RADIO PIU<\/h3>\n<\/blockquote>\n<p><strong>PUNTATA DEL 26 LUGLIO, 396<\/strong><\/p>\n<audio class=\"wp-audio-shortcode\" id=\"audio-224035-14\" preload=\"none\" style=\"width: 100%;\" controls=\"controls\"><source type=\"audio\/mpeg\" src=\"https:\/\/www.radiopiu.net\/wordpress\/wp-content\/uploads\/2021\/07\/Collage-396.mp3?_=14\" \/><a href=\"https:\/\/www.radiopiu.net\/wordpress\/wp-content\/uploads\/2021\/07\/Collage-396.mp3\">https:\/\/www.radiopiu.net\/wordpress\/wp-content\/uploads\/2021\/07\/Collage-396.mp3<\/a><\/audio>\n<div>\n<div>\n<div>\n<div>\n<div>\n<div>\n<div>\n<div>\n<div>\n<div>\n<div>\n<div>\n<div>\n<div>\n<div>\n<div>\n<div>\n<div>\n<div>\n<div>\n<div>\n<p><img loading=\"lazy\" decoding=\"async\" class=\"alignleft\" src=\"https:\/\/www.radiopiu.net\/wordpress\/wp-content\/uploads\/2021\/05\/Schermata-2021-05-23-alle-11.50.11.png\" width=\"186\" height=\"131\" \/>Il programma \u00e8 andato in onda da dicembre 2013 fino a luglio 2019, comprese le repliche, in due serie per 350 puntate complessive con 1.890 brani trasmessi. L\u2019obiettivo del programma: riproporre agli ascoltatori pi\u00f9 grandicelli le canzoni che ascoltavano nel passato e nello stesso tempo farle conoscere anche ai pi\u00f9 giovani.<\/p>\n<\/div>\n<\/div>\n<\/div>\n<\/div>\n<\/div>\n<\/div>\n<\/div>\n<\/div>\n<\/div>\n<\/div>\n<\/div>\n<\/div>\n<\/div>\n<\/div>\n<\/div>\n<\/div>\n<\/div>\n<\/div>\n<\/div>\n<\/div>\n<\/div>\n<div>\n<div>\n<div>\n<div>\n<p>&nbsp;<\/p>\n<p>&nbsp;<\/p>\n<p>&nbsp;<\/p>\n<hr \/>\n<\/div>\n<\/div>\n<\/div>\n<\/div>\n<p>&nbsp;<\/p>\n<blockquote class=\"wp-embedded-content\" data-secret=\"47zHtrjvMq\"><p><a href=\"https:\/\/www.radiopiu.net\/wordpress\/raccolta-completa11\/\">FANTASTICHE DOLOMITI LA RACCOLTA COMPLETA<\/a><\/p><\/blockquote>\n<p><iframe loading=\"lazy\" class=\"wp-embedded-content\" sandbox=\"allow-scripts\" security=\"restricted\" style=\"position: absolute; clip: rect(1px, 1px, 1px, 1px);\" title=\"&#8220;FANTASTICHE DOLOMITI LA RACCOLTA COMPLETA&#8221; &#8212; Radio Pi\u00f9\" src=\"https:\/\/www.radiopiu.net\/wordpress\/raccolta-completa11\/embed\/#?secret=47zHtrjvMq\" data-secret=\"47zHtrjvMq\" width=\"600\" height=\"338\" frameborder=\"0\" marginwidth=\"0\" marginheight=\"0\" scrolling=\"no\"><\/iframe><\/p>\n<p>&nbsp;<\/p>\n<p>&nbsp;<\/p>\n<hr \/>\n<div>\n<div class=\"b654a4as d2edcug0\">\n<div class=\"rq0escxv hkbzh7o3 jwdofwj8 n8tt0mok r8blr3vg hyh9befq\">\n<div class=\"b654a4as d2edcug0\">\n<div class=\"b654a4as d2edcug0\">\n<div>\n<div class=\"b654a4as d2edcug0\">\n<div class=\"rq0escxv hkbzh7o3 jwdofwj8 n8tt0mok r8blr3vg hyh9befq\">\n<div class=\"b654a4as d2edcug0\">\n<h2><\/h2>\n<div class=\"b654a4as d2edcug0\">\n<h2><span style=\"color: #008000;\">ERBE E PIANTE CURATIVE&#8230;IL\u00a0 PROGRAMMA DI PAOLA LANCIATO\u00a0\u00a0<\/span><\/h2>\n<p>di Paola Lanciato<\/p>\n<p><strong><a href=\"https:\/\/www.radiopiu.net\/wordpress\/giornale-radiopiu-27-luglio-2021-direttore-mirko-mezzacasa\/th-170\/\" rel=\"attachment wp-att-224190\"><img loading=\"lazy\" decoding=\"async\" class=\" wp-image-224190 alignleft\" src=\"https:\/\/www.radiopiu.net\/wordpress\/wp-content\/uploads\/2021\/07\/th-20.jpg\" alt=\"\" width=\"125\" height=\"87\" \/><\/a>PUNTATA DEL 26 LUGLIO 2021 &#8211; LA LAVANDA<\/strong><\/p>\n<audio class=\"wp-audio-shortcode\" id=\"audio-224035-15\" preload=\"none\" style=\"width: 100%;\" controls=\"controls\"><source type=\"audio\/mpeg\" src=\"https:\/\/www.radiopiu.net\/wordpress\/wp-content\/uploads\/2021\/07\/25-La-lavanda-M.mp3?_=15\" \/><a href=\"https:\/\/www.radiopiu.net\/wordpress\/wp-content\/uploads\/2021\/07\/25-La-lavanda-M.mp3\">https:\/\/www.radiopiu.net\/wordpress\/wp-content\/uploads\/2021\/07\/25-La-lavanda-M.mp3<\/a><\/audio>\n<p>&nbsp;<\/p>\n<blockquote class=\"wp-embedded-content\" data-secret=\"L53WiUSR8W\"><p><a href=\"https:\/\/www.radiopiu.net\/wordpress\/erbavoglio\/\">L&#8217;ERBA VOGLIO DEL GIARDINO DEL RE&#8230; Erbe, fiori e Piante di e con Paola Lanciato<\/a><\/p><\/blockquote>\n<p><iframe loading=\"lazy\" class=\"wp-embedded-content\" sandbox=\"allow-scripts\" security=\"restricted\" style=\"position: absolute; clip: rect(1px, 1px, 1px, 1px);\" title=\"&#8220;L&#8217;ERBA VOGLIO DEL GIARDINO DEL RE&#8230; Erbe, fiori e Piante di e con Paola Lanciato&#8221; &#8212; Radio Pi\u00f9\" src=\"https:\/\/www.radiopiu.net\/wordpress\/erbavoglio\/embed\/#?secret=L53WiUSR8W\" data-secret=\"L53WiUSR8W\" width=\"600\" height=\"338\" frameborder=\"0\" marginwidth=\"0\" marginheight=\"0\" scrolling=\"no\"><\/iframe><\/p>\n<\/div>\n<p>&nbsp;<\/p>\n<\/div>\n<\/div>\n<\/div>\n<\/div>\n<p>&nbsp;<\/p>\n<\/div>\n<\/div>\n<\/div>\n<\/div>\n<\/div>\n<p>&nbsp;<\/p>\n<hr \/>\n<p>&nbsp;<\/p>\n<div>\n<h2><span style=\"color: #ff0000;\"><strong>IN VIVO VERSO 2020-21 ESTATE, RIASCOLTIAMOLI&#8230; DAL CASSETTO DEI RICORDI DI RADIO PIU&#8217;&#8230; LE PRIME\u00a0 SEI STAGIONI\u00a0 \u00a0<\/strong><\/span><\/h2>\n<div class=\"page-title-head hgroup\">\n<div class=\"page-title-head hgroup\">\n<div class=\"page-title-head hgroup\">\n<div class=\"page-title-head hgroup\">\n<div class=\"page-title-head hgroup\">\n<div class=\"page-title-head hgroup\">\n<blockquote>\n<h3>riascoltiamole VIOLA AGEN,\u00a0 &#8220;UN RICCIOLO SULLA FRONTE&#8221;<\/h3>\n<p>AUDIO<\/p>\n<audio class=\"wp-audio-shortcode\" id=\"audio-224035-16\" preload=\"none\" style=\"width: 100%;\" controls=\"controls\"><source type=\"audio\/mpeg\" src=\"https:\/\/www.radiopiu.net\/wordpress\/wp-content\/uploads\/2021\/07\/VIOLA-AGEN-5-UN-RICCIOLO-SULA-FRONTE.mp3?_=16\" \/><a href=\"https:\/\/www.radiopiu.net\/wordpress\/wp-content\/uploads\/2021\/07\/VIOLA-AGEN-5-UN-RICCIOLO-SULA-FRONTE.mp3\">https:\/\/www.radiopiu.net\/wordpress\/wp-content\/uploads\/2021\/07\/VIOLA-AGEN-5-UN-RICCIOLO-SULA-FRONTE.mp3<\/a><\/audio>\n<p>&nbsp;<\/p>\n<p><strong>LA RACCOLTA COMPLETA<\/strong><\/p><\/blockquote>\n<\/div>\n<\/div>\n<\/div>\n<\/div>\n<\/div>\n<\/div>\n<blockquote class=\"wp-embedded-content\" data-secret=\"9igRMW7B7h\"><p><a href=\"https:\/\/www.radiopiu.net\/wordpress\/in-vivo-verso\/\">In Vivo Verso<\/a><\/p><\/blockquote>\n<p><iframe loading=\"lazy\" class=\"wp-embedded-content\" sandbox=\"allow-scripts\" security=\"restricted\" style=\"position: absolute; clip: rect(1px, 1px, 1px, 1px);\" title=\"&#8220;In Vivo Verso&#8221; &#8212; Radio Pi\u00f9\" src=\"https:\/\/www.radiopiu.net\/wordpress\/in-vivo-verso\/embed\/#?secret=9igRMW7B7h\" data-secret=\"9igRMW7B7h\" width=\"600\" height=\"338\" frameborder=\"0\" marginwidth=\"0\" marginheight=\"0\" scrolling=\"no\"><\/iframe><\/p>\n<p>&nbsp;<\/p>\n<hr \/>\n<\/div>\n<blockquote>\n<blockquote>\n<h2><\/h2>\n<\/blockquote>\n<\/blockquote>\n<div>\n<div class=\"b654a4as d2edcug0\">\n<div class=\"rq0escxv hkbzh7o3 jwdofwj8 n8tt0mok r8blr3vg hyh9befq\">\n<blockquote>\n<h2><span style=\"color: #ff0000;\"><em>ZAINO ALLA RADIO&#8230;ESTATE DI PAOLA LANCIATO\u00a0<\/em><\/span><\/h2>\n<p><strong>IERI ALLA RADIO I MALATESTA E LA TERRA DI ROMAGNA\u00a0<\/strong><\/p>\n<audio class=\"wp-audio-shortcode\" id=\"audio-224035-17\" preload=\"none\" style=\"width: 100%;\" controls=\"controls\"><source type=\"audio\/mpeg\" src=\"https:\/\/www.radiopiu.net\/wordpress\/wp-content\/uploads\/2021\/07\/13-I-Malatesta-e-la-Terra-di-Romagna-M.mp3?_=17\" \/><a href=\"https:\/\/www.radiopiu.net\/wordpress\/wp-content\/uploads\/2021\/07\/13-I-Malatesta-e-la-Terra-di-Romagna-M.mp3\">https:\/\/www.radiopiu.net\/wordpress\/wp-content\/uploads\/2021\/07\/13-I-Malatesta-e-la-Terra-di-Romagna-M.mp3<\/a><\/audio><\/blockquote>\n<p><strong>LA RACCOLTA COMPLETA\u00a0<\/strong><\/p>\n<blockquote class=\"wp-embedded-content\" data-secret=\"5xzmFy7S6C\"><p><a href=\"https:\/\/www.radiopiu.net\/wordpress\/zaino-femminile-lanciato\/\">Zaino da viaggio al femminile<\/a><\/p><\/blockquote>\n<p><iframe loading=\"lazy\" class=\"wp-embedded-content\" sandbox=\"allow-scripts\" security=\"restricted\" style=\"position: absolute; clip: rect(1px, 1px, 1px, 1px);\" title=\"&#8220;Zaino da viaggio al femminile&#8221; &#8212; Radio Pi\u00f9\" src=\"https:\/\/www.radiopiu.net\/wordpress\/zaino-femminile-lanciato\/embed\/#?secret=5xzmFy7S6C\" data-secret=\"5xzmFy7S6C\" width=\"600\" height=\"338\" frameborder=\"0\" marginwidth=\"0\" marginheight=\"0\" scrolling=\"no\"><\/iframe><\/p>\n<p>&nbsp;<\/p>\n<\/div>\n<\/div>\n<\/div>\n<hr \/>\n<div><\/div>\n<div>\n<div class=\"page-title-head hgroup\">\n<div class=\"page-title-head hgroup\">\n<div class=\"page-title-head hgroup\">\n<div class=\"page-title-head hgroup\">\n<div class=\"page-title-head hgroup\">\n<div>\n<div class=\"b654a4as d2edcug0\">\u00a0 \u00a0 \u00a0<strong style=\"color: #800080;\">LA RASSEGNA STAMPA DA L&#8217;AMICO DEL POPOLO\u00a0<\/strong><\/div>\n<\/div>\n<\/div>\n<\/div>\n<\/div>\n<\/div>\n<\/div>\n<\/div>\n<div>\n<div>\n<div>\n<div class=\"page-title-head hgroup\">\n<div class=\"page-title-head hgroup\">\n<div class=\"page-title-head hgroup\">\n<div class=\"page-title-head hgroup\">\n<div class=\"b654a4as d2edcug0\">\n<div class=\"page-title-head hgroup\">\n<div class=\"page-title-head hgroup\">\n<div class=\"page-title-head hgroup\">\n<div class=\"page-title-head hgroup\">\n<div class=\"b654a4as d2edcug0\">\n<div>\n<h3 class=\"kvgmc6g5 cxmmr5t8 oygrvhab hcukyx3x c1et5uql\"><span style=\"color: #0000ff;\"> INFORMAZIONE il canale su TELEGRAM informazione di prima mano e in tempo reale. iscriviti ed aiutaci a farlo conoscere\u00a0\u00a0<\/span><\/h3>\n<p><strong><a href=\"https:\/\/www.radiopiu.net\/wordpress\/treno-delle-dolomiti-il-presidente-dellunione-montana-agordina-pensa-di-coinvolgere-i-sindaci-prima-di-iviare-documenti-in-provincia\/michele-costa-12\/\" rel=\"attachment wp-att-208023\"><img loading=\"lazy\" decoding=\"async\" class=\" wp-image-208023 alignleft\" src=\"https:\/\/www.radiopiu.net\/wordpress\/wp-content\/uploads\/2021\/05\/MICHELE-COSTA-300x300.png\" alt=\"\" width=\"157\" height=\"157\" srcset=\"https:\/\/www.radiopiu.net\/wordpress\/wp-content\/uploads\/2021\/05\/MICHELE-COSTA-300x300.png 300w, https:\/\/www.radiopiu.net\/wordpress\/wp-content\/uploads\/2021\/05\/MICHELE-COSTA-1024x1024.png 1024w, https:\/\/www.radiopiu.net\/wordpress\/wp-content\/uploads\/2021\/05\/MICHELE-COSTA-150x150.png 150w, https:\/\/www.radiopiu.net\/wordpress\/wp-content\/uploads\/2021\/05\/MICHELE-COSTA-768x768.png 768w, https:\/\/www.radiopiu.net\/wordpress\/wp-content\/uploads\/2021\/05\/MICHELE-COSTA.png 1378w\" sizes=\"auto, (max-width: 157px) 100vw, 157px\" \/><\/a>di Gianni Santomaso<\/strong><\/p>\n<p>OSPITE: Michele Costa Presidente Unione Montana Agordina<\/p>\n<audio class=\"wp-audio-shortcode\" id=\"audio-224035-18\" preload=\"none\" style=\"width: 100%;\" controls=\"controls\"><source type=\"audio\/mpeg\" src=\"https:\/\/www.radiopiu.net\/wordpress\/wp-content\/uploads\/2021\/07\/RASSEGNA-GIANNI-3.mp3?_=18\" \/><a href=\"https:\/\/www.radiopiu.net\/wordpress\/wp-content\/uploads\/2021\/07\/RASSEGNA-GIANNI-3.mp3\">https:\/\/www.radiopiu.net\/wordpress\/wp-content\/uploads\/2021\/07\/RASSEGNA-GIANNI-3.mp3<\/a><\/audio>\n<p>&nbsp;<\/p>\n<blockquote class=\"wp-embedded-content\" data-secret=\"K09PE4CkX4\"><p><a href=\"https:\/\/www.radiopiu.net\/wordpress\/rassegna-stampa-di-gianni-santomaso\/\">Rassegna stampa da l&#8217;amico del popolo &#8211; di Gianni Santomaso<\/a><\/p><\/blockquote>\n<p><iframe loading=\"lazy\" class=\"wp-embedded-content\" sandbox=\"allow-scripts\" security=\"restricted\" style=\"position: absolute; clip: rect(1px, 1px, 1px, 1px);\" title=\"&#8220;Rassegna stampa da l&#8217;amico del popolo &#8211; di Gianni Santomaso&#8221; &#8212; Radio Pi\u00f9\" src=\"https:\/\/www.radiopiu.net\/wordpress\/rassegna-stampa-di-gianni-santomaso\/embed\/#?secret=K09PE4CkX4\" data-secret=\"K09PE4CkX4\" width=\"600\" height=\"338\" frameborder=\"0\" marginwidth=\"0\" marginheight=\"0\" scrolling=\"no\"><\/iframe><\/p>\n<p>&nbsp;<\/p>\n<hr \/>\n<p>&nbsp;<\/p>\n<h2><span style=\"color: #3366ff;\">SALUTE E SOCIETA&#8217;<\/span><\/h2>\n<p><strong>LA PUNTATA DELLA SETTIMANA del 26 LUGLIO<\/strong><\/p>\n<h3>Tralokinumab, nuova opzione terapeutica per i pazienti adulti affetti da dermatite atopica<\/h3>\n<p><img loading=\"lazy\" decoding=\"async\" class=\"alignleft\" src=\"https:\/\/www.radiopiu.net\/wordpress\/wp-content\/uploads\/2021\/07\/WhatsApp-Image-2021-07-26-at-09.43.41.jpeg\" width=\"219\" height=\"123\" \/>Approvato dalla Commissione Europea tralokinumab, nuova opzione terapeutica per i pazienti adulti affetti da dermatite atopica da moderata a severa. Una notizia importante per i milioni di persone che vivono con questa malattia della pelle cronica, infiammatoria, caratterizzata da prurito intenso e lesioni cutanee. Antonella Pitrelli ne ha parlato con Giovanni Pellacani, Professore ordinario e Direttore clinica dermatologica universit\u00e0 La Sapienza Roma<\/p>\n<audio class=\"wp-audio-shortcode\" id=\"audio-224035-19\" preload=\"none\" style=\"width: 100%;\" controls=\"controls\"><source type=\"audio\/mpeg\" src=\"https:\/\/www.radiopiu.net\/wordpress\/wp-content\/uploads\/2021\/07\/SALUTE-4.mp3?_=19\" \/><a href=\"https:\/\/www.radiopiu.net\/wordpress\/wp-content\/uploads\/2021\/07\/SALUTE-4.mp3\">https:\/\/www.radiopiu.net\/wordpress\/wp-content\/uploads\/2021\/07\/SALUTE-4.mp3<\/a><\/audio>\n<p><strong>LA RACCOLTA COMPLETA<\/strong><\/p>\n<\/div>\n<div dir=\"auto\">\n<blockquote class=\"wp-embedded-content\" data-secret=\"D7YVwJiQzO\"><p><a href=\"https:\/\/www.radiopiu.net\/wordpress\/saluteesocieta\/\">Salute e Societ\u00e0<\/a><\/p><\/blockquote>\n<p><iframe loading=\"lazy\" class=\"wp-embedded-content\" sandbox=\"allow-scripts\" security=\"restricted\" style=\"position: absolute; clip: rect(1px, 1px, 1px, 1px);\" title=\"&#8220;Salute e Societ\u00e0&#8221; &#8212; Radio Pi\u00f9\" src=\"https:\/\/www.radiopiu.net\/wordpress\/saluteesocieta\/embed\/#?secret=D7YVwJiQzO\" data-secret=\"D7YVwJiQzO\" width=\"600\" height=\"338\" frameborder=\"0\" marginwidth=\"0\" marginheight=\"0\" scrolling=\"no\"><\/iframe><\/p>\n<\/div>\n<div dir=\"auto\">\n<h1><\/h1>\n<\/div>\n<div>\n<div class=\"page-title-head hgroup\">\n<div class=\"page-title-head hgroup\">\n<div class=\"page-title-head hgroup\">\n<div>\n<div class=\"b654a4as d2edcug0\">\n<div class=\"rq0escxv hkbzh7o3 jwdofwj8 n8tt0mok r8blr3vg hyh9befq\">\n<hr \/>\n<\/div>\n<\/div>\n<\/div>\n<div>\n<div class=\"page-title-head hgroup\">\n<div class=\"page-title-head hgroup\">\n<div>\n<div class=\"b654a4as d2edcug0\">\n<p>&nbsp;<\/p>\n<blockquote>\n<h3><img loading=\"lazy\" decoding=\"async\" class=\"alignleft\" src=\"https:\/\/www.radiopiu.net\/wordpress\/wp-content\/uploads\/2021\/06\/fresh-flower-leaves-saffron-white-background-place-your-text-use-saffron-spice-cooking-cosmetology_347372-394.jpeg\" width=\"141\" height=\"94\" \/>L&#8217;ALMANACCO LADINO CON L&#8217;ISTITUT CESA DE JAN QUINDICINALE APPUNTAMENTO. LA DOMENICA ALLE 9 IL LUNEDI ALLE 8.35 IL MARTEDI ALLE 12.35 IL MERCOLEDI ALLE 18.35. SECONDA STAGIONE.<\/h3>\n<p>&nbsp;<\/p><\/blockquote>\n<p><strong>RACCOLTA COMPLETA\u00a0<\/strong><\/p>\n<blockquote class=\"wp-embedded-content\" data-secret=\"uW6LHhTS9i\"><p><a href=\"https:\/\/www.radiopiu.net\/wordpress\/almanacco-ladino\/\">Almanacco Ladino<\/a><\/p><\/blockquote>\n<p><iframe loading=\"lazy\" class=\"wp-embedded-content\" sandbox=\"allow-scripts\" security=\"restricted\" style=\"position: absolute; clip: rect(1px, 1px, 1px, 1px);\" title=\"&#8220;Almanacco Ladino&#8221; &#8212; Radio Pi\u00f9\" src=\"https:\/\/www.radiopiu.net\/wordpress\/almanacco-ladino\/embed\/#?secret=uW6LHhTS9i\" data-secret=\"uW6LHhTS9i\" width=\"600\" height=\"338\" frameborder=\"0\" marginwidth=\"0\" marginheight=\"0\" scrolling=\"no\"><\/iframe><\/p>\n<div dir=\"auto\"><\/div>\n<\/div>\n<div>\n<p>&nbsp;<\/p>\n<hr \/>\n<h2><span style=\"color: #808000;\">DUE MINUTI UN LIBRO\u00a0 TUTTI I GIORNI ALLA RADIO ALLE 9.30 E ALLE 18. QUINTA STAGIONE\u00a0\u00a0<\/span><\/h2>\n<blockquote class=\"wp-embedded-content\" data-secret=\"GEuyhcqu99\"><p><a href=\"https:\/\/www.radiopiu.net\/wordpress\/ragazze-smarrite\/\">RAGAZZE SMARRITE<\/a><\/p><\/blockquote>\n<p><iframe loading=\"lazy\" class=\"wp-embedded-content\" sandbox=\"allow-scripts\" security=\"restricted\" style=\"position: absolute; clip: rect(1px, 1px, 1px, 1px);\" title=\"&#8220;RAGAZZE SMARRITE&#8221; &#8212; Radio Pi\u00f9\" src=\"https:\/\/www.radiopiu.net\/wordpress\/ragazze-smarrite\/embed\/#?secret=GEuyhcqu99\" data-secret=\"GEuyhcqu99\" width=\"600\" height=\"338\" frameborder=\"0\" marginwidth=\"0\" marginheight=\"0\" scrolling=\"no\"><\/iframe><\/p>\n<\/div>\n<div>\n<p><strong>LA RACCOLTA COMPLETA\u00a0\u00a0<\/strong><\/p>\n<blockquote class=\"wp-embedded-content\" data-secret=\"lwdZwFACm6\"><p><a href=\"https:\/\/www.radiopiu.net\/wordpress\/due-minuti-un-libro\/\">Due minuti un libro<\/a><\/p><\/blockquote>\n<p><iframe loading=\"lazy\" class=\"wp-embedded-content\" sandbox=\"allow-scripts\" security=\"restricted\" style=\"position: absolute; clip: rect(1px, 1px, 1px, 1px);\" title=\"&#8220;Due minuti un libro&#8221; &#8212; Radio Pi\u00f9\" src=\"https:\/\/www.radiopiu.net\/wordpress\/due-minuti-un-libro\/embed\/#?secret=lwdZwFACm6\" data-secret=\"lwdZwFACm6\" width=\"600\" height=\"338\" frameborder=\"0\" marginwidth=\"0\" marginheight=\"0\" scrolling=\"no\"><\/iframe><\/p>\n<p>&nbsp;<\/p>\n<hr \/>\n<p>\u200b<\/p>\n<div>\n<h2><span style=\"color: #33cccc;\">I RACCONTI DI PAOLO SOPPELSA il lunedi alle 9.30 e 18.30<\/span><\/h2>\n<p><strong>PARLANO I LARICI<\/strong><\/p>\n<p><em><strong>AUDIO<\/strong><\/em><\/p>\n<audio class=\"wp-audio-shortcode\" id=\"audio-224035-20\" preload=\"none\" style=\"width: 100%;\" controls=\"controls\"><source type=\"audio\/mpeg\" src=\"https:\/\/www.radiopiu.net\/wordpress\/wp-content\/uploads\/2021\/07\/PAOLO-SOPPELSA-PARLANO-I-LARICI.mp3?_=20\" \/><a href=\"https:\/\/www.radiopiu.net\/wordpress\/wp-content\/uploads\/2021\/07\/PAOLO-SOPPELSA-PARLANO-I-LARICI.mp3\">https:\/\/www.radiopiu.net\/wordpress\/wp-content\/uploads\/2021\/07\/PAOLO-SOPPELSA-PARLANO-I-LARICI.mp3<\/a><\/audio>\n<p>&nbsp;<\/p>\n<p><a href=\"https:\/\/www.radiopiu.net\/wordpress\/i-racconti-di-paolo-soppelsa-ottantacinquesima-puntata\/9df8eb7e-cde5-4eb9-929b-8acf4db81776\/\" rel=\"attachment wp-att-223962\"><img loading=\"lazy\" decoding=\"async\" class=\"size-medium wp-image-223962 alignleft\" src=\"https:\/\/www.radiopiu.net\/wordpress\/wp-content\/uploads\/2021\/07\/9df8eb7e-cde5-4eb9-929b-8acf4db81776-300x225.jpg\" alt=\"\" width=\"300\" height=\"225\" srcset=\"https:\/\/www.radiopiu.net\/wordpress\/wp-content\/uploads\/2021\/07\/9df8eb7e-cde5-4eb9-929b-8acf4db81776-300x225.jpg 300w, https:\/\/www.radiopiu.net\/wordpress\/wp-content\/uploads\/2021\/07\/9df8eb7e-cde5-4eb9-929b-8acf4db81776-1024x768.jpg 1024w, https:\/\/www.radiopiu.net\/wordpress\/wp-content\/uploads\/2021\/07\/9df8eb7e-cde5-4eb9-929b-8acf4db81776-768x576.jpg 768w, https:\/\/www.radiopiu.net\/wordpress\/wp-content\/uploads\/2021\/07\/9df8eb7e-cde5-4eb9-929b-8acf4db81776.jpg 1080w\" sizes=\"auto, (max-width: 300px) 100vw, 300px\" \/><\/a>\u00c8 verso sera, quando tutto s&#8217;acquieta, che sembra di sentirli parlare i larici &#8220;d\u00f9 in te la val&#8221;. Mossi dal tiepido vento di luglio raccontano piccole storie quasi perdute nel correre della Grande Storia. Hanno pi\u00f9 di cent&#8217;anni gli alti e silenziosi guardiani della valle. Hanno visto nascere vivere e morire i miei antenati, ascoltato le loro voci e visto crescere me, che li guardavo ammirato quando d&#8217;autunno sfoggiavano le fronde colorate d&#8217;oro. E poi d&#8217;estate, quando il verde brillante inscuriva lentamente durante quei lunghi imbrunire. Snelli e robusti, silenziosi e dormienti solo d&#8217;inverno, quando ingrigiti apparivano quasi vecchi e stanchi. Ma era soltanto durante i mesi del grande freddo. In aprile un nuovo vigore appariva: era un orgoglioso mostrare rinnovate gemme.<br \/>\n-&#8220;&#8230;ne abbiamo viste tante nella nostra lunga vita. E siamo ancora qui, a raccontarti di com&#8217;era questo angolo di mondo tanti anni fa. Solo una volta abbiamo avuto veramente paura. Fu quando costruirono la strada nell&#8217;estate dell&#8217;84. Ti ricordi Paolo? Eri piccolo\u2026<br \/>\n-&#8220;&#8230;certo che mi ricordo!! Ero arrivato s\u00f9 appena terminata la prima elementare, orgoglioso del mio camion giocattolo regalatomi per la promozione. Ci eravamo fermati all&#8217;Emporio Fregona a Mas di Sedico e mamma e pap\u00e0 mi fecero scegliere il gioco che preferivo: e scelsi il bellissimo TIR. Poi, arrivati a San Tomaso, ecco la sorpesa: un grande escavatore ed un gruppetto di operai che operavano appena sotto la provinciale; &#8220;&#8230;i ha da fa inte la strada&#8221;, ci dissero i nonni. Fu una bella estate. Al mattino ero svegliato dal cigolare dei cingoli e dallo stridore dei denti della benna che strisciavano sui massi. Dopo la colazione seguivo attentamente i lavori dall&#8217;alto: e quando pap\u00e0 veniva a trovarci mi spiegava tecnicamente i lavori. &#8220;&#8230;chi l\u00e0 le sas da scogliera\u2026chi tubi l\u00e0 le i drenaggi dei mur\u2026chi legn impiantai par tera i se ciama pichet\u2026&#8221;. Qualcosa capivo, ma a me piaceva veder lavorare l&#8217;escavatore. Foste voi larici a tenere s\u00f9 il pendio quella notte che una piccola frana si stacc\u00f2 dietro casa: tutto trem\u00f2 e ci svegliammo di colpo pensando al terremoto. Ed invece aveva ceduto un pezzo di scarpata. Poi l&#8217;escavatore avanz\u00f2 inesorabile fino al giorno in cui si ritrov\u00f2 la &#8220;brenta&#8221; di fronte: ero l\u00ec insieme alla mamma che era andata a curare i fagioli nel campo. E sopra un sasso vicino al tabi\u00e0 era appoggiata una &#8220;sesola&#8221; e mamma url\u00f2 &#8220;la bisa!!&#8221;. Ed io e gli operai ridemmo di gusto. Pochi minuti dopo, invece, non ridevamo pi\u00f9: la benna dell&#8217;escavatore artigli\u00f3 la &#8220;brenta&#8221;. Due colpi ed un pezzo di storia era andato in frantumi per sempre. I lavori terminarono qualche settimana dopo e nel frattempo fin\u00ec anche la nostra estate trascorsa all&#8217;ombra del Pelsa. Pareva dispiaciuta la grande montagna mentre osservava i preparativi che precedevano la nostra imminente partenza: cal\u00f2 un silenzio di quasi autunno mentre caricavamo la Ritmo prima di partire verso Belluno.&#8221; &#8220;&#8230;non hai scordato niente Paolo. Era bello vederti concentrato mentre scavavi gallerie nel mucchio di sabbia fuori di casa. Quanto ci hai giocato con quella sabbia\u2026!! \u2026eh s\u00ec, era il mio gioco preferito. Un&#8217;idea geniale del nonno quella di piazzare il mucchio di sabbia vicino al muro. Un gioco semplice e bello. Bastava un p\u00f2 di sabbia e molta fantasia per essere felici. Anche voi ricordate tutto per\u00f2!! &#8221;<br \/>\n&#8220;&#8230;certo Paolo, ricordiamo tutto. Conserviamo in silenzio ricordi, voci, visi e storie. Basta che ti fermi un momento ad osservare i nostri rami mossi dal vento: e quelle storie le potrai ascoltare ancora \u2026&#8221;&#8230;Magiche Dolomiti!!<\/p>\n<p>&nbsp;<\/p>\n<blockquote class=\"wp-embedded-content\" data-secret=\"S8gniPPInK\"><p><a href=\"https:\/\/www.radiopiu.net\/wordpress\/i-racconti-di-paolo-soppelsa\/\">I racconti di Paolo Soppelsa<\/a><\/p><\/blockquote>\n<p><iframe loading=\"lazy\" class=\"wp-embedded-content\" sandbox=\"allow-scripts\" security=\"restricted\" style=\"position: absolute; clip: rect(1px, 1px, 1px, 1px);\" title=\"&#8220;I racconti di Paolo Soppelsa&#8221; &#8212; Radio Pi\u00f9\" src=\"https:\/\/www.radiopiu.net\/wordpress\/i-racconti-di-paolo-soppelsa\/embed\/#?secret=S8gniPPInK\" data-secret=\"S8gniPPInK\" width=\"600\" height=\"338\" frameborder=\"0\" marginwidth=\"0\" marginheight=\"0\" scrolling=\"no\"><\/iframe><\/p>\n<p>&nbsp;<\/p>\n<\/div>\n<\/div>\n<hr \/>\n<p>&nbsp;<\/p>\n<h2><strong><span style=\"color: #ff0000;\">ALLA RADIO<\/span><\/strong><\/h2>\n<div data-offset-key=\"5n5nl-0-0\">\n<h3>Per ricevere gli aggiornamenti in tempo reale delle notizie pubblicate alla radio e sul sito di radio pi\u00f9 iscriviti al gruppo RADIO PIU INFORMAZIONE su Telegram.\u00a0\u00a0<a href=\"https:\/\/t.me\/radiopiu\">clicca qui<\/a><\/h3>\n<p>&nbsp;<\/p>\n<\/div>\n<blockquote><p><strong><a href=\"https:\/\/www.radiopiu.net\/wordpress\/cassa-solidarieta-luxottica-puntata-del-19-giugno-2020\/cslxo-2\/\" rel=\"attachment wp-att-145244\"><img loading=\"lazy\" decoding=\"async\" class=\"size-medium wp-image-145244 alignleft\" src=\"https:\/\/www.radiopiu.net\/wordpress\/wp-content\/uploads\/2020\/06\/cassa-solidarieta-luxottica-300x148.jpg\" alt=\"\" width=\"300\" height=\"148\" srcset=\"https:\/\/www.radiopiu.net\/wordpress\/wp-content\/uploads\/2020\/06\/cassa-solidarieta-luxottica-300x148.jpg 300w, https:\/\/www.radiopiu.net\/wordpress\/wp-content\/uploads\/2020\/06\/cassa-solidarieta-luxottica-1024x504.jpg 1024w, https:\/\/www.radiopiu.net\/wordpress\/wp-content\/uploads\/2020\/06\/cassa-solidarieta-luxottica-768x378.jpg 768w, https:\/\/www.radiopiu.net\/wordpress\/wp-content\/uploads\/2020\/06\/cassa-solidarieta-luxottica.jpg 1167w\" sizes=\"auto, (max-width: 300px) 100vw, 300px\" \/><\/a>di Claudio Fontanive<\/strong><\/p>\n<p>OSPITI: Paolo Chissal\u00e8 e Fabrizio Campedel<\/p>\n<p>&nbsp;<\/p>\n<p>&nbsp;<\/p><\/blockquote>\n<h2><\/h2>\n<p><strong>LA PUNTATA DEL 16 LUGLIO 2021\u00a0<\/strong><\/p>\n<audio class=\"wp-audio-shortcode\" id=\"audio-224035-21\" preload=\"none\" style=\"width: 100%;\" controls=\"controls\"><source type=\"audio\/mpeg\" src=\"https:\/\/www.radiopiu.net\/wordpress\/wp-content\/uploads\/2021\/07\/ca-sol-lux-luglio-2021.mp3?_=21\" \/><a href=\"https:\/\/www.radiopiu.net\/wordpress\/wp-content\/uploads\/2021\/07\/ca-sol-lux-luglio-2021.mp3\">https:\/\/www.radiopiu.net\/wordpress\/wp-content\/uploads\/2021\/07\/ca-sol-lux-luglio-2021.mp3<\/a><\/audio>\n<blockquote class=\"wp-embedded-content\" data-secret=\"ZJK6CNDV7Q\"><p><a href=\"https:\/\/www.radiopiu.net\/wordpress\/cassa-solidarieta-luxottica-puntata-del-16-ottobre-2020\/\">CASSA SOLIDARIET\u00c0 LUXOTTICA &#8211; TUTTE LE PUNTATE<\/a><\/p><\/blockquote>\n<p><iframe loading=\"lazy\" class=\"wp-embedded-content\" sandbox=\"allow-scripts\" security=\"restricted\" style=\"position: absolute; clip: rect(1px, 1px, 1px, 1px);\" title=\"&#8220;CASSA SOLIDARIET\u00c0 LUXOTTICA &#8211; TUTTE LE PUNTATE&#8221; &#8212; Radio Pi\u00f9\" src=\"https:\/\/www.radiopiu.net\/wordpress\/cassa-solidarieta-luxottica-puntata-del-16-ottobre-2020\/embed\/#?secret=ZJK6CNDV7Q\" data-secret=\"ZJK6CNDV7Q\" width=\"600\" height=\"338\" frameborder=\"0\" marginwidth=\"0\" marginheight=\"0\" scrolling=\"no\"><\/iframe><\/p>\n<div>\n<p>&nbsp;<\/p>\n<\/div>\n<\/div>\n<div class=\"page-title-head hgroup\">\n<div>\n<div class=\"b654a4as d2edcug0\">\n<hr \/>\n<\/div>\n<\/div>\n<p>&nbsp;<\/p>\n<p><a href=\"https:\/\/www.radiopiu.net\/wordpress\/giornale-radiopiu-26-settembre-2018-direttore-mirko-mezzacasa\/viabilita-2\/\" rel=\"attachment wp-att-61954\"><img loading=\"lazy\" decoding=\"async\" class=\"wp-image-61954 size-full aligncenter\" src=\"https:\/\/www.radiopiu.net\/wordpress\/wp-content\/uploads\/2018\/09\/viabilita.jpeg\" alt=\"\" width=\"800\" height=\"100\" srcset=\"https:\/\/www.radiopiu.net\/wordpress\/wp-content\/uploads\/2018\/09\/viabilita.jpeg 800w, https:\/\/www.radiopiu.net\/wordpress\/wp-content\/uploads\/2018\/09\/viabilita-300x38.jpeg 300w, https:\/\/www.radiopiu.net\/wordpress\/wp-content\/uploads\/2018\/09\/viabilita-768x96.jpeg 768w\" sizes=\"auto, (max-width: 800px) 100vw, 800px\" \/><\/a><\/p>\n<blockquote><p><a href=\"https:\/\/www.radiopiu.net\/wordpress\/giornale-radiopiu-09-agosto-2018-direttore-mirko-mezzacasa\/viabilia\/\" rel=\"attachment wp-att-57053\"><img loading=\"lazy\" decoding=\"async\" class=\" wp-image-57053 alignleft\" src=\"https:\/\/www.radiopiu.net\/wordpress\/wp-content\/uploads\/2018\/08\/VIABILIA-300x180.jpeg\" alt=\"\" width=\"220\" height=\"132\" srcset=\"https:\/\/www.radiopiu.net\/wordpress\/wp-content\/uploads\/2018\/08\/VIABILIA-300x180.jpeg 300w, https:\/\/www.radiopiu.net\/wordpress\/wp-content\/uploads\/2018\/08\/VIABILIA-768x461.jpeg 768w, https:\/\/www.radiopiu.net\/wordpress\/wp-content\/uploads\/2018\/08\/VIABILIA-1024x614.jpeg 1024w, https:\/\/www.radiopiu.net\/wordpress\/wp-content\/uploads\/2018\/08\/VIABILIA.jpeg 1280w\" sizes=\"auto, (max-width: 220px) 100vw, 220px\" \/><\/a><\/p><\/blockquote>\n<\/div>\n<\/div>\n<\/div>\n<\/div>\n<\/div>\n<\/div>\n<\/div>\n<\/div>\n<div>\n<div>\n<div class=\"page-title-head hgroup\">\n<div class=\"page-title-head hgroup\">\n<div class=\"page-title-head hgroup\">\n<div class=\"page-title-head hgroup\">\n<div class=\"page-title-head hgroup\">\n<div class=\"page-title-head hgroup\">\n<blockquote><p>La viabilit\u00e0 con gli ultimi aggiornamenti<\/p><\/blockquote>\n<\/div>\n<\/div>\n<\/div>\n<\/div>\n<\/div>\n<\/div>\n<\/div>\n<div><\/div>\n<div><\/div>\n<div>\n<div><\/div>\n<\/div>\n<\/div>\n<\/div>\n<\/div>\n<\/div>\n<\/div>\n<\/div>\n<\/div>\n<\/div>\n<\/div>\n<\/div>\n<\/div>\n<\/div>\n<div>\n<div class=\"page-title-head hgroup\">\n<div class=\"page-title-head hgroup\">\n<div class=\"page-title-head hgroup\">\n<div class=\"page-title-head hgroup\">\n<div class=\"b654a4as d2edcug0\">\n<div>\n<div class=\"page-title-head hgroup\" style=\"text-align: left;\">\n<div class=\"page-title-head hgroup\">\n<div dir=\"auto\">\n<div style=\"text-align: left;\">\n<audio class=\"wp-audio-shortcode\" id=\"audio-224035-22\" preload=\"none\" style=\"width: 100%;\" controls=\"controls\"><source type=\"audio\/mpeg\" src=\"https:\/\/www.radiopiu.net\/wordpress\/wp-content\/uploads\/2021\/07\/VIABILITA-10.mp3?_=22\" \/><a href=\"https:\/\/www.radiopiu.net\/wordpress\/wp-content\/uploads\/2021\/07\/VIABILITA-10.mp3\">https:\/\/www.radiopiu.net\/wordpress\/wp-content\/uploads\/2021\/07\/VIABILITA-10.mp3<\/a><\/audio>\n<\/div>\n<\/div>\n<\/div>\n<\/div>\n<\/div>\n<\/div>\n<\/div>\n<\/div>\n<\/div>\n<\/div>\n<\/div>\n<\/div>\n<div><\/div>\n<div>\n<div>\n<div class=\"page-title-head hgroup\">\n<p>&nbsp;<\/p>\n<hr \/>\n<p>&nbsp;<\/p>\n<\/div>\n<\/div>\n<\/div>\n<\/div>\n<\/div>\n<\/div>\n<\/div>\n<\/div>\n<\/div>\n<\/div>\n<\/div>\n<\/div>\n<\/div>\n<\/div>\n<\/div>\n<\/div>\n<div>\n<div class=\"page-title-head hgroup\">\n<div class=\"page-title-head hgroup\">\n<div>\n<div class=\"page-title-head hgroup\">\n<div class=\"page-title-head hgroup\">\n<div class=\"b654a4as d2edcug0\">\n<div>\n<div>\n<div>\n<div class=\"page-title-head hgroup\">\n<p>&nbsp;<\/p>\n<\/div>\n<\/div>\n<\/div>\n<\/div>\n<div>\n<div class=\"page-title-head hgroup\" style=\"text-align: left;\">\n<div class=\"page-title-head hgroup\">\n<div dir=\"auto\">\n<p><a class=\"dt-pswp-item pspw-wrap-ready\" href=\"https:\/\/i0.wp.com\/www.radiopiu.net\/wordpress\/wp-content\/uploads\/2018\/09\/WhatsApp-Image-2018-09-20-at-16.04.06.jpeg?ssl=1\" data-dt-img-description=\"\" data-large_image_width=\"800\" data-large_image_height=\"100\"><img loading=\"lazy\" decoding=\"async\" class=\"aligncenter wp-image-61378 size-full jetpack-lazy-image jetpack-lazy-image--handled\" src=\"https:\/\/i0.wp.com\/www.radiopiu.net\/wordpress\/wp-content\/uploads\/2018\/09\/WhatsApp-Image-2018-09-20-at-16.04.06.jpeg?resize=800%2C100&amp;ssl=1\" sizes=\"auto, (max-width: 800px) 100vw, 800px\" srcset=\"https:\/\/i0.wp.com\/www.radiopiu.net\/wordpress\/wp-content\/uploads\/2018\/09\/WhatsApp-Image-2018-09-20-at-16.04.06.jpeg?w=800&amp;ssl=1 800w, https:\/\/i0.wp.com\/www.radiopiu.net\/wordpress\/wp-content\/uploads\/2018\/09\/WhatsApp-Image-2018-09-20-at-16.04.06.jpeg?resize=300%2C38&amp;ssl=1 300w, https:\/\/i0.wp.com\/www.radiopiu.net\/wordpress\/wp-content\/uploads\/2018\/09\/WhatsApp-Image-2018-09-20-at-16.04.06.jpeg?resize=768%2C96&amp;ssl=1 768w\" alt=\"\" width=\"800\" height=\"100\" data-lazy-loaded=\"1\" \/><\/a><\/p>\n<p style=\"text-align: left;\">\n<\/div>\n<\/div>\n<\/div>\n<\/div>\n<\/div>\n<\/div>\n<\/div>\n<\/div>\n<\/div>\n<\/div>\n<\/div>\n<\/div>\n<\/div>\n<\/div>\n<\/div>\n<\/div>\n<\/div>\n<\/div>\n<\/div>\n<\/div>\n<\/div>\n<\/div>\n<\/div>\n<\/div>\n<\/div>\n<\/div>\n<\/div>\n<\/div>\n<p><center><b>Martedi 27<\/b><\/center><b>Tempo atteso: <\/b>Tempo discreto\/variabile con tratti soleggiati, anche duraturi, e nascente attivit\u00e0 cumuliforme. Al pomeriggio riduzione del soleggiamento per moderata\/forte attivit\u00e0 cumuliforme associata a fenomeni d&#8217;instabilit\u00e0. L&#8217;intensit\u00e0 dei fenomeni dipender\u00e0 dal soleggiamento iniziale, in quanto sar\u00e0 il riscaldamento ad amplifica o meno gli inneschi convettivi. Il contesto termico sar\u00e0 estivo, nonostante l&#8217;instabilit\u00e0 pomeridiana.<br \/>\n<b>Precipitazioni: <\/b>Al mattino spesso assenti (0-10%), anche se in maniera molto sporadica si potr\u00e0 avere un innesco d&#8217;instabilit\u00e0 (20\/30%). Al pomeriggio il rischio aumenter\u00e0 sia sulle Prealpi che sulle Dolomiti (50\/70%) per rovesci e temporali sparsi, senza escludere possano essere localmente intensi. Apporti pluviometrici molto variabili (2-25 mm).<br \/>\n<b>Temperature: <\/b>Minime stazionarie in quota e in leggero calo nelle vali; massime in lieve aumento a tutte le quote: Sono previste punte di 26\/28\u00b0C nelle conche prealpine e di 21\/24\u00b0C a 1000\/1200 m. Su Prealpi a 1500 m min 13\u00b0C max 18\u00b0C, a 2000 m min 10\u00b0C max 14\u00b0C. Su Dolomiti a 2000 m min 9\u00b0C max 15\u00b0C, a 3000 m min 4\u00b0C max 6\u00b0C.<br \/>\n<b>Venti: <\/b>Nelle valli perlopi\u00f9 deboli per brezze, localmente e a tratti moderati, come spesso accade non saranno da escludere forti raffiche di origine temporalesca. In quota moderati\/tesi da sud-ovest, in lieve attenuazione al pomeriggio, a 10-25 km\/h a 2000 m e 30-40 km\/h a 3000 m.<\/p>\n<hr \/>\n<p><center><b>Mercoledi 28<\/b><\/center><b>Tempo atteso: <\/b>Tempo in miglioramento con ampi tratti soleggiati al mattino e attivit\u00e0 cumuliforme pomeridiana assai pi\u00f9 contenuta su gran parte della montagna veneta, anche se localmente moderata su alcuni settori dolomitici nel pomeriggio, specie a ridosso del Trentino e dell&#8217;Alto Adige, dove gli addensamenti saranno associati a qualche fenomeno convettivo. Alla sera il cielo si rasserener\u00e0 ovunque. Affermazione del ritorno dell&#8217;estate grazie al maggiore soleggiamento.<br \/>\n<b>Precipitazioni: <\/b>Al mattino assenti (0%), al pomeriggio pressoch\u00e9 assenti sulle Prealpi (10\/20%), mentre il rischio di qualche occasionale temporale sar\u00e0 presente sulle Dolomiti (20\/40%), specie a ridosso del Trentino e dell&#8217;Alto Adige, dove i temporali nasceranno anticipatamente, prima di estendersi ai monti veneti.<br \/>\n<b>Temperature: <\/b>In generale lieve aumento a tutte le quote, salvo calo delle minime nelle valli in caso di notte serena. Sono previste punte di 28\/30\u00b0C nei fondovalle prealpini e di 23\/26\u00b0C a 1000\/1200 m. Su Prealpi a 1500 m min 14\u00b0C max 19\u00b0C, a 2000 m min 11\u00b0C max 15\u00b0C. Su Dolomiti a 2000 m min 10\u00b0C max 16\u00b0C, a 3000 m min 5\u00b0C max 7\u00b0C.<br \/>\n<b>Venti: <\/b>Nelle valli perlopi\u00f9 deboli per brezze, localmente e a tratti moderati nei settori solitamente pi\u00f9 ventilati; in quota ancora tesi da sud-ovest di notte, poi in attenuazione risultando perlopi\u00f9 deboli\/moderati da sud-ovest, 5-15 km\/h a 2000 m e 15-30 km\/h a 3000 m.<\/p>\n<hr \/>\n<p><center><b>Giovedi 29<\/b><\/center>Tempo perlopi\u00f9 stabile e ben soleggiato, con cielo sereno o poco nuvoloso, a tratti irregolarmente nuvoloso per modesta attivit\u00e0 cumuliforme pomeridiana, ma l&#8217;instabilit\u00e0 sembra del tutto scongiurata per presenza di aria assai pi\u00f9 secca in alta quota. Contesto termico di nuovo estivo, anche caldo nei fondovalle. Venti deboli\/moderati sud-occidentali in quota, e deboli\/moderati a regime di brezza nelle valli.<\/p>\n<hr \/>\n<p><center><b>Venerdi 30<\/b><\/center>Tempo in prevalenza soleggiato e stabile per gran parte della giornata. Per\u00f2 la forte convezione diurna sar\u00e0 in grado di generare addensamenti pomeridiani e di alimentare qualche focolaio temporalesco e sembra che questo possa avvenire nel tardo pomeriggio\/sera. Temperature di stampo estivo con lieve aumento delle massime. Venti deboli\/moderati sud-occidentali in quota, deboli\/moderati a regime di brezza nelle valli. Previsore:R.L.Th.<\/p>\n<hr \/>\n<p>&nbsp;<\/p>\n<div class=\"page-title-head hgroup\">\n<blockquote>\n<h1 class=\"entry-title\">SAVE THA DATE\u2026. VASCO ROSSI IL PROSSIMO MAGGIO A TRENTO<\/h1>\n<\/blockquote>\n<\/div>\n<div class=\"page-title-breadcrumbs\">\n<p><strong><a href=\"https:\/\/www.radiopiu.net\/wordpress\/save-tha-date-vasco-rossi-il-prossimo-maggio-a-trento\/222683251_383983786419996_1039677445402219191_n\/\" rel=\"attachment wp-att-224162\"><img loading=\"lazy\" decoding=\"async\" class=\"size-medium wp-image-224162 alignleft\" src=\"https:\/\/www.radiopiu.net\/wordpress\/wp-content\/uploads\/2021\/07\/222683251_383983786419996_1039677445402219191_n-300x263.jpg\" alt=\"\" width=\"300\" height=\"263\" srcset=\"https:\/\/www.radiopiu.net\/wordpress\/wp-content\/uploads\/2021\/07\/222683251_383983786419996_1039677445402219191_n-300x263.jpg 300w, https:\/\/www.radiopiu.net\/wordpress\/wp-content\/uploads\/2021\/07\/222683251_383983786419996_1039677445402219191_n.jpg 600w\" sizes=\"auto, (max-width: 300px) 100vw, 300px\" \/><\/a>NOTIZIA UFFICIALE DALLA PAGINA FACEBOOK VASCO ROSSI<\/strong><\/p>\n<div class=\"kvgmc6g5 cxmmr5t8 oygrvhab hcukyx3x c1et5uql ii04i59q\">\n<h3 dir=\"auto\"><em>VASCO LIVE 2022 Save the date Trento, 20 Maggio 2022 Un evento speciale<\/em><\/h3>\n<\/div>\n<div class=\"o9v6fnle cxmmr5t8 oygrvhab hcukyx3x c1et5uql ii04i59q\">\n<p>Vi annunciamo in anteprima l\u2019evento speciale che si terr\u00e0 a Trento, il 20 Maggio 2022: Vasco Rossi sar\u00e0 in concerto per inaugurare Il Trentino Music Arena. Dopo tanto rincorrersi di voci, finalmente \u00e8 arrivata la conferma ufficiale dalla Provincia Autonoma di Trento che, nell\u2019ambito delle politiche culturali per i giovani, apre un nuovo e affascinante e gigantesco spazio dedicato alla musica. Il nuovo parco si chiama TRENTINO MUSIC ARENA, sorge a pochi Km dalla citt\u00e0, nell\u2019area San Vincenzo di Mattarello ed \u00e8 in grado di ospitare oltre 100.000 persone. E chi, se non Vasco, poteva essere il primo a calcare il palco della Music Arena del Trentino? Dal canto suo il KOM non vede l\u2019ora di tornare in concerto e di riabbracciare il suo pubblico. Si aggiunge cos\u00ec una data al tour VascoNonStop gi\u00e0 sold out nelle date riprogrammate al 2022:\u00a0 24 Maggio 2022 Milano \u2013 Ippodromo Milano Trenno sold out 28 Maggio 2022 Imola \u2013 Autodromo Internazionale Enzo e Dino Ferrari sold out 03 Giugno 2022 Firenze \u2013 Visarno Arena sold out 11 Giugno 2022 Roma \u2013 Circo Massimo sold out 12 Giugno 2022 Roma \u2013 Circo Massimo sold out I biglietti per la nuova data del 20 Maggio 2022 saranno disponibili in prevendita esclusiva per gli iscritti al IlBlasco Fan club, dalle ore 12.00 dell\u20198 settembre 2021 presso il circuito VIVATICKET https:\/\/vascolive.vivaticket.it Apertura vendite per tutti dalle ore 12.00 del 10 settembre 2021 sempre sul circuito VIVATICKET https:\/\/vascolive.vivaticket.it<\/p>\n<p>&nbsp;<\/p>\n<p>&nbsp;<\/p>\n<hr \/>\n<p>&nbsp;<\/p>\n<\/div>\n<\/div>\n<p><img loading=\"lazy\" decoding=\"async\" class=\"aligncenter wp-image-60761 size-full\" src=\"https:\/\/www.radiopiu.net\/wordpress\/wp-content\/uploads\/2018\/09\/sport.jpg\" alt=\"\" width=\"800\" height=\"100\" srcset=\"https:\/\/www.radiopiu.net\/wordpress\/wp-content\/uploads\/2018\/09\/sport.jpg 800w, https:\/\/www.radiopiu.net\/wordpress\/wp-content\/uploads\/2018\/09\/sport-300x38.jpg 300w, https:\/\/www.radiopiu.net\/wordpress\/wp-content\/uploads\/2018\/09\/sport-768x96.jpg 768w\" sizes=\"auto, (max-width: 800px) 100vw, 800px\" \/><\/p>\n<p>&nbsp;<\/p>\n<blockquote><p><b style=\"color: #000000; font-family: Helvetica; font-size: large;\"><a href=\"https:\/\/www.radiopiu.net\/wordpress\/giornale-radiopiu-27-luglio-2021-direttore-mirko-mezzacasa\/filippo_maccabruni\/\" rel=\"attachment wp-att-224170\"><img loading=\"lazy\" decoding=\"async\" class=\" wp-image-224170 alignleft\" src=\"https:\/\/www.radiopiu.net\/wordpress\/wp-content\/uploads\/2021\/07\/Filippo_Maccabruni-300x200.jpg\" alt=\"\" width=\"164\" height=\"109\" srcset=\"https:\/\/www.radiopiu.net\/wordpress\/wp-content\/uploads\/2021\/07\/Filippo_Maccabruni-300x200.jpg 300w, https:\/\/www.radiopiu.net\/wordpress\/wp-content\/uploads\/2021\/07\/Filippo_Maccabruni-1024x683.jpg 1024w, https:\/\/www.radiopiu.net\/wordpress\/wp-content\/uploads\/2021\/07\/Filippo_Maccabruni-768x512.jpg 768w, https:\/\/www.radiopiu.net\/wordpress\/wp-content\/uploads\/2021\/07\/Filippo_Maccabruni.jpg 1080w\" sizes=\"auto, (max-width: 164px) 100vw, 164px\" \/><\/a>PALLAVOLO, IL NUOVO PALLEGGIATORE E&#8217; FILIPPO MACCABRUNI<\/b><\/p>\n<p>Filippo Maccabruni\u00a0 \u00e8\u00a0 Il nuovo palleggiatore della Da Rold Logistics Belluno.\u00a0 Classe 1999, il regista di Segrate \u00e8 entusiasta all\u2019idea di affrontare l\u2019avventura all\u2019ombra delle Dolomiti: <em>\u00abQui c\u2019\u00e8 un progetto serio e con basi solide &#8211; afferma &#8211; sostenuto da una societ\u00e0 che ha grandi ambizioni ed \u00e8 desiderosa di arrivare al top. Mi sono convinto subito, anche perch\u00e9 la nuova esperienza \u00e8 in linea con gli obiettivi che mi sono prefisso per lo sviluppo della mia carriera\u00bb.\u00a0 <\/em>Maccabruni arriver\u00e0 dopo Ferragosto<\/p>\n<p>&nbsp;<\/p>\n<hr \/>\n<h3><strong><em>\u00a0<\/em><\/strong><\/h3>\n<h3><strong><em>DRUSCI\u00c8 GOLF RACE &#8211; LE LEGGENDE DELLO SPORT\u00a0 \u00a0<\/em><\/strong><\/h3>\n<\/blockquote>\n<p><strong>CORTINA<\/strong> Sport e solidariet\u00e0. Sfide e attenzione a chi soffre. Divertimento e competizione. Tutto questo \u00e8 stata \u201cDrusci\u00e9 Golf Race \u2013 Le leggende dello sport\u201d, tradizionale appuntamento estivo che lo Sci club Drusci\u00e9 Cortina propone sul green del Golf Club Cortina .Ha visto la partecipazione di tanti protagonisti dello sci alpino, del passato e del presente. Ospite d\u2019onore, Peter Fill. Con lui, tra gli altri, Ivano Edalini, azzurro degli anni Ottanta, e Giovanni Dibona e Bruno Alberti, glorie ampezzane degli anni Cinquanta e Sessanta. Il valore aggiunto della giornata \u00e8 stata la presenza di una delegazione della sezione di Belluno di Admo, l\u2019associazione dei donatori di midollo osseo.\u00a0 La vittoria assoluta \u00e8 andata a Ernesto De Mattia (Cortina). La\u00a0 classifica Ladies \u00e8 stata vinta da Tiziana Pivotti (Cortina). Nella prima categoria, successo per Tomaso Avesani (Verona) davanti a Luca Dimai (Cortina) e Alessio Giulio Pecori (Padova). Nella seconda categoria si \u00e8 imposto Luca Piccolomini (Cortina) su Jacopo Di Ronco (Sappada) e Gianluca Basso (Cortina). Nella terza categoria, infine, vittoria per Giovanni Fassina (Cortina) su Gabriela Hohlweck (Asolo) e Carlo Dipol (Cortina).<\/p>\n<blockquote><p>FOTO MATTIA DAVARE<\/p><\/blockquote>\n\n\t\t\t<style type='text\/css'>\n\t\t\t\t#gallery-6 {\n\t\t\t\t\tmargin: auto;\n\t\t\t\t}\n\t\t\t\t#gallery-6 .gallery-item {\n\t\t\t\t\tfloat: left;\n\t\t\t\t\tmargin-top: 10px;\n\t\t\t\t\ttext-align: center;\n\t\t\t\t\twidth: 25%;\n\t\t\t\t}\n\t\t\t\t#gallery-6 img {\n\t\t\t\t\tborder: 2px solid #cfcfcf;\n\t\t\t\t}\n\t\t\t\t#gallery-6 .gallery-caption {\n\t\t\t\t\tmargin-left: 0;\n\t\t\t\t}\n\t\t\t\t\/* see gallery_shortcode() in wp-includes\/media.php *\/\n\t\t\t<\/style>\n\t\t<div id='gallery-6' class='dt-gallery-container gallery galleryid-224035 gallery-columns-4 gallery-size-thumbnail'><dl class='gallery-item'>\n\t\t\t\t<dt class='gallery-icon portrait'>\n\t\t\t\t\t<a class=\"rollover rollover-zoom dt-pswp-item\" title=\"\" data-dt-img-description=\"\" data-large_image_width=\"843\" data-large_image_height=\"1500\"href='https:\/\/www.radiopiu.net\/wordpress\/wp-content\/uploads\/2021\/07\/\u00a9MattiaDavare-Sc-Druscie-Cortina-21luglio2021-IL-PRESIDENTE-DELLO-SC-DRUSCIE-FLAVIO-ALBERTI.jpg'><img loading=\"lazy\" decoding=\"async\" width=\"150\" height=\"150\" src=\"https:\/\/www.radiopiu.net\/wordpress\/wp-content\/uploads\/2021\/07\/\u00a9MattiaDavare-Sc-Druscie-Cortina-21luglio2021-IL-PRESIDENTE-DELLO-SC-DRUSCIE-FLAVIO-ALBERTI-150x150.jpg\" class=\"attachment-thumbnail size-thumbnail\" alt=\"\" \/><\/a>\n\t\t\t\t<\/dt><\/dl><dl class='gallery-item'>\n\t\t\t\t<dt class='gallery-icon portrait'>\n\t\t\t\t\t<a class=\"rollover rollover-zoom dt-pswp-item\" title=\"\" data-dt-img-description=\"\" data-large_image_width=\"1000\" data-large_image_height=\"1500\"href='https:\/\/www.radiopiu.net\/wordpress\/wp-content\/uploads\/2021\/07\/\u00a9MattiaDavare-Sc-Druscie-Cortina-21luglio2021-ERNESTO-DE-MATTIA-E-TIZIANA-PIVOTTI-1.jpg'><img loading=\"lazy\" decoding=\"async\" width=\"150\" height=\"150\" src=\"https:\/\/www.radiopiu.net\/wordpress\/wp-content\/uploads\/2021\/07\/\u00a9MattiaDavare-Sc-Druscie-Cortina-21luglio2021-ERNESTO-DE-MATTIA-E-TIZIANA-PIVOTTI-1-150x150.jpg\" class=\"attachment-thumbnail size-thumbnail\" alt=\"\" \/><\/a>\n\t\t\t\t<\/dt><\/dl><dl class='gallery-item'>\n\t\t\t\t<dt class='gallery-icon portrait'>\n\t\t\t\t\t<a class=\"rollover rollover-zoom dt-pswp-item\" title=\"\" data-dt-img-description=\"\" data-large_image_width=\"843\" data-large_image_height=\"1500\"href='https:\/\/www.radiopiu.net\/wordpress\/wp-content\/uploads\/2021\/07\/\u00a9MattiaDavare-Sc-Druscie-Cortina-21luglio2021.jpg'><img loading=\"lazy\" decoding=\"async\" width=\"150\" height=\"150\" src=\"https:\/\/www.radiopiu.net\/wordpress\/wp-content\/uploads\/2021\/07\/\u00a9MattiaDavare-Sc-Druscie-Cortina-21luglio2021-150x150.jpg\" class=\"attachment-thumbnail size-thumbnail\" alt=\"\" \/><\/a>\n\t\t\t\t<\/dt><\/dl><dl class='gallery-item'>\n\t\t\t\t<dt class='gallery-icon portrait'>\n\t\t\t\t\t<a class=\"rollover rollover-zoom dt-pswp-item\" title=\"\" data-dt-img-description=\"\" data-large_image_width=\"1000\" data-large_image_height=\"1500\"href='https:\/\/www.radiopiu.net\/wordpress\/wp-content\/uploads\/2021\/07\/\u00a9MattiaDavare-Sc-Druscie-Cortina-21luglio2021-BRUNO-ALBERTI-E-PETER-FILL-1.jpg'><img loading=\"lazy\" decoding=\"async\" width=\"150\" height=\"150\" src=\"https:\/\/www.radiopiu.net\/wordpress\/wp-content\/uploads\/2021\/07\/\u00a9MattiaDavare-Sc-Druscie-Cortina-21luglio2021-BRUNO-ALBERTI-E-PETER-FILL-1-150x150.jpg\" class=\"attachment-thumbnail size-thumbnail\" alt=\"\" \/><\/a>\n\t\t\t\t<\/dt><\/dl><br style=\"clear: both\" \/>\n\t\t\t<\/div>\n\n<p>&nbsp;<\/p>\n<\/div>\n<\/div>\n<\/div>\n","protected":false},"excerpt":{"rendered":"<p>GRUPPO FACEBOOK: RADIO PIU EMITTENTE AGORDINA, ISCRIZIONE GRATUITA &nbsp; &nbsp; IL VIDEO DELLA ULSS 1 DOLOMITI PER SENSIBILIZZARE LA POPOLAZIONE ALLA VACCINAZIONE &nbsp; &nbsp; PICCOLA PETRA, CHE GLI ANGELI TI ACCOLGANO TRA I LORO GIOCHI CESIOMAGGIORE Una comunit\u00e0 devastata dal dolore, Petra Lucca la bimba di 10 anni investita nella mattinata di sabato nei pressi&hellip;<\/p>\n","protected":false},"author":4,"featured_media":224079,"comment_status":"closed","ping_status":"open","sticky":false,"template":"","format":"standard","meta":{"_monsterinsights_skip_tracking":false,"_monsterinsights_sitenote_active":false,"_monsterinsights_sitenote_note":"","_monsterinsights_sitenote_category":0,"footnotes":""},"categories":[1,51,86,49],"tags":[],"class_list":["post-224035","post","type-post","status-publish","format-standard","has-post-thumbnail","hentry","category-senza-categoria","category-evidenza-top","category-gr","category-news-18","category-1","category-51","category-86","category-49","description-off"],"img_url":"https:\/\/www.radiopiu.net\/wordpress\/wp-content\/uploads\/2021\/07\/hail-damage-1272029_960_720-1.jpg","_links":{"self":[{"href":"https:\/\/www.radiopiu.net\/wordpress\/wp-json\/wp\/v2\/posts\/224035","targetHints":{"allow":["GET"]}}],"collection":[{"href":"https:\/\/www.radiopiu.net\/wordpress\/wp-json\/wp\/v2\/posts"}],"about":[{"href":"https:\/\/www.radiopiu.net\/wordpress\/wp-json\/wp\/v2\/types\/post"}],"author":[{"embeddable":true,"href":"https:\/\/www.radiopiu.net\/wordpress\/wp-json\/wp\/v2\/users\/4"}],"replies":[{"embeddable":true,"href":"https:\/\/www.radiopiu.net\/wordpress\/wp-json\/wp\/v2\/comments?post=224035"}],"version-history":[{"count":0,"href":"https:\/\/www.radiopiu.net\/wordpress\/wp-json\/wp\/v2\/posts\/224035\/revisions"}],"wp:featuredmedia":[{"embeddable":true,"href":"https:\/\/www.radiopiu.net\/wordpress\/wp-json\/wp\/v2\/media\/224079"}],"wp:attachment":[{"href":"https:\/\/www.radiopiu.net\/wordpress\/wp-json\/wp\/v2\/media?parent=224035"}],"wp:term":[{"taxonomy":"category","embeddable":true,"href":"https:\/\/www.radiopiu.net\/wordpress\/wp-json\/wp\/v2\/categories?post=224035"},{"taxonomy":"post_tag","embeddable":true,"href":"https:\/\/www.radiopiu.net\/wordpress\/wp-json\/wp\/v2\/tags?post=224035"}],"curies":[{"name":"wp","href":"https:\/\/api.w.org\/{rel}","templated":true}]}}