{"id":224159,"date":"2021-07-26T14:20:57","date_gmt":"2021-07-26T12:20:57","guid":{"rendered":"https:\/\/www.radiopiu.net\/wordpress\/?p=224159"},"modified":"2021-07-26T14:24:59","modified_gmt":"2021-07-26T12:24:59","slug":"save-tha-date-vasco-rossi-il-prossimo-maggio-a-trento","status":"publish","type":"post","link":"https:\/\/www.radiopiu.net\/wordpress\/save-tha-date-vasco-rossi-il-prossimo-maggio-a-trento\/","title":{"rendered":"SAVE THA DATE&#8230;. VASCO ROSSI IL PROSSIMO MAGGIO A TRENTO"},"content":{"rendered":"<p><strong>NOTIZIA UFFICIALE DALLA PAGINA FACEBOOK VASCO ROSSI<\/strong><\/p>\n<div class=\"kvgmc6g5 cxmmr5t8 oygrvhab hcukyx3x c1et5uql ii04i59q\">\n<h3 dir=\"auto\"><em>VASCO LIVE 2022 Save the date Trento, 20 Maggio 2022 Un evento speciale<\/em><\/h3>\n<\/div>\n<div class=\"o9v6fnle cxmmr5t8 oygrvhab hcukyx3x c1et5uql ii04i59q\">\n<p dir=\"auto\">\n<p>Vi annunciamo in anteprima l\u2019evento speciale che si terr\u00e0 a Trento, il 20 Maggio 2022: Vasco Rossi sar\u00e0 in concerto per inaugurare Il Trentino Music Arena. Dopo tanto rincorrersi di voci, finalmente \u00e8 arrivata la conferma ufficiale dalla Provincia Autonoma di Trento che, nell\u2019ambito delle politiche culturali per i giovani, apre un nuovo e affascinante e gigantesco spazio dedicato alla musica. Il nuovo parco si chiama TRENTINO MUSIC ARENA, sorge a pochi Km dalla citt\u00e0, nell\u2019area San Vincenzo di Mattarello ed \u00e8 in grado di ospitare oltre 100.000 persone. E chi, se non Vasco, poteva essere il primo a calcare il palco della Music Arena del Trentino? Dal canto suo il KOM non vede l\u2019ora di tornare in concerto e di riabbracciare il suo pubblico. Si aggiunge cos\u00ec una data al tour VascoNonStop gi\u00e0 sold out nelle date riprogrammate al 2022:\u00a0 24 Maggio 2022 Milano &#8211; Ippodromo Milano Trenno sold out 28 Maggio 2022 Imola &#8211; Autodromo Internazionale Enzo e Dino Ferrari sold out 03 Giugno 2022 Firenze &#8211; Visarno Arena sold out 11 Giugno 2022 Roma &#8211; Circo Massimo sold out 12 Giugno 2022 Roma &#8211; Circo Massimo sold out I biglietti per la nuova data del 20 Maggio 2022 saranno disponibili in prevendita esclusiva per gli iscritti al IlBlasco Fan club, dalle ore 12.00 dell\u20198 settembre 2021 presso il circuito VIVATICKET https:\/\/vascolive.vivaticket.it Apertura vendite per tutti dalle ore 12.00 del 10 settembre 2021 sempre sul circuito VIVATICKET https:\/\/vascolive.vivaticket.it<\/p><\/div>\n<div class=\"o9v6fnle cxmmr5t8 oygrvhab hcukyx3x c1et5uql ii04i59q\">\n<div dir=\"auto\">\n<div>\n<div id=\"0DE9E47C-871A-4F90-8440-B190C216800A_25\" class=\"mcafee_ok\"><\/div>\n<\/div>\n<p>).<\/p>\n<\/div>\n<\/div>\n","protected":false},"excerpt":{"rendered":"<p>NOTIZIA UFFICIALE DALLA PAGINA FACEBOOK VASCO ROSSI VASCO LIVE 2022 Save the date Trento, 20 Maggio 2022 Un evento speciale Vi annunciamo in anteprima l\u2019evento speciale che si terr\u00e0 a Trento, il 20 Maggio 2022: Vasco Rossi sar\u00e0 in concerto per inaugurare Il Trentino Music Arena. Dopo tanto rincorrersi di voci, finalmente \u00e8 arrivata la&hellip;<\/p>\n","protected":false},"author":4,"featured_media":224162,"comment_status":"closed","ping_status":"open","sticky":false,"template":"","format":"standard","meta":{"_monsterinsights_skip_tracking":false,"_monsterinsights_sitenote_active":false,"_monsterinsights_sitenote_note":"","_monsterinsights_sitenote_category":0,"footnotes":""},"categories":[104,49],"tags":[],"class_list":["post-224159","post","type-post","status-publish","format-standard","has-post-thumbnail","hentry","category-evidenza_3","category-news-18","category-104","category-49","description-off"],"img_url":"https:\/\/www.radiopiu.net\/wordpress\/wp-content\/uploads\/2021\/07\/222683251_383983786419996_1039677445402219191_n.jpg","_links":{"self":[{"href":"https:\/\/www.radiopiu.net\/wordpress\/wp-json\/wp\/v2\/posts\/224159","targetHints":{"allow":["GET"]}}],"collection":[{"href":"https:\/\/www.radiopiu.net\/wordpress\/wp-json\/wp\/v2\/posts"}],"about":[{"href":"https:\/\/www.radiopiu.net\/wordpress\/wp-json\/wp\/v2\/types\/post"}],"author":[{"embeddable":true,"href":"https:\/\/www.radiopiu.net\/wordpress\/wp-json\/wp\/v2\/users\/4"}],"replies":[{"embeddable":true,"href":"https:\/\/www.radiopiu.net\/wordpress\/wp-json\/wp\/v2\/comments?post=224159"}],"version-history":[{"count":0,"href":"https:\/\/www.radiopiu.net\/wordpress\/wp-json\/wp\/v2\/posts\/224159\/revisions"}],"wp:featuredmedia":[{"embeddable":true,"href":"https:\/\/www.radiopiu.net\/wordpress\/wp-json\/wp\/v2\/media\/224162"}],"wp:attachment":[{"href":"https:\/\/www.radiopiu.net\/wordpress\/wp-json\/wp\/v2\/media?parent=224159"}],"wp:term":[{"taxonomy":"category","embeddable":true,"href":"https:\/\/www.radiopiu.net\/wordpress\/wp-json\/wp\/v2\/categories?post=224159"},{"taxonomy":"post_tag","embeddable":true,"href":"https:\/\/www.radiopiu.net\/wordpress\/wp-json\/wp\/v2\/tags?post=224159"}],"curies":[{"name":"wp","href":"https:\/\/api.w.org\/{rel}","templated":true}]}}