{"id":224178,"date":"2021-07-26T14:56:54","date_gmt":"2021-07-26T12:56:54","guid":{"rendered":"https:\/\/www.radiopiu.net\/wordpress\/?p=224178"},"modified":"2021-07-26T14:57:13","modified_gmt":"2021-07-26T12:57:13","slug":"sistemazione-dei-magazzini-della-cal-a-limana-entro-ferragosto-via-ai-lavori-di-manutenzione","status":"publish","type":"post","link":"https:\/\/www.radiopiu.net\/wordpress\/sistemazione-dei-magazzini-della-cal-a-limana-entro-ferragosto-via-ai-lavori-di-manutenzione\/","title":{"rendered":"SISTEMAZIONE DEI MAGAZZINI DELLA CAL A LIMANA, ENTRO FERRAGOSTO VIA AI LAVORI DI MANUTENZIONE"},"content":{"rendered":"<p><strong><a href=\"https:\/\/www.radiopiu.net\/wordpress\/sistemazione-dei-magazzini-della-cal-a-limana-entro-ferragosto-via-ai-lavori-di-manutenzione\/magazzino-la-cal-2\/\" rel=\"attachment wp-att-224180\"><img loading=\"lazy\" decoding=\"async\" class=\"size-medium wp-image-224180 alignleft\" src=\"https:\/\/www.radiopiu.net\/wordpress\/wp-content\/uploads\/2021\/07\/Magazzino-La-Cal-2-300x225.jpg\" alt=\"\" width=\"300\" height=\"225\" srcset=\"https:\/\/www.radiopiu.net\/wordpress\/wp-content\/uploads\/2021\/07\/Magazzino-La-Cal-2-300x225.jpg 300w, https:\/\/www.radiopiu.net\/wordpress\/wp-content\/uploads\/2021\/07\/Magazzino-La-Cal-2-1024x768.jpg 1024w, https:\/\/www.radiopiu.net\/wordpress\/wp-content\/uploads\/2021\/07\/Magazzino-La-Cal-2-768x576.jpg 768w, https:\/\/www.radiopiu.net\/wordpress\/wp-content\/uploads\/2021\/07\/Magazzino-La-Cal-2-1536x1152.jpg 1536w, https:\/\/www.radiopiu.net\/wordpress\/wp-content\/uploads\/2021\/07\/Magazzino-La-Cal-2.jpg 1632w\" sizes=\"auto, (max-width: 300px) 100vw, 300px\" \/><\/a>BELLUNO<\/strong> I magazzini provinciali della Cal, a Limana, saranno oggetto di una nuova razionalizzazione degli spazi. Dopo il rifacimento del tetto della struttura principale, in uso all\u2019Ana Belluno come centro operativo della Protezione Civile, tocca alla tettoia, oggi utilizzata sia dagli alpini sia da Veneto Strade per stoccare i moduli di un piccolo ponte Bailey. <em>\u00abProprio la promiscuit\u00e0 dell\u2019area rende necessaria una razionalizzazione degli spazi. Ringrazio Veneto Strade e il responsabile Michele Artusato per la pronta disponibilit\u00e0 a venire incontro alle esigenze della Provincia &#8211; afferma il consigliere provinciale delegato alla difesa del suolo, Massimo Bortoluzzi -. Ci \u00e8 stato assicurato che entro la met\u00e0 di agosto verr\u00e0 liberato lo spazio della tettoia, in modo da avviare in tempi rapidissimi la manutenzione, che sar\u00e0 propedeutica a un nuovo utilizzo di quello spazio\u00bb. <\/em>Veneto Strade ha assicurato anche la realizzazione della segnaletica orizzontale in tutto il piazzale, in modo da garantire maggiore sicurezza nelle aree a uso comune. I magazzini della Cal saranno sempre pi\u00f9 la \u201ccasa\u201d della Protezione Civile anche con i servizi igienici all\u2019interno dello stabile in uso all\u2019Ana.<\/p>\n<p>&nbsp;<\/p>\n","protected":false},"excerpt":{"rendered":"<p>BELLUNO I magazzini provinciali della Cal, a Limana, saranno oggetto di una nuova razionalizzazione degli spazi. Dopo il rifacimento del tetto della struttura principale, in uso all\u2019Ana Belluno come centro operativo della Protezione Civile, tocca alla tettoia, oggi utilizzata sia dagli alpini sia da Veneto Strade per stoccare i moduli di un piccolo ponte Bailey.&hellip;<\/p>\n","protected":false},"author":4,"featured_media":224179,"comment_status":"closed","ping_status":"open","sticky":false,"template":"","format":"standard","meta":{"_monsterinsights_skip_tracking":false,"_monsterinsights_sitenote_active":false,"_monsterinsights_sitenote_note":"","_monsterinsights_sitenote_category":0,"footnotes":""},"categories":[51,49],"tags":[],"class_list":["post-224178","post","type-post","status-publish","format-standard","has-post-thumbnail","hentry","category-evidenza-top","category-news-18","category-51","category-49","description-off"],"img_url":"https:\/\/www.radiopiu.net\/wordpress\/wp-content\/uploads\/2021\/07\/Magazzino-La-Cal-1.jpeg","_links":{"self":[{"href":"https:\/\/www.radiopiu.net\/wordpress\/wp-json\/wp\/v2\/posts\/224178","targetHints":{"allow":["GET"]}}],"collection":[{"href":"https:\/\/www.radiopiu.net\/wordpress\/wp-json\/wp\/v2\/posts"}],"about":[{"href":"https:\/\/www.radiopiu.net\/wordpress\/wp-json\/wp\/v2\/types\/post"}],"author":[{"embeddable":true,"href":"https:\/\/www.radiopiu.net\/wordpress\/wp-json\/wp\/v2\/users\/4"}],"replies":[{"embeddable":true,"href":"https:\/\/www.radiopiu.net\/wordpress\/wp-json\/wp\/v2\/comments?post=224178"}],"version-history":[{"count":0,"href":"https:\/\/www.radiopiu.net\/wordpress\/wp-json\/wp\/v2\/posts\/224178\/revisions"}],"wp:featuredmedia":[{"embeddable":true,"href":"https:\/\/www.radiopiu.net\/wordpress\/wp-json\/wp\/v2\/media\/224179"}],"wp:attachment":[{"href":"https:\/\/www.radiopiu.net\/wordpress\/wp-json\/wp\/v2\/media?parent=224178"}],"wp:term":[{"taxonomy":"category","embeddable":true,"href":"https:\/\/www.radiopiu.net\/wordpress\/wp-json\/wp\/v2\/categories?post=224178"},{"taxonomy":"post_tag","embeddable":true,"href":"https:\/\/www.radiopiu.net\/wordpress\/wp-json\/wp\/v2\/tags?post=224178"}],"curies":[{"name":"wp","href":"https:\/\/api.w.org\/{rel}","templated":true}]}}