{"id":224209,"date":"2021-07-26T23:59:34","date_gmt":"2021-07-26T21:59:34","guid":{"rendered":"https:\/\/www.radiopiu.net\/wordpress\/?p=224209"},"modified":"2021-07-26T16:05:53","modified_gmt":"2021-07-26T14:05:53","slug":"sulle-due-sponde-del-piave-di-renato-bona","status":"publish","type":"post","link":"https:\/\/www.radiopiu.net\/wordpress\/sulle-due-sponde-del-piave-di-renato-bona\/","title":{"rendered":"\u201cSULLE DUE SPONDE DEL PIAVE\u201d di  RENATO BONA"},"content":{"rendered":"<p>Sono nove quelle illustrate da Simonetta Chiovaro (introduzione di Adriano Alpago Novello e fotografie di Mauro De Santi) <b>*<\/b> Introdotto da Adriano Alpago Novello con i capitoletti dedicati a \u201cLa vita in villa\u201d, \u201cIl fenomeno della villa veneta\u201d, \u201cI tipi della villa veneta\u201d, \u201cLa villa nel Bellunese\u201d, il libro-guida edito nel 1977 dalla milanese Charta &#8211; ad iniziativa dell\u2019Amministrazione provinciale bellunese, a cura di Paolo Conte con testi di Simonetta Chiovaro, fotografie di Mauro De Santi &#8211; propone dieci itinerari preceduti da \u201cNote sulle ville della Provincia di Belluno fra storia, architettura ed arte\u201d e \u201cVille e non solo. Consigli per l\u2019uso della guida\u201d rispettivamente della Chiovaro e di Conte. Nel nostro \u201cviaggio\u201d iniziato nelle settimane passate alla scoperta di queste splendide realt\u00e0 di molte delle quali ignoravamo non solo l\u2019esistenza ma anche la storia, percorriamo l\u2019itinerario numero 7 (l\u2019unico che suggerisce la visita ed il confronto tra le ville localizzate sui due versanti del Piave attraversando il fiume sul ponte di San Felice; un percorso \u201cmolto vario con realt\u00e0 non monumentali ma singolari per qualche particolare architettonico, ambientale o storico\u201d): \u201cSulle due sponde del Piave\u201d, che comprende: a Pieve di Limana la Casa del Canonico; a Cesa, sempre di Limana, Villa Piloni; nella limanese Cent\u00f2re la Villa Sacello; a Trich\u00e8s Villa Tasso; a Frontin Villa Alpago Novello; a Casteldardo Villa Piloni; a Pialdier Villa Montalb\u00e0n; a Pasa Villa Zuppani e a Socchi\u00e8va Villa Gaggia. La Chiovaro richiama il \u201cParticolare rapporto uomo-ambiente che ha sempre caratterizzato nel passato la storia e i costumi di questi luoghi, sempre alla base delle loro caratteristiche paesaggistiche ed anche amministrative. E\u2019 curioso ad esempio constatare che i confini di Limana, piccolo comune istituito solo nel 1871, sono definiti da tre corsi d\u2019acqua, quasi il territorio fosse un\u2019isola: il Piave, il torrente Limana e il torrente Cicogna, I fiumi, e non le montagne costituivano nel passato i veri ostacoli da superare; pertanto, essendo dei limiti imposti dalla natura, fungevano benissimo da confini geografici\u2026\u201d. E non trascura una citazione del passo San Boldo, 706 metri sul livello del mare, \u201cil cui nome deriva da Sant\u2019Ippolito; anche nella sua storia recente ha avuto un ruolo strategico: la strada che attualmente lo valica, infatti, fu aperta al traffico militare nel maggio 1918. Le cronache ricordano che il completamento da parte austriaca fu particolarmente difficoltoso nell\u2019ultimo tratto. Per superare il dislivello fu indispensabile scavare le cinque gallerie elicoidali che caratterizzano questo suggestivo passo di montagna\u201d. Partiamo dunque dalla limanese Pieve dove si conserva ancora la CASA DEL CANONICO, datata 1670, con la precisazione che: \u201cIl termine \u2018canonica\u2019 non deve essere inteso con il significato odierno\u2026 L\u2019edificio infatti ripropone lo schema della casa rurale ma trasposto in termini architettonici aulici, con portico al pianterreno, doppio ordine di logge sovrapposte nei piani superiori, il tutto disegnato da archi, bifore con colonnine e capitelli nonch\u00e9 grandi lesene. Infine una scala esterna protetta da un alto muro collega i tre livelli di smistamento degli ambienti interni\u201d. Si prosegue e si giunge a Cesa quasi sulla riva del Piave dove, in uno slargo circolare, un cancello segnala il breve viale di accesso a VILLA PILONI, del XVIII secolo, tuttora della famiglia Piloni; la pianta riproduce la Croce di Malta, l\u2019ordine cavalleresco cui appartenevano gli antichi proprietari. E\u2019 formata da un quadrato con saletta ottagonale al centro da cui partono quattro bracci tre dei quali sono altrettanti spazi d\u2019ingresso nelle varie direzioni mentre nel quarto \u00e8 ricavata un\u2019elegante scala a due rampe. Le facciate sono semplicissime e quasi identiche. Il motivo di maggiore interesse della villa \u00e8 costituito dal ricco e vasto parco disegnato dall\u2019architetto Alexandre Poiteau Le Terrier, giardiniere di Versailles, giunto nel Bellunese al seguito delle truppe napoleoniche. Cent\u00f2re, piccolo nucleo di case in piena campagna, leggermente soprelevato su una collina presenta la suggestiva VILLA SACELLO, met\u00e0 del XVII secolo: edificio caratterizzato da un insolito tetto molto alto che emerge al di sopra dei due grandi alberi. Un\u2019incisione settecentesca conferma una sostanziale conservazione degli elementi architettonici della villa tranne la parte sommitale dove il tetto era pi\u00f9 basso, a due falde, invece che quattro, ed erano presenti due camini simmetrici di foggia particolare. Il motivo centrale delle facciate quasi uguali \u00e8 definito da un portico a tre archi al pianterreno, una doppia trifora con balconi ai piani superiori e timpano conclusivo con altra trifora oggi murata. Approdiamo a Triches, una delle frazioni pi\u00f9 alte del territorio ed uno degli ultimi abitati alle falde della catena prealpina che culmina nella cima del Col Visentin dove, in posizione dominante e panoramica, sorge VILLA TASSO, XVII secolo, piccola e piuttosto alta, con sala centrale passante e la scala appena a fianco dell\u2019ingresso, posto sulla fronte sud-est, a livello della corte. Tutte le facciate hanno come caratteristica una grande nitidezza di superfici con aperture piccole, rade e ben ritmate. Il tragitto \u00e8 breve da Carfagnoi a Frontin, piccolo, caratteristico borgo ricco di edifici particolari, all\u2019inizio del quale si offre al visitatore VILLA ALPAGO NOVELLO, XVIII secolo: l\u2019ingresso \u00e8 laterale con grande cancellata in ferro tra quattro pilastri sormontati da statue in pietra di Vicenza. Da segnalare che la sala centrale \u00e8 sostituita da quattro ambienti simmetrici. Caratteristica settecentesca \u00e8 l\u2019infilata di porte al piano terreno che mette in collegamento tutti gli ambienti rivolti a sud lungo la facciata principale. Nella villa si conserva una notevole biblioteca particolarmente ricca di pubblicazioni locali. In mezzo ad una distesa di verde, a Casteldardo, appare VILLA PILONI, XVI-XVII secolo: ingresso frontale preceduto prima da un lungo viale ghiaioso e poi da quello, monumentale, in lieve salita che giunge alla villa che fu eretta da Odorico Piloni membro di un\u2019antica famiglia cadorina, alla fine del \u2018500 anche se l\u2019aspetto attuale \u00e8 dovuto al profondo restauro avvenuto nel Settecento. Il corpo padronale, alto tre piani, sporge verso nord rispetto alle ali rustiche laterali, pi\u00f9 basse e simmetriche; la fronte sud presenta invece diversi edifici allineati tra loro. Al pianterreno grandi finestre dalle caratteristiche inferriate che affiancano il portale d\u2019ingresso. Il piano nobile presenta un\u2019importante trifora con frontoni curvi e spezzati e completata da un poggiolo in pietra a tronco di piramide rovesciata. Da questa villa si torna sulla piazza di Trichiana e si procede in direzione Feltre per raggiungere il piccolo centro di Pialdier dove sorge VILLA MONTALBAN, XVII secolo, completamente inglobata nel centro abitato. La villa \u00e8 del 1733, con elementi architettonici di pregio del corpo principale: le quattro paraste ioniche che sorreggono il timpano, il poggiolo del primo piano, le finiture in pietra delle finestre a profilo arcuato. Si oltrepassa il ponte di San Felice e si \u00e8 in territorio di Sedico e si punta su Pasa, piccolissima localit\u00e0 posta quasi sulla riva del Piave, in posizione rialzata e dominante: si tratta di un agglomerato di case dipendente dalla vicina Triva sorto come nucleo rurale attorno all\u2019antica VILLA ZUPPANI, XVII-XVIII secolo: l\u2019edificio si presenta oggi come il risultato di successivi interventi avvenuti nel tempo, che hanno creato un singolare ma al tempo stesso anomalo risultato architettonico: la villa \u00e8 infatti \u201cun edificio di dimensioni ridottissime e di impostazione molto personale, al di fuori della suggestione dei modelli maggiori e dalla tradizione classica\u201d. Lasciata Pasa si avanza in direzione di Belluno dove la stretta strada comunale che collega a San Fermo \u00e8 bellissima ed ideale per una escursione in bicicletta immersi nella natura. Nella localit\u00e0 Socchi\u00e8va \u00e8 ben visibile l\u2019ingresso principale di VILLA GAGGIA, XVII-XVIII secolo, che sorge sul margine superiore di un largo terrazzamento naturale sovrastante la destra del Piave. Probabilmente fu eretta ancora nel XVII secolo dalla nobile famiglia Pagani ma fu ampiamente rimaneggiata nel secolo XVIII. Da segnalare che la nuova sistemazione \u201cha introdotto nel parco una grande variet\u00e0 nell\u2019ambiente naturale, sfruttando le enormi potenzialit\u00e0 del luogo e costruendo anche con strutture architettoniche, situazioni e soluzioni riferite ai canoni del giardino romantico\u201d.<\/p>\n\n\t\t\t<style type='text\/css'>\n\t\t\t\t#gallery-1 {\n\t\t\t\t\tmargin: auto;\n\t\t\t\t}\n\t\t\t\t#gallery-1 .gallery-item {\n\t\t\t\t\tfloat: left;\n\t\t\t\t\tmargin-top: 10px;\n\t\t\t\t\ttext-align: center;\n\t\t\t\t\twidth: 16%;\n\t\t\t\t}\n\t\t\t\t#gallery-1 img {\n\t\t\t\t\tborder: 2px solid #cfcfcf;\n\t\t\t\t}\n\t\t\t\t#gallery-1 .gallery-caption {\n\t\t\t\t\tmargin-left: 0;\n\t\t\t\t}\n\t\t\t\t\/* see gallery_shortcode() in wp-includes\/media.php *\/\n\t\t\t<\/style>\n\t\t<div id='gallery-1' class='dt-gallery-container gallery galleryid-224209 gallery-columns-6 gallery-size-thumbnail'><dl class='gallery-item'>\n\t\t\t\t<dt class='gallery-icon landscape'>\n\t\t\t\t\t<a class=\"rollover\" href='https:\/\/www.radiopiu.net\/wordpress\/sulle-due-sponde-del-piave-di-renato-bona\/225415058_1490600031300117_5978578323929336452_n\/'><img loading=\"lazy\" decoding=\"async\" width=\"150\" height=\"150\" src=\"https:\/\/www.radiopiu.net\/wordpress\/wp-content\/uploads\/2021\/07\/225415058_1490600031300117_5978578323929336452_n-150x150.jpg\" class=\"attachment-thumbnail size-thumbnail\" alt=\"\" \/><\/a>\n\t\t\t\t<\/dt><\/dl><dl class='gallery-item'>\n\t\t\t\t<dt class='gallery-icon landscape'>\n\t\t\t\t\t<a class=\"rollover\" href='https:\/\/www.radiopiu.net\/wordpress\/sulle-due-sponde-del-piave-di-renato-bona\/224290161_177263841058946_1727632073766268616_n\/'><img loading=\"lazy\" decoding=\"async\" width=\"150\" height=\"150\" src=\"https:\/\/www.radiopiu.net\/wordpress\/wp-content\/uploads\/2021\/07\/224290161_177263841058946_1727632073766268616_n-150x150.jpg\" class=\"attachment-thumbnail size-thumbnail\" alt=\"\" \/><\/a>\n\t\t\t\t<\/dt><\/dl><dl class='gallery-item'>\n\t\t\t\t<dt class='gallery-icon landscape'>\n\t\t\t\t\t<a class=\"rollover\" href='https:\/\/www.radiopiu.net\/wordpress\/sulle-due-sponde-del-piave-di-renato-bona\/223375183_702117553955953_7358471802598034282_n\/'><img loading=\"lazy\" decoding=\"async\" width=\"150\" height=\"150\" src=\"https:\/\/www.radiopiu.net\/wordpress\/wp-content\/uploads\/2021\/07\/223375183_702117553955953_7358471802598034282_n-150x150.jpg\" class=\"attachment-thumbnail size-thumbnail\" alt=\"\" \/><\/a>\n\t\t\t\t<\/dt><\/dl><dl class='gallery-item'>\n\t\t\t\t<dt class='gallery-icon landscape'>\n\t\t\t\t\t<a class=\"rollover\" href='https:\/\/www.radiopiu.net\/wordpress\/sulle-due-sponde-del-piave-di-renato-bona\/225305682_145457094385641_8843400669646989215_n\/'><img loading=\"lazy\" decoding=\"async\" width=\"150\" height=\"150\" src=\"https:\/\/www.radiopiu.net\/wordpress\/wp-content\/uploads\/2021\/07\/225305682_145457094385641_8843400669646989215_n-150x150.jpg\" class=\"attachment-thumbnail size-thumbnail\" alt=\"\" \/><\/a>\n\t\t\t\t<\/dt><\/dl><dl class='gallery-item'>\n\t\t\t\t<dt class='gallery-icon landscape'>\n\t\t\t\t\t<a class=\"rollover\" href='https:\/\/www.radiopiu.net\/wordpress\/sulle-due-sponde-del-piave-di-renato-bona\/223433447_431902904554534_7630362381452566952_n\/'><img loading=\"lazy\" decoding=\"async\" width=\"150\" height=\"150\" src=\"https:\/\/www.radiopiu.net\/wordpress\/wp-content\/uploads\/2021\/07\/223433447_431902904554534_7630362381452566952_n-150x150.jpg\" class=\"attachment-thumbnail size-thumbnail\" alt=\"\" \/><\/a>\n\t\t\t\t<\/dt><\/dl><dl class='gallery-item'>\n\t\t\t\t<dt class='gallery-icon landscape'>\n\t\t\t\t\t<a class=\"rollover\" href='https:\/\/www.radiopiu.net\/wordpress\/sulle-due-sponde-del-piave-di-renato-bona\/223181960_884714858795409_1265376201308322581_n\/'><img loading=\"lazy\" decoding=\"async\" width=\"150\" height=\"150\" src=\"https:\/\/www.radiopiu.net\/wordpress\/wp-content\/uploads\/2021\/07\/223181960_884714858795409_1265376201308322581_n-150x150.jpg\" class=\"attachment-thumbnail size-thumbnail\" alt=\"\" \/><\/a>\n\t\t\t\t<\/dt><\/dl><br style=\"clear: both\" \/><dl class='gallery-item'>\n\t\t\t\t<dt class='gallery-icon landscape'>\n\t\t\t\t\t<a class=\"rollover\" href='https:\/\/www.radiopiu.net\/wordpress\/sulle-due-sponde-del-piave-di-renato-bona\/224810864_1713435962188123_2705900659142496824_n\/'><img loading=\"lazy\" decoding=\"async\" width=\"150\" height=\"150\" src=\"https:\/\/www.radiopiu.net\/wordpress\/wp-content\/uploads\/2021\/07\/224810864_1713435962188123_2705900659142496824_n-150x150.jpg\" class=\"attachment-thumbnail size-thumbnail\" alt=\"\" \/><\/a>\n\t\t\t\t<\/dt><\/dl><dl class='gallery-item'>\n\t\t\t\t<dt class='gallery-icon landscape'>\n\t\t\t\t\t<a class=\"rollover\" href='https:\/\/www.radiopiu.net\/wordpress\/sulle-due-sponde-del-piave-di-renato-bona\/224129157_134001372138225_2260411069972147851_n\/'><img loading=\"lazy\" decoding=\"async\" width=\"150\" height=\"150\" src=\"https:\/\/www.radiopiu.net\/wordpress\/wp-content\/uploads\/2021\/07\/224129157_134001372138225_2260411069972147851_n-150x150.jpg\" class=\"attachment-thumbnail size-thumbnail\" alt=\"\" \/><\/a>\n\t\t\t\t<\/dt><\/dl><dl class='gallery-item'>\n\t\t\t\t<dt class='gallery-icon landscape'>\n\t\t\t\t\t<a class=\"rollover\" href='https:\/\/www.radiopiu.net\/wordpress\/sulle-due-sponde-del-piave-di-renato-bona\/223563039_839813793284073_1340540302916389593_n\/'><img loading=\"lazy\" decoding=\"async\" width=\"150\" height=\"150\" src=\"https:\/\/www.radiopiu.net\/wordpress\/wp-content\/uploads\/2021\/07\/223563039_839813793284073_1340540302916389593_n-150x150.jpg\" class=\"attachment-thumbnail size-thumbnail\" alt=\"\" \/><\/a>\n\t\t\t\t<\/dt><\/dl><dl class='gallery-item'>\n\t\t\t\t<dt class='gallery-icon landscape'>\n\t\t\t\t\t<a class=\"rollover\" href='https:\/\/www.radiopiu.net\/wordpress\/sulle-due-sponde-del-piave-di-renato-bona\/223808938_1167146307101286_1626233436205087992_n\/'><img loading=\"lazy\" decoding=\"async\" width=\"150\" height=\"150\" src=\"https:\/\/www.radiopiu.net\/wordpress\/wp-content\/uploads\/2021\/07\/223808938_1167146307101286_1626233436205087992_n-150x150.jpg\" class=\"attachment-thumbnail size-thumbnail\" alt=\"\" \/><\/a>\n\t\t\t\t<\/dt><\/dl><dl class='gallery-item'>\n\t\t\t\t<dt class='gallery-icon landscape'>\n\t\t\t\t\t<a class=\"rollover\" href='https:\/\/www.radiopiu.net\/wordpress\/sulle-due-sponde-del-piave-di-renato-bona\/220201840_295351435717683_7539097375006579369_n\/'><img loading=\"lazy\" decoding=\"async\" width=\"150\" height=\"150\" src=\"https:\/\/www.radiopiu.net\/wordpress\/wp-content\/uploads\/2021\/07\/220201840_295351435717683_7539097375006579369_n-150x150.jpg\" class=\"attachment-thumbnail size-thumbnail\" alt=\"\" \/><\/a>\n\t\t\t\t<\/dt><\/dl><dl class='gallery-item'>\n\t\t\t\t<dt class='gallery-icon landscape'>\n\t\t\t\t\t<a class=\"rollover\" href='https:\/\/www.radiopiu.net\/wordpress\/sulle-due-sponde-del-piave-di-renato-bona\/223487359_911039032808398_8241660149051880592_n\/'><img loading=\"lazy\" decoding=\"async\" width=\"150\" height=\"150\" src=\"https:\/\/www.radiopiu.net\/wordpress\/wp-content\/uploads\/2021\/07\/223487359_911039032808398_8241660149051880592_n-150x150.jpg\" class=\"attachment-thumbnail size-thumbnail\" alt=\"\" \/><\/a>\n\t\t\t\t<\/dt><\/dl><br style=\"clear: both\" \/>\n\t\t\t<\/div>\n\n<p>NELLE FOTO (riproduzioni dal libro \u201cLe ville nel paesaggio prealpino della Provincia di Belluno\u201d): facciata nord di Villa Piloni; Villa Sacello: veduta del complesso dalla strada del Cent\u00f2re; un particolare della facciata sud della Villa Sacello; facciata sud della Villa Tasso; veduta del complesso di Villa Sacello dal lato del giardino; Villa Alpago Novello; scorcio dell\u2019imponente facciata settecentesca di Villa Piloni; ecco come appare oggi la facciata di Villa Montalban; veduta della facciata principale, dal giardino interno di Villa Zuppani; il complesso visto dal lungo e maestoso viale d\u2019accesso della Villa Gaggia; l\u2019ala di servizio dal giardino della \u201cGaggia\u201d; particolare di una zona del giardino novecentesco.<\/p>\n","protected":false},"excerpt":{"rendered":"<p>Sono nove quelle illustrate da Simonetta Chiovaro (introduzione di Adriano Alpago Novello e fotografie di Mauro De Santi) * Introdotto da Adriano Alpago Novello con i capitoletti dedicati a \u201cLa vita in villa\u201d, \u201cIl fenomeno della villa veneta\u201d, \u201cI tipi della villa veneta\u201d, \u201cLa villa nel Bellunese\u201d, il libro-guida edito nel 1977 dalla milanese Charta&hellip;<\/p>\n","protected":false},"author":4,"featured_media":224216,"comment_status":"closed","ping_status":"open","sticky":false,"template":"","format":"standard","meta":{"_monsterinsights_skip_tracking":false,"_monsterinsights_sitenote_active":false,"_monsterinsights_sitenote_note":"","_monsterinsights_sitenote_category":0,"footnotes":""},"categories":[104,49],"tags":[],"class_list":["post-224209","post","type-post","status-publish","format-standard","has-post-thumbnail","hentry","category-evidenza_3","category-news-18","category-104","category-49","description-off"],"img_url":"https:\/\/www.radiopiu.net\/wordpress\/wp-content\/uploads\/2021\/07\/224810864_1713435962188123_2705900659142496824_n.jpg","_links":{"self":[{"href":"https:\/\/www.radiopiu.net\/wordpress\/wp-json\/wp\/v2\/posts\/224209","targetHints":{"allow":["GET"]}}],"collection":[{"href":"https:\/\/www.radiopiu.net\/wordpress\/wp-json\/wp\/v2\/posts"}],"about":[{"href":"https:\/\/www.radiopiu.net\/wordpress\/wp-json\/wp\/v2\/types\/post"}],"author":[{"embeddable":true,"href":"https:\/\/www.radiopiu.net\/wordpress\/wp-json\/wp\/v2\/users\/4"}],"replies":[{"embeddable":true,"href":"https:\/\/www.radiopiu.net\/wordpress\/wp-json\/wp\/v2\/comments?post=224209"}],"version-history":[{"count":0,"href":"https:\/\/www.radiopiu.net\/wordpress\/wp-json\/wp\/v2\/posts\/224209\/revisions"}],"wp:featuredmedia":[{"embeddable":true,"href":"https:\/\/www.radiopiu.net\/wordpress\/wp-json\/wp\/v2\/media\/224216"}],"wp:attachment":[{"href":"https:\/\/www.radiopiu.net\/wordpress\/wp-json\/wp\/v2\/media?parent=224209"}],"wp:term":[{"taxonomy":"category","embeddable":true,"href":"https:\/\/www.radiopiu.net\/wordpress\/wp-json\/wp\/v2\/categories?post=224209"},{"taxonomy":"post_tag","embeddable":true,"href":"https:\/\/www.radiopiu.net\/wordpress\/wp-json\/wp\/v2\/tags?post=224209"}],"curies":[{"name":"wp","href":"https:\/\/api.w.org\/{rel}","templated":true}]}}