{"id":224260,"date":"2021-07-27T05:26:32","date_gmt":"2021-07-27T03:26:32","guid":{"rendered":"https:\/\/www.radiopiu.net\/wordpress\/?p=224260"},"modified":"2021-07-27T06:03:11","modified_gmt":"2021-07-27T04:03:11","slug":"nellultima-settimana-67-nuove-positivita-in-provincia-di-belluno-lulss-1-raccomanda-prudenza-nei-contatti","status":"publish","type":"post","link":"https:\/\/www.radiopiu.net\/wordpress\/nellultima-settimana-67-nuove-positivita-in-provincia-di-belluno-lulss-1-raccomanda-prudenza-nei-contatti\/","title":{"rendered":"NELL&#8217;ULTIMA SETTIMANA 67 NUOVE POSITIVITA&#8217; IN PROVINCIA DI BELLUNO. L&#8217;ULSS 1 RACCOMANDA PRUDENZA NEI CONTATTI"},"content":{"rendered":"<p><strong>BELLUNO<\/strong> Aggiornamento settimanale della ULSS 1 Dolomiti sull&#8217;andamento dell&#8217;epidemia Covid-19 in provincia di Belluno<\/p>\n<p><a href=\"https:\/\/www.radiopiu.net\/wordpress\/nellultima-settimana-67-nuove-positivita-in-provincia-di-belluno-lulss-1-raccomanda-prudenza-nei-contatti\/1-85\/\" rel=\"attachment wp-att-224262\"><img loading=\"lazy\" decoding=\"async\" class=\"alignnone wp-image-224262 size-full\" src=\"https:\/\/www.radiopiu.net\/wordpress\/wp-content\/uploads\/2021\/07\/1-2.jpg\" alt=\"\" width=\"964\" height=\"422\" srcset=\"https:\/\/www.radiopiu.net\/wordpress\/wp-content\/uploads\/2021\/07\/1-2.jpg 964w, https:\/\/www.radiopiu.net\/wordpress\/wp-content\/uploads\/2021\/07\/1-2-300x131.jpg 300w, https:\/\/www.radiopiu.net\/wordpress\/wp-content\/uploads\/2021\/07\/1-2-768x336.jpg 768w\" sizes=\"auto, (max-width: 964px) 100vw, 964px\" \/><\/a><\/p>\n<p>&nbsp;<\/p>\n<p>Il grafico sopra riportato rappresenta la curva epidemica relativa alla seconda e terza fase dello sviluppo pandemico nel nostro territorio. Nell\u2019ultima settimana \u00e8 stata rilevata una ripresa di casistica seppur inferiore al trend nazionale e regionale. La maggior parte dei casi \u00e8 collegata a rientri da localit\u00e0 turistiche prevalentemente balneari oltre ad alcuni focolai che si sviluppano all\u2019interno di gruppi familiari \u2013 amicali. I casi rilevati nella settimana sono 67. Per effetto della nuova casistica sopra segnalata, l&#8217;incidenza settimanale registrata in provincia \u00e8 pari a 34 \u00a0per 100 mila abitanti,<strong> inferiore\u00a0 all&#8217;incidenza nazionale <\/strong>(51 su 100 mila abitanti). Nei piccoli comuni, anche una piccola casistica determina un\u2019incidenza (casi\/abitanti) significativa, alla luce del piccolo denominatore di popolazione. Per quanto riguarda il Comune di Cortina, i nuovi casi sono 13. Pi\u00f9 della met\u00e0 dei casi sono di \u201cimportazione\u201d, originati al di fuori dai confini regionali.<\/p>\n<p><a href=\"https:\/\/www.radiopiu.net\/wordpress\/nellultima-settimana-67-nuove-positivita-in-provincia-di-belluno-lulss-1-raccomanda-prudenza-nei-contatti\/2-90\/\" rel=\"attachment wp-att-224264\"><img loading=\"lazy\" decoding=\"async\" class=\"alignnone wp-image-224264 size-full\" src=\"https:\/\/www.radiopiu.net\/wordpress\/wp-content\/uploads\/2021\/07\/2-1.jpg\" alt=\"\" width=\"966\" height=\"998\" srcset=\"https:\/\/www.radiopiu.net\/wordpress\/wp-content\/uploads\/2021\/07\/2-1.jpg 966w, https:\/\/www.radiopiu.net\/wordpress\/wp-content\/uploads\/2021\/07\/2-1-290x300.jpg 290w, https:\/\/www.radiopiu.net\/wordpress\/wp-content\/uploads\/2021\/07\/2-1-768x793.jpg 768w\" sizes=\"auto, (max-width: 966px) 100vw, 966px\" \/><\/a><\/p>\n<p>&nbsp;<\/p>\n<p><strong>Focolaio Giovanile del feltrino: <\/strong>Ad oggi rimane un unico positivo riferito al focolaio giovanile del feltrino di fine giugno. <strong>Focolaio corso aspiranti maestri di sci e snowboard: <\/strong>Non sono incrementate le 13 positivit\u00e0 individuate al rientro dalle selezioni in Francia di aspiranti maestri di sci o snowboard. La gestione prudente e responsabile del rientro ha determinato il contenimento del contagio. <strong>Focolaio movida Belluno: <\/strong>Ad oggi i positivi collegabili al focolaio \u201cmovida\u201d di Belluno del 17 luglio sono 5. Ieri sono stati eseguiti numerosi tamponi, in fase di refertazione<\/p>\n<p>A questa mattina alle ore 8.00, dall\u2019inizio dell\u2019epidemia, sono stati effettuati: 296 mila tamponi molecolari, 214 mila tamponi antigenici. Si registra un incremento della richiesta di tamponi. Gli accessi ai covid point tamponi aziendali continuano ad essere gratuiti ad accesso libero (senza impegnativa e senza prenotazione). Si ricorda l\u2019importanza di sottoporsi al tampone al rientro da localit\u00e0 a rischio (vedi ordinanza regionale), in presenza di sintomi anche blandi riconducibili a covid o in dubbio per contatti. <strong>Questi gli orari: <\/strong>Covid Point <strong>Belluno-Ospedale<\/strong> (drive-in San Gervasio) tutti i giorni, festivi inclusi, dalle 8.30 alle 12.30; Covid Point <strong>Feltre-Anz\u00f9 <\/strong>dal luned\u00ec al sabato (festivi esclusi), dalle 8.30 alle 12.30; Covid Point <strong>Agordo-Tamonich <\/strong>marted\u00ec, gioved\u00ec e sabato (festivi esclusi), dalle 9.00 alle 10.00; Covid Point <strong>Tai di Cadore <\/strong>marted\u00ec, gioved\u00ec e sabato (festivi esclusi), dalle 13.00 alle 15.00. Rimangono 4 persone ricoverate in Malattie Infettive all\u2019ospedale di Belluno con un quadro clinico non critico. Si raccomanda prudenza nei contatti, l\u2019uso della mascherina e un\u2019accurata igiene delle mani, tenendo alta l\u2019attenzione per contenere la ripresa dei contagi.<\/p>\n<p>&nbsp;<\/p>\n<p>&nbsp;<\/p>\n<p>&nbsp;<\/p>\n<p>*****<\/p>\n","protected":false},"excerpt":{"rendered":"<p>BELLUNO Aggiornamento settimanale della ULSS 1 Dolomiti sull&#8217;andamento dell&#8217;epidemia Covid-19 in provincia di Belluno &nbsp; Il grafico sopra riportato rappresenta la curva epidemica relativa alla seconda e terza fase dello sviluppo pandemico nel nostro territorio. Nell\u2019ultima settimana \u00e8 stata rilevata una ripresa di casistica seppur inferiore al trend nazionale e regionale. La maggior parte dei&hellip;<\/p>\n","protected":false},"author":4,"featured_media":224264,"comment_status":"closed","ping_status":"open","sticky":false,"template":"","format":"standard","meta":{"_monsterinsights_skip_tracking":false,"_monsterinsights_sitenote_active":false,"_monsterinsights_sitenote_note":"","_monsterinsights_sitenote_category":0,"footnotes":""},"categories":[51,49],"tags":[],"class_list":["post-224260","post","type-post","status-publish","format-standard","has-post-thumbnail","hentry","category-evidenza-top","category-news-18","category-51","category-49","description-off"],"img_url":"https:\/\/www.radiopiu.net\/wordpress\/wp-content\/uploads\/2021\/07\/2-1.jpg","_links":{"self":[{"href":"https:\/\/www.radiopiu.net\/wordpress\/wp-json\/wp\/v2\/posts\/224260","targetHints":{"allow":["GET"]}}],"collection":[{"href":"https:\/\/www.radiopiu.net\/wordpress\/wp-json\/wp\/v2\/posts"}],"about":[{"href":"https:\/\/www.radiopiu.net\/wordpress\/wp-json\/wp\/v2\/types\/post"}],"author":[{"embeddable":true,"href":"https:\/\/www.radiopiu.net\/wordpress\/wp-json\/wp\/v2\/users\/4"}],"replies":[{"embeddable":true,"href":"https:\/\/www.radiopiu.net\/wordpress\/wp-json\/wp\/v2\/comments?post=224260"}],"version-history":[{"count":0,"href":"https:\/\/www.radiopiu.net\/wordpress\/wp-json\/wp\/v2\/posts\/224260\/revisions"}],"wp:featuredmedia":[{"embeddable":true,"href":"https:\/\/www.radiopiu.net\/wordpress\/wp-json\/wp\/v2\/media\/224264"}],"wp:attachment":[{"href":"https:\/\/www.radiopiu.net\/wordpress\/wp-json\/wp\/v2\/media?parent=224260"}],"wp:term":[{"taxonomy":"category","embeddable":true,"href":"https:\/\/www.radiopiu.net\/wordpress\/wp-json\/wp\/v2\/categories?post=224260"},{"taxonomy":"post_tag","embeddable":true,"href":"https:\/\/www.radiopiu.net\/wordpress\/wp-json\/wp\/v2\/tags?post=224260"}],"curies":[{"name":"wp","href":"https:\/\/api.w.org\/{rel}","templated":true}]}}