{"id":224285,"date":"2021-07-27T05:14:02","date_gmt":"2021-07-27T03:14:02","guid":{"rendered":"https:\/\/www.radiopiu.net\/wordpress\/?p=224285"},"modified":"2021-07-27T05:14:03","modified_gmt":"2021-07-27T03:14:03","slug":"il-giuramento-di-luca-e-la-rimpatriata-mondiale","status":"publish","type":"post","link":"https:\/\/www.radiopiu.net\/wordpress\/il-giuramento-di-luca-e-la-rimpatriata-mondiale\/","title":{"rendered":"IL GIURAMENTO DI LUCA E LA RIMPATRIATA MONDIALE"},"content":{"rendered":"<blockquote>\n<h2><a href=\"https:\/\/www.radiopiu.net\/wordpress\/?attachment_id=224284\" rel=\"attachment wp-att-224284\"><img loading=\"lazy\" decoding=\"async\" class=\"wp-image-224284 alignleft\" src=\"https:\/\/www.radiopiu.net\/wordpress\/wp-content\/uploads\/2021\/07\/212e8591-8014-481a-beee-193c917d1a02-300x300.jpg\" alt=\"\" width=\"226\" height=\"226\" srcset=\"https:\/\/www.radiopiu.net\/wordpress\/wp-content\/uploads\/2021\/07\/212e8591-8014-481a-beee-193c917d1a02-300x300.jpg 300w, https:\/\/www.radiopiu.net\/wordpress\/wp-content\/uploads\/2021\/07\/212e8591-8014-481a-beee-193c917d1a02-1024x1024.jpg 1024w, https:\/\/www.radiopiu.net\/wordpress\/wp-content\/uploads\/2021\/07\/212e8591-8014-481a-beee-193c917d1a02-150x150.jpg 150w, https:\/\/www.radiopiu.net\/wordpress\/wp-content\/uploads\/2021\/07\/212e8591-8014-481a-beee-193c917d1a02-768x768.jpg 768w, https:\/\/www.radiopiu.net\/wordpress\/wp-content\/uploads\/2021\/07\/212e8591-8014-481a-beee-193c917d1a02.jpg 1080w\" sizes=\"auto, (max-width: 226px) 100vw, 226px\" \/><\/a><\/h2>\n<h2><strong style=\"font-size: 14px;\">CANALE D&#8217;AGORDO<\/strong><span style=\"font-size: 14px; font-weight: normal;\"> Alla scuola\u00a0 Agenti di Polizia di Peschiera del Garda Luca Cagnati, l&#8217;atleta di Canale d&#8217;Agordo ha urlato il suo &#8220;lo giuro&#8221;. Un altro traguardo, di quelli importanti per il ragazzo che abbiamo visto crescere tra successi e lezioni di sport.<\/span><span style=\"font-size: 14px; font-weight: normal;\">\u00a0 Xavier Chevrier atleta della Nazionale di corsa in montagna ha scritto la dedica che riportiamo con piacere &#8220;Ti \u00e8 bastato &#8220;poco&#8221; per radunarci tutti quanti di Luned\u00ec mattina non troppo vicino a casa. Nella felicit\u00e0 di questo scatto \u00e8 racchiuso tutto lo stare bene assieme che sei riuscito a regalarci in questi anni di fatiche e gioie condivise a rappresentare il nostro Paese nel Mondo. <\/span><span style=\"font-size: 14px; font-weight: normal;\">Siamo fieri di te e di questo tuo nuovo percorso che oggi comincia e che tanto ti dar\u00e0 <\/span><span style=\"font-size: 14px; font-weight: normal;\">e ricordati degli amici se mai ti dovesse capitare di alzare la paletta al cielo al nostro passaggio&#8230; <\/span><span style=\"font-size: 14px; font-weight: normal;\">Dacci dentro Lack.\u00a0<\/span><\/h2>\n<\/blockquote>\n<p>&nbsp;<\/p>\n","protected":false},"excerpt":{"rendered":"<p>CANALE D&#8217;AGORDO Alla scuola\u00a0 Agenti di Polizia di Peschiera del Garda Luca Cagnati, l&#8217;atleta di Canale d&#8217;Agordo ha urlato il suo &#8220;lo giuro&#8221;. Un altro traguardo, di quelli importanti per il ragazzo che abbiamo visto crescere tra successi e lezioni di sport.\u00a0 Xavier Chevrier atleta della Nazionale di corsa in montagna ha scritto la dedica&hellip;<\/p>\n","protected":false},"author":4,"featured_media":224284,"comment_status":"closed","ping_status":"open","sticky":false,"template":"","format":"standard","meta":{"_monsterinsights_skip_tracking":false,"_monsterinsights_sitenote_active":false,"_monsterinsights_sitenote_note":"","_monsterinsights_sitenote_category":0,"footnotes":""},"categories":[104,49],"tags":[],"class_list":["post-224285","post","type-post","status-publish","format-standard","has-post-thumbnail","hentry","category-evidenza_3","category-news-18","category-104","category-49","description-off"],"img_url":"https:\/\/www.radiopiu.net\/wordpress\/wp-content\/uploads\/2021\/07\/212e8591-8014-481a-beee-193c917d1a02.jpg","_links":{"self":[{"href":"https:\/\/www.radiopiu.net\/wordpress\/wp-json\/wp\/v2\/posts\/224285","targetHints":{"allow":["GET"]}}],"collection":[{"href":"https:\/\/www.radiopiu.net\/wordpress\/wp-json\/wp\/v2\/posts"}],"about":[{"href":"https:\/\/www.radiopiu.net\/wordpress\/wp-json\/wp\/v2\/types\/post"}],"author":[{"embeddable":true,"href":"https:\/\/www.radiopiu.net\/wordpress\/wp-json\/wp\/v2\/users\/4"}],"replies":[{"embeddable":true,"href":"https:\/\/www.radiopiu.net\/wordpress\/wp-json\/wp\/v2\/comments?post=224285"}],"version-history":[{"count":0,"href":"https:\/\/www.radiopiu.net\/wordpress\/wp-json\/wp\/v2\/posts\/224285\/revisions"}],"wp:featuredmedia":[{"embeddable":true,"href":"https:\/\/www.radiopiu.net\/wordpress\/wp-json\/wp\/v2\/media\/224284"}],"wp:attachment":[{"href":"https:\/\/www.radiopiu.net\/wordpress\/wp-json\/wp\/v2\/media?parent=224285"}],"wp:term":[{"taxonomy":"category","embeddable":true,"href":"https:\/\/www.radiopiu.net\/wordpress\/wp-json\/wp\/v2\/categories?post=224285"},{"taxonomy":"post_tag","embeddable":true,"href":"https:\/\/www.radiopiu.net\/wordpress\/wp-json\/wp\/v2\/tags?post=224285"}],"curies":[{"name":"wp","href":"https:\/\/api.w.org\/{rel}","templated":true}]}}