{"id":224353,"date":"2021-07-28T05:56:59","date_gmt":"2021-07-28T03:56:59","guid":{"rendered":"https:\/\/www.radiopiu.net\/wordpress\/?p=224353"},"modified":"2021-07-28T05:56:45","modified_gmt":"2021-07-28T03:56:45","slug":"carcere-di-baldenich-al-via-lo-stato-di-agitazione-del-personale-di-polizia-penitenziaria","status":"publish","type":"post","link":"https:\/\/www.radiopiu.net\/wordpress\/carcere-di-baldenich-al-via-lo-stato-di-agitazione-del-personale-di-polizia-penitenziaria\/","title":{"rendered":"CARCERE DI BALDENICH, AL VIA LO STATO DI AGITAZIONE DEL PERSONALE DI POLIZIA PENITENZIARIA"},"content":{"rendered":"<p><strong><img loading=\"lazy\" decoding=\"async\" class=\"alignleft\" src=\"https:\/\/www.radiopiu.net\/wordpress\/wp-content\/uploads\/2021\/07\/image-2.jpg\" width=\"271\" height=\"153\" \/>BELLUNO<\/strong> I sindacati hanno \u00a0proclamano lo stato di agitazione del personale di Polizia Penitenziaria in servizio presso\u00a0 il carcere di Baldenich riservandosi in un prossimo futuro di intraprendere azioni di protesta onde rivendicare i propri diritti. Queste le motivazioni:\u00a0 mancata chiusura della sezione Articolazione per la Tutela della Salute Mentale,\u00a0 prevedeva lo spostamento della sezione psichiatrica in altra sede del Veneto, sia per una forte carenza strutturale, sia per una grave mancanza di risorse da parte della USLL1 Dolomiti.\u00a0 Nel territorio bellunese vi \u00e8 un&#8217;importante carenza di medici psichiatri e che alla Casa Circondariale di Belluno presta servizio uno psichiatra in libera professione.\u00a0 I sindacati denunciano l&#8217;incapacit\u00e0 gestionale di questi pazienti che comporta\u00a0 numerosi eventi critici i quali mettono a repentagli lincolumit\u00e0 psicofisica del personale. L&#8217;ultimo spiacevole episodio, capitato qualche settimana fa \u00e8 sfociato nell&#8217;aggressione ai danni di un medico di continuit\u00e0 assistenziale, il quale ha dovuto ricorrere alle cure del Pronto Soccorso. C&#8217;\u00e8 poi la carenza di personale cronica, la quale poteva essere mitigata con le nuove assunzioni a livello nazionale, le quali per\u00f2 sono state assegnate ad altre sedi. I sindacati denunciano una forte sollecitazione psicofisica ai danni dei poliziotti penitenziari in servizio presso la Casa Circondariale di Belluno, i quali si sobbarcano quotidianamente turni massacranti ricoprendo<br \/>\npi\u00f9 posti di servizio ed una quantit\u00e0 di ore di straordinario assolutamente anormale. <em>&#8220;ll rammarico pi\u00f9 grande della Cisl, Cgil, Sappe, Uspp e Osapp\u00a0 \u00e8 la sottovalutazione del problema da parte del nuovo Provveditore del Triveneto, insediatosi a Padova nel mese di marzo, il quale ha potuto tastare con mano la situazione bellunese, nell&#8217;occasione delle due visite effettuate, dove per\u00f2 non ha avuto la delicatezza di incontrare il personale e tantomeno le sigle sindacali&#8221;.<\/em><\/p>\n<p>&nbsp;<\/p>\n<blockquote>\n<h3><b> De Carlo: \u201cChiesto un incontro al nuovo Provveditore. Protesta fondata, servono <a href=\"https:\/\/www.radiopiu.net\/wordpress\/giornale-radiopiu-11-maggio-2019-direttore-mirko-mezzacasa\/de-carlo-visita-carcere-baldenich\/\" rel=\"attachment wp-att-85082\"><img loading=\"lazy\" decoding=\"async\" class=\" wp-image-85082 alignleft\" src=\"https:\/\/www.radiopiu.net\/wordpress\/wp-content\/uploads\/2019\/05\/De-Carlo-Visita-carcere-Baldenich-300x225.jpg\" alt=\"\" width=\"235\" height=\"176\" srcset=\"https:\/\/www.radiopiu.net\/wordpress\/wp-content\/uploads\/2019\/05\/De-Carlo-Visita-carcere-Baldenich-300x225.jpg 300w, https:\/\/www.radiopiu.net\/wordpress\/wp-content\/uploads\/2019\/05\/De-Carlo-Visita-carcere-Baldenich-768x576.jpg 768w, https:\/\/www.radiopiu.net\/wordpress\/wp-content\/uploads\/2019\/05\/De-Carlo-Visita-carcere-Baldenich-1024x768.jpg 1024w\" sizes=\"auto, (max-width: 235px) 100vw, 235px\" \/><\/a>risposte\u201d<\/b><\/h3>\n<\/blockquote>\n<div><em>\u201cHo gi\u00e0 chiesto un incontro al nuovo Provveditore delle carceri del Triveneto, dopo che il suo predecessore \u00a0Enrico Sbriglia mi aveva rassicurato sulla risoluzione in tempi brevi dell&#8217;articolazione per la tutela della salute mentale: quella di Baldenich \u00e8 una situazione pericolosa che si trascina da troppi anni e che ha bisogno ora di giungere a conclusione\u201d<\/em>: il senatore di Fratelli d&#8217;Italia Luca De Carlo commenta cos\u00ec lo stato di agitazione proclamato dagli agenti della Polizia Penitenziaria del carcere di Belluno. <em>\u201cDa anni denunciamo una situazione insostenibile sia dal punto di vista dell&#8217;organico che della sicurezza del carcere bellunese\u201d, ricorda De Carlo \u201cma ad oggi non si \u00e8 ancora visto niente, mentre sono frequenti le notizie di aggressioni ai danni degli agenti e del personale che a vario titolo operano nel carcere<\/em><\/div>\n<p>&nbsp;<\/p>\n<p>&nbsp;<\/p>\n","protected":false},"excerpt":{"rendered":"<p>BELLUNO I sindacati hanno \u00a0proclamano lo stato di agitazione del personale di Polizia Penitenziaria in servizio presso\u00a0 il carcere di Baldenich riservandosi in un prossimo futuro di intraprendere azioni di protesta onde rivendicare i propri diritti. Queste le motivazioni:\u00a0 mancata chiusura della sezione Articolazione per la Tutela della Salute Mentale,\u00a0 prevedeva lo spostamento della sezione&hellip;<\/p>\n","protected":false},"author":4,"featured_media":224354,"comment_status":"closed","ping_status":"open","sticky":false,"template":"","format":"standard","meta":{"_monsterinsights_skip_tracking":false,"_monsterinsights_sitenote_active":false,"_monsterinsights_sitenote_note":"","_monsterinsights_sitenote_category":0,"footnotes":""},"categories":[49],"tags":[],"class_list":["post-224353","post","type-post","status-publish","format-standard","has-post-thumbnail","hentry","category-news-18","category-49","description-off"],"img_url":"https:\/\/www.radiopiu.net\/wordpress\/wp-content\/uploads\/2021\/07\/image-2.jpg","_links":{"self":[{"href":"https:\/\/www.radiopiu.net\/wordpress\/wp-json\/wp\/v2\/posts\/224353","targetHints":{"allow":["GET"]}}],"collection":[{"href":"https:\/\/www.radiopiu.net\/wordpress\/wp-json\/wp\/v2\/posts"}],"about":[{"href":"https:\/\/www.radiopiu.net\/wordpress\/wp-json\/wp\/v2\/types\/post"}],"author":[{"embeddable":true,"href":"https:\/\/www.radiopiu.net\/wordpress\/wp-json\/wp\/v2\/users\/4"}],"replies":[{"embeddable":true,"href":"https:\/\/www.radiopiu.net\/wordpress\/wp-json\/wp\/v2\/comments?post=224353"}],"version-history":[{"count":0,"href":"https:\/\/www.radiopiu.net\/wordpress\/wp-json\/wp\/v2\/posts\/224353\/revisions"}],"wp:featuredmedia":[{"embeddable":true,"href":"https:\/\/www.radiopiu.net\/wordpress\/wp-json\/wp\/v2\/media\/224354"}],"wp:attachment":[{"href":"https:\/\/www.radiopiu.net\/wordpress\/wp-json\/wp\/v2\/media?parent=224353"}],"wp:term":[{"taxonomy":"category","embeddable":true,"href":"https:\/\/www.radiopiu.net\/wordpress\/wp-json\/wp\/v2\/categories?post=224353"},{"taxonomy":"post_tag","embeddable":true,"href":"https:\/\/www.radiopiu.net\/wordpress\/wp-json\/wp\/v2\/tags?post=224353"}],"curies":[{"name":"wp","href":"https:\/\/api.w.org\/{rel}","templated":true}]}}