{"id":224362,"date":"2021-07-27T13:21:03","date_gmt":"2021-07-27T11:21:03","guid":{"rendered":"https:\/\/www.radiopiu.net\/wordpress\/?p=224362"},"modified":"2021-07-27T13:22:20","modified_gmt":"2021-07-27T11:22:20","slug":"224362-2w","status":"publish","type":"post","link":"https:\/\/www.radiopiu.net\/wordpress\/224362-2w\/","title":{"rendered":"GAL E ISTITUZIONI INAUGURANO IL NOVO CENTRO &#8220;MONTAGNA VENETA&#8221;"},"content":{"rendered":"<blockquote>\n<h3>Tutti i servizi offerti dal Centro Europe Direct \u201cMontagna Veneta\u201d sono gratuiti per i cittadini.<\/h3>\n<\/blockquote>\n<p><strong> <img loading=\"lazy\" decoding=\"async\" class=\"alignleft\" src=\"https:\/\/www.radiopiu.net\/wordpress\/wp-content\/uploads\/2021\/07\/378020c5-85e5-454e-976c-01510497992b.jpg\" width=\"334\" height=\"212\" \/>BORGO VALBELLUNA<\/strong> E&#8217; operativo il nuovo Centro Europe Direct\u00a0 \u201cMontagna Veneta\u201d presso la sede del Gal Prealpi e Dolomiti a Trichiana. Si \u00e8 svolto l\u2019incontro di presentazione ufficiale del nuovo servizio, a cui sono intervenuti numerosi rappresentanti istituzionali e delle categorie economiche e sociali, tutti hanno sottolineato l\u2019importanza del nuovo Centro, quale autentico punto d\u2019incontro e di snodo tra le politiche comunitarie e le aspettative delle realt\u00e0 territoriali bellunesi. Il centro \u201cMontagna Veneta\u201d \u00e8 uno dei 44 punti informativi, dislocati su tutto il territorio nazionale, che fa parte della nuova generazione di Centri Europe Direct:\u00a0 rete di \u201csportelli scambiatori\u201d aperti al territorio, che affiancheranno la Commissione Europea e il Parlamento Europeo nel diffondere notizie e informazioni sulle opportunit\u00e0 offerte dall\u2019Unione, in modo da facilitare, in particolare, l\u2019accesso di cittadini e imprese alle iniziative e progetti europei. I Centri Europe Direct avranno anche il compito di essere una sorta di \u201csentinella\u201d dei territori, attenti ad ascoltare richieste ed esigenze che arrivano dagli stessi, oltre ad avere un ruolo attivo, in collaborazione con le scuole e gli insegnanti, nel promuovere iniziative culturali e di sensibilizzazione per favorire la cittadinanza europea attiva. Il centro \u00a0ha la propria sede in Piazza Toni Merlin, 1, presso l\u2019ex municipio di Trichiana, \u00e8 aperto tutti i giorni dal luned\u00ec al venerd\u00ec dalle 8.30 alle\u00a0 13. Il responsabile del centro \u00e8 il dottor Matteo Aguanno e la referente \u00e8 la dottoressa Monica De Cet, che pu\u00f2 essere contattata via mail a europemontagna@galprealpidolomiti.it o su WhatsApp al numero 04371831976<\/p>\n<p>&nbsp;<\/p>\n<p><strong>IL PRESIDENTE DEL GAL PREALPI E DOLOMITI ALBERTO PETERLE<\/strong><\/p>\n<audio class=\"wp-audio-shortcode\" id=\"audio-224362-1\" preload=\"none\" style=\"width: 100%;\" controls=\"controls\"><source type=\"audio\/mpeg\" src=\"https:\/\/www.radiopiu.net\/wordpress\/wp-content\/uploads\/2021\/07\/peterle.mp3?_=1\" \/><a href=\"https:\/\/www.radiopiu.net\/wordpress\/wp-content\/uploads\/2021\/07\/peterle.mp3\">https:\/\/www.radiopiu.net\/wordpress\/wp-content\/uploads\/2021\/07\/peterle.mp3<\/a><\/audio>\n<p>&nbsp;<\/p>\n<p>&nbsp;<\/p>\n<p>&nbsp;<\/p>\n","protected":false},"excerpt":{"rendered":"<p>Tutti i servizi offerti dal Centro Europe Direct \u201cMontagna Veneta\u201d sono gratuiti per i cittadini. BORGO VALBELLUNA E&#8217; operativo il nuovo Centro Europe Direct\u00a0 \u201cMontagna Veneta\u201d presso la sede del Gal Prealpi e Dolomiti a Trichiana. Si \u00e8 svolto l\u2019incontro di presentazione ufficiale del nuovo servizio, a cui sono intervenuti numerosi rappresentanti istituzionali e delle&hellip;<\/p>\n","protected":false},"author":4,"featured_media":224365,"comment_status":"closed","ping_status":"open","sticky":false,"template":"","format":"standard","meta":{"_monsterinsights_skip_tracking":false,"_monsterinsights_sitenote_active":false,"_monsterinsights_sitenote_note":"","_monsterinsights_sitenote_category":0,"footnotes":""},"categories":[49],"tags":[],"class_list":["post-224362","post","type-post","status-publish","format-standard","has-post-thumbnail","hentry","category-news-18","category-49","description-off"],"img_url":"https:\/\/www.radiopiu.net\/wordpress\/wp-content\/uploads\/2021\/07\/378020c5-85e5-454e-976c-01510497992b.jpg","_links":{"self":[{"href":"https:\/\/www.radiopiu.net\/wordpress\/wp-json\/wp\/v2\/posts\/224362","targetHints":{"allow":["GET"]}}],"collection":[{"href":"https:\/\/www.radiopiu.net\/wordpress\/wp-json\/wp\/v2\/posts"}],"about":[{"href":"https:\/\/www.radiopiu.net\/wordpress\/wp-json\/wp\/v2\/types\/post"}],"author":[{"embeddable":true,"href":"https:\/\/www.radiopiu.net\/wordpress\/wp-json\/wp\/v2\/users\/4"}],"replies":[{"embeddable":true,"href":"https:\/\/www.radiopiu.net\/wordpress\/wp-json\/wp\/v2\/comments?post=224362"}],"version-history":[{"count":0,"href":"https:\/\/www.radiopiu.net\/wordpress\/wp-json\/wp\/v2\/posts\/224362\/revisions"}],"wp:featuredmedia":[{"embeddable":true,"href":"https:\/\/www.radiopiu.net\/wordpress\/wp-json\/wp\/v2\/media\/224365"}],"wp:attachment":[{"href":"https:\/\/www.radiopiu.net\/wordpress\/wp-json\/wp\/v2\/media?parent=224362"}],"wp:term":[{"taxonomy":"category","embeddable":true,"href":"https:\/\/www.radiopiu.net\/wordpress\/wp-json\/wp\/v2\/categories?post=224362"},{"taxonomy":"post_tag","embeddable":true,"href":"https:\/\/www.radiopiu.net\/wordpress\/wp-json\/wp\/v2\/tags?post=224362"}],"curies":[{"name":"wp","href":"https:\/\/api.w.org\/{rel}","templated":true}]}}