{"id":224368,"date":"2021-08-05T08:38:19","date_gmt":"2021-08-05T06:38:19","guid":{"rendered":"https:\/\/www.radiopiu.net\/wordpress\/?p=224368"},"modified":"2021-08-05T08:38:29","modified_gmt":"2021-08-05T06:38:29","slug":"macchric","status":"publish","type":"post","link":"https:\/\/www.radiopiu.net\/wordpress\/macchric\/","title":{"rendered":"COMPRIAMO UNA MACCHINA ATTREZZATA PER RICCARDO"},"content":{"rendered":"<p>&nbsp;<\/p>\n<blockquote>\n<h3>COMPRIAMO UNA MACCHINA ATTREZZATA PER RICCARDO<\/h3>\n<\/blockquote>\n<p><strong><a href=\"https:\/\/www.radiopiu.net\/wordpress\/compriamo-una-macchina-attrezzata-per-riccardo\/1626340291137881-img-20210714-wa0025\/\" rel=\"attachment wp-att-224370\"><img loading=\"lazy\" decoding=\"async\" class=\"size-medium wp-image-224370 alignleft\" src=\"https:\/\/www.radiopiu.net\/wordpress\/wp-content\/uploads\/2021\/07\/1626340291137881-IMG-20210714-WA0025-169x300.jpg\" alt=\"\" width=\"169\" height=\"300\" srcset=\"https:\/\/www.radiopiu.net\/wordpress\/wp-content\/uploads\/2021\/07\/1626340291137881-IMG-20210714-WA0025-169x300.jpg 169w, https:\/\/www.radiopiu.net\/wordpress\/wp-content\/uploads\/2021\/07\/1626340291137881-IMG-20210714-WA0025-576x1024.jpg 576w, https:\/\/www.radiopiu.net\/wordpress\/wp-content\/uploads\/2021\/07\/1626340291137881-IMG-20210714-WA0025-768x1365.jpg 768w, https:\/\/www.radiopiu.net\/wordpress\/wp-content\/uploads\/2021\/07\/1626340291137881-IMG-20210714-WA0025.jpg 800w\" sizes=\"auto, (max-width: 169px) 100vw, 169px\" \/><\/a>SOSPIROLO<\/strong> Radio Pi\u00f9 appoggia l&#8217;iniziativa di\u00a0 Agostino Tegner il pap\u00e0 di Riccardo, poche parole le sue ma piene di significato<em> &#8220;Io e mia moglie stiamo invecchiando e non riusciamo pi\u00f9 <img loading=\"lazy\" decoding=\"async\" class=\"alignright\" src=\"https:\/\/www.radiopiu.net\/wordpress\/wp-content\/uploads\/2021\/07\/1626451699105964-locandina-riccardo.jpg\" width=\"297\" height=\"167\" \/>a trasportare come si deve il nostro ragazzo, che necessita di una macchina attrezzata con un piano ribassato con pedana&#8221;.<\/em><\/p>\n<p>Per questo ha avuto inizio la raccolta fondi che si prefigge lo scopo di raccogliere 35.000 euro entro fine agosto. Ad oggi sono stati versati i primi <strong>6095<\/strong> euro, per farlo \u00e8 semplice<span style=\"color: #0000ff;\"> <strong><a style=\"color: #0000ff;\" href=\"https:\/\/www.eppela.com\/it\/projects\/31001-compriamo-una-macchina-attrezzata-per-riccardo\">clicca qui\u00a0<\/a><\/strong><\/span><\/p>\n<blockquote><p><em>Riccardo \u00e8 un simpatico ragazzino di 15 anni che vive sulle montagne di Sospirolo. Sempre sorridente e circondato dall&#8217;affetto dei suoi cari, Riccardo \u00e8 per\u00f2 costretto a stare sulla sedia a rotelle a causa della distrofia muscolare di Duchenne, di cui \u00e8 affetto dalla nascita.\u00a0 I genitori, dopo anni di sacrifici, hanno deciso di acquistare un&#8217;auto munita di pedana per poter trasportare il figlio in modo pi\u00f9 comodo, pratico e sicuro, soprattutto adesso che sta crescendo e il peso &#8211; per i due genitori che stanno diventando anziani &#8211; si fa sempre pi\u00f9 sentire.\u00a0<\/em><\/p><\/blockquote>\n<p>&nbsp;<\/p>\n<p><a class=\"dt-pswp-item\" href=\"https:\/\/www.radiopiu.net\/wordpress\/wp-content\/uploads\/2021\/05\/MuseDolomiti_ConsDir2021-scaled.jpg\" data-dt-img-description=\"\" data-large_image_width=\"2560\" data-large_image_height=\"1484\"><img loading=\"lazy\" decoding=\"async\" class=\"size-thumbnail wp-image-211621 alignleft\" src=\"https:\/\/www.radiopiu.net\/wordpress\/wp-content\/uploads\/2021\/05\/MuseDolomiti_ConsDir2021-150x150.jpg\" alt=\"\" width=\"150\" height=\"150\" \/><\/a><\/p>\n<p>&nbsp;<\/p>\n<p>&nbsp;<\/p>\n<p><strong>L&#8217;IDEA DI ODA&#8230;. DA LE MUSE E LE DOLOMITI UN ALTRO SLANCIO SOLIDALE domenica il concerto a San Simon di Vallada, parte dell&#8217;incasso a offerta libera per Riccardo.\u00a0<\/strong><\/p>\n<audio class=\"wp-audio-shortcode\" id=\"audio-224368-1\" preload=\"none\" style=\"width: 100%;\" controls=\"controls\"><source type=\"audio\/mpeg\" src=\"https:\/\/www.radiopiu.net\/wordpress\/wp-content\/uploads\/2021\/08\/oda-1.mp3?_=1\" \/><a href=\"https:\/\/www.radiopiu.net\/wordpress\/wp-content\/uploads\/2021\/08\/oda-1.mp3\">https:\/\/www.radiopiu.net\/wordpress\/wp-content\/uploads\/2021\/08\/oda-1.mp3<\/a><\/audio>\n<p>&nbsp;<\/p>\n<p><strong>OGGI SUL CORRIERE DELLE ALPI di Nicola Pasuch:<\/strong> Tremila euro in una sola notte. La raccolta di fondi solidale ha fatto un bel balzo ma il traguardo non \u00e8 ancora raggiunto. <em>\u00abLa raccolta sta andando abbastanza bene\u00bb, spiega Agostino Tegner, \u00ababbiamo ancora ventiquattro giorni per cercare di raggiungere il nostro obiettivo. Fino all&#8217;altra mattina erano stati versati circa tremila euro, oggi ce n&#8217;erano circa seimila. Di conseguenza dev&#8217;esserci stata una donazione unica di tremila euro, nelle ultime ore. Tutto ci\u00f2 che raccoglieremo nei prossimi giorni sar\u00e0 ben accetto. L&#8217;obiettivo che abbiamo fissato \u00e8 di 35 mila euro: tanti sono quelli necessari per acquistare una macchina attrezzata con un piano ribassato dotato di pedana per ospitare la carrozzina di Riccardo, e da soli non ce la potremo fare\u00bb<\/em>. In queste ore l&#8217;iniziativa ha dato origine ad una massiccia mobilitazione (tra coloro che per primi hanno sostenuto la campagna vi \u00e8 anche l&#8217;emittente agordina Radio pi\u00f9).<em> \u00abSe non avessimo davvero questa necessit\u00e0\u00bb, aggiungono i genitori di Riccardo, &#8220;mai avremmo pensato di lanciare una raccolta fondi simile. Ma purtroppo comincia ad essere davvero faticoso per noi spostare Riccardo senza un&#8217;auto adatta. Facciamo tutto questo per la sua indipendenza e per la sua libert\u00e0. Se tutti ci metteremo del nostro, sar\u00e0 per noi possibile riuscire a raggiungere questo obiettivo. Facciamo appello alla generosit\u00e0 di ciascuno e siamo grati nei confronti di quanti hanno donato o doneranno\u00bb.\u00a0<\/em><\/p>\n<p>&nbsp;<\/p>\n","protected":false},"excerpt":{"rendered":"<p>&nbsp; COMPRIAMO UNA MACCHINA ATTREZZATA PER RICCARDO SOSPIROLO Radio Pi\u00f9 appoggia l&#8217;iniziativa di\u00a0 Agostino Tegner il pap\u00e0 di Riccardo, poche parole le sue ma piene di significato &#8220;Io e mia moglie stiamo invecchiando e non riusciamo pi\u00f9 a trasportare come si deve il nostro ragazzo, che necessita di una macchina attrezzata con un piano ribassato&hellip;<\/p>\n","protected":false},"author":4,"featured_media":224369,"comment_status":"closed","ping_status":"open","sticky":false,"template":"","format":"standard","meta":{"_monsterinsights_skip_tracking":false,"_monsterinsights_sitenote_active":false,"_monsterinsights_sitenote_note":"","_monsterinsights_sitenote_category":0,"footnotes":""},"categories":[104,49],"tags":[],"class_list":["post-224368","post","type-post","status-publish","format-standard","has-post-thumbnail","hentry","category-evidenza_3","category-news-18","category-104","category-49","description-off"],"img_url":"https:\/\/www.radiopiu.net\/wordpress\/wp-content\/uploads\/2021\/07\/1626451699105964-locandina-riccardo.jpg","_links":{"self":[{"href":"https:\/\/www.radiopiu.net\/wordpress\/wp-json\/wp\/v2\/posts\/224368","targetHints":{"allow":["GET"]}}],"collection":[{"href":"https:\/\/www.radiopiu.net\/wordpress\/wp-json\/wp\/v2\/posts"}],"about":[{"href":"https:\/\/www.radiopiu.net\/wordpress\/wp-json\/wp\/v2\/types\/post"}],"author":[{"embeddable":true,"href":"https:\/\/www.radiopiu.net\/wordpress\/wp-json\/wp\/v2\/users\/4"}],"replies":[{"embeddable":true,"href":"https:\/\/www.radiopiu.net\/wordpress\/wp-json\/wp\/v2\/comments?post=224368"}],"version-history":[{"count":0,"href":"https:\/\/www.radiopiu.net\/wordpress\/wp-json\/wp\/v2\/posts\/224368\/revisions"}],"wp:featuredmedia":[{"embeddable":true,"href":"https:\/\/www.radiopiu.net\/wordpress\/wp-json\/wp\/v2\/media\/224369"}],"wp:attachment":[{"href":"https:\/\/www.radiopiu.net\/wordpress\/wp-json\/wp\/v2\/media?parent=224368"}],"wp:term":[{"taxonomy":"category","embeddable":true,"href":"https:\/\/www.radiopiu.net\/wordpress\/wp-json\/wp\/v2\/categories?post=224368"},{"taxonomy":"post_tag","embeddable":true,"href":"https:\/\/www.radiopiu.net\/wordpress\/wp-json\/wp\/v2\/tags?post=224368"}],"curies":[{"name":"wp","href":"https:\/\/api.w.org\/{rel}","templated":true}]}}