{"id":224394,"date":"2021-07-29T05:27:29","date_gmt":"2021-07-29T03:27:29","guid":{"rendered":"https:\/\/www.radiopiu.net\/wordpress\/?p=224394"},"modified":"2021-07-29T06:12:32","modified_gmt":"2021-07-29T04:12:32","slug":"ilsettimogiorno","status":"publish","type":"post","link":"https:\/\/www.radiopiu.net\/wordpress\/ilsettimogiorno\/","title":{"rendered":"E AL SETTIMO GIORNO&#8230; FORSE I TECNICI PRENDERANO LA VIA PER ARABBA"},"content":{"rendered":"<p><strong><a href=\"https:\/\/www.radiopiu.net\/wordpress\/continuano-i-disservizi-di-tim-ad-arabba\/4g-cellulare-rete\/\" rel=\"attachment wp-att-224396\"><img loading=\"lazy\" decoding=\"async\" class=\" wp-image-224396 alignleft\" src=\"https:\/\/www.radiopiu.net\/wordpress\/wp-content\/uploads\/2021\/07\/4g-cellulare-rete-300x200.jpg\" alt=\"\" width=\"156\" height=\"104\" srcset=\"https:\/\/www.radiopiu.net\/wordpress\/wp-content\/uploads\/2021\/07\/4g-cellulare-rete-300x200.jpg 300w, https:\/\/www.radiopiu.net\/wordpress\/wp-content\/uploads\/2021\/07\/4g-cellulare-rete-1024x683.jpg 1024w, https:\/\/www.radiopiu.net\/wordpress\/wp-content\/uploads\/2021\/07\/4g-cellulare-rete-768x512.jpg 768w, https:\/\/www.radiopiu.net\/wordpress\/wp-content\/uploads\/2021\/07\/4g-cellulare-rete-1536x1024.jpg 1536w, https:\/\/www.radiopiu.net\/wordpress\/wp-content\/uploads\/2021\/07\/4g-cellulare-rete.jpg 1920w\" sizes=\"auto, (max-width: 156px) 100vw, 156px\" \/><\/a>LIVINALLONGO<\/strong> Continuano i problemi di copertura TIM ad Arabba. Sono ormai 6 giorni che la rete cellulare va a singhiozzo. Telefonate praticamente impossibili da effettuare e 4G inesistente. Un disservizio che arriva in un momento sbagliato, in piena stagione turistica, con i POS GPRS sotto copertura TIM che non danno segno di vita e i turisti costretti a fare bancomat per poter pagare acquisti e alloggi. Non sono mancate le segnalazioni ai call center della compagnia telefonica ma il problema non \u00e8 ancora stato risolto. <strong>Aggiornamento del 28 luglio ore 14.59<\/strong>: Sesto giorno di disservizi per gli abbandonati abbonati della compagnia telefonica, sei giorni\u00a0 senza telefono e senza connessione. Dal Call Center (Manuel Roncat arrabbiatissimo cliente albergatore,\u00a0 ci informa che la risposta \u00e8 arrivata dalla Romania&#8230;) hanno assicurato che entro domani il problema sar\u00e0 risolto, e sar\u00e0 il settimo giorno tanto per non perdere il conto.<em> &#8220;Sette giorni di abbonamento pagato senza servizio, l&#8217;utenza tutta ringrazia&#8221;.\u00a0<\/em>Se anche domani e magari dopodomani nessuno si far\u00e0 vedere per risolvere il guasto sar\u00e0 un altro fine settimana di passione. Strano che nessun Parlamentare questa volta sia intervenuto, a volte succede per molto meno, qui abbiamo un&#8217;intera categoria di imprenditori abbandonata al suo destino e come si dice alla vigilia delle elezioni (purtroppo ancora lontana) sono voti non noccioline&#8230;<\/p>\n<p>&nbsp;<\/p>\n<p>&nbsp;<\/p>\n<p>&nbsp;<\/p>\n<p>&nbsp;<\/p>\n<p>*****<\/p>\n","protected":false},"excerpt":{"rendered":"<p>LIVINALLONGO Continuano i problemi di copertura TIM ad Arabba. Sono ormai 6 giorni che la rete cellulare va a singhiozzo. Telefonate praticamente impossibili da effettuare e 4G inesistente. Un disservizio che arriva in un momento sbagliato, in piena stagione turistica, con i POS GPRS sotto copertura TIM che non danno segno di vita e i&hellip;<\/p>\n","protected":false},"author":4,"featured_media":224396,"comment_status":"closed","ping_status":"open","sticky":false,"template":"","format":"standard","meta":{"_monsterinsights_skip_tracking":false,"_monsterinsights_sitenote_active":false,"_monsterinsights_sitenote_note":"","_monsterinsights_sitenote_category":0,"footnotes":""},"categories":[51,49],"tags":[],"class_list":["post-224394","post","type-post","status-publish","format-standard","has-post-thumbnail","hentry","category-evidenza-top","category-news-18","category-51","category-49","description-off"],"img_url":"https:\/\/www.radiopiu.net\/wordpress\/wp-content\/uploads\/2021\/07\/4g-cellulare-rete.jpg","_links":{"self":[{"href":"https:\/\/www.radiopiu.net\/wordpress\/wp-json\/wp\/v2\/posts\/224394","targetHints":{"allow":["GET"]}}],"collection":[{"href":"https:\/\/www.radiopiu.net\/wordpress\/wp-json\/wp\/v2\/posts"}],"about":[{"href":"https:\/\/www.radiopiu.net\/wordpress\/wp-json\/wp\/v2\/types\/post"}],"author":[{"embeddable":true,"href":"https:\/\/www.radiopiu.net\/wordpress\/wp-json\/wp\/v2\/users\/4"}],"replies":[{"embeddable":true,"href":"https:\/\/www.radiopiu.net\/wordpress\/wp-json\/wp\/v2\/comments?post=224394"}],"version-history":[{"count":0,"href":"https:\/\/www.radiopiu.net\/wordpress\/wp-json\/wp\/v2\/posts\/224394\/revisions"}],"wp:featuredmedia":[{"embeddable":true,"href":"https:\/\/www.radiopiu.net\/wordpress\/wp-json\/wp\/v2\/media\/224396"}],"wp:attachment":[{"href":"https:\/\/www.radiopiu.net\/wordpress\/wp-json\/wp\/v2\/media?parent=224394"}],"wp:term":[{"taxonomy":"category","embeddable":true,"href":"https:\/\/www.radiopiu.net\/wordpress\/wp-json\/wp\/v2\/categories?post=224394"},{"taxonomy":"post_tag","embeddable":true,"href":"https:\/\/www.radiopiu.net\/wordpress\/wp-json\/wp\/v2\/tags?post=224394"}],"curies":[{"name":"wp","href":"https:\/\/api.w.org\/{rel}","templated":true}]}}