{"id":224472,"date":"2021-07-28T05:33:52","date_gmt":"2021-07-28T03:33:52","guid":{"rendered":"https:\/\/www.radiopiu.net\/wordpress\/?p=224472"},"modified":"2021-07-28T05:49:44","modified_gmt":"2021-07-28T03:49:44","slug":"in-ulss-1-dolomiti-vaccinato-il-693-della-popolazione","status":"publish","type":"post","link":"https:\/\/www.radiopiu.net\/wordpress\/in-ulss-1-dolomiti-vaccinato-il-693-della-popolazione\/","title":{"rendered":"IN ULSS 1 DOLOMITI VACCINATO IL 69,3 % DELLA POPOLAZIONE"},"content":{"rendered":"<p><strong>BELLUNO <\/strong>Ad oggi, le dosi somministrate in Ulss Dolomiti sono oltre 225 mila. Il 69,3% ( pari a 126.463 persone ) della popolazione vaccinabile in Ulss Dolomiti, ha eseguito almeno una dose di vaccino anti covid. Il 59,7% della popolazione ha ricevuto il ciclo completo di vaccinazione.<\/p>\n<table width=\"434\">\n<tbody>\n<tr>\n<td width=\"87\">et\u00e0<\/td>\n<td width=\"83\">popolazione ISTAT<\/td>\n<td width=\"110\">Almeno una dose<\/td>\n<td width=\"154\">% copertura almeno una dose<\/td>\n<\/tr>\n<tr>\n<td width=\"87\">12-19 anni<\/td>\n<td width=\"83\">14.207<\/td>\n<td width=\"110\">4.258<\/td>\n<td width=\"154\">30%<\/td>\n<\/tr>\n<tr>\n<td width=\"87\">20-29 anni<\/td>\n<td width=\"83\">18.949<\/td>\n<td width=\"110\">9.823<\/td>\n<td width=\"154\">51,8%<\/td>\n<\/tr>\n<tr>\n<td width=\"87\">30-39 anni<\/td>\n<td width=\"83\">19.848<\/td>\n<td width=\"110\">10.075<\/td>\n<td width=\"154\">50,8%<\/td>\n<\/tr>\n<tr>\n<td width=\"87\">40-49 anni<\/td>\n<td width=\"83\">27.492<\/td>\n<td width=\"110\">17.309<\/td>\n<td width=\"154\">63%<\/td>\n<\/tr>\n<tr>\n<td width=\"87\">50-59 anni<\/td>\n<td width=\"83\">33.218<\/td>\n<td width=\"110\">24.165<\/td>\n<td width=\"154\">72,7%<\/td>\n<\/tr>\n<tr>\n<td width=\"87\">over 60<\/td>\n<td width=\"83\">68.678<\/td>\n<td width=\"110\">60.833<\/td>\n<td width=\"154\">88,6%<\/td>\n<\/tr>\n<tr>\n<td width=\"87\">TOTALE<\/td>\n<td width=\"83\">182.392<\/td>\n<td width=\"110\">126.463<\/td>\n<td width=\"154\"><strong>69,3%<\/strong><\/td>\n<\/tr>\n<\/tbody>\n<\/table>\n<p>&nbsp;<\/p>\n<table width=\"655\">\n<tbody>\n<tr>\n<td width=\"83\">et\u00e0<\/td>\n<td width=\"69\">popolazione ISTAT<\/td>\n<td width=\"85\">\u00a01 dose<\/td>\n<td width=\"80\">% copertura 1 dose<\/td>\n<td width=\"88\">cicli completi<\/td>\n<td width=\"85\">%copertura cicli completi<\/td>\n<td width=\"77\">ancora da vaccinare<\/td>\n<td width=\"86\">% ancora da vaccinare<\/td>\n<\/tr>\n<tr>\n<td width=\"83\">12-19 anni<\/td>\n<td width=\"69\">14.207<\/td>\n<td width=\"85\">2739<\/td>\n<td width=\"80\">19,3%<\/td>\n<td width=\"88\">1519<\/td>\n<td width=\"85\">10,7%<\/td>\n<td width=\"77\">9949<\/td>\n<td width=\"86\">70%<\/td>\n<\/tr>\n<tr>\n<td width=\"83\">20-29 anni<\/td>\n<td width=\"69\">18.949<\/td>\n<td width=\"85\">4873<\/td>\n<td width=\"80\">25,7%<\/td>\n<td width=\"88\">4950<\/td>\n<td width=\"85\">26,1%<\/td>\n<td width=\"77\">9126<\/td>\n<td width=\"86\">48,2%<\/td>\n<\/tr>\n<tr>\n<td width=\"83\">30-39 anni<\/td>\n<td width=\"69\">19.848<\/td>\n<td width=\"85\">4341<\/td>\n<td width=\"80\">21,9%<\/td>\n<td width=\"88\">5734<\/td>\n<td width=\"85\">28,9%<\/td>\n<td width=\"77\">9773<\/td>\n<td width=\"86\">49,2%<\/td>\n<\/tr>\n<tr>\n<td width=\"83\">40-49 anni<\/td>\n<td width=\"69\">27.492<\/td>\n<td width=\"85\">1805<\/td>\n<td width=\"80\">6,6%<\/td>\n<td width=\"88\">15504<\/td>\n<td width=\"85\">56,4%<\/td>\n<td width=\"77\">10183<\/td>\n<td width=\"86\">37,0%<\/td>\n<\/tr>\n<tr>\n<td width=\"83\">50-59 anni<\/td>\n<td width=\"69\">33.218<\/td>\n<td width=\"85\">1647<\/td>\n<td width=\"80\">5,0%<\/td>\n<td width=\"88\">22518<\/td>\n<td width=\"85\">67,8%<\/td>\n<td width=\"77\">9053<\/td>\n<td width=\"86\">27,3%<\/td>\n<\/tr>\n<tr>\n<td width=\"83\">over 60<\/td>\n<td width=\"69\">68.678<\/td>\n<td width=\"85\">2170<\/td>\n<td width=\"80\">3,2%<\/td>\n<td width=\"88\">58663<\/td>\n<td width=\"85\">85,4%<\/td>\n<td width=\"77\">7845<\/td>\n<td width=\"86\">11,42%<\/td>\n<\/tr>\n<tr>\n<td width=\"83\">TOTALE<\/td>\n<td width=\"69\">182.392<\/td>\n<td width=\"85\">17575<\/td>\n<td width=\"80\">9,6%<\/td>\n<td width=\"88\">108888<\/td>\n<td width=\"85\"><strong>59,7%<\/strong><\/td>\n<td width=\"77\">55929<\/td>\n<td width=\"86\">30,7%<\/td>\n<\/tr>\n<\/tbody>\n<\/table>\n<p>&nbsp;<\/p>\n<p>In questa settimana \u00e8 stata registrata un\u2019ottima risposta alla vaccinazione da parte delle fasce pi\u00f9 giovani che hanno colto l\u2019opportunit\u00e0 di vaccinarsi o di prenotare il vaccino in maniera molto rapida, anche in risposta alle sollecitazioni delle societ\u00e0 sportive e alla campagna comunicativa. In una settimana sono stati vaccinati oltre 4 mila under 40. In questi giorni si sta registrando un significativo incremento delle prenotazioni dal portale <a href=\"http:\/\/www.aulss1.veneto.it\/\">www.aulss1.veneto.it<\/a> e dell\u2019adesione agli inviti inviati via SMS, anche in relazione alla possibilit\u00e0 di ottenere, tramite la vaccinazione, il Green Pass. Ad oggi, le persone gi\u00e0 prenotate per la vaccianzione sono oltre 8.000. I posti disponibili fino all\u20198 settembre sono oltre 17 mila. Dal 24 luglio a questa mattina si sono prenotate per la vaccinazione anti covid circa 800 persone per la vaccinazione anti covid nei covid point aziendali, attraverso il sito www.aulss1.veneto.it Si ricorda che \u00e8 stata organizzata una seduta aggiuntiva a Cortina il 2 agosto per persone dai 12 anni in su (per tutte le fasce d\u2019et\u00e0) allo Stadio del Ghiaccio. Le prenotazioni si raccolgono dal sito <a href=\"http:\/\/www.aulss1.veneto.it\/\">www.aulss1.veneto.it <\/a><strong>VACCINAZIONI NON RESIDENTI<\/strong> (lavoratori stagionali o turisti) L&#8217;ULSS Dolomiti offre anche ai lavoratori e turisti non residenti in provincia di Belluno, con &#8220;lunga permanenza&#8221; nel nostro territorio, la vaccinazione anti-Covid. Per richiedere la vaccinazione basta inviare una mail a:\u00a0<a href=\"mailto:vaccinazioni.covid@aulss1.veneto.it\">vaccinazioni.covid@aulss1.veneto.it <\/a>con oggetto: richiesta vaccino anti-Covid NON RESIDENTI. La richiesta dovr\u00e0 riportare i seguenti dati: cognome, nome, data di nascita, codice fiscale, comune di residenza, numero cellulare. Per le richieste di seconde dosi, dovr\u00e0 essere allegato il certificato vaccinale relativo alla prima dose. E\u2019 attivo anche un call center regionale per la prenotazione della vaccinazione ai non residenti: 800462340 <strong>SEDUTE VACCINALI TERRITORIALI <\/strong>Oltre alla seduta ad accesso libero organizzata oggi ad Arabba, nei prossimi giorni sono in programma sedute vaccinali organizzate con il supporto della Medicina di Famiglia e delle amministrazioni comunali a: mercoled\u00ec 28 luglio: Rasai di Seren Del Grappa (inviti con SMS), venerd\u00ec 30 luglio: Arsi\u00e8 e Fonzaso (inviti con SMS), mercoled\u00ec 4 agosto: S.Stefano di Cadore (PalaSport) 10:00-12:30: Accesso libero.<\/p>\n<p>&nbsp;<\/p>\n<p>&nbsp;<\/p>\n<p>****<\/p>\n","protected":false},"excerpt":{"rendered":"<p>BELLUNO Ad oggi, le dosi somministrate in Ulss Dolomiti sono oltre 225 mila. Il 69,3% ( pari a 126.463 persone ) della popolazione vaccinabile in Ulss Dolomiti, ha eseguito almeno una dose di vaccino anti covid. Il 59,7% della popolazione ha ricevuto il ciclo completo di vaccinazione. et\u00e0 popolazione ISTAT Almeno una dose % copertura&hellip;<\/p>\n","protected":false},"author":4,"featured_media":200891,"comment_status":"closed","ping_status":"open","sticky":false,"template":"","format":"standard","meta":{"_monsterinsights_skip_tracking":false,"_monsterinsights_sitenote_active":false,"_monsterinsights_sitenote_note":"","_monsterinsights_sitenote_category":0,"footnotes":""},"categories":[51,49],"tags":[],"class_list":["post-224472","post","type-post","status-publish","format-standard","has-post-thumbnail","hentry","category-evidenza-top","category-news-18","category-51","category-49","description-off"],"img_url":"https:\/\/www.radiopiu.net\/wordpress\/wp-content\/uploads\/2021\/04\/Vaccino_anti_Covid.jpg","_links":{"self":[{"href":"https:\/\/www.radiopiu.net\/wordpress\/wp-json\/wp\/v2\/posts\/224472","targetHints":{"allow":["GET"]}}],"collection":[{"href":"https:\/\/www.radiopiu.net\/wordpress\/wp-json\/wp\/v2\/posts"}],"about":[{"href":"https:\/\/www.radiopiu.net\/wordpress\/wp-json\/wp\/v2\/types\/post"}],"author":[{"embeddable":true,"href":"https:\/\/www.radiopiu.net\/wordpress\/wp-json\/wp\/v2\/users\/4"}],"replies":[{"embeddable":true,"href":"https:\/\/www.radiopiu.net\/wordpress\/wp-json\/wp\/v2\/comments?post=224472"}],"version-history":[{"count":0,"href":"https:\/\/www.radiopiu.net\/wordpress\/wp-json\/wp\/v2\/posts\/224472\/revisions"}],"wp:featuredmedia":[{"embeddable":true,"href":"https:\/\/www.radiopiu.net\/wordpress\/wp-json\/wp\/v2\/media\/200891"}],"wp:attachment":[{"href":"https:\/\/www.radiopiu.net\/wordpress\/wp-json\/wp\/v2\/media?parent=224472"}],"wp:term":[{"taxonomy":"category","embeddable":true,"href":"https:\/\/www.radiopiu.net\/wordpress\/wp-json\/wp\/v2\/categories?post=224472"},{"taxonomy":"post_tag","embeddable":true,"href":"https:\/\/www.radiopiu.net\/wordpress\/wp-json\/wp\/v2\/tags?post=224472"}],"curies":[{"name":"wp","href":"https:\/\/api.w.org\/{rel}","templated":true}]}}